{"id":118641,"date":"2025-06-17T14:44:26","date_gmt":"2025-06-17T11:44:26","guid":{"rendered":"https:\/\/denizcankizil.tr\/uncategorized-tr\/asattan-gelecek-nesillere-su-bilinci-asilayan-proje-su-hayattir\/"},"modified":"2025-06-17T14:44:26","modified_gmt":"2025-06-17T11:44:26","slug":"asattan-gelecek-nesillere-su-bilinci-asilayan-proje-su-hayattir","status":"publish","type":"post","link":"https:\/\/denizcankizil.tr\/ru\/haberler\/gundem\/asattan-gelecek-nesillere-su-bilinci-asilayan-proje-su-hayattir\/","title":{"rendered":"ASAT\u2019tan gelecek nesillere su bilinci a\u015f\u0131layan proje: \u201cSu Hayatt\u0131r\u201d"},"content":{"rendered":"<p>Antalya B\u00fcy\u00fck\u015fehir Belediyesi ASAT Genel M\u00fcd\u00fcrl\u00fc\u011f\u00fc, su kaynaklar\u0131n\u0131n korunmas\u0131 ve \u00e7evre bilincinin art\u0131r\u0131lmas\u0131 amac\u0131yla \u00f6nemli bir e\u011fitim projesi ba\u015flatt\u0131. \u0130klim krizinin etkileri artarken su tasarrufunun \u00f6nemine dikkat \u00e7eken proje kapsam\u0131nda, \u00fc\u00e7 ayda yakla\u015f\u0131k 1200 ilkokul \u00f6\u011frencisine ula\u015f\u0131ld\u0131.<\/p>\n<p>\u200bAntalya B\u00fcy\u00fck\u015fehir Belediyesi ASAT Genel M\u00fcd\u00fcrl\u00fc\u011f\u00fc, su kaynaklar\u0131n\u0131n korunmas\u0131 ve \u00e7evre bilincinin art\u0131r\u0131lmas\u0131 amac\u0131yla \u00f6nemli bir e\u011fitim projesi ba\u015flatt\u0131. \u0130klim krizinin etkileri artarken su tasarrufunun \u00f6nemine dikkat \u00e7eken proje kapsam\u0131nda, \u00fc\u00e7 ayda yakla\u015f\u0131k 1200 ilkokul \u00f6\u011frencisine ula\u015f\u0131ld\u0131.\u00a0<\/p>\n<p>\u200bHaberin Al\u0131nt\u0131land\u0131\u011f\u0131 Kaynak: www.iskenderun.org<\/p>","protected":false},"excerpt":{"rendered":"<p>Antalya B\u00fcy\u00fck\u015fehir Belediyesi ASAT Genel M\u00fcd\u00fcrl\u00fc\u011f\u00fc, su kaynaklar\u0131n\u0131n korunmas\u0131 ve \u00e7evre bilincinin art\u0131r\u0131lmas\u0131 amac\u0131yla \u00f6nemli bir e\u011fitim projesi ba\u015flatt\u0131. \u0130klim krizinin etkileri artarken su tasarrufunun \u00f6nemine dikkat \u00e7eken proje kapsam\u0131nda, \u00fc\u00e7 ayda yakla\u015f\u0131k 1200 ilkokul \u00f6\u011frencisine ula\u015f\u0131ld\u0131. \u200bAntalya B\u00fcy\u00fck\u015fehir Belediyesi ASAT Genel M\u00fcd\u00fcrl\u00fc\u011f\u00fc, su kaynaklar\u0131n\u0131n korunmas\u0131 ve \u00e7evre bilincinin art\u0131r\u0131lmas\u0131 amac\u0131yla \u00f6nemli bir e\u011fitim projesi ba\u015flatt\u0131. \u0130klim krizinin etkileri artarken su tasarrufunun \u00f6nemine dikkat \u00e7eken proje kapsam\u0131nda, \u00fc\u00e7 ayda yakla\u015f\u0131k 1200 ilkokul \u00f6\u011frencisine ula\u015f\u0131ld\u0131.\u00a0 \u200bHaberin Al\u0131nt\u0131land\u0131\u011f\u0131 Kaynak: www.iskenderun.org<\/p>","protected":false},"author":1,"featured_media":0,"comment_status":"","ping_status":"open","sticky":false,"template":"","format":"standard","meta":{"_acf_changed":false,"footnotes":""},"categories":[24],"tags":[],"class_list":["post-118641","post","type-post","status-publish","format-standard","has-post-thumbnail","hentry","category-gundem"],"acf":[],"yoast_head":"<!-- This site is optimized with the Yoast SEO Premium plugin v26.6 (Yoast SEO v27.1.1) - https:\/\/yoast.com\/product\/yoast-seo-premium-wordpress\/ -->\n<title>ASAT\u2019tan gelecek nesillere su bilinci a\u015f\u0131layan proje: \u201cSu Hayatt\u0131r\u201d - Av. Deniz Can K\u0131z\u0131l<\/title>\n<meta name=\"robots\" content=\"index, follow, max-snippet:-1, max-image-preview:large, max-video-preview:-1\" \/>\n<link rel=\"canonical\" href=\"https:\/\/denizcankizil.tr\/ru\/haberler\/gundem\/asattan-gelecek-nesillere-su-bilinci-asilayan-proje-su-hayattir\/\" \/>\n<meta property=\"og:locale\" content=\"ru_RU\" \/>\n<meta property=\"og:type\" content=\"article\" \/>\n<meta property=\"og:title\" content=\"ASAT\u2019tan gelecek nesillere su bilinci a\u015f\u0131layan proje: \u201cSu Hayatt\u0131r\u201d\" \/>\n<meta property=\"og:description\" content=\"Antalya B\u00fcy\u00fck\u015fehir Belediyesi ASAT Genel M\u00fcd\u00fcrl\u00fc\u011f\u00fc, su kaynaklar\u0131n\u0131n korunmas\u0131 ve \u00e7evre bilincinin art\u0131r\u0131lmas\u0131 amac\u0131yla \u00f6nemli bir e\u011fitim projesi ba\u015flatt\u0131. \u0130klim krizinin etkileri artarken su tasarrufunun \u00f6nemine dikkat \u00e7eken proje kapsam\u0131nda, \u00fc\u00e7 ayda yakla\u015f\u0131k 1200 ilkokul \u00f6\u011frencisine ula\u015f\u0131ld\u0131. \u200bAntalya B\u00fcy\u00fck\u015fehir Belediyesi ASAT Genel M\u00fcd\u00fcrl\u00fc\u011f\u00fc, su kaynaklar\u0131n\u0131n korunmas\u0131 ve \u00e7evre bilincinin art\u0131r\u0131lmas\u0131 amac\u0131yla \u00f6nemli bir e\u011fitim projesi ba\u015flatt\u0131. \u0130klim krizinin etkileri artarken su tasarrufunun \u00f6nemine dikkat \u00e7eken proje kapsam\u0131nda, \u00fc\u00e7 ayda yakla\u015f\u0131k 1200 ilkokul \u00f6\u011frencisine ula\u015f\u0131ld\u0131.\u00a0 \u200bHaberin Al\u0131nt\u0131land\u0131\u011f\u0131 Kaynak: www.iskenderun.org\" \/>\n<meta property=\"og:url\" content=\"https:\/\/denizcankizil.tr\/ru\/haberler\/gundem\/asattan-gelecek-nesillere-su-bilinci-asilayan-proje-su-hayattir\/\" \/>\n<meta property=\"og:site_name\" content=\"Av. Deniz Can K\u0131z\u0131l\" \/>\n<meta property=\"article:published_time\" content=\"2025-06-17T11:44:26+00:00\" \/>\n<meta name=\"author\" content=\"admin\" \/>\n<meta name=\"twitter:card\" content=\"summary_large_image\" \/>\n<meta name=\"twitter:label1\" content=\"\u041d\u0430\u043f\u0438\u0441\u0430\u043d\u043e \u0430\u0432\u0442\u043e\u0440\u043e\u043c\" \/>\n\t<meta name=\"twitter:data1\" content=\"admin\" \/>\n\t<meta name=\"twitter:label2\" content=\"\u041f\u0440\u0438\u043c\u0435\u0440\u043d\u043e\u0435 \u0432\u0440\u0435\u043c\u044f \u0434\u043b\u044f \u0447\u0442\u0435\u043d\u0438\u044f\" \/>\n\t<meta name=\"twitter:data2\" content=\"1 \u043c\u0438\u043d\u0443\u0442\u0430\" \/>\n<script type=\"application\/ld+json\" class=\"yoast-schema-graph\">{\"@context\":\"https:\/\/schema.org\",\"@graph\":[{\"@type\":\"Article\",\"@id\":\"https:\/\/denizcankizil.tr\/ru\/haberler\/gundem\/asattan-gelecek-nesillere-su-bilinci-asilayan-proje-su-hayattir\/#article\",\"isPartOf\":{\"@id\":\"https:\/\/denizcankizil.tr\/ru\/haberler\/gundem\/asattan-gelecek-nesillere-su-bilinci-asilayan-proje-su-hayattir\/\"},\"author\":{\"name\":\"admin\",\"@id\":\"https:\/\/denizcankizil.tr\/de\/#\/schema\/person\/be3c05fe6a12686905512445d8185489\"},\"headline\":\"ASAT\u2019tan gelecek nesillere su bilinci a\u015f\u0131layan proje: \u201cSu Hayatt\u0131r\u201d\",\"datePublished\":\"2025-06-17T11:44:26+00:00\",\"mainEntityOfPage\":{\"@id\":\"https:\/\/denizcankizil.tr\/ru\/haberler\/gundem\/asattan-gelecek-nesillere-su-bilinci-asilayan-proje-su-hayattir\/\"},\"wordCount\":120,\"publisher\":{\"@id\":\"https:\/\/denizcankizil.tr\/de\/#organization\"},\"articleSection\":[\"G\u00fcndem\"],\"inLanguage\":\"ru-RU\"},{\"@type\":\"WebPage\",\"@id\":\"https:\/\/denizcankizil.tr\/ru\/haberler\/gundem\/asattan-gelecek-nesillere-su-bilinci-asilayan-proje-su-hayattir\/\",\"url\":\"https:\/\/denizcankizil.tr\/ru\/haberler\/gundem\/asattan-gelecek-nesillere-su-bilinci-asilayan-proje-su-hayattir\/\",\"name\":\"ASAT\u2019tan gelecek nesillere su bilinci a\u015f\u0131layan proje: \u201cSu Hayatt\u0131r\u201d - Av. Deniz Can K\u0131z\u0131l\",\"isPartOf\":{\"@id\":\"https:\/\/denizcankizil.tr\/de\/#website\"},\"datePublished\":\"2025-06-17T11:44:26+00:00\",\"breadcrumb\":{\"@id\":\"https:\/\/denizcankizil.tr\/ru\/haberler\/gundem\/asattan-gelecek-nesillere-su-bilinci-asilayan-proje-su-hayattir\/#breadcrumb\"},\"inLanguage\":\"ru-RU\",\"potentialAction\":[{\"@type\":\"ReadAction\",\"target\":[\"https:\/\/denizcankizil.tr\/ru\/haberler\/gundem\/asattan-gelecek-nesillere-su-bilinci-asilayan-proje-su-hayattir\/\"]}]},{\"@type\":\"BreadcrumbList\",\"@id\":\"https:\/\/denizcankizil.tr\/ru\/haberler\/gundem\/asattan-gelecek-nesillere-su-bilinci-asilayan-proje-su-hayattir\/#breadcrumb\",\"itemListElement\":[{\"@type\":\"ListItem\",\"position\":1,\"name\":\"Home\",\"item\":\"https:\/\/denizcankizil.tr\/de\/\"},{\"@type\":\"ListItem\",\"position\":2,\"name\":\"ASAT\u2019tan gelecek nesillere su bilinci a\u015f\u0131layan proje: \u201cSu Hayatt\u0131r\u201d\"}]},{\"@type\":\"WebSite\",\"@id\":\"https:\/\/denizcankizil.tr\/de\/#website\",\"url\":\"https:\/\/denizcankizil.tr\/de\/\",\"name\":\"Av. Deniz Can K\u0131z\u0131l\",\"description\":\"Avukat Deniz Can K\u0131z\u0131l Antalya Barosu\",\"publisher\":{\"@id\":\"https:\/\/denizcankizil.tr\/de\/#organization\"},\"potentialAction\":[{\"@type\":\"SearchAction\",\"target\":{\"@type\":\"EntryPoint\",\"urlTemplate\":\"https:\/\/denizcankizil.tr\/de\/?s={search_term_string}\"},\"query-input\":{\"@type\":\"PropertyValueSpecification\",\"valueRequired\":true,\"valueName\":\"search_term_string\"}}],\"inLanguage\":\"ru-RU\"},{\"@type\":\"Organization\",\"@id\":\"https:\/\/denizcankizil.tr\/de\/#organization\",\"name\":\"Av. Deniz Can K\u0131z\u0131l\",\"url\":\"https:\/\/denizcankizil.tr\/de\/\",\"logo\":{\"@type\":\"ImageObject\",\"inLanguage\":\"ru-RU\",\"@id\":\"https:\/\/denizcankizil.tr\/de\/#\/schema\/logo\/image\/\",\"url\":\"https:\/\/denizcankizil.tr\/wp-content\/uploads\/2024\/10\/siyah-logo-svg.svg\",\"contentUrl\":\"https:\/\/denizcankizil.tr\/wp-content\/uploads\/2024\/10\/siyah-logo-svg.svg\",\"width\":1080,\"height\":1080,\"caption\":\"Av. Deniz Can K\u0131z\u0131l\"},\"image\":{\"@id\":\"https:\/\/denizcankizil.tr\/de\/#\/schema\/logo\/image\/\"}},{\"@type\":\"Person\",\"@id\":\"https:\/\/denizcankizil.tr\/de\/#\/schema\/person\/be3c05fe6a12686905512445d8185489\",\"name\":\"admin\",\"image\":{\"@type\":\"ImageObject\",\"inLanguage\":\"ru-RU\",\"@id\":\"https:\/\/denizcankizil.tr\/de\/#\/schema\/person\/image\/\",\"url\":\"https:\/\/secure.gravatar.com\/avatar\/c1fce94c830dc79107e174f890d7210541c4a63e8e5d816341794a2151c9d58c?s=96&d=mm&r=g\",\"contentUrl\":\"https:\/\/secure.gravatar.com\/avatar\/c1fce94c830dc79107e174f890d7210541c4a63e8e5d816341794a2151c9d58c?s=96&d=mm&r=g\",\"caption\":\"admin\"},\"sameAs\":[\"http:\/\/denizcankizil.tr\"],\"url\":\"https:\/\/www.iskenderun.org\/asattan-gelecek-nesillere-su-bilinci-asilayan-proje-su-hayattir\"}]}<\/script>\n<!-- \/ Yoast SEO Premium plugin. -->","yoast_head_json":{"title":"ASAT\u2019tan gelecek nesillere su bilinci a\u015f\u0131layan proje: \u201cSu Hayatt\u0131r\u201d - Av. Deniz Can K\u0131z\u0131l","robots":{"index":"index","follow":"follow","max-snippet":"max-snippet:-1","max-image-preview":"max-image-preview:large","max-video-preview":"max-video-preview:-1"},"canonical":"https:\/\/denizcankizil.tr\/ru\/haberler\/gundem\/asattan-gelecek-nesillere-su-bilinci-asilayan-proje-su-hayattir\/","og_locale":"ru_RU","og_type":"article","og_title":"ASAT\u2019tan gelecek nesillere su bilinci a\u015f\u0131layan proje: \u201cSu Hayatt\u0131r\u201d","og_description":"Antalya B\u00fcy\u00fck\u015fehir Belediyesi ASAT Genel M\u00fcd\u00fcrl\u00fc\u011f\u00fc, su kaynaklar\u0131n\u0131n korunmas\u0131 ve \u00e7evre bilincinin art\u0131r\u0131lmas\u0131 amac\u0131yla \u00f6nemli bir e\u011fitim projesi ba\u015flatt\u0131. \u0130klim krizinin etkileri artarken su tasarrufunun \u00f6nemine dikkat \u00e7eken proje kapsam\u0131nda, \u00fc\u00e7 ayda yakla\u015f\u0131k 1200 ilkokul \u00f6\u011frencisine ula\u015f\u0131ld\u0131. \u200bAntalya B\u00fcy\u00fck\u015fehir Belediyesi ASAT Genel M\u00fcd\u00fcrl\u00fc\u011f\u00fc, su kaynaklar\u0131n\u0131n korunmas\u0131 ve \u00e7evre bilincinin art\u0131r\u0131lmas\u0131 amac\u0131yla \u00f6nemli bir e\u011fitim projesi ba\u015flatt\u0131. \u0130klim krizinin etkileri artarken su tasarrufunun \u00f6nemine dikkat \u00e7eken proje kapsam\u0131nda, \u00fc\u00e7 ayda yakla\u015f\u0131k 1200 ilkokul \u00f6\u011frencisine ula\u015f\u0131ld\u0131.\u00a0 \u200bHaberin Al\u0131nt\u0131land\u0131\u011f\u0131 Kaynak: www.iskenderun.org","og_url":"https:\/\/denizcankizil.tr\/ru\/haberler\/gundem\/asattan-gelecek-nesillere-su-bilinci-asilayan-proje-su-hayattir\/","og_site_name":"Av. Deniz Can K\u0131z\u0131l","article_published_time":"2025-06-17T11:44:26+00:00","author":"admin","twitter_card":"summary_large_image","twitter_misc":{"\u041d\u0430\u043f\u0438\u0441\u0430\u043d\u043e \u0430\u0432\u0442\u043e\u0440\u043e\u043c":"admin","\u041f\u0440\u0438\u043c\u0435\u0440\u043d\u043e\u0435 \u0432\u0440\u0435\u043c\u044f \u0434\u043b\u044f \u0447\u0442\u0435\u043d\u0438\u044f":"1 \u043c\u0438\u043d\u0443\u0442\u0430"},"schema":{"@context":"https:\/\/schema.org","@graph":[{"@type":"Article","@id":"https:\/\/denizcankizil.tr\/ru\/haberler\/gundem\/asattan-gelecek-nesillere-su-bilinci-asilayan-proje-su-hayattir\/#article","isPartOf":{"@id":"https:\/\/denizcankizil.tr\/ru\/haberler\/gundem\/asattan-gelecek-nesillere-su-bilinci-asilayan-proje-su-hayattir\/"},"author":{"name":"admin","@id":"https:\/\/denizcankizil.tr\/de\/#\/schema\/person\/be3c05fe6a12686905512445d8185489"},"headline":"ASAT\u2019tan gelecek nesillere su bilinci a\u015f\u0131layan proje: \u201cSu Hayatt\u0131r\u201d","datePublished":"2025-06-17T11:44:26+00:00","mainEntityOfPage":{"@id":"https:\/\/denizcankizil.tr\/ru\/haberler\/gundem\/asattan-gelecek-nesillere-su-bilinci-asilayan-proje-su-hayattir\/"},"wordCount":120,"publisher":{"@id":"https:\/\/denizcankizil.tr\/de\/#organization"},"articleSection":["G\u00fcndem"],"inLanguage":"ru-RU"},{"@type":"WebPage","@id":"https:\/\/denizcankizil.tr\/ru\/haberler\/gundem\/asattan-gelecek-nesillere-su-bilinci-asilayan-proje-su-hayattir\/","url":"https:\/\/denizcankizil.tr\/ru\/haberler\/gundem\/asattan-gelecek-nesillere-su-bilinci-asilayan-proje-su-hayattir\/","name":"ASAT\u2019tan gelecek nesillere su bilinci a\u015f\u0131layan proje: \u201cSu Hayatt\u0131r\u201d - Av. Deniz Can K\u0131z\u0131l","isPartOf":{"@id":"https:\/\/denizcankizil.tr\/de\/#website"},"datePublished":"2025-06-17T11:44:26+00:00","breadcrumb":{"@id":"https:\/\/denizcankizil.tr\/ru\/haberler\/gundem\/asattan-gelecek-nesillere-su-bilinci-asilayan-proje-su-hayattir\/#breadcrumb"},"inLanguage":"ru-RU","potentialAction":[{"@type":"ReadAction","target":["https:\/\/denizcankizil.tr\/ru\/haberler\/gundem\/asattan-gelecek-nesillere-su-bilinci-asilayan-proje-su-hayattir\/"]}]},{"@type":"BreadcrumbList","@id":"https:\/\/denizcankizil.tr\/ru\/haberler\/gundem\/asattan-gelecek-nesillere-su-bilinci-asilayan-proje-su-hayattir\/#breadcrumb","itemListElement":[{"@type":"ListItem","position":1,"name":"Home","item":"https:\/\/denizcankizil.tr\/de\/"},{"@type":"ListItem","position":2,"name":"ASAT\u2019tan gelecek nesillere su bilinci a\u015f\u0131layan proje: \u201cSu Hayatt\u0131r\u201d"}]},{"@type":"WebSite","@id":"https:\/\/denizcankizil.tr\/de\/#website","url":"https:\/\/denizcankizil.tr\/de\/","name":"Av. Deniz Can K\u0131z\u0131l","description":"Avukat Deniz Can K\u0131z\u0131l Antalya Barosu","publisher":{"@id":"https:\/\/denizcankizil.tr\/de\/#organization"},"potentialAction":[{"@type":"SearchAction","target":{"@type":"EntryPoint","urlTemplate":"https:\/\/denizcankizil.tr\/de\/?s={search_term_string}"},"query-input":{"@type":"PropertyValueSpecification","valueRequired":true,"valueName":"search_term_string"}}],"inLanguage":"ru-RU"},{"@type":"Organization","@id":"https:\/\/denizcankizil.tr\/de\/#organization","name":"Av. Deniz Can K\u0131z\u0131l","url":"https:\/\/denizcankizil.tr\/de\/","logo":{"@type":"ImageObject","inLanguage":"ru-RU","@id":"https:\/\/denizcankizil.tr\/de\/#\/schema\/logo\/image\/","url":"https:\/\/denizcankizil.tr\/wp-content\/uploads\/2024\/10\/siyah-logo-svg.svg","contentUrl":"https:\/\/denizcankizil.tr\/wp-content\/uploads\/2024\/10\/siyah-logo-svg.svg","width":1080,"height":1080,"caption":"Av. Deniz Can K\u0131z\u0131l"},"image":{"@id":"https:\/\/denizcankizil.tr\/de\/#\/schema\/logo\/image\/"}},{"@type":"Person","@id":"https:\/\/denizcankizil.tr\/de\/#\/schema\/person\/be3c05fe6a12686905512445d8185489","name":"\u0430\u0434\u043c\u0438\u043d","image":{"@type":"ImageObject","inLanguage":"ru-RU","@id":"https:\/\/denizcankizil.tr\/de\/#\/schema\/person\/image\/","url":"https:\/\/secure.gravatar.com\/avatar\/c1fce94c830dc79107e174f890d7210541c4a63e8e5d816341794a2151c9d58c?s=96&d=mm&r=g","contentUrl":"https:\/\/secure.gravatar.com\/avatar\/c1fce94c830dc79107e174f890d7210541c4a63e8e5d816341794a2151c9d58c?s=96&d=mm&r=g","caption":"admin"},"sameAs":["http:\/\/denizcankizil.tr"],"url":"https:\/\/www.iskenderun.org\/asattan-gelecek-nesillere-su-bilinci-asilayan-proje-su-hayattir"}]}},"_links":{"self":[{"href":"https:\/\/denizcankizil.tr\/ru\/wp-json\/wp\/v2\/posts\/118641","targetHints":{"allow":["GET"]}}],"collection":[{"href":"https:\/\/denizcankizil.tr\/ru\/wp-json\/wp\/v2\/posts"}],"about":[{"href":"https:\/\/denizcankizil.tr\/ru\/wp-json\/wp\/v2\/types\/post"}],"author":[{"embeddable":true,"href":"https:\/\/denizcankizil.tr\/ru\/wp-json\/wp\/v2\/users\/1"}],"replies":[{"embeddable":true,"href":"https:\/\/denizcankizil.tr\/ru\/wp-json\/wp\/v2\/comments?post=118641"}],"version-history":[{"count":0,"href":"https:\/\/denizcankizil.tr\/ru\/wp-json\/wp\/v2\/posts\/118641\/revisions"}],"wp:attachment":[{"href":"https:\/\/denizcankizil.tr\/ru\/wp-json\/wp\/v2\/media?parent=118641"}],"wp:term":[{"taxonomy":"category","embeddable":true,"href":"https:\/\/denizcankizil.tr\/ru\/wp-json\/wp\/v2\/categories?post=118641"},{"taxonomy":"post_tag","embeddable":true,"href":"https:\/\/denizcankizil.tr\/ru\/wp-json\/wp\/v2\/tags?post=118641"}],"curies":[{"name":"wp","href":"https:\/\/api.w.org\/{rel}","templated":true}]}}