{"id":118416,"date":"2025-06-17T09:42:23","date_gmt":"2025-06-17T06:42:23","guid":{"rendered":"https:\/\/denizcankizil.tr\/uncategorized-tr\/bolu-ormanlarina-girisler-30-eylule-kadar-yasaklandi\/"},"modified":"2025-06-17T09:42:23","modified_gmt":"2025-06-17T06:42:23","slug":"bolu-ormanlarina-girisler-30-eylule-kadar-yasaklandi","status":"publish","type":"post","link":"https:\/\/denizcankizil.tr\/ru\/haberler\/gundem\/bolu-ormanlarina-girisler-30-eylule-kadar-yasaklandi\/","title":{"rendered":"Bolu ormanlar\u0131na giri\u015fler 30 Eyl\u00fcl&#8217;e kadar yasakland\u0131!"},"content":{"rendered":"<p>Bolu Valili\u011fi, il genelinde orman yang\u0131nlar\u0131n\u0131 \u00f6nlemek i\u00e7in 1 Temmuz-30 Eyl\u00fcl 2025 tarihleri aras\u0131nda ormanl\u0131k alanlara giri\u015fleri yasaklad\u0131. Valilik, ate\u015f yakmay\u0131 ve piknik faaliyetlerini de s\u0131k\u0131 kurallara ba\u011flad\u0131.BOLU (\u0130GFA) &#8211; Bolu Valisi Abdulaziz Ayd\u0131n\u2019\u0131n imzalad\u0131\u011f\u0131 2025\/6 say\u0131l\u0131 Valilik Genel Emri, il s\u0131n\u0131rlar\u0131ndaki orman yang\u0131nlar\u0131n\u0131 \u00f6nlemek amac\u0131yla kapsaml\u0131 tedbirleri hayata ge\u00e7iriyor.<br \/>\n1 Temmuz 2025\u2019ten 30 Eyl\u00fcl 2025\u2019e kadar ge\u00e7erli olacak karar, artan s\u0131cakl\u0131klar ve insan hareketlili\u011finin yang\u0131n riskini y\u00fckseltebilece\u011fi de\u011ferlendirmesiyle al\u0131nd\u0131.<br \/>\nGenel emir, 5442 say\u0131l\u0131 \u0130l \u0130daresi Kanunu, 6831 say\u0131l\u0131 Orman Kanunu ve di\u011fer ilgili mevzuatlara dayan\u0131yor.<br \/>\nORMANLIK ALANLARA G\u0130R\u0130\u015e YASAK<br \/>\nValilik, yasal veya zorunlu izinler d\u0131\u015f\u0131nda Bolu\u2019daki t\u00fcm ormanl\u0131k alanlara giri\u015fleri yasaklad\u0131. Sadece belirlenen alanlarda ve saatlerde (10.00-20.00) piknik yap\u0131labilecek.<br \/>\nAbant Milli Park\u0131\u2019nda yaln\u0131zca piknik t\u00fcp\u00fcyle, orman parklar\u0131 ve tabiat parklar\u0131nda ise ate\u015fsiz piknik ve rekreatif faaliyetlere izin verilecek.<br \/>\nBelirtilen yerler d\u0131\u015f\u0131nda mangal, semaver, piknik t\u00fcp\u00fc veya barbek\u00fc kullan\u0131m\u0131, piknik ate\u015fi, \u00e7oban ate\u015fi ve avc\u0131 ate\u015fi yak\u0131lmas\u0131 tamamen yasak.<br \/>\nOrman Kanunu kapsam\u0131ndaki k\u00f6yler ba\u015fta olmak \u00fczere, t\u00fcm k\u00f6y ve mahallelerde an\u0131z, bah\u00e7e at\u0131\u011f\u0131, bitki \u00f6rt\u00fcs\u00fc veya tarla temizli\u011fi i\u00e7in ate\u015f yak\u0131lmas\u0131 yasakland\u0131. Orman yak\u0131nlar\u0131ndaki tesisler ve sanayi kurulu\u015flar\u0131 yang\u0131n riskine kar\u015f\u0131 \u00f6nlem almak zorunda. Enerji nakil hatlar\u0131 i\u00e7in TEDA\u015e, TE\u0130A\u015e ve SEDA\u015e gibi kurulu\u015flar bak\u0131m yapacak, gerekti\u011finde enerji kesintisi uygulayacak.<\/p>\n<p>KAMP VE HAVA\u0130 F\u0130\u015eEK KULLANIMI YASAK<br \/>\nKamping i\u015fletmeleri d\u0131\u015f\u0131nda ormanlarda kamp yapma, \u00e7ad\u0131r kurma ve karavanla konaklama yasakland\u0131. D\u00fc\u011f\u00fcn gibi organizasyonlarda havai fi\u015fek ve dilek balonu gibi yan\u0131c\u0131 maddelerin kullan\u0131m\u0131 da engellendi.<br \/>\nTedbirlerin denetimi, Orman B\u00f6lge M\u00fcd\u00fcrl\u00fc\u011f\u00fc, Do\u011fa Koruma ve Milli Parklar M\u00fcd\u00fcrl\u00fc\u011f\u00fc, \u0130l Tar\u0131m ve Orman M\u00fcd\u00fcrl\u00fc\u011f\u00fc, \u0130l Jandarma Komutanl\u0131\u011f\u0131 ve \u0130l Emniyet M\u00fcd\u00fcrl\u00fc\u011f\u00fc taraf\u0131ndan yap\u0131lacak Eylemleri su\u00e7 te\u015fkil edenler hakk\u0131nda ise Cumhuriyet Ba\u015fsavc\u0131l\u0131\u011f\u0131\u2019na su\u00e7 duyurusunda bulunulacak.<br \/>\nBolu Valili\u011fi, 1 Temmuz 2025 tarihi itibariyle y\u00fcr\u00fcrl\u00fc\u011fe girecek genel emirle ilgili vatanda\u015flar\u0131n orman yang\u0131nlar\u0131na kar\u015f\u0131 duyarl\u0131 olmas\u0131n\u0131 ve kurallara uymas\u0131n\u0131 istedi.<\/p>\n<p>\u200bBolu Valili\u011fi, il genelinde orman yang\u0131nlar\u0131n\u0131 \u00f6nlemek i\u00e7in 1 Temmuz-30 Eyl\u00fcl 2025 tarihleri aras\u0131nda ormanl\u0131k alanlara giri\u015fleri yasaklad\u0131. Valilik, ate\u015f yakmay\u0131 ve piknik faaliyetlerini de s\u0131k\u0131 kurallara ba\u011flad\u0131.BOLU (\u0130GFA) &#8211; Bolu Valisi Abdulaziz Ayd\u0131n\u2019\u0131n imzalad\u0131\u011f\u0131 2025\/6 say\u0131l\u0131 Valilik Genel Emri, il s\u0131n\u0131rlar\u0131ndaki orman yang\u0131nlar\u0131n\u0131 \u00f6nlemek amac\u0131yla kapsaml\u0131 tedbirleri hayata ge\u00e7iriyor.<br \/>\n1 Temmuz 2025\u2019ten 30 Eyl\u00fcl 2025\u2019e kadar ge\u00e7erli olacak karar, artan s\u0131cakl\u0131klar ve insan hareketlili\u011finin yang\u0131n riskini y\u00fckseltebilece\u011fi de\u011ferlendirmesiyle al\u0131nd\u0131.<br \/>\nGenel emir, 5442 say\u0131l\u0131 \u0130l \u0130daresi Kanunu, 6831 say\u0131l\u0131 Orman Kanunu ve di\u011fer ilgili mevzuatlara dayan\u0131yor.<br \/>\nORMANLIK ALANLARA G\u0130R\u0130\u015e YASAK<br \/>\nValilik, yasal veya zorunlu izinler d\u0131\u015f\u0131nda Bolu\u2019daki t\u00fcm ormanl\u0131k alanlara giri\u015fleri yasaklad\u0131. Sadece belirlenen alanlarda ve saatlerde (10.00-20.00) piknik yap\u0131labilecek.<br \/>\nAbant Milli Park\u0131\u2019nda yaln\u0131zca piknik t\u00fcp\u00fcyle, orman parklar\u0131 ve tabiat parklar\u0131nda ise ate\u015fsiz piknik ve rekreatif faaliyetlere izin verilecek.<br \/>\nBelirtilen yerler d\u0131\u015f\u0131nda mangal, semaver, piknik t\u00fcp\u00fc veya barbek\u00fc kullan\u0131m\u0131, piknik ate\u015fi, \u00e7oban ate\u015fi ve avc\u0131 ate\u015fi yak\u0131lmas\u0131 tamamen yasak.<br \/>\nOrman Kanunu kapsam\u0131ndaki k\u00f6yler ba\u015fta olmak \u00fczere, t\u00fcm k\u00f6y ve mahallelerde an\u0131z, bah\u00e7e at\u0131\u011f\u0131, bitki \u00f6rt\u00fcs\u00fc veya tarla temizli\u011fi i\u00e7in ate\u015f yak\u0131lmas\u0131 yasakland\u0131. Orman yak\u0131nlar\u0131ndaki tesisler ve sanayi kurulu\u015flar\u0131 yang\u0131n riskine kar\u015f\u0131 \u00f6nlem almak zorunda. Enerji nakil hatlar\u0131 i\u00e7in TEDA\u015e, TE\u0130A\u015e ve SEDA\u015e gibi kurulu\u015flar bak\u0131m yapacak, gerekti\u011finde enerji kesintisi uygulayacak.<\/p>\n<p>KAMP VE HAVA\u0130 F\u0130\u015eEK KULLANIMI YASAK<br \/>\nKamping i\u015fletmeleri d\u0131\u015f\u0131nda ormanlarda kamp yapma, \u00e7ad\u0131r kurma ve karavanla konaklama yasakland\u0131. D\u00fc\u011f\u00fcn gibi organizasyonlarda havai fi\u015fek ve dilek balonu gibi yan\u0131c\u0131 maddelerin kullan\u0131m\u0131 da engellendi.<br \/>\nTedbirlerin denetimi, Orman B\u00f6lge M\u00fcd\u00fcrl\u00fc\u011f\u00fc, Do\u011fa Koruma ve Milli Parklar M\u00fcd\u00fcrl\u00fc\u011f\u00fc, \u0130l Tar\u0131m ve Orman M\u00fcd\u00fcrl\u00fc\u011f\u00fc, \u0130l Jandarma Komutanl\u0131\u011f\u0131 ve \u0130l Emniyet M\u00fcd\u00fcrl\u00fc\u011f\u00fc taraf\u0131ndan yap\u0131lacak Eylemleri su\u00e7 te\u015fkil edenler hakk\u0131nda ise Cumhuriyet Ba\u015fsavc\u0131l\u0131\u011f\u0131\u2019na su\u00e7 duyurusunda bulunulacak.<br \/>\nBolu Valili\u011fi, 1 Temmuz 2025 tarihi itibariyle y\u00fcr\u00fcrl\u00fc\u011fe girecek genel emirle ilgili vatanda\u015flar\u0131n orman yang\u0131nlar\u0131na kar\u015f\u0131 duyarl\u0131 olmas\u0131n\u0131 ve kurallara uymas\u0131n\u0131 istedi.\u00a0<\/p>\n<p>\u200bHaberin Al\u0131nt\u0131land\u0131\u011f\u0131 Kaynak: www.iskenderun.org<\/p>","protected":false},"excerpt":{"rendered":"<p>Bolu Valili\u011fi, il genelinde orman yang\u0131nlar\u0131n\u0131 \u00f6nlemek i\u00e7in 1 Temmuz-30 Eyl\u00fcl 2025 tarihleri aras\u0131nda ormanl\u0131k alanlara giri\u015fleri yasaklad\u0131. Valilik, ate\u015f yakmay\u0131 ve piknik faaliyetlerini de s\u0131k\u0131 kurallara ba\u011flad\u0131.BOLU (\u0130GFA) &#8211; Bolu Valisi Abdulaziz Ayd\u0131n\u2019\u0131n imzalad\u0131\u011f\u0131 2025\/6 say\u0131l\u0131 Valilik Genel Emri, il s\u0131n\u0131rlar\u0131ndaki orman yang\u0131nlar\u0131n\u0131 \u00f6nlemek amac\u0131yla kapsaml\u0131 tedbirleri hayata ge\u00e7iriyor. 1 Temmuz 2025\u2019ten 30 Eyl\u00fcl 2025\u2019e kadar ge\u00e7erli olacak karar, artan s\u0131cakl\u0131klar ve insan hareketlili\u011finin yang\u0131n riskini y\u00fckseltebilece\u011fi de\u011ferlendirmesiyle al\u0131nd\u0131. Genel emir, 5442 say\u0131l\u0131 \u0130l \u0130daresi Kanunu, 6831 say\u0131l\u0131 Orman Kanunu ve di\u011fer ilgili mevzuatlara dayan\u0131yor. ORMANLIK ALANLARA G\u0130R\u0130\u015e YASAK Valilik, yasal veya zorunlu izinler d\u0131\u015f\u0131nda Bolu\u2019daki t\u00fcm ormanl\u0131k alanlara giri\u015fleri yasaklad\u0131. Sadece belirlenen alanlarda ve saatlerde (10.00-20.00) piknik yap\u0131labilecek. Abant Milli Park\u0131\u2019nda yaln\u0131zca piknik t\u00fcp\u00fcyle, orman parklar\u0131 ve tabiat parklar\u0131nda ise ate\u015fsiz piknik ve rekreatif faaliyetlere izin verilecek. Belirtilen yerler d\u0131\u015f\u0131nda mangal, semaver, piknik t\u00fcp\u00fc veya barbek\u00fc kullan\u0131m\u0131, piknik ate\u015fi, \u00e7oban ate\u015fi ve avc\u0131 ate\u015fi yak\u0131lmas\u0131 tamamen yasak. Orman Kanunu kapsam\u0131ndaki k\u00f6yler ba\u015fta olmak \u00fczere, t\u00fcm k\u00f6y ve mahallelerde an\u0131z, bah\u00e7e at\u0131\u011f\u0131, bitki \u00f6rt\u00fcs\u00fc veya tarla temizli\u011fi i\u00e7in ate\u015f yak\u0131lmas\u0131 yasakland\u0131. Orman yak\u0131nlar\u0131ndaki tesisler ve sanayi kurulu\u015flar\u0131 yang\u0131n riskine kar\u015f\u0131 \u00f6nlem almak zorunda. Enerji nakil hatlar\u0131 i\u00e7in TEDA\u015e, TE\u0130A\u015e ve SEDA\u015e gibi kurulu\u015flar bak\u0131m yapacak, gerekti\u011finde enerji kesintisi uygulayacak. &hellip;<\/p>","protected":false},"author":1,"featured_media":0,"comment_status":"","ping_status":"open","sticky":false,"template":"","format":"standard","meta":{"_acf_changed":false,"footnotes":""},"categories":[24],"tags":[],"class_list":["post-118416","post","type-post","status-publish","format-standard","has-post-thumbnail","hentry","category-gundem"],"acf":[],"yoast_head":"<!-- This site is optimized with the Yoast SEO Premium plugin v26.6 (Yoast SEO v27.1.1) - https:\/\/yoast.com\/product\/yoast-seo-premium-wordpress\/ -->\n<title>Bolu ormanlar\u0131na giri\u015fler 30 Eyl\u00fcl&#039;e kadar yasakland\u0131! - Av. Deniz Can K\u0131z\u0131l<\/title>\n<meta name=\"robots\" content=\"index, follow, max-snippet:-1, max-image-preview:large, max-video-preview:-1\" \/>\n<link rel=\"canonical\" href=\"https:\/\/denizcankizil.tr\/ru\/haberler\/gundem\/bolu-ormanlarina-girisler-30-eylule-kadar-yasaklandi\/\" \/>\n<meta property=\"og:locale\" content=\"ru_RU\" \/>\n<meta property=\"og:type\" content=\"article\" \/>\n<meta property=\"og:title\" content=\"Bolu ormanlar\u0131na giri\u015fler 30 Eyl\u00fcl&#039;e kadar yasakland\u0131!\" \/>\n<meta property=\"og:description\" content=\"Bolu Valili\u011fi, il genelinde orman yang\u0131nlar\u0131n\u0131 \u00f6nlemek i\u00e7in 1 Temmuz-30 Eyl\u00fcl 2025 tarihleri aras\u0131nda ormanl\u0131k alanlara giri\u015fleri yasaklad\u0131. Valilik, ate\u015f yakmay\u0131 ve piknik faaliyetlerini de s\u0131k\u0131 kurallara ba\u011flad\u0131.BOLU (\u0130GFA) &#8211; Bolu Valisi Abdulaziz Ayd\u0131n\u2019\u0131n imzalad\u0131\u011f\u0131 2025\/6 say\u0131l\u0131 Valilik Genel Emri, il s\u0131n\u0131rlar\u0131ndaki orman yang\u0131nlar\u0131n\u0131 \u00f6nlemek amac\u0131yla kapsaml\u0131 tedbirleri hayata ge\u00e7iriyor. 1 Temmuz 2025\u2019ten 30 Eyl\u00fcl 2025\u2019e kadar ge\u00e7erli olacak karar, artan s\u0131cakl\u0131klar ve insan hareketlili\u011finin yang\u0131n riskini y\u00fckseltebilece\u011fi de\u011ferlendirmesiyle al\u0131nd\u0131. Genel emir, 5442 say\u0131l\u0131 \u0130l \u0130daresi Kanunu, 6831 say\u0131l\u0131 Orman Kanunu ve di\u011fer ilgili mevzuatlara dayan\u0131yor. ORMANLIK ALANLARA G\u0130R\u0130\u015e YASAK Valilik, yasal veya zorunlu izinler d\u0131\u015f\u0131nda Bolu\u2019daki t\u00fcm ormanl\u0131k alanlara giri\u015fleri yasaklad\u0131. Sadece belirlenen alanlarda ve saatlerde (10.00-20.00) piknik yap\u0131labilecek. Abant Milli Park\u0131\u2019nda yaln\u0131zca piknik t\u00fcp\u00fcyle, orman parklar\u0131 ve tabiat parklar\u0131nda ise ate\u015fsiz piknik ve rekreatif faaliyetlere izin verilecek. Belirtilen yerler d\u0131\u015f\u0131nda mangal, semaver, piknik t\u00fcp\u00fc veya barbek\u00fc kullan\u0131m\u0131, piknik ate\u015fi, \u00e7oban ate\u015fi ve avc\u0131 ate\u015fi yak\u0131lmas\u0131 tamamen yasak. Orman Kanunu kapsam\u0131ndaki k\u00f6yler ba\u015fta olmak \u00fczere, t\u00fcm k\u00f6y ve mahallelerde an\u0131z, bah\u00e7e at\u0131\u011f\u0131, bitki \u00f6rt\u00fcs\u00fc veya tarla temizli\u011fi i\u00e7in ate\u015f yak\u0131lmas\u0131 yasakland\u0131. Orman yak\u0131nlar\u0131ndaki tesisler ve sanayi kurulu\u015flar\u0131 yang\u0131n riskine kar\u015f\u0131 \u00f6nlem almak zorunda. Enerji nakil hatlar\u0131 i\u00e7in TEDA\u015e, TE\u0130A\u015e ve SEDA\u015e gibi kurulu\u015flar bak\u0131m yapacak, gerekti\u011finde enerji kesintisi uygulayacak. &hellip;\" \/>\n<meta property=\"og:url\" content=\"https:\/\/denizcankizil.tr\/ru\/haberler\/gundem\/bolu-ormanlarina-girisler-30-eylule-kadar-yasaklandi\/\" \/>\n<meta property=\"og:site_name\" content=\"Av. Deniz Can K\u0131z\u0131l\" \/>\n<meta property=\"article:published_time\" content=\"2025-06-17T06:42:23+00:00\" \/>\n<meta name=\"author\" content=\"admin\" \/>\n<meta name=\"twitter:card\" content=\"summary_large_image\" \/>\n<meta name=\"twitter:label1\" content=\"\u041d\u0430\u043f\u0438\u0441\u0430\u043d\u043e \u0430\u0432\u0442\u043e\u0440\u043e\u043c\" \/>\n\t<meta name=\"twitter:data1\" content=\"admin\" \/>\n\t<meta name=\"twitter:label2\" content=\"\u041f\u0440\u0438\u043c\u0435\u0440\u043d\u043e\u0435 \u0432\u0440\u0435\u043c\u044f \u0434\u043b\u044f \u0447\u0442\u0435\u043d\u0438\u044f\" \/>\n\t<meta name=\"twitter:data2\" content=\"4 \u043c\u0438\u043d\u0443\u0442\u044b\" \/>\n<script type=\"application\/ld+json\" class=\"yoast-schema-graph\">{\"@context\":\"https:\/\/schema.org\",\"@graph\":[{\"@type\":\"Article\",\"@id\":\"https:\/\/denizcankizil.tr\/ru\/haberler\/gundem\/bolu-ormanlarina-girisler-30-eylule-kadar-yasaklandi\/#article\",\"isPartOf\":{\"@id\":\"https:\/\/denizcankizil.tr\/ru\/haberler\/gundem\/bolu-ormanlarina-girisler-30-eylule-kadar-yasaklandi\/\"},\"author\":{\"name\":\"admin\",\"@id\":\"https:\/\/denizcankizil.tr\/#\/schema\/person\/be3c05fe6a12686905512445d8185489\"},\"headline\":\"Bolu ormanlar\u0131na giri\u015fler 30 Eyl\u00fcl&#8217;e kadar yasakland\u0131!\",\"datePublished\":\"2025-06-17T06:42:23+00:00\",\"mainEntityOfPage\":{\"@id\":\"https:\/\/denizcankizil.tr\/ru\/haberler\/gundem\/bolu-ormanlarina-girisler-30-eylule-kadar-yasaklandi\/\"},\"wordCount\":802,\"publisher\":{\"@id\":\"https:\/\/denizcankizil.tr\/#organization\"},\"articleSection\":[\"G\u00fcndem\"],\"inLanguage\":\"ru-RU\"},{\"@type\":\"WebPage\",\"@id\":\"https:\/\/denizcankizil.tr\/ru\/haberler\/gundem\/bolu-ormanlarina-girisler-30-eylule-kadar-yasaklandi\/\",\"url\":\"https:\/\/denizcankizil.tr\/ru\/haberler\/gundem\/bolu-ormanlarina-girisler-30-eylule-kadar-yasaklandi\/\",\"name\":\"Bolu ormanlar\u0131na giri\u015fler 30 Eyl\u00fcl'e kadar yasakland\u0131! - Av. Deniz Can K\u0131z\u0131l\",\"isPartOf\":{\"@id\":\"https:\/\/denizcankizil.tr\/#website\"},\"datePublished\":\"2025-06-17T06:42:23+00:00\",\"breadcrumb\":{\"@id\":\"https:\/\/denizcankizil.tr\/ru\/haberler\/gundem\/bolu-ormanlarina-girisler-30-eylule-kadar-yasaklandi\/#breadcrumb\"},\"inLanguage\":\"ru-RU\",\"potentialAction\":[{\"@type\":\"ReadAction\",\"target\":[\"https:\/\/denizcankizil.tr\/ru\/haberler\/gundem\/bolu-ormanlarina-girisler-30-eylule-kadar-yasaklandi\/\"]}]},{\"@type\":\"BreadcrumbList\",\"@id\":\"https:\/\/denizcankizil.tr\/ru\/haberler\/gundem\/bolu-ormanlarina-girisler-30-eylule-kadar-yasaklandi\/#breadcrumb\",\"itemListElement\":[{\"@type\":\"ListItem\",\"position\":1,\"name\":\"Home\",\"item\":\"https:\/\/denizcankizil.tr\/de\/\"},{\"@type\":\"ListItem\",\"position\":2,\"name\":\"Bolu ormanlar\u0131na giri\u015fler 30 Eyl\u00fcl&#8217;e kadar yasakland\u0131!\"}]},{\"@type\":\"WebSite\",\"@id\":\"https:\/\/denizcankizil.tr\/#website\",\"url\":\"https:\/\/denizcankizil.tr\/\",\"name\":\"Av. Deniz Can K\u0131z\u0131l\",\"description\":\"Avukat Deniz Can K\u0131z\u0131l Antalya Barosu\",\"publisher\":{\"@id\":\"https:\/\/denizcankizil.tr\/#organization\"},\"potentialAction\":[{\"@type\":\"SearchAction\",\"target\":{\"@type\":\"EntryPoint\",\"urlTemplate\":\"https:\/\/denizcankizil.tr\/?s={search_term_string}\"},\"query-input\":{\"@type\":\"PropertyValueSpecification\",\"valueRequired\":true,\"valueName\":\"search_term_string\"}}],\"inLanguage\":\"ru-RU\"},{\"@type\":\"Organization\",\"@id\":\"https:\/\/denizcankizil.tr\/#organization\",\"name\":\"Av. Deniz Can K\u0131z\u0131l\",\"url\":\"https:\/\/denizcankizil.tr\/\",\"logo\":{\"@type\":\"ImageObject\",\"inLanguage\":\"ru-RU\",\"@id\":\"https:\/\/denizcankizil.tr\/#\/schema\/logo\/image\/\",\"url\":\"https:\/\/denizcankizil.tr\/wp-content\/uploads\/2024\/10\/siyah-logo-svg.svg\",\"contentUrl\":\"https:\/\/denizcankizil.tr\/wp-content\/uploads\/2024\/10\/siyah-logo-svg.svg\",\"width\":1080,\"height\":1080,\"caption\":\"Av. Deniz Can K\u0131z\u0131l\"},\"image\":{\"@id\":\"https:\/\/denizcankizil.tr\/#\/schema\/logo\/image\/\"}},{\"@type\":\"Person\",\"@id\":\"https:\/\/denizcankizil.tr\/#\/schema\/person\/be3c05fe6a12686905512445d8185489\",\"name\":\"admin\",\"image\":{\"@type\":\"ImageObject\",\"inLanguage\":\"ru-RU\",\"@id\":\"https:\/\/denizcankizil.tr\/#\/schema\/person\/image\/\",\"url\":\"https:\/\/secure.gravatar.com\/avatar\/c1fce94c830dc79107e174f890d7210541c4a63e8e5d816341794a2151c9d58c?s=96&d=mm&r=g\",\"contentUrl\":\"https:\/\/secure.gravatar.com\/avatar\/c1fce94c830dc79107e174f890d7210541c4a63e8e5d816341794a2151c9d58c?s=96&d=mm&r=g\",\"caption\":\"admin\"},\"sameAs\":[\"http:\/\/denizcankizil.tr\"],\"url\":\"https:\/\/www.iskenderun.org\/bolu-ormanlarina-girisler-30-eylule-kadar-yasaklandi\"}]}<\/script>\n<!-- \/ Yoast SEO Premium plugin. -->","yoast_head_json":{"title":"Bolu ormanlar\u0131na giri\u015fler 30 Eyl\u00fcl'e kadar yasakland\u0131! - Av. Deniz Can K\u0131z\u0131l","robots":{"index":"index","follow":"follow","max-snippet":"max-snippet:-1","max-image-preview":"max-image-preview:large","max-video-preview":"max-video-preview:-1"},"canonical":"https:\/\/denizcankizil.tr\/ru\/haberler\/gundem\/bolu-ormanlarina-girisler-30-eylule-kadar-yasaklandi\/","og_locale":"ru_RU","og_type":"article","og_title":"Bolu ormanlar\u0131na giri\u015fler 30 Eyl\u00fcl'e kadar yasakland\u0131!","og_description":"Bolu Valili\u011fi, il genelinde orman yang\u0131nlar\u0131n\u0131 \u00f6nlemek i\u00e7in 1 Temmuz-30 Eyl\u00fcl 2025 tarihleri aras\u0131nda ormanl\u0131k alanlara giri\u015fleri yasaklad\u0131. Valilik, ate\u015f yakmay\u0131 ve piknik faaliyetlerini de s\u0131k\u0131 kurallara ba\u011flad\u0131.BOLU (\u0130GFA) &#8211; Bolu Valisi Abdulaziz Ayd\u0131n\u2019\u0131n imzalad\u0131\u011f\u0131 2025\/6 say\u0131l\u0131 Valilik Genel Emri, il s\u0131n\u0131rlar\u0131ndaki orman yang\u0131nlar\u0131n\u0131 \u00f6nlemek amac\u0131yla kapsaml\u0131 tedbirleri hayata ge\u00e7iriyor. 1 Temmuz 2025\u2019ten 30 Eyl\u00fcl 2025\u2019e kadar ge\u00e7erli olacak karar, artan s\u0131cakl\u0131klar ve insan hareketlili\u011finin yang\u0131n riskini y\u00fckseltebilece\u011fi de\u011ferlendirmesiyle al\u0131nd\u0131. Genel emir, 5442 say\u0131l\u0131 \u0130l \u0130daresi Kanunu, 6831 say\u0131l\u0131 Orman Kanunu ve di\u011fer ilgili mevzuatlara dayan\u0131yor. ORMANLIK ALANLARA G\u0130R\u0130\u015e YASAK Valilik, yasal veya zorunlu izinler d\u0131\u015f\u0131nda Bolu\u2019daki t\u00fcm ormanl\u0131k alanlara giri\u015fleri yasaklad\u0131. Sadece belirlenen alanlarda ve saatlerde (10.00-20.00) piknik yap\u0131labilecek. Abant Milli Park\u0131\u2019nda yaln\u0131zca piknik t\u00fcp\u00fcyle, orman parklar\u0131 ve tabiat parklar\u0131nda ise ate\u015fsiz piknik ve rekreatif faaliyetlere izin verilecek. Belirtilen yerler d\u0131\u015f\u0131nda mangal, semaver, piknik t\u00fcp\u00fc veya barbek\u00fc kullan\u0131m\u0131, piknik ate\u015fi, \u00e7oban ate\u015fi ve avc\u0131 ate\u015fi yak\u0131lmas\u0131 tamamen yasak. Orman Kanunu kapsam\u0131ndaki k\u00f6yler ba\u015fta olmak \u00fczere, t\u00fcm k\u00f6y ve mahallelerde an\u0131z, bah\u00e7e at\u0131\u011f\u0131, bitki \u00f6rt\u00fcs\u00fc veya tarla temizli\u011fi i\u00e7in ate\u015f yak\u0131lmas\u0131 yasakland\u0131. Orman yak\u0131nlar\u0131ndaki tesisler ve sanayi kurulu\u015flar\u0131 yang\u0131n riskine kar\u015f\u0131 \u00f6nlem almak zorunda. Enerji nakil hatlar\u0131 i\u00e7in TEDA\u015e, TE\u0130A\u015e ve SEDA\u015e gibi kurulu\u015flar bak\u0131m yapacak, gerekti\u011finde enerji kesintisi uygulayacak. &hellip;","og_url":"https:\/\/denizcankizil.tr\/ru\/haberler\/gundem\/bolu-ormanlarina-girisler-30-eylule-kadar-yasaklandi\/","og_site_name":"Av. Deniz Can K\u0131z\u0131l","article_published_time":"2025-06-17T06:42:23+00:00","author":"admin","twitter_card":"summary_large_image","twitter_misc":{"\u041d\u0430\u043f\u0438\u0441\u0430\u043d\u043e \u0430\u0432\u0442\u043e\u0440\u043e\u043c":"admin","\u041f\u0440\u0438\u043c\u0435\u0440\u043d\u043e\u0435 \u0432\u0440\u0435\u043c\u044f \u0434\u043b\u044f \u0447\u0442\u0435\u043d\u0438\u044f":"4 \u043c\u0438\u043d\u0443\u0442\u044b"},"schema":{"@context":"https:\/\/schema.org","@graph":[{"@type":"Article","@id":"https:\/\/denizcankizil.tr\/ru\/haberler\/gundem\/bolu-ormanlarina-girisler-30-eylule-kadar-yasaklandi\/#article","isPartOf":{"@id":"https:\/\/denizcankizil.tr\/ru\/haberler\/gundem\/bolu-ormanlarina-girisler-30-eylule-kadar-yasaklandi\/"},"author":{"name":"admin","@id":"https:\/\/denizcankizil.tr\/#\/schema\/person\/be3c05fe6a12686905512445d8185489"},"headline":"Bolu ormanlar\u0131na giri\u015fler 30 Eyl\u00fcl&#8217;e kadar yasakland\u0131!","datePublished":"2025-06-17T06:42:23+00:00","mainEntityOfPage":{"@id":"https:\/\/denizcankizil.tr\/ru\/haberler\/gundem\/bolu-ormanlarina-girisler-30-eylule-kadar-yasaklandi\/"},"wordCount":802,"publisher":{"@id":"https:\/\/denizcankizil.tr\/#organization"},"articleSection":["G\u00fcndem"],"inLanguage":"ru-RU"},{"@type":"WebPage","@id":"https:\/\/denizcankizil.tr\/ru\/haberler\/gundem\/bolu-ormanlarina-girisler-30-eylule-kadar-yasaklandi\/","url":"https:\/\/denizcankizil.tr\/ru\/haberler\/gundem\/bolu-ormanlarina-girisler-30-eylule-kadar-yasaklandi\/","name":"Bolu ormanlar\u0131na giri\u015fler 30 Eyl\u00fcl'e kadar yasakland\u0131! - Av. Deniz Can K\u0131z\u0131l","isPartOf":{"@id":"https:\/\/denizcankizil.tr\/#website"},"datePublished":"2025-06-17T06:42:23+00:00","breadcrumb":{"@id":"https:\/\/denizcankizil.tr\/ru\/haberler\/gundem\/bolu-ormanlarina-girisler-30-eylule-kadar-yasaklandi\/#breadcrumb"},"inLanguage":"ru-RU","potentialAction":[{"@type":"ReadAction","target":["https:\/\/denizcankizil.tr\/ru\/haberler\/gundem\/bolu-ormanlarina-girisler-30-eylule-kadar-yasaklandi\/"]}]},{"@type":"BreadcrumbList","@id":"https:\/\/denizcankizil.tr\/ru\/haberler\/gundem\/bolu-ormanlarina-girisler-30-eylule-kadar-yasaklandi\/#breadcrumb","itemListElement":[{"@type":"ListItem","position":1,"name":"Home","item":"https:\/\/denizcankizil.tr\/de\/"},{"@type":"ListItem","position":2,"name":"Bolu ormanlar\u0131na giri\u015fler 30 Eyl\u00fcl&#8217;e kadar yasakland\u0131!"}]},{"@type":"WebSite","@id":"https:\/\/denizcankizil.tr\/#website","url":"https:\/\/denizcankizil.tr\/","name":"Av. Deniz Can K\u0131z\u0131l","description":"Avukat Deniz Can K\u0131z\u0131l Antalya Barosu","publisher":{"@id":"https:\/\/denizcankizil.tr\/#organization"},"potentialAction":[{"@type":"SearchAction","target":{"@type":"EntryPoint","urlTemplate":"https:\/\/denizcankizil.tr\/?s={search_term_string}"},"query-input":{"@type":"PropertyValueSpecification","valueRequired":true,"valueName":"search_term_string"}}],"inLanguage":"ru-RU"},{"@type":"Organization","@id":"https:\/\/denizcankizil.tr\/#organization","name":"Av. Deniz Can K\u0131z\u0131l","url":"https:\/\/denizcankizil.tr\/","logo":{"@type":"ImageObject","inLanguage":"ru-RU","@id":"https:\/\/denizcankizil.tr\/#\/schema\/logo\/image\/","url":"https:\/\/denizcankizil.tr\/wp-content\/uploads\/2024\/10\/siyah-logo-svg.svg","contentUrl":"https:\/\/denizcankizil.tr\/wp-content\/uploads\/2024\/10\/siyah-logo-svg.svg","width":1080,"height":1080,"caption":"Av. Deniz Can K\u0131z\u0131l"},"image":{"@id":"https:\/\/denizcankizil.tr\/#\/schema\/logo\/image\/"}},{"@type":"Person","@id":"https:\/\/denizcankizil.tr\/#\/schema\/person\/be3c05fe6a12686905512445d8185489","name":"\u0430\u0434\u043c\u0438\u043d","image":{"@type":"ImageObject","inLanguage":"ru-RU","@id":"https:\/\/denizcankizil.tr\/#\/schema\/person\/image\/","url":"https:\/\/secure.gravatar.com\/avatar\/c1fce94c830dc79107e174f890d7210541c4a63e8e5d816341794a2151c9d58c?s=96&d=mm&r=g","contentUrl":"https:\/\/secure.gravatar.com\/avatar\/c1fce94c830dc79107e174f890d7210541c4a63e8e5d816341794a2151c9d58c?s=96&d=mm&r=g","caption":"admin"},"sameAs":["http:\/\/denizcankizil.tr"],"url":"https:\/\/www.iskenderun.org\/bolu-ormanlarina-girisler-30-eylule-kadar-yasaklandi"}]}},"_links":{"self":[{"href":"https:\/\/denizcankizil.tr\/ru\/wp-json\/wp\/v2\/posts\/118416","targetHints":{"allow":["GET"]}}],"collection":[{"href":"https:\/\/denizcankizil.tr\/ru\/wp-json\/wp\/v2\/posts"}],"about":[{"href":"https:\/\/denizcankizil.tr\/ru\/wp-json\/wp\/v2\/types\/post"}],"author":[{"embeddable":true,"href":"https:\/\/denizcankizil.tr\/ru\/wp-json\/wp\/v2\/users\/1"}],"replies":[{"embeddable":true,"href":"https:\/\/denizcankizil.tr\/ru\/wp-json\/wp\/v2\/comments?post=118416"}],"version-history":[{"count":0,"href":"https:\/\/denizcankizil.tr\/ru\/wp-json\/wp\/v2\/posts\/118416\/revisions"}],"wp:attachment":[{"href":"https:\/\/denizcankizil.tr\/ru\/wp-json\/wp\/v2\/media?parent=118416"}],"wp:term":[{"taxonomy":"category","embeddable":true,"href":"https:\/\/denizcankizil.tr\/ru\/wp-json\/wp\/v2\/categories?post=118416"},{"taxonomy":"post_tag","embeddable":true,"href":"https:\/\/denizcankizil.tr\/ru\/wp-json\/wp\/v2\/tags?post=118416"}],"curies":[{"name":"wp","href":"https:\/\/api.w.org\/{rel}","templated":true}]}}