{"id":117757,"date":"2025-06-16T17:42:30","date_gmt":"2025-06-16T14:42:30","guid":{"rendered":"https:\/\/denizcankizil.tr\/uncategorized-tr\/iskenderun-askarbeylide-orman-yangini\/"},"modified":"2025-06-16T17:42:30","modified_gmt":"2025-06-16T14:42:30","slug":"iskenderun-askarbeylide-orman-yangini","status":"publish","type":"post","link":"https:\/\/denizcankizil.tr\/ru\/haberler\/gundem\/iskenderun-askarbeylide-orman-yangini\/","title":{"rendered":"\u0130skenderun A\u015fkarbeyli\u2019de Orman Yang\u0131n\u0131&#8230;"},"content":{"rendered":"<p>\u0130hbar \u00fczerine b\u00f6lgeye h\u0131zla Orman \u0130\u015fletme M\u00fcd\u00fcrl\u00fc\u011f\u00fc ekipleri sevk edildi. K\u0131sa s\u00fcrede olay yerine ula\u015fan ekipler, yang\u0131n\u0131n daha fazla yay\u0131lmas\u0131n\u0131 \u00f6nlemek i\u00e7in yo\u011fun m\u00fcdahalede bulundu.<\/p>\n<p>Alevlere kar\u015f\u0131 y\u00fcr\u00fct\u00fclen s\u00f6nd\u00fcrme \u00e7al\u0131\u015fmalar\u0131na mahalle sakinleri de destek verdi. B\u00f6lge halk\u0131n\u0131n katk\u0131s\u0131yla yang\u0131na \u00fc\u00e7 ayr\u0131 noktadan m\u00fcdahale edilirken, ekiplerin yang\u0131n\u0131 kontrol alt\u0131na alma \u00e7abas\u0131 s\u00fcr\u00fcyor.<\/p>\n<p>Yang\u0131n\u0131n \u00e7\u0131k\u0131\u015f nedeni hen\u00fcz belirlenemezken, so\u011futma \u00e7al\u0131\u015fmalar\u0131n\u0131n yang\u0131n\u0131n kontrol alt\u0131na al\u0131nmas\u0131n\u0131n ard\u0131ndan ba\u015flayaca\u011f\u0131 belirtildi.<\/p>\n<p>\u200bHatay\u2019\u0131n \u0130skenderun il\u00e7esine ba\u011fl\u0131 A\u015fkarbeyli Mahallesi\u2019nde \u00f6\u011fleden sonra ormanl\u0131k alanda \u00e7\u0131kan yang\u0131n pani\u011fe neden oldu. Alevlerin y\u00fckseldi\u011fini g\u00f6ren vatanda\u015flar, durumu 112 Acil \u00c7a\u011fr\u0131 Merkezi\u2019ne bildirerek yetkilileri harekete ge\u00e7irdi.\u00a0<\/p>\n<p>\u200bHaberin Al\u0131nt\u0131land\u0131\u011f\u0131 Kaynak: www.iskenderun.org<\/p>","protected":false},"excerpt":{"rendered":"<p>\u0130hbar \u00fczerine b\u00f6lgeye h\u0131zla Orman \u0130\u015fletme M\u00fcd\u00fcrl\u00fc\u011f\u00fc ekipleri sevk edildi. K\u0131sa s\u00fcrede olay yerine ula\u015fan ekipler, yang\u0131n\u0131n daha fazla yay\u0131lmas\u0131n\u0131 \u00f6nlemek i\u00e7in yo\u011fun m\u00fcdahalede bulundu. Alevlere kar\u015f\u0131 y\u00fcr\u00fct\u00fclen s\u00f6nd\u00fcrme \u00e7al\u0131\u015fmalar\u0131na mahalle sakinleri de destek verdi. B\u00f6lge halk\u0131n\u0131n katk\u0131s\u0131yla yang\u0131na \u00fc\u00e7 ayr\u0131 noktadan m\u00fcdahale edilirken, ekiplerin yang\u0131n\u0131 kontrol alt\u0131na alma \u00e7abas\u0131 s\u00fcr\u00fcyor. Yang\u0131n\u0131n \u00e7\u0131k\u0131\u015f nedeni hen\u00fcz belirlenemezken, so\u011futma \u00e7al\u0131\u015fmalar\u0131n\u0131n yang\u0131n\u0131n kontrol alt\u0131na al\u0131nmas\u0131n\u0131n ard\u0131ndan ba\u015flayaca\u011f\u0131 belirtildi. \u200bHatay\u2019\u0131n \u0130skenderun il\u00e7esine ba\u011fl\u0131 A\u015fkarbeyli Mahallesi\u2019nde \u00f6\u011fleden sonra ormanl\u0131k alanda \u00e7\u0131kan yang\u0131n pani\u011fe neden oldu. Alevlerin y\u00fckseldi\u011fini g\u00f6ren vatanda\u015flar, durumu 112 Acil \u00c7a\u011fr\u0131 Merkezi\u2019ne bildirerek yetkilileri harekete ge\u00e7irdi.\u00a0 \u200bHaberin Al\u0131nt\u0131land\u0131\u011f\u0131 Kaynak: www.iskenderun.org<\/p>","protected":false},"author":1,"featured_media":0,"comment_status":"","ping_status":"open","sticky":false,"template":"","format":"standard","meta":{"_acf_changed":false,"footnotes":""},"categories":[24],"tags":[],"class_list":["post-117757","post","type-post","status-publish","format-standard","has-post-thumbnail","hentry","category-gundem"],"acf":[],"yoast_head":"<!-- This site is optimized with the Yoast SEO Premium plugin v26.6 (Yoast SEO v27.1.1) - https:\/\/yoast.com\/product\/yoast-seo-premium-wordpress\/ -->\n<title>\u0130skenderun A\u015fkarbeyli\u2019de Orman Yang\u0131n\u0131... - Av. Deniz Can K\u0131z\u0131l<\/title>\n<meta name=\"robots\" content=\"index, follow, max-snippet:-1, max-image-preview:large, max-video-preview:-1\" \/>\n<link rel=\"canonical\" href=\"http:\/\/denizcankizil.tr\/ru\/haberler\/gundem\/iskenderun-askarbeylide-orman-yangini\/\" \/>\n<meta property=\"og:locale\" content=\"ru_RU\" \/>\n<meta property=\"og:type\" content=\"article\" \/>\n<meta property=\"og:title\" content=\"\u0130skenderun A\u015fkarbeyli\u2019de Orman Yang\u0131n\u0131...\" \/>\n<meta property=\"og:description\" content=\"\u0130hbar \u00fczerine b\u00f6lgeye h\u0131zla Orman \u0130\u015fletme M\u00fcd\u00fcrl\u00fc\u011f\u00fc ekipleri sevk edildi. K\u0131sa s\u00fcrede olay yerine ula\u015fan ekipler, yang\u0131n\u0131n daha fazla yay\u0131lmas\u0131n\u0131 \u00f6nlemek i\u00e7in yo\u011fun m\u00fcdahalede bulundu. Alevlere kar\u015f\u0131 y\u00fcr\u00fct\u00fclen s\u00f6nd\u00fcrme \u00e7al\u0131\u015fmalar\u0131na mahalle sakinleri de destek verdi. B\u00f6lge halk\u0131n\u0131n katk\u0131s\u0131yla yang\u0131na \u00fc\u00e7 ayr\u0131 noktadan m\u00fcdahale edilirken, ekiplerin yang\u0131n\u0131 kontrol alt\u0131na alma \u00e7abas\u0131 s\u00fcr\u00fcyor. Yang\u0131n\u0131n \u00e7\u0131k\u0131\u015f nedeni hen\u00fcz belirlenemezken, so\u011futma \u00e7al\u0131\u015fmalar\u0131n\u0131n yang\u0131n\u0131n kontrol alt\u0131na al\u0131nmas\u0131n\u0131n ard\u0131ndan ba\u015flayaca\u011f\u0131 belirtildi. \u200bHatay\u2019\u0131n \u0130skenderun il\u00e7esine ba\u011fl\u0131 A\u015fkarbeyli Mahallesi\u2019nde \u00f6\u011fleden sonra ormanl\u0131k alanda \u00e7\u0131kan yang\u0131n pani\u011fe neden oldu. Alevlerin y\u00fckseldi\u011fini g\u00f6ren vatanda\u015flar, durumu 112 Acil \u00c7a\u011fr\u0131 Merkezi\u2019ne bildirerek yetkilileri harekete ge\u00e7irdi.\u00a0 \u200bHaberin Al\u0131nt\u0131land\u0131\u011f\u0131 Kaynak: www.iskenderun.org\" \/>\n<meta property=\"og:url\" content=\"http:\/\/denizcankizil.tr\/ru\/haberler\/gundem\/iskenderun-askarbeylide-orman-yangini\/\" \/>\n<meta property=\"og:site_name\" content=\"Av. Deniz Can K\u0131z\u0131l\" \/>\n<meta property=\"article:published_time\" content=\"2025-06-16T14:42:30+00:00\" \/>\n<meta name=\"author\" content=\"admin\" \/>\n<meta name=\"twitter:card\" content=\"summary_large_image\" \/>\n<meta name=\"twitter:label1\" content=\"\u041d\u0430\u043f\u0438\u0441\u0430\u043d\u043e \u0430\u0432\u0442\u043e\u0440\u043e\u043c\" \/>\n\t<meta name=\"twitter:data1\" content=\"admin\" \/>\n\t<meta name=\"twitter:label2\" content=\"\u041f\u0440\u0438\u043c\u0435\u0440\u043d\u043e\u0435 \u0432\u0440\u0435\u043c\u044f \u0434\u043b\u044f \u0447\u0442\u0435\u043d\u0438\u044f\" \/>\n\t<meta name=\"twitter:data2\" content=\"1 \u043c\u0438\u043d\u0443\u0442\u0430\" \/>\n<script type=\"application\/ld+json\" class=\"yoast-schema-graph\">{\"@context\":\"https:\/\/schema.org\",\"@graph\":[{\"@type\":\"Article\",\"@id\":\"http:\/\/denizcankizil.tr\/en\/haberler\/gundem\/iskenderun-askarbeylide-orman-yangini\/#article\",\"isPartOf\":{\"@id\":\"http:\/\/denizcankizil.tr\/en\/haberler\/gundem\/iskenderun-askarbeylide-orman-yangini\/\"},\"author\":{\"name\":\"admin\",\"@id\":\"https:\/\/denizcankizil.tr\/#\/schema\/person\/be3c05fe6a12686905512445d8185489\"},\"headline\":\"\u0130skenderun A\u015fkarbeyli\u2019de Orman Yang\u0131n\u0131&#8230;\",\"datePublished\":\"2025-06-16T14:42:30+00:00\",\"mainEntityOfPage\":{\"@id\":\"http:\/\/denizcankizil.tr\/en\/haberler\/gundem\/iskenderun-askarbeylide-orman-yangini\/\"},\"wordCount\":168,\"publisher\":{\"@id\":\"https:\/\/denizcankizil.tr\/#organization\"},\"articleSection\":[\"G\u00fcndem\"],\"inLanguage\":\"ru-RU\"},{\"@type\":\"WebPage\",\"@id\":\"http:\/\/denizcankizil.tr\/en\/haberler\/gundem\/iskenderun-askarbeylide-orman-yangini\/\",\"url\":\"http:\/\/denizcankizil.tr\/en\/haberler\/gundem\/iskenderun-askarbeylide-orman-yangini\/\",\"name\":\"\u0130skenderun A\u015fkarbeyli\u2019de Orman Yang\u0131n\u0131... - Av. Deniz Can K\u0131z\u0131l\",\"isPartOf\":{\"@id\":\"https:\/\/denizcankizil.tr\/#website\"},\"datePublished\":\"2025-06-16T14:42:30+00:00\",\"breadcrumb\":{\"@id\":\"http:\/\/denizcankizil.tr\/en\/haberler\/gundem\/iskenderun-askarbeylide-orman-yangini\/#breadcrumb\"},\"inLanguage\":\"ru-RU\",\"potentialAction\":[{\"@type\":\"ReadAction\",\"target\":[\"http:\/\/denizcankizil.tr\/en\/haberler\/gundem\/iskenderun-askarbeylide-orman-yangini\/\"]}]},{\"@type\":\"BreadcrumbList\",\"@id\":\"http:\/\/denizcankizil.tr\/en\/haberler\/gundem\/iskenderun-askarbeylide-orman-yangini\/#breadcrumb\",\"itemListElement\":[{\"@type\":\"ListItem\",\"position\":1,\"name\":\"Home\",\"item\":\"https:\/\/denizcankizil.tr\/de\/\"},{\"@type\":\"ListItem\",\"position\":2,\"name\":\"\u0130skenderun A\u015fkarbeyli\u2019de Orman Yang\u0131n\u0131&#8230;\"}]},{\"@type\":\"WebSite\",\"@id\":\"https:\/\/denizcankizil.tr\/#website\",\"url\":\"https:\/\/denizcankizil.tr\/\",\"name\":\"Av. Deniz Can K\u0131z\u0131l\",\"description\":\"Avukat Deniz Can K\u0131z\u0131l Antalya Barosu\",\"publisher\":{\"@id\":\"https:\/\/denizcankizil.tr\/#organization\"},\"potentialAction\":[{\"@type\":\"SearchAction\",\"target\":{\"@type\":\"EntryPoint\",\"urlTemplate\":\"https:\/\/denizcankizil.tr\/?s={search_term_string}\"},\"query-input\":{\"@type\":\"PropertyValueSpecification\",\"valueRequired\":true,\"valueName\":\"search_term_string\"}}],\"inLanguage\":\"ru-RU\"},{\"@type\":\"Organization\",\"@id\":\"https:\/\/denizcankizil.tr\/#organization\",\"name\":\"Av. Deniz Can K\u0131z\u0131l\",\"url\":\"https:\/\/denizcankizil.tr\/\",\"logo\":{\"@type\":\"ImageObject\",\"inLanguage\":\"ru-RU\",\"@id\":\"https:\/\/denizcankizil.tr\/#\/schema\/logo\/image\/\",\"url\":\"https:\/\/denizcankizil.tr\/wp-content\/uploads\/2024\/10\/siyah-logo-svg.svg\",\"contentUrl\":\"https:\/\/denizcankizil.tr\/wp-content\/uploads\/2024\/10\/siyah-logo-svg.svg\",\"width\":1080,\"height\":1080,\"caption\":\"Av. Deniz Can K\u0131z\u0131l\"},\"image\":{\"@id\":\"https:\/\/denizcankizil.tr\/#\/schema\/logo\/image\/\"}},{\"@type\":\"Person\",\"@id\":\"https:\/\/denizcankizil.tr\/#\/schema\/person\/be3c05fe6a12686905512445d8185489\",\"name\":\"admin\",\"image\":{\"@type\":\"ImageObject\",\"inLanguage\":\"ru-RU\",\"@id\":\"https:\/\/denizcankizil.tr\/#\/schema\/person\/image\/\",\"url\":\"https:\/\/secure.gravatar.com\/avatar\/c1fce94c830dc79107e174f890d7210541c4a63e8e5d816341794a2151c9d58c?s=96&d=mm&r=g\",\"contentUrl\":\"https:\/\/secure.gravatar.com\/avatar\/c1fce94c830dc79107e174f890d7210541c4a63e8e5d816341794a2151c9d58c?s=96&d=mm&r=g\",\"caption\":\"admin\"},\"sameAs\":[\"http:\/\/denizcankizil.tr\"],\"url\":\"https:\/\/www.iskenderun.org\/iskenderun-askarbeylide-orman-yangini\"}]}<\/script>\n<!-- \/ Yoast SEO Premium plugin. -->","yoast_head_json":{"title":"\u0130skenderun A\u015fkarbeyli\u2019de Orman Yang\u0131n\u0131... - Av. Deniz Can K\u0131z\u0131l","robots":{"index":"index","follow":"follow","max-snippet":"max-snippet:-1","max-image-preview":"max-image-preview:large","max-video-preview":"max-video-preview:-1"},"canonical":"http:\/\/denizcankizil.tr\/ru\/haberler\/gundem\/iskenderun-askarbeylide-orman-yangini\/","og_locale":"ru_RU","og_type":"article","og_title":"\u0130skenderun A\u015fkarbeyli\u2019de Orman Yang\u0131n\u0131...","og_description":"\u0130hbar \u00fczerine b\u00f6lgeye h\u0131zla Orman \u0130\u015fletme M\u00fcd\u00fcrl\u00fc\u011f\u00fc ekipleri sevk edildi. K\u0131sa s\u00fcrede olay yerine ula\u015fan ekipler, yang\u0131n\u0131n daha fazla yay\u0131lmas\u0131n\u0131 \u00f6nlemek i\u00e7in yo\u011fun m\u00fcdahalede bulundu. Alevlere kar\u015f\u0131 y\u00fcr\u00fct\u00fclen s\u00f6nd\u00fcrme \u00e7al\u0131\u015fmalar\u0131na mahalle sakinleri de destek verdi. B\u00f6lge halk\u0131n\u0131n katk\u0131s\u0131yla yang\u0131na \u00fc\u00e7 ayr\u0131 noktadan m\u00fcdahale edilirken, ekiplerin yang\u0131n\u0131 kontrol alt\u0131na alma \u00e7abas\u0131 s\u00fcr\u00fcyor. Yang\u0131n\u0131n \u00e7\u0131k\u0131\u015f nedeni hen\u00fcz belirlenemezken, so\u011futma \u00e7al\u0131\u015fmalar\u0131n\u0131n yang\u0131n\u0131n kontrol alt\u0131na al\u0131nmas\u0131n\u0131n ard\u0131ndan ba\u015flayaca\u011f\u0131 belirtildi. \u200bHatay\u2019\u0131n \u0130skenderun il\u00e7esine ba\u011fl\u0131 A\u015fkarbeyli Mahallesi\u2019nde \u00f6\u011fleden sonra ormanl\u0131k alanda \u00e7\u0131kan yang\u0131n pani\u011fe neden oldu. Alevlerin y\u00fckseldi\u011fini g\u00f6ren vatanda\u015flar, durumu 112 Acil \u00c7a\u011fr\u0131 Merkezi\u2019ne bildirerek yetkilileri harekete ge\u00e7irdi.\u00a0 \u200bHaberin Al\u0131nt\u0131land\u0131\u011f\u0131 Kaynak: www.iskenderun.org","og_url":"http:\/\/denizcankizil.tr\/ru\/haberler\/gundem\/iskenderun-askarbeylide-orman-yangini\/","og_site_name":"Av. Deniz Can K\u0131z\u0131l","article_published_time":"2025-06-16T14:42:30+00:00","author":"admin","twitter_card":"summary_large_image","twitter_misc":{"\u041d\u0430\u043f\u0438\u0441\u0430\u043d\u043e \u0430\u0432\u0442\u043e\u0440\u043e\u043c":"admin","\u041f\u0440\u0438\u043c\u0435\u0440\u043d\u043e\u0435 \u0432\u0440\u0435\u043c\u044f \u0434\u043b\u044f \u0447\u0442\u0435\u043d\u0438\u044f":"1 \u043c\u0438\u043d\u0443\u0442\u0430"},"schema":{"@context":"https:\/\/schema.org","@graph":[{"@type":"Article","@id":"http:\/\/denizcankizil.tr\/en\/haberler\/gundem\/iskenderun-askarbeylide-orman-yangini\/#article","isPartOf":{"@id":"http:\/\/denizcankizil.tr\/en\/haberler\/gundem\/iskenderun-askarbeylide-orman-yangini\/"},"author":{"name":"admin","@id":"https:\/\/denizcankizil.tr\/#\/schema\/person\/be3c05fe6a12686905512445d8185489"},"headline":"\u0130skenderun A\u015fkarbeyli\u2019de Orman Yang\u0131n\u0131&#8230;","datePublished":"2025-06-16T14:42:30+00:00","mainEntityOfPage":{"@id":"http:\/\/denizcankizil.tr\/en\/haberler\/gundem\/iskenderun-askarbeylide-orman-yangini\/"},"wordCount":168,"publisher":{"@id":"https:\/\/denizcankizil.tr\/#organization"},"articleSection":["G\u00fcndem"],"inLanguage":"ru-RU"},{"@type":"WebPage","@id":"http:\/\/denizcankizil.tr\/en\/haberler\/gundem\/iskenderun-askarbeylide-orman-yangini\/","url":"http:\/\/denizcankizil.tr\/en\/haberler\/gundem\/iskenderun-askarbeylide-orman-yangini\/","name":"\u0130skenderun A\u015fkarbeyli\u2019de Orman Yang\u0131n\u0131... - Av. Deniz Can K\u0131z\u0131l","isPartOf":{"@id":"https:\/\/denizcankizil.tr\/#website"},"datePublished":"2025-06-16T14:42:30+00:00","breadcrumb":{"@id":"http:\/\/denizcankizil.tr\/en\/haberler\/gundem\/iskenderun-askarbeylide-orman-yangini\/#breadcrumb"},"inLanguage":"ru-RU","potentialAction":[{"@type":"ReadAction","target":["http:\/\/denizcankizil.tr\/en\/haberler\/gundem\/iskenderun-askarbeylide-orman-yangini\/"]}]},{"@type":"BreadcrumbList","@id":"http:\/\/denizcankizil.tr\/en\/haberler\/gundem\/iskenderun-askarbeylide-orman-yangini\/#breadcrumb","itemListElement":[{"@type":"ListItem","position":1,"name":"Home","item":"https:\/\/denizcankizil.tr\/de\/"},{"@type":"ListItem","position":2,"name":"\u0130skenderun A\u015fkarbeyli\u2019de Orman Yang\u0131n\u0131&#8230;"}]},{"@type":"WebSite","@id":"https:\/\/denizcankizil.tr\/#website","url":"https:\/\/denizcankizil.tr\/","name":"Av. Deniz Can K\u0131z\u0131l","description":"Avukat Deniz Can K\u0131z\u0131l Antalya Barosu","publisher":{"@id":"https:\/\/denizcankizil.tr\/#organization"},"potentialAction":[{"@type":"SearchAction","target":{"@type":"EntryPoint","urlTemplate":"https:\/\/denizcankizil.tr\/?s={search_term_string}"},"query-input":{"@type":"PropertyValueSpecification","valueRequired":true,"valueName":"search_term_string"}}],"inLanguage":"ru-RU"},{"@type":"Organization","@id":"https:\/\/denizcankizil.tr\/#organization","name":"Av. Deniz Can K\u0131z\u0131l","url":"https:\/\/denizcankizil.tr\/","logo":{"@type":"ImageObject","inLanguage":"ru-RU","@id":"https:\/\/denizcankizil.tr\/#\/schema\/logo\/image\/","url":"https:\/\/denizcankizil.tr\/wp-content\/uploads\/2024\/10\/siyah-logo-svg.svg","contentUrl":"https:\/\/denizcankizil.tr\/wp-content\/uploads\/2024\/10\/siyah-logo-svg.svg","width":1080,"height":1080,"caption":"Av. Deniz Can K\u0131z\u0131l"},"image":{"@id":"https:\/\/denizcankizil.tr\/#\/schema\/logo\/image\/"}},{"@type":"Person","@id":"https:\/\/denizcankizil.tr\/#\/schema\/person\/be3c05fe6a12686905512445d8185489","name":"\u0430\u0434\u043c\u0438\u043d","image":{"@type":"ImageObject","inLanguage":"ru-RU","@id":"https:\/\/denizcankizil.tr\/#\/schema\/person\/image\/","url":"https:\/\/secure.gravatar.com\/avatar\/c1fce94c830dc79107e174f890d7210541c4a63e8e5d816341794a2151c9d58c?s=96&d=mm&r=g","contentUrl":"https:\/\/secure.gravatar.com\/avatar\/c1fce94c830dc79107e174f890d7210541c4a63e8e5d816341794a2151c9d58c?s=96&d=mm&r=g","caption":"admin"},"sameAs":["http:\/\/denizcankizil.tr"],"url":"https:\/\/www.iskenderun.org\/iskenderun-askarbeylide-orman-yangini"}]}},"_links":{"self":[{"href":"https:\/\/denizcankizil.tr\/ru\/wp-json\/wp\/v2\/posts\/117757","targetHints":{"allow":["GET"]}}],"collection":[{"href":"https:\/\/denizcankizil.tr\/ru\/wp-json\/wp\/v2\/posts"}],"about":[{"href":"https:\/\/denizcankizil.tr\/ru\/wp-json\/wp\/v2\/types\/post"}],"author":[{"embeddable":true,"href":"https:\/\/denizcankizil.tr\/ru\/wp-json\/wp\/v2\/users\/1"}],"replies":[{"embeddable":true,"href":"https:\/\/denizcankizil.tr\/ru\/wp-json\/wp\/v2\/comments?post=117757"}],"version-history":[{"count":0,"href":"https:\/\/denizcankizil.tr\/ru\/wp-json\/wp\/v2\/posts\/117757\/revisions"}],"wp:attachment":[{"href":"https:\/\/denizcankizil.tr\/ru\/wp-json\/wp\/v2\/media?parent=117757"}],"wp:term":[{"taxonomy":"category","embeddable":true,"href":"https:\/\/denizcankizil.tr\/ru\/wp-json\/wp\/v2\/categories?post=117757"},{"taxonomy":"post_tag","embeddable":true,"href":"https:\/\/denizcankizil.tr\/ru\/wp-json\/wp\/v2\/tags?post=117757"}],"curies":[{"name":"wp","href":"https:\/\/api.w.org\/{rel}","templated":true}]}}