{"id":117645,"date":"2025-06-16T15:41:15","date_gmt":"2025-06-16T12:41:15","guid":{"rendered":"https:\/\/denizcankizil.tr\/uncategorized-tr\/kepezden-ornek-tasarruf\/"},"modified":"2025-06-16T15:41:15","modified_gmt":"2025-06-16T12:41:15","slug":"kepezden-ornek-tasarruf","status":"publish","type":"post","link":"https:\/\/denizcankizil.tr\/ru\/haberler\/antalya\/kepezden-ornek-tasarruf\/","title":{"rendered":"Kepez&#8217;den \u00f6rnek tasarruf"},"content":{"rendered":"<p>Kepez Belediyesi, makine parkurundaki belediyeye ait ara\u00e7lar\u0131n t\u00fcm bak\u0131m ve onar\u0131m i\u015flemlerini kendi b\u00fcnyesinde ger\u00e7ekle\u015ftiriyor. Otomobilden kamyona, i\u015f makinelerinden hizmet ara\u00e7lar\u0131na kadar yakla\u015f\u0131k 300 arac\u0131n t\u00fcm bak\u0131m ve onar\u0131mlar\u0131, Kepez Belediyesi&#8217;nin at\u00f6lyelerinde, kendi personeli taraf\u0131ndan yap\u0131l\u0131yor. Motor bak\u0131m\u0131, kaporta, elektrik, tornac\u0131l\u0131k, i\u015f makineleri ve lastik de\u011fi\u015fimi gibi i\u015flemlerin tamam\u0131, alan\u0131nda uzman belediye personeli taraf\u0131ndan y\u00fcr\u00fct\u00fcl\u00fcyor. Makine \u0130kmal ve Bak\u0131m At\u00f6lyesi&#8217;nde 27 personelin 23&#8217;\u00fc teknik personel olarak g\u00f6rev yap\u0131yor. Bu ekip, belediyeye ba\u011fl\u0131 65 i\u015f makinesi ba\u015fta olmak \u00fczere t\u00fcm ara\u00e7lar\u0131n bak\u0131m, onar\u0131m ve ar\u0131za giderme i\u015flemlerini titizlikle yerine getiriyor. Kepez Belediyesi, d\u0131\u015far\u0131dan hizmet al\u0131m\u0131 yapmak yerine, kendi imkanlar\u0131yla daha ekonomik ve h\u0131zl\u0131 \u00e7\u00f6z\u00fcmler \u00fcretiyor.<br \/>\nAl\u0131n teriyle kamu b\u00fct\u00e7esine katk\u0131 sunan belediye \u00e7al\u0131\u015fanlar\u0131na te\u015fekk\u00fcr eden Ba\u015fkan Mesut Kocag\u00f6z, &#8220;Kepez Belediyesi&#8217;nin her kuru\u015fu, halk\u0131nd\u0131r. \u0130\u015fte bu y\u00fczden kamu kaynaklar\u0131n\u0131 kullan\u0131rken bir kez de\u011fil, bir\u00e7ok kez d\u00fc\u015f\u00fcnmemiz gerekiyor. Bu \u015fehirde \u00e7ocuklar\u0131m\u0131z\u0131n, gen\u00e7lerimizin, kad\u0131nlar\u0131m\u0131z\u0131n, ya\u015fl\u0131lar\u0131m\u0131z\u0131n, engellilerimizin hakk\u0131 var. Bu anlay\u0131\u015fla \u00e7al\u0131\u015fan, al\u0131n teriyle kamu b\u00fct\u00e7esine katk\u0131 sunan t\u00fcm emek\u00e7i arkada\u015flar\u0131ma te\u015fekk\u00fcr ediyorum&#8221; dedi.<\/p>\n<p>Kaynak: www.kanalv.com.tr Haber Sitesinden Al\u0131nm\u0131\u015ft\u0131r.<\/p>","protected":false},"excerpt":{"rendered":"<p>Kepez Belediyesi, makine parkurundaki belediyeye ait ara\u00e7lar\u0131n t\u00fcm bak\u0131m ve onar\u0131m i\u015flemlerini kendi b\u00fcnyesinde ger\u00e7ekle\u015ftiriyor. Otomobilden kamyona, i\u015f makinelerinden hizmet ara\u00e7lar\u0131na kadar yakla\u015f\u0131k 300 arac\u0131n t\u00fcm bak\u0131m ve onar\u0131mlar\u0131, Kepez Belediyesi&#8217;nin at\u00f6lyelerinde, kendi personeli taraf\u0131ndan yap\u0131l\u0131yor. Motor bak\u0131m\u0131, kaporta, elektrik, tornac\u0131l\u0131k, i\u015f makineleri ve lastik de\u011fi\u015fimi gibi i\u015flemlerin tamam\u0131, alan\u0131nda uzman belediye personeli taraf\u0131ndan y\u00fcr\u00fct\u00fcl\u00fcyor. Makine \u0130kmal ve Bak\u0131m At\u00f6lyesi&#8217;nde 27 personelin 23&#8217;\u00fc teknik personel olarak g\u00f6rev yap\u0131yor. Bu ekip, belediyeye ba\u011fl\u0131 65 i\u015f makinesi ba\u015fta olmak \u00fczere t\u00fcm ara\u00e7lar\u0131n bak\u0131m, onar\u0131m ve ar\u0131za giderme i\u015flemlerini titizlikle yerine getiriyor. Kepez Belediyesi, d\u0131\u015far\u0131dan hizmet al\u0131m\u0131 yapmak yerine, kendi imkanlar\u0131yla daha ekonomik ve h\u0131zl\u0131 \u00e7\u00f6z\u00fcmler \u00fcretiyor. Al\u0131n teriyle kamu b\u00fct\u00e7esine katk\u0131 sunan belediye \u00e7al\u0131\u015fanlar\u0131na te\u015fekk\u00fcr eden Ba\u015fkan Mesut Kocag\u00f6z, &#8220;Kepez Belediyesi&#8217;nin her kuru\u015fu, halk\u0131nd\u0131r. \u0130\u015fte bu y\u00fczden kamu kaynaklar\u0131n\u0131 kullan\u0131rken bir kez de\u011fil, bir\u00e7ok kez d\u00fc\u015f\u00fcnmemiz gerekiyor. Bu \u015fehirde \u00e7ocuklar\u0131m\u0131z\u0131n, gen\u00e7lerimizin, kad\u0131nlar\u0131m\u0131z\u0131n, ya\u015fl\u0131lar\u0131m\u0131z\u0131n, engellilerimizin hakk\u0131 var. Bu anlay\u0131\u015fla \u00e7al\u0131\u015fan, al\u0131n teriyle kamu b\u00fct\u00e7esine katk\u0131 sunan t\u00fcm emek\u00e7i arkada\u015flar\u0131ma te\u015fekk\u00fcr ediyorum&#8221; dedi. Kaynak: www.kanalv.com.tr Haber Sitesinden Al\u0131nm\u0131\u015ft\u0131r.<\/p>","protected":false},"author":4,"featured_media":0,"comment_status":"","ping_status":"open","sticky":false,"template":"","format":"standard","meta":{"_acf_changed":false,"footnotes":""},"categories":[26],"tags":[],"class_list":["post-117645","post","type-post","status-publish","format-standard","hentry","category-antalya"],"acf":[],"yoast_head":"<!-- This site is optimized with the Yoast SEO Premium plugin v26.6 (Yoast SEO v27.1.1) - https:\/\/yoast.com\/product\/yoast-seo-premium-wordpress\/ -->\n<title>Kepez&#039;den \u00f6rnek tasarruf - Av. Deniz Can K\u0131z\u0131l<\/title>\n<meta name=\"robots\" content=\"index, follow, max-snippet:-1, max-image-preview:large, max-video-preview:-1\" \/>\n<link rel=\"canonical\" href=\"https:\/\/denizcankizil.tr\/ru\/haberler\/antalya\/kepezden-ornek-tasarruf\/\" \/>\n<meta property=\"og:locale\" content=\"ru_RU\" \/>\n<meta property=\"og:type\" content=\"article\" \/>\n<meta property=\"og:title\" content=\"Kepez&#039;den \u00f6rnek tasarruf\" \/>\n<meta property=\"og:description\" content=\"Kepez Belediyesi, makine parkurundaki belediyeye ait ara\u00e7lar\u0131n t\u00fcm bak\u0131m ve onar\u0131m i\u015flemlerini kendi b\u00fcnyesinde ger\u00e7ekle\u015ftiriyor. Otomobilden kamyona, i\u015f makinelerinden hizmet ara\u00e7lar\u0131na kadar yakla\u015f\u0131k 300 arac\u0131n t\u00fcm bak\u0131m ve onar\u0131mlar\u0131, Kepez Belediyesi&#8217;nin at\u00f6lyelerinde, kendi personeli taraf\u0131ndan yap\u0131l\u0131yor. Motor bak\u0131m\u0131, kaporta, elektrik, tornac\u0131l\u0131k, i\u015f makineleri ve lastik de\u011fi\u015fimi gibi i\u015flemlerin tamam\u0131, alan\u0131nda uzman belediye personeli taraf\u0131ndan y\u00fcr\u00fct\u00fcl\u00fcyor. Makine \u0130kmal ve Bak\u0131m At\u00f6lyesi&#8217;nde 27 personelin 23&#8217;\u00fc teknik personel olarak g\u00f6rev yap\u0131yor. Bu ekip, belediyeye ba\u011fl\u0131 65 i\u015f makinesi ba\u015fta olmak \u00fczere t\u00fcm ara\u00e7lar\u0131n bak\u0131m, onar\u0131m ve ar\u0131za giderme i\u015flemlerini titizlikle yerine getiriyor. Kepez Belediyesi, d\u0131\u015far\u0131dan hizmet al\u0131m\u0131 yapmak yerine, kendi imkanlar\u0131yla daha ekonomik ve h\u0131zl\u0131 \u00e7\u00f6z\u00fcmler \u00fcretiyor. Al\u0131n teriyle kamu b\u00fct\u00e7esine katk\u0131 sunan belediye \u00e7al\u0131\u015fanlar\u0131na te\u015fekk\u00fcr eden Ba\u015fkan Mesut Kocag\u00f6z, &#8220;Kepez Belediyesi&#8217;nin her kuru\u015fu, halk\u0131nd\u0131r. \u0130\u015fte bu y\u00fczden kamu kaynaklar\u0131n\u0131 kullan\u0131rken bir kez de\u011fil, bir\u00e7ok kez d\u00fc\u015f\u00fcnmemiz gerekiyor. Bu \u015fehirde \u00e7ocuklar\u0131m\u0131z\u0131n, gen\u00e7lerimizin, kad\u0131nlar\u0131m\u0131z\u0131n, ya\u015fl\u0131lar\u0131m\u0131z\u0131n, engellilerimizin hakk\u0131 var. Bu anlay\u0131\u015fla \u00e7al\u0131\u015fan, al\u0131n teriyle kamu b\u00fct\u00e7esine katk\u0131 sunan t\u00fcm emek\u00e7i arkada\u015flar\u0131ma te\u015fekk\u00fcr ediyorum&#8221; dedi. Kaynak: www.kanalv.com.tr Haber Sitesinden Al\u0131nm\u0131\u015ft\u0131r.\" \/>\n<meta property=\"og:url\" content=\"https:\/\/denizcankizil.tr\/ru\/haberler\/antalya\/kepezden-ornek-tasarruf\/\" \/>\n<meta property=\"og:site_name\" content=\"Av. Deniz Can K\u0131z\u0131l\" \/>\n<meta property=\"article:published_time\" content=\"2025-06-16T12:41:15+00:00\" \/>\n<meta name=\"author\" content=\"Av. Deniz Can K\u0131z\u0131l\" \/>\n<meta name=\"twitter:card\" content=\"summary_large_image\" \/>\n<meta name=\"twitter:label1\" content=\"\u041d\u0430\u043f\u0438\u0441\u0430\u043d\u043e \u0430\u0432\u0442\u043e\u0440\u043e\u043c\" \/>\n\t<meta name=\"twitter:data1\" content=\"Av. Deniz Can K\u0131z\u0131l\" \/>\n\t<meta name=\"twitter:label2\" content=\"\u041f\u0440\u0438\u043c\u0435\u0440\u043d\u043e\u0435 \u0432\u0440\u0435\u043c\u044f \u0434\u043b\u044f \u0447\u0442\u0435\u043d\u0438\u044f\" \/>\n\t<meta name=\"twitter:data2\" content=\"1 \u043c\u0438\u043d\u0443\u0442\u0430\" \/>\n<script type=\"application\/ld+json\" class=\"yoast-schema-graph\">{\"@context\":\"https:\/\/schema.org\",\"@graph\":[{\"@type\":\"Article\",\"@id\":\"https:\/\/denizcankizil.tr\/ru\/haberler\/antalya\/kepezden-ornek-tasarruf\/#article\",\"isPartOf\":{\"@id\":\"https:\/\/denizcankizil.tr\/ru\/haberler\/antalya\/kepezden-ornek-tasarruf\/\"},\"author\":{\"name\":\"Av. Deniz Can K\u0131z\u0131l\",\"@id\":\"https:\/\/denizcankizil.tr\/#\/schema\/person\/5dc1b22991bd7ac833867c10afc9b0ff\"},\"headline\":\"Kepez&#8217;den \u00f6rnek tasarruf\",\"datePublished\":\"2025-06-16T12:41:15+00:00\",\"mainEntityOfPage\":{\"@id\":\"https:\/\/denizcankizil.tr\/ru\/haberler\/antalya\/kepezden-ornek-tasarruf\/\"},\"wordCount\":266,\"publisher\":{\"@id\":\"https:\/\/denizcankizil.tr\/#organization\"},\"articleSection\":[\"Antalya\"],\"inLanguage\":\"ru-RU\"},{\"@type\":\"WebPage\",\"@id\":\"https:\/\/denizcankizil.tr\/ru\/haberler\/antalya\/kepezden-ornek-tasarruf\/\",\"url\":\"https:\/\/denizcankizil.tr\/ru\/haberler\/antalya\/kepezden-ornek-tasarruf\/\",\"name\":\"Kepez'den \u00f6rnek tasarruf - Av. Deniz Can K\u0131z\u0131l\",\"isPartOf\":{\"@id\":\"https:\/\/denizcankizil.tr\/#website\"},\"datePublished\":\"2025-06-16T12:41:15+00:00\",\"breadcrumb\":{\"@id\":\"https:\/\/denizcankizil.tr\/ru\/haberler\/antalya\/kepezden-ornek-tasarruf\/#breadcrumb\"},\"inLanguage\":\"ru-RU\",\"potentialAction\":[{\"@type\":\"ReadAction\",\"target\":[\"https:\/\/denizcankizil.tr\/ru\/haberler\/antalya\/kepezden-ornek-tasarruf\/\"]}]},{\"@type\":\"BreadcrumbList\",\"@id\":\"https:\/\/denizcankizil.tr\/ru\/haberler\/antalya\/kepezden-ornek-tasarruf\/#breadcrumb\",\"itemListElement\":[{\"@type\":\"ListItem\",\"position\":1,\"name\":\"Home\",\"item\":\"https:\/\/denizcankizil.tr\/de\/\"},{\"@type\":\"ListItem\",\"position\":2,\"name\":\"Kepez&#8217;den \u00f6rnek tasarruf\"}]},{\"@type\":\"WebSite\",\"@id\":\"https:\/\/denizcankizil.tr\/#website\",\"url\":\"https:\/\/denizcankizil.tr\/\",\"name\":\"Av. Deniz Can K\u0131z\u0131l\",\"description\":\"Avukat Deniz Can K\u0131z\u0131l Antalya Barosu\",\"publisher\":{\"@id\":\"https:\/\/denizcankizil.tr\/#organization\"},\"potentialAction\":[{\"@type\":\"SearchAction\",\"target\":{\"@type\":\"EntryPoint\",\"urlTemplate\":\"https:\/\/denizcankizil.tr\/?s={search_term_string}\"},\"query-input\":{\"@type\":\"PropertyValueSpecification\",\"valueRequired\":true,\"valueName\":\"search_term_string\"}}],\"inLanguage\":\"ru-RU\"},{\"@type\":\"Organization\",\"@id\":\"https:\/\/denizcankizil.tr\/#organization\",\"name\":\"Av. Deniz Can K\u0131z\u0131l\",\"url\":\"https:\/\/denizcankizil.tr\/\",\"logo\":{\"@type\":\"ImageObject\",\"inLanguage\":\"ru-RU\",\"@id\":\"https:\/\/denizcankizil.tr\/#\/schema\/logo\/image\/\",\"url\":\"https:\/\/denizcankizil.tr\/wp-content\/uploads\/2024\/10\/siyah-logo-svg.svg\",\"contentUrl\":\"https:\/\/denizcankizil.tr\/wp-content\/uploads\/2024\/10\/siyah-logo-svg.svg\",\"width\":1080,\"height\":1080,\"caption\":\"Av. Deniz Can K\u0131z\u0131l\"},\"image\":{\"@id\":\"https:\/\/denizcankizil.tr\/#\/schema\/logo\/image\/\"}},{\"@type\":\"Person\",\"@id\":\"https:\/\/denizcankizil.tr\/#\/schema\/person\/5dc1b22991bd7ac833867c10afc9b0ff\",\"name\":\"Av. Deniz Can K\u0131z\u0131l\",\"image\":{\"@type\":\"ImageObject\",\"inLanguage\":\"ru-RU\",\"@id\":\"https:\/\/denizcankizil.tr\/#\/schema\/person\/image\/\",\"url\":\"https:\/\/secure.gravatar.com\/avatar\/a0b128fb9855c79efc976d5640eedb31dc35ec297594d6016d2cf7c60e975bb6?s=96&d=mm&r=g\",\"contentUrl\":\"https:\/\/secure.gravatar.com\/avatar\/a0b128fb9855c79efc976d5640eedb31dc35ec297594d6016d2cf7c60e975bb6?s=96&d=mm&r=g\",\"caption\":\"Av. Deniz Can K\u0131z\u0131l\"},\"sameAs\":[\"http:\/\/www.denizcankizil.tr\"],\"url\":\"https:\/\/denizcankizil.tr\/ru\/author\/denizcankizil\/\"}]}<\/script>\n<!-- \/ Yoast SEO Premium plugin. -->","yoast_head_json":{"title":"Kepez'den \u00f6rnek tasarruf - Av. Deniz Can K\u0131z\u0131l","robots":{"index":"index","follow":"follow","max-snippet":"max-snippet:-1","max-image-preview":"max-image-preview:large","max-video-preview":"max-video-preview:-1"},"canonical":"https:\/\/denizcankizil.tr\/ru\/haberler\/antalya\/kepezden-ornek-tasarruf\/","og_locale":"ru_RU","og_type":"article","og_title":"Kepez'den \u00f6rnek tasarruf","og_description":"Kepez Belediyesi, makine parkurundaki belediyeye ait ara\u00e7lar\u0131n t\u00fcm bak\u0131m ve onar\u0131m i\u015flemlerini kendi b\u00fcnyesinde ger\u00e7ekle\u015ftiriyor. Otomobilden kamyona, i\u015f makinelerinden hizmet ara\u00e7lar\u0131na kadar yakla\u015f\u0131k 300 arac\u0131n t\u00fcm bak\u0131m ve onar\u0131mlar\u0131, Kepez Belediyesi&#8217;nin at\u00f6lyelerinde, kendi personeli taraf\u0131ndan yap\u0131l\u0131yor. Motor bak\u0131m\u0131, kaporta, elektrik, tornac\u0131l\u0131k, i\u015f makineleri ve lastik de\u011fi\u015fimi gibi i\u015flemlerin tamam\u0131, alan\u0131nda uzman belediye personeli taraf\u0131ndan y\u00fcr\u00fct\u00fcl\u00fcyor. Makine \u0130kmal ve Bak\u0131m At\u00f6lyesi&#8217;nde 27 personelin 23&#8217;\u00fc teknik personel olarak g\u00f6rev yap\u0131yor. Bu ekip, belediyeye ba\u011fl\u0131 65 i\u015f makinesi ba\u015fta olmak \u00fczere t\u00fcm ara\u00e7lar\u0131n bak\u0131m, onar\u0131m ve ar\u0131za giderme i\u015flemlerini titizlikle yerine getiriyor. Kepez Belediyesi, d\u0131\u015far\u0131dan hizmet al\u0131m\u0131 yapmak yerine, kendi imkanlar\u0131yla daha ekonomik ve h\u0131zl\u0131 \u00e7\u00f6z\u00fcmler \u00fcretiyor. Al\u0131n teriyle kamu b\u00fct\u00e7esine katk\u0131 sunan belediye \u00e7al\u0131\u015fanlar\u0131na te\u015fekk\u00fcr eden Ba\u015fkan Mesut Kocag\u00f6z, &#8220;Kepez Belediyesi&#8217;nin her kuru\u015fu, halk\u0131nd\u0131r. \u0130\u015fte bu y\u00fczden kamu kaynaklar\u0131n\u0131 kullan\u0131rken bir kez de\u011fil, bir\u00e7ok kez d\u00fc\u015f\u00fcnmemiz gerekiyor. Bu \u015fehirde \u00e7ocuklar\u0131m\u0131z\u0131n, gen\u00e7lerimizin, kad\u0131nlar\u0131m\u0131z\u0131n, ya\u015fl\u0131lar\u0131m\u0131z\u0131n, engellilerimizin hakk\u0131 var. Bu anlay\u0131\u015fla \u00e7al\u0131\u015fan, al\u0131n teriyle kamu b\u00fct\u00e7esine katk\u0131 sunan t\u00fcm emek\u00e7i arkada\u015flar\u0131ma te\u015fekk\u00fcr ediyorum&#8221; dedi. Kaynak: www.kanalv.com.tr Haber Sitesinden Al\u0131nm\u0131\u015ft\u0131r.","og_url":"https:\/\/denizcankizil.tr\/ru\/haberler\/antalya\/kepezden-ornek-tasarruf\/","og_site_name":"Av. Deniz Can K\u0131z\u0131l","article_published_time":"2025-06-16T12:41:15+00:00","author":"Av. Deniz Can K\u0131z\u0131l","twitter_card":"summary_large_image","twitter_misc":{"\u041d\u0430\u043f\u0438\u0441\u0430\u043d\u043e \u0430\u0432\u0442\u043e\u0440\u043e\u043c":"Av. Deniz Can K\u0131z\u0131l","\u041f\u0440\u0438\u043c\u0435\u0440\u043d\u043e\u0435 \u0432\u0440\u0435\u043c\u044f \u0434\u043b\u044f \u0447\u0442\u0435\u043d\u0438\u044f":"1 \u043c\u0438\u043d\u0443\u0442\u0430"},"schema":{"@context":"https:\/\/schema.org","@graph":[{"@type":"Article","@id":"https:\/\/denizcankizil.tr\/ru\/haberler\/antalya\/kepezden-ornek-tasarruf\/#article","isPartOf":{"@id":"https:\/\/denizcankizil.tr\/ru\/haberler\/antalya\/kepezden-ornek-tasarruf\/"},"author":{"name":"Av. Deniz Can K\u0131z\u0131l","@id":"https:\/\/denizcankizil.tr\/#\/schema\/person\/5dc1b22991bd7ac833867c10afc9b0ff"},"headline":"Kepez&#8217;den \u00f6rnek tasarruf","datePublished":"2025-06-16T12:41:15+00:00","mainEntityOfPage":{"@id":"https:\/\/denizcankizil.tr\/ru\/haberler\/antalya\/kepezden-ornek-tasarruf\/"},"wordCount":266,"publisher":{"@id":"https:\/\/denizcankizil.tr\/#organization"},"articleSection":["Antalya"],"inLanguage":"ru-RU"},{"@type":"WebPage","@id":"https:\/\/denizcankizil.tr\/ru\/haberler\/antalya\/kepezden-ornek-tasarruf\/","url":"https:\/\/denizcankizil.tr\/ru\/haberler\/antalya\/kepezden-ornek-tasarruf\/","name":"Kepez'den \u00f6rnek tasarruf - Av. Deniz Can K\u0131z\u0131l","isPartOf":{"@id":"https:\/\/denizcankizil.tr\/#website"},"datePublished":"2025-06-16T12:41:15+00:00","breadcrumb":{"@id":"https:\/\/denizcankizil.tr\/ru\/haberler\/antalya\/kepezden-ornek-tasarruf\/#breadcrumb"},"inLanguage":"ru-RU","potentialAction":[{"@type":"ReadAction","target":["https:\/\/denizcankizil.tr\/ru\/haberler\/antalya\/kepezden-ornek-tasarruf\/"]}]},{"@type":"BreadcrumbList","@id":"https:\/\/denizcankizil.tr\/ru\/haberler\/antalya\/kepezden-ornek-tasarruf\/#breadcrumb","itemListElement":[{"@type":"ListItem","position":1,"name":"Home","item":"https:\/\/denizcankizil.tr\/de\/"},{"@type":"ListItem","position":2,"name":"Kepez&#8217;den \u00f6rnek tasarruf"}]},{"@type":"WebSite","@id":"https:\/\/denizcankizil.tr\/#website","url":"https:\/\/denizcankizil.tr\/","name":"Av. Deniz Can K\u0131z\u0131l","description":"Avukat Deniz Can K\u0131z\u0131l Antalya Barosu","publisher":{"@id":"https:\/\/denizcankizil.tr\/#organization"},"potentialAction":[{"@type":"SearchAction","target":{"@type":"EntryPoint","urlTemplate":"https:\/\/denizcankizil.tr\/?s={search_term_string}"},"query-input":{"@type":"PropertyValueSpecification","valueRequired":true,"valueName":"search_term_string"}}],"inLanguage":"ru-RU"},{"@type":"Organization","@id":"https:\/\/denizcankizil.tr\/#organization","name":"Av. Deniz Can K\u0131z\u0131l","url":"https:\/\/denizcankizil.tr\/","logo":{"@type":"ImageObject","inLanguage":"ru-RU","@id":"https:\/\/denizcankizil.tr\/#\/schema\/logo\/image\/","url":"https:\/\/denizcankizil.tr\/wp-content\/uploads\/2024\/10\/siyah-logo-svg.svg","contentUrl":"https:\/\/denizcankizil.tr\/wp-content\/uploads\/2024\/10\/siyah-logo-svg.svg","width":1080,"height":1080,"caption":"Av. Deniz Can K\u0131z\u0131l"},"image":{"@id":"https:\/\/denizcankizil.tr\/#\/schema\/logo\/image\/"}},{"@type":"Person","@id":"https:\/\/denizcankizil.tr\/#\/schema\/person\/5dc1b22991bd7ac833867c10afc9b0ff","name":"Av. Deniz Can K\u0131z\u0131l","image":{"@type":"ImageObject","inLanguage":"ru-RU","@id":"https:\/\/denizcankizil.tr\/#\/schema\/person\/image\/","url":"https:\/\/secure.gravatar.com\/avatar\/a0b128fb9855c79efc976d5640eedb31dc35ec297594d6016d2cf7c60e975bb6?s=96&d=mm&r=g","contentUrl":"https:\/\/secure.gravatar.com\/avatar\/a0b128fb9855c79efc976d5640eedb31dc35ec297594d6016d2cf7c60e975bb6?s=96&d=mm&r=g","caption":"Av. Deniz Can K\u0131z\u0131l"},"sameAs":["http:\/\/www.denizcankizil.tr"],"url":"https:\/\/denizcankizil.tr\/ru\/author\/denizcankizil\/"}]}},"_links":{"self":[{"href":"https:\/\/denizcankizil.tr\/ru\/wp-json\/wp\/v2\/posts\/117645","targetHints":{"allow":["GET"]}}],"collection":[{"href":"https:\/\/denizcankizil.tr\/ru\/wp-json\/wp\/v2\/posts"}],"about":[{"href":"https:\/\/denizcankizil.tr\/ru\/wp-json\/wp\/v2\/types\/post"}],"author":[{"embeddable":true,"href":"https:\/\/denizcankizil.tr\/ru\/wp-json\/wp\/v2\/users\/4"}],"replies":[{"embeddable":true,"href":"https:\/\/denizcankizil.tr\/ru\/wp-json\/wp\/v2\/comments?post=117645"}],"version-history":[{"count":0,"href":"https:\/\/denizcankizil.tr\/ru\/wp-json\/wp\/v2\/posts\/117645\/revisions"}],"wp:attachment":[{"href":"https:\/\/denizcankizil.tr\/ru\/wp-json\/wp\/v2\/media?parent=117645"}],"wp:term":[{"taxonomy":"category","embeddable":true,"href":"https:\/\/denizcankizil.tr\/ru\/wp-json\/wp\/v2\/categories?post=117645"},{"taxonomy":"post_tag","embeddable":true,"href":"https:\/\/denizcankizil.tr\/ru\/wp-json\/wp\/v2\/tags?post=117645"}],"curies":[{"name":"wp","href":"https:\/\/api.w.org\/{rel}","templated":true}]}}