{"id":117409,"date":"2025-06-16T06:42:11","date_gmt":"2025-06-16T03:42:11","guid":{"rendered":"https:\/\/denizcankizil.tr\/uncategorized-tr\/izmir-buyuksehir-zabitasi-yanginda-seferber-oldu\/"},"modified":"2025-06-16T06:42:11","modified_gmt":"2025-06-16T03:42:11","slug":"izmir-buyuksehir-zabitasi-yanginda-seferber-oldu","status":"publish","type":"post","link":"https:\/\/denizcankizil.tr\/ru\/haberler\/gundem\/izmir-buyuksehir-zabitasi-yanginda-seferber-oldu\/","title":{"rendered":"\u0130zmir B\u00fcy\u00fck\u015fehir Zab\u0131tas\u0131 yang\u0131nda seferber oldu"},"content":{"rendered":"<p>\u0130zmir&#8217;de Medicana Hastanesi yak\u0131n\u0131ndaki bir plastik deposunda \u00e7\u0131kan yang\u0131n \u0130zmir \u0130tfaiyesi ekiplerinin yo\u011fun m\u00fccadelesi sonucu hastaneye sirayet etmedi. Zab\u0131ta ekipleri hastalar\u0131n tahliyesini ve b\u00f6lgedeki g\u00fcvenli\u011fi sa\u011flarken, trafik ak\u0131\u015f\u0131n\u0131 da d\u00fczenledi.\u0130ZM\u0130R (\u0130GFA) &#8211; \u0130zmir B\u00fcy\u00fck\u015fehir Belediyesi, Medicana Hastanesi&#8217;nin yak\u0131n\u0131nda plastik deposunda \u00e7\u0131kan yang\u0131n i\u00e7in seferber oldu.<br \/>\n\u0130tfaiye Daire Ba\u015fkanl\u0131\u011f\u0131 ekipleri yang\u0131n\u0131 s\u00f6nd\u00fcrmek i\u00e7in m\u00fccadele ederken \u0130zmir B\u00fcy\u00fck\u015fehir Belediyesi Zab\u0131ta ekipleri de hastalar\u0131n tahliyesini ve b\u00f6lgedeki g\u00fcvenli\u011fi sa\u011flad\u0131, trafik ak\u0131\u015f\u0131n\u0131 d\u00fczenledi.<\/p>\n<p>\u0130tfaiye Daire Ba\u015fkanl\u0131\u011f\u0131&#8217;n\u0131n yan\u0131 s\u0131ra yang\u0131n ihbar\u0131n\u0131n hemen ard\u0131ndan b\u00f6lgeye giden \u0130zmir B\u00fcy\u00fck\u015fehir Belediyesi Zab\u0131ta Daire Ba\u015fkanl\u0131\u011f\u0131&#8217;ndan 100 zab\u0131ta, emniyet ve hastane g\u00f6revlileri ile birlikte \u00f6nlem ama\u00e7l\u0131 hastanedeki hastalar\u0131n ve yak\u0131nlar\u0131n\u0131n tahliyesini sa\u011flad\u0131.<br \/>\nKatlara giren ekipler \u00f6ncelikle yo\u011fun bak\u0131m \u00fcnitesi ve k\u00fcv\u00f6zdeki bebeklerin g\u00fcvenli bir \u015fekilde naklini yapt\u0131.<\/p>\n<p>Ald\u0131klar\u0131 temel ya\u015fam ve yang\u0131n e\u011fitimleri sayesinde temel ya\u015fam deste\u011fi de sunan ekipler ayn\u0131 zamanda hastane \u00e7evresindeki trafik d\u00fczenini de korudu. Ge\u00e7i\u015f \u00fcst\u00fcnl\u00fc\u011f\u00fc olan acil kurtarma ve itfaiye ara\u00e7lar\u0131n\u0131n b\u00f6lgeye ula\u015f\u0131m\u0131n\u0131 kolayla\u015ft\u0131rd\u0131. Zab\u0131ta ekiplerinin yang\u0131n b\u00f6lgesinde \u00e7al\u0131\u015fmalar\u0131n\u0131 s\u00fcrd\u00fcrd\u00fc\u011f\u00fc bildirildi.<\/p>\n<p>\u200b\u0130zmir&#8217;de Medicana Hastanesi yak\u0131n\u0131ndaki bir plastik deposunda \u00e7\u0131kan yang\u0131n \u0130zmir \u0130tfaiyesi ekiplerinin yo\u011fun m\u00fccadelesi sonucu hastaneye sirayet etmedi. Zab\u0131ta ekipleri hastalar\u0131n tahliyesini ve b\u00f6lgedeki g\u00fcvenli\u011fi sa\u011flarken, trafik ak\u0131\u015f\u0131n\u0131 da d\u00fczenledi.\u0130ZM\u0130R (\u0130GFA) &#8211; \u0130zmir B\u00fcy\u00fck\u015fehir Belediyesi, Medicana Hastanesi&#8217;nin yak\u0131n\u0131nda plastik deposunda \u00e7\u0131kan yang\u0131n i\u00e7in seferber oldu.<br \/>\n\u0130tfaiye Daire Ba\u015fkanl\u0131\u011f\u0131 ekipleri yang\u0131n\u0131 s\u00f6nd\u00fcrmek i\u00e7in m\u00fccadele ederken \u0130zmir B\u00fcy\u00fck\u015fehir Belediyesi Zab\u0131ta ekipleri de hastalar\u0131n tahliyesini ve b\u00f6lgedeki g\u00fcvenli\u011fi sa\u011flad\u0131, trafik ak\u0131\u015f\u0131n\u0131 d\u00fczenledi.<\/p>\n<p>\u0130tfaiye Daire Ba\u015fkanl\u0131\u011f\u0131&#8217;n\u0131n yan\u0131 s\u0131ra yang\u0131n ihbar\u0131n\u0131n hemen ard\u0131ndan b\u00f6lgeye giden \u0130zmir B\u00fcy\u00fck\u015fehir Belediyesi Zab\u0131ta Daire Ba\u015fkanl\u0131\u011f\u0131&#8217;ndan 100 zab\u0131ta, emniyet ve hastane g\u00f6revlileri ile birlikte \u00f6nlem ama\u00e7l\u0131 hastanedeki hastalar\u0131n ve yak\u0131nlar\u0131n\u0131n tahliyesini sa\u011flad\u0131.<br \/>\nKatlara giren ekipler \u00f6ncelikle yo\u011fun bak\u0131m \u00fcnitesi ve k\u00fcv\u00f6zdeki bebeklerin g\u00fcvenli bir \u015fekilde naklini yapt\u0131.<\/p>\n<p>Ald\u0131klar\u0131 temel ya\u015fam ve yang\u0131n e\u011fitimleri sayesinde temel ya\u015fam deste\u011fi de sunan ekipler ayn\u0131 zamanda hastane \u00e7evresindeki trafik d\u00fczenini de korudu. Ge\u00e7i\u015f \u00fcst\u00fcnl\u00fc\u011f\u00fc olan acil kurtarma ve itfaiye ara\u00e7lar\u0131n\u0131n b\u00f6lgeye ula\u015f\u0131m\u0131n\u0131 kolayla\u015ft\u0131rd\u0131. Zab\u0131ta ekiplerinin yang\u0131n b\u00f6lgesinde \u00e7al\u0131\u015fmalar\u0131n\u0131 s\u00fcrd\u00fcrd\u00fc\u011f\u00fc bildirildi.\u00a0<\/p>\n<p>\u200bHaberin Al\u0131nt\u0131land\u0131\u011f\u0131 Kaynak: www.iskenderun.org<\/p>","protected":false},"excerpt":{"rendered":"<p>\u0130zmir&#8217;de Medicana Hastanesi yak\u0131n\u0131ndaki bir plastik deposunda \u00e7\u0131kan yang\u0131n \u0130zmir \u0130tfaiyesi ekiplerinin yo\u011fun m\u00fccadelesi sonucu hastaneye sirayet etmedi. Zab\u0131ta ekipleri hastalar\u0131n tahliyesini ve b\u00f6lgedeki g\u00fcvenli\u011fi sa\u011flarken, trafik ak\u0131\u015f\u0131n\u0131 da d\u00fczenledi.\u0130ZM\u0130R (\u0130GFA) &#8211; \u0130zmir B\u00fcy\u00fck\u015fehir Belediyesi, Medicana Hastanesi&#8217;nin yak\u0131n\u0131nda plastik deposunda \u00e7\u0131kan yang\u0131n i\u00e7in seferber oldu. \u0130tfaiye Daire Ba\u015fkanl\u0131\u011f\u0131 ekipleri yang\u0131n\u0131 s\u00f6nd\u00fcrmek i\u00e7in m\u00fccadele ederken \u0130zmir B\u00fcy\u00fck\u015fehir Belediyesi Zab\u0131ta ekipleri de hastalar\u0131n tahliyesini ve b\u00f6lgedeki g\u00fcvenli\u011fi sa\u011flad\u0131, trafik ak\u0131\u015f\u0131n\u0131 d\u00fczenledi. \u0130tfaiye Daire Ba\u015fkanl\u0131\u011f\u0131&#8217;n\u0131n yan\u0131 s\u0131ra yang\u0131n ihbar\u0131n\u0131n hemen ard\u0131ndan b\u00f6lgeye giden \u0130zmir B\u00fcy\u00fck\u015fehir Belediyesi Zab\u0131ta Daire Ba\u015fkanl\u0131\u011f\u0131&#8217;ndan 100 zab\u0131ta, emniyet ve hastane g\u00f6revlileri ile birlikte \u00f6nlem ama\u00e7l\u0131 hastanedeki hastalar\u0131n ve yak\u0131nlar\u0131n\u0131n tahliyesini sa\u011flad\u0131. Katlara giren ekipler \u00f6ncelikle yo\u011fun bak\u0131m \u00fcnitesi ve k\u00fcv\u00f6zdeki bebeklerin g\u00fcvenli bir \u015fekilde naklini yapt\u0131. Ald\u0131klar\u0131 temel ya\u015fam ve yang\u0131n e\u011fitimleri sayesinde temel ya\u015fam deste\u011fi de sunan ekipler ayn\u0131 zamanda hastane \u00e7evresindeki trafik d\u00fczenini de korudu. Ge\u00e7i\u015f \u00fcst\u00fcnl\u00fc\u011f\u00fc olan acil kurtarma ve itfaiye ara\u00e7lar\u0131n\u0131n b\u00f6lgeye ula\u015f\u0131m\u0131n\u0131 kolayla\u015ft\u0131rd\u0131. Zab\u0131ta ekiplerinin yang\u0131n b\u00f6lgesinde \u00e7al\u0131\u015fmalar\u0131n\u0131 s\u00fcrd\u00fcrd\u00fc\u011f\u00fc bildirildi. \u200b\u0130zmir&#8217;de Medicana Hastanesi yak\u0131n\u0131ndaki bir plastik deposunda \u00e7\u0131kan yang\u0131n \u0130zmir \u0130tfaiyesi ekiplerinin yo\u011fun m\u00fccadelesi sonucu hastaneye sirayet etmedi. Zab\u0131ta ekipleri hastalar\u0131n tahliyesini ve b\u00f6lgedeki g\u00fcvenli\u011fi sa\u011flarken, trafik ak\u0131\u015f\u0131n\u0131 da d\u00fczenledi.\u0130ZM\u0130R (\u0130GFA) &#8211; \u0130zmir B\u00fcy\u00fck\u015fehir Belediyesi, Medicana Hastanesi&#8217;nin yak\u0131n\u0131nda plastik deposunda \u00e7\u0131kan yang\u0131n i\u00e7in seferber &hellip;<\/p>","protected":false},"author":1,"featured_media":0,"comment_status":"","ping_status":"open","sticky":false,"template":"","format":"standard","meta":{"_acf_changed":false,"footnotes":""},"categories":[24],"tags":[],"class_list":["post-117409","post","type-post","status-publish","format-standard","has-post-thumbnail","hentry","category-gundem"],"acf":[],"yoast_head":"<!-- This site is optimized with the Yoast SEO Premium plugin v26.6 (Yoast SEO v27.1.1) - https:\/\/yoast.com\/product\/yoast-seo-premium-wordpress\/ -->\n<title>\u0130zmir B\u00fcy\u00fck\u015fehir Zab\u0131tas\u0131 yang\u0131nda seferber oldu - Av. Deniz Can K\u0131z\u0131l<\/title>\n<meta name=\"robots\" content=\"index, follow, max-snippet:-1, max-image-preview:large, max-video-preview:-1\" \/>\n<link rel=\"canonical\" href=\"https:\/\/denizcankizil.tr\/ru\/haberler\/gundem\/izmir-buyuksehir-zabitasi-yanginda-seferber-oldu\/\" \/>\n<meta property=\"og:locale\" content=\"ru_RU\" \/>\n<meta property=\"og:type\" content=\"article\" \/>\n<meta property=\"og:title\" content=\"\u0130zmir B\u00fcy\u00fck\u015fehir Zab\u0131tas\u0131 yang\u0131nda seferber oldu\" \/>\n<meta property=\"og:description\" content=\"\u0130zmir&#8217;de Medicana Hastanesi yak\u0131n\u0131ndaki bir plastik deposunda \u00e7\u0131kan yang\u0131n \u0130zmir \u0130tfaiyesi ekiplerinin yo\u011fun m\u00fccadelesi sonucu hastaneye sirayet etmedi. Zab\u0131ta ekipleri hastalar\u0131n tahliyesini ve b\u00f6lgedeki g\u00fcvenli\u011fi sa\u011flarken, trafik ak\u0131\u015f\u0131n\u0131 da d\u00fczenledi.\u0130ZM\u0130R (\u0130GFA) &#8211; \u0130zmir B\u00fcy\u00fck\u015fehir Belediyesi, Medicana Hastanesi&#8217;nin yak\u0131n\u0131nda plastik deposunda \u00e7\u0131kan yang\u0131n i\u00e7in seferber oldu. \u0130tfaiye Daire Ba\u015fkanl\u0131\u011f\u0131 ekipleri yang\u0131n\u0131 s\u00f6nd\u00fcrmek i\u00e7in m\u00fccadele ederken \u0130zmir B\u00fcy\u00fck\u015fehir Belediyesi Zab\u0131ta ekipleri de hastalar\u0131n tahliyesini ve b\u00f6lgedeki g\u00fcvenli\u011fi sa\u011flad\u0131, trafik ak\u0131\u015f\u0131n\u0131 d\u00fczenledi. \u0130tfaiye Daire Ba\u015fkanl\u0131\u011f\u0131&#8217;n\u0131n yan\u0131 s\u0131ra yang\u0131n ihbar\u0131n\u0131n hemen ard\u0131ndan b\u00f6lgeye giden \u0130zmir B\u00fcy\u00fck\u015fehir Belediyesi Zab\u0131ta Daire Ba\u015fkanl\u0131\u011f\u0131&#8217;ndan 100 zab\u0131ta, emniyet ve hastane g\u00f6revlileri ile birlikte \u00f6nlem ama\u00e7l\u0131 hastanedeki hastalar\u0131n ve yak\u0131nlar\u0131n\u0131n tahliyesini sa\u011flad\u0131. Katlara giren ekipler \u00f6ncelikle yo\u011fun bak\u0131m \u00fcnitesi ve k\u00fcv\u00f6zdeki bebeklerin g\u00fcvenli bir \u015fekilde naklini yapt\u0131. Ald\u0131klar\u0131 temel ya\u015fam ve yang\u0131n e\u011fitimleri sayesinde temel ya\u015fam deste\u011fi de sunan ekipler ayn\u0131 zamanda hastane \u00e7evresindeki trafik d\u00fczenini de korudu. Ge\u00e7i\u015f \u00fcst\u00fcnl\u00fc\u011f\u00fc olan acil kurtarma ve itfaiye ara\u00e7lar\u0131n\u0131n b\u00f6lgeye ula\u015f\u0131m\u0131n\u0131 kolayla\u015ft\u0131rd\u0131. Zab\u0131ta ekiplerinin yang\u0131n b\u00f6lgesinde \u00e7al\u0131\u015fmalar\u0131n\u0131 s\u00fcrd\u00fcrd\u00fc\u011f\u00fc bildirildi. \u200b\u0130zmir&#8217;de Medicana Hastanesi yak\u0131n\u0131ndaki bir plastik deposunda \u00e7\u0131kan yang\u0131n \u0130zmir \u0130tfaiyesi ekiplerinin yo\u011fun m\u00fccadelesi sonucu hastaneye sirayet etmedi. Zab\u0131ta ekipleri hastalar\u0131n tahliyesini ve b\u00f6lgedeki g\u00fcvenli\u011fi sa\u011flarken, trafik ak\u0131\u015f\u0131n\u0131 da d\u00fczenledi.\u0130ZM\u0130R (\u0130GFA) &#8211; \u0130zmir B\u00fcy\u00fck\u015fehir Belediyesi, Medicana Hastanesi&#8217;nin yak\u0131n\u0131nda plastik deposunda \u00e7\u0131kan yang\u0131n i\u00e7in seferber &hellip;\" \/>\n<meta property=\"og:url\" content=\"https:\/\/denizcankizil.tr\/ru\/haberler\/gundem\/izmir-buyuksehir-zabitasi-yanginda-seferber-oldu\/\" \/>\n<meta property=\"og:site_name\" content=\"Av. Deniz Can K\u0131z\u0131l\" \/>\n<meta property=\"article:published_time\" content=\"2025-06-16T03:42:11+00:00\" \/>\n<meta name=\"author\" content=\"admin\" \/>\n<meta name=\"twitter:card\" content=\"summary_large_image\" \/>\n<meta name=\"twitter:label1\" content=\"\u041d\u0430\u043f\u0438\u0441\u0430\u043d\u043e \u0430\u0432\u0442\u043e\u0440\u043e\u043c\" \/>\n\t<meta name=\"twitter:data1\" content=\"admin\" \/>\n\t<meta name=\"twitter:label2\" content=\"\u041f\u0440\u0438\u043c\u0435\u0440\u043d\u043e\u0435 \u0432\u0440\u0435\u043c\u044f \u0434\u043b\u044f \u0447\u0442\u0435\u043d\u0438\u044f\" \/>\n\t<meta name=\"twitter:data2\" content=\"3 \u043c\u0438\u043d\u0443\u0442\u044b\" \/>\n<script type=\"application\/ld+json\" class=\"yoast-schema-graph\">{\"@context\":\"https:\/\/schema.org\",\"@graph\":[{\"@type\":\"Article\",\"@id\":\"https:\/\/denizcankizil.tr\/uk\/haberler\/gundem\/izmir-buyuksehir-zabitasi-yanginda-seferber-oldu\/#article\",\"isPartOf\":{\"@id\":\"https:\/\/denizcankizil.tr\/uk\/haberler\/gundem\/izmir-buyuksehir-zabitasi-yanginda-seferber-oldu\/\"},\"author\":{\"name\":\"admin\",\"@id\":\"https:\/\/denizcankizil.tr\/de\/#\/schema\/person\/be3c05fe6a12686905512445d8185489\"},\"headline\":\"\u0130zmir B\u00fcy\u00fck\u015fehir Zab\u0131tas\u0131 yang\u0131nda seferber oldu\",\"datePublished\":\"2025-06-16T03:42:11+00:00\",\"mainEntityOfPage\":{\"@id\":\"https:\/\/denizcankizil.tr\/uk\/haberler\/gundem\/izmir-buyuksehir-zabitasi-yanginda-seferber-oldu\/\"},\"wordCount\":515,\"publisher\":{\"@id\":\"https:\/\/denizcankizil.tr\/de\/#organization\"},\"articleSection\":[\"G\u00fcndem\"],\"inLanguage\":\"ru-RU\"},{\"@type\":\"WebPage\",\"@id\":\"https:\/\/denizcankizil.tr\/uk\/haberler\/gundem\/izmir-buyuksehir-zabitasi-yanginda-seferber-oldu\/\",\"url\":\"https:\/\/denizcankizil.tr\/uk\/haberler\/gundem\/izmir-buyuksehir-zabitasi-yanginda-seferber-oldu\/\",\"name\":\"\u0130zmir B\u00fcy\u00fck\u015fehir Zab\u0131tas\u0131 yang\u0131nda seferber oldu - Av. Deniz Can K\u0131z\u0131l\",\"isPartOf\":{\"@id\":\"https:\/\/denizcankizil.tr\/de\/#website\"},\"datePublished\":\"2025-06-16T03:42:11+00:00\",\"breadcrumb\":{\"@id\":\"https:\/\/denizcankizil.tr\/uk\/haberler\/gundem\/izmir-buyuksehir-zabitasi-yanginda-seferber-oldu\/#breadcrumb\"},\"inLanguage\":\"ru-RU\",\"potentialAction\":[{\"@type\":\"ReadAction\",\"target\":[\"https:\/\/denizcankizil.tr\/uk\/haberler\/gundem\/izmir-buyuksehir-zabitasi-yanginda-seferber-oldu\/\"]}]},{\"@type\":\"BreadcrumbList\",\"@id\":\"https:\/\/denizcankizil.tr\/uk\/haberler\/gundem\/izmir-buyuksehir-zabitasi-yanginda-seferber-oldu\/#breadcrumb\",\"itemListElement\":[{\"@type\":\"ListItem\",\"position\":1,\"name\":\"Home\",\"item\":\"https:\/\/denizcankizil.tr\/de\/\"},{\"@type\":\"ListItem\",\"position\":2,\"name\":\"\u0130zmir B\u00fcy\u00fck\u015fehir Zab\u0131tas\u0131 yang\u0131nda seferber oldu\"}]},{\"@type\":\"WebSite\",\"@id\":\"https:\/\/denizcankizil.tr\/de\/#website\",\"url\":\"https:\/\/denizcankizil.tr\/de\/\",\"name\":\"Av. Deniz Can K\u0131z\u0131l\",\"description\":\"Avukat Deniz Can K\u0131z\u0131l Antalya Barosu\",\"publisher\":{\"@id\":\"https:\/\/denizcankizil.tr\/de\/#organization\"},\"potentialAction\":[{\"@type\":\"SearchAction\",\"target\":{\"@type\":\"EntryPoint\",\"urlTemplate\":\"https:\/\/denizcankizil.tr\/de\/?s={search_term_string}\"},\"query-input\":{\"@type\":\"PropertyValueSpecification\",\"valueRequired\":true,\"valueName\":\"search_term_string\"}}],\"inLanguage\":\"ru-RU\"},{\"@type\":\"Organization\",\"@id\":\"https:\/\/denizcankizil.tr\/de\/#organization\",\"name\":\"Av. Deniz Can K\u0131z\u0131l\",\"url\":\"https:\/\/denizcankizil.tr\/de\/\",\"logo\":{\"@type\":\"ImageObject\",\"inLanguage\":\"ru-RU\",\"@id\":\"https:\/\/denizcankizil.tr\/de\/#\/schema\/logo\/image\/\",\"url\":\"https:\/\/denizcankizil.tr\/wp-content\/uploads\/2024\/10\/siyah-logo-svg.svg\",\"contentUrl\":\"https:\/\/denizcankizil.tr\/wp-content\/uploads\/2024\/10\/siyah-logo-svg.svg\",\"width\":1080,\"height\":1080,\"caption\":\"Av. Deniz Can K\u0131z\u0131l\"},\"image\":{\"@id\":\"https:\/\/denizcankizil.tr\/de\/#\/schema\/logo\/image\/\"}},{\"@type\":\"Person\",\"@id\":\"https:\/\/denizcankizil.tr\/de\/#\/schema\/person\/be3c05fe6a12686905512445d8185489\",\"name\":\"admin\",\"image\":{\"@type\":\"ImageObject\",\"inLanguage\":\"ru-RU\",\"@id\":\"https:\/\/denizcankizil.tr\/de\/#\/schema\/person\/image\/\",\"url\":\"https:\/\/secure.gravatar.com\/avatar\/c1fce94c830dc79107e174f890d7210541c4a63e8e5d816341794a2151c9d58c?s=96&d=mm&r=g\",\"contentUrl\":\"https:\/\/secure.gravatar.com\/avatar\/c1fce94c830dc79107e174f890d7210541c4a63e8e5d816341794a2151c9d58c?s=96&d=mm&r=g\",\"caption\":\"admin\"},\"sameAs\":[\"http:\/\/denizcankizil.tr\"],\"url\":\"https:\/\/www.iskenderun.org\/izmir-buyuksehir-zabitasi-yanginda-seferber-oldu\"}]}<\/script>\n<!-- \/ Yoast SEO Premium plugin. -->","yoast_head_json":{"title":"\u0130zmir B\u00fcy\u00fck\u015fehir Zab\u0131tas\u0131 yang\u0131nda seferber oldu - Av. Deniz Can K\u0131z\u0131l","robots":{"index":"index","follow":"follow","max-snippet":"max-snippet:-1","max-image-preview":"max-image-preview:large","max-video-preview":"max-video-preview:-1"},"canonical":"https:\/\/denizcankizil.tr\/ru\/haberler\/gundem\/izmir-buyuksehir-zabitasi-yanginda-seferber-oldu\/","og_locale":"ru_RU","og_type":"article","og_title":"\u0130zmir B\u00fcy\u00fck\u015fehir Zab\u0131tas\u0131 yang\u0131nda seferber oldu","og_description":"\u0130zmir&#8217;de Medicana Hastanesi yak\u0131n\u0131ndaki bir plastik deposunda \u00e7\u0131kan yang\u0131n \u0130zmir \u0130tfaiyesi ekiplerinin yo\u011fun m\u00fccadelesi sonucu hastaneye sirayet etmedi. Zab\u0131ta ekipleri hastalar\u0131n tahliyesini ve b\u00f6lgedeki g\u00fcvenli\u011fi sa\u011flarken, trafik ak\u0131\u015f\u0131n\u0131 da d\u00fczenledi.\u0130ZM\u0130R (\u0130GFA) &#8211; \u0130zmir B\u00fcy\u00fck\u015fehir Belediyesi, Medicana Hastanesi&#8217;nin yak\u0131n\u0131nda plastik deposunda \u00e7\u0131kan yang\u0131n i\u00e7in seferber oldu. \u0130tfaiye Daire Ba\u015fkanl\u0131\u011f\u0131 ekipleri yang\u0131n\u0131 s\u00f6nd\u00fcrmek i\u00e7in m\u00fccadele ederken \u0130zmir B\u00fcy\u00fck\u015fehir Belediyesi Zab\u0131ta ekipleri de hastalar\u0131n tahliyesini ve b\u00f6lgedeki g\u00fcvenli\u011fi sa\u011flad\u0131, trafik ak\u0131\u015f\u0131n\u0131 d\u00fczenledi. \u0130tfaiye Daire Ba\u015fkanl\u0131\u011f\u0131&#8217;n\u0131n yan\u0131 s\u0131ra yang\u0131n ihbar\u0131n\u0131n hemen ard\u0131ndan b\u00f6lgeye giden \u0130zmir B\u00fcy\u00fck\u015fehir Belediyesi Zab\u0131ta Daire Ba\u015fkanl\u0131\u011f\u0131&#8217;ndan 100 zab\u0131ta, emniyet ve hastane g\u00f6revlileri ile birlikte \u00f6nlem ama\u00e7l\u0131 hastanedeki hastalar\u0131n ve yak\u0131nlar\u0131n\u0131n tahliyesini sa\u011flad\u0131. Katlara giren ekipler \u00f6ncelikle yo\u011fun bak\u0131m \u00fcnitesi ve k\u00fcv\u00f6zdeki bebeklerin g\u00fcvenli bir \u015fekilde naklini yapt\u0131. Ald\u0131klar\u0131 temel ya\u015fam ve yang\u0131n e\u011fitimleri sayesinde temel ya\u015fam deste\u011fi de sunan ekipler ayn\u0131 zamanda hastane \u00e7evresindeki trafik d\u00fczenini de korudu. Ge\u00e7i\u015f \u00fcst\u00fcnl\u00fc\u011f\u00fc olan acil kurtarma ve itfaiye ara\u00e7lar\u0131n\u0131n b\u00f6lgeye ula\u015f\u0131m\u0131n\u0131 kolayla\u015ft\u0131rd\u0131. Zab\u0131ta ekiplerinin yang\u0131n b\u00f6lgesinde \u00e7al\u0131\u015fmalar\u0131n\u0131 s\u00fcrd\u00fcrd\u00fc\u011f\u00fc bildirildi. \u200b\u0130zmir&#8217;de Medicana Hastanesi yak\u0131n\u0131ndaki bir plastik deposunda \u00e7\u0131kan yang\u0131n \u0130zmir \u0130tfaiyesi ekiplerinin yo\u011fun m\u00fccadelesi sonucu hastaneye sirayet etmedi. Zab\u0131ta ekipleri hastalar\u0131n tahliyesini ve b\u00f6lgedeki g\u00fcvenli\u011fi sa\u011flarken, trafik ak\u0131\u015f\u0131n\u0131 da d\u00fczenledi.\u0130ZM\u0130R (\u0130GFA) &#8211; \u0130zmir B\u00fcy\u00fck\u015fehir Belediyesi, Medicana Hastanesi&#8217;nin yak\u0131n\u0131nda plastik deposunda \u00e7\u0131kan yang\u0131n i\u00e7in seferber &hellip;","og_url":"https:\/\/denizcankizil.tr\/ru\/haberler\/gundem\/izmir-buyuksehir-zabitasi-yanginda-seferber-oldu\/","og_site_name":"Av. Deniz Can K\u0131z\u0131l","article_published_time":"2025-06-16T03:42:11+00:00","author":"admin","twitter_card":"summary_large_image","twitter_misc":{"\u041d\u0430\u043f\u0438\u0441\u0430\u043d\u043e \u0430\u0432\u0442\u043e\u0440\u043e\u043c":"admin","\u041f\u0440\u0438\u043c\u0435\u0440\u043d\u043e\u0435 \u0432\u0440\u0435\u043c\u044f \u0434\u043b\u044f \u0447\u0442\u0435\u043d\u0438\u044f":"3 \u043c\u0438\u043d\u0443\u0442\u044b"},"schema":{"@context":"https:\/\/schema.org","@graph":[{"@type":"Article","@id":"https:\/\/denizcankizil.tr\/uk\/haberler\/gundem\/izmir-buyuksehir-zabitasi-yanginda-seferber-oldu\/#article","isPartOf":{"@id":"https:\/\/denizcankizil.tr\/uk\/haberler\/gundem\/izmir-buyuksehir-zabitasi-yanginda-seferber-oldu\/"},"author":{"name":"admin","@id":"https:\/\/denizcankizil.tr\/de\/#\/schema\/person\/be3c05fe6a12686905512445d8185489"},"headline":"\u0130zmir B\u00fcy\u00fck\u015fehir Zab\u0131tas\u0131 yang\u0131nda seferber oldu","datePublished":"2025-06-16T03:42:11+00:00","mainEntityOfPage":{"@id":"https:\/\/denizcankizil.tr\/uk\/haberler\/gundem\/izmir-buyuksehir-zabitasi-yanginda-seferber-oldu\/"},"wordCount":515,"publisher":{"@id":"https:\/\/denizcankizil.tr\/de\/#organization"},"articleSection":["G\u00fcndem"],"inLanguage":"ru-RU"},{"@type":"WebPage","@id":"https:\/\/denizcankizil.tr\/uk\/haberler\/gundem\/izmir-buyuksehir-zabitasi-yanginda-seferber-oldu\/","url":"https:\/\/denizcankizil.tr\/uk\/haberler\/gundem\/izmir-buyuksehir-zabitasi-yanginda-seferber-oldu\/","name":"\u0130zmir B\u00fcy\u00fck\u015fehir Zab\u0131tas\u0131 yang\u0131nda seferber oldu - Av. Deniz Can K\u0131z\u0131l","isPartOf":{"@id":"https:\/\/denizcankizil.tr\/de\/#website"},"datePublished":"2025-06-16T03:42:11+00:00","breadcrumb":{"@id":"https:\/\/denizcankizil.tr\/uk\/haberler\/gundem\/izmir-buyuksehir-zabitasi-yanginda-seferber-oldu\/#breadcrumb"},"inLanguage":"ru-RU","potentialAction":[{"@type":"ReadAction","target":["https:\/\/denizcankizil.tr\/uk\/haberler\/gundem\/izmir-buyuksehir-zabitasi-yanginda-seferber-oldu\/"]}]},{"@type":"BreadcrumbList","@id":"https:\/\/denizcankizil.tr\/uk\/haberler\/gundem\/izmir-buyuksehir-zabitasi-yanginda-seferber-oldu\/#breadcrumb","itemListElement":[{"@type":"ListItem","position":1,"name":"Home","item":"https:\/\/denizcankizil.tr\/de\/"},{"@type":"ListItem","position":2,"name":"\u0130zmir B\u00fcy\u00fck\u015fehir Zab\u0131tas\u0131 yang\u0131nda seferber oldu"}]},{"@type":"WebSite","@id":"https:\/\/denizcankizil.tr\/de\/#website","url":"https:\/\/denizcankizil.tr\/de\/","name":"Av. Deniz Can K\u0131z\u0131l","description":"Avukat Deniz Can K\u0131z\u0131l Antalya Barosu","publisher":{"@id":"https:\/\/denizcankizil.tr\/de\/#organization"},"potentialAction":[{"@type":"SearchAction","target":{"@type":"EntryPoint","urlTemplate":"https:\/\/denizcankizil.tr\/de\/?s={search_term_string}"},"query-input":{"@type":"PropertyValueSpecification","valueRequired":true,"valueName":"search_term_string"}}],"inLanguage":"ru-RU"},{"@type":"Organization","@id":"https:\/\/denizcankizil.tr\/de\/#organization","name":"Av. Deniz Can K\u0131z\u0131l","url":"https:\/\/denizcankizil.tr\/de\/","logo":{"@type":"ImageObject","inLanguage":"ru-RU","@id":"https:\/\/denizcankizil.tr\/de\/#\/schema\/logo\/image\/","url":"https:\/\/denizcankizil.tr\/wp-content\/uploads\/2024\/10\/siyah-logo-svg.svg","contentUrl":"https:\/\/denizcankizil.tr\/wp-content\/uploads\/2024\/10\/siyah-logo-svg.svg","width":1080,"height":1080,"caption":"Av. Deniz Can K\u0131z\u0131l"},"image":{"@id":"https:\/\/denizcankizil.tr\/de\/#\/schema\/logo\/image\/"}},{"@type":"Person","@id":"https:\/\/denizcankizil.tr\/de\/#\/schema\/person\/be3c05fe6a12686905512445d8185489","name":"\u0430\u0434\u043c\u0438\u043d","image":{"@type":"ImageObject","inLanguage":"ru-RU","@id":"https:\/\/denizcankizil.tr\/de\/#\/schema\/person\/image\/","url":"https:\/\/secure.gravatar.com\/avatar\/c1fce94c830dc79107e174f890d7210541c4a63e8e5d816341794a2151c9d58c?s=96&d=mm&r=g","contentUrl":"https:\/\/secure.gravatar.com\/avatar\/c1fce94c830dc79107e174f890d7210541c4a63e8e5d816341794a2151c9d58c?s=96&d=mm&r=g","caption":"admin"},"sameAs":["http:\/\/denizcankizil.tr"],"url":"https:\/\/www.iskenderun.org\/izmir-buyuksehir-zabitasi-yanginda-seferber-oldu"}]}},"_links":{"self":[{"href":"https:\/\/denizcankizil.tr\/ru\/wp-json\/wp\/v2\/posts\/117409","targetHints":{"allow":["GET"]}}],"collection":[{"href":"https:\/\/denizcankizil.tr\/ru\/wp-json\/wp\/v2\/posts"}],"about":[{"href":"https:\/\/denizcankizil.tr\/ru\/wp-json\/wp\/v2\/types\/post"}],"author":[{"embeddable":true,"href":"https:\/\/denizcankizil.tr\/ru\/wp-json\/wp\/v2\/users\/1"}],"replies":[{"embeddable":true,"href":"https:\/\/denizcankizil.tr\/ru\/wp-json\/wp\/v2\/comments?post=117409"}],"version-history":[{"count":0,"href":"https:\/\/denizcankizil.tr\/ru\/wp-json\/wp\/v2\/posts\/117409\/revisions"}],"wp:attachment":[{"href":"https:\/\/denizcankizil.tr\/ru\/wp-json\/wp\/v2\/media?parent=117409"}],"wp:term":[{"taxonomy":"category","embeddable":true,"href":"https:\/\/denizcankizil.tr\/ru\/wp-json\/wp\/v2\/categories?post=117409"},{"taxonomy":"post_tag","embeddable":true,"href":"https:\/\/denizcankizil.tr\/ru\/wp-json\/wp\/v2\/tags?post=117409"}],"curies":[{"name":"wp","href":"https:\/\/api.w.org\/{rel}","templated":true}]}}