{"id":116968,"date":"2025-06-15T15:59:26","date_gmt":"2025-06-15T12:59:26","guid":{"rendered":"https:\/\/denizcankizil.tr\/uncategorized-tr\/kiralayanin-imzalamadigi-tahliye-taahhutnamesinin-gecerliligi\/"},"modified":"2025-06-15T15:59:26","modified_gmt":"2025-06-15T12:59:26","slug":"kiralayanin-imzalamadigi-tahliye-taahhutnamesinin-gecerliligi","status":"publish","type":"post","link":"https:\/\/denizcankizil.tr\/ru\/koseyazilari\/degerlendirme\/kiralayanin-imzalamadigi-tahliye-taahhutnamesinin-gecerliligi\/","title":{"rendered":"Kiralayan\u0131n \u0130mzalamad\u0131\u011f\u0131 Tahliye Taahh\u00fctnamesinin Ge\u00e7erlili\u011fi"},"content":{"rendered":"<p> <strong>Kiralayan\u0131n \u0130mzalamad\u0131\u011f\u0131 Tahliye Taahh\u00fctnamesinin\u200b Ge\u00e7erlili\u011fi<\/strong><\/p>\n<p>Kira s\u00f6zle\u015fmeleri, \u2063taraflar aras\u0131nda \u2062belirli hak ve y\u00fck\u00fcml\u00fcl\u00fckler\u2063 do\u011furan \u00f6nemli \u2062hukuki belgelerdir.\u200c Bu \u200dba\u011flamda, \u200dkiralayan\u0131n imzas\u0131n\u0131 ta\u015f\u0131mayan tahliye taahh\u00fctnameleri, uygulamada s\u0131kl\u0131kla kar\u015f\u0131la\u015f\u0131lan ve tart\u0131\u015fmalara yol a\u00e7an bir \u200dkonudur. Tahliye taahh\u00fctnamesi,kirac\u0131n\u0131n kiralanan\u2063 ta\u015f\u0131nmaz\u0131 belirli bir \u200bs\u00fcre \u2064i\u00e7inde\u2064 bo\u015faltaca\u011f\u0131na \u200bdair \u2064verdi\u011fi yaz\u0131l\u0131 bir \u2063taahh\u00fctt\u00fcr. Ancak, kiralayan\u0131n \u200dbu taahh\u00fctname\u2064 \u00fczerindeki imzas\u0131n\u0131n varl\u0131\u011f\u0131, belgenin \u200dge\u00e7erlili\u011fi \u200da\u00e7\u0131s\u0131ndan kritik\u2064 bir \u00f6neme sahiptir.Bu makalede, \u200bkiralayan\u0131n imzalamad\u0131\u011f\u0131 tahliye \u2063taahh\u00fctnamesinin\u200c hukuki durumu, \u2062yarg\u0131tay\u2064 i\u00e7tihatlar\u0131 \u0131\u015f\u0131\u011f\u0131nda incelenecek\u200d ve bu t\u00fcr\u2064 belgelerin ge\u00e7erlili\u011fi \u2064\u00fczerine\u2062 mevcut hukuki d\u00fczenlemeler de\u011ferlendirilecektir. Ayr\u0131ca,kirac\u0131 ve kiralayan\u200d aras\u0131ndaki\u2063 ili\u015fkilerde ortaya \u00e7\u0131kabilecek olas\u0131\u2062 sorunlar \u2062ve bu\u2063 sorunlar\u0131n \u00e7\u00f6z\u00fcm yollar\u0131 da \u200bele al\u0131nacakt\u0131r. Bu \u00e7al\u0131\u015fma,\u200d kira\u2062 hukuku alan\u0131nda \u00f6nemli bir tart\u0131\u015fma \u2063ba\u015flatmay\u0131 ve \u200cuygulay\u0131c\u0131lara\u2062 yol g\u00f6sterici\u2063 bir \u2064kaynak olmay\u0131 ama\u00e7lamaktad\u0131r.<br \/><img decoding=\"async\" class=\"kimage_class lazyload\" data-src=\"https:\/\/denizcankizil.tr\/wp-content\/uploads\/2024\/10\/1024-1.jpg\" alt=\"Kiralayan\u0131n \u0130mzalamad\u0131\u011f\u0131 \u200dTahliye Taahh\u00fctnamesinin \u2063Hukuki Niteli\u011fi\" src=\"data:image\/svg+xml;base64,PHN2ZyB3aWR0aD0iMSIgaGVpZ2h0PSIxIiB4bWxucz0iaHR0cDovL3d3dy53My5vcmcvMjAwMC9zdmciPjwvc3ZnPg==\"><\/p>\n<h2 id=\"kiralayanin-imzalamadigi-tahliye-taahhutnamesinin-hukuki-niteligi\">Kiralayan\u0131n \u0130mzalamad\u0131\u011f\u0131 Tahliye \u200dTaahh\u00fctnamesinin Hukuki Niteli\u011fi<\/h2>\n<p><strong>Kiralayan\u0131n imzalamad\u0131\u011f\u0131 tahliye \u2063taahh\u00fctnamesinin hukuki niteli\u011fi<\/strong>, \u2062kirac\u0131n\u0131n tahliye s\u00fcrecinde \u200b\u00f6nemli bir\u2063 rol oynamaktad\u0131r. Tahliye taahh\u00fctnamesi, kirac\u0131n\u0131n kiralanan ta\u015f\u0131nmaz\u0131 belirli\u2064 bir\u200d s\u00fcre \u200di\u00e7inde bo\u015faltaca\u011f\u0131na dair yaz\u0131l\u0131 bir beyan\u0131d\u0131r.\u2064 Ancak, bu \u2063taahh\u00fctnamenin \u2063ge\u00e7erlili\u011fi, kiralayan\u0131n imzas\u0131n\u0131n olup olmamas\u0131na ba\u011fl\u0131 \u200colarak farkl\u0131l\u0131k\u200d g\u00f6stermektedir.<\/p>\n<p>T\u00fcrk Bor\u00e7lar\u2064 Kanunu\u2019na\u2064 g\u00f6re,\u200b tahliye taahh\u00fctnamesinin ge\u00e7erlili\u011fi i\u00e7in kiralayan\u0131n onay\u0131 gerekmektedir. Kiralayan\u0131n imzas\u0131\u200c bulunmayan\u200c bir tahliye taahh\u00fctnamesi, hukuken \u200dba\u011flay\u0131c\u0131 bir nitelik ta\u015f\u0131mamaktad\u0131r. Bu durum, \u2064kirac\u0131n\u0131n kiralanan ta\u015f\u0131nmaz\u0131 bo\u015faltma\u200d y\u00fck\u00fcml\u00fcl\u00fc\u011f\u00fcn\u00fc\u200b do\u011furmaz. Ancak,\u2062 kirac\u0131 taraf\u0131ndan imzalanan bir tahliye\u200d taahh\u00fctnamesinin, kiralayan\u0131n \u2064r\u0131zas\u0131 olmaks\u0131z\u0131n ge\u00e7erli say\u0131labilmesi\u2062 i\u00e7in \u200cbaz\u0131 istisnai durumlar s\u00f6z konusu\u200c olabilir.<\/p>\n<ul>\n<li><strong>Kirac\u0131n\u0131n, kiralayan\u0131n r\u0131zas\u0131n\u0131 alm\u0131\u015f olmas\u0131:<\/strong> E\u011fer kirac\u0131, kiralayan\u0131n onay\u0131n\u0131 alm\u0131\u015fsa, tahliye taahh\u00fctnamesi ge\u00e7erli say\u0131labilir.<\/li>\n<li><strong>Kirac\u0131n\u0131n,kiralayan\u0131n\u200c imzas\u0131n\u0131 aldat\u0131c\u0131 bir \u015fekilde temin etmesi:<\/strong> \u2063 Bu durumda,kiralayan\u0131n itiraz hakk\u0131 sakl\u0131d\u0131r.<\/li>\n<\/ul>\n<p>Sonu\u00e7 olarak,\u2063 kiralayan\u0131n imzalamad\u0131\u011f\u0131 bir tahliye taahh\u00fctnamesinin hukuki\u200c niteli\u011fi, ge\u00e7erlilik\u2063 a\u00e7\u0131s\u0131ndan tart\u0131\u015fmal\u0131d\u0131r. Kirac\u0131, bu t\u00fcr bir taahh\u00fctname\u2064 ile tahliye y\u00fck\u00fcml\u00fcl\u00fc\u011f\u00fcn\u00fc yerine getirmek zorunda de\u011fildir. \u2062Kiralayan\u0131n r\u0131zas\u0131\u2062 olmadan yap\u0131lan tahliye\u2063 taahh\u00fctleri, hukuken ge\u00e7ersiz \u200dkabul \u200dedilmektedir. Bu nedenle, kirac\u0131n\u0131n tahliye s\u00fcrecinde\u2064 dikkatli\u2064 olmas\u0131 ve hukuki dan\u0131\u015fmanl\u0131k almas\u0131 \u00f6nem\u200c arz etmektedir.<\/p>\n<p><img decoding=\"async\" class=\"kimage_class lazyload\" data-src=\"https:\/\/denizcankizil.tr\/wp-content\/uploads\/2024\/10\/fNqXg-253D.jpg\" alt=\"Tahliye \u200bTaahh\u00fctnamesinin\u2062 ge\u00e7erlili\u011fi \u00dczerine Yarg\u0131tay\u2064 \u0130\u00e7tihatlar\u0131\" src=\"data:image\/svg+xml;base64,PHN2ZyB3aWR0aD0iMSIgaGVpZ2h0PSIxIiB4bWxucz0iaHR0cDovL3d3dy53My5vcmcvMjAwMC9zdmciPjwvc3ZnPg==\"><\/p>\n<h2 id=\"tahliye-taahhutnamesinin-gecerliligi-uzerine-yargitay-ictihatlari\">Tahliye \u2063Taahh\u00fctnamesinin Ge\u00e7erlili\u011fi \u00dczerine\u200c Yarg\u0131tay \u200d\u0130\u00e7tihatlar\u0131<\/h2>\n<p><strong>Tahliye taahh\u00fctnamesinin ge\u00e7erlili\u011fi<\/strong>, kirac\u0131 \u2064ve\u2064 kiralayan aras\u0131ndaki hukuki ili\u015fkilerde \u00f6nemli\u200c bir\u2063 yer\u200d tutmaktad\u0131r. \u200bYarg\u0131tay,\u2063 <a href=\"https:\/\/denizcankizil.tr\/ru\/koseyazilari\/degerlendirme\/ayipli-malin-ayipsiz-misli-ile-degistirilmesi-tuketici-koruma\/\" title=\"Ay\u0131pl\u0131 Mal\u0131n Ay\u0131ps\u0131z Misli ile De\u011fi\u015ftirilmesi: T\u00fcketici Koruma\">bu\u200d konuda\u200b verdi\u011fi i\u00e7tihatlarla<\/a>, tahliye \u2064taahh\u00fctnamesinin ge\u00e7erlili\u011fi \u00fczerine \u00e7e\u015fitli kriterler belirlemi\u015ftir. \u00d6zellikle, kiralayan\u0131n imzas\u0131n\u0131n bulunmad\u0131\u011f\u0131 \u200ctahliye taahh\u00fctnameleri, \u200bge\u00e7erlilik a\u00e7\u0131s\u0131ndan tart\u0131\u015fmal\u0131 bir konu olmu\u015ftur.<\/p>\n<p>Yarg\u0131tay \u200di\u00e7tihatlar\u0131na g\u00f6re, <strong>tahliye taahh\u00fctnamesinin ge\u00e7erlili\u011fi<\/strong> i\u00e7in baz\u0131 \u015fartlar\u0131n \u200dsa\u011flanmas\u0131 gerekmektedir. Bu \u200c\u015fartlar aras\u0131nda:<\/p>\n<ul>\n<li>Tahliye\u200d taahh\u00fctnamesinin yaz\u0131l\u0131\u200d olarak d\u00fczenlenmesi,<\/li>\n<li>Kirac\u0131n\u0131n taahh\u00fct etti\u011fi \u200bhususlar\u0131 a\u00e7\u0131k\u00e7a \u2062belirtmesi,<\/li>\n<li>Kirac\u0131n\u0131n iradesinin serbest\u00e7e beyan edilmi\u015f olmas\u0131,<\/li>\n<li>Kiraya verenin onay\u0131n\u0131n al\u0131nmas\u0131.<\/li>\n<\/ul>\n<p>Kiraya verenin imzas\u0131n\u0131n\u200c bulunmad\u0131\u011f\u0131 durumlarda, Yarg\u0131tay, \u200dtahliye \u200dtaahh\u00fctnamesinin ge\u00e7erlili\u011fini sorgulamaktad\u0131r.Bu\u2064 ba\u011flamda, kiralayan\u0131n \u200donay\u0131 olmadan d\u00fczenlenen tahliye taahh\u00fctnameleri, \u200dgenellikle ge\u00e7ersiz\u2063 say\u0131lmaktad\u0131r. Ancak,baz\u0131 \u00f6zel\u2062 durumlarda,kirac\u0131n\u0131n tahliye taahh\u00fcd\u00fc,kiralayan\u0131n \u2062r\u0131zas\u0131 olmaks\u0131z\u0131n \u200cda ge\u00e7erli kabul edilebilir. Bu durumlar,\u200d her somut \u2063olay\u0131n \u2064\u00f6zelliklerine g\u00f6re de\u011ferlendirilmelidir.<\/p>\n<p>Sonu\u00e7 olarak, \u200btahliye taahh\u00fctnamesinin ge\u00e7erlili\u011fi, kiralayan\u0131n imzas\u0131n\u0131n \u2062olup olmamas\u0131na\u200c ba\u011fl\u0131 olarak \u2064de\u011fi\u015fiklik g\u00f6stermektedir. \u200cYarg\u0131tay \u2062i\u00e7tihatlar\u0131, bu\u2063 konuda \u00f6nemli\u2062 bir rehberlik \u200dsunmakta \u200bve kirac\u0131 ile kiralayan aras\u0131ndaki ili\u015fkilerin hukuki \u200b\u00e7er\u00e7evesini belirlemektedir.<\/p>\n<p><img decoding=\"async\" class=\"kimage_class lazyload\" data-src=\"https:\/\/denizcankizil.tr\/wp-content\/uploads\/2024\/10\/4380-antalyada-sahtecilik-suclarina-bakan-avukat-ve-mahkemeler.jpg\" alt=\"Kiralayan\u0131n \u0130mzas\u0131n\u0131n Olmamas\u0131 Durumunda Tahliye Taahh\u00fctnamesinin\u200b etkileri\" src=\"data:image\/svg+xml;base64,PHN2ZyB3aWR0aD0iMSIgaGVpZ2h0PSIxIiB4bWxucz0iaHR0cDovL3d3dy53My5vcmcvMjAwMC9zdmciPjwvc3ZnPg==\"><\/p>\n<h2 id=\"kiralayanin-imzasinin-olmamasi-durumunda-tahliye-taahhutnamesinin-etkileri\">Kiralayan\u0131n\u2064 \u0130mzas\u0131n\u0131n\u2064 Olmamas\u0131 \u200cDurumunda\u2062 Tahliye Taahh\u00fctnamesinin Etkileri<\/h2>\n<p>Kiralayan\u0131n imzas\u0131n\u0131n bulunmad\u0131\u011f\u0131\u2064 bir tahliye taahh\u00fctnamesinin ge\u00e7erlili\u011fi, T\u00fcrk Bor\u00e7lar Kanunu \u00e7er\u00e7evesinde \u00f6nemli bir hukuki mesele olarak \u2062kar\u015f\u0131m\u0131za \u00e7\u0131kmaktad\u0131r. Tahliye taahh\u00fctnamesi, kirac\u0131n\u0131n kiralanan ta\u015f\u0131nmaz\u0131 \u2062belirli bir\u2063 s\u00fcre i\u00e7inde bo\u015faltaca\u011f\u0131na dair yaz\u0131l\u0131 bir beyan\u0131d\u0131r.\u2063 Ancak, bu taahh\u00fctnamenin ge\u00e7erlili\u011fi\u200c i\u00e7in\u200d kiralayan\u0131n \u200bimzas\u0131n\u0131n bulunup bulunmad\u0131\u011f\u0131 hususu, kirac\u0131 \u200dve kiralayan aras\u0131ndaki \u200cili\u015fkilerde belirleyici bir rol oynamaktad\u0131r.<\/p>\n<p>Kirac\u0131n\u0131n,\u2063 kiralayan\u0131n imzas\u0131 \u2062olmadan d\u00fczenlenmi\u015f bir tahliye taahh\u00fctnamesine dayanarak tahliye edilmesi durumunda, a\u015fa\u011f\u0131daki \u2063hususlar \u2064dikkate\u200b al\u0131nmal\u0131d\u0131r:<\/p>\n<ul>\n<li><strong>Ge\u00e7ersizlik \u200cDurumu:<\/strong> Kiralayan\u0131n imzas\u0131 olmayan bir \u2062tahliye\u2063 taahh\u00fctnamesi, genel olarak ge\u00e7ersiz kabul \u2062edilmektedir. Bu durum, \u2062kirac\u0131n\u0131n korunmas\u0131 amac\u0131yla T\u00fcrk \u200chukuk \u2064sisteminin bir \u2062gere\u011fidir.<\/li>\n<li><strong>\u0130spat\u2064 Y\u00fck\u00fc:<\/strong> \u2064Kiralayan, imzas\u0131z tahliye taahh\u00fctnamesinin ge\u00e7erlili\u011fini ispatlamakla y\u00fck\u00fcml\u00fcd\u00fcr. aksi takdirde, kirac\u0131 \u2063kiralanan ta\u015f\u0131nmazda\u200c kalmaya devam edebilir.<\/li>\n<li><strong>Yarg\u0131tay \u0130\u00e7tihatlar\u0131:<\/strong> \u200b Yarg\u0131tay, imzas\u0131z tahliye taahh\u00fctnamelerinin\u2063 ge\u00e7ersizli\u011fine dair bir\u00e7ok \u2064i\u00e7tihat olu\u015fturmu\u015ftur. \u2062Bu\u200b i\u00e7tihatlar, kirac\u0131lar\u0131n haklar\u0131n\u0131n korunmas\u0131na y\u00f6nelik \u00f6nemli bir \u200cdayanak te\u015fkil etmektedir.<\/li>\n<\/ul>\n<p>Sonu\u00e7 olarak, kiralayan\u0131n imzas\u0131n\u0131n bulunmad\u0131\u011f\u0131 bir\u2064 tahliye taahh\u00fctnamesinin hukuki \u200bge\u00e7erlili\u011fi olduk\u00e7a s\u0131n\u0131rl\u0131d\u0131r. \u2062Kirac\u0131lar\u0131n, <a href=\"https:\/\/denizcankizil.tr\/ru\/seo\/antalyada-kisisel-verilerin-korunmasi-hukuku-avukati-hangi-dava-turlerine-bakar-kvkk-dava-turlerinin-tamami-antalyadaki-adliye-ve-mahkemeler-listesi-nelerdir-antalyanin-ilceleri-hangileridir\/\" title=\"Antalya&#039;da Ki\u015fisel Verilerin Korunmas\u0131 Hukuku Avukat\u0131 Hangi Dava T\u00fcrlerine Bakar ? KVKK Dava T\u00fcrlerinin Tamam\u0131. Antalya&#039;daki Adliye ve Mahkemeler Listesi Nelerdir? Antalya&#039;n\u0131n il\u00e7eleri hangileridir?\">bu t\u00fcr durumlarda<\/a> haklar\u0131n\u0131 korumak\u2063 i\u00e7in hukuki dan\u0131\u015fmanl\u0131k almas\u0131\u2062 \u00f6nerilmektedir.<\/p>\n<p><img decoding=\"async\" class=\"kimage_class lazyload\" data-src=\"https:\/\/denizcankizil.tr\/wp-content\/uploads\/2024\/10\/2B6So-253D.jpg\" alt=\"Kiralayan\u0131n \u0130mzalamad\u0131\u011f\u0131\u2064 Tahliye Taahh\u00fctnamesinin \u0130ptali\u2062 ve \u2062\u0130tiraz S\u00fcre\u00e7leri\" src=\"data:image\/svg+xml;base64,PHN2ZyB3aWR0aD0iMSIgaGVpZ2h0PSIxIiB4bWxucz0iaHR0cDovL3d3dy53My5vcmcvMjAwMC9zdmciPjwvc3ZnPg==\"><\/p>\n<h2 id=\"kiralayanin-imzalamadigi-tahliye-taahhutnamesinin-iptali-ve-itiraz-surecleri\">Kiralayan\u0131n \u0130mzalamad\u0131\u011f\u0131 \u200cTahliye Taahh\u00fctnamesinin \u0130ptali ve\u2062 \u0130tiraz S\u00fcre\u00e7leri<\/h2>\n<p>Kiralayan\u0131n \u2064imzalamad\u0131\u011f\u0131 tahliye taahh\u00fctnamesinin ge\u00e7erlili\u011fi, kirac\u0131n\u0131n tahliye s\u00fcrecinde \u00f6nemli bir konu olarak\u200b kar\u015f\u0131m\u0131za \u00e7\u0131kmaktad\u0131r. \u200dTahliye taahh\u00fctnamesi,kirac\u0131n\u0131n kiralanan ta\u015f\u0131nmaz\u0131\u2063 belirli bir s\u00fcre i\u00e7inde bo\u015faltmay\u0131 kabul \u200detti\u011fini g\u00f6steren bir belgedir. Ancak, bu belgenin \u2064ge\u00e7erlili\u011fi, kiralayan\u0131n imzas\u0131n\u0131n bulunup bulunmamas\u0131na ba\u011fl\u0131 olarak tart\u0131\u015fmal\u0131 hale gelebilir.<\/p>\n<p>Kirac\u0131n\u0131n,\u2064 kiralayan\u0131n imzas\u0131 olmadan \u2063tahliye taahh\u00fctnamesini imzalamas\u0131\u2062 durumunda, \u2063bu taahh\u00fct \u200dbelgesinin ge\u00e7erlili\u011fi sorgulanabilir. T\u00fcrk \u2064Bor\u00e7lar Kanunu&#8217;na g\u00f6re, bir \u2064s\u00f6zle\u015fmenin ge\u00e7erli olabilmesi i\u00e7in taraflar\u0131n\u200c iradelerinin a\u00e7\u0131k\u00e7a ortaya konmas\u0131 gerekmektedir. Bu ba\u011flamda, kiralayan\u0131n\u200b imzas\u0131n\u0131n\u2062 bulunmamas\u0131, tahliye taahh\u00fctnamesinin ge\u00e7erlili\u011fini etkileyebilir. Kirac\u0131, bu durumda a\u015fa\u011f\u0131daki\u2064 s\u00fcre\u00e7leri\u200c izleyerek \u2063itiraz edebilir:<\/p>\n<ul>\n<li><strong>\u0130tiraz \u2062S\u00fcreci:<\/strong> \u2064Kirac\u0131, tahliye taahh\u00fctnamesinin ge\u00e7ersiz oldu\u011funu\u200b iddia\u2063 ederek, kiralayan \u200baleyhine icra takibi\u200d ba\u015flatabilir.<\/li>\n<li><strong>Mahkeme Ba\u015fvurusu:<\/strong> \u200b Kirac\u0131, tahliye taahh\u00fctnamesinin \u2063iptali \u2063i\u00e7in yetkili mahkemeye ba\u015fvuruda bulunabilir.<\/li>\n<li><strong>Delil Sunma:<\/strong> Kirac\u0131,\u200d tahliye taahh\u00fctnamesinin ge\u00e7ersizli\u011fini kan\u0131tlamak i\u00e7in gerekli delilleri mahkemeye sunmal\u0131d\u0131r.<\/li>\n<\/ul>\n<p>Sonu\u00e7 olarak, kiralayan\u0131n imzalamad\u0131\u011f\u0131\u200d bir\u2064 tahliye taahh\u00fctnamesinin iptali ve \u200ditiraz \u200cs\u00fcre\u00e7leri,\u2064 kirac\u0131 a\u00e7\u0131s\u0131ndan dikkatle ele \u2062al\u0131nmas\u0131 gereken \u200dbir durumdur. Kirac\u0131, bu\u2062 s\u00fcre\u00e7lerde \u2064hukuki destek \u2064alarak \u2063haklar\u0131n\u0131 koruma\u2064 alt\u0131na alabilir.<\/p>\n<p><img decoding=\"async\" class=\"kimage_class lazyload\" data-src=\"https:\/\/denizcankizil.tr\/wp-content\/uploads\/2024\/10\/78x381.jpg\" alt=\"Kiralama\u200d S\u00f6zle\u015fmeleri\u200d ve Tahliye Taahh\u00fctnamesinin Rol\u00fc\" src=\"data:image\/svg+xml;base64,PHN2ZyB3aWR0aD0iMSIgaGVpZ2h0PSIxIiB4bWxucz0iaHR0cDovL3d3dy53My5vcmcvMjAwMC9zdmciPjwvc3ZnPg==\"><\/p>\n<h2 id=\"kiralama-sozlesmeleri-ve-tahliye-taahhutnamesinin-rolu\">Kiralama S\u00f6zle\u015fmeleri ve Tahliye Taahh\u00fctnamesinin Rol\u00fc<\/h2>\n<p>Kiralama s\u00f6zle\u015fmeleri,\u2062 kirac\u0131 ile kiralayan aras\u0131nda bir \u2062m\u00fclkiyetin kullan\u0131m\u0131na\u2062 dair yap\u0131lan hukuki \u2062anla\u015fmalard\u0131r. Bu s\u00f6zle\u015fmeler, taraflar\u0131n hak\u200d ve \u200by\u00fck\u00fcml\u00fcl\u00fcklerini belirleyerek,\u2064 kiralama s\u00fcrecinin d\u00fczenli\u200b bir \u200c\u015fekilde i\u015flemesini\u200c sa\u011flar.\u200d Kiralama\u200c s\u00fcrecinde, tahliye\u2063 taahh\u00fctnamesi \u00f6nemli\u2063 bir rol\u200d oynamaktad\u0131r. \u2064Tahliye taahh\u00fctnamesi,kirac\u0131n\u0131n\u2062 kiralanan\u200d ta\u015f\u0131nmaz\u0131 \u2062belirli bir\u2063 s\u00fcre i\u00e7inde\u2062 bo\u015faltmay\u0131 kabul \u2064etti\u011fini g\u00f6steren bir belgedir.<\/p>\n<p><strong>Tahliye \u200ctaahh\u00fctnamesinin ge\u00e7erlili\u011fi<\/strong>,\u200b kiralayan\u0131n\u2062 imzas\u0131n\u0131n bulunup bulunmamas\u0131na\u200d g\u00f6re de\u011fi\u015fiklik g\u00f6sterebilir.Genel olarak,kiralayan\u0131n \u200dimzas\u0131 olmadan\u200d d\u00fczenlenen\u200c tahliye taahh\u00fctnameleri,ge\u00e7erlilik a\u00e7\u0131s\u0131ndan tart\u0131\u015fmal\u0131 \u2063bir \u2063durum yaratabilir. Ancak, Yarg\u0131tay\u200c i\u00e7tihatlar\u0131, bu t\u00fcr durumlarda kirac\u0131n\u0131n taahh\u00fctlerinin ge\u00e7erlili\u011fini koruyabilece\u011fini \u2062g\u00f6stermektedir. Kirac\u0131,tahliye taahh\u00fctnamesini\u2063 imzalayarak,kiralanan\u200d ta\u015f\u0131nmaz\u0131 bo\u015faltma y\u00fck\u00fcml\u00fcl\u00fc\u011f\u00fcn\u00fc \u00fcstlenmi\u015f \u2063olur.<\/p>\n<p>Bu \u200bba\u011flamda, <strong>tahliye\u2063 taahh\u00fctnamesinin i\u00e7eri\u011fi<\/strong> ve\u200d taraflar aras\u0131ndaki ili\u015fkiler\u2063 b\u00fcy\u00fck \u00f6nem \u200bta\u015f\u0131maktad\u0131r. Kiralayan\u0131n imzas\u0131n\u0131n bulunmamas\u0131, tahliye taahh\u00fctnamesinin \u200bge\u00e7erlili\u011fini sorgulamak i\u00e7in\u2062 bir neden olu\u015fturabilir. Ancak, \u200dkirac\u0131n\u0131n bu taahh\u00fct\u2064 do\u011frultusunda hareket \u200detmesi durumunda, \u200dkiralayan\u0131n itiraz \u200bhakk\u0131 s\u0131n\u0131rl\u0131 kalabilir. Dolay\u0131s\u0131yla, \u2063kiralama \u200cs\u00f6zle\u015fmelerinde tahliye \u200dtaahh\u00fctnamesinin d\u00fczenlenmesi,\u200c taraflar\u0131n haklar\u0131n\u0131n \u2062korunmas\u0131 \u2064a\u00e7\u0131s\u0131ndan kritik \u200bbir \u00f6neme sahiptir.<\/p>\n<p><img decoding=\"async\" class=\"kimage_class lazyload\" data-src=\"https:\/\/denizcankizil.tr\/wp-content\/uploads\/2024\/10\/mpmXk-253D.jpg\" alt=\"Uygulamada Kar\u015f\u0131la\u015f\u0131lan\u200d Sorunlar ve \u00c7\u00f6z\u00fcm \u00d6nerileri\" src=\"data:image\/svg+xml;base64,PHN2ZyB3aWR0aD0iMSIgaGVpZ2h0PSIxIiB4bWxucz0iaHR0cDovL3d3dy53My5vcmcvMjAwMC9zdmciPjwvc3ZnPg==\"><\/p>\n<h2 id=\"uygulamada-karsilasilan-sorunlar-ve-cozum-onerileri\">Uygulamada \u2063Kar\u015f\u0131la\u015f\u0131lan Sorunlar ve \u200b\u00c7\u00f6z\u00fcm \u00d6nerileri<\/h2>\n<p>Kiralayan\u0131n\u200b imzalamad\u0131\u011f\u0131 tahliye taahh\u00fctnamesinin ge\u00e7erlili\u011fi, uygulamada \u00e7e\u015fitli\u2062 sorunlara yol a\u00e7abilmektedir. Bu \u2062durum, kirac\u0131 ve kiraya\u2064 veren aras\u0131nda anla\u015fmazl\u0131klara neden olabilmekte ve <a href=\"https:\/\/denizcankizil.tr\/ru\/koseyazilari\/degerlendirme\/tanima-ve-tenfiz\/\" title=\"\u041f\u0440\u0438\u0437\u043d\u0430\u043d\u0438\u0435 \u0438 \u0438\u0441\u043f\u043e\u043b\u043d\u0435\u043d\u0438\u0435\">hukuki s\u00fcre\u00e7lerin uzamas\u0131<\/a>na \u2064sebep \u2063olmaktad\u0131r. A\u015fa\u011f\u0131da, \u2063bu\u2062 konuyla ilgili kar\u015f\u0131la\u015f\u0131lan\u200b ba\u015fl\u0131ca sorunlar ve \u200c\u00e7\u00f6z\u00fcm \u00f6nerileri s\u0131ralanm\u0131\u015ft\u0131r:<\/p>\n<ul>\n<li><strong>\u0130mzalanmam\u0131\u015f Tahliye \u200bTaahh\u00fctnamesinin \u0130spat\u0131:<\/strong> \u2062 Kiraya verenin\u200c imzas\u0131 \u2063bulunmayan bir tahliye taahh\u00fctnamesinin ge\u00e7erlili\u011fi konusunda belirsizlikler ya\u015fanabilmektedir. Bu\u200d durumda, kirac\u0131\u2062 taraf\u0131ndan tahliye\u2062 taahh\u00fcd\u00fcn\u00fcn ge\u00e7erlili\u011fini ispatlamak \u200di\u00e7in, yaz\u0131l\u0131 \u200ddelillerin ve tan\u0131klar\u0131n sunulmas\u0131 \u00f6nem arz etmektedir.<\/li>\n<li><strong>Hukuki S\u00fcre\u00e7lerin Uzamas\u0131:<\/strong> \u0130mzalanmam\u0131\u015f \u2062tahliye taahh\u00fctnamesi nedeniyle ortaya \u00e7\u0131kan uyu\u015fmazl\u0131klar, \u200dmahkeme s\u00fcre\u00e7lerinin uzamas\u0131na \u2063yol a\u00e7abilir.\u200b Bu t\u00fcr durumlarda, taraflar\u0131n arabuluculuk gibi alternatif \u200b\u00e7\u00f6z\u00fcm yollar\u0131n\u0131 de\u011ferlendirmesi \u2064\u00f6nerilmektedir.<\/li>\n<li><strong>Kirac\u0131 Haklar\u0131n\u0131n Korunmas\u0131:<\/strong> Kirac\u0131lar\u0131n, \u200dimzalanmam\u0131\u015f tahliye \u2063taahh\u00fctnamesi nedeniyle ma\u011fdur\u2064 olmamalar\u0131\u200d i\u00e7in, kiralama s\u00f6zle\u015fmelerinde \u2062a\u00e7\u0131k ve net h\u00fck\u00fcmler yer almas\u0131 \u200dgerekmektedir. Kirac\u0131lar\u0131n,\u200d haklar\u0131n\u0131 korumak ad\u0131na hukuki \u200bdan\u0131\u015fmanl\u0131k almas\u0131\u2064 faydal\u0131 olacakt\u0131r.<\/li>\n<\/ul>\n<p>Sonu\u00e7 \u2064olarak, kiralayan\u0131n imzalamad\u0131\u011f\u0131 \u2064tahliye taahh\u00fctnamesinin ge\u00e7erlili\u011fi konusunda ya\u015fanan sorunlar\u0131n \u200c\u00e7\u00f6z\u00fcm\u00fc i\u00e7in, \u2064taraflar\u0131n hukuki bilgiye sahip \u2063olmalar\u0131 \u2063ve gerekti\u011finde profesyonel destek almalar\u0131 b\u00fcy\u00fck \u00f6nem ta\u015f\u0131maktad\u0131r.<\/p>\n<p>Sonu\u00e7 olarak,\u200b kiralayan\u0131n imzalamad\u0131\u011f\u0131 tahliye taahh\u00fctnamesinin ge\u00e7erlili\u011fi, T\u00fcrk Bor\u00e7lar Kanunu\u2064 ve ilgili yarg\u0131 kararlar\u0131 \u00e7er\u00e7evesinde de\u011ferlendirildi\u011finde, kirac\u0131\u200d a\u00e7\u0131s\u0131ndan \u00f6nemli \u200dhukuki sonu\u00e7lar \u200ddo\u011furabilmektedir. \u200dTahliye taahh\u00fctnamesinin ge\u00e7erlili\u011fi, taraflar\u0131n irade beyanlar\u0131n\u0131n \u200cve s\u00f6zle\u015fme serbestisinin \u2062bir yans\u0131mas\u0131 olarak, \u200ckiralama ili\u015fkilerinde dikkatle ele\u2063 al\u0131nmas\u0131 gereken\u2062 bir \u2064konudur.Yarg\u0131tay i\u00e7tihatlar\u0131, bu t\u00fcr\u2063 durumlarda kirac\u0131n\u0131n korunmas\u0131na y\u00f6nelik ilkeler \u2063geli\u015ftirmi\u015ftir. Dolay\u0131s\u0131yla, \u200ckiralayan\u0131n imzas\u0131 olmaks\u0131z\u0131n d\u00fczenlenen \u2064tahliye taahh\u00fctnameleri, hukuki ge\u00e7erlilik a\u00e7\u0131s\u0131ndan tart\u0131\u015fmal\u0131 bir\u200c alan\u2062 olu\u015fturmakta ve her somut olay\u0131n kendi ko\u015fullar\u0131 \u00e7er\u00e7evesinde de\u011ferlendirilmesi \u200bgerekmektedir. Bu ba\u011flamda, kirac\u0131lar\u0131n ve kiraya\u200c verenlerin,\u2063 tahliye taahh\u00fctnameleri gibi \u00f6nemli belgeleri\u2062 d\u00fczenlerken \u2063hukuki \u200bdan\u0131\u015fmanl\u0131k almalar\u0131, \u200b<a href=\"https:\/\/denizcankizil.tr\/ru\/koseyazilari\/degerlendirme\/kiralanan-tasinmazin-ihtiyac-nedeniyle-tahliyesi-hukuki-cerceve\/\" title=\"Kiralanan Ta\u015f\u0131nmaz\u0131n \u0130htiya\u00e7 Nedeniyle Tahliyesi: Hukuki \u00c7er\u00e7eve\">olas\u0131 uyu\u015fmazl\u0131klar\u0131n \u00f6nlenmesi a\u00e7\u0131s\u0131ndan b\u00fcy\u00fck \u00f6nem ta\u015f\u0131maktad\u0131r<\/a>. <\/p>","protected":false},"excerpt":{"rendered":"<p>Kiralayan\u0131n imzalamad\u0131\u011f\u0131 tahliye taahh\u00fctnamesinin ge\u00e7erlili\u011fi, T\u00fcrk Bor\u00e7lar Kanunu \u00e7er\u00e7evesinde de\u011ferlendirilmektedir. Bu ba\u011flamda, kirac\u0131n\u0131n taahh\u00fctlerinin hukuki sonu\u00e7lar\u0131, taraflar aras\u0131ndaki s\u00f6zle\u015fme ili\u015fkisini etkileyebilir.<\/p>","protected":false},"author":4,"featured_media":0,"comment_status":"open","ping_status":"open","sticky":false,"template":"","format":"standard","meta":{"_acf_changed":false,"footnotes":""},"categories":[22],"tags":[],"class_list":["post-116968","post","type-post","status-publish","format-standard","hentry","category-degerlendirme"],"acf":[],"yoast_head":"<!-- This site is optimized with the Yoast SEO Premium plugin v26.6 (Yoast SEO v27.1.1) - https:\/\/yoast.com\/product\/yoast-seo-premium-wordpress\/ -->\n<title>Kiralayan\u0131n \u0130mzalamad\u0131\u011f\u0131 Tahliye Taahh\u00fctnamesinin Ge\u00e7erlili\u011fi - Av. Deniz Can K\u0131z\u0131l<\/title>\n<meta name=\"robots\" content=\"index, follow, max-snippet:-1, max-image-preview:large, max-video-preview:-1\" \/>\n<link rel=\"canonical\" href=\"https:\/\/denizcankizil.tr\/ru\/koseyazilari\/degerlendirme\/kiralayanin-imzalamadigi-tahliye-taahhutnamesinin-gecerliligi\/\" \/>\n<meta property=\"og:locale\" content=\"ru_RU\" \/>\n<meta property=\"og:type\" content=\"article\" \/>\n<meta property=\"og:title\" content=\"Kiralayan\u0131n \u0130mzalamad\u0131\u011f\u0131 Tahliye Taahh\u00fctnamesinin Ge\u00e7erlili\u011fi\" \/>\n<meta property=\"og:description\" content=\"Kiralayan\u0131n imzalamad\u0131\u011f\u0131 tahliye taahh\u00fctnamesinin ge\u00e7erlili\u011fi, T\u00fcrk Bor\u00e7lar Kanunu \u00e7er\u00e7evesinde de\u011ferlendirilmektedir. Bu ba\u011flamda, kirac\u0131n\u0131n taahh\u00fctlerinin hukuki sonu\u00e7lar\u0131, taraflar aras\u0131ndaki s\u00f6zle\u015fme ili\u015fkisini etkileyebilir.\" \/>\n<meta property=\"og:url\" content=\"https:\/\/denizcankizil.tr\/ru\/koseyazilari\/degerlendirme\/kiralayanin-imzalamadigi-tahliye-taahhutnamesinin-gecerliligi\/\" \/>\n<meta property=\"og:site_name\" content=\"Av. Deniz Can K\u0131z\u0131l\" \/>\n<meta property=\"article:published_time\" content=\"2025-06-15T12:59:26+00:00\" \/>\n<meta property=\"og:image\" content=\"https:\/\/denizcankizil.tr\/wp-content\/uploads\/2024\/10\/1024-1.jpg\" \/>\n<meta name=\"author\" content=\"Av. Deniz Can K\u0131z\u0131l\" \/>\n<meta name=\"twitter:card\" content=\"summary_large_image\" \/>\n<meta name=\"twitter:label1\" content=\"\u041d\u0430\u043f\u0438\u0441\u0430\u043d\u043e \u0430\u0432\u0442\u043e\u0440\u043e\u043c\" \/>\n\t<meta name=\"twitter:data1\" content=\"Av. Deniz Can K\u0131z\u0131l\" \/>\n\t<meta name=\"twitter:label2\" content=\"\u041f\u0440\u0438\u043c\u0435\u0440\u043d\u043e\u0435 \u0432\u0440\u0435\u043c\u044f \u0434\u043b\u044f \u0447\u0442\u0435\u043d\u0438\u044f\" \/>\n\t<meta name=\"twitter:data2\" content=\"9 \u043c\u0438\u043d\u0443\u0442\" \/>\n<script type=\"application\/ld+json\" class=\"yoast-schema-graph\">{\"@context\":\"https:\/\/schema.org\",\"@graph\":[{\"@type\":\"Article\",\"@id\":\"https:\/\/denizcankizil.tr\/ru\/koseyazilari\/degerlendirme\/kiralayanin-imzalamadigi-tahliye-taahhutnamesinin-gecerliligi\/#article\",\"isPartOf\":{\"@id\":\"https:\/\/denizcankizil.tr\/ru\/koseyazilari\/degerlendirme\/kiralayanin-imzalamadigi-tahliye-taahhutnamesinin-gecerliligi\/\"},\"author\":{\"name\":\"Av. Deniz Can K\u0131z\u0131l\",\"@id\":\"https:\/\/denizcankizil.tr\/#\/schema\/person\/5dc1b22991bd7ac833867c10afc9b0ff\"},\"headline\":\"Kiralayan\u0131n \u0130mzalamad\u0131\u011f\u0131 Tahliye Taahh\u00fctnamesinin Ge\u00e7erlili\u011fi\",\"datePublished\":\"2025-06-15T12:59:26+00:00\",\"mainEntityOfPage\":{\"@id\":\"https:\/\/denizcankizil.tr\/ru\/koseyazilari\/degerlendirme\/kiralayanin-imzalamadigi-tahliye-taahhutnamesinin-gecerliligi\/\"},\"wordCount\":1894,\"commentCount\":0,\"publisher\":{\"@id\":\"https:\/\/denizcankizil.tr\/#organization\"},\"image\":{\"@id\":\"https:\/\/denizcankizil.tr\/ru\/koseyazilari\/degerlendirme\/kiralayanin-imzalamadigi-tahliye-taahhutnamesinin-gecerliligi\/#primaryimage\"},\"thumbnailUrl\":\"https:\/\/denizcankizil.tr\/wp-content\/uploads\/2024\/10\/1024-1.jpg\",\"articleSection\":[\"De\u011ferlendirme\"],\"inLanguage\":\"ru-RU\",\"potentialAction\":[{\"@type\":\"CommentAction\",\"name\":\"Comment\",\"target\":[\"https:\/\/denizcankizil.tr\/ru\/koseyazilari\/degerlendirme\/kiralayanin-imzalamadigi-tahliye-taahhutnamesinin-gecerliligi\/#respond\"]}]},{\"@type\":\"WebPage\",\"@id\":\"https:\/\/denizcankizil.tr\/ru\/koseyazilari\/degerlendirme\/kiralayanin-imzalamadigi-tahliye-taahhutnamesinin-gecerliligi\/\",\"url\":\"https:\/\/denizcankizil.tr\/ru\/koseyazilari\/degerlendirme\/kiralayanin-imzalamadigi-tahliye-taahhutnamesinin-gecerliligi\/\",\"name\":\"Kiralayan\u0131n \u0130mzalamad\u0131\u011f\u0131 Tahliye Taahh\u00fctnamesinin Ge\u00e7erlili\u011fi - Av. Deniz Can K\u0131z\u0131l\",\"isPartOf\":{\"@id\":\"https:\/\/denizcankizil.tr\/#website\"},\"primaryImageOfPage\":{\"@id\":\"https:\/\/denizcankizil.tr\/ru\/koseyazilari\/degerlendirme\/kiralayanin-imzalamadigi-tahliye-taahhutnamesinin-gecerliligi\/#primaryimage\"},\"image\":{\"@id\":\"https:\/\/denizcankizil.tr\/ru\/koseyazilari\/degerlendirme\/kiralayanin-imzalamadigi-tahliye-taahhutnamesinin-gecerliligi\/#primaryimage\"},\"thumbnailUrl\":\"https:\/\/denizcankizil.tr\/wp-content\/uploads\/2024\/10\/1024-1.jpg\",\"datePublished\":\"2025-06-15T12:59:26+00:00\",\"breadcrumb\":{\"@id\":\"https:\/\/denizcankizil.tr\/ru\/koseyazilari\/degerlendirme\/kiralayanin-imzalamadigi-tahliye-taahhutnamesinin-gecerliligi\/#breadcrumb\"},\"inLanguage\":\"ru-RU\",\"potentialAction\":[{\"@type\":\"ReadAction\",\"target\":[\"https:\/\/denizcankizil.tr\/ru\/koseyazilari\/degerlendirme\/kiralayanin-imzalamadigi-tahliye-taahhutnamesinin-gecerliligi\/\"]}]},{\"@type\":\"ImageObject\",\"inLanguage\":\"ru-RU\",\"@id\":\"https:\/\/denizcankizil.tr\/ru\/koseyazilari\/degerlendirme\/kiralayanin-imzalamadigi-tahliye-taahhutnamesinin-gecerliligi\/#primaryimage\",\"url\":\"https:\/\/denizcankizil.tr\/wp-content\/uploads\/2024\/10\/1024-1.jpg\",\"contentUrl\":\"https:\/\/denizcankizil.tr\/wp-content\/uploads\/2024\/10\/1024-1.jpg\"},{\"@type\":\"BreadcrumbList\",\"@id\":\"https:\/\/denizcankizil.tr\/ru\/koseyazilari\/degerlendirme\/kiralayanin-imzalamadigi-tahliye-taahhutnamesinin-gecerliligi\/#breadcrumb\",\"itemListElement\":[{\"@type\":\"ListItem\",\"position\":1,\"name\":\"Home\",\"item\":\"https:\/\/denizcankizil.tr\/de\/\"},{\"@type\":\"ListItem\",\"position\":2,\"name\":\"Kiralayan\u0131n \u0130mzalamad\u0131\u011f\u0131 Tahliye Taahh\u00fctnamesinin Ge\u00e7erlili\u011fi\"}]},{\"@type\":\"WebSite\",\"@id\":\"https:\/\/denizcankizil.tr\/#website\",\"url\":\"https:\/\/denizcankizil.tr\/\",\"name\":\"Av. Deniz Can K\u0131z\u0131l\",\"description\":\"Avukat Deniz Can K\u0131z\u0131l Antalya Barosu\",\"publisher\":{\"@id\":\"https:\/\/denizcankizil.tr\/#organization\"},\"potentialAction\":[{\"@type\":\"SearchAction\",\"target\":{\"@type\":\"EntryPoint\",\"urlTemplate\":\"https:\/\/denizcankizil.tr\/?s={search_term_string}\"},\"query-input\":{\"@type\":\"PropertyValueSpecification\",\"valueRequired\":true,\"valueName\":\"search_term_string\"}}],\"inLanguage\":\"ru-RU\"},{\"@type\":\"Organization\",\"@id\":\"https:\/\/denizcankizil.tr\/#organization\",\"name\":\"Av. Deniz Can K\u0131z\u0131l\",\"url\":\"https:\/\/denizcankizil.tr\/\",\"logo\":{\"@type\":\"ImageObject\",\"inLanguage\":\"ru-RU\",\"@id\":\"https:\/\/denizcankizil.tr\/#\/schema\/logo\/image\/\",\"url\":\"https:\/\/denizcankizil.tr\/wp-content\/uploads\/2024\/10\/siyah-logo-svg.svg\",\"contentUrl\":\"https:\/\/denizcankizil.tr\/wp-content\/uploads\/2024\/10\/siyah-logo-svg.svg\",\"width\":1080,\"height\":1080,\"caption\":\"Av. Deniz Can K\u0131z\u0131l\"},\"image\":{\"@id\":\"https:\/\/denizcankizil.tr\/#\/schema\/logo\/image\/\"}},{\"@type\":\"Person\",\"@id\":\"https:\/\/denizcankizil.tr\/#\/schema\/person\/5dc1b22991bd7ac833867c10afc9b0ff\",\"name\":\"Av. Deniz Can K\u0131z\u0131l\",\"image\":{\"@type\":\"ImageObject\",\"inLanguage\":\"ru-RU\",\"@id\":\"https:\/\/denizcankizil.tr\/#\/schema\/person\/image\/\",\"url\":\"https:\/\/secure.gravatar.com\/avatar\/a0b128fb9855c79efc976d5640eedb31dc35ec297594d6016d2cf7c60e975bb6?s=96&d=mm&r=g\",\"contentUrl\":\"https:\/\/secure.gravatar.com\/avatar\/a0b128fb9855c79efc976d5640eedb31dc35ec297594d6016d2cf7c60e975bb6?s=96&d=mm&r=g\",\"caption\":\"Av. Deniz Can K\u0131z\u0131l\"},\"sameAs\":[\"http:\/\/www.denizcankizil.tr\"],\"url\":\"https:\/\/denizcankizil.tr\/ru\/author\/denizcankizil\/\"}]}<\/script>\n<!-- \/ Yoast SEO Premium plugin. -->","yoast_head_json":{"title":"Kiralayan\u0131n \u0130mzalamad\u0131\u011f\u0131 Tahliye Taahh\u00fctnamesinin Ge\u00e7erlili\u011fi - Av. Deniz Can K\u0131z\u0131l","robots":{"index":"index","follow":"follow","max-snippet":"max-snippet:-1","max-image-preview":"max-image-preview:large","max-video-preview":"max-video-preview:-1"},"canonical":"https:\/\/denizcankizil.tr\/ru\/koseyazilari\/degerlendirme\/kiralayanin-imzalamadigi-tahliye-taahhutnamesinin-gecerliligi\/","og_locale":"ru_RU","og_type":"article","og_title":"Kiralayan\u0131n \u0130mzalamad\u0131\u011f\u0131 Tahliye Taahh\u00fctnamesinin Ge\u00e7erlili\u011fi","og_description":"Kiralayan\u0131n imzalamad\u0131\u011f\u0131 tahliye taahh\u00fctnamesinin ge\u00e7erlili\u011fi, T\u00fcrk Bor\u00e7lar Kanunu \u00e7er\u00e7evesinde de\u011ferlendirilmektedir. Bu ba\u011flamda, kirac\u0131n\u0131n taahh\u00fctlerinin hukuki sonu\u00e7lar\u0131, taraflar aras\u0131ndaki s\u00f6zle\u015fme ili\u015fkisini etkileyebilir.","og_url":"https:\/\/denizcankizil.tr\/ru\/koseyazilari\/degerlendirme\/kiralayanin-imzalamadigi-tahliye-taahhutnamesinin-gecerliligi\/","og_site_name":"Av. Deniz Can K\u0131z\u0131l","article_published_time":"2025-06-15T12:59:26+00:00","og_image":[{"url":"https:\/\/denizcankizil.tr\/wp-content\/uploads\/2024\/10\/1024-1.jpg","type":"","width":"","height":""}],"author":"Av. Deniz Can K\u0131z\u0131l","twitter_card":"summary_large_image","twitter_misc":{"\u041d\u0430\u043f\u0438\u0441\u0430\u043d\u043e \u0430\u0432\u0442\u043e\u0440\u043e\u043c":"Av. Deniz Can K\u0131z\u0131l","\u041f\u0440\u0438\u043c\u0435\u0440\u043d\u043e\u0435 \u0432\u0440\u0435\u043c\u044f \u0434\u043b\u044f \u0447\u0442\u0435\u043d\u0438\u044f":"9 \u043c\u0438\u043d\u0443\u0442"},"schema":{"@context":"https:\/\/schema.org","@graph":[{"@type":"Article","@id":"https:\/\/denizcankizil.tr\/ru\/koseyazilari\/degerlendirme\/kiralayanin-imzalamadigi-tahliye-taahhutnamesinin-gecerliligi\/#article","isPartOf":{"@id":"https:\/\/denizcankizil.tr\/ru\/koseyazilari\/degerlendirme\/kiralayanin-imzalamadigi-tahliye-taahhutnamesinin-gecerliligi\/"},"author":{"name":"Av. Deniz Can K\u0131z\u0131l","@id":"https:\/\/denizcankizil.tr\/#\/schema\/person\/5dc1b22991bd7ac833867c10afc9b0ff"},"headline":"Kiralayan\u0131n \u0130mzalamad\u0131\u011f\u0131 Tahliye Taahh\u00fctnamesinin Ge\u00e7erlili\u011fi","datePublished":"2025-06-15T12:59:26+00:00","mainEntityOfPage":{"@id":"https:\/\/denizcankizil.tr\/ru\/koseyazilari\/degerlendirme\/kiralayanin-imzalamadigi-tahliye-taahhutnamesinin-gecerliligi\/"},"wordCount":1894,"commentCount":0,"publisher":{"@id":"https:\/\/denizcankizil.tr\/#organization"},"image":{"@id":"https:\/\/denizcankizil.tr\/ru\/koseyazilari\/degerlendirme\/kiralayanin-imzalamadigi-tahliye-taahhutnamesinin-gecerliligi\/#primaryimage"},"thumbnailUrl":"https:\/\/denizcankizil.tr\/wp-content\/uploads\/2024\/10\/1024-1.jpg","articleSection":["De\u011ferlendirme"],"inLanguage":"ru-RU","potentialAction":[{"@type":"CommentAction","name":"Comment","target":["https:\/\/denizcankizil.tr\/ru\/koseyazilari\/degerlendirme\/kiralayanin-imzalamadigi-tahliye-taahhutnamesinin-gecerliligi\/#respond"]}]},{"@type":"WebPage","@id":"https:\/\/denizcankizil.tr\/ru\/koseyazilari\/degerlendirme\/kiralayanin-imzalamadigi-tahliye-taahhutnamesinin-gecerliligi\/","url":"https:\/\/denizcankizil.tr\/ru\/koseyazilari\/degerlendirme\/kiralayanin-imzalamadigi-tahliye-taahhutnamesinin-gecerliligi\/","name":"Kiralayan\u0131n \u0130mzalamad\u0131\u011f\u0131 Tahliye Taahh\u00fctnamesinin Ge\u00e7erlili\u011fi - Av. Deniz Can K\u0131z\u0131l","isPartOf":{"@id":"https:\/\/denizcankizil.tr\/#website"},"primaryImageOfPage":{"@id":"https:\/\/denizcankizil.tr\/ru\/koseyazilari\/degerlendirme\/kiralayanin-imzalamadigi-tahliye-taahhutnamesinin-gecerliligi\/#primaryimage"},"image":{"@id":"https:\/\/denizcankizil.tr\/ru\/koseyazilari\/degerlendirme\/kiralayanin-imzalamadigi-tahliye-taahhutnamesinin-gecerliligi\/#primaryimage"},"thumbnailUrl":"https:\/\/denizcankizil.tr\/wp-content\/uploads\/2024\/10\/1024-1.jpg","datePublished":"2025-06-15T12:59:26+00:00","breadcrumb":{"@id":"https:\/\/denizcankizil.tr\/ru\/koseyazilari\/degerlendirme\/kiralayanin-imzalamadigi-tahliye-taahhutnamesinin-gecerliligi\/#breadcrumb"},"inLanguage":"ru-RU","potentialAction":[{"@type":"ReadAction","target":["https:\/\/denizcankizil.tr\/ru\/koseyazilari\/degerlendirme\/kiralayanin-imzalamadigi-tahliye-taahhutnamesinin-gecerliligi\/"]}]},{"@type":"ImageObject","inLanguage":"ru-RU","@id":"https:\/\/denizcankizil.tr\/ru\/koseyazilari\/degerlendirme\/kiralayanin-imzalamadigi-tahliye-taahhutnamesinin-gecerliligi\/#primaryimage","url":"https:\/\/denizcankizil.tr\/wp-content\/uploads\/2024\/10\/1024-1.jpg","contentUrl":"https:\/\/denizcankizil.tr\/wp-content\/uploads\/2024\/10\/1024-1.jpg"},{"@type":"BreadcrumbList","@id":"https:\/\/denizcankizil.tr\/ru\/koseyazilari\/degerlendirme\/kiralayanin-imzalamadigi-tahliye-taahhutnamesinin-gecerliligi\/#breadcrumb","itemListElement":[{"@type":"ListItem","position":1,"name":"Home","item":"https:\/\/denizcankizil.tr\/de\/"},{"@type":"ListItem","position":2,"name":"Kiralayan\u0131n \u0130mzalamad\u0131\u011f\u0131 Tahliye Taahh\u00fctnamesinin Ge\u00e7erlili\u011fi"}]},{"@type":"WebSite","@id":"https:\/\/denizcankizil.tr\/#website","url":"https:\/\/denizcankizil.tr\/","name":"Av. Deniz Can K\u0131z\u0131l","description":"Avukat Deniz Can K\u0131z\u0131l Antalya Barosu","publisher":{"@id":"https:\/\/denizcankizil.tr\/#organization"},"potentialAction":[{"@type":"SearchAction","target":{"@type":"EntryPoint","urlTemplate":"https:\/\/denizcankizil.tr\/?s={search_term_string}"},"query-input":{"@type":"PropertyValueSpecification","valueRequired":true,"valueName":"search_term_string"}}],"inLanguage":"ru-RU"},{"@type":"Organization","@id":"https:\/\/denizcankizil.tr\/#organization","name":"Av. Deniz Can K\u0131z\u0131l","url":"https:\/\/denizcankizil.tr\/","logo":{"@type":"ImageObject","inLanguage":"ru-RU","@id":"https:\/\/denizcankizil.tr\/#\/schema\/logo\/image\/","url":"https:\/\/denizcankizil.tr\/wp-content\/uploads\/2024\/10\/siyah-logo-svg.svg","contentUrl":"https:\/\/denizcankizil.tr\/wp-content\/uploads\/2024\/10\/siyah-logo-svg.svg","width":1080,"height":1080,"caption":"Av. Deniz Can K\u0131z\u0131l"},"image":{"@id":"https:\/\/denizcankizil.tr\/#\/schema\/logo\/image\/"}},{"@type":"Person","@id":"https:\/\/denizcankizil.tr\/#\/schema\/person\/5dc1b22991bd7ac833867c10afc9b0ff","name":"Av. Deniz Can K\u0131z\u0131l","image":{"@type":"ImageObject","inLanguage":"ru-RU","@id":"https:\/\/denizcankizil.tr\/#\/schema\/person\/image\/","url":"https:\/\/secure.gravatar.com\/avatar\/a0b128fb9855c79efc976d5640eedb31dc35ec297594d6016d2cf7c60e975bb6?s=96&d=mm&r=g","contentUrl":"https:\/\/secure.gravatar.com\/avatar\/a0b128fb9855c79efc976d5640eedb31dc35ec297594d6016d2cf7c60e975bb6?s=96&d=mm&r=g","caption":"Av. Deniz Can K\u0131z\u0131l"},"sameAs":["http:\/\/www.denizcankizil.tr"],"url":"https:\/\/denizcankizil.tr\/ru\/author\/denizcankizil\/"}]}},"_links":{"self":[{"href":"https:\/\/denizcankizil.tr\/ru\/wp-json\/wp\/v2\/posts\/116968","targetHints":{"allow":["GET"]}}],"collection":[{"href":"https:\/\/denizcankizil.tr\/ru\/wp-json\/wp\/v2\/posts"}],"about":[{"href":"https:\/\/denizcankizil.tr\/ru\/wp-json\/wp\/v2\/types\/post"}],"author":[{"embeddable":true,"href":"https:\/\/denizcankizil.tr\/ru\/wp-json\/wp\/v2\/users\/4"}],"replies":[{"embeddable":true,"href":"https:\/\/denizcankizil.tr\/ru\/wp-json\/wp\/v2\/comments?post=116968"}],"version-history":[{"count":0,"href":"https:\/\/denizcankizil.tr\/ru\/wp-json\/wp\/v2\/posts\/116968\/revisions"}],"wp:attachment":[{"href":"https:\/\/denizcankizil.tr\/ru\/wp-json\/wp\/v2\/media?parent=116968"}],"wp:term":[{"taxonomy":"category","embeddable":true,"href":"https:\/\/denizcankizil.tr\/ru\/wp-json\/wp\/v2\/categories?post=116968"},{"taxonomy":"post_tag","embeddable":true,"href":"https:\/\/denizcankizil.tr\/ru\/wp-json\/wp\/v2\/tags?post=116968"}],"curies":[{"name":"wp","href":"https:\/\/api.w.org\/{rel}","templated":true}]}}