{"id":116039,"date":"2025-06-14T17:41:54","date_gmt":"2025-06-14T14:41:54","guid":{"rendered":"https:\/\/denizcankizil.tr\/uncategorized-tr\/mugla-mentesede-jandarmanin-186-yili-gururla-kutlandi\/"},"modified":"2025-06-14T17:41:54","modified_gmt":"2025-06-14T14:41:54","slug":"mugla-mentesede-jandarmanin-186-yili-gururla-kutlandi","status":"publish","type":"post","link":"https:\/\/denizcankizil.tr\/ru\/haberler\/gundem\/mugla-mentesede-jandarmanin-186-yili-gururla-kutlandi\/","title":{"rendered":"Mu\u011fla Mente\u015fe\u2019de Jandarma\u2019n\u0131n 186. Y\u0131l\u0131 gururla kutland\u0131"},"content":{"rendered":"<p>Mu\u011fla&#8217;n\u0131n merkez il\u00e7esi Mente\u015fe&#8217;de, Jandarma Te\u015fkilat\u0131&#8217;n\u0131n 186&#8217;nc\u0131 kurulu\u015f y\u0131l d\u00f6n\u00fcm\u00fc t\u00f6renle kutland\u0131. Mente\u015fe&#8217;de, Jandarma Te\u015fkilat\u0131&#8217;n\u0131n 186&#8217;nc\u0131 kurulu\u015f y\u0131l d\u00f6n\u00fcm\u00fc nedeniyle program d\u00fczenlendi. Program kapsam\u0131nda Cumhuriyet Meydan\u0131&#8217;ndaki Atat\u00fcrk An\u0131t\u0131&#8217;na \u00e7elenk b\u0131rak\u0131ld\u0131.<\/p>\n<p>KATILIM YO\u011eUN OLDU<\/p>\n<p>Sayg\u0131 duru\u015funda bulunulmas\u0131 ve \u0130stiklal Mar\u015f\u0131&#8217;n\u0131 okumas\u0131n\u0131n ard\u0131ndan g\u00fcn\u00fcn anlam\u0131n\u0131 belirten konu\u015fma Jandarma Hukuk Te\u011fmeni Halil \u0130brahim \u0130zgi taraf\u0131ndan yap\u0131ld\u0131. T\u00f6rene \u0130l Jandarma Komutan\u0131 Tu\u011fgeneral Emrullah B\u00fcy\u00fck, \u0130l Emniyet M\u00fcd\u00fcr\u00fc Ali Can Bolat, askeri erkan ve emniyet mensuplar\u0131 kat\u0131ld\u0131.<\/p>\n<p>\u200bMu\u011fla\u2019n\u0131n Mente\u015fe il\u00e7esinde, Jandarma Te\u015fkilat\u0131\u2019n\u0131n 186\u2019nc\u0131 kurulu\u015f y\u0131l d\u00f6n\u00fcm\u00fc dolay\u0131s\u0131yla anlaml\u0131 bir t\u00f6ren d\u00fczenlendi. Cumhuriyet Meydan\u0131\u2019nda ger\u00e7ekle\u015fen programda, Mu\u011fla \u0130l Jandarma Komutan\u0131 Tu\u011fgeneral Emrullah B\u00fcy\u00fck, Atat\u00fcrk An\u0131t\u0131\u2019na \u00e7elenk sundu.\u00a0<\/p>\n<p>\u200bHaberin Al\u0131nt\u0131land\u0131\u011f\u0131 Kaynak: www.antalyakorfez.com<\/p>","protected":false},"excerpt":{"rendered":"<p>Mu\u011fla&#8217;n\u0131n merkez il\u00e7esi Mente\u015fe&#8217;de, Jandarma Te\u015fkilat\u0131&#8217;n\u0131n 186&#8217;nc\u0131 kurulu\u015f y\u0131l d\u00f6n\u00fcm\u00fc t\u00f6renle kutland\u0131. Mente\u015fe&#8217;de, Jandarma Te\u015fkilat\u0131&#8217;n\u0131n 186&#8217;nc\u0131 kurulu\u015f y\u0131l d\u00f6n\u00fcm\u00fc nedeniyle program d\u00fczenlendi. Program kapsam\u0131nda Cumhuriyet Meydan\u0131&#8217;ndaki Atat\u00fcrk An\u0131t\u0131&#8217;na \u00e7elenk b\u0131rak\u0131ld\u0131. KATILIM YO\u011eUN OLDU Sayg\u0131 duru\u015funda bulunulmas\u0131 ve \u0130stiklal Mar\u015f\u0131&#8217;n\u0131 okumas\u0131n\u0131n ard\u0131ndan g\u00fcn\u00fcn anlam\u0131n\u0131 belirten konu\u015fma Jandarma Hukuk Te\u011fmeni Halil \u0130brahim \u0130zgi taraf\u0131ndan yap\u0131ld\u0131. T\u00f6rene \u0130l Jandarma Komutan\u0131 Tu\u011fgeneral Emrullah B\u00fcy\u00fck, \u0130l Emniyet M\u00fcd\u00fcr\u00fc Ali Can Bolat, askeri erkan ve emniyet mensuplar\u0131 kat\u0131ld\u0131. \u200bMu\u011fla\u2019n\u0131n Mente\u015fe il\u00e7esinde, Jandarma Te\u015fkilat\u0131\u2019n\u0131n 186\u2019nc\u0131 kurulu\u015f y\u0131l d\u00f6n\u00fcm\u00fc dolay\u0131s\u0131yla anlaml\u0131 bir t\u00f6ren d\u00fczenlendi. Cumhuriyet Meydan\u0131\u2019nda ger\u00e7ekle\u015fen programda, Mu\u011fla \u0130l Jandarma Komutan\u0131 Tu\u011fgeneral Emrullah B\u00fcy\u00fck, Atat\u00fcrk An\u0131t\u0131\u2019na \u00e7elenk sundu.\u00a0 \u200bHaberin Al\u0131nt\u0131land\u0131\u011f\u0131 Kaynak: www.antalyakorfez.com<\/p>","protected":false},"author":5,"featured_media":0,"comment_status":"","ping_status":"open","sticky":false,"template":"","format":"standard","meta":{"_acf_changed":false,"footnotes":""},"categories":[24],"tags":[],"class_list":["post-116039","post","type-post","status-publish","format-standard","has-post-thumbnail","hentry","category-gundem"],"acf":[],"yoast_head":"<!-- This site is optimized with the Yoast SEO Premium plugin v26.6 (Yoast SEO v27.1.1) - https:\/\/yoast.com\/product\/yoast-seo-premium-wordpress\/ -->\n<title>Mu\u011fla Mente\u015fe\u2019de Jandarma\u2019n\u0131n 186. Y\u0131l\u0131 gururla kutland\u0131 - Av. Deniz Can K\u0131z\u0131l<\/title>\n<meta name=\"robots\" content=\"index, follow, max-snippet:-1, max-image-preview:large, max-video-preview:-1\" \/>\n<link rel=\"canonical\" href=\"https:\/\/denizcankizil.tr\/ru\/haberler\/gundem\/mugla-mentesede-jandarmanin-186-yili-gururla-kutlandi\/\" \/>\n<meta property=\"og:locale\" content=\"ru_RU\" \/>\n<meta property=\"og:type\" content=\"article\" \/>\n<meta property=\"og:title\" content=\"Mu\u011fla Mente\u015fe\u2019de Jandarma\u2019n\u0131n 186. Y\u0131l\u0131 gururla kutland\u0131\" \/>\n<meta property=\"og:description\" content=\"Mu\u011fla&#8217;n\u0131n merkez il\u00e7esi Mente\u015fe&#8217;de, Jandarma Te\u015fkilat\u0131&#8217;n\u0131n 186&#8217;nc\u0131 kurulu\u015f y\u0131l d\u00f6n\u00fcm\u00fc t\u00f6renle kutland\u0131. Mente\u015fe&#8217;de, Jandarma Te\u015fkilat\u0131&#8217;n\u0131n 186&#8217;nc\u0131 kurulu\u015f y\u0131l d\u00f6n\u00fcm\u00fc nedeniyle program d\u00fczenlendi. Program kapsam\u0131nda Cumhuriyet Meydan\u0131&#8217;ndaki Atat\u00fcrk An\u0131t\u0131&#8217;na \u00e7elenk b\u0131rak\u0131ld\u0131. KATILIM YO\u011eUN OLDU Sayg\u0131 duru\u015funda bulunulmas\u0131 ve \u0130stiklal Mar\u015f\u0131&#8217;n\u0131 okumas\u0131n\u0131n ard\u0131ndan g\u00fcn\u00fcn anlam\u0131n\u0131 belirten konu\u015fma Jandarma Hukuk Te\u011fmeni Halil \u0130brahim \u0130zgi taraf\u0131ndan yap\u0131ld\u0131. T\u00f6rene \u0130l Jandarma Komutan\u0131 Tu\u011fgeneral Emrullah B\u00fcy\u00fck, \u0130l Emniyet M\u00fcd\u00fcr\u00fc Ali Can Bolat, askeri erkan ve emniyet mensuplar\u0131 kat\u0131ld\u0131. \u200bMu\u011fla\u2019n\u0131n Mente\u015fe il\u00e7esinde, Jandarma Te\u015fkilat\u0131\u2019n\u0131n 186\u2019nc\u0131 kurulu\u015f y\u0131l d\u00f6n\u00fcm\u00fc dolay\u0131s\u0131yla anlaml\u0131 bir t\u00f6ren d\u00fczenlendi. Cumhuriyet Meydan\u0131\u2019nda ger\u00e7ekle\u015fen programda, Mu\u011fla \u0130l Jandarma Komutan\u0131 Tu\u011fgeneral Emrullah B\u00fcy\u00fck, Atat\u00fcrk An\u0131t\u0131\u2019na \u00e7elenk sundu.\u00a0 \u200bHaberin Al\u0131nt\u0131land\u0131\u011f\u0131 Kaynak: www.antalyakorfez.com\" \/>\n<meta property=\"og:url\" content=\"https:\/\/denizcankizil.tr\/ru\/haberler\/gundem\/mugla-mentesede-jandarmanin-186-yili-gururla-kutlandi\/\" \/>\n<meta property=\"og:site_name\" content=\"Av. Deniz Can K\u0131z\u0131l\" \/>\n<meta property=\"article:published_time\" content=\"2025-06-14T14:41:54+00:00\" \/>\n<meta name=\"author\" content=\"Antalya K\u00f6rfez\" \/>\n<meta name=\"twitter:card\" content=\"summary_large_image\" \/>\n<meta name=\"twitter:label1\" content=\"\u041d\u0430\u043f\u0438\u0441\u0430\u043d\u043e \u0430\u0432\u0442\u043e\u0440\u043e\u043c\" \/>\n\t<meta name=\"twitter:data1\" content=\"Antalya K\u00f6rfez\" \/>\n\t<meta name=\"twitter:label2\" content=\"\u041f\u0440\u0438\u043c\u0435\u0440\u043d\u043e\u0435 \u0432\u0440\u0435\u043c\u044f \u0434\u043b\u044f \u0447\u0442\u0435\u043d\u0438\u044f\" \/>\n\t<meta name=\"twitter:data2\" content=\"1 \u043c\u0438\u043d\u0443\u0442\u0430\" \/>\n<script type=\"application\/ld+json\" class=\"yoast-schema-graph\">{\"@context\":\"https:\/\/schema.org\",\"@graph\":[{\"@type\":\"Article\",\"@id\":\"https:\/\/denizcankizil.tr\/ru\/haberler\/gundem\/mugla-mentesede-jandarmanin-186-yili-gururla-kutlandi\/#article\",\"isPartOf\":{\"@id\":\"https:\/\/denizcankizil.tr\/ru\/haberler\/gundem\/mugla-mentesede-jandarmanin-186-yili-gururla-kutlandi\/\"},\"author\":{\"name\":\"Antalya K\u00f6rfez\",\"@id\":\"https:\/\/denizcankizil.tr\/de\/#\/schema\/person\/e1eb71bb4dd684d46563f0af307e1234\"},\"headline\":\"Mu\u011fla Mente\u015fe\u2019de Jandarma\u2019n\u0131n 186. Y\u0131l\u0131 gururla kutland\u0131\",\"datePublished\":\"2025-06-14T14:41:54+00:00\",\"mainEntityOfPage\":{\"@id\":\"https:\/\/denizcankizil.tr\/ru\/haberler\/gundem\/mugla-mentesede-jandarmanin-186-yili-gururla-kutlandi\/\"},\"wordCount\":195,\"publisher\":{\"@id\":\"https:\/\/denizcankizil.tr\/de\/#organization\"},\"articleSection\":[\"G\u00fcndem\"],\"inLanguage\":\"ru-RU\"},{\"@type\":\"WebPage\",\"@id\":\"https:\/\/denizcankizil.tr\/ru\/haberler\/gundem\/mugla-mentesede-jandarmanin-186-yili-gururla-kutlandi\/\",\"url\":\"https:\/\/denizcankizil.tr\/ru\/haberler\/gundem\/mugla-mentesede-jandarmanin-186-yili-gururla-kutlandi\/\",\"name\":\"Mu\u011fla Mente\u015fe\u2019de Jandarma\u2019n\u0131n 186. Y\u0131l\u0131 gururla kutland\u0131 - Av. Deniz Can K\u0131z\u0131l\",\"isPartOf\":{\"@id\":\"https:\/\/denizcankizil.tr\/de\/#website\"},\"datePublished\":\"2025-06-14T14:41:54+00:00\",\"breadcrumb\":{\"@id\":\"https:\/\/denizcankizil.tr\/ru\/haberler\/gundem\/mugla-mentesede-jandarmanin-186-yili-gururla-kutlandi\/#breadcrumb\"},\"inLanguage\":\"ru-RU\",\"potentialAction\":[{\"@type\":\"ReadAction\",\"target\":[\"https:\/\/denizcankizil.tr\/ru\/haberler\/gundem\/mugla-mentesede-jandarmanin-186-yili-gururla-kutlandi\/\"]}]},{\"@type\":\"BreadcrumbList\",\"@id\":\"https:\/\/denizcankizil.tr\/ru\/haberler\/gundem\/mugla-mentesede-jandarmanin-186-yili-gururla-kutlandi\/#breadcrumb\",\"itemListElement\":[{\"@type\":\"ListItem\",\"position\":1,\"name\":\"Home\",\"item\":\"https:\/\/denizcankizil.tr\/de\/\"},{\"@type\":\"ListItem\",\"position\":2,\"name\":\"Mu\u011fla Mente\u015fe\u2019de Jandarma\u2019n\u0131n 186. Y\u0131l\u0131 gururla kutland\u0131\"}]},{\"@type\":\"WebSite\",\"@id\":\"https:\/\/denizcankizil.tr\/de\/#website\",\"url\":\"https:\/\/denizcankizil.tr\/de\/\",\"name\":\"Av. Deniz Can K\u0131z\u0131l\",\"description\":\"Avukat Deniz Can K\u0131z\u0131l Antalya Barosu\",\"publisher\":{\"@id\":\"https:\/\/denizcankizil.tr\/de\/#organization\"},\"potentialAction\":[{\"@type\":\"SearchAction\",\"target\":{\"@type\":\"EntryPoint\",\"urlTemplate\":\"https:\/\/denizcankizil.tr\/de\/?s={search_term_string}\"},\"query-input\":{\"@type\":\"PropertyValueSpecification\",\"valueRequired\":true,\"valueName\":\"search_term_string\"}}],\"inLanguage\":\"ru-RU\"},{\"@type\":\"Organization\",\"@id\":\"https:\/\/denizcankizil.tr\/de\/#organization\",\"name\":\"Av. Deniz Can K\u0131z\u0131l\",\"url\":\"https:\/\/denizcankizil.tr\/de\/\",\"logo\":{\"@type\":\"ImageObject\",\"inLanguage\":\"ru-RU\",\"@id\":\"https:\/\/denizcankizil.tr\/de\/#\/schema\/logo\/image\/\",\"url\":\"https:\/\/denizcankizil.tr\/wp-content\/uploads\/2024\/10\/siyah-logo-svg.svg\",\"contentUrl\":\"https:\/\/denizcankizil.tr\/wp-content\/uploads\/2024\/10\/siyah-logo-svg.svg\",\"width\":1080,\"height\":1080,\"caption\":\"Av. Deniz Can K\u0131z\u0131l\"},\"image\":{\"@id\":\"https:\/\/denizcankizil.tr\/de\/#\/schema\/logo\/image\/\"}},{\"@type\":\"Person\",\"@id\":\"https:\/\/denizcankizil.tr\/de\/#\/schema\/person\/e1eb71bb4dd684d46563f0af307e1234\",\"name\":\"Antalya K\u00f6rfez\",\"image\":{\"@type\":\"ImageObject\",\"inLanguage\":\"ru-RU\",\"@id\":\"https:\/\/denizcankizil.tr\/de\/#\/schema\/person\/image\/\",\"url\":\"https:\/\/secure.gravatar.com\/avatar\/42b01982558a48a0b501fdcab6a408d3717ea5919095ee2e67b0e521799c5905?s=96&d=mm&r=g\",\"contentUrl\":\"https:\/\/secure.gravatar.com\/avatar\/42b01982558a48a0b501fdcab6a408d3717ea5919095ee2e67b0e521799c5905?s=96&d=mm&r=g\",\"caption\":\"Antalya K\u00f6rfez\"},\"sameAs\":[\"http:\/\/www.antalyakorfez.com\"],\"url\":\"https:\/\/www.antalyakorfez.com\/mugla-mentesede-jandarmanin-186-yili-gururla-kutlandi\"}]}<\/script>\n<!-- \/ Yoast SEO Premium plugin. -->","yoast_head_json":{"title":"Mu\u011fla Mente\u015fe\u2019de Jandarma\u2019n\u0131n 186. Y\u0131l\u0131 gururla kutland\u0131 - Av. Deniz Can K\u0131z\u0131l","robots":{"index":"index","follow":"follow","max-snippet":"max-snippet:-1","max-image-preview":"max-image-preview:large","max-video-preview":"max-video-preview:-1"},"canonical":"https:\/\/denizcankizil.tr\/ru\/haberler\/gundem\/mugla-mentesede-jandarmanin-186-yili-gururla-kutlandi\/","og_locale":"ru_RU","og_type":"article","og_title":"Mu\u011fla Mente\u015fe\u2019de Jandarma\u2019n\u0131n 186. Y\u0131l\u0131 gururla kutland\u0131","og_description":"Mu\u011fla&#8217;n\u0131n merkez il\u00e7esi Mente\u015fe&#8217;de, Jandarma Te\u015fkilat\u0131&#8217;n\u0131n 186&#8217;nc\u0131 kurulu\u015f y\u0131l d\u00f6n\u00fcm\u00fc t\u00f6renle kutland\u0131. Mente\u015fe&#8217;de, Jandarma Te\u015fkilat\u0131&#8217;n\u0131n 186&#8217;nc\u0131 kurulu\u015f y\u0131l d\u00f6n\u00fcm\u00fc nedeniyle program d\u00fczenlendi. Program kapsam\u0131nda Cumhuriyet Meydan\u0131&#8217;ndaki Atat\u00fcrk An\u0131t\u0131&#8217;na \u00e7elenk b\u0131rak\u0131ld\u0131. KATILIM YO\u011eUN OLDU Sayg\u0131 duru\u015funda bulunulmas\u0131 ve \u0130stiklal Mar\u015f\u0131&#8217;n\u0131 okumas\u0131n\u0131n ard\u0131ndan g\u00fcn\u00fcn anlam\u0131n\u0131 belirten konu\u015fma Jandarma Hukuk Te\u011fmeni Halil \u0130brahim \u0130zgi taraf\u0131ndan yap\u0131ld\u0131. T\u00f6rene \u0130l Jandarma Komutan\u0131 Tu\u011fgeneral Emrullah B\u00fcy\u00fck, \u0130l Emniyet M\u00fcd\u00fcr\u00fc Ali Can Bolat, askeri erkan ve emniyet mensuplar\u0131 kat\u0131ld\u0131. \u200bMu\u011fla\u2019n\u0131n Mente\u015fe il\u00e7esinde, Jandarma Te\u015fkilat\u0131\u2019n\u0131n 186\u2019nc\u0131 kurulu\u015f y\u0131l d\u00f6n\u00fcm\u00fc dolay\u0131s\u0131yla anlaml\u0131 bir t\u00f6ren d\u00fczenlendi. Cumhuriyet Meydan\u0131\u2019nda ger\u00e7ekle\u015fen programda, Mu\u011fla \u0130l Jandarma Komutan\u0131 Tu\u011fgeneral Emrullah B\u00fcy\u00fck, Atat\u00fcrk An\u0131t\u0131\u2019na \u00e7elenk sundu.\u00a0 \u200bHaberin Al\u0131nt\u0131land\u0131\u011f\u0131 Kaynak: www.antalyakorfez.com","og_url":"https:\/\/denizcankizil.tr\/ru\/haberler\/gundem\/mugla-mentesede-jandarmanin-186-yili-gururla-kutlandi\/","og_site_name":"Av. Deniz Can K\u0131z\u0131l","article_published_time":"2025-06-14T14:41:54+00:00","author":"Antalya K\u00f6rfez","twitter_card":"summary_large_image","twitter_misc":{"\u041d\u0430\u043f\u0438\u0441\u0430\u043d\u043e \u0430\u0432\u0442\u043e\u0440\u043e\u043c":"Antalya K\u00f6rfez","\u041f\u0440\u0438\u043c\u0435\u0440\u043d\u043e\u0435 \u0432\u0440\u0435\u043c\u044f \u0434\u043b\u044f \u0447\u0442\u0435\u043d\u0438\u044f":"1 \u043c\u0438\u043d\u0443\u0442\u0430"},"schema":{"@context":"https:\/\/schema.org","@graph":[{"@type":"Article","@id":"https:\/\/denizcankizil.tr\/ru\/haberler\/gundem\/mugla-mentesede-jandarmanin-186-yili-gururla-kutlandi\/#article","isPartOf":{"@id":"https:\/\/denizcankizil.tr\/ru\/haberler\/gundem\/mugla-mentesede-jandarmanin-186-yili-gururla-kutlandi\/"},"author":{"name":"Antalya K\u00f6rfez","@id":"https:\/\/denizcankizil.tr\/de\/#\/schema\/person\/e1eb71bb4dd684d46563f0af307e1234"},"headline":"Mu\u011fla Mente\u015fe\u2019de Jandarma\u2019n\u0131n 186. Y\u0131l\u0131 gururla kutland\u0131","datePublished":"2025-06-14T14:41:54+00:00","mainEntityOfPage":{"@id":"https:\/\/denizcankizil.tr\/ru\/haberler\/gundem\/mugla-mentesede-jandarmanin-186-yili-gururla-kutlandi\/"},"wordCount":195,"publisher":{"@id":"https:\/\/denizcankizil.tr\/de\/#organization"},"articleSection":["G\u00fcndem"],"inLanguage":"ru-RU"},{"@type":"WebPage","@id":"https:\/\/denizcankizil.tr\/ru\/haberler\/gundem\/mugla-mentesede-jandarmanin-186-yili-gururla-kutlandi\/","url":"https:\/\/denizcankizil.tr\/ru\/haberler\/gundem\/mugla-mentesede-jandarmanin-186-yili-gururla-kutlandi\/","name":"Mu\u011fla Mente\u015fe\u2019de Jandarma\u2019n\u0131n 186. Y\u0131l\u0131 gururla kutland\u0131 - Av. Deniz Can K\u0131z\u0131l","isPartOf":{"@id":"https:\/\/denizcankizil.tr\/de\/#website"},"datePublished":"2025-06-14T14:41:54+00:00","breadcrumb":{"@id":"https:\/\/denizcankizil.tr\/ru\/haberler\/gundem\/mugla-mentesede-jandarmanin-186-yili-gururla-kutlandi\/#breadcrumb"},"inLanguage":"ru-RU","potentialAction":[{"@type":"ReadAction","target":["https:\/\/denizcankizil.tr\/ru\/haberler\/gundem\/mugla-mentesede-jandarmanin-186-yili-gururla-kutlandi\/"]}]},{"@type":"BreadcrumbList","@id":"https:\/\/denizcankizil.tr\/ru\/haberler\/gundem\/mugla-mentesede-jandarmanin-186-yili-gururla-kutlandi\/#breadcrumb","itemListElement":[{"@type":"ListItem","position":1,"name":"Home","item":"https:\/\/denizcankizil.tr\/de\/"},{"@type":"ListItem","position":2,"name":"Mu\u011fla Mente\u015fe\u2019de Jandarma\u2019n\u0131n 186. Y\u0131l\u0131 gururla kutland\u0131"}]},{"@type":"WebSite","@id":"https:\/\/denizcankizil.tr\/de\/#website","url":"https:\/\/denizcankizil.tr\/de\/","name":"Av. Deniz Can K\u0131z\u0131l","description":"Avukat Deniz Can K\u0131z\u0131l Antalya Barosu","publisher":{"@id":"https:\/\/denizcankizil.tr\/de\/#organization"},"potentialAction":[{"@type":"SearchAction","target":{"@type":"EntryPoint","urlTemplate":"https:\/\/denizcankizil.tr\/de\/?s={search_term_string}"},"query-input":{"@type":"PropertyValueSpecification","valueRequired":true,"valueName":"search_term_string"}}],"inLanguage":"ru-RU"},{"@type":"Organization","@id":"https:\/\/denizcankizil.tr\/de\/#organization","name":"Av. Deniz Can K\u0131z\u0131l","url":"https:\/\/denizcankizil.tr\/de\/","logo":{"@type":"ImageObject","inLanguage":"ru-RU","@id":"https:\/\/denizcankizil.tr\/de\/#\/schema\/logo\/image\/","url":"https:\/\/denizcankizil.tr\/wp-content\/uploads\/2024\/10\/siyah-logo-svg.svg","contentUrl":"https:\/\/denizcankizil.tr\/wp-content\/uploads\/2024\/10\/siyah-logo-svg.svg","width":1080,"height":1080,"caption":"Av. Deniz Can K\u0131z\u0131l"},"image":{"@id":"https:\/\/denizcankizil.tr\/de\/#\/schema\/logo\/image\/"}},{"@type":"Person","@id":"https:\/\/denizcankizil.tr\/de\/#\/schema\/person\/e1eb71bb4dd684d46563f0af307e1234","name":"Antalya K\u00f6rfez","image":{"@type":"ImageObject","inLanguage":"ru-RU","@id":"https:\/\/denizcankizil.tr\/de\/#\/schema\/person\/image\/","url":"https:\/\/secure.gravatar.com\/avatar\/42b01982558a48a0b501fdcab6a408d3717ea5919095ee2e67b0e521799c5905?s=96&d=mm&r=g","contentUrl":"https:\/\/secure.gravatar.com\/avatar\/42b01982558a48a0b501fdcab6a408d3717ea5919095ee2e67b0e521799c5905?s=96&d=mm&r=g","caption":"Antalya K\u00f6rfez"},"sameAs":["http:\/\/www.antalyakorfez.com"],"url":"https:\/\/www.antalyakorfez.com\/mugla-mentesede-jandarmanin-186-yili-gururla-kutlandi"}]}},"_links":{"self":[{"href":"https:\/\/denizcankizil.tr\/ru\/wp-json\/wp\/v2\/posts\/116039","targetHints":{"allow":["GET"]}}],"collection":[{"href":"https:\/\/denizcankizil.tr\/ru\/wp-json\/wp\/v2\/posts"}],"about":[{"href":"https:\/\/denizcankizil.tr\/ru\/wp-json\/wp\/v2\/types\/post"}],"author":[{"embeddable":true,"href":"https:\/\/denizcankizil.tr\/ru\/wp-json\/wp\/v2\/users\/5"}],"replies":[{"embeddable":true,"href":"https:\/\/denizcankizil.tr\/ru\/wp-json\/wp\/v2\/comments?post=116039"}],"version-history":[{"count":0,"href":"https:\/\/denizcankizil.tr\/ru\/wp-json\/wp\/v2\/posts\/116039\/revisions"}],"wp:attachment":[{"href":"https:\/\/denizcankizil.tr\/ru\/wp-json\/wp\/v2\/media?parent=116039"}],"wp:term":[{"taxonomy":"category","embeddable":true,"href":"https:\/\/denizcankizil.tr\/ru\/wp-json\/wp\/v2\/categories?post=116039"},{"taxonomy":"post_tag","embeddable":true,"href":"https:\/\/denizcankizil.tr\/ru\/wp-json\/wp\/v2\/tags?post=116039"}],"curies":[{"name":"wp","href":"https:\/\/api.w.org\/{rel}","templated":true}]}}