{"id":115692,"date":"2025-06-14T08:42:05","date_gmt":"2025-06-14T05:42:05","guid":{"rendered":"https:\/\/denizcankizil.tr\/uncategorized-tr\/sky167de-lezzet-manzara-ve-muzik-babalar-icin-bulusuyor\/"},"modified":"2025-06-14T08:42:05","modified_gmt":"2025-06-14T05:42:05","slug":"sky167de-lezzet-manzara-ve-muzik-babalar-icin-bulusuyor","status":"publish","type":"post","link":"https:\/\/denizcankizil.tr\/ru\/haberler\/gundem\/sky167de-lezzet-manzara-ve-muzik-babalar-icin-bulusuyor\/","title":{"rendered":"Sky167\u2019de Lezzet, Manzara ve M\u00fczik Babalar \u0130\u00e7in Bulu\u015fuyor"},"content":{"rendered":"<p>Bu Babalar G\u00fcn\u00fc\u2019nde, \u0130stanbul\u2019un kalbinde ama \u015fehrin g\u00fcr\u00fclt\u00fcs\u00fcnden uzak bir noktada, baban\u0131za unutamayaca\u011f\u0131 bir g\u00fcn arma\u011fan etmeye ne dersiniz?<\/p>\n<p>\u200bBu Babalar G\u00fcn\u00fc\u2019nde, \u0130stanbul\u2019un kalbinde ama \u015fehrin g\u00fcr\u00fclt\u00fcs\u00fcnden uzak bir noktada, baban\u0131za unutamayaca\u011f\u0131 bir g\u00fcn arma\u011fan etmeye ne dersiniz?\u00a0<\/p>\n<p>\u200bHaberin Al\u0131nt\u0131land\u0131\u011f\u0131 Kaynak: www.iskenderun.org<\/p>","protected":false},"excerpt":{"rendered":"<p>Bu Babalar G\u00fcn\u00fc\u2019nde, \u0130stanbul\u2019un kalbinde ama \u015fehrin g\u00fcr\u00fclt\u00fcs\u00fcnden uzak bir noktada, baban\u0131za unutamayaca\u011f\u0131 bir g\u00fcn arma\u011fan etmeye ne dersiniz? \u200bBu Babalar G\u00fcn\u00fc\u2019nde, \u0130stanbul\u2019un kalbinde ama \u015fehrin g\u00fcr\u00fclt\u00fcs\u00fcnden uzak bir noktada, baban\u0131za unutamayaca\u011f\u0131 bir g\u00fcn arma\u011fan etmeye ne dersiniz?\u00a0 \u200bHaberin Al\u0131nt\u0131land\u0131\u011f\u0131 Kaynak: www.iskenderun.org<\/p>","protected":false},"author":1,"featured_media":0,"comment_status":"","ping_status":"open","sticky":false,"template":"","format":"standard","meta":{"_acf_changed":false,"footnotes":""},"categories":[24],"tags":[],"class_list":["post-115692","post","type-post","status-publish","format-standard","has-post-thumbnail","hentry","category-gundem"],"acf":[],"yoast_head":"<!-- This site is optimized with the Yoast SEO Premium plugin v26.6 (Yoast SEO v27.1.1) - https:\/\/yoast.com\/product\/yoast-seo-premium-wordpress\/ -->\n<title>Sky167\u2019de Lezzet, Manzara ve M\u00fczik Babalar \u0130\u00e7in Bulu\u015fuyor - Av. Deniz Can K\u0131z\u0131l<\/title>\n<meta name=\"robots\" content=\"index, follow, max-snippet:-1, max-image-preview:large, max-video-preview:-1\" \/>\n<link rel=\"canonical\" href=\"https:\/\/denizcankizil.tr\/ru\/haberler\/gundem\/sky167de-lezzet-manzara-ve-muzik-babalar-icin-bulusuyor\/\" \/>\n<meta property=\"og:locale\" content=\"ru_RU\" \/>\n<meta property=\"og:type\" content=\"article\" \/>\n<meta property=\"og:title\" content=\"Sky167\u2019de Lezzet, Manzara ve M\u00fczik Babalar \u0130\u00e7in Bulu\u015fuyor\" \/>\n<meta property=\"og:description\" content=\"Bu Babalar G\u00fcn\u00fc\u2019nde, \u0130stanbul\u2019un kalbinde ama \u015fehrin g\u00fcr\u00fclt\u00fcs\u00fcnden uzak bir noktada, baban\u0131za unutamayaca\u011f\u0131 bir g\u00fcn arma\u011fan etmeye ne dersiniz? \u200bBu Babalar G\u00fcn\u00fc\u2019nde, \u0130stanbul\u2019un kalbinde ama \u015fehrin g\u00fcr\u00fclt\u00fcs\u00fcnden uzak bir noktada, baban\u0131za unutamayaca\u011f\u0131 bir g\u00fcn arma\u011fan etmeye ne dersiniz?\u00a0 \u200bHaberin Al\u0131nt\u0131land\u0131\u011f\u0131 Kaynak: www.iskenderun.org\" \/>\n<meta property=\"og:url\" content=\"https:\/\/denizcankizil.tr\/ru\/haberler\/gundem\/sky167de-lezzet-manzara-ve-muzik-babalar-icin-bulusuyor\/\" \/>\n<meta property=\"og:site_name\" content=\"Av. Deniz Can K\u0131z\u0131l\" \/>\n<meta property=\"article:published_time\" content=\"2025-06-14T05:42:05+00:00\" \/>\n<meta name=\"author\" content=\"admin\" \/>\n<meta name=\"twitter:card\" content=\"summary_large_image\" \/>\n<meta name=\"twitter:label1\" content=\"\u041d\u0430\u043f\u0438\u0441\u0430\u043d\u043e \u0430\u0432\u0442\u043e\u0440\u043e\u043c\" \/>\n\t<meta name=\"twitter:data1\" content=\"admin\" \/>\n<script type=\"application\/ld+json\" class=\"yoast-schema-graph\">{\"@context\":\"https:\/\/schema.org\",\"@graph\":[{\"@type\":\"Article\",\"@id\":\"https:\/\/denizcankizil.tr\/ru\/haberler\/gundem\/sky167de-lezzet-manzara-ve-muzik-babalar-icin-bulusuyor\/#article\",\"isPartOf\":{\"@id\":\"https:\/\/denizcankizil.tr\/ru\/haberler\/gundem\/sky167de-lezzet-manzara-ve-muzik-babalar-icin-bulusuyor\/\"},\"author\":{\"name\":\"admin\",\"@id\":\"https:\/\/denizcankizil.tr\/de\/#\/schema\/person\/be3c05fe6a12686905512445d8185489\"},\"headline\":\"Sky167\u2019de Lezzet, Manzara ve M\u00fczik Babalar \u0130\u00e7in Bulu\u015fuyor\",\"datePublished\":\"2025-06-14T05:42:05+00:00\",\"mainEntityOfPage\":{\"@id\":\"https:\/\/denizcankizil.tr\/ru\/haberler\/gundem\/sky167de-lezzet-manzara-ve-muzik-babalar-icin-bulusuyor\/\"},\"wordCount\":77,\"publisher\":{\"@id\":\"https:\/\/denizcankizil.tr\/de\/#organization\"},\"articleSection\":[\"G\u00fcndem\"],\"inLanguage\":\"ru-RU\"},{\"@type\":\"WebPage\",\"@id\":\"https:\/\/denizcankizil.tr\/ru\/haberler\/gundem\/sky167de-lezzet-manzara-ve-muzik-babalar-icin-bulusuyor\/\",\"url\":\"https:\/\/denizcankizil.tr\/ru\/haberler\/gundem\/sky167de-lezzet-manzara-ve-muzik-babalar-icin-bulusuyor\/\",\"name\":\"Sky167\u2019de Lezzet, Manzara ve M\u00fczik Babalar \u0130\u00e7in Bulu\u015fuyor - Av. Deniz Can K\u0131z\u0131l\",\"isPartOf\":{\"@id\":\"https:\/\/denizcankizil.tr\/de\/#website\"},\"datePublished\":\"2025-06-14T05:42:05+00:00\",\"breadcrumb\":{\"@id\":\"https:\/\/denizcankizil.tr\/ru\/haberler\/gundem\/sky167de-lezzet-manzara-ve-muzik-babalar-icin-bulusuyor\/#breadcrumb\"},\"inLanguage\":\"ru-RU\",\"potentialAction\":[{\"@type\":\"ReadAction\",\"target\":[\"https:\/\/denizcankizil.tr\/ru\/haberler\/gundem\/sky167de-lezzet-manzara-ve-muzik-babalar-icin-bulusuyor\/\"]}]},{\"@type\":\"BreadcrumbList\",\"@id\":\"https:\/\/denizcankizil.tr\/ru\/haberler\/gundem\/sky167de-lezzet-manzara-ve-muzik-babalar-icin-bulusuyor\/#breadcrumb\",\"itemListElement\":[{\"@type\":\"ListItem\",\"position\":1,\"name\":\"Home\",\"item\":\"https:\/\/denizcankizil.tr\/de\/\"},{\"@type\":\"ListItem\",\"position\":2,\"name\":\"Sky167\u2019de Lezzet, Manzara ve M\u00fczik Babalar \u0130\u00e7in Bulu\u015fuyor\"}]},{\"@type\":\"WebSite\",\"@id\":\"https:\/\/denizcankizil.tr\/de\/#website\",\"url\":\"https:\/\/denizcankizil.tr\/de\/\",\"name\":\"Av. Deniz Can K\u0131z\u0131l\",\"description\":\"Avukat Deniz Can K\u0131z\u0131l Antalya Barosu\",\"publisher\":{\"@id\":\"https:\/\/denizcankizil.tr\/de\/#organization\"},\"potentialAction\":[{\"@type\":\"SearchAction\",\"target\":{\"@type\":\"EntryPoint\",\"urlTemplate\":\"https:\/\/denizcankizil.tr\/de\/?s={search_term_string}\"},\"query-input\":{\"@type\":\"PropertyValueSpecification\",\"valueRequired\":true,\"valueName\":\"search_term_string\"}}],\"inLanguage\":\"ru-RU\"},{\"@type\":\"Organization\",\"@id\":\"https:\/\/denizcankizil.tr\/de\/#organization\",\"name\":\"Av. Deniz Can K\u0131z\u0131l\",\"url\":\"https:\/\/denizcankizil.tr\/de\/\",\"logo\":{\"@type\":\"ImageObject\",\"inLanguage\":\"ru-RU\",\"@id\":\"https:\/\/denizcankizil.tr\/de\/#\/schema\/logo\/image\/\",\"url\":\"https:\/\/denizcankizil.tr\/wp-content\/uploads\/2024\/10\/siyah-logo-svg.svg\",\"contentUrl\":\"https:\/\/denizcankizil.tr\/wp-content\/uploads\/2024\/10\/siyah-logo-svg.svg\",\"width\":1080,\"height\":1080,\"caption\":\"Av. Deniz Can K\u0131z\u0131l\"},\"image\":{\"@id\":\"https:\/\/denizcankizil.tr\/de\/#\/schema\/logo\/image\/\"}},{\"@type\":\"Person\",\"@id\":\"https:\/\/denizcankizil.tr\/de\/#\/schema\/person\/be3c05fe6a12686905512445d8185489\",\"name\":\"admin\",\"image\":{\"@type\":\"ImageObject\",\"inLanguage\":\"ru-RU\",\"@id\":\"https:\/\/denizcankizil.tr\/de\/#\/schema\/person\/image\/\",\"url\":\"https:\/\/secure.gravatar.com\/avatar\/c1fce94c830dc79107e174f890d7210541c4a63e8e5d816341794a2151c9d58c?s=96&d=mm&r=g\",\"contentUrl\":\"https:\/\/secure.gravatar.com\/avatar\/c1fce94c830dc79107e174f890d7210541c4a63e8e5d816341794a2151c9d58c?s=96&d=mm&r=g\",\"caption\":\"admin\"},\"sameAs\":[\"http:\/\/denizcankizil.tr\"],\"url\":\"https:\/\/www.iskenderun.org\/sky167de-lezzet-manzara-ve-muzik-babalar-icin-bulusuyor\"}]}<\/script>\n<!-- \/ Yoast SEO Premium plugin. -->","yoast_head_json":{"title":"Sky167\u2019de Lezzet, Manzara ve M\u00fczik Babalar \u0130\u00e7in Bulu\u015fuyor - Av. Deniz Can K\u0131z\u0131l","robots":{"index":"index","follow":"follow","max-snippet":"max-snippet:-1","max-image-preview":"max-image-preview:large","max-video-preview":"max-video-preview:-1"},"canonical":"https:\/\/denizcankizil.tr\/ru\/haberler\/gundem\/sky167de-lezzet-manzara-ve-muzik-babalar-icin-bulusuyor\/","og_locale":"ru_RU","og_type":"article","og_title":"Sky167\u2019de Lezzet, Manzara ve M\u00fczik Babalar \u0130\u00e7in Bulu\u015fuyor","og_description":"Bu Babalar G\u00fcn\u00fc\u2019nde, \u0130stanbul\u2019un kalbinde ama \u015fehrin g\u00fcr\u00fclt\u00fcs\u00fcnden uzak bir noktada, baban\u0131za unutamayaca\u011f\u0131 bir g\u00fcn arma\u011fan etmeye ne dersiniz? \u200bBu Babalar G\u00fcn\u00fc\u2019nde, \u0130stanbul\u2019un kalbinde ama \u015fehrin g\u00fcr\u00fclt\u00fcs\u00fcnden uzak bir noktada, baban\u0131za unutamayaca\u011f\u0131 bir g\u00fcn arma\u011fan etmeye ne dersiniz?\u00a0 \u200bHaberin Al\u0131nt\u0131land\u0131\u011f\u0131 Kaynak: www.iskenderun.org","og_url":"https:\/\/denizcankizil.tr\/ru\/haberler\/gundem\/sky167de-lezzet-manzara-ve-muzik-babalar-icin-bulusuyor\/","og_site_name":"Av. Deniz Can K\u0131z\u0131l","article_published_time":"2025-06-14T05:42:05+00:00","author":"admin","twitter_card":"summary_large_image","twitter_misc":{"\u041d\u0430\u043f\u0438\u0441\u0430\u043d\u043e \u0430\u0432\u0442\u043e\u0440\u043e\u043c":"admin"},"schema":{"@context":"https:\/\/schema.org","@graph":[{"@type":"Article","@id":"https:\/\/denizcankizil.tr\/ru\/haberler\/gundem\/sky167de-lezzet-manzara-ve-muzik-babalar-icin-bulusuyor\/#article","isPartOf":{"@id":"https:\/\/denizcankizil.tr\/ru\/haberler\/gundem\/sky167de-lezzet-manzara-ve-muzik-babalar-icin-bulusuyor\/"},"author":{"name":"admin","@id":"https:\/\/denizcankizil.tr\/de\/#\/schema\/person\/be3c05fe6a12686905512445d8185489"},"headline":"Sky167\u2019de Lezzet, Manzara ve M\u00fczik Babalar \u0130\u00e7in Bulu\u015fuyor","datePublished":"2025-06-14T05:42:05+00:00","mainEntityOfPage":{"@id":"https:\/\/denizcankizil.tr\/ru\/haberler\/gundem\/sky167de-lezzet-manzara-ve-muzik-babalar-icin-bulusuyor\/"},"wordCount":77,"publisher":{"@id":"https:\/\/denizcankizil.tr\/de\/#organization"},"articleSection":["G\u00fcndem"],"inLanguage":"ru-RU"},{"@type":"WebPage","@id":"https:\/\/denizcankizil.tr\/ru\/haberler\/gundem\/sky167de-lezzet-manzara-ve-muzik-babalar-icin-bulusuyor\/","url":"https:\/\/denizcankizil.tr\/ru\/haberler\/gundem\/sky167de-lezzet-manzara-ve-muzik-babalar-icin-bulusuyor\/","name":"Sky167\u2019de Lezzet, Manzara ve M\u00fczik Babalar \u0130\u00e7in Bulu\u015fuyor - Av. Deniz Can K\u0131z\u0131l","isPartOf":{"@id":"https:\/\/denizcankizil.tr\/de\/#website"},"datePublished":"2025-06-14T05:42:05+00:00","breadcrumb":{"@id":"https:\/\/denizcankizil.tr\/ru\/haberler\/gundem\/sky167de-lezzet-manzara-ve-muzik-babalar-icin-bulusuyor\/#breadcrumb"},"inLanguage":"ru-RU","potentialAction":[{"@type":"ReadAction","target":["https:\/\/denizcankizil.tr\/ru\/haberler\/gundem\/sky167de-lezzet-manzara-ve-muzik-babalar-icin-bulusuyor\/"]}]},{"@type":"BreadcrumbList","@id":"https:\/\/denizcankizil.tr\/ru\/haberler\/gundem\/sky167de-lezzet-manzara-ve-muzik-babalar-icin-bulusuyor\/#breadcrumb","itemListElement":[{"@type":"ListItem","position":1,"name":"Home","item":"https:\/\/denizcankizil.tr\/de\/"},{"@type":"ListItem","position":2,"name":"Sky167\u2019de Lezzet, Manzara ve M\u00fczik Babalar \u0130\u00e7in Bulu\u015fuyor"}]},{"@type":"WebSite","@id":"https:\/\/denizcankizil.tr\/de\/#website","url":"https:\/\/denizcankizil.tr\/de\/","name":"Av. Deniz Can K\u0131z\u0131l","description":"Avukat Deniz Can K\u0131z\u0131l Antalya Barosu","publisher":{"@id":"https:\/\/denizcankizil.tr\/de\/#organization"},"potentialAction":[{"@type":"SearchAction","target":{"@type":"EntryPoint","urlTemplate":"https:\/\/denizcankizil.tr\/de\/?s={search_term_string}"},"query-input":{"@type":"PropertyValueSpecification","valueRequired":true,"valueName":"search_term_string"}}],"inLanguage":"ru-RU"},{"@type":"Organization","@id":"https:\/\/denizcankizil.tr\/de\/#organization","name":"Av. Deniz Can K\u0131z\u0131l","url":"https:\/\/denizcankizil.tr\/de\/","logo":{"@type":"ImageObject","inLanguage":"ru-RU","@id":"https:\/\/denizcankizil.tr\/de\/#\/schema\/logo\/image\/","url":"https:\/\/denizcankizil.tr\/wp-content\/uploads\/2024\/10\/siyah-logo-svg.svg","contentUrl":"https:\/\/denizcankizil.tr\/wp-content\/uploads\/2024\/10\/siyah-logo-svg.svg","width":1080,"height":1080,"caption":"Av. Deniz Can K\u0131z\u0131l"},"image":{"@id":"https:\/\/denizcankizil.tr\/de\/#\/schema\/logo\/image\/"}},{"@type":"Person","@id":"https:\/\/denizcankizil.tr\/de\/#\/schema\/person\/be3c05fe6a12686905512445d8185489","name":"\u0430\u0434\u043c\u0438\u043d","image":{"@type":"ImageObject","inLanguage":"ru-RU","@id":"https:\/\/denizcankizil.tr\/de\/#\/schema\/person\/image\/","url":"https:\/\/secure.gravatar.com\/avatar\/c1fce94c830dc79107e174f890d7210541c4a63e8e5d816341794a2151c9d58c?s=96&d=mm&r=g","contentUrl":"https:\/\/secure.gravatar.com\/avatar\/c1fce94c830dc79107e174f890d7210541c4a63e8e5d816341794a2151c9d58c?s=96&d=mm&r=g","caption":"admin"},"sameAs":["http:\/\/denizcankizil.tr"],"url":"https:\/\/www.iskenderun.org\/sky167de-lezzet-manzara-ve-muzik-babalar-icin-bulusuyor"}]}},"_links":{"self":[{"href":"https:\/\/denizcankizil.tr\/ru\/wp-json\/wp\/v2\/posts\/115692","targetHints":{"allow":["GET"]}}],"collection":[{"href":"https:\/\/denizcankizil.tr\/ru\/wp-json\/wp\/v2\/posts"}],"about":[{"href":"https:\/\/denizcankizil.tr\/ru\/wp-json\/wp\/v2\/types\/post"}],"author":[{"embeddable":true,"href":"https:\/\/denizcankizil.tr\/ru\/wp-json\/wp\/v2\/users\/1"}],"replies":[{"embeddable":true,"href":"https:\/\/denizcankizil.tr\/ru\/wp-json\/wp\/v2\/comments?post=115692"}],"version-history":[{"count":0,"href":"https:\/\/denizcankizil.tr\/ru\/wp-json\/wp\/v2\/posts\/115692\/revisions"}],"wp:attachment":[{"href":"https:\/\/denizcankizil.tr\/ru\/wp-json\/wp\/v2\/media?parent=115692"}],"wp:term":[{"taxonomy":"category","embeddable":true,"href":"https:\/\/denizcankizil.tr\/ru\/wp-json\/wp\/v2\/categories?post=115692"},{"taxonomy":"post_tag","embeddable":true,"href":"https:\/\/denizcankizil.tr\/ru\/wp-json\/wp\/v2\/tags?post=115692"}],"curies":[{"name":"wp","href":"https:\/\/api.w.org\/{rel}","templated":true}]}}