{"id":114916,"date":"2025-06-13T10:42:14","date_gmt":"2025-06-13T07:42:14","guid":{"rendered":"https:\/\/denizcankizil.tr\/uncategorized-tr\/mugla-buyuksehir-ekipleri-6-ayda-380-aniz-yanginina-mudahale-etti\/"},"modified":"2025-06-13T10:42:14","modified_gmt":"2025-06-13T07:42:14","slug":"mugla-buyuksehir-ekipleri-6-ayda-380-aniz-yanginina-mudahale-etti","status":"publish","type":"post","link":"https:\/\/denizcankizil.tr\/ru\/haberler\/gundem\/mugla-buyuksehir-ekipleri-6-ayda-380-aniz-yanginina-mudahale-etti\/","title":{"rendered":"Mu\u011fla B\u00fcy\u00fck\u015fehir ekipleri 6 Ayda 380 an\u0131z yang\u0131n\u0131na m\u00fcdahale etti"},"content":{"rendered":"<p>Mu\u011fla B\u00fcy\u00fck\u015fehir Belediyesi itfaiye ekipleri 2025 y\u0131l\u0131n\u0131n ilk 6 ayl\u0131k d\u00f6neminde 380 an\u0131z, saman ve ekin yang\u0131n\u0131na m\u00fcdahale etti. Ekipler 2024 y\u0131l\u0131nda 1436 an\u0131z yang\u0131n\u0131na m\u00fcdahale de bulunmu\u015ftu.\u00a0MU\u011eLA (\u0130GFA) &#8211; Mu\u011fla\u2019n\u0131n do\u011fal g\u00fczellikleriyle \u00f6n plana \u00e7\u0131kan tar\u0131m arazileri, yaz aylar\u0131n\u0131n gelmesiyle birlikte yeniden yang\u0131n tehdidiyle kar\u015f\u0131 kar\u015f\u0131ya. \u00d6zellikle kontrols\u00fcz \u015fekilde yak\u0131lan an\u0131zlar, hem tar\u0131msal verimlili\u011fi d\u00fc\u015f\u00fcr\u00fcyor hem de b\u00fcy\u00fck orman yang\u0131nlar\u0131na davetiye \u00e7\u0131kar\u0131yor.<br \/>\n2024 YILINDA 1436 ANIZ YANGINI \u00c7IKTI<br \/>\nMu\u011fla B\u00fcy\u00fck\u015fehir Belediyesi \u0130tfaiye Dairesi Ba\u015fkanl\u0131\u011f\u0131 ekipleri, 2025 y\u0131l\u0131n\u0131n ilk 6 ay\u0131nda toplam 380 an\u0131z, saman ve ekin yang\u0131n\u0131na m\u00fcdahale ederek b\u00fcy\u00fck bir felaketin \u00f6n\u00fcne ge\u00e7ti. B\u00fcy\u00fck\u015fehir itfaiyesi ekipleri 2024 y\u0131l\u0131 genelinde toplam 1436 an\u0131z yang\u0131n\u0131na m\u00fcdahale etti. <\/p>\n<p>EK\u0130PLER 7 G\u00dcN 24 SAAT G\u00d6REV BA\u015eINDA<br \/>\nMu\u011fla B\u00fcy\u00fck\u015fehir Belediyesi \u0130tfaiye ekipleri, yang\u0131n sezonunun ba\u015flamas\u0131yla birlikte k\u0131rsal mahallelerde devriye faaliyetlerine a\u011f\u0131rl\u0131k verdi. \u00d6zellikle riskli g\u00f6r\u00fclen tar\u0131m arazilerinde hem yang\u0131n \u00f6nleme \u00e7al\u0131\u015fmalar\u0131 yap\u0131l\u0131yor hem de b\u00f6lge halk\u0131 bilin\u00e7lendirme faaliyetleriyle destekleniyor.<\/p>\n<p>BA\u015eKAN ARAS \u201cDO\u011eAYI KORUMAK HEP\u0130M\u0130Z\u0130N SORUMLULU\u011eU\u201d<br \/>\nK\u0131y\u0131 Ege Belediyeler Birli\u011fi ve Mu\u011fla B\u00fcy\u00fck\u015fehir Belediye Ba\u015fkan\u0131 Ahmet Aras,  vatanda\u015flar\u0131n an\u0131z yang\u0131nlar\u0131na kar\u015f\u0131 daha dikkatli ve duyarl\u0131 davranmalar\u0131 gerekti\u011fini s\u00f6yledi. Ba\u015fkan Aras \u201cMu\u011fla\u2019m\u0131z hem tar\u0131msal \u00fcretimi hem de do\u011fal zenginlikleriyle \u00fclkemizin en de\u011ferli b\u00f6lgelerinden biri. Ancak her y\u0131l ya\u015fanan an\u0131z yang\u0131nlar\u0131, hem \u00e7ift\u00e7imizin eme\u011fini ziyan ediyor hem de ormanlar\u0131m\u0131z\u0131 tehdit ediyor. Bu yang\u0131nlar\u0131n \u00e7ok b\u00fcy\u00fck k\u0131sm\u0131 insan eliyle \u00e7\u0131k\u0131yor. Vatanda\u015flar\u0131m\u0131zdan ricam\u0131z, \u00f6zellikle hasat sonras\u0131 an\u0131z yakmaktan kesinlikle ka\u00e7\u0131nmalar\u0131d\u0131r. Bu sadece do\u011faya de\u011fil, ayn\u0131 zamanda kendi can ve mal g\u00fcvenli\u011fimize de zarar veriyor\u201d dedi.<\/p>\n<p>\u200bMu\u011fla B\u00fcy\u00fck\u015fehir Belediyesi itfaiye ekipleri 2025 y\u0131l\u0131n\u0131n ilk 6 ayl\u0131k d\u00f6neminde 380 an\u0131z, saman ve ekin yang\u0131n\u0131na m\u00fcdahale etti. Ekipler 2024 y\u0131l\u0131nda 1436 an\u0131z yang\u0131n\u0131na m\u00fcdahale de bulunmu\u015ftu.\u00a0MU\u011eLA (\u0130GFA) &#8211; Mu\u011fla\u2019n\u0131n do\u011fal g\u00fczellikleriyle \u00f6n plana \u00e7\u0131kan tar\u0131m arazileri, yaz aylar\u0131n\u0131n gelmesiyle birlikte yeniden yang\u0131n tehdidiyle kar\u015f\u0131 kar\u015f\u0131ya. \u00d6zellikle kontrols\u00fcz \u015fekilde yak\u0131lan an\u0131zlar, hem tar\u0131msal verimlili\u011fi d\u00fc\u015f\u00fcr\u00fcyor hem de b\u00fcy\u00fck orman yang\u0131nlar\u0131na davetiye \u00e7\u0131kar\u0131yor.<br \/>\n2024 YILINDA 1436 ANIZ YANGINI \u00c7IKTI<br \/>\nMu\u011fla B\u00fcy\u00fck\u015fehir Belediyesi \u0130tfaiye Dairesi Ba\u015fkanl\u0131\u011f\u0131 ekipleri, 2025 y\u0131l\u0131n\u0131n ilk 6 ay\u0131nda toplam 380 an\u0131z, saman ve ekin yang\u0131n\u0131na m\u00fcdahale ederek b\u00fcy\u00fck bir felaketin \u00f6n\u00fcne ge\u00e7ti. B\u00fcy\u00fck\u015fehir itfaiyesi ekipleri 2024 y\u0131l\u0131 genelinde toplam 1436 an\u0131z yang\u0131n\u0131na m\u00fcdahale etti. <\/p>\n<p>EK\u0130PLER 7 G\u00dcN 24 SAAT G\u00d6REV BA\u015eINDA<br \/>\nMu\u011fla B\u00fcy\u00fck\u015fehir Belediyesi \u0130tfaiye ekipleri, yang\u0131n sezonunun ba\u015flamas\u0131yla birlikte k\u0131rsal mahallelerde devriye faaliyetlerine a\u011f\u0131rl\u0131k verdi. \u00d6zellikle riskli g\u00f6r\u00fclen tar\u0131m arazilerinde hem yang\u0131n \u00f6nleme \u00e7al\u0131\u015fmalar\u0131 yap\u0131l\u0131yor hem de b\u00f6lge halk\u0131 bilin\u00e7lendirme faaliyetleriyle destekleniyor.<\/p>\n<p>BA\u015eKAN ARAS \u201cDO\u011eAYI KORUMAK HEP\u0130M\u0130Z\u0130N SORUMLULU\u011eU\u201d<br \/>\nK\u0131y\u0131 Ege Belediyeler Birli\u011fi ve Mu\u011fla B\u00fcy\u00fck\u015fehir Belediye Ba\u015fkan\u0131 Ahmet Aras,  vatanda\u015flar\u0131n an\u0131z yang\u0131nlar\u0131na kar\u015f\u0131 daha dikkatli ve duyarl\u0131 davranmalar\u0131 gerekti\u011fini s\u00f6yledi. Ba\u015fkan Aras \u201cMu\u011fla\u2019m\u0131z hem tar\u0131msal \u00fcretimi hem de do\u011fal zenginlikleriyle \u00fclkemizin en de\u011ferli b\u00f6lgelerinden biri. Ancak her y\u0131l ya\u015fanan an\u0131z yang\u0131nlar\u0131, hem \u00e7ift\u00e7imizin eme\u011fini ziyan ediyor hem de ormanlar\u0131m\u0131z\u0131 tehdit ediyor. Bu yang\u0131nlar\u0131n \u00e7ok b\u00fcy\u00fck k\u0131sm\u0131 insan eliyle \u00e7\u0131k\u0131yor. Vatanda\u015flar\u0131m\u0131zdan ricam\u0131z, \u00f6zellikle hasat sonras\u0131 an\u0131z yakmaktan kesinlikle ka\u00e7\u0131nmalar\u0131d\u0131r. Bu sadece do\u011faya de\u011fil, ayn\u0131 zamanda kendi can ve mal g\u00fcvenli\u011fimize de zarar veriyor\u201d dedi.\u00a0<\/p>\n<p>\u200bHaberin Al\u0131nt\u0131land\u0131\u011f\u0131 Kaynak: www.iskenderun.org<\/p>","protected":false},"excerpt":{"rendered":"<p>Mu\u011fla B\u00fcy\u00fck\u015fehir Belediyesi itfaiye ekipleri 2025 y\u0131l\u0131n\u0131n ilk 6 ayl\u0131k d\u00f6neminde 380 an\u0131z, saman ve ekin yang\u0131n\u0131na m\u00fcdahale etti. Ekipler 2024 y\u0131l\u0131nda 1436 an\u0131z yang\u0131n\u0131na m\u00fcdahale de bulunmu\u015ftu.\u00a0MU\u011eLA (\u0130GFA) &#8211; Mu\u011fla\u2019n\u0131n do\u011fal g\u00fczellikleriyle \u00f6n plana \u00e7\u0131kan tar\u0131m arazileri, yaz aylar\u0131n\u0131n gelmesiyle birlikte yeniden yang\u0131n tehdidiyle kar\u015f\u0131 kar\u015f\u0131ya. \u00d6zellikle kontrols\u00fcz \u015fekilde yak\u0131lan an\u0131zlar, hem tar\u0131msal verimlili\u011fi d\u00fc\u015f\u00fcr\u00fcyor hem de b\u00fcy\u00fck orman yang\u0131nlar\u0131na davetiye \u00e7\u0131kar\u0131yor. 2024 YILINDA 1436 ANIZ YANGINI \u00c7IKTI Mu\u011fla B\u00fcy\u00fck\u015fehir Belediyesi \u0130tfaiye Dairesi Ba\u015fkanl\u0131\u011f\u0131 ekipleri, 2025 y\u0131l\u0131n\u0131n ilk 6 ay\u0131nda toplam 380 an\u0131z, saman ve ekin yang\u0131n\u0131na m\u00fcdahale ederek b\u00fcy\u00fck bir felaketin \u00f6n\u00fcne ge\u00e7ti. B\u00fcy\u00fck\u015fehir itfaiyesi ekipleri 2024 y\u0131l\u0131 genelinde toplam 1436 an\u0131z yang\u0131n\u0131na m\u00fcdahale etti. EK\u0130PLER 7 G\u00dcN 24 SAAT G\u00d6REV BA\u015eINDA Mu\u011fla B\u00fcy\u00fck\u015fehir Belediyesi \u0130tfaiye ekipleri, yang\u0131n sezonunun ba\u015flamas\u0131yla birlikte k\u0131rsal mahallelerde devriye faaliyetlerine a\u011f\u0131rl\u0131k verdi. \u00d6zellikle riskli g\u00f6r\u00fclen tar\u0131m arazilerinde hem yang\u0131n \u00f6nleme \u00e7al\u0131\u015fmalar\u0131 yap\u0131l\u0131yor hem de b\u00f6lge halk\u0131 bilin\u00e7lendirme faaliyetleriyle destekleniyor. BA\u015eKAN ARAS \u201cDO\u011eAYI KORUMAK HEP\u0130M\u0130Z\u0130N SORUMLULU\u011eU\u201d K\u0131y\u0131 Ege Belediyeler Birli\u011fi ve Mu\u011fla B\u00fcy\u00fck\u015fehir Belediye Ba\u015fkan\u0131 Ahmet Aras, vatanda\u015flar\u0131n an\u0131z yang\u0131nlar\u0131na kar\u015f\u0131 daha dikkatli ve duyarl\u0131 davranmalar\u0131 gerekti\u011fini s\u00f6yledi. Ba\u015fkan Aras \u201cMu\u011fla\u2019m\u0131z hem tar\u0131msal \u00fcretimi hem de do\u011fal zenginlikleriyle \u00fclkemizin en de\u011ferli b\u00f6lgelerinden biri. Ancak her y\u0131l ya\u015fanan an\u0131z yang\u0131nlar\u0131, hem \u00e7ift\u00e7imizin eme\u011fini ziyan ediyor &hellip;<\/p>","protected":false},"author":1,"featured_media":0,"comment_status":"","ping_status":"open","sticky":false,"template":"","format":"standard","meta":{"_acf_changed":false,"footnotes":""},"categories":[24],"tags":[],"class_list":["post-114916","post","type-post","status-publish","format-standard","has-post-thumbnail","hentry","category-gundem"],"acf":[],"yoast_head":"<!-- This site is optimized with the Yoast SEO Premium plugin v26.6 (Yoast SEO v27.1.1) - https:\/\/yoast.com\/product\/yoast-seo-premium-wordpress\/ -->\n<title>Mu\u011fla B\u00fcy\u00fck\u015fehir ekipleri 6 Ayda 380 an\u0131z yang\u0131n\u0131na m\u00fcdahale etti - Av. Deniz Can K\u0131z\u0131l<\/title>\n<meta name=\"robots\" content=\"index, follow, max-snippet:-1, max-image-preview:large, max-video-preview:-1\" \/>\n<link rel=\"canonical\" href=\"https:\/\/denizcankizil.tr\/ru\/haberler\/gundem\/mugla-buyuksehir-ekipleri-6-ayda-380-aniz-yanginina-mudahale-etti\/\" \/>\n<meta property=\"og:locale\" content=\"ru_RU\" \/>\n<meta property=\"og:type\" content=\"article\" \/>\n<meta property=\"og:title\" content=\"Mu\u011fla B\u00fcy\u00fck\u015fehir ekipleri 6 Ayda 380 an\u0131z yang\u0131n\u0131na m\u00fcdahale etti\" \/>\n<meta property=\"og:description\" content=\"Mu\u011fla B\u00fcy\u00fck\u015fehir Belediyesi itfaiye ekipleri 2025 y\u0131l\u0131n\u0131n ilk 6 ayl\u0131k d\u00f6neminde 380 an\u0131z, saman ve ekin yang\u0131n\u0131na m\u00fcdahale etti. Ekipler 2024 y\u0131l\u0131nda 1436 an\u0131z yang\u0131n\u0131na m\u00fcdahale de bulunmu\u015ftu.\u00a0MU\u011eLA (\u0130GFA) &#8211; Mu\u011fla\u2019n\u0131n do\u011fal g\u00fczellikleriyle \u00f6n plana \u00e7\u0131kan tar\u0131m arazileri, yaz aylar\u0131n\u0131n gelmesiyle birlikte yeniden yang\u0131n tehdidiyle kar\u015f\u0131 kar\u015f\u0131ya. \u00d6zellikle kontrols\u00fcz \u015fekilde yak\u0131lan an\u0131zlar, hem tar\u0131msal verimlili\u011fi d\u00fc\u015f\u00fcr\u00fcyor hem de b\u00fcy\u00fck orman yang\u0131nlar\u0131na davetiye \u00e7\u0131kar\u0131yor. 2024 YILINDA 1436 ANIZ YANGINI \u00c7IKTI Mu\u011fla B\u00fcy\u00fck\u015fehir Belediyesi \u0130tfaiye Dairesi Ba\u015fkanl\u0131\u011f\u0131 ekipleri, 2025 y\u0131l\u0131n\u0131n ilk 6 ay\u0131nda toplam 380 an\u0131z, saman ve ekin yang\u0131n\u0131na m\u00fcdahale ederek b\u00fcy\u00fck bir felaketin \u00f6n\u00fcne ge\u00e7ti. B\u00fcy\u00fck\u015fehir itfaiyesi ekipleri 2024 y\u0131l\u0131 genelinde toplam 1436 an\u0131z yang\u0131n\u0131na m\u00fcdahale etti. EK\u0130PLER 7 G\u00dcN 24 SAAT G\u00d6REV BA\u015eINDA Mu\u011fla B\u00fcy\u00fck\u015fehir Belediyesi \u0130tfaiye ekipleri, yang\u0131n sezonunun ba\u015flamas\u0131yla birlikte k\u0131rsal mahallelerde devriye faaliyetlerine a\u011f\u0131rl\u0131k verdi. \u00d6zellikle riskli g\u00f6r\u00fclen tar\u0131m arazilerinde hem yang\u0131n \u00f6nleme \u00e7al\u0131\u015fmalar\u0131 yap\u0131l\u0131yor hem de b\u00f6lge halk\u0131 bilin\u00e7lendirme faaliyetleriyle destekleniyor. BA\u015eKAN ARAS \u201cDO\u011eAYI KORUMAK HEP\u0130M\u0130Z\u0130N SORUMLULU\u011eU\u201d K\u0131y\u0131 Ege Belediyeler Birli\u011fi ve Mu\u011fla B\u00fcy\u00fck\u015fehir Belediye Ba\u015fkan\u0131 Ahmet Aras, vatanda\u015flar\u0131n an\u0131z yang\u0131nlar\u0131na kar\u015f\u0131 daha dikkatli ve duyarl\u0131 davranmalar\u0131 gerekti\u011fini s\u00f6yledi. Ba\u015fkan Aras \u201cMu\u011fla\u2019m\u0131z hem tar\u0131msal \u00fcretimi hem de do\u011fal zenginlikleriyle \u00fclkemizin en de\u011ferli b\u00f6lgelerinden biri. Ancak her y\u0131l ya\u015fanan an\u0131z yang\u0131nlar\u0131, hem \u00e7ift\u00e7imizin eme\u011fini ziyan ediyor &hellip;\" \/>\n<meta property=\"og:url\" content=\"https:\/\/denizcankizil.tr\/ru\/haberler\/gundem\/mugla-buyuksehir-ekipleri-6-ayda-380-aniz-yanginina-mudahale-etti\/\" \/>\n<meta property=\"og:site_name\" content=\"Av. Deniz Can K\u0131z\u0131l\" \/>\n<meta property=\"article:published_time\" content=\"2025-06-13T07:42:14+00:00\" \/>\n<meta name=\"author\" content=\"admin\" \/>\n<meta name=\"twitter:card\" content=\"summary_large_image\" \/>\n<meta name=\"twitter:label1\" content=\"\u041d\u0430\u043f\u0438\u0441\u0430\u043d\u043e \u0430\u0432\u0442\u043e\u0440\u043e\u043c\" \/>\n\t<meta name=\"twitter:data1\" content=\"admin\" \/>\n\t<meta name=\"twitter:label2\" content=\"\u041f\u0440\u0438\u043c\u0435\u0440\u043d\u043e\u0435 \u0432\u0440\u0435\u043c\u044f \u0434\u043b\u044f \u0447\u0442\u0435\u043d\u0438\u044f\" \/>\n\t<meta name=\"twitter:data2\" content=\"4 \u043c\u0438\u043d\u0443\u0442\u044b\" \/>\n<script type=\"application\/ld+json\" class=\"yoast-schema-graph\">{\"@context\":\"https:\/\/schema.org\",\"@graph\":[{\"@type\":\"Article\",\"@id\":\"https:\/\/denizcankizil.tr\/uk\/haberler\/gundem\/mugla-buyuksehir-ekipleri-6-ayda-380-aniz-yanginina-mudahale-etti\/#article\",\"isPartOf\":{\"@id\":\"https:\/\/denizcankizil.tr\/uk\/haberler\/gundem\/mugla-buyuksehir-ekipleri-6-ayda-380-aniz-yanginina-mudahale-etti\/\"},\"author\":{\"name\":\"admin\",\"@id\":\"https:\/\/denizcankizil.tr\/de\/#\/schema\/person\/be3c05fe6a12686905512445d8185489\"},\"headline\":\"Mu\u011fla B\u00fcy\u00fck\u015fehir ekipleri 6 Ayda 380 an\u0131z yang\u0131n\u0131na m\u00fcdahale etti\",\"datePublished\":\"2025-06-13T07:42:14+00:00\",\"mainEntityOfPage\":{\"@id\":\"https:\/\/denizcankizil.tr\/uk\/haberler\/gundem\/mugla-buyuksehir-ekipleri-6-ayda-380-aniz-yanginina-mudahale-etti\/\"},\"wordCount\":762,\"publisher\":{\"@id\":\"https:\/\/denizcankizil.tr\/de\/#organization\"},\"articleSection\":[\"G\u00fcndem\"],\"inLanguage\":\"ru-RU\"},{\"@type\":\"WebPage\",\"@id\":\"https:\/\/denizcankizil.tr\/uk\/haberler\/gundem\/mugla-buyuksehir-ekipleri-6-ayda-380-aniz-yanginina-mudahale-etti\/\",\"url\":\"https:\/\/denizcankizil.tr\/uk\/haberler\/gundem\/mugla-buyuksehir-ekipleri-6-ayda-380-aniz-yanginina-mudahale-etti\/\",\"name\":\"Mu\u011fla B\u00fcy\u00fck\u015fehir ekipleri 6 Ayda 380 an\u0131z yang\u0131n\u0131na m\u00fcdahale etti - Av. Deniz Can K\u0131z\u0131l\",\"isPartOf\":{\"@id\":\"https:\/\/denizcankizil.tr\/de\/#website\"},\"datePublished\":\"2025-06-13T07:42:14+00:00\",\"breadcrumb\":{\"@id\":\"https:\/\/denizcankizil.tr\/uk\/haberler\/gundem\/mugla-buyuksehir-ekipleri-6-ayda-380-aniz-yanginina-mudahale-etti\/#breadcrumb\"},\"inLanguage\":\"ru-RU\",\"potentialAction\":[{\"@type\":\"ReadAction\",\"target\":[\"https:\/\/denizcankizil.tr\/uk\/haberler\/gundem\/mugla-buyuksehir-ekipleri-6-ayda-380-aniz-yanginina-mudahale-etti\/\"]}]},{\"@type\":\"BreadcrumbList\",\"@id\":\"https:\/\/denizcankizil.tr\/uk\/haberler\/gundem\/mugla-buyuksehir-ekipleri-6-ayda-380-aniz-yanginina-mudahale-etti\/#breadcrumb\",\"itemListElement\":[{\"@type\":\"ListItem\",\"position\":1,\"name\":\"Home\",\"item\":\"https:\/\/denizcankizil.tr\/de\/\"},{\"@type\":\"ListItem\",\"position\":2,\"name\":\"Mu\u011fla B\u00fcy\u00fck\u015fehir ekipleri 6 Ayda 380 an\u0131z yang\u0131n\u0131na m\u00fcdahale etti\"}]},{\"@type\":\"WebSite\",\"@id\":\"https:\/\/denizcankizil.tr\/de\/#website\",\"url\":\"https:\/\/denizcankizil.tr\/de\/\",\"name\":\"Av. Deniz Can K\u0131z\u0131l\",\"description\":\"Avukat Deniz Can K\u0131z\u0131l Antalya Barosu\",\"publisher\":{\"@id\":\"https:\/\/denizcankizil.tr\/de\/#organization\"},\"potentialAction\":[{\"@type\":\"SearchAction\",\"target\":{\"@type\":\"EntryPoint\",\"urlTemplate\":\"https:\/\/denizcankizil.tr\/de\/?s={search_term_string}\"},\"query-input\":{\"@type\":\"PropertyValueSpecification\",\"valueRequired\":true,\"valueName\":\"search_term_string\"}}],\"inLanguage\":\"ru-RU\"},{\"@type\":\"Organization\",\"@id\":\"https:\/\/denizcankizil.tr\/de\/#organization\",\"name\":\"Av. Deniz Can K\u0131z\u0131l\",\"url\":\"https:\/\/denizcankizil.tr\/de\/\",\"logo\":{\"@type\":\"ImageObject\",\"inLanguage\":\"ru-RU\",\"@id\":\"https:\/\/denizcankizil.tr\/de\/#\/schema\/logo\/image\/\",\"url\":\"https:\/\/denizcankizil.tr\/wp-content\/uploads\/2024\/10\/siyah-logo-svg.svg\",\"contentUrl\":\"https:\/\/denizcankizil.tr\/wp-content\/uploads\/2024\/10\/siyah-logo-svg.svg\",\"width\":1080,\"height\":1080,\"caption\":\"Av. Deniz Can K\u0131z\u0131l\"},\"image\":{\"@id\":\"https:\/\/denizcankizil.tr\/de\/#\/schema\/logo\/image\/\"}},{\"@type\":\"Person\",\"@id\":\"https:\/\/denizcankizil.tr\/de\/#\/schema\/person\/be3c05fe6a12686905512445d8185489\",\"name\":\"admin\",\"image\":{\"@type\":\"ImageObject\",\"inLanguage\":\"ru-RU\",\"@id\":\"https:\/\/denizcankizil.tr\/de\/#\/schema\/person\/image\/\",\"url\":\"https:\/\/secure.gravatar.com\/avatar\/c1fce94c830dc79107e174f890d7210541c4a63e8e5d816341794a2151c9d58c?s=96&d=mm&r=g\",\"contentUrl\":\"https:\/\/secure.gravatar.com\/avatar\/c1fce94c830dc79107e174f890d7210541c4a63e8e5d816341794a2151c9d58c?s=96&d=mm&r=g\",\"caption\":\"admin\"},\"sameAs\":[\"http:\/\/denizcankizil.tr\"],\"url\":\"https:\/\/www.iskenderun.org\/mugla-buyuksehir-ekipleri-6-ayda-380-aniz-yanginina-mudahale-etti\"}]}<\/script>\n<!-- \/ Yoast SEO Premium plugin. -->","yoast_head_json":{"title":"Mu\u011fla B\u00fcy\u00fck\u015fehir ekipleri 6 Ayda 380 an\u0131z yang\u0131n\u0131na m\u00fcdahale etti - Av. Deniz Can K\u0131z\u0131l","robots":{"index":"index","follow":"follow","max-snippet":"max-snippet:-1","max-image-preview":"max-image-preview:large","max-video-preview":"max-video-preview:-1"},"canonical":"https:\/\/denizcankizil.tr\/ru\/haberler\/gundem\/mugla-buyuksehir-ekipleri-6-ayda-380-aniz-yanginina-mudahale-etti\/","og_locale":"ru_RU","og_type":"article","og_title":"Mu\u011fla B\u00fcy\u00fck\u015fehir ekipleri 6 Ayda 380 an\u0131z yang\u0131n\u0131na m\u00fcdahale etti","og_description":"Mu\u011fla B\u00fcy\u00fck\u015fehir Belediyesi itfaiye ekipleri 2025 y\u0131l\u0131n\u0131n ilk 6 ayl\u0131k d\u00f6neminde 380 an\u0131z, saman ve ekin yang\u0131n\u0131na m\u00fcdahale etti. Ekipler 2024 y\u0131l\u0131nda 1436 an\u0131z yang\u0131n\u0131na m\u00fcdahale de bulunmu\u015ftu.\u00a0MU\u011eLA (\u0130GFA) &#8211; Mu\u011fla\u2019n\u0131n do\u011fal g\u00fczellikleriyle \u00f6n plana \u00e7\u0131kan tar\u0131m arazileri, yaz aylar\u0131n\u0131n gelmesiyle birlikte yeniden yang\u0131n tehdidiyle kar\u015f\u0131 kar\u015f\u0131ya. \u00d6zellikle kontrols\u00fcz \u015fekilde yak\u0131lan an\u0131zlar, hem tar\u0131msal verimlili\u011fi d\u00fc\u015f\u00fcr\u00fcyor hem de b\u00fcy\u00fck orman yang\u0131nlar\u0131na davetiye \u00e7\u0131kar\u0131yor. 2024 YILINDA 1436 ANIZ YANGINI \u00c7IKTI Mu\u011fla B\u00fcy\u00fck\u015fehir Belediyesi \u0130tfaiye Dairesi Ba\u015fkanl\u0131\u011f\u0131 ekipleri, 2025 y\u0131l\u0131n\u0131n ilk 6 ay\u0131nda toplam 380 an\u0131z, saman ve ekin yang\u0131n\u0131na m\u00fcdahale ederek b\u00fcy\u00fck bir felaketin \u00f6n\u00fcne ge\u00e7ti. B\u00fcy\u00fck\u015fehir itfaiyesi ekipleri 2024 y\u0131l\u0131 genelinde toplam 1436 an\u0131z yang\u0131n\u0131na m\u00fcdahale etti. EK\u0130PLER 7 G\u00dcN 24 SAAT G\u00d6REV BA\u015eINDA Mu\u011fla B\u00fcy\u00fck\u015fehir Belediyesi \u0130tfaiye ekipleri, yang\u0131n sezonunun ba\u015flamas\u0131yla birlikte k\u0131rsal mahallelerde devriye faaliyetlerine a\u011f\u0131rl\u0131k verdi. \u00d6zellikle riskli g\u00f6r\u00fclen tar\u0131m arazilerinde hem yang\u0131n \u00f6nleme \u00e7al\u0131\u015fmalar\u0131 yap\u0131l\u0131yor hem de b\u00f6lge halk\u0131 bilin\u00e7lendirme faaliyetleriyle destekleniyor. BA\u015eKAN ARAS \u201cDO\u011eAYI KORUMAK HEP\u0130M\u0130Z\u0130N SORUMLULU\u011eU\u201d K\u0131y\u0131 Ege Belediyeler Birli\u011fi ve Mu\u011fla B\u00fcy\u00fck\u015fehir Belediye Ba\u015fkan\u0131 Ahmet Aras, vatanda\u015flar\u0131n an\u0131z yang\u0131nlar\u0131na kar\u015f\u0131 daha dikkatli ve duyarl\u0131 davranmalar\u0131 gerekti\u011fini s\u00f6yledi. Ba\u015fkan Aras \u201cMu\u011fla\u2019m\u0131z hem tar\u0131msal \u00fcretimi hem de do\u011fal zenginlikleriyle \u00fclkemizin en de\u011ferli b\u00f6lgelerinden biri. Ancak her y\u0131l ya\u015fanan an\u0131z yang\u0131nlar\u0131, hem \u00e7ift\u00e7imizin eme\u011fini ziyan ediyor &hellip;","og_url":"https:\/\/denizcankizil.tr\/ru\/haberler\/gundem\/mugla-buyuksehir-ekipleri-6-ayda-380-aniz-yanginina-mudahale-etti\/","og_site_name":"Av. Deniz Can K\u0131z\u0131l","article_published_time":"2025-06-13T07:42:14+00:00","author":"admin","twitter_card":"summary_large_image","twitter_misc":{"\u041d\u0430\u043f\u0438\u0441\u0430\u043d\u043e \u0430\u0432\u0442\u043e\u0440\u043e\u043c":"admin","\u041f\u0440\u0438\u043c\u0435\u0440\u043d\u043e\u0435 \u0432\u0440\u0435\u043c\u044f \u0434\u043b\u044f \u0447\u0442\u0435\u043d\u0438\u044f":"4 \u043c\u0438\u043d\u0443\u0442\u044b"},"schema":{"@context":"https:\/\/schema.org","@graph":[{"@type":"Article","@id":"https:\/\/denizcankizil.tr\/uk\/haberler\/gundem\/mugla-buyuksehir-ekipleri-6-ayda-380-aniz-yanginina-mudahale-etti\/#article","isPartOf":{"@id":"https:\/\/denizcankizil.tr\/uk\/haberler\/gundem\/mugla-buyuksehir-ekipleri-6-ayda-380-aniz-yanginina-mudahale-etti\/"},"author":{"name":"admin","@id":"https:\/\/denizcankizil.tr\/de\/#\/schema\/person\/be3c05fe6a12686905512445d8185489"},"headline":"Mu\u011fla B\u00fcy\u00fck\u015fehir ekipleri 6 Ayda 380 an\u0131z yang\u0131n\u0131na m\u00fcdahale etti","datePublished":"2025-06-13T07:42:14+00:00","mainEntityOfPage":{"@id":"https:\/\/denizcankizil.tr\/uk\/haberler\/gundem\/mugla-buyuksehir-ekipleri-6-ayda-380-aniz-yanginina-mudahale-etti\/"},"wordCount":762,"publisher":{"@id":"https:\/\/denizcankizil.tr\/de\/#organization"},"articleSection":["G\u00fcndem"],"inLanguage":"ru-RU"},{"@type":"WebPage","@id":"https:\/\/denizcankizil.tr\/uk\/haberler\/gundem\/mugla-buyuksehir-ekipleri-6-ayda-380-aniz-yanginina-mudahale-etti\/","url":"https:\/\/denizcankizil.tr\/uk\/haberler\/gundem\/mugla-buyuksehir-ekipleri-6-ayda-380-aniz-yanginina-mudahale-etti\/","name":"Mu\u011fla B\u00fcy\u00fck\u015fehir ekipleri 6 Ayda 380 an\u0131z yang\u0131n\u0131na m\u00fcdahale etti - Av. Deniz Can K\u0131z\u0131l","isPartOf":{"@id":"https:\/\/denizcankizil.tr\/de\/#website"},"datePublished":"2025-06-13T07:42:14+00:00","breadcrumb":{"@id":"https:\/\/denizcankizil.tr\/uk\/haberler\/gundem\/mugla-buyuksehir-ekipleri-6-ayda-380-aniz-yanginina-mudahale-etti\/#breadcrumb"},"inLanguage":"ru-RU","potentialAction":[{"@type":"ReadAction","target":["https:\/\/denizcankizil.tr\/uk\/haberler\/gundem\/mugla-buyuksehir-ekipleri-6-ayda-380-aniz-yanginina-mudahale-etti\/"]}]},{"@type":"BreadcrumbList","@id":"https:\/\/denizcankizil.tr\/uk\/haberler\/gundem\/mugla-buyuksehir-ekipleri-6-ayda-380-aniz-yanginina-mudahale-etti\/#breadcrumb","itemListElement":[{"@type":"ListItem","position":1,"name":"Home","item":"https:\/\/denizcankizil.tr\/de\/"},{"@type":"ListItem","position":2,"name":"Mu\u011fla B\u00fcy\u00fck\u015fehir ekipleri 6 Ayda 380 an\u0131z yang\u0131n\u0131na m\u00fcdahale etti"}]},{"@type":"WebSite","@id":"https:\/\/denizcankizil.tr\/de\/#website","url":"https:\/\/denizcankizil.tr\/de\/","name":"Av. Deniz Can K\u0131z\u0131l","description":"Avukat Deniz Can K\u0131z\u0131l Antalya Barosu","publisher":{"@id":"https:\/\/denizcankizil.tr\/de\/#organization"},"potentialAction":[{"@type":"SearchAction","target":{"@type":"EntryPoint","urlTemplate":"https:\/\/denizcankizil.tr\/de\/?s={search_term_string}"},"query-input":{"@type":"PropertyValueSpecification","valueRequired":true,"valueName":"search_term_string"}}],"inLanguage":"ru-RU"},{"@type":"Organization","@id":"https:\/\/denizcankizil.tr\/de\/#organization","name":"Av. Deniz Can K\u0131z\u0131l","url":"https:\/\/denizcankizil.tr\/de\/","logo":{"@type":"ImageObject","inLanguage":"ru-RU","@id":"https:\/\/denizcankizil.tr\/de\/#\/schema\/logo\/image\/","url":"https:\/\/denizcankizil.tr\/wp-content\/uploads\/2024\/10\/siyah-logo-svg.svg","contentUrl":"https:\/\/denizcankizil.tr\/wp-content\/uploads\/2024\/10\/siyah-logo-svg.svg","width":1080,"height":1080,"caption":"Av. Deniz Can K\u0131z\u0131l"},"image":{"@id":"https:\/\/denizcankizil.tr\/de\/#\/schema\/logo\/image\/"}},{"@type":"Person","@id":"https:\/\/denizcankizil.tr\/de\/#\/schema\/person\/be3c05fe6a12686905512445d8185489","name":"\u0430\u0434\u043c\u0438\u043d","image":{"@type":"ImageObject","inLanguage":"ru-RU","@id":"https:\/\/denizcankizil.tr\/de\/#\/schema\/person\/image\/","url":"https:\/\/secure.gravatar.com\/avatar\/c1fce94c830dc79107e174f890d7210541c4a63e8e5d816341794a2151c9d58c?s=96&d=mm&r=g","contentUrl":"https:\/\/secure.gravatar.com\/avatar\/c1fce94c830dc79107e174f890d7210541c4a63e8e5d816341794a2151c9d58c?s=96&d=mm&r=g","caption":"admin"},"sameAs":["http:\/\/denizcankizil.tr"],"url":"https:\/\/www.iskenderun.org\/mugla-buyuksehir-ekipleri-6-ayda-380-aniz-yanginina-mudahale-etti"}]}},"_links":{"self":[{"href":"https:\/\/denizcankizil.tr\/ru\/wp-json\/wp\/v2\/posts\/114916","targetHints":{"allow":["GET"]}}],"collection":[{"href":"https:\/\/denizcankizil.tr\/ru\/wp-json\/wp\/v2\/posts"}],"about":[{"href":"https:\/\/denizcankizil.tr\/ru\/wp-json\/wp\/v2\/types\/post"}],"author":[{"embeddable":true,"href":"https:\/\/denizcankizil.tr\/ru\/wp-json\/wp\/v2\/users\/1"}],"replies":[{"embeddable":true,"href":"https:\/\/denizcankizil.tr\/ru\/wp-json\/wp\/v2\/comments?post=114916"}],"version-history":[{"count":0,"href":"https:\/\/denizcankizil.tr\/ru\/wp-json\/wp\/v2\/posts\/114916\/revisions"}],"wp:attachment":[{"href":"https:\/\/denizcankizil.tr\/ru\/wp-json\/wp\/v2\/media?parent=114916"}],"wp:term":[{"taxonomy":"category","embeddable":true,"href":"https:\/\/denizcankizil.tr\/ru\/wp-json\/wp\/v2\/categories?post=114916"},{"taxonomy":"post_tag","embeddable":true,"href":"https:\/\/denizcankizil.tr\/ru\/wp-json\/wp\/v2\/tags?post=114916"}],"curies":[{"name":"wp","href":"https:\/\/api.w.org\/{rel}","templated":true}]}}