{"id":113671,"date":"2025-06-11T17:41:41","date_gmt":"2025-06-11T14:41:41","guid":{"rendered":"https:\/\/denizcankizil.tr\/uncategorized-tr\/harac-istedikleri-isletmeyi-kursun-yagmuruna-tuttular\/"},"modified":"2025-06-11T17:41:41","modified_gmt":"2025-06-11T14:41:41","slug":"harac-istedikleri-isletmeyi-kursun-yagmuruna-tuttular","status":"publish","type":"post","link":"https:\/\/denizcankizil.tr\/ru\/haberler\/antalya\/harac-istedikleri-isletmeyi-kursun-yagmuruna-tuttular\/","title":{"rendered":"Hara\u00e7 istedikleri i\u015fletmeyi kur\u015fun ya\u011fmuruna tuttular"},"content":{"rendered":"<p>Olay, saat 13.30 s\u0131ralar\u0131nda Muratpa\u015fa il\u00e7esi \u00dc\u00e7gen Mahallesi Dolapl\u0131dere Caddesi \u00fczerinde bulunan Mehmet \u015e.\u00d6.&#8217;ye ait bir i\u015f yerinde meydana geldi. Edinilen bilgiye g\u00f6re, \u00f6\u011flen saatlerinde i\u015f yerine gelen kimli\u011fi belirsiz 2 \u015fah\u0131s i\u015f yeri sahibi Mehmet \u015e. \u00d6.&#8217;den 3 milyon TL hara\u00e7 istedi. Bir s\u00fcredir i\u015fletmeye gelerek hara\u00e7 istedikleri \u00f6\u011frenilen 2 \u015fah\u0131s Mehmet \u015e.\u00d6.&#8217;den olumsuz yan\u0131t al\u0131nca i\u015f yerinden ayr\u0131ld\u0131. Bir s\u00fcre i\u015f yerinin yak\u0131nlar\u0131nda bekleyen ve uygun bir an\u0131 bekleyen \u015fah\u0131slar yakla\u015f\u0131k 1 saat sonra plakas\u0131z motosikletle tekrar gelerek i\u015f yerine kur\u015fun ya\u011fd\u0131rd\u0131.<\/p>\n<p>\u015eah\u0131slar\u0131n yakalanmas\u0131 i\u00e7in \u00e7al\u0131\u015fma ba\u015flat\u0131ld\u0131<br \/>\nKimli\u011fi belirsiz \u015fah\u0131slar\u0131n silah\u0131ndan \u00e7\u0131kan kur\u015funlar i\u015fyerinin cam\u0131na ve o s\u0131rada yol \u00fczerinde park halinde bulunan S.S.&#8217;ye ait araca isabet etti. Kur\u015funlar \u015fans eseri kimseye isabet etmezken olayda yaralanan olmad\u0131. Olay\u0131n 112 Acil \u00c7a\u011fr\u0131 Merkezi&#8217;ne bildirilmesi \u00fczerine olay yerine \u00e7ok say\u0131da polis ekibi sevk edildi. Olay Yeri \u0130nceleme ve k\u0131s\u0131m ekipleri olay yerinde \u00e7al\u0131\u015fma yaparken, i\u015fyerine ait g\u00fcvenlik kameralar\u0131na inceleyen ekipler kimli\u011fi belirsiz \u015fah\u0131slar\u0131n yakalanmas\u0131 i\u00e7in b\u00f6lgede \u00e7al\u0131\u015fma ba\u015flatt\u0131. \u00d6te yandan \u015fah\u0131slar\u0131n sokak giri\u015finde bekledi\u011fi anlar g\u00fcvenlik kameras\u0131na yans\u0131d\u0131.<\/p>\n<p>Kaynak: www.kanalv.com.tr Haber Sitesinden Al\u0131nm\u0131\u015ft\u0131r.<\/p>","protected":false},"excerpt":{"rendered":"<p>Olay, saat 13.30 s\u0131ralar\u0131nda Muratpa\u015fa il\u00e7esi \u00dc\u00e7gen Mahallesi Dolapl\u0131dere Caddesi \u00fczerinde bulunan Mehmet \u015e.\u00d6.&#8217;ye ait bir i\u015f yerinde meydana geldi. Edinilen bilgiye g\u00f6re, \u00f6\u011flen saatlerinde i\u015f yerine gelen kimli\u011fi belirsiz 2 \u015fah\u0131s i\u015f yeri sahibi Mehmet \u015e. \u00d6.&#8217;den 3 milyon TL hara\u00e7 istedi. Bir s\u00fcredir i\u015fletmeye gelerek hara\u00e7 istedikleri \u00f6\u011frenilen 2 \u015fah\u0131s Mehmet \u015e.\u00d6.&#8217;den olumsuz yan\u0131t al\u0131nca i\u015f yerinden ayr\u0131ld\u0131. Bir s\u00fcre i\u015f yerinin yak\u0131nlar\u0131nda bekleyen ve uygun bir an\u0131 bekleyen \u015fah\u0131slar yakla\u015f\u0131k 1 saat sonra plakas\u0131z motosikletle tekrar gelerek i\u015f yerine kur\u015fun ya\u011fd\u0131rd\u0131. \u015eah\u0131slar\u0131n yakalanmas\u0131 i\u00e7in \u00e7al\u0131\u015fma ba\u015flat\u0131ld\u0131 Kimli\u011fi belirsiz \u015fah\u0131slar\u0131n silah\u0131ndan \u00e7\u0131kan kur\u015funlar i\u015fyerinin cam\u0131na ve o s\u0131rada yol \u00fczerinde park halinde bulunan S.S.&#8217;ye ait araca isabet etti. Kur\u015funlar \u015fans eseri kimseye isabet etmezken olayda yaralanan olmad\u0131. Olay\u0131n 112 Acil \u00c7a\u011fr\u0131 Merkezi&#8217;ne bildirilmesi \u00fczerine olay yerine \u00e7ok say\u0131da polis ekibi sevk edildi. Olay Yeri \u0130nceleme ve k\u0131s\u0131m ekipleri olay yerinde \u00e7al\u0131\u015fma yaparken, i\u015fyerine ait g\u00fcvenlik kameralar\u0131na inceleyen ekipler kimli\u011fi belirsiz \u015fah\u0131slar\u0131n yakalanmas\u0131 i\u00e7in b\u00f6lgede \u00e7al\u0131\u015fma ba\u015flatt\u0131. \u00d6te yandan \u015fah\u0131slar\u0131n sokak giri\u015finde bekledi\u011fi anlar g\u00fcvenlik kameras\u0131na yans\u0131d\u0131. Kaynak: www.kanalv.com.tr Haber Sitesinden Al\u0131nm\u0131\u015ft\u0131r.<\/p>","protected":false},"author":4,"featured_media":113672,"comment_status":"","ping_status":"open","sticky":false,"template":"","format":"standard","meta":{"_acf_changed":false,"footnotes":""},"categories":[26],"tags":[],"class_list":["post-113671","post","type-post","status-publish","format-standard","has-post-thumbnail","hentry","category-antalya"],"acf":[],"yoast_head":"<!-- This site is optimized with the Yoast SEO Premium plugin v26.6 (Yoast SEO v27.1.1) - https:\/\/yoast.com\/product\/yoast-seo-premium-wordpress\/ -->\n<title>Hara\u00e7 istedikleri i\u015fletmeyi kur\u015fun ya\u011fmuruna tuttular - Av. Deniz Can K\u0131z\u0131l<\/title>\n<meta name=\"robots\" content=\"index, follow, max-snippet:-1, max-image-preview:large, max-video-preview:-1\" \/>\n<link rel=\"canonical\" href=\"https:\/\/denizcankizil.tr\/ru\/haberler\/antalya\/harac-istedikleri-isletmeyi-kursun-yagmuruna-tuttular\/\" \/>\n<meta property=\"og:locale\" content=\"ru_RU\" \/>\n<meta property=\"og:type\" content=\"article\" \/>\n<meta property=\"og:title\" content=\"Hara\u00e7 istedikleri i\u015fletmeyi kur\u015fun ya\u011fmuruna tuttular\" \/>\n<meta property=\"og:description\" content=\"Olay, saat 13.30 s\u0131ralar\u0131nda Muratpa\u015fa il\u00e7esi \u00dc\u00e7gen Mahallesi Dolapl\u0131dere Caddesi \u00fczerinde bulunan Mehmet \u015e.\u00d6.&#8217;ye ait bir i\u015f yerinde meydana geldi. Edinilen bilgiye g\u00f6re, \u00f6\u011flen saatlerinde i\u015f yerine gelen kimli\u011fi belirsiz 2 \u015fah\u0131s i\u015f yeri sahibi Mehmet \u015e. \u00d6.&#8217;den 3 milyon TL hara\u00e7 istedi. Bir s\u00fcredir i\u015fletmeye gelerek hara\u00e7 istedikleri \u00f6\u011frenilen 2 \u015fah\u0131s Mehmet \u015e.\u00d6.&#8217;den olumsuz yan\u0131t al\u0131nca i\u015f yerinden ayr\u0131ld\u0131. Bir s\u00fcre i\u015f yerinin yak\u0131nlar\u0131nda bekleyen ve uygun bir an\u0131 bekleyen \u015fah\u0131slar yakla\u015f\u0131k 1 saat sonra plakas\u0131z motosikletle tekrar gelerek i\u015f yerine kur\u015fun ya\u011fd\u0131rd\u0131. \u015eah\u0131slar\u0131n yakalanmas\u0131 i\u00e7in \u00e7al\u0131\u015fma ba\u015flat\u0131ld\u0131 Kimli\u011fi belirsiz \u015fah\u0131slar\u0131n silah\u0131ndan \u00e7\u0131kan kur\u015funlar i\u015fyerinin cam\u0131na ve o s\u0131rada yol \u00fczerinde park halinde bulunan S.S.&#8217;ye ait araca isabet etti. Kur\u015funlar \u015fans eseri kimseye isabet etmezken olayda yaralanan olmad\u0131. Olay\u0131n 112 Acil \u00c7a\u011fr\u0131 Merkezi&#8217;ne bildirilmesi \u00fczerine olay yerine \u00e7ok say\u0131da polis ekibi sevk edildi. Olay Yeri \u0130nceleme ve k\u0131s\u0131m ekipleri olay yerinde \u00e7al\u0131\u015fma yaparken, i\u015fyerine ait g\u00fcvenlik kameralar\u0131na inceleyen ekipler kimli\u011fi belirsiz \u015fah\u0131slar\u0131n yakalanmas\u0131 i\u00e7in b\u00f6lgede \u00e7al\u0131\u015fma ba\u015flatt\u0131. \u00d6te yandan \u015fah\u0131slar\u0131n sokak giri\u015finde bekledi\u011fi anlar g\u00fcvenlik kameras\u0131na yans\u0131d\u0131. Kaynak: www.kanalv.com.tr Haber Sitesinden Al\u0131nm\u0131\u015ft\u0131r.\" \/>\n<meta property=\"og:url\" content=\"https:\/\/denizcankizil.tr\/ru\/haberler\/antalya\/harac-istedikleri-isletmeyi-kursun-yagmuruna-tuttular\/\" \/>\n<meta property=\"og:site_name\" content=\"Av. Deniz Can K\u0131z\u0131l\" \/>\n<meta property=\"article:published_time\" content=\"2025-06-11T14:41:41+00:00\" \/>\n<meta property=\"og:image\" content=\"https:\/\/denizcankizil.tr\/wp-content\/uploads\/2025\/06\/6818-01-IInAdQ.jpg\" \/>\n\t<meta property=\"og:image:width\" content=\"1280\" \/>\n\t<meta property=\"og:image:height\" content=\"720\" \/>\n\t<meta property=\"og:image:type\" content=\"image\/jpeg\" \/>\n<meta name=\"author\" content=\"Av. Deniz Can K\u0131z\u0131l\" \/>\n<meta name=\"twitter:card\" content=\"summary_large_image\" \/>\n<meta name=\"twitter:label1\" content=\"\u041d\u0430\u043f\u0438\u0441\u0430\u043d\u043e \u0430\u0432\u0442\u043e\u0440\u043e\u043c\" \/>\n\t<meta name=\"twitter:data1\" content=\"Av. Deniz Can K\u0131z\u0131l\" \/>\n\t<meta name=\"twitter:label2\" content=\"\u041f\u0440\u0438\u043c\u0435\u0440\u043d\u043e\u0435 \u0432\u0440\u0435\u043c\u044f \u0434\u043b\u044f \u0447\u0442\u0435\u043d\u0438\u044f\" \/>\n\t<meta name=\"twitter:data2\" content=\"1 \u043c\u0438\u043d\u0443\u0442\u0430\" \/>\n<script type=\"application\/ld+json\" class=\"yoast-schema-graph\">{\"@context\":\"https:\/\/schema.org\",\"@graph\":[{\"@type\":\"Article\",\"@id\":\"https:\/\/denizcankizil.tr\/ru\/haberler\/antalya\/harac-istedikleri-isletmeyi-kursun-yagmuruna-tuttular\/#article\",\"isPartOf\":{\"@id\":\"https:\/\/denizcankizil.tr\/ru\/haberler\/antalya\/harac-istedikleri-isletmeyi-kursun-yagmuruna-tuttular\/\"},\"author\":{\"name\":\"Av. Deniz Can K\u0131z\u0131l\",\"@id\":\"https:\/\/denizcankizil.tr\/#\/schema\/person\/5dc1b22991bd7ac833867c10afc9b0ff\"},\"headline\":\"Hara\u00e7 istedikleri i\u015fletmeyi kur\u015fun ya\u011fmuruna tuttular\",\"datePublished\":\"2025-06-11T14:41:41+00:00\",\"mainEntityOfPage\":{\"@id\":\"https:\/\/denizcankizil.tr\/ru\/haberler\/antalya\/harac-istedikleri-isletmeyi-kursun-yagmuruna-tuttular\/\"},\"wordCount\":245,\"publisher\":{\"@id\":\"https:\/\/denizcankizil.tr\/#organization\"},\"image\":{\"@id\":\"https:\/\/denizcankizil.tr\/ru\/haberler\/antalya\/harac-istedikleri-isletmeyi-kursun-yagmuruna-tuttular\/#primaryimage\"},\"thumbnailUrl\":\"https:\/\/denizcankizil.tr\/wp-content\/uploads\/2025\/06\/6818-01-IInAdQ.jpg\",\"articleSection\":[\"Antalya\"],\"inLanguage\":\"ru-RU\"},{\"@type\":\"WebPage\",\"@id\":\"https:\/\/denizcankizil.tr\/ru\/haberler\/antalya\/harac-istedikleri-isletmeyi-kursun-yagmuruna-tuttular\/\",\"url\":\"https:\/\/denizcankizil.tr\/ru\/haberler\/antalya\/harac-istedikleri-isletmeyi-kursun-yagmuruna-tuttular\/\",\"name\":\"Hara\u00e7 istedikleri i\u015fletmeyi kur\u015fun ya\u011fmuruna tuttular - Av. Deniz Can K\u0131z\u0131l\",\"isPartOf\":{\"@id\":\"https:\/\/denizcankizil.tr\/#website\"},\"primaryImageOfPage\":{\"@id\":\"https:\/\/denizcankizil.tr\/ru\/haberler\/antalya\/harac-istedikleri-isletmeyi-kursun-yagmuruna-tuttular\/#primaryimage\"},\"image\":{\"@id\":\"https:\/\/denizcankizil.tr\/ru\/haberler\/antalya\/harac-istedikleri-isletmeyi-kursun-yagmuruna-tuttular\/#primaryimage\"},\"thumbnailUrl\":\"https:\/\/denizcankizil.tr\/wp-content\/uploads\/2025\/06\/6818-01-IInAdQ.jpg\",\"datePublished\":\"2025-06-11T14:41:41+00:00\",\"breadcrumb\":{\"@id\":\"https:\/\/denizcankizil.tr\/ru\/haberler\/antalya\/harac-istedikleri-isletmeyi-kursun-yagmuruna-tuttular\/#breadcrumb\"},\"inLanguage\":\"ru-RU\",\"potentialAction\":[{\"@type\":\"ReadAction\",\"target\":[\"https:\/\/denizcankizil.tr\/ru\/haberler\/antalya\/harac-istedikleri-isletmeyi-kursun-yagmuruna-tuttular\/\"]}]},{\"@type\":\"ImageObject\",\"inLanguage\":\"ru-RU\",\"@id\":\"https:\/\/denizcankizil.tr\/ru\/haberler\/antalya\/harac-istedikleri-isletmeyi-kursun-yagmuruna-tuttular\/#primaryimage\",\"url\":\"https:\/\/denizcankizil.tr\/wp-content\/uploads\/2025\/06\/6818-01-IInAdQ.jpg\",\"contentUrl\":\"https:\/\/denizcankizil.tr\/wp-content\/uploads\/2025\/06\/6818-01-IInAdQ.jpg\",\"width\":1280,\"height\":720},{\"@type\":\"BreadcrumbList\",\"@id\":\"https:\/\/denizcankizil.tr\/ru\/haberler\/antalya\/harac-istedikleri-isletmeyi-kursun-yagmuruna-tuttular\/#breadcrumb\",\"itemListElement\":[{\"@type\":\"ListItem\",\"position\":1,\"name\":\"Home\",\"item\":\"https:\/\/denizcankizil.tr\/de\/\"},{\"@type\":\"ListItem\",\"position\":2,\"name\":\"Hara\u00e7 istedikleri i\u015fletmeyi kur\u015fun ya\u011fmuruna tuttular\"}]},{\"@type\":\"WebSite\",\"@id\":\"https:\/\/denizcankizil.tr\/#website\",\"url\":\"https:\/\/denizcankizil.tr\/\",\"name\":\"Av. Deniz Can K\u0131z\u0131l\",\"description\":\"Avukat Deniz Can K\u0131z\u0131l Antalya Barosu\",\"publisher\":{\"@id\":\"https:\/\/denizcankizil.tr\/#organization\"},\"potentialAction\":[{\"@type\":\"SearchAction\",\"target\":{\"@type\":\"EntryPoint\",\"urlTemplate\":\"https:\/\/denizcankizil.tr\/?s={search_term_string}\"},\"query-input\":{\"@type\":\"PropertyValueSpecification\",\"valueRequired\":true,\"valueName\":\"search_term_string\"}}],\"inLanguage\":\"ru-RU\"},{\"@type\":\"Organization\",\"@id\":\"https:\/\/denizcankizil.tr\/#organization\",\"name\":\"Av. Deniz Can K\u0131z\u0131l\",\"url\":\"https:\/\/denizcankizil.tr\/\",\"logo\":{\"@type\":\"ImageObject\",\"inLanguage\":\"ru-RU\",\"@id\":\"https:\/\/denizcankizil.tr\/#\/schema\/logo\/image\/\",\"url\":\"https:\/\/denizcankizil.tr\/wp-content\/uploads\/2024\/10\/siyah-logo-svg.svg\",\"contentUrl\":\"https:\/\/denizcankizil.tr\/wp-content\/uploads\/2024\/10\/siyah-logo-svg.svg\",\"width\":1080,\"height\":1080,\"caption\":\"Av. Deniz Can K\u0131z\u0131l\"},\"image\":{\"@id\":\"https:\/\/denizcankizil.tr\/#\/schema\/logo\/image\/\"}},{\"@type\":\"Person\",\"@id\":\"https:\/\/denizcankizil.tr\/#\/schema\/person\/5dc1b22991bd7ac833867c10afc9b0ff\",\"name\":\"Av. Deniz Can K\u0131z\u0131l\",\"image\":{\"@type\":\"ImageObject\",\"inLanguage\":\"ru-RU\",\"@id\":\"https:\/\/denizcankizil.tr\/#\/schema\/person\/image\/\",\"url\":\"https:\/\/secure.gravatar.com\/avatar\/a0b128fb9855c79efc976d5640eedb31dc35ec297594d6016d2cf7c60e975bb6?s=96&d=mm&r=g\",\"contentUrl\":\"https:\/\/secure.gravatar.com\/avatar\/a0b128fb9855c79efc976d5640eedb31dc35ec297594d6016d2cf7c60e975bb6?s=96&d=mm&r=g\",\"caption\":\"Av. Deniz Can K\u0131z\u0131l\"},\"sameAs\":[\"http:\/\/www.denizcankizil.tr\"],\"url\":\"https:\/\/denizcankizil.tr\/ru\/author\/denizcankizil\/\"}]}<\/script>\n<!-- \/ Yoast SEO Premium plugin. -->","yoast_head_json":{"title":"Hara\u00e7 istedikleri i\u015fletmeyi kur\u015fun ya\u011fmuruna tuttular - Av. Deniz Can K\u0131z\u0131l","robots":{"index":"index","follow":"follow","max-snippet":"max-snippet:-1","max-image-preview":"max-image-preview:large","max-video-preview":"max-video-preview:-1"},"canonical":"https:\/\/denizcankizil.tr\/ru\/haberler\/antalya\/harac-istedikleri-isletmeyi-kursun-yagmuruna-tuttular\/","og_locale":"ru_RU","og_type":"article","og_title":"Hara\u00e7 istedikleri i\u015fletmeyi kur\u015fun ya\u011fmuruna tuttular","og_description":"Olay, saat 13.30 s\u0131ralar\u0131nda Muratpa\u015fa il\u00e7esi \u00dc\u00e7gen Mahallesi Dolapl\u0131dere Caddesi \u00fczerinde bulunan Mehmet \u015e.\u00d6.&#8217;ye ait bir i\u015f yerinde meydana geldi. Edinilen bilgiye g\u00f6re, \u00f6\u011flen saatlerinde i\u015f yerine gelen kimli\u011fi belirsiz 2 \u015fah\u0131s i\u015f yeri sahibi Mehmet \u015e. \u00d6.&#8217;den 3 milyon TL hara\u00e7 istedi. Bir s\u00fcredir i\u015fletmeye gelerek hara\u00e7 istedikleri \u00f6\u011frenilen 2 \u015fah\u0131s Mehmet \u015e.\u00d6.&#8217;den olumsuz yan\u0131t al\u0131nca i\u015f yerinden ayr\u0131ld\u0131. Bir s\u00fcre i\u015f yerinin yak\u0131nlar\u0131nda bekleyen ve uygun bir an\u0131 bekleyen \u015fah\u0131slar yakla\u015f\u0131k 1 saat sonra plakas\u0131z motosikletle tekrar gelerek i\u015f yerine kur\u015fun ya\u011fd\u0131rd\u0131. \u015eah\u0131slar\u0131n yakalanmas\u0131 i\u00e7in \u00e7al\u0131\u015fma ba\u015flat\u0131ld\u0131 Kimli\u011fi belirsiz \u015fah\u0131slar\u0131n silah\u0131ndan \u00e7\u0131kan kur\u015funlar i\u015fyerinin cam\u0131na ve o s\u0131rada yol \u00fczerinde park halinde bulunan S.S.&#8217;ye ait araca isabet etti. Kur\u015funlar \u015fans eseri kimseye isabet etmezken olayda yaralanan olmad\u0131. Olay\u0131n 112 Acil \u00c7a\u011fr\u0131 Merkezi&#8217;ne bildirilmesi \u00fczerine olay yerine \u00e7ok say\u0131da polis ekibi sevk edildi. Olay Yeri \u0130nceleme ve k\u0131s\u0131m ekipleri olay yerinde \u00e7al\u0131\u015fma yaparken, i\u015fyerine ait g\u00fcvenlik kameralar\u0131na inceleyen ekipler kimli\u011fi belirsiz \u015fah\u0131slar\u0131n yakalanmas\u0131 i\u00e7in b\u00f6lgede \u00e7al\u0131\u015fma ba\u015flatt\u0131. \u00d6te yandan \u015fah\u0131slar\u0131n sokak giri\u015finde bekledi\u011fi anlar g\u00fcvenlik kameras\u0131na yans\u0131d\u0131. Kaynak: www.kanalv.com.tr Haber Sitesinden Al\u0131nm\u0131\u015ft\u0131r.","og_url":"https:\/\/denizcankizil.tr\/ru\/haberler\/antalya\/harac-istedikleri-isletmeyi-kursun-yagmuruna-tuttular\/","og_site_name":"Av. Deniz Can K\u0131z\u0131l","article_published_time":"2025-06-11T14:41:41+00:00","og_image":[{"width":1280,"height":720,"url":"https:\/\/denizcankizil.tr\/wp-content\/uploads\/2025\/06\/6818-01-IInAdQ.jpg","type":"image\/jpeg"}],"author":"Av. Deniz Can K\u0131z\u0131l","twitter_card":"summary_large_image","twitter_misc":{"\u041d\u0430\u043f\u0438\u0441\u0430\u043d\u043e \u0430\u0432\u0442\u043e\u0440\u043e\u043c":"Av. Deniz Can K\u0131z\u0131l","\u041f\u0440\u0438\u043c\u0435\u0440\u043d\u043e\u0435 \u0432\u0440\u0435\u043c\u044f \u0434\u043b\u044f \u0447\u0442\u0435\u043d\u0438\u044f":"1 \u043c\u0438\u043d\u0443\u0442\u0430"},"schema":{"@context":"https:\/\/schema.org","@graph":[{"@type":"Article","@id":"https:\/\/denizcankizil.tr\/ru\/haberler\/antalya\/harac-istedikleri-isletmeyi-kursun-yagmuruna-tuttular\/#article","isPartOf":{"@id":"https:\/\/denizcankizil.tr\/ru\/haberler\/antalya\/harac-istedikleri-isletmeyi-kursun-yagmuruna-tuttular\/"},"author":{"name":"Av. Deniz Can K\u0131z\u0131l","@id":"https:\/\/denizcankizil.tr\/#\/schema\/person\/5dc1b22991bd7ac833867c10afc9b0ff"},"headline":"Hara\u00e7 istedikleri i\u015fletmeyi kur\u015fun ya\u011fmuruna tuttular","datePublished":"2025-06-11T14:41:41+00:00","mainEntityOfPage":{"@id":"https:\/\/denizcankizil.tr\/ru\/haberler\/antalya\/harac-istedikleri-isletmeyi-kursun-yagmuruna-tuttular\/"},"wordCount":245,"publisher":{"@id":"https:\/\/denizcankizil.tr\/#organization"},"image":{"@id":"https:\/\/denizcankizil.tr\/ru\/haberler\/antalya\/harac-istedikleri-isletmeyi-kursun-yagmuruna-tuttular\/#primaryimage"},"thumbnailUrl":"https:\/\/denizcankizil.tr\/wp-content\/uploads\/2025\/06\/6818-01-IInAdQ.jpg","articleSection":["Antalya"],"inLanguage":"ru-RU"},{"@type":"WebPage","@id":"https:\/\/denizcankizil.tr\/ru\/haberler\/antalya\/harac-istedikleri-isletmeyi-kursun-yagmuruna-tuttular\/","url":"https:\/\/denizcankizil.tr\/ru\/haberler\/antalya\/harac-istedikleri-isletmeyi-kursun-yagmuruna-tuttular\/","name":"Hara\u00e7 istedikleri i\u015fletmeyi kur\u015fun ya\u011fmuruna tuttular - Av. Deniz Can K\u0131z\u0131l","isPartOf":{"@id":"https:\/\/denizcankizil.tr\/#website"},"primaryImageOfPage":{"@id":"https:\/\/denizcankizil.tr\/ru\/haberler\/antalya\/harac-istedikleri-isletmeyi-kursun-yagmuruna-tuttular\/#primaryimage"},"image":{"@id":"https:\/\/denizcankizil.tr\/ru\/haberler\/antalya\/harac-istedikleri-isletmeyi-kursun-yagmuruna-tuttular\/#primaryimage"},"thumbnailUrl":"https:\/\/denizcankizil.tr\/wp-content\/uploads\/2025\/06\/6818-01-IInAdQ.jpg","datePublished":"2025-06-11T14:41:41+00:00","breadcrumb":{"@id":"https:\/\/denizcankizil.tr\/ru\/haberler\/antalya\/harac-istedikleri-isletmeyi-kursun-yagmuruna-tuttular\/#breadcrumb"},"inLanguage":"ru-RU","potentialAction":[{"@type":"ReadAction","target":["https:\/\/denizcankizil.tr\/ru\/haberler\/antalya\/harac-istedikleri-isletmeyi-kursun-yagmuruna-tuttular\/"]}]},{"@type":"ImageObject","inLanguage":"ru-RU","@id":"https:\/\/denizcankizil.tr\/ru\/haberler\/antalya\/harac-istedikleri-isletmeyi-kursun-yagmuruna-tuttular\/#primaryimage","url":"https:\/\/denizcankizil.tr\/wp-content\/uploads\/2025\/06\/6818-01-IInAdQ.jpg","contentUrl":"https:\/\/denizcankizil.tr\/wp-content\/uploads\/2025\/06\/6818-01-IInAdQ.jpg","width":1280,"height":720},{"@type":"BreadcrumbList","@id":"https:\/\/denizcankizil.tr\/ru\/haberler\/antalya\/harac-istedikleri-isletmeyi-kursun-yagmuruna-tuttular\/#breadcrumb","itemListElement":[{"@type":"ListItem","position":1,"name":"Home","item":"https:\/\/denizcankizil.tr\/de\/"},{"@type":"ListItem","position":2,"name":"Hara\u00e7 istedikleri i\u015fletmeyi kur\u015fun ya\u011fmuruna tuttular"}]},{"@type":"WebSite","@id":"https:\/\/denizcankizil.tr\/#website","url":"https:\/\/denizcankizil.tr\/","name":"Av. Deniz Can K\u0131z\u0131l","description":"Avukat Deniz Can K\u0131z\u0131l Antalya Barosu","publisher":{"@id":"https:\/\/denizcankizil.tr\/#organization"},"potentialAction":[{"@type":"SearchAction","target":{"@type":"EntryPoint","urlTemplate":"https:\/\/denizcankizil.tr\/?s={search_term_string}"},"query-input":{"@type":"PropertyValueSpecification","valueRequired":true,"valueName":"search_term_string"}}],"inLanguage":"ru-RU"},{"@type":"Organization","@id":"https:\/\/denizcankizil.tr\/#organization","name":"Av. Deniz Can K\u0131z\u0131l","url":"https:\/\/denizcankizil.tr\/","logo":{"@type":"ImageObject","inLanguage":"ru-RU","@id":"https:\/\/denizcankizil.tr\/#\/schema\/logo\/image\/","url":"https:\/\/denizcankizil.tr\/wp-content\/uploads\/2024\/10\/siyah-logo-svg.svg","contentUrl":"https:\/\/denizcankizil.tr\/wp-content\/uploads\/2024\/10\/siyah-logo-svg.svg","width":1080,"height":1080,"caption":"Av. Deniz Can K\u0131z\u0131l"},"image":{"@id":"https:\/\/denizcankizil.tr\/#\/schema\/logo\/image\/"}},{"@type":"Person","@id":"https:\/\/denizcankizil.tr\/#\/schema\/person\/5dc1b22991bd7ac833867c10afc9b0ff","name":"Av. Deniz Can K\u0131z\u0131l","image":{"@type":"ImageObject","inLanguage":"ru-RU","@id":"https:\/\/denizcankizil.tr\/#\/schema\/person\/image\/","url":"https:\/\/secure.gravatar.com\/avatar\/a0b128fb9855c79efc976d5640eedb31dc35ec297594d6016d2cf7c60e975bb6?s=96&d=mm&r=g","contentUrl":"https:\/\/secure.gravatar.com\/avatar\/a0b128fb9855c79efc976d5640eedb31dc35ec297594d6016d2cf7c60e975bb6?s=96&d=mm&r=g","caption":"Av. Deniz Can K\u0131z\u0131l"},"sameAs":["http:\/\/www.denizcankizil.tr"],"url":"https:\/\/denizcankizil.tr\/ru\/author\/denizcankizil\/"}]}},"_links":{"self":[{"href":"https:\/\/denizcankizil.tr\/ru\/wp-json\/wp\/v2\/posts\/113671","targetHints":{"allow":["GET"]}}],"collection":[{"href":"https:\/\/denizcankizil.tr\/ru\/wp-json\/wp\/v2\/posts"}],"about":[{"href":"https:\/\/denizcankizil.tr\/ru\/wp-json\/wp\/v2\/types\/post"}],"author":[{"embeddable":true,"href":"https:\/\/denizcankizil.tr\/ru\/wp-json\/wp\/v2\/users\/4"}],"replies":[{"embeddable":true,"href":"https:\/\/denizcankizil.tr\/ru\/wp-json\/wp\/v2\/comments?post=113671"}],"version-history":[{"count":0,"href":"https:\/\/denizcankizil.tr\/ru\/wp-json\/wp\/v2\/posts\/113671\/revisions"}],"wp:featuredmedia":[{"embeddable":true,"href":"https:\/\/denizcankizil.tr\/ru\/wp-json\/wp\/v2\/media\/113672"}],"wp:attachment":[{"href":"https:\/\/denizcankizil.tr\/ru\/wp-json\/wp\/v2\/media?parent=113671"}],"wp:term":[{"taxonomy":"category","embeddable":true,"href":"https:\/\/denizcankizil.tr\/ru\/wp-json\/wp\/v2\/categories?post=113671"},{"taxonomy":"post_tag","embeddable":true,"href":"https:\/\/denizcankizil.tr\/ru\/wp-json\/wp\/v2\/tags?post=113671"}],"curies":[{"name":"wp","href":"https:\/\/api.w.org\/{rel}","templated":true}]}}