{"id":112755,"date":"2025-06-10T19:42:07","date_gmt":"2025-06-10T16:42:07","guid":{"rendered":"https:\/\/denizcankizil.tr\/uncategorized-tr\/baskan-alemdar-derdimiz-ekonomik-hesaplar-degil-insan-hayatidir\/"},"modified":"2025-06-10T19:42:07","modified_gmt":"2025-06-10T16:42:07","slug":"baskan-alemdar-derdimiz-ekonomik-hesaplar-degil-insan-hayatidir","status":"publish","type":"post","link":"https:\/\/denizcankizil.tr\/ru\/haberler\/gundem\/baskan-alemdar-derdimiz-ekonomik-hesaplar-degil-insan-hayatidir\/","title":{"rendered":"Ba\u015fkan Alemdar: \u201cDerdimiz ekonomik hesaplar de\u011fil, insan hayat\u0131d\u0131r\u201d"},"content":{"rendered":"<p>Sakarya B\u00fcy\u00fck\u015fehir Haziran Meclis Toplant\u0131s\u0131\u2019nda Sakarya\u2019n\u0131n gelece\u011fini ilgilendiren \u00f6nemli projeler i\u00e7in Alemdar\u2019a yat\u0131r\u0131m yetkisi verildi.SAKARYA (\u0130GFA) &#8211; Ba\u015fkan Alemdar\u2019\u0131n \u00fczerinde uzun s\u00fcredir \u00e7al\u0131\u015ft\u0131\u011f\u0131 Metrob\u00fcs hatt\u0131na 5 yeni otob\u00fcs al\u0131nmas\u0131, Sapanca G\u00f6l\u00fc kenar\u0131nda kamuoyunun merakla bekledi\u011fi do\u011fal ya\u015fam projesi, Sokak Hayvanlar\u0131 Ya\u015fam Alan\u0131 ve Tarihi Uzun\u00e7ar\u015f\u0131\u2019n\u0131n 3. Etap D\u00f6n\u00fc\u015f\u00fcm Projesi i\u00e7in \u00f6nemli bir a\u015famaya ge\u00e7ildi. Mecliste ayr\u0131ca kentsel d\u00f6n\u00fc\u015f\u00fcmle ilgili, \u201cKira geliri y\u00fcksek alanlarda d\u00f6n\u00fc\u015f\u00fcm do\u011fru de\u011fil\u201d ele\u015ftirisine, Ba\u015fkan Alemdar, \u201cBu \u015fehrin tehlikeli b\u00f6lgesinde d\u00f6n\u00fc\u015f\u00fcm\u00fc yaparken kimin ne kazanaca\u011f\u0131n\u0131, kira getirisini de\u011fil, insan\u0131m\u0131z\u0131n can\u0131n\u0131, hayat\u0131n\u0131 \u00f6nemsiyoruz\u201d dedi.<br \/>\nSakarya B\u00fcy\u00fck\u015fehir Belediyesi Haziran Ay\u0131 Ola\u011fan Meclis Toplant\u0131s\u0131 B\u00fcy\u00fck\u015fehir Meclis Toplant\u0131 Salonu\u2019nda ger\u00e7ekle\u015ferek 64 g\u00fcndem maddesi karara ba\u011fland\u0131.<br \/>\nSAKARYA\u2019NIN GELECE\u011e\u0130 \u0130\u00c7\u0130N 4 \u00d6NEML\u0130 PROJE<br \/>\nMeclis \u00fcyeleri taraf\u0131ndan il\u00e7e belediye meclis kararlar\u0131 ve komisyon raporlar\u0131n\u0131n yan\u0131 s\u0131ra \u015fehrin yar\u0131nlar\u0131 i\u00e7in at\u0131lan yat\u0131r\u0131m kararlar\u0131n\u0131n g\u00f6r\u00fc\u015f\u00fcld\u00fc\u011f\u00fc toplant\u0131ya B\u00fcy\u00fck\u015fehir Belediye Ba\u015fkan\u0131 Yusuf Alemdar ba\u015fkanl\u0131k etti. Meclis kararlar\u0131n\u0131n g\u00f6r\u00fc\u015f\u00fcld\u00fc\u011f\u00fc s\u0131rada ise Serdivan Belediye Ba\u015fkan\u0131 Osman \u00c7elik meclisi y\u00f6netti.<br \/>\nSAPANCA G\u00d6L\u00dc \u00c7EVRES\u0130NE YEPYEN\u0130 YA\u015eAM ALANI<br \/>\nMeclis toplant\u0131s\u0131nda yap\u0131m ihalesi 18 Haziran\u2019da ger\u00e7ekle\u015ftirilecek ve b\u00f6lgeye turizm a\u00e7\u0131s\u0131ndan b\u00fcy\u00fck de\u011fer katacak Sapanca G\u00f6l\u00fc Y\u00fcr\u00fcy\u00fc\u015f ve Bisiklet Yolu Projesi i\u00e7in Ba\u015fkan Alemdar\u2019a, 100 Milyon liral\u0131k kaynak i\u00e7in yetki verildi.<br \/>\nSOKAK HAYVANLARI DO\u011eAL YA\u015eAM ALANI<br \/>\nAyr\u0131ca 87 d\u00f6n\u00fcm alanda in\u015fa edilen Sokak Hayvanlar\u0131 Do\u011fal Ya\u015fam Alan\u0131\u2019n\u0131n yap\u0131m\u0131 tel ve k\u00f6pek kul\u00fcbesi al\u0131m\u0131 i\u00e7in yakla\u015f\u0131k 80 milyon TL\u2019lik kaynak i\u00e7in meclisten yetki al\u0131nd\u0131.<br \/>\nTAR\u0130H\u0130 UZUN\u00c7AR\u015eI D\u00d6N\u00dc\u015e\u00dcM\u00dc<br \/>\nBir ba\u015fka g\u00fcndemde ise Tarihi Uzun\u00e7ar\u015f\u0131\u2019n\u0131n 3.Etap 2.K\u0131s\u0131m d\u00f6n\u00fc\u015f\u00fcm\u00fc i\u00e7in 100 Milyon TL\u2019lik kredi kullan\u0131m\u0131 i\u00e7in meclis \u00fcyelerinden yetki alan Ba\u015fkan Alemdar\u2019a ayr\u0131ca \u015fehir ula\u015f\u0131m\u0131 i\u00e7in \u00f6nemli bir yetki daha verildi.<br \/>\nSAKARYA ULA\u015eIMI \u0130\u00c7\u0130N TAR\u0130H\u0130 D\u00d6N\u00dcM NOKTASI<br \/>\nBa\u015fkan Alemdar, Sakarya\u2019n\u0131n ula\u015f\u0131m\u0131na yeni bir soluk getirecek Metrob\u00fcs Hatt\u0131 i\u00e7in 5 metrob\u00fcs\u00fcn daha filoya kazand\u0131r\u0131lmas\u0131 ad\u0131na 100 Milyon TL\u2019lik yetkiyi meclis \u00fcyelerinin oylar\u0131yla ald\u0131. Bu kararla B\u00fcy\u00fck\u015fehir\u2019in ula\u015f\u0131m filosunda yer alan metrob\u00fcs say\u0131s\u0131 10\u2019a ula\u015fm\u0131\u015f olacak.<br \/>\nBA\u015eKAN ALEMDAR\u2019DAN TI\u011eCILAR YANITI<br \/>\nMeclis toplant\u0131s\u0131nda g\u00fcndem d\u0131\u015f\u0131 s\u00f6z alan CHP Meclis S\u00f6zc\u00fcs\u00fc \u015eaban Koludra, T\u0131\u011fc\u0131lar\u2019da ba\u015flat\u0131lan d\u00f6n\u00fc\u015f\u00fcm \u00e7al\u0131\u015fmalar\u0131yla ilgili \u201c\u015eehrin en de\u011ferli yerinde, kira gelirlerini y\u00fcksek oldu\u011fu noktada d\u00f6n\u00fc\u015f\u00fcm yapmay\u0131 do\u011fru bulmuyoruz\u201d s\u00f6zlerine Ba\u015fkan Alemdar, yan\u0131t verdi.<br \/>\n\u00d6NCEL\u0130K K\u0130RA GEL\u0130R\u0130 DE\u011e\u0130L, \u0130NSAN HAYATI\u2026<br \/>\nG\u00f6reve geldi\u011fi g\u00fcnden itibaren isti\u015fare k\u00fclt\u00fcr\u00fcn\u00fc benimsedikleri ve bu anlay\u0131\u015fla parti ayr\u0131m\u0131 g\u00f6zetmeksizin her t\u00fcrl\u00fc projede birlikte ad\u0131mlar atmay\u0131 \u00f6nemsediklerini vurgulayan Alemdar, kentsel d\u00f6n\u00fc\u015f\u00fcm ad\u0131mlar\u0131n\u0131 Koludra\u2019n\u0131n bahsetti\u011fi gibi ticari d\u00fc\u015f\u00fcnceyle, kira gelirleri hesaplayarak de\u011fil, \u201cOlas\u0131 bir depremde daha fazla insan\u0131 g\u00fcvenli alanda ya\u015fatmay\u0131\u201d esas alarak att\u0131klar\u0131n\u0131 s\u00f6yledi.<br \/>\n\u201c\u00d6NCEL\u0130\u011e\u0130M\u0130Z KAZAN\u00c7 HESAPLAMAK DE\u011e\u0130L, \u0130NSAN HAYATIDIR\u201d<br \/>\nAlemdar, \u201cD\u00f6n\u00fc\u015f\u00fcm konusunda kararl\u0131y\u0131z. Tabi ki \u00c7ukurahmediye, Cumhuriyet, Ya\u011fc\u0131lar\u2019daki d\u00f6n\u00fc\u015f\u00fcm bizim g\u00fcndemimizde ancak T\u0131\u011fc\u0131lar\u2019daki binalar\u0131n y\u00fczde 75\u2019i be\u015f kat ve \u00fczeri. Bu \u015fehrin en hasarl\u0131 yeri oras\u0131. Biz d\u00f6n\u00fc\u015f\u00fcm\u00fc yaparken kimin ne kazanaca\u011f\u0131n\u0131 ne kaybedece\u011fini hesaplam\u0131yoruz, bir deprem olsa ka\u00e7 can\u0131m\u0131z\u0131 kaybederiz onu hesapl\u0131yoruz. Burada s\u00f6z konusu \u015fey cand\u0131r. \u00d6nceli\u011fimiz her zaman insan hayat\u0131d\u0131r. Biz bu \u015fehrin daha sa\u011flam bir gelece\u011fe oturmas\u0131 i\u00e7in ortaya irade koyduk\u201d dedi.<br \/>\nMETROB\u00dcS, SAPANCA G\u00d6L\u00dc, UZUN\u00c7AR\u015eI VE SOKAK HAYVANLARI PROJES\u0130<br \/>\nBa\u015fkan Alemdar al\u0131nan kararlar\u0131 de\u011ferlendirirken, \u201cHaziran ay\u0131 meclis toplant\u0131m\u0131zda al\u0131nan kararlar\u0131n hay\u0131rl\u0131 olmas\u0131n\u0131 diliyorum. \u015eehrimizin daha g\u00fczel yar\u0131nlara ula\u015ft\u0131rmak i\u00e7in \u00e7al\u0131\u015f\u0131yoruz. \u00d6zellikle ula\u015f\u0131m konusunda b\u00fcy\u00fck bir ad\u0131m att\u0131k. Metrob\u00fcs hatt\u0131nda \u00e7al\u0131\u015fmalar\u0131m\u0131z bir yandan h\u0131zla devam ederken bir yandan da filomuza metrob\u00fcsler alarak g\u00fc\u00e7lendiriyoruz. Sapanca G\u00f6l\u00fc kenar\u0131n\u0131n ortak kullan\u0131m alan\u0131 oldu\u011funu her defas\u0131nda hat\u0131rlatt\u0131k. Bu anlamda bakanl\u0131\u011f\u0131m\u0131z \u00f6nc\u00fcl\u00fc\u011f\u00fcnde Sapanca G\u00f6l\u00fc kenar\u0131 Bisiklet ve Y\u00fcr\u00fcy\u00fc\u015f yolu projemiz i\u00e7in yat\u0131r\u0131m karar\u0131 ald\u0131k. Tarihi Uzun\u00e7ar\u015f\u0131 3.Etap 2. K\u0131s\u0131m d\u00f6n\u00fc\u015f\u00fcm\u00fc ve sokak hayvanlar\u0131 i\u00e7in do\u011fal ya\u015fam alan\u0131 in\u015fa etme projelerimiz i\u00e7in meclisten ald\u0131\u011f\u0131m\u0131z yetkiyle s\u00fcre\u00e7 h\u0131zlanacak. Sakarya\u2019m\u0131za hay\u0131rl\u0131 olsun\u201d dedi.<br \/>\nG\u00dcNDEM MADDELER\u0130<br \/>\nMecliste ayr\u0131ca TOK\u0130 ile bin 760 konut yap\u0131m\u0131 konusunda i\u015f birli\u011fi protokol\u00fc yap\u0131lmas\u0131, Camili\u2019de yer alan m\u00fclkiyeti B\u00fcy\u00fck\u015fehir\u2019e ait ba\u011f\u0131ms\u0131z b\u00f6l\u00fcmlerin Sakarya Cumhuriyet Ba\u015fsavc\u0131l\u0131\u011f\u0131\u2019na tahsis edilmesi ve B\u00fcy\u00fck\u015fehir i\u015ftiraki BELPA\u015e\u2019\u0131n sermaye art\u0131r\u0131m\u0131 kararlar\u0131 meclis \u00fcyelerince oylanarak karara ba\u011fland\u0131.<br \/>\n3,4,5 ve 20\u2019nci maddeler oy \u00e7oklu\u011fu ile olmak \u00fczere ilk 23 madde imar ve bay\u0131nd\u0131rl\u0131k komisyonundan geldi\u011fi \u015fekilde kabul edildi. 24\u2019nc\u00fc maddeden 51\u2019nci maddeye kadar olan maddeler imar ve bay\u0131nd\u0131rl\u0131k komisyonuna havale edildi. 52\u2019nci maddeden 61\u2019nci maddeye kadar olan g\u00fcndem maddeleri oy birli\u011fi ile kabul edildi. 55\u2019nci madde hukuk ve ula\u015f\u0131m komisyonuna havale edilirken 62\u2019nci madde ise oy \u00e7oklu\u011fu ile kabul edildi. 63\u2019nc\u00fc madde oy birli\u011fiyle kabul edilirken 64\u2019nc\u00fc madde imar ve bay\u0131nd\u0131rl\u0131k komisyonuna havale edildi.<\/p>\n<p>\u200bSakarya B\u00fcy\u00fck\u015fehir Haziran Meclis Toplant\u0131s\u0131\u2019nda Sakarya\u2019n\u0131n gelece\u011fini ilgilendiren \u00f6nemli projeler i\u00e7in Alemdar\u2019a yat\u0131r\u0131m yetkisi verildi.SAKARYA (\u0130GFA) &#8211; Ba\u015fkan Alemdar\u2019\u0131n \u00fczerinde uzun s\u00fcredir \u00e7al\u0131\u015ft\u0131\u011f\u0131 Metrob\u00fcs hatt\u0131na 5 yeni otob\u00fcs al\u0131nmas\u0131, Sapanca G\u00f6l\u00fc kenar\u0131nda kamuoyunun merakla bekledi\u011fi do\u011fal ya\u015fam projesi, Sokak Hayvanlar\u0131 Ya\u015fam Alan\u0131 ve Tarihi Uzun\u00e7ar\u015f\u0131\u2019n\u0131n 3. Etap D\u00f6n\u00fc\u015f\u00fcm Projesi i\u00e7in \u00f6nemli bir a\u015famaya ge\u00e7ildi. Mecliste ayr\u0131ca kentsel d\u00f6n\u00fc\u015f\u00fcmle ilgili, \u201cKira geliri y\u00fcksek alanlarda d\u00f6n\u00fc\u015f\u00fcm do\u011fru de\u011fil\u201d ele\u015ftirisine, Ba\u015fkan Alemdar, \u201cBu \u015fehrin tehlikeli b\u00f6lgesinde d\u00f6n\u00fc\u015f\u00fcm\u00fc yaparken kimin ne kazanaca\u011f\u0131n\u0131, kira getirisini de\u011fil, insan\u0131m\u0131z\u0131n can\u0131n\u0131, hayat\u0131n\u0131 \u00f6nemsiyoruz\u201d dedi.<br \/>\nSakarya B\u00fcy\u00fck\u015fehir Belediyesi Haziran Ay\u0131 Ola\u011fan Meclis Toplant\u0131s\u0131 B\u00fcy\u00fck\u015fehir Meclis Toplant\u0131 Salonu\u2019nda ger\u00e7ekle\u015ferek 64 g\u00fcndem maddesi karara ba\u011fland\u0131.<br \/>\nSAKARYA\u2019NIN GELECE\u011e\u0130 \u0130\u00c7\u0130N 4 \u00d6NEML\u0130 PROJE<br \/>\nMeclis \u00fcyeleri taraf\u0131ndan il\u00e7e belediye meclis kararlar\u0131 ve komisyon raporlar\u0131n\u0131n yan\u0131 s\u0131ra \u015fehrin yar\u0131nlar\u0131 i\u00e7in at\u0131lan yat\u0131r\u0131m kararlar\u0131n\u0131n g\u00f6r\u00fc\u015f\u00fcld\u00fc\u011f\u00fc toplant\u0131ya B\u00fcy\u00fck\u015fehir Belediye Ba\u015fkan\u0131 Yusuf Alemdar ba\u015fkanl\u0131k etti. Meclis kararlar\u0131n\u0131n g\u00f6r\u00fc\u015f\u00fcld\u00fc\u011f\u00fc s\u0131rada ise Serdivan Belediye Ba\u015fkan\u0131 Osman \u00c7elik meclisi y\u00f6netti.<br \/>\nSAPANCA G\u00d6L\u00dc \u00c7EVRES\u0130NE YEPYEN\u0130 YA\u015eAM ALANI<br \/>\nMeclis toplant\u0131s\u0131nda yap\u0131m ihalesi 18 Haziran\u2019da ger\u00e7ekle\u015ftirilecek ve b\u00f6lgeye turizm a\u00e7\u0131s\u0131ndan b\u00fcy\u00fck de\u011fer katacak Sapanca G\u00f6l\u00fc Y\u00fcr\u00fcy\u00fc\u015f ve Bisiklet Yolu Projesi i\u00e7in Ba\u015fkan Alemdar\u2019a, 100 Milyon liral\u0131k kaynak i\u00e7in yetki verildi.<br \/>\nSOKAK HAYVANLARI DO\u011eAL YA\u015eAM ALANI<br \/>\nAyr\u0131ca 87 d\u00f6n\u00fcm alanda in\u015fa edilen Sokak Hayvanlar\u0131 Do\u011fal Ya\u015fam Alan\u0131\u2019n\u0131n yap\u0131m\u0131 tel ve k\u00f6pek kul\u00fcbesi al\u0131m\u0131 i\u00e7in yakla\u015f\u0131k 80 milyon TL\u2019lik kaynak i\u00e7in meclisten yetki al\u0131nd\u0131.<br \/>\nTAR\u0130H\u0130 UZUN\u00c7AR\u015eI D\u00d6N\u00dc\u015e\u00dcM\u00dc<br \/>\nBir ba\u015fka g\u00fcndemde ise Tarihi Uzun\u00e7ar\u015f\u0131\u2019n\u0131n 3.Etap 2.K\u0131s\u0131m d\u00f6n\u00fc\u015f\u00fcm\u00fc i\u00e7in 100 Milyon TL\u2019lik kredi kullan\u0131m\u0131 i\u00e7in meclis \u00fcyelerinden yetki alan Ba\u015fkan Alemdar\u2019a ayr\u0131ca \u015fehir ula\u015f\u0131m\u0131 i\u00e7in \u00f6nemli bir yetki daha verildi.<br \/>\nSAKARYA ULA\u015eIMI \u0130\u00c7\u0130N TAR\u0130H\u0130 D\u00d6N\u00dcM NOKTASI<br \/>\nBa\u015fkan Alemdar, Sakarya\u2019n\u0131n ula\u015f\u0131m\u0131na yeni bir soluk getirecek Metrob\u00fcs Hatt\u0131 i\u00e7in 5 metrob\u00fcs\u00fcn daha filoya kazand\u0131r\u0131lmas\u0131 ad\u0131na 100 Milyon TL\u2019lik yetkiyi meclis \u00fcyelerinin oylar\u0131yla ald\u0131. Bu kararla B\u00fcy\u00fck\u015fehir\u2019in ula\u015f\u0131m filosunda yer alan metrob\u00fcs say\u0131s\u0131 10\u2019a ula\u015fm\u0131\u015f olacak.<br \/>\nBA\u015eKAN ALEMDAR\u2019DAN TI\u011eCILAR YANITI<br \/>\nMeclis toplant\u0131s\u0131nda g\u00fcndem d\u0131\u015f\u0131 s\u00f6z alan CHP Meclis S\u00f6zc\u00fcs\u00fc \u015eaban Koludra, T\u0131\u011fc\u0131lar\u2019da ba\u015flat\u0131lan d\u00f6n\u00fc\u015f\u00fcm \u00e7al\u0131\u015fmalar\u0131yla ilgili \u201c\u015eehrin en de\u011ferli yerinde, kira gelirlerini y\u00fcksek oldu\u011fu noktada d\u00f6n\u00fc\u015f\u00fcm yapmay\u0131 do\u011fru bulmuyoruz\u201d s\u00f6zlerine Ba\u015fkan Alemdar, yan\u0131t verdi.<br \/>\n\u00d6NCEL\u0130K K\u0130RA GEL\u0130R\u0130 DE\u011e\u0130L, \u0130NSAN HAYATI\u2026<br \/>\nG\u00f6reve geldi\u011fi g\u00fcnden itibaren isti\u015fare k\u00fclt\u00fcr\u00fcn\u00fc benimsedikleri ve bu anlay\u0131\u015fla parti ayr\u0131m\u0131 g\u00f6zetmeksizin her t\u00fcrl\u00fc projede birlikte ad\u0131mlar atmay\u0131 \u00f6nemsediklerini vurgulayan Alemdar, kentsel d\u00f6n\u00fc\u015f\u00fcm ad\u0131mlar\u0131n\u0131 Koludra\u2019n\u0131n bahsetti\u011fi gibi ticari d\u00fc\u015f\u00fcnceyle, kira gelirleri hesaplayarak de\u011fil, \u201cOlas\u0131 bir depremde daha fazla insan\u0131 g\u00fcvenli alanda ya\u015fatmay\u0131\u201d esas alarak att\u0131klar\u0131n\u0131 s\u00f6yledi.<br \/>\n\u201c\u00d6NCEL\u0130\u011e\u0130M\u0130Z KAZAN\u00c7 HESAPLAMAK DE\u011e\u0130L, \u0130NSAN HAYATIDIR\u201d<br \/>\nAlemdar, \u201cD\u00f6n\u00fc\u015f\u00fcm konusunda kararl\u0131y\u0131z. Tabi ki \u00c7ukurahmediye, Cumhuriyet, Ya\u011fc\u0131lar\u2019daki d\u00f6n\u00fc\u015f\u00fcm bizim g\u00fcndemimizde ancak T\u0131\u011fc\u0131lar\u2019daki binalar\u0131n y\u00fczde 75\u2019i be\u015f kat ve \u00fczeri. Bu \u015fehrin en hasarl\u0131 yeri oras\u0131. Biz d\u00f6n\u00fc\u015f\u00fcm\u00fc yaparken kimin ne kazanaca\u011f\u0131n\u0131 ne kaybedece\u011fini hesaplam\u0131yoruz, bir deprem olsa ka\u00e7 can\u0131m\u0131z\u0131 kaybederiz onu hesapl\u0131yoruz. Burada s\u00f6z konusu \u015fey cand\u0131r. \u00d6nceli\u011fimiz her zaman insan hayat\u0131d\u0131r. Biz bu \u015fehrin daha sa\u011flam bir gelece\u011fe oturmas\u0131 i\u00e7in ortaya irade koyduk\u201d dedi.<br \/>\nMETROB\u00dcS, SAPANCA G\u00d6L\u00dc, UZUN\u00c7AR\u015eI VE SOKAK HAYVANLARI PROJES\u0130<br \/>\nBa\u015fkan Alemdar al\u0131nan kararlar\u0131 de\u011ferlendirirken, \u201cHaziran ay\u0131 meclis toplant\u0131m\u0131zda al\u0131nan kararlar\u0131n hay\u0131rl\u0131 olmas\u0131n\u0131 diliyorum. \u015eehrimizin daha g\u00fczel yar\u0131nlara ula\u015ft\u0131rmak i\u00e7in \u00e7al\u0131\u015f\u0131yoruz. \u00d6zellikle ula\u015f\u0131m konusunda b\u00fcy\u00fck bir ad\u0131m att\u0131k. Metrob\u00fcs hatt\u0131nda \u00e7al\u0131\u015fmalar\u0131m\u0131z bir yandan h\u0131zla devam ederken bir yandan da filomuza metrob\u00fcsler alarak g\u00fc\u00e7lendiriyoruz. Sapanca G\u00f6l\u00fc kenar\u0131n\u0131n ortak kullan\u0131m alan\u0131 oldu\u011funu her defas\u0131nda hat\u0131rlatt\u0131k. Bu anlamda bakanl\u0131\u011f\u0131m\u0131z \u00f6nc\u00fcl\u00fc\u011f\u00fcnde Sapanca G\u00f6l\u00fc kenar\u0131 Bisiklet ve Y\u00fcr\u00fcy\u00fc\u015f yolu projemiz i\u00e7in yat\u0131r\u0131m karar\u0131 ald\u0131k. Tarihi Uzun\u00e7ar\u015f\u0131 3.Etap 2. K\u0131s\u0131m d\u00f6n\u00fc\u015f\u00fcm\u00fc ve sokak hayvanlar\u0131 i\u00e7in do\u011fal ya\u015fam alan\u0131 in\u015fa etme projelerimiz i\u00e7in meclisten ald\u0131\u011f\u0131m\u0131z yetkiyle s\u00fcre\u00e7 h\u0131zlanacak. Sakarya\u2019m\u0131za hay\u0131rl\u0131 olsun\u201d dedi.<br \/>\nG\u00dcNDEM MADDELER\u0130<br \/>\nMecliste ayr\u0131ca TOK\u0130 ile bin 760 konut yap\u0131m\u0131 konusunda i\u015f birli\u011fi protokol\u00fc yap\u0131lmas\u0131, Camili\u2019de yer alan m\u00fclkiyeti B\u00fcy\u00fck\u015fehir\u2019e ait ba\u011f\u0131ms\u0131z b\u00f6l\u00fcmlerin Sakarya Cumhuriyet Ba\u015fsavc\u0131l\u0131\u011f\u0131\u2019na tahsis edilmesi ve B\u00fcy\u00fck\u015fehir i\u015ftiraki BELPA\u015e\u2019\u0131n sermaye art\u0131r\u0131m\u0131 kararlar\u0131 meclis \u00fcyelerince oylanarak karara ba\u011fland\u0131.<br \/>\n3,4,5 ve 20\u2019nci maddeler oy \u00e7oklu\u011fu ile olmak \u00fczere ilk 23 madde imar ve bay\u0131nd\u0131rl\u0131k komisyonundan geldi\u011fi \u015fekilde kabul edildi. 24\u2019nc\u00fc maddeden 51\u2019nci maddeye kadar olan maddeler imar ve bay\u0131nd\u0131rl\u0131k komisyonuna havale edildi. 52\u2019nci maddeden 61\u2019nci maddeye kadar olan g\u00fcndem maddeleri oy birli\u011fi ile kabul edildi. 55\u2019nci madde hukuk ve ula\u015f\u0131m komisyonuna havale edilirken 62\u2019nci madde ise oy \u00e7oklu\u011fu ile kabul edildi. 63\u2019nc\u00fc madde oy birli\u011fiyle kabul edilirken 64\u2019nc\u00fc madde imar ve bay\u0131nd\u0131rl\u0131k komisyonuna havale edildi.\u00a0<\/p>\n<p>\u200bHaberin Al\u0131nt\u0131land\u0131\u011f\u0131 Kaynak: www.iskenderun.org<\/p>","protected":false},"excerpt":{"rendered":"<p>Sakarya B\u00fcy\u00fck\u015fehir Haziran Meclis Toplant\u0131s\u0131\u2019nda Sakarya\u2019n\u0131n gelece\u011fini ilgilendiren \u00f6nemli projeler i\u00e7in Alemdar\u2019a yat\u0131r\u0131m yetkisi verildi.SAKARYA (\u0130GFA) &#8211; Ba\u015fkan Alemdar\u2019\u0131n \u00fczerinde uzun s\u00fcredir \u00e7al\u0131\u015ft\u0131\u011f\u0131 Metrob\u00fcs hatt\u0131na 5 yeni otob\u00fcs al\u0131nmas\u0131, Sapanca G\u00f6l\u00fc kenar\u0131nda kamuoyunun merakla bekledi\u011fi do\u011fal ya\u015fam projesi, Sokak Hayvanlar\u0131 Ya\u015fam Alan\u0131 ve Tarihi Uzun\u00e7ar\u015f\u0131\u2019n\u0131n 3. Etap D\u00f6n\u00fc\u015f\u00fcm Projesi i\u00e7in \u00f6nemli bir a\u015famaya ge\u00e7ildi. Mecliste ayr\u0131ca kentsel d\u00f6n\u00fc\u015f\u00fcmle ilgili, \u201cKira geliri y\u00fcksek alanlarda d\u00f6n\u00fc\u015f\u00fcm do\u011fru de\u011fil\u201d ele\u015ftirisine, Ba\u015fkan Alemdar, \u201cBu \u015fehrin tehlikeli b\u00f6lgesinde d\u00f6n\u00fc\u015f\u00fcm\u00fc yaparken kimin ne kazanaca\u011f\u0131n\u0131, kira getirisini de\u011fil, insan\u0131m\u0131z\u0131n can\u0131n\u0131, hayat\u0131n\u0131 \u00f6nemsiyoruz\u201d dedi. Sakarya B\u00fcy\u00fck\u015fehir Belediyesi Haziran Ay\u0131 Ola\u011fan Meclis Toplant\u0131s\u0131 B\u00fcy\u00fck\u015fehir Meclis Toplant\u0131 Salonu\u2019nda ger\u00e7ekle\u015ferek 64 g\u00fcndem maddesi karara ba\u011fland\u0131. SAKARYA\u2019NIN GELECE\u011e\u0130 \u0130\u00c7\u0130N 4 \u00d6NEML\u0130 PROJE Meclis \u00fcyeleri taraf\u0131ndan il\u00e7e belediye meclis kararlar\u0131 ve komisyon raporlar\u0131n\u0131n yan\u0131 s\u0131ra \u015fehrin yar\u0131nlar\u0131 i\u00e7in at\u0131lan yat\u0131r\u0131m kararlar\u0131n\u0131n g\u00f6r\u00fc\u015f\u00fcld\u00fc\u011f\u00fc toplant\u0131ya B\u00fcy\u00fck\u015fehir Belediye Ba\u015fkan\u0131 Yusuf Alemdar ba\u015fkanl\u0131k etti. Meclis kararlar\u0131n\u0131n g\u00f6r\u00fc\u015f\u00fcld\u00fc\u011f\u00fc s\u0131rada ise Serdivan Belediye Ba\u015fkan\u0131 Osman \u00c7elik meclisi y\u00f6netti. SAPANCA G\u00d6L\u00dc \u00c7EVRES\u0130NE YEPYEN\u0130 YA\u015eAM ALANI Meclis toplant\u0131s\u0131nda yap\u0131m ihalesi 18 Haziran\u2019da ger\u00e7ekle\u015ftirilecek ve b\u00f6lgeye turizm a\u00e7\u0131s\u0131ndan b\u00fcy\u00fck de\u011fer katacak Sapanca G\u00f6l\u00fc Y\u00fcr\u00fcy\u00fc\u015f ve Bisiklet Yolu Projesi i\u00e7in Ba\u015fkan Alemdar\u2019a, 100 Milyon liral\u0131k kaynak i\u00e7in yetki verildi. SOKAK HAYVANLARI DO\u011eAL YA\u015eAM ALANI Ayr\u0131ca 87 d\u00f6n\u00fcm alanda in\u015fa edilen Sokak Hayvanlar\u0131 Do\u011fal &hellip;<\/p>","protected":false},"author":1,"featured_media":0,"comment_status":"","ping_status":"open","sticky":false,"template":"","format":"standard","meta":{"_acf_changed":false,"footnotes":""},"categories":[24],"tags":[],"class_list":["post-112755","post","type-post","status-publish","format-standard","has-post-thumbnail","hentry","category-gundem"],"acf":[],"yoast_head":"<!-- This site is optimized with the Yoast SEO Premium plugin v26.6 (Yoast SEO v27.1.1) - https:\/\/yoast.com\/product\/yoast-seo-premium-wordpress\/ -->\n<title>Ba\u015fkan Alemdar: \u201cDerdimiz ekonomik hesaplar de\u011fil, insan hayat\u0131d\u0131r\u201d - Av. Deniz Can K\u0131z\u0131l<\/title>\n<meta name=\"robots\" content=\"index, follow, max-snippet:-1, max-image-preview:large, max-video-preview:-1\" \/>\n<link rel=\"canonical\" href=\"https:\/\/denizcankizil.tr\/ru\/haberler\/gundem\/baskan-alemdar-derdimiz-ekonomik-hesaplar-degil-insan-hayatidir\/\" \/>\n<meta property=\"og:locale\" content=\"ru_RU\" \/>\n<meta property=\"og:type\" content=\"article\" \/>\n<meta property=\"og:title\" content=\"Ba\u015fkan Alemdar: \u201cDerdimiz ekonomik hesaplar de\u011fil, insan hayat\u0131d\u0131r\u201d\" \/>\n<meta property=\"og:description\" content=\"Sakarya B\u00fcy\u00fck\u015fehir Haziran Meclis Toplant\u0131s\u0131\u2019nda Sakarya\u2019n\u0131n gelece\u011fini ilgilendiren \u00f6nemli projeler i\u00e7in Alemdar\u2019a yat\u0131r\u0131m yetkisi verildi.SAKARYA (\u0130GFA) &#8211; Ba\u015fkan Alemdar\u2019\u0131n \u00fczerinde uzun s\u00fcredir \u00e7al\u0131\u015ft\u0131\u011f\u0131 Metrob\u00fcs hatt\u0131na 5 yeni otob\u00fcs al\u0131nmas\u0131, Sapanca G\u00f6l\u00fc kenar\u0131nda kamuoyunun merakla bekledi\u011fi do\u011fal ya\u015fam projesi, Sokak Hayvanlar\u0131 Ya\u015fam Alan\u0131 ve Tarihi Uzun\u00e7ar\u015f\u0131\u2019n\u0131n 3. Etap D\u00f6n\u00fc\u015f\u00fcm Projesi i\u00e7in \u00f6nemli bir a\u015famaya ge\u00e7ildi. Mecliste ayr\u0131ca kentsel d\u00f6n\u00fc\u015f\u00fcmle ilgili, \u201cKira geliri y\u00fcksek alanlarda d\u00f6n\u00fc\u015f\u00fcm do\u011fru de\u011fil\u201d ele\u015ftirisine, Ba\u015fkan Alemdar, \u201cBu \u015fehrin tehlikeli b\u00f6lgesinde d\u00f6n\u00fc\u015f\u00fcm\u00fc yaparken kimin ne kazanaca\u011f\u0131n\u0131, kira getirisini de\u011fil, insan\u0131m\u0131z\u0131n can\u0131n\u0131, hayat\u0131n\u0131 \u00f6nemsiyoruz\u201d dedi. Sakarya B\u00fcy\u00fck\u015fehir Belediyesi Haziran Ay\u0131 Ola\u011fan Meclis Toplant\u0131s\u0131 B\u00fcy\u00fck\u015fehir Meclis Toplant\u0131 Salonu\u2019nda ger\u00e7ekle\u015ferek 64 g\u00fcndem maddesi karara ba\u011fland\u0131. SAKARYA\u2019NIN GELECE\u011e\u0130 \u0130\u00c7\u0130N 4 \u00d6NEML\u0130 PROJE Meclis \u00fcyeleri taraf\u0131ndan il\u00e7e belediye meclis kararlar\u0131 ve komisyon raporlar\u0131n\u0131n yan\u0131 s\u0131ra \u015fehrin yar\u0131nlar\u0131 i\u00e7in at\u0131lan yat\u0131r\u0131m kararlar\u0131n\u0131n g\u00f6r\u00fc\u015f\u00fcld\u00fc\u011f\u00fc toplant\u0131ya B\u00fcy\u00fck\u015fehir Belediye Ba\u015fkan\u0131 Yusuf Alemdar ba\u015fkanl\u0131k etti. Meclis kararlar\u0131n\u0131n g\u00f6r\u00fc\u015f\u00fcld\u00fc\u011f\u00fc s\u0131rada ise Serdivan Belediye Ba\u015fkan\u0131 Osman \u00c7elik meclisi y\u00f6netti. SAPANCA G\u00d6L\u00dc \u00c7EVRES\u0130NE YEPYEN\u0130 YA\u015eAM ALANI Meclis toplant\u0131s\u0131nda yap\u0131m ihalesi 18 Haziran\u2019da ger\u00e7ekle\u015ftirilecek ve b\u00f6lgeye turizm a\u00e7\u0131s\u0131ndan b\u00fcy\u00fck de\u011fer katacak Sapanca G\u00f6l\u00fc Y\u00fcr\u00fcy\u00fc\u015f ve Bisiklet Yolu Projesi i\u00e7in Ba\u015fkan Alemdar\u2019a, 100 Milyon liral\u0131k kaynak i\u00e7in yetki verildi. SOKAK HAYVANLARI DO\u011eAL YA\u015eAM ALANI Ayr\u0131ca 87 d\u00f6n\u00fcm alanda in\u015fa edilen Sokak Hayvanlar\u0131 Do\u011fal &hellip;\" \/>\n<meta property=\"og:url\" content=\"https:\/\/denizcankizil.tr\/ru\/haberler\/gundem\/baskan-alemdar-derdimiz-ekonomik-hesaplar-degil-insan-hayatidir\/\" \/>\n<meta property=\"og:site_name\" content=\"Av. Deniz Can K\u0131z\u0131l\" \/>\n<meta property=\"article:published_time\" content=\"2025-06-10T16:42:07+00:00\" \/>\n<meta name=\"author\" content=\"admin\" \/>\n<meta name=\"twitter:card\" content=\"summary_large_image\" \/>\n<meta name=\"twitter:label1\" content=\"\u041d\u0430\u043f\u0438\u0441\u0430\u043d\u043e \u0430\u0432\u0442\u043e\u0440\u043e\u043c\" \/>\n\t<meta name=\"twitter:data1\" content=\"admin\" \/>\n\t<meta name=\"twitter:label2\" content=\"\u041f\u0440\u0438\u043c\u0435\u0440\u043d\u043e\u0435 \u0432\u0440\u0435\u043c\u044f \u0434\u043b\u044f \u0447\u0442\u0435\u043d\u0438\u044f\" \/>\n\t<meta name=\"twitter:data2\" content=\"11 \u043c\u0438\u043d\u0443\u0442\" \/>\n<script type=\"application\/ld+json\" class=\"yoast-schema-graph\">{\"@context\":\"https:\/\/schema.org\",\"@graph\":[{\"@type\":\"Article\",\"@id\":\"https:\/\/denizcankizil.tr\/ru\/haberler\/gundem\/baskan-alemdar-derdimiz-ekonomik-hesaplar-degil-insan-hayatidir\/#article\",\"isPartOf\":{\"@id\":\"https:\/\/denizcankizil.tr\/ru\/haberler\/gundem\/baskan-alemdar-derdimiz-ekonomik-hesaplar-degil-insan-hayatidir\/\"},\"author\":{\"name\":\"admin\",\"@id\":\"https:\/\/denizcankizil.tr\/de\/#\/schema\/person\/be3c05fe6a12686905512445d8185489\"},\"headline\":\"Ba\u015fkan Alemdar: \u201cDerdimiz ekonomik hesaplar de\u011fil, insan hayat\u0131d\u0131r\u201d\",\"datePublished\":\"2025-06-10T16:42:07+00:00\",\"mainEntityOfPage\":{\"@id\":\"https:\/\/denizcankizil.tr\/ru\/haberler\/gundem\/baskan-alemdar-derdimiz-ekonomik-hesaplar-degil-insan-hayatidir\/\"},\"wordCount\":2124,\"publisher\":{\"@id\":\"https:\/\/denizcankizil.tr\/de\/#organization\"},\"articleSection\":[\"G\u00fcndem\"],\"inLanguage\":\"ru-RU\"},{\"@type\":\"WebPage\",\"@id\":\"https:\/\/denizcankizil.tr\/ru\/haberler\/gundem\/baskan-alemdar-derdimiz-ekonomik-hesaplar-degil-insan-hayatidir\/\",\"url\":\"https:\/\/denizcankizil.tr\/ru\/haberler\/gundem\/baskan-alemdar-derdimiz-ekonomik-hesaplar-degil-insan-hayatidir\/\",\"name\":\"Ba\u015fkan Alemdar: \u201cDerdimiz ekonomik hesaplar de\u011fil, insan hayat\u0131d\u0131r\u201d - Av. Deniz Can K\u0131z\u0131l\",\"isPartOf\":{\"@id\":\"https:\/\/denizcankizil.tr\/de\/#website\"},\"datePublished\":\"2025-06-10T16:42:07+00:00\",\"breadcrumb\":{\"@id\":\"https:\/\/denizcankizil.tr\/ru\/haberler\/gundem\/baskan-alemdar-derdimiz-ekonomik-hesaplar-degil-insan-hayatidir\/#breadcrumb\"},\"inLanguage\":\"ru-RU\",\"potentialAction\":[{\"@type\":\"ReadAction\",\"target\":[\"https:\/\/denizcankizil.tr\/ru\/haberler\/gundem\/baskan-alemdar-derdimiz-ekonomik-hesaplar-degil-insan-hayatidir\/\"]}]},{\"@type\":\"BreadcrumbList\",\"@id\":\"https:\/\/denizcankizil.tr\/ru\/haberler\/gundem\/baskan-alemdar-derdimiz-ekonomik-hesaplar-degil-insan-hayatidir\/#breadcrumb\",\"itemListElement\":[{\"@type\":\"ListItem\",\"position\":1,\"name\":\"Home\",\"item\":\"https:\/\/denizcankizil.tr\/de\/\"},{\"@type\":\"ListItem\",\"position\":2,\"name\":\"Ba\u015fkan Alemdar: \u201cDerdimiz ekonomik hesaplar de\u011fil, insan hayat\u0131d\u0131r\u201d\"}]},{\"@type\":\"WebSite\",\"@id\":\"https:\/\/denizcankizil.tr\/de\/#website\",\"url\":\"https:\/\/denizcankizil.tr\/de\/\",\"name\":\"Av. Deniz Can K\u0131z\u0131l\",\"description\":\"Avukat Deniz Can K\u0131z\u0131l Antalya Barosu\",\"publisher\":{\"@id\":\"https:\/\/denizcankizil.tr\/de\/#organization\"},\"potentialAction\":[{\"@type\":\"SearchAction\",\"target\":{\"@type\":\"EntryPoint\",\"urlTemplate\":\"https:\/\/denizcankizil.tr\/de\/?s={search_term_string}\"},\"query-input\":{\"@type\":\"PropertyValueSpecification\",\"valueRequired\":true,\"valueName\":\"search_term_string\"}}],\"inLanguage\":\"ru-RU\"},{\"@type\":\"Organization\",\"@id\":\"https:\/\/denizcankizil.tr\/de\/#organization\",\"name\":\"Av. Deniz Can K\u0131z\u0131l\",\"url\":\"https:\/\/denizcankizil.tr\/de\/\",\"logo\":{\"@type\":\"ImageObject\",\"inLanguage\":\"ru-RU\",\"@id\":\"https:\/\/denizcankizil.tr\/de\/#\/schema\/logo\/image\/\",\"url\":\"https:\/\/denizcankizil.tr\/wp-content\/uploads\/2024\/10\/siyah-logo-svg.svg\",\"contentUrl\":\"https:\/\/denizcankizil.tr\/wp-content\/uploads\/2024\/10\/siyah-logo-svg.svg\",\"width\":1080,\"height\":1080,\"caption\":\"Av. Deniz Can K\u0131z\u0131l\"},\"image\":{\"@id\":\"https:\/\/denizcankizil.tr\/de\/#\/schema\/logo\/image\/\"}},{\"@type\":\"Person\",\"@id\":\"https:\/\/denizcankizil.tr\/de\/#\/schema\/person\/be3c05fe6a12686905512445d8185489\",\"name\":\"admin\",\"image\":{\"@type\":\"ImageObject\",\"inLanguage\":\"ru-RU\",\"@id\":\"https:\/\/denizcankizil.tr\/de\/#\/schema\/person\/image\/\",\"url\":\"https:\/\/secure.gravatar.com\/avatar\/c1fce94c830dc79107e174f890d7210541c4a63e8e5d816341794a2151c9d58c?s=96&d=mm&r=g\",\"contentUrl\":\"https:\/\/secure.gravatar.com\/avatar\/c1fce94c830dc79107e174f890d7210541c4a63e8e5d816341794a2151c9d58c?s=96&d=mm&r=g\",\"caption\":\"admin\"},\"sameAs\":[\"http:\/\/denizcankizil.tr\"],\"url\":\"https:\/\/www.iskenderun.org\/baskan-alemdar-derdimiz-ekonomik-hesaplar-degil-insan-hayatidir\"}]}<\/script>\n<!-- \/ Yoast SEO Premium plugin. -->","yoast_head_json":{"title":"Ba\u015fkan Alemdar: \u201cDerdimiz ekonomik hesaplar de\u011fil, insan hayat\u0131d\u0131r\u201d - Av. Deniz Can K\u0131z\u0131l","robots":{"index":"index","follow":"follow","max-snippet":"max-snippet:-1","max-image-preview":"max-image-preview:large","max-video-preview":"max-video-preview:-1"},"canonical":"https:\/\/denizcankizil.tr\/ru\/haberler\/gundem\/baskan-alemdar-derdimiz-ekonomik-hesaplar-degil-insan-hayatidir\/","og_locale":"ru_RU","og_type":"article","og_title":"Ba\u015fkan Alemdar: \u201cDerdimiz ekonomik hesaplar de\u011fil, insan hayat\u0131d\u0131r\u201d","og_description":"Sakarya B\u00fcy\u00fck\u015fehir Haziran Meclis Toplant\u0131s\u0131\u2019nda Sakarya\u2019n\u0131n gelece\u011fini ilgilendiren \u00f6nemli projeler i\u00e7in Alemdar\u2019a yat\u0131r\u0131m yetkisi verildi.SAKARYA (\u0130GFA) &#8211; Ba\u015fkan Alemdar\u2019\u0131n \u00fczerinde uzun s\u00fcredir \u00e7al\u0131\u015ft\u0131\u011f\u0131 Metrob\u00fcs hatt\u0131na 5 yeni otob\u00fcs al\u0131nmas\u0131, Sapanca G\u00f6l\u00fc kenar\u0131nda kamuoyunun merakla bekledi\u011fi do\u011fal ya\u015fam projesi, Sokak Hayvanlar\u0131 Ya\u015fam Alan\u0131 ve Tarihi Uzun\u00e7ar\u015f\u0131\u2019n\u0131n 3. Etap D\u00f6n\u00fc\u015f\u00fcm Projesi i\u00e7in \u00f6nemli bir a\u015famaya ge\u00e7ildi. Mecliste ayr\u0131ca kentsel d\u00f6n\u00fc\u015f\u00fcmle ilgili, \u201cKira geliri y\u00fcksek alanlarda d\u00f6n\u00fc\u015f\u00fcm do\u011fru de\u011fil\u201d ele\u015ftirisine, Ba\u015fkan Alemdar, \u201cBu \u015fehrin tehlikeli b\u00f6lgesinde d\u00f6n\u00fc\u015f\u00fcm\u00fc yaparken kimin ne kazanaca\u011f\u0131n\u0131, kira getirisini de\u011fil, insan\u0131m\u0131z\u0131n can\u0131n\u0131, hayat\u0131n\u0131 \u00f6nemsiyoruz\u201d dedi. Sakarya B\u00fcy\u00fck\u015fehir Belediyesi Haziran Ay\u0131 Ola\u011fan Meclis Toplant\u0131s\u0131 B\u00fcy\u00fck\u015fehir Meclis Toplant\u0131 Salonu\u2019nda ger\u00e7ekle\u015ferek 64 g\u00fcndem maddesi karara ba\u011fland\u0131. SAKARYA\u2019NIN GELECE\u011e\u0130 \u0130\u00c7\u0130N 4 \u00d6NEML\u0130 PROJE Meclis \u00fcyeleri taraf\u0131ndan il\u00e7e belediye meclis kararlar\u0131 ve komisyon raporlar\u0131n\u0131n yan\u0131 s\u0131ra \u015fehrin yar\u0131nlar\u0131 i\u00e7in at\u0131lan yat\u0131r\u0131m kararlar\u0131n\u0131n g\u00f6r\u00fc\u015f\u00fcld\u00fc\u011f\u00fc toplant\u0131ya B\u00fcy\u00fck\u015fehir Belediye Ba\u015fkan\u0131 Yusuf Alemdar ba\u015fkanl\u0131k etti. Meclis kararlar\u0131n\u0131n g\u00f6r\u00fc\u015f\u00fcld\u00fc\u011f\u00fc s\u0131rada ise Serdivan Belediye Ba\u015fkan\u0131 Osman \u00c7elik meclisi y\u00f6netti. SAPANCA G\u00d6L\u00dc \u00c7EVRES\u0130NE YEPYEN\u0130 YA\u015eAM ALANI Meclis toplant\u0131s\u0131nda yap\u0131m ihalesi 18 Haziran\u2019da ger\u00e7ekle\u015ftirilecek ve b\u00f6lgeye turizm a\u00e7\u0131s\u0131ndan b\u00fcy\u00fck de\u011fer katacak Sapanca G\u00f6l\u00fc Y\u00fcr\u00fcy\u00fc\u015f ve Bisiklet Yolu Projesi i\u00e7in Ba\u015fkan Alemdar\u2019a, 100 Milyon liral\u0131k kaynak i\u00e7in yetki verildi. SOKAK HAYVANLARI DO\u011eAL YA\u015eAM ALANI Ayr\u0131ca 87 d\u00f6n\u00fcm alanda in\u015fa edilen Sokak Hayvanlar\u0131 Do\u011fal &hellip;","og_url":"https:\/\/denizcankizil.tr\/ru\/haberler\/gundem\/baskan-alemdar-derdimiz-ekonomik-hesaplar-degil-insan-hayatidir\/","og_site_name":"Av. Deniz Can K\u0131z\u0131l","article_published_time":"2025-06-10T16:42:07+00:00","author":"admin","twitter_card":"summary_large_image","twitter_misc":{"\u041d\u0430\u043f\u0438\u0441\u0430\u043d\u043e \u0430\u0432\u0442\u043e\u0440\u043e\u043c":"admin","\u041f\u0440\u0438\u043c\u0435\u0440\u043d\u043e\u0435 \u0432\u0440\u0435\u043c\u044f \u0434\u043b\u044f \u0447\u0442\u0435\u043d\u0438\u044f":"11 \u043c\u0438\u043d\u0443\u0442"},"schema":{"@context":"https:\/\/schema.org","@graph":[{"@type":"Article","@id":"https:\/\/denizcankizil.tr\/ru\/haberler\/gundem\/baskan-alemdar-derdimiz-ekonomik-hesaplar-degil-insan-hayatidir\/#article","isPartOf":{"@id":"https:\/\/denizcankizil.tr\/ru\/haberler\/gundem\/baskan-alemdar-derdimiz-ekonomik-hesaplar-degil-insan-hayatidir\/"},"author":{"name":"admin","@id":"https:\/\/denizcankizil.tr\/de\/#\/schema\/person\/be3c05fe6a12686905512445d8185489"},"headline":"Ba\u015fkan Alemdar: \u201cDerdimiz ekonomik hesaplar de\u011fil, insan hayat\u0131d\u0131r\u201d","datePublished":"2025-06-10T16:42:07+00:00","mainEntityOfPage":{"@id":"https:\/\/denizcankizil.tr\/ru\/haberler\/gundem\/baskan-alemdar-derdimiz-ekonomik-hesaplar-degil-insan-hayatidir\/"},"wordCount":2124,"publisher":{"@id":"https:\/\/denizcankizil.tr\/de\/#organization"},"articleSection":["G\u00fcndem"],"inLanguage":"ru-RU"},{"@type":"WebPage","@id":"https:\/\/denizcankizil.tr\/ru\/haberler\/gundem\/baskan-alemdar-derdimiz-ekonomik-hesaplar-degil-insan-hayatidir\/","url":"https:\/\/denizcankizil.tr\/ru\/haberler\/gundem\/baskan-alemdar-derdimiz-ekonomik-hesaplar-degil-insan-hayatidir\/","name":"Ba\u015fkan Alemdar: \u201cDerdimiz ekonomik hesaplar de\u011fil, insan hayat\u0131d\u0131r\u201d - Av. Deniz Can K\u0131z\u0131l","isPartOf":{"@id":"https:\/\/denizcankizil.tr\/de\/#website"},"datePublished":"2025-06-10T16:42:07+00:00","breadcrumb":{"@id":"https:\/\/denizcankizil.tr\/ru\/haberler\/gundem\/baskan-alemdar-derdimiz-ekonomik-hesaplar-degil-insan-hayatidir\/#breadcrumb"},"inLanguage":"ru-RU","potentialAction":[{"@type":"ReadAction","target":["https:\/\/denizcankizil.tr\/ru\/haberler\/gundem\/baskan-alemdar-derdimiz-ekonomik-hesaplar-degil-insan-hayatidir\/"]}]},{"@type":"BreadcrumbList","@id":"https:\/\/denizcankizil.tr\/ru\/haberler\/gundem\/baskan-alemdar-derdimiz-ekonomik-hesaplar-degil-insan-hayatidir\/#breadcrumb","itemListElement":[{"@type":"ListItem","position":1,"name":"Home","item":"https:\/\/denizcankizil.tr\/de\/"},{"@type":"ListItem","position":2,"name":"Ba\u015fkan Alemdar: \u201cDerdimiz ekonomik hesaplar de\u011fil, insan hayat\u0131d\u0131r\u201d"}]},{"@type":"WebSite","@id":"https:\/\/denizcankizil.tr\/de\/#website","url":"https:\/\/denizcankizil.tr\/de\/","name":"Av. Deniz Can K\u0131z\u0131l","description":"Avukat Deniz Can K\u0131z\u0131l Antalya Barosu","publisher":{"@id":"https:\/\/denizcankizil.tr\/de\/#organization"},"potentialAction":[{"@type":"SearchAction","target":{"@type":"EntryPoint","urlTemplate":"https:\/\/denizcankizil.tr\/de\/?s={search_term_string}"},"query-input":{"@type":"PropertyValueSpecification","valueRequired":true,"valueName":"search_term_string"}}],"inLanguage":"ru-RU"},{"@type":"Organization","@id":"https:\/\/denizcankizil.tr\/de\/#organization","name":"Av. Deniz Can K\u0131z\u0131l","url":"https:\/\/denizcankizil.tr\/de\/","logo":{"@type":"ImageObject","inLanguage":"ru-RU","@id":"https:\/\/denizcankizil.tr\/de\/#\/schema\/logo\/image\/","url":"https:\/\/denizcankizil.tr\/wp-content\/uploads\/2024\/10\/siyah-logo-svg.svg","contentUrl":"https:\/\/denizcankizil.tr\/wp-content\/uploads\/2024\/10\/siyah-logo-svg.svg","width":1080,"height":1080,"caption":"Av. Deniz Can K\u0131z\u0131l"},"image":{"@id":"https:\/\/denizcankizil.tr\/de\/#\/schema\/logo\/image\/"}},{"@type":"Person","@id":"https:\/\/denizcankizil.tr\/de\/#\/schema\/person\/be3c05fe6a12686905512445d8185489","name":"\u0430\u0434\u043c\u0438\u043d","image":{"@type":"ImageObject","inLanguage":"ru-RU","@id":"https:\/\/denizcankizil.tr\/de\/#\/schema\/person\/image\/","url":"https:\/\/secure.gravatar.com\/avatar\/c1fce94c830dc79107e174f890d7210541c4a63e8e5d816341794a2151c9d58c?s=96&d=mm&r=g","contentUrl":"https:\/\/secure.gravatar.com\/avatar\/c1fce94c830dc79107e174f890d7210541c4a63e8e5d816341794a2151c9d58c?s=96&d=mm&r=g","caption":"admin"},"sameAs":["http:\/\/denizcankizil.tr"],"url":"https:\/\/www.iskenderun.org\/baskan-alemdar-derdimiz-ekonomik-hesaplar-degil-insan-hayatidir"}]}},"_links":{"self":[{"href":"https:\/\/denizcankizil.tr\/ru\/wp-json\/wp\/v2\/posts\/112755","targetHints":{"allow":["GET"]}}],"collection":[{"href":"https:\/\/denizcankizil.tr\/ru\/wp-json\/wp\/v2\/posts"}],"about":[{"href":"https:\/\/denizcankizil.tr\/ru\/wp-json\/wp\/v2\/types\/post"}],"author":[{"embeddable":true,"href":"https:\/\/denizcankizil.tr\/ru\/wp-json\/wp\/v2\/users\/1"}],"replies":[{"embeddable":true,"href":"https:\/\/denizcankizil.tr\/ru\/wp-json\/wp\/v2\/comments?post=112755"}],"version-history":[{"count":0,"href":"https:\/\/denizcankizil.tr\/ru\/wp-json\/wp\/v2\/posts\/112755\/revisions"}],"wp:attachment":[{"href":"https:\/\/denizcankizil.tr\/ru\/wp-json\/wp\/v2\/media?parent=112755"}],"wp:term":[{"taxonomy":"category","embeddable":true,"href":"https:\/\/denizcankizil.tr\/ru\/wp-json\/wp\/v2\/categories?post=112755"},{"taxonomy":"post_tag","embeddable":true,"href":"https:\/\/denizcankizil.tr\/ru\/wp-json\/wp\/v2\/tags?post=112755"}],"curies":[{"name":"wp","href":"https:\/\/api.w.org\/{rel}","templated":true}]}}