{"id":112641,"date":"2025-06-10T17:42:17","date_gmt":"2025-06-10T14:42:17","guid":{"rendered":"https:\/\/denizcankizil.tr\/uncategorized-tr\/ferdi-zeyrekin-eserleri-oksuz-kaldi-adi-hayata-gecirdigi-projeleri-ile-anilacak\/"},"modified":"2025-06-10T17:42:17","modified_gmt":"2025-06-10T14:42:17","slug":"ferdi-zeyrekin-eserleri-oksuz-kaldi-adi-hayata-gecirdigi-projeleri-ile-anilacak","status":"publish","type":"post","link":"https:\/\/denizcankizil.tr\/ru\/haberler\/gundem\/ferdi-zeyrekin-eserleri-oksuz-kaldi-adi-hayata-gecirdigi-projeleri-ile-anilacak\/","title":{"rendered":"Ferdi Zeyrek&#8217;in eserleri \u00f6ks\u00fcz kald\u0131! Ad\u0131 hayata ge\u00e7irdi\u011fi projeleri ile an\u0131lacak"},"content":{"rendered":"<p>Manisa B\u00fcy\u00fck\u015fehir Belediye Ba\u015fkan\u0131 Ferdi Zeyrek\u2019in 6 Haziran 2025 g\u00fcn\u00fcnde gece saatlerinde evinin bah\u00e7esindeki havuzun makine dairesinde elektrik ak\u0131m\u0131na kap\u0131larak a\u011f\u0131r yaralanmas\u0131 ve ard\u0131ndan hemen hastaneye kald\u0131r\u0131lmas\u0131 b\u00fct\u00fcn T\u00fcrkiye\u2019de \u015fok etkisi yaratt\u0131. Manisa Celal Bayar \u00dcniversitesi Hafsa Sultan Hastanesi&#8217;nde 3 g\u00fcn boyunca tedavi g\u00f6ren Zeyrek\u2019ten k\u00f6t\u00fc haber d\u00fcn ak\u015fam saatlerine do\u011fru geldi.<\/p>\n<p>FERD\u0130 ZEYREK HAYATINI KAYBETT\u0130 <\/p>\n<p>Yo\u011fun bak\u0131mda 3 g\u00fcn boyunca ya\u015fama sava\u015f\u0131 veren Ferdi Zeyrek, d\u00fcn ak\u015fam saatlerinde hayat\u0131n\u0131 kaybetti. Zeyrek bu ani \u00f6l\u00fcm\u00fc b\u00fct\u00fcn T\u00fcrkiye\u2019de b\u00fcy\u00fck yank\u0131 uyand\u0131rd\u0131 ve parti fark etmeksizin pek \u00e7ok siyasi isim Ferdi Zeyrek i\u00e7in taziye mesaj\u0131 yay\u0131nlad\u0131. 10 Haziran 2025 Sal\u0131 g\u00fcn\u00fc (bug\u00fcn) yap\u0131lan cenaze t\u00f6renin ard\u0131ndan Zeyrek g\u00f6zya\u015flar\u0131 i\u00e7inde son yolculu\u011funa u\u011furland\u0131. CHP Genel Ba\u015fkan\u0131 \u00d6zg\u00fcr \u00d6zel ise Ferdi Zeyrek\u2019in cenazesinin bir an olsun yan\u0131nda ayr\u0131lmazken her a\u00e7\u0131klama yap\u0131\u015f\u0131nda ise g\u00f6zya\u015flar\u0131na hakim olamad\u0131.<\/p>\n<p>FERD\u0130 ZEYREK\u2019\u0130N MAN\u0130SA PROJELER\u0130 <\/p>\n<p>Ferdi Zeyrek&#8217;in bu ani kayb\u0131n\u0131n ard\u0131ndan ise arkada b\u0131rakt\u0131\u011f\u0131 eserler ise merak konusu oldu. Ferdi Zeyrek, 31 Mart 2024 Yerel Se\u00e7imleri\u2019nde y\u00fczde 57,26 gibi y\u00fcksek bir oy alarak Manisa B\u00fcy\u00fck\u015fehir Belediye Ba\u015fkan\u0131 se\u00e7ildi. O g\u00fcnden bug\u00fcne 1 y\u0131ldan fazla bir s\u00fcre ge\u00e7ti ve Vaat Denetleme Platformu nededineyapt\u0131.com web sitesinin haz\u0131rlad\u0131\u011f\u0131 bilgilere g\u00f6re Ferdi Zeyrek se\u00e7im d\u00f6neminde 73 vaatte bulunup, hayat\u0131n\u0131 kaybedene kadar s\u00f6z verdi\u011fi projelerin 20\u2019sini hayata ge\u00e7irdi. Bu s\u00fcre\u00e7te 983 milyon TL gelir fazlas\u0131 a\u00e7\u0131klayan Zeybek ilk y\u0131l\u0131nda b\u00fcy\u00fck i\u015flere imza att\u0131. 20 proje yap\u0131m a\u015famas\u0131nda olurken 33 proje ise hen\u00fcz hayata ge\u00e7ememi\u015fti.<\/p>\n<p>ZEYREK\u2019\u0130N \u0130LK YILINDA HAYATA GE\u00c7\u0130RD\u0130\u011e\u0130 PROJELER <\/p>\n<p>Vaat Denetleme Platformu nededineyapt\u0131.com web sitesinin haz\u0131rlad\u0131\u011f\u0131 bilgilere g\u00f6re Ferdi Zeyrek, ilk y\u0131l\u0131nda 2 ton su 1 TL olmas\u0131, anne kart projesi, \u00f6\u011frencilere maddi destek sa\u011flanmas\u0131, engelliler i\u00e7in ula\u015f\u0131m\u0131n \u00fccretsiz olmas\u0131 ve ekme\u011fin 5 TL\u2019den sat\u0131lmas\u0131 gibi projeler hayata ge\u00e7irdi. Zeyrek\u2019in ilk y\u0131l\u0131nda hayata ge\u00e7irdi\u011fi 20 proje s\u0131ras\u0131yla \u015f\u00f6yle:<\/p>\n<p> 2 Ton Su 1 TL Projesi<\/p>\n<p> Ekmek 5 TL Projesi<\/p>\n<p> ManisaTa\u015f\u0131t Projesi<\/p>\n<p> Anne Kart Projesi<\/p>\n<p> 65 Ya\u015f Kart\u0131 Projesi<\/p>\n<p> \u00dcretici Pazarlar\u0131 Projesi<\/p>\n<p> Tar\u0131msal Kalk\u0131nma Kooperatifleri Projesi<\/p>\n<p> \u00dcretici Hibeleri Projesi<\/p>\n<p> Gen\u00e7lik ve Spor Kenti Manisa Projesi<\/p>\n<p> \u00d6\u011frencilere Maddi Destek Projesi<\/p>\n<p> G\u00fcnayd\u0131n \u00c7orbas\u0131 Projesi<\/p>\n<p> Dijital Dershaneler Projesi<\/p>\n<p> Aile Dayan\u0131\u015fma Merkezi Projesi<\/p>\n<p> Evde Bak\u0131m Hizmetleri Projesi<\/p>\n<p> Engelliler i\u00e7in Ula\u015f\u0131m \u00dccretsiz Olacak<\/p>\n<p> Engellilere 10m3 Suya Kadar %50 \u0130ndirim Projesi<\/p>\n<p> Manisa Net Projesi<\/p>\n<p> Festivaller \u015eehri Manisa Projesi<\/p>\n<p> \u00dccretsiz Halk Konserleri ve Bahar \u015eenlikleri Projesi<\/p>\n<p> Visit Manisa Projesi<\/p>\n<p>YAPIM A\u015eAMASINDA OLAN PROJELER <\/p>\n<p>Ferdi Zeyrek ilk y\u0131l\u0131nda trafikte bekleme s\u00fcresi azalt\u0131lmas\u0131, \u015fehre otopark yap\u0131lmas\u0131, tar\u0131msal ve k\u0131rsal kalk\u0131nma projesi, Manisa\u2019ya kent lokantalar\u0131 a\u00e7\u0131lmas\u0131 ve kav\u015fak d\u00fczenlemeleri gibi 33 projesi ise yap\u0131m a\u015famas\u0131ndayd\u0131. Zeyrek\u2019in yap\u0131m a\u015famas\u0131nda olan projeleri ise \u015f\u00f6yle:<\/p>\n<p> Asbestli Boru De\u011fi\u015fimi Projesi<\/p>\n<p> \u0130\u00e7me Suyu Altyap\u0131s\u0131 \u00c7al\u0131\u015fmalar<\/p>\n<p> Kav\u015fak D\u00fczenlemeleri Projesi<\/p>\n<p> Otopark Projeleri<\/p>\n<p> Sel ve Ta\u015fk\u0131n Sorunlar\u0131 \u00c7\u00f6z\u00fclecek<\/p>\n<p> K\u00f6y Yollar\u0131nda Seferberlik Projesi<\/p>\n<p> Bisiklet Yollar\u0131 Projesi<\/p>\n<p> Sanayi Siteleri Bak\u0131m\u0131 Projesi<\/p>\n<p> Ye\u015fil Altyap\u0131 ve Rekreasyon Alanlar\u0131 Projesi<\/p>\n<p> Kentsel D\u00f6n\u00fc\u015f\u00fcm Projesi<\/p>\n<p> Tar\u0131msal ve K\u0131rsal Kalk\u0131nma Projesi<\/p>\n<p> Manisa Mera Projesi<\/p>\n<p> Tek Dam Projesi<\/p>\n<p> Sulama G\u00f6letleri Projesi<\/p>\n<p> A\u015fevleri Projesi<\/p>\n<p> Manisa Kent Lokantalar\u0131 Projesi<\/p>\n<p> Belediye Kre\u015fleri Projesi<\/p>\n<p> Ba\u011f\u0131ml\u0131l\u0131kla M\u00fccadele Merkezleri Projesi<\/p>\n<p> K\u00fclt\u00fcr Turizmi Projesi<\/p>\n<p>HAYATA GE\u00c7MEYEN PROJELER <\/p>\n<p>Manisa\u2019ya tramvay yap\u0131lmas\u0131, istihdam ofisi a\u00e7\u0131lmas\u0131, \u00f6\u011frenciler i\u00e7in yurtlar yap\u0131lmas\u0131, sokak hayvanlar\u0131n\u0131n g\u00fcvenli\u011fi ve engelsiz kafeler projeleri ise Ferdi Zeyrek\u2019in hen\u00fcz hayata ge\u00e7iremedi\u011fi vaatleri idi. Zeyrek\u2019in hayat ge\u00e7meyen projeleri ise \u015f\u00f6yle:<\/p>\n<p> Manisa Tramvay Projesi<\/p>\n<p> \u0130z-Man Metrosu Projesi<\/p>\n<p> Otogarlar Projesi<\/p>\n<p> 100.Y\u0131l Kent Meydan\u0131 Projesi<\/p>\n<p> Bizim Bisiklet Projesi<\/p>\n<p> Manisa Meslek Fabrikalar\u0131 Projesi<\/p>\n<p> Manisa \u0130stihdam Ofisi Projesi<\/p>\n<p> Sebze Meyve So\u011fuk Hava Deposu Projesi<\/p>\n<p> Gediz Tar\u0131m\u0131 Ara\u015ft\u0131rma Merkezleri Projesi<\/p>\n<p> Mezbahalar\u0131n Modernizasyonu Projesi<\/p>\n<p> Lisansl\u0131 Depoculuk Projesi<\/p>\n<p> Sulama Kooperatiflerine Elektrik Bedava<\/p>\n<p> Halk\u0131n Kasab\u0131 Projesi<\/p>\n<p> Halk \u015eark\u00fcteri Projesi<\/p>\n<p> Kent K\u00fct\u00fcphaneleri Projesi<\/p>\n<p> K\u00fclt\u00fcr Merkezleri Projesi<\/p>\n<p> Gen\u00e7lik Merkezleri Projesi<\/p>\n<p> \u00d6\u011frenci Yurtlar\u0131 Projesi<\/p>\n<p> \u00c7ama\u015f\u0131r Kafe Projesi<\/p>\n<p> G\u00fcnd\u00fcz Bak\u0131m Kamp\u00fcs\u00fc Projesi<\/p>\n<p> Refakat\u00e7i Evi Projesi<\/p>\n<p> Mani-Kart Projesi<\/p>\n<p> Kad\u0131n S\u0131\u011f\u0131nma Evi Projesi<\/p>\n<p> \u0130\u015f Sa\u011fl\u0131\u011f\u0131 ve \u0130\u015f G\u00fcvenli\u011fi Merkezi Projesi<\/p>\n<p> \u015eeffaf Belediyecilik Komisyonu Projesi<\/p>\n<p> Manisa Evleri Projesi<\/p>\n<p> Sokak Hayvanlar\u0131n\u0131n G\u00fcvenli\u011fi Projesi<\/p>\n<p> Hayvan Hastanesi Projesi<\/p>\n<p> Engelli \u0130stihdam\u0131 Projesi<\/p>\n<p> Engelliler i\u00e7in \u015eehir D\u00fczenlemesi Projesi<\/p>\n<p> G\u00f6rme Engelli (Sesli) K\u00fct\u00fcphane Projesi<\/p>\n<p> Engelsiz Kafeler Projesi<\/p>\n<p> Sivil Toplum \u00d6rg\u00fctlerine Destek Projesi<\/p>\n<p>\u200bTalihsiz kaza sonucu hayat\u0131n\u0131 kaybeden Manisa B\u00fcy\u00fck\u015fehir Belediye Ba\u015fkan\u0131 Ferdi Zeyrek\u2019in ilk y\u0131l\u0131nda hayata ge\u00e7irdi\u011fi projeler belli oldu. Manisa ad\u0131na b\u00fcy\u00fck i\u015flere imza atan ve 73 proje i\u00e7in s\u00f6z veren Zeyrek&#8217;in ilk y\u0131l\u0131nda s\u00f6z verdi\u011fi ve hayata ge\u00e7irdi\u011fi projeler\u2026\u00a0<\/p>\n<p>\u200bHaberin Al\u0131nt\u0131land\u0131\u011f\u0131 Kaynak: www.antalyakorfez.com<\/p>","protected":false},"excerpt":{"rendered":"<p>Manisa B\u00fcy\u00fck\u015fehir Belediye Ba\u015fkan\u0131 Ferdi Zeyrek\u2019in 6 Haziran 2025 g\u00fcn\u00fcnde gece saatlerinde evinin bah\u00e7esindeki havuzun makine dairesinde elektrik ak\u0131m\u0131na kap\u0131larak a\u011f\u0131r yaralanmas\u0131 ve ard\u0131ndan hemen hastaneye kald\u0131r\u0131lmas\u0131 b\u00fct\u00fcn T\u00fcrkiye\u2019de \u015fok etkisi yaratt\u0131. Manisa Celal Bayar \u00dcniversitesi Hafsa Sultan Hastanesi&#8217;nde 3 g\u00fcn boyunca tedavi g\u00f6ren Zeyrek\u2019ten k\u00f6t\u00fc haber d\u00fcn ak\u015fam saatlerine do\u011fru geldi. FERD\u0130 ZEYREK HAYATINI KAYBETT\u0130 Yo\u011fun bak\u0131mda 3 g\u00fcn boyunca ya\u015fama sava\u015f\u0131 veren Ferdi Zeyrek, d\u00fcn ak\u015fam saatlerinde hayat\u0131n\u0131 kaybetti. Zeyrek bu ani \u00f6l\u00fcm\u00fc b\u00fct\u00fcn T\u00fcrkiye\u2019de b\u00fcy\u00fck yank\u0131 uyand\u0131rd\u0131 ve parti fark etmeksizin pek \u00e7ok siyasi isim Ferdi Zeyrek i\u00e7in taziye mesaj\u0131 yay\u0131nlad\u0131. 10 Haziran 2025 Sal\u0131 g\u00fcn\u00fc (bug\u00fcn) yap\u0131lan cenaze t\u00f6renin ard\u0131ndan Zeyrek g\u00f6zya\u015flar\u0131 i\u00e7inde son yolculu\u011funa u\u011furland\u0131. CHP Genel Ba\u015fkan\u0131 \u00d6zg\u00fcr \u00d6zel ise Ferdi Zeyrek\u2019in cenazesinin bir an olsun yan\u0131nda ayr\u0131lmazken her a\u00e7\u0131klama yap\u0131\u015f\u0131nda ise g\u00f6zya\u015flar\u0131na hakim olamad\u0131. FERD\u0130 ZEYREK\u2019\u0130N MAN\u0130SA PROJELER\u0130 Ferdi Zeyrek&#8217;in bu ani kayb\u0131n\u0131n ard\u0131ndan ise arkada b\u0131rakt\u0131\u011f\u0131 eserler ise merak konusu oldu. Ferdi Zeyrek, 31 Mart 2024 Yerel Se\u00e7imleri\u2019nde y\u00fczde 57,26 gibi y\u00fcksek bir oy alarak Manisa B\u00fcy\u00fck\u015fehir Belediye Ba\u015fkan\u0131 se\u00e7ildi. O g\u00fcnden bug\u00fcne 1 y\u0131ldan fazla bir s\u00fcre ge\u00e7ti ve Vaat Denetleme Platformu nededineyapt\u0131.com web sitesinin haz\u0131rlad\u0131\u011f\u0131 bilgilere g\u00f6re Ferdi Zeyrek se\u00e7im d\u00f6neminde 73 vaatte bulunup, hayat\u0131n\u0131 kaybedene kadar s\u00f6z verdi\u011fi projelerin &hellip;<\/p>","protected":false},"author":5,"featured_media":0,"comment_status":"","ping_status":"open","sticky":false,"template":"","format":"standard","meta":{"_acf_changed":false,"footnotes":""},"categories":[24],"tags":[],"class_list":["post-112641","post","type-post","status-publish","format-standard","has-post-thumbnail","hentry","category-gundem"],"acf":[],"yoast_head":"<!-- This site is optimized with the Yoast SEO Premium plugin v26.6 (Yoast SEO v27.1.1) - https:\/\/yoast.com\/product\/yoast-seo-premium-wordpress\/ -->\n<title>Ferdi Zeyrek&#039;in eserleri \u00f6ks\u00fcz kald\u0131! Ad\u0131 hayata ge\u00e7irdi\u011fi projeleri ile an\u0131lacak - Av. Deniz Can K\u0131z\u0131l<\/title>\n<meta name=\"robots\" content=\"index, follow, max-snippet:-1, max-image-preview:large, max-video-preview:-1\" \/>\n<link rel=\"canonical\" href=\"https:\/\/denizcankizil.tr\/ru\/haberler\/gundem\/ferdi-zeyrekin-eserleri-oksuz-kaldi-adi-hayata-gecirdigi-projeleri-ile-anilacak\/\" \/>\n<meta property=\"og:locale\" content=\"ru_RU\" \/>\n<meta property=\"og:type\" content=\"article\" \/>\n<meta property=\"og:title\" content=\"Ferdi Zeyrek&#039;in eserleri \u00f6ks\u00fcz kald\u0131! Ad\u0131 hayata ge\u00e7irdi\u011fi projeleri ile an\u0131lacak\" \/>\n<meta property=\"og:description\" content=\"Manisa B\u00fcy\u00fck\u015fehir Belediye Ba\u015fkan\u0131 Ferdi Zeyrek\u2019in 6 Haziran 2025 g\u00fcn\u00fcnde gece saatlerinde evinin bah\u00e7esindeki havuzun makine dairesinde elektrik ak\u0131m\u0131na kap\u0131larak a\u011f\u0131r yaralanmas\u0131 ve ard\u0131ndan hemen hastaneye kald\u0131r\u0131lmas\u0131 b\u00fct\u00fcn T\u00fcrkiye\u2019de \u015fok etkisi yaratt\u0131. Manisa Celal Bayar \u00dcniversitesi Hafsa Sultan Hastanesi&#8217;nde 3 g\u00fcn boyunca tedavi g\u00f6ren Zeyrek\u2019ten k\u00f6t\u00fc haber d\u00fcn ak\u015fam saatlerine do\u011fru geldi. FERD\u0130 ZEYREK HAYATINI KAYBETT\u0130 Yo\u011fun bak\u0131mda 3 g\u00fcn boyunca ya\u015fama sava\u015f\u0131 veren Ferdi Zeyrek, d\u00fcn ak\u015fam saatlerinde hayat\u0131n\u0131 kaybetti. Zeyrek bu ani \u00f6l\u00fcm\u00fc b\u00fct\u00fcn T\u00fcrkiye\u2019de b\u00fcy\u00fck yank\u0131 uyand\u0131rd\u0131 ve parti fark etmeksizin pek \u00e7ok siyasi isim Ferdi Zeyrek i\u00e7in taziye mesaj\u0131 yay\u0131nlad\u0131. 10 Haziran 2025 Sal\u0131 g\u00fcn\u00fc (bug\u00fcn) yap\u0131lan cenaze t\u00f6renin ard\u0131ndan Zeyrek g\u00f6zya\u015flar\u0131 i\u00e7inde son yolculu\u011funa u\u011furland\u0131. CHP Genel Ba\u015fkan\u0131 \u00d6zg\u00fcr \u00d6zel ise Ferdi Zeyrek\u2019in cenazesinin bir an olsun yan\u0131nda ayr\u0131lmazken her a\u00e7\u0131klama yap\u0131\u015f\u0131nda ise g\u00f6zya\u015flar\u0131na hakim olamad\u0131. FERD\u0130 ZEYREK\u2019\u0130N MAN\u0130SA PROJELER\u0130 Ferdi Zeyrek&#8217;in bu ani kayb\u0131n\u0131n ard\u0131ndan ise arkada b\u0131rakt\u0131\u011f\u0131 eserler ise merak konusu oldu. Ferdi Zeyrek, 31 Mart 2024 Yerel Se\u00e7imleri\u2019nde y\u00fczde 57,26 gibi y\u00fcksek bir oy alarak Manisa B\u00fcy\u00fck\u015fehir Belediye Ba\u015fkan\u0131 se\u00e7ildi. O g\u00fcnden bug\u00fcne 1 y\u0131ldan fazla bir s\u00fcre ge\u00e7ti ve Vaat Denetleme Platformu nededineyapt\u0131.com web sitesinin haz\u0131rlad\u0131\u011f\u0131 bilgilere g\u00f6re Ferdi Zeyrek se\u00e7im d\u00f6neminde 73 vaatte bulunup, hayat\u0131n\u0131 kaybedene kadar s\u00f6z verdi\u011fi projelerin &hellip;\" \/>\n<meta property=\"og:url\" content=\"https:\/\/denizcankizil.tr\/ru\/haberler\/gundem\/ferdi-zeyrekin-eserleri-oksuz-kaldi-adi-hayata-gecirdigi-projeleri-ile-anilacak\/\" \/>\n<meta property=\"og:site_name\" content=\"Av. Deniz Can K\u0131z\u0131l\" \/>\n<meta property=\"article:published_time\" content=\"2025-06-10T14:42:17+00:00\" \/>\n<meta name=\"author\" content=\"Antalya K\u00f6rfez\" \/>\n<meta name=\"twitter:card\" content=\"summary_large_image\" \/>\n<meta name=\"twitter:label1\" content=\"\u041d\u0430\u043f\u0438\u0441\u0430\u043d\u043e \u0430\u0432\u0442\u043e\u0440\u043e\u043c\" \/>\n\t<meta name=\"twitter:data1\" content=\"Antalya K\u00f6rfez\" \/>\n\t<meta name=\"twitter:label2\" content=\"\u041f\u0440\u0438\u043c\u0435\u0440\u043d\u043e\u0435 \u0432\u0440\u0435\u043c\u044f \u0434\u043b\u044f \u0447\u0442\u0435\u043d\u0438\u044f\" \/>\n\t<meta name=\"twitter:data2\" content=\"5 \u043c\u0438\u043d\u0443\u0442\" \/>\n<script type=\"application\/ld+json\" class=\"yoast-schema-graph\">{\"@context\":\"https:\/\/schema.org\",\"@graph\":[{\"@type\":\"Article\",\"@id\":\"https:\/\/denizcankizil.tr\/ru\/haberler\/gundem\/ferdi-zeyrekin-eserleri-oksuz-kaldi-adi-hayata-gecirdigi-projeleri-ile-anilacak\/#article\",\"isPartOf\":{\"@id\":\"https:\/\/denizcankizil.tr\/ru\/haberler\/gundem\/ferdi-zeyrekin-eserleri-oksuz-kaldi-adi-hayata-gecirdigi-projeleri-ile-anilacak\/\"},\"author\":{\"name\":\"Antalya K\u00f6rfez\",\"@id\":\"https:\/\/denizcankizil.tr\/#\/schema\/person\/e1eb71bb4dd684d46563f0af307e1234\"},\"headline\":\"Ferdi Zeyrek&#8217;in eserleri \u00f6ks\u00fcz kald\u0131! Ad\u0131 hayata ge\u00e7irdi\u011fi projeleri ile an\u0131lacak\",\"datePublished\":\"2025-06-10T14:42:17+00:00\",\"mainEntityOfPage\":{\"@id\":\"https:\/\/denizcankizil.tr\/ru\/haberler\/gundem\/ferdi-zeyrekin-eserleri-oksuz-kaldi-adi-hayata-gecirdigi-projeleri-ile-anilacak\/\"},\"wordCount\":924,\"publisher\":{\"@id\":\"https:\/\/denizcankizil.tr\/#organization\"},\"articleSection\":[\"G\u00fcndem\"],\"inLanguage\":\"ru-RU\"},{\"@type\":\"WebPage\",\"@id\":\"https:\/\/denizcankizil.tr\/ru\/haberler\/gundem\/ferdi-zeyrekin-eserleri-oksuz-kaldi-adi-hayata-gecirdigi-projeleri-ile-anilacak\/\",\"url\":\"https:\/\/denizcankizil.tr\/ru\/haberler\/gundem\/ferdi-zeyrekin-eserleri-oksuz-kaldi-adi-hayata-gecirdigi-projeleri-ile-anilacak\/\",\"name\":\"Ferdi Zeyrek'in eserleri \u00f6ks\u00fcz kald\u0131! Ad\u0131 hayata ge\u00e7irdi\u011fi projeleri ile an\u0131lacak - Av. Deniz Can K\u0131z\u0131l\",\"isPartOf\":{\"@id\":\"https:\/\/denizcankizil.tr\/#website\"},\"datePublished\":\"2025-06-10T14:42:17+00:00\",\"breadcrumb\":{\"@id\":\"https:\/\/denizcankizil.tr\/ru\/haberler\/gundem\/ferdi-zeyrekin-eserleri-oksuz-kaldi-adi-hayata-gecirdigi-projeleri-ile-anilacak\/#breadcrumb\"},\"inLanguage\":\"ru-RU\",\"potentialAction\":[{\"@type\":\"ReadAction\",\"target\":[\"https:\/\/denizcankizil.tr\/ru\/haberler\/gundem\/ferdi-zeyrekin-eserleri-oksuz-kaldi-adi-hayata-gecirdigi-projeleri-ile-anilacak\/\"]}]},{\"@type\":\"BreadcrumbList\",\"@id\":\"https:\/\/denizcankizil.tr\/ru\/haberler\/gundem\/ferdi-zeyrekin-eserleri-oksuz-kaldi-adi-hayata-gecirdigi-projeleri-ile-anilacak\/#breadcrumb\",\"itemListElement\":[{\"@type\":\"ListItem\",\"position\":1,\"name\":\"Home\",\"item\":\"https:\/\/denizcankizil.tr\/de\/\"},{\"@type\":\"ListItem\",\"position\":2,\"name\":\"Ferdi Zeyrek&#8217;in eserleri \u00f6ks\u00fcz kald\u0131! Ad\u0131 hayata ge\u00e7irdi\u011fi projeleri ile an\u0131lacak\"}]},{\"@type\":\"WebSite\",\"@id\":\"https:\/\/denizcankizil.tr\/#website\",\"url\":\"https:\/\/denizcankizil.tr\/\",\"name\":\"Av. Deniz Can K\u0131z\u0131l\",\"description\":\"Avukat Deniz Can K\u0131z\u0131l Antalya Barosu\",\"publisher\":{\"@id\":\"https:\/\/denizcankizil.tr\/#organization\"},\"potentialAction\":[{\"@type\":\"SearchAction\",\"target\":{\"@type\":\"EntryPoint\",\"urlTemplate\":\"https:\/\/denizcankizil.tr\/?s={search_term_string}\"},\"query-input\":{\"@type\":\"PropertyValueSpecification\",\"valueRequired\":true,\"valueName\":\"search_term_string\"}}],\"inLanguage\":\"ru-RU\"},{\"@type\":\"Organization\",\"@id\":\"https:\/\/denizcankizil.tr\/#organization\",\"name\":\"Av. Deniz Can K\u0131z\u0131l\",\"url\":\"https:\/\/denizcankizil.tr\/\",\"logo\":{\"@type\":\"ImageObject\",\"inLanguage\":\"ru-RU\",\"@id\":\"https:\/\/denizcankizil.tr\/#\/schema\/logo\/image\/\",\"url\":\"https:\/\/denizcankizil.tr\/wp-content\/uploads\/2024\/10\/siyah-logo-svg.svg\",\"contentUrl\":\"https:\/\/denizcankizil.tr\/wp-content\/uploads\/2024\/10\/siyah-logo-svg.svg\",\"width\":1080,\"height\":1080,\"caption\":\"Av. Deniz Can K\u0131z\u0131l\"},\"image\":{\"@id\":\"https:\/\/denizcankizil.tr\/#\/schema\/logo\/image\/\"}},{\"@type\":\"Person\",\"@id\":\"https:\/\/denizcankizil.tr\/#\/schema\/person\/e1eb71bb4dd684d46563f0af307e1234\",\"name\":\"Antalya K\u00f6rfez\",\"image\":{\"@type\":\"ImageObject\",\"inLanguage\":\"ru-RU\",\"@id\":\"https:\/\/denizcankizil.tr\/#\/schema\/person\/image\/\",\"url\":\"https:\/\/secure.gravatar.com\/avatar\/42b01982558a48a0b501fdcab6a408d3717ea5919095ee2e67b0e521799c5905?s=96&d=mm&r=g\",\"contentUrl\":\"https:\/\/secure.gravatar.com\/avatar\/42b01982558a48a0b501fdcab6a408d3717ea5919095ee2e67b0e521799c5905?s=96&d=mm&r=g\",\"caption\":\"Antalya K\u00f6rfez\"},\"sameAs\":[\"http:\/\/www.antalyakorfez.com\"],\"url\":\"https:\/\/www.antalyakorfez.com\/ferdi-zeyrekin-eserleri-oksuz-kaldi-adi-hayata-gecirdigi-projeleri-ile-anilacak\"}]}<\/script>\n<!-- \/ Yoast SEO Premium plugin. -->","yoast_head_json":{"title":"Ferdi Zeyrek'in eserleri \u00f6ks\u00fcz kald\u0131! Ad\u0131 hayata ge\u00e7irdi\u011fi projeleri ile an\u0131lacak - Av. Deniz Can K\u0131z\u0131l","robots":{"index":"index","follow":"follow","max-snippet":"max-snippet:-1","max-image-preview":"max-image-preview:large","max-video-preview":"max-video-preview:-1"},"canonical":"https:\/\/denizcankizil.tr\/ru\/haberler\/gundem\/ferdi-zeyrekin-eserleri-oksuz-kaldi-adi-hayata-gecirdigi-projeleri-ile-anilacak\/","og_locale":"ru_RU","og_type":"article","og_title":"Ferdi Zeyrek'in eserleri \u00f6ks\u00fcz kald\u0131! Ad\u0131 hayata ge\u00e7irdi\u011fi projeleri ile an\u0131lacak","og_description":"Manisa B\u00fcy\u00fck\u015fehir Belediye Ba\u015fkan\u0131 Ferdi Zeyrek\u2019in 6 Haziran 2025 g\u00fcn\u00fcnde gece saatlerinde evinin bah\u00e7esindeki havuzun makine dairesinde elektrik ak\u0131m\u0131na kap\u0131larak a\u011f\u0131r yaralanmas\u0131 ve ard\u0131ndan hemen hastaneye kald\u0131r\u0131lmas\u0131 b\u00fct\u00fcn T\u00fcrkiye\u2019de \u015fok etkisi yaratt\u0131. Manisa Celal Bayar \u00dcniversitesi Hafsa Sultan Hastanesi&#8217;nde 3 g\u00fcn boyunca tedavi g\u00f6ren Zeyrek\u2019ten k\u00f6t\u00fc haber d\u00fcn ak\u015fam saatlerine do\u011fru geldi. FERD\u0130 ZEYREK HAYATINI KAYBETT\u0130 Yo\u011fun bak\u0131mda 3 g\u00fcn boyunca ya\u015fama sava\u015f\u0131 veren Ferdi Zeyrek, d\u00fcn ak\u015fam saatlerinde hayat\u0131n\u0131 kaybetti. Zeyrek bu ani \u00f6l\u00fcm\u00fc b\u00fct\u00fcn T\u00fcrkiye\u2019de b\u00fcy\u00fck yank\u0131 uyand\u0131rd\u0131 ve parti fark etmeksizin pek \u00e7ok siyasi isim Ferdi Zeyrek i\u00e7in taziye mesaj\u0131 yay\u0131nlad\u0131. 10 Haziran 2025 Sal\u0131 g\u00fcn\u00fc (bug\u00fcn) yap\u0131lan cenaze t\u00f6renin ard\u0131ndan Zeyrek g\u00f6zya\u015flar\u0131 i\u00e7inde son yolculu\u011funa u\u011furland\u0131. CHP Genel Ba\u015fkan\u0131 \u00d6zg\u00fcr \u00d6zel ise Ferdi Zeyrek\u2019in cenazesinin bir an olsun yan\u0131nda ayr\u0131lmazken her a\u00e7\u0131klama yap\u0131\u015f\u0131nda ise g\u00f6zya\u015flar\u0131na hakim olamad\u0131. FERD\u0130 ZEYREK\u2019\u0130N MAN\u0130SA PROJELER\u0130 Ferdi Zeyrek&#8217;in bu ani kayb\u0131n\u0131n ard\u0131ndan ise arkada b\u0131rakt\u0131\u011f\u0131 eserler ise merak konusu oldu. Ferdi Zeyrek, 31 Mart 2024 Yerel Se\u00e7imleri\u2019nde y\u00fczde 57,26 gibi y\u00fcksek bir oy alarak Manisa B\u00fcy\u00fck\u015fehir Belediye Ba\u015fkan\u0131 se\u00e7ildi. O g\u00fcnden bug\u00fcne 1 y\u0131ldan fazla bir s\u00fcre ge\u00e7ti ve Vaat Denetleme Platformu nededineyapt\u0131.com web sitesinin haz\u0131rlad\u0131\u011f\u0131 bilgilere g\u00f6re Ferdi Zeyrek se\u00e7im d\u00f6neminde 73 vaatte bulunup, hayat\u0131n\u0131 kaybedene kadar s\u00f6z verdi\u011fi projelerin &hellip;","og_url":"https:\/\/denizcankizil.tr\/ru\/haberler\/gundem\/ferdi-zeyrekin-eserleri-oksuz-kaldi-adi-hayata-gecirdigi-projeleri-ile-anilacak\/","og_site_name":"Av. Deniz Can K\u0131z\u0131l","article_published_time":"2025-06-10T14:42:17+00:00","author":"Antalya K\u00f6rfez","twitter_card":"summary_large_image","twitter_misc":{"\u041d\u0430\u043f\u0438\u0441\u0430\u043d\u043e \u0430\u0432\u0442\u043e\u0440\u043e\u043c":"Antalya K\u00f6rfez","\u041f\u0440\u0438\u043c\u0435\u0440\u043d\u043e\u0435 \u0432\u0440\u0435\u043c\u044f \u0434\u043b\u044f \u0447\u0442\u0435\u043d\u0438\u044f":"5 \u043c\u0438\u043d\u0443\u0442"},"schema":{"@context":"https:\/\/schema.org","@graph":[{"@type":"Article","@id":"https:\/\/denizcankizil.tr\/ru\/haberler\/gundem\/ferdi-zeyrekin-eserleri-oksuz-kaldi-adi-hayata-gecirdigi-projeleri-ile-anilacak\/#article","isPartOf":{"@id":"https:\/\/denizcankizil.tr\/ru\/haberler\/gundem\/ferdi-zeyrekin-eserleri-oksuz-kaldi-adi-hayata-gecirdigi-projeleri-ile-anilacak\/"},"author":{"name":"Antalya K\u00f6rfez","@id":"https:\/\/denizcankizil.tr\/#\/schema\/person\/e1eb71bb4dd684d46563f0af307e1234"},"headline":"Ferdi Zeyrek&#8217;in eserleri \u00f6ks\u00fcz kald\u0131! Ad\u0131 hayata ge\u00e7irdi\u011fi projeleri ile an\u0131lacak","datePublished":"2025-06-10T14:42:17+00:00","mainEntityOfPage":{"@id":"https:\/\/denizcankizil.tr\/ru\/haberler\/gundem\/ferdi-zeyrekin-eserleri-oksuz-kaldi-adi-hayata-gecirdigi-projeleri-ile-anilacak\/"},"wordCount":924,"publisher":{"@id":"https:\/\/denizcankizil.tr\/#organization"},"articleSection":["G\u00fcndem"],"inLanguage":"ru-RU"},{"@type":"WebPage","@id":"https:\/\/denizcankizil.tr\/ru\/haberler\/gundem\/ferdi-zeyrekin-eserleri-oksuz-kaldi-adi-hayata-gecirdigi-projeleri-ile-anilacak\/","url":"https:\/\/denizcankizil.tr\/ru\/haberler\/gundem\/ferdi-zeyrekin-eserleri-oksuz-kaldi-adi-hayata-gecirdigi-projeleri-ile-anilacak\/","name":"Ferdi Zeyrek'in eserleri \u00f6ks\u00fcz kald\u0131! Ad\u0131 hayata ge\u00e7irdi\u011fi projeleri ile an\u0131lacak - Av. Deniz Can K\u0131z\u0131l","isPartOf":{"@id":"https:\/\/denizcankizil.tr\/#website"},"datePublished":"2025-06-10T14:42:17+00:00","breadcrumb":{"@id":"https:\/\/denizcankizil.tr\/ru\/haberler\/gundem\/ferdi-zeyrekin-eserleri-oksuz-kaldi-adi-hayata-gecirdigi-projeleri-ile-anilacak\/#breadcrumb"},"inLanguage":"ru-RU","potentialAction":[{"@type":"ReadAction","target":["https:\/\/denizcankizil.tr\/ru\/haberler\/gundem\/ferdi-zeyrekin-eserleri-oksuz-kaldi-adi-hayata-gecirdigi-projeleri-ile-anilacak\/"]}]},{"@type":"BreadcrumbList","@id":"https:\/\/denizcankizil.tr\/ru\/haberler\/gundem\/ferdi-zeyrekin-eserleri-oksuz-kaldi-adi-hayata-gecirdigi-projeleri-ile-anilacak\/#breadcrumb","itemListElement":[{"@type":"ListItem","position":1,"name":"Home","item":"https:\/\/denizcankizil.tr\/de\/"},{"@type":"ListItem","position":2,"name":"Ferdi Zeyrek&#8217;in eserleri \u00f6ks\u00fcz kald\u0131! Ad\u0131 hayata ge\u00e7irdi\u011fi projeleri ile an\u0131lacak"}]},{"@type":"WebSite","@id":"https:\/\/denizcankizil.tr\/#website","url":"https:\/\/denizcankizil.tr\/","name":"Av. Deniz Can K\u0131z\u0131l","description":"Avukat Deniz Can K\u0131z\u0131l Antalya Barosu","publisher":{"@id":"https:\/\/denizcankizil.tr\/#organization"},"potentialAction":[{"@type":"SearchAction","target":{"@type":"EntryPoint","urlTemplate":"https:\/\/denizcankizil.tr\/?s={search_term_string}"},"query-input":{"@type":"PropertyValueSpecification","valueRequired":true,"valueName":"search_term_string"}}],"inLanguage":"ru-RU"},{"@type":"Organization","@id":"https:\/\/denizcankizil.tr\/#organization","name":"Av. Deniz Can K\u0131z\u0131l","url":"https:\/\/denizcankizil.tr\/","logo":{"@type":"ImageObject","inLanguage":"ru-RU","@id":"https:\/\/denizcankizil.tr\/#\/schema\/logo\/image\/","url":"https:\/\/denizcankizil.tr\/wp-content\/uploads\/2024\/10\/siyah-logo-svg.svg","contentUrl":"https:\/\/denizcankizil.tr\/wp-content\/uploads\/2024\/10\/siyah-logo-svg.svg","width":1080,"height":1080,"caption":"Av. Deniz Can K\u0131z\u0131l"},"image":{"@id":"https:\/\/denizcankizil.tr\/#\/schema\/logo\/image\/"}},{"@type":"Person","@id":"https:\/\/denizcankizil.tr\/#\/schema\/person\/e1eb71bb4dd684d46563f0af307e1234","name":"Antalya K\u00f6rfez","image":{"@type":"ImageObject","inLanguage":"ru-RU","@id":"https:\/\/denizcankizil.tr\/#\/schema\/person\/image\/","url":"https:\/\/secure.gravatar.com\/avatar\/42b01982558a48a0b501fdcab6a408d3717ea5919095ee2e67b0e521799c5905?s=96&d=mm&r=g","contentUrl":"https:\/\/secure.gravatar.com\/avatar\/42b01982558a48a0b501fdcab6a408d3717ea5919095ee2e67b0e521799c5905?s=96&d=mm&r=g","caption":"Antalya K\u00f6rfez"},"sameAs":["http:\/\/www.antalyakorfez.com"],"url":"https:\/\/www.antalyakorfez.com\/ferdi-zeyrekin-eserleri-oksuz-kaldi-adi-hayata-gecirdigi-projeleri-ile-anilacak"}]}},"_links":{"self":[{"href":"https:\/\/denizcankizil.tr\/ru\/wp-json\/wp\/v2\/posts\/112641","targetHints":{"allow":["GET"]}}],"collection":[{"href":"https:\/\/denizcankizil.tr\/ru\/wp-json\/wp\/v2\/posts"}],"about":[{"href":"https:\/\/denizcankizil.tr\/ru\/wp-json\/wp\/v2\/types\/post"}],"author":[{"embeddable":true,"href":"https:\/\/denizcankizil.tr\/ru\/wp-json\/wp\/v2\/users\/5"}],"replies":[{"embeddable":true,"href":"https:\/\/denizcankizil.tr\/ru\/wp-json\/wp\/v2\/comments?post=112641"}],"version-history":[{"count":0,"href":"https:\/\/denizcankizil.tr\/ru\/wp-json\/wp\/v2\/posts\/112641\/revisions"}],"wp:attachment":[{"href":"https:\/\/denizcankizil.tr\/ru\/wp-json\/wp\/v2\/media?parent=112641"}],"wp:term":[{"taxonomy":"category","embeddable":true,"href":"https:\/\/denizcankizil.tr\/ru\/wp-json\/wp\/v2\/categories?post=112641"},{"taxonomy":"post_tag","embeddable":true,"href":"https:\/\/denizcankizil.tr\/ru\/wp-json\/wp\/v2\/tags?post=112641"}],"curies":[{"name":"wp","href":"https:\/\/api.w.org\/{rel}","templated":true}]}}