{"id":112620,"date":"2025-06-10T16:42:36","date_gmt":"2025-06-10T13:42:36","guid":{"rendered":"https:\/\/denizcankizil.tr\/uncategorized-tr\/cali-koy-filmleri-festivaline-akademik-bakis-acisi-ekleniyor\/"},"modified":"2025-06-10T16:42:36","modified_gmt":"2025-06-10T13:42:36","slug":"cali-koy-filmleri-festivaline-akademik-bakis-acisi-ekleniyor","status":"publish","type":"post","link":"https:\/\/denizcankizil.tr\/ru\/haberler\/gundem\/cali-koy-filmleri-festivaline-akademik-bakis-acisi-ekleniyor\/","title":{"rendered":"\u00c7al\u0131 K\u00f6y Filmleri Festivali\u2019ne akademik bak\u0131\u015f a\u00e7\u0131s\u0131 ekleniyor"},"content":{"rendered":"<p>\u00c7al\u0131 K\u00f6y Filmleri Festivali\u2019nin kapsam\u0131 geni\u015fliyor. Temmuz ay\u0131 sonunda ger\u00e7ekle\u015ftirilmesi planlanan festival kapsam\u0131nda 1. Ulusal Disiplinleraras\u0131 Sinema Sempozyumu da d\u00fczenlenecek.<\/p>\n<p>\u200b\u00c7al\u0131 K\u00f6y Filmleri Festivali\u2019nin kapsam\u0131 geni\u015fliyor. Temmuz ay\u0131 sonunda ger\u00e7ekle\u015ftirilmesi planlanan festival kapsam\u0131nda 1. Ulusal Disiplinleraras\u0131 Sinema Sempozyumu da d\u00fczenlenecek.\u00a0<\/p>\n<p>\u200bHaberin Al\u0131nt\u0131land\u0131\u011f\u0131 Kaynak: www.iskenderun.org<\/p>","protected":false},"excerpt":{"rendered":"<p>\u00c7al\u0131 K\u00f6y Filmleri Festivali\u2019nin kapsam\u0131 geni\u015fliyor. Temmuz ay\u0131 sonunda ger\u00e7ekle\u015ftirilmesi planlanan festival kapsam\u0131nda 1. Ulusal Disiplinleraras\u0131 Sinema Sempozyumu da d\u00fczenlenecek. \u200b\u00c7al\u0131 K\u00f6y Filmleri Festivali\u2019nin kapsam\u0131 geni\u015fliyor. Temmuz ay\u0131 sonunda ger\u00e7ekle\u015ftirilmesi planlanan festival kapsam\u0131nda 1. Ulusal Disiplinleraras\u0131 Sinema Sempozyumu da d\u00fczenlenecek.\u00a0 \u200bHaberin Al\u0131nt\u0131land\u0131\u011f\u0131 Kaynak: www.iskenderun.org<\/p>","protected":false},"author":1,"featured_media":0,"comment_status":"","ping_status":"open","sticky":false,"template":"","format":"standard","meta":{"_acf_changed":false,"footnotes":""},"categories":[24],"tags":[],"class_list":["post-112620","post","type-post","status-publish","format-standard","has-post-thumbnail","hentry","category-gundem"],"acf":[],"yoast_head":"<!-- This site is optimized with the Yoast SEO Premium plugin v26.6 (Yoast SEO v27.1.1) - https:\/\/yoast.com\/product\/yoast-seo-premium-wordpress\/ -->\n<title>\u00c7al\u0131 K\u00f6y Filmleri Festivali\u2019ne akademik bak\u0131\u015f a\u00e7\u0131s\u0131 ekleniyor - Av. Deniz Can K\u0131z\u0131l<\/title>\n<meta name=\"robots\" content=\"index, follow, max-snippet:-1, max-image-preview:large, max-video-preview:-1\" \/>\n<link rel=\"canonical\" href=\"https:\/\/denizcankizil.tr\/ru\/haberler\/gundem\/cali-koy-filmleri-festivaline-akademik-bakis-acisi-ekleniyor\/\" \/>\n<meta property=\"og:locale\" content=\"ru_RU\" \/>\n<meta property=\"og:type\" content=\"article\" \/>\n<meta property=\"og:title\" content=\"\u00c7al\u0131 K\u00f6y Filmleri Festivali\u2019ne akademik bak\u0131\u015f a\u00e7\u0131s\u0131 ekleniyor\" \/>\n<meta property=\"og:description\" content=\"\u00c7al\u0131 K\u00f6y Filmleri Festivali\u2019nin kapsam\u0131 geni\u015fliyor. Temmuz ay\u0131 sonunda ger\u00e7ekle\u015ftirilmesi planlanan festival kapsam\u0131nda 1. Ulusal Disiplinleraras\u0131 Sinema Sempozyumu da d\u00fczenlenecek. \u200b\u00c7al\u0131 K\u00f6y Filmleri Festivali\u2019nin kapsam\u0131 geni\u015fliyor. Temmuz ay\u0131 sonunda ger\u00e7ekle\u015ftirilmesi planlanan festival kapsam\u0131nda 1. Ulusal Disiplinleraras\u0131 Sinema Sempozyumu da d\u00fczenlenecek.\u00a0 \u200bHaberin Al\u0131nt\u0131land\u0131\u011f\u0131 Kaynak: www.iskenderun.org\" \/>\n<meta property=\"og:url\" content=\"https:\/\/denizcankizil.tr\/ru\/haberler\/gundem\/cali-koy-filmleri-festivaline-akademik-bakis-acisi-ekleniyor\/\" \/>\n<meta property=\"og:site_name\" content=\"Av. Deniz Can K\u0131z\u0131l\" \/>\n<meta property=\"article:published_time\" content=\"2025-06-10T13:42:36+00:00\" \/>\n<meta name=\"author\" content=\"admin\" \/>\n<meta name=\"twitter:card\" content=\"summary_large_image\" \/>\n<meta name=\"twitter:label1\" content=\"\u041d\u0430\u043f\u0438\u0441\u0430\u043d\u043e \u0430\u0432\u0442\u043e\u0440\u043e\u043c\" \/>\n\t<meta name=\"twitter:data1\" content=\"admin\" \/>\n<script type=\"application\/ld+json\" class=\"yoast-schema-graph\">{\"@context\":\"https:\/\/schema.org\",\"@graph\":[{\"@type\":\"Article\",\"@id\":\"https:\/\/denizcankizil.tr\/ru\/haberler\/gundem\/cali-koy-filmleri-festivaline-akademik-bakis-acisi-ekleniyor\/#article\",\"isPartOf\":{\"@id\":\"https:\/\/denizcankizil.tr\/ru\/haberler\/gundem\/cali-koy-filmleri-festivaline-akademik-bakis-acisi-ekleniyor\/\"},\"author\":{\"name\":\"admin\",\"@id\":\"https:\/\/denizcankizil.tr\/#\/schema\/person\/be3c05fe6a12686905512445d8185489\"},\"headline\":\"\u00c7al\u0131 K\u00f6y Filmleri Festivali\u2019ne akademik bak\u0131\u015f a\u00e7\u0131s\u0131 ekleniyor\",\"datePublished\":\"2025-06-10T13:42:36+00:00\",\"mainEntityOfPage\":{\"@id\":\"https:\/\/denizcankizil.tr\/ru\/haberler\/gundem\/cali-koy-filmleri-festivaline-akademik-bakis-acisi-ekleniyor\/\"},\"wordCount\":71,\"publisher\":{\"@id\":\"https:\/\/denizcankizil.tr\/#organization\"},\"articleSection\":[\"G\u00fcndem\"],\"inLanguage\":\"ru-RU\"},{\"@type\":\"WebPage\",\"@id\":\"https:\/\/denizcankizil.tr\/ru\/haberler\/gundem\/cali-koy-filmleri-festivaline-akademik-bakis-acisi-ekleniyor\/\",\"url\":\"https:\/\/denizcankizil.tr\/ru\/haberler\/gundem\/cali-koy-filmleri-festivaline-akademik-bakis-acisi-ekleniyor\/\",\"name\":\"\u00c7al\u0131 K\u00f6y Filmleri Festivali\u2019ne akademik bak\u0131\u015f a\u00e7\u0131s\u0131 ekleniyor - Av. Deniz Can K\u0131z\u0131l\",\"isPartOf\":{\"@id\":\"https:\/\/denizcankizil.tr\/#website\"},\"datePublished\":\"2025-06-10T13:42:36+00:00\",\"breadcrumb\":{\"@id\":\"https:\/\/denizcankizil.tr\/ru\/haberler\/gundem\/cali-koy-filmleri-festivaline-akademik-bakis-acisi-ekleniyor\/#breadcrumb\"},\"inLanguage\":\"ru-RU\",\"potentialAction\":[{\"@type\":\"ReadAction\",\"target\":[\"https:\/\/denizcankizil.tr\/ru\/haberler\/gundem\/cali-koy-filmleri-festivaline-akademik-bakis-acisi-ekleniyor\/\"]}]},{\"@type\":\"BreadcrumbList\",\"@id\":\"https:\/\/denizcankizil.tr\/ru\/haberler\/gundem\/cali-koy-filmleri-festivaline-akademik-bakis-acisi-ekleniyor\/#breadcrumb\",\"itemListElement\":[{\"@type\":\"ListItem\",\"position\":1,\"name\":\"Home\",\"item\":\"https:\/\/denizcankizil.tr\/de\/\"},{\"@type\":\"ListItem\",\"position\":2,\"name\":\"\u00c7al\u0131 K\u00f6y Filmleri Festivali\u2019ne akademik bak\u0131\u015f a\u00e7\u0131s\u0131 ekleniyor\"}]},{\"@type\":\"WebSite\",\"@id\":\"https:\/\/denizcankizil.tr\/#website\",\"url\":\"https:\/\/denizcankizil.tr\/\",\"name\":\"Av. Deniz Can K\u0131z\u0131l\",\"description\":\"Avukat Deniz Can K\u0131z\u0131l Antalya Barosu\",\"publisher\":{\"@id\":\"https:\/\/denizcankizil.tr\/#organization\"},\"potentialAction\":[{\"@type\":\"SearchAction\",\"target\":{\"@type\":\"EntryPoint\",\"urlTemplate\":\"https:\/\/denizcankizil.tr\/?s={search_term_string}\"},\"query-input\":{\"@type\":\"PropertyValueSpecification\",\"valueRequired\":true,\"valueName\":\"search_term_string\"}}],\"inLanguage\":\"ru-RU\"},{\"@type\":\"Organization\",\"@id\":\"https:\/\/denizcankizil.tr\/#organization\",\"name\":\"Av. Deniz Can K\u0131z\u0131l\",\"url\":\"https:\/\/denizcankizil.tr\/\",\"logo\":{\"@type\":\"ImageObject\",\"inLanguage\":\"ru-RU\",\"@id\":\"https:\/\/denizcankizil.tr\/#\/schema\/logo\/image\/\",\"url\":\"https:\/\/denizcankizil.tr\/wp-content\/uploads\/2024\/10\/siyah-logo-svg.svg\",\"contentUrl\":\"https:\/\/denizcankizil.tr\/wp-content\/uploads\/2024\/10\/siyah-logo-svg.svg\",\"width\":1080,\"height\":1080,\"caption\":\"Av. Deniz Can K\u0131z\u0131l\"},\"image\":{\"@id\":\"https:\/\/denizcankizil.tr\/#\/schema\/logo\/image\/\"}},{\"@type\":\"Person\",\"@id\":\"https:\/\/denizcankizil.tr\/#\/schema\/person\/be3c05fe6a12686905512445d8185489\",\"name\":\"admin\",\"image\":{\"@type\":\"ImageObject\",\"inLanguage\":\"ru-RU\",\"@id\":\"https:\/\/denizcankizil.tr\/#\/schema\/person\/image\/\",\"url\":\"https:\/\/secure.gravatar.com\/avatar\/c1fce94c830dc79107e174f890d7210541c4a63e8e5d816341794a2151c9d58c?s=96&d=mm&r=g\",\"contentUrl\":\"https:\/\/secure.gravatar.com\/avatar\/c1fce94c830dc79107e174f890d7210541c4a63e8e5d816341794a2151c9d58c?s=96&d=mm&r=g\",\"caption\":\"admin\"},\"sameAs\":[\"http:\/\/denizcankizil.tr\"],\"url\":\"https:\/\/www.iskenderun.org\/cali-koy-filmleri-festivaline-akademik-bakis-acisi-ekleniyor\"}]}<\/script>\n<!-- \/ Yoast SEO Premium plugin. -->","yoast_head_json":{"title":"\u00c7al\u0131 K\u00f6y Filmleri Festivali\u2019ne akademik bak\u0131\u015f a\u00e7\u0131s\u0131 ekleniyor - Av. Deniz Can K\u0131z\u0131l","robots":{"index":"index","follow":"follow","max-snippet":"max-snippet:-1","max-image-preview":"max-image-preview:large","max-video-preview":"max-video-preview:-1"},"canonical":"https:\/\/denizcankizil.tr\/ru\/haberler\/gundem\/cali-koy-filmleri-festivaline-akademik-bakis-acisi-ekleniyor\/","og_locale":"ru_RU","og_type":"article","og_title":"\u00c7al\u0131 K\u00f6y Filmleri Festivali\u2019ne akademik bak\u0131\u015f a\u00e7\u0131s\u0131 ekleniyor","og_description":"\u00c7al\u0131 K\u00f6y Filmleri Festivali\u2019nin kapsam\u0131 geni\u015fliyor. Temmuz ay\u0131 sonunda ger\u00e7ekle\u015ftirilmesi planlanan festival kapsam\u0131nda 1. Ulusal Disiplinleraras\u0131 Sinema Sempozyumu da d\u00fczenlenecek. \u200b\u00c7al\u0131 K\u00f6y Filmleri Festivali\u2019nin kapsam\u0131 geni\u015fliyor. Temmuz ay\u0131 sonunda ger\u00e7ekle\u015ftirilmesi planlanan festival kapsam\u0131nda 1. Ulusal Disiplinleraras\u0131 Sinema Sempozyumu da d\u00fczenlenecek.\u00a0 \u200bHaberin Al\u0131nt\u0131land\u0131\u011f\u0131 Kaynak: www.iskenderun.org","og_url":"https:\/\/denizcankizil.tr\/ru\/haberler\/gundem\/cali-koy-filmleri-festivaline-akademik-bakis-acisi-ekleniyor\/","og_site_name":"Av. Deniz Can K\u0131z\u0131l","article_published_time":"2025-06-10T13:42:36+00:00","author":"admin","twitter_card":"summary_large_image","twitter_misc":{"\u041d\u0430\u043f\u0438\u0441\u0430\u043d\u043e \u0430\u0432\u0442\u043e\u0440\u043e\u043c":"admin"},"schema":{"@context":"https:\/\/schema.org","@graph":[{"@type":"Article","@id":"https:\/\/denizcankizil.tr\/ru\/haberler\/gundem\/cali-koy-filmleri-festivaline-akademik-bakis-acisi-ekleniyor\/#article","isPartOf":{"@id":"https:\/\/denizcankizil.tr\/ru\/haberler\/gundem\/cali-koy-filmleri-festivaline-akademik-bakis-acisi-ekleniyor\/"},"author":{"name":"admin","@id":"https:\/\/denizcankizil.tr\/#\/schema\/person\/be3c05fe6a12686905512445d8185489"},"headline":"\u00c7al\u0131 K\u00f6y Filmleri Festivali\u2019ne akademik bak\u0131\u015f a\u00e7\u0131s\u0131 ekleniyor","datePublished":"2025-06-10T13:42:36+00:00","mainEntityOfPage":{"@id":"https:\/\/denizcankizil.tr\/ru\/haberler\/gundem\/cali-koy-filmleri-festivaline-akademik-bakis-acisi-ekleniyor\/"},"wordCount":71,"publisher":{"@id":"https:\/\/denizcankizil.tr\/#organization"},"articleSection":["G\u00fcndem"],"inLanguage":"ru-RU"},{"@type":"WebPage","@id":"https:\/\/denizcankizil.tr\/ru\/haberler\/gundem\/cali-koy-filmleri-festivaline-akademik-bakis-acisi-ekleniyor\/","url":"https:\/\/denizcankizil.tr\/ru\/haberler\/gundem\/cali-koy-filmleri-festivaline-akademik-bakis-acisi-ekleniyor\/","name":"\u00c7al\u0131 K\u00f6y Filmleri Festivali\u2019ne akademik bak\u0131\u015f a\u00e7\u0131s\u0131 ekleniyor - Av. Deniz Can K\u0131z\u0131l","isPartOf":{"@id":"https:\/\/denizcankizil.tr\/#website"},"datePublished":"2025-06-10T13:42:36+00:00","breadcrumb":{"@id":"https:\/\/denizcankizil.tr\/ru\/haberler\/gundem\/cali-koy-filmleri-festivaline-akademik-bakis-acisi-ekleniyor\/#breadcrumb"},"inLanguage":"ru-RU","potentialAction":[{"@type":"ReadAction","target":["https:\/\/denizcankizil.tr\/ru\/haberler\/gundem\/cali-koy-filmleri-festivaline-akademik-bakis-acisi-ekleniyor\/"]}]},{"@type":"BreadcrumbList","@id":"https:\/\/denizcankizil.tr\/ru\/haberler\/gundem\/cali-koy-filmleri-festivaline-akademik-bakis-acisi-ekleniyor\/#breadcrumb","itemListElement":[{"@type":"ListItem","position":1,"name":"Home","item":"https:\/\/denizcankizil.tr\/de\/"},{"@type":"ListItem","position":2,"name":"\u00c7al\u0131 K\u00f6y Filmleri Festivali\u2019ne akademik bak\u0131\u015f a\u00e7\u0131s\u0131 ekleniyor"}]},{"@type":"WebSite","@id":"https:\/\/denizcankizil.tr\/#website","url":"https:\/\/denizcankizil.tr\/","name":"Av. Deniz Can K\u0131z\u0131l","description":"Avukat Deniz Can K\u0131z\u0131l Antalya Barosu","publisher":{"@id":"https:\/\/denizcankizil.tr\/#organization"},"potentialAction":[{"@type":"SearchAction","target":{"@type":"EntryPoint","urlTemplate":"https:\/\/denizcankizil.tr\/?s={search_term_string}"},"query-input":{"@type":"PropertyValueSpecification","valueRequired":true,"valueName":"search_term_string"}}],"inLanguage":"ru-RU"},{"@type":"Organization","@id":"https:\/\/denizcankizil.tr\/#organization","name":"Av. Deniz Can K\u0131z\u0131l","url":"https:\/\/denizcankizil.tr\/","logo":{"@type":"ImageObject","inLanguage":"ru-RU","@id":"https:\/\/denizcankizil.tr\/#\/schema\/logo\/image\/","url":"https:\/\/denizcankizil.tr\/wp-content\/uploads\/2024\/10\/siyah-logo-svg.svg","contentUrl":"https:\/\/denizcankizil.tr\/wp-content\/uploads\/2024\/10\/siyah-logo-svg.svg","width":1080,"height":1080,"caption":"Av. Deniz Can K\u0131z\u0131l"},"image":{"@id":"https:\/\/denizcankizil.tr\/#\/schema\/logo\/image\/"}},{"@type":"Person","@id":"https:\/\/denizcankizil.tr\/#\/schema\/person\/be3c05fe6a12686905512445d8185489","name":"\u0430\u0434\u043c\u0438\u043d","image":{"@type":"ImageObject","inLanguage":"ru-RU","@id":"https:\/\/denizcankizil.tr\/#\/schema\/person\/image\/","url":"https:\/\/secure.gravatar.com\/avatar\/c1fce94c830dc79107e174f890d7210541c4a63e8e5d816341794a2151c9d58c?s=96&d=mm&r=g","contentUrl":"https:\/\/secure.gravatar.com\/avatar\/c1fce94c830dc79107e174f890d7210541c4a63e8e5d816341794a2151c9d58c?s=96&d=mm&r=g","caption":"admin"},"sameAs":["http:\/\/denizcankizil.tr"],"url":"https:\/\/www.iskenderun.org\/cali-koy-filmleri-festivaline-akademik-bakis-acisi-ekleniyor"}]}},"_links":{"self":[{"href":"https:\/\/denizcankizil.tr\/ru\/wp-json\/wp\/v2\/posts\/112620","targetHints":{"allow":["GET"]}}],"collection":[{"href":"https:\/\/denizcankizil.tr\/ru\/wp-json\/wp\/v2\/posts"}],"about":[{"href":"https:\/\/denizcankizil.tr\/ru\/wp-json\/wp\/v2\/types\/post"}],"author":[{"embeddable":true,"href":"https:\/\/denizcankizil.tr\/ru\/wp-json\/wp\/v2\/users\/1"}],"replies":[{"embeddable":true,"href":"https:\/\/denizcankizil.tr\/ru\/wp-json\/wp\/v2\/comments?post=112620"}],"version-history":[{"count":0,"href":"https:\/\/denizcankizil.tr\/ru\/wp-json\/wp\/v2\/posts\/112620\/revisions"}],"wp:attachment":[{"href":"https:\/\/denizcankizil.tr\/ru\/wp-json\/wp\/v2\/media?parent=112620"}],"wp:term":[{"taxonomy":"category","embeddable":true,"href":"https:\/\/denizcankizil.tr\/ru\/wp-json\/wp\/v2\/categories?post=112620"},{"taxonomy":"post_tag","embeddable":true,"href":"https:\/\/denizcankizil.tr\/ru\/wp-json\/wp\/v2\/tags?post=112620"}],"curies":[{"name":"wp","href":"https:\/\/api.w.org\/{rel}","templated":true}]}}