{"id":112433,"date":"2025-06-10T13:41:28","date_gmt":"2025-06-10T10:41:28","guid":{"rendered":"https:\/\/denizcankizil.tr\/uncategorized-tr\/trabzondan-antalyaya-gelen-vatandas-trafik-tabelalarina-isyan-etti-bu-tabelalar-antalyalilara-hakarettir\/"},"modified":"2025-06-10T13:41:28","modified_gmt":"2025-06-10T10:41:28","slug":"trabzondan-antalyaya-gelen-vatandas-trafik-tabelalarina-isyan-etti-bu-tabelalar-antalyalilara-hakarettir","status":"publish","type":"post","link":"https:\/\/denizcankizil.tr\/ru\/haberler\/gundem\/trabzondan-antalyaya-gelen-vatandas-trafik-tabelalarina-isyan-etti-bu-tabelalar-antalyalilara-hakarettir\/","title":{"rendered":"Trabzon&#8217;dan Antalya&#8217;ya gelen vatanda\u015f, trafik tabelalar\u0131na isyan etti: &#8220;Bu tabelalar Antalyal\u0131lara hakarettir&#8221;"},"content":{"rendered":"<p>Antalya&#8217;n\u0131n Serik il\u00e7esinde Belek Kav\u015fa\u011f\u0131&#8217;nda yer alan trafik tabelalar\u0131 Trabzon&#8217;dan gelen bir s\u00fcr\u00fcc\u00fcn\u00fcn tepkisini \u00e7ekti. Otomobiliyle seyir halindeyken kayda ald\u0131\u011f\u0131 g\u00f6r\u00fcnt\u00fclerde konu\u015fan vatanda\u015f, sola d\u00f6n\u00fc\u015f\u00fcn oldu\u011fu bir kav\u015fakta yer alan &#8220;sola d\u00f6n\u00fclmez&#8221; tabelas\u0131n\u0131 ele\u015ftirerek uygulaman\u0131n anlams\u0131z oldu\u011fu ifade etti.<\/p>\n<p>&#8220;ANTALYALILARA HAKARET EDER G\u0130B\u0130 TABELA YERLE\u015eT\u0130R\u0130LM\u0130\u015e&#8221; <\/p>\n<p>Belek Kav\u015fa\u011f\u0131&#8217;ndaki trafik \u0131\u015f\u0131klar\u0131na geldi\u011fi s\u0131rada sola d\u00f6n\u00fclmez tabelas\u0131n\u0131 ilk g\u00f6rd\u00fc\u011f\u00fcnde \u015fa\u015f\u0131rd\u0131\u011f\u0131n\u0131 belirten vatanda\u015f, &#8220;Bunda bir yanl\u0131\u015fl\u0131k var herhalde dedim. Hem sola kav\u015fak var hem de dola d\u00f6n\u00fclemez tabelas\u0131 var. Herhalde insanlar di\u011fer ara\u00e7lar\u0131n geli\u015f y\u00f6n\u00fcndeki yoldan d\u00f6nmesinler diye bunu buraya koydular diye d\u00fc\u015f\u00fcnd\u00fcm. Ama bence bu Antalyal\u0131lara hakaret olur&#8221; dedi.<\/p>\n<p>&#8220;ZAVADANAK DAYI Y\u00dcZ\u00dcNDEN B\u00d6YLE KONULDU HERHALDE TABELALAR&#8221; <\/p>\n<p>Yoluna devam eden vatanda\u015f, bir di\u011fer noktada ise hem sa\u011fa hem sola d\u00f6n\u00fclmez tabelas\u0131yla kar\u015f\u0131la\u015ft\u0131. Bu kez de \u015fa\u015fk\u0131nl\u0131\u011f\u0131n\u0131 gizleyemeyen s\u00fcr\u00fcc\u00fc, &#8220;Bir insan neden buradan sa\u011f d\u00f6nmek istesin, zaten sa\u011f d\u00f6n\u00fclecek bir yol yok. Sola da d\u00f6n\u00fclemez&#8221; yorumunda bulundu. 2020 y\u0131l\u0131nda Antalya&#8217;n\u0131n Manavgat il\u00e7esinde kamyoneti ile kaza yapan ve di\u011fer ara\u00e7 s\u00fcr\u00fcc\u00fcs\u00fcne &#8220;Koronadan m\u0131 ka\u00e7\u0131yordun&#8221;, &#8220;Zavadanak \u00e7arpt\u0131&#8221; s\u00f6zleriyle sosyal medyada g\u00fcndem olan Bekir Varol&#8217;a g\u00f6nderme yapan s\u00fcr\u00fcc\u00fc, &#8220;Herhalde bu &#8216;zavadanak day\u0131&#8217; y\u00fcz\u00fcnden b\u00f6yle tabelalar koydular. Bir anlam veremedim bu olaya&#8221; ifadelerini kulland\u0131.<\/p>\n<p>Sosyal medyada payla\u015f\u0131lan g\u00f6r\u00fcnt\u00fcler k\u0131sa s\u00fcrede \u00e7ok say\u0131da izlenme al\u0131rken, b\u00f6lgedeki trafik i\u015faretlerinin mant\u0131kl\u0131 bir \u015fekilde d\u00fczenlenmesi gerekti\u011fi y\u00f6n\u00fcnde yorumlar yap\u0131ld\u0131.<\/p>\n<p>\u200bAntalya&#8217;n\u0131n Serik il\u00e7esi Belek Kav\u015fa\u011f\u0131&#8217;ndaki trafik tabelalar\u0131 Trabzon&#8217;dan tatil i\u00e7in kente gelen bir vatanda\u015f\u0131n tepkisini \u00e7ekti. Kav\u015faktaki yanl\u0131\u015f y\u00f6nlendirmelere vurgu yapan vatanda\u015f, \u201cZaten sa\u011fa ve sola d\u00f6n\u00fc\u015f\u00fcn olmad\u0131\u011f\u0131 yola \u2018sa\u011fa, sola d\u00f6n\u00fclmez\u2019 levhas\u0131 koymu\u015flar. Bu yap\u0131lan Antalyal\u0131lara hakarettir\u201d dedi\u00a0<\/p>\n<p>\u200bHaberin Al\u0131nt\u0131land\u0131\u011f\u0131 Kaynak: www.antalyakorfez.com<\/p>","protected":false},"excerpt":{"rendered":"<p>Antalya&#8217;n\u0131n Serik il\u00e7esinde Belek Kav\u015fa\u011f\u0131&#8217;nda yer alan trafik tabelalar\u0131 Trabzon&#8217;dan gelen bir s\u00fcr\u00fcc\u00fcn\u00fcn tepkisini \u00e7ekti. Otomobiliyle seyir halindeyken kayda ald\u0131\u011f\u0131 g\u00f6r\u00fcnt\u00fclerde konu\u015fan vatanda\u015f, sola d\u00f6n\u00fc\u015f\u00fcn oldu\u011fu bir kav\u015fakta yer alan &#8220;sola d\u00f6n\u00fclmez&#8221; tabelas\u0131n\u0131 ele\u015ftirerek uygulaman\u0131n anlams\u0131z oldu\u011fu ifade etti. &#8220;ANTALYALILARA HAKARET EDER G\u0130B\u0130 TABELA YERLE\u015eT\u0130R\u0130LM\u0130\u015e&#8221; Belek Kav\u015fa\u011f\u0131&#8217;ndaki trafik \u0131\u015f\u0131klar\u0131na geldi\u011fi s\u0131rada sola d\u00f6n\u00fclmez tabelas\u0131n\u0131 ilk g\u00f6rd\u00fc\u011f\u00fcnde \u015fa\u015f\u0131rd\u0131\u011f\u0131n\u0131 belirten vatanda\u015f, &#8220;Bunda bir yanl\u0131\u015fl\u0131k var herhalde dedim. Hem sola kav\u015fak var hem de dola d\u00f6n\u00fclemez tabelas\u0131 var. Herhalde insanlar di\u011fer ara\u00e7lar\u0131n geli\u015f y\u00f6n\u00fcndeki yoldan d\u00f6nmesinler diye bunu buraya koydular diye d\u00fc\u015f\u00fcnd\u00fcm. Ama bence bu Antalyal\u0131lara hakaret olur&#8221; dedi. &#8220;ZAVADANAK DAYI Y\u00dcZ\u00dcNDEN B\u00d6YLE KONULDU HERHALDE TABELALAR&#8221; Yoluna devam eden vatanda\u015f, bir di\u011fer noktada ise hem sa\u011fa hem sola d\u00f6n\u00fclmez tabelas\u0131yla kar\u015f\u0131la\u015ft\u0131. Bu kez de \u015fa\u015fk\u0131nl\u0131\u011f\u0131n\u0131 gizleyemeyen s\u00fcr\u00fcc\u00fc, &#8220;Bir insan neden buradan sa\u011f d\u00f6nmek istesin, zaten sa\u011f d\u00f6n\u00fclecek bir yol yok. Sola da d\u00f6n\u00fclemez&#8221; yorumunda bulundu. 2020 y\u0131l\u0131nda Antalya&#8217;n\u0131n Manavgat il\u00e7esinde kamyoneti ile kaza yapan ve di\u011fer ara\u00e7 s\u00fcr\u00fcc\u00fcs\u00fcne &#8220;Koronadan m\u0131 ka\u00e7\u0131yordun&#8221;, &#8220;Zavadanak \u00e7arpt\u0131&#8221; s\u00f6zleriyle sosyal medyada g\u00fcndem olan Bekir Varol&#8217;a g\u00f6nderme yapan s\u00fcr\u00fcc\u00fc, &#8220;Herhalde bu &#8216;zavadanak day\u0131&#8217; y\u00fcz\u00fcnden b\u00f6yle tabelalar koydular. Bir anlam veremedim bu olaya&#8221; ifadelerini kulland\u0131. Sosyal medyada payla\u015f\u0131lan g\u00f6r\u00fcnt\u00fcler k\u0131sa s\u00fcrede \u00e7ok say\u0131da izlenme al\u0131rken, b\u00f6lgedeki trafik i\u015faretlerinin mant\u0131kl\u0131 bir &hellip;<\/p>","protected":false},"author":5,"featured_media":0,"comment_status":"","ping_status":"open","sticky":false,"template":"","format":"standard","meta":{"_acf_changed":false,"footnotes":""},"categories":[24],"tags":[],"class_list":["post-112433","post","type-post","status-publish","format-standard","has-post-thumbnail","hentry","category-gundem"],"acf":[],"yoast_head":"<!-- This site is optimized with the Yoast SEO Premium plugin v26.6 (Yoast SEO v27.1.1) - https:\/\/yoast.com\/product\/yoast-seo-premium-wordpress\/ -->\n<title>Trabzon&#039;dan Antalya&#039;ya gelen vatanda\u015f, trafik tabelalar\u0131na isyan etti: &quot;Bu tabelalar Antalyal\u0131lara hakarettir&quot; - Av. Deniz Can K\u0131z\u0131l<\/title>\n<meta name=\"robots\" content=\"index, follow, max-snippet:-1, max-image-preview:large, max-video-preview:-1\" \/>\n<link rel=\"canonical\" href=\"https:\/\/denizcankizil.tr\/ru\/haberler\/gundem\/trabzondan-antalyaya-gelen-vatandas-trafik-tabelalarina-isyan-etti-bu-tabelalar-antalyalilara-hakarettir\/\" \/>\n<meta property=\"og:locale\" content=\"ru_RU\" \/>\n<meta property=\"og:type\" content=\"article\" \/>\n<meta property=\"og:title\" content=\"Trabzon&#039;dan Antalya&#039;ya gelen vatanda\u015f, trafik tabelalar\u0131na isyan etti: &quot;Bu tabelalar Antalyal\u0131lara hakarettir&quot;\" \/>\n<meta property=\"og:description\" content=\"Antalya&#8217;n\u0131n Serik il\u00e7esinde Belek Kav\u015fa\u011f\u0131&#8217;nda yer alan trafik tabelalar\u0131 Trabzon&#8217;dan gelen bir s\u00fcr\u00fcc\u00fcn\u00fcn tepkisini \u00e7ekti. Otomobiliyle seyir halindeyken kayda ald\u0131\u011f\u0131 g\u00f6r\u00fcnt\u00fclerde konu\u015fan vatanda\u015f, sola d\u00f6n\u00fc\u015f\u00fcn oldu\u011fu bir kav\u015fakta yer alan &#8220;sola d\u00f6n\u00fclmez&#8221; tabelas\u0131n\u0131 ele\u015ftirerek uygulaman\u0131n anlams\u0131z oldu\u011fu ifade etti. &#8220;ANTALYALILARA HAKARET EDER G\u0130B\u0130 TABELA YERLE\u015eT\u0130R\u0130LM\u0130\u015e&#8221; Belek Kav\u015fa\u011f\u0131&#8217;ndaki trafik \u0131\u015f\u0131klar\u0131na geldi\u011fi s\u0131rada sola d\u00f6n\u00fclmez tabelas\u0131n\u0131 ilk g\u00f6rd\u00fc\u011f\u00fcnde \u015fa\u015f\u0131rd\u0131\u011f\u0131n\u0131 belirten vatanda\u015f, &#8220;Bunda bir yanl\u0131\u015fl\u0131k var herhalde dedim. Hem sola kav\u015fak var hem de dola d\u00f6n\u00fclemez tabelas\u0131 var. Herhalde insanlar di\u011fer ara\u00e7lar\u0131n geli\u015f y\u00f6n\u00fcndeki yoldan d\u00f6nmesinler diye bunu buraya koydular diye d\u00fc\u015f\u00fcnd\u00fcm. Ama bence bu Antalyal\u0131lara hakaret olur&#8221; dedi. &#8220;ZAVADANAK DAYI Y\u00dcZ\u00dcNDEN B\u00d6YLE KONULDU HERHALDE TABELALAR&#8221; Yoluna devam eden vatanda\u015f, bir di\u011fer noktada ise hem sa\u011fa hem sola d\u00f6n\u00fclmez tabelas\u0131yla kar\u015f\u0131la\u015ft\u0131. Bu kez de \u015fa\u015fk\u0131nl\u0131\u011f\u0131n\u0131 gizleyemeyen s\u00fcr\u00fcc\u00fc, &#8220;Bir insan neden buradan sa\u011f d\u00f6nmek istesin, zaten sa\u011f d\u00f6n\u00fclecek bir yol yok. Sola da d\u00f6n\u00fclemez&#8221; yorumunda bulundu. 2020 y\u0131l\u0131nda Antalya&#8217;n\u0131n Manavgat il\u00e7esinde kamyoneti ile kaza yapan ve di\u011fer ara\u00e7 s\u00fcr\u00fcc\u00fcs\u00fcne &#8220;Koronadan m\u0131 ka\u00e7\u0131yordun&#8221;, &#8220;Zavadanak \u00e7arpt\u0131&#8221; s\u00f6zleriyle sosyal medyada g\u00fcndem olan Bekir Varol&#8217;a g\u00f6nderme yapan s\u00fcr\u00fcc\u00fc, &#8220;Herhalde bu &#8216;zavadanak day\u0131&#8217; y\u00fcz\u00fcnden b\u00f6yle tabelalar koydular. Bir anlam veremedim bu olaya&#8221; ifadelerini kulland\u0131. Sosyal medyada payla\u015f\u0131lan g\u00f6r\u00fcnt\u00fcler k\u0131sa s\u00fcrede \u00e7ok say\u0131da izlenme al\u0131rken, b\u00f6lgedeki trafik i\u015faretlerinin mant\u0131kl\u0131 bir &hellip;\" \/>\n<meta property=\"og:url\" content=\"https:\/\/denizcankizil.tr\/ru\/haberler\/gundem\/trabzondan-antalyaya-gelen-vatandas-trafik-tabelalarina-isyan-etti-bu-tabelalar-antalyalilara-hakarettir\/\" \/>\n<meta property=\"og:site_name\" content=\"Av. Deniz Can K\u0131z\u0131l\" \/>\n<meta property=\"article:published_time\" content=\"2025-06-10T10:41:28+00:00\" \/>\n<meta name=\"author\" content=\"Antalya K\u00f6rfez\" \/>\n<meta name=\"twitter:card\" content=\"summary_large_image\" \/>\n<meta name=\"twitter:label1\" content=\"\u041d\u0430\u043f\u0438\u0441\u0430\u043d\u043e \u0430\u0432\u0442\u043e\u0440\u043e\u043c\" \/>\n\t<meta name=\"twitter:data1\" content=\"Antalya K\u00f6rfez\" \/>\n\t<meta name=\"twitter:label2\" content=\"\u041f\u0440\u0438\u043c\u0435\u0440\u043d\u043e\u0435 \u0432\u0440\u0435\u043c\u044f \u0434\u043b\u044f \u0447\u0442\u0435\u043d\u0438\u044f\" \/>\n\t<meta name=\"twitter:data2\" content=\"2 \u043c\u0438\u043d\u0443\u0442\u044b\" \/>\n<script type=\"application\/ld+json\" class=\"yoast-schema-graph\">{\"@context\":\"https:\/\/schema.org\",\"@graph\":[{\"@type\":\"Article\",\"@id\":\"https:\/\/denizcankizil.tr\/ru\/haberler\/gundem\/trabzondan-antalyaya-gelen-vatandas-trafik-tabelalarina-isyan-etti-bu-tabelalar-antalyalilara-hakarettir\/#article\",\"isPartOf\":{\"@id\":\"https:\/\/denizcankizil.tr\/ru\/haberler\/gundem\/trabzondan-antalyaya-gelen-vatandas-trafik-tabelalarina-isyan-etti-bu-tabelalar-antalyalilara-hakarettir\/\"},\"author\":{\"name\":\"Antalya K\u00f6rfez\",\"@id\":\"https:\/\/denizcankizil.tr\/#\/schema\/person\/e1eb71bb4dd684d46563f0af307e1234\"},\"headline\":\"Trabzon&#8217;dan Antalya&#8217;ya gelen vatanda\u015f, trafik tabelalar\u0131na isyan etti: &#8220;Bu tabelalar Antalyal\u0131lara hakarettir&#8221;\",\"datePublished\":\"2025-06-10T10:41:28+00:00\",\"mainEntityOfPage\":{\"@id\":\"https:\/\/denizcankizil.tr\/ru\/haberler\/gundem\/trabzondan-antalyaya-gelen-vatandas-trafik-tabelalarina-isyan-etti-bu-tabelalar-antalyalilara-hakarettir\/\"},\"wordCount\":398,\"publisher\":{\"@id\":\"https:\/\/denizcankizil.tr\/#organization\"},\"articleSection\":[\"G\u00fcndem\"],\"inLanguage\":\"ru-RU\"},{\"@type\":\"WebPage\",\"@id\":\"https:\/\/denizcankizil.tr\/ru\/haberler\/gundem\/trabzondan-antalyaya-gelen-vatandas-trafik-tabelalarina-isyan-etti-bu-tabelalar-antalyalilara-hakarettir\/\",\"url\":\"https:\/\/denizcankizil.tr\/ru\/haberler\/gundem\/trabzondan-antalyaya-gelen-vatandas-trafik-tabelalarina-isyan-etti-bu-tabelalar-antalyalilara-hakarettir\/\",\"name\":\"Trabzon'dan Antalya'ya gelen vatanda\u015f, trafik tabelalar\u0131na isyan etti: \\\"Bu tabelalar Antalyal\u0131lara hakarettir\\\" - Av. Deniz Can K\u0131z\u0131l\",\"isPartOf\":{\"@id\":\"https:\/\/denizcankizil.tr\/#website\"},\"datePublished\":\"2025-06-10T10:41:28+00:00\",\"breadcrumb\":{\"@id\":\"https:\/\/denizcankizil.tr\/ru\/haberler\/gundem\/trabzondan-antalyaya-gelen-vatandas-trafik-tabelalarina-isyan-etti-bu-tabelalar-antalyalilara-hakarettir\/#breadcrumb\"},\"inLanguage\":\"ru-RU\",\"potentialAction\":[{\"@type\":\"ReadAction\",\"target\":[\"https:\/\/denizcankizil.tr\/ru\/haberler\/gundem\/trabzondan-antalyaya-gelen-vatandas-trafik-tabelalarina-isyan-etti-bu-tabelalar-antalyalilara-hakarettir\/\"]}]},{\"@type\":\"BreadcrumbList\",\"@id\":\"https:\/\/denizcankizil.tr\/ru\/haberler\/gundem\/trabzondan-antalyaya-gelen-vatandas-trafik-tabelalarina-isyan-etti-bu-tabelalar-antalyalilara-hakarettir\/#breadcrumb\",\"itemListElement\":[{\"@type\":\"ListItem\",\"position\":1,\"name\":\"Home\",\"item\":\"https:\/\/denizcankizil.tr\/de\/\"},{\"@type\":\"ListItem\",\"position\":2,\"name\":\"Trabzon&#8217;dan Antalya&#8217;ya gelen vatanda\u015f, trafik tabelalar\u0131na isyan etti: &#8220;Bu tabelalar Antalyal\u0131lara hakarettir&#8221;\"}]},{\"@type\":\"WebSite\",\"@id\":\"https:\/\/denizcankizil.tr\/#website\",\"url\":\"https:\/\/denizcankizil.tr\/\",\"name\":\"Av. Deniz Can K\u0131z\u0131l\",\"description\":\"Avukat Deniz Can K\u0131z\u0131l Antalya Barosu\",\"publisher\":{\"@id\":\"https:\/\/denizcankizil.tr\/#organization\"},\"potentialAction\":[{\"@type\":\"SearchAction\",\"target\":{\"@type\":\"EntryPoint\",\"urlTemplate\":\"https:\/\/denizcankizil.tr\/?s={search_term_string}\"},\"query-input\":{\"@type\":\"PropertyValueSpecification\",\"valueRequired\":true,\"valueName\":\"search_term_string\"}}],\"inLanguage\":\"ru-RU\"},{\"@type\":\"Organization\",\"@id\":\"https:\/\/denizcankizil.tr\/#organization\",\"name\":\"Av. Deniz Can K\u0131z\u0131l\",\"url\":\"https:\/\/denizcankizil.tr\/\",\"logo\":{\"@type\":\"ImageObject\",\"inLanguage\":\"ru-RU\",\"@id\":\"https:\/\/denizcankizil.tr\/#\/schema\/logo\/image\/\",\"url\":\"https:\/\/denizcankizil.tr\/wp-content\/uploads\/2024\/10\/siyah-logo-svg.svg\",\"contentUrl\":\"https:\/\/denizcankizil.tr\/wp-content\/uploads\/2024\/10\/siyah-logo-svg.svg\",\"width\":1080,\"height\":1080,\"caption\":\"Av. Deniz Can K\u0131z\u0131l\"},\"image\":{\"@id\":\"https:\/\/denizcankizil.tr\/#\/schema\/logo\/image\/\"}},{\"@type\":\"Person\",\"@id\":\"https:\/\/denizcankizil.tr\/#\/schema\/person\/e1eb71bb4dd684d46563f0af307e1234\",\"name\":\"Antalya K\u00f6rfez\",\"image\":{\"@type\":\"ImageObject\",\"inLanguage\":\"ru-RU\",\"@id\":\"https:\/\/denizcankizil.tr\/#\/schema\/person\/image\/\",\"url\":\"https:\/\/secure.gravatar.com\/avatar\/42b01982558a48a0b501fdcab6a408d3717ea5919095ee2e67b0e521799c5905?s=96&d=mm&r=g\",\"contentUrl\":\"https:\/\/secure.gravatar.com\/avatar\/42b01982558a48a0b501fdcab6a408d3717ea5919095ee2e67b0e521799c5905?s=96&d=mm&r=g\",\"caption\":\"Antalya K\u00f6rfez\"},\"sameAs\":[\"http:\/\/www.antalyakorfez.com\"],\"url\":\"https:\/\/www.antalyakorfez.com\/trabzondan-antalyaya-gelen-vatandas-trafik-tabelalarina-isyan-etti-bu-tabelalar-antalyalilara-hakarettir\"}]}<\/script>\n<!-- \/ Yoast SEO Premium plugin. -->","yoast_head_json":{"title":"Trabzon'dan Antalya'ya gelen vatanda\u015f, trafik tabelalar\u0131na isyan etti: \"Bu tabelalar Antalyal\u0131lara hakarettir\" - Av. Deniz Can K\u0131z\u0131l","robots":{"index":"index","follow":"follow","max-snippet":"max-snippet:-1","max-image-preview":"max-image-preview:large","max-video-preview":"max-video-preview:-1"},"canonical":"https:\/\/denizcankizil.tr\/ru\/haberler\/gundem\/trabzondan-antalyaya-gelen-vatandas-trafik-tabelalarina-isyan-etti-bu-tabelalar-antalyalilara-hakarettir\/","og_locale":"ru_RU","og_type":"article","og_title":"Trabzon'dan Antalya'ya gelen vatanda\u015f, trafik tabelalar\u0131na isyan etti: \"Bu tabelalar Antalyal\u0131lara hakarettir\"","og_description":"Antalya&#8217;n\u0131n Serik il\u00e7esinde Belek Kav\u015fa\u011f\u0131&#8217;nda yer alan trafik tabelalar\u0131 Trabzon&#8217;dan gelen bir s\u00fcr\u00fcc\u00fcn\u00fcn tepkisini \u00e7ekti. Otomobiliyle seyir halindeyken kayda ald\u0131\u011f\u0131 g\u00f6r\u00fcnt\u00fclerde konu\u015fan vatanda\u015f, sola d\u00f6n\u00fc\u015f\u00fcn oldu\u011fu bir kav\u015fakta yer alan &#8220;sola d\u00f6n\u00fclmez&#8221; tabelas\u0131n\u0131 ele\u015ftirerek uygulaman\u0131n anlams\u0131z oldu\u011fu ifade etti. &#8220;ANTALYALILARA HAKARET EDER G\u0130B\u0130 TABELA YERLE\u015eT\u0130R\u0130LM\u0130\u015e&#8221; Belek Kav\u015fa\u011f\u0131&#8217;ndaki trafik \u0131\u015f\u0131klar\u0131na geldi\u011fi s\u0131rada sola d\u00f6n\u00fclmez tabelas\u0131n\u0131 ilk g\u00f6rd\u00fc\u011f\u00fcnde \u015fa\u015f\u0131rd\u0131\u011f\u0131n\u0131 belirten vatanda\u015f, &#8220;Bunda bir yanl\u0131\u015fl\u0131k var herhalde dedim. Hem sola kav\u015fak var hem de dola d\u00f6n\u00fclemez tabelas\u0131 var. Herhalde insanlar di\u011fer ara\u00e7lar\u0131n geli\u015f y\u00f6n\u00fcndeki yoldan d\u00f6nmesinler diye bunu buraya koydular diye d\u00fc\u015f\u00fcnd\u00fcm. Ama bence bu Antalyal\u0131lara hakaret olur&#8221; dedi. &#8220;ZAVADANAK DAYI Y\u00dcZ\u00dcNDEN B\u00d6YLE KONULDU HERHALDE TABELALAR&#8221; Yoluna devam eden vatanda\u015f, bir di\u011fer noktada ise hem sa\u011fa hem sola d\u00f6n\u00fclmez tabelas\u0131yla kar\u015f\u0131la\u015ft\u0131. Bu kez de \u015fa\u015fk\u0131nl\u0131\u011f\u0131n\u0131 gizleyemeyen s\u00fcr\u00fcc\u00fc, &#8220;Bir insan neden buradan sa\u011f d\u00f6nmek istesin, zaten sa\u011f d\u00f6n\u00fclecek bir yol yok. Sola da d\u00f6n\u00fclemez&#8221; yorumunda bulundu. 2020 y\u0131l\u0131nda Antalya&#8217;n\u0131n Manavgat il\u00e7esinde kamyoneti ile kaza yapan ve di\u011fer ara\u00e7 s\u00fcr\u00fcc\u00fcs\u00fcne &#8220;Koronadan m\u0131 ka\u00e7\u0131yordun&#8221;, &#8220;Zavadanak \u00e7arpt\u0131&#8221; s\u00f6zleriyle sosyal medyada g\u00fcndem olan Bekir Varol&#8217;a g\u00f6nderme yapan s\u00fcr\u00fcc\u00fc, &#8220;Herhalde bu &#8216;zavadanak day\u0131&#8217; y\u00fcz\u00fcnden b\u00f6yle tabelalar koydular. Bir anlam veremedim bu olaya&#8221; ifadelerini kulland\u0131. Sosyal medyada payla\u015f\u0131lan g\u00f6r\u00fcnt\u00fcler k\u0131sa s\u00fcrede \u00e7ok say\u0131da izlenme al\u0131rken, b\u00f6lgedeki trafik i\u015faretlerinin mant\u0131kl\u0131 bir &hellip;","og_url":"https:\/\/denizcankizil.tr\/ru\/haberler\/gundem\/trabzondan-antalyaya-gelen-vatandas-trafik-tabelalarina-isyan-etti-bu-tabelalar-antalyalilara-hakarettir\/","og_site_name":"Av. Deniz Can K\u0131z\u0131l","article_published_time":"2025-06-10T10:41:28+00:00","author":"Antalya K\u00f6rfez","twitter_card":"summary_large_image","twitter_misc":{"\u041d\u0430\u043f\u0438\u0441\u0430\u043d\u043e \u0430\u0432\u0442\u043e\u0440\u043e\u043c":"Antalya K\u00f6rfez","\u041f\u0440\u0438\u043c\u0435\u0440\u043d\u043e\u0435 \u0432\u0440\u0435\u043c\u044f \u0434\u043b\u044f \u0447\u0442\u0435\u043d\u0438\u044f":"2 \u043c\u0438\u043d\u0443\u0442\u044b"},"schema":{"@context":"https:\/\/schema.org","@graph":[{"@type":"Article","@id":"https:\/\/denizcankizil.tr\/ru\/haberler\/gundem\/trabzondan-antalyaya-gelen-vatandas-trafik-tabelalarina-isyan-etti-bu-tabelalar-antalyalilara-hakarettir\/#article","isPartOf":{"@id":"https:\/\/denizcankizil.tr\/ru\/haberler\/gundem\/trabzondan-antalyaya-gelen-vatandas-trafik-tabelalarina-isyan-etti-bu-tabelalar-antalyalilara-hakarettir\/"},"author":{"name":"Antalya K\u00f6rfez","@id":"https:\/\/denizcankizil.tr\/#\/schema\/person\/e1eb71bb4dd684d46563f0af307e1234"},"headline":"Trabzon&#8217;dan Antalya&#8217;ya gelen vatanda\u015f, trafik tabelalar\u0131na isyan etti: &#8220;Bu tabelalar Antalyal\u0131lara hakarettir&#8221;","datePublished":"2025-06-10T10:41:28+00:00","mainEntityOfPage":{"@id":"https:\/\/denizcankizil.tr\/ru\/haberler\/gundem\/trabzondan-antalyaya-gelen-vatandas-trafik-tabelalarina-isyan-etti-bu-tabelalar-antalyalilara-hakarettir\/"},"wordCount":398,"publisher":{"@id":"https:\/\/denizcankizil.tr\/#organization"},"articleSection":["G\u00fcndem"],"inLanguage":"ru-RU"},{"@type":"WebPage","@id":"https:\/\/denizcankizil.tr\/ru\/haberler\/gundem\/trabzondan-antalyaya-gelen-vatandas-trafik-tabelalarina-isyan-etti-bu-tabelalar-antalyalilara-hakarettir\/","url":"https:\/\/denizcankizil.tr\/ru\/haberler\/gundem\/trabzondan-antalyaya-gelen-vatandas-trafik-tabelalarina-isyan-etti-bu-tabelalar-antalyalilara-hakarettir\/","name":"Trabzon'dan Antalya'ya gelen vatanda\u015f, trafik tabelalar\u0131na isyan etti: \"Bu tabelalar Antalyal\u0131lara hakarettir\" - Av. Deniz Can K\u0131z\u0131l","isPartOf":{"@id":"https:\/\/denizcankizil.tr\/#website"},"datePublished":"2025-06-10T10:41:28+00:00","breadcrumb":{"@id":"https:\/\/denizcankizil.tr\/ru\/haberler\/gundem\/trabzondan-antalyaya-gelen-vatandas-trafik-tabelalarina-isyan-etti-bu-tabelalar-antalyalilara-hakarettir\/#breadcrumb"},"inLanguage":"ru-RU","potentialAction":[{"@type":"ReadAction","target":["https:\/\/denizcankizil.tr\/ru\/haberler\/gundem\/trabzondan-antalyaya-gelen-vatandas-trafik-tabelalarina-isyan-etti-bu-tabelalar-antalyalilara-hakarettir\/"]}]},{"@type":"BreadcrumbList","@id":"https:\/\/denizcankizil.tr\/ru\/haberler\/gundem\/trabzondan-antalyaya-gelen-vatandas-trafik-tabelalarina-isyan-etti-bu-tabelalar-antalyalilara-hakarettir\/#breadcrumb","itemListElement":[{"@type":"ListItem","position":1,"name":"Home","item":"https:\/\/denizcankizil.tr\/de\/"},{"@type":"ListItem","position":2,"name":"Trabzon&#8217;dan Antalya&#8217;ya gelen vatanda\u015f, trafik tabelalar\u0131na isyan etti: &#8220;Bu tabelalar Antalyal\u0131lara hakarettir&#8221;"}]},{"@type":"WebSite","@id":"https:\/\/denizcankizil.tr\/#website","url":"https:\/\/denizcankizil.tr\/","name":"Av. Deniz Can K\u0131z\u0131l","description":"Avukat Deniz Can K\u0131z\u0131l Antalya Barosu","publisher":{"@id":"https:\/\/denizcankizil.tr\/#organization"},"potentialAction":[{"@type":"SearchAction","target":{"@type":"EntryPoint","urlTemplate":"https:\/\/denizcankizil.tr\/?s={search_term_string}"},"query-input":{"@type":"PropertyValueSpecification","valueRequired":true,"valueName":"search_term_string"}}],"inLanguage":"ru-RU"},{"@type":"Organization","@id":"https:\/\/denizcankizil.tr\/#organization","name":"Av. Deniz Can K\u0131z\u0131l","url":"https:\/\/denizcankizil.tr\/","logo":{"@type":"ImageObject","inLanguage":"ru-RU","@id":"https:\/\/denizcankizil.tr\/#\/schema\/logo\/image\/","url":"https:\/\/denizcankizil.tr\/wp-content\/uploads\/2024\/10\/siyah-logo-svg.svg","contentUrl":"https:\/\/denizcankizil.tr\/wp-content\/uploads\/2024\/10\/siyah-logo-svg.svg","width":1080,"height":1080,"caption":"Av. Deniz Can K\u0131z\u0131l"},"image":{"@id":"https:\/\/denizcankizil.tr\/#\/schema\/logo\/image\/"}},{"@type":"Person","@id":"https:\/\/denizcankizil.tr\/#\/schema\/person\/e1eb71bb4dd684d46563f0af307e1234","name":"Antalya K\u00f6rfez","image":{"@type":"ImageObject","inLanguage":"ru-RU","@id":"https:\/\/denizcankizil.tr\/#\/schema\/person\/image\/","url":"https:\/\/secure.gravatar.com\/avatar\/42b01982558a48a0b501fdcab6a408d3717ea5919095ee2e67b0e521799c5905?s=96&d=mm&r=g","contentUrl":"https:\/\/secure.gravatar.com\/avatar\/42b01982558a48a0b501fdcab6a408d3717ea5919095ee2e67b0e521799c5905?s=96&d=mm&r=g","caption":"Antalya K\u00f6rfez"},"sameAs":["http:\/\/www.antalyakorfez.com"],"url":"https:\/\/www.antalyakorfez.com\/trabzondan-antalyaya-gelen-vatandas-trafik-tabelalarina-isyan-etti-bu-tabelalar-antalyalilara-hakarettir"}]}},"_links":{"self":[{"href":"https:\/\/denizcankizil.tr\/ru\/wp-json\/wp\/v2\/posts\/112433","targetHints":{"allow":["GET"]}}],"collection":[{"href":"https:\/\/denizcankizil.tr\/ru\/wp-json\/wp\/v2\/posts"}],"about":[{"href":"https:\/\/denizcankizil.tr\/ru\/wp-json\/wp\/v2\/types\/post"}],"author":[{"embeddable":true,"href":"https:\/\/denizcankizil.tr\/ru\/wp-json\/wp\/v2\/users\/5"}],"replies":[{"embeddable":true,"href":"https:\/\/denizcankizil.tr\/ru\/wp-json\/wp\/v2\/comments?post=112433"}],"version-history":[{"count":0,"href":"https:\/\/denizcankizil.tr\/ru\/wp-json\/wp\/v2\/posts\/112433\/revisions"}],"wp:attachment":[{"href":"https:\/\/denizcankizil.tr\/ru\/wp-json\/wp\/v2\/media?parent=112433"}],"wp:term":[{"taxonomy":"category","embeddable":true,"href":"https:\/\/denizcankizil.tr\/ru\/wp-json\/wp\/v2\/categories?post=112433"},{"taxonomy":"post_tag","embeddable":true,"href":"https:\/\/denizcankizil.tr\/ru\/wp-json\/wp\/v2\/tags?post=112433"}],"curies":[{"name":"wp","href":"https:\/\/api.w.org\/{rel}","templated":true}]}}