{"id":11108,"date":"2024-11-01T10:41:42","date_gmt":"2024-11-01T07:41:42","guid":{"rendered":"https:\/\/denizcankizil.tr\/uncategorized-tr\/igcden-ekinciler-genel-muduru-keserogluna-plaket\/"},"modified":"2024-11-01T10:41:42","modified_gmt":"2024-11-01T07:41:42","slug":"igcden-ekinciler-genel-muduru-keserogluna-plaket","status":"publish","type":"post","link":"https:\/\/denizcankizil.tr\/ru\/haberler\/gundem\/igcden-ekinciler-genel-muduru-keserogluna-plaket\/","title":{"rendered":"\u0130GC\u2019den Ekinciler Genel M\u00fcd\u00fcr\u00fc Kesero\u011flu\u2019na Plaket"},"content":{"rendered":"<p>Ba\u015fkan Diyap Atar, b\u00f6lgemizde faaliyet g\u00f6steren sanayi kurulu\u015flar\u0131n\u0131n ekonomiye katt\u0131klar\u0131 de\u011ferin \u00e7ok k\u0131ymetli oldu\u011funu belirterek Genel M\u00fcd\u00fcr Kesero\u011flu\u2019na plaket takdim etti.<\/p>\n<p>Genel M\u00fcd\u00fcr Kesero\u011flu, Ekinciler olarak b\u00f6lgedeki ekonomik kalk\u0131nmaya katk\u0131 sa\u011flamaktan dolay\u0131 mutluluk duyduklar\u0131n\u0131 ifade ederek Ba\u015fkan Atar\u2019a te\u015fekk\u00fcr etti.<\/p>\n<p>Ziyaret, her iki taraf\u0131n b\u00f6lgenin gelece\u011fi ve ekonomik kalk\u0131nmas\u0131 ad\u0131na duydu\u011fu ortak temennileri dile getirildi. Akabinde g\u00fcn\u00fcn an\u0131s\u0131na toplu foto\u011fraf \u00e7ekimi ile ziyaret son buldu.<\/p>\n<p>\u200b\u0130skenderun Gazeteciler Cemiyeti, Ba\u015fkan Diyap Atar ba\u015fkanl\u0131\u011f\u0131nda Y\u00f6netim Kurulu \u00fcyeleri, Ekinciler Genel M\u00fcd\u00fcr\u00fc Mehmet Fatih Kesero\u011flu\u2019na nezaket ziyaretinde bulundu.\u00a0<\/p>\n<p>\u200bHaberin Al\u0131nt\u0131land\u0131\u011f\u0131 Kaynak: www.iskenderun.org<\/p>","protected":false},"excerpt":{"rendered":"<p>Ba\u015fkan Diyap Atar, b\u00f6lgemizde faaliyet g\u00f6steren sanayi kurulu\u015flar\u0131n\u0131n ekonomiye katt\u0131klar\u0131 de\u011ferin \u00e7ok k\u0131ymetli oldu\u011funu belirterek Genel M\u00fcd\u00fcr Kesero\u011flu\u2019na plaket takdim etti. Genel M\u00fcd\u00fcr Kesero\u011flu, Ekinciler olarak b\u00f6lgedeki ekonomik kalk\u0131nmaya katk\u0131 sa\u011flamaktan dolay\u0131 mutluluk duyduklar\u0131n\u0131 ifade ederek Ba\u015fkan Atar\u2019a te\u015fekk\u00fcr etti. Ziyaret, her iki taraf\u0131n b\u00f6lgenin gelece\u011fi ve ekonomik kalk\u0131nmas\u0131 ad\u0131na duydu\u011fu ortak temennileri dile getirildi. Akabinde g\u00fcn\u00fcn an\u0131s\u0131na toplu foto\u011fraf \u00e7ekimi ile ziyaret son buldu. \u200b\u0130skenderun Gazeteciler Cemiyeti, Ba\u015fkan Diyap Atar ba\u015fkanl\u0131\u011f\u0131nda Y\u00f6netim Kurulu \u00fcyeleri, Ekinciler Genel M\u00fcd\u00fcr\u00fc Mehmet Fatih Kesero\u011flu\u2019na nezaket ziyaretinde bulundu.\u00a0 \u200bHaberin Al\u0131nt\u0131land\u0131\u011f\u0131 Kaynak: www.iskenderun.org<\/p>","protected":false},"author":0,"featured_media":0,"comment_status":"open","ping_status":"open","sticky":false,"template":"","format":"standard","meta":{"_acf_changed":false,"footnotes":""},"categories":[24,535],"tags":[],"class_list":["post-11108","post","type-post","status-publish","format-standard","has-post-thumbnail","hentry","category-gundem","category-uncategorized-tr"],"acf":[],"yoast_head":"<!-- This site is optimized with the Yoast SEO Premium plugin v26.6 (Yoast SEO v27.1.1) - https:\/\/yoast.com\/product\/yoast-seo-premium-wordpress\/ -->\n<title>\u0130GC\u2019den Ekinciler Genel M\u00fcd\u00fcr\u00fc Kesero\u011flu\u2019na Plaket - Av. Deniz Can K\u0131z\u0131l<\/title>\n<meta name=\"robots\" content=\"index, follow, max-snippet:-1, max-image-preview:large, max-video-preview:-1\" \/>\n<link rel=\"canonical\" href=\"https:\/\/denizcankizil.tr\/ru\/haberler\/gundem\/igcden-ekinciler-genel-muduru-keserogluna-plaket\/\" \/>\n<meta property=\"og:locale\" content=\"ru_RU\" \/>\n<meta property=\"og:type\" content=\"article\" \/>\n<meta property=\"og:title\" content=\"\u0130GC\u2019den Ekinciler Genel M\u00fcd\u00fcr\u00fc Kesero\u011flu\u2019na Plaket\" \/>\n<meta property=\"og:description\" content=\"Ba\u015fkan Diyap Atar, b\u00f6lgemizde faaliyet g\u00f6steren sanayi kurulu\u015flar\u0131n\u0131n ekonomiye katt\u0131klar\u0131 de\u011ferin \u00e7ok k\u0131ymetli oldu\u011funu belirterek Genel M\u00fcd\u00fcr Kesero\u011flu\u2019na plaket takdim etti. Genel M\u00fcd\u00fcr Kesero\u011flu, Ekinciler olarak b\u00f6lgedeki ekonomik kalk\u0131nmaya katk\u0131 sa\u011flamaktan dolay\u0131 mutluluk duyduklar\u0131n\u0131 ifade ederek Ba\u015fkan Atar\u2019a te\u015fekk\u00fcr etti. Ziyaret, her iki taraf\u0131n b\u00f6lgenin gelece\u011fi ve ekonomik kalk\u0131nmas\u0131 ad\u0131na duydu\u011fu ortak temennileri dile getirildi. Akabinde g\u00fcn\u00fcn an\u0131s\u0131na toplu foto\u011fraf \u00e7ekimi ile ziyaret son buldu. \u200b\u0130skenderun Gazeteciler Cemiyeti, Ba\u015fkan Diyap Atar ba\u015fkanl\u0131\u011f\u0131nda Y\u00f6netim Kurulu \u00fcyeleri, Ekinciler Genel M\u00fcd\u00fcr\u00fc Mehmet Fatih Kesero\u011flu\u2019na nezaket ziyaretinde bulundu.\u00a0 \u200bHaberin Al\u0131nt\u0131land\u0131\u011f\u0131 Kaynak: www.iskenderun.org\" \/>\n<meta property=\"og:url\" content=\"https:\/\/denizcankizil.tr\/ru\/haberler\/gundem\/igcden-ekinciler-genel-muduru-keserogluna-plaket\/\" \/>\n<meta property=\"og:site_name\" content=\"Av. Deniz Can K\u0131z\u0131l\" \/>\n<meta property=\"article:published_time\" content=\"2024-11-01T07:41:42+00:00\" \/>\n<meta name=\"twitter:card\" content=\"summary_large_image\" \/>\n<meta name=\"twitter:label1\" content=\"\u041f\u0440\u0438\u043c\u0435\u0440\u043d\u043e\u0435 \u0432\u0440\u0435\u043c\u044f \u0434\u043b\u044f \u0447\u0442\u0435\u043d\u0438\u044f\" \/>\n\t<meta name=\"twitter:data1\" content=\"1 \u043c\u0438\u043d\u0443\u0442\u0430\" \/>\n<script type=\"application\/ld+json\" class=\"yoast-schema-graph\">{\"@context\":\"https:\/\/schema.org\",\"@graph\":[{\"@type\":\"Article\",\"@id\":\"https:\/\/denizcankizil.tr\/ru\/haberler\/gundem\/igcden-ekinciler-genel-muduru-keserogluna-plaket\/#article\",\"isPartOf\":{\"@id\":\"https:\/\/denizcankizil.tr\/ru\/haberler\/gundem\/igcden-ekinciler-genel-muduru-keserogluna-plaket\/\"},\"author\":{\"name\":\"\",\"@id\":\"\"},\"headline\":\"\u0130GC\u2019den Ekinciler Genel M\u00fcd\u00fcr\u00fc Kesero\u011flu\u2019na Plaket\",\"datePublished\":\"2024-11-01T07:41:42+00:00\",\"mainEntityOfPage\":{\"@id\":\"https:\/\/denizcankizil.tr\/ru\/haberler\/gundem\/igcden-ekinciler-genel-muduru-keserogluna-plaket\/\"},\"wordCount\":147,\"commentCount\":0,\"publisher\":{\"@id\":\"https:\/\/denizcankizil.tr\/#organization\"},\"articleSection\":[\"G\u00fcndem\",\"Uncategorized\"],\"inLanguage\":\"ru-RU\",\"potentialAction\":[{\"@type\":\"CommentAction\",\"name\":\"Comment\",\"target\":[\"https:\/\/denizcankizil.tr\/ru\/haberler\/gundem\/igcden-ekinciler-genel-muduru-keserogluna-plaket\/#respond\"]}]},{\"@type\":\"WebPage\",\"@id\":\"https:\/\/denizcankizil.tr\/ru\/haberler\/gundem\/igcden-ekinciler-genel-muduru-keserogluna-plaket\/\",\"url\":\"https:\/\/denizcankizil.tr\/ru\/haberler\/gundem\/igcden-ekinciler-genel-muduru-keserogluna-plaket\/\",\"name\":\"\u0130GC\u2019den Ekinciler Genel M\u00fcd\u00fcr\u00fc Kesero\u011flu\u2019na Plaket - Av. Deniz Can K\u0131z\u0131l\",\"isPartOf\":{\"@id\":\"https:\/\/denizcankizil.tr\/#website\"},\"datePublished\":\"2024-11-01T07:41:42+00:00\",\"breadcrumb\":{\"@id\":\"https:\/\/denizcankizil.tr\/ru\/haberler\/gundem\/igcden-ekinciler-genel-muduru-keserogluna-plaket\/#breadcrumb\"},\"inLanguage\":\"ru-RU\",\"potentialAction\":[{\"@type\":\"ReadAction\",\"target\":[\"https:\/\/denizcankizil.tr\/ru\/haberler\/gundem\/igcden-ekinciler-genel-muduru-keserogluna-plaket\/\"]}]},{\"@type\":\"BreadcrumbList\",\"@id\":\"https:\/\/denizcankizil.tr\/ru\/haberler\/gundem\/igcden-ekinciler-genel-muduru-keserogluna-plaket\/#breadcrumb\",\"itemListElement\":[{\"@type\":\"ListItem\",\"position\":1,\"name\":\"Home\",\"item\":\"https:\/\/denizcankizil.tr\/uk\/\"},{\"@type\":\"ListItem\",\"position\":2,\"name\":\"\u0130GC\u2019den Ekinciler Genel M\u00fcd\u00fcr\u00fc Kesero\u011flu\u2019na Plaket\"}]},{\"@type\":\"WebSite\",\"@id\":\"https:\/\/denizcankizil.tr\/#website\",\"url\":\"https:\/\/denizcankizil.tr\/\",\"name\":\"Av. Deniz Can K\u0131z\u0131l\",\"description\":\"Avukat Deniz Can K\u0131z\u0131l Antalya Barosu\",\"publisher\":{\"@id\":\"https:\/\/denizcankizil.tr\/#organization\"},\"potentialAction\":[{\"@type\":\"SearchAction\",\"target\":{\"@type\":\"EntryPoint\",\"urlTemplate\":\"https:\/\/denizcankizil.tr\/?s={search_term_string}\"},\"query-input\":{\"@type\":\"PropertyValueSpecification\",\"valueRequired\":true,\"valueName\":\"search_term_string\"}}],\"inLanguage\":\"ru-RU\"},{\"@type\":\"Organization\",\"@id\":\"https:\/\/denizcankizil.tr\/#organization\",\"name\":\"Av. Deniz Can K\u0131z\u0131l\",\"url\":\"https:\/\/denizcankizil.tr\/\",\"logo\":{\"@type\":\"ImageObject\",\"inLanguage\":\"ru-RU\",\"@id\":\"https:\/\/denizcankizil.tr\/#\/schema\/logo\/image\/\",\"url\":\"https:\/\/denizcankizil.tr\/wp-content\/uploads\/2024\/10\/siyah-logo-svg.svg\",\"contentUrl\":\"https:\/\/denizcankizil.tr\/wp-content\/uploads\/2024\/10\/siyah-logo-svg.svg\",\"width\":1080,\"height\":1080,\"caption\":\"Av. Deniz Can K\u0131z\u0131l\"},\"image\":{\"@id\":\"https:\/\/denizcankizil.tr\/#\/schema\/logo\/image\/\"}}]}<\/script>\n<!-- \/ Yoast SEO Premium plugin. -->","yoast_head_json":{"title":"\u0130GC\u2019den Ekinciler Genel M\u00fcd\u00fcr\u00fc Kesero\u011flu\u2019na Plaket - Av. Deniz Can K\u0131z\u0131l","robots":{"index":"index","follow":"follow","max-snippet":"max-snippet:-1","max-image-preview":"max-image-preview:large","max-video-preview":"max-video-preview:-1"},"canonical":"https:\/\/denizcankizil.tr\/ru\/haberler\/gundem\/igcden-ekinciler-genel-muduru-keserogluna-plaket\/","og_locale":"ru_RU","og_type":"article","og_title":"\u0130GC\u2019den Ekinciler Genel M\u00fcd\u00fcr\u00fc Kesero\u011flu\u2019na Plaket","og_description":"Ba\u015fkan Diyap Atar, b\u00f6lgemizde faaliyet g\u00f6steren sanayi kurulu\u015flar\u0131n\u0131n ekonomiye katt\u0131klar\u0131 de\u011ferin \u00e7ok k\u0131ymetli oldu\u011funu belirterek Genel M\u00fcd\u00fcr Kesero\u011flu\u2019na plaket takdim etti. Genel M\u00fcd\u00fcr Kesero\u011flu, Ekinciler olarak b\u00f6lgedeki ekonomik kalk\u0131nmaya katk\u0131 sa\u011flamaktan dolay\u0131 mutluluk duyduklar\u0131n\u0131 ifade ederek Ba\u015fkan Atar\u2019a te\u015fekk\u00fcr etti. Ziyaret, her iki taraf\u0131n b\u00f6lgenin gelece\u011fi ve ekonomik kalk\u0131nmas\u0131 ad\u0131na duydu\u011fu ortak temennileri dile getirildi. Akabinde g\u00fcn\u00fcn an\u0131s\u0131na toplu foto\u011fraf \u00e7ekimi ile ziyaret son buldu. \u200b\u0130skenderun Gazeteciler Cemiyeti, Ba\u015fkan Diyap Atar ba\u015fkanl\u0131\u011f\u0131nda Y\u00f6netim Kurulu \u00fcyeleri, Ekinciler Genel M\u00fcd\u00fcr\u00fc Mehmet Fatih Kesero\u011flu\u2019na nezaket ziyaretinde bulundu.\u00a0 \u200bHaberin Al\u0131nt\u0131land\u0131\u011f\u0131 Kaynak: www.iskenderun.org","og_url":"https:\/\/denizcankizil.tr\/ru\/haberler\/gundem\/igcden-ekinciler-genel-muduru-keserogluna-plaket\/","og_site_name":"Av. Deniz Can K\u0131z\u0131l","article_published_time":"2024-11-01T07:41:42+00:00","twitter_card":"summary_large_image","twitter_misc":{"\u041f\u0440\u0438\u043c\u0435\u0440\u043d\u043e\u0435 \u0432\u0440\u0435\u043c\u044f \u0434\u043b\u044f \u0447\u0442\u0435\u043d\u0438\u044f":"1 \u043c\u0438\u043d\u0443\u0442\u0430"},"schema":{"@context":"https:\/\/schema.org","@graph":[{"@type":"Article","@id":"https:\/\/denizcankizil.tr\/ru\/haberler\/gundem\/igcden-ekinciler-genel-muduru-keserogluna-plaket\/#article","isPartOf":{"@id":"https:\/\/denizcankizil.tr\/ru\/haberler\/gundem\/igcden-ekinciler-genel-muduru-keserogluna-plaket\/"},"author":{"name":"","@id":""},"headline":"\u0130GC\u2019den Ekinciler Genel M\u00fcd\u00fcr\u00fc Kesero\u011flu\u2019na Plaket","datePublished":"2024-11-01T07:41:42+00:00","mainEntityOfPage":{"@id":"https:\/\/denizcankizil.tr\/ru\/haberler\/gundem\/igcden-ekinciler-genel-muduru-keserogluna-plaket\/"},"wordCount":147,"commentCount":0,"publisher":{"@id":"https:\/\/denizcankizil.tr\/#organization"},"articleSection":["G\u00fcndem","Uncategorized"],"inLanguage":"ru-RU","potentialAction":[{"@type":"CommentAction","name":"Comment","target":["https:\/\/denizcankizil.tr\/ru\/haberler\/gundem\/igcden-ekinciler-genel-muduru-keserogluna-plaket\/#respond"]}]},{"@type":"WebPage","@id":"https:\/\/denizcankizil.tr\/ru\/haberler\/gundem\/igcden-ekinciler-genel-muduru-keserogluna-plaket\/","url":"https:\/\/denizcankizil.tr\/ru\/haberler\/gundem\/igcden-ekinciler-genel-muduru-keserogluna-plaket\/","name":"\u0130GC\u2019den Ekinciler Genel M\u00fcd\u00fcr\u00fc Kesero\u011flu\u2019na Plaket - Av. Deniz Can K\u0131z\u0131l","isPartOf":{"@id":"https:\/\/denizcankizil.tr\/#website"},"datePublished":"2024-11-01T07:41:42+00:00","breadcrumb":{"@id":"https:\/\/denizcankizil.tr\/ru\/haberler\/gundem\/igcden-ekinciler-genel-muduru-keserogluna-plaket\/#breadcrumb"},"inLanguage":"ru-RU","potentialAction":[{"@type":"ReadAction","target":["https:\/\/denizcankizil.tr\/ru\/haberler\/gundem\/igcden-ekinciler-genel-muduru-keserogluna-plaket\/"]}]},{"@type":"BreadcrumbList","@id":"https:\/\/denizcankizil.tr\/ru\/haberler\/gundem\/igcden-ekinciler-genel-muduru-keserogluna-plaket\/#breadcrumb","itemListElement":[{"@type":"ListItem","position":1,"name":"Home","item":"https:\/\/denizcankizil.tr\/uk\/"},{"@type":"ListItem","position":2,"name":"\u0130GC\u2019den Ekinciler Genel M\u00fcd\u00fcr\u00fc Kesero\u011flu\u2019na Plaket"}]},{"@type":"WebSite","@id":"https:\/\/denizcankizil.tr\/#website","url":"https:\/\/denizcankizil.tr\/","name":"Av. Deniz Can K\u0131z\u0131l","description":"Avukat Deniz Can K\u0131z\u0131l Antalya Barosu","publisher":{"@id":"https:\/\/denizcankizil.tr\/#organization"},"potentialAction":[{"@type":"SearchAction","target":{"@type":"EntryPoint","urlTemplate":"https:\/\/denizcankizil.tr\/?s={search_term_string}"},"query-input":{"@type":"PropertyValueSpecification","valueRequired":true,"valueName":"search_term_string"}}],"inLanguage":"ru-RU"},{"@type":"Organization","@id":"https:\/\/denizcankizil.tr\/#organization","name":"Av. Deniz Can K\u0131z\u0131l","url":"https:\/\/denizcankizil.tr\/","logo":{"@type":"ImageObject","inLanguage":"ru-RU","@id":"https:\/\/denizcankizil.tr\/#\/schema\/logo\/image\/","url":"https:\/\/denizcankizil.tr\/wp-content\/uploads\/2024\/10\/siyah-logo-svg.svg","contentUrl":"https:\/\/denizcankizil.tr\/wp-content\/uploads\/2024\/10\/siyah-logo-svg.svg","width":1080,"height":1080,"caption":"Av. Deniz Can K\u0131z\u0131l"},"image":{"@id":"https:\/\/denizcankizil.tr\/#\/schema\/logo\/image\/"}}]}},"_links":{"self":[{"href":"https:\/\/denizcankizil.tr\/ru\/wp-json\/wp\/v2\/posts\/11108","targetHints":{"allow":["GET"]}}],"collection":[{"href":"https:\/\/denizcankizil.tr\/ru\/wp-json\/wp\/v2\/posts"}],"about":[{"href":"https:\/\/denizcankizil.tr\/ru\/wp-json\/wp\/v2\/types\/post"}],"replies":[{"embeddable":true,"href":"https:\/\/denizcankizil.tr\/ru\/wp-json\/wp\/v2\/comments?post=11108"}],"version-history":[{"count":0,"href":"https:\/\/denizcankizil.tr\/ru\/wp-json\/wp\/v2\/posts\/11108\/revisions"}],"wp:attachment":[{"href":"https:\/\/denizcankizil.tr\/ru\/wp-json\/wp\/v2\/media?parent=11108"}],"wp:term":[{"taxonomy":"category","embeddable":true,"href":"https:\/\/denizcankizil.tr\/ru\/wp-json\/wp\/v2\/categories?post=11108"},{"taxonomy":"post_tag","embeddable":true,"href":"https:\/\/denizcankizil.tr\/ru\/wp-json\/wp\/v2\/tags?post=11108"}],"curies":[{"name":"wp","href":"https:\/\/api.w.org\/{rel}","templated":true}]}}