{"id":109413,"date":"2025-06-07T12:41:25","date_gmt":"2025-06-07T09:41:25","guid":{"rendered":"https:\/\/denizcankizil.tr\/uncategorized-tr\/bodrumda-67-halk-plaji-yaz-sezonuna-hazir\/"},"modified":"2025-06-07T12:41:25","modified_gmt":"2025-06-07T09:41:25","slug":"bodrumda-67-halk-plaji-yaz-sezonuna-hazir","status":"publish","type":"post","link":"https:\/\/denizcankizil.tr\/ru\/haberler\/gundem\/bodrumda-67-halk-plaji-yaz-sezonuna-hazir\/","title":{"rendered":"Bodrum&#8217;da 67 halk plaj\u0131 yaz sezonuna haz\u0131r"},"content":{"rendered":"<p>Bodrum Belediyesi Destek Hizmetler M\u00fcd\u00fcrl\u00fc\u011f\u00fc Mavi Bayrakl\u0131 Plajlar B\u00fcrosu taraf\u0131ndan nisan ay\u0131nda ba\u015flat\u0131lan plaj d\u00fczenleme \u00e7al\u0131\u015fmalar\u0131 b\u00fcy\u00fck \u00f6l\u00e7\u00fcde tamamland\u0131. Toplamda 9\u2019u mavi bayrakl\u0131 olmak \u00fczere 61 halk plaj\u0131 sezona haz\u0131r hale getirildi. Geriye kalan 6 plajda ise son d\u00fczenlemeler ger\u00e7ekle\u015ftiriliyor.<\/p>\n<p>ZEM\u0130N VE \u00c7EVRE D\u00dcZENLEMELER\u0130 YAPILDI <\/p>\n<p>\u00c7al\u0131\u015fmalar kapsam\u0131nda \u00f6ncelikli olarak halk plajlar\u0131n\u0131n zemin ve \u00e7evre d\u00fczenlemeleri yap\u0131ld\u0131. Ayr\u0131ca plajlardaki \u015femsiye, soyunma kabini, du\u015f ve tuvaletlerin bak\u0131m, onar\u0131m, yenileme i\u015flemleri ger\u00e7ekle\u015ftirilirken emniyet \u015famand\u0131ralar\u0131 ile cankurtaran kul\u00fcbeleri de daha g\u00fcvenli hale getirildi. Engelli bireylerin denize eri\u015fimini kolayla\u015ft\u0131rmak i\u00e7in belirli plajlarda denize ini\u015f rampalar\u0131 ve di\u011fer gerekli ekipmanlar\u0131n yenilemeleri ger\u00e7ekle\u015ftirildi.<\/p>\n<p>Bodrum Belediyesinin sorumlulu\u011fundaki 9\u2019u mavi bayrakl\u0131 toplam 67 halk plaj\u0131n\u0131n d\u0131\u015f\u0131nda, Bodrum Belediye A\u015e taraf\u0131ndan i\u015fletilen ve \u015fezlong yerle\u015fimleri de tamamlanan 18 halk plaj\u0131 da sezona haz\u0131r hale getirilerek halk\u0131n hizmetine sunuldu.<\/p>\n<p>\u200bBodrum Belediyesi, 9&#8217;u mavi bayrakl\u0131 olmak \u00fczere 67 halk plaj\u0131n\u0131 yaz sezonuna haz\u0131rlad\u0131. Plajda \u00e7evre d\u00fczenlemesinden g\u00fcvenlik \u00f6nlemlerine kadar bir\u00e7ok alanda yenileme yap\u0131ld\u0131.\u00a0<\/p>\n<p>\u200bHaberin Al\u0131nt\u0131land\u0131\u011f\u0131 Kaynak: www.antalyakorfez.com<\/p>","protected":false},"excerpt":{"rendered":"<p>Bodrum Belediyesi Destek Hizmetler M\u00fcd\u00fcrl\u00fc\u011f\u00fc Mavi Bayrakl\u0131 Plajlar B\u00fcrosu taraf\u0131ndan nisan ay\u0131nda ba\u015flat\u0131lan plaj d\u00fczenleme \u00e7al\u0131\u015fmalar\u0131 b\u00fcy\u00fck \u00f6l\u00e7\u00fcde tamamland\u0131. Toplamda 9\u2019u mavi bayrakl\u0131 olmak \u00fczere 61 halk plaj\u0131 sezona haz\u0131r hale getirildi. Geriye kalan 6 plajda ise son d\u00fczenlemeler ger\u00e7ekle\u015ftiriliyor. ZEM\u0130N VE \u00c7EVRE D\u00dcZENLEMELER\u0130 YAPILDI \u00c7al\u0131\u015fmalar kapsam\u0131nda \u00f6ncelikli olarak halk plajlar\u0131n\u0131n zemin ve \u00e7evre d\u00fczenlemeleri yap\u0131ld\u0131. Ayr\u0131ca plajlardaki \u015femsiye, soyunma kabini, du\u015f ve tuvaletlerin bak\u0131m, onar\u0131m, yenileme i\u015flemleri ger\u00e7ekle\u015ftirilirken emniyet \u015famand\u0131ralar\u0131 ile cankurtaran kul\u00fcbeleri de daha g\u00fcvenli hale getirildi. Engelli bireylerin denize eri\u015fimini kolayla\u015ft\u0131rmak i\u00e7in belirli plajlarda denize ini\u015f rampalar\u0131 ve di\u011fer gerekli ekipmanlar\u0131n yenilemeleri ger\u00e7ekle\u015ftirildi. Bodrum Belediyesinin sorumlulu\u011fundaki 9\u2019u mavi bayrakl\u0131 toplam 67 halk plaj\u0131n\u0131n d\u0131\u015f\u0131nda, Bodrum Belediye A\u015e taraf\u0131ndan i\u015fletilen ve \u015fezlong yerle\u015fimleri de tamamlanan 18 halk plaj\u0131 da sezona haz\u0131r hale getirilerek halk\u0131n hizmetine sunuldu. \u200bBodrum Belediyesi, 9&#8217;u mavi bayrakl\u0131 olmak \u00fczere 67 halk plaj\u0131n\u0131 yaz sezonuna haz\u0131rlad\u0131. Plajda \u00e7evre d\u00fczenlemesinden g\u00fcvenlik \u00f6nlemlerine kadar bir\u00e7ok alanda yenileme yap\u0131ld\u0131.\u00a0 \u200bHaberin Al\u0131nt\u0131land\u0131\u011f\u0131 Kaynak: www.antalyakorfez.com<\/p>","protected":false},"author":5,"featured_media":0,"comment_status":"","ping_status":"open","sticky":false,"template":"","format":"standard","meta":{"_acf_changed":false,"footnotes":""},"categories":[24],"tags":[],"class_list":["post-109413","post","type-post","status-publish","format-standard","has-post-thumbnail","hentry","category-gundem"],"acf":[],"yoast_head":"<!-- This site is optimized with the Yoast SEO Premium plugin v26.6 (Yoast SEO v27.1.1) - https:\/\/yoast.com\/product\/yoast-seo-premium-wordpress\/ -->\n<title>Bodrum&#039;da 67 halk plaj\u0131 yaz sezonuna haz\u0131r - Av. Deniz Can K\u0131z\u0131l<\/title>\n<meta name=\"robots\" content=\"index, follow, max-snippet:-1, max-image-preview:large, max-video-preview:-1\" \/>\n<link rel=\"canonical\" href=\"https:\/\/denizcankizil.tr\/ru\/haberler\/gundem\/bodrumda-67-halk-plaji-yaz-sezonuna-hazir\/\" \/>\n<meta property=\"og:locale\" content=\"ru_RU\" \/>\n<meta property=\"og:type\" content=\"article\" \/>\n<meta property=\"og:title\" content=\"Bodrum&#039;da 67 halk plaj\u0131 yaz sezonuna haz\u0131r\" \/>\n<meta property=\"og:description\" content=\"Bodrum Belediyesi Destek Hizmetler M\u00fcd\u00fcrl\u00fc\u011f\u00fc Mavi Bayrakl\u0131 Plajlar B\u00fcrosu taraf\u0131ndan nisan ay\u0131nda ba\u015flat\u0131lan plaj d\u00fczenleme \u00e7al\u0131\u015fmalar\u0131 b\u00fcy\u00fck \u00f6l\u00e7\u00fcde tamamland\u0131. Toplamda 9\u2019u mavi bayrakl\u0131 olmak \u00fczere 61 halk plaj\u0131 sezona haz\u0131r hale getirildi. Geriye kalan 6 plajda ise son d\u00fczenlemeler ger\u00e7ekle\u015ftiriliyor. ZEM\u0130N VE \u00c7EVRE D\u00dcZENLEMELER\u0130 YAPILDI \u00c7al\u0131\u015fmalar kapsam\u0131nda \u00f6ncelikli olarak halk plajlar\u0131n\u0131n zemin ve \u00e7evre d\u00fczenlemeleri yap\u0131ld\u0131. Ayr\u0131ca plajlardaki \u015femsiye, soyunma kabini, du\u015f ve tuvaletlerin bak\u0131m, onar\u0131m, yenileme i\u015flemleri ger\u00e7ekle\u015ftirilirken emniyet \u015famand\u0131ralar\u0131 ile cankurtaran kul\u00fcbeleri de daha g\u00fcvenli hale getirildi. Engelli bireylerin denize eri\u015fimini kolayla\u015ft\u0131rmak i\u00e7in belirli plajlarda denize ini\u015f rampalar\u0131 ve di\u011fer gerekli ekipmanlar\u0131n yenilemeleri ger\u00e7ekle\u015ftirildi. Bodrum Belediyesinin sorumlulu\u011fundaki 9\u2019u mavi bayrakl\u0131 toplam 67 halk plaj\u0131n\u0131n d\u0131\u015f\u0131nda, Bodrum Belediye A\u015e taraf\u0131ndan i\u015fletilen ve \u015fezlong yerle\u015fimleri de tamamlanan 18 halk plaj\u0131 da sezona haz\u0131r hale getirilerek halk\u0131n hizmetine sunuldu. \u200bBodrum Belediyesi, 9&#8217;u mavi bayrakl\u0131 olmak \u00fczere 67 halk plaj\u0131n\u0131 yaz sezonuna haz\u0131rlad\u0131. Plajda \u00e7evre d\u00fczenlemesinden g\u00fcvenlik \u00f6nlemlerine kadar bir\u00e7ok alanda yenileme yap\u0131ld\u0131.\u00a0 \u200bHaberin Al\u0131nt\u0131land\u0131\u011f\u0131 Kaynak: www.antalyakorfez.com\" \/>\n<meta property=\"og:url\" content=\"https:\/\/denizcankizil.tr\/ru\/haberler\/gundem\/bodrumda-67-halk-plaji-yaz-sezonuna-hazir\/\" \/>\n<meta property=\"og:site_name\" content=\"Av. Deniz Can K\u0131z\u0131l\" \/>\n<meta property=\"article:published_time\" content=\"2025-06-07T09:41:25+00:00\" \/>\n<meta name=\"author\" content=\"Antalya K\u00f6rfez\" \/>\n<meta name=\"twitter:card\" content=\"summary_large_image\" \/>\n<meta name=\"twitter:label1\" content=\"\u041d\u0430\u043f\u0438\u0441\u0430\u043d\u043e \u0430\u0432\u0442\u043e\u0440\u043e\u043c\" \/>\n\t<meta name=\"twitter:data1\" content=\"Antalya K\u00f6rfez\" \/>\n\t<meta name=\"twitter:label2\" content=\"\u041f\u0440\u0438\u043c\u0435\u0440\u043d\u043e\u0435 \u0432\u0440\u0435\u043c\u044f \u0434\u043b\u044f \u0447\u0442\u0435\u043d\u0438\u044f\" \/>\n\t<meta name=\"twitter:data2\" content=\"1 \u043c\u0438\u043d\u0443\u0442\u0430\" \/>\n<script type=\"application\/ld+json\" class=\"yoast-schema-graph\">{\"@context\":\"https:\/\/schema.org\",\"@graph\":[{\"@type\":\"Article\",\"@id\":\"https:\/\/denizcankizil.tr\/de\/haberler\/gundem\/bodrumda-67-halk-plaji-yaz-sezonuna-hazir\/#article\",\"isPartOf\":{\"@id\":\"https:\/\/denizcankizil.tr\/de\/haberler\/gundem\/bodrumda-67-halk-plaji-yaz-sezonuna-hazir\/\"},\"author\":{\"name\":\"Antalya K\u00f6rfez\",\"@id\":\"https:\/\/denizcankizil.tr\/#\/schema\/person\/e1eb71bb4dd684d46563f0af307e1234\"},\"headline\":\"Bodrum&#8217;da 67 halk plaj\u0131 yaz sezonuna haz\u0131r\",\"datePublished\":\"2025-06-07T09:41:25+00:00\",\"mainEntityOfPage\":{\"@id\":\"https:\/\/denizcankizil.tr\/de\/haberler\/gundem\/bodrumda-67-halk-plaji-yaz-sezonuna-hazir\/\"},\"wordCount\":218,\"publisher\":{\"@id\":\"https:\/\/denizcankizil.tr\/#organization\"},\"articleSection\":[\"G\u00fcndem\"],\"inLanguage\":\"ru-RU\"},{\"@type\":\"WebPage\",\"@id\":\"https:\/\/denizcankizil.tr\/de\/haberler\/gundem\/bodrumda-67-halk-plaji-yaz-sezonuna-hazir\/\",\"url\":\"https:\/\/denizcankizil.tr\/de\/haberler\/gundem\/bodrumda-67-halk-plaji-yaz-sezonuna-hazir\/\",\"name\":\"Bodrum'da 67 halk plaj\u0131 yaz sezonuna haz\u0131r - Av. Deniz Can K\u0131z\u0131l\",\"isPartOf\":{\"@id\":\"https:\/\/denizcankizil.tr\/#website\"},\"datePublished\":\"2025-06-07T09:41:25+00:00\",\"breadcrumb\":{\"@id\":\"https:\/\/denizcankizil.tr\/de\/haberler\/gundem\/bodrumda-67-halk-plaji-yaz-sezonuna-hazir\/#breadcrumb\"},\"inLanguage\":\"ru-RU\",\"potentialAction\":[{\"@type\":\"ReadAction\",\"target\":[\"https:\/\/denizcankizil.tr\/de\/haberler\/gundem\/bodrumda-67-halk-plaji-yaz-sezonuna-hazir\/\"]}]},{\"@type\":\"BreadcrumbList\",\"@id\":\"https:\/\/denizcankizil.tr\/de\/haberler\/gundem\/bodrumda-67-halk-plaji-yaz-sezonuna-hazir\/#breadcrumb\",\"itemListElement\":[{\"@type\":\"ListItem\",\"position\":1,\"name\":\"Home\",\"item\":\"https:\/\/denizcankizil.tr\/de\/\"},{\"@type\":\"ListItem\",\"position\":2,\"name\":\"Bodrum&#8217;da 67 halk plaj\u0131 yaz sezonuna haz\u0131r\"}]},{\"@type\":\"WebSite\",\"@id\":\"https:\/\/denizcankizil.tr\/#website\",\"url\":\"https:\/\/denizcankizil.tr\/\",\"name\":\"Av. Deniz Can K\u0131z\u0131l\",\"description\":\"Avukat Deniz Can K\u0131z\u0131l Antalya Barosu\",\"publisher\":{\"@id\":\"https:\/\/denizcankizil.tr\/#organization\"},\"potentialAction\":[{\"@type\":\"SearchAction\",\"target\":{\"@type\":\"EntryPoint\",\"urlTemplate\":\"https:\/\/denizcankizil.tr\/?s={search_term_string}\"},\"query-input\":{\"@type\":\"PropertyValueSpecification\",\"valueRequired\":true,\"valueName\":\"search_term_string\"}}],\"inLanguage\":\"ru-RU\"},{\"@type\":\"Organization\",\"@id\":\"https:\/\/denizcankizil.tr\/#organization\",\"name\":\"Av. Deniz Can K\u0131z\u0131l\",\"url\":\"https:\/\/denizcankizil.tr\/\",\"logo\":{\"@type\":\"ImageObject\",\"inLanguage\":\"ru-RU\",\"@id\":\"https:\/\/denizcankizil.tr\/#\/schema\/logo\/image\/\",\"url\":\"https:\/\/denizcankizil.tr\/wp-content\/uploads\/2024\/10\/siyah-logo-svg.svg\",\"contentUrl\":\"https:\/\/denizcankizil.tr\/wp-content\/uploads\/2024\/10\/siyah-logo-svg.svg\",\"width\":1080,\"height\":1080,\"caption\":\"Av. Deniz Can K\u0131z\u0131l\"},\"image\":{\"@id\":\"https:\/\/denizcankizil.tr\/#\/schema\/logo\/image\/\"}},{\"@type\":\"Person\",\"@id\":\"https:\/\/denizcankizil.tr\/#\/schema\/person\/e1eb71bb4dd684d46563f0af307e1234\",\"name\":\"Antalya K\u00f6rfez\",\"image\":{\"@type\":\"ImageObject\",\"inLanguage\":\"ru-RU\",\"@id\":\"https:\/\/denizcankizil.tr\/#\/schema\/person\/image\/\",\"url\":\"https:\/\/secure.gravatar.com\/avatar\/42b01982558a48a0b501fdcab6a408d3717ea5919095ee2e67b0e521799c5905?s=96&d=mm&r=g\",\"contentUrl\":\"https:\/\/secure.gravatar.com\/avatar\/42b01982558a48a0b501fdcab6a408d3717ea5919095ee2e67b0e521799c5905?s=96&d=mm&r=g\",\"caption\":\"Antalya K\u00f6rfez\"},\"sameAs\":[\"http:\/\/www.antalyakorfez.com\"],\"url\":\"https:\/\/www.antalyakorfez.com\/bodrumda-67-halk-plaji-yaz-sezonuna-hazir\"}]}<\/script>\n<!-- \/ Yoast SEO Premium plugin. -->","yoast_head_json":{"title":"Bodrum'da 67 halk plaj\u0131 yaz sezonuna haz\u0131r - Av. Deniz Can K\u0131z\u0131l","robots":{"index":"index","follow":"follow","max-snippet":"max-snippet:-1","max-image-preview":"max-image-preview:large","max-video-preview":"max-video-preview:-1"},"canonical":"https:\/\/denizcankizil.tr\/ru\/haberler\/gundem\/bodrumda-67-halk-plaji-yaz-sezonuna-hazir\/","og_locale":"ru_RU","og_type":"article","og_title":"Bodrum'da 67 halk plaj\u0131 yaz sezonuna haz\u0131r","og_description":"Bodrum Belediyesi Destek Hizmetler M\u00fcd\u00fcrl\u00fc\u011f\u00fc Mavi Bayrakl\u0131 Plajlar B\u00fcrosu taraf\u0131ndan nisan ay\u0131nda ba\u015flat\u0131lan plaj d\u00fczenleme \u00e7al\u0131\u015fmalar\u0131 b\u00fcy\u00fck \u00f6l\u00e7\u00fcde tamamland\u0131. Toplamda 9\u2019u mavi bayrakl\u0131 olmak \u00fczere 61 halk plaj\u0131 sezona haz\u0131r hale getirildi. Geriye kalan 6 plajda ise son d\u00fczenlemeler ger\u00e7ekle\u015ftiriliyor. ZEM\u0130N VE \u00c7EVRE D\u00dcZENLEMELER\u0130 YAPILDI \u00c7al\u0131\u015fmalar kapsam\u0131nda \u00f6ncelikli olarak halk plajlar\u0131n\u0131n zemin ve \u00e7evre d\u00fczenlemeleri yap\u0131ld\u0131. Ayr\u0131ca plajlardaki \u015femsiye, soyunma kabini, du\u015f ve tuvaletlerin bak\u0131m, onar\u0131m, yenileme i\u015flemleri ger\u00e7ekle\u015ftirilirken emniyet \u015famand\u0131ralar\u0131 ile cankurtaran kul\u00fcbeleri de daha g\u00fcvenli hale getirildi. Engelli bireylerin denize eri\u015fimini kolayla\u015ft\u0131rmak i\u00e7in belirli plajlarda denize ini\u015f rampalar\u0131 ve di\u011fer gerekli ekipmanlar\u0131n yenilemeleri ger\u00e7ekle\u015ftirildi. Bodrum Belediyesinin sorumlulu\u011fundaki 9\u2019u mavi bayrakl\u0131 toplam 67 halk plaj\u0131n\u0131n d\u0131\u015f\u0131nda, Bodrum Belediye A\u015e taraf\u0131ndan i\u015fletilen ve \u015fezlong yerle\u015fimleri de tamamlanan 18 halk plaj\u0131 da sezona haz\u0131r hale getirilerek halk\u0131n hizmetine sunuldu. \u200bBodrum Belediyesi, 9&#8217;u mavi bayrakl\u0131 olmak \u00fczere 67 halk plaj\u0131n\u0131 yaz sezonuna haz\u0131rlad\u0131. Plajda \u00e7evre d\u00fczenlemesinden g\u00fcvenlik \u00f6nlemlerine kadar bir\u00e7ok alanda yenileme yap\u0131ld\u0131.\u00a0 \u200bHaberin Al\u0131nt\u0131land\u0131\u011f\u0131 Kaynak: www.antalyakorfez.com","og_url":"https:\/\/denizcankizil.tr\/ru\/haberler\/gundem\/bodrumda-67-halk-plaji-yaz-sezonuna-hazir\/","og_site_name":"Av. Deniz Can K\u0131z\u0131l","article_published_time":"2025-06-07T09:41:25+00:00","author":"Antalya K\u00f6rfez","twitter_card":"summary_large_image","twitter_misc":{"\u041d\u0430\u043f\u0438\u0441\u0430\u043d\u043e \u0430\u0432\u0442\u043e\u0440\u043e\u043c":"Antalya K\u00f6rfez","\u041f\u0440\u0438\u043c\u0435\u0440\u043d\u043e\u0435 \u0432\u0440\u0435\u043c\u044f \u0434\u043b\u044f \u0447\u0442\u0435\u043d\u0438\u044f":"1 \u043c\u0438\u043d\u0443\u0442\u0430"},"schema":{"@context":"https:\/\/schema.org","@graph":[{"@type":"Article","@id":"https:\/\/denizcankizil.tr\/de\/haberler\/gundem\/bodrumda-67-halk-plaji-yaz-sezonuna-hazir\/#article","isPartOf":{"@id":"https:\/\/denizcankizil.tr\/de\/haberler\/gundem\/bodrumda-67-halk-plaji-yaz-sezonuna-hazir\/"},"author":{"name":"Antalya K\u00f6rfez","@id":"https:\/\/denizcankizil.tr\/#\/schema\/person\/e1eb71bb4dd684d46563f0af307e1234"},"headline":"Bodrum&#8217;da 67 halk plaj\u0131 yaz sezonuna haz\u0131r","datePublished":"2025-06-07T09:41:25+00:00","mainEntityOfPage":{"@id":"https:\/\/denizcankizil.tr\/de\/haberler\/gundem\/bodrumda-67-halk-plaji-yaz-sezonuna-hazir\/"},"wordCount":218,"publisher":{"@id":"https:\/\/denizcankizil.tr\/#organization"},"articleSection":["G\u00fcndem"],"inLanguage":"ru-RU"},{"@type":"WebPage","@id":"https:\/\/denizcankizil.tr\/de\/haberler\/gundem\/bodrumda-67-halk-plaji-yaz-sezonuna-hazir\/","url":"https:\/\/denizcankizil.tr\/de\/haberler\/gundem\/bodrumda-67-halk-plaji-yaz-sezonuna-hazir\/","name":"Bodrum'da 67 halk plaj\u0131 yaz sezonuna haz\u0131r - Av. Deniz Can K\u0131z\u0131l","isPartOf":{"@id":"https:\/\/denizcankizil.tr\/#website"},"datePublished":"2025-06-07T09:41:25+00:00","breadcrumb":{"@id":"https:\/\/denizcankizil.tr\/de\/haberler\/gundem\/bodrumda-67-halk-plaji-yaz-sezonuna-hazir\/#breadcrumb"},"inLanguage":"ru-RU","potentialAction":[{"@type":"ReadAction","target":["https:\/\/denizcankizil.tr\/de\/haberler\/gundem\/bodrumda-67-halk-plaji-yaz-sezonuna-hazir\/"]}]},{"@type":"BreadcrumbList","@id":"https:\/\/denizcankizil.tr\/de\/haberler\/gundem\/bodrumda-67-halk-plaji-yaz-sezonuna-hazir\/#breadcrumb","itemListElement":[{"@type":"ListItem","position":1,"name":"Home","item":"https:\/\/denizcankizil.tr\/de\/"},{"@type":"ListItem","position":2,"name":"Bodrum&#8217;da 67 halk plaj\u0131 yaz sezonuna haz\u0131r"}]},{"@type":"WebSite","@id":"https:\/\/denizcankizil.tr\/#website","url":"https:\/\/denizcankizil.tr\/","name":"Av. Deniz Can K\u0131z\u0131l","description":"Avukat Deniz Can K\u0131z\u0131l Antalya Barosu","publisher":{"@id":"https:\/\/denizcankizil.tr\/#organization"},"potentialAction":[{"@type":"SearchAction","target":{"@type":"EntryPoint","urlTemplate":"https:\/\/denizcankizil.tr\/?s={search_term_string}"},"query-input":{"@type":"PropertyValueSpecification","valueRequired":true,"valueName":"search_term_string"}}],"inLanguage":"ru-RU"},{"@type":"Organization","@id":"https:\/\/denizcankizil.tr\/#organization","name":"Av. Deniz Can K\u0131z\u0131l","url":"https:\/\/denizcankizil.tr\/","logo":{"@type":"ImageObject","inLanguage":"ru-RU","@id":"https:\/\/denizcankizil.tr\/#\/schema\/logo\/image\/","url":"https:\/\/denizcankizil.tr\/wp-content\/uploads\/2024\/10\/siyah-logo-svg.svg","contentUrl":"https:\/\/denizcankizil.tr\/wp-content\/uploads\/2024\/10\/siyah-logo-svg.svg","width":1080,"height":1080,"caption":"Av. Deniz Can K\u0131z\u0131l"},"image":{"@id":"https:\/\/denizcankizil.tr\/#\/schema\/logo\/image\/"}},{"@type":"Person","@id":"https:\/\/denizcankizil.tr\/#\/schema\/person\/e1eb71bb4dd684d46563f0af307e1234","name":"Antalya K\u00f6rfez","image":{"@type":"ImageObject","inLanguage":"ru-RU","@id":"https:\/\/denizcankizil.tr\/#\/schema\/person\/image\/","url":"https:\/\/secure.gravatar.com\/avatar\/42b01982558a48a0b501fdcab6a408d3717ea5919095ee2e67b0e521799c5905?s=96&d=mm&r=g","contentUrl":"https:\/\/secure.gravatar.com\/avatar\/42b01982558a48a0b501fdcab6a408d3717ea5919095ee2e67b0e521799c5905?s=96&d=mm&r=g","caption":"Antalya K\u00f6rfez"},"sameAs":["http:\/\/www.antalyakorfez.com"],"url":"https:\/\/www.antalyakorfez.com\/bodrumda-67-halk-plaji-yaz-sezonuna-hazir"}]}},"_links":{"self":[{"href":"https:\/\/denizcankizil.tr\/ru\/wp-json\/wp\/v2\/posts\/109413","targetHints":{"allow":["GET"]}}],"collection":[{"href":"https:\/\/denizcankizil.tr\/ru\/wp-json\/wp\/v2\/posts"}],"about":[{"href":"https:\/\/denizcankizil.tr\/ru\/wp-json\/wp\/v2\/types\/post"}],"author":[{"embeddable":true,"href":"https:\/\/denizcankizil.tr\/ru\/wp-json\/wp\/v2\/users\/5"}],"replies":[{"embeddable":true,"href":"https:\/\/denizcankizil.tr\/ru\/wp-json\/wp\/v2\/comments?post=109413"}],"version-history":[{"count":0,"href":"https:\/\/denizcankizil.tr\/ru\/wp-json\/wp\/v2\/posts\/109413\/revisions"}],"wp:attachment":[{"href":"https:\/\/denizcankizil.tr\/ru\/wp-json\/wp\/v2\/media?parent=109413"}],"wp:term":[{"taxonomy":"category","embeddable":true,"href":"https:\/\/denizcankizil.tr\/ru\/wp-json\/wp\/v2\/categories?post=109413"},{"taxonomy":"post_tag","embeddable":true,"href":"https:\/\/denizcankizil.tr\/ru\/wp-json\/wp\/v2\/tags?post=109413"}],"curies":[{"name":"wp","href":"https:\/\/api.w.org\/{rel}","templated":true}]}}