{"id":108589,"date":"2025-06-06T17:41:21","date_gmt":"2025-06-06T14:41:21","guid":{"rendered":"https:\/\/denizcankizil.tr\/uncategorized-tr\/ugur-poyrazdan-sert-infaz-duzenlemesi-elestirisi-magdurun-rizasi-olmadan-adalet-olmaz\/"},"modified":"2025-06-06T17:41:21","modified_gmt":"2025-06-06T14:41:21","slug":"ugur-poyrazdan-sert-infaz-duzenlemesi-elestirisi-magdurun-rizasi-olmadan-adalet-olmaz","status":"publish","type":"post","link":"https:\/\/denizcankizil.tr\/ru\/haberler\/gundem\/ugur-poyrazdan-sert-infaz-duzenlemesi-elestirisi-magdurun-rizasi-olmadan-adalet-olmaz\/","title":{"rendered":"U\u011fur Poyraz\u2019dan sert infaz d\u00fczenlemesi ele\u015ftirisi: &#8220;Ma\u011fdurun r\u0131zas\u0131 olmadan adalet olmaz&#8221;"},"content":{"rendered":"<p>\u0130Y\u0130 Parti Genel Sekreteri ve Antalya Milletvekili U\u011fur Poyraz, S\u00f6zc\u00fc TV ekranlar\u0131nda Damla Do\u011fan Tuncel\u2019in sundu\u011fu \u201cPara Politika\u201d program\u0131nda infaz d\u00fczenlemesiyle ilgili \u00e7arp\u0131c\u0131 de\u011ferlendirmelerde bulundu. Yeni y\u00fcr\u00fcrl\u00fc\u011fe giren 10. Yarg\u0131 Paketi kapsam\u0131nda yakla\u015f\u0131k 19 bin 800 ki\u015finin tahliye edilmesi kamuoyunda tart\u0131\u015fmalara neden olurken, Poyraz infaz indiriminin adaleti zedeledi\u011fini ve ma\u011fdurlar\u0131n haklar\u0131n\u0131n g\u00f6z ard\u0131 edildi\u011fini vurgulad\u0131.<\/p>\n<p>AK PART\u0130&#8217;YE KAR\u015eI \u0130\u015eLENEN SU\u00c7LAR <\/p>\n<p>Konu\u015fmas\u0131nda hukuk\u00e7u kimli\u011fiyle dikkat \u00e7eken U\u011fur Poyraz, T\u00fcrkiye\u2019de hukuk sisteminde \u00fc\u00e7 farkl\u0131 su\u00e7 kategorisinin olu\u015ftu\u011funu belirtti. Poyraz&#8217;a g\u00f6re bu u\u00e7lar; devlete kar\u015f\u0131 i\u015flenen su\u00e7lar, \u015fahsa kar\u015f\u0131 i\u015flenen su\u00e7lar ve AK Parti\u2019ye kar\u015f\u0131 i\u015flendi\u011fi iddia edilen fiiller olarak \u015fekilleniyor. \u00d6zellikle iktidar partisine y\u00f6neltilen ele\u015ftirilerin \u00e7ok daha h\u0131zl\u0131 ve a\u011f\u0131r cezalarla kar\u015f\u0131l\u0131k buldu\u011funu idda eden Poyraz, \u015fahsa kar\u015f\u0131 i\u015flenen ciddi su\u00e7larda ise infaz indirimlerinin kolayca uygulanabildi\u011fini belirtti.<\/p>\n<p>&#8220;NASIL OLSA \u0130NFAZ AFFI \u00c7IKACAK&#8221; <\/p>\n<p>\u0130nfaz indirimlerinin art\u0131k periyodik hale geldi\u011fine dikkat \u00e7eken Poyraz, 2020\u2019den bu yana birden fazla d\u00fczenleme yap\u0131ld\u0131\u011f\u0131n\u0131 hat\u0131rlatarak, toplumda &#8216;nas\u0131l olsa affedilir&#8217; alg\u0131s\u0131n\u0131n yerle\u015fti\u011fini s\u00f6yledi. Poyraz, bu durumun hukuki ve ahlaki \u00e7\u00f6k\u00fc\u015fe zemin haz\u0131rlad\u0131\u011f\u0131n\u0131 ifade etti.<\/p>\n<p>&#8220;VERG\u0130S\u0130N\u0130N \u00d6DEYEN\u0130N SU\u00c7U NE?&#8221; <\/p>\n<p>Poyraz, vergi aff\u0131, SGK primi indirimi gibi d\u00fczenlemelerle b\u00fcy\u00fck sermaye sahiplerinin s\u00fcrekli olarak \u00f6d\u00fcllendirildi\u011fini, buna kar\u015f\u0131l\u0131k d\u00fcr\u00fcst\u00e7e \u00e7al\u0131\u015fan, vergisini \u00f6deyen vatanda\u015flar\u0131n ma\u011fdur edildi\u011fini s\u00f6yledi. Poyraz, &#8220;Milyon dolarl\u0131k adamlar\u0131n bor\u00e7lar\u0131 siliniyor ama kurallara uyan insanlar ne kazan\u0131yor?&#8221; diyerek sistemdeki \u00e7arp\u0131kl\u0131\u011fa dikkat \u00e7ekti.<\/p>\n<p>&#8220;MA\u011eDURUN ZARARINI TANZ\u0130M ED\u0130N&#8221; <\/p>\n<p>Poyraz, \u015fahsa kar\u015f\u0131 i\u015flenen su\u00e7larda infaz indiriminin ma\u011fdurun zarar\u0131n\u0131 tazmin etmeden uygulanmas\u0131n\u0131 sert dille ele\u015ftirdi. &#8220;Doland\u0131r\u0131lm\u0131\u015fsan\u0131z, paras\u0131z kalm\u0131\u015fsan\u0131z ya da fiziksel sald\u0131r\u0131ya u\u011fram\u0131\u015fsan\u0131z failin cezaevine girmesiyle ilgilenmiyorsunuz. Onurunuz, kayb\u0131n\u0131z, zarar\u0131n\u0131z \u00f6nemli&#8221; diyen Poyraz, infaz d\u00fczenlemelerinde ma\u011fdurun r\u0131zas\u0131 ya da zarar\u0131n tazmini \u015fart\u0131n\u0131n aranmas\u0131 gerekti\u011fini belirtti.<\/p>\n<p>&#8220;SU\u00c7, MESLEK HAL\u0130NE GELD\u0130&#8221; <\/p>\n<p>U\u011fur Poyraz, \u00f6zellikle adam yaralama, doland\u0131r\u0131c\u0131l\u0131k, sahtecilik, ihaleye fesat kar\u0131\u015ft\u0131rma gibi su\u00e7lar\u0131n adeta &#8216;meslek&#8217; haline geldi\u011fini ifade etti. Poyraz, d\u00fc\u015f\u00fck cezalar ve s\u0131k s\u0131k yap\u0131lan aflar nedeniyle su\u00e7 i\u015flemeye \u00f6zendirici bir ortam\u0131n olu\u015ftu\u011funu savundu.<\/p>\n<p>&#8220;COV\u0130D MA\u011eDURLARINI \u00d6TELED\u0130LER&#8221; <\/p>\n<p>Poyraz, infaz d\u00fczenlemesinin kapsam\u0131na al\u0131nmas\u0131 beklenen Covid ma\u011fdurlar\u0131n\u0131n ve m\u00fckerrer su\u00e7lar\u0131n sonraki a\u015famalara b\u0131rak\u0131ld\u0131\u011f\u0131n\u0131, bunun arkas\u0131nda daha b\u00fcy\u00fck bir siyasi hesapla\u015fma plan\u0131n\u0131n olabilece\u011fini iddia etti. Poyraz, &#8220;Bu sadece \u00f6n kap\u0131 a\u00e7ma, kamuoyunu al\u0131\u015ft\u0131rma hamlesi&#8221; dedi.<\/p>\n<p>\u200b\u0130Y\u0130 Parti Genel Sekreteri ve Antalya Milletvekili U\u011fur Poyraz, \u015fahsa kar\u015f\u0131 i\u015flenen su\u00e7larda infaz indiriminin ma\u011fdurun zarar\u0131n\u0131 tazmin etmeden uygulanmas\u0131n\u0131 sert dille ele\u015ftirdi. Poyraz, infaz d\u00fczenlemelerinde ma\u011fdurun r\u0131zas\u0131 ya da zarar\u0131n tazmini \u015fart\u0131n\u0131n aranmas\u0131 gerekti\u011fini s\u00f6yledi.\u00a0<\/p>\n<p>\u200bHaberin Al\u0131nt\u0131land\u0131\u011f\u0131 Kaynak: www.antalyakorfez.com<\/p>","protected":false},"excerpt":{"rendered":"<p>\u0130Y\u0130 Parti Genel Sekreteri ve Antalya Milletvekili U\u011fur Poyraz, S\u00f6zc\u00fc TV ekranlar\u0131nda Damla Do\u011fan Tuncel\u2019in sundu\u011fu \u201cPara Politika\u201d program\u0131nda infaz d\u00fczenlemesiyle ilgili \u00e7arp\u0131c\u0131 de\u011ferlendirmelerde bulundu. Yeni y\u00fcr\u00fcrl\u00fc\u011fe giren 10. Yarg\u0131 Paketi kapsam\u0131nda yakla\u015f\u0131k 19 bin 800 ki\u015finin tahliye edilmesi kamuoyunda tart\u0131\u015fmalara neden olurken, Poyraz infaz indiriminin adaleti zedeledi\u011fini ve ma\u011fdurlar\u0131n haklar\u0131n\u0131n g\u00f6z ard\u0131 edildi\u011fini vurgulad\u0131. AK PART\u0130&#8217;YE KAR\u015eI \u0130\u015eLENEN SU\u00c7LAR Konu\u015fmas\u0131nda hukuk\u00e7u kimli\u011fiyle dikkat \u00e7eken U\u011fur Poyraz, T\u00fcrkiye\u2019de hukuk sisteminde \u00fc\u00e7 farkl\u0131 su\u00e7 kategorisinin olu\u015ftu\u011funu belirtti. Poyraz&#8217;a g\u00f6re bu u\u00e7lar; devlete kar\u015f\u0131 i\u015flenen su\u00e7lar, \u015fahsa kar\u015f\u0131 i\u015flenen su\u00e7lar ve AK Parti\u2019ye kar\u015f\u0131 i\u015flendi\u011fi iddia edilen fiiller olarak \u015fekilleniyor. \u00d6zellikle iktidar partisine y\u00f6neltilen ele\u015ftirilerin \u00e7ok daha h\u0131zl\u0131 ve a\u011f\u0131r cezalarla kar\u015f\u0131l\u0131k buldu\u011funu idda eden Poyraz, \u015fahsa kar\u015f\u0131 i\u015flenen ciddi su\u00e7larda ise infaz indirimlerinin kolayca uygulanabildi\u011fini belirtti. &#8220;NASIL OLSA \u0130NFAZ AFFI \u00c7IKACAK&#8221; \u0130nfaz indirimlerinin art\u0131k periyodik hale geldi\u011fine dikkat \u00e7eken Poyraz, 2020\u2019den bu yana birden fazla d\u00fczenleme yap\u0131ld\u0131\u011f\u0131n\u0131 hat\u0131rlatarak, toplumda &#8216;nas\u0131l olsa affedilir&#8217; alg\u0131s\u0131n\u0131n yerle\u015fti\u011fini s\u00f6yledi. Poyraz, bu durumun hukuki ve ahlaki \u00e7\u00f6k\u00fc\u015fe zemin haz\u0131rlad\u0131\u011f\u0131n\u0131 ifade etti. &#8220;VERG\u0130S\u0130N\u0130N \u00d6DEYEN\u0130N SU\u00c7U NE?&#8221; Poyraz, vergi aff\u0131, SGK primi indirimi gibi d\u00fczenlemelerle b\u00fcy\u00fck sermaye sahiplerinin s\u00fcrekli olarak \u00f6d\u00fcllendirildi\u011fini, buna kar\u015f\u0131l\u0131k d\u00fcr\u00fcst\u00e7e \u00e7al\u0131\u015fan, vergisini \u00f6deyen vatanda\u015flar\u0131n ma\u011fdur edildi\u011fini s\u00f6yledi. Poyraz, &#8220;Milyon dolarl\u0131k adamlar\u0131n bor\u00e7lar\u0131 siliniyor ama &hellip;<\/p>","protected":false},"author":5,"featured_media":0,"comment_status":"","ping_status":"open","sticky":false,"template":"","format":"standard","meta":{"_acf_changed":false,"footnotes":""},"categories":[24],"tags":[],"class_list":["post-108589","post","type-post","status-publish","format-standard","has-post-thumbnail","hentry","category-gundem"],"acf":[],"yoast_head":"<!-- This site is optimized with the Yoast SEO Premium plugin v26.6 (Yoast SEO v27.1.1) - https:\/\/yoast.com\/product\/yoast-seo-premium-wordpress\/ -->\n<title>U\u011fur Poyraz\u2019dan sert infaz d\u00fczenlemesi ele\u015ftirisi: &quot;Ma\u011fdurun r\u0131zas\u0131 olmadan adalet olmaz&quot; - Av. Deniz Can K\u0131z\u0131l<\/title>\n<meta name=\"robots\" content=\"index, follow, max-snippet:-1, max-image-preview:large, max-video-preview:-1\" \/>\n<link rel=\"canonical\" href=\"https:\/\/denizcankizil.tr\/ru\/haberler\/gundem\/ugur-poyrazdan-sert-infaz-duzenlemesi-elestirisi-magdurun-rizasi-olmadan-adalet-olmaz\/\" \/>\n<meta property=\"og:locale\" content=\"ru_RU\" \/>\n<meta property=\"og:type\" content=\"article\" \/>\n<meta property=\"og:title\" content=\"U\u011fur Poyraz\u2019dan sert infaz d\u00fczenlemesi ele\u015ftirisi: &quot;Ma\u011fdurun r\u0131zas\u0131 olmadan adalet olmaz&quot;\" \/>\n<meta property=\"og:description\" content=\"\u0130Y\u0130 Parti Genel Sekreteri ve Antalya Milletvekili U\u011fur Poyraz, S\u00f6zc\u00fc TV ekranlar\u0131nda Damla Do\u011fan Tuncel\u2019in sundu\u011fu \u201cPara Politika\u201d program\u0131nda infaz d\u00fczenlemesiyle ilgili \u00e7arp\u0131c\u0131 de\u011ferlendirmelerde bulundu. Yeni y\u00fcr\u00fcrl\u00fc\u011fe giren 10. Yarg\u0131 Paketi kapsam\u0131nda yakla\u015f\u0131k 19 bin 800 ki\u015finin tahliye edilmesi kamuoyunda tart\u0131\u015fmalara neden olurken, Poyraz infaz indiriminin adaleti zedeledi\u011fini ve ma\u011fdurlar\u0131n haklar\u0131n\u0131n g\u00f6z ard\u0131 edildi\u011fini vurgulad\u0131. AK PART\u0130&#8217;YE KAR\u015eI \u0130\u015eLENEN SU\u00c7LAR Konu\u015fmas\u0131nda hukuk\u00e7u kimli\u011fiyle dikkat \u00e7eken U\u011fur Poyraz, T\u00fcrkiye\u2019de hukuk sisteminde \u00fc\u00e7 farkl\u0131 su\u00e7 kategorisinin olu\u015ftu\u011funu belirtti. Poyraz&#8217;a g\u00f6re bu u\u00e7lar; devlete kar\u015f\u0131 i\u015flenen su\u00e7lar, \u015fahsa kar\u015f\u0131 i\u015flenen su\u00e7lar ve AK Parti\u2019ye kar\u015f\u0131 i\u015flendi\u011fi iddia edilen fiiller olarak \u015fekilleniyor. \u00d6zellikle iktidar partisine y\u00f6neltilen ele\u015ftirilerin \u00e7ok daha h\u0131zl\u0131 ve a\u011f\u0131r cezalarla kar\u015f\u0131l\u0131k buldu\u011funu idda eden Poyraz, \u015fahsa kar\u015f\u0131 i\u015flenen ciddi su\u00e7larda ise infaz indirimlerinin kolayca uygulanabildi\u011fini belirtti. &#8220;NASIL OLSA \u0130NFAZ AFFI \u00c7IKACAK&#8221; \u0130nfaz indirimlerinin art\u0131k periyodik hale geldi\u011fine dikkat \u00e7eken Poyraz, 2020\u2019den bu yana birden fazla d\u00fczenleme yap\u0131ld\u0131\u011f\u0131n\u0131 hat\u0131rlatarak, toplumda &#8216;nas\u0131l olsa affedilir&#8217; alg\u0131s\u0131n\u0131n yerle\u015fti\u011fini s\u00f6yledi. Poyraz, bu durumun hukuki ve ahlaki \u00e7\u00f6k\u00fc\u015fe zemin haz\u0131rlad\u0131\u011f\u0131n\u0131 ifade etti. &#8220;VERG\u0130S\u0130N\u0130N \u00d6DEYEN\u0130N SU\u00c7U NE?&#8221; Poyraz, vergi aff\u0131, SGK primi indirimi gibi d\u00fczenlemelerle b\u00fcy\u00fck sermaye sahiplerinin s\u00fcrekli olarak \u00f6d\u00fcllendirildi\u011fini, buna kar\u015f\u0131l\u0131k d\u00fcr\u00fcst\u00e7e \u00e7al\u0131\u015fan, vergisini \u00f6deyen vatanda\u015flar\u0131n ma\u011fdur edildi\u011fini s\u00f6yledi. Poyraz, &#8220;Milyon dolarl\u0131k adamlar\u0131n bor\u00e7lar\u0131 siliniyor ama &hellip;\" \/>\n<meta property=\"og:url\" content=\"https:\/\/denizcankizil.tr\/ru\/haberler\/gundem\/ugur-poyrazdan-sert-infaz-duzenlemesi-elestirisi-magdurun-rizasi-olmadan-adalet-olmaz\/\" \/>\n<meta property=\"og:site_name\" content=\"Av. Deniz Can K\u0131z\u0131l\" \/>\n<meta property=\"article:published_time\" content=\"2025-06-06T14:41:21+00:00\" \/>\n<meta name=\"author\" content=\"Antalya K\u00f6rfez\" \/>\n<meta name=\"twitter:card\" content=\"summary_large_image\" \/>\n<meta name=\"twitter:label1\" content=\"\u041d\u0430\u043f\u0438\u0441\u0430\u043d\u043e \u0430\u0432\u0442\u043e\u0440\u043e\u043c\" \/>\n\t<meta name=\"twitter:data1\" content=\"Antalya K\u00f6rfez\" \/>\n\t<meta name=\"twitter:label2\" content=\"\u041f\u0440\u0438\u043c\u0435\u0440\u043d\u043e\u0435 \u0432\u0440\u0435\u043c\u044f \u0434\u043b\u044f \u0447\u0442\u0435\u043d\u0438\u044f\" \/>\n\t<meta name=\"twitter:data2\" content=\"3 \u043c\u0438\u043d\u0443\u0442\u044b\" \/>\n<script type=\"application\/ld+json\" class=\"yoast-schema-graph\">{\"@context\":\"https:\/\/schema.org\",\"@graph\":[{\"@type\":\"Article\",\"@id\":\"https:\/\/denizcankizil.tr\/ru\/haberler\/gundem\/ugur-poyrazdan-sert-infaz-duzenlemesi-elestirisi-magdurun-rizasi-olmadan-adalet-olmaz\/#article\",\"isPartOf\":{\"@id\":\"https:\/\/denizcankizil.tr\/ru\/haberler\/gundem\/ugur-poyrazdan-sert-infaz-duzenlemesi-elestirisi-magdurun-rizasi-olmadan-adalet-olmaz\/\"},\"author\":{\"name\":\"Antalya K\u00f6rfez\",\"@id\":\"https:\/\/denizcankizil.tr\/#\/schema\/person\/e1eb71bb4dd684d46563f0af307e1234\"},\"headline\":\"U\u011fur Poyraz\u2019dan sert infaz d\u00fczenlemesi ele\u015ftirisi: &#8220;Ma\u011fdurun r\u0131zas\u0131 olmadan adalet olmaz&#8221;\",\"datePublished\":\"2025-06-06T14:41:21+00:00\",\"mainEntityOfPage\":{\"@id\":\"https:\/\/denizcankizil.tr\/ru\/haberler\/gundem\/ugur-poyrazdan-sert-infaz-duzenlemesi-elestirisi-magdurun-rizasi-olmadan-adalet-olmaz\/\"},\"wordCount\":584,\"publisher\":{\"@id\":\"https:\/\/denizcankizil.tr\/#organization\"},\"articleSection\":[\"G\u00fcndem\"],\"inLanguage\":\"ru-RU\"},{\"@type\":\"WebPage\",\"@id\":\"https:\/\/denizcankizil.tr\/ru\/haberler\/gundem\/ugur-poyrazdan-sert-infaz-duzenlemesi-elestirisi-magdurun-rizasi-olmadan-adalet-olmaz\/\",\"url\":\"https:\/\/denizcankizil.tr\/ru\/haberler\/gundem\/ugur-poyrazdan-sert-infaz-duzenlemesi-elestirisi-magdurun-rizasi-olmadan-adalet-olmaz\/\",\"name\":\"U\u011fur Poyraz\u2019dan sert infaz d\u00fczenlemesi ele\u015ftirisi: \\\"Ma\u011fdurun r\u0131zas\u0131 olmadan adalet olmaz\\\" - Av. Deniz Can K\u0131z\u0131l\",\"isPartOf\":{\"@id\":\"https:\/\/denizcankizil.tr\/#website\"},\"datePublished\":\"2025-06-06T14:41:21+00:00\",\"breadcrumb\":{\"@id\":\"https:\/\/denizcankizil.tr\/ru\/haberler\/gundem\/ugur-poyrazdan-sert-infaz-duzenlemesi-elestirisi-magdurun-rizasi-olmadan-adalet-olmaz\/#breadcrumb\"},\"inLanguage\":\"ru-RU\",\"potentialAction\":[{\"@type\":\"ReadAction\",\"target\":[\"https:\/\/denizcankizil.tr\/ru\/haberler\/gundem\/ugur-poyrazdan-sert-infaz-duzenlemesi-elestirisi-magdurun-rizasi-olmadan-adalet-olmaz\/\"]}]},{\"@type\":\"BreadcrumbList\",\"@id\":\"https:\/\/denizcankizil.tr\/ru\/haberler\/gundem\/ugur-poyrazdan-sert-infaz-duzenlemesi-elestirisi-magdurun-rizasi-olmadan-adalet-olmaz\/#breadcrumb\",\"itemListElement\":[{\"@type\":\"ListItem\",\"position\":1,\"name\":\"Home\",\"item\":\"https:\/\/denizcankizil.tr\/de\/\"},{\"@type\":\"ListItem\",\"position\":2,\"name\":\"U\u011fur Poyraz\u2019dan sert infaz d\u00fczenlemesi ele\u015ftirisi: &#8220;Ma\u011fdurun r\u0131zas\u0131 olmadan adalet olmaz&#8221;\"}]},{\"@type\":\"WebSite\",\"@id\":\"https:\/\/denizcankizil.tr\/#website\",\"url\":\"https:\/\/denizcankizil.tr\/\",\"name\":\"Av. Deniz Can K\u0131z\u0131l\",\"description\":\"Avukat Deniz Can K\u0131z\u0131l Antalya Barosu\",\"publisher\":{\"@id\":\"https:\/\/denizcankizil.tr\/#organization\"},\"potentialAction\":[{\"@type\":\"SearchAction\",\"target\":{\"@type\":\"EntryPoint\",\"urlTemplate\":\"https:\/\/denizcankizil.tr\/?s={search_term_string}\"},\"query-input\":{\"@type\":\"PropertyValueSpecification\",\"valueRequired\":true,\"valueName\":\"search_term_string\"}}],\"inLanguage\":\"ru-RU\"},{\"@type\":\"Organization\",\"@id\":\"https:\/\/denizcankizil.tr\/#organization\",\"name\":\"Av. Deniz Can K\u0131z\u0131l\",\"url\":\"https:\/\/denizcankizil.tr\/\",\"logo\":{\"@type\":\"ImageObject\",\"inLanguage\":\"ru-RU\",\"@id\":\"https:\/\/denizcankizil.tr\/#\/schema\/logo\/image\/\",\"url\":\"https:\/\/denizcankizil.tr\/wp-content\/uploads\/2024\/10\/siyah-logo-svg.svg\",\"contentUrl\":\"https:\/\/denizcankizil.tr\/wp-content\/uploads\/2024\/10\/siyah-logo-svg.svg\",\"width\":1080,\"height\":1080,\"caption\":\"Av. Deniz Can K\u0131z\u0131l\"},\"image\":{\"@id\":\"https:\/\/denizcankizil.tr\/#\/schema\/logo\/image\/\"}},{\"@type\":\"Person\",\"@id\":\"https:\/\/denizcankizil.tr\/#\/schema\/person\/e1eb71bb4dd684d46563f0af307e1234\",\"name\":\"Antalya K\u00f6rfez\",\"image\":{\"@type\":\"ImageObject\",\"inLanguage\":\"ru-RU\",\"@id\":\"https:\/\/denizcankizil.tr\/#\/schema\/person\/image\/\",\"url\":\"https:\/\/secure.gravatar.com\/avatar\/42b01982558a48a0b501fdcab6a408d3717ea5919095ee2e67b0e521799c5905?s=96&d=mm&r=g\",\"contentUrl\":\"https:\/\/secure.gravatar.com\/avatar\/42b01982558a48a0b501fdcab6a408d3717ea5919095ee2e67b0e521799c5905?s=96&d=mm&r=g\",\"caption\":\"Antalya K\u00f6rfez\"},\"sameAs\":[\"http:\/\/www.antalyakorfez.com\"],\"url\":\"https:\/\/www.antalyakorfez.com\/ugur-poyrazdan-sert-infaz-duzenlemesi-elestirisi-magdurun-rizasi-olmadan-adalet-olmaz\"}]}<\/script>\n<!-- \/ Yoast SEO Premium plugin. -->","yoast_head_json":{"title":"U\u011fur Poyraz\u2019dan sert infaz d\u00fczenlemesi ele\u015ftirisi: \"Ma\u011fdurun r\u0131zas\u0131 olmadan adalet olmaz\" - Av. Deniz Can K\u0131z\u0131l","robots":{"index":"index","follow":"follow","max-snippet":"max-snippet:-1","max-image-preview":"max-image-preview:large","max-video-preview":"max-video-preview:-1"},"canonical":"https:\/\/denizcankizil.tr\/ru\/haberler\/gundem\/ugur-poyrazdan-sert-infaz-duzenlemesi-elestirisi-magdurun-rizasi-olmadan-adalet-olmaz\/","og_locale":"ru_RU","og_type":"article","og_title":"U\u011fur Poyraz\u2019dan sert infaz d\u00fczenlemesi ele\u015ftirisi: \"Ma\u011fdurun r\u0131zas\u0131 olmadan adalet olmaz\"","og_description":"\u0130Y\u0130 Parti Genel Sekreteri ve Antalya Milletvekili U\u011fur Poyraz, S\u00f6zc\u00fc TV ekranlar\u0131nda Damla Do\u011fan Tuncel\u2019in sundu\u011fu \u201cPara Politika\u201d program\u0131nda infaz d\u00fczenlemesiyle ilgili \u00e7arp\u0131c\u0131 de\u011ferlendirmelerde bulundu. Yeni y\u00fcr\u00fcrl\u00fc\u011fe giren 10. Yarg\u0131 Paketi kapsam\u0131nda yakla\u015f\u0131k 19 bin 800 ki\u015finin tahliye edilmesi kamuoyunda tart\u0131\u015fmalara neden olurken, Poyraz infaz indiriminin adaleti zedeledi\u011fini ve ma\u011fdurlar\u0131n haklar\u0131n\u0131n g\u00f6z ard\u0131 edildi\u011fini vurgulad\u0131. AK PART\u0130&#8217;YE KAR\u015eI \u0130\u015eLENEN SU\u00c7LAR Konu\u015fmas\u0131nda hukuk\u00e7u kimli\u011fiyle dikkat \u00e7eken U\u011fur Poyraz, T\u00fcrkiye\u2019de hukuk sisteminde \u00fc\u00e7 farkl\u0131 su\u00e7 kategorisinin olu\u015ftu\u011funu belirtti. Poyraz&#8217;a g\u00f6re bu u\u00e7lar; devlete kar\u015f\u0131 i\u015flenen su\u00e7lar, \u015fahsa kar\u015f\u0131 i\u015flenen su\u00e7lar ve AK Parti\u2019ye kar\u015f\u0131 i\u015flendi\u011fi iddia edilen fiiller olarak \u015fekilleniyor. \u00d6zellikle iktidar partisine y\u00f6neltilen ele\u015ftirilerin \u00e7ok daha h\u0131zl\u0131 ve a\u011f\u0131r cezalarla kar\u015f\u0131l\u0131k buldu\u011funu idda eden Poyraz, \u015fahsa kar\u015f\u0131 i\u015flenen ciddi su\u00e7larda ise infaz indirimlerinin kolayca uygulanabildi\u011fini belirtti. &#8220;NASIL OLSA \u0130NFAZ AFFI \u00c7IKACAK&#8221; \u0130nfaz indirimlerinin art\u0131k periyodik hale geldi\u011fine dikkat \u00e7eken Poyraz, 2020\u2019den bu yana birden fazla d\u00fczenleme yap\u0131ld\u0131\u011f\u0131n\u0131 hat\u0131rlatarak, toplumda &#8216;nas\u0131l olsa affedilir&#8217; alg\u0131s\u0131n\u0131n yerle\u015fti\u011fini s\u00f6yledi. Poyraz, bu durumun hukuki ve ahlaki \u00e7\u00f6k\u00fc\u015fe zemin haz\u0131rlad\u0131\u011f\u0131n\u0131 ifade etti. &#8220;VERG\u0130S\u0130N\u0130N \u00d6DEYEN\u0130N SU\u00c7U NE?&#8221; Poyraz, vergi aff\u0131, SGK primi indirimi gibi d\u00fczenlemelerle b\u00fcy\u00fck sermaye sahiplerinin s\u00fcrekli olarak \u00f6d\u00fcllendirildi\u011fini, buna kar\u015f\u0131l\u0131k d\u00fcr\u00fcst\u00e7e \u00e7al\u0131\u015fan, vergisini \u00f6deyen vatanda\u015flar\u0131n ma\u011fdur edildi\u011fini s\u00f6yledi. Poyraz, &#8220;Milyon dolarl\u0131k adamlar\u0131n bor\u00e7lar\u0131 siliniyor ama &hellip;","og_url":"https:\/\/denizcankizil.tr\/ru\/haberler\/gundem\/ugur-poyrazdan-sert-infaz-duzenlemesi-elestirisi-magdurun-rizasi-olmadan-adalet-olmaz\/","og_site_name":"Av. Deniz Can K\u0131z\u0131l","article_published_time":"2025-06-06T14:41:21+00:00","author":"Antalya K\u00f6rfez","twitter_card":"summary_large_image","twitter_misc":{"\u041d\u0430\u043f\u0438\u0441\u0430\u043d\u043e \u0430\u0432\u0442\u043e\u0440\u043e\u043c":"Antalya K\u00f6rfez","\u041f\u0440\u0438\u043c\u0435\u0440\u043d\u043e\u0435 \u0432\u0440\u0435\u043c\u044f \u0434\u043b\u044f \u0447\u0442\u0435\u043d\u0438\u044f":"3 \u043c\u0438\u043d\u0443\u0442\u044b"},"schema":{"@context":"https:\/\/schema.org","@graph":[{"@type":"Article","@id":"https:\/\/denizcankizil.tr\/ru\/haberler\/gundem\/ugur-poyrazdan-sert-infaz-duzenlemesi-elestirisi-magdurun-rizasi-olmadan-adalet-olmaz\/#article","isPartOf":{"@id":"https:\/\/denizcankizil.tr\/ru\/haberler\/gundem\/ugur-poyrazdan-sert-infaz-duzenlemesi-elestirisi-magdurun-rizasi-olmadan-adalet-olmaz\/"},"author":{"name":"Antalya K\u00f6rfez","@id":"https:\/\/denizcankizil.tr\/#\/schema\/person\/e1eb71bb4dd684d46563f0af307e1234"},"headline":"U\u011fur Poyraz\u2019dan sert infaz d\u00fczenlemesi ele\u015ftirisi: &#8220;Ma\u011fdurun r\u0131zas\u0131 olmadan adalet olmaz&#8221;","datePublished":"2025-06-06T14:41:21+00:00","mainEntityOfPage":{"@id":"https:\/\/denizcankizil.tr\/ru\/haberler\/gundem\/ugur-poyrazdan-sert-infaz-duzenlemesi-elestirisi-magdurun-rizasi-olmadan-adalet-olmaz\/"},"wordCount":584,"publisher":{"@id":"https:\/\/denizcankizil.tr\/#organization"},"articleSection":["G\u00fcndem"],"inLanguage":"ru-RU"},{"@type":"WebPage","@id":"https:\/\/denizcankizil.tr\/ru\/haberler\/gundem\/ugur-poyrazdan-sert-infaz-duzenlemesi-elestirisi-magdurun-rizasi-olmadan-adalet-olmaz\/","url":"https:\/\/denizcankizil.tr\/ru\/haberler\/gundem\/ugur-poyrazdan-sert-infaz-duzenlemesi-elestirisi-magdurun-rizasi-olmadan-adalet-olmaz\/","name":"U\u011fur Poyraz\u2019dan sert infaz d\u00fczenlemesi ele\u015ftirisi: \"Ma\u011fdurun r\u0131zas\u0131 olmadan adalet olmaz\" - Av. Deniz Can K\u0131z\u0131l","isPartOf":{"@id":"https:\/\/denizcankizil.tr\/#website"},"datePublished":"2025-06-06T14:41:21+00:00","breadcrumb":{"@id":"https:\/\/denizcankizil.tr\/ru\/haberler\/gundem\/ugur-poyrazdan-sert-infaz-duzenlemesi-elestirisi-magdurun-rizasi-olmadan-adalet-olmaz\/#breadcrumb"},"inLanguage":"ru-RU","potentialAction":[{"@type":"ReadAction","target":["https:\/\/denizcankizil.tr\/ru\/haberler\/gundem\/ugur-poyrazdan-sert-infaz-duzenlemesi-elestirisi-magdurun-rizasi-olmadan-adalet-olmaz\/"]}]},{"@type":"BreadcrumbList","@id":"https:\/\/denizcankizil.tr\/ru\/haberler\/gundem\/ugur-poyrazdan-sert-infaz-duzenlemesi-elestirisi-magdurun-rizasi-olmadan-adalet-olmaz\/#breadcrumb","itemListElement":[{"@type":"ListItem","position":1,"name":"Home","item":"https:\/\/denizcankizil.tr\/de\/"},{"@type":"ListItem","position":2,"name":"U\u011fur Poyraz\u2019dan sert infaz d\u00fczenlemesi ele\u015ftirisi: &#8220;Ma\u011fdurun r\u0131zas\u0131 olmadan adalet olmaz&#8221;"}]},{"@type":"WebSite","@id":"https:\/\/denizcankizil.tr\/#website","url":"https:\/\/denizcankizil.tr\/","name":"Av. Deniz Can K\u0131z\u0131l","description":"Avukat Deniz Can K\u0131z\u0131l Antalya Barosu","publisher":{"@id":"https:\/\/denizcankizil.tr\/#organization"},"potentialAction":[{"@type":"SearchAction","target":{"@type":"EntryPoint","urlTemplate":"https:\/\/denizcankizil.tr\/?s={search_term_string}"},"query-input":{"@type":"PropertyValueSpecification","valueRequired":true,"valueName":"search_term_string"}}],"inLanguage":"ru-RU"},{"@type":"Organization","@id":"https:\/\/denizcankizil.tr\/#organization","name":"Av. Deniz Can K\u0131z\u0131l","url":"https:\/\/denizcankizil.tr\/","logo":{"@type":"ImageObject","inLanguage":"ru-RU","@id":"https:\/\/denizcankizil.tr\/#\/schema\/logo\/image\/","url":"https:\/\/denizcankizil.tr\/wp-content\/uploads\/2024\/10\/siyah-logo-svg.svg","contentUrl":"https:\/\/denizcankizil.tr\/wp-content\/uploads\/2024\/10\/siyah-logo-svg.svg","width":1080,"height":1080,"caption":"Av. Deniz Can K\u0131z\u0131l"},"image":{"@id":"https:\/\/denizcankizil.tr\/#\/schema\/logo\/image\/"}},{"@type":"Person","@id":"https:\/\/denizcankizil.tr\/#\/schema\/person\/e1eb71bb4dd684d46563f0af307e1234","name":"Antalya K\u00f6rfez","image":{"@type":"ImageObject","inLanguage":"ru-RU","@id":"https:\/\/denizcankizil.tr\/#\/schema\/person\/image\/","url":"https:\/\/secure.gravatar.com\/avatar\/42b01982558a48a0b501fdcab6a408d3717ea5919095ee2e67b0e521799c5905?s=96&d=mm&r=g","contentUrl":"https:\/\/secure.gravatar.com\/avatar\/42b01982558a48a0b501fdcab6a408d3717ea5919095ee2e67b0e521799c5905?s=96&d=mm&r=g","caption":"Antalya K\u00f6rfez"},"sameAs":["http:\/\/www.antalyakorfez.com"],"url":"https:\/\/www.antalyakorfez.com\/ugur-poyrazdan-sert-infaz-duzenlemesi-elestirisi-magdurun-rizasi-olmadan-adalet-olmaz"}]}},"_links":{"self":[{"href":"https:\/\/denizcankizil.tr\/ru\/wp-json\/wp\/v2\/posts\/108589","targetHints":{"allow":["GET"]}}],"collection":[{"href":"https:\/\/denizcankizil.tr\/ru\/wp-json\/wp\/v2\/posts"}],"about":[{"href":"https:\/\/denizcankizil.tr\/ru\/wp-json\/wp\/v2\/types\/post"}],"author":[{"embeddable":true,"href":"https:\/\/denizcankizil.tr\/ru\/wp-json\/wp\/v2\/users\/5"}],"replies":[{"embeddable":true,"href":"https:\/\/denizcankizil.tr\/ru\/wp-json\/wp\/v2\/comments?post=108589"}],"version-history":[{"count":0,"href":"https:\/\/denizcankizil.tr\/ru\/wp-json\/wp\/v2\/posts\/108589\/revisions"}],"wp:attachment":[{"href":"https:\/\/denizcankizil.tr\/ru\/wp-json\/wp\/v2\/media?parent=108589"}],"wp:term":[{"taxonomy":"category","embeddable":true,"href":"https:\/\/denizcankizil.tr\/ru\/wp-json\/wp\/v2\/categories?post=108589"},{"taxonomy":"post_tag","embeddable":true,"href":"https:\/\/denizcankizil.tr\/ru\/wp-json\/wp\/v2\/tags?post=108589"}],"curies":[{"name":"wp","href":"https:\/\/api.w.org\/{rel}","templated":true}]}}