{"id":107607,"date":"2025-06-04T17:52:00","date_gmt":"2025-06-04T14:52:00","guid":{"rendered":"https:\/\/denizcankizil.tr\/uncategorized-tr\/kadroya-gecen-sozlesmelinin-es-durumu\/"},"modified":"2025-06-04T17:52:00","modified_gmt":"2025-06-04T14:52:00","slug":"kadroya-gecen-sozlesmelinin-es-durumu","status":"publish","type":"post","link":"https:\/\/denizcankizil.tr\/ru\/hukukihaber\/kadroya-gecen-sozlesmelinin-es-durumu\/","title":{"rendered":"Kadroya Ge\u00e7en S\u00f6zle\u015fmelinin E\u015f Durumu"},"content":{"rendered":"<p>\u0130mam Nikahl\u0131 E\u015fin Nafaka Hakk\u0131\u2019nda bahsetti\u011fimiz Kadroya Ge\u00e7en S\u00f6zle\u015fmelinin E\u015f Durumu yaz\u0131m\u0131z\u0131 da sitemiz hukukihaber.net\u2019te yay\u0131nlayal\u0131m da anlam b\u00fct\u00fcnl\u00fc\u011f\u00fc olu\u015fsun. Buyrun efendim;<\/p>\n<p>\u00c7ok \u015f\u00fck\u00fcr T\u00fcrkiye\u2019nin bir ay\u0131b\u0131 daha sonra erdi; s\u00f6zle\u015fmeli \u00f6\u011fretmenlerimizi kadroya ge\u00e7irdik. Olay \u00fccretli \u00f6\u011fretmen, vekil \u00f6\u011fretmen, k\u0131smi zamanl\u0131 g\u00f6revlendirilmi\u015f \u00f6\u011fretmen, kadrolu \u00f6\u011fretmen, uzman \u00f6\u011fretmen, ba\u015f\u00f6\u011fretmen ayr\u0131mlar\u0131 olmas\u0131 de\u011fildi \u00f6\u011fretmenlik mesle\u011fi i\u00e7inde; \u0130\u015f Kanunu a\u00e7\u0131s\u0131ndan s\u00f6zle\u015fmeli i\u015f\u00e7inin mant\u0131\u011f\u0131na ayk\u0131r\u0131yd\u0131 s\u00f6zle\u015fmeli \u00f6\u011fretmenlik.<\/p>\n<p>Evet, i\u015f\u00e7i. Hay\u0131r eme\u011fin \u00f6nemine vurgu atmak i\u00e7in i\u015f\u00e7i nitelemesi yapm\u0131yoruz; \u0130\u015f Kanunu\u2019na g\u00f6re ya i\u015f g\u00f6rensindir ya da i\u015fveren. Ortas\u0131 yoktur bunun uzman, m\u00fcd\u00fcr, genel m\u00fcd\u00fcr, CEO gibi\u2026Ger\u00e7i bir de i\u015fveren temsilcisi de vard\u0131r haklar a\u00e7\u0131s\u0131ndan fark yaratabilecek ama bug\u00fcnk\u00fc konumuz de\u011fil. Memur filan diyecekseniz 657\u2019ye gideceksiniz, biz 4857\u2019deyiz.<\/p>\n<p>\u0130\u015fK m. 11 iki t\u00fcr s\u00f6zle\u015fme \u00f6ng\u00f6r\u00fcr; belirli s\u00fcreli ve belirsiz s\u00fcreli. E\u011fer ortada bir proje varsa, ama\u00e7 belirli bir i\u015fin tamamlanmas\u0131ysa belirli s\u00fcreli s\u00f6zle\u015fme yapar\u0131z. Bir yaz\u0131l\u0131m i\u015finin bitirilmesi b\u00f6yle bir \u015feydir, keza bir in\u015faat da \u00f6yle; lakin ortada bitirilmesi gereken bir proje yoksa i\u015f s\u00f6zle\u015fmemiz belirsiz s\u00fcreli olur.<\/p>\n<p>\u015eimdi \u00f6\u011fretmenlerimizi bir proje i\u00e7in i\u015fe alm\u0131yoruz, bu y\u00fczden de s\u00f6zle\u015fmeli de olmamalar\u0131 gerekir. Ha denilebilir ki \u00f6\u011frencileri birinci s\u0131n\u0131ftan al\u0131yor, d\u00f6rd\u00fcnc\u00fc s\u0131n\u0131fa kadar okutuyor, al i\u015fte bak f\u0131st\u0131k gibi proje, bal gibi de s\u00f6zle\u015fmeli olabilirler.<\/p>\n<p>Lakin sen o atad\u0131\u011f\u0131n \u00f6\u011fretmenlerin s\u00f6zle\u015fmesini d\u00f6rt y\u0131ll\u0131k m\u0131 yap\u0131yorsun? Hay\u0131r, y\u0131ll\u0131k olarak yap\u0131yorsun. Hatta Eyl\u00fcl\u2019de ilk olarak atad\u0131\u011f\u0131n \u00f6\u011fretmenin s\u00f6zle\u015fmesini 31 Aral\u0131k\u2019a kadar yap\u0131yorsun, ondan sonra her sene yeniliyorsun.<\/p>\n<p>E ama ne yapacakt\u0131k, at\u0131yorduk \u00f6\u011fretmenleri \u00f6\u011fretmen ihtiyac\u0131n\u0131n oldu\u011fu do\u011fuya, bir y\u0131l \u00e7al\u0131\u015f\u0131yorlard\u0131 sonra da e\u015f durumundan bat\u0131ya geliyorlard\u0131. Hatta ben bekar olarak at\u0131yordum do\u011fuya, hemen gidip bat\u0131dan bir e\u015f buluyordu. Yavrular\u0131m\u0131z e\u011fitim haklar\u0131ndan mahrum kalmas\u0131nlar diye s\u00f6zle\u015fmeli \u00f6\u011fretmenli\u011fi getirdik.<\/p>\n<p>Peki n\u2019oldu \u015fimdi, ne de\u011fi\u015fti? Bakt\u0131n\u0131z insanlar zaten bat\u0131n\u0131n pahal\u0131l\u0131\u011f\u0131na yeti\u015femiyorlar, kimse zaten tayin istemiyor, bu y\u00fczden mi s\u00f6zle\u015fmeli \u00f6\u011fretmenleri kadroya ge\u00e7irdiniz? Kiralardan dolay\u0131 kimse kalam\u0131yorsa bat\u0131da, o zaman da oradaki yavrular\u0131m\u0131z e\u011fitim haklar\u0131ndan mahrum kalmayacaklar m\u0131?<\/p>\n<p>Of T\u00fcrke\u015f Hocam, hi\u00e7bir \u015fey bilmiyorsun. Biz s\u00f6zle\u015fmeli \u00f6\u011fretmenleri kadroya ald\u0131k ama onlara ka\u011f\u0131t imzalatt\u0131k, orijinal s\u00f6zle\u015fme s\u00fcreleri bitene kadar tayin haklar\u0131n\u0131n olmad\u0131\u011f\u0131n\u0131 kabul ettirdik.<\/p>\n<p>O zaman g\u00fczelmi\u015f. Madem b\u00f6yle bir imzalar\u0131n\u0131 alarak tayin haklar\u0131n\u0131 da alabiliyorduk, neden en ba\u015fta s\u00f6zle\u015fmeli \u00f6\u011fretmenli\u011fi getirdik ki? \u0130mzalat\u0131rd\u0131k bir ka\u011f\u0131t, bir de yemin ettirirdik vallahi de billahi de tayin istemeyece\u011fim diye, olur biterdi.<\/p>\n<p>\u0130\u015fte gen\u00e7 \u00f6\u011fretmenim de bana tam olarak bu soruyu soruyordu; beni kadroya ge\u00e7iriyorlar ama tayin istemeyece\u011fime dair de ka\u011f\u0131t imzalatmak istiyorlar. Ne yapay\u0131m?<\/p>\n<p>Dedim hi\u00e7 \u00e7ekinme, imzala. Hi\u00e7bir ge\u00e7erlili\u011fi yok. Ta kadim Roma\u2019dan beri gelen kurald\u0131r; kimse hen\u00fcz sahip olmad\u0131\u011f\u0131 bir hakk\u0131ndan feragat edemez. Hatta TBK m. 420 bir ad\u0131m da daha ileri gider; i\u015fvereni ibra edebilmek ancak i\u015f s\u00f6zle\u015fmesi bittikten bir ay sonra olabilir. Burada ama\u00e7 i\u015f g\u00f6reni korumakt\u0131r, o anda t\u00fcm haklar\u0131m\u0131 alamayaca\u011f\u0131m korkusundan baz\u0131 haklar\u0131ndan feragat etmesini \u00f6nlemektir. Bu y\u00fczden s\u00f6zle\u015fmeli \u00f6\u011fretmenli\u011fi getirdik, bu i\u015fler bir ka\u011f\u0131t imzalamakla olsayd\u0131 hi\u00e7 gerek kalmazd\u0131 bu m\u00fcesseseye.<\/p>\n<p>Rahatlad\u0131 \u00f6\u011fretmenimiz. Peki n\u2019olacak dedi ben imzalad\u0131ktan sonra tayin istedi\u011fimde?<\/p>\n<p>\u0130dare reddedecek senin tayin iste\u011fini tayin hakk\u0131ndan feragat etti\u011fine dair ka\u011f\u0131t imzalad\u0131\u011f\u0131n i\u00e7in. Sen de 60 g\u00fcn i\u00e7erisinde okulunun bulundu\u011fu b\u00f6lgede yetkili olan idare mahkemesinde dava a\u00e7acaks\u0131n. Kanun a\u00e7\u0131k, derece mahkemesi senin istemini kabul edecektir. Ama haydi bir ihtimal olmad\u0131 diyelim, B\u0130M\u2019den, Dan\u0131\u015ftay\u2019dan kesin d\u00f6ner.<\/p>\n<p>Yani, kesin, de\u011fil mi, dedi.<\/p>\n<p>Akl\u0131ma \u0130lhan \u00d6ZAY\u2019\u0131n G\u00fcn\u0131\u015f\u0131\u011f\u0131nda Y\u00f6netimi geldi. \u0130dare, hasta ruhlu ve insanl\u0131ktan uzak bir varl\u0131kt\u0131r. Dostluk yoluyla var\u0131labilecek \u00e7\u00f6z\u00fcmleri reddeder. Didi\u015fme konusunda o kadar a\u00e7g\u00f6zd\u00fcr ki, idare mahkemeleri i\u015ften ba\u015flar\u0131n\u0131 alamazlar. Yarg\u0131 yerleri kendisini haks\u0131z \u00e7\u0131kard\u0131\u011f\u0131nda da genellikle bu kararlar\u0131 uygulamaktan ka\u00e7ar. \u0130dari uyu\u015fmazl\u0131klar\u0131n o kadar eski bir tarihi vard\u0131r ki, bundan zevk mi al\u0131yor diye sorulabilir. M\u00fcsaadeye dayanan g\u00fcc\u00fc, sanki en g\u00f6rkemli noktas\u0131na, kendisinden isteneni geri \u00e7evirdi\u011finde ula\u015f\u0131l\u0131yor san\u0131l\u0131r. Biraz daha cana yak\u0131n olamaz m\u0131 diye d\u00fc\u015f\u00fcnmez bile, \u00e7\u00fcnk\u00fc b\u00f6yle bir olas\u0131l\u0131k onu kahreder.<\/p>\n<p>San\u0131r\u0131m biraz da bu y\u00fczden T\u00fcrkiye Barolar Birli\u011fi Meslek Kurallar\u0131 m. 34 avukat m\u00fcvekkiline davan\u0131n sonucu ile ilgili hukuki g\u00f6r\u00fc\u015f\u00fcn\u00fc a\u00e7\u0131klayabilir ama bunun bir teminat olmad\u0131\u011f\u0131n\u0131 \u00f6zellikle belirtir diyor. Kanunlar a\u00e7\u0131k ama uygulay\u0131c\u0131lar a\u00e7\u0131k de\u011fil; bunun en g\u00fczel \u00f6rne\u011fini de \u0130cra Memuru \u0130cra Emrini G\u00f6ndermezse\u2019de g\u00f6rm\u00fc\u015ft\u00fck.<\/p>\n<p>Tabii bizim bu yaz\u0131m\u0131z \u00fczerine idare de bo\u015f durur mu? Gitti bu i\u015flemi kanun \u00e7\u0131kartarak yapt\u0131 eski tecr\u00fcbelerinden ders alarak. Gene ka\u011f\u0131t imzalatarak muvafakatname al\u0131yor ama, art\u0131k eski al\u0131\u015fkanl\u0131k m\u0131 deriz, iyi y\u00f6neti\u015fim ilkesi mi, \u00e7ok da \u00f6nemli de\u011fil yani.<\/p>\n<p>Peki ortada bir kanun var diye her \u015fey bitti mi? Hele ki bu kanun A\u0130HM\u2019in arad\u0131\u011f\u0131n\u0131n aksine sadece maddi anlamda da de\u011fil de, AYM\u2019nin arad\u0131\u011f\u0131 bi\u00e7imde \u015fekli anlamda kanun olsa da, bitti mi i\u015fimiz?<\/p>\n<p>Ne diyor ANY m. 152? E\u011fer siz bu kanunda bir anayasa ayk\u0131r\u0131l\u0131\u011f\u0131 g\u00f6r\u00fcyorsan\u0131z davan\u0131z\u0131n g\u00f6r\u00fclmekte oldu\u011fu idare mahkemesine anayasaya ayk\u0131r\u0131l\u0131\u011f\u0131n\u0131 ileri s\u00fcrebilirsiniz. En basitinden ANY m. 10 e\u015fitlik ayk\u0131r\u0131l\u0131\u011f\u0131 olabilir. Sonra ANY m. 20 aile hayat\u0131na sayg\u0131 g\u00fcndeme gelebilir. Ba\u015fka, ANY m. 41 devlet ailenin huzur ve refah\u0131 i\u00e7in gerekli tedbirleri al\u0131r da olur.<\/p>\n<p>Bu arada, uygulamada \u00e7ok kar\u015f\u0131la\u015f\u0131r\u0131z \u015fu mahkemenin ayk\u0131r\u0131l\u0131k iddias\u0131n\u0131 ciddi bulmas\u0131 k\u0131sm\u0131n\u0131n bizzat mahkeme taraf\u0131ndan yanl\u0131\u015f uygulanmas\u0131n\u0131. Anayasada kastedilen reisin (detaylar i\u00e7in Vekil Duru\u015fmadan At\u0131labilir mi\u2019ye bakabilirsiniz) de seninle hem fikir olup olmamas\u0131 de\u011fildir; cidden ortada d\u00fczg\u00fcn bir arg\u00fcman\u0131n var m\u0131 yoksa niyetin davay\u0131 m\u0131 uzatmak?<\/p>\n<p>Ancak maalesef koskoca Yarg\u0131tay bunu yap\u0131yor, ben bu h\u00fck\u00fcmde bir anayasa ayk\u0131r\u0131l\u0131\u011f\u0131 g\u00f6rmedim, o y\u00fczden ba\u015fvurmuyorum diyor. Yahu senin \u00f6yle bir yetkin yok, ayn\u0131 d\u00fc\u015f\u00fcncede olmak zorunda de\u011filsin. \u0130dare hukuku jargonuyla konu\u015fursak, yerindelik denetimi yapamazs\u0131n. Tek yapaca\u011f\u0131n ben ciddi miyim, de\u011fil miyim? Amac\u0131m davay\u0131 m\u0131 uzatmak yoksa hakikatten b\u00f6yle bir iddiam m\u0131 var, ona bakabilirsin.<\/p>\n<p>Neyse, derece mahkemesi reddetse bile istinafta, yolu a\u00e7\u0131ksa Dan\u0131\u015ftay\u2019da da bu ayk\u0131r\u0131l\u0131\u011f\u0131n\u0131 yineleyebilirsin. Kanunda 5 ay i\u00e7erisinde AYM karara ba\u011flamazsa mahkeme davay\u0131 g\u00f6rmeye devam eder diyor da, gene uygulamada mahkeme bir kere ba\u015fvurmu\u015fsa bekler sonucunu \u00e7\u00fcnk\u00fc o davaya devam etse, o esnada AYM karar verse, onun karar\u0131na uymak zorunda. Bir de dedi\u011fimiz gibi uygulamada yanl\u0131\u015f olarak kendisi de ayk\u0131r\u0131 g\u00f6rd\u00fc m\u00fc ba\u015fvuruyor ya, nas\u0131l sonu\u00e7land\u0131rs\u0131n \u015fimdi davay\u0131 ayk\u0131r\u0131 oldu\u011funa bile bile?<\/p>\n<p>Ezc\u00fcmle, AYM\u2019nin \u00f6n\u00fcne bu dava geldi\u011finde ilk bakaca\u011f\u0131 s\u00f6z konusu davada bu kural\u0131n uygulan\u0131p uygulanmayaca\u011f\u0131. Daha sonra bakar bu kanun demokratik toplumun gerekliliklerine uygun mu diye. Bir ara laik toplum gerekliliklerine uygun diye de bak\u0131yordu, malum ANY m. 13 laik cumhuriyetin gerekliliklerine de ayk\u0131r\u0131 olamaz der s\u0131n\u0131rlamalar\u0131n.<\/p>\n<p>Ya, laik cumhuriyetin gereklilikleri ne demektir? Demokratik toplum gerekliliklerine uyduktan sonra, bir de laik cumhuriyet gereklilikleri ne oluyor ki?<\/p>\n<p>Zaten baksan demokrasi endeksine, en y\u00fcksekte olanlar b\u0131rak laik olmay\u0131, cumhuriyet bile de\u011fil. \u00d6te yandan, bu demokrasi endeksinin en alt\u0131nda olanlar, efendim i\u015fte \u00c7in, Kuzey Kore Demokratik Cumhuriyeti (bak ad\u0131 bile demokratik) bunlara sorsan hepsi demokratik. Laikli\u011fin de dibi, hi\u00e7 tan\u0131m\u0131yor devlet i\u015flerinde. Ama sonu\u00e7? Yani b\u00f6yle laik cumhuriyet gereklilikleri diye bir \u015fey olmaz. Sen demokratik toplumun gerekliliklerini yerine getir, istersen sonra \u0130ngiltere, Norve\u00e7 gibi krall\u0131kla y\u00f6netil.<\/p>\n<p>Ama adamlar da hakl\u0131. Bir kere yaz\u0131yor anayasada bu madde. Nas\u0131l yazd\u0131\u011f\u0131 da ayr\u0131 bir muamma. Komisyon raporlar\u0131n\u0131 okuyoruz, tam teklif anayasan\u0131n s\u00f6z\u00fcne ve ruhuna, demokratik toplum d\u00fczeninin gereklerine ve \u00f6l\u00e7\u00fcl\u00fcl\u00fck ilkesine ayk\u0131r\u0131 olamaz denecekken, kimin taraf\u0131ndan verildi\u011fi belli olmayan bir teklifle buna laik cumhuriyet k\u0131sm\u0131 da ilave edilmi\u015f. Vallahi \u015faka yapm\u0131yorum. Anayasam\u0131zda yazan bir maddenin bir b\u00f6l\u00fcm\u00fc var ve kimin taraf\u0131ndan oraya teklif edildi\u011fi anla\u015f\u0131lamam\u0131\u015f, aynen komisyon tutanaklar\u0131nda b\u00f6yle yaz\u0131yor.<\/p>\n<p>Sonrac\u0131\u011f\u0131ma gelir bizim AYM \u00f6l\u00e7\u00fcl\u00fcl\u00fck k\u0131sm\u0131na. Burada \u00f6ncelikle elveri\u015flilik denetimi yapacakt\u0131r. Yani getirilen bu s\u0131n\u0131rlaman\u0131n ula\u015f\u0131lmak istenen sonu\u00e7la bir ba\u011flant\u0131s\u0131 var m\u0131d\u0131r diye. Genellikle burada sorun \u00e7\u0131kmaz. Ama OHAL CBK\u2019s\u0131 ile k\u0131\u015f lasti\u011fi takma mecburiyetinin getirilmesi \u00f6rne\u011finde oldu\u011fu gibi, bazen ter\u00f6rle m\u00fccadelede bir elveri\u015flilik bulamazs\u0131n. Ama dedi\u011fim gibi, \u00e7ok istisnaidir.<\/p>\n<p>Sonra geliriz gereklilik k\u0131sm\u0131na. Yani daha hafif bir \u00f6nlemle de bu sonuca ula\u015fabilir miydik diye. Asl\u0131nda evet. Neden b\u00f6yle zorluyorsun ki insanlar\u0131 kalmalar\u0131 gereken yerde? Onun yerine daha fazla maa\u015f versen orada kalacak olanlara, daha gerekli olmaz m\u0131? Ama i\u015fte orada da ANY m. 65 engeli ortaya \u00e7\u0131k\u0131yor; vermeyince Mabut, neylesin Sultan Mahmut?<\/p>\n<p>Son kriterimiz de orant\u0131l\u0131l\u0131k. Yani, korunmas\u0131 gereken kamu yarar\u0131 ile bireye y\u00fcklenen k\u00fclfetin ki\u015fi aleyhine olmamas\u0131. Buradan da pek bir \u015fey beklememek laz\u0131m; zaten sen o s\u00f6zle\u015fme s\u00fcresini kabul etmi\u015ftin en ba\u015fta, biliyordun bu durumu denecek.<\/p>\n<p>Oysa ki yap\u0131lmas\u0131 gereken itiraz tayin izni olmamas\u0131 de\u011fil, en ba\u015fta s\u00f6zle\u015fmeli \u00f6\u011fretmenli\u011fin olamayaca\u011f\u0131 \u00fczerine olmal\u0131yd\u0131; nedenini anlatm\u0131\u015ft\u0131k ba\u015fta belirli s\u00fcreli i\u015f s\u00f6zle\u015fmesinin mant\u0131\u011f\u0131ndan. Lakin orada da i\u015fte sadece o mahkemede uygulanacak h\u00fck\u00fcm itiraz edilebilir kural\u0131 devreye girecek; sen art\u0131k s\u00f6zle\u015fmeli \u00f6\u011fretmen de\u011filsin ki, neyinin ne ayk\u0131r\u0131l\u0131\u011f\u0131?<\/p>\n<p>Tabii idare gene bo\u015f durmad\u0131 bizim bu yaz\u0131m\u0131z \u00fczerine, s\u00fcrekli el artt\u0131rarak bu sefer de \u00f6\u011fretmen akademisini getirdi. Oraya girerken s\u0131nav, mezun olmak i\u00e7in de s\u0131nav. Tabii muhalefet bo\u015f durmad\u0131, bu e\u011fitim fak\u00fcltelerinde \u00f6\u011fretmen yeti\u015ftiremedi\u011finizin itiraf\u0131d\u0131r diye.<\/p>\n<p>Ben \u00f6z\u00fcnde b\u00f6yle \u00f6\u011fretmen akademilerine kar\u015f\u0131 de\u011filim; hakim-savc\u0131 akademisi oluyorsa, bu da olabilir. Ger\u00e7i baz\u0131 hocalar hakim akademisinde okutulan dersler fak\u00fcltede medeni hukuk g\u00f6r\u00fclmedi\u011finin ispat\u0131d\u0131r filan diyorlar da, \u00fcniversitenin amac\u0131 avukat, hakim, savc\u0131, noter yeti\u015ftirmek de\u011fildir; evrensel hukuk nosyonunun kazand\u0131r\u0131lmas\u0131d\u0131r. Geri kalan i\u00e7in elbet akademi olur, staj olur. \u00d6\u011fretmenlikte sorun, zaten en d\u00fc\u015f\u00fck memur maa\u015f\u0131n\u0131 \u00f6\u011fretmene verirken bir de akademi ad\u0131 alt\u0131nda bunu neredeyse asgari \u00fccrete getirmektir. Daha detaylar i\u00e7in \u00dccretli \u00d6\u011fretmene Ders Haz\u0131rl\u0131k\u2019\u0131na bakabilirsiniz.<\/p>\n<p>Bir sonraki yaz\u0131m\u0131z, ta Kanuni Vekalet \u00dccreti Vekilin mi\u2019de s\u00f6z verdi\u011fimiz, ama araya hep ba\u015fka konular girdi\u011fi i\u00e7in g\u00fcndeme alamad\u0131\u011f\u0131m\u0131z T\u00fcrkiye\u2019ye \u00f6zel ilams\u0131z takip m\u00fcessesesi y\u00fcz\u00fcnden Bor\u00e7lu Olmad\u0131\u011f\u0131n Paray\u0131 \u00d6demek olacak, hukuki okuryazarl\u0131kla kal\u0131n efendim.<\/p>\n<p>\u200b\u0130mam Nikahl\u0131 E\u015fin Nafaka Hakk\u0131\u2019nda bahsetti\u011fimiz Kadroya Ge\u00e7en S\u00f6zle\u015fmelinin E\u015f Durumu yaz\u0131m\u0131z\u0131 da sitemiz hukukihaber.net\u2019te yay\u0131nlayal\u0131m da anlam b\u00fct\u00fcnl\u00fc\u011f\u00fc olu\u015fsun. Buyrun efendim;<\/p>\n<p>\u00c7ok \u015f\u00fck\u00fcr T\u00fcrkiye\u2019nin bir ay\u0131b\u0131 daha sonra erdi; s\u00f6zle\u015fmeli \u00f6\u011fretmenlerimizi kadroya ge\u00e7irdik. Olay \u00fccretli \u00f6\u011fretmen, vekil \u00f6\u011fretmen, k\u0131smi zamanl\u0131 g\u00f6revlendirilmi\u015f \u00f6\u011fretmen, kadrolu \u00f6\u011fretmen, uzman \u00f6\u011fretmen, ba\u015f\u00f6\u011fretmen ayr\u0131mlar\u0131 olmas\u0131 de\u011fildi \u00f6\u011fretmenlik mesle\u011fi i\u00e7inde; \u0130\u015f Kanunu a\u00e7\u0131s\u0131ndan s\u00f6zle\u015fmeli i\u015f\u00e7inin mant\u0131\u011f\u0131na ayk\u0131r\u0131yd\u0131 s\u00f6zle\u015fmeli \u00f6\u011fretmenlik.<\/p>\n<p>Evet, i\u015f\u00e7i. Hay\u0131r eme\u011fin \u00f6nemine vurgu atmak i\u00e7in i\u015f\u00e7i nitelemesi yapm\u0131yoruz; \u0130\u015f Kanunu\u2019na g\u00f6re ya i\u015f g\u00f6rensindir ya da i\u015fveren. Ortas\u0131 yoktur bunun uzman, m\u00fcd\u00fcr, genel m\u00fcd\u00fcr, CEO gibi\u2026Ger\u00e7i bir de i\u015fveren temsilcisi de vard\u0131r haklar a\u00e7\u0131s\u0131ndan fark yaratabilecek ama bug\u00fcnk\u00fc konumuz de\u011fil. Memur filan diyecekseniz 657\u2019ye gideceksiniz, biz 4857\u2019deyiz.<\/p>\n<p>\u0130\u015fK m. 11 iki t\u00fcr s\u00f6zle\u015fme \u00f6ng\u00f6r\u00fcr; belirli s\u00fcreli ve belirsiz s\u00fcreli. E\u011fer ortada bir proje varsa, ama\u00e7 belirli bir i\u015fin tamamlanmas\u0131ysa belirli s\u00fcreli s\u00f6zle\u015fme yapar\u0131z. Bir yaz\u0131l\u0131m i\u015finin bitirilmesi b\u00f6yle bir \u015feydir, keza bir in\u015faat da \u00f6yle; lakin ortada bitirilmesi gereken bir proje yoksa i\u015f s\u00f6zle\u015fmemiz belirsiz s\u00fcreli olur.<\/p>\n<p>\u015eimdi \u00f6\u011fretmenlerimizi bir proje i\u00e7in i\u015fe alm\u0131yoruz, bu y\u00fczden de s\u00f6zle\u015fmeli de olmamalar\u0131 gerekir. Ha denilebilir ki \u00f6\u011frencileri birinci s\u0131n\u0131ftan al\u0131yor, d\u00f6rd\u00fcnc\u00fc s\u0131n\u0131fa kadar okutuyor, al i\u015fte bak f\u0131st\u0131k gibi proje, bal gibi de s\u00f6zle\u015fmeli olabilirler.<\/p>\n<p>Lakin sen o atad\u0131\u011f\u0131n \u00f6\u011fretmenlerin s\u00f6zle\u015fmesini d\u00f6rt y\u0131ll\u0131k m\u0131 yap\u0131yorsun? Hay\u0131r, y\u0131ll\u0131k olarak yap\u0131yorsun. Hatta Eyl\u00fcl\u2019de ilk olarak atad\u0131\u011f\u0131n \u00f6\u011fretmenin s\u00f6zle\u015fmesini 31 Aral\u0131k\u2019a kadar yap\u0131yorsun, ondan sonra her sene yeniliyorsun.<\/p>\n<p>E ama ne yapacakt\u0131k, at\u0131yorduk \u00f6\u011fretmenleri \u00f6\u011fretmen ihtiyac\u0131n\u0131n oldu\u011fu do\u011fuya, bir y\u0131l \u00e7al\u0131\u015f\u0131yorlard\u0131 sonra da e\u015f durumundan bat\u0131ya geliyorlard\u0131. Hatta ben bekar olarak at\u0131yordum do\u011fuya, hemen gidip bat\u0131dan bir e\u015f buluyordu. Yavrular\u0131m\u0131z e\u011fitim haklar\u0131ndan mahrum kalmas\u0131nlar diye s\u00f6zle\u015fmeli \u00f6\u011fretmenli\u011fi getirdik.<\/p>\n<p>Peki n\u2019oldu \u015fimdi, ne de\u011fi\u015fti? Bakt\u0131n\u0131z insanlar zaten bat\u0131n\u0131n pahal\u0131l\u0131\u011f\u0131na yeti\u015femiyorlar, kimse zaten tayin istemiyor, bu y\u00fczden mi s\u00f6zle\u015fmeli \u00f6\u011fretmenleri kadroya ge\u00e7irdiniz? Kiralardan dolay\u0131 kimse kalam\u0131yorsa bat\u0131da, o zaman da oradaki yavrular\u0131m\u0131z e\u011fitim haklar\u0131ndan mahrum kalmayacaklar m\u0131?<\/p>\n<p>Of T\u00fcrke\u015f Hocam, hi\u00e7bir \u015fey bilmiyorsun. Biz s\u00f6zle\u015fmeli \u00f6\u011fretmenleri kadroya ald\u0131k ama onlara ka\u011f\u0131t imzalatt\u0131k, orijinal s\u00f6zle\u015fme s\u00fcreleri bitene kadar tayin haklar\u0131n\u0131n olmad\u0131\u011f\u0131n\u0131 kabul ettirdik.<\/p>\n<p>O zaman g\u00fczelmi\u015f. Madem b\u00f6yle bir imzalar\u0131n\u0131 alarak tayin haklar\u0131n\u0131 da alabiliyorduk, neden en ba\u015fta s\u00f6zle\u015fmeli \u00f6\u011fretmenli\u011fi getirdik ki? \u0130mzalat\u0131rd\u0131k bir ka\u011f\u0131t, bir de yemin ettirirdik vallahi de billahi de tayin istemeyece\u011fim diye, olur biterdi.<\/p>\n<p>\u0130\u015fte gen\u00e7 \u00f6\u011fretmenim de bana tam olarak bu soruyu soruyordu; beni kadroya ge\u00e7iriyorlar ama tayin istemeyece\u011fime dair de ka\u011f\u0131t imzalatmak istiyorlar. Ne yapay\u0131m?<\/p>\n<p>Dedim hi\u00e7 \u00e7ekinme, imzala. Hi\u00e7bir ge\u00e7erlili\u011fi yok. Ta kadim Roma\u2019dan beri gelen kurald\u0131r; kimse hen\u00fcz sahip olmad\u0131\u011f\u0131 bir hakk\u0131ndan feragat edemez. Hatta TBK m. 420 bir ad\u0131m da daha ileri gider; i\u015fvereni ibra edebilmek ancak i\u015f s\u00f6zle\u015fmesi bittikten bir ay sonra olabilir. Burada ama\u00e7 i\u015f g\u00f6reni korumakt\u0131r, o anda t\u00fcm haklar\u0131m\u0131 alamayaca\u011f\u0131m korkusundan baz\u0131 haklar\u0131ndan feragat etmesini \u00f6nlemektir. Bu y\u00fczden s\u00f6zle\u015fmeli \u00f6\u011fretmenli\u011fi getirdik, bu i\u015fler bir ka\u011f\u0131t imzalamakla olsayd\u0131 hi\u00e7 gerek kalmazd\u0131 bu m\u00fcesseseye.<\/p>\n<p>Rahatlad\u0131 \u00f6\u011fretmenimiz. Peki n\u2019olacak dedi ben imzalad\u0131ktan sonra tayin istedi\u011fimde?<\/p>\n<p>\u0130dare reddedecek senin tayin iste\u011fini tayin hakk\u0131ndan feragat etti\u011fine dair ka\u011f\u0131t imzalad\u0131\u011f\u0131n i\u00e7in. Sen de 60 g\u00fcn i\u00e7erisinde okulunun bulundu\u011fu b\u00f6lgede yetkili olan idare mahkemesinde dava a\u00e7acaks\u0131n. Kanun a\u00e7\u0131k, derece mahkemesi senin istemini kabul edecektir. Ama haydi bir ihtimal olmad\u0131 diyelim, B\u0130M\u2019den, Dan\u0131\u015ftay\u2019dan kesin d\u00f6ner.<\/p>\n<p>Yani, kesin, de\u011fil mi, dedi.<\/p>\n<p>Akl\u0131ma \u0130lhan \u00d6ZAY\u2019\u0131n G\u00fcn\u0131\u015f\u0131\u011f\u0131nda Y\u00f6netimi geldi. \u0130dare, hasta ruhlu ve insanl\u0131ktan uzak bir varl\u0131kt\u0131r. Dostluk yoluyla var\u0131labilecek \u00e7\u00f6z\u00fcmleri reddeder. Didi\u015fme konusunda o kadar a\u00e7g\u00f6zd\u00fcr ki, idare mahkemeleri i\u015ften ba\u015flar\u0131n\u0131 alamazlar. Yarg\u0131 yerleri kendisini haks\u0131z \u00e7\u0131kard\u0131\u011f\u0131nda da genellikle bu kararlar\u0131 uygulamaktan ka\u00e7ar. \u0130dari uyu\u015fmazl\u0131klar\u0131n o kadar eski bir tarihi vard\u0131r ki, bundan zevk mi al\u0131yor diye sorulabilir. M\u00fcsaadeye dayanan g\u00fcc\u00fc, sanki en g\u00f6rkemli noktas\u0131na, kendisinden isteneni geri \u00e7evirdi\u011finde ula\u015f\u0131l\u0131yor san\u0131l\u0131r. Biraz daha cana yak\u0131n olamaz m\u0131 diye d\u00fc\u015f\u00fcnmez bile, \u00e7\u00fcnk\u00fc b\u00f6yle bir olas\u0131l\u0131k onu kahreder.<\/p>\n<p>San\u0131r\u0131m biraz da bu y\u00fczden T\u00fcrkiye Barolar Birli\u011fi Meslek Kurallar\u0131 m. 34 avukat m\u00fcvekkiline davan\u0131n sonucu ile ilgili hukuki g\u00f6r\u00fc\u015f\u00fcn\u00fc a\u00e7\u0131klayabilir ama bunun bir teminat olmad\u0131\u011f\u0131n\u0131 \u00f6zellikle belirtir diyor. Kanunlar a\u00e7\u0131k ama uygulay\u0131c\u0131lar a\u00e7\u0131k de\u011fil; bunun en g\u00fczel \u00f6rne\u011fini de \u0130cra Memuru \u0130cra Emrini G\u00f6ndermezse\u2019de g\u00f6rm\u00fc\u015ft\u00fck.<\/p>\n<p>Tabii bizim bu yaz\u0131m\u0131z \u00fczerine idare de bo\u015f durur mu? Gitti bu i\u015flemi kanun \u00e7\u0131kartarak yapt\u0131 eski tecr\u00fcbelerinden ders alarak. Gene ka\u011f\u0131t imzalatarak muvafakatname al\u0131yor ama, art\u0131k eski al\u0131\u015fkanl\u0131k m\u0131 deriz, iyi y\u00f6neti\u015fim ilkesi mi, \u00e7ok da \u00f6nemli de\u011fil yani.<\/p>\n<p>Peki ortada bir kanun var diye her \u015fey bitti mi? Hele ki bu kanun A\u0130HM\u2019in arad\u0131\u011f\u0131n\u0131n aksine sadece maddi anlamda da de\u011fil de, AYM\u2019nin arad\u0131\u011f\u0131 bi\u00e7imde \u015fekli anlamda kanun olsa da, bitti mi i\u015fimiz?<\/p>\n<p>Ne diyor ANY m. 152? E\u011fer siz bu kanunda bir anayasa ayk\u0131r\u0131l\u0131\u011f\u0131 g\u00f6r\u00fcyorsan\u0131z davan\u0131z\u0131n g\u00f6r\u00fclmekte oldu\u011fu idare mahkemesine anayasaya ayk\u0131r\u0131l\u0131\u011f\u0131n\u0131 ileri s\u00fcrebilirsiniz. En basitinden ANY m. 10 e\u015fitlik ayk\u0131r\u0131l\u0131\u011f\u0131 olabilir. Sonra ANY m. 20 aile hayat\u0131na sayg\u0131 g\u00fcndeme gelebilir. Ba\u015fka, ANY m. 41 devlet ailenin huzur ve refah\u0131 i\u00e7in gerekli tedbirleri al\u0131r da olur.<\/p>\n<p>Bu arada, uygulamada \u00e7ok kar\u015f\u0131la\u015f\u0131r\u0131z \u015fu mahkemenin ayk\u0131r\u0131l\u0131k iddias\u0131n\u0131 ciddi bulmas\u0131 k\u0131sm\u0131n\u0131n bizzat mahkeme taraf\u0131ndan yanl\u0131\u015f uygulanmas\u0131n\u0131. Anayasada kastedilen reisin (detaylar i\u00e7in Vekil Duru\u015fmadan At\u0131labilir mi\u2019ye bakabilirsiniz) de seninle hem fikir olup olmamas\u0131 de\u011fildir; cidden ortada d\u00fczg\u00fcn bir arg\u00fcman\u0131n var m\u0131 yoksa niyetin davay\u0131 m\u0131 uzatmak?<\/p>\n<p>Ancak maalesef koskoca Yarg\u0131tay bunu yap\u0131yor, ben bu h\u00fck\u00fcmde bir anayasa ayk\u0131r\u0131l\u0131\u011f\u0131 g\u00f6rmedim, o y\u00fczden ba\u015fvurmuyorum diyor. Yahu senin \u00f6yle bir yetkin yok, ayn\u0131 d\u00fc\u015f\u00fcncede olmak zorunda de\u011filsin. \u0130dare hukuku jargonuyla konu\u015fursak, yerindelik denetimi yapamazs\u0131n. Tek yapaca\u011f\u0131n ben ciddi miyim, de\u011fil miyim? Amac\u0131m davay\u0131 m\u0131 uzatmak yoksa hakikatten b\u00f6yle bir iddiam m\u0131 var, ona bakabilirsin.<\/p>\n<p>Neyse, derece mahkemesi reddetse bile istinafta, yolu a\u00e7\u0131ksa Dan\u0131\u015ftay\u2019da da bu ayk\u0131r\u0131l\u0131\u011f\u0131n\u0131 yineleyebilirsin. Kanunda 5 ay i\u00e7erisinde AYM karara ba\u011flamazsa mahkeme davay\u0131 g\u00f6rmeye devam eder diyor da, gene uygulamada mahkeme bir kere ba\u015fvurmu\u015fsa bekler sonucunu \u00e7\u00fcnk\u00fc o davaya devam etse, o esnada AYM karar verse, onun karar\u0131na uymak zorunda. Bir de dedi\u011fimiz gibi uygulamada yanl\u0131\u015f olarak kendisi de ayk\u0131r\u0131 g\u00f6rd\u00fc m\u00fc ba\u015fvuruyor ya, nas\u0131l sonu\u00e7land\u0131rs\u0131n \u015fimdi davay\u0131 ayk\u0131r\u0131 oldu\u011funa bile bile?<\/p>\n<p>Ezc\u00fcmle, AYM\u2019nin \u00f6n\u00fcne bu dava geldi\u011finde ilk bakaca\u011f\u0131 s\u00f6z konusu davada bu kural\u0131n uygulan\u0131p uygulanmayaca\u011f\u0131. Daha sonra bakar bu kanun demokratik toplumun gerekliliklerine uygun mu diye. Bir ara laik toplum gerekliliklerine uygun diye de bak\u0131yordu, malum ANY m. 13 laik cumhuriyetin gerekliliklerine de ayk\u0131r\u0131 olamaz der s\u0131n\u0131rlamalar\u0131n.<\/p>\n<p>Ya, laik cumhuriyetin gereklilikleri ne demektir? Demokratik toplum gerekliliklerine uyduktan sonra, bir de laik cumhuriyet gereklilikleri ne oluyor ki?<\/p>\n<p>Zaten baksan demokrasi endeksine, en y\u00fcksekte olanlar b\u0131rak laik olmay\u0131, cumhuriyet bile de\u011fil. \u00d6te yandan, bu demokrasi endeksinin en alt\u0131nda olanlar, efendim i\u015fte \u00c7in, Kuzey Kore Demokratik Cumhuriyeti (bak ad\u0131 bile demokratik) bunlara sorsan hepsi demokratik. Laikli\u011fin de dibi, hi\u00e7 tan\u0131m\u0131yor devlet i\u015flerinde. Ama sonu\u00e7? Yani b\u00f6yle laik cumhuriyet gereklilikleri diye bir \u015fey olmaz. Sen demokratik toplumun gerekliliklerini yerine getir, istersen sonra \u0130ngiltere, Norve\u00e7 gibi krall\u0131kla y\u00f6netil.<\/p>\n<p>Ama adamlar da hakl\u0131. Bir kere yaz\u0131yor anayasada bu madde. Nas\u0131l yazd\u0131\u011f\u0131 da ayr\u0131 bir muamma. Komisyon raporlar\u0131n\u0131 okuyoruz, tam teklif anayasan\u0131n s\u00f6z\u00fcne ve ruhuna, demokratik toplum d\u00fczeninin gereklerine ve \u00f6l\u00e7\u00fcl\u00fcl\u00fck ilkesine ayk\u0131r\u0131 olamaz denecekken, kimin taraf\u0131ndan verildi\u011fi belli olmayan bir teklifle buna laik cumhuriyet k\u0131sm\u0131 da ilave edilmi\u015f. Vallahi \u015faka yapm\u0131yorum. Anayasam\u0131zda yazan bir maddenin bir b\u00f6l\u00fcm\u00fc var ve kimin taraf\u0131ndan oraya teklif edildi\u011fi anla\u015f\u0131lamam\u0131\u015f, aynen komisyon tutanaklar\u0131nda b\u00f6yle yaz\u0131yor.<\/p>\n<p>Sonrac\u0131\u011f\u0131ma gelir bizim AYM \u00f6l\u00e7\u00fcl\u00fcl\u00fck k\u0131sm\u0131na. Burada \u00f6ncelikle elveri\u015flilik denetimi yapacakt\u0131r. Yani getirilen bu s\u0131n\u0131rlaman\u0131n ula\u015f\u0131lmak istenen sonu\u00e7la bir ba\u011flant\u0131s\u0131 var m\u0131d\u0131r diye. Genellikle burada sorun \u00e7\u0131kmaz. Ama OHAL CBK\u2019s\u0131 ile k\u0131\u015f lasti\u011fi takma mecburiyetinin getirilmesi \u00f6rne\u011finde oldu\u011fu gibi, bazen ter\u00f6rle m\u00fccadelede bir elveri\u015flilik bulamazs\u0131n. Ama dedi\u011fim gibi, \u00e7ok istisnaidir.<\/p>\n<p>Sonra geliriz gereklilik k\u0131sm\u0131na. Yani daha hafif bir \u00f6nlemle de bu sonuca ula\u015fabilir miydik diye. Asl\u0131nda evet. Neden b\u00f6yle zorluyorsun ki insanlar\u0131 kalmalar\u0131 gereken yerde? Onun yerine daha fazla maa\u015f versen orada kalacak olanlara, daha gerekli olmaz m\u0131? Ama i\u015fte orada da ANY m. 65 engeli ortaya \u00e7\u0131k\u0131yor; vermeyince Mabut, neylesin Sultan Mahmut?<\/p>\n<p>Son kriterimiz de orant\u0131l\u0131l\u0131k. Yani, korunmas\u0131 gereken kamu yarar\u0131 ile bireye y\u00fcklenen k\u00fclfetin ki\u015fi aleyhine olmamas\u0131. Buradan da pek bir \u015fey beklememek laz\u0131m; zaten sen o s\u00f6zle\u015fme s\u00fcresini kabul etmi\u015ftin en ba\u015fta, biliyordun bu durumu denecek.<\/p>\n<p>Oysa ki yap\u0131lmas\u0131 gereken itiraz tayin izni olmamas\u0131 de\u011fil, en ba\u015fta s\u00f6zle\u015fmeli \u00f6\u011fretmenli\u011fin olamayaca\u011f\u0131 \u00fczerine olmal\u0131yd\u0131; nedenini anlatm\u0131\u015ft\u0131k ba\u015fta belirli s\u00fcreli i\u015f s\u00f6zle\u015fmesinin mant\u0131\u011f\u0131ndan. Lakin orada da i\u015fte sadece o mahkemede uygulanacak h\u00fck\u00fcm itiraz edilebilir kural\u0131 devreye girecek; sen art\u0131k s\u00f6zle\u015fmeli \u00f6\u011fretmen de\u011filsin ki, neyinin ne ayk\u0131r\u0131l\u0131\u011f\u0131?<\/p>\n<p>Tabii idare gene bo\u015f durmad\u0131 bizim bu yaz\u0131m\u0131z \u00fczerine, s\u00fcrekli el artt\u0131rarak bu sefer de \u00f6\u011fretmen akademisini getirdi. Oraya girerken s\u0131nav, mezun olmak i\u00e7in de s\u0131nav. Tabii muhalefet bo\u015f durmad\u0131, bu e\u011fitim fak\u00fcltelerinde \u00f6\u011fretmen yeti\u015ftiremedi\u011finizin itiraf\u0131d\u0131r diye.<\/p>\n<p>Ben \u00f6z\u00fcnde b\u00f6yle \u00f6\u011fretmen akademilerine kar\u015f\u0131 de\u011filim; hakim-savc\u0131 akademisi oluyorsa, bu da olabilir. Ger\u00e7i baz\u0131 hocalar hakim akademisinde okutulan dersler fak\u00fcltede medeni hukuk g\u00f6r\u00fclmedi\u011finin ispat\u0131d\u0131r filan diyorlar da, \u00fcniversitenin amac\u0131 avukat, hakim, savc\u0131, noter yeti\u015ftirmek de\u011fildir; evrensel hukuk nosyonunun kazand\u0131r\u0131lmas\u0131d\u0131r. Geri kalan i\u00e7in elbet akademi olur, staj olur. \u00d6\u011fretmenlikte sorun, zaten en d\u00fc\u015f\u00fck memur maa\u015f\u0131n\u0131 \u00f6\u011fretmene verirken bir de akademi ad\u0131 alt\u0131nda bunu neredeyse asgari \u00fccrete getirmektir. Daha detaylar i\u00e7in \u00dccretli \u00d6\u011fretmene Ders Haz\u0131rl\u0131k\u2019\u0131na bakabilirsiniz.<\/p>\n<p>Bir sonraki yaz\u0131m\u0131z, ta Kanuni Vekalet \u00dccreti Vekilin mi\u2019de s\u00f6z verdi\u011fimiz, ama araya hep ba\u015fka konular girdi\u011fi i\u00e7in g\u00fcndeme alamad\u0131\u011f\u0131m\u0131z T\u00fcrkiye\u2019ye \u00f6zel ilams\u0131z takip m\u00fcessesesi y\u00fcz\u00fcnden Bor\u00e7lu Olmad\u0131\u011f\u0131n Paray\u0131 \u00d6demek olacak, hukuki okuryazarl\u0131kla kal\u0131n efendim.\u00a0Hukuki Haber<\/p>\n<p>Haberin Al\u0131nt\u0131land\u0131\u011f\u0131 Kaynak: www.hukukihaber.net<\/p>","protected":false},"excerpt":{"rendered":"<p>\u0130mam Nikahl\u0131 E\u015fin Nafaka Hakk\u0131\u2019nda bahsetti\u011fimiz Kadroya Ge\u00e7en S\u00f6zle\u015fmelinin E\u015f Durumu yaz\u0131m\u0131z\u0131 da sitemiz hukukihaber.net\u2019te yay\u0131nlayal\u0131m da anlam b\u00fct\u00fcnl\u00fc\u011f\u00fc olu\u015fsun. Buyrun efendim; \u00c7ok \u015f\u00fck\u00fcr T\u00fcrkiye\u2019nin bir ay\u0131b\u0131 daha sonra erdi; s\u00f6zle\u015fmeli \u00f6\u011fretmenlerimizi kadroya ge\u00e7irdik. Olay \u00fccretli \u00f6\u011fretmen, vekil \u00f6\u011fretmen, k\u0131smi zamanl\u0131 g\u00f6revlendirilmi\u015f \u00f6\u011fretmen, kadrolu \u00f6\u011fretmen, uzman \u00f6\u011fretmen, ba\u015f\u00f6\u011fretmen ayr\u0131mlar\u0131 olmas\u0131 de\u011fildi \u00f6\u011fretmenlik mesle\u011fi i\u00e7inde; \u0130\u015f Kanunu a\u00e7\u0131s\u0131ndan s\u00f6zle\u015fmeli i\u015f\u00e7inin mant\u0131\u011f\u0131na ayk\u0131r\u0131yd\u0131 s\u00f6zle\u015fmeli \u00f6\u011fretmenlik. Evet, i\u015f\u00e7i. Hay\u0131r eme\u011fin \u00f6nemine vurgu atmak i\u00e7in i\u015f\u00e7i nitelemesi yapm\u0131yoruz; \u0130\u015f Kanunu\u2019na g\u00f6re ya i\u015f g\u00f6rensindir ya da i\u015fveren. Ortas\u0131 yoktur bunun uzman, m\u00fcd\u00fcr, genel m\u00fcd\u00fcr, CEO gibi\u2026Ger\u00e7i bir de i\u015fveren temsilcisi de vard\u0131r haklar a\u00e7\u0131s\u0131ndan fark yaratabilecek ama bug\u00fcnk\u00fc konumuz de\u011fil. Memur filan diyecekseniz 657\u2019ye gideceksiniz, biz 4857\u2019deyiz. \u0130\u015fK m. 11 iki t\u00fcr s\u00f6zle\u015fme \u00f6ng\u00f6r\u00fcr; belirli s\u00fcreli ve belirsiz s\u00fcreli. E\u011fer ortada bir proje varsa, ama\u00e7 belirli bir i\u015fin tamamlanmas\u0131ysa belirli s\u00fcreli s\u00f6zle\u015fme yapar\u0131z. Bir yaz\u0131l\u0131m i\u015finin bitirilmesi b\u00f6yle bir \u015feydir, keza bir in\u015faat da \u00f6yle; lakin ortada bitirilmesi gereken bir proje yoksa i\u015f s\u00f6zle\u015fmemiz belirsiz s\u00fcreli olur. \u015eimdi \u00f6\u011fretmenlerimizi bir proje i\u00e7in i\u015fe alm\u0131yoruz, bu y\u00fczden de s\u00f6zle\u015fmeli de olmamalar\u0131 gerekir. Ha denilebilir ki \u00f6\u011frencileri birinci s\u0131n\u0131ftan al\u0131yor, d\u00f6rd\u00fcnc\u00fc s\u0131n\u0131fa kadar okutuyor, al i\u015fte bak f\u0131st\u0131k gibi proje, bal gibi de s\u00f6zle\u015fmeli olabilirler. Lakin &hellip;<\/p>","protected":false},"author":3,"featured_media":0,"comment_status":"","ping_status":"open","sticky":false,"template":"","format":"standard","meta":{"_acf_changed":false,"footnotes":""},"categories":[27],"tags":[],"class_list":["post-107607","post","type-post","status-publish","format-standard","has-post-thumbnail","hentry","category-hukukihaber"],"acf":[],"yoast_head":"<!-- This site is optimized with the Yoast SEO Premium plugin v26.6 (Yoast SEO v27.1.1) - https:\/\/yoast.com\/product\/yoast-seo-premium-wordpress\/ -->\n<title>Kadroya Ge\u00e7en S\u00f6zle\u015fmelinin E\u015f Durumu - Av. Deniz Can K\u0131z\u0131l<\/title>\n<meta name=\"robots\" content=\"index, follow, max-snippet:-1, max-image-preview:large, max-video-preview:-1\" \/>\n<link rel=\"canonical\" href=\"https:\/\/denizcankizil.tr\/ru\/hukukihaber\/kadroya-gecen-sozlesmelinin-es-durumu\/\" \/>\n<meta property=\"og:locale\" content=\"ru_RU\" \/>\n<meta property=\"og:type\" content=\"article\" \/>\n<meta property=\"og:title\" content=\"Kadroya Ge\u00e7en S\u00f6zle\u015fmelinin E\u015f Durumu\" \/>\n<meta property=\"og:description\" content=\"\u0130mam Nikahl\u0131 E\u015fin Nafaka Hakk\u0131\u2019nda bahsetti\u011fimiz Kadroya Ge\u00e7en S\u00f6zle\u015fmelinin E\u015f Durumu yaz\u0131m\u0131z\u0131 da sitemiz hukukihaber.net\u2019te yay\u0131nlayal\u0131m da anlam b\u00fct\u00fcnl\u00fc\u011f\u00fc olu\u015fsun. Buyrun efendim; \u00c7ok \u015f\u00fck\u00fcr T\u00fcrkiye\u2019nin bir ay\u0131b\u0131 daha sonra erdi; s\u00f6zle\u015fmeli \u00f6\u011fretmenlerimizi kadroya ge\u00e7irdik. Olay \u00fccretli \u00f6\u011fretmen, vekil \u00f6\u011fretmen, k\u0131smi zamanl\u0131 g\u00f6revlendirilmi\u015f \u00f6\u011fretmen, kadrolu \u00f6\u011fretmen, uzman \u00f6\u011fretmen, ba\u015f\u00f6\u011fretmen ayr\u0131mlar\u0131 olmas\u0131 de\u011fildi \u00f6\u011fretmenlik mesle\u011fi i\u00e7inde; \u0130\u015f Kanunu a\u00e7\u0131s\u0131ndan s\u00f6zle\u015fmeli i\u015f\u00e7inin mant\u0131\u011f\u0131na ayk\u0131r\u0131yd\u0131 s\u00f6zle\u015fmeli \u00f6\u011fretmenlik. Evet, i\u015f\u00e7i. Hay\u0131r eme\u011fin \u00f6nemine vurgu atmak i\u00e7in i\u015f\u00e7i nitelemesi yapm\u0131yoruz; \u0130\u015f Kanunu\u2019na g\u00f6re ya i\u015f g\u00f6rensindir ya da i\u015fveren. Ortas\u0131 yoktur bunun uzman, m\u00fcd\u00fcr, genel m\u00fcd\u00fcr, CEO gibi\u2026Ger\u00e7i bir de i\u015fveren temsilcisi de vard\u0131r haklar a\u00e7\u0131s\u0131ndan fark yaratabilecek ama bug\u00fcnk\u00fc konumuz de\u011fil. Memur filan diyecekseniz 657\u2019ye gideceksiniz, biz 4857\u2019deyiz. \u0130\u015fK m. 11 iki t\u00fcr s\u00f6zle\u015fme \u00f6ng\u00f6r\u00fcr; belirli s\u00fcreli ve belirsiz s\u00fcreli. E\u011fer ortada bir proje varsa, ama\u00e7 belirli bir i\u015fin tamamlanmas\u0131ysa belirli s\u00fcreli s\u00f6zle\u015fme yapar\u0131z. Bir yaz\u0131l\u0131m i\u015finin bitirilmesi b\u00f6yle bir \u015feydir, keza bir in\u015faat da \u00f6yle; lakin ortada bitirilmesi gereken bir proje yoksa i\u015f s\u00f6zle\u015fmemiz belirsiz s\u00fcreli olur. \u015eimdi \u00f6\u011fretmenlerimizi bir proje i\u00e7in i\u015fe alm\u0131yoruz, bu y\u00fczden de s\u00f6zle\u015fmeli de olmamalar\u0131 gerekir. Ha denilebilir ki \u00f6\u011frencileri birinci s\u0131n\u0131ftan al\u0131yor, d\u00f6rd\u00fcnc\u00fc s\u0131n\u0131fa kadar okutuyor, al i\u015fte bak f\u0131st\u0131k gibi proje, bal gibi de s\u00f6zle\u015fmeli olabilirler. Lakin &hellip;\" \/>\n<meta property=\"og:url\" content=\"https:\/\/denizcankizil.tr\/ru\/hukukihaber\/kadroya-gecen-sozlesmelinin-es-durumu\/\" \/>\n<meta property=\"og:site_name\" content=\"Av. Deniz Can K\u0131z\u0131l\" \/>\n<meta property=\"article:published_time\" content=\"2025-06-04T14:52:00+00:00\" \/>\n<meta name=\"author\" content=\"Hukuki Haber.net\" \/>\n<meta name=\"twitter:card\" content=\"summary_large_image\" \/>\n<meta name=\"twitter:label1\" content=\"\u041d\u0430\u043f\u0438\u0441\u0430\u043d\u043e \u0430\u0432\u0442\u043e\u0440\u043e\u043c\" \/>\n\t<meta name=\"twitter:data1\" content=\"Hukuki Haber.net\" \/>\n\t<meta name=\"twitter:label2\" content=\"\u041f\u0440\u0438\u043c\u0435\u0440\u043d\u043e\u0435 \u0432\u0440\u0435\u043c\u044f \u0434\u043b\u044f \u0447\u0442\u0435\u043d\u0438\u044f\" \/>\n\t<meta name=\"twitter:data2\" content=\"21 \u043c\u0438\u043d\u0443\u0442\u0430\" \/>\n<script type=\"application\/ld+json\" class=\"yoast-schema-graph\">{\"@context\":\"https:\/\/schema.org\",\"@graph\":[{\"@type\":\"Article\",\"@id\":\"https:\/\/denizcankizil.tr\/de\/hukukihaber\/kadroya-gecen-sozlesmelinin-es-durumu\/#article\",\"isPartOf\":{\"@id\":\"https:\/\/denizcankizil.tr\/de\/hukukihaber\/kadroya-gecen-sozlesmelinin-es-durumu\/\"},\"author\":{\"name\":\"Hukuki Haber.net\",\"@id\":\"https:\/\/denizcankizil.tr\/de\/#\/schema\/person\/001a271de994a0aa3f90eea084424822\"},\"headline\":\"Kadroya Ge\u00e7en S\u00f6zle\u015fmelinin E\u015f Durumu\",\"datePublished\":\"2025-06-04T14:52:00+00:00\",\"mainEntityOfPage\":{\"@id\":\"https:\/\/denizcankizil.tr\/de\/hukukihaber\/kadroya-gecen-sozlesmelinin-es-durumu\/\"},\"wordCount\":4118,\"publisher\":{\"@id\":\"https:\/\/denizcankizil.tr\/de\/#organization\"},\"articleSection\":[\"Hukuki Haberler\"],\"inLanguage\":\"ru-RU\"},{\"@type\":\"WebPage\",\"@id\":\"https:\/\/denizcankizil.tr\/de\/hukukihaber\/kadroya-gecen-sozlesmelinin-es-durumu\/\",\"url\":\"https:\/\/denizcankizil.tr\/de\/hukukihaber\/kadroya-gecen-sozlesmelinin-es-durumu\/\",\"name\":\"Kadroya Ge\u00e7en S\u00f6zle\u015fmelinin E\u015f Durumu - Av. Deniz Can K\u0131z\u0131l\",\"isPartOf\":{\"@id\":\"https:\/\/denizcankizil.tr\/de\/#website\"},\"datePublished\":\"2025-06-04T14:52:00+00:00\",\"breadcrumb\":{\"@id\":\"https:\/\/denizcankizil.tr\/de\/hukukihaber\/kadroya-gecen-sozlesmelinin-es-durumu\/#breadcrumb\"},\"inLanguage\":\"ru-RU\",\"potentialAction\":[{\"@type\":\"ReadAction\",\"target\":[\"https:\/\/denizcankizil.tr\/de\/hukukihaber\/kadroya-gecen-sozlesmelinin-es-durumu\/\"]}]},{\"@type\":\"BreadcrumbList\",\"@id\":\"https:\/\/denizcankizil.tr\/de\/hukukihaber\/kadroya-gecen-sozlesmelinin-es-durumu\/#breadcrumb\",\"itemListElement\":[{\"@type\":\"ListItem\",\"position\":1,\"name\":\"Home\",\"item\":\"https:\/\/denizcankizil.tr\/de\/\"},{\"@type\":\"ListItem\",\"position\":2,\"name\":\"Kadroya Ge\u00e7en S\u00f6zle\u015fmelinin E\u015f Durumu\"}]},{\"@type\":\"WebSite\",\"@id\":\"https:\/\/denizcankizil.tr\/de\/#website\",\"url\":\"https:\/\/denizcankizil.tr\/de\/\",\"name\":\"Av. Deniz Can K\u0131z\u0131l\",\"description\":\"Avukat Deniz Can K\u0131z\u0131l Antalya Barosu\",\"publisher\":{\"@id\":\"https:\/\/denizcankizil.tr\/de\/#organization\"},\"potentialAction\":[{\"@type\":\"SearchAction\",\"target\":{\"@type\":\"EntryPoint\",\"urlTemplate\":\"https:\/\/denizcankizil.tr\/de\/?s={search_term_string}\"},\"query-input\":{\"@type\":\"PropertyValueSpecification\",\"valueRequired\":true,\"valueName\":\"search_term_string\"}}],\"inLanguage\":\"ru-RU\"},{\"@type\":\"Organization\",\"@id\":\"https:\/\/denizcankizil.tr\/de\/#organization\",\"name\":\"Av. Deniz Can K\u0131z\u0131l\",\"url\":\"https:\/\/denizcankizil.tr\/de\/\",\"logo\":{\"@type\":\"ImageObject\",\"inLanguage\":\"ru-RU\",\"@id\":\"https:\/\/denizcankizil.tr\/de\/#\/schema\/logo\/image\/\",\"url\":\"https:\/\/denizcankizil.tr\/wp-content\/uploads\/2024\/10\/siyah-logo-svg.svg\",\"contentUrl\":\"https:\/\/denizcankizil.tr\/wp-content\/uploads\/2024\/10\/siyah-logo-svg.svg\",\"width\":1080,\"height\":1080,\"caption\":\"Av. Deniz Can K\u0131z\u0131l\"},\"image\":{\"@id\":\"https:\/\/denizcankizil.tr\/de\/#\/schema\/logo\/image\/\"}},{\"@type\":\"Person\",\"@id\":\"https:\/\/denizcankizil.tr\/de\/#\/schema\/person\/001a271de994a0aa3f90eea084424822\",\"name\":\"Hukuki Haber.net\",\"image\":{\"@type\":\"ImageObject\",\"inLanguage\":\"ru-RU\",\"@id\":\"https:\/\/denizcankizil.tr\/de\/#\/schema\/person\/image\/\",\"url\":\"https:\/\/secure.gravatar.com\/avatar\/57d8a49151495586611a149d29fc42865b951dc053a84709a3172ccb5abf3118?s=96&d=mm&r=g\",\"contentUrl\":\"https:\/\/secure.gravatar.com\/avatar\/57d8a49151495586611a149d29fc42865b951dc053a84709a3172ccb5abf3118?s=96&d=mm&r=g\",\"caption\":\"Hukuki Haber.net\"},\"sameAs\":[\"http:\/\/www.hukukihaber.net\"],\"url\":\"https:\/\/www.hukukihaber.net\/kadroya-gecen-sozlesmelinin-es-durumu-ozgur-turkes\"}]}<\/script>\n<!-- \/ Yoast SEO Premium plugin. -->","yoast_head_json":{"title":"Kadroya Ge\u00e7en S\u00f6zle\u015fmelinin E\u015f Durumu - Av. Deniz Can K\u0131z\u0131l","robots":{"index":"index","follow":"follow","max-snippet":"max-snippet:-1","max-image-preview":"max-image-preview:large","max-video-preview":"max-video-preview:-1"},"canonical":"https:\/\/denizcankizil.tr\/ru\/hukukihaber\/kadroya-gecen-sozlesmelinin-es-durumu\/","og_locale":"ru_RU","og_type":"article","og_title":"Kadroya Ge\u00e7en S\u00f6zle\u015fmelinin E\u015f Durumu","og_description":"\u0130mam Nikahl\u0131 E\u015fin Nafaka Hakk\u0131\u2019nda bahsetti\u011fimiz Kadroya Ge\u00e7en S\u00f6zle\u015fmelinin E\u015f Durumu yaz\u0131m\u0131z\u0131 da sitemiz hukukihaber.net\u2019te yay\u0131nlayal\u0131m da anlam b\u00fct\u00fcnl\u00fc\u011f\u00fc olu\u015fsun. Buyrun efendim; \u00c7ok \u015f\u00fck\u00fcr T\u00fcrkiye\u2019nin bir ay\u0131b\u0131 daha sonra erdi; s\u00f6zle\u015fmeli \u00f6\u011fretmenlerimizi kadroya ge\u00e7irdik. Olay \u00fccretli \u00f6\u011fretmen, vekil \u00f6\u011fretmen, k\u0131smi zamanl\u0131 g\u00f6revlendirilmi\u015f \u00f6\u011fretmen, kadrolu \u00f6\u011fretmen, uzman \u00f6\u011fretmen, ba\u015f\u00f6\u011fretmen ayr\u0131mlar\u0131 olmas\u0131 de\u011fildi \u00f6\u011fretmenlik mesle\u011fi i\u00e7inde; \u0130\u015f Kanunu a\u00e7\u0131s\u0131ndan s\u00f6zle\u015fmeli i\u015f\u00e7inin mant\u0131\u011f\u0131na ayk\u0131r\u0131yd\u0131 s\u00f6zle\u015fmeli \u00f6\u011fretmenlik. Evet, i\u015f\u00e7i. Hay\u0131r eme\u011fin \u00f6nemine vurgu atmak i\u00e7in i\u015f\u00e7i nitelemesi yapm\u0131yoruz; \u0130\u015f Kanunu\u2019na g\u00f6re ya i\u015f g\u00f6rensindir ya da i\u015fveren. Ortas\u0131 yoktur bunun uzman, m\u00fcd\u00fcr, genel m\u00fcd\u00fcr, CEO gibi\u2026Ger\u00e7i bir de i\u015fveren temsilcisi de vard\u0131r haklar a\u00e7\u0131s\u0131ndan fark yaratabilecek ama bug\u00fcnk\u00fc konumuz de\u011fil. Memur filan diyecekseniz 657\u2019ye gideceksiniz, biz 4857\u2019deyiz. \u0130\u015fK m. 11 iki t\u00fcr s\u00f6zle\u015fme \u00f6ng\u00f6r\u00fcr; belirli s\u00fcreli ve belirsiz s\u00fcreli. E\u011fer ortada bir proje varsa, ama\u00e7 belirli bir i\u015fin tamamlanmas\u0131ysa belirli s\u00fcreli s\u00f6zle\u015fme yapar\u0131z. Bir yaz\u0131l\u0131m i\u015finin bitirilmesi b\u00f6yle bir \u015feydir, keza bir in\u015faat da \u00f6yle; lakin ortada bitirilmesi gereken bir proje yoksa i\u015f s\u00f6zle\u015fmemiz belirsiz s\u00fcreli olur. \u015eimdi \u00f6\u011fretmenlerimizi bir proje i\u00e7in i\u015fe alm\u0131yoruz, bu y\u00fczden de s\u00f6zle\u015fmeli de olmamalar\u0131 gerekir. Ha denilebilir ki \u00f6\u011frencileri birinci s\u0131n\u0131ftan al\u0131yor, d\u00f6rd\u00fcnc\u00fc s\u0131n\u0131fa kadar okutuyor, al i\u015fte bak f\u0131st\u0131k gibi proje, bal gibi de s\u00f6zle\u015fmeli olabilirler. Lakin &hellip;","og_url":"https:\/\/denizcankizil.tr\/ru\/hukukihaber\/kadroya-gecen-sozlesmelinin-es-durumu\/","og_site_name":"Av. Deniz Can K\u0131z\u0131l","article_published_time":"2025-06-04T14:52:00+00:00","author":"Hukuki Haber.net","twitter_card":"summary_large_image","twitter_misc":{"\u041d\u0430\u043f\u0438\u0441\u0430\u043d\u043e \u0430\u0432\u0442\u043e\u0440\u043e\u043c":"Hukuki Haber.net","\u041f\u0440\u0438\u043c\u0435\u0440\u043d\u043e\u0435 \u0432\u0440\u0435\u043c\u044f \u0434\u043b\u044f \u0447\u0442\u0435\u043d\u0438\u044f":"21 \u043c\u0438\u043d\u0443\u0442\u0430"},"schema":{"@context":"https:\/\/schema.org","@graph":[{"@type":"Article","@id":"https:\/\/denizcankizil.tr\/de\/hukukihaber\/kadroya-gecen-sozlesmelinin-es-durumu\/#article","isPartOf":{"@id":"https:\/\/denizcankizil.tr\/de\/hukukihaber\/kadroya-gecen-sozlesmelinin-es-durumu\/"},"author":{"name":"Hukuki Haber.net","@id":"https:\/\/denizcankizil.tr\/de\/#\/schema\/person\/001a271de994a0aa3f90eea084424822"},"headline":"Kadroya Ge\u00e7en S\u00f6zle\u015fmelinin E\u015f Durumu","datePublished":"2025-06-04T14:52:00+00:00","mainEntityOfPage":{"@id":"https:\/\/denizcankizil.tr\/de\/hukukihaber\/kadroya-gecen-sozlesmelinin-es-durumu\/"},"wordCount":4118,"publisher":{"@id":"https:\/\/denizcankizil.tr\/de\/#organization"},"articleSection":["Hukuki Haberler"],"inLanguage":"ru-RU"},{"@type":"WebPage","@id":"https:\/\/denizcankizil.tr\/de\/hukukihaber\/kadroya-gecen-sozlesmelinin-es-durumu\/","url":"https:\/\/denizcankizil.tr\/de\/hukukihaber\/kadroya-gecen-sozlesmelinin-es-durumu\/","name":"Kadroya Ge\u00e7en S\u00f6zle\u015fmelinin E\u015f Durumu - Av. Deniz Can K\u0131z\u0131l","isPartOf":{"@id":"https:\/\/denizcankizil.tr\/de\/#website"},"datePublished":"2025-06-04T14:52:00+00:00","breadcrumb":{"@id":"https:\/\/denizcankizil.tr\/de\/hukukihaber\/kadroya-gecen-sozlesmelinin-es-durumu\/#breadcrumb"},"inLanguage":"ru-RU","potentialAction":[{"@type":"ReadAction","target":["https:\/\/denizcankizil.tr\/de\/hukukihaber\/kadroya-gecen-sozlesmelinin-es-durumu\/"]}]},{"@type":"BreadcrumbList","@id":"https:\/\/denizcankizil.tr\/de\/hukukihaber\/kadroya-gecen-sozlesmelinin-es-durumu\/#breadcrumb","itemListElement":[{"@type":"ListItem","position":1,"name":"Home","item":"https:\/\/denizcankizil.tr\/de\/"},{"@type":"ListItem","position":2,"name":"Kadroya Ge\u00e7en S\u00f6zle\u015fmelinin E\u015f Durumu"}]},{"@type":"WebSite","@id":"https:\/\/denizcankizil.tr\/de\/#website","url":"https:\/\/denizcankizil.tr\/de\/","name":"Av. Deniz Can K\u0131z\u0131l","description":"Avukat Deniz Can K\u0131z\u0131l Antalya Barosu","publisher":{"@id":"https:\/\/denizcankizil.tr\/de\/#organization"},"potentialAction":[{"@type":"SearchAction","target":{"@type":"EntryPoint","urlTemplate":"https:\/\/denizcankizil.tr\/de\/?s={search_term_string}"},"query-input":{"@type":"PropertyValueSpecification","valueRequired":true,"valueName":"search_term_string"}}],"inLanguage":"ru-RU"},{"@type":"Organization","@id":"https:\/\/denizcankizil.tr\/de\/#organization","name":"Av. Deniz Can K\u0131z\u0131l","url":"https:\/\/denizcankizil.tr\/de\/","logo":{"@type":"ImageObject","inLanguage":"ru-RU","@id":"https:\/\/denizcankizil.tr\/de\/#\/schema\/logo\/image\/","url":"https:\/\/denizcankizil.tr\/wp-content\/uploads\/2024\/10\/siyah-logo-svg.svg","contentUrl":"https:\/\/denizcankizil.tr\/wp-content\/uploads\/2024\/10\/siyah-logo-svg.svg","width":1080,"height":1080,"caption":"Av. Deniz Can K\u0131z\u0131l"},"image":{"@id":"https:\/\/denizcankizil.tr\/de\/#\/schema\/logo\/image\/"}},{"@type":"Person","@id":"https:\/\/denizcankizil.tr\/de\/#\/schema\/person\/001a271de994a0aa3f90eea084424822","name":"Hukuki Haber.net","image":{"@type":"ImageObject","inLanguage":"ru-RU","@id":"https:\/\/denizcankizil.tr\/de\/#\/schema\/person\/image\/","url":"https:\/\/secure.gravatar.com\/avatar\/57d8a49151495586611a149d29fc42865b951dc053a84709a3172ccb5abf3118?s=96&d=mm&r=g","contentUrl":"https:\/\/secure.gravatar.com\/avatar\/57d8a49151495586611a149d29fc42865b951dc053a84709a3172ccb5abf3118?s=96&d=mm&r=g","caption":"Hukuki Haber.net"},"sameAs":["http:\/\/www.hukukihaber.net"],"url":"https:\/\/www.hukukihaber.net\/kadroya-gecen-sozlesmelinin-es-durumu-ozgur-turkes"}]}},"_links":{"self":[{"href":"https:\/\/denizcankizil.tr\/ru\/wp-json\/wp\/v2\/posts\/107607","targetHints":{"allow":["GET"]}}],"collection":[{"href":"https:\/\/denizcankizil.tr\/ru\/wp-json\/wp\/v2\/posts"}],"about":[{"href":"https:\/\/denizcankizil.tr\/ru\/wp-json\/wp\/v2\/types\/post"}],"author":[{"embeddable":true,"href":"https:\/\/denizcankizil.tr\/ru\/wp-json\/wp\/v2\/users\/3"}],"replies":[{"embeddable":true,"href":"https:\/\/denizcankizil.tr\/ru\/wp-json\/wp\/v2\/comments?post=107607"}],"version-history":[{"count":0,"href":"https:\/\/denizcankizil.tr\/ru\/wp-json\/wp\/v2\/posts\/107607\/revisions"}],"wp:attachment":[{"href":"https:\/\/denizcankizil.tr\/ru\/wp-json\/wp\/v2\/media?parent=107607"}],"wp:term":[{"taxonomy":"category","embeddable":true,"href":"https:\/\/denizcankizil.tr\/ru\/wp-json\/wp\/v2\/categories?post=107607"},{"taxonomy":"post_tag","embeddable":true,"href":"https:\/\/denizcankizil.tr\/ru\/wp-json\/wp\/v2\/tags?post=107607"}],"curies":[{"name":"wp","href":"https:\/\/api.w.org\/{rel}","templated":true}]}}