{"id":107287,"date":"2025-06-05T12:43:26","date_gmt":"2025-06-05T09:43:26","guid":{"rendered":"https:\/\/denizcankizil.tr\/uncategorized-tr\/cumhurbaskani-erdogandan-5-haziran-mesaji-dogaya-saygi-gelecege-emanet\/"},"modified":"2025-06-05T12:43:26","modified_gmt":"2025-06-05T09:43:26","slug":"cumhurbaskani-erdogandan-5-haziran-mesaji-dogaya-saygi-gelecege-emanet","status":"publish","type":"post","link":"https:\/\/denizcankizil.tr\/ru\/haberler\/gundem\/cumhurbaskani-erdogandan-5-haziran-mesaji-dogaya-saygi-gelecege-emanet\/","title":{"rendered":"Cumhurba\u015fkan\u0131 Erdo\u011fan&#8217;dan 5 Haziran mesaj\u0131&#8230; Do\u011faya sayg\u0131, gelece\u011fe emanet"},"content":{"rendered":"<p>Cumhurba\u015fkan\u0131 Recep Tayyip Erdo\u011fan, 5 Haziran D\u00fcnya \u00c7evre G\u00fcn\u00fc dolay\u0131s\u0131yla yay\u0131mlad\u0131\u011f\u0131 mesajda, do\u011fan\u0131n korunmas\u0131 i\u00e7in herkesin sorumluluk almas\u0131 gerekti\u011fini vurgulad\u0131.ANKARA (\u0130GFA) &#8211; Cumhurba\u015fkan\u0131 Erdo\u011fan, D\u00fcnya \u00c7evre G\u00fcn\u00fc mesaj\u0131nda, k\u00fcresel \u0131s\u0131nma, \u00e7\u00f6lle\u015fme, toplu hayvan \u00f6l\u00fcmleri, seller ve heyelanlar gibi \u00e7evre sorunlar\u0131n\u0131n, insanl\u0131\u011f\u0131n do\u011faya kar\u015f\u0131 hoyratl\u0131\u011f\u0131n\u0131n bir sonucu oldu\u011funu belirtti.<br \/>\n\u201cDo\u011fan\u0131n dili sessizdir, ama mesaj\u0131 g\u00fc\u00e7l\u00fc ve a\u00e7\u0131kt\u0131r\u201d diyerek, \u00e7evresel sorunlara kar\u015f\u0131 duyarl\u0131l\u0131k \u00e7a\u011fr\u0131s\u0131 yapan Cumhurba\u015fkan\u0131 Erdo\u011fan, \u0130leti\u015fim Ba\u015fkanl\u0131\u011f\u0131 arac\u0131l\u0131\u011f\u0131yla yapt\u0131\u011f\u0131 payla\u015f\u0131mda,D\u00fcnya \u00c7evre G\u00fcn\u00fc\u2019n\u00fcn sadece fark\u0131ndal\u0131k de\u011fil, ayn\u0131 zamanda bir eylem \u00e7a\u011fr\u0131s\u0131 oldu\u011funu vurgulad\u0131.<br \/>\nCumhurba\u015fkan\u0131 Erdo\u011fan, daha ye\u015fil, s\u00fcrd\u00fcr\u00fclebilir ve ya\u015fanabilir bir d\u00fcnya i\u00e7in herkesin sorumluluk almas\u0131 gerekti\u011fini ifade ederken, Do\u011fal kaynaklar\u0131n h\u0131zla t\u00fckendi\u011fi, iklim de\u011fi\u015fikli\u011finin etkilerinin derinle\u015fti\u011fi ve biyolojik \u00e7e\u015fitlilik kay\u0131plar\u0131n\u0131n kritik bir noktaya ula\u015ft\u0131\u011f\u0131na dikkat \u00e7eken Erdo\u011fan, bu sorunlarla m\u00fccadelenin t\u00fcm insanl\u0131\u011f\u0131n ortak g\u00f6revi oldu\u011funu s\u00f6yledi.<\/p>\n<p><blockquote class=\"twitter-tweet\" data-width=\"550\" data-dnt=\"true\"><p lang=\"tr\" dir=\"ltr\">Cumhurba\u015fkan\u0131m\u0131z Say\u0131n Recep Tayyip Erdo\u011fan&#39;\u0131n, 5 Haziran D\u00fcnya \u00c7evre G\u00fcn\u00fc mesaj\u0131:<br><br>Do\u011fan\u0131n dili sessizdir; ama onun mesaj\u0131 g\u00fc\u00e7l\u00fc ve a\u00e7\u0131kt\u0131r: Biz ona nas\u0131l davran\u0131rsak, o da bize \u00f6yle kar\u015f\u0131l\u0131k verir. Son y\u0131llarda ya\u015fanan k\u00fcresel \u0131s\u0131nma, \u00e7\u00f6lle\u015fme, baz\u0131 hayvan \u0131rklar\u0131n\u0131n toplu\u2026<\/p>&mdash; T.C. \u0130leti\u015fim Ba\u015fkanl\u0131\u011f\u0131 (@iletisim) <a href=\"https:\/\/twitter.com\/iletisim\/status\/1930504881225294174?ref_src=twsrc%5Etfw\">June 5, 2025<\/a><\/blockquote><script async src=\"https:\/\/platform.twitter.com\/widgets.js\" charset=\"utf-8\"><\/script><\/p>\n<p>T\u00dcRK\u0130YE\u2019DEN \u00c7EVREYE Y\u00d6NEL\u0130K KARARLI ADIMLAR<br \/>\nErdo\u011fan, T\u00fcrkiye\u2019nin \u00e7evrenin korunmas\u0131 ve s\u00fcrd\u00fcr\u00fclebilir kalk\u0131nma i\u00e7in kararl\u0131 ad\u0131mlar att\u0131\u011f\u0131n\u0131 belirtti. Ye\u015fil enerji, geri d\u00f6n\u00fc\u015f\u00fcm, s\u0131f\u0131r at\u0131k ve do\u011fa dostu kentle\u015fme politikalar\u0131n\u0131 desteklediklerini ifade eden Cumhurba\u015fkan\u0131, \u201cTopra\u011f\u0131m\u0131z\u0131, suyumuzu, havam\u0131z\u0131 ve ormanlar\u0131m\u0131z\u0131 gelecek ku\u015faklara miras de\u011fil, emanet olarak g\u00f6r\u00fcyoruz. Bu emanetin gere\u011fini yerine getirmek en temel g\u00f6revlerimizdendir\u201d dedi.<br \/>\nT\u00fcrkiye Y\u00fczy\u0131l\u0131 vizyonu kapsam\u0131nda, do\u011fal kaynaklar\u0131n verimli kullan\u0131ld\u0131\u011f\u0131 ve d\u00fcnyan\u0131n en ya\u015fanabilir do\u011fas\u0131na sahip bir \u00fclke olma hedefini vurgulayan Erdo\u011fan, vatanda\u015flar\u0131 ve t\u00fcm insanl\u0131\u011f\u0131 enerji verimlili\u011fi, at\u0131k y\u00f6netimi, do\u011fa koruma ve \u00e7evreye duyarl\u0131 t\u00fcketim al\u0131\u015fkanl\u0131klar\u0131 konusunda hassas olmaya davet etti.<br \/>\nCumhurba\u015fkan\u0131 Erdo\u011fan, mesaj\u0131n\u0131, \u201c5 Haziran D\u00fcnya \u00c7evre G\u00fcn\u00fc\u2019n\u00fc kutluyor, do\u011faya sayg\u0131l\u0131, s\u00fcrd\u00fcr\u00fclebilir ve bilin\u00e7li bir ya\u015fam\u0131n toplumun t\u00fcm kesimlerinde yayg\u0131nla\u015fmas\u0131n\u0131 diliyorum. T\u00fcm vatanda\u015flar\u0131m\u0131z\u0131 en kalbi duygular\u0131mla selaml\u0131yorum\u201d ifadeleriyle tamamlad\u0131.<\/p>\n<p>\u200bCumhurba\u015fkan\u0131 Recep Tayyip Erdo\u011fan, 5 Haziran D\u00fcnya \u00c7evre G\u00fcn\u00fc dolay\u0131s\u0131yla yay\u0131mlad\u0131\u011f\u0131 mesajda, do\u011fan\u0131n korunmas\u0131 i\u00e7in herkesin sorumluluk almas\u0131 gerekti\u011fini vurgulad\u0131.ANKARA (\u0130GFA) &#8211; Cumhurba\u015fkan\u0131 Erdo\u011fan, D\u00fcnya \u00c7evre G\u00fcn\u00fc mesaj\u0131nda, k\u00fcresel \u0131s\u0131nma, \u00e7\u00f6lle\u015fme, toplu hayvan \u00f6l\u00fcmleri, seller ve heyelanlar gibi \u00e7evre sorunlar\u0131n\u0131n, insanl\u0131\u011f\u0131n do\u011faya kar\u015f\u0131 hoyratl\u0131\u011f\u0131n\u0131n bir sonucu oldu\u011funu belirtti.<br \/>\n\u201cDo\u011fan\u0131n dili sessizdir, ama mesaj\u0131 g\u00fc\u00e7l\u00fc ve a\u00e7\u0131kt\u0131r\u201d diyerek, \u00e7evresel sorunlara kar\u015f\u0131 duyarl\u0131l\u0131k \u00e7a\u011fr\u0131s\u0131 yapan Cumhurba\u015fkan\u0131 Erdo\u011fan, \u0130leti\u015fim Ba\u015fkanl\u0131\u011f\u0131 arac\u0131l\u0131\u011f\u0131yla yapt\u0131\u011f\u0131 payla\u015f\u0131mda,D\u00fcnya \u00c7evre G\u00fcn\u00fc\u2019n\u00fcn sadece fark\u0131ndal\u0131k de\u011fil, ayn\u0131 zamanda bir eylem \u00e7a\u011fr\u0131s\u0131 oldu\u011funu vurgulad\u0131.<br \/>\nCumhurba\u015fkan\u0131 Erdo\u011fan, daha ye\u015fil, s\u00fcrd\u00fcr\u00fclebilir ve ya\u015fanabilir bir d\u00fcnya i\u00e7in herkesin sorumluluk almas\u0131 gerekti\u011fini ifade ederken, Do\u011fal kaynaklar\u0131n h\u0131zla t\u00fckendi\u011fi, iklim de\u011fi\u015fikli\u011finin etkilerinin derinle\u015fti\u011fi ve biyolojik \u00e7e\u015fitlilik kay\u0131plar\u0131n\u0131n kritik bir noktaya ula\u015ft\u0131\u011f\u0131na dikkat \u00e7eken Erdo\u011fan, bu sorunlarla m\u00fccadelenin t\u00fcm insanl\u0131\u011f\u0131n ortak g\u00f6revi oldu\u011funu s\u00f6yledi.<\/p>\n<p><blockquote class=\"twitter-tweet\" data-width=\"550\" data-dnt=\"true\"><p lang=\"tr\" dir=\"ltr\">Cumhurba\u015fkan\u0131m\u0131z Say\u0131n Recep Tayyip Erdo\u011fan&#39;\u0131n, 5 Haziran D\u00fcnya \u00c7evre G\u00fcn\u00fc mesaj\u0131:<br><br>Do\u011fan\u0131n dili sessizdir; ama onun mesaj\u0131 g\u00fc\u00e7l\u00fc ve a\u00e7\u0131kt\u0131r: Biz ona nas\u0131l davran\u0131rsak, o da bize \u00f6yle kar\u015f\u0131l\u0131k verir. Son y\u0131llarda ya\u015fanan k\u00fcresel \u0131s\u0131nma, \u00e7\u00f6lle\u015fme, baz\u0131 hayvan \u0131rklar\u0131n\u0131n toplu\u2026<\/p>&mdash; T.C. \u0130leti\u015fim Ba\u015fkanl\u0131\u011f\u0131 (@iletisim) <a href=\"https:\/\/twitter.com\/iletisim\/status\/1930504881225294174?ref_src=twsrc%5Etfw\">June 5, 2025<\/a><\/blockquote><script async src=\"https:\/\/platform.twitter.com\/widgets.js\" charset=\"utf-8\"><\/script><\/p>\n<p>T\u00dcRK\u0130YE\u2019DEN \u00c7EVREYE Y\u00d6NEL\u0130K KARARLI ADIMLAR<br \/>\nErdo\u011fan, T\u00fcrkiye\u2019nin \u00e7evrenin korunmas\u0131 ve s\u00fcrd\u00fcr\u00fclebilir kalk\u0131nma i\u00e7in kararl\u0131 ad\u0131mlar att\u0131\u011f\u0131n\u0131 belirtti. Ye\u015fil enerji, geri d\u00f6n\u00fc\u015f\u00fcm, s\u0131f\u0131r at\u0131k ve do\u011fa dostu kentle\u015fme politikalar\u0131n\u0131 desteklediklerini ifade eden Cumhurba\u015fkan\u0131, \u201cTopra\u011f\u0131m\u0131z\u0131, suyumuzu, havam\u0131z\u0131 ve ormanlar\u0131m\u0131z\u0131 gelecek ku\u015faklara miras de\u011fil, emanet olarak g\u00f6r\u00fcyoruz. Bu emanetin gere\u011fini yerine getirmek en temel g\u00f6revlerimizdendir\u201d dedi.<br \/>\nT\u00fcrkiye Y\u00fczy\u0131l\u0131 vizyonu kapsam\u0131nda, do\u011fal kaynaklar\u0131n verimli kullan\u0131ld\u0131\u011f\u0131 ve d\u00fcnyan\u0131n en ya\u015fanabilir do\u011fas\u0131na sahip bir \u00fclke olma hedefini vurgulayan Erdo\u011fan, vatanda\u015flar\u0131 ve t\u00fcm insanl\u0131\u011f\u0131 enerji verimlili\u011fi, at\u0131k y\u00f6netimi, do\u011fa koruma ve \u00e7evreye duyarl\u0131 t\u00fcketim al\u0131\u015fkanl\u0131klar\u0131 konusunda hassas olmaya davet etti.<br \/>\nCumhurba\u015fkan\u0131 Erdo\u011fan, mesaj\u0131n\u0131, \u201c5 Haziran D\u00fcnya \u00c7evre G\u00fcn\u00fc\u2019n\u00fc kutluyor, do\u011faya sayg\u0131l\u0131, s\u00fcrd\u00fcr\u00fclebilir ve bilin\u00e7li bir ya\u015fam\u0131n toplumun t\u00fcm kesimlerinde yayg\u0131nla\u015fmas\u0131n\u0131 diliyorum. T\u00fcm vatanda\u015flar\u0131m\u0131z\u0131 en kalbi duygular\u0131mla selaml\u0131yorum\u201d ifadeleriyle tamamlad\u0131.\u00a0<\/p>\n<p>\u200bHaberin Al\u0131nt\u0131land\u0131\u011f\u0131 Kaynak: www.iskenderun.org<\/p>","protected":false},"excerpt":{"rendered":"<p>Cumhurba\u015fkan\u0131 Recep Tayyip Erdo\u011fan, 5 Haziran D\u00fcnya \u00c7evre G\u00fcn\u00fc dolay\u0131s\u0131yla yay\u0131mlad\u0131\u011f\u0131 mesajda, do\u011fan\u0131n korunmas\u0131 i\u00e7in herkesin sorumluluk almas\u0131 gerekti\u011fini vurgulad\u0131.ANKARA (\u0130GFA) &#8211; Cumhurba\u015fkan\u0131 Erdo\u011fan, D\u00fcnya \u00c7evre G\u00fcn\u00fc mesaj\u0131nda, k\u00fcresel \u0131s\u0131nma, \u00e7\u00f6lle\u015fme, toplu hayvan \u00f6l\u00fcmleri, seller ve heyelanlar gibi \u00e7evre sorunlar\u0131n\u0131n, insanl\u0131\u011f\u0131n do\u011faya kar\u015f\u0131 hoyratl\u0131\u011f\u0131n\u0131n bir sonucu oldu\u011funu belirtti. \u201cDo\u011fan\u0131n dili sessizdir, ama mesaj\u0131 g\u00fc\u00e7l\u00fc ve a\u00e7\u0131kt\u0131r\u201d diyerek, \u00e7evresel sorunlara kar\u015f\u0131 duyarl\u0131l\u0131k \u00e7a\u011fr\u0131s\u0131 yapan Cumhurba\u015fkan\u0131 Erdo\u011fan, \u0130leti\u015fim Ba\u015fkanl\u0131\u011f\u0131 arac\u0131l\u0131\u011f\u0131yla yapt\u0131\u011f\u0131 payla\u015f\u0131mda,D\u00fcnya \u00c7evre G\u00fcn\u00fc\u2019n\u00fcn sadece fark\u0131ndal\u0131k de\u011fil, ayn\u0131 zamanda bir eylem \u00e7a\u011fr\u0131s\u0131 oldu\u011funu vurgulad\u0131. Cumhurba\u015fkan\u0131 Erdo\u011fan, daha ye\u015fil, s\u00fcrd\u00fcr\u00fclebilir ve ya\u015fanabilir bir d\u00fcnya i\u00e7in herkesin sorumluluk almas\u0131 gerekti\u011fini ifade ederken, Do\u011fal kaynaklar\u0131n h\u0131zla t\u00fckendi\u011fi, iklim de\u011fi\u015fikli\u011finin etkilerinin derinle\u015fti\u011fi ve biyolojik \u00e7e\u015fitlilik kay\u0131plar\u0131n\u0131n kritik bir noktaya ula\u015ft\u0131\u011f\u0131na dikkat \u00e7eken Erdo\u011fan, bu sorunlarla m\u00fccadelenin t\u00fcm insanl\u0131\u011f\u0131n ortak g\u00f6revi oldu\u011funu s\u00f6yledi. Cumhurba\u015fkan\u0131m\u0131z Say\u0131n Recep Tayyip Erdo\u011fan&#39;\u0131n, 5 Haziran D\u00fcnya \u00c7evre G\u00fcn\u00fc mesaj\u0131: Do\u011fan\u0131n dili sessizdir; ama onun mesaj\u0131 g\u00fc\u00e7l\u00fc ve a\u00e7\u0131kt\u0131r: Biz ona nas\u0131l davran\u0131rsak, o da bize \u00f6yle kar\u015f\u0131l\u0131k verir. Son y\u0131llarda ya\u015fanan k\u00fcresel \u0131s\u0131nma, \u00e7\u00f6lle\u015fme, baz\u0131 hayvan \u0131rklar\u0131n\u0131n toplu\u2026 &mdash; T.C. \u0130leti\u015fim Ba\u015fkanl\u0131\u011f\u0131 (@iletisim) June 5, 2025 T\u00dcRK\u0130YE\u2019DEN \u00c7EVREYE Y\u00d6NEL\u0130K KARARLI ADIMLAR Erdo\u011fan, T\u00fcrkiye\u2019nin \u00e7evrenin korunmas\u0131 ve s\u00fcrd\u00fcr\u00fclebilir kalk\u0131nma i\u00e7in kararl\u0131 ad\u0131mlar att\u0131\u011f\u0131n\u0131 belirtti. Ye\u015fil enerji, geri d\u00f6n\u00fc\u015f\u00fcm, s\u0131f\u0131r at\u0131k ve do\u011fa dostu &hellip;<\/p>","protected":false},"author":1,"featured_media":0,"comment_status":"","ping_status":"open","sticky":false,"template":"","format":"standard","meta":{"_acf_changed":false,"footnotes":""},"categories":[24],"tags":[],"class_list":["post-107287","post","type-post","status-publish","format-standard","has-post-thumbnail","hentry","category-gundem"],"acf":[],"yoast_head":"<!-- This site is optimized with the Yoast SEO Premium plugin v26.6 (Yoast SEO v27.1.1) - https:\/\/yoast.com\/product\/yoast-seo-premium-wordpress\/ -->\n<title>Cumhurba\u015fkan\u0131 Erdo\u011fan&#039;dan 5 Haziran mesaj\u0131... Do\u011faya sayg\u0131, gelece\u011fe emanet - Av. Deniz Can K\u0131z\u0131l<\/title>\n<meta name=\"robots\" content=\"index, follow, max-snippet:-1, max-image-preview:large, max-video-preview:-1\" \/>\n<link rel=\"canonical\" href=\"https:\/\/denizcankizil.tr\/ru\/haberler\/gundem\/cumhurbaskani-erdogandan-5-haziran-mesaji-dogaya-saygi-gelecege-emanet\/\" \/>\n<meta property=\"og:locale\" content=\"ru_RU\" \/>\n<meta property=\"og:type\" content=\"article\" \/>\n<meta property=\"og:title\" content=\"Cumhurba\u015fkan\u0131 Erdo\u011fan&#039;dan 5 Haziran mesaj\u0131... Do\u011faya sayg\u0131, gelece\u011fe emanet\" \/>\n<meta property=\"og:description\" content=\"Cumhurba\u015fkan\u0131 Recep Tayyip Erdo\u011fan, 5 Haziran D\u00fcnya \u00c7evre G\u00fcn\u00fc dolay\u0131s\u0131yla yay\u0131mlad\u0131\u011f\u0131 mesajda, do\u011fan\u0131n korunmas\u0131 i\u00e7in herkesin sorumluluk almas\u0131 gerekti\u011fini vurgulad\u0131.ANKARA (\u0130GFA) &#8211; Cumhurba\u015fkan\u0131 Erdo\u011fan, D\u00fcnya \u00c7evre G\u00fcn\u00fc mesaj\u0131nda, k\u00fcresel \u0131s\u0131nma, \u00e7\u00f6lle\u015fme, toplu hayvan \u00f6l\u00fcmleri, seller ve heyelanlar gibi \u00e7evre sorunlar\u0131n\u0131n, insanl\u0131\u011f\u0131n do\u011faya kar\u015f\u0131 hoyratl\u0131\u011f\u0131n\u0131n bir sonucu oldu\u011funu belirtti. \u201cDo\u011fan\u0131n dili sessizdir, ama mesaj\u0131 g\u00fc\u00e7l\u00fc ve a\u00e7\u0131kt\u0131r\u201d diyerek, \u00e7evresel sorunlara kar\u015f\u0131 duyarl\u0131l\u0131k \u00e7a\u011fr\u0131s\u0131 yapan Cumhurba\u015fkan\u0131 Erdo\u011fan, \u0130leti\u015fim Ba\u015fkanl\u0131\u011f\u0131 arac\u0131l\u0131\u011f\u0131yla yapt\u0131\u011f\u0131 payla\u015f\u0131mda,D\u00fcnya \u00c7evre G\u00fcn\u00fc\u2019n\u00fcn sadece fark\u0131ndal\u0131k de\u011fil, ayn\u0131 zamanda bir eylem \u00e7a\u011fr\u0131s\u0131 oldu\u011funu vurgulad\u0131. Cumhurba\u015fkan\u0131 Erdo\u011fan, daha ye\u015fil, s\u00fcrd\u00fcr\u00fclebilir ve ya\u015fanabilir bir d\u00fcnya i\u00e7in herkesin sorumluluk almas\u0131 gerekti\u011fini ifade ederken, Do\u011fal kaynaklar\u0131n h\u0131zla t\u00fckendi\u011fi, iklim de\u011fi\u015fikli\u011finin etkilerinin derinle\u015fti\u011fi ve biyolojik \u00e7e\u015fitlilik kay\u0131plar\u0131n\u0131n kritik bir noktaya ula\u015ft\u0131\u011f\u0131na dikkat \u00e7eken Erdo\u011fan, bu sorunlarla m\u00fccadelenin t\u00fcm insanl\u0131\u011f\u0131n ortak g\u00f6revi oldu\u011funu s\u00f6yledi. Cumhurba\u015fkan\u0131m\u0131z Say\u0131n Recep Tayyip Erdo\u011fan&#039;\u0131n, 5 Haziran D\u00fcnya \u00c7evre G\u00fcn\u00fc mesaj\u0131: Do\u011fan\u0131n dili sessizdir; ama onun mesaj\u0131 g\u00fc\u00e7l\u00fc ve a\u00e7\u0131kt\u0131r: Biz ona nas\u0131l davran\u0131rsak, o da bize \u00f6yle kar\u015f\u0131l\u0131k verir. Son y\u0131llarda ya\u015fanan k\u00fcresel \u0131s\u0131nma, \u00e7\u00f6lle\u015fme, baz\u0131 hayvan \u0131rklar\u0131n\u0131n toplu\u2026 &mdash; T.C. \u0130leti\u015fim Ba\u015fkanl\u0131\u011f\u0131 (@iletisim) June 5, 2025 T\u00dcRK\u0130YE\u2019DEN \u00c7EVREYE Y\u00d6NEL\u0130K KARARLI ADIMLAR Erdo\u011fan, T\u00fcrkiye\u2019nin \u00e7evrenin korunmas\u0131 ve s\u00fcrd\u00fcr\u00fclebilir kalk\u0131nma i\u00e7in kararl\u0131 ad\u0131mlar att\u0131\u011f\u0131n\u0131 belirtti. Ye\u015fil enerji, geri d\u00f6n\u00fc\u015f\u00fcm, s\u0131f\u0131r at\u0131k ve do\u011fa dostu &hellip;\" \/>\n<meta property=\"og:url\" content=\"https:\/\/denizcankizil.tr\/ru\/haberler\/gundem\/cumhurbaskani-erdogandan-5-haziran-mesaji-dogaya-saygi-gelecege-emanet\/\" \/>\n<meta property=\"og:site_name\" content=\"Av. Deniz Can K\u0131z\u0131l\" \/>\n<meta property=\"article:published_time\" content=\"2025-06-05T09:43:26+00:00\" \/>\n<meta name=\"author\" content=\"admin\" \/>\n<meta name=\"twitter:card\" content=\"summary_large_image\" \/>\n<meta name=\"twitter:label1\" content=\"\u041d\u0430\u043f\u0438\u0441\u0430\u043d\u043e \u0430\u0432\u0442\u043e\u0440\u043e\u043c\" \/>\n\t<meta name=\"twitter:data1\" content=\"admin\" \/>\n\t<meta name=\"twitter:label2\" content=\"\u041f\u0440\u0438\u043c\u0435\u0440\u043d\u043e\u0435 \u0432\u0440\u0435\u043c\u044f \u0434\u043b\u044f \u0447\u0442\u0435\u043d\u0438\u044f\" \/>\n\t<meta name=\"twitter:data2\" content=\"4 \u043c\u0438\u043d\u0443\u0442\u044b\" \/>\n<script type=\"application\/ld+json\" class=\"yoast-schema-graph\">{\"@context\":\"https:\/\/schema.org\",\"@graph\":[{\"@type\":\"Article\",\"@id\":\"https:\/\/denizcankizil.tr\/ru\/haberler\/gundem\/cumhurbaskani-erdogandan-5-haziran-mesaji-dogaya-saygi-gelecege-emanet\/#article\",\"isPartOf\":{\"@id\":\"https:\/\/denizcankizil.tr\/ru\/haberler\/gundem\/cumhurbaskani-erdogandan-5-haziran-mesaji-dogaya-saygi-gelecege-emanet\/\"},\"author\":{\"name\":\"admin\",\"@id\":\"https:\/\/denizcankizil.tr\/#\/schema\/person\/be3c05fe6a12686905512445d8185489\"},\"headline\":\"Cumhurba\u015fkan\u0131 Erdo\u011fan&#8217;dan 5 Haziran mesaj\u0131&#8230; Do\u011faya sayg\u0131, gelece\u011fe emanet\",\"datePublished\":\"2025-06-05T09:43:26+00:00\",\"mainEntityOfPage\":{\"@id\":\"https:\/\/denizcankizil.tr\/ru\/haberler\/gundem\/cumhurbaskani-erdogandan-5-haziran-mesaji-dogaya-saygi-gelecege-emanet\/\"},\"wordCount\":863,\"publisher\":{\"@id\":\"https:\/\/denizcankizil.tr\/#organization\"},\"articleSection\":[\"G\u00fcndem\"],\"inLanguage\":\"ru-RU\"},{\"@type\":\"WebPage\",\"@id\":\"https:\/\/denizcankizil.tr\/ru\/haberler\/gundem\/cumhurbaskani-erdogandan-5-haziran-mesaji-dogaya-saygi-gelecege-emanet\/\",\"url\":\"https:\/\/denizcankizil.tr\/ru\/haberler\/gundem\/cumhurbaskani-erdogandan-5-haziran-mesaji-dogaya-saygi-gelecege-emanet\/\",\"name\":\"Cumhurba\u015fkan\u0131 Erdo\u011fan'dan 5 Haziran mesaj\u0131... Do\u011faya sayg\u0131, gelece\u011fe emanet - Av. Deniz Can K\u0131z\u0131l\",\"isPartOf\":{\"@id\":\"https:\/\/denizcankizil.tr\/#website\"},\"datePublished\":\"2025-06-05T09:43:26+00:00\",\"breadcrumb\":{\"@id\":\"https:\/\/denizcankizil.tr\/ru\/haberler\/gundem\/cumhurbaskani-erdogandan-5-haziran-mesaji-dogaya-saygi-gelecege-emanet\/#breadcrumb\"},\"inLanguage\":\"ru-RU\",\"potentialAction\":[{\"@type\":\"ReadAction\",\"target\":[\"https:\/\/denizcankizil.tr\/ru\/haberler\/gundem\/cumhurbaskani-erdogandan-5-haziran-mesaji-dogaya-saygi-gelecege-emanet\/\"]}]},{\"@type\":\"BreadcrumbList\",\"@id\":\"https:\/\/denizcankizil.tr\/ru\/haberler\/gundem\/cumhurbaskani-erdogandan-5-haziran-mesaji-dogaya-saygi-gelecege-emanet\/#breadcrumb\",\"itemListElement\":[{\"@type\":\"ListItem\",\"position\":1,\"name\":\"Home\",\"item\":\"https:\/\/denizcankizil.tr\/de\/\"},{\"@type\":\"ListItem\",\"position\":2,\"name\":\"Cumhurba\u015fkan\u0131 Erdo\u011fan&#8217;dan 5 Haziran mesaj\u0131&#8230; Do\u011faya sayg\u0131, gelece\u011fe emanet\"}]},{\"@type\":\"WebSite\",\"@id\":\"https:\/\/denizcankizil.tr\/#website\",\"url\":\"https:\/\/denizcankizil.tr\/\",\"name\":\"Av. Deniz Can K\u0131z\u0131l\",\"description\":\"Avukat Deniz Can K\u0131z\u0131l Antalya Barosu\",\"publisher\":{\"@id\":\"https:\/\/denizcankizil.tr\/#organization\"},\"potentialAction\":[{\"@type\":\"SearchAction\",\"target\":{\"@type\":\"EntryPoint\",\"urlTemplate\":\"https:\/\/denizcankizil.tr\/?s={search_term_string}\"},\"query-input\":{\"@type\":\"PropertyValueSpecification\",\"valueRequired\":true,\"valueName\":\"search_term_string\"}}],\"inLanguage\":\"ru-RU\"},{\"@type\":\"Organization\",\"@id\":\"https:\/\/denizcankizil.tr\/#organization\",\"name\":\"Av. Deniz Can K\u0131z\u0131l\",\"url\":\"https:\/\/denizcankizil.tr\/\",\"logo\":{\"@type\":\"ImageObject\",\"inLanguage\":\"ru-RU\",\"@id\":\"https:\/\/denizcankizil.tr\/#\/schema\/logo\/image\/\",\"url\":\"https:\/\/denizcankizil.tr\/wp-content\/uploads\/2024\/10\/siyah-logo-svg.svg\",\"contentUrl\":\"https:\/\/denizcankizil.tr\/wp-content\/uploads\/2024\/10\/siyah-logo-svg.svg\",\"width\":1080,\"height\":1080,\"caption\":\"Av. Deniz Can K\u0131z\u0131l\"},\"image\":{\"@id\":\"https:\/\/denizcankizil.tr\/#\/schema\/logo\/image\/\"}},{\"@type\":\"Person\",\"@id\":\"https:\/\/denizcankizil.tr\/#\/schema\/person\/be3c05fe6a12686905512445d8185489\",\"name\":\"admin\",\"image\":{\"@type\":\"ImageObject\",\"inLanguage\":\"ru-RU\",\"@id\":\"https:\/\/denizcankizil.tr\/#\/schema\/person\/image\/\",\"url\":\"https:\/\/secure.gravatar.com\/avatar\/c1fce94c830dc79107e174f890d7210541c4a63e8e5d816341794a2151c9d58c?s=96&d=mm&r=g\",\"contentUrl\":\"https:\/\/secure.gravatar.com\/avatar\/c1fce94c830dc79107e174f890d7210541c4a63e8e5d816341794a2151c9d58c?s=96&d=mm&r=g\",\"caption\":\"admin\"},\"sameAs\":[\"http:\/\/denizcankizil.tr\"],\"url\":\"https:\/\/www.iskenderun.org\/cumhurbaskani-erdogandan-5-haziran-mesaji-dogaya-saygi-gelecege-emanet\"}]}<\/script>\n<!-- \/ Yoast SEO Premium plugin. -->","yoast_head_json":{"title":"Cumhurba\u015fkan\u0131 Erdo\u011fan'dan 5 Haziran mesaj\u0131... Do\u011faya sayg\u0131, gelece\u011fe emanet - Av. Deniz Can K\u0131z\u0131l","robots":{"index":"index","follow":"follow","max-snippet":"max-snippet:-1","max-image-preview":"max-image-preview:large","max-video-preview":"max-video-preview:-1"},"canonical":"https:\/\/denizcankizil.tr\/ru\/haberler\/gundem\/cumhurbaskani-erdogandan-5-haziran-mesaji-dogaya-saygi-gelecege-emanet\/","og_locale":"ru_RU","og_type":"article","og_title":"Cumhurba\u015fkan\u0131 Erdo\u011fan'dan 5 Haziran mesaj\u0131... Do\u011faya sayg\u0131, gelece\u011fe emanet","og_description":"Cumhurba\u015fkan\u0131 Recep Tayyip Erdo\u011fan, 5 Haziran D\u00fcnya \u00c7evre G\u00fcn\u00fc dolay\u0131s\u0131yla yay\u0131mlad\u0131\u011f\u0131 mesajda, do\u011fan\u0131n korunmas\u0131 i\u00e7in herkesin sorumluluk almas\u0131 gerekti\u011fini vurgulad\u0131.ANKARA (\u0130GFA) &#8211; Cumhurba\u015fkan\u0131 Erdo\u011fan, D\u00fcnya \u00c7evre G\u00fcn\u00fc mesaj\u0131nda, k\u00fcresel \u0131s\u0131nma, \u00e7\u00f6lle\u015fme, toplu hayvan \u00f6l\u00fcmleri, seller ve heyelanlar gibi \u00e7evre sorunlar\u0131n\u0131n, insanl\u0131\u011f\u0131n do\u011faya kar\u015f\u0131 hoyratl\u0131\u011f\u0131n\u0131n bir sonucu oldu\u011funu belirtti. \u201cDo\u011fan\u0131n dili sessizdir, ama mesaj\u0131 g\u00fc\u00e7l\u00fc ve a\u00e7\u0131kt\u0131r\u201d diyerek, \u00e7evresel sorunlara kar\u015f\u0131 duyarl\u0131l\u0131k \u00e7a\u011fr\u0131s\u0131 yapan Cumhurba\u015fkan\u0131 Erdo\u011fan, \u0130leti\u015fim Ba\u015fkanl\u0131\u011f\u0131 arac\u0131l\u0131\u011f\u0131yla yapt\u0131\u011f\u0131 payla\u015f\u0131mda,D\u00fcnya \u00c7evre G\u00fcn\u00fc\u2019n\u00fcn sadece fark\u0131ndal\u0131k de\u011fil, ayn\u0131 zamanda bir eylem \u00e7a\u011fr\u0131s\u0131 oldu\u011funu vurgulad\u0131. Cumhurba\u015fkan\u0131 Erdo\u011fan, daha ye\u015fil, s\u00fcrd\u00fcr\u00fclebilir ve ya\u015fanabilir bir d\u00fcnya i\u00e7in herkesin sorumluluk almas\u0131 gerekti\u011fini ifade ederken, Do\u011fal kaynaklar\u0131n h\u0131zla t\u00fckendi\u011fi, iklim de\u011fi\u015fikli\u011finin etkilerinin derinle\u015fti\u011fi ve biyolojik \u00e7e\u015fitlilik kay\u0131plar\u0131n\u0131n kritik bir noktaya ula\u015ft\u0131\u011f\u0131na dikkat \u00e7eken Erdo\u011fan, bu sorunlarla m\u00fccadelenin t\u00fcm insanl\u0131\u011f\u0131n ortak g\u00f6revi oldu\u011funu s\u00f6yledi. Cumhurba\u015fkan\u0131m\u0131z Say\u0131n Recep Tayyip Erdo\u011fan&#39;\u0131n, 5 Haziran D\u00fcnya \u00c7evre G\u00fcn\u00fc mesaj\u0131: Do\u011fan\u0131n dili sessizdir; ama onun mesaj\u0131 g\u00fc\u00e7l\u00fc ve a\u00e7\u0131kt\u0131r: Biz ona nas\u0131l davran\u0131rsak, o da bize \u00f6yle kar\u015f\u0131l\u0131k verir. Son y\u0131llarda ya\u015fanan k\u00fcresel \u0131s\u0131nma, \u00e7\u00f6lle\u015fme, baz\u0131 hayvan \u0131rklar\u0131n\u0131n toplu\u2026 &mdash; T.C. \u0130leti\u015fim Ba\u015fkanl\u0131\u011f\u0131 (@iletisim) June 5, 2025 T\u00dcRK\u0130YE\u2019DEN \u00c7EVREYE Y\u00d6NEL\u0130K KARARLI ADIMLAR Erdo\u011fan, T\u00fcrkiye\u2019nin \u00e7evrenin korunmas\u0131 ve s\u00fcrd\u00fcr\u00fclebilir kalk\u0131nma i\u00e7in kararl\u0131 ad\u0131mlar att\u0131\u011f\u0131n\u0131 belirtti. Ye\u015fil enerji, geri d\u00f6n\u00fc\u015f\u00fcm, s\u0131f\u0131r at\u0131k ve do\u011fa dostu &hellip;","og_url":"https:\/\/denizcankizil.tr\/ru\/haberler\/gundem\/cumhurbaskani-erdogandan-5-haziran-mesaji-dogaya-saygi-gelecege-emanet\/","og_site_name":"Av. Deniz Can K\u0131z\u0131l","article_published_time":"2025-06-05T09:43:26+00:00","author":"admin","twitter_card":"summary_large_image","twitter_misc":{"\u041d\u0430\u043f\u0438\u0441\u0430\u043d\u043e \u0430\u0432\u0442\u043e\u0440\u043e\u043c":"admin","\u041f\u0440\u0438\u043c\u0435\u0440\u043d\u043e\u0435 \u0432\u0440\u0435\u043c\u044f \u0434\u043b\u044f \u0447\u0442\u0435\u043d\u0438\u044f":"4 \u043c\u0438\u043d\u0443\u0442\u044b"},"schema":{"@context":"https:\/\/schema.org","@graph":[{"@type":"Article","@id":"https:\/\/denizcankizil.tr\/ru\/haberler\/gundem\/cumhurbaskani-erdogandan-5-haziran-mesaji-dogaya-saygi-gelecege-emanet\/#article","isPartOf":{"@id":"https:\/\/denizcankizil.tr\/ru\/haberler\/gundem\/cumhurbaskani-erdogandan-5-haziran-mesaji-dogaya-saygi-gelecege-emanet\/"},"author":{"name":"admin","@id":"https:\/\/denizcankizil.tr\/#\/schema\/person\/be3c05fe6a12686905512445d8185489"},"headline":"Cumhurba\u015fkan\u0131 Erdo\u011fan&#8217;dan 5 Haziran mesaj\u0131&#8230; Do\u011faya sayg\u0131, gelece\u011fe emanet","datePublished":"2025-06-05T09:43:26+00:00","mainEntityOfPage":{"@id":"https:\/\/denizcankizil.tr\/ru\/haberler\/gundem\/cumhurbaskani-erdogandan-5-haziran-mesaji-dogaya-saygi-gelecege-emanet\/"},"wordCount":863,"publisher":{"@id":"https:\/\/denizcankizil.tr\/#organization"},"articleSection":["G\u00fcndem"],"inLanguage":"ru-RU"},{"@type":"WebPage","@id":"https:\/\/denizcankizil.tr\/ru\/haberler\/gundem\/cumhurbaskani-erdogandan-5-haziran-mesaji-dogaya-saygi-gelecege-emanet\/","url":"https:\/\/denizcankizil.tr\/ru\/haberler\/gundem\/cumhurbaskani-erdogandan-5-haziran-mesaji-dogaya-saygi-gelecege-emanet\/","name":"Cumhurba\u015fkan\u0131 Erdo\u011fan'dan 5 Haziran mesaj\u0131... Do\u011faya sayg\u0131, gelece\u011fe emanet - Av. Deniz Can K\u0131z\u0131l","isPartOf":{"@id":"https:\/\/denizcankizil.tr\/#website"},"datePublished":"2025-06-05T09:43:26+00:00","breadcrumb":{"@id":"https:\/\/denizcankizil.tr\/ru\/haberler\/gundem\/cumhurbaskani-erdogandan-5-haziran-mesaji-dogaya-saygi-gelecege-emanet\/#breadcrumb"},"inLanguage":"ru-RU","potentialAction":[{"@type":"ReadAction","target":["https:\/\/denizcankizil.tr\/ru\/haberler\/gundem\/cumhurbaskani-erdogandan-5-haziran-mesaji-dogaya-saygi-gelecege-emanet\/"]}]},{"@type":"BreadcrumbList","@id":"https:\/\/denizcankizil.tr\/ru\/haberler\/gundem\/cumhurbaskani-erdogandan-5-haziran-mesaji-dogaya-saygi-gelecege-emanet\/#breadcrumb","itemListElement":[{"@type":"ListItem","position":1,"name":"Home","item":"https:\/\/denizcankizil.tr\/de\/"},{"@type":"ListItem","position":2,"name":"Cumhurba\u015fkan\u0131 Erdo\u011fan&#8217;dan 5 Haziran mesaj\u0131&#8230; Do\u011faya sayg\u0131, gelece\u011fe emanet"}]},{"@type":"WebSite","@id":"https:\/\/denizcankizil.tr\/#website","url":"https:\/\/denizcankizil.tr\/","name":"Av. Deniz Can K\u0131z\u0131l","description":"Avukat Deniz Can K\u0131z\u0131l Antalya Barosu","publisher":{"@id":"https:\/\/denizcankizil.tr\/#organization"},"potentialAction":[{"@type":"SearchAction","target":{"@type":"EntryPoint","urlTemplate":"https:\/\/denizcankizil.tr\/?s={search_term_string}"},"query-input":{"@type":"PropertyValueSpecification","valueRequired":true,"valueName":"search_term_string"}}],"inLanguage":"ru-RU"},{"@type":"Organization","@id":"https:\/\/denizcankizil.tr\/#organization","name":"Av. Deniz Can K\u0131z\u0131l","url":"https:\/\/denizcankizil.tr\/","logo":{"@type":"ImageObject","inLanguage":"ru-RU","@id":"https:\/\/denizcankizil.tr\/#\/schema\/logo\/image\/","url":"https:\/\/denizcankizil.tr\/wp-content\/uploads\/2024\/10\/siyah-logo-svg.svg","contentUrl":"https:\/\/denizcankizil.tr\/wp-content\/uploads\/2024\/10\/siyah-logo-svg.svg","width":1080,"height":1080,"caption":"Av. Deniz Can K\u0131z\u0131l"},"image":{"@id":"https:\/\/denizcankizil.tr\/#\/schema\/logo\/image\/"}},{"@type":"Person","@id":"https:\/\/denizcankizil.tr\/#\/schema\/person\/be3c05fe6a12686905512445d8185489","name":"\u0430\u0434\u043c\u0438\u043d","image":{"@type":"ImageObject","inLanguage":"ru-RU","@id":"https:\/\/denizcankizil.tr\/#\/schema\/person\/image\/","url":"https:\/\/secure.gravatar.com\/avatar\/c1fce94c830dc79107e174f890d7210541c4a63e8e5d816341794a2151c9d58c?s=96&d=mm&r=g","contentUrl":"https:\/\/secure.gravatar.com\/avatar\/c1fce94c830dc79107e174f890d7210541c4a63e8e5d816341794a2151c9d58c?s=96&d=mm&r=g","caption":"admin"},"sameAs":["http:\/\/denizcankizil.tr"],"url":"https:\/\/www.iskenderun.org\/cumhurbaskani-erdogandan-5-haziran-mesaji-dogaya-saygi-gelecege-emanet"}]}},"_links":{"self":[{"href":"https:\/\/denizcankizil.tr\/ru\/wp-json\/wp\/v2\/posts\/107287","targetHints":{"allow":["GET"]}}],"collection":[{"href":"https:\/\/denizcankizil.tr\/ru\/wp-json\/wp\/v2\/posts"}],"about":[{"href":"https:\/\/denizcankizil.tr\/ru\/wp-json\/wp\/v2\/types\/post"}],"author":[{"embeddable":true,"href":"https:\/\/denizcankizil.tr\/ru\/wp-json\/wp\/v2\/users\/1"}],"replies":[{"embeddable":true,"href":"https:\/\/denizcankizil.tr\/ru\/wp-json\/wp\/v2\/comments?post=107287"}],"version-history":[{"count":0,"href":"https:\/\/denizcankizil.tr\/ru\/wp-json\/wp\/v2\/posts\/107287\/revisions"}],"wp:attachment":[{"href":"https:\/\/denizcankizil.tr\/ru\/wp-json\/wp\/v2\/media?parent=107287"}],"wp:term":[{"taxonomy":"category","embeddable":true,"href":"https:\/\/denizcankizil.tr\/ru\/wp-json\/wp\/v2\/categories?post=107287"},{"taxonomy":"post_tag","embeddable":true,"href":"https:\/\/denizcankizil.tr\/ru\/wp-json\/wp\/v2\/tags?post=107287"}],"curies":[{"name":"wp","href":"https:\/\/api.w.org\/{rel}","templated":true}]}}