{"id":10697,"date":"2024-10-31T14:43:18","date_gmt":"2024-10-31T11:43:18","guid":{"rendered":"https:\/\/denizcankizil.tr\/uncategorized-tr\/aym-2021-34078-karari-anayasa-mahkemesi-incelemesi\/"},"modified":"2024-10-31T14:43:18","modified_gmt":"2024-10-31T11:43:18","slug":"aym-2021-34078-karari-anayasa-mahkemesi-incelemesi","status":"publish","type":"post","link":"https:\/\/denizcankizil.tr\/ru\/seo\/aym-2021-34078-karari-anayasa-mahkemesi-incelemesi\/","title":{"rendered":"AYM 2021\/34078 Karar\u0131: Anayasa Mahkemesi \u0130ncelemesi"},"content":{"rendered":"<p> <strong>AYM 2021\/34078 Karar\u0131: Anayasa Mahkemesi \u0130ncelemesi<\/strong><\/p>\n<p>Anayasa Mahkemesi, T\u00fcrkiye\u2019de hukukun \u200b\u00fcst\u00fcnl\u00fc\u011f\u00fcn\u00fc\u2064 ve bireysel haklar\u0131 koruma ama\u00e7l\u0131\u200c \u00f6nemli bir rol \u00fcstlenmektedir. Bu ba\u011flamda, 2021 \u2063y\u0131l\u0131nda verilen\u2063 AYM 2021\/34078 say\u0131l\u0131 karar, hukuki nitelikleri \u200bve toplumsal etkileri bak\u0131m\u0131ndan dikkat \u00e7ekici \u2064bir \u00f6neme sahiptir. S\u00f6z konusu \u200dkarar, mahkemenin bireylerin temel hak ve \u00f6zg\u00fcrl\u00fcklerine y\u00f6nelik ba\u015fvurular\u0131n\u0131 \u200bde\u011ferlendirme bi\u00e7imini ve\u200d anayasal denetim i\u015flevini ortaya koymas\u0131 a\u00e7\u0131s\u0131ndan \u00f6nem arz etmektedir. Bu makalede,  AY\u0130M 2021\/34078 karar\u0131 detayl\u0131 bir \u015fekilde incelenecek; karar\u0131n hukuki\u2062 dayanaklar\u0131, i\u00e7tihat geli\u015fimi \u200dve sonu\u00e7lar\u0131 \u00fczerinde kapsaml\u0131 bir de\u011ferlendirme \u200dyap\u0131lacakt\u0131r. B\u00f6ylece, Anayasa Mahkemesi\u2019nin i\u015flevselli\u011fi ve bireysel ba\u015fvurular konusundaki katk\u0131lar\u0131 \u2064daha iyi\u2064 anla\u015f\u0131labilecektir.<br \/><img decoding=\"async\" class=\"kimage_class lazyload\" data-src=\"https:\/\/denizcankizil.tr\/wp-content\/uploads\/2024\/10\/ounsel-scaled.jpg\" alt=\"AYM 2021\/34078 Karar\u0131 ve Anayasa \u2063Mahkemesinin Temel \u0130lkeleri \u00dczerindeki Etkisi\" src=\"data:image\/svg+xml;base64,PHN2ZyB3aWR0aD0iMSIgaGVpZ2h0PSIxIiB4bWxucz0iaHR0cDovL3d3dy53My5vcmcvMjAwMC9zdmciPjwvc3ZnPg==\"><\/p>\n<h2 id=\"aym-2021-34078-karari-ve-anayasa-mahkemesinin-temel-ilkeleri-uzerindeki-etkisi\">AYM\u200d 2021\/34078 \u200bKarar\u0131 ve Anayasa Mahkemesinin Temel \u0130lkeleri\u2063 \u00dczerindeki Etkisi<\/h2>\n<section>\n<p>AYM 2021\/34078 karar\u0131, Anayasa Mahkemesi&#8217;nin temel ilkeleri \u00fczerindeki etkisini derinlemesine incelemek a\u00e7\u0131s\u0131ndan olduk\u00e7a \u00f6nemli bir \u200c\u00f6rnektir. Bu karar,\u200d bireysel \u200dba\u015fvurular\u0131n\u2062 de\u011ferlendirilmesinde uygulanan\u2063 kriterlerin netle\u015fmesine ve mahkemenin ba\u011f\u0131ms\u0131zl\u0131k ve\u2062 tarafs\u0131zl\u0131k ilkesine olan ba\u011fl\u0131l\u0131\u011f\u0131n\u0131n peki\u015fmesine yard\u0131mc\u0131 olmu\u015ftur. Anayasa \u2063Mahkemesi\u2019nin, hukukun \u00fcst\u00fcnl\u00fc\u011f\u00fcn\u00fc koruma konusundaki kararl\u0131l\u0131\u011f\u0131n\u0131n, toplumsal ve hukuki \u2063d\u00fczen \u00fczerindeki yans\u0131malar\u0131 da dikkate de\u011ferdir.<\/p>\n<p>Kararda \u00f6ne \u00e7\u0131kan ba\u015fl\u0131ca <strong>ilkeler<\/strong> \u015funlard\u0131r:<\/p>\n<ul>\n<li><strong>Bireysel Haklar\u0131n Korunmas\u0131:<\/strong> Anayasa Mahkemesi, vatanda\u015flar\u0131n temel haklar\u0131n\u0131\u2062 koruma g\u00f6revini \u2062bir kez daha vurgulam\u0131\u015ft\u0131r.<\/li>\n<li><strong>Hukukun \u2064\u00dcst\u00fcnl\u00fc\u011f\u00fc:<\/strong> Mahkeme, yasalar\u0131n herkese \u2062e\u015fit \u015fekilde uygulanmas\u0131 gerekti\u011fini belirterek, <a href=\"https:\/\/denizcankizil.tr\/ru\/seo\/ceza-avukati-hangi-davalara-bakar-antalyadaki-adliyeler-ve-ceza-mahkemeleri-listesi\/\" title=\"Ceza Avukat\u0131 Hangi Davalara Bakar? Antalya&#039;daki adliyeler ve ceza mahkemeleri listesi\">adaletin sa\u011flanmas\u0131<\/a>nda\u2064 pozitif bir rol \u00fcstlenmi\u015ftir.<\/li>\n<li><strong>Mahkeme Ba\u011f\u0131ms\u0131zl\u0131\u011f\u0131:<\/strong> Karar, mahkemenin ba\u011f\u0131ms\u0131zl\u0131\u011f\u0131n\u0131n siyasetten uzak durarak, adil \u200dbir yarg\u0131 s\u00fcreci sa\u011flamas\u0131 gerekti\u011fi mesaj\u0131n\u0131 i\u00e7ermektedir.<\/li>\n<\/ul>\n<p>Son olarak, AYM\u200d 2021\/34078 karar\u0131n\u0131n, \u2064Anayasa Mahkemesi\u2019nin i\u015fleyi\u015finde ve uygulamalar\u0131ndaki\u200c etkisi \u200b\u00fczerine yap\u0131lan de\u011ferlendirmeler, \u2062gelecekte benzer durumlarda nas\u0131l bir yol izlenece\u011fi konusunda yol g\u00f6sterici olacakt\u0131r. Bu karar, ayr\u0131ca <strong>toplumsal duyarl\u0131l\u0131\u011f\u0131n<\/strong> artt\u0131\u011f\u0131 \u200bg\u00fcn\u00fcm\u00fczde, Anayasa Mahkemesi&#8217;ne olan\u200b g\u00fcveni peki\u015ftirecek bir \u2064ad\u0131m \u200bolarak kaydedilmi\u015ftir. Hukukun \u00fcst\u00fcnl\u00fc\u011f\u00fc ve demokratik \u2062de\u011ferlerin korunmas\u0131 \u200ba\u00e7\u0131s\u0131ndan, bu\u2063 t\u00fcr kararlar\u0131n\u200b s\u00fcreklili\u011fi ve \u00f6nemi g\u00f6z \u200dard\u0131 edilmemelidir.<\/p>\n<\/section>\n<p><img decoding=\"async\" class=\"kimage_class lazyload\" data-src=\"https:\/\/denizcankizil.tr\/wp-content\/uploads\/2024\/10\/x504-1.jpg\" alt=\"Karar\u0131n Anayasa Hukuku Ba\u011flam\u0131nda \u2062De\u011ferlendirilmesi ve\u2062 Yerle\u015fik \u200dYarg\u0131 \u0130lkeleri ile \u0130li\u015fkisi\" src=\"data:image\/svg+xml;base64,PHN2ZyB3aWR0aD0iMSIgaGVpZ2h0PSIxIiB4bWxucz0iaHR0cDovL3d3dy53My5vcmcvMjAwMC9zdmciPjwvc3ZnPg==\"><\/p>\n<h2 id=\"kararin-anayasa-hukuku-baglaminda-degerlendirilmesi-ve-yerlesik-yargi-ilkeleri-ile-iliskisi\">Karar\u0131n Anayasa \u200dHukuku Ba\u011flam\u0131nda De\u011ferlendirilmesi ve Yerle\u015fik\u200d Yarg\u0131 \u0130lkeleri ile \u0130li\u015fkisi<\/h2>\n<section>\n<p>AYM 2021\/34078 karar\u0131, Anayasa\u200b Mahkemesi\u2019nin hukuk devleti, temel hak ve \u2063\u00f6zg\u00fcrl\u00fckler ile adil yarg\u0131lanma hakk\u0131 konusundaki \u2062yerle\u015fik\u200c yarg\u0131 ilkeleri \u00e7er\u00e7evesinde \u00f6nemli bir de\u011ferlendirme sunmaktad\u0131r. Mahkeme, davan\u0131n\u200c ba\u011flam\u0131na g\u00f6re s\u00f6z\u200b konusu hukuki uygulamalar\u0131n, Anayasa\u2019n\u0131n 36. \u2063maddesinde g\u00fcvence alt\u0131na al\u0131nan adil yarg\u0131lanma hakk\u0131na ayk\u0131r\u0131 olup olmad\u0131\u011f\u0131n\u0131 incelemi\u015ftir. Bu s\u00fcre\u00e7te, <strong>adaletin sa\u011flanmas\u0131<\/strong>, \u200b <strong>hukukun \u00fcst\u00fcnl\u00fc\u011f\u00fc<\/strong> \u0432\u0435 <strong>bireyleri koruma amac\u0131<\/strong> ile hareket \u2063edilmi\u015ftir.<\/p>\n<p>Kararda, yarg\u0131 s\u00fcre\u00e7lerinin zaman\u0131nda ve tarafs\u0131z bir \u015fekilde y\u00fcr\u00fct\u00fclmesinin gereklili\u011fi vurgulanm\u0131\u015f, ayr\u0131ca yarg\u0131sal mekanizmalar\u0131n etkinli\u011finin sa\u011flanmas\u0131 gerekti\u011fi\u200d ifade edilmi\u015ftir.\u200b Yerle\u015fik yarg\u0131 ilkeleri \u00e7er\u00e7evesinde, yarg\u0131 organlar\u0131n\u0131n ba\u011f\u0131ms\u0131zl\u0131\u011f\u0131\u200d ve tarafs\u0131zl\u0131\u011f\u0131 temel bir\u200b ilke olarak\u200d ortaya konmu\u015f, bu ilke ihlal\u2062 edildi\u011finde\u2064 ne\u2063 gibi sonu\u00e7lar\u0131n do\u011fabilece\u011fi hakk\u0131nda \u00f6nemli\u2063 tespitlerde bulunulmu\u015ftur. Bu \u200dba\u011flamda, <strong>ba\u015fvurucu haklar\u0131n\u0131n ihlali<\/strong> \u0432\u0435 <strong>dava s\u00fcrecinin\u200c gecikmesi<\/strong> \u200c gibi durumlar\u0131n,\u200b Anayasa ile \u00e7eli\u015fti\u011fi\u2063 belirtilmi\u015ftir.<\/p>\n<p>Bu\u200b karar, <strong>Anayasa Mahkemesi\u2019nin denetim yetkisi<\/strong> kapsam\u0131nda, yasalar\u0131n\u2062 herkes \u200di\u00e7in e\u015fit \u015fekilde uygulanmas\u0131 gerekti\u011fini bir kez daha g\u00f6zler \u00f6n\u00fcne sermektedir. Bunun yan\u0131 s\u0131ra, mahkemenin \u00f6ncelikli hedefinin, bireylerin \u200chaklar\u0131n\u0131 koruma ve hukuksal k\u0131ymetlerini savunma anlay\u0131\u015f\u0131 oldu\u011fu anla\u015f\u0131lmaktad\u0131r. Sonu\u00e7 \u2063olarak, \u2062AYM 2021\/34078 karar\u0131, anayasa hukuku a\u00e7\u0131s\u0131ndan \u00f6nemli bir \u00f6rnek te\u015fkil ederken, yerle\u015fik yarg\u0131 ilkeleri ile olan ili\u015fkisi, hukuk sistemi i\u00e7erisinde \u2062nas\u0131l bir denetim mekanizmas\u0131 olu\u015fturdu\u011funu \u2063g\u00f6stermektedir.<\/p>\n<\/section>\n<p><img decoding=\"async\" class=\"kimage_class lazyload\" data-src=\"https:\/\/denizcankizil.tr\/wp-content\/uploads\/2024\/10\/puo6A-253D.jpg\" alt=\"Karar\u0131n Uygulanabilirli\u011fi \u200cve\u200d Pratikte Yaratt\u0131\u011f\u0131\u2063 Etkiler \u00dczerine\u200b \u00d6neriler\" src=\"data:image\/svg+xml;base64,PHN2ZyB3aWR0aD0iMSIgaGVpZ2h0PSIxIiB4bWxucz0iaHR0cDovL3d3dy53My5vcmcvMjAwMC9zdmciPjwvc3ZnPg==\"><\/p>\n<h2 id=\"kararin-uygulanabilirligi-ve-pratikte-yarattigi-etkiler-uzerine-oneriler\">Karar\u0131n Uygulanabilirli\u011fi ve Pratikte Yaratt\u0131\u011f\u0131 Etkiler \u00dczerine \u200c\u00d6neriler<\/h2>\n<div class=\"post-section\">\n<p>AYM 2021\/34078 karar\u0131n\u0131n uygulanabilirli\u011fi, s\u00f6z konusu karar\u0131n hukuki ve toplumsal etkileri a\u00e7\u0131s\u0131ndan\u2063 olduk\u00e7a \u00f6nemlidir. \u00d6zellikle, karar\u0131n belirli bir alanda olu\u015fturdu\u011fu etkilerin yerel y\u00f6netimler ve mahkemeler taraf\u0131ndan nas\u0131l hayata ge\u00e7irilece\u011fi hususunda net bir yol haritas\u0131 belirlenmesi gerekmektedir. Bu ba\u011flamda, a\u015fa\u011f\u0131daki \u00f6nerilerin dikkate \u2062al\u0131nmas\u0131 \u00f6nem ta\u015f\u0131maktad\u0131r:<\/p>\n<ul>\n<li><strong>Hukuki E\u011fitim\u200d ve Bilin\u00e7lendirme:<\/strong> Karar\u0131n i\u00e7erdi\u011fi hukuki meselelerin\u2064 ve toplumsal sonu\u00e7lar\u0131n\u2063 anla\u015f\u0131labilmesi i\u00e7in, yarg\u0131 mensuplar\u0131na y\u00f6nelik e\u011fitim programlar\u0131 d\u00fczenlenmelidir.<\/li>\n<li><strong>Yasalar\u0131n G\u00fcncellenmesi:<\/strong> Karar\u0131n \u0131\u015f\u0131\u011f\u0131nda mevcut yasal d\u00fczenlemelerin g\u00f6zden ge\u00e7irilmesi\u2062 ve gerekiyorsa yeniden yap\u0131land\u0131r\u0131lmas\u0131 \u2064sa\u011flanmal\u0131d\u0131r.<\/li>\n<li><strong>Yerli \u200bY\u00f6netimlerin Rol\u00fc:<\/strong> Yerel y\u00f6netimlerin, karar\u0131n uygulanmas\u0131nda aktif rol almas\u0131 ve s\u00fcrece dahil edilmesi gerekmektedir.<\/li>\n<\/ul>\n<p>Pratikte yarat\u0131lan etkilerin\u200d daha iyi\u200b anla\u015f\u0131labilmesi \u200di\u00e7in, karar\u0131n uygulama s\u00fcre\u00e7leri \u00fczerine ara\u015ft\u0131rmalar\u2064 yap\u0131lmal\u0131 \u2064ve\u2064 bu konuda d\u00fczenli raporlamalar ger\u00e7ekle\u015ftirilmelidir. Bu t\u00fcr bilimsel\u2063 \u00e7al\u0131\u015fmalar, karar\u0131n toplum \u00fczerindeki etkilerini g\u00f6zlemleyerek, yo\u011funla\u015f\u0131lacak stratejilerin belirlenmesine yard\u0131mc\u0131 olacakt\u0131r. A\u015fa\u011f\u0131daki tablo, \u00f6nerilen \u200dara\u015ft\u0131rma alanlar\u0131n\u0131 g\u00f6stermektedir:<\/p>\n<table class=\"wp-block-table\">\n<thead>\n<tr>\n<th>Ara\u015ft\u0131rma Alan\u0131<\/th>\n<th>\u00d6nerilen Y\u00f6ntem<\/th>\n<\/tr>\n<\/thead>\n<tbody>\n<tr>\n<td>Toplumsal Alg\u0131<\/td>\n<td>Anket ve G\u00f6r\u00fc\u015fmeler<\/td>\n<\/tr>\n<tr>\n<td>Hukuki Uygulama<\/td>\n<td>Vaka Analizleri<\/td>\n<\/tr>\n<tr>\n<td>Yerel Y\u00f6netimler<\/td>\n<td>Uygulama ve \u0130zleme<\/td>\n<\/tr>\n<\/tbody>\n<\/table>\n<p>Son olarak, karar\u0131n toplumda yarataca\u011f\u0131 uzun vadeli de\u011fi\u015fimlerin \u2064izlenmesi\u2062 ve gerekti\u011finde m\u00fcdahale edilebilmesi i\u00e7in bir izleme mekanizmas\u0131n\u0131n kurulmas\u0131 \u00f6nemlidir. Bu mekanizma, karar\u0131n etkinli\u011fini art\u0131racak\u2062 ve toplumsal d\u00f6n\u00fc\u015f\u00fcmlere h\u0131zl\u0131 bir\u2064 \u015fekilde yan\u0131t verme\u200d imkan\u0131 sunacakt\u0131r. T\u00fcm bu \u00f6nerilerin \u200cuygulanmas\u0131, Anayasa\u2062 Mahkemesi&#8217;nin kararlar\u0131n\u0131n daha etkin\u200c bir \u015fekilde hayata ge\u00e7irilmesine katk\u0131da bulunacakt\u0131r.<\/p>\n<\/div>\n<p><img decoding=\"async\" class=\"kimage_class lazyload\" data-src=\"https:\/\/denizcankizil.tr\/wp-content\/uploads\/2024\/10\/fNqXg-253D.jpg\" alt=\"Gelecekteki Anayasa Mahkemesi Kararlar\u0131\u200d \u0130\u00e7in \u00c7\u0131kar\u0131mlar ve Stratejik Yakla\u015f\u0131mlar\" src=\"data:image\/svg+xml;base64,PHN2ZyB3aWR0aD0iMSIgaGVpZ2h0PSIxIiB4bWxucz0iaHR0cDovL3d3dy53My5vcmcvMjAwMC9zdmciPjwvc3ZnPg==\"><\/p>\n<h2 id=\"gelecekteki-anayasa-mahkemesi-kararlari-icin-cikarimlar-ve-stratejik-yaklasimlar\">Gelecekteki Anayasa Mahkemesi \u2064Kararlar\u0131\u200d \u0130\u00e7in \u00c7\u0131kar\u0131mlar ve Stratejik\u2064 Yakla\u015f\u0131mlar<\/h2>\n<section class=\"post-section\">\n<p>2021\/34078 say\u0131l\u0131\u2063 AYM karar\u0131, Anayasa Mahkemesi&#8217;nin gelecekteki \u2064kararlar\u0131n\u0131 \u015fekillendirecek \u00f6nemli\u2064 unsurlardan birini olu\u015fturuyor. Bu karar, bireysel ba\u015fvurular\u0131n kabul\u00fcne y\u00f6nelik kriterlerin yan\u0131 s\u0131ra, mahkemenin yorum\u2063 y\u00f6ntemleri \u200b\u00fczerinde de etkili olabilecek doneler sunmaktad\u0131r. Anayasa\u200b Mahkemesi&#8217;nin kararlar\u0131n\u0131n gelecekte nas\u0131l bir \u00e7er\u00e7evede de\u011ferlendirilece\u011fi\u2064 konusunda baz\u0131 \u00e7\u0131kar\u0131mlar yapmak m\u00fcmk\u00fcnd\u00fcr:<\/p>\n<ul>\n<li><strong>\u00d6zg\u00fcrl\u00fcklerin Geni\u015flemesi:<\/strong> Mahkeme, bireysel \u00f6zg\u00fcrl\u00fckler \u200dkonusunda\u200b daha geni\u015f bir yorum \u2062yaparak haklar\u0131n korunmas\u0131na dair yenilik\u00e7i bir yakla\u015f\u0131m benimseyebilir.<\/li>\n<li><strong>Yarg\u0131 Yetkisi ve \u200dS\u0131n\u0131rlar\u0131:<\/strong> Karar, y\u00fcr\u00fctme organ\u0131n\u0131n yetki a\u015f\u0131m\u0131n\u0131 kontrol etme konusundaki yetkinli\u011fini peki\u015ftirebilir.<\/li>\n<li><strong>Demokratik \u2062Denetim:<\/strong> Anayasa\u200d Mahkemesi, demokratik de\u011ferlere daha fazla vurgu yapabilir \u2064ve\u200c <a href=\"https:\/\/denizcankizil.tr\/ru\/hukukihaber\/sakarya-barosunun-yeni-baskani-avukat-musa-adiyaman-oldu\/\" title=\"Sakarya Barosu&#039;nun yeni Ba\u015fkan\u0131 avukat Musa Ad\u0131yaman oldu\">bu ba\u011flamda<\/a> toplumsal denetimi art\u0131racak \u2063kararlar alabilir.<\/li>\n<\/ul>\n<p>Anayasa Mahkemesi&#8217;nin gelecekteki kararlar\u0131nda stratejik yakla\u015f\u0131mlar \u200dgeli\u015ftirilirken, toplumsal dinamiklerin g\u00f6z \u00f6n\u00fcnde bulundurulmas\u0131 b\u00fcy\u00fck \u00f6nem ta\u015f\u0131maktad\u0131r. \u2063Bu ba\u011flamda, hukukun evrensel ilkeleri ile ulusal de\u011ferler aras\u0131nda denge sa\u011flanmas\u0131 gerekmektedir. A\u015fa\u011f\u0131daki tablo, g\u00f6z \u00f6n\u00fcnde bulundurulmas\u0131 gereken baz\u0131 stratejik yakla\u015f\u0131mlar\u0131\u2062 \u00f6zetlemektedir:<\/p>\n<table class=\"wp-block-table\">\n<thead>\n<tr>\n<th>Stratejik Yakla\u015f\u0131mlar<\/th>\n<th>\u041e\u0431\u044a\u044f\u0441\u043d\u0435\u043d\u0438\u0435<\/th>\n<\/tr>\n<\/thead>\n<tbody>\n<tr>\n<td><strong>Hukukun \u00dcst\u00fcnl\u00fc\u011f\u00fc<\/strong><\/td>\n<td>D\u00fczenli \u200dve tutarl\u0131 yasalar arac\u0131l\u0131\u011f\u0131yla \u200cbirey \u2064haklar\u0131n\u0131n \u200ckorunmas\u0131.<\/td>\n<\/tr>\n<tr>\n<td><strong>Toplumsal Kat\u0131l\u0131m<\/strong><\/td>\n<td>Toplumun \u200b\u00e7e\u015fitli kesimlerinin g\u00f6r\u00fc\u015f ve ihtiya\u00e7lar\u0131n\u0131n dikkate al\u0131nmas\u0131.<\/td>\n<\/tr>\n<tr>\n<td><strong>\u015eeffafl\u0131k ve Hesap Verebilirlik<\/strong><\/td>\n<td>Mahkeme s\u00fcre\u00e7lerinin\u2062 ve kararlar\u0131n\u0131n\u200d toplumla payla\u015f\u0131lmas\u0131.<\/td>\n<\/tr>\n<\/tbody>\n<\/table>\n<p>Sonu\u00e7 olarak,\u200c AYM 2021\/34078 karar\u0131, gelecekteki <a href=\"https:\/\/denizcankizil.tr\/ru\/hukukihaber\/milletvekilliginin-dusurulmesine-iliskin-islemin-iptali-talebi-hakkinda-karar-verilmesine-yer-olmadigi\/\" title=\"Milletvekilli\u011finin D\u00fc\u015f\u00fcr\u00fclmesine \u0130li\u015fkin \u0130\u015flemin \u0130ptali Talebi Hakk\u0131nda Karar Verilmesine Yer Olmad\u0131\u011f\u0131\">anayasa mahkemesi<\/a> kararlar\u0131 \u200bi\u00e7in bir referans noktas\u0131 olu\u015ftururken,\u2062 stratejik yakla\u015f\u0131mlar\u0131n\u200c geli\u015fimi \u200da\u00e7\u0131s\u0131ndan da \u200ckritik bir \u00f6neme \u2063sahiptir. Bu karar, yarg\u0131 organlar\u0131n\u0131n i\u015fleyi\u015fini ve bunlar\u0131n toplumsal etkilerini \u015fekillendiren\u200d unsurlar\u0131n ba\u015f\u0131nda gelmektedir. \u200dAnayasaya\u200c dayal\u0131 \u2063bir hukuk sisteminin\u2064 g\u00fc\u00e7lenmesi i\u00e7in\u2063 bu t\u00fcr kararlar\u0131n dikkatle de\u011ferlendirilmesi ve izlenmesi\u200b gerekmektedir.<\/p>\n<\/section>\n<p>Sonu\u00e7\u200c olarak,\u2063 AYM 2021\/34078 Karar\u0131, Anayasa Mahkemesi&#8217;nin \u200cbireysel ba\u015fvuru mekanizmas\u0131 \u00e7er\u00e7evesinde, bireylerin haklar\u0131n\u0131n korunmas\u0131 ve anayasal g\u00fcvence alt\u0131na al\u0131nmas\u0131n\u0131n sa\u011flanmas\u0131 a\u00e7\u0131s\u0131ndan \u00f6nemli\u200b bir i\u00e7tihat niteli\u011findedir. \u200dBu \u2062karar, <a href=\"https:\/\/denizcankizil.tr\/ru\/hukukihaber\/baro-baskani-adiyaman-ile-yonetim-kurulu-uyeleri-mazbatalarini-aldi\/\" title=\"Baro Ba\u015fkan\u0131 Ad\u0131yaman ile Y\u00f6netim Kurulu \u00dcyeleri mazbatalar\u0131n\u0131 ald\u0131\">ayn\u0131 zamanda<\/a>, T\u00fcrk hukuk sisteminin evrimine \u200ckatk\u0131da bulunarak, hukukun \u00fcst\u00fcnl\u00fc\u011f\u00fc \u200dve temel hak \u200bve \u00f6zg\u00fcrl\u00fcklerin \u200dgeli\u015ftirilmesi i\u00e7in\u2063 bir referans\u200d noktas\u0131 te\u015fkil etmektedir. Anayasa Mahkemesi&#8217;nin, vazge\u00e7ilmez bir \u200bdenetim mekanizmas\u0131 olarak, anayasan\u0131n temel ilkelerini ve insan haklar\u0131n\u0131 g\u00f6zetmesi, hukuk devletinin in\u015fas\u0131 i\u00e7in hayati \u00f6neme sahiptir. \u2062Bu ba\u011flamda, s\u00f6z konusu\u2062 karar\u0131n, gelecekteki\u2063 yarg\u0131 s\u00fcre\u00e7leri \u2062ve bireysel haklar \u00fczerindeki etkilerini de\u011ferlendirmek, hukuk \u200dcamias\u0131 i\u00e7in \u00f6nemli\u2062 bir g\u00f6rev olarak kar\u015f\u0131m\u0131zda durmaktad\u0131r. Bu t\u00fcr kararlar\u0131n analizi, hukukun geli\u015fimi ve toplumda hukuka olan g\u00fcvenin peki\u015fmesi bak\u0131m\u0131ndan kritik bir rol oynamaktad\u0131r. <\/p>","protected":false},"excerpt":{"rendered":"<p>AYM 2021\/34078 Karar\u0131, Anayasa Mahkemesi&#8217;nin bireysel ba\u015fvurular \u00e7er\u00e7evesinde insan haklar\u0131 ve hukukun \u00fcst\u00fcnl\u00fc\u011f\u00fc ilkesine dair \u00f6nemli bir inceleme sunmaktad\u0131r. Mahkeme, anayasal haklar\u0131n korunmas\u0131 noktas\u0131nda, devletin y\u00fck\u00fcml\u00fcl\u00fcklerini yeniden de\u011ferlendirmi\u015ftir.<\/p>","protected":false},"author":1,"featured_media":10698,"comment_status":"open","ping_status":"open","sticky":false,"template":"","format":"standard","meta":{"_acf_changed":false,"footnotes":""},"categories":[28],"tags":[],"class_list":["post-10697","post","type-post","status-publish","format-standard","has-post-thumbnail","hentry","category-seo"],"acf":[],"yoast_head":"<!-- This site is optimized with the Yoast SEO Premium plugin v26.6 (Yoast SEO v27.1.1) - https:\/\/yoast.com\/product\/yoast-seo-premium-wordpress\/ -->\n<title>AYM 2021\/34078 Karar\u0131: Anayasa Mahkemesi \u0130ncelemesi - Av. Deniz Can K\u0131z\u0131l<\/title>\n<meta name=\"robots\" content=\"index, follow, max-snippet:-1, max-image-preview:large, max-video-preview:-1\" \/>\n<link rel=\"canonical\" href=\"https:\/\/denizcankizil.tr\/ru\/seo\/aym-2021-34078-karari-anayasa-mahkemesi-incelemesi\/\" \/>\n<meta property=\"og:locale\" content=\"ru_RU\" \/>\n<meta property=\"og:type\" content=\"article\" \/>\n<meta property=\"og:title\" content=\"AYM 2021\/34078 Karar\u0131: Anayasa Mahkemesi \u0130ncelemesi\" \/>\n<meta property=\"og:description\" content=\"AYM 2021\/34078 Karar\u0131, Anayasa Mahkemesi&#039;nin bireysel ba\u015fvurular \u00e7er\u00e7evesinde insan haklar\u0131 ve hukukun \u00fcst\u00fcnl\u00fc\u011f\u00fc ilkesine dair \u00f6nemli bir inceleme sunmaktad\u0131r. Mahkeme, anayasal haklar\u0131n korunmas\u0131 noktas\u0131nda, devletin y\u00fck\u00fcml\u00fcl\u00fcklerini yeniden de\u011ferlendirmi\u015ftir.\" \/>\n<meta property=\"og:url\" content=\"https:\/\/denizcankizil.tr\/ru\/seo\/aym-2021-34078-karari-anayasa-mahkemesi-incelemesi\/\" \/>\n<meta property=\"og:site_name\" content=\"Av. Deniz Can K\u0131z\u0131l\" \/>\n<meta property=\"article:published_time\" content=\"2024-10-31T11:43:18+00:00\" \/>\n<meta property=\"og:image\" content=\"https:\/\/denizcankizil.tr\/wp-content\/uploads\/2024\/10\/10697-aym-2021-34078-karari-anayasa-mahkemesi-incelemesi.jpg\" \/>\n\t<meta property=\"og:image:width\" content=\"800\" \/>\n\t<meta property=\"og:image:height\" content=\"800\" \/>\n\t<meta property=\"og:image:type\" content=\"image\/jpeg\" \/>\n<meta name=\"author\" content=\"admin\" \/>\n<meta name=\"twitter:card\" content=\"summary_large_image\" \/>\n<meta name=\"twitter:label1\" content=\"\u041d\u0430\u043f\u0438\u0441\u0430\u043d\u043e \u0430\u0432\u0442\u043e\u0440\u043e\u043c\" \/>\n\t<meta name=\"twitter:data1\" content=\"admin\" \/>\n\t<meta name=\"twitter:label2\" content=\"\u041f\u0440\u0438\u043c\u0435\u0440\u043d\u043e\u0435 \u0432\u0440\u0435\u043c\u044f \u0434\u043b\u044f \u0447\u0442\u0435\u043d\u0438\u044f\" \/>\n\t<meta name=\"twitter:data2\" content=\"7 \u043c\u0438\u043d\u0443\u0442\" \/>\n<script type=\"application\/ld+json\" class=\"yoast-schema-graph\">{\"@context\":\"https:\/\/schema.org\",\"@graph\":[{\"@type\":\"Article\",\"@id\":\"https:\/\/denizcankizil.tr\/ru\/seo\/aym-2021-34078-karari-anayasa-mahkemesi-incelemesi\/#article\",\"isPartOf\":{\"@id\":\"https:\/\/denizcankizil.tr\/ru\/seo\/aym-2021-34078-karari-anayasa-mahkemesi-incelemesi\/\"},\"author\":{\"name\":\"admin\",\"@id\":\"https:\/\/denizcankizil.tr\/#\/schema\/person\/be3c05fe6a12686905512445d8185489\"},\"headline\":\"AYM 2021\/34078 Karar\u0131: Anayasa Mahkemesi \u0130ncelemesi\",\"datePublished\":\"2024-10-31T11:43:18+00:00\",\"mainEntityOfPage\":{\"@id\":\"https:\/\/denizcankizil.tr\/ru\/seo\/aym-2021-34078-karari-anayasa-mahkemesi-incelemesi\/\"},\"wordCount\":1478,\"commentCount\":0,\"publisher\":{\"@id\":\"https:\/\/denizcankizil.tr\/#organization\"},\"image\":{\"@id\":\"https:\/\/denizcankizil.tr\/ru\/seo\/aym-2021-34078-karari-anayasa-mahkemesi-incelemesi\/#primaryimage\"},\"thumbnailUrl\":\"https:\/\/denizcankizil.tr\/wp-content\/uploads\/2024\/10\/10697-aym-2021-34078-karari-anayasa-mahkemesi-incelemesi.jpg\",\"articleSection\":[\"Seo\"],\"inLanguage\":\"ru-RU\",\"potentialAction\":[{\"@type\":\"CommentAction\",\"name\":\"Comment\",\"target\":[\"https:\/\/denizcankizil.tr\/ru\/seo\/aym-2021-34078-karari-anayasa-mahkemesi-incelemesi\/#respond\"]}]},{\"@type\":\"WebPage\",\"@id\":\"https:\/\/denizcankizil.tr\/ru\/seo\/aym-2021-34078-karari-anayasa-mahkemesi-incelemesi\/\",\"url\":\"https:\/\/denizcankizil.tr\/ru\/seo\/aym-2021-34078-karari-anayasa-mahkemesi-incelemesi\/\",\"name\":\"AYM 2021\/34078 Karar\u0131: Anayasa Mahkemesi \u0130ncelemesi - Av. Deniz Can K\u0131z\u0131l\",\"isPartOf\":{\"@id\":\"https:\/\/denizcankizil.tr\/#website\"},\"primaryImageOfPage\":{\"@id\":\"https:\/\/denizcankizil.tr\/ru\/seo\/aym-2021-34078-karari-anayasa-mahkemesi-incelemesi\/#primaryimage\"},\"image\":{\"@id\":\"https:\/\/denizcankizil.tr\/ru\/seo\/aym-2021-34078-karari-anayasa-mahkemesi-incelemesi\/#primaryimage\"},\"thumbnailUrl\":\"https:\/\/denizcankizil.tr\/wp-content\/uploads\/2024\/10\/10697-aym-2021-34078-karari-anayasa-mahkemesi-incelemesi.jpg\",\"datePublished\":\"2024-10-31T11:43:18+00:00\",\"breadcrumb\":{\"@id\":\"https:\/\/denizcankizil.tr\/ru\/seo\/aym-2021-34078-karari-anayasa-mahkemesi-incelemesi\/#breadcrumb\"},\"inLanguage\":\"ru-RU\",\"potentialAction\":[{\"@type\":\"ReadAction\",\"target\":[\"https:\/\/denizcankizil.tr\/ru\/seo\/aym-2021-34078-karari-anayasa-mahkemesi-incelemesi\/\"]}]},{\"@type\":\"ImageObject\",\"inLanguage\":\"ru-RU\",\"@id\":\"https:\/\/denizcankizil.tr\/ru\/seo\/aym-2021-34078-karari-anayasa-mahkemesi-incelemesi\/#primaryimage\",\"url\":\"https:\/\/denizcankizil.tr\/wp-content\/uploads\/2024\/10\/10697-aym-2021-34078-karari-anayasa-mahkemesi-incelemesi.jpg\",\"contentUrl\":\"https:\/\/denizcankizil.tr\/wp-content\/uploads\/2024\/10\/10697-aym-2021-34078-karari-anayasa-mahkemesi-incelemesi.jpg\",\"width\":800,\"height\":800,\"caption\":\"AYM 2021\/34078 Karar\u0131: Anayasa Mahkemesi \u0130ncelemesi\"},{\"@type\":\"BreadcrumbList\",\"@id\":\"https:\/\/denizcankizil.tr\/ru\/seo\/aym-2021-34078-karari-anayasa-mahkemesi-incelemesi\/#breadcrumb\",\"itemListElement\":[{\"@type\":\"ListItem\",\"position\":1,\"name\":\"Home\",\"item\":\"https:\/\/denizcankizil.tr\/de\/\"},{\"@type\":\"ListItem\",\"position\":2,\"name\":\"AYM 2021\/34078 Karar\u0131: Anayasa Mahkemesi \u0130ncelemesi\"}]},{\"@type\":\"WebSite\",\"@id\":\"https:\/\/denizcankizil.tr\/#website\",\"url\":\"https:\/\/denizcankizil.tr\/\",\"name\":\"Av. Deniz Can K\u0131z\u0131l\",\"description\":\"Avukat Deniz Can K\u0131z\u0131l Antalya Barosu\",\"publisher\":{\"@id\":\"https:\/\/denizcankizil.tr\/#organization\"},\"potentialAction\":[{\"@type\":\"SearchAction\",\"target\":{\"@type\":\"EntryPoint\",\"urlTemplate\":\"https:\/\/denizcankizil.tr\/?s={search_term_string}\"},\"query-input\":{\"@type\":\"PropertyValueSpecification\",\"valueRequired\":true,\"valueName\":\"search_term_string\"}}],\"inLanguage\":\"ru-RU\"},{\"@type\":\"Organization\",\"@id\":\"https:\/\/denizcankizil.tr\/#organization\",\"name\":\"Av. Deniz Can K\u0131z\u0131l\",\"url\":\"https:\/\/denizcankizil.tr\/\",\"logo\":{\"@type\":\"ImageObject\",\"inLanguage\":\"ru-RU\",\"@id\":\"https:\/\/denizcankizil.tr\/#\/schema\/logo\/image\/\",\"url\":\"https:\/\/denizcankizil.tr\/wp-content\/uploads\/2024\/10\/siyah-logo-svg.svg\",\"contentUrl\":\"https:\/\/denizcankizil.tr\/wp-content\/uploads\/2024\/10\/siyah-logo-svg.svg\",\"width\":1080,\"height\":1080,\"caption\":\"Av. Deniz Can K\u0131z\u0131l\"},\"image\":{\"@id\":\"https:\/\/denizcankizil.tr\/#\/schema\/logo\/image\/\"}},{\"@type\":\"Person\",\"@id\":\"https:\/\/denizcankizil.tr\/#\/schema\/person\/be3c05fe6a12686905512445d8185489\",\"name\":\"admin\",\"image\":{\"@type\":\"ImageObject\",\"inLanguage\":\"ru-RU\",\"@id\":\"https:\/\/denizcankizil.tr\/#\/schema\/person\/image\/\",\"url\":\"https:\/\/secure.gravatar.com\/avatar\/c1fce94c830dc79107e174f890d7210541c4a63e8e5d816341794a2151c9d58c?s=96&d=mm&r=g\",\"contentUrl\":\"https:\/\/secure.gravatar.com\/avatar\/c1fce94c830dc79107e174f890d7210541c4a63e8e5d816341794a2151c9d58c?s=96&d=mm&r=g\",\"caption\":\"admin\"},\"sameAs\":[\"http:\/\/denizcankizil.tr\"],\"url\":\"https:\/\/denizcankizil.tr\/ru\/author\/admin\/\"}]}<\/script>\n<!-- \/ Yoast SEO Premium plugin. -->","yoast_head_json":{"title":"AYM 2021\/34078 Karar\u0131: Anayasa Mahkemesi \u0130ncelemesi - Av. Deniz Can K\u0131z\u0131l","robots":{"index":"index","follow":"follow","max-snippet":"max-snippet:-1","max-image-preview":"max-image-preview:large","max-video-preview":"max-video-preview:-1"},"canonical":"https:\/\/denizcankizil.tr\/ru\/seo\/aym-2021-34078-karari-anayasa-mahkemesi-incelemesi\/","og_locale":"ru_RU","og_type":"article","og_title":"AYM 2021\/34078 Karar\u0131: Anayasa Mahkemesi \u0130ncelemesi","og_description":"AYM 2021\/34078 Karar\u0131, Anayasa Mahkemesi'nin bireysel ba\u015fvurular \u00e7er\u00e7evesinde insan haklar\u0131 ve hukukun \u00fcst\u00fcnl\u00fc\u011f\u00fc ilkesine dair \u00f6nemli bir inceleme sunmaktad\u0131r. Mahkeme, anayasal haklar\u0131n korunmas\u0131 noktas\u0131nda, devletin y\u00fck\u00fcml\u00fcl\u00fcklerini yeniden de\u011ferlendirmi\u015ftir.","og_url":"https:\/\/denizcankizil.tr\/ru\/seo\/aym-2021-34078-karari-anayasa-mahkemesi-incelemesi\/","og_site_name":"Av. Deniz Can K\u0131z\u0131l","article_published_time":"2024-10-31T11:43:18+00:00","og_image":[{"width":800,"height":800,"url":"https:\/\/denizcankizil.tr\/wp-content\/uploads\/2024\/10\/10697-aym-2021-34078-karari-anayasa-mahkemesi-incelemesi.jpg","type":"image\/jpeg"}],"author":"admin","twitter_card":"summary_large_image","twitter_misc":{"\u041d\u0430\u043f\u0438\u0441\u0430\u043d\u043e \u0430\u0432\u0442\u043e\u0440\u043e\u043c":"admin","\u041f\u0440\u0438\u043c\u0435\u0440\u043d\u043e\u0435 \u0432\u0440\u0435\u043c\u044f \u0434\u043b\u044f \u0447\u0442\u0435\u043d\u0438\u044f":"7 \u043c\u0438\u043d\u0443\u0442"},"schema":{"@context":"https:\/\/schema.org","@graph":[{"@type":"Article","@id":"https:\/\/denizcankizil.tr\/ru\/seo\/aym-2021-34078-karari-anayasa-mahkemesi-incelemesi\/#article","isPartOf":{"@id":"https:\/\/denizcankizil.tr\/ru\/seo\/aym-2021-34078-karari-anayasa-mahkemesi-incelemesi\/"},"author":{"name":"admin","@id":"https:\/\/denizcankizil.tr\/#\/schema\/person\/be3c05fe6a12686905512445d8185489"},"headline":"AYM 2021\/34078 Karar\u0131: Anayasa Mahkemesi \u0130ncelemesi","datePublished":"2024-10-31T11:43:18+00:00","mainEntityOfPage":{"@id":"https:\/\/denizcankizil.tr\/ru\/seo\/aym-2021-34078-karari-anayasa-mahkemesi-incelemesi\/"},"wordCount":1478,"commentCount":0,"publisher":{"@id":"https:\/\/denizcankizil.tr\/#organization"},"image":{"@id":"https:\/\/denizcankizil.tr\/ru\/seo\/aym-2021-34078-karari-anayasa-mahkemesi-incelemesi\/#primaryimage"},"thumbnailUrl":"https:\/\/denizcankizil.tr\/wp-content\/uploads\/2024\/10\/10697-aym-2021-34078-karari-anayasa-mahkemesi-incelemesi.jpg","articleSection":["Seo"],"inLanguage":"ru-RU","potentialAction":[{"@type":"CommentAction","name":"Comment","target":["https:\/\/denizcankizil.tr\/ru\/seo\/aym-2021-34078-karari-anayasa-mahkemesi-incelemesi\/#respond"]}]},{"@type":"WebPage","@id":"https:\/\/denizcankizil.tr\/ru\/seo\/aym-2021-34078-karari-anayasa-mahkemesi-incelemesi\/","url":"https:\/\/denizcankizil.tr\/ru\/seo\/aym-2021-34078-karari-anayasa-mahkemesi-incelemesi\/","name":"AYM 2021\/34078 Karar\u0131: Anayasa Mahkemesi \u0130ncelemesi - Av. Deniz Can K\u0131z\u0131l","isPartOf":{"@id":"https:\/\/denizcankizil.tr\/#website"},"primaryImageOfPage":{"@id":"https:\/\/denizcankizil.tr\/ru\/seo\/aym-2021-34078-karari-anayasa-mahkemesi-incelemesi\/#primaryimage"},"image":{"@id":"https:\/\/denizcankizil.tr\/ru\/seo\/aym-2021-34078-karari-anayasa-mahkemesi-incelemesi\/#primaryimage"},"thumbnailUrl":"https:\/\/denizcankizil.tr\/wp-content\/uploads\/2024\/10\/10697-aym-2021-34078-karari-anayasa-mahkemesi-incelemesi.jpg","datePublished":"2024-10-31T11:43:18+00:00","breadcrumb":{"@id":"https:\/\/denizcankizil.tr\/ru\/seo\/aym-2021-34078-karari-anayasa-mahkemesi-incelemesi\/#breadcrumb"},"inLanguage":"ru-RU","potentialAction":[{"@type":"ReadAction","target":["https:\/\/denizcankizil.tr\/ru\/seo\/aym-2021-34078-karari-anayasa-mahkemesi-incelemesi\/"]}]},{"@type":"ImageObject","inLanguage":"ru-RU","@id":"https:\/\/denizcankizil.tr\/ru\/seo\/aym-2021-34078-karari-anayasa-mahkemesi-incelemesi\/#primaryimage","url":"https:\/\/denizcankizil.tr\/wp-content\/uploads\/2024\/10\/10697-aym-2021-34078-karari-anayasa-mahkemesi-incelemesi.jpg","contentUrl":"https:\/\/denizcankizil.tr\/wp-content\/uploads\/2024\/10\/10697-aym-2021-34078-karari-anayasa-mahkemesi-incelemesi.jpg","width":800,"height":800,"caption":"AYM 2021\/34078 Karar\u0131: Anayasa Mahkemesi \u0130ncelemesi"},{"@type":"BreadcrumbList","@id":"https:\/\/denizcankizil.tr\/ru\/seo\/aym-2021-34078-karari-anayasa-mahkemesi-incelemesi\/#breadcrumb","itemListElement":[{"@type":"ListItem","position":1,"name":"Home","item":"https:\/\/denizcankizil.tr\/de\/"},{"@type":"ListItem","position":2,"name":"AYM 2021\/34078 Karar\u0131: Anayasa Mahkemesi \u0130ncelemesi"}]},{"@type":"WebSite","@id":"https:\/\/denizcankizil.tr\/#website","url":"https:\/\/denizcankizil.tr\/","name":"Av. Deniz Can K\u0131z\u0131l","description":"Avukat Deniz Can K\u0131z\u0131l Antalya Barosu","publisher":{"@id":"https:\/\/denizcankizil.tr\/#organization"},"potentialAction":[{"@type":"SearchAction","target":{"@type":"EntryPoint","urlTemplate":"https:\/\/denizcankizil.tr\/?s={search_term_string}"},"query-input":{"@type":"PropertyValueSpecification","valueRequired":true,"valueName":"search_term_string"}}],"inLanguage":"ru-RU"},{"@type":"Organization","@id":"https:\/\/denizcankizil.tr\/#organization","name":"Av. Deniz Can K\u0131z\u0131l","url":"https:\/\/denizcankizil.tr\/","logo":{"@type":"ImageObject","inLanguage":"ru-RU","@id":"https:\/\/denizcankizil.tr\/#\/schema\/logo\/image\/","url":"https:\/\/denizcankizil.tr\/wp-content\/uploads\/2024\/10\/siyah-logo-svg.svg","contentUrl":"https:\/\/denizcankizil.tr\/wp-content\/uploads\/2024\/10\/siyah-logo-svg.svg","width":1080,"height":1080,"caption":"Av. Deniz Can K\u0131z\u0131l"},"image":{"@id":"https:\/\/denizcankizil.tr\/#\/schema\/logo\/image\/"}},{"@type":"Person","@id":"https:\/\/denizcankizil.tr\/#\/schema\/person\/be3c05fe6a12686905512445d8185489","name":"\u0430\u0434\u043c\u0438\u043d","image":{"@type":"ImageObject","inLanguage":"ru-RU","@id":"https:\/\/denizcankizil.tr\/#\/schema\/person\/image\/","url":"https:\/\/secure.gravatar.com\/avatar\/c1fce94c830dc79107e174f890d7210541c4a63e8e5d816341794a2151c9d58c?s=96&d=mm&r=g","contentUrl":"https:\/\/secure.gravatar.com\/avatar\/c1fce94c830dc79107e174f890d7210541c4a63e8e5d816341794a2151c9d58c?s=96&d=mm&r=g","caption":"admin"},"sameAs":["http:\/\/denizcankizil.tr"],"url":"https:\/\/denizcankizil.tr\/ru\/author\/admin\/"}]}},"_links":{"self":[{"href":"https:\/\/denizcankizil.tr\/ru\/wp-json\/wp\/v2\/posts\/10697","targetHints":{"allow":["GET"]}}],"collection":[{"href":"https:\/\/denizcankizil.tr\/ru\/wp-json\/wp\/v2\/posts"}],"about":[{"href":"https:\/\/denizcankizil.tr\/ru\/wp-json\/wp\/v2\/types\/post"}],"author":[{"embeddable":true,"href":"https:\/\/denizcankizil.tr\/ru\/wp-json\/wp\/v2\/users\/1"}],"replies":[{"embeddable":true,"href":"https:\/\/denizcankizil.tr\/ru\/wp-json\/wp\/v2\/comments?post=10697"}],"version-history":[{"count":0,"href":"https:\/\/denizcankizil.tr\/ru\/wp-json\/wp\/v2\/posts\/10697\/revisions"}],"wp:featuredmedia":[{"embeddable":true,"href":"https:\/\/denizcankizil.tr\/ru\/wp-json\/wp\/v2\/media\/10698"}],"wp:attachment":[{"href":"https:\/\/denizcankizil.tr\/ru\/wp-json\/wp\/v2\/media?parent=10697"}],"wp:term":[{"taxonomy":"category","embeddable":true,"href":"https:\/\/denizcankizil.tr\/ru\/wp-json\/wp\/v2\/categories?post=10697"},{"taxonomy":"post_tag","embeddable":true,"href":"https:\/\/denizcankizil.tr\/ru\/wp-json\/wp\/v2\/tags?post=10697"}],"curies":[{"name":"wp","href":"https:\/\/api.w.org\/{rel}","templated":true}]}}