{"id":106307,"date":"2025-06-04T15:41:54","date_gmt":"2025-06-04T12:41:54","guid":{"rendered":"https:\/\/denizcankizil.tr\/uncategorized-tr\/serikte-agave-agaci-bulundu\/"},"modified":"2025-06-04T15:41:54","modified_gmt":"2025-06-04T12:41:54","slug":"serikte-agave-agaci-bulundu","status":"publish","type":"post","link":"https:\/\/denizcankizil.tr\/ru\/haberler\/antalya\/serikte-agave-agaci-bulundu\/","title":{"rendered":"Serik&#8217;te Agave a\u011fac\u0131 bulundu"},"content":{"rendered":"<p>Serik il\u00e7esi Bo\u011fazkent Mahallesi&#8217;nde, yakla\u015f\u0131k 40 y\u0131l \u00f6nce ekilen Agave a\u011fac\u0131 bulundu. Bir sitede oturan ev sahibi Mikail Bo\u011fazl\u0131o\u011flu&#8217;nun bah\u00e7esinde bulunan Agave a\u011fac\u0131, \u00f6mr\u00fcnde bir kez \u00e7i\u00e7ek a\u00e7mas\u0131 ile biliniyor. Bah\u00e7esinde bulunan Agave bitkisi ile ilgili olarak Mikail Bo\u011fazl\u0131o\u011flu, &#8220;Ben 24 y\u0131l \u00f6nce bu evi alm\u0131\u015ft\u0131m. Arkamda g\u00f6rd\u00fc\u011f\u00fcn\u00fcz bu kakt\u00fcs, ben geldi\u011fimde de burada bulunuyordu. Tahminen bu bitki 30- 35 y\u0131l \u00f6nce buraya dikilmi\u015f. \u00d6\u011frendi\u011fimiz kadar\u0131yla 60 ila 100 y\u0131l aras\u0131 \u00f6mr\u00fc varm\u0131\u015f. Bah\u00e7emizdeki bu bitkinin \u00e7i\u00e7ek a\u00e7mas\u0131n\u0131 g\u00f6rmeyi temenni ediyoruz. Bitkinin ba\u015f\u0131na bir \u015fey gelmemesi i\u00e7in ilgi hassasiyet g\u00f6steriyoruz, in\u015fallah \u00e7i\u00e7ek a\u00e7t\u0131\u011f\u0131n\u0131 da g\u00f6rmek nasip olur&#8221; dedi.<\/p>\n<p>UNESCO D\u00fcnya K\u00fclt\u00fcr Miras\u0131 Listesi&#8217;nde de bulunan ve ender bir t\u00fcr olan Agave a\u011fac\u0131, ortalama 60 ila 100 sene aras\u0131nda sadece bir kere \u00e7i\u00e7ek a\u00e7mas\u0131yla biliyor. Ayr\u0131ca, &#8216;2872 Say\u0131l\u0131 \u00c7evre Kanunu&#8217; kapsam\u0131nda koruma alt\u0131nda bulunuyor. Agave a\u011fac\u0131na zarar vermenin cezas\u0131 ise yakla\u015f\u0131k 400 bin T\u00fcrk Liras\u0131.<\/p>\n<p>Kaynak: www.kanalv.com.tr Haber Sitesinden Al\u0131nm\u0131\u015ft\u0131r.<\/p>","protected":false},"excerpt":{"rendered":"<p>Serik il\u00e7esi Bo\u011fazkent Mahallesi&#8217;nde, yakla\u015f\u0131k 40 y\u0131l \u00f6nce ekilen Agave a\u011fac\u0131 bulundu. Bir sitede oturan ev sahibi Mikail Bo\u011fazl\u0131o\u011flu&#8217;nun bah\u00e7esinde bulunan Agave a\u011fac\u0131, \u00f6mr\u00fcnde bir kez \u00e7i\u00e7ek a\u00e7mas\u0131 ile biliniyor. Bah\u00e7esinde bulunan Agave bitkisi ile ilgili olarak Mikail Bo\u011fazl\u0131o\u011flu, &#8220;Ben 24 y\u0131l \u00f6nce bu evi alm\u0131\u015ft\u0131m. Arkamda g\u00f6rd\u00fc\u011f\u00fcn\u00fcz bu kakt\u00fcs, ben geldi\u011fimde de burada bulunuyordu. Tahminen bu bitki 30- 35 y\u0131l \u00f6nce buraya dikilmi\u015f. \u00d6\u011frendi\u011fimiz kadar\u0131yla 60 ila 100 y\u0131l aras\u0131 \u00f6mr\u00fc varm\u0131\u015f. Bah\u00e7emizdeki bu bitkinin \u00e7i\u00e7ek a\u00e7mas\u0131n\u0131 g\u00f6rmeyi temenni ediyoruz. Bitkinin ba\u015f\u0131na bir \u015fey gelmemesi i\u00e7in ilgi hassasiyet g\u00f6steriyoruz, in\u015fallah \u00e7i\u00e7ek a\u00e7t\u0131\u011f\u0131n\u0131 da g\u00f6rmek nasip olur&#8221; dedi. UNESCO D\u00fcnya K\u00fclt\u00fcr Miras\u0131 Listesi&#8217;nde de bulunan ve ender bir t\u00fcr olan Agave a\u011fac\u0131, ortalama 60 ila 100 sene aras\u0131nda sadece bir kere \u00e7i\u00e7ek a\u00e7mas\u0131yla biliyor. Ayr\u0131ca, &#8216;2872 Say\u0131l\u0131 \u00c7evre Kanunu&#8217; kapsam\u0131nda koruma alt\u0131nda bulunuyor. Agave a\u011fac\u0131na zarar vermenin cezas\u0131 ise yakla\u015f\u0131k 400 bin T\u00fcrk Liras\u0131. Kaynak: www.kanalv.com.tr Haber Sitesinden Al\u0131nm\u0131\u015ft\u0131r.<\/p>","protected":false},"author":4,"featured_media":106308,"comment_status":"","ping_status":"open","sticky":false,"template":"","format":"standard","meta":{"_acf_changed":false,"footnotes":""},"categories":[26],"tags":[],"class_list":["post-106307","post","type-post","status-publish","format-standard","has-post-thumbnail","hentry","category-antalya"],"acf":[],"yoast_head":"<!-- This site is optimized with the Yoast SEO Premium plugin v26.6 (Yoast SEO v27.1.1) - https:\/\/yoast.com\/product\/yoast-seo-premium-wordpress\/ -->\n<title>Serik&#039;te Agave a\u011fac\u0131 bulundu - Av. Deniz Can K\u0131z\u0131l<\/title>\n<meta name=\"robots\" content=\"index, follow, max-snippet:-1, max-image-preview:large, max-video-preview:-1\" \/>\n<link rel=\"canonical\" href=\"https:\/\/denizcankizil.tr\/ru\/haberler\/antalya\/serikte-agave-agaci-bulundu\/\" \/>\n<meta property=\"og:locale\" content=\"ru_RU\" \/>\n<meta property=\"og:type\" content=\"article\" \/>\n<meta property=\"og:title\" content=\"Serik&#039;te Agave a\u011fac\u0131 bulundu\" \/>\n<meta property=\"og:description\" content=\"Serik il\u00e7esi Bo\u011fazkent Mahallesi&#8217;nde, yakla\u015f\u0131k 40 y\u0131l \u00f6nce ekilen Agave a\u011fac\u0131 bulundu. Bir sitede oturan ev sahibi Mikail Bo\u011fazl\u0131o\u011flu&#8217;nun bah\u00e7esinde bulunan Agave a\u011fac\u0131, \u00f6mr\u00fcnde bir kez \u00e7i\u00e7ek a\u00e7mas\u0131 ile biliniyor. Bah\u00e7esinde bulunan Agave bitkisi ile ilgili olarak Mikail Bo\u011fazl\u0131o\u011flu, &#8220;Ben 24 y\u0131l \u00f6nce bu evi alm\u0131\u015ft\u0131m. Arkamda g\u00f6rd\u00fc\u011f\u00fcn\u00fcz bu kakt\u00fcs, ben geldi\u011fimde de burada bulunuyordu. Tahminen bu bitki 30- 35 y\u0131l \u00f6nce buraya dikilmi\u015f. \u00d6\u011frendi\u011fimiz kadar\u0131yla 60 ila 100 y\u0131l aras\u0131 \u00f6mr\u00fc varm\u0131\u015f. Bah\u00e7emizdeki bu bitkinin \u00e7i\u00e7ek a\u00e7mas\u0131n\u0131 g\u00f6rmeyi temenni ediyoruz. Bitkinin ba\u015f\u0131na bir \u015fey gelmemesi i\u00e7in ilgi hassasiyet g\u00f6steriyoruz, in\u015fallah \u00e7i\u00e7ek a\u00e7t\u0131\u011f\u0131n\u0131 da g\u00f6rmek nasip olur&#8221; dedi. UNESCO D\u00fcnya K\u00fclt\u00fcr Miras\u0131 Listesi&#8217;nde de bulunan ve ender bir t\u00fcr olan Agave a\u011fac\u0131, ortalama 60 ila 100 sene aras\u0131nda sadece bir kere \u00e7i\u00e7ek a\u00e7mas\u0131yla biliyor. Ayr\u0131ca, &#8216;2872 Say\u0131l\u0131 \u00c7evre Kanunu&#8217; kapsam\u0131nda koruma alt\u0131nda bulunuyor. Agave a\u011fac\u0131na zarar vermenin cezas\u0131 ise yakla\u015f\u0131k 400 bin T\u00fcrk Liras\u0131. Kaynak: www.kanalv.com.tr Haber Sitesinden Al\u0131nm\u0131\u015ft\u0131r.\" \/>\n<meta property=\"og:url\" content=\"https:\/\/denizcankizil.tr\/ru\/haberler\/antalya\/serikte-agave-agaci-bulundu\/\" \/>\n<meta property=\"og:site_name\" content=\"Av. Deniz Can K\u0131z\u0131l\" \/>\n<meta property=\"article:published_time\" content=\"2025-06-04T12:41:54+00:00\" \/>\n<meta property=\"og:image\" content=\"https:\/\/denizcankizil.tr\/wp-content\/uploads\/2025\/06\/6709-01-v1nVBk.jpg\" \/>\n\t<meta property=\"og:image:width\" content=\"1280\" \/>\n\t<meta property=\"og:image:height\" content=\"720\" \/>\n\t<meta property=\"og:image:type\" content=\"image\/jpeg\" \/>\n<meta name=\"author\" content=\"Av. Deniz Can K\u0131z\u0131l\" \/>\n<meta name=\"twitter:card\" content=\"summary_large_image\" \/>\n<meta name=\"twitter:label1\" content=\"\u041d\u0430\u043f\u0438\u0441\u0430\u043d\u043e \u0430\u0432\u0442\u043e\u0440\u043e\u043c\" \/>\n\t<meta name=\"twitter:data1\" content=\"Av. Deniz Can K\u0131z\u0131l\" \/>\n\t<meta name=\"twitter:label2\" content=\"\u041f\u0440\u0438\u043c\u0435\u0440\u043d\u043e\u0435 \u0432\u0440\u0435\u043c\u044f \u0434\u043b\u044f \u0447\u0442\u0435\u043d\u0438\u044f\" \/>\n\t<meta name=\"twitter:data2\" content=\"1 \u043c\u0438\u043d\u0443\u0442\u0430\" \/>\n<script type=\"application\/ld+json\" class=\"yoast-schema-graph\">{\"@context\":\"https:\/\/schema.org\",\"@graph\":[{\"@type\":\"Article\",\"@id\":\"https:\/\/denizcankizil.tr\/ru\/haberler\/antalya\/serikte-agave-agaci-bulundu\/#article\",\"isPartOf\":{\"@id\":\"https:\/\/denizcankizil.tr\/ru\/haberler\/antalya\/serikte-agave-agaci-bulundu\/\"},\"author\":{\"name\":\"Av. Deniz Can K\u0131z\u0131l\",\"@id\":\"https:\/\/denizcankizil.tr\/#\/schema\/person\/5dc1b22991bd7ac833867c10afc9b0ff\"},\"headline\":\"Serik&#8217;te Agave a\u011fac\u0131 bulundu\",\"datePublished\":\"2025-06-04T12:41:54+00:00\",\"mainEntityOfPage\":{\"@id\":\"https:\/\/denizcankizil.tr\/ru\/haberler\/antalya\/serikte-agave-agaci-bulundu\/\"},\"wordCount\":214,\"publisher\":{\"@id\":\"https:\/\/denizcankizil.tr\/#organization\"},\"image\":{\"@id\":\"https:\/\/denizcankizil.tr\/ru\/haberler\/antalya\/serikte-agave-agaci-bulundu\/#primaryimage\"},\"thumbnailUrl\":\"https:\/\/denizcankizil.tr\/wp-content\/uploads\/2025\/06\/6709-01-v1nVBk.jpg\",\"articleSection\":[\"Antalya\"],\"inLanguage\":\"ru-RU\"},{\"@type\":\"WebPage\",\"@id\":\"https:\/\/denizcankizil.tr\/ru\/haberler\/antalya\/serikte-agave-agaci-bulundu\/\",\"url\":\"https:\/\/denizcankizil.tr\/ru\/haberler\/antalya\/serikte-agave-agaci-bulundu\/\",\"name\":\"Serik'te Agave a\u011fac\u0131 bulundu - Av. Deniz Can K\u0131z\u0131l\",\"isPartOf\":{\"@id\":\"https:\/\/denizcankizil.tr\/#website\"},\"primaryImageOfPage\":{\"@id\":\"https:\/\/denizcankizil.tr\/ru\/haberler\/antalya\/serikte-agave-agaci-bulundu\/#primaryimage\"},\"image\":{\"@id\":\"https:\/\/denizcankizil.tr\/ru\/haberler\/antalya\/serikte-agave-agaci-bulundu\/#primaryimage\"},\"thumbnailUrl\":\"https:\/\/denizcankizil.tr\/wp-content\/uploads\/2025\/06\/6709-01-v1nVBk.jpg\",\"datePublished\":\"2025-06-04T12:41:54+00:00\",\"breadcrumb\":{\"@id\":\"https:\/\/denizcankizil.tr\/ru\/haberler\/antalya\/serikte-agave-agaci-bulundu\/#breadcrumb\"},\"inLanguage\":\"ru-RU\",\"potentialAction\":[{\"@type\":\"ReadAction\",\"target\":[\"https:\/\/denizcankizil.tr\/ru\/haberler\/antalya\/serikte-agave-agaci-bulundu\/\"]}]},{\"@type\":\"ImageObject\",\"inLanguage\":\"ru-RU\",\"@id\":\"https:\/\/denizcankizil.tr\/ru\/haberler\/antalya\/serikte-agave-agaci-bulundu\/#primaryimage\",\"url\":\"https:\/\/denizcankizil.tr\/wp-content\/uploads\/2025\/06\/6709-01-v1nVBk.jpg\",\"contentUrl\":\"https:\/\/denizcankizil.tr\/wp-content\/uploads\/2025\/06\/6709-01-v1nVBk.jpg\",\"width\":1280,\"height\":720},{\"@type\":\"BreadcrumbList\",\"@id\":\"https:\/\/denizcankizil.tr\/ru\/haberler\/antalya\/serikte-agave-agaci-bulundu\/#breadcrumb\",\"itemListElement\":[{\"@type\":\"ListItem\",\"position\":1,\"name\":\"Home\",\"item\":\"https:\/\/denizcankizil.tr\/de\/\"},{\"@type\":\"ListItem\",\"position\":2,\"name\":\"Serik&#8217;te Agave a\u011fac\u0131 bulundu\"}]},{\"@type\":\"WebSite\",\"@id\":\"https:\/\/denizcankizil.tr\/#website\",\"url\":\"https:\/\/denizcankizil.tr\/\",\"name\":\"Av. Deniz Can K\u0131z\u0131l\",\"description\":\"Avukat Deniz Can K\u0131z\u0131l Antalya Barosu\",\"publisher\":{\"@id\":\"https:\/\/denizcankizil.tr\/#organization\"},\"potentialAction\":[{\"@type\":\"SearchAction\",\"target\":{\"@type\":\"EntryPoint\",\"urlTemplate\":\"https:\/\/denizcankizil.tr\/?s={search_term_string}\"},\"query-input\":{\"@type\":\"PropertyValueSpecification\",\"valueRequired\":true,\"valueName\":\"search_term_string\"}}],\"inLanguage\":\"ru-RU\"},{\"@type\":\"Organization\",\"@id\":\"https:\/\/denizcankizil.tr\/#organization\",\"name\":\"Av. Deniz Can K\u0131z\u0131l\",\"url\":\"https:\/\/denizcankizil.tr\/\",\"logo\":{\"@type\":\"ImageObject\",\"inLanguage\":\"ru-RU\",\"@id\":\"https:\/\/denizcankizil.tr\/#\/schema\/logo\/image\/\",\"url\":\"https:\/\/denizcankizil.tr\/wp-content\/uploads\/2024\/10\/siyah-logo-svg.svg\",\"contentUrl\":\"https:\/\/denizcankizil.tr\/wp-content\/uploads\/2024\/10\/siyah-logo-svg.svg\",\"width\":1080,\"height\":1080,\"caption\":\"Av. Deniz Can K\u0131z\u0131l\"},\"image\":{\"@id\":\"https:\/\/denizcankizil.tr\/#\/schema\/logo\/image\/\"}},{\"@type\":\"Person\",\"@id\":\"https:\/\/denizcankizil.tr\/#\/schema\/person\/5dc1b22991bd7ac833867c10afc9b0ff\",\"name\":\"Av. Deniz Can K\u0131z\u0131l\",\"image\":{\"@type\":\"ImageObject\",\"inLanguage\":\"ru-RU\",\"@id\":\"https:\/\/denizcankizil.tr\/#\/schema\/person\/image\/\",\"url\":\"https:\/\/secure.gravatar.com\/avatar\/a0b128fb9855c79efc976d5640eedb31dc35ec297594d6016d2cf7c60e975bb6?s=96&d=mm&r=g\",\"contentUrl\":\"https:\/\/secure.gravatar.com\/avatar\/a0b128fb9855c79efc976d5640eedb31dc35ec297594d6016d2cf7c60e975bb6?s=96&d=mm&r=g\",\"caption\":\"Av. Deniz Can K\u0131z\u0131l\"},\"sameAs\":[\"http:\/\/www.denizcankizil.tr\"],\"url\":\"https:\/\/denizcankizil.tr\/ru\/author\/denizcankizil\/\"}]}<\/script>\n<!-- \/ Yoast SEO Premium plugin. -->","yoast_head_json":{"title":"Serik'te Agave a\u011fac\u0131 bulundu - Av. Deniz Can K\u0131z\u0131l","robots":{"index":"index","follow":"follow","max-snippet":"max-snippet:-1","max-image-preview":"max-image-preview:large","max-video-preview":"max-video-preview:-1"},"canonical":"https:\/\/denizcankizil.tr\/ru\/haberler\/antalya\/serikte-agave-agaci-bulundu\/","og_locale":"ru_RU","og_type":"article","og_title":"Serik'te Agave a\u011fac\u0131 bulundu","og_description":"Serik il\u00e7esi Bo\u011fazkent Mahallesi&#8217;nde, yakla\u015f\u0131k 40 y\u0131l \u00f6nce ekilen Agave a\u011fac\u0131 bulundu. Bir sitede oturan ev sahibi Mikail Bo\u011fazl\u0131o\u011flu&#8217;nun bah\u00e7esinde bulunan Agave a\u011fac\u0131, \u00f6mr\u00fcnde bir kez \u00e7i\u00e7ek a\u00e7mas\u0131 ile biliniyor. Bah\u00e7esinde bulunan Agave bitkisi ile ilgili olarak Mikail Bo\u011fazl\u0131o\u011flu, &#8220;Ben 24 y\u0131l \u00f6nce bu evi alm\u0131\u015ft\u0131m. Arkamda g\u00f6rd\u00fc\u011f\u00fcn\u00fcz bu kakt\u00fcs, ben geldi\u011fimde de burada bulunuyordu. Tahminen bu bitki 30- 35 y\u0131l \u00f6nce buraya dikilmi\u015f. \u00d6\u011frendi\u011fimiz kadar\u0131yla 60 ila 100 y\u0131l aras\u0131 \u00f6mr\u00fc varm\u0131\u015f. Bah\u00e7emizdeki bu bitkinin \u00e7i\u00e7ek a\u00e7mas\u0131n\u0131 g\u00f6rmeyi temenni ediyoruz. Bitkinin ba\u015f\u0131na bir \u015fey gelmemesi i\u00e7in ilgi hassasiyet g\u00f6steriyoruz, in\u015fallah \u00e7i\u00e7ek a\u00e7t\u0131\u011f\u0131n\u0131 da g\u00f6rmek nasip olur&#8221; dedi. UNESCO D\u00fcnya K\u00fclt\u00fcr Miras\u0131 Listesi&#8217;nde de bulunan ve ender bir t\u00fcr olan Agave a\u011fac\u0131, ortalama 60 ila 100 sene aras\u0131nda sadece bir kere \u00e7i\u00e7ek a\u00e7mas\u0131yla biliyor. Ayr\u0131ca, &#8216;2872 Say\u0131l\u0131 \u00c7evre Kanunu&#8217; kapsam\u0131nda koruma alt\u0131nda bulunuyor. Agave a\u011fac\u0131na zarar vermenin cezas\u0131 ise yakla\u015f\u0131k 400 bin T\u00fcrk Liras\u0131. Kaynak: www.kanalv.com.tr Haber Sitesinden Al\u0131nm\u0131\u015ft\u0131r.","og_url":"https:\/\/denizcankizil.tr\/ru\/haberler\/antalya\/serikte-agave-agaci-bulundu\/","og_site_name":"Av. Deniz Can K\u0131z\u0131l","article_published_time":"2025-06-04T12:41:54+00:00","og_image":[{"width":1280,"height":720,"url":"https:\/\/denizcankizil.tr\/wp-content\/uploads\/2025\/06\/6709-01-v1nVBk.jpg","type":"image\/jpeg"}],"author":"Av. Deniz Can K\u0131z\u0131l","twitter_card":"summary_large_image","twitter_misc":{"\u041d\u0430\u043f\u0438\u0441\u0430\u043d\u043e \u0430\u0432\u0442\u043e\u0440\u043e\u043c":"Av. Deniz Can K\u0131z\u0131l","\u041f\u0440\u0438\u043c\u0435\u0440\u043d\u043e\u0435 \u0432\u0440\u0435\u043c\u044f \u0434\u043b\u044f \u0447\u0442\u0435\u043d\u0438\u044f":"1 \u043c\u0438\u043d\u0443\u0442\u0430"},"schema":{"@context":"https:\/\/schema.org","@graph":[{"@type":"Article","@id":"https:\/\/denizcankizil.tr\/ru\/haberler\/antalya\/serikte-agave-agaci-bulundu\/#article","isPartOf":{"@id":"https:\/\/denizcankizil.tr\/ru\/haberler\/antalya\/serikte-agave-agaci-bulundu\/"},"author":{"name":"Av. Deniz Can K\u0131z\u0131l","@id":"https:\/\/denizcankizil.tr\/#\/schema\/person\/5dc1b22991bd7ac833867c10afc9b0ff"},"headline":"Serik&#8217;te Agave a\u011fac\u0131 bulundu","datePublished":"2025-06-04T12:41:54+00:00","mainEntityOfPage":{"@id":"https:\/\/denizcankizil.tr\/ru\/haberler\/antalya\/serikte-agave-agaci-bulundu\/"},"wordCount":214,"publisher":{"@id":"https:\/\/denizcankizil.tr\/#organization"},"image":{"@id":"https:\/\/denizcankizil.tr\/ru\/haberler\/antalya\/serikte-agave-agaci-bulundu\/#primaryimage"},"thumbnailUrl":"https:\/\/denizcankizil.tr\/wp-content\/uploads\/2025\/06\/6709-01-v1nVBk.jpg","articleSection":["Antalya"],"inLanguage":"ru-RU"},{"@type":"WebPage","@id":"https:\/\/denizcankizil.tr\/ru\/haberler\/antalya\/serikte-agave-agaci-bulundu\/","url":"https:\/\/denizcankizil.tr\/ru\/haberler\/antalya\/serikte-agave-agaci-bulundu\/","name":"Serik'te Agave a\u011fac\u0131 bulundu - Av. Deniz Can K\u0131z\u0131l","isPartOf":{"@id":"https:\/\/denizcankizil.tr\/#website"},"primaryImageOfPage":{"@id":"https:\/\/denizcankizil.tr\/ru\/haberler\/antalya\/serikte-agave-agaci-bulundu\/#primaryimage"},"image":{"@id":"https:\/\/denizcankizil.tr\/ru\/haberler\/antalya\/serikte-agave-agaci-bulundu\/#primaryimage"},"thumbnailUrl":"https:\/\/denizcankizil.tr\/wp-content\/uploads\/2025\/06\/6709-01-v1nVBk.jpg","datePublished":"2025-06-04T12:41:54+00:00","breadcrumb":{"@id":"https:\/\/denizcankizil.tr\/ru\/haberler\/antalya\/serikte-agave-agaci-bulundu\/#breadcrumb"},"inLanguage":"ru-RU","potentialAction":[{"@type":"ReadAction","target":["https:\/\/denizcankizil.tr\/ru\/haberler\/antalya\/serikte-agave-agaci-bulundu\/"]}]},{"@type":"ImageObject","inLanguage":"ru-RU","@id":"https:\/\/denizcankizil.tr\/ru\/haberler\/antalya\/serikte-agave-agaci-bulundu\/#primaryimage","url":"https:\/\/denizcankizil.tr\/wp-content\/uploads\/2025\/06\/6709-01-v1nVBk.jpg","contentUrl":"https:\/\/denizcankizil.tr\/wp-content\/uploads\/2025\/06\/6709-01-v1nVBk.jpg","width":1280,"height":720},{"@type":"BreadcrumbList","@id":"https:\/\/denizcankizil.tr\/ru\/haberler\/antalya\/serikte-agave-agaci-bulundu\/#breadcrumb","itemListElement":[{"@type":"ListItem","position":1,"name":"Home","item":"https:\/\/denizcankizil.tr\/de\/"},{"@type":"ListItem","position":2,"name":"Serik&#8217;te Agave a\u011fac\u0131 bulundu"}]},{"@type":"WebSite","@id":"https:\/\/denizcankizil.tr\/#website","url":"https:\/\/denizcankizil.tr\/","name":"Av. Deniz Can K\u0131z\u0131l","description":"Avukat Deniz Can K\u0131z\u0131l Antalya Barosu","publisher":{"@id":"https:\/\/denizcankizil.tr\/#organization"},"potentialAction":[{"@type":"SearchAction","target":{"@type":"EntryPoint","urlTemplate":"https:\/\/denizcankizil.tr\/?s={search_term_string}"},"query-input":{"@type":"PropertyValueSpecification","valueRequired":true,"valueName":"search_term_string"}}],"inLanguage":"ru-RU"},{"@type":"Organization","@id":"https:\/\/denizcankizil.tr\/#organization","name":"Av. Deniz Can K\u0131z\u0131l","url":"https:\/\/denizcankizil.tr\/","logo":{"@type":"ImageObject","inLanguage":"ru-RU","@id":"https:\/\/denizcankizil.tr\/#\/schema\/logo\/image\/","url":"https:\/\/denizcankizil.tr\/wp-content\/uploads\/2024\/10\/siyah-logo-svg.svg","contentUrl":"https:\/\/denizcankizil.tr\/wp-content\/uploads\/2024\/10\/siyah-logo-svg.svg","width":1080,"height":1080,"caption":"Av. Deniz Can K\u0131z\u0131l"},"image":{"@id":"https:\/\/denizcankizil.tr\/#\/schema\/logo\/image\/"}},{"@type":"Person","@id":"https:\/\/denizcankizil.tr\/#\/schema\/person\/5dc1b22991bd7ac833867c10afc9b0ff","name":"Av. Deniz Can K\u0131z\u0131l","image":{"@type":"ImageObject","inLanguage":"ru-RU","@id":"https:\/\/denizcankizil.tr\/#\/schema\/person\/image\/","url":"https:\/\/secure.gravatar.com\/avatar\/a0b128fb9855c79efc976d5640eedb31dc35ec297594d6016d2cf7c60e975bb6?s=96&d=mm&r=g","contentUrl":"https:\/\/secure.gravatar.com\/avatar\/a0b128fb9855c79efc976d5640eedb31dc35ec297594d6016d2cf7c60e975bb6?s=96&d=mm&r=g","caption":"Av. Deniz Can K\u0131z\u0131l"},"sameAs":["http:\/\/www.denizcankizil.tr"],"url":"https:\/\/denizcankizil.tr\/ru\/author\/denizcankizil\/"}]}},"_links":{"self":[{"href":"https:\/\/denizcankizil.tr\/ru\/wp-json\/wp\/v2\/posts\/106307","targetHints":{"allow":["GET"]}}],"collection":[{"href":"https:\/\/denizcankizil.tr\/ru\/wp-json\/wp\/v2\/posts"}],"about":[{"href":"https:\/\/denizcankizil.tr\/ru\/wp-json\/wp\/v2\/types\/post"}],"author":[{"embeddable":true,"href":"https:\/\/denizcankizil.tr\/ru\/wp-json\/wp\/v2\/users\/4"}],"replies":[{"embeddable":true,"href":"https:\/\/denizcankizil.tr\/ru\/wp-json\/wp\/v2\/comments?post=106307"}],"version-history":[{"count":0,"href":"https:\/\/denizcankizil.tr\/ru\/wp-json\/wp\/v2\/posts\/106307\/revisions"}],"wp:featuredmedia":[{"embeddable":true,"href":"https:\/\/denizcankizil.tr\/ru\/wp-json\/wp\/v2\/media\/106308"}],"wp:attachment":[{"href":"https:\/\/denizcankizil.tr\/ru\/wp-json\/wp\/v2\/media?parent=106307"}],"wp:term":[{"taxonomy":"category","embeddable":true,"href":"https:\/\/denizcankizil.tr\/ru\/wp-json\/wp\/v2\/categories?post=106307"},{"taxonomy":"post_tag","embeddable":true,"href":"https:\/\/denizcankizil.tr\/ru\/wp-json\/wp\/v2\/tags?post=106307"}],"curies":[{"name":"wp","href":"https:\/\/api.w.org\/{rel}","templated":true}]}}