{"id":105123,"date":"2025-06-03T14:41:35","date_gmt":"2025-06-03T11:41:35","guid":{"rendered":"https:\/\/denizcankizil.tr\/uncategorized-tr\/kurban-bayraminda-saglikli-beslenme-rehberi\/"},"modified":"2025-06-03T14:41:35","modified_gmt":"2025-06-03T11:41:35","slug":"kurban-bayraminda-saglikli-beslenme-rehberi","status":"publish","type":"post","link":"https:\/\/denizcankizil.tr\/ru\/haberler\/antalya\/kurban-bayraminda-saglikli-beslenme-rehberi\/","title":{"rendered":"Kurban Bayram\u0131&#8217;nda sa\u011fl\u0131kl\u0131 beslenme rehberi"},"content":{"rendered":"<p>Alanya Alaaddin Keykubat \u00dcniversitesi (ALK\u00dc), bilimsel \u00e7al\u0131\u015fmalar\u0131n\u0131n yan\u0131 s\u0131ra toplum sa\u011fl\u0131\u011f\u0131na katk\u0131 sa\u011flayan \u00e7al\u0131\u015fmalar\u0131yla da fark olu\u015fturmay\u0131 s\u00fcrd\u00fcr\u00fcyor. Kurban Bayram\u0131 yakla\u015f\u0131rken ALK\u00dc&#8217;n\u00fcn uzman akademisyenleri; bayram s\u00fcrecinde vatanda\u015flar\u0131n dikkat etmesi gereken hijyen kurallar\u0131, mutfak g\u00fcvenli\u011fi ve dengeli beslenme konusunda \u00f6nemli bilgiler payla\u015ft\u0131. Kurban kesiminden sofraya kadar uzanan bu s\u00fcre\u00e7te sa\u011fl\u0131\u011f\u0131n korunmas\u0131 i\u00e7in nelere dikkat edilmesi gerekti\u011fini vurgulayan akademisyenler, \u00f6zellikle bayram boyunca s\u0131k\u00e7a kar\u015f\u0131la\u015f\u0131lan sindirim sorunlar\u0131n\u0131n da \u00f6n\u00fcne ge\u00e7ebilmek ad\u0131na sa\u011fl\u0131kl\u0131 beslenme \u00f6nerilerinde bulundu.<\/p>\n<p>Do\u00e7. Dr. Nebio\u011flu: &#8220;Etler 12 ila 24 saat aras\u0131nda dinlendirilmelidir&#8221;<br \/>\nALK\u00dc Turizm Fak\u00fcltesi Gastronomi ve Mutfak Sanatlar\u0131 B\u00f6l\u00fcm Ba\u015fkan\u0131 Do\u00e7. Dr. O\u011fuz Nebio\u011flu, etin kesim an\u0131ndan t\u00fcketimine kadar ge\u00e7en s\u00fcrecin titizlikle y\u00f6netilmesi gerekti\u011fini belirtti. &#8220;Kurban kesiminde kullan\u0131lan ekipmanlar\u0131n temizli\u011fi \u00e7ok \u00f6nemli. Ki\u015fisel hijyen kurallar\u0131na mutlaka uyulmal\u0131, at\u0131klar \u00e7evreye rastgele b\u0131rak\u0131lmamal\u0131, uygun \u015fekilde bertaraf edilmelidir&#8221; diyen Do\u00e7. Dr. O\u011fuz Nebio\u011flu, etin kesildikten sonra serin ve hava alan bir ortamda en az 12 ila 24 saat dinlendirilmesi gerekti\u011fine dikkat \u00e7ekti. Do\u00e7. Dr. Nebio\u011flu a\u00e7\u0131klamas\u0131n\u0131n devam\u0131nda, &#8220;Etin dinlendirilmeden t\u00fcketilmesi sindirimde zorluklara ve mide problemlerine yol a\u00e7abilir. Etler oda s\u0131cakl\u0131\u011f\u0131nda uzun s\u00fcre bekletilmemeli, so\u011fuk zincir korunarak buzdolab\u0131 ya da derin dondurucuda uygun durumlarda saklanmal\u0131d\u0131r. \u00c7\u00f6z\u00fcnd\u00fcr\u00fcl\u00fcp tekrar dondurulan etler kesinlikle t\u00fcketilmemelidir. Sa\u011fl\u0131kl\u0131 bir pi\u015firme i\u00e7in etin i\u00e7 s\u0131cakl\u0131\u011f\u0131 en az 70-75 dereceye ula\u015fmal\u0131d\u0131r. \u00c7i\u011f ya da az pi\u015fmi\u015f etler baz\u0131 hastal\u0131k risklerini beraberinde getirebilir. Mangalda pi\u015firme yap\u0131lacaksa et do\u011frudan ate\u015fle temas etmemeli, k\u00f6m\u00fcrle\u015fmi\u015f k\u0131s\u0131mlar ise kesinlikle t\u00fcketilmemelidir. Etin yan\u0131nda sebze, yo\u011furt ve tam tah\u0131llarla dengeli tabaklar haz\u0131rlanmas\u0131 hem lezzet hem de sa\u011fl\u0131k a\u00e7\u0131s\u0131ndan \u00f6nemlidir&#8221; ifadelerine yer verdi. Kurban etinin payla\u015f\u0131m\u0131na da de\u011finen Nebio\u011flu, &#8220;Bu ibadet, ayn\u0131 zamanda toplumsal dayan\u0131\u015fma ve yard\u0131mla\u015fma k\u00fclt\u00fcr\u00fcn\u00fcn bir par\u00e7as\u0131d\u0131r. Etlerin da\u011f\u0131t\u0131m\u0131 temiz ortamlarda yap\u0131lmal\u0131, hijyenik ambalajlarla ihtiya\u00e7 sahiplerine ula\u015ft\u0131r\u0131lmal\u0131d\u0131r. G\u0131da g\u00fcvenli\u011fi a\u00e7\u0131s\u0131ndan bu \u00e7ok k\u0131ymetlidir&#8221; dedi. Kavurman\u0131n p\u00fcf noktalar\u0131na de\u011finen Nebio\u011flu, &#8220;Kavurma yaparken etin mutlaka dinlenmi\u015f olmas\u0131 gerekir. Ya\u011fs\u0131z dana etinde kavurma s\u0131ras\u0131nda az miktarda s\u0131v\u0131 ya\u011f eklenebilir. Ancak kuzu eti gibi ya\u011fl\u0131 etlerde ilave ya\u011fa ihtiya\u00e7 yoktur. Etin kendi suyunu \u00e7ekerek yava\u015f yava\u015f pi\u015firilmesi hem lezzeti art\u0131r\u0131r hem de besin de\u011ferini korur. Tuz ise en son a\u015famada eklenmelidir; bu sayede etin yumu\u015fakl\u0131\u011f\u0131 korunur&#8221; diye konu\u015ftu.<\/p>\n<p>Dr. \u00d6\u011fr. \u00dcyesi Topta\u015f B\u0131y\u0131kl\u0131: &#8220;K\u0131rm\u0131z\u0131 et, y\u00fcksek besin de\u011feri ta\u015f\u0131r&#8221;<br \/>\nALK\u00dc Sa\u011fl\u0131k Bilimleri Fak\u00fcltesi Beslenme ve Diyetetik B\u00f6l\u00fcm\u00fc akademisyenlerinden Dr. \u00d6\u011fr. \u00dcyesi Ezgi Topta\u015f B\u0131y\u0131kl\u0131 ise bayram s\u00fcresince sa\u011fl\u0131kl\u0131 beslenmenin \u00f6nemine dikkat \u00e7ekti. Bayram d\u00f6nemlerinde k\u0131rm\u0131z\u0131 et t\u00fcketiminin artmas\u0131n\u0131n yan\u0131 s\u0131ra hamur i\u015fleri, \u015ferbetli tatl\u0131lar, \u00e7ikolata ve \u015fekerlemelerin de sofralarda s\u0131k\u00e7a yer ald\u0131\u011f\u0131n\u0131 belirten Topta\u015f B\u0131y\u0131kl\u0131, bu durumun \u00f6zellikle kronik rahats\u0131zl\u0131\u011f\u0131 olan bireylerde sa\u011fl\u0131k risklerini art\u0131rabilece\u011fini s\u00f6yleyerek s\u00f6zlerini \u015f\u00f6yle tamamlad\u0131:<br \/>\n&#8220;K\u0131rm\u0131z\u0131 et, y\u00fcksek besin de\u011feri ta\u015f\u0131r; \u00f6zellikle protein, demir, \u00e7inko ve B12 vitamini a\u00e7\u0131s\u0131ndan olduk\u00e7a zengindir. Ancak i\u00e7erdi\u011fi doymu\u015f ya\u011f ve kolesterol nedeniyle mutlaka \u00f6l\u00e7\u00fcl\u00fc t\u00fcketilmelidir. Kalp-damar hastal\u0131\u011f\u0131, hipertansiyon ve diyabet gibi sa\u011fl\u0131k sorunlar\u0131 olan bireyler, ya\u011fs\u0131z et b\u00f6l\u00fcmlerini tercih etmeli ve porsiyon kontrol\u00fcne dikkat etmelidir. Etin yan\u0131nda t\u00fcketilecek sebzeler ve salatalar yaln\u0131zca sindirimi kolayla\u015ft\u0131rmakla kalmaz, ayn\u0131 zamanda etteki demirin emilimini art\u0131r\u0131r ve lif al\u0131m\u0131n\u0131 y\u00fckselterek sindirim sistemi sa\u011fl\u0131\u011f\u0131n\u0131 destekler. Bayram sofralar\u0131nda her \u00f6\u011f\u00fcnde k\u0131rm\u0131z\u0131 et t\u00fcketimi do\u011fru de\u011fildir.<\/p>\n<p>\u00d6\u011f\u00fcnlerde \u00e7e\u015fitlili\u011fe \u00f6nem verilmeli; \u00e7orba, yo\u011furt, ayran, zeytinya\u011fl\u0131 sebzeler ve kuru baklagiller de sofralarda yer almal\u0131d\u0131r. Etlerin pi\u015firilmesinde ilave ya\u011f kullan\u0131lmamal\u0131, kavurma gibi a\u011f\u0131r y\u00f6ntemler yerine ha\u015flama, f\u0131r\u0131n veya \u0131zgara gibi daha sa\u011fl\u0131kl\u0131 pi\u015firme teknikleri tercih edilmelidir. Ayr\u0131ca \u00f6\u011f\u00fcn atlamak kan \u015fekeri dengesini bozabilir; bu nedenle d\u00fczenli beslenmeye dikkat edilmelidir. Tatl\u0131 t\u00fcketiminde de \u00f6l\u00e7\u00fc ka\u00e7\u0131r\u0131lmamal\u0131d\u0131r. \u015eerbetli tatl\u0131lar yerine s\u00fctl\u00fc ya da meyve bazl\u0131 tatl\u0131lar daha sa\u011fl\u0131kl\u0131 bir alternatif olacakt\u0131r. Bayram boyunca su t\u00fcketimi asla ihmal edilmemeli, g\u00fcnde ortalama 2 litre su i\u00e7ilmeli ve her g\u00fcn yap\u0131lacak yakla\u015f\u0131k 45 dakikal\u0131k y\u00fcr\u00fcy\u00fc\u015fler hem sindirim sistemine hem de genel sa\u011fl\u0131\u011fa b\u00fcy\u00fck katk\u0131 sa\u011flar.&#8221;<\/p>\n<p>Kaynak: www.kanalv.com.tr Haber Sitesinden Al\u0131nm\u0131\u015ft\u0131r.<\/p>","protected":false},"excerpt":{"rendered":"<p>Alanya Alaaddin Keykubat \u00dcniversitesi (ALK\u00dc), bilimsel \u00e7al\u0131\u015fmalar\u0131n\u0131n yan\u0131 s\u0131ra toplum sa\u011fl\u0131\u011f\u0131na katk\u0131 sa\u011flayan \u00e7al\u0131\u015fmalar\u0131yla da fark olu\u015fturmay\u0131 s\u00fcrd\u00fcr\u00fcyor. Kurban Bayram\u0131 yakla\u015f\u0131rken ALK\u00dc&#8217;n\u00fcn uzman akademisyenleri; bayram s\u00fcrecinde vatanda\u015flar\u0131n dikkat etmesi gereken hijyen kurallar\u0131, mutfak g\u00fcvenli\u011fi ve dengeli beslenme konusunda \u00f6nemli bilgiler payla\u015ft\u0131. Kurban kesiminden sofraya kadar uzanan bu s\u00fcre\u00e7te sa\u011fl\u0131\u011f\u0131n korunmas\u0131 i\u00e7in nelere dikkat edilmesi gerekti\u011fini vurgulayan akademisyenler, \u00f6zellikle bayram boyunca s\u0131k\u00e7a kar\u015f\u0131la\u015f\u0131lan sindirim sorunlar\u0131n\u0131n da \u00f6n\u00fcne ge\u00e7ebilmek ad\u0131na sa\u011fl\u0131kl\u0131 beslenme \u00f6nerilerinde bulundu. Do\u00e7. Dr. Nebio\u011flu: &#8220;Etler 12 ila 24 saat aras\u0131nda dinlendirilmelidir&#8221; ALK\u00dc Turizm Fak\u00fcltesi Gastronomi ve Mutfak Sanatlar\u0131 B\u00f6l\u00fcm Ba\u015fkan\u0131 Do\u00e7. Dr. O\u011fuz Nebio\u011flu, etin kesim an\u0131ndan t\u00fcketimine kadar ge\u00e7en s\u00fcrecin titizlikle y\u00f6netilmesi gerekti\u011fini belirtti. &#8220;Kurban kesiminde kullan\u0131lan ekipmanlar\u0131n temizli\u011fi \u00e7ok \u00f6nemli. Ki\u015fisel hijyen kurallar\u0131na mutlaka uyulmal\u0131, at\u0131klar \u00e7evreye rastgele b\u0131rak\u0131lmamal\u0131, uygun \u015fekilde bertaraf edilmelidir&#8221; diyen Do\u00e7. Dr. O\u011fuz Nebio\u011flu, etin kesildikten sonra serin ve hava alan bir ortamda en az 12 ila 24 saat dinlendirilmesi gerekti\u011fine dikkat \u00e7ekti. Do\u00e7. Dr. Nebio\u011flu a\u00e7\u0131klamas\u0131n\u0131n devam\u0131nda, &#8220;Etin dinlendirilmeden t\u00fcketilmesi sindirimde zorluklara ve mide problemlerine yol a\u00e7abilir. Etler oda s\u0131cakl\u0131\u011f\u0131nda uzun s\u00fcre bekletilmemeli, so\u011fuk zincir korunarak buzdolab\u0131 ya da derin dondurucuda uygun durumlarda saklanmal\u0131d\u0131r. \u00c7\u00f6z\u00fcnd\u00fcr\u00fcl\u00fcp tekrar dondurulan etler kesinlikle t\u00fcketilmemelidir. Sa\u011fl\u0131kl\u0131 bir pi\u015firme i\u00e7in etin i\u00e7 s\u0131cakl\u0131\u011f\u0131 en az 70-75 dereceye ula\u015fmal\u0131d\u0131r. &hellip;<\/p>","protected":false},"author":4,"featured_media":105124,"comment_status":"","ping_status":"open","sticky":false,"template":"","format":"standard","meta":{"_acf_changed":false,"footnotes":""},"categories":[26],"tags":[],"class_list":["post-105123","post","type-post","status-publish","format-standard","has-post-thumbnail","hentry","category-antalya"],"acf":[],"yoast_head":"<!-- This site is optimized with the Yoast SEO Premium plugin v26.6 (Yoast SEO v27.1.1) - https:\/\/yoast.com\/product\/yoast-seo-premium-wordpress\/ -->\n<title>Kurban Bayram\u0131&#039;nda sa\u011fl\u0131kl\u0131 beslenme rehberi - Av. Deniz Can K\u0131z\u0131l<\/title>\n<meta name=\"robots\" content=\"index, follow, max-snippet:-1, max-image-preview:large, max-video-preview:-1\" \/>\n<link rel=\"canonical\" href=\"https:\/\/denizcankizil.tr\/ru\/haberler\/antalya\/kurban-bayraminda-saglikli-beslenme-rehberi\/\" \/>\n<meta property=\"og:locale\" content=\"ru_RU\" \/>\n<meta property=\"og:type\" content=\"article\" \/>\n<meta property=\"og:title\" content=\"Kurban Bayram\u0131&#039;nda sa\u011fl\u0131kl\u0131 beslenme rehberi\" \/>\n<meta property=\"og:description\" content=\"Alanya Alaaddin Keykubat \u00dcniversitesi (ALK\u00dc), bilimsel \u00e7al\u0131\u015fmalar\u0131n\u0131n yan\u0131 s\u0131ra toplum sa\u011fl\u0131\u011f\u0131na katk\u0131 sa\u011flayan \u00e7al\u0131\u015fmalar\u0131yla da fark olu\u015fturmay\u0131 s\u00fcrd\u00fcr\u00fcyor. Kurban Bayram\u0131 yakla\u015f\u0131rken ALK\u00dc&#8217;n\u00fcn uzman akademisyenleri; bayram s\u00fcrecinde vatanda\u015flar\u0131n dikkat etmesi gereken hijyen kurallar\u0131, mutfak g\u00fcvenli\u011fi ve dengeli beslenme konusunda \u00f6nemli bilgiler payla\u015ft\u0131. Kurban kesiminden sofraya kadar uzanan bu s\u00fcre\u00e7te sa\u011fl\u0131\u011f\u0131n korunmas\u0131 i\u00e7in nelere dikkat edilmesi gerekti\u011fini vurgulayan akademisyenler, \u00f6zellikle bayram boyunca s\u0131k\u00e7a kar\u015f\u0131la\u015f\u0131lan sindirim sorunlar\u0131n\u0131n da \u00f6n\u00fcne ge\u00e7ebilmek ad\u0131na sa\u011fl\u0131kl\u0131 beslenme \u00f6nerilerinde bulundu. Do\u00e7. Dr. Nebio\u011flu: &#8220;Etler 12 ila 24 saat aras\u0131nda dinlendirilmelidir&#8221; ALK\u00dc Turizm Fak\u00fcltesi Gastronomi ve Mutfak Sanatlar\u0131 B\u00f6l\u00fcm Ba\u015fkan\u0131 Do\u00e7. Dr. O\u011fuz Nebio\u011flu, etin kesim an\u0131ndan t\u00fcketimine kadar ge\u00e7en s\u00fcrecin titizlikle y\u00f6netilmesi gerekti\u011fini belirtti. &#8220;Kurban kesiminde kullan\u0131lan ekipmanlar\u0131n temizli\u011fi \u00e7ok \u00f6nemli. Ki\u015fisel hijyen kurallar\u0131na mutlaka uyulmal\u0131, at\u0131klar \u00e7evreye rastgele b\u0131rak\u0131lmamal\u0131, uygun \u015fekilde bertaraf edilmelidir&#8221; diyen Do\u00e7. Dr. O\u011fuz Nebio\u011flu, etin kesildikten sonra serin ve hava alan bir ortamda en az 12 ila 24 saat dinlendirilmesi gerekti\u011fine dikkat \u00e7ekti. Do\u00e7. Dr. Nebio\u011flu a\u00e7\u0131klamas\u0131n\u0131n devam\u0131nda, &#8220;Etin dinlendirilmeden t\u00fcketilmesi sindirimde zorluklara ve mide problemlerine yol a\u00e7abilir. Etler oda s\u0131cakl\u0131\u011f\u0131nda uzun s\u00fcre bekletilmemeli, so\u011fuk zincir korunarak buzdolab\u0131 ya da derin dondurucuda uygun durumlarda saklanmal\u0131d\u0131r. \u00c7\u00f6z\u00fcnd\u00fcr\u00fcl\u00fcp tekrar dondurulan etler kesinlikle t\u00fcketilmemelidir. Sa\u011fl\u0131kl\u0131 bir pi\u015firme i\u00e7in etin i\u00e7 s\u0131cakl\u0131\u011f\u0131 en az 70-75 dereceye ula\u015fmal\u0131d\u0131r. &hellip;\" \/>\n<meta property=\"og:url\" content=\"https:\/\/denizcankizil.tr\/ru\/haberler\/antalya\/kurban-bayraminda-saglikli-beslenme-rehberi\/\" \/>\n<meta property=\"og:site_name\" content=\"Av. Deniz Can K\u0131z\u0131l\" \/>\n<meta property=\"article:published_time\" content=\"2025-06-03T11:41:35+00:00\" \/>\n<meta property=\"og:image\" content=\"https:\/\/denizcankizil.tr\/wp-content\/uploads\/2025\/06\/6685-01-gMbxB4.jpg\" \/>\n\t<meta property=\"og:image:width\" content=\"1280\" \/>\n\t<meta property=\"og:image:height\" content=\"720\" \/>\n\t<meta property=\"og:image:type\" content=\"image\/jpeg\" \/>\n<meta name=\"author\" content=\"Av. Deniz Can K\u0131z\u0131l\" \/>\n<meta name=\"twitter:card\" content=\"summary_large_image\" \/>\n<meta name=\"twitter:label1\" content=\"\u041d\u0430\u043f\u0438\u0441\u0430\u043d\u043e \u0430\u0432\u0442\u043e\u0440\u043e\u043c\" \/>\n\t<meta name=\"twitter:data1\" content=\"Av. Deniz Can K\u0131z\u0131l\" \/>\n\t<meta name=\"twitter:label2\" content=\"\u041f\u0440\u0438\u043c\u0435\u0440\u043d\u043e\u0435 \u0432\u0440\u0435\u043c\u044f \u0434\u043b\u044f \u0447\u0442\u0435\u043d\u0438\u044f\" \/>\n\t<meta name=\"twitter:data2\" content=\"4 \u043c\u0438\u043d\u0443\u0442\u044b\" \/>\n<script type=\"application\/ld+json\" class=\"yoast-schema-graph\">{\"@context\":\"https:\/\/schema.org\",\"@graph\":[{\"@type\":\"Article\",\"@id\":\"https:\/\/denizcankizil.tr\/ru\/haberler\/antalya\/kurban-bayraminda-saglikli-beslenme-rehberi\/#article\",\"isPartOf\":{\"@id\":\"https:\/\/denizcankizil.tr\/ru\/haberler\/antalya\/kurban-bayraminda-saglikli-beslenme-rehberi\/\"},\"author\":{\"name\":\"Av. Deniz Can K\u0131z\u0131l\",\"@id\":\"https:\/\/denizcankizil.tr\/#\/schema\/person\/5dc1b22991bd7ac833867c10afc9b0ff\"},\"headline\":\"Kurban Bayram\u0131&#8217;nda sa\u011fl\u0131kl\u0131 beslenme rehberi\",\"datePublished\":\"2025-06-03T11:41:35+00:00\",\"mainEntityOfPage\":{\"@id\":\"https:\/\/denizcankizil.tr\/ru\/haberler\/antalya\/kurban-bayraminda-saglikli-beslenme-rehberi\/\"},\"wordCount\":877,\"publisher\":{\"@id\":\"https:\/\/denizcankizil.tr\/#organization\"},\"image\":{\"@id\":\"https:\/\/denizcankizil.tr\/ru\/haberler\/antalya\/kurban-bayraminda-saglikli-beslenme-rehberi\/#primaryimage\"},\"thumbnailUrl\":\"https:\/\/denizcankizil.tr\/wp-content\/uploads\/2025\/06\/6685-01-gMbxB4.jpg\",\"articleSection\":[\"Antalya\"],\"inLanguage\":\"ru-RU\"},{\"@type\":\"WebPage\",\"@id\":\"https:\/\/denizcankizil.tr\/ru\/haberler\/antalya\/kurban-bayraminda-saglikli-beslenme-rehberi\/\",\"url\":\"https:\/\/denizcankizil.tr\/ru\/haberler\/antalya\/kurban-bayraminda-saglikli-beslenme-rehberi\/\",\"name\":\"Kurban Bayram\u0131'nda sa\u011fl\u0131kl\u0131 beslenme rehberi - Av. Deniz Can K\u0131z\u0131l\",\"isPartOf\":{\"@id\":\"https:\/\/denizcankizil.tr\/#website\"},\"primaryImageOfPage\":{\"@id\":\"https:\/\/denizcankizil.tr\/ru\/haberler\/antalya\/kurban-bayraminda-saglikli-beslenme-rehberi\/#primaryimage\"},\"image\":{\"@id\":\"https:\/\/denizcankizil.tr\/ru\/haberler\/antalya\/kurban-bayraminda-saglikli-beslenme-rehberi\/#primaryimage\"},\"thumbnailUrl\":\"https:\/\/denizcankizil.tr\/wp-content\/uploads\/2025\/06\/6685-01-gMbxB4.jpg\",\"datePublished\":\"2025-06-03T11:41:35+00:00\",\"breadcrumb\":{\"@id\":\"https:\/\/denizcankizil.tr\/ru\/haberler\/antalya\/kurban-bayraminda-saglikli-beslenme-rehberi\/#breadcrumb\"},\"inLanguage\":\"ru-RU\",\"potentialAction\":[{\"@type\":\"ReadAction\",\"target\":[\"https:\/\/denizcankizil.tr\/ru\/haberler\/antalya\/kurban-bayraminda-saglikli-beslenme-rehberi\/\"]}]},{\"@type\":\"ImageObject\",\"inLanguage\":\"ru-RU\",\"@id\":\"https:\/\/denizcankizil.tr\/ru\/haberler\/antalya\/kurban-bayraminda-saglikli-beslenme-rehberi\/#primaryimage\",\"url\":\"https:\/\/denizcankizil.tr\/wp-content\/uploads\/2025\/06\/6685-01-gMbxB4.jpg\",\"contentUrl\":\"https:\/\/denizcankizil.tr\/wp-content\/uploads\/2025\/06\/6685-01-gMbxB4.jpg\",\"width\":1280,\"height\":720},{\"@type\":\"BreadcrumbList\",\"@id\":\"https:\/\/denizcankizil.tr\/ru\/haberler\/antalya\/kurban-bayraminda-saglikli-beslenme-rehberi\/#breadcrumb\",\"itemListElement\":[{\"@type\":\"ListItem\",\"position\":1,\"name\":\"Home\",\"item\":\"https:\/\/denizcankizil.tr\/de\/\"},{\"@type\":\"ListItem\",\"position\":2,\"name\":\"Kurban Bayram\u0131&#8217;nda sa\u011fl\u0131kl\u0131 beslenme rehberi\"}]},{\"@type\":\"WebSite\",\"@id\":\"https:\/\/denizcankizil.tr\/#website\",\"url\":\"https:\/\/denizcankizil.tr\/\",\"name\":\"Av. Deniz Can K\u0131z\u0131l\",\"description\":\"Avukat Deniz Can K\u0131z\u0131l Antalya Barosu\",\"publisher\":{\"@id\":\"https:\/\/denizcankizil.tr\/#organization\"},\"potentialAction\":[{\"@type\":\"SearchAction\",\"target\":{\"@type\":\"EntryPoint\",\"urlTemplate\":\"https:\/\/denizcankizil.tr\/?s={search_term_string}\"},\"query-input\":{\"@type\":\"PropertyValueSpecification\",\"valueRequired\":true,\"valueName\":\"search_term_string\"}}],\"inLanguage\":\"ru-RU\"},{\"@type\":\"Organization\",\"@id\":\"https:\/\/denizcankizil.tr\/#organization\",\"name\":\"Av. Deniz Can K\u0131z\u0131l\",\"url\":\"https:\/\/denizcankizil.tr\/\",\"logo\":{\"@type\":\"ImageObject\",\"inLanguage\":\"ru-RU\",\"@id\":\"https:\/\/denizcankizil.tr\/#\/schema\/logo\/image\/\",\"url\":\"https:\/\/denizcankizil.tr\/wp-content\/uploads\/2024\/10\/siyah-logo-svg.svg\",\"contentUrl\":\"https:\/\/denizcankizil.tr\/wp-content\/uploads\/2024\/10\/siyah-logo-svg.svg\",\"width\":1080,\"height\":1080,\"caption\":\"Av. Deniz Can K\u0131z\u0131l\"},\"image\":{\"@id\":\"https:\/\/denizcankizil.tr\/#\/schema\/logo\/image\/\"}},{\"@type\":\"Person\",\"@id\":\"https:\/\/denizcankizil.tr\/#\/schema\/person\/5dc1b22991bd7ac833867c10afc9b0ff\",\"name\":\"Av. Deniz Can K\u0131z\u0131l\",\"image\":{\"@type\":\"ImageObject\",\"inLanguage\":\"ru-RU\",\"@id\":\"https:\/\/denizcankizil.tr\/#\/schema\/person\/image\/\",\"url\":\"https:\/\/secure.gravatar.com\/avatar\/a0b128fb9855c79efc976d5640eedb31dc35ec297594d6016d2cf7c60e975bb6?s=96&d=mm&r=g\",\"contentUrl\":\"https:\/\/secure.gravatar.com\/avatar\/a0b128fb9855c79efc976d5640eedb31dc35ec297594d6016d2cf7c60e975bb6?s=96&d=mm&r=g\",\"caption\":\"Av. Deniz Can K\u0131z\u0131l\"},\"sameAs\":[\"http:\/\/www.denizcankizil.tr\"],\"url\":\"https:\/\/denizcankizil.tr\/ru\/author\/denizcankizil\/\"}]}<\/script>\n<!-- \/ Yoast SEO Premium plugin. -->","yoast_head_json":{"title":"Kurban Bayram\u0131'nda sa\u011fl\u0131kl\u0131 beslenme rehberi - Av. Deniz Can K\u0131z\u0131l","robots":{"index":"index","follow":"follow","max-snippet":"max-snippet:-1","max-image-preview":"max-image-preview:large","max-video-preview":"max-video-preview:-1"},"canonical":"https:\/\/denizcankizil.tr\/ru\/haberler\/antalya\/kurban-bayraminda-saglikli-beslenme-rehberi\/","og_locale":"ru_RU","og_type":"article","og_title":"Kurban Bayram\u0131'nda sa\u011fl\u0131kl\u0131 beslenme rehberi","og_description":"Alanya Alaaddin Keykubat \u00dcniversitesi (ALK\u00dc), bilimsel \u00e7al\u0131\u015fmalar\u0131n\u0131n yan\u0131 s\u0131ra toplum sa\u011fl\u0131\u011f\u0131na katk\u0131 sa\u011flayan \u00e7al\u0131\u015fmalar\u0131yla da fark olu\u015fturmay\u0131 s\u00fcrd\u00fcr\u00fcyor. Kurban Bayram\u0131 yakla\u015f\u0131rken ALK\u00dc&#8217;n\u00fcn uzman akademisyenleri; bayram s\u00fcrecinde vatanda\u015flar\u0131n dikkat etmesi gereken hijyen kurallar\u0131, mutfak g\u00fcvenli\u011fi ve dengeli beslenme konusunda \u00f6nemli bilgiler payla\u015ft\u0131. Kurban kesiminden sofraya kadar uzanan bu s\u00fcre\u00e7te sa\u011fl\u0131\u011f\u0131n korunmas\u0131 i\u00e7in nelere dikkat edilmesi gerekti\u011fini vurgulayan akademisyenler, \u00f6zellikle bayram boyunca s\u0131k\u00e7a kar\u015f\u0131la\u015f\u0131lan sindirim sorunlar\u0131n\u0131n da \u00f6n\u00fcne ge\u00e7ebilmek ad\u0131na sa\u011fl\u0131kl\u0131 beslenme \u00f6nerilerinde bulundu. Do\u00e7. Dr. Nebio\u011flu: &#8220;Etler 12 ila 24 saat aras\u0131nda dinlendirilmelidir&#8221; ALK\u00dc Turizm Fak\u00fcltesi Gastronomi ve Mutfak Sanatlar\u0131 B\u00f6l\u00fcm Ba\u015fkan\u0131 Do\u00e7. Dr. O\u011fuz Nebio\u011flu, etin kesim an\u0131ndan t\u00fcketimine kadar ge\u00e7en s\u00fcrecin titizlikle y\u00f6netilmesi gerekti\u011fini belirtti. &#8220;Kurban kesiminde kullan\u0131lan ekipmanlar\u0131n temizli\u011fi \u00e7ok \u00f6nemli. Ki\u015fisel hijyen kurallar\u0131na mutlaka uyulmal\u0131, at\u0131klar \u00e7evreye rastgele b\u0131rak\u0131lmamal\u0131, uygun \u015fekilde bertaraf edilmelidir&#8221; diyen Do\u00e7. Dr. O\u011fuz Nebio\u011flu, etin kesildikten sonra serin ve hava alan bir ortamda en az 12 ila 24 saat dinlendirilmesi gerekti\u011fine dikkat \u00e7ekti. Do\u00e7. Dr. Nebio\u011flu a\u00e7\u0131klamas\u0131n\u0131n devam\u0131nda, &#8220;Etin dinlendirilmeden t\u00fcketilmesi sindirimde zorluklara ve mide problemlerine yol a\u00e7abilir. Etler oda s\u0131cakl\u0131\u011f\u0131nda uzun s\u00fcre bekletilmemeli, so\u011fuk zincir korunarak buzdolab\u0131 ya da derin dondurucuda uygun durumlarda saklanmal\u0131d\u0131r. \u00c7\u00f6z\u00fcnd\u00fcr\u00fcl\u00fcp tekrar dondurulan etler kesinlikle t\u00fcketilmemelidir. Sa\u011fl\u0131kl\u0131 bir pi\u015firme i\u00e7in etin i\u00e7 s\u0131cakl\u0131\u011f\u0131 en az 70-75 dereceye ula\u015fmal\u0131d\u0131r. &hellip;","og_url":"https:\/\/denizcankizil.tr\/ru\/haberler\/antalya\/kurban-bayraminda-saglikli-beslenme-rehberi\/","og_site_name":"Av. Deniz Can K\u0131z\u0131l","article_published_time":"2025-06-03T11:41:35+00:00","og_image":[{"width":1280,"height":720,"url":"https:\/\/denizcankizil.tr\/wp-content\/uploads\/2025\/06\/6685-01-gMbxB4.jpg","type":"image\/jpeg"}],"author":"Av. Deniz Can K\u0131z\u0131l","twitter_card":"summary_large_image","twitter_misc":{"\u041d\u0430\u043f\u0438\u0441\u0430\u043d\u043e \u0430\u0432\u0442\u043e\u0440\u043e\u043c":"Av. Deniz Can K\u0131z\u0131l","\u041f\u0440\u0438\u043c\u0435\u0440\u043d\u043e\u0435 \u0432\u0440\u0435\u043c\u044f \u0434\u043b\u044f \u0447\u0442\u0435\u043d\u0438\u044f":"4 \u043c\u0438\u043d\u0443\u0442\u044b"},"schema":{"@context":"https:\/\/schema.org","@graph":[{"@type":"Article","@id":"https:\/\/denizcankizil.tr\/ru\/haberler\/antalya\/kurban-bayraminda-saglikli-beslenme-rehberi\/#article","isPartOf":{"@id":"https:\/\/denizcankizil.tr\/ru\/haberler\/antalya\/kurban-bayraminda-saglikli-beslenme-rehberi\/"},"author":{"name":"Av. Deniz Can K\u0131z\u0131l","@id":"https:\/\/denizcankizil.tr\/#\/schema\/person\/5dc1b22991bd7ac833867c10afc9b0ff"},"headline":"Kurban Bayram\u0131&#8217;nda sa\u011fl\u0131kl\u0131 beslenme rehberi","datePublished":"2025-06-03T11:41:35+00:00","mainEntityOfPage":{"@id":"https:\/\/denizcankizil.tr\/ru\/haberler\/antalya\/kurban-bayraminda-saglikli-beslenme-rehberi\/"},"wordCount":877,"publisher":{"@id":"https:\/\/denizcankizil.tr\/#organization"},"image":{"@id":"https:\/\/denizcankizil.tr\/ru\/haberler\/antalya\/kurban-bayraminda-saglikli-beslenme-rehberi\/#primaryimage"},"thumbnailUrl":"https:\/\/denizcankizil.tr\/wp-content\/uploads\/2025\/06\/6685-01-gMbxB4.jpg","articleSection":["Antalya"],"inLanguage":"ru-RU"},{"@type":"WebPage","@id":"https:\/\/denizcankizil.tr\/ru\/haberler\/antalya\/kurban-bayraminda-saglikli-beslenme-rehberi\/","url":"https:\/\/denizcankizil.tr\/ru\/haberler\/antalya\/kurban-bayraminda-saglikli-beslenme-rehberi\/","name":"Kurban Bayram\u0131'nda sa\u011fl\u0131kl\u0131 beslenme rehberi - Av. Deniz Can K\u0131z\u0131l","isPartOf":{"@id":"https:\/\/denizcankizil.tr\/#website"},"primaryImageOfPage":{"@id":"https:\/\/denizcankizil.tr\/ru\/haberler\/antalya\/kurban-bayraminda-saglikli-beslenme-rehberi\/#primaryimage"},"image":{"@id":"https:\/\/denizcankizil.tr\/ru\/haberler\/antalya\/kurban-bayraminda-saglikli-beslenme-rehberi\/#primaryimage"},"thumbnailUrl":"https:\/\/denizcankizil.tr\/wp-content\/uploads\/2025\/06\/6685-01-gMbxB4.jpg","datePublished":"2025-06-03T11:41:35+00:00","breadcrumb":{"@id":"https:\/\/denizcankizil.tr\/ru\/haberler\/antalya\/kurban-bayraminda-saglikli-beslenme-rehberi\/#breadcrumb"},"inLanguage":"ru-RU","potentialAction":[{"@type":"ReadAction","target":["https:\/\/denizcankizil.tr\/ru\/haberler\/antalya\/kurban-bayraminda-saglikli-beslenme-rehberi\/"]}]},{"@type":"ImageObject","inLanguage":"ru-RU","@id":"https:\/\/denizcankizil.tr\/ru\/haberler\/antalya\/kurban-bayraminda-saglikli-beslenme-rehberi\/#primaryimage","url":"https:\/\/denizcankizil.tr\/wp-content\/uploads\/2025\/06\/6685-01-gMbxB4.jpg","contentUrl":"https:\/\/denizcankizil.tr\/wp-content\/uploads\/2025\/06\/6685-01-gMbxB4.jpg","width":1280,"height":720},{"@type":"BreadcrumbList","@id":"https:\/\/denizcankizil.tr\/ru\/haberler\/antalya\/kurban-bayraminda-saglikli-beslenme-rehberi\/#breadcrumb","itemListElement":[{"@type":"ListItem","position":1,"name":"Home","item":"https:\/\/denizcankizil.tr\/de\/"},{"@type":"ListItem","position":2,"name":"Kurban Bayram\u0131&#8217;nda sa\u011fl\u0131kl\u0131 beslenme rehberi"}]},{"@type":"WebSite","@id":"https:\/\/denizcankizil.tr\/#website","url":"https:\/\/denizcankizil.tr\/","name":"Av. Deniz Can K\u0131z\u0131l","description":"Avukat Deniz Can K\u0131z\u0131l Antalya Barosu","publisher":{"@id":"https:\/\/denizcankizil.tr\/#organization"},"potentialAction":[{"@type":"SearchAction","target":{"@type":"EntryPoint","urlTemplate":"https:\/\/denizcankizil.tr\/?s={search_term_string}"},"query-input":{"@type":"PropertyValueSpecification","valueRequired":true,"valueName":"search_term_string"}}],"inLanguage":"ru-RU"},{"@type":"Organization","@id":"https:\/\/denizcankizil.tr\/#organization","name":"Av. Deniz Can K\u0131z\u0131l","url":"https:\/\/denizcankizil.tr\/","logo":{"@type":"ImageObject","inLanguage":"ru-RU","@id":"https:\/\/denizcankizil.tr\/#\/schema\/logo\/image\/","url":"https:\/\/denizcankizil.tr\/wp-content\/uploads\/2024\/10\/siyah-logo-svg.svg","contentUrl":"https:\/\/denizcankizil.tr\/wp-content\/uploads\/2024\/10\/siyah-logo-svg.svg","width":1080,"height":1080,"caption":"Av. Deniz Can K\u0131z\u0131l"},"image":{"@id":"https:\/\/denizcankizil.tr\/#\/schema\/logo\/image\/"}},{"@type":"Person","@id":"https:\/\/denizcankizil.tr\/#\/schema\/person\/5dc1b22991bd7ac833867c10afc9b0ff","name":"Av. Deniz Can K\u0131z\u0131l","image":{"@type":"ImageObject","inLanguage":"ru-RU","@id":"https:\/\/denizcankizil.tr\/#\/schema\/person\/image\/","url":"https:\/\/secure.gravatar.com\/avatar\/a0b128fb9855c79efc976d5640eedb31dc35ec297594d6016d2cf7c60e975bb6?s=96&d=mm&r=g","contentUrl":"https:\/\/secure.gravatar.com\/avatar\/a0b128fb9855c79efc976d5640eedb31dc35ec297594d6016d2cf7c60e975bb6?s=96&d=mm&r=g","caption":"Av. Deniz Can K\u0131z\u0131l"},"sameAs":["http:\/\/www.denizcankizil.tr"],"url":"https:\/\/denizcankizil.tr\/ru\/author\/denizcankizil\/"}]}},"_links":{"self":[{"href":"https:\/\/denizcankizil.tr\/ru\/wp-json\/wp\/v2\/posts\/105123","targetHints":{"allow":["GET"]}}],"collection":[{"href":"https:\/\/denizcankizil.tr\/ru\/wp-json\/wp\/v2\/posts"}],"about":[{"href":"https:\/\/denizcankizil.tr\/ru\/wp-json\/wp\/v2\/types\/post"}],"author":[{"embeddable":true,"href":"https:\/\/denizcankizil.tr\/ru\/wp-json\/wp\/v2\/users\/4"}],"replies":[{"embeddable":true,"href":"https:\/\/denizcankizil.tr\/ru\/wp-json\/wp\/v2\/comments?post=105123"}],"version-history":[{"count":0,"href":"https:\/\/denizcankizil.tr\/ru\/wp-json\/wp\/v2\/posts\/105123\/revisions"}],"wp:featuredmedia":[{"embeddable":true,"href":"https:\/\/denizcankizil.tr\/ru\/wp-json\/wp\/v2\/media\/105124"}],"wp:attachment":[{"href":"https:\/\/denizcankizil.tr\/ru\/wp-json\/wp\/v2\/media?parent=105123"}],"wp:term":[{"taxonomy":"category","embeddable":true,"href":"https:\/\/denizcankizil.tr\/ru\/wp-json\/wp\/v2\/categories?post=105123"},{"taxonomy":"post_tag","embeddable":true,"href":"https:\/\/denizcankizil.tr\/ru\/wp-json\/wp\/v2\/tags?post=105123"}],"curies":[{"name":"wp","href":"https:\/\/api.w.org\/{rel}","templated":true}]}}