{"id":105073,"date":"2025-06-03T13:41:14","date_gmt":"2025-06-03T10:41:14","guid":{"rendered":"https:\/\/denizcankizil.tr\/uncategorized-tr\/dustugu-magarada-mahsur-kalan-keci-kurtarildi\/"},"modified":"2025-06-03T13:41:14","modified_gmt":"2025-06-03T10:41:14","slug":"dustugu-magarada-mahsur-kalan-keci-kurtarildi","status":"publish","type":"post","link":"https:\/\/denizcankizil.tr\/ru\/haberler\/antalya\/dustugu-magarada-mahsur-kalan-keci-kurtarildi\/","title":{"rendered":"D\u00fc\u015ft\u00fc\u011f\u00fc ma\u011farada mahsur kalan ke\u00e7i kurtar\u0131ld\u0131"},"content":{"rendered":"<p>Antalya&#8217;n\u0131n Manavgat&#8217;a il\u00e7esi Be\u015fkonak Mahallesi&#8217;nde bir vatanda\u015fa ait ke\u00e7i, 3 g\u00fcn \u00f6nce kayboldu. Uzun aramalar sonucu kay\u0131p ke\u00e7isini d\u00fc\u015ft\u00fc\u011f\u00fc bir ma\u011farada mahsur kald\u0131\u011f\u0131n\u0131 g\u00f6ren vatanda\u015f durumu jandarma ekiplerine haber verdi. \u0130hbar \u00fczerine ma\u011farada mahsur kalan ke\u00e7iyi kurtarmak \u00fczere \u0130HH Arama Kurtarma ekibinden destek istendi. Jandarma ve \u0130HH Arama Kurtarma ekipleri, ke\u00e7inin sahibi ile birlikte mahsur kald\u0131\u011f\u0131 ma\u011faran\u0131n bulundu\u011fu yere gelerek kurtarma \u00e7al\u0131\u015fmas\u0131 ba\u015flatt\u0131.<\/p>\n<p>Yakla\u015f\u0131k 15 metre derinlikteki ma\u011faraya ip sark\u0131tarak inen ve kaya par\u00e7alar\u0131 ile kapanan giri\u015f k\u0131r\u0131larak temizlendi. Uzun u\u011fra\u015flar sonucu bulundu\u011fu yerden kurtar\u0131lan ke\u00e7i sahibine teslim edildi.<\/p>\n<p>Kaynak: www.kanalv.com.tr Haber Sitesinden Al\u0131nm\u0131\u015ft\u0131r.<\/p>","protected":false},"excerpt":{"rendered":"<p>Antalya&#8217;n\u0131n Manavgat&#8217;a il\u00e7esi Be\u015fkonak Mahallesi&#8217;nde bir vatanda\u015fa ait ke\u00e7i, 3 g\u00fcn \u00f6nce kayboldu. Uzun aramalar sonucu kay\u0131p ke\u00e7isini d\u00fc\u015ft\u00fc\u011f\u00fc bir ma\u011farada mahsur kald\u0131\u011f\u0131n\u0131 g\u00f6ren vatanda\u015f durumu jandarma ekiplerine haber verdi. \u0130hbar \u00fczerine ma\u011farada mahsur kalan ke\u00e7iyi kurtarmak \u00fczere \u0130HH Arama Kurtarma ekibinden destek istendi. Jandarma ve \u0130HH Arama Kurtarma ekipleri, ke\u00e7inin sahibi ile birlikte mahsur kald\u0131\u011f\u0131 ma\u011faran\u0131n bulundu\u011fu yere gelerek kurtarma \u00e7al\u0131\u015fmas\u0131 ba\u015flatt\u0131. Yakla\u015f\u0131k 15 metre derinlikteki ma\u011faraya ip sark\u0131tarak inen ve kaya par\u00e7alar\u0131 ile kapanan giri\u015f k\u0131r\u0131larak temizlendi. Uzun u\u011fra\u015flar sonucu bulundu\u011fu yerden kurtar\u0131lan ke\u00e7i sahibine teslim edildi. Kaynak: www.kanalv.com.tr Haber Sitesinden Al\u0131nm\u0131\u015ft\u0131r.<\/p>","protected":false},"author":4,"featured_media":105074,"comment_status":"","ping_status":"open","sticky":false,"template":"","format":"standard","meta":{"_acf_changed":false,"footnotes":""},"categories":[26],"tags":[],"class_list":["post-105073","post","type-post","status-publish","format-standard","has-post-thumbnail","hentry","category-antalya"],"acf":[],"yoast_head":"<!-- This site is optimized with the Yoast SEO Premium plugin v26.6 (Yoast SEO v27.1.1) - https:\/\/yoast.com\/product\/yoast-seo-premium-wordpress\/ -->\n<title>D\u00fc\u015ft\u00fc\u011f\u00fc ma\u011farada mahsur kalan ke\u00e7i kurtar\u0131ld\u0131 - Av. Deniz Can K\u0131z\u0131l<\/title>\n<meta name=\"robots\" content=\"index, follow, max-snippet:-1, max-image-preview:large, max-video-preview:-1\" \/>\n<link rel=\"canonical\" href=\"https:\/\/denizcankizil.tr\/ru\/haberler\/antalya\/dustugu-magarada-mahsur-kalan-keci-kurtarildi\/\" \/>\n<meta property=\"og:locale\" content=\"ru_RU\" \/>\n<meta property=\"og:type\" content=\"article\" \/>\n<meta property=\"og:title\" content=\"D\u00fc\u015ft\u00fc\u011f\u00fc ma\u011farada mahsur kalan ke\u00e7i kurtar\u0131ld\u0131\" \/>\n<meta property=\"og:description\" content=\"Antalya&#8217;n\u0131n Manavgat&#8217;a il\u00e7esi Be\u015fkonak Mahallesi&#8217;nde bir vatanda\u015fa ait ke\u00e7i, 3 g\u00fcn \u00f6nce kayboldu. Uzun aramalar sonucu kay\u0131p ke\u00e7isini d\u00fc\u015ft\u00fc\u011f\u00fc bir ma\u011farada mahsur kald\u0131\u011f\u0131n\u0131 g\u00f6ren vatanda\u015f durumu jandarma ekiplerine haber verdi. \u0130hbar \u00fczerine ma\u011farada mahsur kalan ke\u00e7iyi kurtarmak \u00fczere \u0130HH Arama Kurtarma ekibinden destek istendi. Jandarma ve \u0130HH Arama Kurtarma ekipleri, ke\u00e7inin sahibi ile birlikte mahsur kald\u0131\u011f\u0131 ma\u011faran\u0131n bulundu\u011fu yere gelerek kurtarma \u00e7al\u0131\u015fmas\u0131 ba\u015flatt\u0131. Yakla\u015f\u0131k 15 metre derinlikteki ma\u011faraya ip sark\u0131tarak inen ve kaya par\u00e7alar\u0131 ile kapanan giri\u015f k\u0131r\u0131larak temizlendi. Uzun u\u011fra\u015flar sonucu bulundu\u011fu yerden kurtar\u0131lan ke\u00e7i sahibine teslim edildi. Kaynak: www.kanalv.com.tr Haber Sitesinden Al\u0131nm\u0131\u015ft\u0131r.\" \/>\n<meta property=\"og:url\" content=\"https:\/\/denizcankizil.tr\/ru\/haberler\/antalya\/dustugu-magarada-mahsur-kalan-keci-kurtarildi\/\" \/>\n<meta property=\"og:site_name\" content=\"Av. Deniz Can K\u0131z\u0131l\" \/>\n<meta property=\"article:published_time\" content=\"2025-06-03T10:41:14+00:00\" \/>\n<meta property=\"og:image\" content=\"https:\/\/denizcankizil.tr\/wp-content\/uploads\/2025\/06\/6684-01-K5kih5.jpg\" \/>\n\t<meta property=\"og:image:width\" content=\"1280\" \/>\n\t<meta property=\"og:image:height\" content=\"720\" \/>\n\t<meta property=\"og:image:type\" content=\"image\/jpeg\" \/>\n<meta name=\"author\" content=\"Av. Deniz Can K\u0131z\u0131l\" \/>\n<meta name=\"twitter:card\" content=\"summary_large_image\" \/>\n<meta name=\"twitter:label1\" content=\"\u041d\u0430\u043f\u0438\u0441\u0430\u043d\u043e \u0430\u0432\u0442\u043e\u0440\u043e\u043c\" \/>\n\t<meta name=\"twitter:data1\" content=\"Av. Deniz Can K\u0131z\u0131l\" \/>\n\t<meta name=\"twitter:label2\" content=\"\u041f\u0440\u0438\u043c\u0435\u0440\u043d\u043e\u0435 \u0432\u0440\u0435\u043c\u044f \u0434\u043b\u044f \u0447\u0442\u0435\u043d\u0438\u044f\" \/>\n\t<meta name=\"twitter:data2\" content=\"1 \u043c\u0438\u043d\u0443\u0442\u0430\" \/>\n<script type=\"application\/ld+json\" class=\"yoast-schema-graph\">{\"@context\":\"https:\/\/schema.org\",\"@graph\":[{\"@type\":\"Article\",\"@id\":\"https:\/\/denizcankizil.tr\/ru\/haberler\/antalya\/dustugu-magarada-mahsur-kalan-keci-kurtarildi\/#article\",\"isPartOf\":{\"@id\":\"https:\/\/denizcankizil.tr\/ru\/haberler\/antalya\/dustugu-magarada-mahsur-kalan-keci-kurtarildi\/\"},\"author\":{\"name\":\"Av. Deniz Can K\u0131z\u0131l\",\"@id\":\"https:\/\/denizcankizil.tr\/#\/schema\/person\/5dc1b22991bd7ac833867c10afc9b0ff\"},\"headline\":\"D\u00fc\u015ft\u00fc\u011f\u00fc ma\u011farada mahsur kalan ke\u00e7i kurtar\u0131ld\u0131\",\"datePublished\":\"2025-06-03T10:41:14+00:00\",\"mainEntityOfPage\":{\"@id\":\"https:\/\/denizcankizil.tr\/ru\/haberler\/antalya\/dustugu-magarada-mahsur-kalan-keci-kurtarildi\/\"},\"wordCount\":142,\"publisher\":{\"@id\":\"https:\/\/denizcankizil.tr\/#organization\"},\"image\":{\"@id\":\"https:\/\/denizcankizil.tr\/ru\/haberler\/antalya\/dustugu-magarada-mahsur-kalan-keci-kurtarildi\/#primaryimage\"},\"thumbnailUrl\":\"https:\/\/denizcankizil.tr\/wp-content\/uploads\/2025\/06\/6684-01-K5kih5.jpg\",\"articleSection\":[\"Antalya\"],\"inLanguage\":\"ru-RU\"},{\"@type\":\"WebPage\",\"@id\":\"https:\/\/denizcankizil.tr\/ru\/haberler\/antalya\/dustugu-magarada-mahsur-kalan-keci-kurtarildi\/\",\"url\":\"https:\/\/denizcankizil.tr\/ru\/haberler\/antalya\/dustugu-magarada-mahsur-kalan-keci-kurtarildi\/\",\"name\":\"D\u00fc\u015ft\u00fc\u011f\u00fc ma\u011farada mahsur kalan ke\u00e7i kurtar\u0131ld\u0131 - Av. Deniz Can K\u0131z\u0131l\",\"isPartOf\":{\"@id\":\"https:\/\/denizcankizil.tr\/#website\"},\"primaryImageOfPage\":{\"@id\":\"https:\/\/denizcankizil.tr\/ru\/haberler\/antalya\/dustugu-magarada-mahsur-kalan-keci-kurtarildi\/#primaryimage\"},\"image\":{\"@id\":\"https:\/\/denizcankizil.tr\/ru\/haberler\/antalya\/dustugu-magarada-mahsur-kalan-keci-kurtarildi\/#primaryimage\"},\"thumbnailUrl\":\"https:\/\/denizcankizil.tr\/wp-content\/uploads\/2025\/06\/6684-01-K5kih5.jpg\",\"datePublished\":\"2025-06-03T10:41:14+00:00\",\"breadcrumb\":{\"@id\":\"https:\/\/denizcankizil.tr\/ru\/haberler\/antalya\/dustugu-magarada-mahsur-kalan-keci-kurtarildi\/#breadcrumb\"},\"inLanguage\":\"ru-RU\",\"potentialAction\":[{\"@type\":\"ReadAction\",\"target\":[\"https:\/\/denizcankizil.tr\/ru\/haberler\/antalya\/dustugu-magarada-mahsur-kalan-keci-kurtarildi\/\"]}]},{\"@type\":\"ImageObject\",\"inLanguage\":\"ru-RU\",\"@id\":\"https:\/\/denizcankizil.tr\/ru\/haberler\/antalya\/dustugu-magarada-mahsur-kalan-keci-kurtarildi\/#primaryimage\",\"url\":\"https:\/\/denizcankizil.tr\/wp-content\/uploads\/2025\/06\/6684-01-K5kih5.jpg\",\"contentUrl\":\"https:\/\/denizcankizil.tr\/wp-content\/uploads\/2025\/06\/6684-01-K5kih5.jpg\",\"width\":1280,\"height\":720},{\"@type\":\"BreadcrumbList\",\"@id\":\"https:\/\/denizcankizil.tr\/ru\/haberler\/antalya\/dustugu-magarada-mahsur-kalan-keci-kurtarildi\/#breadcrumb\",\"itemListElement\":[{\"@type\":\"ListItem\",\"position\":1,\"name\":\"Home\",\"item\":\"https:\/\/denizcankizil.tr\/uk\/\"},{\"@type\":\"ListItem\",\"position\":2,\"name\":\"D\u00fc\u015ft\u00fc\u011f\u00fc ma\u011farada mahsur kalan ke\u00e7i kurtar\u0131ld\u0131\"}]},{\"@type\":\"WebSite\",\"@id\":\"https:\/\/denizcankizil.tr\/#website\",\"url\":\"https:\/\/denizcankizil.tr\/\",\"name\":\"Av. Deniz Can K\u0131z\u0131l\",\"description\":\"Avukat Deniz Can K\u0131z\u0131l Antalya Barosu\",\"publisher\":{\"@id\":\"https:\/\/denizcankizil.tr\/#organization\"},\"potentialAction\":[{\"@type\":\"SearchAction\",\"target\":{\"@type\":\"EntryPoint\",\"urlTemplate\":\"https:\/\/denizcankizil.tr\/?s={search_term_string}\"},\"query-input\":{\"@type\":\"PropertyValueSpecification\",\"valueRequired\":true,\"valueName\":\"search_term_string\"}}],\"inLanguage\":\"ru-RU\"},{\"@type\":\"Organization\",\"@id\":\"https:\/\/denizcankizil.tr\/#organization\",\"name\":\"Av. Deniz Can K\u0131z\u0131l\",\"url\":\"https:\/\/denizcankizil.tr\/\",\"logo\":{\"@type\":\"ImageObject\",\"inLanguage\":\"ru-RU\",\"@id\":\"https:\/\/denizcankizil.tr\/#\/schema\/logo\/image\/\",\"url\":\"https:\/\/denizcankizil.tr\/wp-content\/uploads\/2024\/10\/siyah-logo-svg.svg\",\"contentUrl\":\"https:\/\/denizcankizil.tr\/wp-content\/uploads\/2024\/10\/siyah-logo-svg.svg\",\"width\":1080,\"height\":1080,\"caption\":\"Av. Deniz Can K\u0131z\u0131l\"},\"image\":{\"@id\":\"https:\/\/denizcankizil.tr\/#\/schema\/logo\/image\/\"}},{\"@type\":\"Person\",\"@id\":\"https:\/\/denizcankizil.tr\/#\/schema\/person\/5dc1b22991bd7ac833867c10afc9b0ff\",\"name\":\"Av. Deniz Can K\u0131z\u0131l\",\"image\":{\"@type\":\"ImageObject\",\"inLanguage\":\"ru-RU\",\"@id\":\"https:\/\/denizcankizil.tr\/#\/schema\/person\/image\/\",\"url\":\"https:\/\/secure.gravatar.com\/avatar\/a0b128fb9855c79efc976d5640eedb31dc35ec297594d6016d2cf7c60e975bb6?s=96&d=mm&r=g\",\"contentUrl\":\"https:\/\/secure.gravatar.com\/avatar\/a0b128fb9855c79efc976d5640eedb31dc35ec297594d6016d2cf7c60e975bb6?s=96&d=mm&r=g\",\"caption\":\"Av. Deniz Can K\u0131z\u0131l\"},\"sameAs\":[\"http:\/\/www.denizcankizil.tr\"],\"url\":\"https:\/\/denizcankizil.tr\/ru\/author\/denizcankizil\/\"}]}<\/script>\n<!-- \/ Yoast SEO Premium plugin. -->","yoast_head_json":{"title":"D\u00fc\u015ft\u00fc\u011f\u00fc ma\u011farada mahsur kalan ke\u00e7i kurtar\u0131ld\u0131 - Av. Deniz Can K\u0131z\u0131l","robots":{"index":"index","follow":"follow","max-snippet":"max-snippet:-1","max-image-preview":"max-image-preview:large","max-video-preview":"max-video-preview:-1"},"canonical":"https:\/\/denizcankizil.tr\/ru\/haberler\/antalya\/dustugu-magarada-mahsur-kalan-keci-kurtarildi\/","og_locale":"ru_RU","og_type":"article","og_title":"D\u00fc\u015ft\u00fc\u011f\u00fc ma\u011farada mahsur kalan ke\u00e7i kurtar\u0131ld\u0131","og_description":"Antalya&#8217;n\u0131n Manavgat&#8217;a il\u00e7esi Be\u015fkonak Mahallesi&#8217;nde bir vatanda\u015fa ait ke\u00e7i, 3 g\u00fcn \u00f6nce kayboldu. Uzun aramalar sonucu kay\u0131p ke\u00e7isini d\u00fc\u015ft\u00fc\u011f\u00fc bir ma\u011farada mahsur kald\u0131\u011f\u0131n\u0131 g\u00f6ren vatanda\u015f durumu jandarma ekiplerine haber verdi. \u0130hbar \u00fczerine ma\u011farada mahsur kalan ke\u00e7iyi kurtarmak \u00fczere \u0130HH Arama Kurtarma ekibinden destek istendi. Jandarma ve \u0130HH Arama Kurtarma ekipleri, ke\u00e7inin sahibi ile birlikte mahsur kald\u0131\u011f\u0131 ma\u011faran\u0131n bulundu\u011fu yere gelerek kurtarma \u00e7al\u0131\u015fmas\u0131 ba\u015flatt\u0131. Yakla\u015f\u0131k 15 metre derinlikteki ma\u011faraya ip sark\u0131tarak inen ve kaya par\u00e7alar\u0131 ile kapanan giri\u015f k\u0131r\u0131larak temizlendi. Uzun u\u011fra\u015flar sonucu bulundu\u011fu yerden kurtar\u0131lan ke\u00e7i sahibine teslim edildi. Kaynak: www.kanalv.com.tr Haber Sitesinden Al\u0131nm\u0131\u015ft\u0131r.","og_url":"https:\/\/denizcankizil.tr\/ru\/haberler\/antalya\/dustugu-magarada-mahsur-kalan-keci-kurtarildi\/","og_site_name":"Av. Deniz Can K\u0131z\u0131l","article_published_time":"2025-06-03T10:41:14+00:00","og_image":[{"width":1280,"height":720,"url":"https:\/\/denizcankizil.tr\/wp-content\/uploads\/2025\/06\/6684-01-K5kih5.jpg","type":"image\/jpeg"}],"author":"Av. Deniz Can K\u0131z\u0131l","twitter_card":"summary_large_image","twitter_misc":{"\u041d\u0430\u043f\u0438\u0441\u0430\u043d\u043e \u0430\u0432\u0442\u043e\u0440\u043e\u043c":"Av. Deniz Can K\u0131z\u0131l","\u041f\u0440\u0438\u043c\u0435\u0440\u043d\u043e\u0435 \u0432\u0440\u0435\u043c\u044f \u0434\u043b\u044f \u0447\u0442\u0435\u043d\u0438\u044f":"1 \u043c\u0438\u043d\u0443\u0442\u0430"},"schema":{"@context":"https:\/\/schema.org","@graph":[{"@type":"Article","@id":"https:\/\/denizcankizil.tr\/ru\/haberler\/antalya\/dustugu-magarada-mahsur-kalan-keci-kurtarildi\/#article","isPartOf":{"@id":"https:\/\/denizcankizil.tr\/ru\/haberler\/antalya\/dustugu-magarada-mahsur-kalan-keci-kurtarildi\/"},"author":{"name":"Av. Deniz Can K\u0131z\u0131l","@id":"https:\/\/denizcankizil.tr\/#\/schema\/person\/5dc1b22991bd7ac833867c10afc9b0ff"},"headline":"D\u00fc\u015ft\u00fc\u011f\u00fc ma\u011farada mahsur kalan ke\u00e7i kurtar\u0131ld\u0131","datePublished":"2025-06-03T10:41:14+00:00","mainEntityOfPage":{"@id":"https:\/\/denizcankizil.tr\/ru\/haberler\/antalya\/dustugu-magarada-mahsur-kalan-keci-kurtarildi\/"},"wordCount":142,"publisher":{"@id":"https:\/\/denizcankizil.tr\/#organization"},"image":{"@id":"https:\/\/denizcankizil.tr\/ru\/haberler\/antalya\/dustugu-magarada-mahsur-kalan-keci-kurtarildi\/#primaryimage"},"thumbnailUrl":"https:\/\/denizcankizil.tr\/wp-content\/uploads\/2025\/06\/6684-01-K5kih5.jpg","articleSection":["Antalya"],"inLanguage":"ru-RU"},{"@type":"WebPage","@id":"https:\/\/denizcankizil.tr\/ru\/haberler\/antalya\/dustugu-magarada-mahsur-kalan-keci-kurtarildi\/","url":"https:\/\/denizcankizil.tr\/ru\/haberler\/antalya\/dustugu-magarada-mahsur-kalan-keci-kurtarildi\/","name":"D\u00fc\u015ft\u00fc\u011f\u00fc ma\u011farada mahsur kalan ke\u00e7i kurtar\u0131ld\u0131 - Av. Deniz Can K\u0131z\u0131l","isPartOf":{"@id":"https:\/\/denizcankizil.tr\/#website"},"primaryImageOfPage":{"@id":"https:\/\/denizcankizil.tr\/ru\/haberler\/antalya\/dustugu-magarada-mahsur-kalan-keci-kurtarildi\/#primaryimage"},"image":{"@id":"https:\/\/denizcankizil.tr\/ru\/haberler\/antalya\/dustugu-magarada-mahsur-kalan-keci-kurtarildi\/#primaryimage"},"thumbnailUrl":"https:\/\/denizcankizil.tr\/wp-content\/uploads\/2025\/06\/6684-01-K5kih5.jpg","datePublished":"2025-06-03T10:41:14+00:00","breadcrumb":{"@id":"https:\/\/denizcankizil.tr\/ru\/haberler\/antalya\/dustugu-magarada-mahsur-kalan-keci-kurtarildi\/#breadcrumb"},"inLanguage":"ru-RU","potentialAction":[{"@type":"ReadAction","target":["https:\/\/denizcankizil.tr\/ru\/haberler\/antalya\/dustugu-magarada-mahsur-kalan-keci-kurtarildi\/"]}]},{"@type":"ImageObject","inLanguage":"ru-RU","@id":"https:\/\/denizcankizil.tr\/ru\/haberler\/antalya\/dustugu-magarada-mahsur-kalan-keci-kurtarildi\/#primaryimage","url":"https:\/\/denizcankizil.tr\/wp-content\/uploads\/2025\/06\/6684-01-K5kih5.jpg","contentUrl":"https:\/\/denizcankizil.tr\/wp-content\/uploads\/2025\/06\/6684-01-K5kih5.jpg","width":1280,"height":720},{"@type":"BreadcrumbList","@id":"https:\/\/denizcankizil.tr\/ru\/haberler\/antalya\/dustugu-magarada-mahsur-kalan-keci-kurtarildi\/#breadcrumb","itemListElement":[{"@type":"ListItem","position":1,"name":"Home","item":"https:\/\/denizcankizil.tr\/uk\/"},{"@type":"ListItem","position":2,"name":"D\u00fc\u015ft\u00fc\u011f\u00fc ma\u011farada mahsur kalan ke\u00e7i kurtar\u0131ld\u0131"}]},{"@type":"WebSite","@id":"https:\/\/denizcankizil.tr\/#website","url":"https:\/\/denizcankizil.tr\/","name":"Av. Deniz Can K\u0131z\u0131l","description":"Avukat Deniz Can K\u0131z\u0131l Antalya Barosu","publisher":{"@id":"https:\/\/denizcankizil.tr\/#organization"},"potentialAction":[{"@type":"SearchAction","target":{"@type":"EntryPoint","urlTemplate":"https:\/\/denizcankizil.tr\/?s={search_term_string}"},"query-input":{"@type":"PropertyValueSpecification","valueRequired":true,"valueName":"search_term_string"}}],"inLanguage":"ru-RU"},{"@type":"Organization","@id":"https:\/\/denizcankizil.tr\/#organization","name":"Av. Deniz Can K\u0131z\u0131l","url":"https:\/\/denizcankizil.tr\/","logo":{"@type":"ImageObject","inLanguage":"ru-RU","@id":"https:\/\/denizcankizil.tr\/#\/schema\/logo\/image\/","url":"https:\/\/denizcankizil.tr\/wp-content\/uploads\/2024\/10\/siyah-logo-svg.svg","contentUrl":"https:\/\/denizcankizil.tr\/wp-content\/uploads\/2024\/10\/siyah-logo-svg.svg","width":1080,"height":1080,"caption":"Av. Deniz Can K\u0131z\u0131l"},"image":{"@id":"https:\/\/denizcankizil.tr\/#\/schema\/logo\/image\/"}},{"@type":"Person","@id":"https:\/\/denizcankizil.tr\/#\/schema\/person\/5dc1b22991bd7ac833867c10afc9b0ff","name":"Av. Deniz Can K\u0131z\u0131l","image":{"@type":"ImageObject","inLanguage":"ru-RU","@id":"https:\/\/denizcankizil.tr\/#\/schema\/person\/image\/","url":"https:\/\/secure.gravatar.com\/avatar\/a0b128fb9855c79efc976d5640eedb31dc35ec297594d6016d2cf7c60e975bb6?s=96&d=mm&r=g","contentUrl":"https:\/\/secure.gravatar.com\/avatar\/a0b128fb9855c79efc976d5640eedb31dc35ec297594d6016d2cf7c60e975bb6?s=96&d=mm&r=g","caption":"Av. Deniz Can K\u0131z\u0131l"},"sameAs":["http:\/\/www.denizcankizil.tr"],"url":"https:\/\/denizcankizil.tr\/ru\/author\/denizcankizil\/"}]}},"_links":{"self":[{"href":"https:\/\/denizcankizil.tr\/ru\/wp-json\/wp\/v2\/posts\/105073","targetHints":{"allow":["GET"]}}],"collection":[{"href":"https:\/\/denizcankizil.tr\/ru\/wp-json\/wp\/v2\/posts"}],"about":[{"href":"https:\/\/denizcankizil.tr\/ru\/wp-json\/wp\/v2\/types\/post"}],"author":[{"embeddable":true,"href":"https:\/\/denizcankizil.tr\/ru\/wp-json\/wp\/v2\/users\/4"}],"replies":[{"embeddable":true,"href":"https:\/\/denizcankizil.tr\/ru\/wp-json\/wp\/v2\/comments?post=105073"}],"version-history":[{"count":0,"href":"https:\/\/denizcankizil.tr\/ru\/wp-json\/wp\/v2\/posts\/105073\/revisions"}],"wp:featuredmedia":[{"embeddable":true,"href":"https:\/\/denizcankizil.tr\/ru\/wp-json\/wp\/v2\/media\/105074"}],"wp:attachment":[{"href":"https:\/\/denizcankizil.tr\/ru\/wp-json\/wp\/v2\/media?parent=105073"}],"wp:term":[{"taxonomy":"category","embeddable":true,"href":"https:\/\/denizcankizil.tr\/ru\/wp-json\/wp\/v2\/categories?post=105073"},{"taxonomy":"post_tag","embeddable":true,"href":"https:\/\/denizcankizil.tr\/ru\/wp-json\/wp\/v2\/tags?post=105073"}],"curies":[{"name":"wp","href":"https:\/\/api.w.org\/{rel}","templated":true}]}}