{"id":104918,"date":"2025-06-03T10:41:26","date_gmt":"2025-06-03T07:41:26","guid":{"rendered":"https:\/\/denizcankizil.tr\/uncategorized-tr\/bicakcilarda-bayram-tarifesi\/"},"modified":"2025-06-03T10:41:26","modified_gmt":"2025-06-03T07:41:26","slug":"bicakcilarda-bayram-tarifesi","status":"publish","type":"post","link":"https:\/\/denizcankizil.tr\/ru\/haberler\/antalya\/bicakcilarda-bayram-tarifesi\/","title":{"rendered":"B\u0131\u00e7ak\u00e7\u0131larda bayram tarifesi"},"content":{"rendered":"<p>Antalya&#8217;da b\u0131\u00e7ak\u00e7\u0131 d\u00fckkan\u0131 i\u015fleten \u00d6zen B\u0131\u00e7ak\u00e7\u0131lar, Kurban Bayram\u0131\u2019na k\u0131sa s\u00fcre kala yo\u011funlu\u011fun zirveye \u00e7\u0131kt\u0131\u011f\u0131n\u0131 s\u00f6yledi. \u00d6zen B\u0131\u00e7ak\u00e7\u0131lar, \u201cKurban Bayram\u0131 en yo\u011fun oldu\u011fumuz d\u00f6nem. Di\u011fer g\u00fcnlerde de i\u015flerimiz devam ediyor. Kurban Bayram\u0131 haz\u0131rl\u0131\u011f\u0131m\u0131z 15 g\u00fcn \u00f6ncesinden ba\u015flar, son haftada ise tam anlam\u0131yla mesaiye kal\u0131r\u0131z. Bayram d\u00f6nemi g\u00fcnl\u00fck 1000&#8217;e yak\u0131n b\u0131\u00e7ak biliyoruz. Ancak en \u00f6nemli konu, bilemenin i\u015fin ehli ki\u015filerce yap\u0131lmas\u0131. Piyasada lastik\u00e7i, bakkal, kasap herkes b\u0131\u00e7ak\u00e7\u0131l\u0131k yap\u0131yor. Bu da vatanda\u015f i\u00e7in risk&#8221; diye konu\u015ftu.<\/p>\n<p>KURBAN BI\u00c7A\u011eI AYRI, SEBZE BI\u00c7A\u011eI AYRI<\/p>\n<p>Kurban kesiminde kullan\u0131lacak b\u0131\u00e7aklar\u0131n kalitesinin ve uygunlu\u011funun \u00f6nem ta\u015f\u0131d\u0131\u011f\u0131n\u0131 vurgulayan \u00d6zen B\u0131\u00e7ak\u00e7\u0131lar, \u201cSebze ya da meyve do\u011frama b\u0131\u00e7aklar\u0131yla kurban kesilmez. Hayvan\u0131n can\u0131 al\u0131n\u0131yor, bu y\u00fczden kaliteli \u00e7elikten \u00fcretilmi\u015f, yerli imalat b\u0131\u00e7aklar kullan\u0131lmal\u0131. \u00c7in mal\u0131 \u00fcr\u00fcnlere y\u00f6nelmemelerini \u00f6zellikle rica ediyoruz. Vatanda\u015flar\u0131m\u0131z, zincir marketlerden ya da AVM\u2019lerden de\u011fil, uzman b\u0131\u00e7ak\u00e7\u0131lardan al\u0131\u015fveri\u015f yapmal\u0131&#8221; dedi.<\/p>\n<p>&#8216;BU SENE F\u0130YAT 50 L\u0130RA OLDU&#8217;<\/p>\n<p>Ge\u00e7en y\u0131l 40 lira olan bileme \u00fccretlerinin bu sene 50 liraya \u00e7\u0131kt\u0131\u011f\u0131n\u0131 s\u00f6yleyen \u00d6zen B\u0131\u00e7ak\u00e7\u0131lar, \u201cHer b\u0131\u00e7a\u011f\u0131n bileme s\u00fcreci farkl\u0131d\u0131r, ustal\u0131k ister. B\u0131\u00e7aklar\u0131n k\u00f6relmesi, ustal\u0131\u011fa ve kullan\u0131ma g\u00f6re de\u011fi\u015fir. Baz\u0131 b\u0131\u00e7aklar 3 g\u00fcnde k\u00f6relir, baz\u0131lar\u0131 6 ayda k\u00f6relir. Tahta \u00fczerinde sert vurularak de\u011fil, d\u00fczg\u00fcn kesimle kullan\u0131ld\u0131\u011f\u0131nda b\u0131\u00e7ak a\u011fz\u0131 daha uzun \u00f6m\u00fcrl\u00fc olur. Vatanda\u015flar, b\u0131\u00e7a\u011f\u0131n\u0131 bilemeye g\u00f6t\u00fcr\u00fcrken mutlaka i\u015fin ustas\u0131n\u0131 tercih etmeli&#8221; ifadelerini kulland\u0131<\/p>\n<p>Kaynak: www.kanalv.com.tr Haber Sitesinden Al\u0131nm\u0131\u015ft\u0131r.<\/p>","protected":false},"excerpt":{"rendered":"<p>Antalya&#8217;da b\u0131\u00e7ak\u00e7\u0131 d\u00fckkan\u0131 i\u015fleten \u00d6zen B\u0131\u00e7ak\u00e7\u0131lar, Kurban Bayram\u0131\u2019na k\u0131sa s\u00fcre kala yo\u011funlu\u011fun zirveye \u00e7\u0131kt\u0131\u011f\u0131n\u0131 s\u00f6yledi. \u00d6zen B\u0131\u00e7ak\u00e7\u0131lar, \u201cKurban Bayram\u0131 en yo\u011fun oldu\u011fumuz d\u00f6nem. Di\u011fer g\u00fcnlerde de i\u015flerimiz devam ediyor. Kurban Bayram\u0131 haz\u0131rl\u0131\u011f\u0131m\u0131z 15 g\u00fcn \u00f6ncesinden ba\u015flar, son haftada ise tam anlam\u0131yla mesaiye kal\u0131r\u0131z. Bayram d\u00f6nemi g\u00fcnl\u00fck 1000&#8217;e yak\u0131n b\u0131\u00e7ak biliyoruz. Ancak en \u00f6nemli konu, bilemenin i\u015fin ehli ki\u015filerce yap\u0131lmas\u0131. Piyasada lastik\u00e7i, bakkal, kasap herkes b\u0131\u00e7ak\u00e7\u0131l\u0131k yap\u0131yor. Bu da vatanda\u015f i\u00e7in risk&#8221; diye konu\u015ftu. KURBAN BI\u00c7A\u011eI AYRI, SEBZE BI\u00c7A\u011eI AYRI Kurban kesiminde kullan\u0131lacak b\u0131\u00e7aklar\u0131n kalitesinin ve uygunlu\u011funun \u00f6nem ta\u015f\u0131d\u0131\u011f\u0131n\u0131 vurgulayan \u00d6zen B\u0131\u00e7ak\u00e7\u0131lar, \u201cSebze ya da meyve do\u011frama b\u0131\u00e7aklar\u0131yla kurban kesilmez. Hayvan\u0131n can\u0131 al\u0131n\u0131yor, bu y\u00fczden kaliteli \u00e7elikten \u00fcretilmi\u015f, yerli imalat b\u0131\u00e7aklar kullan\u0131lmal\u0131. \u00c7in mal\u0131 \u00fcr\u00fcnlere y\u00f6nelmemelerini \u00f6zellikle rica ediyoruz. Vatanda\u015flar\u0131m\u0131z, zincir marketlerden ya da AVM\u2019lerden de\u011fil, uzman b\u0131\u00e7ak\u00e7\u0131lardan al\u0131\u015fveri\u015f yapmal\u0131&#8221; dedi. &#8216;BU SENE F\u0130YAT 50 L\u0130RA OLDU&#8217; Ge\u00e7en y\u0131l 40 lira olan bileme \u00fccretlerinin bu sene 50 liraya \u00e7\u0131kt\u0131\u011f\u0131n\u0131 s\u00f6yleyen \u00d6zen B\u0131\u00e7ak\u00e7\u0131lar, \u201cHer b\u0131\u00e7a\u011f\u0131n bileme s\u00fcreci farkl\u0131d\u0131r, ustal\u0131k ister. B\u0131\u00e7aklar\u0131n k\u00f6relmesi, ustal\u0131\u011fa ve kullan\u0131ma g\u00f6re de\u011fi\u015fir. Baz\u0131 b\u0131\u00e7aklar 3 g\u00fcnde k\u00f6relir, baz\u0131lar\u0131 6 ayda k\u00f6relir. Tahta \u00fczerinde sert vurularak de\u011fil, d\u00fczg\u00fcn kesimle kullan\u0131ld\u0131\u011f\u0131nda b\u0131\u00e7ak a\u011fz\u0131 daha uzun \u00f6m\u00fcrl\u00fc olur. Vatanda\u015flar, b\u0131\u00e7a\u011f\u0131n\u0131 bilemeye g\u00f6t\u00fcr\u00fcrken mutlaka i\u015fin ustas\u0131n\u0131 tercih etmeli&#8221; ifadelerini kulland\u0131 Kaynak: &hellip;<\/p>","protected":false},"author":4,"featured_media":0,"comment_status":"","ping_status":"open","sticky":false,"template":"","format":"standard","meta":{"_acf_changed":false,"footnotes":""},"categories":[26],"tags":[],"class_list":["post-104918","post","type-post","status-publish","format-standard","hentry","category-antalya"],"acf":[],"yoast_head":"<!-- This site is optimized with the Yoast SEO Premium plugin v26.6 (Yoast SEO v27.1.1) - https:\/\/yoast.com\/product\/yoast-seo-premium-wordpress\/ -->\n<title>B\u0131\u00e7ak\u00e7\u0131larda bayram tarifesi - Av. Deniz Can K\u0131z\u0131l<\/title>\n<meta name=\"robots\" content=\"index, follow, max-snippet:-1, max-image-preview:large, max-video-preview:-1\" \/>\n<link rel=\"canonical\" href=\"https:\/\/denizcankizil.tr\/ru\/haberler\/antalya\/bicakcilarda-bayram-tarifesi\/\" \/>\n<meta property=\"og:locale\" content=\"ru_RU\" \/>\n<meta property=\"og:type\" content=\"article\" \/>\n<meta property=\"og:title\" content=\"B\u0131\u00e7ak\u00e7\u0131larda bayram tarifesi\" \/>\n<meta property=\"og:description\" content=\"Antalya&#8217;da b\u0131\u00e7ak\u00e7\u0131 d\u00fckkan\u0131 i\u015fleten \u00d6zen B\u0131\u00e7ak\u00e7\u0131lar, Kurban Bayram\u0131\u2019na k\u0131sa s\u00fcre kala yo\u011funlu\u011fun zirveye \u00e7\u0131kt\u0131\u011f\u0131n\u0131 s\u00f6yledi. \u00d6zen B\u0131\u00e7ak\u00e7\u0131lar, \u201cKurban Bayram\u0131 en yo\u011fun oldu\u011fumuz d\u00f6nem. Di\u011fer g\u00fcnlerde de i\u015flerimiz devam ediyor. Kurban Bayram\u0131 haz\u0131rl\u0131\u011f\u0131m\u0131z 15 g\u00fcn \u00f6ncesinden ba\u015flar, son haftada ise tam anlam\u0131yla mesaiye kal\u0131r\u0131z. Bayram d\u00f6nemi g\u00fcnl\u00fck 1000&#8217;e yak\u0131n b\u0131\u00e7ak biliyoruz. Ancak en \u00f6nemli konu, bilemenin i\u015fin ehli ki\u015filerce yap\u0131lmas\u0131. Piyasada lastik\u00e7i, bakkal, kasap herkes b\u0131\u00e7ak\u00e7\u0131l\u0131k yap\u0131yor. Bu da vatanda\u015f i\u00e7in risk&#8221; diye konu\u015ftu. KURBAN BI\u00c7A\u011eI AYRI, SEBZE BI\u00c7A\u011eI AYRI Kurban kesiminde kullan\u0131lacak b\u0131\u00e7aklar\u0131n kalitesinin ve uygunlu\u011funun \u00f6nem ta\u015f\u0131d\u0131\u011f\u0131n\u0131 vurgulayan \u00d6zen B\u0131\u00e7ak\u00e7\u0131lar, \u201cSebze ya da meyve do\u011frama b\u0131\u00e7aklar\u0131yla kurban kesilmez. Hayvan\u0131n can\u0131 al\u0131n\u0131yor, bu y\u00fczden kaliteli \u00e7elikten \u00fcretilmi\u015f, yerli imalat b\u0131\u00e7aklar kullan\u0131lmal\u0131. \u00c7in mal\u0131 \u00fcr\u00fcnlere y\u00f6nelmemelerini \u00f6zellikle rica ediyoruz. Vatanda\u015flar\u0131m\u0131z, zincir marketlerden ya da AVM\u2019lerden de\u011fil, uzman b\u0131\u00e7ak\u00e7\u0131lardan al\u0131\u015fveri\u015f yapmal\u0131&#8221; dedi. &#8216;BU SENE F\u0130YAT 50 L\u0130RA OLDU&#8217; Ge\u00e7en y\u0131l 40 lira olan bileme \u00fccretlerinin bu sene 50 liraya \u00e7\u0131kt\u0131\u011f\u0131n\u0131 s\u00f6yleyen \u00d6zen B\u0131\u00e7ak\u00e7\u0131lar, \u201cHer b\u0131\u00e7a\u011f\u0131n bileme s\u00fcreci farkl\u0131d\u0131r, ustal\u0131k ister. B\u0131\u00e7aklar\u0131n k\u00f6relmesi, ustal\u0131\u011fa ve kullan\u0131ma g\u00f6re de\u011fi\u015fir. Baz\u0131 b\u0131\u00e7aklar 3 g\u00fcnde k\u00f6relir, baz\u0131lar\u0131 6 ayda k\u00f6relir. Tahta \u00fczerinde sert vurularak de\u011fil, d\u00fczg\u00fcn kesimle kullan\u0131ld\u0131\u011f\u0131nda b\u0131\u00e7ak a\u011fz\u0131 daha uzun \u00f6m\u00fcrl\u00fc olur. Vatanda\u015flar, b\u0131\u00e7a\u011f\u0131n\u0131 bilemeye g\u00f6t\u00fcr\u00fcrken mutlaka i\u015fin ustas\u0131n\u0131 tercih etmeli&#8221; ifadelerini kulland\u0131 Kaynak: &hellip;\" \/>\n<meta property=\"og:url\" content=\"https:\/\/denizcankizil.tr\/ru\/haberler\/antalya\/bicakcilarda-bayram-tarifesi\/\" \/>\n<meta property=\"og:site_name\" content=\"Av. Deniz Can K\u0131z\u0131l\" \/>\n<meta property=\"article:published_time\" content=\"2025-06-03T07:41:26+00:00\" \/>\n<meta name=\"author\" content=\"Av. Deniz Can K\u0131z\u0131l\" \/>\n<meta name=\"twitter:card\" content=\"summary_large_image\" \/>\n<meta name=\"twitter:label1\" content=\"\u041d\u0430\u043f\u0438\u0441\u0430\u043d\u043e \u0430\u0432\u0442\u043e\u0440\u043e\u043c\" \/>\n\t<meta name=\"twitter:data1\" content=\"Av. Deniz Can K\u0131z\u0131l\" \/>\n\t<meta name=\"twitter:label2\" content=\"\u041f\u0440\u0438\u043c\u0435\u0440\u043d\u043e\u0435 \u0432\u0440\u0435\u043c\u044f \u0434\u043b\u044f \u0447\u0442\u0435\u043d\u0438\u044f\" \/>\n\t<meta name=\"twitter:data2\" content=\"2 \u043c\u0438\u043d\u0443\u0442\u044b\" \/>\n<script type=\"application\/ld+json\" class=\"yoast-schema-graph\">{\"@context\":\"https:\/\/schema.org\",\"@graph\":[{\"@type\":\"Article\",\"@id\":\"https:\/\/denizcankizil.tr\/ru\/haberler\/antalya\/bicakcilarda-bayram-tarifesi\/#article\",\"isPartOf\":{\"@id\":\"https:\/\/denizcankizil.tr\/ru\/haberler\/antalya\/bicakcilarda-bayram-tarifesi\/\"},\"author\":{\"name\":\"Av. Deniz Can K\u0131z\u0131l\",\"@id\":\"https:\/\/denizcankizil.tr\/#\/schema\/person\/5dc1b22991bd7ac833867c10afc9b0ff\"},\"headline\":\"B\u0131\u00e7ak\u00e7\u0131larda bayram tarifesi\",\"datePublished\":\"2025-06-03T07:41:26+00:00\",\"mainEntityOfPage\":{\"@id\":\"https:\/\/denizcankizil.tr\/ru\/haberler\/antalya\/bicakcilarda-bayram-tarifesi\/\"},\"wordCount\":327,\"publisher\":{\"@id\":\"https:\/\/denizcankizil.tr\/#organization\"},\"articleSection\":[\"Antalya\"],\"inLanguage\":\"ru-RU\"},{\"@type\":\"WebPage\",\"@id\":\"https:\/\/denizcankizil.tr\/ru\/haberler\/antalya\/bicakcilarda-bayram-tarifesi\/\",\"url\":\"https:\/\/denizcankizil.tr\/ru\/haberler\/antalya\/bicakcilarda-bayram-tarifesi\/\",\"name\":\"B\u0131\u00e7ak\u00e7\u0131larda bayram tarifesi - Av. Deniz Can K\u0131z\u0131l\",\"isPartOf\":{\"@id\":\"https:\/\/denizcankizil.tr\/#website\"},\"datePublished\":\"2025-06-03T07:41:26+00:00\",\"breadcrumb\":{\"@id\":\"https:\/\/denizcankizil.tr\/ru\/haberler\/antalya\/bicakcilarda-bayram-tarifesi\/#breadcrumb\"},\"inLanguage\":\"ru-RU\",\"potentialAction\":[{\"@type\":\"ReadAction\",\"target\":[\"https:\/\/denizcankizil.tr\/ru\/haberler\/antalya\/bicakcilarda-bayram-tarifesi\/\"]}]},{\"@type\":\"BreadcrumbList\",\"@id\":\"https:\/\/denizcankizil.tr\/ru\/haberler\/antalya\/bicakcilarda-bayram-tarifesi\/#breadcrumb\",\"itemListElement\":[{\"@type\":\"ListItem\",\"position\":1,\"name\":\"Home\",\"item\":\"https:\/\/denizcankizil.tr\/de\/\"},{\"@type\":\"ListItem\",\"position\":2,\"name\":\"B\u0131\u00e7ak\u00e7\u0131larda bayram tarifesi\"}]},{\"@type\":\"WebSite\",\"@id\":\"https:\/\/denizcankizil.tr\/#website\",\"url\":\"https:\/\/denizcankizil.tr\/\",\"name\":\"Av. Deniz Can K\u0131z\u0131l\",\"description\":\"Avukat Deniz Can K\u0131z\u0131l Antalya Barosu\",\"publisher\":{\"@id\":\"https:\/\/denizcankizil.tr\/#organization\"},\"potentialAction\":[{\"@type\":\"SearchAction\",\"target\":{\"@type\":\"EntryPoint\",\"urlTemplate\":\"https:\/\/denizcankizil.tr\/?s={search_term_string}\"},\"query-input\":{\"@type\":\"PropertyValueSpecification\",\"valueRequired\":true,\"valueName\":\"search_term_string\"}}],\"inLanguage\":\"ru-RU\"},{\"@type\":\"Organization\",\"@id\":\"https:\/\/denizcankizil.tr\/#organization\",\"name\":\"Av. Deniz Can K\u0131z\u0131l\",\"url\":\"https:\/\/denizcankizil.tr\/\",\"logo\":{\"@type\":\"ImageObject\",\"inLanguage\":\"ru-RU\",\"@id\":\"https:\/\/denizcankizil.tr\/#\/schema\/logo\/image\/\",\"url\":\"https:\/\/denizcankizil.tr\/wp-content\/uploads\/2024\/10\/siyah-logo-svg.svg\",\"contentUrl\":\"https:\/\/denizcankizil.tr\/wp-content\/uploads\/2024\/10\/siyah-logo-svg.svg\",\"width\":1080,\"height\":1080,\"caption\":\"Av. Deniz Can K\u0131z\u0131l\"},\"image\":{\"@id\":\"https:\/\/denizcankizil.tr\/#\/schema\/logo\/image\/\"}},{\"@type\":\"Person\",\"@id\":\"https:\/\/denizcankizil.tr\/#\/schema\/person\/5dc1b22991bd7ac833867c10afc9b0ff\",\"name\":\"Av. Deniz Can K\u0131z\u0131l\",\"image\":{\"@type\":\"ImageObject\",\"inLanguage\":\"ru-RU\",\"@id\":\"https:\/\/denizcankizil.tr\/#\/schema\/person\/image\/\",\"url\":\"https:\/\/secure.gravatar.com\/avatar\/a0b128fb9855c79efc976d5640eedb31dc35ec297594d6016d2cf7c60e975bb6?s=96&d=mm&r=g\",\"contentUrl\":\"https:\/\/secure.gravatar.com\/avatar\/a0b128fb9855c79efc976d5640eedb31dc35ec297594d6016d2cf7c60e975bb6?s=96&d=mm&r=g\",\"caption\":\"Av. Deniz Can K\u0131z\u0131l\"},\"sameAs\":[\"http:\/\/www.denizcankizil.tr\"],\"url\":\"https:\/\/denizcankizil.tr\/ru\/author\/denizcankizil\/\"}]}<\/script>\n<!-- \/ Yoast SEO Premium plugin. -->","yoast_head_json":{"title":"B\u0131\u00e7ak\u00e7\u0131larda bayram tarifesi - Av. Deniz Can K\u0131z\u0131l","robots":{"index":"index","follow":"follow","max-snippet":"max-snippet:-1","max-image-preview":"max-image-preview:large","max-video-preview":"max-video-preview:-1"},"canonical":"https:\/\/denizcankizil.tr\/ru\/haberler\/antalya\/bicakcilarda-bayram-tarifesi\/","og_locale":"ru_RU","og_type":"article","og_title":"B\u0131\u00e7ak\u00e7\u0131larda bayram tarifesi","og_description":"Antalya&#8217;da b\u0131\u00e7ak\u00e7\u0131 d\u00fckkan\u0131 i\u015fleten \u00d6zen B\u0131\u00e7ak\u00e7\u0131lar, Kurban Bayram\u0131\u2019na k\u0131sa s\u00fcre kala yo\u011funlu\u011fun zirveye \u00e7\u0131kt\u0131\u011f\u0131n\u0131 s\u00f6yledi. \u00d6zen B\u0131\u00e7ak\u00e7\u0131lar, \u201cKurban Bayram\u0131 en yo\u011fun oldu\u011fumuz d\u00f6nem. Di\u011fer g\u00fcnlerde de i\u015flerimiz devam ediyor. Kurban Bayram\u0131 haz\u0131rl\u0131\u011f\u0131m\u0131z 15 g\u00fcn \u00f6ncesinden ba\u015flar, son haftada ise tam anlam\u0131yla mesaiye kal\u0131r\u0131z. Bayram d\u00f6nemi g\u00fcnl\u00fck 1000&#8217;e yak\u0131n b\u0131\u00e7ak biliyoruz. Ancak en \u00f6nemli konu, bilemenin i\u015fin ehli ki\u015filerce yap\u0131lmas\u0131. Piyasada lastik\u00e7i, bakkal, kasap herkes b\u0131\u00e7ak\u00e7\u0131l\u0131k yap\u0131yor. Bu da vatanda\u015f i\u00e7in risk&#8221; diye konu\u015ftu. KURBAN BI\u00c7A\u011eI AYRI, SEBZE BI\u00c7A\u011eI AYRI Kurban kesiminde kullan\u0131lacak b\u0131\u00e7aklar\u0131n kalitesinin ve uygunlu\u011funun \u00f6nem ta\u015f\u0131d\u0131\u011f\u0131n\u0131 vurgulayan \u00d6zen B\u0131\u00e7ak\u00e7\u0131lar, \u201cSebze ya da meyve do\u011frama b\u0131\u00e7aklar\u0131yla kurban kesilmez. Hayvan\u0131n can\u0131 al\u0131n\u0131yor, bu y\u00fczden kaliteli \u00e7elikten \u00fcretilmi\u015f, yerli imalat b\u0131\u00e7aklar kullan\u0131lmal\u0131. \u00c7in mal\u0131 \u00fcr\u00fcnlere y\u00f6nelmemelerini \u00f6zellikle rica ediyoruz. Vatanda\u015flar\u0131m\u0131z, zincir marketlerden ya da AVM\u2019lerden de\u011fil, uzman b\u0131\u00e7ak\u00e7\u0131lardan al\u0131\u015fveri\u015f yapmal\u0131&#8221; dedi. &#8216;BU SENE F\u0130YAT 50 L\u0130RA OLDU&#8217; Ge\u00e7en y\u0131l 40 lira olan bileme \u00fccretlerinin bu sene 50 liraya \u00e7\u0131kt\u0131\u011f\u0131n\u0131 s\u00f6yleyen \u00d6zen B\u0131\u00e7ak\u00e7\u0131lar, \u201cHer b\u0131\u00e7a\u011f\u0131n bileme s\u00fcreci farkl\u0131d\u0131r, ustal\u0131k ister. B\u0131\u00e7aklar\u0131n k\u00f6relmesi, ustal\u0131\u011fa ve kullan\u0131ma g\u00f6re de\u011fi\u015fir. Baz\u0131 b\u0131\u00e7aklar 3 g\u00fcnde k\u00f6relir, baz\u0131lar\u0131 6 ayda k\u00f6relir. Tahta \u00fczerinde sert vurularak de\u011fil, d\u00fczg\u00fcn kesimle kullan\u0131ld\u0131\u011f\u0131nda b\u0131\u00e7ak a\u011fz\u0131 daha uzun \u00f6m\u00fcrl\u00fc olur. Vatanda\u015flar, b\u0131\u00e7a\u011f\u0131n\u0131 bilemeye g\u00f6t\u00fcr\u00fcrken mutlaka i\u015fin ustas\u0131n\u0131 tercih etmeli&#8221; ifadelerini kulland\u0131 Kaynak: &hellip;","og_url":"https:\/\/denizcankizil.tr\/ru\/haberler\/antalya\/bicakcilarda-bayram-tarifesi\/","og_site_name":"Av. Deniz Can K\u0131z\u0131l","article_published_time":"2025-06-03T07:41:26+00:00","author":"Av. Deniz Can K\u0131z\u0131l","twitter_card":"summary_large_image","twitter_misc":{"\u041d\u0430\u043f\u0438\u0441\u0430\u043d\u043e \u0430\u0432\u0442\u043e\u0440\u043e\u043c":"Av. Deniz Can K\u0131z\u0131l","\u041f\u0440\u0438\u043c\u0435\u0440\u043d\u043e\u0435 \u0432\u0440\u0435\u043c\u044f \u0434\u043b\u044f \u0447\u0442\u0435\u043d\u0438\u044f":"2 \u043c\u0438\u043d\u0443\u0442\u044b"},"schema":{"@context":"https:\/\/schema.org","@graph":[{"@type":"Article","@id":"https:\/\/denizcankizil.tr\/ru\/haberler\/antalya\/bicakcilarda-bayram-tarifesi\/#article","isPartOf":{"@id":"https:\/\/denizcankizil.tr\/ru\/haberler\/antalya\/bicakcilarda-bayram-tarifesi\/"},"author":{"name":"Av. Deniz Can K\u0131z\u0131l","@id":"https:\/\/denizcankizil.tr\/#\/schema\/person\/5dc1b22991bd7ac833867c10afc9b0ff"},"headline":"B\u0131\u00e7ak\u00e7\u0131larda bayram tarifesi","datePublished":"2025-06-03T07:41:26+00:00","mainEntityOfPage":{"@id":"https:\/\/denizcankizil.tr\/ru\/haberler\/antalya\/bicakcilarda-bayram-tarifesi\/"},"wordCount":327,"publisher":{"@id":"https:\/\/denizcankizil.tr\/#organization"},"articleSection":["Antalya"],"inLanguage":"ru-RU"},{"@type":"WebPage","@id":"https:\/\/denizcankizil.tr\/ru\/haberler\/antalya\/bicakcilarda-bayram-tarifesi\/","url":"https:\/\/denizcankizil.tr\/ru\/haberler\/antalya\/bicakcilarda-bayram-tarifesi\/","name":"B\u0131\u00e7ak\u00e7\u0131larda bayram tarifesi - Av. Deniz Can K\u0131z\u0131l","isPartOf":{"@id":"https:\/\/denizcankizil.tr\/#website"},"datePublished":"2025-06-03T07:41:26+00:00","breadcrumb":{"@id":"https:\/\/denizcankizil.tr\/ru\/haberler\/antalya\/bicakcilarda-bayram-tarifesi\/#breadcrumb"},"inLanguage":"ru-RU","potentialAction":[{"@type":"ReadAction","target":["https:\/\/denizcankizil.tr\/ru\/haberler\/antalya\/bicakcilarda-bayram-tarifesi\/"]}]},{"@type":"BreadcrumbList","@id":"https:\/\/denizcankizil.tr\/ru\/haberler\/antalya\/bicakcilarda-bayram-tarifesi\/#breadcrumb","itemListElement":[{"@type":"ListItem","position":1,"name":"Home","item":"https:\/\/denizcankizil.tr\/de\/"},{"@type":"ListItem","position":2,"name":"B\u0131\u00e7ak\u00e7\u0131larda bayram tarifesi"}]},{"@type":"WebSite","@id":"https:\/\/denizcankizil.tr\/#website","url":"https:\/\/denizcankizil.tr\/","name":"Av. Deniz Can K\u0131z\u0131l","description":"Avukat Deniz Can K\u0131z\u0131l Antalya Barosu","publisher":{"@id":"https:\/\/denizcankizil.tr\/#organization"},"potentialAction":[{"@type":"SearchAction","target":{"@type":"EntryPoint","urlTemplate":"https:\/\/denizcankizil.tr\/?s={search_term_string}"},"query-input":{"@type":"PropertyValueSpecification","valueRequired":true,"valueName":"search_term_string"}}],"inLanguage":"ru-RU"},{"@type":"Organization","@id":"https:\/\/denizcankizil.tr\/#organization","name":"Av. Deniz Can K\u0131z\u0131l","url":"https:\/\/denizcankizil.tr\/","logo":{"@type":"ImageObject","inLanguage":"ru-RU","@id":"https:\/\/denizcankizil.tr\/#\/schema\/logo\/image\/","url":"https:\/\/denizcankizil.tr\/wp-content\/uploads\/2024\/10\/siyah-logo-svg.svg","contentUrl":"https:\/\/denizcankizil.tr\/wp-content\/uploads\/2024\/10\/siyah-logo-svg.svg","width":1080,"height":1080,"caption":"Av. Deniz Can K\u0131z\u0131l"},"image":{"@id":"https:\/\/denizcankizil.tr\/#\/schema\/logo\/image\/"}},{"@type":"Person","@id":"https:\/\/denizcankizil.tr\/#\/schema\/person\/5dc1b22991bd7ac833867c10afc9b0ff","name":"Av. Deniz Can K\u0131z\u0131l","image":{"@type":"ImageObject","inLanguage":"ru-RU","@id":"https:\/\/denizcankizil.tr\/#\/schema\/person\/image\/","url":"https:\/\/secure.gravatar.com\/avatar\/a0b128fb9855c79efc976d5640eedb31dc35ec297594d6016d2cf7c60e975bb6?s=96&d=mm&r=g","contentUrl":"https:\/\/secure.gravatar.com\/avatar\/a0b128fb9855c79efc976d5640eedb31dc35ec297594d6016d2cf7c60e975bb6?s=96&d=mm&r=g","caption":"Av. Deniz Can K\u0131z\u0131l"},"sameAs":["http:\/\/www.denizcankizil.tr"],"url":"https:\/\/denizcankizil.tr\/ru\/author\/denizcankizil\/"}]}},"_links":{"self":[{"href":"https:\/\/denizcankizil.tr\/ru\/wp-json\/wp\/v2\/posts\/104918","targetHints":{"allow":["GET"]}}],"collection":[{"href":"https:\/\/denizcankizil.tr\/ru\/wp-json\/wp\/v2\/posts"}],"about":[{"href":"https:\/\/denizcankizil.tr\/ru\/wp-json\/wp\/v2\/types\/post"}],"author":[{"embeddable":true,"href":"https:\/\/denizcankizil.tr\/ru\/wp-json\/wp\/v2\/users\/4"}],"replies":[{"embeddable":true,"href":"https:\/\/denizcankizil.tr\/ru\/wp-json\/wp\/v2\/comments?post=104918"}],"version-history":[{"count":0,"href":"https:\/\/denizcankizil.tr\/ru\/wp-json\/wp\/v2\/posts\/104918\/revisions"}],"wp:attachment":[{"href":"https:\/\/denizcankizil.tr\/ru\/wp-json\/wp\/v2\/media?parent=104918"}],"wp:term":[{"taxonomy":"category","embeddable":true,"href":"https:\/\/denizcankizil.tr\/ru\/wp-json\/wp\/v2\/categories?post=104918"},{"taxonomy":"post_tag","embeddable":true,"href":"https:\/\/denizcankizil.tr\/ru\/wp-json\/wp\/v2\/tags?post=104918"}],"curies":[{"name":"wp","href":"https:\/\/api.w.org\/{rel}","templated":true}]}}