{"id":104077,"date":"2025-06-02T11:42:20","date_gmt":"2025-06-02T08:42:20","guid":{"rendered":"https:\/\/denizcankizil.tr\/uncategorized-tr\/mersin-silifkede-bogulma-faciasi-2-ogrenci-hayatini-kaybetti\/"},"modified":"2025-06-02T11:42:20","modified_gmt":"2025-06-02T08:42:20","slug":"mersin-silifkede-bogulma-faciasi-2-ogrenci-hayatini-kaybetti","status":"publish","type":"post","link":"https:\/\/denizcankizil.tr\/ru\/haberler\/gundem\/mersin-silifkede-bogulma-faciasi-2-ogrenci-hayatini-kaybetti\/","title":{"rendered":"Mersin Silifke\u2019de bo\u011fulma facias\u0131: 2 \u00f6\u011frenci hayat\u0131n\u0131 kaybetti!"},"content":{"rendered":"<p>Mersin Silifke\u2019de d\u00fczenlenen deniz etkinli\u011finde 6 \u00f6\u011frenci bo\u011fulma tehlikesi ge\u00e7irdi. 2 \u00f6\u011frenci hayat\u0131n\u0131 kaybederken, 1 \u00f6\u011frencinin tedavisi s\u00fcr\u00fcyor. Mersin Valili\u011fi, adli ve idari soru\u015fturma ba\u015flatt\u0131.MERS\u0130N (\u0130GFA) &#8211; Mersin\u2019in Silifke il\u00e7esinde, 1 Haziran 2025 tarihinde Maliye Gen\u00e7lik Kamp\u0131\u2019nda d\u00fczenlenen deniz etkinli\u011fi s\u0131ras\u0131nda ya\u015fanan bo\u011fulma vakas\u0131 b\u00fcy\u00fck \u00fcz\u00fcnt\u00fc yaratt\u0131.<br \/>\nMersin Valili\u011fi\u2019nden yap\u0131lan yaz\u0131l\u0131 a\u00e7\u0131klamaya g\u00f6re, Ankara Erkunt Mesleki E\u011fitim Merkezi\u2019nden gelen 75 \u00f6\u011frencinin kat\u0131ld\u0131\u011f\u0131 etkinlikte, 6 \u00f6\u011frenci g\u00f6revlilerin uyar\u0131lar\u0131n\u0131 dikkate almayarak g\u00fcvenlik \u015feridini a\u015ft\u0131 ve a\u00e7\u0131\u011fa y\u00fczd\u00fc.<br \/>\nOlay s\u0131ras\u0131nda bo\u011fulma tehlikesi ge\u00e7iren \u00f6\u011frencilerden 3\u2019\u00fc cankurtaranlar taraf\u0131ndan kurtar\u0131l\u0131rken, ak\u0131nt\u0131ya kap\u0131lan di\u011fer 3 \u00f6\u011frenci i\u00e7in arama-kurtarma \u00e7al\u0131\u015fmalar\u0131 ba\u015flat\u0131ld\u0131. Sudan \u00e7\u0131kar\u0131lan \u00f6\u011frencilerden 2\u2019si, yap\u0131lan t\u00fcm m\u00fcdahalelere ra\u011fmen hayat\u0131n\u0131 kaybetti. Bir \u00f6\u011frencinin hastanedeki tedavisi devam ederken, kurtar\u0131lan di\u011fer 3 \u00f6\u011frenci taburcu edildi.<br \/>\nMersin Valili\u011fi, hayat\u0131n\u0131 kaybeden \u00f6\u011frencilere Allah\u2019tan rahmet, ailelerine ba\u015fsa\u011fl\u0131\u011f\u0131 ve yaral\u0131 \u00f6\u011frenciye acil \u015fifalar diledi.<br \/>\nOlayla ilgili adli ve idari soru\u015fturma ba\u015flat\u0131ld\u0131\u011f\u0131 belirtilirken, s\u00fcrecin Valilik taraf\u0131ndan yak\u0131ndan takip edildi\u011fi ifade edildi.<\/p>\n<p>\u200bMersin Silifke\u2019de d\u00fczenlenen deniz etkinli\u011finde 6 \u00f6\u011frenci bo\u011fulma tehlikesi ge\u00e7irdi. 2 \u00f6\u011frenci hayat\u0131n\u0131 kaybederken, 1 \u00f6\u011frencinin tedavisi s\u00fcr\u00fcyor. Mersin Valili\u011fi, adli ve idari soru\u015fturma ba\u015flatt\u0131.MERS\u0130N (\u0130GFA) &#8211; Mersin\u2019in Silifke il\u00e7esinde, 1 Haziran 2025 tarihinde Maliye Gen\u00e7lik Kamp\u0131\u2019nda d\u00fczenlenen deniz etkinli\u011fi s\u0131ras\u0131nda ya\u015fanan bo\u011fulma vakas\u0131 b\u00fcy\u00fck \u00fcz\u00fcnt\u00fc yaratt\u0131.<br \/>\nMersin Valili\u011fi\u2019nden yap\u0131lan yaz\u0131l\u0131 a\u00e7\u0131klamaya g\u00f6re, Ankara Erkunt Mesleki E\u011fitim Merkezi\u2019nden gelen 75 \u00f6\u011frencinin kat\u0131ld\u0131\u011f\u0131 etkinlikte, 6 \u00f6\u011frenci g\u00f6revlilerin uyar\u0131lar\u0131n\u0131 dikkate almayarak g\u00fcvenlik \u015feridini a\u015ft\u0131 ve a\u00e7\u0131\u011fa y\u00fczd\u00fc.<br \/>\nOlay s\u0131ras\u0131nda bo\u011fulma tehlikesi ge\u00e7iren \u00f6\u011frencilerden 3\u2019\u00fc cankurtaranlar taraf\u0131ndan kurtar\u0131l\u0131rken, ak\u0131nt\u0131ya kap\u0131lan di\u011fer 3 \u00f6\u011frenci i\u00e7in arama-kurtarma \u00e7al\u0131\u015fmalar\u0131 ba\u015flat\u0131ld\u0131. Sudan \u00e7\u0131kar\u0131lan \u00f6\u011frencilerden 2\u2019si, yap\u0131lan t\u00fcm m\u00fcdahalelere ra\u011fmen hayat\u0131n\u0131 kaybetti. Bir \u00f6\u011frencinin hastanedeki tedavisi devam ederken, kurtar\u0131lan di\u011fer 3 \u00f6\u011frenci taburcu edildi.<br \/>\nMersin Valili\u011fi, hayat\u0131n\u0131 kaybeden \u00f6\u011frencilere Allah\u2019tan rahmet, ailelerine ba\u015fsa\u011fl\u0131\u011f\u0131 ve yaral\u0131 \u00f6\u011frenciye acil \u015fifalar diledi.<br \/>\nOlayla ilgili adli ve idari soru\u015fturma ba\u015flat\u0131ld\u0131\u011f\u0131 belirtilirken, s\u00fcrecin Valilik taraf\u0131ndan yak\u0131ndan takip edildi\u011fi ifade edildi.\u00a0<\/p>\n<p>\u200bHaberin Al\u0131nt\u0131land\u0131\u011f\u0131 Kaynak: www.iskenderun.org<\/p>","protected":false},"excerpt":{"rendered":"<p>Mersin Silifke\u2019de d\u00fczenlenen deniz etkinli\u011finde 6 \u00f6\u011frenci bo\u011fulma tehlikesi ge\u00e7irdi. 2 \u00f6\u011frenci hayat\u0131n\u0131 kaybederken, 1 \u00f6\u011frencinin tedavisi s\u00fcr\u00fcyor. Mersin Valili\u011fi, adli ve idari soru\u015fturma ba\u015flatt\u0131.MERS\u0130N (\u0130GFA) &#8211; Mersin\u2019in Silifke il\u00e7esinde, 1 Haziran 2025 tarihinde Maliye Gen\u00e7lik Kamp\u0131\u2019nda d\u00fczenlenen deniz etkinli\u011fi s\u0131ras\u0131nda ya\u015fanan bo\u011fulma vakas\u0131 b\u00fcy\u00fck \u00fcz\u00fcnt\u00fc yaratt\u0131. Mersin Valili\u011fi\u2019nden yap\u0131lan yaz\u0131l\u0131 a\u00e7\u0131klamaya g\u00f6re, Ankara Erkunt Mesleki E\u011fitim Merkezi\u2019nden gelen 75 \u00f6\u011frencinin kat\u0131ld\u0131\u011f\u0131 etkinlikte, 6 \u00f6\u011frenci g\u00f6revlilerin uyar\u0131lar\u0131n\u0131 dikkate almayarak g\u00fcvenlik \u015feridini a\u015ft\u0131 ve a\u00e7\u0131\u011fa y\u00fczd\u00fc. Olay s\u0131ras\u0131nda bo\u011fulma tehlikesi ge\u00e7iren \u00f6\u011frencilerden 3\u2019\u00fc cankurtaranlar taraf\u0131ndan kurtar\u0131l\u0131rken, ak\u0131nt\u0131ya kap\u0131lan di\u011fer 3 \u00f6\u011frenci i\u00e7in arama-kurtarma \u00e7al\u0131\u015fmalar\u0131 ba\u015flat\u0131ld\u0131. Sudan \u00e7\u0131kar\u0131lan \u00f6\u011frencilerden 2\u2019si, yap\u0131lan t\u00fcm m\u00fcdahalelere ra\u011fmen hayat\u0131n\u0131 kaybetti. Bir \u00f6\u011frencinin hastanedeki tedavisi devam ederken, kurtar\u0131lan di\u011fer 3 \u00f6\u011frenci taburcu edildi. Mersin Valili\u011fi, hayat\u0131n\u0131 kaybeden \u00f6\u011frencilere Allah\u2019tan rahmet, ailelerine ba\u015fsa\u011fl\u0131\u011f\u0131 ve yaral\u0131 \u00f6\u011frenciye acil \u015fifalar diledi. Olayla ilgili adli ve idari soru\u015fturma ba\u015flat\u0131ld\u0131\u011f\u0131 belirtilirken, s\u00fcrecin Valilik taraf\u0131ndan yak\u0131ndan takip edildi\u011fi ifade edildi. \u200bMersin Silifke\u2019de d\u00fczenlenen deniz etkinli\u011finde 6 \u00f6\u011frenci bo\u011fulma tehlikesi ge\u00e7irdi. 2 \u00f6\u011frenci hayat\u0131n\u0131 kaybederken, 1 \u00f6\u011frencinin tedavisi s\u00fcr\u00fcyor. Mersin Valili\u011fi, adli ve idari soru\u015fturma ba\u015flatt\u0131.MERS\u0130N (\u0130GFA) &#8211; Mersin\u2019in Silifke il\u00e7esinde, 1 Haziran 2025 tarihinde Maliye Gen\u00e7lik Kamp\u0131\u2019nda d\u00fczenlenen deniz etkinli\u011fi s\u0131ras\u0131nda ya\u015fanan bo\u011fulma vakas\u0131 b\u00fcy\u00fck \u00fcz\u00fcnt\u00fc yaratt\u0131. Mersin Valili\u011fi\u2019nden yap\u0131lan yaz\u0131l\u0131 a\u00e7\u0131klamaya g\u00f6re, &hellip;<\/p>","protected":false},"author":1,"featured_media":0,"comment_status":"","ping_status":"open","sticky":false,"template":"","format":"standard","meta":{"_acf_changed":false,"footnotes":""},"categories":[24],"tags":[],"class_list":["post-104077","post","type-post","status-publish","format-standard","has-post-thumbnail","hentry","category-gundem"],"acf":[],"yoast_head":"<!-- This site is optimized with the Yoast SEO Premium plugin v26.6 (Yoast SEO v27.1.1) - https:\/\/yoast.com\/product\/yoast-seo-premium-wordpress\/ -->\n<title>Mersin Silifke\u2019de bo\u011fulma facias\u0131: 2 \u00f6\u011frenci hayat\u0131n\u0131 kaybetti! - Av. Deniz Can K\u0131z\u0131l<\/title>\n<meta name=\"robots\" content=\"index, follow, max-snippet:-1, max-image-preview:large, max-video-preview:-1\" \/>\n<link rel=\"canonical\" href=\"https:\/\/denizcankizil.tr\/ru\/haberler\/gundem\/mersin-silifkede-bogulma-faciasi-2-ogrenci-hayatini-kaybetti\/\" \/>\n<meta property=\"og:locale\" content=\"ru_RU\" \/>\n<meta property=\"og:type\" content=\"article\" \/>\n<meta property=\"og:title\" content=\"Mersin Silifke\u2019de bo\u011fulma facias\u0131: 2 \u00f6\u011frenci hayat\u0131n\u0131 kaybetti!\" \/>\n<meta property=\"og:description\" content=\"Mersin Silifke\u2019de d\u00fczenlenen deniz etkinli\u011finde 6 \u00f6\u011frenci bo\u011fulma tehlikesi ge\u00e7irdi. 2 \u00f6\u011frenci hayat\u0131n\u0131 kaybederken, 1 \u00f6\u011frencinin tedavisi s\u00fcr\u00fcyor. Mersin Valili\u011fi, adli ve idari soru\u015fturma ba\u015flatt\u0131.MERS\u0130N (\u0130GFA) &#8211; Mersin\u2019in Silifke il\u00e7esinde, 1 Haziran 2025 tarihinde Maliye Gen\u00e7lik Kamp\u0131\u2019nda d\u00fczenlenen deniz etkinli\u011fi s\u0131ras\u0131nda ya\u015fanan bo\u011fulma vakas\u0131 b\u00fcy\u00fck \u00fcz\u00fcnt\u00fc yaratt\u0131. Mersin Valili\u011fi\u2019nden yap\u0131lan yaz\u0131l\u0131 a\u00e7\u0131klamaya g\u00f6re, Ankara Erkunt Mesleki E\u011fitim Merkezi\u2019nden gelen 75 \u00f6\u011frencinin kat\u0131ld\u0131\u011f\u0131 etkinlikte, 6 \u00f6\u011frenci g\u00f6revlilerin uyar\u0131lar\u0131n\u0131 dikkate almayarak g\u00fcvenlik \u015feridini a\u015ft\u0131 ve a\u00e7\u0131\u011fa y\u00fczd\u00fc. Olay s\u0131ras\u0131nda bo\u011fulma tehlikesi ge\u00e7iren \u00f6\u011frencilerden 3\u2019\u00fc cankurtaranlar taraf\u0131ndan kurtar\u0131l\u0131rken, ak\u0131nt\u0131ya kap\u0131lan di\u011fer 3 \u00f6\u011frenci i\u00e7in arama-kurtarma \u00e7al\u0131\u015fmalar\u0131 ba\u015flat\u0131ld\u0131. Sudan \u00e7\u0131kar\u0131lan \u00f6\u011frencilerden 2\u2019si, yap\u0131lan t\u00fcm m\u00fcdahalelere ra\u011fmen hayat\u0131n\u0131 kaybetti. Bir \u00f6\u011frencinin hastanedeki tedavisi devam ederken, kurtar\u0131lan di\u011fer 3 \u00f6\u011frenci taburcu edildi. Mersin Valili\u011fi, hayat\u0131n\u0131 kaybeden \u00f6\u011frencilere Allah\u2019tan rahmet, ailelerine ba\u015fsa\u011fl\u0131\u011f\u0131 ve yaral\u0131 \u00f6\u011frenciye acil \u015fifalar diledi. Olayla ilgili adli ve idari soru\u015fturma ba\u015flat\u0131ld\u0131\u011f\u0131 belirtilirken, s\u00fcrecin Valilik taraf\u0131ndan yak\u0131ndan takip edildi\u011fi ifade edildi. \u200bMersin Silifke\u2019de d\u00fczenlenen deniz etkinli\u011finde 6 \u00f6\u011frenci bo\u011fulma tehlikesi ge\u00e7irdi. 2 \u00f6\u011frenci hayat\u0131n\u0131 kaybederken, 1 \u00f6\u011frencinin tedavisi s\u00fcr\u00fcyor. Mersin Valili\u011fi, adli ve idari soru\u015fturma ba\u015flatt\u0131.MERS\u0130N (\u0130GFA) &#8211; Mersin\u2019in Silifke il\u00e7esinde, 1 Haziran 2025 tarihinde Maliye Gen\u00e7lik Kamp\u0131\u2019nda d\u00fczenlenen deniz etkinli\u011fi s\u0131ras\u0131nda ya\u015fanan bo\u011fulma vakas\u0131 b\u00fcy\u00fck \u00fcz\u00fcnt\u00fc yaratt\u0131. Mersin Valili\u011fi\u2019nden yap\u0131lan yaz\u0131l\u0131 a\u00e7\u0131klamaya g\u00f6re, &hellip;\" \/>\n<meta property=\"og:url\" content=\"https:\/\/denizcankizil.tr\/ru\/haberler\/gundem\/mersin-silifkede-bogulma-faciasi-2-ogrenci-hayatini-kaybetti\/\" \/>\n<meta property=\"og:site_name\" content=\"Av. Deniz Can K\u0131z\u0131l\" \/>\n<meta property=\"article:published_time\" content=\"2025-06-02T08:42:20+00:00\" \/>\n<meta name=\"author\" content=\"admin\" \/>\n<meta name=\"twitter:card\" content=\"summary_large_image\" \/>\n<meta name=\"twitter:label1\" content=\"\u041d\u0430\u043f\u0438\u0441\u0430\u043d\u043e \u0430\u0432\u0442\u043e\u0440\u043e\u043c\" \/>\n\t<meta name=\"twitter:data1\" content=\"admin\" \/>\n\t<meta name=\"twitter:label2\" content=\"\u041f\u0440\u0438\u043c\u0435\u0440\u043d\u043e\u0435 \u0432\u0440\u0435\u043c\u044f \u0434\u043b\u044f \u0447\u0442\u0435\u043d\u0438\u044f\" \/>\n\t<meta name=\"twitter:data2\" content=\"2 \u043c\u0438\u043d\u0443\u0442\u044b\" \/>\n<script type=\"application\/ld+json\" class=\"yoast-schema-graph\">{\"@context\":\"https:\/\/schema.org\",\"@graph\":[{\"@type\":\"Article\",\"@id\":\"https:\/\/denizcankizil.tr\/ru\/haberler\/gundem\/mersin-silifkede-bogulma-faciasi-2-ogrenci-hayatini-kaybetti\/#article\",\"isPartOf\":{\"@id\":\"https:\/\/denizcankizil.tr\/ru\/haberler\/gundem\/mersin-silifkede-bogulma-faciasi-2-ogrenci-hayatini-kaybetti\/\"},\"author\":{\"name\":\"admin\",\"@id\":\"https:\/\/denizcankizil.tr\/de\/#\/schema\/person\/be3c05fe6a12686905512445d8185489\"},\"headline\":\"Mersin Silifke\u2019de bo\u011fulma facias\u0131: 2 \u00f6\u011frenci hayat\u0131n\u0131 kaybetti!\",\"datePublished\":\"2025-06-02T08:42:20+00:00\",\"mainEntityOfPage\":{\"@id\":\"https:\/\/denizcankizil.tr\/ru\/haberler\/gundem\/mersin-silifkede-bogulma-faciasi-2-ogrenci-hayatini-kaybetti\/\"},\"wordCount\":446,\"publisher\":{\"@id\":\"https:\/\/denizcankizil.tr\/de\/#organization\"},\"articleSection\":[\"G\u00fcndem\"],\"inLanguage\":\"ru-RU\"},{\"@type\":\"WebPage\",\"@id\":\"https:\/\/denizcankizil.tr\/ru\/haberler\/gundem\/mersin-silifkede-bogulma-faciasi-2-ogrenci-hayatini-kaybetti\/\",\"url\":\"https:\/\/denizcankizil.tr\/ru\/haberler\/gundem\/mersin-silifkede-bogulma-faciasi-2-ogrenci-hayatini-kaybetti\/\",\"name\":\"Mersin Silifke\u2019de bo\u011fulma facias\u0131: 2 \u00f6\u011frenci hayat\u0131n\u0131 kaybetti! - Av. Deniz Can K\u0131z\u0131l\",\"isPartOf\":{\"@id\":\"https:\/\/denizcankizil.tr\/de\/#website\"},\"datePublished\":\"2025-06-02T08:42:20+00:00\",\"breadcrumb\":{\"@id\":\"https:\/\/denizcankizil.tr\/ru\/haberler\/gundem\/mersin-silifkede-bogulma-faciasi-2-ogrenci-hayatini-kaybetti\/#breadcrumb\"},\"inLanguage\":\"ru-RU\",\"potentialAction\":[{\"@type\":\"ReadAction\",\"target\":[\"https:\/\/denizcankizil.tr\/ru\/haberler\/gundem\/mersin-silifkede-bogulma-faciasi-2-ogrenci-hayatini-kaybetti\/\"]}]},{\"@type\":\"BreadcrumbList\",\"@id\":\"https:\/\/denizcankizil.tr\/ru\/haberler\/gundem\/mersin-silifkede-bogulma-faciasi-2-ogrenci-hayatini-kaybetti\/#breadcrumb\",\"itemListElement\":[{\"@type\":\"ListItem\",\"position\":1,\"name\":\"Home\",\"item\":\"https:\/\/denizcankizil.tr\/de\/\"},{\"@type\":\"ListItem\",\"position\":2,\"name\":\"Mersin Silifke\u2019de bo\u011fulma facias\u0131: 2 \u00f6\u011frenci hayat\u0131n\u0131 kaybetti!\"}]},{\"@type\":\"WebSite\",\"@id\":\"https:\/\/denizcankizil.tr\/de\/#website\",\"url\":\"https:\/\/denizcankizil.tr\/de\/\",\"name\":\"Av. Deniz Can K\u0131z\u0131l\",\"description\":\"Avukat Deniz Can K\u0131z\u0131l Antalya Barosu\",\"publisher\":{\"@id\":\"https:\/\/denizcankizil.tr\/de\/#organization\"},\"potentialAction\":[{\"@type\":\"SearchAction\",\"target\":{\"@type\":\"EntryPoint\",\"urlTemplate\":\"https:\/\/denizcankizil.tr\/de\/?s={search_term_string}\"},\"query-input\":{\"@type\":\"PropertyValueSpecification\",\"valueRequired\":true,\"valueName\":\"search_term_string\"}}],\"inLanguage\":\"ru-RU\"},{\"@type\":\"Organization\",\"@id\":\"https:\/\/denizcankizil.tr\/de\/#organization\",\"name\":\"Av. Deniz Can K\u0131z\u0131l\",\"url\":\"https:\/\/denizcankizil.tr\/de\/\",\"logo\":{\"@type\":\"ImageObject\",\"inLanguage\":\"ru-RU\",\"@id\":\"https:\/\/denizcankizil.tr\/de\/#\/schema\/logo\/image\/\",\"url\":\"https:\/\/denizcankizil.tr\/wp-content\/uploads\/2024\/10\/siyah-logo-svg.svg\",\"contentUrl\":\"https:\/\/denizcankizil.tr\/wp-content\/uploads\/2024\/10\/siyah-logo-svg.svg\",\"width\":1080,\"height\":1080,\"caption\":\"Av. Deniz Can K\u0131z\u0131l\"},\"image\":{\"@id\":\"https:\/\/denizcankizil.tr\/de\/#\/schema\/logo\/image\/\"}},{\"@type\":\"Person\",\"@id\":\"https:\/\/denizcankizil.tr\/de\/#\/schema\/person\/be3c05fe6a12686905512445d8185489\",\"name\":\"admin\",\"image\":{\"@type\":\"ImageObject\",\"inLanguage\":\"ru-RU\",\"@id\":\"https:\/\/denizcankizil.tr\/de\/#\/schema\/person\/image\/\",\"url\":\"https:\/\/secure.gravatar.com\/avatar\/c1fce94c830dc79107e174f890d7210541c4a63e8e5d816341794a2151c9d58c?s=96&d=mm&r=g\",\"contentUrl\":\"https:\/\/secure.gravatar.com\/avatar\/c1fce94c830dc79107e174f890d7210541c4a63e8e5d816341794a2151c9d58c?s=96&d=mm&r=g\",\"caption\":\"admin\"},\"sameAs\":[\"http:\/\/denizcankizil.tr\"],\"url\":\"https:\/\/www.iskenderun.org\/mersin-silifkede-bogulma-faciasi-2-ogrenci-hayatini-kaybetti\"}]}<\/script>\n<!-- \/ Yoast SEO Premium plugin. -->","yoast_head_json":{"title":"Mersin Silifke\u2019de bo\u011fulma facias\u0131: 2 \u00f6\u011frenci hayat\u0131n\u0131 kaybetti! - Av. Deniz Can K\u0131z\u0131l","robots":{"index":"index","follow":"follow","max-snippet":"max-snippet:-1","max-image-preview":"max-image-preview:large","max-video-preview":"max-video-preview:-1"},"canonical":"https:\/\/denizcankizil.tr\/ru\/haberler\/gundem\/mersin-silifkede-bogulma-faciasi-2-ogrenci-hayatini-kaybetti\/","og_locale":"ru_RU","og_type":"article","og_title":"Mersin Silifke\u2019de bo\u011fulma facias\u0131: 2 \u00f6\u011frenci hayat\u0131n\u0131 kaybetti!","og_description":"Mersin Silifke\u2019de d\u00fczenlenen deniz etkinli\u011finde 6 \u00f6\u011frenci bo\u011fulma tehlikesi ge\u00e7irdi. 2 \u00f6\u011frenci hayat\u0131n\u0131 kaybederken, 1 \u00f6\u011frencinin tedavisi s\u00fcr\u00fcyor. Mersin Valili\u011fi, adli ve idari soru\u015fturma ba\u015flatt\u0131.MERS\u0130N (\u0130GFA) &#8211; Mersin\u2019in Silifke il\u00e7esinde, 1 Haziran 2025 tarihinde Maliye Gen\u00e7lik Kamp\u0131\u2019nda d\u00fczenlenen deniz etkinli\u011fi s\u0131ras\u0131nda ya\u015fanan bo\u011fulma vakas\u0131 b\u00fcy\u00fck \u00fcz\u00fcnt\u00fc yaratt\u0131. Mersin Valili\u011fi\u2019nden yap\u0131lan yaz\u0131l\u0131 a\u00e7\u0131klamaya g\u00f6re, Ankara Erkunt Mesleki E\u011fitim Merkezi\u2019nden gelen 75 \u00f6\u011frencinin kat\u0131ld\u0131\u011f\u0131 etkinlikte, 6 \u00f6\u011frenci g\u00f6revlilerin uyar\u0131lar\u0131n\u0131 dikkate almayarak g\u00fcvenlik \u015feridini a\u015ft\u0131 ve a\u00e7\u0131\u011fa y\u00fczd\u00fc. Olay s\u0131ras\u0131nda bo\u011fulma tehlikesi ge\u00e7iren \u00f6\u011frencilerden 3\u2019\u00fc cankurtaranlar taraf\u0131ndan kurtar\u0131l\u0131rken, ak\u0131nt\u0131ya kap\u0131lan di\u011fer 3 \u00f6\u011frenci i\u00e7in arama-kurtarma \u00e7al\u0131\u015fmalar\u0131 ba\u015flat\u0131ld\u0131. Sudan \u00e7\u0131kar\u0131lan \u00f6\u011frencilerden 2\u2019si, yap\u0131lan t\u00fcm m\u00fcdahalelere ra\u011fmen hayat\u0131n\u0131 kaybetti. Bir \u00f6\u011frencinin hastanedeki tedavisi devam ederken, kurtar\u0131lan di\u011fer 3 \u00f6\u011frenci taburcu edildi. Mersin Valili\u011fi, hayat\u0131n\u0131 kaybeden \u00f6\u011frencilere Allah\u2019tan rahmet, ailelerine ba\u015fsa\u011fl\u0131\u011f\u0131 ve yaral\u0131 \u00f6\u011frenciye acil \u015fifalar diledi. Olayla ilgili adli ve idari soru\u015fturma ba\u015flat\u0131ld\u0131\u011f\u0131 belirtilirken, s\u00fcrecin Valilik taraf\u0131ndan yak\u0131ndan takip edildi\u011fi ifade edildi. \u200bMersin Silifke\u2019de d\u00fczenlenen deniz etkinli\u011finde 6 \u00f6\u011frenci bo\u011fulma tehlikesi ge\u00e7irdi. 2 \u00f6\u011frenci hayat\u0131n\u0131 kaybederken, 1 \u00f6\u011frencinin tedavisi s\u00fcr\u00fcyor. Mersin Valili\u011fi, adli ve idari soru\u015fturma ba\u015flatt\u0131.MERS\u0130N (\u0130GFA) &#8211; Mersin\u2019in Silifke il\u00e7esinde, 1 Haziran 2025 tarihinde Maliye Gen\u00e7lik Kamp\u0131\u2019nda d\u00fczenlenen deniz etkinli\u011fi s\u0131ras\u0131nda ya\u015fanan bo\u011fulma vakas\u0131 b\u00fcy\u00fck \u00fcz\u00fcnt\u00fc yaratt\u0131. Mersin Valili\u011fi\u2019nden yap\u0131lan yaz\u0131l\u0131 a\u00e7\u0131klamaya g\u00f6re, &hellip;","og_url":"https:\/\/denizcankizil.tr\/ru\/haberler\/gundem\/mersin-silifkede-bogulma-faciasi-2-ogrenci-hayatini-kaybetti\/","og_site_name":"Av. Deniz Can K\u0131z\u0131l","article_published_time":"2025-06-02T08:42:20+00:00","author":"admin","twitter_card":"summary_large_image","twitter_misc":{"\u041d\u0430\u043f\u0438\u0441\u0430\u043d\u043e \u0430\u0432\u0442\u043e\u0440\u043e\u043c":"admin","\u041f\u0440\u0438\u043c\u0435\u0440\u043d\u043e\u0435 \u0432\u0440\u0435\u043c\u044f \u0434\u043b\u044f \u0447\u0442\u0435\u043d\u0438\u044f":"2 \u043c\u0438\u043d\u0443\u0442\u044b"},"schema":{"@context":"https:\/\/schema.org","@graph":[{"@type":"Article","@id":"https:\/\/denizcankizil.tr\/ru\/haberler\/gundem\/mersin-silifkede-bogulma-faciasi-2-ogrenci-hayatini-kaybetti\/#article","isPartOf":{"@id":"https:\/\/denizcankizil.tr\/ru\/haberler\/gundem\/mersin-silifkede-bogulma-faciasi-2-ogrenci-hayatini-kaybetti\/"},"author":{"name":"admin","@id":"https:\/\/denizcankizil.tr\/de\/#\/schema\/person\/be3c05fe6a12686905512445d8185489"},"headline":"Mersin Silifke\u2019de bo\u011fulma facias\u0131: 2 \u00f6\u011frenci hayat\u0131n\u0131 kaybetti!","datePublished":"2025-06-02T08:42:20+00:00","mainEntityOfPage":{"@id":"https:\/\/denizcankizil.tr\/ru\/haberler\/gundem\/mersin-silifkede-bogulma-faciasi-2-ogrenci-hayatini-kaybetti\/"},"wordCount":446,"publisher":{"@id":"https:\/\/denizcankizil.tr\/de\/#organization"},"articleSection":["G\u00fcndem"],"inLanguage":"ru-RU"},{"@type":"WebPage","@id":"https:\/\/denizcankizil.tr\/ru\/haberler\/gundem\/mersin-silifkede-bogulma-faciasi-2-ogrenci-hayatini-kaybetti\/","url":"https:\/\/denizcankizil.tr\/ru\/haberler\/gundem\/mersin-silifkede-bogulma-faciasi-2-ogrenci-hayatini-kaybetti\/","name":"Mersin Silifke\u2019de bo\u011fulma facias\u0131: 2 \u00f6\u011frenci hayat\u0131n\u0131 kaybetti! - Av. Deniz Can K\u0131z\u0131l","isPartOf":{"@id":"https:\/\/denizcankizil.tr\/de\/#website"},"datePublished":"2025-06-02T08:42:20+00:00","breadcrumb":{"@id":"https:\/\/denizcankizil.tr\/ru\/haberler\/gundem\/mersin-silifkede-bogulma-faciasi-2-ogrenci-hayatini-kaybetti\/#breadcrumb"},"inLanguage":"ru-RU","potentialAction":[{"@type":"ReadAction","target":["https:\/\/denizcankizil.tr\/ru\/haberler\/gundem\/mersin-silifkede-bogulma-faciasi-2-ogrenci-hayatini-kaybetti\/"]}]},{"@type":"BreadcrumbList","@id":"https:\/\/denizcankizil.tr\/ru\/haberler\/gundem\/mersin-silifkede-bogulma-faciasi-2-ogrenci-hayatini-kaybetti\/#breadcrumb","itemListElement":[{"@type":"ListItem","position":1,"name":"Home","item":"https:\/\/denizcankizil.tr\/de\/"},{"@type":"ListItem","position":2,"name":"Mersin Silifke\u2019de bo\u011fulma facias\u0131: 2 \u00f6\u011frenci hayat\u0131n\u0131 kaybetti!"}]},{"@type":"WebSite","@id":"https:\/\/denizcankizil.tr\/de\/#website","url":"https:\/\/denizcankizil.tr\/de\/","name":"Av. Deniz Can K\u0131z\u0131l","description":"Avukat Deniz Can K\u0131z\u0131l Antalya Barosu","publisher":{"@id":"https:\/\/denizcankizil.tr\/de\/#organization"},"potentialAction":[{"@type":"SearchAction","target":{"@type":"EntryPoint","urlTemplate":"https:\/\/denizcankizil.tr\/de\/?s={search_term_string}"},"query-input":{"@type":"PropertyValueSpecification","valueRequired":true,"valueName":"search_term_string"}}],"inLanguage":"ru-RU"},{"@type":"Organization","@id":"https:\/\/denizcankizil.tr\/de\/#organization","name":"Av. Deniz Can K\u0131z\u0131l","url":"https:\/\/denizcankizil.tr\/de\/","logo":{"@type":"ImageObject","inLanguage":"ru-RU","@id":"https:\/\/denizcankizil.tr\/de\/#\/schema\/logo\/image\/","url":"https:\/\/denizcankizil.tr\/wp-content\/uploads\/2024\/10\/siyah-logo-svg.svg","contentUrl":"https:\/\/denizcankizil.tr\/wp-content\/uploads\/2024\/10\/siyah-logo-svg.svg","width":1080,"height":1080,"caption":"Av. Deniz Can K\u0131z\u0131l"},"image":{"@id":"https:\/\/denizcankizil.tr\/de\/#\/schema\/logo\/image\/"}},{"@type":"Person","@id":"https:\/\/denizcankizil.tr\/de\/#\/schema\/person\/be3c05fe6a12686905512445d8185489","name":"\u0430\u0434\u043c\u0438\u043d","image":{"@type":"ImageObject","inLanguage":"ru-RU","@id":"https:\/\/denizcankizil.tr\/de\/#\/schema\/person\/image\/","url":"https:\/\/secure.gravatar.com\/avatar\/c1fce94c830dc79107e174f890d7210541c4a63e8e5d816341794a2151c9d58c?s=96&d=mm&r=g","contentUrl":"https:\/\/secure.gravatar.com\/avatar\/c1fce94c830dc79107e174f890d7210541c4a63e8e5d816341794a2151c9d58c?s=96&d=mm&r=g","caption":"admin"},"sameAs":["http:\/\/denizcankizil.tr"],"url":"https:\/\/www.iskenderun.org\/mersin-silifkede-bogulma-faciasi-2-ogrenci-hayatini-kaybetti"}]}},"_links":{"self":[{"href":"https:\/\/denizcankizil.tr\/ru\/wp-json\/wp\/v2\/posts\/104077","targetHints":{"allow":["GET"]}}],"collection":[{"href":"https:\/\/denizcankizil.tr\/ru\/wp-json\/wp\/v2\/posts"}],"about":[{"href":"https:\/\/denizcankizil.tr\/ru\/wp-json\/wp\/v2\/types\/post"}],"author":[{"embeddable":true,"href":"https:\/\/denizcankizil.tr\/ru\/wp-json\/wp\/v2\/users\/1"}],"replies":[{"embeddable":true,"href":"https:\/\/denizcankizil.tr\/ru\/wp-json\/wp\/v2\/comments?post=104077"}],"version-history":[{"count":0,"href":"https:\/\/denizcankizil.tr\/ru\/wp-json\/wp\/v2\/posts\/104077\/revisions"}],"wp:attachment":[{"href":"https:\/\/denizcankizil.tr\/ru\/wp-json\/wp\/v2\/media?parent=104077"}],"wp:term":[{"taxonomy":"category","embeddable":true,"href":"https:\/\/denizcankizil.tr\/ru\/wp-json\/wp\/v2\/categories?post=104077"},{"taxonomy":"post_tag","embeddable":true,"href":"https:\/\/denizcankizil.tr\/ru\/wp-json\/wp\/v2\/tags?post=104077"}],"curies":[{"name":"wp","href":"https:\/\/api.w.org\/{rel}","templated":true}]}}