{"id":104013,"date":"2025-06-02T10:41:27","date_gmt":"2025-06-02T07:41:27","guid":{"rendered":"https:\/\/denizcankizil.tr\/uncategorized-tr\/chp-antalyada-temel-atmaya-hazirlaniyor-yeni-hizmet-binasi-icin-geri-sayim-basladi\/"},"modified":"2025-06-02T10:41:27","modified_gmt":"2025-06-02T07:41:27","slug":"chp-antalyada-temel-atmaya-hazirlaniyor-yeni-hizmet-binasi-icin-geri-sayim-basladi","status":"publish","type":"post","link":"https:\/\/denizcankizil.tr\/ru\/haberler\/gundem\/chp-antalyada-temel-atmaya-hazirlaniyor-yeni-hizmet-binasi-icin-geri-sayim-basladi\/","title":{"rendered":"CHP Antalya\u2019da temel atmaya haz\u0131rlan\u0131yor! Yeni hizmet binas\u0131 i\u00e7in geri say\u0131m ba\u015flad\u0131"},"content":{"rendered":"<p>CHP\u2019nin hafta sonu b\u00fcy\u00fck Antalya mitingi i\u00e7in \u015fehre gelen Cumhuriyet Halk Partisi \u00d6rg\u00fctlerden Sorumlu Genel Ba\u015fkan Yard\u0131mc\u0131s\u0131 Ersan Aytekin, yeni il ba\u015fkanl\u0131\u011f\u0131 in\u015faat projesiyle ilgili olarak \u0130l Ba\u015fkan\u0131 Nail Kamac\u0131\u2019dan bilgi ald\u0131. \u0130l Ba\u015fkan\u0131 Kamac\u0131, \u201cYeni hizmet binam\u0131z\u0131n in\u015faat\u0131na Kurban Bayram\u0131\u2019ndan sonra ba\u015flayaca\u011f\u0131z. \u015eu an itibariyle in\u015faat sahas\u0131nda hafriyat \u00e7al\u0131\u015fmalar\u0131na ba\u015flad\u0131k. Bayram\u0131n hemen ard\u0131ndan temel atma t\u00f6reni d\u00fczenleyece\u011fiz\u201d \u015feklinde konu\u015ftu.<\/p>\n<p>KOM\u015eU PARSEL SATIN ALINMI\u015eTI<\/p>\n<p>Antalya\u2019n\u0131n Muratpa\u015fa il\u00e7esine ba\u011fl\u0131 Memurevleri Mahallesi&#8217;nde 90 metrekarelik arsa \u00fczerinde bulunan CHP Antalya \u0130l binas\u0131n\u0131n yan\u0131ndaki kom\u015fu parseli CHP Antalya \u0130l Sekreteri \u015eenay Demiralay ve \u0130l Sayman\u0131 Erdem U\u011fur, Muratpa\u015fa Tapu M\u00fcd\u00fcrl\u00fc\u011f\u00fc&#8217;nde tapu i\u015flemlerini ger\u00e7ekle\u015ftirmi\u015fti. Parselin sat\u0131n al\u0131nmas\u0131yla bin metrekarelik in\u015faat alan\u0131 olu\u015fturulacak.<\/p>\n<p>F\u0130Z\u0130K\u0130 YAPISIYLA \u0130\u015eLEVS\u0130Z KALDI<\/p>\n<p>Cumhuriyet Halk Partisi Antalya \u0130l Ba\u015fkanl\u0131\u011f\u0131, mevcut il binas\u0131n\u0131n yetersiz kalmas\u0131 nedeniyle \u00f6nemli bir d\u00f6n\u00fc\u015f\u00fcm s\u00fcrecine girmi\u015fti. Uzun y\u0131llar hem fiziki hem de i\u015flevsel olarak yetersiz kalan mevcut bina, biti\u015fik binan\u0131n sat\u0131n al\u0131nmas\u0131yla parseller birle\u015ftirildi. Eski binan\u0131n yetersiz olmas\u0131, CHP Antalya \u0130l Ba\u015fkanl\u0131\u011f\u0131\u2019n\u0131n sorunlar ya\u015famas\u0131na neden oluyordu. Parti y\u00f6netimi, yan parselin sat\u0131n alarak alandaki geni\u015flemeyi sa\u011flad\u0131.<\/p>\n<p>\u200bCHP Antalya \u0130l Ba\u015fkanl\u0131\u011f\u0131 yeni hizmet binas\u0131 in\u015faat\u0131 i\u00e7in geri say\u0131m ba\u015flad\u0131. Kurban Bayram\u0131 sonras\u0131nda temeli at\u0131lacak olan in\u015faatta hafriyat \u00e7al\u0131\u015fmas\u0131 ba\u015flad\u0131.\u00a0<\/p>\n<p>\u200bHaberin Al\u0131nt\u0131land\u0131\u011f\u0131 Kaynak: www.antalyakorfez.com<\/p>","protected":false},"excerpt":{"rendered":"<p>CHP\u2019nin hafta sonu b\u00fcy\u00fck Antalya mitingi i\u00e7in \u015fehre gelen Cumhuriyet Halk Partisi \u00d6rg\u00fctlerden Sorumlu Genel Ba\u015fkan Yard\u0131mc\u0131s\u0131 Ersan Aytekin, yeni il ba\u015fkanl\u0131\u011f\u0131 in\u015faat projesiyle ilgili olarak \u0130l Ba\u015fkan\u0131 Nail Kamac\u0131\u2019dan bilgi ald\u0131. \u0130l Ba\u015fkan\u0131 Kamac\u0131, \u201cYeni hizmet binam\u0131z\u0131n in\u015faat\u0131na Kurban Bayram\u0131\u2019ndan sonra ba\u015flayaca\u011f\u0131z. \u015eu an itibariyle in\u015faat sahas\u0131nda hafriyat \u00e7al\u0131\u015fmalar\u0131na ba\u015flad\u0131k. Bayram\u0131n hemen ard\u0131ndan temel atma t\u00f6reni d\u00fczenleyece\u011fiz\u201d \u015feklinde konu\u015ftu. KOM\u015eU PARSEL SATIN ALINMI\u015eTI Antalya\u2019n\u0131n Muratpa\u015fa il\u00e7esine ba\u011fl\u0131 Memurevleri Mahallesi&#8217;nde 90 metrekarelik arsa \u00fczerinde bulunan CHP Antalya \u0130l binas\u0131n\u0131n yan\u0131ndaki kom\u015fu parseli CHP Antalya \u0130l Sekreteri \u015eenay Demiralay ve \u0130l Sayman\u0131 Erdem U\u011fur, Muratpa\u015fa Tapu M\u00fcd\u00fcrl\u00fc\u011f\u00fc&#8217;nde tapu i\u015flemlerini ger\u00e7ekle\u015ftirmi\u015fti. Parselin sat\u0131n al\u0131nmas\u0131yla bin metrekarelik in\u015faat alan\u0131 olu\u015fturulacak. F\u0130Z\u0130K\u0130 YAPISIYLA \u0130\u015eLEVS\u0130Z KALDI Cumhuriyet Halk Partisi Antalya \u0130l Ba\u015fkanl\u0131\u011f\u0131, mevcut il binas\u0131n\u0131n yetersiz kalmas\u0131 nedeniyle \u00f6nemli bir d\u00f6n\u00fc\u015f\u00fcm s\u00fcrecine girmi\u015fti. Uzun y\u0131llar hem fiziki hem de i\u015flevsel olarak yetersiz kalan mevcut bina, biti\u015fik binan\u0131n sat\u0131n al\u0131nmas\u0131yla parseller birle\u015ftirildi. Eski binan\u0131n yetersiz olmas\u0131, CHP Antalya \u0130l Ba\u015fkanl\u0131\u011f\u0131\u2019n\u0131n sorunlar ya\u015famas\u0131na neden oluyordu. Parti y\u00f6netimi, yan parselin sat\u0131n alarak alandaki geni\u015flemeyi sa\u011flad\u0131. \u200bCHP Antalya \u0130l Ba\u015fkanl\u0131\u011f\u0131 yeni hizmet binas\u0131 in\u015faat\u0131 i\u00e7in geri say\u0131m ba\u015flad\u0131. Kurban Bayram\u0131 sonras\u0131nda temeli at\u0131lacak olan in\u015faatta hafriyat \u00e7al\u0131\u015fmas\u0131 ba\u015flad\u0131.\u00a0 \u200bHaberin Al\u0131nt\u0131land\u0131\u011f\u0131 Kaynak: www.antalyakorfez.com<\/p>","protected":false},"author":5,"featured_media":0,"comment_status":"","ping_status":"open","sticky":false,"template":"","format":"standard","meta":{"_acf_changed":false,"footnotes":""},"categories":[24],"tags":[],"class_list":["post-104013","post","type-post","status-publish","format-standard","has-post-thumbnail","hentry","category-gundem"],"acf":[],"yoast_head":"<!-- This site is optimized with the Yoast SEO Premium plugin v26.6 (Yoast SEO v27.1.1) - https:\/\/yoast.com\/product\/yoast-seo-premium-wordpress\/ -->\n<title>CHP Antalya\u2019da temel atmaya haz\u0131rlan\u0131yor! Yeni hizmet binas\u0131 i\u00e7in geri say\u0131m ba\u015flad\u0131 - Av. Deniz Can K\u0131z\u0131l<\/title>\n<meta name=\"robots\" content=\"index, follow, max-snippet:-1, max-image-preview:large, max-video-preview:-1\" \/>\n<link rel=\"canonical\" href=\"https:\/\/denizcankizil.tr\/ru\/haberler\/gundem\/chp-antalyada-temel-atmaya-hazirlaniyor-yeni-hizmet-binasi-icin-geri-sayim-basladi\/\" \/>\n<meta property=\"og:locale\" content=\"ru_RU\" \/>\n<meta property=\"og:type\" content=\"article\" \/>\n<meta property=\"og:title\" content=\"CHP Antalya\u2019da temel atmaya haz\u0131rlan\u0131yor! Yeni hizmet binas\u0131 i\u00e7in geri say\u0131m ba\u015flad\u0131\" \/>\n<meta property=\"og:description\" content=\"CHP\u2019nin hafta sonu b\u00fcy\u00fck Antalya mitingi i\u00e7in \u015fehre gelen Cumhuriyet Halk Partisi \u00d6rg\u00fctlerden Sorumlu Genel Ba\u015fkan Yard\u0131mc\u0131s\u0131 Ersan Aytekin, yeni il ba\u015fkanl\u0131\u011f\u0131 in\u015faat projesiyle ilgili olarak \u0130l Ba\u015fkan\u0131 Nail Kamac\u0131\u2019dan bilgi ald\u0131. \u0130l Ba\u015fkan\u0131 Kamac\u0131, \u201cYeni hizmet binam\u0131z\u0131n in\u015faat\u0131na Kurban Bayram\u0131\u2019ndan sonra ba\u015flayaca\u011f\u0131z. \u015eu an itibariyle in\u015faat sahas\u0131nda hafriyat \u00e7al\u0131\u015fmalar\u0131na ba\u015flad\u0131k. Bayram\u0131n hemen ard\u0131ndan temel atma t\u00f6reni d\u00fczenleyece\u011fiz\u201d \u015feklinde konu\u015ftu. KOM\u015eU PARSEL SATIN ALINMI\u015eTI Antalya\u2019n\u0131n Muratpa\u015fa il\u00e7esine ba\u011fl\u0131 Memurevleri Mahallesi&#8217;nde 90 metrekarelik arsa \u00fczerinde bulunan CHP Antalya \u0130l binas\u0131n\u0131n yan\u0131ndaki kom\u015fu parseli CHP Antalya \u0130l Sekreteri \u015eenay Demiralay ve \u0130l Sayman\u0131 Erdem U\u011fur, Muratpa\u015fa Tapu M\u00fcd\u00fcrl\u00fc\u011f\u00fc&#8217;nde tapu i\u015flemlerini ger\u00e7ekle\u015ftirmi\u015fti. Parselin sat\u0131n al\u0131nmas\u0131yla bin metrekarelik in\u015faat alan\u0131 olu\u015fturulacak. F\u0130Z\u0130K\u0130 YAPISIYLA \u0130\u015eLEVS\u0130Z KALDI Cumhuriyet Halk Partisi Antalya \u0130l Ba\u015fkanl\u0131\u011f\u0131, mevcut il binas\u0131n\u0131n yetersiz kalmas\u0131 nedeniyle \u00f6nemli bir d\u00f6n\u00fc\u015f\u00fcm s\u00fcrecine girmi\u015fti. Uzun y\u0131llar hem fiziki hem de i\u015flevsel olarak yetersiz kalan mevcut bina, biti\u015fik binan\u0131n sat\u0131n al\u0131nmas\u0131yla parseller birle\u015ftirildi. Eski binan\u0131n yetersiz olmas\u0131, CHP Antalya \u0130l Ba\u015fkanl\u0131\u011f\u0131\u2019n\u0131n sorunlar ya\u015famas\u0131na neden oluyordu. Parti y\u00f6netimi, yan parselin sat\u0131n alarak alandaki geni\u015flemeyi sa\u011flad\u0131. \u200bCHP Antalya \u0130l Ba\u015fkanl\u0131\u011f\u0131 yeni hizmet binas\u0131 in\u015faat\u0131 i\u00e7in geri say\u0131m ba\u015flad\u0131. Kurban Bayram\u0131 sonras\u0131nda temeli at\u0131lacak olan in\u015faatta hafriyat \u00e7al\u0131\u015fmas\u0131 ba\u015flad\u0131.\u00a0 \u200bHaberin Al\u0131nt\u0131land\u0131\u011f\u0131 Kaynak: www.antalyakorfez.com\" \/>\n<meta property=\"og:url\" content=\"https:\/\/denizcankizil.tr\/ru\/haberler\/gundem\/chp-antalyada-temel-atmaya-hazirlaniyor-yeni-hizmet-binasi-icin-geri-sayim-basladi\/\" \/>\n<meta property=\"og:site_name\" content=\"Av. Deniz Can K\u0131z\u0131l\" \/>\n<meta property=\"article:published_time\" content=\"2025-06-02T07:41:27+00:00\" \/>\n<meta name=\"author\" content=\"Antalya K\u00f6rfez\" \/>\n<meta name=\"twitter:card\" content=\"summary_large_image\" \/>\n<meta name=\"twitter:label1\" content=\"\u041d\u0430\u043f\u0438\u0441\u0430\u043d\u043e \u0430\u0432\u0442\u043e\u0440\u043e\u043c\" \/>\n\t<meta name=\"twitter:data1\" content=\"Antalya K\u00f6rfez\" \/>\n\t<meta name=\"twitter:label2\" content=\"\u041f\u0440\u0438\u043c\u0435\u0440\u043d\u043e\u0435 \u0432\u0440\u0435\u043c\u044f \u0434\u043b\u044f \u0447\u0442\u0435\u043d\u0438\u044f\" \/>\n\t<meta name=\"twitter:data2\" content=\"1 \u043c\u0438\u043d\u0443\u0442\u0430\" \/>\n<script type=\"application\/ld+json\" class=\"yoast-schema-graph\">{\"@context\":\"https:\/\/schema.org\",\"@graph\":[{\"@type\":\"Article\",\"@id\":\"https:\/\/denizcankizil.tr\/ru\/haberler\/gundem\/chp-antalyada-temel-atmaya-hazirlaniyor-yeni-hizmet-binasi-icin-geri-sayim-basladi\/#article\",\"isPartOf\":{\"@id\":\"https:\/\/denizcankizil.tr\/ru\/haberler\/gundem\/chp-antalyada-temel-atmaya-hazirlaniyor-yeni-hizmet-binasi-icin-geri-sayim-basladi\/\"},\"author\":{\"name\":\"Antalya K\u00f6rfez\",\"@id\":\"https:\/\/denizcankizil.tr\/de\/#\/schema\/person\/e1eb71bb4dd684d46563f0af307e1234\"},\"headline\":\"CHP Antalya\u2019da temel atmaya haz\u0131rlan\u0131yor! Yeni hizmet binas\u0131 i\u00e7in geri say\u0131m ba\u015flad\u0131\",\"datePublished\":\"2025-06-02T07:41:27+00:00\",\"mainEntityOfPage\":{\"@id\":\"https:\/\/denizcankizil.tr\/ru\/haberler\/gundem\/chp-antalyada-temel-atmaya-hazirlaniyor-yeni-hizmet-binasi-icin-geri-sayim-basladi\/\"},\"wordCount\":310,\"publisher\":{\"@id\":\"https:\/\/denizcankizil.tr\/de\/#organization\"},\"articleSection\":[\"G\u00fcndem\"],\"inLanguage\":\"ru-RU\"},{\"@type\":\"WebPage\",\"@id\":\"https:\/\/denizcankizil.tr\/ru\/haberler\/gundem\/chp-antalyada-temel-atmaya-hazirlaniyor-yeni-hizmet-binasi-icin-geri-sayim-basladi\/\",\"url\":\"https:\/\/denizcankizil.tr\/ru\/haberler\/gundem\/chp-antalyada-temel-atmaya-hazirlaniyor-yeni-hizmet-binasi-icin-geri-sayim-basladi\/\",\"name\":\"CHP Antalya\u2019da temel atmaya haz\u0131rlan\u0131yor! Yeni hizmet binas\u0131 i\u00e7in geri say\u0131m ba\u015flad\u0131 - Av. Deniz Can K\u0131z\u0131l\",\"isPartOf\":{\"@id\":\"https:\/\/denizcankizil.tr\/de\/#website\"},\"datePublished\":\"2025-06-02T07:41:27+00:00\",\"breadcrumb\":{\"@id\":\"https:\/\/denizcankizil.tr\/ru\/haberler\/gundem\/chp-antalyada-temel-atmaya-hazirlaniyor-yeni-hizmet-binasi-icin-geri-sayim-basladi\/#breadcrumb\"},\"inLanguage\":\"ru-RU\",\"potentialAction\":[{\"@type\":\"ReadAction\",\"target\":[\"https:\/\/denizcankizil.tr\/ru\/haberler\/gundem\/chp-antalyada-temel-atmaya-hazirlaniyor-yeni-hizmet-binasi-icin-geri-sayim-basladi\/\"]}]},{\"@type\":\"BreadcrumbList\",\"@id\":\"https:\/\/denizcankizil.tr\/ru\/haberler\/gundem\/chp-antalyada-temel-atmaya-hazirlaniyor-yeni-hizmet-binasi-icin-geri-sayim-basladi\/#breadcrumb\",\"itemListElement\":[{\"@type\":\"ListItem\",\"position\":1,\"name\":\"Home\",\"item\":\"https:\/\/denizcankizil.tr\/de\/\"},{\"@type\":\"ListItem\",\"position\":2,\"name\":\"CHP Antalya\u2019da temel atmaya haz\u0131rlan\u0131yor! Yeni hizmet binas\u0131 i\u00e7in geri say\u0131m ba\u015flad\u0131\"}]},{\"@type\":\"WebSite\",\"@id\":\"https:\/\/denizcankizil.tr\/de\/#website\",\"url\":\"https:\/\/denizcankizil.tr\/de\/\",\"name\":\"Av. Deniz Can K\u0131z\u0131l\",\"description\":\"Avukat Deniz Can K\u0131z\u0131l Antalya Barosu\",\"publisher\":{\"@id\":\"https:\/\/denizcankizil.tr\/de\/#organization\"},\"potentialAction\":[{\"@type\":\"SearchAction\",\"target\":{\"@type\":\"EntryPoint\",\"urlTemplate\":\"https:\/\/denizcankizil.tr\/de\/?s={search_term_string}\"},\"query-input\":{\"@type\":\"PropertyValueSpecification\",\"valueRequired\":true,\"valueName\":\"search_term_string\"}}],\"inLanguage\":\"ru-RU\"},{\"@type\":\"Organization\",\"@id\":\"https:\/\/denizcankizil.tr\/de\/#organization\",\"name\":\"Av. Deniz Can K\u0131z\u0131l\",\"url\":\"https:\/\/denizcankizil.tr\/de\/\",\"logo\":{\"@type\":\"ImageObject\",\"inLanguage\":\"ru-RU\",\"@id\":\"https:\/\/denizcankizil.tr\/de\/#\/schema\/logo\/image\/\",\"url\":\"https:\/\/denizcankizil.tr\/wp-content\/uploads\/2024\/10\/siyah-logo-svg.svg\",\"contentUrl\":\"https:\/\/denizcankizil.tr\/wp-content\/uploads\/2024\/10\/siyah-logo-svg.svg\",\"width\":1080,\"height\":1080,\"caption\":\"Av. Deniz Can K\u0131z\u0131l\"},\"image\":{\"@id\":\"https:\/\/denizcankizil.tr\/de\/#\/schema\/logo\/image\/\"}},{\"@type\":\"Person\",\"@id\":\"https:\/\/denizcankizil.tr\/de\/#\/schema\/person\/e1eb71bb4dd684d46563f0af307e1234\",\"name\":\"Antalya K\u00f6rfez\",\"image\":{\"@type\":\"ImageObject\",\"inLanguage\":\"ru-RU\",\"@id\":\"https:\/\/denizcankizil.tr\/de\/#\/schema\/person\/image\/\",\"url\":\"https:\/\/secure.gravatar.com\/avatar\/42b01982558a48a0b501fdcab6a408d3717ea5919095ee2e67b0e521799c5905?s=96&d=mm&r=g\",\"contentUrl\":\"https:\/\/secure.gravatar.com\/avatar\/42b01982558a48a0b501fdcab6a408d3717ea5919095ee2e67b0e521799c5905?s=96&d=mm&r=g\",\"caption\":\"Antalya K\u00f6rfez\"},\"sameAs\":[\"http:\/\/www.antalyakorfez.com\"],\"url\":\"https:\/\/www.antalyakorfez.com\/chp-antalyada-temel-atmaya-hazirlaniyor-yeni-hizmet-binasi-icin-geri-sayim-basladi\"}]}<\/script>\n<!-- \/ Yoast SEO Premium plugin. -->","yoast_head_json":{"title":"CHP Antalya\u2019da temel atmaya haz\u0131rlan\u0131yor! Yeni hizmet binas\u0131 i\u00e7in geri say\u0131m ba\u015flad\u0131 - Av. Deniz Can K\u0131z\u0131l","robots":{"index":"index","follow":"follow","max-snippet":"max-snippet:-1","max-image-preview":"max-image-preview:large","max-video-preview":"max-video-preview:-1"},"canonical":"https:\/\/denizcankizil.tr\/ru\/haberler\/gundem\/chp-antalyada-temel-atmaya-hazirlaniyor-yeni-hizmet-binasi-icin-geri-sayim-basladi\/","og_locale":"ru_RU","og_type":"article","og_title":"CHP Antalya\u2019da temel atmaya haz\u0131rlan\u0131yor! Yeni hizmet binas\u0131 i\u00e7in geri say\u0131m ba\u015flad\u0131","og_description":"CHP\u2019nin hafta sonu b\u00fcy\u00fck Antalya mitingi i\u00e7in \u015fehre gelen Cumhuriyet Halk Partisi \u00d6rg\u00fctlerden Sorumlu Genel Ba\u015fkan Yard\u0131mc\u0131s\u0131 Ersan Aytekin, yeni il ba\u015fkanl\u0131\u011f\u0131 in\u015faat projesiyle ilgili olarak \u0130l Ba\u015fkan\u0131 Nail Kamac\u0131\u2019dan bilgi ald\u0131. \u0130l Ba\u015fkan\u0131 Kamac\u0131, \u201cYeni hizmet binam\u0131z\u0131n in\u015faat\u0131na Kurban Bayram\u0131\u2019ndan sonra ba\u015flayaca\u011f\u0131z. \u015eu an itibariyle in\u015faat sahas\u0131nda hafriyat \u00e7al\u0131\u015fmalar\u0131na ba\u015flad\u0131k. Bayram\u0131n hemen ard\u0131ndan temel atma t\u00f6reni d\u00fczenleyece\u011fiz\u201d \u015feklinde konu\u015ftu. KOM\u015eU PARSEL SATIN ALINMI\u015eTI Antalya\u2019n\u0131n Muratpa\u015fa il\u00e7esine ba\u011fl\u0131 Memurevleri Mahallesi&#8217;nde 90 metrekarelik arsa \u00fczerinde bulunan CHP Antalya \u0130l binas\u0131n\u0131n yan\u0131ndaki kom\u015fu parseli CHP Antalya \u0130l Sekreteri \u015eenay Demiralay ve \u0130l Sayman\u0131 Erdem U\u011fur, Muratpa\u015fa Tapu M\u00fcd\u00fcrl\u00fc\u011f\u00fc&#8217;nde tapu i\u015flemlerini ger\u00e7ekle\u015ftirmi\u015fti. Parselin sat\u0131n al\u0131nmas\u0131yla bin metrekarelik in\u015faat alan\u0131 olu\u015fturulacak. F\u0130Z\u0130K\u0130 YAPISIYLA \u0130\u015eLEVS\u0130Z KALDI Cumhuriyet Halk Partisi Antalya \u0130l Ba\u015fkanl\u0131\u011f\u0131, mevcut il binas\u0131n\u0131n yetersiz kalmas\u0131 nedeniyle \u00f6nemli bir d\u00f6n\u00fc\u015f\u00fcm s\u00fcrecine girmi\u015fti. Uzun y\u0131llar hem fiziki hem de i\u015flevsel olarak yetersiz kalan mevcut bina, biti\u015fik binan\u0131n sat\u0131n al\u0131nmas\u0131yla parseller birle\u015ftirildi. Eski binan\u0131n yetersiz olmas\u0131, CHP Antalya \u0130l Ba\u015fkanl\u0131\u011f\u0131\u2019n\u0131n sorunlar ya\u015famas\u0131na neden oluyordu. Parti y\u00f6netimi, yan parselin sat\u0131n alarak alandaki geni\u015flemeyi sa\u011flad\u0131. \u200bCHP Antalya \u0130l Ba\u015fkanl\u0131\u011f\u0131 yeni hizmet binas\u0131 in\u015faat\u0131 i\u00e7in geri say\u0131m ba\u015flad\u0131. Kurban Bayram\u0131 sonras\u0131nda temeli at\u0131lacak olan in\u015faatta hafriyat \u00e7al\u0131\u015fmas\u0131 ba\u015flad\u0131.\u00a0 \u200bHaberin Al\u0131nt\u0131land\u0131\u011f\u0131 Kaynak: www.antalyakorfez.com","og_url":"https:\/\/denizcankizil.tr\/ru\/haberler\/gundem\/chp-antalyada-temel-atmaya-hazirlaniyor-yeni-hizmet-binasi-icin-geri-sayim-basladi\/","og_site_name":"Av. Deniz Can K\u0131z\u0131l","article_published_time":"2025-06-02T07:41:27+00:00","author":"Antalya K\u00f6rfez","twitter_card":"summary_large_image","twitter_misc":{"\u041d\u0430\u043f\u0438\u0441\u0430\u043d\u043e \u0430\u0432\u0442\u043e\u0440\u043e\u043c":"Antalya K\u00f6rfez","\u041f\u0440\u0438\u043c\u0435\u0440\u043d\u043e\u0435 \u0432\u0440\u0435\u043c\u044f \u0434\u043b\u044f \u0447\u0442\u0435\u043d\u0438\u044f":"1 \u043c\u0438\u043d\u0443\u0442\u0430"},"schema":{"@context":"https:\/\/schema.org","@graph":[{"@type":"Article","@id":"https:\/\/denizcankizil.tr\/ru\/haberler\/gundem\/chp-antalyada-temel-atmaya-hazirlaniyor-yeni-hizmet-binasi-icin-geri-sayim-basladi\/#article","isPartOf":{"@id":"https:\/\/denizcankizil.tr\/ru\/haberler\/gundem\/chp-antalyada-temel-atmaya-hazirlaniyor-yeni-hizmet-binasi-icin-geri-sayim-basladi\/"},"author":{"name":"Antalya K\u00f6rfez","@id":"https:\/\/denizcankizil.tr\/de\/#\/schema\/person\/e1eb71bb4dd684d46563f0af307e1234"},"headline":"CHP Antalya\u2019da temel atmaya haz\u0131rlan\u0131yor! Yeni hizmet binas\u0131 i\u00e7in geri say\u0131m ba\u015flad\u0131","datePublished":"2025-06-02T07:41:27+00:00","mainEntityOfPage":{"@id":"https:\/\/denizcankizil.tr\/ru\/haberler\/gundem\/chp-antalyada-temel-atmaya-hazirlaniyor-yeni-hizmet-binasi-icin-geri-sayim-basladi\/"},"wordCount":310,"publisher":{"@id":"https:\/\/denizcankizil.tr\/de\/#organization"},"articleSection":["G\u00fcndem"],"inLanguage":"ru-RU"},{"@type":"WebPage","@id":"https:\/\/denizcankizil.tr\/ru\/haberler\/gundem\/chp-antalyada-temel-atmaya-hazirlaniyor-yeni-hizmet-binasi-icin-geri-sayim-basladi\/","url":"https:\/\/denizcankizil.tr\/ru\/haberler\/gundem\/chp-antalyada-temel-atmaya-hazirlaniyor-yeni-hizmet-binasi-icin-geri-sayim-basladi\/","name":"CHP Antalya\u2019da temel atmaya haz\u0131rlan\u0131yor! Yeni hizmet binas\u0131 i\u00e7in geri say\u0131m ba\u015flad\u0131 - Av. Deniz Can K\u0131z\u0131l","isPartOf":{"@id":"https:\/\/denizcankizil.tr\/de\/#website"},"datePublished":"2025-06-02T07:41:27+00:00","breadcrumb":{"@id":"https:\/\/denizcankizil.tr\/ru\/haberler\/gundem\/chp-antalyada-temel-atmaya-hazirlaniyor-yeni-hizmet-binasi-icin-geri-sayim-basladi\/#breadcrumb"},"inLanguage":"ru-RU","potentialAction":[{"@type":"ReadAction","target":["https:\/\/denizcankizil.tr\/ru\/haberler\/gundem\/chp-antalyada-temel-atmaya-hazirlaniyor-yeni-hizmet-binasi-icin-geri-sayim-basladi\/"]}]},{"@type":"BreadcrumbList","@id":"https:\/\/denizcankizil.tr\/ru\/haberler\/gundem\/chp-antalyada-temel-atmaya-hazirlaniyor-yeni-hizmet-binasi-icin-geri-sayim-basladi\/#breadcrumb","itemListElement":[{"@type":"ListItem","position":1,"name":"Home","item":"https:\/\/denizcankizil.tr\/de\/"},{"@type":"ListItem","position":2,"name":"CHP Antalya\u2019da temel atmaya haz\u0131rlan\u0131yor! Yeni hizmet binas\u0131 i\u00e7in geri say\u0131m ba\u015flad\u0131"}]},{"@type":"WebSite","@id":"https:\/\/denizcankizil.tr\/de\/#website","url":"https:\/\/denizcankizil.tr\/de\/","name":"Av. Deniz Can K\u0131z\u0131l","description":"Avukat Deniz Can K\u0131z\u0131l Antalya Barosu","publisher":{"@id":"https:\/\/denizcankizil.tr\/de\/#organization"},"potentialAction":[{"@type":"SearchAction","target":{"@type":"EntryPoint","urlTemplate":"https:\/\/denizcankizil.tr\/de\/?s={search_term_string}"},"query-input":{"@type":"PropertyValueSpecification","valueRequired":true,"valueName":"search_term_string"}}],"inLanguage":"ru-RU"},{"@type":"Organization","@id":"https:\/\/denizcankizil.tr\/de\/#organization","name":"Av. Deniz Can K\u0131z\u0131l","url":"https:\/\/denizcankizil.tr\/de\/","logo":{"@type":"ImageObject","inLanguage":"ru-RU","@id":"https:\/\/denizcankizil.tr\/de\/#\/schema\/logo\/image\/","url":"https:\/\/denizcankizil.tr\/wp-content\/uploads\/2024\/10\/siyah-logo-svg.svg","contentUrl":"https:\/\/denizcankizil.tr\/wp-content\/uploads\/2024\/10\/siyah-logo-svg.svg","width":1080,"height":1080,"caption":"Av. Deniz Can K\u0131z\u0131l"},"image":{"@id":"https:\/\/denizcankizil.tr\/de\/#\/schema\/logo\/image\/"}},{"@type":"Person","@id":"https:\/\/denizcankizil.tr\/de\/#\/schema\/person\/e1eb71bb4dd684d46563f0af307e1234","name":"Antalya K\u00f6rfez","image":{"@type":"ImageObject","inLanguage":"ru-RU","@id":"https:\/\/denizcankizil.tr\/de\/#\/schema\/person\/image\/","url":"https:\/\/secure.gravatar.com\/avatar\/42b01982558a48a0b501fdcab6a408d3717ea5919095ee2e67b0e521799c5905?s=96&d=mm&r=g","contentUrl":"https:\/\/secure.gravatar.com\/avatar\/42b01982558a48a0b501fdcab6a408d3717ea5919095ee2e67b0e521799c5905?s=96&d=mm&r=g","caption":"Antalya K\u00f6rfez"},"sameAs":["http:\/\/www.antalyakorfez.com"],"url":"https:\/\/www.antalyakorfez.com\/chp-antalyada-temel-atmaya-hazirlaniyor-yeni-hizmet-binasi-icin-geri-sayim-basladi"}]}},"_links":{"self":[{"href":"https:\/\/denizcankizil.tr\/ru\/wp-json\/wp\/v2\/posts\/104013","targetHints":{"allow":["GET"]}}],"collection":[{"href":"https:\/\/denizcankizil.tr\/ru\/wp-json\/wp\/v2\/posts"}],"about":[{"href":"https:\/\/denizcankizil.tr\/ru\/wp-json\/wp\/v2\/types\/post"}],"author":[{"embeddable":true,"href":"https:\/\/denizcankizil.tr\/ru\/wp-json\/wp\/v2\/users\/5"}],"replies":[{"embeddable":true,"href":"https:\/\/denizcankizil.tr\/ru\/wp-json\/wp\/v2\/comments?post=104013"}],"version-history":[{"count":0,"href":"https:\/\/denizcankizil.tr\/ru\/wp-json\/wp\/v2\/posts\/104013\/revisions"}],"wp:attachment":[{"href":"https:\/\/denizcankizil.tr\/ru\/wp-json\/wp\/v2\/media?parent=104013"}],"wp:term":[{"taxonomy":"category","embeddable":true,"href":"https:\/\/denizcankizil.tr\/ru\/wp-json\/wp\/v2\/categories?post=104013"},{"taxonomy":"post_tag","embeddable":true,"href":"https:\/\/denizcankizil.tr\/ru\/wp-json\/wp\/v2\/tags?post=104013"}],"curies":[{"name":"wp","href":"https:\/\/api.w.org\/{rel}","templated":true}]}}