{"id":103507,"date":"2025-06-01T14:41:18","date_gmt":"2025-06-01T11:41:18","guid":{"rendered":"https:\/\/denizcankizil.tr\/uncategorized-tr\/174-turistik-tesisin-ruhsati-askiya-alindi\/"},"modified":"2025-06-01T14:41:18","modified_gmt":"2025-06-01T11:41:18","slug":"174-turistik-tesisin-ruhsati-askiya-alindi","status":"publish","type":"post","link":"https:\/\/denizcankizil.tr\/ru\/haberler\/antalya\/174-turistik-tesisin-ruhsati-askiya-alindi\/","title":{"rendered":"174 turistik tesisin ruhsat\u0131 ask\u0131ya al\u0131nd\u0131"},"content":{"rendered":"<p>Muratpa\u015fa Belediyesi taraf\u0131ndan yap\u0131lan yaz\u0131l\u0131 a\u00e7\u0131klamada K\u00fclt\u00fcr ve Turizm Bakanl\u0131\u011f\u0131&#8217;n\u0131n talebi ve Antalya Valili\u011fi&#8217;nin 2025\/1 say\u0131l\u0131 genelgesi uyar\u0131nca, il\u00e7e s\u0131n\u0131rlar\u0131nda faaliyet g\u00f6steren Basit Konaklama Turizm \u0130\u015fletme Belgeli 294 tesisin, Antalya B\u00fcy\u00fck\u015fehir Belediyesi \u0130tfaiye Daire Ba\u015fkanl\u0131\u011f\u0131 taraf\u0131ndan denetlendi\u011fi ve \u00f6nemli say\u0131da tesiste Binalar\u0131n Yang\u0131ndan Korunmas\u0131 Hakk\u0131nda Y\u00f6netmelik h\u00fck\u00fcmleri \u00e7er\u00e7evesinde eksiklikler tespit edildi\u011fi belirtildi. Denetim tutanaklar\u0131n\u0131n, hem ilgili i\u015fletmelere hem de belediyeye tebli\u011f edildi\u011finin belirtildi\u011fi a\u00e7\u0131klamada, &#8220;Belediyemiz, bu s\u00fcre\u00e7te ilgili t\u00fcm kurumlarla i\u015f birli\u011fi i\u00e7inde, sorumlu bir kamu y\u00f6netimi anlay\u0131\u015f\u0131yla hareket etmi\u015f, tesislere eksikliklerini gidermeleri ve \u0130tfaiye Uygunluk Raporu almalar\u0131 i\u00e7in 31 May\u0131s 2025&#8217;e kadar s\u00fcre tan\u0131m\u0131\u015ft\u0131r&#8221; denildi.<\/p>\n<p>50 g\u00fcnl\u00fck ek s\u00fcre tan\u0131nm\u0131\u015ft\u0131<br \/>\nYang\u0131n g\u00fcvenli\u011fi gibi hayati bir konuda ilgili t\u00fcm kurumlarla tam bir i\u015f birli\u011fi i\u00e7inde hareket edildi\u011finin alt\u0131n\u0131 \u00e7izen Muratpa\u015fa Belediyesi, i\u015fletmelere a\u00e7\u0131k bir takvim ve net y\u00fck\u00fcml\u00fcl\u00fcklerin bildirildi\u011fini belirterek, &#8220;Bu s\u00fcre\u00e7te belediyemiz bir kamu kurumu olarak \u00fczerine d\u00fc\u015fen t\u00fcm sorumlulu\u011fun fazlas\u0131n\u0131 alm\u0131\u015f, esnaf\u0131n yan\u0131nda durarak t\u00fcm iyi niyetli giri\u015fimleri sergilemi\u015ftir. Belediyemiz, eksikliklerin giderilmesi i\u00e7in 50 g\u00fcn ek s\u00fcre tan\u0131rken s\u00fcrecin t\u00fcm risk ve sorumlulu\u011fu da \u00fcstlenmi\u015ftir. Ancak geldi\u011fimiz bu noktada, belediyemizin art\u0131k yaln\u0131zca kamu kurum ve kurulu\u015flar\u0131n\u0131n ortak ald\u0131\u011f\u0131 kararlar\u0131 uygulama y\u00fck\u00fcml\u00fcl\u00fc\u011f\u00fc bulunmaktad\u0131r. Belediyemiz, yetki ve sorumluluklar\u0131n\u0131 a\u015farak yeni bir karar almas\u0131 ne yaz\u0131k ki m\u00fcmk\u00fcn de\u011fildir&#8221; ifadelerine yer verildi.<\/p>\n<p>174 i\u015fletme m\u00fch\u00fcrlenecek<br \/>\nDenetim tutanaklar\u0131nda eksiklikleri devam eden 174 i\u015fletmenin ruhsatlar\u0131n\u0131n 31 May\u0131s tarihi itibariyle ask\u0131ya al\u0131nd\u0131\u011f\u0131n\u0131n belirtildi\u011fi a\u00e7\u0131klamada, &#8220;B\u00fcy\u00fck\u015fehir Belediyesi \u0130tfaiye Daire Ba\u015fkanl\u0131\u011f\u0131 denetim tutanaklar\u0131ndaki eksiklikleri devam eden 174 i\u015fletmenin ruhsatlar\u0131 31 May\u0131s 2025 tarih ve saat 17.30 itibariyle ask\u0131ya al\u0131nm\u0131\u015ft\u0131r. \u0130\u015fletmelere her t\u00fcrl\u00fc bildirim yap\u0131lm\u0131\u015f ve m\u00fc\u015fteri kabul etmemeleri konusunda uyar\u0131lm\u0131\u015ft\u0131r. 2 Haziran Pazartesi itibariyle de m\u00fch\u00fcrleme i\u015flemleri ba\u015flat\u0131lacakt\u0131r. \u0130\u015fletmelerin faaliyet durumlar\u0131na ili\u015fkin olarak t\u00fcm kamu kurum ve kurulu\u015flar\u0131 re&#8217;sen denetim ve tespit yetkisi bulunmaktad\u0131r. Faaliyetlerine devam etti\u011fi belirlenen i\u015fletmeler hakk\u0131nda ilgili mevzuat \u00e7er\u00e7evesinde yasal i\u015flem yap\u0131lacakt\u0131r&#8221; denildi.<\/p>\n<p>Vali \u015eahin uyarm\u0131\u015ft\u0131<br \/>\nAntalya Valisi Hulusi \u015eahin, 16 May\u0131s tarihinde d\u00fczenlenen &#8216;Kalei\u00e7i Yang\u0131n Denetimleri De\u011ferlendirme Toplant\u0131s\u0131&#8217; sonras\u0131 yapt\u0131\u011f\u0131 a\u00e7\u0131klamada Kalei\u00e7i b\u00f6lgesi ve Antalya genelinde hizmet veren turizm i\u015fletmelerinin, tarihi dokuya uygun, ayn\u0131 zamanda yang\u0131na dayan\u0131kl\u0131 bir yap\u0131ya kavu\u015fmas\u0131n\u0131n hedeflendi\u011fini s\u00f6ylemi\u015fti. Vali \u015eahin, &#8220;S\u00fcrecin t\u00fcm a\u015famalar\u0131; Antalya B\u00fcy\u00fck\u015fehir Belediyesi ve Muratpa\u015fa Belediyesi&#8217;nin ilgili birimleri ve \u0130tfaiye Daire Ba\u015fkanl\u0131\u011f\u0131, \u00c7evre, \u015eehircilik ve \u0130klim De\u011fi\u015fikli\u011fi Bakanl\u0131\u011f\u0131 ile K\u00fclt\u00fcr ve Turizm Bakanl\u0131\u011f\u0131&#8217;na ba\u011fl\u0131 birimler taraf\u0131ndan titizlikle takip edilecek. Ayr\u0131ca Ticaret ve Sanayi Odas\u0131 ile Kalei\u00e7i&#8217;nde faaliyet g\u00f6steren sivil toplum kurulu\u015flar\u0131 da bu s\u00fcrece aktif olarak katk\u0131 sa\u011flayacaklar. Bu sayede, Kalei\u00e7i&#8217;nde turizm faaliyetlerinin yang\u0131na dayan\u0131kl\u0131 \u015fartlarda kesintisiz \u015fekilde devam etmesi sa\u011flanacak&#8221; diyerek denetimlerin takip\u00e7isi olacaklar\u0131n\u0131 dile getirmi\u015fti.<\/p>\n<p>Kaynak: www.kanalv.com.tr Haber Sitesinden Al\u0131nm\u0131\u015ft\u0131r.<\/p>","protected":false},"excerpt":{"rendered":"<p>Muratpa\u015fa Belediyesi taraf\u0131ndan yap\u0131lan yaz\u0131l\u0131 a\u00e7\u0131klamada K\u00fclt\u00fcr ve Turizm Bakanl\u0131\u011f\u0131&#8217;n\u0131n talebi ve Antalya Valili\u011fi&#8217;nin 2025\/1 say\u0131l\u0131 genelgesi uyar\u0131nca, il\u00e7e s\u0131n\u0131rlar\u0131nda faaliyet g\u00f6steren Basit Konaklama Turizm \u0130\u015fletme Belgeli 294 tesisin, Antalya B\u00fcy\u00fck\u015fehir Belediyesi \u0130tfaiye Daire Ba\u015fkanl\u0131\u011f\u0131 taraf\u0131ndan denetlendi\u011fi ve \u00f6nemli say\u0131da tesiste Binalar\u0131n Yang\u0131ndan Korunmas\u0131 Hakk\u0131nda Y\u00f6netmelik h\u00fck\u00fcmleri \u00e7er\u00e7evesinde eksiklikler tespit edildi\u011fi belirtildi. Denetim tutanaklar\u0131n\u0131n, hem ilgili i\u015fletmelere hem de belediyeye tebli\u011f edildi\u011finin belirtildi\u011fi a\u00e7\u0131klamada, &#8220;Belediyemiz, bu s\u00fcre\u00e7te ilgili t\u00fcm kurumlarla i\u015f birli\u011fi i\u00e7inde, sorumlu bir kamu y\u00f6netimi anlay\u0131\u015f\u0131yla hareket etmi\u015f, tesislere eksikliklerini gidermeleri ve \u0130tfaiye Uygunluk Raporu almalar\u0131 i\u00e7in 31 May\u0131s 2025&#8217;e kadar s\u00fcre tan\u0131m\u0131\u015ft\u0131r&#8221; denildi. 50 g\u00fcnl\u00fck ek s\u00fcre tan\u0131nm\u0131\u015ft\u0131 Yang\u0131n g\u00fcvenli\u011fi gibi hayati bir konuda ilgili t\u00fcm kurumlarla tam bir i\u015f birli\u011fi i\u00e7inde hareket edildi\u011finin alt\u0131n\u0131 \u00e7izen Muratpa\u015fa Belediyesi, i\u015fletmelere a\u00e7\u0131k bir takvim ve net y\u00fck\u00fcml\u00fcl\u00fcklerin bildirildi\u011fini belirterek, &#8220;Bu s\u00fcre\u00e7te belediyemiz bir kamu kurumu olarak \u00fczerine d\u00fc\u015fen t\u00fcm sorumlulu\u011fun fazlas\u0131n\u0131 alm\u0131\u015f, esnaf\u0131n yan\u0131nda durarak t\u00fcm iyi niyetli giri\u015fimleri sergilemi\u015ftir. Belediyemiz, eksikliklerin giderilmesi i\u00e7in 50 g\u00fcn ek s\u00fcre tan\u0131rken s\u00fcrecin t\u00fcm risk ve sorumlulu\u011fu da \u00fcstlenmi\u015ftir. Ancak geldi\u011fimiz bu noktada, belediyemizin art\u0131k yaln\u0131zca kamu kurum ve kurulu\u015flar\u0131n\u0131n ortak ald\u0131\u011f\u0131 kararlar\u0131 uygulama y\u00fck\u00fcml\u00fcl\u00fc\u011f\u00fc bulunmaktad\u0131r. Belediyemiz, yetki ve sorumluluklar\u0131n\u0131 a\u015farak yeni bir karar almas\u0131 ne yaz\u0131k ki m\u00fcmk\u00fcn de\u011fildir&#8221; ifadelerine yer &hellip;<\/p>","protected":false},"author":4,"featured_media":0,"comment_status":"","ping_status":"open","sticky":false,"template":"","format":"standard","meta":{"_acf_changed":false,"footnotes":""},"categories":[26],"tags":[],"class_list":["post-103507","post","type-post","status-publish","format-standard","hentry","category-antalya"],"acf":[],"yoast_head":"<!-- This site is optimized with the Yoast SEO Premium plugin v26.6 (Yoast SEO v27.1.1) - https:\/\/yoast.com\/product\/yoast-seo-premium-wordpress\/ -->\n<title>174 turistik tesisin ruhsat\u0131 ask\u0131ya al\u0131nd\u0131 - Av. Deniz Can K\u0131z\u0131l<\/title>\n<meta name=\"robots\" content=\"index, follow, max-snippet:-1, max-image-preview:large, max-video-preview:-1\" \/>\n<link rel=\"canonical\" href=\"http:\/\/denizcankizil.tr\/ru\/haberler\/antalya\/174-turistik-tesisin-ruhsati-askiya-alindi\/\" \/>\n<meta property=\"og:locale\" content=\"ru_RU\" \/>\n<meta property=\"og:type\" content=\"article\" \/>\n<meta property=\"og:title\" content=\"174 turistik tesisin ruhsat\u0131 ask\u0131ya al\u0131nd\u0131\" \/>\n<meta property=\"og:description\" content=\"Muratpa\u015fa Belediyesi taraf\u0131ndan yap\u0131lan yaz\u0131l\u0131 a\u00e7\u0131klamada K\u00fclt\u00fcr ve Turizm Bakanl\u0131\u011f\u0131&#8217;n\u0131n talebi ve Antalya Valili\u011fi&#8217;nin 2025\/1 say\u0131l\u0131 genelgesi uyar\u0131nca, il\u00e7e s\u0131n\u0131rlar\u0131nda faaliyet g\u00f6steren Basit Konaklama Turizm \u0130\u015fletme Belgeli 294 tesisin, Antalya B\u00fcy\u00fck\u015fehir Belediyesi \u0130tfaiye Daire Ba\u015fkanl\u0131\u011f\u0131 taraf\u0131ndan denetlendi\u011fi ve \u00f6nemli say\u0131da tesiste Binalar\u0131n Yang\u0131ndan Korunmas\u0131 Hakk\u0131nda Y\u00f6netmelik h\u00fck\u00fcmleri \u00e7er\u00e7evesinde eksiklikler tespit edildi\u011fi belirtildi. Denetim tutanaklar\u0131n\u0131n, hem ilgili i\u015fletmelere hem de belediyeye tebli\u011f edildi\u011finin belirtildi\u011fi a\u00e7\u0131klamada, &#8220;Belediyemiz, bu s\u00fcre\u00e7te ilgili t\u00fcm kurumlarla i\u015f birli\u011fi i\u00e7inde, sorumlu bir kamu y\u00f6netimi anlay\u0131\u015f\u0131yla hareket etmi\u015f, tesislere eksikliklerini gidermeleri ve \u0130tfaiye Uygunluk Raporu almalar\u0131 i\u00e7in 31 May\u0131s 2025&#8217;e kadar s\u00fcre tan\u0131m\u0131\u015ft\u0131r&#8221; denildi. 50 g\u00fcnl\u00fck ek s\u00fcre tan\u0131nm\u0131\u015ft\u0131 Yang\u0131n g\u00fcvenli\u011fi gibi hayati bir konuda ilgili t\u00fcm kurumlarla tam bir i\u015f birli\u011fi i\u00e7inde hareket edildi\u011finin alt\u0131n\u0131 \u00e7izen Muratpa\u015fa Belediyesi, i\u015fletmelere a\u00e7\u0131k bir takvim ve net y\u00fck\u00fcml\u00fcl\u00fcklerin bildirildi\u011fini belirterek, &#8220;Bu s\u00fcre\u00e7te belediyemiz bir kamu kurumu olarak \u00fczerine d\u00fc\u015fen t\u00fcm sorumlulu\u011fun fazlas\u0131n\u0131 alm\u0131\u015f, esnaf\u0131n yan\u0131nda durarak t\u00fcm iyi niyetli giri\u015fimleri sergilemi\u015ftir. Belediyemiz, eksikliklerin giderilmesi i\u00e7in 50 g\u00fcn ek s\u00fcre tan\u0131rken s\u00fcrecin t\u00fcm risk ve sorumlulu\u011fu da \u00fcstlenmi\u015ftir. Ancak geldi\u011fimiz bu noktada, belediyemizin art\u0131k yaln\u0131zca kamu kurum ve kurulu\u015flar\u0131n\u0131n ortak ald\u0131\u011f\u0131 kararlar\u0131 uygulama y\u00fck\u00fcml\u00fcl\u00fc\u011f\u00fc bulunmaktad\u0131r. Belediyemiz, yetki ve sorumluluklar\u0131n\u0131 a\u015farak yeni bir karar almas\u0131 ne yaz\u0131k ki m\u00fcmk\u00fcn de\u011fildir&#8221; ifadelerine yer &hellip;\" \/>\n<meta property=\"og:url\" content=\"http:\/\/denizcankizil.tr\/ru\/haberler\/antalya\/174-turistik-tesisin-ruhsati-askiya-alindi\/\" \/>\n<meta property=\"og:site_name\" content=\"Av. Deniz Can K\u0131z\u0131l\" \/>\n<meta property=\"article:published_time\" content=\"2025-06-01T11:41:18+00:00\" \/>\n<meta name=\"author\" content=\"Av. Deniz Can K\u0131z\u0131l\" \/>\n<meta name=\"twitter:card\" content=\"summary_large_image\" \/>\n<meta name=\"twitter:label1\" content=\"\u041d\u0430\u043f\u0438\u0441\u0430\u043d\u043e \u0430\u0432\u0442\u043e\u0440\u043e\u043c\" \/>\n\t<meta name=\"twitter:data1\" content=\"Av. Deniz Can K\u0131z\u0131l\" \/>\n\t<meta name=\"twitter:label2\" content=\"\u041f\u0440\u0438\u043c\u0435\u0440\u043d\u043e\u0435 \u0432\u0440\u0435\u043c\u044f \u0434\u043b\u044f \u0447\u0442\u0435\u043d\u0438\u044f\" \/>\n\t<meta name=\"twitter:data2\" content=\"3 \u043c\u0438\u043d\u0443\u0442\u044b\" \/>\n<script type=\"application\/ld+json\" class=\"yoast-schema-graph\">{\"@context\":\"https:\/\/schema.org\",\"@graph\":[{\"@type\":\"Article\",\"@id\":\"http:\/\/denizcankizil.tr\/de\/haberler\/antalya\/174-turistik-tesisin-ruhsati-askiya-alindi\/#article\",\"isPartOf\":{\"@id\":\"http:\/\/denizcankizil.tr\/de\/haberler\/antalya\/174-turistik-tesisin-ruhsati-askiya-alindi\/\"},\"author\":{\"name\":\"Av. Deniz Can K\u0131z\u0131l\",\"@id\":\"https:\/\/denizcankizil.tr\/de\/#\/schema\/person\/5dc1b22991bd7ac833867c10afc9b0ff\"},\"headline\":\"174 turistik tesisin ruhsat\u0131 ask\u0131ya al\u0131nd\u0131\",\"datePublished\":\"2025-06-01T11:41:18+00:00\",\"mainEntityOfPage\":{\"@id\":\"http:\/\/denizcankizil.tr\/de\/haberler\/antalya\/174-turistik-tesisin-ruhsati-askiya-alindi\/\"},\"wordCount\":617,\"publisher\":{\"@id\":\"https:\/\/denizcankizil.tr\/de\/#organization\"},\"articleSection\":[\"Antalya\"],\"inLanguage\":\"ru-RU\"},{\"@type\":\"WebPage\",\"@id\":\"http:\/\/denizcankizil.tr\/de\/haberler\/antalya\/174-turistik-tesisin-ruhsati-askiya-alindi\/\",\"url\":\"http:\/\/denizcankizil.tr\/de\/haberler\/antalya\/174-turistik-tesisin-ruhsati-askiya-alindi\/\",\"name\":\"174 turistik tesisin ruhsat\u0131 ask\u0131ya al\u0131nd\u0131 - Av. Deniz Can K\u0131z\u0131l\",\"isPartOf\":{\"@id\":\"https:\/\/denizcankizil.tr\/de\/#website\"},\"datePublished\":\"2025-06-01T11:41:18+00:00\",\"breadcrumb\":{\"@id\":\"http:\/\/denizcankizil.tr\/de\/haberler\/antalya\/174-turistik-tesisin-ruhsati-askiya-alindi\/#breadcrumb\"},\"inLanguage\":\"ru-RU\",\"potentialAction\":[{\"@type\":\"ReadAction\",\"target\":[\"http:\/\/denizcankizil.tr\/de\/haberler\/antalya\/174-turistik-tesisin-ruhsati-askiya-alindi\/\"]}]},{\"@type\":\"BreadcrumbList\",\"@id\":\"http:\/\/denizcankizil.tr\/de\/haberler\/antalya\/174-turistik-tesisin-ruhsati-askiya-alindi\/#breadcrumb\",\"itemListElement\":[{\"@type\":\"ListItem\",\"position\":1,\"name\":\"Home\",\"item\":\"https:\/\/denizcankizil.tr\/de\/\"},{\"@type\":\"ListItem\",\"position\":2,\"name\":\"174 turistik tesisin ruhsat\u0131 ask\u0131ya al\u0131nd\u0131\"}]},{\"@type\":\"WebSite\",\"@id\":\"https:\/\/denizcankizil.tr\/de\/#website\",\"url\":\"https:\/\/denizcankizil.tr\/de\/\",\"name\":\"Av. Deniz Can K\u0131z\u0131l\",\"description\":\"Avukat Deniz Can K\u0131z\u0131l Antalya Barosu\",\"publisher\":{\"@id\":\"https:\/\/denizcankizil.tr\/de\/#organization\"},\"potentialAction\":[{\"@type\":\"SearchAction\",\"target\":{\"@type\":\"EntryPoint\",\"urlTemplate\":\"https:\/\/denizcankizil.tr\/de\/?s={search_term_string}\"},\"query-input\":{\"@type\":\"PropertyValueSpecification\",\"valueRequired\":true,\"valueName\":\"search_term_string\"}}],\"inLanguage\":\"ru-RU\"},{\"@type\":\"Organization\",\"@id\":\"https:\/\/denizcankizil.tr\/de\/#organization\",\"name\":\"Av. Deniz Can K\u0131z\u0131l\",\"url\":\"https:\/\/denizcankizil.tr\/de\/\",\"logo\":{\"@type\":\"ImageObject\",\"inLanguage\":\"ru-RU\",\"@id\":\"https:\/\/denizcankizil.tr\/de\/#\/schema\/logo\/image\/\",\"url\":\"https:\/\/denizcankizil.tr\/wp-content\/uploads\/2024\/10\/siyah-logo-svg.svg\",\"contentUrl\":\"https:\/\/denizcankizil.tr\/wp-content\/uploads\/2024\/10\/siyah-logo-svg.svg\",\"width\":1080,\"height\":1080,\"caption\":\"Av. Deniz Can K\u0131z\u0131l\"},\"image\":{\"@id\":\"https:\/\/denizcankizil.tr\/de\/#\/schema\/logo\/image\/\"}},{\"@type\":\"Person\",\"@id\":\"https:\/\/denizcankizil.tr\/de\/#\/schema\/person\/5dc1b22991bd7ac833867c10afc9b0ff\",\"name\":\"Av. Deniz Can K\u0131z\u0131l\",\"image\":{\"@type\":\"ImageObject\",\"inLanguage\":\"ru-RU\",\"@id\":\"https:\/\/denizcankizil.tr\/de\/#\/schema\/person\/image\/\",\"url\":\"https:\/\/secure.gravatar.com\/avatar\/a0b128fb9855c79efc976d5640eedb31dc35ec297594d6016d2cf7c60e975bb6?s=96&d=mm&r=g\",\"contentUrl\":\"https:\/\/secure.gravatar.com\/avatar\/a0b128fb9855c79efc976d5640eedb31dc35ec297594d6016d2cf7c60e975bb6?s=96&d=mm&r=g\",\"caption\":\"Av. Deniz Can K\u0131z\u0131l\"},\"sameAs\":[\"http:\/\/www.denizcankizil.tr\"],\"url\":\"https:\/\/denizcankizil.tr\/ru\/author\/denizcankizil\/\"}]}<\/script>\n<!-- \/ Yoast SEO Premium plugin. -->","yoast_head_json":{"title":"174 turistik tesisin ruhsat\u0131 ask\u0131ya al\u0131nd\u0131 - Av. Deniz Can K\u0131z\u0131l","robots":{"index":"index","follow":"follow","max-snippet":"max-snippet:-1","max-image-preview":"max-image-preview:large","max-video-preview":"max-video-preview:-1"},"canonical":"http:\/\/denizcankizil.tr\/ru\/haberler\/antalya\/174-turistik-tesisin-ruhsati-askiya-alindi\/","og_locale":"ru_RU","og_type":"article","og_title":"174 turistik tesisin ruhsat\u0131 ask\u0131ya al\u0131nd\u0131","og_description":"Muratpa\u015fa Belediyesi taraf\u0131ndan yap\u0131lan yaz\u0131l\u0131 a\u00e7\u0131klamada K\u00fclt\u00fcr ve Turizm Bakanl\u0131\u011f\u0131&#8217;n\u0131n talebi ve Antalya Valili\u011fi&#8217;nin 2025\/1 say\u0131l\u0131 genelgesi uyar\u0131nca, il\u00e7e s\u0131n\u0131rlar\u0131nda faaliyet g\u00f6steren Basit Konaklama Turizm \u0130\u015fletme Belgeli 294 tesisin, Antalya B\u00fcy\u00fck\u015fehir Belediyesi \u0130tfaiye Daire Ba\u015fkanl\u0131\u011f\u0131 taraf\u0131ndan denetlendi\u011fi ve \u00f6nemli say\u0131da tesiste Binalar\u0131n Yang\u0131ndan Korunmas\u0131 Hakk\u0131nda Y\u00f6netmelik h\u00fck\u00fcmleri \u00e7er\u00e7evesinde eksiklikler tespit edildi\u011fi belirtildi. Denetim tutanaklar\u0131n\u0131n, hem ilgili i\u015fletmelere hem de belediyeye tebli\u011f edildi\u011finin belirtildi\u011fi a\u00e7\u0131klamada, &#8220;Belediyemiz, bu s\u00fcre\u00e7te ilgili t\u00fcm kurumlarla i\u015f birli\u011fi i\u00e7inde, sorumlu bir kamu y\u00f6netimi anlay\u0131\u015f\u0131yla hareket etmi\u015f, tesislere eksikliklerini gidermeleri ve \u0130tfaiye Uygunluk Raporu almalar\u0131 i\u00e7in 31 May\u0131s 2025&#8217;e kadar s\u00fcre tan\u0131m\u0131\u015ft\u0131r&#8221; denildi. 50 g\u00fcnl\u00fck ek s\u00fcre tan\u0131nm\u0131\u015ft\u0131 Yang\u0131n g\u00fcvenli\u011fi gibi hayati bir konuda ilgili t\u00fcm kurumlarla tam bir i\u015f birli\u011fi i\u00e7inde hareket edildi\u011finin alt\u0131n\u0131 \u00e7izen Muratpa\u015fa Belediyesi, i\u015fletmelere a\u00e7\u0131k bir takvim ve net y\u00fck\u00fcml\u00fcl\u00fcklerin bildirildi\u011fini belirterek, &#8220;Bu s\u00fcre\u00e7te belediyemiz bir kamu kurumu olarak \u00fczerine d\u00fc\u015fen t\u00fcm sorumlulu\u011fun fazlas\u0131n\u0131 alm\u0131\u015f, esnaf\u0131n yan\u0131nda durarak t\u00fcm iyi niyetli giri\u015fimleri sergilemi\u015ftir. Belediyemiz, eksikliklerin giderilmesi i\u00e7in 50 g\u00fcn ek s\u00fcre tan\u0131rken s\u00fcrecin t\u00fcm risk ve sorumlulu\u011fu da \u00fcstlenmi\u015ftir. Ancak geldi\u011fimiz bu noktada, belediyemizin art\u0131k yaln\u0131zca kamu kurum ve kurulu\u015flar\u0131n\u0131n ortak ald\u0131\u011f\u0131 kararlar\u0131 uygulama y\u00fck\u00fcml\u00fcl\u00fc\u011f\u00fc bulunmaktad\u0131r. Belediyemiz, yetki ve sorumluluklar\u0131n\u0131 a\u015farak yeni bir karar almas\u0131 ne yaz\u0131k ki m\u00fcmk\u00fcn de\u011fildir&#8221; ifadelerine yer &hellip;","og_url":"http:\/\/denizcankizil.tr\/ru\/haberler\/antalya\/174-turistik-tesisin-ruhsati-askiya-alindi\/","og_site_name":"Av. Deniz Can K\u0131z\u0131l","article_published_time":"2025-06-01T11:41:18+00:00","author":"Av. Deniz Can K\u0131z\u0131l","twitter_card":"summary_large_image","twitter_misc":{"\u041d\u0430\u043f\u0438\u0441\u0430\u043d\u043e \u0430\u0432\u0442\u043e\u0440\u043e\u043c":"Av. Deniz Can K\u0131z\u0131l","\u041f\u0440\u0438\u043c\u0435\u0440\u043d\u043e\u0435 \u0432\u0440\u0435\u043c\u044f \u0434\u043b\u044f \u0447\u0442\u0435\u043d\u0438\u044f":"3 \u043c\u0438\u043d\u0443\u0442\u044b"},"schema":{"@context":"https:\/\/schema.org","@graph":[{"@type":"Article","@id":"http:\/\/denizcankizil.tr\/de\/haberler\/antalya\/174-turistik-tesisin-ruhsati-askiya-alindi\/#article","isPartOf":{"@id":"http:\/\/denizcankizil.tr\/de\/haberler\/antalya\/174-turistik-tesisin-ruhsati-askiya-alindi\/"},"author":{"name":"Av. Deniz Can K\u0131z\u0131l","@id":"https:\/\/denizcankizil.tr\/de\/#\/schema\/person\/5dc1b22991bd7ac833867c10afc9b0ff"},"headline":"174 turistik tesisin ruhsat\u0131 ask\u0131ya al\u0131nd\u0131","datePublished":"2025-06-01T11:41:18+00:00","mainEntityOfPage":{"@id":"http:\/\/denizcankizil.tr\/de\/haberler\/antalya\/174-turistik-tesisin-ruhsati-askiya-alindi\/"},"wordCount":617,"publisher":{"@id":"https:\/\/denizcankizil.tr\/de\/#organization"},"articleSection":["Antalya"],"inLanguage":"ru-RU"},{"@type":"WebPage","@id":"http:\/\/denizcankizil.tr\/de\/haberler\/antalya\/174-turistik-tesisin-ruhsati-askiya-alindi\/","url":"http:\/\/denizcankizil.tr\/de\/haberler\/antalya\/174-turistik-tesisin-ruhsati-askiya-alindi\/","name":"174 turistik tesisin ruhsat\u0131 ask\u0131ya al\u0131nd\u0131 - Av. Deniz Can K\u0131z\u0131l","isPartOf":{"@id":"https:\/\/denizcankizil.tr\/de\/#website"},"datePublished":"2025-06-01T11:41:18+00:00","breadcrumb":{"@id":"http:\/\/denizcankizil.tr\/de\/haberler\/antalya\/174-turistik-tesisin-ruhsati-askiya-alindi\/#breadcrumb"},"inLanguage":"ru-RU","potentialAction":[{"@type":"ReadAction","target":["http:\/\/denizcankizil.tr\/de\/haberler\/antalya\/174-turistik-tesisin-ruhsati-askiya-alindi\/"]}]},{"@type":"BreadcrumbList","@id":"http:\/\/denizcankizil.tr\/de\/haberler\/antalya\/174-turistik-tesisin-ruhsati-askiya-alindi\/#breadcrumb","itemListElement":[{"@type":"ListItem","position":1,"name":"Home","item":"https:\/\/denizcankizil.tr\/de\/"},{"@type":"ListItem","position":2,"name":"174 turistik tesisin ruhsat\u0131 ask\u0131ya al\u0131nd\u0131"}]},{"@type":"WebSite","@id":"https:\/\/denizcankizil.tr\/de\/#website","url":"https:\/\/denizcankizil.tr\/de\/","name":"Av. Deniz Can K\u0131z\u0131l","description":"Avukat Deniz Can K\u0131z\u0131l Antalya Barosu","publisher":{"@id":"https:\/\/denizcankizil.tr\/de\/#organization"},"potentialAction":[{"@type":"SearchAction","target":{"@type":"EntryPoint","urlTemplate":"https:\/\/denizcankizil.tr\/de\/?s={search_term_string}"},"query-input":{"@type":"PropertyValueSpecification","valueRequired":true,"valueName":"search_term_string"}}],"inLanguage":"ru-RU"},{"@type":"Organization","@id":"https:\/\/denizcankizil.tr\/de\/#organization","name":"Av. Deniz Can K\u0131z\u0131l","url":"https:\/\/denizcankizil.tr\/de\/","logo":{"@type":"ImageObject","inLanguage":"ru-RU","@id":"https:\/\/denizcankizil.tr\/de\/#\/schema\/logo\/image\/","url":"https:\/\/denizcankizil.tr\/wp-content\/uploads\/2024\/10\/siyah-logo-svg.svg","contentUrl":"https:\/\/denizcankizil.tr\/wp-content\/uploads\/2024\/10\/siyah-logo-svg.svg","width":1080,"height":1080,"caption":"Av. Deniz Can K\u0131z\u0131l"},"image":{"@id":"https:\/\/denizcankizil.tr\/de\/#\/schema\/logo\/image\/"}},{"@type":"Person","@id":"https:\/\/denizcankizil.tr\/de\/#\/schema\/person\/5dc1b22991bd7ac833867c10afc9b0ff","name":"Av. Deniz Can K\u0131z\u0131l","image":{"@type":"ImageObject","inLanguage":"ru-RU","@id":"https:\/\/denizcankizil.tr\/de\/#\/schema\/person\/image\/","url":"https:\/\/secure.gravatar.com\/avatar\/a0b128fb9855c79efc976d5640eedb31dc35ec297594d6016d2cf7c60e975bb6?s=96&d=mm&r=g","contentUrl":"https:\/\/secure.gravatar.com\/avatar\/a0b128fb9855c79efc976d5640eedb31dc35ec297594d6016d2cf7c60e975bb6?s=96&d=mm&r=g","caption":"Av. Deniz Can K\u0131z\u0131l"},"sameAs":["http:\/\/www.denizcankizil.tr"],"url":"https:\/\/denizcankizil.tr\/ru\/author\/denizcankizil\/"}]}},"_links":{"self":[{"href":"https:\/\/denizcankizil.tr\/ru\/wp-json\/wp\/v2\/posts\/103507","targetHints":{"allow":["GET"]}}],"collection":[{"href":"https:\/\/denizcankizil.tr\/ru\/wp-json\/wp\/v2\/posts"}],"about":[{"href":"https:\/\/denizcankizil.tr\/ru\/wp-json\/wp\/v2\/types\/post"}],"author":[{"embeddable":true,"href":"https:\/\/denizcankizil.tr\/ru\/wp-json\/wp\/v2\/users\/4"}],"replies":[{"embeddable":true,"href":"https:\/\/denizcankizil.tr\/ru\/wp-json\/wp\/v2\/comments?post=103507"}],"version-history":[{"count":0,"href":"https:\/\/denizcankizil.tr\/ru\/wp-json\/wp\/v2\/posts\/103507\/revisions"}],"wp:attachment":[{"href":"https:\/\/denizcankizil.tr\/ru\/wp-json\/wp\/v2\/media?parent=103507"}],"wp:term":[{"taxonomy":"category","embeddable":true,"href":"https:\/\/denizcankizil.tr\/ru\/wp-json\/wp\/v2\/categories?post=103507"},{"taxonomy":"post_tag","embeddable":true,"href":"https:\/\/denizcankizil.tr\/ru\/wp-json\/wp\/v2\/tags?post=103507"}],"curies":[{"name":"wp","href":"https:\/\/api.w.org\/{rel}","templated":true}]}}