{"id":10316,"date":"2024-10-30T14:41:15","date_gmt":"2024-10-30T11:41:15","guid":{"rendered":"https:\/\/denizcankizil.tr\/uncategorized-tr\/imar-kirliligine-neden-olma-sucu-hukuki-boyutlari-ve-cezalari\/"},"modified":"2024-10-30T14:41:15","modified_gmt":"2024-10-30T11:41:15","slug":"imar-kirliligine-neden-olma-sucu-hukuki-boyutlari-ve-cezalari","status":"publish","type":"post","link":"https:\/\/denizcankizil.tr\/ru\/koseyazilari\/degerlendirme\/imar-kirliligine-neden-olma-sucu-hukuki-boyutlari-ve-cezalari\/","title":{"rendered":"\u041f\u0440\u0435\u0441\u0442\u0443\u043f\u043b\u0435\u043d\u0438\u0435, \u043f\u043e\u0432\u043b\u0435\u043a\u0448\u0435\u0435 \u0437\u0430 \u0441\u043e\u0431\u043e\u0439 \u0437\u0430\u0433\u0440\u044f\u0437\u043d\u0435\u043d\u0438\u0435 \u0437\u043e\u043d\u0438\u0440\u043e\u0432\u0430\u043d\u0438\u044f: \u0435\u0433\u043e \u044e\u0440\u0438\u0434\u0438\u0447\u0435\u0441\u043a\u0438\u0435 \u0430\u0441\u043f\u0435\u043a\u0442\u044b \u0438 \u0448\u0442\u0440\u0430\u0444\u044b"},"content":{"rendered":"<p> <strong>\u0130mar Kirlili\u011fine Neden Olma \u200cSu\u00e7u: Hukuki Boyutlar\u0131 ve Cezalar\u0131<\/strong><\/p>\n<p>\u0130mar kirlili\u011fi, g\u00fcn\u00fcm\u00fczde h\u0131zla artan n\u00fcfus ve \u015fehirle\u015fme ile birlikte, kentlerin s\u00fcrd\u00fcr\u00fclebilir \u2063geli\u015fimini tehdit eden \u00f6nemli\u200c bir\u2062 sorun haline gelmi\u015ftir. \u2064Bu ba\u011flamda, imar kirlili\u011fine neden \u200bolma su\u00e7u, hem \u00e7evresel hem de hukuki a\u00e7\u0131dan dikkate\u200d al\u0131nmas\u0131 gereken bir mesele olarak \u00f6ne \u00e7\u0131kmaktad\u0131r. T\u00fcrk Ceza Kanunu ve ilgili mevzuatlar \u00e7er\u00e7evesinde, imar kirlili\u011fine yol a\u00e7an fiillerin tan\u0131mlanmas\u0131, bu fiillerin hukuki boyutlar\u0131n\u0131n belirlenmesi ve uygulanacak cezalar\u0131n netle\u015ftirilmesi, toplumun \u200csa\u011fl\u0131kl\u0131 bir \u00e7evrede ya\u015fama hakk\u0131n\u0131n\u200b korunmas\u0131 a\u00e7\u0131s\u0131ndan b\u00fcy\u00fck \u00f6nem ta\u015f\u0131maktad\u0131r. Bu makalede, imar kirlili\u011fine neden olma su\u00e7unun hukuki\u200d boyutlar\u0131, ceza hukuku a\u00e7\u0131s\u0131ndan de\u011ferlendirilmesi ve \u2063uygulamadaki yans\u0131malar\u0131 ele al\u0131nacakt\u0131r. B\u00f6ylece, \u2062imar kirlili\u011fi ile m\u00fccadelede hukukun rol\u00fc ve etkinli\u011fi \u00fczerine derinlemesine bir analiz sunulacakt\u0131r.<br \/><img decoding=\"async\" class=\"kimage_class lazyload\" data-src=\"https:\/\/denizcankizil.tr\/wp-content\/uploads\/2024\/10\/fNqXg-253D.jpg\" alt=\"\u0130mar Kirlili\u011fine Neden Olma Su\u00e7unun Tan\u0131m\u0131 ve Unsurlar\u0131\" src=\"data:image\/svg+xml;base64,PHN2ZyB3aWR0aD0iMSIgaGVpZ2h0PSIxIiB4bWxucz0iaHR0cDovL3d3dy53My5vcmcvMjAwMC9zdmciPjwvc3ZnPg==\"><\/p>\n<h2 id=\"imar-kirliligine-neden-olma-sucunun-tanimi-ve-unsurlari\">\u0130mar Kirlili\u011fine Neden\u200d Olma Su\u00e7unun Tan\u0131m\u0131 ve Unsurlar\u0131<\/h2>\n<section>\n<p>\u0130mar kirlili\u011fine neden olma su\u00e7u,\u2063 yap\u0131lar\u0131n ve\u2064 \u00e7evrenin d\u00fczenlenmesine ili\u015fkin hukuki normlar\u0131n ihlal\u200d edilmesi\u2064 sonucunda ortaya \u00e7\u0131kan bir su\u00e7 t\u00fcr\u00fcd\u00fcr. Bu su\u00e7, \u00f6zellikle yap\u0131 ruhsat\u0131 olmaks\u0131z\u0131n in\u015faat yapma, mevcut yap\u0131lar\u0131n\u200d izinsiz \u2064tadilat\u0131n\u0131 ger\u00e7ekle\u015ftirme\u2063 veya \u00e7evre d\u00fczenlemelerine ayk\u0131r\u0131 hareket etme\u2063 gibi eylemleri\u2062 kapsamaktad\u0131r. \u0130mar kirlili\u011fi, yaln\u0131zca fiziksel \u00e7evreyi de\u011fil, ayn\u0131 zamanda toplumsal ya\u015fam\u0131 \u200cda olumsuz etkileyen bir durumdur.<\/p>\n<p>Bu su\u00e7un unsurlar\u0131 genel olarak a\u015fa\u011f\u0131daki gibi \u2062s\u0131ralanabilir:<\/p>\n<ul>\n<li><strong>Hukuka Ayk\u0131r\u0131l\u0131k:<\/strong> \u0130mar mevzuat\u0131na ayk\u0131r\u0131 bir eylemin ger\u00e7ekle\u015ftirilmesi.<\/li>\n<li><strong>Failin Kast\u0131:<\/strong> Su\u00e7un \u200ci\u015flenmesinde failin bilerek ve\u2064 isteyerek hareket \u200detmesi.<\/li>\n<li><strong>Sonu\u00e7:<\/strong> \u0130mar kirlili\u011fine yol a\u00e7an eylemin, \u00e7evresel veya toplumsal bir zarara neden \u2062olmas\u0131.<\/li>\n<\/ul>\n<p>\u0130mar \u200ckirlili\u011fine \u200cneden olma su\u00e7u, yaln\u0131zca bireysel de\u011fil, toplumsal bir sorumluluk \u2062olarak da de\u011ferlendirilmektedir. Bu nedenle, \u2063<a href=\"https:\/\/denizcankizil.tr\/ru\/koseyazilari\/kasten-yaralama-sucu-uzerine-inceleme\/\" title=\"\u042d\u043a\u0441\u043f\u0435\u0440\u0442\u0438\u0437\u0430 \u043f\u043e \u043e\u0431\u0432\u0438\u043d\u0435\u043d\u0438\u044e \u0432 \u0443\u043c\u044b\u0448\u043b\u0435\u043d\u043d\u043e\u043c \u043f\u0440\u0438\u0447\u0438\u043d\u0435\u043d\u0438\u0438 \u0432\u0440\u0435\u0434\u0430 \u0437\u0434\u043e\u0440\u043e\u0432\u044c\u044e\">bu su\u00e7<\/a>un \u00f6nlenmesi ve cezaland\u0131r\u0131lmas\u0131, kamu d\u00fczeninin korunmas\u0131 a\u00e7\u0131s\u0131ndan b\u00fcy\u00fck \u00f6nem ta\u015f\u0131maktad\u0131r. \u0130lgili yasalar \u00e7er\u00e7evesinde, bu \u200ct\u00fcr eylemlerin cezai yapt\u0131r\u0131mlar\u0131 bulunmaktad\u0131r ve bu yapt\u0131r\u0131mlar, imar kirlili\u011finin \u00f6nlenmesi ad\u0131na\u2063 cayd\u0131r\u0131c\u0131 bir\u2063 rol oynamaktad\u0131r.<\/p>\n<\/section>\n<h2 id=\"imar-kirliligi-sucunun-hukuki-duzenlemeleri\">\u0130mar\u2062 Kirlili\u011fi Su\u00e7unun Hukuki \u2064D\u00fczenlemeleri<\/h2>\n<section>\n<p>\u0130mar kirlili\u011fi, yap\u0131lar\u0131n\u200c ruhsats\u0131z\u200b veya ruhsat\u0131na ayk\u0131r\u0131 olarak in\u015fa edilmesi durumunu ifade eder ve bu durum, hem \u00e7evre\u200d hem de toplum sa\u011fl\u0131\u011f\u0131 a\u00e7\u0131s\u0131ndan ciddi tehditler olu\u015fturur. T\u00fcrk hukuk sisteminde, imar\u2062 kirlili\u011fine neden olma su\u00e7u, \u20623194 say\u0131l\u0131 \u0130mar Kanunu ve ilgili mevzuatlar \u00e7er\u00e7evesinde d\u00fczenlenmi\u015ftir.\u2063 Bu su\u00e7un hukuki boyutlar\u0131, yaln\u0131zca in\u015faat s\u00fcre\u00e7lerini de\u011fil, ayn\u0131 zamanda \u00e7evresel s\u00fcrd\u00fcr\u00fclebilirli\u011fi de kapsamaktad\u0131r.<\/p>\n<p>\u0130mar kirlili\u011fi su\u00e7u, a\u015fa\u011f\u0131daki durumlar\u0131 i\u00e7ermektedir:<\/p>\n<ul>\n<li>Ruhsats\u0131z\u200d yap\u0131 in\u015faat\u0131 ger\u00e7ekle\u015ftirmek.<\/li>\n<li>Ruhsatl\u0131 \u200dyap\u0131n\u0131n, ruhsat\u0131na ayk\u0131r\u0131 olarak de\u011fi\u015ftirilmesi veya geni\u015fletilmesi.<\/li>\n<li>\u0130mar plan\u0131na ayk\u0131r\u0131 olarak \u200dyap\u0131 kullan\u0131m\u0131 sa\u011flamak.<\/li>\n<\/ul>\n<p>Bu su\u00e7lar\u0131n \u200di\u015flenmesi halinde, ilgili kanunlar \u00e7er\u00e7evesinde \u00e7e\u015fitli cezai yapt\u0131r\u0131mlar \u00f6ng\u00f6r\u00fclmektedir. \u0130mar kirlili\u011fine neden olma su\u00e7u, idari para cezalar\u0131 ile\u200d birlikte, yap\u0131lar\u0131n y\u0131k\u0131lmas\u0131 gibi yapt\u0131r\u0131mlar\u0131 da i\u00e7ermektedir. Ayr\u0131ca, bu t\u00fcr su\u00e7lar\u0131n tekrar\u0131 halinde, daha \u200da\u011f\u0131r cezalar uygulanmas\u0131 s\u00f6z konusu olabilmektedir. Bu \u200dnedenle, imar mevzuat\u0131na uygun hareket etmek, hem bireylerin hem \u200bde toplumun yarar\u0131na olacakt\u0131r.<\/p>\n<\/section>\n<p><img decoding=\"async\" class=\"kimage_class lazyload\" data-src=\"https:\/\/denizcankizil.tr\/wp-content\/uploads\/2024\/10\/3984-antalyada-sigorta-hukuku-avukatinin-gorev-alanlari.jpg\" alt=\"Cezai Sorumluluk ve \u0130mar Kirlili\u011fi Su\u00e7unun Cezalar\u0131\" src=\"data:image\/svg+xml;base64,PHN2ZyB3aWR0aD0iMSIgaGVpZ2h0PSIxIiB4bWxucz0iaHR0cDovL3d3dy53My5vcmcvMjAwMC9zdmciPjwvc3ZnPg==\"><\/p>\n<h2 id=\"cezai-sorumluluk-ve-imar-kirliligi-sucunun-cezalari\">Cezai Sorumluluk ve\u200b \u0130mar Kirlili\u011fi Su\u00e7unun Cezalar\u0131<\/h2>\n<section>\n<p>\u0130mar kirlili\u011fi,\u200c \u00e7evre ve \u015fehircilik a\u00e7\u0131s\u0131ndan \u00f6nemli bir sorun te\u015fkil etmekte olup, bu durumun hukuki boyutlar\u0131 da cezai sorumluluk a\u00e7\u0131s\u0131ndan ele al\u0131nmaktad\u0131r. \u0130mar kirlili\u011fine \u2064neden \u2064olma \u200csu\u00e7u, 3194 say\u0131l\u0131 \u0130mar Kanunu \u00e7er\u00e7evesinde d\u00fczenlenmi\u015f olup,\u2064 bu su\u00e7u i\u015fleyenler \u200ci\u00e7in \u00e7e\u015fitli yapt\u0131r\u0131mlar \u00f6ng\u00f6r\u00fclmektedir. Bu ba\u011flamda, \u2063imar \u200ckirlili\u011fi su\u00e7u, yaln\u0131zca bireysel de\u011fil, toplumsal bir sorumluluk olarak da de\u011ferlendirilmektedir.<\/p>\n<p>\u0130mar kirlili\u011fine neden olman\u0131n cezas\u0131, su\u00e7un niteli\u011fine\u2064 ve i\u015fleni\u015f \u015fekline g\u00f6re de\u011fi\u015fiklik g\u00f6stermektedir. Bu su\u00e7un\u200b i\u015flenmesi durumunda uygulanabilecek cezalar aras\u0131nda:<\/p>\n<ul>\n<li><strong>Para Cezas\u0131:<\/strong> \u0130mar kirlili\u011fine neden olan ki\u015filer, belirli bir miktarda para cezas\u0131na \u00e7arpt\u0131r\u0131labilirler.<\/li>\n<li><strong>\u0130dari Yapt\u0131r\u0131mlar:<\/strong> \u0130mar kirlili\u011fi tespit\u2064 edilen alanlarda, idari yapt\u0131r\u0131mlar uygulanarak, yap\u0131lar\u0131n y\u0131k\u0131lmas\u0131 veya d\u00fczeltilmesi talep edilebilir.<\/li>\n<li><strong>Hapis Cezas\u0131:<\/strong> Su\u00e7un\u200d a\u011f\u0131rla\u015fmas\u0131 \u200bdurumunda, hapis cezas\u0131 da s\u00f6z konusu olabilmektedir.<\/li>\n<\/ul>\n<p>Bu nedenle, imar kirlili\u011fi su\u00e7u, <a href=\"https:\/\/denizcankizil.tr\/ru\/seo\/antalyada-en-iyi-bosanma-avukatini-secerken-dikkat-edilmesi-gerekenler\/\" title=\"Antalya&#039;da En \u0130yi Bo\u015fanma Avukat\u0131n\u0131 Se\u00e7erken Dikkat Edilmesi Gerekenler\">yaln\u0131zca hukuki bir mesele de\u011fil<\/a>, ayn\u0131 zamanda\u2063 \u00e7evresel s\u00fcrd\u00fcr\u00fclebilirlik a\u00e7\u0131s\u0131ndan da b\u00fcy\u00fck bir \u00f6neme sahiptir. \u0130lgili yasalar\u0131n ve d\u00fczenlemelerin titizlikle uygulanmas\u0131, bu t\u00fcr su\u00e7lar\u0131n\u2062 \u00f6nlenmesi a\u00e7\u0131s\u0131ndan kritik\u200c bir rol oynamaktad\u0131r.<\/p>\n<\/section>\n<p><img decoding=\"async\" class=\"kimage_class lazyload\" data-src=\"https:\/\/denizcankizil.tr\/wp-content\/uploads\/2024\/10\/YhAY-253D.jpg\" alt=\"\u0130mar Kirlili\u011fi \u200dSu\u00e7unun Ma\u011fdurlar\u0131 ve Haklar\u0131\" src=\"data:image\/svg+xml;base64,PHN2ZyB3aWR0aD0iMSIgaGVpZ2h0PSIxIiB4bWxucz0iaHR0cDovL3d3dy53My5vcmcvMjAwMC9zdmciPjwvc3ZnPg==\"><\/p>\n<h2 id=\"imar-kirliligi-sucunun-magdurlari-ve-haklari\">\u0130mar Kirlili\u011fi Su\u00e7unun Ma\u011fdurlar\u0131 ve\u2062 Haklar\u0131<\/h2>\n<section>\n<p>\u0130mar kirlili\u011fi, \u00e7evresel ve toplumsal sorunlar\u0131n yan\u0131 s\u0131ra, bireylerin haklar\u0131n\u0131 da do\u011frudan\u2063 etkileyen bir durumdur.\u2063 Bu su\u00e7un ma\u011fdurlar\u0131, genellikle yap\u0131lar\u0131n \u00e7evresinde ya\u015fayan ki\u015filer ve bu yap\u0131lar\u0131n olumsuz etkilerinden etkilenen topluluklard\u0131r. \u200c\u0130mar kirlili\u011fi, sadece fiziksel \u2063\u00e7evreyi de\u011fil, \u2063ayn\u0131 zamanda insanlar\u0131n ya\u015fam kalitesini \u2064de tehdit eden bir olgudur. Bu \u200bba\u011flamda, ma\u011fdurlar\u0131n haklar\u0131 ve bu haklar\u0131n korunmas\u0131 b\u00fcy\u00fck \u200cbir \u00f6nem ta\u015f\u0131maktad\u0131r.<\/p>\n<p>\u0130mar kirlili\u011fi\u200d ma\u011fdurlar\u0131, \u200d<a href=\"https:\/\/denizcankizil.tr\/ru\/seo\/antalyada-icra-iflas-ve-konkordato-davalari-hakkinda\/\" title=\"Antalya&#039;da \u0130cra, \u0130flas ve Konkordato Davalar\u0131 Hakk\u0131nda\">a\u015fa\u011f\u0131daki haklara sahiptir<\/a>:<\/p>\n<ul>\n<li><strong>Bilgi Edinme Hakk\u0131:<\/strong> \u0130mar kirlili\u011fine neden olan durumlar hakk\u0131nda bilgi talep etme hakk\u0131na sahiptirler.<\/li>\n<li><strong>\u015eikayet \u2062Hakk\u0131:<\/strong> \u0130mar \u2063kirlili\u011fi ile ilgili durumu\u200b yetkililere bildirme ve \u015fikayette bulunma haklar\u0131 bulunmaktad\u0131r.<\/li>\n<li><strong>Tazminat Talep Hakk\u0131:<\/strong> \u0130mar kirlili\u011finden kaynaklanan zararlar\u0131n\u200d tazmini \u200di\u00e7in hukuki yollara ba\u015fvurma haklar\u0131 mevcuttur.<\/li>\n<li><strong>\u00c7evresel Etki De\u011ferlendirmesi \u200bTalep Hakk\u0131:<\/strong> \u0130mar projelerinin \u00e7evresel etkilerinin de\u011ferlendirilmesi i\u00e7in talepte bulunabilirler.<\/li>\n<\/ul>\n<p>Bu haklar\u0131n korunmas\u0131, imar kirlili\u011fi ma\u011fdurlar\u0131n\u0131n ya\u015fam standartlar\u0131n\u0131n iyile\u015ftirilmesi a\u00e7\u0131s\u0131ndan kritik bir \u00f6neme sahiptir.\u200b Ayr\u0131ca, toplumsal bilincin art\u0131r\u0131lmas\u0131 ve hukuki s\u00fcre\u00e7lerin etkin bir \u015fekilde i\u015fletilmesi, imar kirlili\u011fi ile m\u00fccadelede \u00f6nemli bir rol oynamaktad\u0131r. Sonu\u00e7 \u200dolarak, imar kirlili\u011fi su\u00e7unun \u200dma\u011fdurlar\u0131,\u2063 haklar\u0131n\u0131\u200b bilerek ve bu haklar\u0131 savunarak daha sa\u011fl\u0131kl\u0131 bir \u00e7evrede\u200d ya\u015fama imkan\u0131na sahip olabilirler.<\/p>\n<\/section>\n<p><img decoding=\"async\" class=\"kimage_class lazyload\" data-src=\"https:\/\/denizcankizil.tr\/wp-content\/uploads\/2024\/10\/t-bild.jpg\" alt=\"Yarg\u0131tay \u2064\u0130\u00e7tihatlar\u0131 I\u015f\u0131\u011f\u0131nda \u0130mar \u2062Kirlili\u011fi Su\u00e7una \u0130li\u015fkin De\u011ferlendirmeler\" src=\"data:image\/svg+xml;base64,PHN2ZyB3aWR0aD0iMSIgaGVpZ2h0PSIxIiB4bWxucz0iaHR0cDovL3d3dy53My5vcmcvMjAwMC9zdmciPjwvc3ZnPg==\"><\/p>\n<h2 id=\"yargitay-ictihatlari-isiginda-imar-kirliligi-sucuna-iliskin-degerlendirmeler\">Yarg\u0131tay\u2063 \u0130\u00e7tihatlar\u0131 I\u015f\u0131\u011f\u0131nda \u0130mar \u2063Kirlili\u011fi Su\u00e7una \u2064\u0130li\u015fkin \u2062De\u011ferlendirmeler<\/h2>\n<section>\n<p>\u0130mar kirlili\u011fi, yap\u0131lar\u0131n ruhsats\u0131z veya ruhsata ayk\u0131r\u0131 bir \u2064\u015fekilde\u200c in\u015fa edilmesi durumunu ifade eder. Bu durum, hem \u00e7evre hem \u200bde\u2064 toplum sa\u011fl\u0131\u011f\u0131 \u2064a\u00e7\u0131s\u0131ndan ciddi tehditler olu\u015fturmakta ve \u200bhukuki yapt\u0131r\u0131mlar\u0131 beraberinde \u200bgetirmektedir. Yarg\u0131tay, imar kirlili\u011fi su\u00e7una ili\u015fkin i\u00e7tihatlar\u0131yla, bu \u200bsu\u00e7un unsurlar\u0131n\u0131 ve cezai sorumlulu\u011fu net bir \u015fekilde belirlemi\u015ftir.<\/p>\n<p>Yarg\u0131tay \u2064kararlar\u0131, imar kirlili\u011fi su\u00e7unun olu\u015fabilmesi i\u00e7in gerekli olan unsurlar\u0131 \u015fu \u2064\u015fekilde s\u0131ralamaktad\u0131r:<\/p>\n<ul>\n<li><strong>Ruhsats\u0131z Yap\u0131 \u0130n\u015fas\u0131:<\/strong> \u0130lgili mevzuata ayk\u0131r\u0131 olarak in\u015fa edilen\u200d yap\u0131lar, imar kirlili\u011fi su\u00e7unu olu\u015fturur.<\/li>\n<li><strong>Ruhsata \u2064Ayk\u0131r\u0131l\u0131k:<\/strong> Mevcut ruhsat\u0131n \u015fartlar\u0131na uymayan de\u011fi\u015fiklikler, su\u00e7un olu\u015fumuna neden olabilir.<\/li>\n<li><strong>\u00c7evresel Etkiler:<\/strong> Yap\u0131n\u0131n \u00e7evreye olan olumsuz etkileri, su\u00e7un \u2062ciddiyetini art\u0131ran \u2063bir fakt\u00f6rd\u00fcr.<\/li>\n<\/ul>\n<p>Bu ba\u011flamda, Yarg\u0131tay, imar kirlili\u011fi\u200c su\u00e7unun cezas\u0131n\u0131 belirlerken, su\u00e7un \u200di\u015fleni\u015f \u015fekli, yap\u0131n\u0131n bulundu\u011fu yer ve \u00e7evresel etkileri gibi unsurlar\u0131 dikkate almaktad\u0131r. Cezalar, genellikle para \u200ccezas\u0131 veya hapis cezas\u0131 \u015feklinde uygulanmakta olup, su\u00e7un a\u011f\u0131rl\u0131\u011f\u0131na g\u00f6re de\u011fi\u015fiklik g\u00f6stermektedir.\u2064 Bu nedenle, imar kirlili\u011fi ile m\u00fccadelede\u2064 hukukun \u00fcst\u00fcnl\u00fc\u011f\u00fc ve Yarg\u0131tay i\u00e7tihatlar\u0131n\u0131n \u00f6nemi b\u00fcy\u00fck bir rol\u200b oynamaktad\u0131r.<\/p>\n<\/section>\n<p><img decoding=\"async\" class=\"kimage_class lazyload\" data-src=\"https:\/\/denizcankizil.tr\/wp-content\/uploads\/2024\/10\/3982-antalyadaki-fikri-ve-sinai-haklar-avukatlarinin-yetki-alanlari.jpg\" alt=\"\u0130mar\u2062 Kirlili\u011fi ile M\u00fccadelede \u00d6nleyici\u200c Tedbirler ve Politika \u00d6nerileri\" src=\"data:image\/svg+xml;base64,PHN2ZyB3aWR0aD0iMSIgaGVpZ2h0PSIxIiB4bWxucz0iaHR0cDovL3d3dy53My5vcmcvMjAwMC9zdmciPjwvc3ZnPg==\"><\/p>\n<h2 id=\"imar-kirliligi-ile-mucadelede-onleyici-tedbirler-ve-politika-onerileri\">\u0130mar Kirlili\u011fi ile M\u00fccadelede \u00d6nleyici Tedbirler ve Politika \u00d6nerileri<\/h2>\n<section>\n<p>\u0130mar kirlili\u011fi, \u015fehirlerin\u2062 s\u00fcrd\u00fcr\u00fclebilir\u200b geli\u015fimini tehdit eden \u00f6nemli\u2064 bir sorundur. Bu sorunun \u00f6nlenmesi i\u00e7in\u2064 \u00e7e\u015fitli <strong>\u00f6nleyici tedbirler<\/strong> \u0432\u0435 <strong>politika \u00f6nerileri<\/strong> geli\u015ftirilmesi\u2063 gerekmektedir. A\u015fa\u011f\u0131da, imar kirlili\u011fi \u2064ile m\u00fccadelede dikkate al\u0131nmas\u0131 gereken baz\u0131 temel unsurlar s\u0131ralanm\u0131\u015ft\u0131r:<\/p>\n<ul>\n<li><strong>Planlama ve Y\u00f6netim:<\/strong> \u200b\u015eehir planlamas\u0131, imar kirlili\u011finin \u200d\u00f6nlenmesinde kritik bir rol oynamaktad\u0131r. Uzun vadeli ve s\u00fcrd\u00fcr\u00fclebilir planlamalar yap\u0131lmal\u0131, mevcut imar planlar\u0131 \u2063g\u00f6zden ge\u00e7irilmelidir.<\/li>\n<li><strong>Denetim Mekanizmalar\u0131:<\/strong> \u0130mar\u2063 uygulamalar\u0131n\u0131n denetimi \u2062g\u00fc\u00e7lendirilmelidir. \u0130lgili kurumlar,\u200c in\u015faat s\u00fcre\u00e7lerini\u2063 yak\u0131ndan takip ederek, \u200dyasad\u0131\u015f\u0131 yap\u0131la\u015fman\u0131n \u00f6n\u00fcne ge\u00e7melidir.<\/li>\n<li><strong>Toplum Bilin\u00e7lendirme:<\/strong> Kamuoyunun imar kirlili\u011fi konusunda bilin\u00e7lendirilmesi, \u2062bu sorunun \u00e7\u00f6z\u00fcm\u00fcnde \u00f6nemli bir ad\u0131md\u0131r. E\u011fitim\u200c programlar\u0131 ve kampanyalar d\u00fczenlenerek, \u2064toplumsal fark\u0131ndal\u0131k art\u0131r\u0131lmal\u0131d\u0131r.<\/li>\n<li><strong>\u00c7evre Dostu Uygulamalar:<\/strong> \u0130mar projelerinde \u00e7evre dostu malzeme ve y\u00f6ntemlerin \u200bkullan\u0131m\u0131 te\u015fvik edilmelidir. Bu, hem\u2062 \u00e7evrenin korunmas\u0131na hem \u2064de imar\u2063 kirlili\u011finin azalt\u0131lmas\u0131na \u2062katk\u0131 sa\u011flayacakt\u0131r.<\/li>\n<\/ul>\n<p>Sonu\u00e7 olarak, imar kirlili\u011fi ile m\u00fccadelede\u2064 etkili bir strateji geli\u015ftirmek i\u00e7in yukar\u0131da belirtilen \u00f6nleyici tedbirlerin hayata ge\u00e7irilmesi b\u00fcy\u00fck \u2064\u00f6nem ta\u015f\u0131maktad\u0131r. Bu\u2062 ba\u011flamda, ilgili t\u00fcm payda\u015flar\u0131n i\u015f birli\u011fi i\u00e7inde hareket etmesi gerekmektedir.<\/p>\n<\/section>\n<p>Sonu\u00e7 olarak, imar kirlili\u011fine neden olma\u200d su\u00e7u, hem \u00e7evresel hem de toplumsal \u200ba\u00e7\u0131dan ciddi sonu\u00e7lar do\u011furan bir \u200chukuki meseledir. Bu su\u00e7un \u2062hukuki\u2062 boyutlar\u0131, T\u00fcrkiye&#8217;deki imar mevzuat\u0131 \u00e7er\u00e7evesinde titizlikle ele al\u0131nmakta ve ilgili ceza h\u00fck\u00fcmleri ile yapt\u0131r\u0131mlar belirlenmektedir. \u0130mar kirlili\u011finin \u00f6nlenmesi,\u200d s\u00fcrd\u00fcr\u00fclebilir bir \u00e7evre ve sa\u011fl\u0131kl\u0131 bir ya\u015fam \u200balan\u0131 olu\u015fturulmas\u0131 a\u00e7\u0131s\u0131ndan b\u00fcy\u00fck \u00f6nem ta\u015f\u0131maktad\u0131r. Bu ba\u011flamda, hem kamu otoritelerine hem de bireylere \u2063d\u00fc\u015fen\u200d sorumluluklar bulunmaktad\u0131r. \u0130mar kirlili\u011fine neden \u2063olma su\u00e7unun \u00f6nlenmesi\u200d i\u00e7in, hukukun etkin bir \u015fekilde uygulanmas\u0131 ve toplumsal bilincin art\u0131r\u0131lmas\u0131 gerekmektedir. Gelecek nesillere \u200bdaha ya\u015fanabilir bir\u2063 \u00e7evre b\u0131rakmak\u200b ad\u0131na, bu konuda at\u0131lacak\u200c ad\u0131mlar,\u2063 yaln\u0131zca hukuki bir zorunluluk de\u011fil, ayn\u0131\u2063 zamanda toplumsal bir g\u00f6rev olarak \u2064da de\u011ferlendirilmelidir. <\/p>","protected":false},"excerpt":{"rendered":"<p>\u0130mar kirlili\u011fine neden olma su\u00e7u, 3194 say\u0131l\u0131 \u0130mar Kanunu \u00e7er\u00e7evesinde d\u00fczenlenmi\u015f olup, yap\u0131lar\u0131n ruhsats\u0131z veya imara ayk\u0131r\u0131 olarak in\u015fa edilmesi durumunu kapsamaktad\u0131r. Bu su\u00e7un hukuki boyutlar\u0131, ceza ve idari yapt\u0131r\u0131mlarla belirlenmektedir.<\/p>","protected":false},"author":4,"featured_media":10317,"comment_status":"open","ping_status":"open","sticky":false,"template":"","format":"standard","meta":{"_acf_changed":false,"footnotes":""},"categories":[22],"tags":[],"class_list":["post-10316","post","type-post","status-publish","format-standard","has-post-thumbnail","hentry","category-degerlendirme"],"acf":[],"yoast_head":"<!-- This site is optimized with the Yoast SEO Premium plugin v26.6 (Yoast SEO v27.1.1) - https:\/\/yoast.com\/product\/yoast-seo-premium-wordpress\/ -->\n<title>\u0130mar Kirlili\u011fine Neden Olma Su\u00e7u: Hukuki Boyutlar\u0131 ve Cezalar\u0131 - Av. Deniz Can K\u0131z\u0131l<\/title>\n<meta name=\"robots\" content=\"index, follow, max-snippet:-1, max-image-preview:large, max-video-preview:-1\" \/>\n<link rel=\"canonical\" href=\"https:\/\/denizcankizil.tr\/ru\/koseyazilari\/degerlendirme\/imar-kirliligine-neden-olma-sucu-hukuki-boyutlari-ve-cezalari\/\" \/>\n<meta property=\"og:locale\" content=\"ru_RU\" \/>\n<meta property=\"og:type\" content=\"article\" \/>\n<meta property=\"og:title\" content=\"\u0130mar Kirlili\u011fine Neden Olma Su\u00e7u: Hukuki Boyutlar\u0131 ve Cezalar\u0131\" \/>\n<meta property=\"og:description\" content=\"\u0130mar kirlili\u011fine neden olma su\u00e7u, 3194 say\u0131l\u0131 \u0130mar Kanunu \u00e7er\u00e7evesinde d\u00fczenlenmi\u015f olup, yap\u0131lar\u0131n ruhsats\u0131z veya imara ayk\u0131r\u0131 olarak in\u015fa edilmesi durumunu kapsamaktad\u0131r. Bu su\u00e7un hukuki boyutlar\u0131, ceza ve idari yapt\u0131r\u0131mlarla belirlenmektedir.\" \/>\n<meta property=\"og:url\" content=\"https:\/\/denizcankizil.tr\/ru\/koseyazilari\/degerlendirme\/imar-kirliligine-neden-olma-sucu-hukuki-boyutlari-ve-cezalari\/\" \/>\n<meta property=\"og:site_name\" content=\"Av. Deniz Can K\u0131z\u0131l\" \/>\n<meta property=\"article:published_time\" content=\"2024-10-30T11:41:15+00:00\" \/>\n<meta property=\"og:image\" content=\"https:\/\/denizcankizil.tr\/wp-content\/uploads\/2024\/10\/10316-imar-kirliligine-neden-olma-sucu-hukuki-boyutlari-ve-cezalari.jpg\" \/>\n\t<meta property=\"og:image:width\" content=\"566\" \/>\n\t<meta property=\"og:image:height\" content=\"800\" \/>\n\t<meta property=\"og:image:type\" content=\"image\/jpeg\" \/>\n<meta name=\"author\" content=\"Av. Deniz Can K\u0131z\u0131l\" \/>\n<meta name=\"twitter:card\" content=\"summary_large_image\" \/>\n<meta name=\"twitter:label1\" content=\"\u041d\u0430\u043f\u0438\u0441\u0430\u043d\u043e \u0430\u0432\u0442\u043e\u0440\u043e\u043c\" \/>\n\t<meta name=\"twitter:data1\" content=\"Av. Deniz Can K\u0131z\u0131l\" \/>\n\t<meta name=\"twitter:label2\" content=\"\u041f\u0440\u0438\u043c\u0435\u0440\u043d\u043e\u0435 \u0432\u0440\u0435\u043c\u044f \u0434\u043b\u044f \u0447\u0442\u0435\u043d\u0438\u044f\" \/>\n\t<meta name=\"twitter:data2\" content=\"9 \u043c\u0438\u043d\u0443\u0442\" \/>\n<script type=\"application\/ld+json\" class=\"yoast-schema-graph\">{\"@context\":\"https:\/\/schema.org\",\"@graph\":[{\"@type\":\"Article\",\"@id\":\"https:\/\/denizcankizil.tr\/de\/koseyazilari\/degerlendirme\/imar-kirliligine-neden-olma-sucu-hukuki-boyutlari-ve-cezalari\/#article\",\"isPartOf\":{\"@id\":\"https:\/\/denizcankizil.tr\/de\/koseyazilari\/degerlendirme\/imar-kirliligine-neden-olma-sucu-hukuki-boyutlari-ve-cezalari\/\"},\"author\":{\"name\":\"Av. Deniz Can K\u0131z\u0131l\",\"@id\":\"https:\/\/denizcankizil.tr\/de\/#\/schema\/person\/5dc1b22991bd7ac833867c10afc9b0ff\"},\"headline\":\"\u0130mar Kirlili\u011fine Neden Olma Su\u00e7u: Hukuki Boyutlar\u0131 ve Cezalar\u0131\",\"datePublished\":\"2024-10-30T11:41:15+00:00\",\"mainEntityOfPage\":{\"@id\":\"https:\/\/denizcankizil.tr\/de\/koseyazilari\/degerlendirme\/imar-kirliligine-neden-olma-sucu-hukuki-boyutlari-ve-cezalari\/\"},\"wordCount\":1738,\"commentCount\":0,\"publisher\":{\"@id\":\"https:\/\/denizcankizil.tr\/de\/#organization\"},\"image\":{\"@id\":\"https:\/\/denizcankizil.tr\/de\/koseyazilari\/degerlendirme\/imar-kirliligine-neden-olma-sucu-hukuki-boyutlari-ve-cezalari\/#primaryimage\"},\"thumbnailUrl\":\"https:\/\/denizcankizil.tr\/wp-content\/uploads\/2024\/10\/10316-imar-kirliligine-neden-olma-sucu-hukuki-boyutlari-ve-cezalari.jpg\",\"articleSection\":[\"De\u011ferlendirme\"],\"inLanguage\":\"ru-RU\",\"potentialAction\":[{\"@type\":\"CommentAction\",\"name\":\"Comment\",\"target\":[\"https:\/\/denizcankizil.tr\/de\/koseyazilari\/degerlendirme\/imar-kirliligine-neden-olma-sucu-hukuki-boyutlari-ve-cezalari\/#respond\"]}]},{\"@type\":\"WebPage\",\"@id\":\"https:\/\/denizcankizil.tr\/de\/koseyazilari\/degerlendirme\/imar-kirliligine-neden-olma-sucu-hukuki-boyutlari-ve-cezalari\/\",\"url\":\"https:\/\/denizcankizil.tr\/de\/koseyazilari\/degerlendirme\/imar-kirliligine-neden-olma-sucu-hukuki-boyutlari-ve-cezalari\/\",\"name\":\"\u0130mar Kirlili\u011fine Neden Olma Su\u00e7u: Hukuki Boyutlar\u0131 ve Cezalar\u0131 - Av. Deniz Can K\u0131z\u0131l\",\"isPartOf\":{\"@id\":\"https:\/\/denizcankizil.tr\/de\/#website\"},\"primaryImageOfPage\":{\"@id\":\"https:\/\/denizcankizil.tr\/de\/koseyazilari\/degerlendirme\/imar-kirliligine-neden-olma-sucu-hukuki-boyutlari-ve-cezalari\/#primaryimage\"},\"image\":{\"@id\":\"https:\/\/denizcankizil.tr\/de\/koseyazilari\/degerlendirme\/imar-kirliligine-neden-olma-sucu-hukuki-boyutlari-ve-cezalari\/#primaryimage\"},\"thumbnailUrl\":\"https:\/\/denizcankizil.tr\/wp-content\/uploads\/2024\/10\/10316-imar-kirliligine-neden-olma-sucu-hukuki-boyutlari-ve-cezalari.jpg\",\"datePublished\":\"2024-10-30T11:41:15+00:00\",\"breadcrumb\":{\"@id\":\"https:\/\/denizcankizil.tr\/de\/koseyazilari\/degerlendirme\/imar-kirliligine-neden-olma-sucu-hukuki-boyutlari-ve-cezalari\/#breadcrumb\"},\"inLanguage\":\"ru-RU\",\"potentialAction\":[{\"@type\":\"ReadAction\",\"target\":[\"https:\/\/denizcankizil.tr\/de\/koseyazilari\/degerlendirme\/imar-kirliligine-neden-olma-sucu-hukuki-boyutlari-ve-cezalari\/\"]}]},{\"@type\":\"ImageObject\",\"inLanguage\":\"ru-RU\",\"@id\":\"https:\/\/denizcankizil.tr\/de\/koseyazilari\/degerlendirme\/imar-kirliligine-neden-olma-sucu-hukuki-boyutlari-ve-cezalari\/#primaryimage\",\"url\":\"https:\/\/denizcankizil.tr\/wp-content\/uploads\/2024\/10\/10316-imar-kirliligine-neden-olma-sucu-hukuki-boyutlari-ve-cezalari.jpg\",\"contentUrl\":\"https:\/\/denizcankizil.tr\/wp-content\/uploads\/2024\/10\/10316-imar-kirliligine-neden-olma-sucu-hukuki-boyutlari-ve-cezalari.jpg\",\"width\":566,\"height\":800,\"caption\":\"\u0130mar Kirlili\u011fine Neden Olma Su\u00e7u: Hukuki Boyutlar\u0131 ve Cezalar\u0131\"},{\"@type\":\"BreadcrumbList\",\"@id\":\"https:\/\/denizcankizil.tr\/de\/koseyazilari\/degerlendirme\/imar-kirliligine-neden-olma-sucu-hukuki-boyutlari-ve-cezalari\/#breadcrumb\",\"itemListElement\":[{\"@type\":\"ListItem\",\"position\":1,\"name\":\"Home\",\"item\":\"https:\/\/denizcankizil.tr\/de\/\"},{\"@type\":\"ListItem\",\"position\":2,\"name\":\"\u0130mar Kirlili\u011fine Neden Olma Su\u00e7u: Hukuki Boyutlar\u0131 ve Cezalar\u0131\"}]},{\"@type\":\"WebSite\",\"@id\":\"https:\/\/denizcankizil.tr\/de\/#website\",\"url\":\"https:\/\/denizcankizil.tr\/de\/\",\"name\":\"Av. Deniz Can K\u0131z\u0131l\",\"description\":\"Avukat Deniz Can K\u0131z\u0131l Antalya Barosu\",\"publisher\":{\"@id\":\"https:\/\/denizcankizil.tr\/de\/#organization\"},\"potentialAction\":[{\"@type\":\"SearchAction\",\"target\":{\"@type\":\"EntryPoint\",\"urlTemplate\":\"https:\/\/denizcankizil.tr\/de\/?s={search_term_string}\"},\"query-input\":{\"@type\":\"PropertyValueSpecification\",\"valueRequired\":true,\"valueName\":\"search_term_string\"}}],\"inLanguage\":\"ru-RU\"},{\"@type\":\"Organization\",\"@id\":\"https:\/\/denizcankizil.tr\/de\/#organization\",\"name\":\"Av. Deniz Can K\u0131z\u0131l\",\"url\":\"https:\/\/denizcankizil.tr\/de\/\",\"logo\":{\"@type\":\"ImageObject\",\"inLanguage\":\"ru-RU\",\"@id\":\"https:\/\/denizcankizil.tr\/de\/#\/schema\/logo\/image\/\",\"url\":\"https:\/\/denizcankizil.tr\/wp-content\/uploads\/2024\/10\/siyah-logo-svg.svg\",\"contentUrl\":\"https:\/\/denizcankizil.tr\/wp-content\/uploads\/2024\/10\/siyah-logo-svg.svg\",\"width\":1080,\"height\":1080,\"caption\":\"Av. Deniz Can K\u0131z\u0131l\"},\"image\":{\"@id\":\"https:\/\/denizcankizil.tr\/de\/#\/schema\/logo\/image\/\"}},{\"@type\":\"Person\",\"@id\":\"https:\/\/denizcankizil.tr\/de\/#\/schema\/person\/5dc1b22991bd7ac833867c10afc9b0ff\",\"name\":\"Av. Deniz Can K\u0131z\u0131l\",\"image\":{\"@type\":\"ImageObject\",\"inLanguage\":\"ru-RU\",\"@id\":\"https:\/\/denizcankizil.tr\/de\/#\/schema\/person\/image\/\",\"url\":\"https:\/\/secure.gravatar.com\/avatar\/a0b128fb9855c79efc976d5640eedb31dc35ec297594d6016d2cf7c60e975bb6?s=96&d=mm&r=g\",\"contentUrl\":\"https:\/\/secure.gravatar.com\/avatar\/a0b128fb9855c79efc976d5640eedb31dc35ec297594d6016d2cf7c60e975bb6?s=96&d=mm&r=g\",\"caption\":\"Av. Deniz Can K\u0131z\u0131l\"},\"sameAs\":[\"http:\/\/www.denizcankizil.tr\"],\"url\":\"https:\/\/denizcankizil.tr\/ru\/author\/denizcankizil\/\"}]}<\/script>\n<!-- \/ Yoast SEO Premium plugin. -->","yoast_head_json":{"title":"\u0130mar Kirlili\u011fine Neden Olma Su\u00e7u: Hukuki Boyutlar\u0131 ve Cezalar\u0131 - Av. Deniz Can K\u0131z\u0131l","robots":{"index":"index","follow":"follow","max-snippet":"max-snippet:-1","max-image-preview":"max-image-preview:large","max-video-preview":"max-video-preview:-1"},"canonical":"https:\/\/denizcankizil.tr\/ru\/koseyazilari\/degerlendirme\/imar-kirliligine-neden-olma-sucu-hukuki-boyutlari-ve-cezalari\/","og_locale":"ru_RU","og_type":"article","og_title":"\u0130mar Kirlili\u011fine Neden Olma Su\u00e7u: Hukuki Boyutlar\u0131 ve Cezalar\u0131","og_description":"\u0130mar kirlili\u011fine neden olma su\u00e7u, 3194 say\u0131l\u0131 \u0130mar Kanunu \u00e7er\u00e7evesinde d\u00fczenlenmi\u015f olup, yap\u0131lar\u0131n ruhsats\u0131z veya imara ayk\u0131r\u0131 olarak in\u015fa edilmesi durumunu kapsamaktad\u0131r. Bu su\u00e7un hukuki boyutlar\u0131, ceza ve idari yapt\u0131r\u0131mlarla belirlenmektedir.","og_url":"https:\/\/denizcankizil.tr\/ru\/koseyazilari\/degerlendirme\/imar-kirliligine-neden-olma-sucu-hukuki-boyutlari-ve-cezalari\/","og_site_name":"Av. Deniz Can K\u0131z\u0131l","article_published_time":"2024-10-30T11:41:15+00:00","og_image":[{"width":566,"height":800,"url":"https:\/\/denizcankizil.tr\/wp-content\/uploads\/2024\/10\/10316-imar-kirliligine-neden-olma-sucu-hukuki-boyutlari-ve-cezalari.jpg","type":"image\/jpeg"}],"author":"Av. Deniz Can K\u0131z\u0131l","twitter_card":"summary_large_image","twitter_misc":{"\u041d\u0430\u043f\u0438\u0441\u0430\u043d\u043e \u0430\u0432\u0442\u043e\u0440\u043e\u043c":"Av. Deniz Can K\u0131z\u0131l","\u041f\u0440\u0438\u043c\u0435\u0440\u043d\u043e\u0435 \u0432\u0440\u0435\u043c\u044f \u0434\u043b\u044f \u0447\u0442\u0435\u043d\u0438\u044f":"9 \u043c\u0438\u043d\u0443\u0442"},"schema":{"@context":"https:\/\/schema.org","@graph":[{"@type":"Article","@id":"https:\/\/denizcankizil.tr\/de\/koseyazilari\/degerlendirme\/imar-kirliligine-neden-olma-sucu-hukuki-boyutlari-ve-cezalari\/#article","isPartOf":{"@id":"https:\/\/denizcankizil.tr\/de\/koseyazilari\/degerlendirme\/imar-kirliligine-neden-olma-sucu-hukuki-boyutlari-ve-cezalari\/"},"author":{"name":"Av. Deniz Can K\u0131z\u0131l","@id":"https:\/\/denizcankizil.tr\/de\/#\/schema\/person\/5dc1b22991bd7ac833867c10afc9b0ff"},"headline":"\u0130mar Kirlili\u011fine Neden Olma Su\u00e7u: Hukuki Boyutlar\u0131 ve Cezalar\u0131","datePublished":"2024-10-30T11:41:15+00:00","mainEntityOfPage":{"@id":"https:\/\/denizcankizil.tr\/de\/koseyazilari\/degerlendirme\/imar-kirliligine-neden-olma-sucu-hukuki-boyutlari-ve-cezalari\/"},"wordCount":1738,"commentCount":0,"publisher":{"@id":"https:\/\/denizcankizil.tr\/de\/#organization"},"image":{"@id":"https:\/\/denizcankizil.tr\/de\/koseyazilari\/degerlendirme\/imar-kirliligine-neden-olma-sucu-hukuki-boyutlari-ve-cezalari\/#primaryimage"},"thumbnailUrl":"https:\/\/denizcankizil.tr\/wp-content\/uploads\/2024\/10\/10316-imar-kirliligine-neden-olma-sucu-hukuki-boyutlari-ve-cezalari.jpg","articleSection":["De\u011ferlendirme"],"inLanguage":"ru-RU","potentialAction":[{"@type":"CommentAction","name":"Comment","target":["https:\/\/denizcankizil.tr\/de\/koseyazilari\/degerlendirme\/imar-kirliligine-neden-olma-sucu-hukuki-boyutlari-ve-cezalari\/#respond"]}]},{"@type":"WebPage","@id":"https:\/\/denizcankizil.tr\/de\/koseyazilari\/degerlendirme\/imar-kirliligine-neden-olma-sucu-hukuki-boyutlari-ve-cezalari\/","url":"https:\/\/denizcankizil.tr\/de\/koseyazilari\/degerlendirme\/imar-kirliligine-neden-olma-sucu-hukuki-boyutlari-ve-cezalari\/","name":"\u0130mar Kirlili\u011fine Neden Olma Su\u00e7u: Hukuki Boyutlar\u0131 ve Cezalar\u0131 - Av. Deniz Can K\u0131z\u0131l","isPartOf":{"@id":"https:\/\/denizcankizil.tr\/de\/#website"},"primaryImageOfPage":{"@id":"https:\/\/denizcankizil.tr\/de\/koseyazilari\/degerlendirme\/imar-kirliligine-neden-olma-sucu-hukuki-boyutlari-ve-cezalari\/#primaryimage"},"image":{"@id":"https:\/\/denizcankizil.tr\/de\/koseyazilari\/degerlendirme\/imar-kirliligine-neden-olma-sucu-hukuki-boyutlari-ve-cezalari\/#primaryimage"},"thumbnailUrl":"https:\/\/denizcankizil.tr\/wp-content\/uploads\/2024\/10\/10316-imar-kirliligine-neden-olma-sucu-hukuki-boyutlari-ve-cezalari.jpg","datePublished":"2024-10-30T11:41:15+00:00","breadcrumb":{"@id":"https:\/\/denizcankizil.tr\/de\/koseyazilari\/degerlendirme\/imar-kirliligine-neden-olma-sucu-hukuki-boyutlari-ve-cezalari\/#breadcrumb"},"inLanguage":"ru-RU","potentialAction":[{"@type":"ReadAction","target":["https:\/\/denizcankizil.tr\/de\/koseyazilari\/degerlendirme\/imar-kirliligine-neden-olma-sucu-hukuki-boyutlari-ve-cezalari\/"]}]},{"@type":"ImageObject","inLanguage":"ru-RU","@id":"https:\/\/denizcankizil.tr\/de\/koseyazilari\/degerlendirme\/imar-kirliligine-neden-olma-sucu-hukuki-boyutlari-ve-cezalari\/#primaryimage","url":"https:\/\/denizcankizil.tr\/wp-content\/uploads\/2024\/10\/10316-imar-kirliligine-neden-olma-sucu-hukuki-boyutlari-ve-cezalari.jpg","contentUrl":"https:\/\/denizcankizil.tr\/wp-content\/uploads\/2024\/10\/10316-imar-kirliligine-neden-olma-sucu-hukuki-boyutlari-ve-cezalari.jpg","width":566,"height":800,"caption":"\u0130mar Kirlili\u011fine Neden Olma Su\u00e7u: Hukuki Boyutlar\u0131 ve Cezalar\u0131"},{"@type":"BreadcrumbList","@id":"https:\/\/denizcankizil.tr\/de\/koseyazilari\/degerlendirme\/imar-kirliligine-neden-olma-sucu-hukuki-boyutlari-ve-cezalari\/#breadcrumb","itemListElement":[{"@type":"ListItem","position":1,"name":"Home","item":"https:\/\/denizcankizil.tr\/de\/"},{"@type":"ListItem","position":2,"name":"\u0130mar Kirlili\u011fine Neden Olma Su\u00e7u: Hukuki Boyutlar\u0131 ve Cezalar\u0131"}]},{"@type":"WebSite","@id":"https:\/\/denizcankizil.tr\/de\/#website","url":"https:\/\/denizcankizil.tr\/de\/","name":"Av. Deniz Can K\u0131z\u0131l","description":"Avukat Deniz Can K\u0131z\u0131l Antalya Barosu","publisher":{"@id":"https:\/\/denizcankizil.tr\/de\/#organization"},"potentialAction":[{"@type":"SearchAction","target":{"@type":"EntryPoint","urlTemplate":"https:\/\/denizcankizil.tr\/de\/?s={search_term_string}"},"query-input":{"@type":"PropertyValueSpecification","valueRequired":true,"valueName":"search_term_string"}}],"inLanguage":"ru-RU"},{"@type":"Organization","@id":"https:\/\/denizcankizil.tr\/de\/#organization","name":"Av. Deniz Can K\u0131z\u0131l","url":"https:\/\/denizcankizil.tr\/de\/","logo":{"@type":"ImageObject","inLanguage":"ru-RU","@id":"https:\/\/denizcankizil.tr\/de\/#\/schema\/logo\/image\/","url":"https:\/\/denizcankizil.tr\/wp-content\/uploads\/2024\/10\/siyah-logo-svg.svg","contentUrl":"https:\/\/denizcankizil.tr\/wp-content\/uploads\/2024\/10\/siyah-logo-svg.svg","width":1080,"height":1080,"caption":"Av. Deniz Can K\u0131z\u0131l"},"image":{"@id":"https:\/\/denizcankizil.tr\/de\/#\/schema\/logo\/image\/"}},{"@type":"Person","@id":"https:\/\/denizcankizil.tr\/de\/#\/schema\/person\/5dc1b22991bd7ac833867c10afc9b0ff","name":"Av. Deniz Can K\u0131z\u0131l","image":{"@type":"ImageObject","inLanguage":"ru-RU","@id":"https:\/\/denizcankizil.tr\/de\/#\/schema\/person\/image\/","url":"https:\/\/secure.gravatar.com\/avatar\/a0b128fb9855c79efc976d5640eedb31dc35ec297594d6016d2cf7c60e975bb6?s=96&d=mm&r=g","contentUrl":"https:\/\/secure.gravatar.com\/avatar\/a0b128fb9855c79efc976d5640eedb31dc35ec297594d6016d2cf7c60e975bb6?s=96&d=mm&r=g","caption":"Av. Deniz Can K\u0131z\u0131l"},"sameAs":["http:\/\/www.denizcankizil.tr"],"url":"https:\/\/denizcankizil.tr\/ru\/author\/denizcankizil\/"}]}},"_links":{"self":[{"href":"https:\/\/denizcankizil.tr\/ru\/wp-json\/wp\/v2\/posts\/10316","targetHints":{"allow":["GET"]}}],"collection":[{"href":"https:\/\/denizcankizil.tr\/ru\/wp-json\/wp\/v2\/posts"}],"about":[{"href":"https:\/\/denizcankizil.tr\/ru\/wp-json\/wp\/v2\/types\/post"}],"author":[{"embeddable":true,"href":"https:\/\/denizcankizil.tr\/ru\/wp-json\/wp\/v2\/users\/4"}],"replies":[{"embeddable":true,"href":"https:\/\/denizcankizil.tr\/ru\/wp-json\/wp\/v2\/comments?post=10316"}],"version-history":[{"count":0,"href":"https:\/\/denizcankizil.tr\/ru\/wp-json\/wp\/v2\/posts\/10316\/revisions"}],"wp:featuredmedia":[{"embeddable":true,"href":"https:\/\/denizcankizil.tr\/ru\/wp-json\/wp\/v2\/media\/10317"}],"wp:attachment":[{"href":"https:\/\/denizcankizil.tr\/ru\/wp-json\/wp\/v2\/media?parent=10316"}],"wp:term":[{"taxonomy":"category","embeddable":true,"href":"https:\/\/denizcankizil.tr\/ru\/wp-json\/wp\/v2\/categories?post=10316"},{"taxonomy":"post_tag","embeddable":true,"href":"https:\/\/denizcankizil.tr\/ru\/wp-json\/wp\/v2\/tags?post=10316"}],"curies":[{"name":"wp","href":"https:\/\/api.w.org\/{rel}","templated":true}]}}