{"id":102755,"date":"2025-05-31T15:41:39","date_gmt":"2025-05-31T12:41:39","guid":{"rendered":"https:\/\/denizcankizil.tr\/uncategorized-tr\/esnaf-ve-sanatkarlarin-genel-kurul-cagrilari-artik-resmi-ilan-sayilacak\/"},"modified":"2025-05-31T15:41:39","modified_gmt":"2025-05-31T12:41:39","slug":"esnaf-ve-sanatkarlarin-genel-kurul-cagrilari-artik-resmi-ilan-sayilacak","status":"publish","type":"post","link":"https:\/\/denizcankizil.tr\/ru\/haberler\/gundem\/esnaf-ve-sanatkarlarin-genel-kurul-cagrilari-artik-resmi-ilan-sayilacak\/","title":{"rendered":"Esnaf ve Sanatk\u00e2rlar\u0131n genel kurul \u00e7a\u011fr\u0131lar\u0131 art\u0131k resmi ilan say\u0131lacak"},"content":{"rendered":"<p>Bas\u0131n \u0130lan Kurumu 33. D\u00f6nem 2. Genel Kurul Toplant\u0131s\u0131, 28-30 May\u0131s 2025 tarihlerinde \u0130stanbul&#8217;da topland\u0131. Bas\u0131n \u0130lan Kurumu Genel M\u00fcd\u00fcrl\u00fck binas\u0131nda toplanan Genel Kurul&#8217;da, Esnaf ve Sanatk\u00e2rlar Kredi ve Kefalet Kooperatifleri genel kurul \u00e7a\u011fr\u0131 ilanlar\u0131n\u0131n resm\u00ee ilan stat\u00fcs\u00fcnde oldu\u011funa y\u00f6nelik prensip karar\u0131 al\u0131nd\u0131. Emsal te\u015fkil edecek nitelikteki karara g\u00f6re, Esnaf ve Sanatk\u00e2rlar\u0131n genel kurul \u00e7a\u011fr\u0131lar\u0131n\u0131n Bas\u0131n \u0130lan Kurumu arac\u0131l\u0131\u011f\u0131yla s\u00fcreli yay\u0131nlarda yay\u0131mlat\u0131lmas\u0131na devam edilecek.<\/p>\n<p>Esnaf, Sanatk\u00e2rlar ve Kooperatif\u00e7ilik Genel M\u00fcd\u00fcrl\u00fc\u011f\u00fc, Esnaf ve Sanatk\u00e2rlar Kredi ve Kefalet Kooperatiflerinin anas\u00f6zle\u015fmeleri uyar\u0131nca yap\u0131lan genel kurul \u00e7a\u011fr\u0131 ilanlar\u0131n\u0131n s\u00fcreli yay\u0131nlarda yay\u0131m zorunlulu\u011fu olmad\u0131\u011f\u0131 y\u00f6n\u00fcndeki hukuki de\u011ferlendirmeleri i\u00e7eren resm\u00ee yaz\u0131y\u0131 Bas\u0131n \u0130lan Kurumu Genel M\u00fcd\u00fcrl\u00fc\u011f\u00fc\u2019ne ileterek Kurumun g\u00f6r\u00fc\u015f\u00fcn\u00fc talep etti.<\/p>\n<p>B\u0130K GENEL KURULU PRENS\u0130P KARARI ALDI <\/p>\n<p>Talebi de\u011ferlendiren Bas\u0131n \u0130lan Kurumu Y\u00f6netim Kurulu taraf\u0131ndan bahsi ge\u00e7en ilanlar\u0131n resm\u00ee ilan kapsam\u0131nda oldu\u011funa y\u00f6nelik al\u0131nan karar Esnaf, Sanatkarlar ve Kooperatif\u00e7ilik Genel M\u00fcd\u00fcrl\u00fc\u011f\u00fc\u2019ne tebli\u011f edildi. Y\u00f6netim Kurulu, \u201cbir ilan\u0131n resm\u00ee ilan say\u0131l\u0131p say\u0131lmayaca\u011f\u0131na\u201d ili\u015fkin 195 say\u0131l\u0131 Kanunun verdi\u011fi yetki do\u011frultusunda ald\u0131\u011f\u0131 karar\u0131, benzer durumlarda emsal te\u015fkil etmesi i\u00e7in Genel Kurula sundu. \u0130lan \u0130\u015fleri, Hukuk \u0130\u015fleri ve Mali \u0130\u015fler Komisyonlar\u0131n\u0131n g\u00f6r\u00fc\u015flerinin al\u0131nmas\u0131n\u0131n ard\u0131ndan Genel Kurul\u2019da yap\u0131lan oylamada genel kurul \u00e7a\u011fr\u0131 ilanlar\u0131n\u0131n resm\u00ee ilan oldu\u011fu konusunda prensip karar\u0131 al\u0131nd\u0131.<\/p>\n<p>RESM\u0130 GAZETE YAYINLANDI, ARTIK RESM\u0130 \u0130LAN SINIFINDA <\/p>\n<p>Karar\u0131n gerek\u00e7esinde, Kooperatifler Kanunu ile Esnaf ve Sanatkarlar Kredi ve Kefalet Kooperatiflerinin anas\u00f6zle\u015fmesinin \u2018\u00e7a\u011fr\u0131n\u0131n \u015fekli\u2019 ba\u015fl\u0131kl\u0131 28. maddesinde genel kurul \u00e7a\u011fr\u0131 ilanlar\u0131n\u0131n nas\u0131l yap\u0131laca\u011f\u0131n\u0131n d\u00fczenlenmi\u015f oldu\u011fundan hareketle bu ilanlar\u0131n 195 say\u0131l\u0131 Kanun ve Resm\u00ee \u0130lan ve Reklam Y\u00f6netmeli\u011finde tarifi yap\u0131lan resm\u00ee ilanlar aras\u0131nda yer ald\u0131\u011f\u0131 belirtildi.<\/p>\n<p>Bunun yan\u0131 s\u0131ra an\u0131lan ilanlar\u0131n resm\u00ee ilan yay\u0131mlama hakk\u0131na sahip gazete ve internet haber sitelerinin yer ald\u0131\u011f\u0131 listedeki s\u00fcreli yay\u0131nlarda Bas\u0131n \u0130lan Kurumu arac\u0131l\u0131\u011f\u0131yla yay\u0131mlat\u0131lmas\u0131n\u0131n zorunlu oldu\u011fu ifade edildi. Karar, Resm\u00ee Gazete\u2019nin 31 May\u0131s 2025 tarih ve 32916 say\u0131l\u0131 n\u00fcshas\u0131nda yay\u0131mland\u0131.<\/p>\n<p>\u200bBas\u0131n \u0130lan Kurumu Genel Kurulu, Esnaf ve Sanatk\u00e2rlar Kredi ve Kefalet Kooperatifleri genel kurul \u00e7a\u011fr\u0131 ilanlar\u0131n\u0131n resm\u00ee ilan kapsam\u0131nda oldu\u011funa h\u00fckmetti. Karar Resmi Gazete&#8217;de de yay\u0131nland\u0131.\u00a0<\/p>\n<p>\u200bHaberin Al\u0131nt\u0131land\u0131\u011f\u0131 Kaynak: www.antalyakorfez.com<\/p>","protected":false},"excerpt":{"rendered":"<p>Bas\u0131n \u0130lan Kurumu 33. D\u00f6nem 2. Genel Kurul Toplant\u0131s\u0131, 28-30 May\u0131s 2025 tarihlerinde \u0130stanbul&#8217;da topland\u0131. Bas\u0131n \u0130lan Kurumu Genel M\u00fcd\u00fcrl\u00fck binas\u0131nda toplanan Genel Kurul&#8217;da, Esnaf ve Sanatk\u00e2rlar Kredi ve Kefalet Kooperatifleri genel kurul \u00e7a\u011fr\u0131 ilanlar\u0131n\u0131n resm\u00ee ilan stat\u00fcs\u00fcnde oldu\u011funa y\u00f6nelik prensip karar\u0131 al\u0131nd\u0131. Emsal te\u015fkil edecek nitelikteki karara g\u00f6re, Esnaf ve Sanatk\u00e2rlar\u0131n genel kurul \u00e7a\u011fr\u0131lar\u0131n\u0131n Bas\u0131n \u0130lan Kurumu arac\u0131l\u0131\u011f\u0131yla s\u00fcreli yay\u0131nlarda yay\u0131mlat\u0131lmas\u0131na devam edilecek. Esnaf, Sanatk\u00e2rlar ve Kooperatif\u00e7ilik Genel M\u00fcd\u00fcrl\u00fc\u011f\u00fc, Esnaf ve Sanatk\u00e2rlar Kredi ve Kefalet Kooperatiflerinin anas\u00f6zle\u015fmeleri uyar\u0131nca yap\u0131lan genel kurul \u00e7a\u011fr\u0131 ilanlar\u0131n\u0131n s\u00fcreli yay\u0131nlarda yay\u0131m zorunlulu\u011fu olmad\u0131\u011f\u0131 y\u00f6n\u00fcndeki hukuki de\u011ferlendirmeleri i\u00e7eren resm\u00ee yaz\u0131y\u0131 Bas\u0131n \u0130lan Kurumu Genel M\u00fcd\u00fcrl\u00fc\u011f\u00fc\u2019ne ileterek Kurumun g\u00f6r\u00fc\u015f\u00fcn\u00fc talep etti. B\u0130K GENEL KURULU PRENS\u0130P KARARI ALDI Talebi de\u011ferlendiren Bas\u0131n \u0130lan Kurumu Y\u00f6netim Kurulu taraf\u0131ndan bahsi ge\u00e7en ilanlar\u0131n resm\u00ee ilan kapsam\u0131nda oldu\u011funa y\u00f6nelik al\u0131nan karar Esnaf, Sanatkarlar ve Kooperatif\u00e7ilik Genel M\u00fcd\u00fcrl\u00fc\u011f\u00fc\u2019ne tebli\u011f edildi. Y\u00f6netim Kurulu, \u201cbir ilan\u0131n resm\u00ee ilan say\u0131l\u0131p say\u0131lmayaca\u011f\u0131na\u201d ili\u015fkin 195 say\u0131l\u0131 Kanunun verdi\u011fi yetki do\u011frultusunda ald\u0131\u011f\u0131 karar\u0131, benzer durumlarda emsal te\u015fkil etmesi i\u00e7in Genel Kurula sundu. \u0130lan \u0130\u015fleri, Hukuk \u0130\u015fleri ve Mali \u0130\u015fler Komisyonlar\u0131n\u0131n g\u00f6r\u00fc\u015flerinin al\u0131nmas\u0131n\u0131n ard\u0131ndan Genel Kurul\u2019da yap\u0131lan oylamada genel kurul \u00e7a\u011fr\u0131 ilanlar\u0131n\u0131n resm\u00ee ilan oldu\u011fu konusunda prensip karar\u0131 al\u0131nd\u0131. RESM\u0130 GAZETE YAYINLANDI, ARTIK RESM\u0130 \u0130LAN SINIFINDA Karar\u0131n gerek\u00e7esinde, Kooperatifler Kanunu &hellip;<\/p>","protected":false},"author":5,"featured_media":0,"comment_status":"","ping_status":"open","sticky":false,"template":"","format":"standard","meta":{"_acf_changed":false,"footnotes":""},"categories":[24],"tags":[],"class_list":["post-102755","post","type-post","status-publish","format-standard","has-post-thumbnail","hentry","category-gundem"],"acf":[],"yoast_head":"<!-- This site is optimized with the Yoast SEO Premium plugin v26.6 (Yoast SEO v27.1.1) - https:\/\/yoast.com\/product\/yoast-seo-premium-wordpress\/ -->\n<title>Esnaf ve Sanatk\u00e2rlar\u0131n genel kurul \u00e7a\u011fr\u0131lar\u0131 art\u0131k resmi ilan say\u0131lacak - Av. Deniz Can K\u0131z\u0131l<\/title>\n<meta name=\"robots\" content=\"index, follow, max-snippet:-1, max-image-preview:large, max-video-preview:-1\" \/>\n<link rel=\"canonical\" href=\"https:\/\/denizcankizil.tr\/ru\/haberler\/gundem\/esnaf-ve-sanatkarlarin-genel-kurul-cagrilari-artik-resmi-ilan-sayilacak\/\" \/>\n<meta property=\"og:locale\" content=\"ru_RU\" \/>\n<meta property=\"og:type\" content=\"article\" \/>\n<meta property=\"og:title\" content=\"Esnaf ve Sanatk\u00e2rlar\u0131n genel kurul \u00e7a\u011fr\u0131lar\u0131 art\u0131k resmi ilan say\u0131lacak\" \/>\n<meta property=\"og:description\" content=\"Bas\u0131n \u0130lan Kurumu 33. D\u00f6nem 2. Genel Kurul Toplant\u0131s\u0131, 28-30 May\u0131s 2025 tarihlerinde \u0130stanbul&#8217;da topland\u0131. Bas\u0131n \u0130lan Kurumu Genel M\u00fcd\u00fcrl\u00fck binas\u0131nda toplanan Genel Kurul&#8217;da, Esnaf ve Sanatk\u00e2rlar Kredi ve Kefalet Kooperatifleri genel kurul \u00e7a\u011fr\u0131 ilanlar\u0131n\u0131n resm\u00ee ilan stat\u00fcs\u00fcnde oldu\u011funa y\u00f6nelik prensip karar\u0131 al\u0131nd\u0131. Emsal te\u015fkil edecek nitelikteki karara g\u00f6re, Esnaf ve Sanatk\u00e2rlar\u0131n genel kurul \u00e7a\u011fr\u0131lar\u0131n\u0131n Bas\u0131n \u0130lan Kurumu arac\u0131l\u0131\u011f\u0131yla s\u00fcreli yay\u0131nlarda yay\u0131mlat\u0131lmas\u0131na devam edilecek. Esnaf, Sanatk\u00e2rlar ve Kooperatif\u00e7ilik Genel M\u00fcd\u00fcrl\u00fc\u011f\u00fc, Esnaf ve Sanatk\u00e2rlar Kredi ve Kefalet Kooperatiflerinin anas\u00f6zle\u015fmeleri uyar\u0131nca yap\u0131lan genel kurul \u00e7a\u011fr\u0131 ilanlar\u0131n\u0131n s\u00fcreli yay\u0131nlarda yay\u0131m zorunlulu\u011fu olmad\u0131\u011f\u0131 y\u00f6n\u00fcndeki hukuki de\u011ferlendirmeleri i\u00e7eren resm\u00ee yaz\u0131y\u0131 Bas\u0131n \u0130lan Kurumu Genel M\u00fcd\u00fcrl\u00fc\u011f\u00fc\u2019ne ileterek Kurumun g\u00f6r\u00fc\u015f\u00fcn\u00fc talep etti. B\u0130K GENEL KURULU PRENS\u0130P KARARI ALDI Talebi de\u011ferlendiren Bas\u0131n \u0130lan Kurumu Y\u00f6netim Kurulu taraf\u0131ndan bahsi ge\u00e7en ilanlar\u0131n resm\u00ee ilan kapsam\u0131nda oldu\u011funa y\u00f6nelik al\u0131nan karar Esnaf, Sanatkarlar ve Kooperatif\u00e7ilik Genel M\u00fcd\u00fcrl\u00fc\u011f\u00fc\u2019ne tebli\u011f edildi. Y\u00f6netim Kurulu, \u201cbir ilan\u0131n resm\u00ee ilan say\u0131l\u0131p say\u0131lmayaca\u011f\u0131na\u201d ili\u015fkin 195 say\u0131l\u0131 Kanunun verdi\u011fi yetki do\u011frultusunda ald\u0131\u011f\u0131 karar\u0131, benzer durumlarda emsal te\u015fkil etmesi i\u00e7in Genel Kurula sundu. \u0130lan \u0130\u015fleri, Hukuk \u0130\u015fleri ve Mali \u0130\u015fler Komisyonlar\u0131n\u0131n g\u00f6r\u00fc\u015flerinin al\u0131nmas\u0131n\u0131n ard\u0131ndan Genel Kurul\u2019da yap\u0131lan oylamada genel kurul \u00e7a\u011fr\u0131 ilanlar\u0131n\u0131n resm\u00ee ilan oldu\u011fu konusunda prensip karar\u0131 al\u0131nd\u0131. RESM\u0130 GAZETE YAYINLANDI, ARTIK RESM\u0130 \u0130LAN SINIFINDA Karar\u0131n gerek\u00e7esinde, Kooperatifler Kanunu &hellip;\" \/>\n<meta property=\"og:url\" content=\"https:\/\/denizcankizil.tr\/ru\/haberler\/gundem\/esnaf-ve-sanatkarlarin-genel-kurul-cagrilari-artik-resmi-ilan-sayilacak\/\" \/>\n<meta property=\"og:site_name\" content=\"Av. Deniz Can K\u0131z\u0131l\" \/>\n<meta property=\"article:published_time\" content=\"2025-05-31T12:41:39+00:00\" \/>\n<meta name=\"author\" content=\"Antalya K\u00f6rfez\" \/>\n<meta name=\"twitter:card\" content=\"summary_large_image\" \/>\n<meta name=\"twitter:label1\" content=\"\u041d\u0430\u043f\u0438\u0441\u0430\u043d\u043e \u0430\u0432\u0442\u043e\u0440\u043e\u043c\" \/>\n\t<meta name=\"twitter:data1\" content=\"Antalya K\u00f6rfez\" \/>\n\t<meta name=\"twitter:label2\" content=\"\u041f\u0440\u0438\u043c\u0435\u0440\u043d\u043e\u0435 \u0432\u0440\u0435\u043c\u044f \u0434\u043b\u044f \u0447\u0442\u0435\u043d\u0438\u044f\" \/>\n\t<meta name=\"twitter:data2\" content=\"2 \u043c\u0438\u043d\u0443\u0442\u044b\" \/>\n<script type=\"application\/ld+json\" class=\"yoast-schema-graph\">{\"@context\":\"https:\/\/schema.org\",\"@graph\":[{\"@type\":\"Article\",\"@id\":\"https:\/\/denizcankizil.tr\/ru\/haberler\/gundem\/esnaf-ve-sanatkarlarin-genel-kurul-cagrilari-artik-resmi-ilan-sayilacak\/#article\",\"isPartOf\":{\"@id\":\"https:\/\/denizcankizil.tr\/ru\/haberler\/gundem\/esnaf-ve-sanatkarlarin-genel-kurul-cagrilari-artik-resmi-ilan-sayilacak\/\"},\"author\":{\"name\":\"Antalya K\u00f6rfez\",\"@id\":\"https:\/\/denizcankizil.tr\/de\/#\/schema\/person\/e1eb71bb4dd684d46563f0af307e1234\"},\"headline\":\"Esnaf ve Sanatk\u00e2rlar\u0131n genel kurul \u00e7a\u011fr\u0131lar\u0131 art\u0131k resmi ilan say\u0131lacak\",\"datePublished\":\"2025-05-31T12:41:39+00:00\",\"mainEntityOfPage\":{\"@id\":\"https:\/\/denizcankizil.tr\/ru\/haberler\/gundem\/esnaf-ve-sanatkarlarin-genel-kurul-cagrilari-artik-resmi-ilan-sayilacak\/\"},\"wordCount\":485,\"publisher\":{\"@id\":\"https:\/\/denizcankizil.tr\/de\/#organization\"},\"articleSection\":[\"G\u00fcndem\"],\"inLanguage\":\"ru-RU\"},{\"@type\":\"WebPage\",\"@id\":\"https:\/\/denizcankizil.tr\/ru\/haberler\/gundem\/esnaf-ve-sanatkarlarin-genel-kurul-cagrilari-artik-resmi-ilan-sayilacak\/\",\"url\":\"https:\/\/denizcankizil.tr\/ru\/haberler\/gundem\/esnaf-ve-sanatkarlarin-genel-kurul-cagrilari-artik-resmi-ilan-sayilacak\/\",\"name\":\"Esnaf ve Sanatk\u00e2rlar\u0131n genel kurul \u00e7a\u011fr\u0131lar\u0131 art\u0131k resmi ilan say\u0131lacak - Av. Deniz Can K\u0131z\u0131l\",\"isPartOf\":{\"@id\":\"https:\/\/denizcankizil.tr\/de\/#website\"},\"datePublished\":\"2025-05-31T12:41:39+00:00\",\"breadcrumb\":{\"@id\":\"https:\/\/denizcankizil.tr\/ru\/haberler\/gundem\/esnaf-ve-sanatkarlarin-genel-kurul-cagrilari-artik-resmi-ilan-sayilacak\/#breadcrumb\"},\"inLanguage\":\"ru-RU\",\"potentialAction\":[{\"@type\":\"ReadAction\",\"target\":[\"https:\/\/denizcankizil.tr\/ru\/haberler\/gundem\/esnaf-ve-sanatkarlarin-genel-kurul-cagrilari-artik-resmi-ilan-sayilacak\/\"]}]},{\"@type\":\"BreadcrumbList\",\"@id\":\"https:\/\/denizcankizil.tr\/ru\/haberler\/gundem\/esnaf-ve-sanatkarlarin-genel-kurul-cagrilari-artik-resmi-ilan-sayilacak\/#breadcrumb\",\"itemListElement\":[{\"@type\":\"ListItem\",\"position\":1,\"name\":\"Home\",\"item\":\"https:\/\/denizcankizil.tr\/de\/\"},{\"@type\":\"ListItem\",\"position\":2,\"name\":\"Esnaf ve Sanatk\u00e2rlar\u0131n genel kurul \u00e7a\u011fr\u0131lar\u0131 art\u0131k resmi ilan say\u0131lacak\"}]},{\"@type\":\"WebSite\",\"@id\":\"https:\/\/denizcankizil.tr\/de\/#website\",\"url\":\"https:\/\/denizcankizil.tr\/de\/\",\"name\":\"Av. Deniz Can K\u0131z\u0131l\",\"description\":\"Avukat Deniz Can K\u0131z\u0131l Antalya Barosu\",\"publisher\":{\"@id\":\"https:\/\/denizcankizil.tr\/de\/#organization\"},\"potentialAction\":[{\"@type\":\"SearchAction\",\"target\":{\"@type\":\"EntryPoint\",\"urlTemplate\":\"https:\/\/denizcankizil.tr\/de\/?s={search_term_string}\"},\"query-input\":{\"@type\":\"PropertyValueSpecification\",\"valueRequired\":true,\"valueName\":\"search_term_string\"}}],\"inLanguage\":\"ru-RU\"},{\"@type\":\"Organization\",\"@id\":\"https:\/\/denizcankizil.tr\/de\/#organization\",\"name\":\"Av. Deniz Can K\u0131z\u0131l\",\"url\":\"https:\/\/denizcankizil.tr\/de\/\",\"logo\":{\"@type\":\"ImageObject\",\"inLanguage\":\"ru-RU\",\"@id\":\"https:\/\/denizcankizil.tr\/de\/#\/schema\/logo\/image\/\",\"url\":\"https:\/\/denizcankizil.tr\/wp-content\/uploads\/2024\/10\/siyah-logo-svg.svg\",\"contentUrl\":\"https:\/\/denizcankizil.tr\/wp-content\/uploads\/2024\/10\/siyah-logo-svg.svg\",\"width\":1080,\"height\":1080,\"caption\":\"Av. Deniz Can K\u0131z\u0131l\"},\"image\":{\"@id\":\"https:\/\/denizcankizil.tr\/de\/#\/schema\/logo\/image\/\"}},{\"@type\":\"Person\",\"@id\":\"https:\/\/denizcankizil.tr\/de\/#\/schema\/person\/e1eb71bb4dd684d46563f0af307e1234\",\"name\":\"Antalya K\u00f6rfez\",\"image\":{\"@type\":\"ImageObject\",\"inLanguage\":\"ru-RU\",\"@id\":\"https:\/\/denizcankizil.tr\/de\/#\/schema\/person\/image\/\",\"url\":\"https:\/\/secure.gravatar.com\/avatar\/42b01982558a48a0b501fdcab6a408d3717ea5919095ee2e67b0e521799c5905?s=96&d=mm&r=g\",\"contentUrl\":\"https:\/\/secure.gravatar.com\/avatar\/42b01982558a48a0b501fdcab6a408d3717ea5919095ee2e67b0e521799c5905?s=96&d=mm&r=g\",\"caption\":\"Antalya K\u00f6rfez\"},\"sameAs\":[\"http:\/\/www.antalyakorfez.com\"],\"url\":\"https:\/\/www.antalyakorfez.com\/esnaf-ve-sanatkarlarin-genel-kurul-cagrilari-artik-resmi-ilan-sayilacak\"}]}<\/script>\n<!-- \/ Yoast SEO Premium plugin. -->","yoast_head_json":{"title":"Esnaf ve Sanatk\u00e2rlar\u0131n genel kurul \u00e7a\u011fr\u0131lar\u0131 art\u0131k resmi ilan say\u0131lacak - Av. Deniz Can K\u0131z\u0131l","robots":{"index":"index","follow":"follow","max-snippet":"max-snippet:-1","max-image-preview":"max-image-preview:large","max-video-preview":"max-video-preview:-1"},"canonical":"https:\/\/denizcankizil.tr\/ru\/haberler\/gundem\/esnaf-ve-sanatkarlarin-genel-kurul-cagrilari-artik-resmi-ilan-sayilacak\/","og_locale":"ru_RU","og_type":"article","og_title":"Esnaf ve Sanatk\u00e2rlar\u0131n genel kurul \u00e7a\u011fr\u0131lar\u0131 art\u0131k resmi ilan say\u0131lacak","og_description":"Bas\u0131n \u0130lan Kurumu 33. D\u00f6nem 2. Genel Kurul Toplant\u0131s\u0131, 28-30 May\u0131s 2025 tarihlerinde \u0130stanbul&#8217;da topland\u0131. Bas\u0131n \u0130lan Kurumu Genel M\u00fcd\u00fcrl\u00fck binas\u0131nda toplanan Genel Kurul&#8217;da, Esnaf ve Sanatk\u00e2rlar Kredi ve Kefalet Kooperatifleri genel kurul \u00e7a\u011fr\u0131 ilanlar\u0131n\u0131n resm\u00ee ilan stat\u00fcs\u00fcnde oldu\u011funa y\u00f6nelik prensip karar\u0131 al\u0131nd\u0131. Emsal te\u015fkil edecek nitelikteki karara g\u00f6re, Esnaf ve Sanatk\u00e2rlar\u0131n genel kurul \u00e7a\u011fr\u0131lar\u0131n\u0131n Bas\u0131n \u0130lan Kurumu arac\u0131l\u0131\u011f\u0131yla s\u00fcreli yay\u0131nlarda yay\u0131mlat\u0131lmas\u0131na devam edilecek. Esnaf, Sanatk\u00e2rlar ve Kooperatif\u00e7ilik Genel M\u00fcd\u00fcrl\u00fc\u011f\u00fc, Esnaf ve Sanatk\u00e2rlar Kredi ve Kefalet Kooperatiflerinin anas\u00f6zle\u015fmeleri uyar\u0131nca yap\u0131lan genel kurul \u00e7a\u011fr\u0131 ilanlar\u0131n\u0131n s\u00fcreli yay\u0131nlarda yay\u0131m zorunlulu\u011fu olmad\u0131\u011f\u0131 y\u00f6n\u00fcndeki hukuki de\u011ferlendirmeleri i\u00e7eren resm\u00ee yaz\u0131y\u0131 Bas\u0131n \u0130lan Kurumu Genel M\u00fcd\u00fcrl\u00fc\u011f\u00fc\u2019ne ileterek Kurumun g\u00f6r\u00fc\u015f\u00fcn\u00fc talep etti. B\u0130K GENEL KURULU PRENS\u0130P KARARI ALDI Talebi de\u011ferlendiren Bas\u0131n \u0130lan Kurumu Y\u00f6netim Kurulu taraf\u0131ndan bahsi ge\u00e7en ilanlar\u0131n resm\u00ee ilan kapsam\u0131nda oldu\u011funa y\u00f6nelik al\u0131nan karar Esnaf, Sanatkarlar ve Kooperatif\u00e7ilik Genel M\u00fcd\u00fcrl\u00fc\u011f\u00fc\u2019ne tebli\u011f edildi. Y\u00f6netim Kurulu, \u201cbir ilan\u0131n resm\u00ee ilan say\u0131l\u0131p say\u0131lmayaca\u011f\u0131na\u201d ili\u015fkin 195 say\u0131l\u0131 Kanunun verdi\u011fi yetki do\u011frultusunda ald\u0131\u011f\u0131 karar\u0131, benzer durumlarda emsal te\u015fkil etmesi i\u00e7in Genel Kurula sundu. \u0130lan \u0130\u015fleri, Hukuk \u0130\u015fleri ve Mali \u0130\u015fler Komisyonlar\u0131n\u0131n g\u00f6r\u00fc\u015flerinin al\u0131nmas\u0131n\u0131n ard\u0131ndan Genel Kurul\u2019da yap\u0131lan oylamada genel kurul \u00e7a\u011fr\u0131 ilanlar\u0131n\u0131n resm\u00ee ilan oldu\u011fu konusunda prensip karar\u0131 al\u0131nd\u0131. RESM\u0130 GAZETE YAYINLANDI, ARTIK RESM\u0130 \u0130LAN SINIFINDA Karar\u0131n gerek\u00e7esinde, Kooperatifler Kanunu &hellip;","og_url":"https:\/\/denizcankizil.tr\/ru\/haberler\/gundem\/esnaf-ve-sanatkarlarin-genel-kurul-cagrilari-artik-resmi-ilan-sayilacak\/","og_site_name":"Av. Deniz Can K\u0131z\u0131l","article_published_time":"2025-05-31T12:41:39+00:00","author":"Antalya K\u00f6rfez","twitter_card":"summary_large_image","twitter_misc":{"\u041d\u0430\u043f\u0438\u0441\u0430\u043d\u043e \u0430\u0432\u0442\u043e\u0440\u043e\u043c":"Antalya K\u00f6rfez","\u041f\u0440\u0438\u043c\u0435\u0440\u043d\u043e\u0435 \u0432\u0440\u0435\u043c\u044f \u0434\u043b\u044f \u0447\u0442\u0435\u043d\u0438\u044f":"2 \u043c\u0438\u043d\u0443\u0442\u044b"},"schema":{"@context":"https:\/\/schema.org","@graph":[{"@type":"Article","@id":"https:\/\/denizcankizil.tr\/ru\/haberler\/gundem\/esnaf-ve-sanatkarlarin-genel-kurul-cagrilari-artik-resmi-ilan-sayilacak\/#article","isPartOf":{"@id":"https:\/\/denizcankizil.tr\/ru\/haberler\/gundem\/esnaf-ve-sanatkarlarin-genel-kurul-cagrilari-artik-resmi-ilan-sayilacak\/"},"author":{"name":"Antalya K\u00f6rfez","@id":"https:\/\/denizcankizil.tr\/de\/#\/schema\/person\/e1eb71bb4dd684d46563f0af307e1234"},"headline":"Esnaf ve Sanatk\u00e2rlar\u0131n genel kurul \u00e7a\u011fr\u0131lar\u0131 art\u0131k resmi ilan say\u0131lacak","datePublished":"2025-05-31T12:41:39+00:00","mainEntityOfPage":{"@id":"https:\/\/denizcankizil.tr\/ru\/haberler\/gundem\/esnaf-ve-sanatkarlarin-genel-kurul-cagrilari-artik-resmi-ilan-sayilacak\/"},"wordCount":485,"publisher":{"@id":"https:\/\/denizcankizil.tr\/de\/#organization"},"articleSection":["G\u00fcndem"],"inLanguage":"ru-RU"},{"@type":"WebPage","@id":"https:\/\/denizcankizil.tr\/ru\/haberler\/gundem\/esnaf-ve-sanatkarlarin-genel-kurul-cagrilari-artik-resmi-ilan-sayilacak\/","url":"https:\/\/denizcankizil.tr\/ru\/haberler\/gundem\/esnaf-ve-sanatkarlarin-genel-kurul-cagrilari-artik-resmi-ilan-sayilacak\/","name":"Esnaf ve Sanatk\u00e2rlar\u0131n genel kurul \u00e7a\u011fr\u0131lar\u0131 art\u0131k resmi ilan say\u0131lacak - Av. Deniz Can K\u0131z\u0131l","isPartOf":{"@id":"https:\/\/denizcankizil.tr\/de\/#website"},"datePublished":"2025-05-31T12:41:39+00:00","breadcrumb":{"@id":"https:\/\/denizcankizil.tr\/ru\/haberler\/gundem\/esnaf-ve-sanatkarlarin-genel-kurul-cagrilari-artik-resmi-ilan-sayilacak\/#breadcrumb"},"inLanguage":"ru-RU","potentialAction":[{"@type":"ReadAction","target":["https:\/\/denizcankizil.tr\/ru\/haberler\/gundem\/esnaf-ve-sanatkarlarin-genel-kurul-cagrilari-artik-resmi-ilan-sayilacak\/"]}]},{"@type":"BreadcrumbList","@id":"https:\/\/denizcankizil.tr\/ru\/haberler\/gundem\/esnaf-ve-sanatkarlarin-genel-kurul-cagrilari-artik-resmi-ilan-sayilacak\/#breadcrumb","itemListElement":[{"@type":"ListItem","position":1,"name":"Home","item":"https:\/\/denizcankizil.tr\/de\/"},{"@type":"ListItem","position":2,"name":"Esnaf ve Sanatk\u00e2rlar\u0131n genel kurul \u00e7a\u011fr\u0131lar\u0131 art\u0131k resmi ilan say\u0131lacak"}]},{"@type":"WebSite","@id":"https:\/\/denizcankizil.tr\/de\/#website","url":"https:\/\/denizcankizil.tr\/de\/","name":"Av. Deniz Can K\u0131z\u0131l","description":"Avukat Deniz Can K\u0131z\u0131l Antalya Barosu","publisher":{"@id":"https:\/\/denizcankizil.tr\/de\/#organization"},"potentialAction":[{"@type":"SearchAction","target":{"@type":"EntryPoint","urlTemplate":"https:\/\/denizcankizil.tr\/de\/?s={search_term_string}"},"query-input":{"@type":"PropertyValueSpecification","valueRequired":true,"valueName":"search_term_string"}}],"inLanguage":"ru-RU"},{"@type":"Organization","@id":"https:\/\/denizcankizil.tr\/de\/#organization","name":"Av. Deniz Can K\u0131z\u0131l","url":"https:\/\/denizcankizil.tr\/de\/","logo":{"@type":"ImageObject","inLanguage":"ru-RU","@id":"https:\/\/denizcankizil.tr\/de\/#\/schema\/logo\/image\/","url":"https:\/\/denizcankizil.tr\/wp-content\/uploads\/2024\/10\/siyah-logo-svg.svg","contentUrl":"https:\/\/denizcankizil.tr\/wp-content\/uploads\/2024\/10\/siyah-logo-svg.svg","width":1080,"height":1080,"caption":"Av. Deniz Can K\u0131z\u0131l"},"image":{"@id":"https:\/\/denizcankizil.tr\/de\/#\/schema\/logo\/image\/"}},{"@type":"Person","@id":"https:\/\/denizcankizil.tr\/de\/#\/schema\/person\/e1eb71bb4dd684d46563f0af307e1234","name":"Antalya K\u00f6rfez","image":{"@type":"ImageObject","inLanguage":"ru-RU","@id":"https:\/\/denizcankizil.tr\/de\/#\/schema\/person\/image\/","url":"https:\/\/secure.gravatar.com\/avatar\/42b01982558a48a0b501fdcab6a408d3717ea5919095ee2e67b0e521799c5905?s=96&d=mm&r=g","contentUrl":"https:\/\/secure.gravatar.com\/avatar\/42b01982558a48a0b501fdcab6a408d3717ea5919095ee2e67b0e521799c5905?s=96&d=mm&r=g","caption":"Antalya K\u00f6rfez"},"sameAs":["http:\/\/www.antalyakorfez.com"],"url":"https:\/\/www.antalyakorfez.com\/esnaf-ve-sanatkarlarin-genel-kurul-cagrilari-artik-resmi-ilan-sayilacak"}]}},"_links":{"self":[{"href":"https:\/\/denizcankizil.tr\/ru\/wp-json\/wp\/v2\/posts\/102755","targetHints":{"allow":["GET"]}}],"collection":[{"href":"https:\/\/denizcankizil.tr\/ru\/wp-json\/wp\/v2\/posts"}],"about":[{"href":"https:\/\/denizcankizil.tr\/ru\/wp-json\/wp\/v2\/types\/post"}],"author":[{"embeddable":true,"href":"https:\/\/denizcankizil.tr\/ru\/wp-json\/wp\/v2\/users\/5"}],"replies":[{"embeddable":true,"href":"https:\/\/denizcankizil.tr\/ru\/wp-json\/wp\/v2\/comments?post=102755"}],"version-history":[{"count":0,"href":"https:\/\/denizcankizil.tr\/ru\/wp-json\/wp\/v2\/posts\/102755\/revisions"}],"wp:attachment":[{"href":"https:\/\/denizcankizil.tr\/ru\/wp-json\/wp\/v2\/media?parent=102755"}],"wp:term":[{"taxonomy":"category","embeddable":true,"href":"https:\/\/denizcankizil.tr\/ru\/wp-json\/wp\/v2\/categories?post=102755"},{"taxonomy":"post_tag","embeddable":true,"href":"https:\/\/denizcankizil.tr\/ru\/wp-json\/wp\/v2\/tags?post=102755"}],"curies":[{"name":"wp","href":"https:\/\/api.w.org\/{rel}","templated":true}]}}