{"id":102628,"date":"2025-05-31T12:43:10","date_gmt":"2025-05-31T09:43:10","guid":{"rendered":"https:\/\/denizcankizil.tr\/uncategorized-tr\/cocuklara-sifir-atik-bilinci-asilaniyor\/"},"modified":"2025-05-31T12:43:10","modified_gmt":"2025-05-31T09:43:10","slug":"cocuklara-sifir-atik-bilinci-asilaniyor","status":"publish","type":"post","link":"https:\/\/denizcankizil.tr\/ru\/haberler\/gundem\/cocuklara-sifir-atik-bilinci-asilaniyor\/","title":{"rendered":"\u00c7ocuklara s\u0131f\u0131r at\u0131k bilinci a\u015f\u0131lan\u0131yor"},"content":{"rendered":"<p>Mersin B\u00fcy\u00fck\u015fehir Belediyesi \u0130klim De\u011fi\u015fikli\u011fi ve S\u0131f\u0131r At\u0131k Dairesi Ba\u015fkanl\u0131\u011f\u0131 b\u00fcnyesinde faaliyet g\u00f6steren Mercan 100. Y\u0131l \u0130klim ve \u00c7evre Bilim Merkezi, \u00e7ocuklara \u00e7evre bilinci kazand\u0131rmak amac\u0131yla g\u00f6rsel ve deneyimsel \u00f6\u011frenme alanlar\u0131 sunmaya devam ediyor.MERS\u0130N (\u0130GFA) &#8211; Avrupa Birli\u011fi taraf\u0131ndan finanse edilen REMEDIES-2 program\u0131 kapsam\u0131nda hibe almaya hak kazanan \u2018Plastiksiz Mersin Sahilleri \u0130\u00e7in Birle\u015fiyoruz\u2019 projesi \u00e7er\u00e7evesinde hayata ge\u00e7irilen \u2018Ak\u0131ll\u0131 At\u0131k Otomat\u2019 ile \u00f6\u011frenciler, toplad\u0131klar\u0131 pet \u015fi\u015feleri geri d\u00f6n\u00fc\u015f\u00fcme kazand\u0131r\u0131yor. Projenin kazan\u0131mlar\u0131 kentte etkisini g\u00f6stermeye devam ediyor.<br \/>\nBu kapsamda \u015eehit Sedat Gezer Ortaokulu \u00f6\u011frencileri, Mercan Bilim Merkezi\u2019ni ziyaret etti. Uzun s\u00fcredir toplad\u0131klar\u0131 plastik \u015fi\u015feleri otomatlara atan \u00f6\u011frenciler, \u00e7evre dostu uygulamalara aktif olarak kat\u0131ld\u0131. Etkinlik kapsam\u0131nda, pet \u015fi\u015fe kapaklar\u0131ndan nas\u0131l saks\u0131 yap\u0131ld\u0131\u011f\u0131n\u0131 da izleyen \u00f6\u011frencilere, B\u00fcy\u00fck\u015fehir Belediyesi Park ve Bah\u00e7eler Dairesi\u2019nin fidanl\u0131\u011f\u0131nda yeti\u015ftirilen sukulentlerin ekildi\u011fi geri d\u00f6n\u00fc\u015ft\u00fcr\u00fclm\u00fc\u015f saks\u0131lar hediye edildi. Etkinlikle \u00e7ocuklar hem geri d\u00f6n\u00fc\u015f\u00fcme katk\u0131 sa\u011flad\u0131, hem de s\u0131f\u0131r at\u0131k konusundaki fark\u0131ndal\u0131klar\u0131 artt\u0131.<br \/>\nAltun: \u201c\u00d6\u011frenciler, toplad\u0131klar\u0131 plastik \u015fi\u015fe ve kapaklarla Merkezimizi ziyaret ettiler\u201d<br \/>\n\u0130klim De\u011fi\u015fikli\u011fi ve S\u0131f\u0131r At\u0131k Dairesi Ba\u015fkanl\u0131\u011f\u0131\u2019nda S\u0131f\u0131r At\u0131k \u015eefi olarak g\u00f6rev yapan Dr. Zeki Altun, 30 Nisan\u2019da proje kapan\u0131\u015f toplant\u0131s\u0131n\u0131 ger\u00e7ekle\u015ftirdikleri Avrupa Birli\u011fi projesi olan \u2018Plastiksiz Mersin Sahilleri \u0130\u00e7in Birle\u015fiyoruz\u2019 projesinin kazan\u0131mlar\u0131n\u0131n devam etti\u011fini ve bu kapsamda \u00f6\u011frencileri a\u011f\u0131rlad\u0131klar\u0131n\u0131 anlatarak, \u201cGelen \u00f6\u011frencilerimiz projeyi duyduklar\u0131 i\u00e7in, kendi \u00fczerlerine d\u00fc\u015feni yapmak ad\u0131na plastik \u015fi\u015fe ve kapak toplayarak Bilim Merkezimizi ziyaret ettiler. Proje kapsam\u0131nda edinmi\u015f oldu\u011fumuz Ak\u0131ll\u0131 Otomata, plastik \u015fi\u015felerin kapaklar\u0131n\u0131 ay\u0131rd\u0131ktan sonra barkodlar\u0131n\u0131 okuttular ve geri d\u00f6n\u00fc\u015f\u00fcm s\u00fcrecine s\u0131f\u0131r at\u0131k felsefesiyle dahil oldular\u201d dedi.<br \/>\nDr. Altun, toplanan kapaklar\u0131n nas\u0131l geri d\u00f6n\u00fc\u015ft\u00fcr\u00fcld\u00fc\u011f\u00fcn\u00fc de \u00f6\u011frencilere g\u00f6sterdiklerini ifade ederek, \u201cPlastik k\u0131rma makinesinde \u00f6\u011f\u00fct\u00fclen ve asl\u0131nda at\u0131k olarak ifade edilen, ancak hammaddeye d\u00f6n\u00fc\u015ft\u00fcrd\u00fc\u011f\u00fcm\u00fcz bu kapaklar\u0131, enjeksiyon makinemizde kal\u0131pland\u0131rarak saks\u0131 haline getirdik ve \u00f6\u011frencilere arma\u011fan ettik. Bu sayede s\u0131f\u0131r at\u0131k felsefesiyle \u00e7evrenin, do\u011fan\u0131n ve denizin korunmas\u0131 anlam\u0131nda, gelece\u011fe nas\u0131l bir fayda sa\u011flad\u0131klar\u0131n\u0131 aktard\u0131k\u201d diye konu\u015ftu.<br \/>\n\u00d6\u011frenciler geri d\u00f6n\u00fc\u015f\u00fcme hem tan\u0131kl\u0131k etti, hem de katk\u0131 sa\u011flad\u0131<br \/>\n\u015eehit Sedat Gezer Ortaokulu 6. S\u0131n\u0131f \u00f6\u011frencisi Elvin Zorlu, toplad\u0131klar\u0131 pet \u015fi\u015feleri \u00f6ncelikle Mercan Bilim Merkezi\u2019nin bah\u00e7esindeki Caretta Caretta fig\u00fcrl\u00fc at\u0131k kutusuna att\u0131klar\u0131n\u0131 s\u00f6yleyerek \u201c\u00c7evre kirlili\u011fini \u00f6nleyen bir proje oldu\u011fu i\u00e7in, bize kazand\u0131rd\u0131\u011f\u0131 \u015feyler oldu\u011funu d\u00fc\u015f\u00fcn\u00fcyorum. Yan\u0131m\u0131zda getirdi\u011fimiz plastik \u015fi\u015feleri ve kapaklar\u0131 geri d\u00f6n\u00fc\u015f\u00fcm yap\u0131lmas\u0131 i\u00e7in makinenin i\u00e7ine att\u0131k. Sonras\u0131nda bu s\u00fcrecin nas\u0131l i\u015fledi\u011fini g\u00f6rd\u00fck. Geri d\u00f6n\u00fc\u015f\u00fcmden yap\u0131lan saks\u0131lar\u0131n i\u00e7inde sukulentler vard\u0131 ve bize hediye edildi\u201d dedi.<br \/>\nMercan Bilim Merkezi\u2019ni daha \u00f6nce de ziyaret etti\u011fini ve \u00e7ok sevdi\u011fini s\u00f6yleyen Aden Y\u0131lmaz, \u201cGeri d\u00f6n\u00fc\u015f\u00fcm, \u00fclkemiz i\u00e7in de d\u00fcnya i\u00e7in de \u00e7ok \u00f6nemli. Bence \u00fclkemizde bu projelerin daha \u00e7ok olmas\u0131 gerekli. Buras\u0131 her \u00e7ocu\u011fun gelmesi gereken bir yer. Geri d\u00f6n\u00fc\u015f\u00fcm\u00fcn a\u015famalar\u0131n\u0131 arkada\u015flar\u0131mla beraber g\u00f6rd\u00fck\u201d ifadelerine yer verdi.<br \/>\nGeri d\u00f6n\u00fc\u015f\u00fcm s\u00fcrecine tan\u0131kl\u0131k ettiklerini aktaran \u00f6\u011frencilerden Beril Beyazg\u00fcl, \u201cBurada plasti\u011fin nas\u0131l d\u00f6n\u00fc\u015ft\u00fcr\u00fcld\u00fc\u011f\u00fcn\u00fc, insanlar\u0131n \u00e7evreye katk\u0131lar\u0131n\u0131 \u00f6\u011frendim ve ger\u00e7ekten ho\u015fuma gitti. Geri d\u00f6n\u00fc\u015f\u00fcme hem tan\u0131kl\u0131k ettik, hem de katk\u0131 sa\u011flad\u0131k\u201d dedi.<br \/>\n\u00d6\u011frencilerden Furkan Demiratl\u0131 ise, \u201cG\u00fczel bir g\u00fcnd\u00fc. Geri d\u00f6n\u00fc\u015f\u00fcm\u00fcn faydalar\u0131n\u0131 \u00f6\u011frendim. Daha \u00f6nce de biliyordum, ama canl\u0131 bir \u015fekilde g\u00f6rmek g\u00fczel oldu. Geri d\u00f6n\u00fc\u015f\u00fcm, gelece\u011fimiz i\u00e7in \u00f6nemli bir \u015fey\u201d diye konu\u015ftu.<\/p>\n<p>\u200bMersin B\u00fcy\u00fck\u015fehir Belediyesi \u0130klim De\u011fi\u015fikli\u011fi ve S\u0131f\u0131r At\u0131k Dairesi Ba\u015fkanl\u0131\u011f\u0131 b\u00fcnyesinde faaliyet g\u00f6steren Mercan 100. Y\u0131l \u0130klim ve \u00c7evre Bilim Merkezi, \u00e7ocuklara \u00e7evre bilinci kazand\u0131rmak amac\u0131yla g\u00f6rsel ve deneyimsel \u00f6\u011frenme alanlar\u0131 sunmaya devam ediyor.MERS\u0130N (\u0130GFA) &#8211; Avrupa Birli\u011fi taraf\u0131ndan finanse edilen REMEDIES-2 program\u0131 kapsam\u0131nda hibe almaya hak kazanan \u2018Plastiksiz Mersin Sahilleri \u0130\u00e7in Birle\u015fiyoruz\u2019 projesi \u00e7er\u00e7evesinde hayata ge\u00e7irilen \u2018Ak\u0131ll\u0131 At\u0131k Otomat\u2019 ile \u00f6\u011frenciler, toplad\u0131klar\u0131 pet \u015fi\u015feleri geri d\u00f6n\u00fc\u015f\u00fcme kazand\u0131r\u0131yor. Projenin kazan\u0131mlar\u0131 kentte etkisini g\u00f6stermeye devam ediyor.<br \/>\nBu kapsamda \u015eehit Sedat Gezer Ortaokulu \u00f6\u011frencileri, Mercan Bilim Merkezi\u2019ni ziyaret etti. Uzun s\u00fcredir toplad\u0131klar\u0131 plastik \u015fi\u015feleri otomatlara atan \u00f6\u011frenciler, \u00e7evre dostu uygulamalara aktif olarak kat\u0131ld\u0131. Etkinlik kapsam\u0131nda, pet \u015fi\u015fe kapaklar\u0131ndan nas\u0131l saks\u0131 yap\u0131ld\u0131\u011f\u0131n\u0131 da izleyen \u00f6\u011frencilere, B\u00fcy\u00fck\u015fehir Belediyesi Park ve Bah\u00e7eler Dairesi\u2019nin fidanl\u0131\u011f\u0131nda yeti\u015ftirilen sukulentlerin ekildi\u011fi geri d\u00f6n\u00fc\u015ft\u00fcr\u00fclm\u00fc\u015f saks\u0131lar hediye edildi. Etkinlikle \u00e7ocuklar hem geri d\u00f6n\u00fc\u015f\u00fcme katk\u0131 sa\u011flad\u0131, hem de s\u0131f\u0131r at\u0131k konusundaki fark\u0131ndal\u0131klar\u0131 artt\u0131.<br \/>\nAltun: \u201c\u00d6\u011frenciler, toplad\u0131klar\u0131 plastik \u015fi\u015fe ve kapaklarla Merkezimizi ziyaret ettiler\u201d<br \/>\n\u0130klim De\u011fi\u015fikli\u011fi ve S\u0131f\u0131r At\u0131k Dairesi Ba\u015fkanl\u0131\u011f\u0131\u2019nda S\u0131f\u0131r At\u0131k \u015eefi olarak g\u00f6rev yapan Dr. Zeki Altun, 30 Nisan\u2019da proje kapan\u0131\u015f toplant\u0131s\u0131n\u0131 ger\u00e7ekle\u015ftirdikleri Avrupa Birli\u011fi projesi olan \u2018Plastiksiz Mersin Sahilleri \u0130\u00e7in Birle\u015fiyoruz\u2019 projesinin kazan\u0131mlar\u0131n\u0131n devam etti\u011fini ve bu kapsamda \u00f6\u011frencileri a\u011f\u0131rlad\u0131klar\u0131n\u0131 anlatarak, \u201cGelen \u00f6\u011frencilerimiz projeyi duyduklar\u0131 i\u00e7in, kendi \u00fczerlerine d\u00fc\u015feni yapmak ad\u0131na plastik \u015fi\u015fe ve kapak toplayarak Bilim Merkezimizi ziyaret ettiler. Proje kapsam\u0131nda edinmi\u015f oldu\u011fumuz Ak\u0131ll\u0131 Otomata, plastik \u015fi\u015felerin kapaklar\u0131n\u0131 ay\u0131rd\u0131ktan sonra barkodlar\u0131n\u0131 okuttular ve geri d\u00f6n\u00fc\u015f\u00fcm s\u00fcrecine s\u0131f\u0131r at\u0131k felsefesiyle dahil oldular\u201d dedi.<br \/>\nDr. Altun, toplanan kapaklar\u0131n nas\u0131l geri d\u00f6n\u00fc\u015ft\u00fcr\u00fcld\u00fc\u011f\u00fcn\u00fc de \u00f6\u011frencilere g\u00f6sterdiklerini ifade ederek, \u201cPlastik k\u0131rma makinesinde \u00f6\u011f\u00fct\u00fclen ve asl\u0131nda at\u0131k olarak ifade edilen, ancak hammaddeye d\u00f6n\u00fc\u015ft\u00fcrd\u00fc\u011f\u00fcm\u00fcz bu kapaklar\u0131, enjeksiyon makinemizde kal\u0131pland\u0131rarak saks\u0131 haline getirdik ve \u00f6\u011frencilere arma\u011fan ettik. Bu sayede s\u0131f\u0131r at\u0131k felsefesiyle \u00e7evrenin, do\u011fan\u0131n ve denizin korunmas\u0131 anlam\u0131nda, gelece\u011fe nas\u0131l bir fayda sa\u011flad\u0131klar\u0131n\u0131 aktard\u0131k\u201d diye konu\u015ftu.<br \/>\n\u00d6\u011frenciler geri d\u00f6n\u00fc\u015f\u00fcme hem tan\u0131kl\u0131k etti, hem de katk\u0131 sa\u011flad\u0131<br \/>\n\u015eehit Sedat Gezer Ortaokulu 6. S\u0131n\u0131f \u00f6\u011frencisi Elvin Zorlu, toplad\u0131klar\u0131 pet \u015fi\u015feleri \u00f6ncelikle Mercan Bilim Merkezi\u2019nin bah\u00e7esindeki Caretta Caretta fig\u00fcrl\u00fc at\u0131k kutusuna att\u0131klar\u0131n\u0131 s\u00f6yleyerek \u201c\u00c7evre kirlili\u011fini \u00f6nleyen bir proje oldu\u011fu i\u00e7in, bize kazand\u0131rd\u0131\u011f\u0131 \u015feyler oldu\u011funu d\u00fc\u015f\u00fcn\u00fcyorum. Yan\u0131m\u0131zda getirdi\u011fimiz plastik \u015fi\u015feleri ve kapaklar\u0131 geri d\u00f6n\u00fc\u015f\u00fcm yap\u0131lmas\u0131 i\u00e7in makinenin i\u00e7ine att\u0131k. Sonras\u0131nda bu s\u00fcrecin nas\u0131l i\u015fledi\u011fini g\u00f6rd\u00fck. Geri d\u00f6n\u00fc\u015f\u00fcmden yap\u0131lan saks\u0131lar\u0131n i\u00e7inde sukulentler vard\u0131 ve bize hediye edildi\u201d dedi.<br \/>\nMercan Bilim Merkezi\u2019ni daha \u00f6nce de ziyaret etti\u011fini ve \u00e7ok sevdi\u011fini s\u00f6yleyen Aden Y\u0131lmaz, \u201cGeri d\u00f6n\u00fc\u015f\u00fcm, \u00fclkemiz i\u00e7in de d\u00fcnya i\u00e7in de \u00e7ok \u00f6nemli. Bence \u00fclkemizde bu projelerin daha \u00e7ok olmas\u0131 gerekli. Buras\u0131 her \u00e7ocu\u011fun gelmesi gereken bir yer. Geri d\u00f6n\u00fc\u015f\u00fcm\u00fcn a\u015famalar\u0131n\u0131 arkada\u015flar\u0131mla beraber g\u00f6rd\u00fck\u201d ifadelerine yer verdi.<br \/>\nGeri d\u00f6n\u00fc\u015f\u00fcm s\u00fcrecine tan\u0131kl\u0131k ettiklerini aktaran \u00f6\u011frencilerden Beril Beyazg\u00fcl, \u201cBurada plasti\u011fin nas\u0131l d\u00f6n\u00fc\u015ft\u00fcr\u00fcld\u00fc\u011f\u00fcn\u00fc, insanlar\u0131n \u00e7evreye katk\u0131lar\u0131n\u0131 \u00f6\u011frendim ve ger\u00e7ekten ho\u015fuma gitti. Geri d\u00f6n\u00fc\u015f\u00fcme hem tan\u0131kl\u0131k ettik, hem de katk\u0131 sa\u011flad\u0131k\u201d dedi.<br \/>\n\u00d6\u011frencilerden Furkan Demiratl\u0131 ise, \u201cG\u00fczel bir g\u00fcnd\u00fc. Geri d\u00f6n\u00fc\u015f\u00fcm\u00fcn faydalar\u0131n\u0131 \u00f6\u011frendim. Daha \u00f6nce de biliyordum, ama canl\u0131 bir \u015fekilde g\u00f6rmek g\u00fczel oldu. Geri d\u00f6n\u00fc\u015f\u00fcm, gelece\u011fimiz i\u00e7in \u00f6nemli bir \u015fey\u201d diye konu\u015ftu.\u00a0<\/p>\n<p>\u200bHaberin Al\u0131nt\u0131land\u0131\u011f\u0131 Kaynak: www.iskenderun.org<\/p>","protected":false},"excerpt":{"rendered":"<p>Mersin B\u00fcy\u00fck\u015fehir Belediyesi \u0130klim De\u011fi\u015fikli\u011fi ve S\u0131f\u0131r At\u0131k Dairesi Ba\u015fkanl\u0131\u011f\u0131 b\u00fcnyesinde faaliyet g\u00f6steren Mercan 100. Y\u0131l \u0130klim ve \u00c7evre Bilim Merkezi, \u00e7ocuklara \u00e7evre bilinci kazand\u0131rmak amac\u0131yla g\u00f6rsel ve deneyimsel \u00f6\u011frenme alanlar\u0131 sunmaya devam ediyor.MERS\u0130N (\u0130GFA) &#8211; Avrupa Birli\u011fi taraf\u0131ndan finanse edilen REMEDIES-2 program\u0131 kapsam\u0131nda hibe almaya hak kazanan \u2018Plastiksiz Mersin Sahilleri \u0130\u00e7in Birle\u015fiyoruz\u2019 projesi \u00e7er\u00e7evesinde hayata ge\u00e7irilen \u2018Ak\u0131ll\u0131 At\u0131k Otomat\u2019 ile \u00f6\u011frenciler, toplad\u0131klar\u0131 pet \u015fi\u015feleri geri d\u00f6n\u00fc\u015f\u00fcme kazand\u0131r\u0131yor. Projenin kazan\u0131mlar\u0131 kentte etkisini g\u00f6stermeye devam ediyor. Bu kapsamda \u015eehit Sedat Gezer Ortaokulu \u00f6\u011frencileri, Mercan Bilim Merkezi\u2019ni ziyaret etti. Uzun s\u00fcredir toplad\u0131klar\u0131 plastik \u015fi\u015feleri otomatlara atan \u00f6\u011frenciler, \u00e7evre dostu uygulamalara aktif olarak kat\u0131ld\u0131. Etkinlik kapsam\u0131nda, pet \u015fi\u015fe kapaklar\u0131ndan nas\u0131l saks\u0131 yap\u0131ld\u0131\u011f\u0131n\u0131 da izleyen \u00f6\u011frencilere, B\u00fcy\u00fck\u015fehir Belediyesi Park ve Bah\u00e7eler Dairesi\u2019nin fidanl\u0131\u011f\u0131nda yeti\u015ftirilen sukulentlerin ekildi\u011fi geri d\u00f6n\u00fc\u015ft\u00fcr\u00fclm\u00fc\u015f saks\u0131lar hediye edildi. Etkinlikle \u00e7ocuklar hem geri d\u00f6n\u00fc\u015f\u00fcme katk\u0131 sa\u011flad\u0131, hem de s\u0131f\u0131r at\u0131k konusundaki fark\u0131ndal\u0131klar\u0131 artt\u0131. Altun: \u201c\u00d6\u011frenciler, toplad\u0131klar\u0131 plastik \u015fi\u015fe ve kapaklarla Merkezimizi ziyaret ettiler\u201d \u0130klim De\u011fi\u015fikli\u011fi ve S\u0131f\u0131r At\u0131k Dairesi Ba\u015fkanl\u0131\u011f\u0131\u2019nda S\u0131f\u0131r At\u0131k \u015eefi olarak g\u00f6rev yapan Dr. Zeki Altun, 30 Nisan\u2019da proje kapan\u0131\u015f toplant\u0131s\u0131n\u0131 ger\u00e7ekle\u015ftirdikleri Avrupa Birli\u011fi projesi olan \u2018Plastiksiz Mersin Sahilleri \u0130\u00e7in Birle\u015fiyoruz\u2019 projesinin kazan\u0131mlar\u0131n\u0131n devam etti\u011fini ve bu kapsamda \u00f6\u011frencileri a\u011f\u0131rlad\u0131klar\u0131n\u0131 anlatarak, \u201cGelen \u00f6\u011frencilerimiz projeyi duyduklar\u0131 i\u00e7in, kendi \u00fczerlerine d\u00fc\u015feni &hellip;<\/p>","protected":false},"author":1,"featured_media":0,"comment_status":"","ping_status":"open","sticky":false,"template":"","format":"standard","meta":{"_acf_changed":false,"footnotes":""},"categories":[24],"tags":[],"class_list":["post-102628","post","type-post","status-publish","format-standard","has-post-thumbnail","hentry","category-gundem"],"acf":[],"yoast_head":"<!-- This site is optimized with the Yoast SEO Premium plugin v26.6 (Yoast SEO v27.1.1) - https:\/\/yoast.com\/product\/yoast-seo-premium-wordpress\/ -->\n<title>\u00c7ocuklara s\u0131f\u0131r at\u0131k bilinci a\u015f\u0131lan\u0131yor - Av. Deniz Can K\u0131z\u0131l<\/title>\n<meta name=\"robots\" content=\"index, follow, max-snippet:-1, max-image-preview:large, max-video-preview:-1\" \/>\n<link rel=\"canonical\" href=\"https:\/\/denizcankizil.tr\/ru\/haberler\/gundem\/cocuklara-sifir-atik-bilinci-asilaniyor\/\" \/>\n<meta property=\"og:locale\" content=\"ru_RU\" \/>\n<meta property=\"og:type\" content=\"article\" \/>\n<meta property=\"og:title\" content=\"\u00c7ocuklara s\u0131f\u0131r at\u0131k bilinci a\u015f\u0131lan\u0131yor\" \/>\n<meta property=\"og:description\" content=\"Mersin B\u00fcy\u00fck\u015fehir Belediyesi \u0130klim De\u011fi\u015fikli\u011fi ve S\u0131f\u0131r At\u0131k Dairesi Ba\u015fkanl\u0131\u011f\u0131 b\u00fcnyesinde faaliyet g\u00f6steren Mercan 100. Y\u0131l \u0130klim ve \u00c7evre Bilim Merkezi, \u00e7ocuklara \u00e7evre bilinci kazand\u0131rmak amac\u0131yla g\u00f6rsel ve deneyimsel \u00f6\u011frenme alanlar\u0131 sunmaya devam ediyor.MERS\u0130N (\u0130GFA) &#8211; Avrupa Birli\u011fi taraf\u0131ndan finanse edilen REMEDIES-2 program\u0131 kapsam\u0131nda hibe almaya hak kazanan \u2018Plastiksiz Mersin Sahilleri \u0130\u00e7in Birle\u015fiyoruz\u2019 projesi \u00e7er\u00e7evesinde hayata ge\u00e7irilen \u2018Ak\u0131ll\u0131 At\u0131k Otomat\u2019 ile \u00f6\u011frenciler, toplad\u0131klar\u0131 pet \u015fi\u015feleri geri d\u00f6n\u00fc\u015f\u00fcme kazand\u0131r\u0131yor. Projenin kazan\u0131mlar\u0131 kentte etkisini g\u00f6stermeye devam ediyor. Bu kapsamda \u015eehit Sedat Gezer Ortaokulu \u00f6\u011frencileri, Mercan Bilim Merkezi\u2019ni ziyaret etti. Uzun s\u00fcredir toplad\u0131klar\u0131 plastik \u015fi\u015feleri otomatlara atan \u00f6\u011frenciler, \u00e7evre dostu uygulamalara aktif olarak kat\u0131ld\u0131. Etkinlik kapsam\u0131nda, pet \u015fi\u015fe kapaklar\u0131ndan nas\u0131l saks\u0131 yap\u0131ld\u0131\u011f\u0131n\u0131 da izleyen \u00f6\u011frencilere, B\u00fcy\u00fck\u015fehir Belediyesi Park ve Bah\u00e7eler Dairesi\u2019nin fidanl\u0131\u011f\u0131nda yeti\u015ftirilen sukulentlerin ekildi\u011fi geri d\u00f6n\u00fc\u015ft\u00fcr\u00fclm\u00fc\u015f saks\u0131lar hediye edildi. Etkinlikle \u00e7ocuklar hem geri d\u00f6n\u00fc\u015f\u00fcme katk\u0131 sa\u011flad\u0131, hem de s\u0131f\u0131r at\u0131k konusundaki fark\u0131ndal\u0131klar\u0131 artt\u0131. Altun: \u201c\u00d6\u011frenciler, toplad\u0131klar\u0131 plastik \u015fi\u015fe ve kapaklarla Merkezimizi ziyaret ettiler\u201d \u0130klim De\u011fi\u015fikli\u011fi ve S\u0131f\u0131r At\u0131k Dairesi Ba\u015fkanl\u0131\u011f\u0131\u2019nda S\u0131f\u0131r At\u0131k \u015eefi olarak g\u00f6rev yapan Dr. Zeki Altun, 30 Nisan\u2019da proje kapan\u0131\u015f toplant\u0131s\u0131n\u0131 ger\u00e7ekle\u015ftirdikleri Avrupa Birli\u011fi projesi olan \u2018Plastiksiz Mersin Sahilleri \u0130\u00e7in Birle\u015fiyoruz\u2019 projesinin kazan\u0131mlar\u0131n\u0131n devam etti\u011fini ve bu kapsamda \u00f6\u011frencileri a\u011f\u0131rlad\u0131klar\u0131n\u0131 anlatarak, \u201cGelen \u00f6\u011frencilerimiz projeyi duyduklar\u0131 i\u00e7in, kendi \u00fczerlerine d\u00fc\u015feni &hellip;\" \/>\n<meta property=\"og:url\" content=\"https:\/\/denizcankizil.tr\/ru\/haberler\/gundem\/cocuklara-sifir-atik-bilinci-asilaniyor\/\" \/>\n<meta property=\"og:site_name\" content=\"Av. Deniz Can K\u0131z\u0131l\" \/>\n<meta property=\"article:published_time\" content=\"2025-05-31T09:43:10+00:00\" \/>\n<meta name=\"author\" content=\"admin\" \/>\n<meta name=\"twitter:card\" content=\"summary_large_image\" \/>\n<meta name=\"twitter:label1\" content=\"\u041d\u0430\u043f\u0438\u0441\u0430\u043d\u043e \u0430\u0432\u0442\u043e\u0440\u043e\u043c\" \/>\n\t<meta name=\"twitter:data1\" content=\"admin\" \/>\n\t<meta name=\"twitter:label2\" content=\"\u041f\u0440\u0438\u043c\u0435\u0440\u043d\u043e\u0435 \u0432\u0440\u0435\u043c\u044f \u0434\u043b\u044f \u0447\u0442\u0435\u043d\u0438\u044f\" \/>\n\t<meta name=\"twitter:data2\" content=\"7 \u043c\u0438\u043d\u0443\u0442\" \/>\n<script type=\"application\/ld+json\" class=\"yoast-schema-graph\">{\"@context\":\"https:\/\/schema.org\",\"@graph\":[{\"@type\":\"Article\",\"@id\":\"https:\/\/denizcankizil.tr\/ru\/haberler\/gundem\/cocuklara-sifir-atik-bilinci-asilaniyor\/#article\",\"isPartOf\":{\"@id\":\"https:\/\/denizcankizil.tr\/ru\/haberler\/gundem\/cocuklara-sifir-atik-bilinci-asilaniyor\/\"},\"author\":{\"name\":\"admin\",\"@id\":\"https:\/\/denizcankizil.tr\/#\/schema\/person\/be3c05fe6a12686905512445d8185489\"},\"headline\":\"\u00c7ocuklara s\u0131f\u0131r at\u0131k bilinci a\u015f\u0131lan\u0131yor\",\"datePublished\":\"2025-05-31T09:43:10+00:00\",\"mainEntityOfPage\":{\"@id\":\"https:\/\/denizcankizil.tr\/ru\/haberler\/gundem\/cocuklara-sifir-atik-bilinci-asilaniyor\/\"},\"wordCount\":1462,\"publisher\":{\"@id\":\"https:\/\/denizcankizil.tr\/#organization\"},\"articleSection\":[\"G\u00fcndem\"],\"inLanguage\":\"ru-RU\"},{\"@type\":\"WebPage\",\"@id\":\"https:\/\/denizcankizil.tr\/ru\/haberler\/gundem\/cocuklara-sifir-atik-bilinci-asilaniyor\/\",\"url\":\"https:\/\/denizcankizil.tr\/ru\/haberler\/gundem\/cocuklara-sifir-atik-bilinci-asilaniyor\/\",\"name\":\"\u00c7ocuklara s\u0131f\u0131r at\u0131k bilinci a\u015f\u0131lan\u0131yor - Av. Deniz Can K\u0131z\u0131l\",\"isPartOf\":{\"@id\":\"https:\/\/denizcankizil.tr\/#website\"},\"datePublished\":\"2025-05-31T09:43:10+00:00\",\"breadcrumb\":{\"@id\":\"https:\/\/denizcankizil.tr\/ru\/haberler\/gundem\/cocuklara-sifir-atik-bilinci-asilaniyor\/#breadcrumb\"},\"inLanguage\":\"ru-RU\",\"potentialAction\":[{\"@type\":\"ReadAction\",\"target\":[\"https:\/\/denizcankizil.tr\/ru\/haberler\/gundem\/cocuklara-sifir-atik-bilinci-asilaniyor\/\"]}]},{\"@type\":\"BreadcrumbList\",\"@id\":\"https:\/\/denizcankizil.tr\/ru\/haberler\/gundem\/cocuklara-sifir-atik-bilinci-asilaniyor\/#breadcrumb\",\"itemListElement\":[{\"@type\":\"ListItem\",\"position\":1,\"name\":\"Home\",\"item\":\"https:\/\/denizcankizil.tr\/de\/\"},{\"@type\":\"ListItem\",\"position\":2,\"name\":\"\u00c7ocuklara s\u0131f\u0131r at\u0131k bilinci a\u015f\u0131lan\u0131yor\"}]},{\"@type\":\"WebSite\",\"@id\":\"https:\/\/denizcankizil.tr\/#website\",\"url\":\"https:\/\/denizcankizil.tr\/\",\"name\":\"Av. Deniz Can K\u0131z\u0131l\",\"description\":\"Avukat Deniz Can K\u0131z\u0131l Antalya Barosu\",\"publisher\":{\"@id\":\"https:\/\/denizcankizil.tr\/#organization\"},\"potentialAction\":[{\"@type\":\"SearchAction\",\"target\":{\"@type\":\"EntryPoint\",\"urlTemplate\":\"https:\/\/denizcankizil.tr\/?s={search_term_string}\"},\"query-input\":{\"@type\":\"PropertyValueSpecification\",\"valueRequired\":true,\"valueName\":\"search_term_string\"}}],\"inLanguage\":\"ru-RU\"},{\"@type\":\"Organization\",\"@id\":\"https:\/\/denizcankizil.tr\/#organization\",\"name\":\"Av. Deniz Can K\u0131z\u0131l\",\"url\":\"https:\/\/denizcankizil.tr\/\",\"logo\":{\"@type\":\"ImageObject\",\"inLanguage\":\"ru-RU\",\"@id\":\"https:\/\/denizcankizil.tr\/#\/schema\/logo\/image\/\",\"url\":\"https:\/\/denizcankizil.tr\/wp-content\/uploads\/2024\/10\/siyah-logo-svg.svg\",\"contentUrl\":\"https:\/\/denizcankizil.tr\/wp-content\/uploads\/2024\/10\/siyah-logo-svg.svg\",\"width\":1080,\"height\":1080,\"caption\":\"Av. Deniz Can K\u0131z\u0131l\"},\"image\":{\"@id\":\"https:\/\/denizcankizil.tr\/#\/schema\/logo\/image\/\"}},{\"@type\":\"Person\",\"@id\":\"https:\/\/denizcankizil.tr\/#\/schema\/person\/be3c05fe6a12686905512445d8185489\",\"name\":\"admin\",\"image\":{\"@type\":\"ImageObject\",\"inLanguage\":\"ru-RU\",\"@id\":\"https:\/\/denizcankizil.tr\/#\/schema\/person\/image\/\",\"url\":\"https:\/\/secure.gravatar.com\/avatar\/c1fce94c830dc79107e174f890d7210541c4a63e8e5d816341794a2151c9d58c?s=96&d=mm&r=g\",\"contentUrl\":\"https:\/\/secure.gravatar.com\/avatar\/c1fce94c830dc79107e174f890d7210541c4a63e8e5d816341794a2151c9d58c?s=96&d=mm&r=g\",\"caption\":\"admin\"},\"sameAs\":[\"http:\/\/denizcankizil.tr\"],\"url\":\"https:\/\/www.iskenderun.org\/cocuklara-sifir-atik-bilinci-asilaniyor\"}]}<\/script>\n<!-- \/ Yoast SEO Premium plugin. -->","yoast_head_json":{"title":"\u00c7ocuklara s\u0131f\u0131r at\u0131k bilinci a\u015f\u0131lan\u0131yor - Av. Deniz Can K\u0131z\u0131l","robots":{"index":"index","follow":"follow","max-snippet":"max-snippet:-1","max-image-preview":"max-image-preview:large","max-video-preview":"max-video-preview:-1"},"canonical":"https:\/\/denizcankizil.tr\/ru\/haberler\/gundem\/cocuklara-sifir-atik-bilinci-asilaniyor\/","og_locale":"ru_RU","og_type":"article","og_title":"\u00c7ocuklara s\u0131f\u0131r at\u0131k bilinci a\u015f\u0131lan\u0131yor","og_description":"Mersin B\u00fcy\u00fck\u015fehir Belediyesi \u0130klim De\u011fi\u015fikli\u011fi ve S\u0131f\u0131r At\u0131k Dairesi Ba\u015fkanl\u0131\u011f\u0131 b\u00fcnyesinde faaliyet g\u00f6steren Mercan 100. Y\u0131l \u0130klim ve \u00c7evre Bilim Merkezi, \u00e7ocuklara \u00e7evre bilinci kazand\u0131rmak amac\u0131yla g\u00f6rsel ve deneyimsel \u00f6\u011frenme alanlar\u0131 sunmaya devam ediyor.MERS\u0130N (\u0130GFA) &#8211; Avrupa Birli\u011fi taraf\u0131ndan finanse edilen REMEDIES-2 program\u0131 kapsam\u0131nda hibe almaya hak kazanan \u2018Plastiksiz Mersin Sahilleri \u0130\u00e7in Birle\u015fiyoruz\u2019 projesi \u00e7er\u00e7evesinde hayata ge\u00e7irilen \u2018Ak\u0131ll\u0131 At\u0131k Otomat\u2019 ile \u00f6\u011frenciler, toplad\u0131klar\u0131 pet \u015fi\u015feleri geri d\u00f6n\u00fc\u015f\u00fcme kazand\u0131r\u0131yor. Projenin kazan\u0131mlar\u0131 kentte etkisini g\u00f6stermeye devam ediyor. Bu kapsamda \u015eehit Sedat Gezer Ortaokulu \u00f6\u011frencileri, Mercan Bilim Merkezi\u2019ni ziyaret etti. Uzun s\u00fcredir toplad\u0131klar\u0131 plastik \u015fi\u015feleri otomatlara atan \u00f6\u011frenciler, \u00e7evre dostu uygulamalara aktif olarak kat\u0131ld\u0131. Etkinlik kapsam\u0131nda, pet \u015fi\u015fe kapaklar\u0131ndan nas\u0131l saks\u0131 yap\u0131ld\u0131\u011f\u0131n\u0131 da izleyen \u00f6\u011frencilere, B\u00fcy\u00fck\u015fehir Belediyesi Park ve Bah\u00e7eler Dairesi\u2019nin fidanl\u0131\u011f\u0131nda yeti\u015ftirilen sukulentlerin ekildi\u011fi geri d\u00f6n\u00fc\u015ft\u00fcr\u00fclm\u00fc\u015f saks\u0131lar hediye edildi. Etkinlikle \u00e7ocuklar hem geri d\u00f6n\u00fc\u015f\u00fcme katk\u0131 sa\u011flad\u0131, hem de s\u0131f\u0131r at\u0131k konusundaki fark\u0131ndal\u0131klar\u0131 artt\u0131. Altun: \u201c\u00d6\u011frenciler, toplad\u0131klar\u0131 plastik \u015fi\u015fe ve kapaklarla Merkezimizi ziyaret ettiler\u201d \u0130klim De\u011fi\u015fikli\u011fi ve S\u0131f\u0131r At\u0131k Dairesi Ba\u015fkanl\u0131\u011f\u0131\u2019nda S\u0131f\u0131r At\u0131k \u015eefi olarak g\u00f6rev yapan Dr. Zeki Altun, 30 Nisan\u2019da proje kapan\u0131\u015f toplant\u0131s\u0131n\u0131 ger\u00e7ekle\u015ftirdikleri Avrupa Birli\u011fi projesi olan \u2018Plastiksiz Mersin Sahilleri \u0130\u00e7in Birle\u015fiyoruz\u2019 projesinin kazan\u0131mlar\u0131n\u0131n devam etti\u011fini ve bu kapsamda \u00f6\u011frencileri a\u011f\u0131rlad\u0131klar\u0131n\u0131 anlatarak, \u201cGelen \u00f6\u011frencilerimiz projeyi duyduklar\u0131 i\u00e7in, kendi \u00fczerlerine d\u00fc\u015feni &hellip;","og_url":"https:\/\/denizcankizil.tr\/ru\/haberler\/gundem\/cocuklara-sifir-atik-bilinci-asilaniyor\/","og_site_name":"Av. Deniz Can K\u0131z\u0131l","article_published_time":"2025-05-31T09:43:10+00:00","author":"admin","twitter_card":"summary_large_image","twitter_misc":{"\u041d\u0430\u043f\u0438\u0441\u0430\u043d\u043e \u0430\u0432\u0442\u043e\u0440\u043e\u043c":"admin","\u041f\u0440\u0438\u043c\u0435\u0440\u043d\u043e\u0435 \u0432\u0440\u0435\u043c\u044f \u0434\u043b\u044f \u0447\u0442\u0435\u043d\u0438\u044f":"7 \u043c\u0438\u043d\u0443\u0442"},"schema":{"@context":"https:\/\/schema.org","@graph":[{"@type":"Article","@id":"https:\/\/denizcankizil.tr\/ru\/haberler\/gundem\/cocuklara-sifir-atik-bilinci-asilaniyor\/#article","isPartOf":{"@id":"https:\/\/denizcankizil.tr\/ru\/haberler\/gundem\/cocuklara-sifir-atik-bilinci-asilaniyor\/"},"author":{"name":"admin","@id":"https:\/\/denizcankizil.tr\/#\/schema\/person\/be3c05fe6a12686905512445d8185489"},"headline":"\u00c7ocuklara s\u0131f\u0131r at\u0131k bilinci a\u015f\u0131lan\u0131yor","datePublished":"2025-05-31T09:43:10+00:00","mainEntityOfPage":{"@id":"https:\/\/denizcankizil.tr\/ru\/haberler\/gundem\/cocuklara-sifir-atik-bilinci-asilaniyor\/"},"wordCount":1462,"publisher":{"@id":"https:\/\/denizcankizil.tr\/#organization"},"articleSection":["G\u00fcndem"],"inLanguage":"ru-RU"},{"@type":"WebPage","@id":"https:\/\/denizcankizil.tr\/ru\/haberler\/gundem\/cocuklara-sifir-atik-bilinci-asilaniyor\/","url":"https:\/\/denizcankizil.tr\/ru\/haberler\/gundem\/cocuklara-sifir-atik-bilinci-asilaniyor\/","name":"\u00c7ocuklara s\u0131f\u0131r at\u0131k bilinci a\u015f\u0131lan\u0131yor - Av. Deniz Can K\u0131z\u0131l","isPartOf":{"@id":"https:\/\/denizcankizil.tr\/#website"},"datePublished":"2025-05-31T09:43:10+00:00","breadcrumb":{"@id":"https:\/\/denizcankizil.tr\/ru\/haberler\/gundem\/cocuklara-sifir-atik-bilinci-asilaniyor\/#breadcrumb"},"inLanguage":"ru-RU","potentialAction":[{"@type":"ReadAction","target":["https:\/\/denizcankizil.tr\/ru\/haberler\/gundem\/cocuklara-sifir-atik-bilinci-asilaniyor\/"]}]},{"@type":"BreadcrumbList","@id":"https:\/\/denizcankizil.tr\/ru\/haberler\/gundem\/cocuklara-sifir-atik-bilinci-asilaniyor\/#breadcrumb","itemListElement":[{"@type":"ListItem","position":1,"name":"Home","item":"https:\/\/denizcankizil.tr\/de\/"},{"@type":"ListItem","position":2,"name":"\u00c7ocuklara s\u0131f\u0131r at\u0131k bilinci a\u015f\u0131lan\u0131yor"}]},{"@type":"WebSite","@id":"https:\/\/denizcankizil.tr\/#website","url":"https:\/\/denizcankizil.tr\/","name":"Av. Deniz Can K\u0131z\u0131l","description":"Avukat Deniz Can K\u0131z\u0131l Antalya Barosu","publisher":{"@id":"https:\/\/denizcankizil.tr\/#organization"},"potentialAction":[{"@type":"SearchAction","target":{"@type":"EntryPoint","urlTemplate":"https:\/\/denizcankizil.tr\/?s={search_term_string}"},"query-input":{"@type":"PropertyValueSpecification","valueRequired":true,"valueName":"search_term_string"}}],"inLanguage":"ru-RU"},{"@type":"Organization","@id":"https:\/\/denizcankizil.tr\/#organization","name":"Av. Deniz Can K\u0131z\u0131l","url":"https:\/\/denizcankizil.tr\/","logo":{"@type":"ImageObject","inLanguage":"ru-RU","@id":"https:\/\/denizcankizil.tr\/#\/schema\/logo\/image\/","url":"https:\/\/denizcankizil.tr\/wp-content\/uploads\/2024\/10\/siyah-logo-svg.svg","contentUrl":"https:\/\/denizcankizil.tr\/wp-content\/uploads\/2024\/10\/siyah-logo-svg.svg","width":1080,"height":1080,"caption":"Av. Deniz Can K\u0131z\u0131l"},"image":{"@id":"https:\/\/denizcankizil.tr\/#\/schema\/logo\/image\/"}},{"@type":"Person","@id":"https:\/\/denizcankizil.tr\/#\/schema\/person\/be3c05fe6a12686905512445d8185489","name":"\u0430\u0434\u043c\u0438\u043d","image":{"@type":"ImageObject","inLanguage":"ru-RU","@id":"https:\/\/denizcankizil.tr\/#\/schema\/person\/image\/","url":"https:\/\/secure.gravatar.com\/avatar\/c1fce94c830dc79107e174f890d7210541c4a63e8e5d816341794a2151c9d58c?s=96&d=mm&r=g","contentUrl":"https:\/\/secure.gravatar.com\/avatar\/c1fce94c830dc79107e174f890d7210541c4a63e8e5d816341794a2151c9d58c?s=96&d=mm&r=g","caption":"admin"},"sameAs":["http:\/\/denizcankizil.tr"],"url":"https:\/\/www.iskenderun.org\/cocuklara-sifir-atik-bilinci-asilaniyor"}]}},"_links":{"self":[{"href":"https:\/\/denizcankizil.tr\/ru\/wp-json\/wp\/v2\/posts\/102628","targetHints":{"allow":["GET"]}}],"collection":[{"href":"https:\/\/denizcankizil.tr\/ru\/wp-json\/wp\/v2\/posts"}],"about":[{"href":"https:\/\/denizcankizil.tr\/ru\/wp-json\/wp\/v2\/types\/post"}],"author":[{"embeddable":true,"href":"https:\/\/denizcankizil.tr\/ru\/wp-json\/wp\/v2\/users\/1"}],"replies":[{"embeddable":true,"href":"https:\/\/denizcankizil.tr\/ru\/wp-json\/wp\/v2\/comments?post=102628"}],"version-history":[{"count":0,"href":"https:\/\/denizcankizil.tr\/ru\/wp-json\/wp\/v2\/posts\/102628\/revisions"}],"wp:attachment":[{"href":"https:\/\/denizcankizil.tr\/ru\/wp-json\/wp\/v2\/media?parent=102628"}],"wp:term":[{"taxonomy":"category","embeddable":true,"href":"https:\/\/denizcankizil.tr\/ru\/wp-json\/wp\/v2\/categories?post=102628"},{"taxonomy":"post_tag","embeddable":true,"href":"https:\/\/denizcankizil.tr\/ru\/wp-json\/wp\/v2\/tags?post=102628"}],"curies":[{"name":"wp","href":"https:\/\/api.w.org\/{rel}","templated":true}]}}