{"id":102000,"date":"2025-05-30T21:41:23","date_gmt":"2025-05-30T18:41:23","guid":{"rendered":"https:\/\/denizcankizil.tr\/uncategorized-tr\/chpli-basarirdan-erdogana-yoksullugun-sesini-sarayindan-duyabiliyor-musun\/"},"modified":"2025-05-30T21:41:23","modified_gmt":"2025-05-30T18:41:23","slug":"chpli-basarirdan-erdogana-yoksullugun-sesini-sarayindan-duyabiliyor-musun","status":"publish","type":"post","link":"https:\/\/denizcankizil.tr\/ru\/haberler\/gundem\/chpli-basarirdan-erdogana-yoksullugun-sesini-sarayindan-duyabiliyor-musun\/","title":{"rendered":"CHP&#8217;li Ba\u015far\u0131r&#8217;dan Erdo\u011fan&#8217;a: &#8220;Yoksullu\u011fun sesini Saray&#8217;\u0131ndan duyabiliyor musun?&#8221;"},"content":{"rendered":"<p>Cumhuriyet Halk Partisi (CHP) Genel Ba\u015fkan\u0131 \u00d6zg\u00fcr \u00d6zel&#8217;in Antalya mitingi \u00f6ncesi kente gelen CHP Grup S\u00f6zc\u00fcs\u00fc Ali Mahir Ba\u015far\u0131r, halkla bulu\u015ftu\u011fu anlara dair bir videoyu sosyal medya hesab\u0131ndan payla\u015ft\u0131. Ba\u015far\u0131r, videoya &#8220;Sen rahat uyuyabiliyor musun Erdo\u011fan?&#8221; notunu d\u00fc\u015ft\u00fc. G\u00f6r\u00fcnt\u00fclerde, bir vatanda\u015f\u0131n ya\u015fad\u0131\u011f\u0131 ekonomik \u00e7aresizli\u011fi anlat\u0131rken g\u00f6zya\u015flar\u0131na hakim olamamas\u0131 dikkat \u00e7ekti.<\/p>\n<p>&#8220;\u00c7OLU\u011eUMUZ \u00c7OCU\u011eUMUZ PER\u0130\u015eAN&#8221;<\/p>\n<p>Antalya sokaklar\u0131nda vatanda\u015flarla sohbet eden Ali Mahir Ba\u015far\u0131r&#8217;\u0131n videosunda, ya\u015fl\u0131 bir vatanda\u015f\u0131n s\u00f6zleri y\u00fcrek burktu. Emekli oldu\u011funu belirten vatanda\u015f, &#8220;14 bin lira maa\u015f al\u0131yoruz, 13 bin lira kira \u00f6d\u00fcyoruz. \u00c7olu\u011fumuz \u00e7ocu\u011fumuz peri\u015fan. Hepimiz a\u00e7\u0131z&#8221; dedi.<\/p>\n<p>EKONOM\u0130K SIKINTILAR GEN\u00c7LER\u0130 BAH\u0130S TUZA\u011eINA D\u00dc\u015e\u00dcRD\u00dc <\/p>\n<p>Vatanda\u015f, \u00f6zellikle gen\u00e7lerin ekonomik s\u0131k\u0131nt\u0131lar nedeniyle i\u00e7ine d\u00fc\u015ft\u00fc\u011f\u00fc \u00e7\u0131kmaz\u0131 da \u015f\u00f6yle anlatt\u0131:<\/p>\n<p>&#8220;Ka\u00e7ak bahis, \u015fans oyunlar\u0131 \u00e7ocuklar\u0131m\u0131z\u0131 mahvetti. 5 milyondan fazla gen\u00e7 bu durumda. Kimisi bo\u015fand\u0131, kimisi \u00e7ocu\u011funu \u00f6ld\u00fcrd\u00fc, kimisi evini dam\u0131n\u0131 satt\u0131. Ba\u015f\u0131na gelen bilir. Yolda \u00f6len \u00f6lm\u00fc\u015f, kimsenin umrunda de\u011fil.&#8221;<\/p>\n<p>&#8220;YOKSULLU\u011eUN SES\u0130N\u0130 DUYAB\u0130L\u0130YOR MUSUN?&#8221; <\/p>\n<p>Videoyu sosyal medya platformunda payla\u015fan Ali Mahir Ba\u015far\u0131r, Cumhurba\u015fkan\u0131 Erdo\u011fan&#8217;a sert s\u00f6zlerle y\u00fcklendi. Ba\u015far\u0131r, payla\u015ft\u0131\u011f\u0131 videoya ili\u015fkin \u015funlar\u0131 s\u00f6yledi:<\/p>\n<p>&#8220;Sen rahat uyuyabiliyor musun Erdo\u011fan? Bir emeklinin, bir aile babas\u0131n\u0131n feryatlar\u0131n\u0131; sokaktaki \u00e7aresizli\u011fin, yoksullu\u011fun, isyan\u0131n sesini Saray&#8217;\u0131ndan duyabiliyor musun? \u0130\u015fte kelimelerin kifayetsiz kald\u0131\u011f\u0131 bir an.&#8221;<\/p>\n<p>\u200bCHP Grup S\u00f6zc\u00fcs\u00fc Ali Mahir Ba\u015far\u0131r, Antalya&#8217;da vatanda\u015flarla sohbet ederken \u00e7ekilen videosunu sosyal medya hesab\u0131ndan payla\u015farak Cumhurba\u015fkan\u0131 Erdo\u011fan&#8217;a seslendi.\u00a0<\/p>\n<p>\u200bHaberin Al\u0131nt\u0131land\u0131\u011f\u0131 Kaynak: www.antalyakorfez.com<\/p>","protected":false},"excerpt":{"rendered":"<p>Cumhuriyet Halk Partisi (CHP) Genel Ba\u015fkan\u0131 \u00d6zg\u00fcr \u00d6zel&#8217;in Antalya mitingi \u00f6ncesi kente gelen CHP Grup S\u00f6zc\u00fcs\u00fc Ali Mahir Ba\u015far\u0131r, halkla bulu\u015ftu\u011fu anlara dair bir videoyu sosyal medya hesab\u0131ndan payla\u015ft\u0131. Ba\u015far\u0131r, videoya &#8220;Sen rahat uyuyabiliyor musun Erdo\u011fan?&#8221; notunu d\u00fc\u015ft\u00fc. G\u00f6r\u00fcnt\u00fclerde, bir vatanda\u015f\u0131n ya\u015fad\u0131\u011f\u0131 ekonomik \u00e7aresizli\u011fi anlat\u0131rken g\u00f6zya\u015flar\u0131na hakim olamamas\u0131 dikkat \u00e7ekti. &#8220;\u00c7OLU\u011eUMUZ \u00c7OCU\u011eUMUZ PER\u0130\u015eAN&#8221; Antalya sokaklar\u0131nda vatanda\u015flarla sohbet eden Ali Mahir Ba\u015far\u0131r&#8217;\u0131n videosunda, ya\u015fl\u0131 bir vatanda\u015f\u0131n s\u00f6zleri y\u00fcrek burktu. Emekli oldu\u011funu belirten vatanda\u015f, &#8220;14 bin lira maa\u015f al\u0131yoruz, 13 bin lira kira \u00f6d\u00fcyoruz. \u00c7olu\u011fumuz \u00e7ocu\u011fumuz peri\u015fan. Hepimiz a\u00e7\u0131z&#8221; dedi. EKONOM\u0130K SIKINTILAR GEN\u00c7LER\u0130 BAH\u0130S TUZA\u011eINA D\u00dc\u015e\u00dcRD\u00dc Vatanda\u015f, \u00f6zellikle gen\u00e7lerin ekonomik s\u0131k\u0131nt\u0131lar nedeniyle i\u00e7ine d\u00fc\u015ft\u00fc\u011f\u00fc \u00e7\u0131kmaz\u0131 da \u015f\u00f6yle anlatt\u0131: &#8220;Ka\u00e7ak bahis, \u015fans oyunlar\u0131 \u00e7ocuklar\u0131m\u0131z\u0131 mahvetti. 5 milyondan fazla gen\u00e7 bu durumda. Kimisi bo\u015fand\u0131, kimisi \u00e7ocu\u011funu \u00f6ld\u00fcrd\u00fc, kimisi evini dam\u0131n\u0131 satt\u0131. Ba\u015f\u0131na gelen bilir. Yolda \u00f6len \u00f6lm\u00fc\u015f, kimsenin umrunda de\u011fil.&#8221; &#8220;YOKSULLU\u011eUN SES\u0130N\u0130 DUYAB\u0130L\u0130YOR MUSUN?&#8221; Videoyu sosyal medya platformunda payla\u015fan Ali Mahir Ba\u015far\u0131r, Cumhurba\u015fkan\u0131 Erdo\u011fan&#8217;a sert s\u00f6zlerle y\u00fcklendi. Ba\u015far\u0131r, payla\u015ft\u0131\u011f\u0131 videoya ili\u015fkin \u015funlar\u0131 s\u00f6yledi: &#8220;Sen rahat uyuyabiliyor musun Erdo\u011fan? Bir emeklinin, bir aile babas\u0131n\u0131n feryatlar\u0131n\u0131; sokaktaki \u00e7aresizli\u011fin, yoksullu\u011fun, isyan\u0131n sesini Saray&#8217;\u0131ndan duyabiliyor musun? \u0130\u015fte kelimelerin kifayetsiz kald\u0131\u011f\u0131 bir an.&#8221; \u200bCHP Grup S\u00f6zc\u00fcs\u00fc Ali Mahir Ba\u015far\u0131r, Antalya&#8217;da vatanda\u015flarla sohbet ederken \u00e7ekilen videosunu sosyal medya hesab\u0131ndan payla\u015farak &hellip;<\/p>","protected":false},"author":5,"featured_media":0,"comment_status":"","ping_status":"open","sticky":false,"template":"","format":"standard","meta":{"_acf_changed":false,"footnotes":""},"categories":[24],"tags":[],"class_list":["post-102000","post","type-post","status-publish","format-standard","has-post-thumbnail","hentry","category-gundem"],"acf":[],"yoast_head":"<!-- This site is optimized with the Yoast SEO Premium plugin v26.6 (Yoast SEO v27.1.1) - https:\/\/yoast.com\/product\/yoast-seo-premium-wordpress\/ -->\n<title>CHP&#039;li Ba\u015far\u0131r&#039;dan Erdo\u011fan&#039;a: &quot;Yoksullu\u011fun sesini Saray&#039;\u0131ndan duyabiliyor musun?&quot; - Av. Deniz Can K\u0131z\u0131l<\/title>\n<meta name=\"robots\" content=\"index, follow, max-snippet:-1, max-image-preview:large, max-video-preview:-1\" \/>\n<link rel=\"canonical\" href=\"https:\/\/denizcankizil.tr\/ru\/haberler\/gundem\/chpli-basarirdan-erdogana-yoksullugun-sesini-sarayindan-duyabiliyor-musun\/\" \/>\n<meta property=\"og:locale\" content=\"ru_RU\" \/>\n<meta property=\"og:type\" content=\"article\" \/>\n<meta property=\"og:title\" content=\"CHP&#039;li Ba\u015far\u0131r&#039;dan Erdo\u011fan&#039;a: &quot;Yoksullu\u011fun sesini Saray&#039;\u0131ndan duyabiliyor musun?&quot;\" \/>\n<meta property=\"og:description\" content=\"Cumhuriyet Halk Partisi (CHP) Genel Ba\u015fkan\u0131 \u00d6zg\u00fcr \u00d6zel&#8217;in Antalya mitingi \u00f6ncesi kente gelen CHP Grup S\u00f6zc\u00fcs\u00fc Ali Mahir Ba\u015far\u0131r, halkla bulu\u015ftu\u011fu anlara dair bir videoyu sosyal medya hesab\u0131ndan payla\u015ft\u0131. Ba\u015far\u0131r, videoya &#8220;Sen rahat uyuyabiliyor musun Erdo\u011fan?&#8221; notunu d\u00fc\u015ft\u00fc. G\u00f6r\u00fcnt\u00fclerde, bir vatanda\u015f\u0131n ya\u015fad\u0131\u011f\u0131 ekonomik \u00e7aresizli\u011fi anlat\u0131rken g\u00f6zya\u015flar\u0131na hakim olamamas\u0131 dikkat \u00e7ekti. &#8220;\u00c7OLU\u011eUMUZ \u00c7OCU\u011eUMUZ PER\u0130\u015eAN&#8221; Antalya sokaklar\u0131nda vatanda\u015flarla sohbet eden Ali Mahir Ba\u015far\u0131r&#8217;\u0131n videosunda, ya\u015fl\u0131 bir vatanda\u015f\u0131n s\u00f6zleri y\u00fcrek burktu. Emekli oldu\u011funu belirten vatanda\u015f, &#8220;14 bin lira maa\u015f al\u0131yoruz, 13 bin lira kira \u00f6d\u00fcyoruz. \u00c7olu\u011fumuz \u00e7ocu\u011fumuz peri\u015fan. Hepimiz a\u00e7\u0131z&#8221; dedi. EKONOM\u0130K SIKINTILAR GEN\u00c7LER\u0130 BAH\u0130S TUZA\u011eINA D\u00dc\u015e\u00dcRD\u00dc Vatanda\u015f, \u00f6zellikle gen\u00e7lerin ekonomik s\u0131k\u0131nt\u0131lar nedeniyle i\u00e7ine d\u00fc\u015ft\u00fc\u011f\u00fc \u00e7\u0131kmaz\u0131 da \u015f\u00f6yle anlatt\u0131: &#8220;Ka\u00e7ak bahis, \u015fans oyunlar\u0131 \u00e7ocuklar\u0131m\u0131z\u0131 mahvetti. 5 milyondan fazla gen\u00e7 bu durumda. Kimisi bo\u015fand\u0131, kimisi \u00e7ocu\u011funu \u00f6ld\u00fcrd\u00fc, kimisi evini dam\u0131n\u0131 satt\u0131. Ba\u015f\u0131na gelen bilir. Yolda \u00f6len \u00f6lm\u00fc\u015f, kimsenin umrunda de\u011fil.&#8221; &#8220;YOKSULLU\u011eUN SES\u0130N\u0130 DUYAB\u0130L\u0130YOR MUSUN?&#8221; Videoyu sosyal medya platformunda payla\u015fan Ali Mahir Ba\u015far\u0131r, Cumhurba\u015fkan\u0131 Erdo\u011fan&#8217;a sert s\u00f6zlerle y\u00fcklendi. Ba\u015far\u0131r, payla\u015ft\u0131\u011f\u0131 videoya ili\u015fkin \u015funlar\u0131 s\u00f6yledi: &#8220;Sen rahat uyuyabiliyor musun Erdo\u011fan? Bir emeklinin, bir aile babas\u0131n\u0131n feryatlar\u0131n\u0131; sokaktaki \u00e7aresizli\u011fin, yoksullu\u011fun, isyan\u0131n sesini Saray&#8217;\u0131ndan duyabiliyor musun? \u0130\u015fte kelimelerin kifayetsiz kald\u0131\u011f\u0131 bir an.&#8221; \u200bCHP Grup S\u00f6zc\u00fcs\u00fc Ali Mahir Ba\u015far\u0131r, Antalya&#8217;da vatanda\u015flarla sohbet ederken \u00e7ekilen videosunu sosyal medya hesab\u0131ndan payla\u015farak &hellip;\" \/>\n<meta property=\"og:url\" content=\"https:\/\/denizcankizil.tr\/ru\/haberler\/gundem\/chpli-basarirdan-erdogana-yoksullugun-sesini-sarayindan-duyabiliyor-musun\/\" \/>\n<meta property=\"og:site_name\" content=\"Av. Deniz Can K\u0131z\u0131l\" \/>\n<meta property=\"article:published_time\" content=\"2025-05-30T18:41:23+00:00\" \/>\n<meta name=\"author\" content=\"Antalya K\u00f6rfez\" \/>\n<meta name=\"twitter:card\" content=\"summary_large_image\" \/>\n<meta name=\"twitter:label1\" content=\"\u041d\u0430\u043f\u0438\u0441\u0430\u043d\u043e \u0430\u0432\u0442\u043e\u0440\u043e\u043c\" \/>\n\t<meta name=\"twitter:data1\" content=\"Antalya K\u00f6rfez\" \/>\n\t<meta name=\"twitter:label2\" content=\"\u041f\u0440\u0438\u043c\u0435\u0440\u043d\u043e\u0435 \u0432\u0440\u0435\u043c\u044f \u0434\u043b\u044f \u0447\u0442\u0435\u043d\u0438\u044f\" \/>\n\t<meta name=\"twitter:data2\" content=\"2 \u043c\u0438\u043d\u0443\u0442\u044b\" \/>\n<script type=\"application\/ld+json\" class=\"yoast-schema-graph\">{\"@context\":\"https:\/\/schema.org\",\"@graph\":[{\"@type\":\"Article\",\"@id\":\"https:\/\/denizcankizil.tr\/ru\/haberler\/gundem\/chpli-basarirdan-erdogana-yoksullugun-sesini-sarayindan-duyabiliyor-musun\/#article\",\"isPartOf\":{\"@id\":\"https:\/\/denizcankizil.tr\/ru\/haberler\/gundem\/chpli-basarirdan-erdogana-yoksullugun-sesini-sarayindan-duyabiliyor-musun\/\"},\"author\":{\"name\":\"Antalya K\u00f6rfez\",\"@id\":\"https:\/\/denizcankizil.tr\/#\/schema\/person\/e1eb71bb4dd684d46563f0af307e1234\"},\"headline\":\"CHP&#8217;li Ba\u015far\u0131r&#8217;dan Erdo\u011fan&#8217;a: &#8220;Yoksullu\u011fun sesini Saray&#8217;\u0131ndan duyabiliyor musun?&#8221;\",\"datePublished\":\"2025-05-30T18:41:23+00:00\",\"mainEntityOfPage\":{\"@id\":\"https:\/\/denizcankizil.tr\/ru\/haberler\/gundem\/chpli-basarirdan-erdogana-yoksullugun-sesini-sarayindan-duyabiliyor-musun\/\"},\"wordCount\":324,\"publisher\":{\"@id\":\"https:\/\/denizcankizil.tr\/#organization\"},\"articleSection\":[\"G\u00fcndem\"],\"inLanguage\":\"ru-RU\"},{\"@type\":\"WebPage\",\"@id\":\"https:\/\/denizcankizil.tr\/ru\/haberler\/gundem\/chpli-basarirdan-erdogana-yoksullugun-sesini-sarayindan-duyabiliyor-musun\/\",\"url\":\"https:\/\/denizcankizil.tr\/ru\/haberler\/gundem\/chpli-basarirdan-erdogana-yoksullugun-sesini-sarayindan-duyabiliyor-musun\/\",\"name\":\"CHP'li Ba\u015far\u0131r'dan Erdo\u011fan'a: \\\"Yoksullu\u011fun sesini Saray'\u0131ndan duyabiliyor musun?\\\" - Av. Deniz Can K\u0131z\u0131l\",\"isPartOf\":{\"@id\":\"https:\/\/denizcankizil.tr\/#website\"},\"datePublished\":\"2025-05-30T18:41:23+00:00\",\"breadcrumb\":{\"@id\":\"https:\/\/denizcankizil.tr\/ru\/haberler\/gundem\/chpli-basarirdan-erdogana-yoksullugun-sesini-sarayindan-duyabiliyor-musun\/#breadcrumb\"},\"inLanguage\":\"ru-RU\",\"potentialAction\":[{\"@type\":\"ReadAction\",\"target\":[\"https:\/\/denizcankizil.tr\/ru\/haberler\/gundem\/chpli-basarirdan-erdogana-yoksullugun-sesini-sarayindan-duyabiliyor-musun\/\"]}]},{\"@type\":\"BreadcrumbList\",\"@id\":\"https:\/\/denizcankizil.tr\/ru\/haberler\/gundem\/chpli-basarirdan-erdogana-yoksullugun-sesini-sarayindan-duyabiliyor-musun\/#breadcrumb\",\"itemListElement\":[{\"@type\":\"ListItem\",\"position\":1,\"name\":\"Home\",\"item\":\"https:\/\/denizcankizil.tr\/uk\/\"},{\"@type\":\"ListItem\",\"position\":2,\"name\":\"CHP&#8217;li Ba\u015far\u0131r&#8217;dan Erdo\u011fan&#8217;a: &#8220;Yoksullu\u011fun sesini Saray&#8217;\u0131ndan duyabiliyor musun?&#8221;\"}]},{\"@type\":\"WebSite\",\"@id\":\"https:\/\/denizcankizil.tr\/#website\",\"url\":\"https:\/\/denizcankizil.tr\/\",\"name\":\"Av. Deniz Can K\u0131z\u0131l\",\"description\":\"Avukat Deniz Can K\u0131z\u0131l Antalya Barosu\",\"publisher\":{\"@id\":\"https:\/\/denizcankizil.tr\/#organization\"},\"potentialAction\":[{\"@type\":\"SearchAction\",\"target\":{\"@type\":\"EntryPoint\",\"urlTemplate\":\"https:\/\/denizcankizil.tr\/?s={search_term_string}\"},\"query-input\":{\"@type\":\"PropertyValueSpecification\",\"valueRequired\":true,\"valueName\":\"search_term_string\"}}],\"inLanguage\":\"ru-RU\"},{\"@type\":\"Organization\",\"@id\":\"https:\/\/denizcankizil.tr\/#organization\",\"name\":\"Av. Deniz Can K\u0131z\u0131l\",\"url\":\"https:\/\/denizcankizil.tr\/\",\"logo\":{\"@type\":\"ImageObject\",\"inLanguage\":\"ru-RU\",\"@id\":\"https:\/\/denizcankizil.tr\/#\/schema\/logo\/image\/\",\"url\":\"https:\/\/denizcankizil.tr\/wp-content\/uploads\/2024\/10\/siyah-logo-svg.svg\",\"contentUrl\":\"https:\/\/denizcankizil.tr\/wp-content\/uploads\/2024\/10\/siyah-logo-svg.svg\",\"width\":1080,\"height\":1080,\"caption\":\"Av. Deniz Can K\u0131z\u0131l\"},\"image\":{\"@id\":\"https:\/\/denizcankizil.tr\/#\/schema\/logo\/image\/\"}},{\"@type\":\"Person\",\"@id\":\"https:\/\/denizcankizil.tr\/#\/schema\/person\/e1eb71bb4dd684d46563f0af307e1234\",\"name\":\"Antalya K\u00f6rfez\",\"image\":{\"@type\":\"ImageObject\",\"inLanguage\":\"ru-RU\",\"@id\":\"https:\/\/denizcankizil.tr\/#\/schema\/person\/image\/\",\"url\":\"https:\/\/secure.gravatar.com\/avatar\/42b01982558a48a0b501fdcab6a408d3717ea5919095ee2e67b0e521799c5905?s=96&d=mm&r=g\",\"contentUrl\":\"https:\/\/secure.gravatar.com\/avatar\/42b01982558a48a0b501fdcab6a408d3717ea5919095ee2e67b0e521799c5905?s=96&d=mm&r=g\",\"caption\":\"Antalya K\u00f6rfez\"},\"sameAs\":[\"http:\/\/www.antalyakorfez.com\"],\"url\":\"https:\/\/www.antalyakorfez.com\/chpli-basarirdan-erdogana-yoksullugun-sesini-sarayindan-duyabiliyor-musun\"}]}<\/script>\n<!-- \/ Yoast SEO Premium plugin. -->","yoast_head_json":{"title":"CHP'li Ba\u015far\u0131r'dan Erdo\u011fan'a: \"Yoksullu\u011fun sesini Saray'\u0131ndan duyabiliyor musun?\" - Av. Deniz Can K\u0131z\u0131l","robots":{"index":"index","follow":"follow","max-snippet":"max-snippet:-1","max-image-preview":"max-image-preview:large","max-video-preview":"max-video-preview:-1"},"canonical":"https:\/\/denizcankizil.tr\/ru\/haberler\/gundem\/chpli-basarirdan-erdogana-yoksullugun-sesini-sarayindan-duyabiliyor-musun\/","og_locale":"ru_RU","og_type":"article","og_title":"CHP'li Ba\u015far\u0131r'dan Erdo\u011fan'a: \"Yoksullu\u011fun sesini Saray'\u0131ndan duyabiliyor musun?\"","og_description":"Cumhuriyet Halk Partisi (CHP) Genel Ba\u015fkan\u0131 \u00d6zg\u00fcr \u00d6zel&#8217;in Antalya mitingi \u00f6ncesi kente gelen CHP Grup S\u00f6zc\u00fcs\u00fc Ali Mahir Ba\u015far\u0131r, halkla bulu\u015ftu\u011fu anlara dair bir videoyu sosyal medya hesab\u0131ndan payla\u015ft\u0131. Ba\u015far\u0131r, videoya &#8220;Sen rahat uyuyabiliyor musun Erdo\u011fan?&#8221; notunu d\u00fc\u015ft\u00fc. G\u00f6r\u00fcnt\u00fclerde, bir vatanda\u015f\u0131n ya\u015fad\u0131\u011f\u0131 ekonomik \u00e7aresizli\u011fi anlat\u0131rken g\u00f6zya\u015flar\u0131na hakim olamamas\u0131 dikkat \u00e7ekti. &#8220;\u00c7OLU\u011eUMUZ \u00c7OCU\u011eUMUZ PER\u0130\u015eAN&#8221; Antalya sokaklar\u0131nda vatanda\u015flarla sohbet eden Ali Mahir Ba\u015far\u0131r&#8217;\u0131n videosunda, ya\u015fl\u0131 bir vatanda\u015f\u0131n s\u00f6zleri y\u00fcrek burktu. Emekli oldu\u011funu belirten vatanda\u015f, &#8220;14 bin lira maa\u015f al\u0131yoruz, 13 bin lira kira \u00f6d\u00fcyoruz. \u00c7olu\u011fumuz \u00e7ocu\u011fumuz peri\u015fan. Hepimiz a\u00e7\u0131z&#8221; dedi. EKONOM\u0130K SIKINTILAR GEN\u00c7LER\u0130 BAH\u0130S TUZA\u011eINA D\u00dc\u015e\u00dcRD\u00dc Vatanda\u015f, \u00f6zellikle gen\u00e7lerin ekonomik s\u0131k\u0131nt\u0131lar nedeniyle i\u00e7ine d\u00fc\u015ft\u00fc\u011f\u00fc \u00e7\u0131kmaz\u0131 da \u015f\u00f6yle anlatt\u0131: &#8220;Ka\u00e7ak bahis, \u015fans oyunlar\u0131 \u00e7ocuklar\u0131m\u0131z\u0131 mahvetti. 5 milyondan fazla gen\u00e7 bu durumda. Kimisi bo\u015fand\u0131, kimisi \u00e7ocu\u011funu \u00f6ld\u00fcrd\u00fc, kimisi evini dam\u0131n\u0131 satt\u0131. Ba\u015f\u0131na gelen bilir. Yolda \u00f6len \u00f6lm\u00fc\u015f, kimsenin umrunda de\u011fil.&#8221; &#8220;YOKSULLU\u011eUN SES\u0130N\u0130 DUYAB\u0130L\u0130YOR MUSUN?&#8221; Videoyu sosyal medya platformunda payla\u015fan Ali Mahir Ba\u015far\u0131r, Cumhurba\u015fkan\u0131 Erdo\u011fan&#8217;a sert s\u00f6zlerle y\u00fcklendi. Ba\u015far\u0131r, payla\u015ft\u0131\u011f\u0131 videoya ili\u015fkin \u015funlar\u0131 s\u00f6yledi: &#8220;Sen rahat uyuyabiliyor musun Erdo\u011fan? Bir emeklinin, bir aile babas\u0131n\u0131n feryatlar\u0131n\u0131; sokaktaki \u00e7aresizli\u011fin, yoksullu\u011fun, isyan\u0131n sesini Saray&#8217;\u0131ndan duyabiliyor musun? \u0130\u015fte kelimelerin kifayetsiz kald\u0131\u011f\u0131 bir an.&#8221; \u200bCHP Grup S\u00f6zc\u00fcs\u00fc Ali Mahir Ba\u015far\u0131r, Antalya&#8217;da vatanda\u015flarla sohbet ederken \u00e7ekilen videosunu sosyal medya hesab\u0131ndan payla\u015farak &hellip;","og_url":"https:\/\/denizcankizil.tr\/ru\/haberler\/gundem\/chpli-basarirdan-erdogana-yoksullugun-sesini-sarayindan-duyabiliyor-musun\/","og_site_name":"Av. Deniz Can K\u0131z\u0131l","article_published_time":"2025-05-30T18:41:23+00:00","author":"Antalya K\u00f6rfez","twitter_card":"summary_large_image","twitter_misc":{"\u041d\u0430\u043f\u0438\u0441\u0430\u043d\u043e \u0430\u0432\u0442\u043e\u0440\u043e\u043c":"Antalya K\u00f6rfez","\u041f\u0440\u0438\u043c\u0435\u0440\u043d\u043e\u0435 \u0432\u0440\u0435\u043c\u044f \u0434\u043b\u044f \u0447\u0442\u0435\u043d\u0438\u044f":"2 \u043c\u0438\u043d\u0443\u0442\u044b"},"schema":{"@context":"https:\/\/schema.org","@graph":[{"@type":"Article","@id":"https:\/\/denizcankizil.tr\/ru\/haberler\/gundem\/chpli-basarirdan-erdogana-yoksullugun-sesini-sarayindan-duyabiliyor-musun\/#article","isPartOf":{"@id":"https:\/\/denizcankizil.tr\/ru\/haberler\/gundem\/chpli-basarirdan-erdogana-yoksullugun-sesini-sarayindan-duyabiliyor-musun\/"},"author":{"name":"Antalya K\u00f6rfez","@id":"https:\/\/denizcankizil.tr\/#\/schema\/person\/e1eb71bb4dd684d46563f0af307e1234"},"headline":"CHP&#8217;li Ba\u015far\u0131r&#8217;dan Erdo\u011fan&#8217;a: &#8220;Yoksullu\u011fun sesini Saray&#8217;\u0131ndan duyabiliyor musun?&#8221;","datePublished":"2025-05-30T18:41:23+00:00","mainEntityOfPage":{"@id":"https:\/\/denizcankizil.tr\/ru\/haberler\/gundem\/chpli-basarirdan-erdogana-yoksullugun-sesini-sarayindan-duyabiliyor-musun\/"},"wordCount":324,"publisher":{"@id":"https:\/\/denizcankizil.tr\/#organization"},"articleSection":["G\u00fcndem"],"inLanguage":"ru-RU"},{"@type":"WebPage","@id":"https:\/\/denizcankizil.tr\/ru\/haberler\/gundem\/chpli-basarirdan-erdogana-yoksullugun-sesini-sarayindan-duyabiliyor-musun\/","url":"https:\/\/denizcankizil.tr\/ru\/haberler\/gundem\/chpli-basarirdan-erdogana-yoksullugun-sesini-sarayindan-duyabiliyor-musun\/","name":"CHP'li Ba\u015far\u0131r'dan Erdo\u011fan'a: \"Yoksullu\u011fun sesini Saray'\u0131ndan duyabiliyor musun?\" - Av. Deniz Can K\u0131z\u0131l","isPartOf":{"@id":"https:\/\/denizcankizil.tr\/#website"},"datePublished":"2025-05-30T18:41:23+00:00","breadcrumb":{"@id":"https:\/\/denizcankizil.tr\/ru\/haberler\/gundem\/chpli-basarirdan-erdogana-yoksullugun-sesini-sarayindan-duyabiliyor-musun\/#breadcrumb"},"inLanguage":"ru-RU","potentialAction":[{"@type":"ReadAction","target":["https:\/\/denizcankizil.tr\/ru\/haberler\/gundem\/chpli-basarirdan-erdogana-yoksullugun-sesini-sarayindan-duyabiliyor-musun\/"]}]},{"@type":"BreadcrumbList","@id":"https:\/\/denizcankizil.tr\/ru\/haberler\/gundem\/chpli-basarirdan-erdogana-yoksullugun-sesini-sarayindan-duyabiliyor-musun\/#breadcrumb","itemListElement":[{"@type":"ListItem","position":1,"name":"Home","item":"https:\/\/denizcankizil.tr\/uk\/"},{"@type":"ListItem","position":2,"name":"CHP&#8217;li Ba\u015far\u0131r&#8217;dan Erdo\u011fan&#8217;a: &#8220;Yoksullu\u011fun sesini Saray&#8217;\u0131ndan duyabiliyor musun?&#8221;"}]},{"@type":"WebSite","@id":"https:\/\/denizcankizil.tr\/#website","url":"https:\/\/denizcankizil.tr\/","name":"Av. Deniz Can K\u0131z\u0131l","description":"Avukat Deniz Can K\u0131z\u0131l Antalya Barosu","publisher":{"@id":"https:\/\/denizcankizil.tr\/#organization"},"potentialAction":[{"@type":"SearchAction","target":{"@type":"EntryPoint","urlTemplate":"https:\/\/denizcankizil.tr\/?s={search_term_string}"},"query-input":{"@type":"PropertyValueSpecification","valueRequired":true,"valueName":"search_term_string"}}],"inLanguage":"ru-RU"},{"@type":"Organization","@id":"https:\/\/denizcankizil.tr\/#organization","name":"Av. Deniz Can K\u0131z\u0131l","url":"https:\/\/denizcankizil.tr\/","logo":{"@type":"ImageObject","inLanguage":"ru-RU","@id":"https:\/\/denizcankizil.tr\/#\/schema\/logo\/image\/","url":"https:\/\/denizcankizil.tr\/wp-content\/uploads\/2024\/10\/siyah-logo-svg.svg","contentUrl":"https:\/\/denizcankizil.tr\/wp-content\/uploads\/2024\/10\/siyah-logo-svg.svg","width":1080,"height":1080,"caption":"Av. Deniz Can K\u0131z\u0131l"},"image":{"@id":"https:\/\/denizcankizil.tr\/#\/schema\/logo\/image\/"}},{"@type":"Person","@id":"https:\/\/denizcankizil.tr\/#\/schema\/person\/e1eb71bb4dd684d46563f0af307e1234","name":"Antalya K\u00f6rfez","image":{"@type":"ImageObject","inLanguage":"ru-RU","@id":"https:\/\/denizcankizil.tr\/#\/schema\/person\/image\/","url":"https:\/\/secure.gravatar.com\/avatar\/42b01982558a48a0b501fdcab6a408d3717ea5919095ee2e67b0e521799c5905?s=96&d=mm&r=g","contentUrl":"https:\/\/secure.gravatar.com\/avatar\/42b01982558a48a0b501fdcab6a408d3717ea5919095ee2e67b0e521799c5905?s=96&d=mm&r=g","caption":"Antalya K\u00f6rfez"},"sameAs":["http:\/\/www.antalyakorfez.com"],"url":"https:\/\/www.antalyakorfez.com\/chpli-basarirdan-erdogana-yoksullugun-sesini-sarayindan-duyabiliyor-musun"}]}},"_links":{"self":[{"href":"https:\/\/denizcankizil.tr\/ru\/wp-json\/wp\/v2\/posts\/102000","targetHints":{"allow":["GET"]}}],"collection":[{"href":"https:\/\/denizcankizil.tr\/ru\/wp-json\/wp\/v2\/posts"}],"about":[{"href":"https:\/\/denizcankizil.tr\/ru\/wp-json\/wp\/v2\/types\/post"}],"author":[{"embeddable":true,"href":"https:\/\/denizcankizil.tr\/ru\/wp-json\/wp\/v2\/users\/5"}],"replies":[{"embeddable":true,"href":"https:\/\/denizcankizil.tr\/ru\/wp-json\/wp\/v2\/comments?post=102000"}],"version-history":[{"count":0,"href":"https:\/\/denizcankizil.tr\/ru\/wp-json\/wp\/v2\/posts\/102000\/revisions"}],"wp:attachment":[{"href":"https:\/\/denizcankizil.tr\/ru\/wp-json\/wp\/v2\/media?parent=102000"}],"wp:term":[{"taxonomy":"category","embeddable":true,"href":"https:\/\/denizcankizil.tr\/ru\/wp-json\/wp\/v2\/categories?post=102000"},{"taxonomy":"post_tag","embeddable":true,"href":"https:\/\/denizcankizil.tr\/ru\/wp-json\/wp\/v2\/tags?post=102000"}],"curies":[{"name":"wp","href":"https:\/\/api.w.org\/{rel}","templated":true}]}}