{"id":101962,"date":"2025-05-30T19:42:25","date_gmt":"2025-05-30T16:42:25","guid":{"rendered":"https:\/\/denizcankizil.tr\/uncategorized-tr\/minik-kalplerde-orman-sevgisi-yeserdi\/"},"modified":"2025-05-30T19:42:25","modified_gmt":"2025-05-30T16:42:25","slug":"minik-kalplerde-orman-sevgisi-yeserdi","status":"publish","type":"post","link":"https:\/\/denizcankizil.tr\/ru\/haberler\/gundem\/minik-kalplerde-orman-sevgisi-yeserdi\/","title":{"rendered":"Minik kalplerde orman sevgisi ye\u015ferdi"},"content":{"rendered":"<p>\u00c7ocuklara orman sevgisini a\u015f\u0131lamak i\u00e7in Sakarya Orman B\u00f6lge M\u00fcd\u00fcrl\u00fc\u011f\u00fcnce \u2018Ak\u0131ll\u0131 Tav\u015fan Momo ve Orman Dostlar\u0131 M\u00fczikali\u2019 tiyatrosu SGM\u2019lerde sahnelenedi. Minikler tiyatro ile e\u011flenirken, orman yang\u0131nlar\u0131na kar\u015f\u0131 bilin\u00e7lendirildi.SAKARYA(\u0130GFA) &#8211; Sakarya B\u00fcy\u00fck\u015fehir Belediyesi Sosyal Geli\u015fim Merkezleri\u2019nde Orman B\u00f6lge M\u00fcd\u00fcrl\u00fc\u011f\u00fc, taraf\u0131ndan organize edilen \u2018Ak\u0131ll\u0131 Tav\u015fan Momo ve Orman Dostlar\u0131 M\u00fczikali\u2019 g\u00f6sterileri \u00e7ocuklar taraf\u0131ndan ilgiyle takip edildi.<br \/>\n\u00c7ocuklara orman sevgisini kazand\u0131rmak ve yang\u0131nlara kar\u015f\u0131 fark\u0131ndal\u0131k olu\u015fturmak amac\u0131yla Adapazar\u0131, Geyve, Karasu, Sapanca ve Akyaz\u0131 Sosyal Geli\u015fim Merkezleri\u2019nde minik izleyicilerle bulu\u015ftu.<br \/>\n\u00c7ocuklardan b\u00fcy\u00fck ilgi g\u00f6rd\u00fc<br \/>\nOrman Genel M\u00fcd\u00fcrl\u00fc\u011f\u00fc koordinasyonunda sahnelenen m\u00fczikalde, \u00e7ocuklara ormanlar\u0131n do\u011fa ve ya\u015fam i\u00e7in \u00f6nemi anlat\u0131l\u0131rken, orman yang\u0131nlar\u0131n\u0131n \u00f6nlenmesinde bireysel duyarl\u0131l\u0131\u011f\u0131n ta\u015f\u0131d\u0131\u011f\u0131 kritik rol de vurguland\u0131. E\u011flenceli karakterler ve \u015fark\u0131larla harmanlanan tiyatro g\u00f6sterisi, \u00e7ocuklardan b\u00fcy\u00fck ilgi g\u00f6rd\u00fc.<br \/>\nG\u00f6steri boyunca e\u011flenirken \u00f6\u011frenen \u00e7ocuklar, arkada\u015flar\u0131yla birlikte vakit ge\u00e7irdi, k\u00fc\u00e7\u00fck ya\u015flarda do\u011fa bilincine y\u00f6nelik bilgi sahibi oldu.<\/p>\n<p>\u200b\u00c7ocuklara orman sevgisini a\u015f\u0131lamak i\u00e7in Sakarya Orman B\u00f6lge M\u00fcd\u00fcrl\u00fc\u011f\u00fcnce \u2018Ak\u0131ll\u0131 Tav\u015fan Momo ve Orman Dostlar\u0131 M\u00fczikali\u2019 tiyatrosu SGM\u2019lerde sahnelenedi. Minikler tiyatro ile e\u011flenirken, orman yang\u0131nlar\u0131na kar\u015f\u0131 bilin\u00e7lendirildi.SAKARYA(\u0130GFA) &#8211; Sakarya B\u00fcy\u00fck\u015fehir Belediyesi Sosyal Geli\u015fim Merkezleri\u2019nde Orman B\u00f6lge M\u00fcd\u00fcrl\u00fc\u011f\u00fc, taraf\u0131ndan organize edilen \u2018Ak\u0131ll\u0131 Tav\u015fan Momo ve Orman Dostlar\u0131 M\u00fczikali\u2019 g\u00f6sterileri \u00e7ocuklar taraf\u0131ndan ilgiyle takip edildi.<br \/>\n\u00c7ocuklara orman sevgisini kazand\u0131rmak ve yang\u0131nlara kar\u015f\u0131 fark\u0131ndal\u0131k olu\u015fturmak amac\u0131yla Adapazar\u0131, Geyve, Karasu, Sapanca ve Akyaz\u0131 Sosyal Geli\u015fim Merkezleri\u2019nde minik izleyicilerle bulu\u015ftu.<br \/>\n\u00c7ocuklardan b\u00fcy\u00fck ilgi g\u00f6rd\u00fc<br \/>\nOrman Genel M\u00fcd\u00fcrl\u00fc\u011f\u00fc koordinasyonunda sahnelenen m\u00fczikalde, \u00e7ocuklara ormanlar\u0131n do\u011fa ve ya\u015fam i\u00e7in \u00f6nemi anlat\u0131l\u0131rken, orman yang\u0131nlar\u0131n\u0131n \u00f6nlenmesinde bireysel duyarl\u0131l\u0131\u011f\u0131n ta\u015f\u0131d\u0131\u011f\u0131 kritik rol de vurguland\u0131. E\u011flenceli karakterler ve \u015fark\u0131larla harmanlanan tiyatro g\u00f6sterisi, \u00e7ocuklardan b\u00fcy\u00fck ilgi g\u00f6rd\u00fc.<br \/>\nG\u00f6steri boyunca e\u011flenirken \u00f6\u011frenen \u00e7ocuklar, arkada\u015flar\u0131yla birlikte vakit ge\u00e7irdi, k\u00fc\u00e7\u00fck ya\u015flarda do\u011fa bilincine y\u00f6nelik bilgi sahibi oldu.\u00a0<\/p>\n<p>\u200bHaberin Al\u0131nt\u0131land\u0131\u011f\u0131 Kaynak: www.iskenderun.org<\/p>","protected":false},"excerpt":{"rendered":"<p>\u00c7ocuklara orman sevgisini a\u015f\u0131lamak i\u00e7in Sakarya Orman B\u00f6lge M\u00fcd\u00fcrl\u00fc\u011f\u00fcnce \u2018Ak\u0131ll\u0131 Tav\u015fan Momo ve Orman Dostlar\u0131 M\u00fczikali\u2019 tiyatrosu SGM\u2019lerde sahnelenedi. Minikler tiyatro ile e\u011flenirken, orman yang\u0131nlar\u0131na kar\u015f\u0131 bilin\u00e7lendirildi.SAKARYA(\u0130GFA) &#8211; Sakarya B\u00fcy\u00fck\u015fehir Belediyesi Sosyal Geli\u015fim Merkezleri\u2019nde Orman B\u00f6lge M\u00fcd\u00fcrl\u00fc\u011f\u00fc, taraf\u0131ndan organize edilen \u2018Ak\u0131ll\u0131 Tav\u015fan Momo ve Orman Dostlar\u0131 M\u00fczikali\u2019 g\u00f6sterileri \u00e7ocuklar taraf\u0131ndan ilgiyle takip edildi. \u00c7ocuklara orman sevgisini kazand\u0131rmak ve yang\u0131nlara kar\u015f\u0131 fark\u0131ndal\u0131k olu\u015fturmak amac\u0131yla Adapazar\u0131, Geyve, Karasu, Sapanca ve Akyaz\u0131 Sosyal Geli\u015fim Merkezleri\u2019nde minik izleyicilerle bulu\u015ftu. \u00c7ocuklardan b\u00fcy\u00fck ilgi g\u00f6rd\u00fc Orman Genel M\u00fcd\u00fcrl\u00fc\u011f\u00fc koordinasyonunda sahnelenen m\u00fczikalde, \u00e7ocuklara ormanlar\u0131n do\u011fa ve ya\u015fam i\u00e7in \u00f6nemi anlat\u0131l\u0131rken, orman yang\u0131nlar\u0131n\u0131n \u00f6nlenmesinde bireysel duyarl\u0131l\u0131\u011f\u0131n ta\u015f\u0131d\u0131\u011f\u0131 kritik rol de vurguland\u0131. E\u011flenceli karakterler ve \u015fark\u0131larla harmanlanan tiyatro g\u00f6sterisi, \u00e7ocuklardan b\u00fcy\u00fck ilgi g\u00f6rd\u00fc. G\u00f6steri boyunca e\u011flenirken \u00f6\u011frenen \u00e7ocuklar, arkada\u015flar\u0131yla birlikte vakit ge\u00e7irdi, k\u00fc\u00e7\u00fck ya\u015flarda do\u011fa bilincine y\u00f6nelik bilgi sahibi oldu. \u200b\u00c7ocuklara orman sevgisini a\u015f\u0131lamak i\u00e7in Sakarya Orman B\u00f6lge M\u00fcd\u00fcrl\u00fc\u011f\u00fcnce \u2018Ak\u0131ll\u0131 Tav\u015fan Momo ve Orman Dostlar\u0131 M\u00fczikali\u2019 tiyatrosu SGM\u2019lerde sahnelenedi. Minikler tiyatro ile e\u011flenirken, orman yang\u0131nlar\u0131na kar\u015f\u0131 bilin\u00e7lendirildi.SAKARYA(\u0130GFA) &#8211; Sakarya B\u00fcy\u00fck\u015fehir Belediyesi Sosyal Geli\u015fim Merkezleri\u2019nde Orman B\u00f6lge M\u00fcd\u00fcrl\u00fc\u011f\u00fc, taraf\u0131ndan organize edilen \u2018Ak\u0131ll\u0131 Tav\u015fan Momo ve Orman Dostlar\u0131 M\u00fczikali\u2019 g\u00f6sterileri \u00e7ocuklar taraf\u0131ndan ilgiyle takip edildi. \u00c7ocuklara orman sevgisini kazand\u0131rmak ve yang\u0131nlara kar\u015f\u0131 fark\u0131ndal\u0131k olu\u015fturmak amac\u0131yla Adapazar\u0131, Geyve, Karasu, Sapanca ve Akyaz\u0131 &hellip;<\/p>","protected":false},"author":1,"featured_media":0,"comment_status":"","ping_status":"open","sticky":false,"template":"","format":"standard","meta":{"_acf_changed":false,"footnotes":""},"categories":[24],"tags":[],"class_list":["post-101962","post","type-post","status-publish","format-standard","has-post-thumbnail","hentry","category-gundem"],"acf":[],"yoast_head":"<!-- This site is optimized with the Yoast SEO Premium plugin v26.6 (Yoast SEO v27.1.1) - https:\/\/yoast.com\/product\/yoast-seo-premium-wordpress\/ -->\n<title>Minik kalplerde orman sevgisi ye\u015ferdi - Av. Deniz Can K\u0131z\u0131l<\/title>\n<meta name=\"robots\" content=\"index, follow, max-snippet:-1, max-image-preview:large, max-video-preview:-1\" \/>\n<link rel=\"canonical\" href=\"https:\/\/denizcankizil.tr\/ru\/haberler\/gundem\/minik-kalplerde-orman-sevgisi-yeserdi\/\" \/>\n<meta property=\"og:locale\" content=\"ru_RU\" \/>\n<meta property=\"og:type\" content=\"article\" \/>\n<meta property=\"og:title\" content=\"Minik kalplerde orman sevgisi ye\u015ferdi\" \/>\n<meta property=\"og:description\" content=\"\u00c7ocuklara orman sevgisini a\u015f\u0131lamak i\u00e7in Sakarya Orman B\u00f6lge M\u00fcd\u00fcrl\u00fc\u011f\u00fcnce \u2018Ak\u0131ll\u0131 Tav\u015fan Momo ve Orman Dostlar\u0131 M\u00fczikali\u2019 tiyatrosu SGM\u2019lerde sahnelenedi. Minikler tiyatro ile e\u011flenirken, orman yang\u0131nlar\u0131na kar\u015f\u0131 bilin\u00e7lendirildi.SAKARYA(\u0130GFA) &#8211; Sakarya B\u00fcy\u00fck\u015fehir Belediyesi Sosyal Geli\u015fim Merkezleri\u2019nde Orman B\u00f6lge M\u00fcd\u00fcrl\u00fc\u011f\u00fc, taraf\u0131ndan organize edilen \u2018Ak\u0131ll\u0131 Tav\u015fan Momo ve Orman Dostlar\u0131 M\u00fczikali\u2019 g\u00f6sterileri \u00e7ocuklar taraf\u0131ndan ilgiyle takip edildi. \u00c7ocuklara orman sevgisini kazand\u0131rmak ve yang\u0131nlara kar\u015f\u0131 fark\u0131ndal\u0131k olu\u015fturmak amac\u0131yla Adapazar\u0131, Geyve, Karasu, Sapanca ve Akyaz\u0131 Sosyal Geli\u015fim Merkezleri\u2019nde minik izleyicilerle bulu\u015ftu. \u00c7ocuklardan b\u00fcy\u00fck ilgi g\u00f6rd\u00fc Orman Genel M\u00fcd\u00fcrl\u00fc\u011f\u00fc koordinasyonunda sahnelenen m\u00fczikalde, \u00e7ocuklara ormanlar\u0131n do\u011fa ve ya\u015fam i\u00e7in \u00f6nemi anlat\u0131l\u0131rken, orman yang\u0131nlar\u0131n\u0131n \u00f6nlenmesinde bireysel duyarl\u0131l\u0131\u011f\u0131n ta\u015f\u0131d\u0131\u011f\u0131 kritik rol de vurguland\u0131. E\u011flenceli karakterler ve \u015fark\u0131larla harmanlanan tiyatro g\u00f6sterisi, \u00e7ocuklardan b\u00fcy\u00fck ilgi g\u00f6rd\u00fc. G\u00f6steri boyunca e\u011flenirken \u00f6\u011frenen \u00e7ocuklar, arkada\u015flar\u0131yla birlikte vakit ge\u00e7irdi, k\u00fc\u00e7\u00fck ya\u015flarda do\u011fa bilincine y\u00f6nelik bilgi sahibi oldu. \u200b\u00c7ocuklara orman sevgisini a\u015f\u0131lamak i\u00e7in Sakarya Orman B\u00f6lge M\u00fcd\u00fcrl\u00fc\u011f\u00fcnce \u2018Ak\u0131ll\u0131 Tav\u015fan Momo ve Orman Dostlar\u0131 M\u00fczikali\u2019 tiyatrosu SGM\u2019lerde sahnelenedi. Minikler tiyatro ile e\u011flenirken, orman yang\u0131nlar\u0131na kar\u015f\u0131 bilin\u00e7lendirildi.SAKARYA(\u0130GFA) &#8211; Sakarya B\u00fcy\u00fck\u015fehir Belediyesi Sosyal Geli\u015fim Merkezleri\u2019nde Orman B\u00f6lge M\u00fcd\u00fcrl\u00fc\u011f\u00fc, taraf\u0131ndan organize edilen \u2018Ak\u0131ll\u0131 Tav\u015fan Momo ve Orman Dostlar\u0131 M\u00fczikali\u2019 g\u00f6sterileri \u00e7ocuklar taraf\u0131ndan ilgiyle takip edildi. \u00c7ocuklara orman sevgisini kazand\u0131rmak ve yang\u0131nlara kar\u015f\u0131 fark\u0131ndal\u0131k olu\u015fturmak amac\u0131yla Adapazar\u0131, Geyve, Karasu, Sapanca ve Akyaz\u0131 &hellip;\" \/>\n<meta property=\"og:url\" content=\"https:\/\/denizcankizil.tr\/ru\/haberler\/gundem\/minik-kalplerde-orman-sevgisi-yeserdi\/\" \/>\n<meta property=\"og:site_name\" content=\"Av. Deniz Can K\u0131z\u0131l\" \/>\n<meta property=\"article:published_time\" content=\"2025-05-30T16:42:25+00:00\" \/>\n<meta name=\"author\" content=\"admin\" \/>\n<meta name=\"twitter:card\" content=\"summary_large_image\" \/>\n<meta name=\"twitter:label1\" content=\"\u041d\u0430\u043f\u0438\u0441\u0430\u043d\u043e \u0430\u0432\u0442\u043e\u0440\u043e\u043c\" \/>\n\t<meta name=\"twitter:data1\" content=\"admin\" \/>\n\t<meta name=\"twitter:label2\" content=\"\u041f\u0440\u0438\u043c\u0435\u0440\u043d\u043e\u0435 \u0432\u0440\u0435\u043c\u044f \u0434\u043b\u044f \u0447\u0442\u0435\u043d\u0438\u044f\" \/>\n\t<meta name=\"twitter:data2\" content=\"2 \u043c\u0438\u043d\u0443\u0442\u044b\" \/>\n<script type=\"application\/ld+json\" class=\"yoast-schema-graph\">{\"@context\":\"https:\/\/schema.org\",\"@graph\":[{\"@type\":\"Article\",\"@id\":\"https:\/\/denizcankizil.tr\/ru\/haberler\/gundem\/minik-kalplerde-orman-sevgisi-yeserdi\/#article\",\"isPartOf\":{\"@id\":\"https:\/\/denizcankizil.tr\/ru\/haberler\/gundem\/minik-kalplerde-orman-sevgisi-yeserdi\/\"},\"author\":{\"name\":\"admin\",\"@id\":\"https:\/\/denizcankizil.tr\/de\/#\/schema\/person\/be3c05fe6a12686905512445d8185489\"},\"headline\":\"Minik kalplerde orman sevgisi ye\u015ferdi\",\"datePublished\":\"2025-05-30T16:42:25+00:00\",\"mainEntityOfPage\":{\"@id\":\"https:\/\/denizcankizil.tr\/ru\/haberler\/gundem\/minik-kalplerde-orman-sevgisi-yeserdi\/\"},\"wordCount\":420,\"publisher\":{\"@id\":\"https:\/\/denizcankizil.tr\/de\/#organization\"},\"articleSection\":[\"G\u00fcndem\"],\"inLanguage\":\"ru-RU\"},{\"@type\":\"WebPage\",\"@id\":\"https:\/\/denizcankizil.tr\/ru\/haberler\/gundem\/minik-kalplerde-orman-sevgisi-yeserdi\/\",\"url\":\"https:\/\/denizcankizil.tr\/ru\/haberler\/gundem\/minik-kalplerde-orman-sevgisi-yeserdi\/\",\"name\":\"Minik kalplerde orman sevgisi ye\u015ferdi - Av. Deniz Can K\u0131z\u0131l\",\"isPartOf\":{\"@id\":\"https:\/\/denizcankizil.tr\/de\/#website\"},\"datePublished\":\"2025-05-30T16:42:25+00:00\",\"breadcrumb\":{\"@id\":\"https:\/\/denizcankizil.tr\/ru\/haberler\/gundem\/minik-kalplerde-orman-sevgisi-yeserdi\/#breadcrumb\"},\"inLanguage\":\"ru-RU\",\"potentialAction\":[{\"@type\":\"ReadAction\",\"target\":[\"https:\/\/denizcankizil.tr\/ru\/haberler\/gundem\/minik-kalplerde-orman-sevgisi-yeserdi\/\"]}]},{\"@type\":\"BreadcrumbList\",\"@id\":\"https:\/\/denizcankizil.tr\/ru\/haberler\/gundem\/minik-kalplerde-orman-sevgisi-yeserdi\/#breadcrumb\",\"itemListElement\":[{\"@type\":\"ListItem\",\"position\":1,\"name\":\"Home\",\"item\":\"https:\/\/denizcankizil.tr\/de\/\"},{\"@type\":\"ListItem\",\"position\":2,\"name\":\"Minik kalplerde orman sevgisi ye\u015ferdi\"}]},{\"@type\":\"WebSite\",\"@id\":\"https:\/\/denizcankizil.tr\/de\/#website\",\"url\":\"https:\/\/denizcankizil.tr\/de\/\",\"name\":\"Av. Deniz Can K\u0131z\u0131l\",\"description\":\"Avukat Deniz Can K\u0131z\u0131l Antalya Barosu\",\"publisher\":{\"@id\":\"https:\/\/denizcankizil.tr\/de\/#organization\"},\"potentialAction\":[{\"@type\":\"SearchAction\",\"target\":{\"@type\":\"EntryPoint\",\"urlTemplate\":\"https:\/\/denizcankizil.tr\/de\/?s={search_term_string}\"},\"query-input\":{\"@type\":\"PropertyValueSpecification\",\"valueRequired\":true,\"valueName\":\"search_term_string\"}}],\"inLanguage\":\"ru-RU\"},{\"@type\":\"Organization\",\"@id\":\"https:\/\/denizcankizil.tr\/de\/#organization\",\"name\":\"Av. Deniz Can K\u0131z\u0131l\",\"url\":\"https:\/\/denizcankizil.tr\/de\/\",\"logo\":{\"@type\":\"ImageObject\",\"inLanguage\":\"ru-RU\",\"@id\":\"https:\/\/denizcankizil.tr\/de\/#\/schema\/logo\/image\/\",\"url\":\"https:\/\/denizcankizil.tr\/wp-content\/uploads\/2024\/10\/siyah-logo-svg.svg\",\"contentUrl\":\"https:\/\/denizcankizil.tr\/wp-content\/uploads\/2024\/10\/siyah-logo-svg.svg\",\"width\":1080,\"height\":1080,\"caption\":\"Av. Deniz Can K\u0131z\u0131l\"},\"image\":{\"@id\":\"https:\/\/denizcankizil.tr\/de\/#\/schema\/logo\/image\/\"}},{\"@type\":\"Person\",\"@id\":\"https:\/\/denizcankizil.tr\/de\/#\/schema\/person\/be3c05fe6a12686905512445d8185489\",\"name\":\"admin\",\"image\":{\"@type\":\"ImageObject\",\"inLanguage\":\"ru-RU\",\"@id\":\"https:\/\/denizcankizil.tr\/de\/#\/schema\/person\/image\/\",\"url\":\"https:\/\/secure.gravatar.com\/avatar\/c1fce94c830dc79107e174f890d7210541c4a63e8e5d816341794a2151c9d58c?s=96&d=mm&r=g\",\"contentUrl\":\"https:\/\/secure.gravatar.com\/avatar\/c1fce94c830dc79107e174f890d7210541c4a63e8e5d816341794a2151c9d58c?s=96&d=mm&r=g\",\"caption\":\"admin\"},\"sameAs\":[\"http:\/\/denizcankizil.tr\"],\"url\":\"https:\/\/www.iskenderun.org\/minik-kalplerde-orman-sevgisi-yeserdi\"}]}<\/script>\n<!-- \/ Yoast SEO Premium plugin. -->","yoast_head_json":{"title":"Minik kalplerde orman sevgisi ye\u015ferdi - Av. Deniz Can K\u0131z\u0131l","robots":{"index":"index","follow":"follow","max-snippet":"max-snippet:-1","max-image-preview":"max-image-preview:large","max-video-preview":"max-video-preview:-1"},"canonical":"https:\/\/denizcankizil.tr\/ru\/haberler\/gundem\/minik-kalplerde-orman-sevgisi-yeserdi\/","og_locale":"ru_RU","og_type":"article","og_title":"Minik kalplerde orman sevgisi ye\u015ferdi","og_description":"\u00c7ocuklara orman sevgisini a\u015f\u0131lamak i\u00e7in Sakarya Orman B\u00f6lge M\u00fcd\u00fcrl\u00fc\u011f\u00fcnce \u2018Ak\u0131ll\u0131 Tav\u015fan Momo ve Orman Dostlar\u0131 M\u00fczikali\u2019 tiyatrosu SGM\u2019lerde sahnelenedi. Minikler tiyatro ile e\u011flenirken, orman yang\u0131nlar\u0131na kar\u015f\u0131 bilin\u00e7lendirildi.SAKARYA(\u0130GFA) &#8211; Sakarya B\u00fcy\u00fck\u015fehir Belediyesi Sosyal Geli\u015fim Merkezleri\u2019nde Orman B\u00f6lge M\u00fcd\u00fcrl\u00fc\u011f\u00fc, taraf\u0131ndan organize edilen \u2018Ak\u0131ll\u0131 Tav\u015fan Momo ve Orman Dostlar\u0131 M\u00fczikali\u2019 g\u00f6sterileri \u00e7ocuklar taraf\u0131ndan ilgiyle takip edildi. \u00c7ocuklara orman sevgisini kazand\u0131rmak ve yang\u0131nlara kar\u015f\u0131 fark\u0131ndal\u0131k olu\u015fturmak amac\u0131yla Adapazar\u0131, Geyve, Karasu, Sapanca ve Akyaz\u0131 Sosyal Geli\u015fim Merkezleri\u2019nde minik izleyicilerle bulu\u015ftu. \u00c7ocuklardan b\u00fcy\u00fck ilgi g\u00f6rd\u00fc Orman Genel M\u00fcd\u00fcrl\u00fc\u011f\u00fc koordinasyonunda sahnelenen m\u00fczikalde, \u00e7ocuklara ormanlar\u0131n do\u011fa ve ya\u015fam i\u00e7in \u00f6nemi anlat\u0131l\u0131rken, orman yang\u0131nlar\u0131n\u0131n \u00f6nlenmesinde bireysel duyarl\u0131l\u0131\u011f\u0131n ta\u015f\u0131d\u0131\u011f\u0131 kritik rol de vurguland\u0131. E\u011flenceli karakterler ve \u015fark\u0131larla harmanlanan tiyatro g\u00f6sterisi, \u00e7ocuklardan b\u00fcy\u00fck ilgi g\u00f6rd\u00fc. G\u00f6steri boyunca e\u011flenirken \u00f6\u011frenen \u00e7ocuklar, arkada\u015flar\u0131yla birlikte vakit ge\u00e7irdi, k\u00fc\u00e7\u00fck ya\u015flarda do\u011fa bilincine y\u00f6nelik bilgi sahibi oldu. \u200b\u00c7ocuklara orman sevgisini a\u015f\u0131lamak i\u00e7in Sakarya Orman B\u00f6lge M\u00fcd\u00fcrl\u00fc\u011f\u00fcnce \u2018Ak\u0131ll\u0131 Tav\u015fan Momo ve Orman Dostlar\u0131 M\u00fczikali\u2019 tiyatrosu SGM\u2019lerde sahnelenedi. Minikler tiyatro ile e\u011flenirken, orman yang\u0131nlar\u0131na kar\u015f\u0131 bilin\u00e7lendirildi.SAKARYA(\u0130GFA) &#8211; Sakarya B\u00fcy\u00fck\u015fehir Belediyesi Sosyal Geli\u015fim Merkezleri\u2019nde Orman B\u00f6lge M\u00fcd\u00fcrl\u00fc\u011f\u00fc, taraf\u0131ndan organize edilen \u2018Ak\u0131ll\u0131 Tav\u015fan Momo ve Orman Dostlar\u0131 M\u00fczikali\u2019 g\u00f6sterileri \u00e7ocuklar taraf\u0131ndan ilgiyle takip edildi. \u00c7ocuklara orman sevgisini kazand\u0131rmak ve yang\u0131nlara kar\u015f\u0131 fark\u0131ndal\u0131k olu\u015fturmak amac\u0131yla Adapazar\u0131, Geyve, Karasu, Sapanca ve Akyaz\u0131 &hellip;","og_url":"https:\/\/denizcankizil.tr\/ru\/haberler\/gundem\/minik-kalplerde-orman-sevgisi-yeserdi\/","og_site_name":"Av. Deniz Can K\u0131z\u0131l","article_published_time":"2025-05-30T16:42:25+00:00","author":"admin","twitter_card":"summary_large_image","twitter_misc":{"\u041d\u0430\u043f\u0438\u0441\u0430\u043d\u043e \u0430\u0432\u0442\u043e\u0440\u043e\u043c":"admin","\u041f\u0440\u0438\u043c\u0435\u0440\u043d\u043e\u0435 \u0432\u0440\u0435\u043c\u044f \u0434\u043b\u044f \u0447\u0442\u0435\u043d\u0438\u044f":"2 \u043c\u0438\u043d\u0443\u0442\u044b"},"schema":{"@context":"https:\/\/schema.org","@graph":[{"@type":"Article","@id":"https:\/\/denizcankizil.tr\/ru\/haberler\/gundem\/minik-kalplerde-orman-sevgisi-yeserdi\/#article","isPartOf":{"@id":"https:\/\/denizcankizil.tr\/ru\/haberler\/gundem\/minik-kalplerde-orman-sevgisi-yeserdi\/"},"author":{"name":"admin","@id":"https:\/\/denizcankizil.tr\/de\/#\/schema\/person\/be3c05fe6a12686905512445d8185489"},"headline":"Minik kalplerde orman sevgisi ye\u015ferdi","datePublished":"2025-05-30T16:42:25+00:00","mainEntityOfPage":{"@id":"https:\/\/denizcankizil.tr\/ru\/haberler\/gundem\/minik-kalplerde-orman-sevgisi-yeserdi\/"},"wordCount":420,"publisher":{"@id":"https:\/\/denizcankizil.tr\/de\/#organization"},"articleSection":["G\u00fcndem"],"inLanguage":"ru-RU"},{"@type":"WebPage","@id":"https:\/\/denizcankizil.tr\/ru\/haberler\/gundem\/minik-kalplerde-orman-sevgisi-yeserdi\/","url":"https:\/\/denizcankizil.tr\/ru\/haberler\/gundem\/minik-kalplerde-orman-sevgisi-yeserdi\/","name":"Minik kalplerde orman sevgisi ye\u015ferdi - Av. Deniz Can K\u0131z\u0131l","isPartOf":{"@id":"https:\/\/denizcankizil.tr\/de\/#website"},"datePublished":"2025-05-30T16:42:25+00:00","breadcrumb":{"@id":"https:\/\/denizcankizil.tr\/ru\/haberler\/gundem\/minik-kalplerde-orman-sevgisi-yeserdi\/#breadcrumb"},"inLanguage":"ru-RU","potentialAction":[{"@type":"ReadAction","target":["https:\/\/denizcankizil.tr\/ru\/haberler\/gundem\/minik-kalplerde-orman-sevgisi-yeserdi\/"]}]},{"@type":"BreadcrumbList","@id":"https:\/\/denizcankizil.tr\/ru\/haberler\/gundem\/minik-kalplerde-orman-sevgisi-yeserdi\/#breadcrumb","itemListElement":[{"@type":"ListItem","position":1,"name":"Home","item":"https:\/\/denizcankizil.tr\/de\/"},{"@type":"ListItem","position":2,"name":"Minik kalplerde orman sevgisi ye\u015ferdi"}]},{"@type":"WebSite","@id":"https:\/\/denizcankizil.tr\/de\/#website","url":"https:\/\/denizcankizil.tr\/de\/","name":"Av. Deniz Can K\u0131z\u0131l","description":"Avukat Deniz Can K\u0131z\u0131l Antalya Barosu","publisher":{"@id":"https:\/\/denizcankizil.tr\/de\/#organization"},"potentialAction":[{"@type":"SearchAction","target":{"@type":"EntryPoint","urlTemplate":"https:\/\/denizcankizil.tr\/de\/?s={search_term_string}"},"query-input":{"@type":"PropertyValueSpecification","valueRequired":true,"valueName":"search_term_string"}}],"inLanguage":"ru-RU"},{"@type":"Organization","@id":"https:\/\/denizcankizil.tr\/de\/#organization","name":"Av. Deniz Can K\u0131z\u0131l","url":"https:\/\/denizcankizil.tr\/de\/","logo":{"@type":"ImageObject","inLanguage":"ru-RU","@id":"https:\/\/denizcankizil.tr\/de\/#\/schema\/logo\/image\/","url":"https:\/\/denizcankizil.tr\/wp-content\/uploads\/2024\/10\/siyah-logo-svg.svg","contentUrl":"https:\/\/denizcankizil.tr\/wp-content\/uploads\/2024\/10\/siyah-logo-svg.svg","width":1080,"height":1080,"caption":"Av. Deniz Can K\u0131z\u0131l"},"image":{"@id":"https:\/\/denizcankizil.tr\/de\/#\/schema\/logo\/image\/"}},{"@type":"Person","@id":"https:\/\/denizcankizil.tr\/de\/#\/schema\/person\/be3c05fe6a12686905512445d8185489","name":"\u0430\u0434\u043c\u0438\u043d","image":{"@type":"ImageObject","inLanguage":"ru-RU","@id":"https:\/\/denizcankizil.tr\/de\/#\/schema\/person\/image\/","url":"https:\/\/secure.gravatar.com\/avatar\/c1fce94c830dc79107e174f890d7210541c4a63e8e5d816341794a2151c9d58c?s=96&d=mm&r=g","contentUrl":"https:\/\/secure.gravatar.com\/avatar\/c1fce94c830dc79107e174f890d7210541c4a63e8e5d816341794a2151c9d58c?s=96&d=mm&r=g","caption":"admin"},"sameAs":["http:\/\/denizcankizil.tr"],"url":"https:\/\/www.iskenderun.org\/minik-kalplerde-orman-sevgisi-yeserdi"}]}},"_links":{"self":[{"href":"https:\/\/denizcankizil.tr\/ru\/wp-json\/wp\/v2\/posts\/101962","targetHints":{"allow":["GET"]}}],"collection":[{"href":"https:\/\/denizcankizil.tr\/ru\/wp-json\/wp\/v2\/posts"}],"about":[{"href":"https:\/\/denizcankizil.tr\/ru\/wp-json\/wp\/v2\/types\/post"}],"author":[{"embeddable":true,"href":"https:\/\/denizcankizil.tr\/ru\/wp-json\/wp\/v2\/users\/1"}],"replies":[{"embeddable":true,"href":"https:\/\/denizcankizil.tr\/ru\/wp-json\/wp\/v2\/comments?post=101962"}],"version-history":[{"count":0,"href":"https:\/\/denizcankizil.tr\/ru\/wp-json\/wp\/v2\/posts\/101962\/revisions"}],"wp:attachment":[{"href":"https:\/\/denizcankizil.tr\/ru\/wp-json\/wp\/v2\/media?parent=101962"}],"wp:term":[{"taxonomy":"category","embeddable":true,"href":"https:\/\/denizcankizil.tr\/ru\/wp-json\/wp\/v2\/categories?post=101962"},{"taxonomy":"post_tag","embeddable":true,"href":"https:\/\/denizcankizil.tr\/ru\/wp-json\/wp\/v2\/tags?post=101962"}],"curies":[{"name":"wp","href":"https:\/\/api.w.org\/{rel}","templated":true}]}}