{"id":101961,"date":"2025-05-30T19:42:24","date_gmt":"2025-05-30T16:42:24","guid":{"rendered":"https:\/\/denizcankizil.tr\/uncategorized-tr\/geben-vadisi-milli-park-ilan-edildi-kahramanmarasa-yeni-dogal-miras\/"},"modified":"2025-05-30T19:42:24","modified_gmt":"2025-05-30T16:42:24","slug":"geben-vadisi-milli-park-ilan-edildi-kahramanmarasa-yeni-dogal-miras","status":"publish","type":"post","link":"https:\/\/denizcankizil.tr\/ru\/haberler\/gundem\/geben-vadisi-milli-park-ilan-edildi-kahramanmarasa-yeni-dogal-miras\/","title":{"rendered":"Geben Vadisi Milli Park ilan edildi&#8230; Kahramanmara\u015f\u2019a yeni do\u011fal miras"},"content":{"rendered":"<p>Kahramanmara\u015f\u2019taki Geben Vadisi, Cumhurba\u015fkan\u0131 Karar\u0131 ile milli park stat\u00fcs\u00fcne kavu\u015ftu. Resmi Gazete\u2019de yay\u0131mlanan kararla, b\u00f6lgenin do\u011fal zenginliklerini ve biyolojik \u00e7e\u015fitlili\u011fini koruma alt\u0131na al\u0131nd\u0131.KAHRAMANMARA\u015e (\u0130GFA) &#8211; Bug\u00fcnk\u00fc Resmi Gazete\u2019de yay\u0131mlanan Cumhurba\u015fkan\u0131 Karar\u0131 ile Kahramanmara\u015f\u2019taki Geben Vadisi, \u201cGeben Vadisi Milli Park\u0131\u201d olarak belirlendi.<br \/>\nKararda, Geben Vadisi\u2019nin s\u0131n\u0131rlar\u0131n\u0131 g\u00f6steren harita ve koordinatlara da yer verildi.<\/p>\n<p>Ormanlar\u0131, endemik bitki t\u00fcrleri, yaban hayat\u0131 ve tarihi dokusuyla bilinen, Kahramanmara\u015f\u2019\u0131n sakl\u0131 cennetlerinden biri olarak \u00f6ne \u00e7\u0131kan Geben Vadisi ile ilgili Tar\u0131m ve Orman Bakan\u0131 \u0130brahim Yumakl\u0131 da, sosyal medya hesab\u0131ndan videolu payla\u015f\u0131mda bulundu. Bakan Yumakl\u0131, payla\u015f\u0131m\u0131nda, \u201cCumhurba\u015fkan\u0131m\u0131z Say\u0131n Recep Tayyip Erdo\u011fan\u2019\u0131n imzas\u0131yla Kahramanmara\u015f Geben Vadisi, milli park stat\u00fcs\u00fcne kavu\u015ftu. Do\u011fal zenginlikleri ve biyolojik \u00e7e\u015fitlili\u011fiyle Geben Vadisi, art\u0131k koruma alt\u0131ndaki milli miras\u0131m\u0131z aras\u0131nda yer alacak\u201d ifadelerini kulland\u0131.<br \/>\n\u26f0\ufe0f @milliparklar&#8217;\u0131m\u0131za bir yenisi eklendi.\u270d\ufe0f Cumhurba\u015fkan\u0131m\u0131z Say\u0131n @RTErdogan\u2019\u0131n imzas\u0131yla ????Kahramanmara\u015f Geben Vadisi, mill\u00ee park stat\u00fcs\u00fcne kavu\u015ftu.???? Do\u011fal zenginlikleri ve biyolojik \u00e7e\u015fitlili\u011fiyle Geben Vadisi, art\u0131k koruma alt\u0131ndaki mill\u00ee miras\u0131m\u0131z aras\u0131nda yer alacak.\u2026 pic.twitter.com\/k2IVhgyPWs\u2014 \u0130brahim Yumakl\u0131 (@ibrahimyumakli) May 30, 2025<\/p>\n<p>\u200bKahramanmara\u015f\u2019taki Geben Vadisi, Cumhurba\u015fkan\u0131 Karar\u0131 ile milli park stat\u00fcs\u00fcne kavu\u015ftu. Resmi Gazete\u2019de yay\u0131mlanan kararla, b\u00f6lgenin do\u011fal zenginliklerini ve biyolojik \u00e7e\u015fitlili\u011fini koruma alt\u0131na al\u0131nd\u0131.KAHRAMANMARA\u015e (\u0130GFA) &#8211; Bug\u00fcnk\u00fc Resmi Gazete\u2019de yay\u0131mlanan Cumhurba\u015fkan\u0131 Karar\u0131 ile Kahramanmara\u015f\u2019taki Geben Vadisi, \u201cGeben Vadisi Milli Park\u0131\u201d olarak belirlendi.<br \/>\nKararda, Geben Vadisi\u2019nin s\u0131n\u0131rlar\u0131n\u0131 g\u00f6steren harita ve koordinatlara da yer verildi.<\/p>\n<p>Ormanlar\u0131, endemik bitki t\u00fcrleri, yaban hayat\u0131 ve tarihi dokusuyla bilinen, Kahramanmara\u015f\u2019\u0131n sakl\u0131 cennetlerinden biri olarak \u00f6ne \u00e7\u0131kan Geben Vadisi ile ilgili Tar\u0131m ve Orman Bakan\u0131 \u0130brahim Yumakl\u0131 da, sosyal medya hesab\u0131ndan videolu payla\u015f\u0131mda bulundu. Bakan Yumakl\u0131, payla\u015f\u0131m\u0131nda, \u201cCumhurba\u015fkan\u0131m\u0131z Say\u0131n Recep Tayyip Erdo\u011fan\u2019\u0131n imzas\u0131yla Kahramanmara\u015f Geben Vadisi, milli park stat\u00fcs\u00fcne kavu\u015ftu. Do\u011fal zenginlikleri ve biyolojik \u00e7e\u015fitlili\u011fiyle Geben Vadisi, art\u0131k koruma alt\u0131ndaki milli miras\u0131m\u0131z aras\u0131nda yer alacak\u201d ifadelerini kulland\u0131.<br \/>\n\u26f0\ufe0f @milliparklar&#8217;\u0131m\u0131za bir yenisi eklendi.\u270d\ufe0f Cumhurba\u015fkan\u0131m\u0131z Say\u0131n @RTErdogan\u2019\u0131n imzas\u0131yla ????Kahramanmara\u015f Geben Vadisi, mill\u00ee park stat\u00fcs\u00fcne kavu\u015ftu.???? Do\u011fal zenginlikleri ve biyolojik \u00e7e\u015fitlili\u011fiyle Geben Vadisi, art\u0131k koruma alt\u0131ndaki mill\u00ee miras\u0131m\u0131z aras\u0131nda yer alacak.\u2026 pic.twitter.com\/k2IVhgyPWs\u2014 \u0130brahim Yumakl\u0131 (@ibrahimyumakli) May 30, 2025\u00a0<\/p>\n<p>\u200bHaberin Al\u0131nt\u0131land\u0131\u011f\u0131 Kaynak: www.iskenderun.org<\/p>","protected":false},"excerpt":{"rendered":"<p>Kahramanmara\u015f\u2019taki Geben Vadisi, Cumhurba\u015fkan\u0131 Karar\u0131 ile milli park stat\u00fcs\u00fcne kavu\u015ftu. Resmi Gazete\u2019de yay\u0131mlanan kararla, b\u00f6lgenin do\u011fal zenginliklerini ve biyolojik \u00e7e\u015fitlili\u011fini koruma alt\u0131na al\u0131nd\u0131.KAHRAMANMARA\u015e (\u0130GFA) &#8211; Bug\u00fcnk\u00fc Resmi Gazete\u2019de yay\u0131mlanan Cumhurba\u015fkan\u0131 Karar\u0131 ile Kahramanmara\u015f\u2019taki Geben Vadisi, \u201cGeben Vadisi Milli Park\u0131\u201d olarak belirlendi. Kararda, Geben Vadisi\u2019nin s\u0131n\u0131rlar\u0131n\u0131 g\u00f6steren harita ve koordinatlara da yer verildi. Ormanlar\u0131, endemik bitki t\u00fcrleri, yaban hayat\u0131 ve tarihi dokusuyla bilinen, Kahramanmara\u015f\u2019\u0131n sakl\u0131 cennetlerinden biri olarak \u00f6ne \u00e7\u0131kan Geben Vadisi ile ilgili Tar\u0131m ve Orman Bakan\u0131 \u0130brahim Yumakl\u0131 da, sosyal medya hesab\u0131ndan videolu payla\u015f\u0131mda bulundu. Bakan Yumakl\u0131, payla\u015f\u0131m\u0131nda, \u201cCumhurba\u015fkan\u0131m\u0131z Say\u0131n Recep Tayyip Erdo\u011fan\u2019\u0131n imzas\u0131yla Kahramanmara\u015f Geben Vadisi, milli park stat\u00fcs\u00fcne kavu\u015ftu. Do\u011fal zenginlikleri ve biyolojik \u00e7e\u015fitlili\u011fiyle Geben Vadisi, art\u0131k koruma alt\u0131ndaki milli miras\u0131m\u0131z aras\u0131nda yer alacak\u201d ifadelerini kulland\u0131. \u26f0\ufe0f @milliparklar&#8217;\u0131m\u0131za bir yenisi eklendi.\u270d\ufe0f Cumhurba\u015fkan\u0131m\u0131z Say\u0131n @RTErdogan\u2019\u0131n imzas\u0131yla ????Kahramanmara\u015f Geben Vadisi, mill\u00ee park stat\u00fcs\u00fcne kavu\u015ftu.???? Do\u011fal zenginlikleri ve biyolojik \u00e7e\u015fitlili\u011fiyle Geben Vadisi, art\u0131k koruma alt\u0131ndaki mill\u00ee miras\u0131m\u0131z aras\u0131nda yer alacak.\u2026 pic.twitter.com\/k2IVhgyPWs\u2014 \u0130brahim Yumakl\u0131 (@ibrahimyumakli) May 30, 2025 \u200bKahramanmara\u015f\u2019taki Geben Vadisi, Cumhurba\u015fkan\u0131 Karar\u0131 ile milli park stat\u00fcs\u00fcne kavu\u015ftu. Resmi Gazete\u2019de yay\u0131mlanan kararla, b\u00f6lgenin do\u011fal zenginliklerini ve biyolojik \u00e7e\u015fitlili\u011fini koruma alt\u0131na al\u0131nd\u0131.KAHRAMANMARA\u015e (\u0130GFA) &#8211; Bug\u00fcnk\u00fc Resmi Gazete\u2019de yay\u0131mlanan Cumhurba\u015fkan\u0131 Karar\u0131 ile Kahramanmara\u015f\u2019taki Geben Vadisi, \u201cGeben Vadisi Milli Park\u0131\u201d olarak belirlendi. Kararda, Geben &hellip;<\/p>","protected":false},"author":1,"featured_media":0,"comment_status":"","ping_status":"open","sticky":false,"template":"","format":"standard","meta":{"_acf_changed":false,"footnotes":""},"categories":[24],"tags":[],"class_list":["post-101961","post","type-post","status-publish","format-standard","has-post-thumbnail","hentry","category-gundem"],"acf":[],"yoast_head":"<!-- This site is optimized with the Yoast SEO Premium plugin v26.6 (Yoast SEO v27.1.1) - https:\/\/yoast.com\/product\/yoast-seo-premium-wordpress\/ -->\n<title>Geben Vadisi Milli Park ilan edildi... Kahramanmara\u015f\u2019a yeni do\u011fal miras - Av. Deniz Can K\u0131z\u0131l<\/title>\n<meta name=\"robots\" content=\"index, follow, max-snippet:-1, max-image-preview:large, max-video-preview:-1\" \/>\n<link rel=\"canonical\" href=\"https:\/\/denizcankizil.tr\/ru\/haberler\/gundem\/geben-vadisi-milli-park-ilan-edildi-kahramanmarasa-yeni-dogal-miras\/\" \/>\n<meta property=\"og:locale\" content=\"ru_RU\" \/>\n<meta property=\"og:type\" content=\"article\" \/>\n<meta property=\"og:title\" content=\"Geben Vadisi Milli Park ilan edildi... Kahramanmara\u015f\u2019a yeni do\u011fal miras\" \/>\n<meta property=\"og:description\" content=\"Kahramanmara\u015f\u2019taki Geben Vadisi, Cumhurba\u015fkan\u0131 Karar\u0131 ile milli park stat\u00fcs\u00fcne kavu\u015ftu. Resmi Gazete\u2019de yay\u0131mlanan kararla, b\u00f6lgenin do\u011fal zenginliklerini ve biyolojik \u00e7e\u015fitlili\u011fini koruma alt\u0131na al\u0131nd\u0131.KAHRAMANMARA\u015e (\u0130GFA) &#8211; Bug\u00fcnk\u00fc Resmi Gazete\u2019de yay\u0131mlanan Cumhurba\u015fkan\u0131 Karar\u0131 ile Kahramanmara\u015f\u2019taki Geben Vadisi, \u201cGeben Vadisi Milli Park\u0131\u201d olarak belirlendi. Kararda, Geben Vadisi\u2019nin s\u0131n\u0131rlar\u0131n\u0131 g\u00f6steren harita ve koordinatlara da yer verildi. Ormanlar\u0131, endemik bitki t\u00fcrleri, yaban hayat\u0131 ve tarihi dokusuyla bilinen, Kahramanmara\u015f\u2019\u0131n sakl\u0131 cennetlerinden biri olarak \u00f6ne \u00e7\u0131kan Geben Vadisi ile ilgili Tar\u0131m ve Orman Bakan\u0131 \u0130brahim Yumakl\u0131 da, sosyal medya hesab\u0131ndan videolu payla\u015f\u0131mda bulundu. Bakan Yumakl\u0131, payla\u015f\u0131m\u0131nda, \u201cCumhurba\u015fkan\u0131m\u0131z Say\u0131n Recep Tayyip Erdo\u011fan\u2019\u0131n imzas\u0131yla Kahramanmara\u015f Geben Vadisi, milli park stat\u00fcs\u00fcne kavu\u015ftu. Do\u011fal zenginlikleri ve biyolojik \u00e7e\u015fitlili\u011fiyle Geben Vadisi, art\u0131k koruma alt\u0131ndaki milli miras\u0131m\u0131z aras\u0131nda yer alacak\u201d ifadelerini kulland\u0131. \u26f0\ufe0f @milliparklar&#8217;\u0131m\u0131za bir yenisi eklendi.\u270d\ufe0f Cumhurba\u015fkan\u0131m\u0131z Say\u0131n @RTErdogan\u2019\u0131n imzas\u0131yla ????Kahramanmara\u015f Geben Vadisi, mill\u00ee park stat\u00fcs\u00fcne kavu\u015ftu.???? Do\u011fal zenginlikleri ve biyolojik \u00e7e\u015fitlili\u011fiyle Geben Vadisi, art\u0131k koruma alt\u0131ndaki mill\u00ee miras\u0131m\u0131z aras\u0131nda yer alacak.\u2026 pic.twitter.com\/k2IVhgyPWs\u2014 \u0130brahim Yumakl\u0131 (@ibrahimyumakli) May 30, 2025 \u200bKahramanmara\u015f\u2019taki Geben Vadisi, Cumhurba\u015fkan\u0131 Karar\u0131 ile milli park stat\u00fcs\u00fcne kavu\u015ftu. Resmi Gazete\u2019de yay\u0131mlanan kararla, b\u00f6lgenin do\u011fal zenginliklerini ve biyolojik \u00e7e\u015fitlili\u011fini koruma alt\u0131na al\u0131nd\u0131.KAHRAMANMARA\u015e (\u0130GFA) &#8211; Bug\u00fcnk\u00fc Resmi Gazete\u2019de yay\u0131mlanan Cumhurba\u015fkan\u0131 Karar\u0131 ile Kahramanmara\u015f\u2019taki Geben Vadisi, \u201cGeben Vadisi Milli Park\u0131\u201d olarak belirlendi. Kararda, Geben &hellip;\" \/>\n<meta property=\"og:url\" content=\"https:\/\/denizcankizil.tr\/ru\/haberler\/gundem\/geben-vadisi-milli-park-ilan-edildi-kahramanmarasa-yeni-dogal-miras\/\" \/>\n<meta property=\"og:site_name\" content=\"Av. Deniz Can K\u0131z\u0131l\" \/>\n<meta property=\"article:published_time\" content=\"2025-05-30T16:42:24+00:00\" \/>\n<meta name=\"author\" content=\"admin\" \/>\n<meta name=\"twitter:card\" content=\"summary_large_image\" \/>\n<meta name=\"twitter:label1\" content=\"\u041d\u0430\u043f\u0438\u0441\u0430\u043d\u043e \u0430\u0432\u0442\u043e\u0440\u043e\u043c\" \/>\n\t<meta name=\"twitter:data1\" content=\"admin\" \/>\n\t<meta name=\"twitter:label2\" content=\"\u041f\u0440\u0438\u043c\u0435\u0440\u043d\u043e\u0435 \u0432\u0440\u0435\u043c\u044f \u0434\u043b\u044f \u0447\u0442\u0435\u043d\u0438\u044f\" \/>\n\t<meta name=\"twitter:data2\" content=\"2 \u043c\u0438\u043d\u0443\u0442\u044b\" \/>\n<script type=\"application\/ld+json\" class=\"yoast-schema-graph\">{\"@context\":\"https:\/\/schema.org\",\"@graph\":[{\"@type\":\"Article\",\"@id\":\"https:\/\/denizcankizil.tr\/ru\/haberler\/gundem\/geben-vadisi-milli-park-ilan-edildi-kahramanmarasa-yeni-dogal-miras\/#article\",\"isPartOf\":{\"@id\":\"https:\/\/denizcankizil.tr\/ru\/haberler\/gundem\/geben-vadisi-milli-park-ilan-edildi-kahramanmarasa-yeni-dogal-miras\/\"},\"author\":{\"name\":\"admin\",\"@id\":\"https:\/\/denizcankizil.tr\/#\/schema\/person\/be3c05fe6a12686905512445d8185489\"},\"headline\":\"Geben Vadisi Milli Park ilan edildi&#8230; Kahramanmara\u015f\u2019a yeni do\u011fal miras\",\"datePublished\":\"2025-05-30T16:42:24+00:00\",\"mainEntityOfPage\":{\"@id\":\"https:\/\/denizcankizil.tr\/ru\/haberler\/gundem\/geben-vadisi-milli-park-ilan-edildi-kahramanmarasa-yeni-dogal-miras\/\"},\"wordCount\":472,\"publisher\":{\"@id\":\"https:\/\/denizcankizil.tr\/#organization\"},\"articleSection\":[\"G\u00fcndem\"],\"inLanguage\":\"ru-RU\"},{\"@type\":\"WebPage\",\"@id\":\"https:\/\/denizcankizil.tr\/ru\/haberler\/gundem\/geben-vadisi-milli-park-ilan-edildi-kahramanmarasa-yeni-dogal-miras\/\",\"url\":\"https:\/\/denizcankizil.tr\/ru\/haberler\/gundem\/geben-vadisi-milli-park-ilan-edildi-kahramanmarasa-yeni-dogal-miras\/\",\"name\":\"Geben Vadisi Milli Park ilan edildi... Kahramanmara\u015f\u2019a yeni do\u011fal miras - Av. Deniz Can K\u0131z\u0131l\",\"isPartOf\":{\"@id\":\"https:\/\/denizcankizil.tr\/#website\"},\"datePublished\":\"2025-05-30T16:42:24+00:00\",\"breadcrumb\":{\"@id\":\"https:\/\/denizcankizil.tr\/ru\/haberler\/gundem\/geben-vadisi-milli-park-ilan-edildi-kahramanmarasa-yeni-dogal-miras\/#breadcrumb\"},\"inLanguage\":\"ru-RU\",\"potentialAction\":[{\"@type\":\"ReadAction\",\"target\":[\"https:\/\/denizcankizil.tr\/ru\/haberler\/gundem\/geben-vadisi-milli-park-ilan-edildi-kahramanmarasa-yeni-dogal-miras\/\"]}]},{\"@type\":\"BreadcrumbList\",\"@id\":\"https:\/\/denizcankizil.tr\/ru\/haberler\/gundem\/geben-vadisi-milli-park-ilan-edildi-kahramanmarasa-yeni-dogal-miras\/#breadcrumb\",\"itemListElement\":[{\"@type\":\"ListItem\",\"position\":1,\"name\":\"Home\",\"item\":\"https:\/\/denizcankizil.tr\/de\/\"},{\"@type\":\"ListItem\",\"position\":2,\"name\":\"Geben Vadisi Milli Park ilan edildi&#8230; Kahramanmara\u015f\u2019a yeni do\u011fal miras\"}]},{\"@type\":\"WebSite\",\"@id\":\"https:\/\/denizcankizil.tr\/#website\",\"url\":\"https:\/\/denizcankizil.tr\/\",\"name\":\"Av. Deniz Can K\u0131z\u0131l\",\"description\":\"Avukat Deniz Can K\u0131z\u0131l Antalya Barosu\",\"publisher\":{\"@id\":\"https:\/\/denizcankizil.tr\/#organization\"},\"potentialAction\":[{\"@type\":\"SearchAction\",\"target\":{\"@type\":\"EntryPoint\",\"urlTemplate\":\"https:\/\/denizcankizil.tr\/?s={search_term_string}\"},\"query-input\":{\"@type\":\"PropertyValueSpecification\",\"valueRequired\":true,\"valueName\":\"search_term_string\"}}],\"inLanguage\":\"ru-RU\"},{\"@type\":\"Organization\",\"@id\":\"https:\/\/denizcankizil.tr\/#organization\",\"name\":\"Av. Deniz Can K\u0131z\u0131l\",\"url\":\"https:\/\/denizcankizil.tr\/\",\"logo\":{\"@type\":\"ImageObject\",\"inLanguage\":\"ru-RU\",\"@id\":\"https:\/\/denizcankizil.tr\/#\/schema\/logo\/image\/\",\"url\":\"https:\/\/denizcankizil.tr\/wp-content\/uploads\/2024\/10\/siyah-logo-svg.svg\",\"contentUrl\":\"https:\/\/denizcankizil.tr\/wp-content\/uploads\/2024\/10\/siyah-logo-svg.svg\",\"width\":1080,\"height\":1080,\"caption\":\"Av. Deniz Can K\u0131z\u0131l\"},\"image\":{\"@id\":\"https:\/\/denizcankizil.tr\/#\/schema\/logo\/image\/\"}},{\"@type\":\"Person\",\"@id\":\"https:\/\/denizcankizil.tr\/#\/schema\/person\/be3c05fe6a12686905512445d8185489\",\"name\":\"admin\",\"image\":{\"@type\":\"ImageObject\",\"inLanguage\":\"ru-RU\",\"@id\":\"https:\/\/denizcankizil.tr\/#\/schema\/person\/image\/\",\"url\":\"https:\/\/secure.gravatar.com\/avatar\/c1fce94c830dc79107e174f890d7210541c4a63e8e5d816341794a2151c9d58c?s=96&d=mm&r=g\",\"contentUrl\":\"https:\/\/secure.gravatar.com\/avatar\/c1fce94c830dc79107e174f890d7210541c4a63e8e5d816341794a2151c9d58c?s=96&d=mm&r=g\",\"caption\":\"admin\"},\"sameAs\":[\"http:\/\/denizcankizil.tr\"],\"url\":\"https:\/\/www.iskenderun.org\/geben-vadisi-milli-park-ilan-edildi-kahramanmarasa-yeni-dogal-miras\"}]}<\/script>\n<!-- \/ Yoast SEO Premium plugin. -->","yoast_head_json":{"title":"Geben Vadisi Milli Park ilan edildi... Kahramanmara\u015f\u2019a yeni do\u011fal miras - Av. Deniz Can K\u0131z\u0131l","robots":{"index":"index","follow":"follow","max-snippet":"max-snippet:-1","max-image-preview":"max-image-preview:large","max-video-preview":"max-video-preview:-1"},"canonical":"https:\/\/denizcankizil.tr\/ru\/haberler\/gundem\/geben-vadisi-milli-park-ilan-edildi-kahramanmarasa-yeni-dogal-miras\/","og_locale":"ru_RU","og_type":"article","og_title":"Geben Vadisi Milli Park ilan edildi... Kahramanmara\u015f\u2019a yeni do\u011fal miras","og_description":"Kahramanmara\u015f\u2019taki Geben Vadisi, Cumhurba\u015fkan\u0131 Karar\u0131 ile milli park stat\u00fcs\u00fcne kavu\u015ftu. Resmi Gazete\u2019de yay\u0131mlanan kararla, b\u00f6lgenin do\u011fal zenginliklerini ve biyolojik \u00e7e\u015fitlili\u011fini koruma alt\u0131na al\u0131nd\u0131.KAHRAMANMARA\u015e (\u0130GFA) &#8211; Bug\u00fcnk\u00fc Resmi Gazete\u2019de yay\u0131mlanan Cumhurba\u015fkan\u0131 Karar\u0131 ile Kahramanmara\u015f\u2019taki Geben Vadisi, \u201cGeben Vadisi Milli Park\u0131\u201d olarak belirlendi. Kararda, Geben Vadisi\u2019nin s\u0131n\u0131rlar\u0131n\u0131 g\u00f6steren harita ve koordinatlara da yer verildi. Ormanlar\u0131, endemik bitki t\u00fcrleri, yaban hayat\u0131 ve tarihi dokusuyla bilinen, Kahramanmara\u015f\u2019\u0131n sakl\u0131 cennetlerinden biri olarak \u00f6ne \u00e7\u0131kan Geben Vadisi ile ilgili Tar\u0131m ve Orman Bakan\u0131 \u0130brahim Yumakl\u0131 da, sosyal medya hesab\u0131ndan videolu payla\u015f\u0131mda bulundu. Bakan Yumakl\u0131, payla\u015f\u0131m\u0131nda, \u201cCumhurba\u015fkan\u0131m\u0131z Say\u0131n Recep Tayyip Erdo\u011fan\u2019\u0131n imzas\u0131yla Kahramanmara\u015f Geben Vadisi, milli park stat\u00fcs\u00fcne kavu\u015ftu. Do\u011fal zenginlikleri ve biyolojik \u00e7e\u015fitlili\u011fiyle Geben Vadisi, art\u0131k koruma alt\u0131ndaki milli miras\u0131m\u0131z aras\u0131nda yer alacak\u201d ifadelerini kulland\u0131. \u26f0\ufe0f @milliparklar&#8217;\u0131m\u0131za bir yenisi eklendi.\u270d\ufe0f Cumhurba\u015fkan\u0131m\u0131z Say\u0131n @RTErdogan\u2019\u0131n imzas\u0131yla ????Kahramanmara\u015f Geben Vadisi, mill\u00ee park stat\u00fcs\u00fcne kavu\u015ftu.???? Do\u011fal zenginlikleri ve biyolojik \u00e7e\u015fitlili\u011fiyle Geben Vadisi, art\u0131k koruma alt\u0131ndaki mill\u00ee miras\u0131m\u0131z aras\u0131nda yer alacak.\u2026 pic.twitter.com\/k2IVhgyPWs\u2014 \u0130brahim Yumakl\u0131 (@ibrahimyumakli) May 30, 2025 \u200bKahramanmara\u015f\u2019taki Geben Vadisi, Cumhurba\u015fkan\u0131 Karar\u0131 ile milli park stat\u00fcs\u00fcne kavu\u015ftu. Resmi Gazete\u2019de yay\u0131mlanan kararla, b\u00f6lgenin do\u011fal zenginliklerini ve biyolojik \u00e7e\u015fitlili\u011fini koruma alt\u0131na al\u0131nd\u0131.KAHRAMANMARA\u015e (\u0130GFA) &#8211; Bug\u00fcnk\u00fc Resmi Gazete\u2019de yay\u0131mlanan Cumhurba\u015fkan\u0131 Karar\u0131 ile Kahramanmara\u015f\u2019taki Geben Vadisi, \u201cGeben Vadisi Milli Park\u0131\u201d olarak belirlendi. Kararda, Geben &hellip;","og_url":"https:\/\/denizcankizil.tr\/ru\/haberler\/gundem\/geben-vadisi-milli-park-ilan-edildi-kahramanmarasa-yeni-dogal-miras\/","og_site_name":"Av. Deniz Can K\u0131z\u0131l","article_published_time":"2025-05-30T16:42:24+00:00","author":"admin","twitter_card":"summary_large_image","twitter_misc":{"\u041d\u0430\u043f\u0438\u0441\u0430\u043d\u043e \u0430\u0432\u0442\u043e\u0440\u043e\u043c":"admin","\u041f\u0440\u0438\u043c\u0435\u0440\u043d\u043e\u0435 \u0432\u0440\u0435\u043c\u044f \u0434\u043b\u044f \u0447\u0442\u0435\u043d\u0438\u044f":"2 \u043c\u0438\u043d\u0443\u0442\u044b"},"schema":{"@context":"https:\/\/schema.org","@graph":[{"@type":"Article","@id":"https:\/\/denizcankizil.tr\/ru\/haberler\/gundem\/geben-vadisi-milli-park-ilan-edildi-kahramanmarasa-yeni-dogal-miras\/#article","isPartOf":{"@id":"https:\/\/denizcankizil.tr\/ru\/haberler\/gundem\/geben-vadisi-milli-park-ilan-edildi-kahramanmarasa-yeni-dogal-miras\/"},"author":{"name":"admin","@id":"https:\/\/denizcankizil.tr\/#\/schema\/person\/be3c05fe6a12686905512445d8185489"},"headline":"Geben Vadisi Milli Park ilan edildi&#8230; Kahramanmara\u015f\u2019a yeni do\u011fal miras","datePublished":"2025-05-30T16:42:24+00:00","mainEntityOfPage":{"@id":"https:\/\/denizcankizil.tr\/ru\/haberler\/gundem\/geben-vadisi-milli-park-ilan-edildi-kahramanmarasa-yeni-dogal-miras\/"},"wordCount":472,"publisher":{"@id":"https:\/\/denizcankizil.tr\/#organization"},"articleSection":["G\u00fcndem"],"inLanguage":"ru-RU"},{"@type":"WebPage","@id":"https:\/\/denizcankizil.tr\/ru\/haberler\/gundem\/geben-vadisi-milli-park-ilan-edildi-kahramanmarasa-yeni-dogal-miras\/","url":"https:\/\/denizcankizil.tr\/ru\/haberler\/gundem\/geben-vadisi-milli-park-ilan-edildi-kahramanmarasa-yeni-dogal-miras\/","name":"Geben Vadisi Milli Park ilan edildi... Kahramanmara\u015f\u2019a yeni do\u011fal miras - Av. Deniz Can K\u0131z\u0131l","isPartOf":{"@id":"https:\/\/denizcankizil.tr\/#website"},"datePublished":"2025-05-30T16:42:24+00:00","breadcrumb":{"@id":"https:\/\/denizcankizil.tr\/ru\/haberler\/gundem\/geben-vadisi-milli-park-ilan-edildi-kahramanmarasa-yeni-dogal-miras\/#breadcrumb"},"inLanguage":"ru-RU","potentialAction":[{"@type":"ReadAction","target":["https:\/\/denizcankizil.tr\/ru\/haberler\/gundem\/geben-vadisi-milli-park-ilan-edildi-kahramanmarasa-yeni-dogal-miras\/"]}]},{"@type":"BreadcrumbList","@id":"https:\/\/denizcankizil.tr\/ru\/haberler\/gundem\/geben-vadisi-milli-park-ilan-edildi-kahramanmarasa-yeni-dogal-miras\/#breadcrumb","itemListElement":[{"@type":"ListItem","position":1,"name":"Home","item":"https:\/\/denizcankizil.tr\/de\/"},{"@type":"ListItem","position":2,"name":"Geben Vadisi Milli Park ilan edildi&#8230; Kahramanmara\u015f\u2019a yeni do\u011fal miras"}]},{"@type":"WebSite","@id":"https:\/\/denizcankizil.tr\/#website","url":"https:\/\/denizcankizil.tr\/","name":"Av. Deniz Can K\u0131z\u0131l","description":"Avukat Deniz Can K\u0131z\u0131l Antalya Barosu","publisher":{"@id":"https:\/\/denizcankizil.tr\/#organization"},"potentialAction":[{"@type":"SearchAction","target":{"@type":"EntryPoint","urlTemplate":"https:\/\/denizcankizil.tr\/?s={search_term_string}"},"query-input":{"@type":"PropertyValueSpecification","valueRequired":true,"valueName":"search_term_string"}}],"inLanguage":"ru-RU"},{"@type":"Organization","@id":"https:\/\/denizcankizil.tr\/#organization","name":"Av. Deniz Can K\u0131z\u0131l","url":"https:\/\/denizcankizil.tr\/","logo":{"@type":"ImageObject","inLanguage":"ru-RU","@id":"https:\/\/denizcankizil.tr\/#\/schema\/logo\/image\/","url":"https:\/\/denizcankizil.tr\/wp-content\/uploads\/2024\/10\/siyah-logo-svg.svg","contentUrl":"https:\/\/denizcankizil.tr\/wp-content\/uploads\/2024\/10\/siyah-logo-svg.svg","width":1080,"height":1080,"caption":"Av. Deniz Can K\u0131z\u0131l"},"image":{"@id":"https:\/\/denizcankizil.tr\/#\/schema\/logo\/image\/"}},{"@type":"Person","@id":"https:\/\/denizcankizil.tr\/#\/schema\/person\/be3c05fe6a12686905512445d8185489","name":"\u0430\u0434\u043c\u0438\u043d","image":{"@type":"ImageObject","inLanguage":"ru-RU","@id":"https:\/\/denizcankizil.tr\/#\/schema\/person\/image\/","url":"https:\/\/secure.gravatar.com\/avatar\/c1fce94c830dc79107e174f890d7210541c4a63e8e5d816341794a2151c9d58c?s=96&d=mm&r=g","contentUrl":"https:\/\/secure.gravatar.com\/avatar\/c1fce94c830dc79107e174f890d7210541c4a63e8e5d816341794a2151c9d58c?s=96&d=mm&r=g","caption":"admin"},"sameAs":["http:\/\/denizcankizil.tr"],"url":"https:\/\/www.iskenderun.org\/geben-vadisi-milli-park-ilan-edildi-kahramanmarasa-yeni-dogal-miras"}]}},"_links":{"self":[{"href":"https:\/\/denizcankizil.tr\/ru\/wp-json\/wp\/v2\/posts\/101961","targetHints":{"allow":["GET"]}}],"collection":[{"href":"https:\/\/denizcankizil.tr\/ru\/wp-json\/wp\/v2\/posts"}],"about":[{"href":"https:\/\/denizcankizil.tr\/ru\/wp-json\/wp\/v2\/types\/post"}],"author":[{"embeddable":true,"href":"https:\/\/denizcankizil.tr\/ru\/wp-json\/wp\/v2\/users\/1"}],"replies":[{"embeddable":true,"href":"https:\/\/denizcankizil.tr\/ru\/wp-json\/wp\/v2\/comments?post=101961"}],"version-history":[{"count":0,"href":"https:\/\/denizcankizil.tr\/ru\/wp-json\/wp\/v2\/posts\/101961\/revisions"}],"wp:attachment":[{"href":"https:\/\/denizcankizil.tr\/ru\/wp-json\/wp\/v2\/media?parent=101961"}],"wp:term":[{"taxonomy":"category","embeddable":true,"href":"https:\/\/denizcankizil.tr\/ru\/wp-json\/wp\/v2\/categories?post=101961"},{"taxonomy":"post_tag","embeddable":true,"href":"https:\/\/denizcankizil.tr\/ru\/wp-json\/wp\/v2\/tags?post=101961"}],"curies":[{"name":"wp","href":"https:\/\/api.w.org\/{rel}","templated":true}]}}