{"id":101569,"date":"2025-05-30T11:42:09","date_gmt":"2025-05-30T08:42:09","guid":{"rendered":"https:\/\/denizcankizil.tr\/uncategorized-tr\/antalyalilar-ekrem-imamoglu-icin-bulusacak-otobus-kalkis-noktalari-belli-oldu\/"},"modified":"2025-05-30T11:42:09","modified_gmt":"2025-05-30T08:42:09","slug":"antalyalilar-ekrem-imamoglu-icin-bulusacak-otobus-kalkis-noktalari-belli-oldu","status":"publish","type":"post","link":"https:\/\/denizcankizil.tr\/ru\/haberler\/gundem\/antalyalilar-ekrem-imamoglu-icin-bulusacak-otobus-kalkis-noktalari-belli-oldu\/","title":{"rendered":"Antalyal\u0131lar Ekrem \u0130mamo\u011flu i\u00e7in bulu\u015facak! Otob\u00fcs kalk\u0131\u015f noktalar\u0131 belli oldu"},"content":{"rendered":"<p>CHP, \u0130stanbul B\u00fcy\u00fck\u015fehir Belediye (\u0130BB) Ba\u015fkan\u0131 Ekrem \u0130mamo\u011flu\u2019nun tutuklanmas\u0131na kar\u015f\u0131 miting dizisini s\u00fcrd\u00fcr\u00fcyor. \u2018Millet \u0130radesine Sahip \u00c7\u0131k\u0131yor\u2019 slogan\u0131yla Antalya\u2019da d\u00fczenlenecek.<\/p>\n<p>PAZAR G\u00dcN\u00dc ANTALYA\u2019DA <\/p>\n<p>Cumhuriyet Halk Partisi (CHP) \u2018Millet \u0130radesine Sahip \u00c7\u0131k\u0131yor\u2019 mitinginin bu haftaki adresi Antalya olacak. 1 Haziran Pazar g\u00fcn\u00fc CHP Genel Ba\u015fkan\u0131 \u00d6zg\u00fcr \u00d6zel\u2019in \u00f6nc\u00fcl\u00fc\u011f\u00fcnde ger\u00e7ekle\u015ftirilecek. CHP Muratpa\u015fa \u0130l\u00e7e Ba\u015fkanl\u0131\u011f\u0131 mitingi i\u00e7in ara\u00e7 kalk\u0131\u015f noktalar\u0131n\u0131 duyurdu.<\/p>\n<p>ARA\u00c7 KALKI\u015e NOKTALARI BEL\u0130RLEND\u0130<\/p>\n<p>Muratpa\u015fa&#8217;dan miting alan\u0131na kat\u0131lmak isteyen vatanda\u015flar i\u00e7in kalk\u0131\u015f saati 15.00 olarak belirlendi. \u0130\u015fte otob\u00fcs noktalar\u0131\u2026<\/p>\n<p> Akant Koleji \u00d6n\u00fc \u2013 Meydankava\u011f\u0131 Mah. 1595. Sk.<\/p>\n<p> G\u00fczeloba Pazar Yeri \u2013 G\u00fczeloba Mah. 2239. Sk.<\/p>\n<p> CHP Muratpa\u015fa \u0130l\u00e7e Ba\u015fkanl\u0131\u011f\u0131 \u2013 Tah\u0131lpazar\u0131 Mah. 472. Sk.<\/p>\n<p> So\u011fuksu Mahalle Temsilcili\u011fi \u2013 So\u011fuksu Mah. 298. Sk.<\/p>\n<p> Meltem Mahalle Temsilcili\u011fi \u2013 Meltem Mah. 3807. Sk.<\/p>\n<p> Muratpa\u015fa Kent Meydan\u0131 \u2013 Fener Mah. Tekelio\u011flu Cad.<\/p>\n<p> Ye\u015filbah\u00e7e Mahalle Temsilcili\u011fi \u2013 Ye\u015filbah\u00e7e Mah. 1480. Sk.<\/p>\n<p> Zerdalilik Mahalle Temsilcili\u011fi \u2013 Zerdalilik Mah. 1404. Sk.<\/p>\n<p> Zeytink\u00f6y Cemevi \u2013 Ye\u015fildere Mah. 1172. Sk.<\/p>\n<p>\u200b\u0130stanbul B\u00fcy\u00fck\u015fehir Belediye Ba\u015fkan\u0131 Ekrem \u0130mamo\u011flu\u2019nun tutuklanmas\u0131n\u0131n ard\u0131ndan \u2018Millet \u0130radesine Sahip \u00c7\u0131k\u0131yor\u2019 mitinginin bu haftaki adresi Antalya olacak. CHP Muratpa\u015fa \u0130l\u00e7e Ba\u015fkanl\u0131\u011f\u0131 miting i\u00e7in otob\u00fcs kalk\u0131\u015f noktalar\u0131n\u0131 duyurdu.\u00a0<\/p>\n<p>\u200bHaberin Al\u0131nt\u0131land\u0131\u011f\u0131 Kaynak: www.antalyakorfez.com<\/p>","protected":false},"excerpt":{"rendered":"<p>CHP, \u0130stanbul B\u00fcy\u00fck\u015fehir Belediye (\u0130BB) Ba\u015fkan\u0131 Ekrem \u0130mamo\u011flu\u2019nun tutuklanmas\u0131na kar\u015f\u0131 miting dizisini s\u00fcrd\u00fcr\u00fcyor. \u2018Millet \u0130radesine Sahip \u00c7\u0131k\u0131yor\u2019 slogan\u0131yla Antalya\u2019da d\u00fczenlenecek. PAZAR G\u00dcN\u00dc ANTALYA\u2019DA Cumhuriyet Halk Partisi (CHP) \u2018Millet \u0130radesine Sahip \u00c7\u0131k\u0131yor\u2019 mitinginin bu haftaki adresi Antalya olacak. 1 Haziran Pazar g\u00fcn\u00fc CHP Genel Ba\u015fkan\u0131 \u00d6zg\u00fcr \u00d6zel\u2019in \u00f6nc\u00fcl\u00fc\u011f\u00fcnde ger\u00e7ekle\u015ftirilecek. CHP Muratpa\u015fa \u0130l\u00e7e Ba\u015fkanl\u0131\u011f\u0131 mitingi i\u00e7in ara\u00e7 kalk\u0131\u015f noktalar\u0131n\u0131 duyurdu. ARA\u00c7 KALKI\u015e NOKTALARI BEL\u0130RLEND\u0130 Muratpa\u015fa&#8217;dan miting alan\u0131na kat\u0131lmak isteyen vatanda\u015flar i\u00e7in kalk\u0131\u015f saati 15.00 olarak belirlendi. \u0130\u015fte otob\u00fcs noktalar\u0131\u2026 Akant Koleji \u00d6n\u00fc \u2013 Meydankava\u011f\u0131 Mah. 1595. Sk. G\u00fczeloba Pazar Yeri \u2013 G\u00fczeloba Mah. 2239. Sk. CHP Muratpa\u015fa \u0130l\u00e7e Ba\u015fkanl\u0131\u011f\u0131 \u2013 Tah\u0131lpazar\u0131 Mah. 472. Sk. So\u011fuksu Mahalle Temsilcili\u011fi \u2013 So\u011fuksu Mah. 298. Sk. Meltem Mahalle Temsilcili\u011fi \u2013 Meltem Mah. 3807. Sk. Muratpa\u015fa Kent Meydan\u0131 \u2013 Fener Mah. Tekelio\u011flu Cad. Ye\u015filbah\u00e7e Mahalle Temsilcili\u011fi \u2013 Ye\u015filbah\u00e7e Mah. 1480. Sk. Zerdalilik Mahalle Temsilcili\u011fi \u2013 Zerdalilik Mah. 1404. Sk. Zeytink\u00f6y Cemevi \u2013 Ye\u015fildere Mah. 1172. Sk. \u200b\u0130stanbul B\u00fcy\u00fck\u015fehir Belediye Ba\u015fkan\u0131 Ekrem \u0130mamo\u011flu\u2019nun tutuklanmas\u0131n\u0131n ard\u0131ndan \u2018Millet \u0130radesine Sahip \u00c7\u0131k\u0131yor\u2019 mitinginin bu haftaki adresi Antalya olacak. CHP Muratpa\u015fa \u0130l\u00e7e Ba\u015fkanl\u0131\u011f\u0131 miting i\u00e7in otob\u00fcs kalk\u0131\u015f noktalar\u0131n\u0131 duyurdu.\u00a0 \u200bHaberin Al\u0131nt\u0131land\u0131\u011f\u0131 Kaynak: www.antalyakorfez.com<\/p>","protected":false},"author":5,"featured_media":0,"comment_status":"","ping_status":"open","sticky":false,"template":"","format":"standard","meta":{"_acf_changed":false,"footnotes":""},"categories":[24],"tags":[],"class_list":["post-101569","post","type-post","status-publish","format-standard","has-post-thumbnail","hentry","category-gundem"],"acf":[],"yoast_head":"<!-- This site is optimized with the Yoast SEO Premium plugin v26.6 (Yoast SEO v27.1.1) - https:\/\/yoast.com\/product\/yoast-seo-premium-wordpress\/ -->\n<title>Antalyal\u0131lar Ekrem \u0130mamo\u011flu i\u00e7in bulu\u015facak! Otob\u00fcs kalk\u0131\u015f noktalar\u0131 belli oldu - Av. Deniz Can K\u0131z\u0131l<\/title>\n<meta name=\"robots\" content=\"index, follow, max-snippet:-1, max-image-preview:large, max-video-preview:-1\" \/>\n<link rel=\"canonical\" href=\"http:\/\/denizcankizil.tr\/ru\/haberler\/gundem\/antalyalilar-ekrem-imamoglu-icin-bulusacak-otobus-kalkis-noktalari-belli-oldu\/\" \/>\n<meta property=\"og:locale\" content=\"ru_RU\" \/>\n<meta property=\"og:type\" content=\"article\" \/>\n<meta property=\"og:title\" content=\"Antalyal\u0131lar Ekrem \u0130mamo\u011flu i\u00e7in bulu\u015facak! Otob\u00fcs kalk\u0131\u015f noktalar\u0131 belli oldu\" \/>\n<meta property=\"og:description\" content=\"CHP, \u0130stanbul B\u00fcy\u00fck\u015fehir Belediye (\u0130BB) Ba\u015fkan\u0131 Ekrem \u0130mamo\u011flu\u2019nun tutuklanmas\u0131na kar\u015f\u0131 miting dizisini s\u00fcrd\u00fcr\u00fcyor. \u2018Millet \u0130radesine Sahip \u00c7\u0131k\u0131yor\u2019 slogan\u0131yla Antalya\u2019da d\u00fczenlenecek. PAZAR G\u00dcN\u00dc ANTALYA\u2019DA Cumhuriyet Halk Partisi (CHP) \u2018Millet \u0130radesine Sahip \u00c7\u0131k\u0131yor\u2019 mitinginin bu haftaki adresi Antalya olacak. 1 Haziran Pazar g\u00fcn\u00fc CHP Genel Ba\u015fkan\u0131 \u00d6zg\u00fcr \u00d6zel\u2019in \u00f6nc\u00fcl\u00fc\u011f\u00fcnde ger\u00e7ekle\u015ftirilecek. CHP Muratpa\u015fa \u0130l\u00e7e Ba\u015fkanl\u0131\u011f\u0131 mitingi i\u00e7in ara\u00e7 kalk\u0131\u015f noktalar\u0131n\u0131 duyurdu. ARA\u00c7 KALKI\u015e NOKTALARI BEL\u0130RLEND\u0130 Muratpa\u015fa&#8217;dan miting alan\u0131na kat\u0131lmak isteyen vatanda\u015flar i\u00e7in kalk\u0131\u015f saati 15.00 olarak belirlendi. \u0130\u015fte otob\u00fcs noktalar\u0131\u2026 Akant Koleji \u00d6n\u00fc \u2013 Meydankava\u011f\u0131 Mah. 1595. Sk. G\u00fczeloba Pazar Yeri \u2013 G\u00fczeloba Mah. 2239. Sk. CHP Muratpa\u015fa \u0130l\u00e7e Ba\u015fkanl\u0131\u011f\u0131 \u2013 Tah\u0131lpazar\u0131 Mah. 472. Sk. So\u011fuksu Mahalle Temsilcili\u011fi \u2013 So\u011fuksu Mah. 298. Sk. Meltem Mahalle Temsilcili\u011fi \u2013 Meltem Mah. 3807. Sk. Muratpa\u015fa Kent Meydan\u0131 \u2013 Fener Mah. Tekelio\u011flu Cad. Ye\u015filbah\u00e7e Mahalle Temsilcili\u011fi \u2013 Ye\u015filbah\u00e7e Mah. 1480. Sk. Zerdalilik Mahalle Temsilcili\u011fi \u2013 Zerdalilik Mah. 1404. Sk. Zeytink\u00f6y Cemevi \u2013 Ye\u015fildere Mah. 1172. Sk. \u200b\u0130stanbul B\u00fcy\u00fck\u015fehir Belediye Ba\u015fkan\u0131 Ekrem \u0130mamo\u011flu\u2019nun tutuklanmas\u0131n\u0131n ard\u0131ndan \u2018Millet \u0130radesine Sahip \u00c7\u0131k\u0131yor\u2019 mitinginin bu haftaki adresi Antalya olacak. CHP Muratpa\u015fa \u0130l\u00e7e Ba\u015fkanl\u0131\u011f\u0131 miting i\u00e7in otob\u00fcs kalk\u0131\u015f noktalar\u0131n\u0131 duyurdu.\u00a0 \u200bHaberin Al\u0131nt\u0131land\u0131\u011f\u0131 Kaynak: www.antalyakorfez.com\" \/>\n<meta property=\"og:url\" content=\"http:\/\/denizcankizil.tr\/ru\/haberler\/gundem\/antalyalilar-ekrem-imamoglu-icin-bulusacak-otobus-kalkis-noktalari-belli-oldu\/\" \/>\n<meta property=\"og:site_name\" content=\"Av. Deniz Can K\u0131z\u0131l\" \/>\n<meta property=\"article:published_time\" content=\"2025-05-30T08:42:09+00:00\" \/>\n<meta name=\"author\" content=\"Antalya K\u00f6rfez\" \/>\n<meta name=\"twitter:card\" content=\"summary_large_image\" \/>\n<meta name=\"twitter:label1\" content=\"\u041d\u0430\u043f\u0438\u0441\u0430\u043d\u043e \u0430\u0432\u0442\u043e\u0440\u043e\u043c\" \/>\n\t<meta name=\"twitter:data1\" content=\"Antalya K\u00f6rfez\" \/>\n\t<meta name=\"twitter:label2\" content=\"\u041f\u0440\u0438\u043c\u0435\u0440\u043d\u043e\u0435 \u0432\u0440\u0435\u043c\u044f \u0434\u043b\u044f \u0447\u0442\u0435\u043d\u0438\u044f\" \/>\n\t<meta name=\"twitter:data2\" content=\"1 \u043c\u0438\u043d\u0443\u0442\u0430\" \/>\n<script type=\"application\/ld+json\" class=\"yoast-schema-graph\">{\"@context\":\"https:\/\/schema.org\",\"@graph\":[{\"@type\":\"Article\",\"@id\":\"http:\/\/denizcankizil.tr\/de\/haberler\/gundem\/antalyalilar-ekrem-imamoglu-icin-bulusacak-otobus-kalkis-noktalari-belli-oldu\/#article\",\"isPartOf\":{\"@id\":\"http:\/\/denizcankizil.tr\/de\/haberler\/gundem\/antalyalilar-ekrem-imamoglu-icin-bulusacak-otobus-kalkis-noktalari-belli-oldu\/\"},\"author\":{\"name\":\"Antalya K\u00f6rfez\",\"@id\":\"https:\/\/denizcankizil.tr\/de\/#\/schema\/person\/e1eb71bb4dd684d46563f0af307e1234\"},\"headline\":\"Antalyal\u0131lar Ekrem \u0130mamo\u011flu i\u00e7in bulu\u015facak! Otob\u00fcs kalk\u0131\u015f noktalar\u0131 belli oldu\",\"datePublished\":\"2025-05-30T08:42:09+00:00\",\"mainEntityOfPage\":{\"@id\":\"http:\/\/denizcankizil.tr\/de\/haberler\/gundem\/antalyalilar-ekrem-imamoglu-icin-bulusacak-otobus-kalkis-noktalari-belli-oldu\/\"},\"wordCount\":255,\"publisher\":{\"@id\":\"https:\/\/denizcankizil.tr\/de\/#organization\"},\"articleSection\":[\"G\u00fcndem\"],\"inLanguage\":\"ru-RU\"},{\"@type\":\"WebPage\",\"@id\":\"http:\/\/denizcankizil.tr\/de\/haberler\/gundem\/antalyalilar-ekrem-imamoglu-icin-bulusacak-otobus-kalkis-noktalari-belli-oldu\/\",\"url\":\"http:\/\/denizcankizil.tr\/de\/haberler\/gundem\/antalyalilar-ekrem-imamoglu-icin-bulusacak-otobus-kalkis-noktalari-belli-oldu\/\",\"name\":\"Antalyal\u0131lar Ekrem \u0130mamo\u011flu i\u00e7in bulu\u015facak! Otob\u00fcs kalk\u0131\u015f noktalar\u0131 belli oldu - Av. Deniz Can K\u0131z\u0131l\",\"isPartOf\":{\"@id\":\"https:\/\/denizcankizil.tr\/de\/#website\"},\"datePublished\":\"2025-05-30T08:42:09+00:00\",\"breadcrumb\":{\"@id\":\"http:\/\/denizcankizil.tr\/de\/haberler\/gundem\/antalyalilar-ekrem-imamoglu-icin-bulusacak-otobus-kalkis-noktalari-belli-oldu\/#breadcrumb\"},\"inLanguage\":\"ru-RU\",\"potentialAction\":[{\"@type\":\"ReadAction\",\"target\":[\"http:\/\/denizcankizil.tr\/de\/haberler\/gundem\/antalyalilar-ekrem-imamoglu-icin-bulusacak-otobus-kalkis-noktalari-belli-oldu\/\"]}]},{\"@type\":\"BreadcrumbList\",\"@id\":\"http:\/\/denizcankizil.tr\/de\/haberler\/gundem\/antalyalilar-ekrem-imamoglu-icin-bulusacak-otobus-kalkis-noktalari-belli-oldu\/#breadcrumb\",\"itemListElement\":[{\"@type\":\"ListItem\",\"position\":1,\"name\":\"Home\",\"item\":\"https:\/\/denizcankizil.tr\/de\/\"},{\"@type\":\"ListItem\",\"position\":2,\"name\":\"Antalyal\u0131lar Ekrem \u0130mamo\u011flu i\u00e7in bulu\u015facak! Otob\u00fcs kalk\u0131\u015f noktalar\u0131 belli oldu\"}]},{\"@type\":\"WebSite\",\"@id\":\"https:\/\/denizcankizil.tr\/de\/#website\",\"url\":\"https:\/\/denizcankizil.tr\/de\/\",\"name\":\"Av. Deniz Can K\u0131z\u0131l\",\"description\":\"Avukat Deniz Can K\u0131z\u0131l Antalya Barosu\",\"publisher\":{\"@id\":\"https:\/\/denizcankizil.tr\/de\/#organization\"},\"potentialAction\":[{\"@type\":\"SearchAction\",\"target\":{\"@type\":\"EntryPoint\",\"urlTemplate\":\"https:\/\/denizcankizil.tr\/de\/?s={search_term_string}\"},\"query-input\":{\"@type\":\"PropertyValueSpecification\",\"valueRequired\":true,\"valueName\":\"search_term_string\"}}],\"inLanguage\":\"ru-RU\"},{\"@type\":\"Organization\",\"@id\":\"https:\/\/denizcankizil.tr\/de\/#organization\",\"name\":\"Av. Deniz Can K\u0131z\u0131l\",\"url\":\"https:\/\/denizcankizil.tr\/de\/\",\"logo\":{\"@type\":\"ImageObject\",\"inLanguage\":\"ru-RU\",\"@id\":\"https:\/\/denizcankizil.tr\/de\/#\/schema\/logo\/image\/\",\"url\":\"https:\/\/denizcankizil.tr\/wp-content\/uploads\/2024\/10\/siyah-logo-svg.svg\",\"contentUrl\":\"https:\/\/denizcankizil.tr\/wp-content\/uploads\/2024\/10\/siyah-logo-svg.svg\",\"width\":1080,\"height\":1080,\"caption\":\"Av. Deniz Can K\u0131z\u0131l\"},\"image\":{\"@id\":\"https:\/\/denizcankizil.tr\/de\/#\/schema\/logo\/image\/\"}},{\"@type\":\"Person\",\"@id\":\"https:\/\/denizcankizil.tr\/de\/#\/schema\/person\/e1eb71bb4dd684d46563f0af307e1234\",\"name\":\"Antalya K\u00f6rfez\",\"image\":{\"@type\":\"ImageObject\",\"inLanguage\":\"ru-RU\",\"@id\":\"https:\/\/denizcankizil.tr\/de\/#\/schema\/person\/image\/\",\"url\":\"https:\/\/secure.gravatar.com\/avatar\/42b01982558a48a0b501fdcab6a408d3717ea5919095ee2e67b0e521799c5905?s=96&d=mm&r=g\",\"contentUrl\":\"https:\/\/secure.gravatar.com\/avatar\/42b01982558a48a0b501fdcab6a408d3717ea5919095ee2e67b0e521799c5905?s=96&d=mm&r=g\",\"caption\":\"Antalya K\u00f6rfez\"},\"sameAs\":[\"http:\/\/www.antalyakorfez.com\"],\"url\":\"https:\/\/www.antalyakorfez.com\/antalyalilar-ekrem-imamoglu-icin-bulusacak-otobus-kalkis-noktalari-belli-oldu\"}]}<\/script>\n<!-- \/ Yoast SEO Premium plugin. -->","yoast_head_json":{"title":"Antalyal\u0131lar Ekrem \u0130mamo\u011flu i\u00e7in bulu\u015facak! Otob\u00fcs kalk\u0131\u015f noktalar\u0131 belli oldu - Av. Deniz Can K\u0131z\u0131l","robots":{"index":"index","follow":"follow","max-snippet":"max-snippet:-1","max-image-preview":"max-image-preview:large","max-video-preview":"max-video-preview:-1"},"canonical":"http:\/\/denizcankizil.tr\/ru\/haberler\/gundem\/antalyalilar-ekrem-imamoglu-icin-bulusacak-otobus-kalkis-noktalari-belli-oldu\/","og_locale":"ru_RU","og_type":"article","og_title":"Antalyal\u0131lar Ekrem \u0130mamo\u011flu i\u00e7in bulu\u015facak! Otob\u00fcs kalk\u0131\u015f noktalar\u0131 belli oldu","og_description":"CHP, \u0130stanbul B\u00fcy\u00fck\u015fehir Belediye (\u0130BB) Ba\u015fkan\u0131 Ekrem \u0130mamo\u011flu\u2019nun tutuklanmas\u0131na kar\u015f\u0131 miting dizisini s\u00fcrd\u00fcr\u00fcyor. \u2018Millet \u0130radesine Sahip \u00c7\u0131k\u0131yor\u2019 slogan\u0131yla Antalya\u2019da d\u00fczenlenecek. PAZAR G\u00dcN\u00dc ANTALYA\u2019DA Cumhuriyet Halk Partisi (CHP) \u2018Millet \u0130radesine Sahip \u00c7\u0131k\u0131yor\u2019 mitinginin bu haftaki adresi Antalya olacak. 1 Haziran Pazar g\u00fcn\u00fc CHP Genel Ba\u015fkan\u0131 \u00d6zg\u00fcr \u00d6zel\u2019in \u00f6nc\u00fcl\u00fc\u011f\u00fcnde ger\u00e7ekle\u015ftirilecek. CHP Muratpa\u015fa \u0130l\u00e7e Ba\u015fkanl\u0131\u011f\u0131 mitingi i\u00e7in ara\u00e7 kalk\u0131\u015f noktalar\u0131n\u0131 duyurdu. ARA\u00c7 KALKI\u015e NOKTALARI BEL\u0130RLEND\u0130 Muratpa\u015fa&#8217;dan miting alan\u0131na kat\u0131lmak isteyen vatanda\u015flar i\u00e7in kalk\u0131\u015f saati 15.00 olarak belirlendi. \u0130\u015fte otob\u00fcs noktalar\u0131\u2026 Akant Koleji \u00d6n\u00fc \u2013 Meydankava\u011f\u0131 Mah. 1595. Sk. G\u00fczeloba Pazar Yeri \u2013 G\u00fczeloba Mah. 2239. Sk. CHP Muratpa\u015fa \u0130l\u00e7e Ba\u015fkanl\u0131\u011f\u0131 \u2013 Tah\u0131lpazar\u0131 Mah. 472. Sk. So\u011fuksu Mahalle Temsilcili\u011fi \u2013 So\u011fuksu Mah. 298. Sk. Meltem Mahalle Temsilcili\u011fi \u2013 Meltem Mah. 3807. Sk. Muratpa\u015fa Kent Meydan\u0131 \u2013 Fener Mah. Tekelio\u011flu Cad. Ye\u015filbah\u00e7e Mahalle Temsilcili\u011fi \u2013 Ye\u015filbah\u00e7e Mah. 1480. Sk. Zerdalilik Mahalle Temsilcili\u011fi \u2013 Zerdalilik Mah. 1404. Sk. Zeytink\u00f6y Cemevi \u2013 Ye\u015fildere Mah. 1172. Sk. \u200b\u0130stanbul B\u00fcy\u00fck\u015fehir Belediye Ba\u015fkan\u0131 Ekrem \u0130mamo\u011flu\u2019nun tutuklanmas\u0131n\u0131n ard\u0131ndan \u2018Millet \u0130radesine Sahip \u00c7\u0131k\u0131yor\u2019 mitinginin bu haftaki adresi Antalya olacak. CHP Muratpa\u015fa \u0130l\u00e7e Ba\u015fkanl\u0131\u011f\u0131 miting i\u00e7in otob\u00fcs kalk\u0131\u015f noktalar\u0131n\u0131 duyurdu.\u00a0 \u200bHaberin Al\u0131nt\u0131land\u0131\u011f\u0131 Kaynak: www.antalyakorfez.com","og_url":"http:\/\/denizcankizil.tr\/ru\/haberler\/gundem\/antalyalilar-ekrem-imamoglu-icin-bulusacak-otobus-kalkis-noktalari-belli-oldu\/","og_site_name":"Av. Deniz Can K\u0131z\u0131l","article_published_time":"2025-05-30T08:42:09+00:00","author":"Antalya K\u00f6rfez","twitter_card":"summary_large_image","twitter_misc":{"\u041d\u0430\u043f\u0438\u0441\u0430\u043d\u043e \u0430\u0432\u0442\u043e\u0440\u043e\u043c":"Antalya K\u00f6rfez","\u041f\u0440\u0438\u043c\u0435\u0440\u043d\u043e\u0435 \u0432\u0440\u0435\u043c\u044f \u0434\u043b\u044f \u0447\u0442\u0435\u043d\u0438\u044f":"1 \u043c\u0438\u043d\u0443\u0442\u0430"},"schema":{"@context":"https:\/\/schema.org","@graph":[{"@type":"Article","@id":"http:\/\/denizcankizil.tr\/de\/haberler\/gundem\/antalyalilar-ekrem-imamoglu-icin-bulusacak-otobus-kalkis-noktalari-belli-oldu\/#article","isPartOf":{"@id":"http:\/\/denizcankizil.tr\/de\/haberler\/gundem\/antalyalilar-ekrem-imamoglu-icin-bulusacak-otobus-kalkis-noktalari-belli-oldu\/"},"author":{"name":"Antalya K\u00f6rfez","@id":"https:\/\/denizcankizil.tr\/de\/#\/schema\/person\/e1eb71bb4dd684d46563f0af307e1234"},"headline":"Antalyal\u0131lar Ekrem \u0130mamo\u011flu i\u00e7in bulu\u015facak! Otob\u00fcs kalk\u0131\u015f noktalar\u0131 belli oldu","datePublished":"2025-05-30T08:42:09+00:00","mainEntityOfPage":{"@id":"http:\/\/denizcankizil.tr\/de\/haberler\/gundem\/antalyalilar-ekrem-imamoglu-icin-bulusacak-otobus-kalkis-noktalari-belli-oldu\/"},"wordCount":255,"publisher":{"@id":"https:\/\/denizcankizil.tr\/de\/#organization"},"articleSection":["G\u00fcndem"],"inLanguage":"ru-RU"},{"@type":"WebPage","@id":"http:\/\/denizcankizil.tr\/de\/haberler\/gundem\/antalyalilar-ekrem-imamoglu-icin-bulusacak-otobus-kalkis-noktalari-belli-oldu\/","url":"http:\/\/denizcankizil.tr\/de\/haberler\/gundem\/antalyalilar-ekrem-imamoglu-icin-bulusacak-otobus-kalkis-noktalari-belli-oldu\/","name":"Antalyal\u0131lar Ekrem \u0130mamo\u011flu i\u00e7in bulu\u015facak! Otob\u00fcs kalk\u0131\u015f noktalar\u0131 belli oldu - Av. Deniz Can K\u0131z\u0131l","isPartOf":{"@id":"https:\/\/denizcankizil.tr\/de\/#website"},"datePublished":"2025-05-30T08:42:09+00:00","breadcrumb":{"@id":"http:\/\/denizcankizil.tr\/de\/haberler\/gundem\/antalyalilar-ekrem-imamoglu-icin-bulusacak-otobus-kalkis-noktalari-belli-oldu\/#breadcrumb"},"inLanguage":"ru-RU","potentialAction":[{"@type":"ReadAction","target":["http:\/\/denizcankizil.tr\/de\/haberler\/gundem\/antalyalilar-ekrem-imamoglu-icin-bulusacak-otobus-kalkis-noktalari-belli-oldu\/"]}]},{"@type":"BreadcrumbList","@id":"http:\/\/denizcankizil.tr\/de\/haberler\/gundem\/antalyalilar-ekrem-imamoglu-icin-bulusacak-otobus-kalkis-noktalari-belli-oldu\/#breadcrumb","itemListElement":[{"@type":"ListItem","position":1,"name":"Home","item":"https:\/\/denizcankizil.tr\/de\/"},{"@type":"ListItem","position":2,"name":"Antalyal\u0131lar Ekrem \u0130mamo\u011flu i\u00e7in bulu\u015facak! Otob\u00fcs kalk\u0131\u015f noktalar\u0131 belli oldu"}]},{"@type":"WebSite","@id":"https:\/\/denizcankizil.tr\/de\/#website","url":"https:\/\/denizcankizil.tr\/de\/","name":"Av. Deniz Can K\u0131z\u0131l","description":"Avukat Deniz Can K\u0131z\u0131l Antalya Barosu","publisher":{"@id":"https:\/\/denizcankizil.tr\/de\/#organization"},"potentialAction":[{"@type":"SearchAction","target":{"@type":"EntryPoint","urlTemplate":"https:\/\/denizcankizil.tr\/de\/?s={search_term_string}"},"query-input":{"@type":"PropertyValueSpecification","valueRequired":true,"valueName":"search_term_string"}}],"inLanguage":"ru-RU"},{"@type":"Organization","@id":"https:\/\/denizcankizil.tr\/de\/#organization","name":"Av. Deniz Can K\u0131z\u0131l","url":"https:\/\/denizcankizil.tr\/de\/","logo":{"@type":"ImageObject","inLanguage":"ru-RU","@id":"https:\/\/denizcankizil.tr\/de\/#\/schema\/logo\/image\/","url":"https:\/\/denizcankizil.tr\/wp-content\/uploads\/2024\/10\/siyah-logo-svg.svg","contentUrl":"https:\/\/denizcankizil.tr\/wp-content\/uploads\/2024\/10\/siyah-logo-svg.svg","width":1080,"height":1080,"caption":"Av. Deniz Can K\u0131z\u0131l"},"image":{"@id":"https:\/\/denizcankizil.tr\/de\/#\/schema\/logo\/image\/"}},{"@type":"Person","@id":"https:\/\/denizcankizil.tr\/de\/#\/schema\/person\/e1eb71bb4dd684d46563f0af307e1234","name":"Antalya K\u00f6rfez","image":{"@type":"ImageObject","inLanguage":"ru-RU","@id":"https:\/\/denizcankizil.tr\/de\/#\/schema\/person\/image\/","url":"https:\/\/secure.gravatar.com\/avatar\/42b01982558a48a0b501fdcab6a408d3717ea5919095ee2e67b0e521799c5905?s=96&d=mm&r=g","contentUrl":"https:\/\/secure.gravatar.com\/avatar\/42b01982558a48a0b501fdcab6a408d3717ea5919095ee2e67b0e521799c5905?s=96&d=mm&r=g","caption":"Antalya K\u00f6rfez"},"sameAs":["http:\/\/www.antalyakorfez.com"],"url":"https:\/\/www.antalyakorfez.com\/antalyalilar-ekrem-imamoglu-icin-bulusacak-otobus-kalkis-noktalari-belli-oldu"}]}},"_links":{"self":[{"href":"https:\/\/denizcankizil.tr\/ru\/wp-json\/wp\/v2\/posts\/101569","targetHints":{"allow":["GET"]}}],"collection":[{"href":"https:\/\/denizcankizil.tr\/ru\/wp-json\/wp\/v2\/posts"}],"about":[{"href":"https:\/\/denizcankizil.tr\/ru\/wp-json\/wp\/v2\/types\/post"}],"author":[{"embeddable":true,"href":"https:\/\/denizcankizil.tr\/ru\/wp-json\/wp\/v2\/users\/5"}],"replies":[{"embeddable":true,"href":"https:\/\/denizcankizil.tr\/ru\/wp-json\/wp\/v2\/comments?post=101569"}],"version-history":[{"count":0,"href":"https:\/\/denizcankizil.tr\/ru\/wp-json\/wp\/v2\/posts\/101569\/revisions"}],"wp:attachment":[{"href":"https:\/\/denizcankizil.tr\/ru\/wp-json\/wp\/v2\/media?parent=101569"}],"wp:term":[{"taxonomy":"category","embeddable":true,"href":"https:\/\/denizcankizil.tr\/ru\/wp-json\/wp\/v2\/categories?post=101569"},{"taxonomy":"post_tag","embeddable":true,"href":"https:\/\/denizcankizil.tr\/ru\/wp-json\/wp\/v2\/tags?post=101569"}],"curies":[{"name":"wp","href":"https:\/\/api.w.org\/{rel}","templated":true}]}}