{"id":101491,"date":"2025-05-28T20:00:00","date_gmt":"2025-05-28T17:00:00","guid":{"rendered":"https:\/\/denizcankizil.tr\/uncategorized-tr\/huzur-dersleri-yasamak-bir-andir-o-da-nefes-aldiginiz-andir\/"},"modified":"2025-05-28T20:00:00","modified_gmt":"2025-05-28T17:00:00","slug":"huzur-dersleri-yasamak-bir-andir-o-da-nefes-aldiginiz-andir","status":"publish","type":"post","link":"https:\/\/denizcankizil.tr\/ru\/hukukihaber\/huzur-dersleri-yasamak-bir-andir-o-da-nefes-aldiginiz-andir\/","title":{"rendered":"HUZUR DERSLER\u0130: Ya\u015famak bir and\u0131r, o da nefes ald\u0131\u011f\u0131n\u0131z and\u0131r!"},"content":{"rendered":"<p>Sevgili \u00f6\u011frencilerim, sevgili dostlar\u0131m,<\/p>\n<p>Hayat dedi\u011fimiz yolculukta bir\u00e7ok s\u0131navdan ge\u00e7eriz. \u0130nsan,  ge\u00e7mi\u015f ve gelecekle de s\u0131nanabilir. Bunlardan biri, ge\u00e7mi\u015fe tak\u0131l\u0131p kalmakt\u0131r. Di\u011feri ise eskilerin uzun emel (tul-i emel) diye tarif etti\u011fi durumdur, di\u011fer bir deyi\u015fle gelecek kayg\u0131s\u0131d\u0131r bu. Bazen ge\u00e7mi\u015fe tak\u0131l\u0131r\u0131z bazen de gelece\u011fe dair beklentiler g\u00f6zlerimizi kama\u015ft\u0131r\u0131r. Oysa inan\u0131n hayat sadece bir and\u0131r, o da tam nefes ald\u0131\u011f\u0131m\u0131z and\u0131r.<\/p>\n<p>\u0130nsanlar bazen hayatlar\u0131n\u0131 ge\u00e7mi\u015fteki ac\u0131lara tak\u0131larak ya da ge\u00e7mi\u015fteki g\u00fcnleri arayarak ya\u015far. Bazen de ge\u00e7mi\u015fteki ac\u0131lar\u0131n\u0131 ve nefretlerini hayatlar\u0131n\u0131n her an\u0131nda ya\u015fayarak karart\u0131r. Oysa ki onlar \u00e7oktan hayal olup gitmi\u015ftir. Bununla ge\u00e7mi\u015fi tamamen unutmay\u0131 da kasdetmiyorum. Ge\u00e7mi\u015fle ya\u015famak, kabirde ya\u015famak gibidir. \u00d6l\u00fclerle ya\u015far insan e\u011fer hep ge\u00e7mi\u015fte kal\u0131rsa.<\/p>\n<p>Hayat\u0131m\u0131z\u0131 karartan ve insanlar\u0131n ayaklar\u0131n\u0131 titreten di\u011fer bir husus ise gelece\u011fe tak\u0131lmas\u0131d\u0131r. Gelecek kayg\u0131s\u0131, gelece\u011fi teminat alt\u0131na almak gibi d\u00fc\u015f\u00fcnceler insanlar\u0131n ayaklar\u0131n\u0131 kayd\u0131rabilmektedir. Karacao\u011flan ne g\u00fczel der: \u201cBin kayg\u0131, bir bor\u00e7 \u00f6demez\u201d.<\/p>\n<p>Bu s\u00f6ylediklerim elbette sadece bizim meslekta\u015flar\u0131m\u0131z i\u00e7in de\u011fil. Ama \u015fan ve \u015f\u00f6hretin vaad edildi\u011fi ya da verildi\u011fi g\u00fcnlerle kand\u0131r\u0131lmak herkes gibi hukuk\u00e7ular\u0131n da tuza\u011f\u0131. Oysa gelecekle kand\u0131r\u0131lmak bir fare tuza\u011f\u0131 de\u011fil de nedir? Hen\u00fcz g\u00f6rmedi\u011fin zamana ait vaatlerle kand\u0131r\u0131lanlar ellerindeki elmaslar\u0131 \u0131\u015f\u0131lt\u0131l\u0131 cam par\u00e7alar\u0131na de\u011fi\u015fenlerden ne kadar ak\u0131ll\u0131d\u0131r?<\/p>\n<p>Mevlana bunu ne kadar g\u00fczel ifade eder: \u201cMazi de istikbal de seni Allah\u2019tan ay\u0131ran bir perdedir. Her ikisini de ate\u015fe vur. Mazi ve istikbal endi\u015fesiyle ne vakte kadar ney gibi bo\u011fum bo\u011fum olacaks\u0131n? Bo\u011fumlar\u0131 t\u0131kal\u0131 olduk\u00e7a ney, s\u0131rda\u015f de\u011fildir. Duda\u011f\u0131n ve sesin mahremi olamaz\u201d.<\/p>\n<p>Ge\u00e7mi\u015fte vuku bulan ne\u015feli ya da kederli g\u00fcnlerin ge\u00e7mi\u015ftir, zaten elinde de\u011fildir. Ge\u00e7mi\u015ften gelen h\u00fcz\u00fcnleri, kinleri, nefretleri bir \u015fi\u015fe gibi yere vurup k\u0131rmal\u0131s\u0131n. Buna kar\u015f\u0131n gelecekle s\u0131nanaca\u011f\u0131n\u0131 da unutmamal\u0131s\u0131n. \u0130kbal kayg\u0131s\u0131 ile s\u0131nanmak s\u0131nanman\u0131n en zoru olsa gerek.<\/p>\n<p>Sevgili \u00f6\u011frencilerim ve sevgili dostlar\u0131m,<\/p>\n<p>Herkes s\u0131nan\u0131r, s\u0131nanacakt\u0131r. O an dikkat edin ne ge\u00e7mi\u015fe ne gelece\u011fe tak\u0131l\u0131n zira hayat sadece bir and\u0131r!<\/p>\n<p>Ben de s\u0131nand\u0131m. \u0130simleri ve olay\u0131 zikretmeyece\u011fim ama benim s\u0131nand\u0131\u011f\u0131m an\u0131 anlataca\u011f\u0131m. Bundan yakla\u015f\u0131k on be\u015f y\u0131l \u00f6nceydi. Bir g\u00fcn kap\u0131m \u00e7al\u0131nd\u0131 devletin ali makamlar\u0131ndan selamla geldi\u011fini s\u00f6yleyen biri elimdeki bir bilirki\u015fi dosyas\u0131 ile ilgili lehlerine g\u00f6r\u00fc\u015f vermemi, benim zaten takdir edildi\u011fimi ve bu y\u00f6nde g\u00f6r\u00fc\u015f verirsem \u00e7ok \u00e7ok iyi bir mevkiye gelece\u011fimi s\u00f6yledi. \u0130nan\u0131n s\u00f6yledi\u011fim \u015fu oldu, kendi g\u00fcnah\u0131m zaten bana yetiyor, bir de hi\u00e7 tan\u0131mad\u0131\u011f\u0131m birilerinin g\u00fcnah\u0131n\u0131 \u00fcstlenemem, oldu\u011fum halden gayet memnunum, ba\u015fka makama da ihtiyac\u0131m yok.<\/p>\n<p>Belki de d\u00fc\u015f\u00fcn\u00fcyorsunuz do\u011fruyu s\u00f6yledi\u011fini nerden bilelim diye? Delilim, akademisyen olarak kendi rutinimin d\u0131\u015f\u0131nda hi\u00e7bir makamda g\u00f6rev yapmamamd\u0131r.<\/p>\n<p>Kendi ad\u0131ma ge\u00e7mi\u015fe de tak\u0131l\u0131p kalmad\u0131m. Bu \u00fclkede herkesin zor zamanlar\u0131n\u0131 ben de ya\u015fad\u0131m. Zorluklar\u0131, d\u0131\u015flanmalar\u0131, \u00f6tekile\u015ftirilmeyi g\u00f6rd\u00fcm. Ama hi\u00e7 birisine tak\u0131l\u0131p kalmadan yoluma devam ettim. Elimden b\u00fct\u00fcn \u00fcmitlerin, b\u00fct\u00fcn kazan\u0131mlar\u0131m\u0131n al\u0131nmak istendi\u011fi zamanlarda bile daha g\u00fczel g\u00fcnlere do\u011fru ko\u015ftum. Zira hayat, \u00fcst\u00fcm\u00fczden al\u0131nmak istenen k\u0131yafetler de unvanlar da de\u011fildir. Hayat\u0131 hayat yapan biziz, sizsiniz.<\/p>\n<p>Nihayetinde \u00f6m\u00fcr bir yolculuktur. Bu yolculu\u011fu de\u011ferli k\u0131lan mekanlar de\u011fil, makamlar de\u011fil, sizin o yolculu\u011fa verdi\u011finiz renklerdir. Yine Mevlana ne g\u00fczel s\u00f6ylemi\u015f: \u201cBahar zaman\u0131, ekin ekmekten gafil ki\u015fi, bu zaman\u0131n k\u0131ymetini ne bilsin!\u201d<\/p>\n<p>Sevgili \u00f6\u011frencilerim, sevgili dostlar\u0131m,<\/p>\n<p>Hayat\u0131n sizi farkl\u0131 bir s\u0131nama \u015fekli olan ge\u00e7mi\u015fe de gelece\u011fe de tak\u0131lmay\u0131n. \u0130nan\u0131n hayat bir and\u0131r, bir nefestir, o da ya\u015fad\u0131\u011f\u0131n\u0131z \u015fu and\u0131r.<\/p>\n<p>Siz sadece i\u00e7inde bulundu\u011funuz bu en k\u0131sa an\u0131, bir nefeslik vakti, insana yak\u0131\u015f\u0131r \u015fekilde, kendinize yak\u0131\u015f\u0131r \u015fekilde ya\u015fay\u0131n. Korkmay\u0131n gelecekten, gelecek kayg\u0131lar\u0131ndan. Onlar hen\u00fcz gelmediler. Korkmay\u0131n ge\u00e7mi\u015ften, zaten onlar \u00e7oktan hayal alemine g\u00f6\u00e7 ettiler.<\/p>\n<p>Siz, size yak\u0131\u015f\u0131r bir \u015fekilde i\u00e7inde bulundu\u011funuz an\u0131n hakk\u0131n\u0131 verin. D\u00fcr\u00fcst bir insan gibi, sadece nefes ald\u0131\u011f\u0131n\u0131z an\u0131 ya\u015fay\u0131n, bu yeter.<\/p>\n<p>Ve bahar geldi i\u015fte\u2026<\/p>\n<p>Mevlana\u2019n\u0131n dedi\u011fi gibi bahar zaman\u0131 ekin ekmekten gafil olmay\u0131n.<\/p>\n<p>\u200bSevgili \u00f6\u011frencilerim, sevgili dostlar\u0131m,<\/p>\n<p>Hayat dedi\u011fimiz yolculukta bir\u00e7ok s\u0131navdan ge\u00e7eriz. \u0130nsan,  ge\u00e7mi\u015f ve gelecekle de s\u0131nanabilir. Bunlardan biri, ge\u00e7mi\u015fe tak\u0131l\u0131p kalmakt\u0131r. Di\u011feri ise eskilerin uzun emel (tul-i emel) diye tarif etti\u011fi durumdur, di\u011fer bir deyi\u015fle gelecek kayg\u0131s\u0131d\u0131r bu. Bazen ge\u00e7mi\u015fe tak\u0131l\u0131r\u0131z bazen de gelece\u011fe dair beklentiler g\u00f6zlerimizi kama\u015ft\u0131r\u0131r. Oysa inan\u0131n hayat sadece bir and\u0131r, o da tam nefes ald\u0131\u011f\u0131m\u0131z and\u0131r.<\/p>\n<p>\u0130nsanlar bazen hayatlar\u0131n\u0131 ge\u00e7mi\u015fteki ac\u0131lara tak\u0131larak ya da ge\u00e7mi\u015fteki g\u00fcnleri arayarak ya\u015far. Bazen de ge\u00e7mi\u015fteki ac\u0131lar\u0131n\u0131 ve nefretlerini hayatlar\u0131n\u0131n her an\u0131nda ya\u015fayarak karart\u0131r. Oysa ki onlar \u00e7oktan hayal olup gitmi\u015ftir. Bununla ge\u00e7mi\u015fi tamamen unutmay\u0131 da kasdetmiyorum. Ge\u00e7mi\u015fle ya\u015famak, kabirde ya\u015famak gibidir. \u00d6l\u00fclerle ya\u015far insan e\u011fer hep ge\u00e7mi\u015fte kal\u0131rsa.<\/p>\n<p>Hayat\u0131m\u0131z\u0131 karartan ve insanlar\u0131n ayaklar\u0131n\u0131 titreten di\u011fer bir husus ise gelece\u011fe tak\u0131lmas\u0131d\u0131r. Gelecek kayg\u0131s\u0131, gelece\u011fi teminat alt\u0131na almak gibi d\u00fc\u015f\u00fcnceler insanlar\u0131n ayaklar\u0131n\u0131 kayd\u0131rabilmektedir. Karacao\u011flan ne g\u00fczel der: \u201cBin kayg\u0131, bir bor\u00e7 \u00f6demez\u201d.<\/p>\n<p>Bu s\u00f6ylediklerim elbette sadece bizim meslekta\u015flar\u0131m\u0131z i\u00e7in de\u011fil. Ama \u015fan ve \u015f\u00f6hretin vaad edildi\u011fi ya da verildi\u011fi g\u00fcnlerle kand\u0131r\u0131lmak herkes gibi hukuk\u00e7ular\u0131n da tuza\u011f\u0131. Oysa gelecekle kand\u0131r\u0131lmak bir fare tuza\u011f\u0131 de\u011fil de nedir? Hen\u00fcz g\u00f6rmedi\u011fin zamana ait vaatlerle kand\u0131r\u0131lanlar ellerindeki elmaslar\u0131 \u0131\u015f\u0131lt\u0131l\u0131 cam par\u00e7alar\u0131na de\u011fi\u015fenlerden ne kadar ak\u0131ll\u0131d\u0131r?<\/p>\n<p>Mevlana bunu ne kadar g\u00fczel ifade eder: \u201cMazi de istikbal de seni Allah\u2019tan ay\u0131ran bir perdedir. Her ikisini de ate\u015fe vur. Mazi ve istikbal endi\u015fesiyle ne vakte kadar ney gibi bo\u011fum bo\u011fum olacaks\u0131n? Bo\u011fumlar\u0131 t\u0131kal\u0131 olduk\u00e7a ney, s\u0131rda\u015f de\u011fildir. Duda\u011f\u0131n ve sesin mahremi olamaz\u201d.<\/p>\n<p>Ge\u00e7mi\u015fte vuku bulan ne\u015feli ya da kederli g\u00fcnlerin ge\u00e7mi\u015ftir, zaten elinde de\u011fildir. Ge\u00e7mi\u015ften gelen h\u00fcz\u00fcnleri, kinleri, nefretleri bir \u015fi\u015fe gibi yere vurup k\u0131rmal\u0131s\u0131n. Buna kar\u015f\u0131n gelecekle s\u0131nanaca\u011f\u0131n\u0131 da unutmamal\u0131s\u0131n. \u0130kbal kayg\u0131s\u0131 ile s\u0131nanmak s\u0131nanman\u0131n en zoru olsa gerek.<\/p>\n<p>Sevgili \u00f6\u011frencilerim ve sevgili dostlar\u0131m,<\/p>\n<p>Herkes s\u0131nan\u0131r, s\u0131nanacakt\u0131r. O an dikkat edin ne ge\u00e7mi\u015fe ne gelece\u011fe tak\u0131l\u0131n zira hayat sadece bir and\u0131r!<\/p>\n<p>Ben de s\u0131nand\u0131m. \u0130simleri ve olay\u0131 zikretmeyece\u011fim ama benim s\u0131nand\u0131\u011f\u0131m an\u0131 anlataca\u011f\u0131m. Bundan yakla\u015f\u0131k on be\u015f y\u0131l \u00f6nceydi. Bir g\u00fcn kap\u0131m \u00e7al\u0131nd\u0131 devletin ali makamlar\u0131ndan selamla geldi\u011fini s\u00f6yleyen biri elimdeki bir bilirki\u015fi dosyas\u0131 ile ilgili lehlerine g\u00f6r\u00fc\u015f vermemi, benim zaten takdir edildi\u011fimi ve bu y\u00f6nde g\u00f6r\u00fc\u015f verirsem \u00e7ok \u00e7ok iyi bir mevkiye gelece\u011fimi s\u00f6yledi. \u0130nan\u0131n s\u00f6yledi\u011fim \u015fu oldu, kendi g\u00fcnah\u0131m zaten bana yetiyor, bir de hi\u00e7 tan\u0131mad\u0131\u011f\u0131m birilerinin g\u00fcnah\u0131n\u0131 \u00fcstlenemem, oldu\u011fum halden gayet memnunum, ba\u015fka makama da ihtiyac\u0131m yok.<\/p>\n<p>Belki de d\u00fc\u015f\u00fcn\u00fcyorsunuz do\u011fruyu s\u00f6yledi\u011fini nerden bilelim diye? Delilim, akademisyen olarak kendi rutinimin d\u0131\u015f\u0131nda hi\u00e7bir makamda g\u00f6rev yapmamamd\u0131r.<\/p>\n<p>Kendi ad\u0131ma ge\u00e7mi\u015fe de tak\u0131l\u0131p kalmad\u0131m. Bu \u00fclkede herkesin zor zamanlar\u0131n\u0131 ben de ya\u015fad\u0131m. Zorluklar\u0131, d\u0131\u015flanmalar\u0131, \u00f6tekile\u015ftirilmeyi g\u00f6rd\u00fcm. Ama hi\u00e7 birisine tak\u0131l\u0131p kalmadan yoluma devam ettim. Elimden b\u00fct\u00fcn \u00fcmitlerin, b\u00fct\u00fcn kazan\u0131mlar\u0131m\u0131n al\u0131nmak istendi\u011fi zamanlarda bile daha g\u00fczel g\u00fcnlere do\u011fru ko\u015ftum. Zira hayat, \u00fcst\u00fcm\u00fczden al\u0131nmak istenen k\u0131yafetler de unvanlar da de\u011fildir. Hayat\u0131 hayat yapan biziz, sizsiniz.<\/p>\n<p>Nihayetinde \u00f6m\u00fcr bir yolculuktur. Bu yolculu\u011fu de\u011ferli k\u0131lan mekanlar de\u011fil, makamlar de\u011fil, sizin o yolculu\u011fa verdi\u011finiz renklerdir. Yine Mevlana ne g\u00fczel s\u00f6ylemi\u015f: \u201cBahar zaman\u0131, ekin ekmekten gafil ki\u015fi, bu zaman\u0131n k\u0131ymetini ne bilsin!\u201d<\/p>\n<p>Sevgili \u00f6\u011frencilerim, sevgili dostlar\u0131m,<\/p>\n<p>Hayat\u0131n sizi farkl\u0131 bir s\u0131nama \u015fekli olan ge\u00e7mi\u015fe de gelece\u011fe de tak\u0131lmay\u0131n. \u0130nan\u0131n hayat bir and\u0131r, bir nefestir, o da ya\u015fad\u0131\u011f\u0131n\u0131z \u015fu and\u0131r.<\/p>\n<p>Siz sadece i\u00e7inde bulundu\u011funuz bu en k\u0131sa an\u0131, bir nefeslik vakti, insana yak\u0131\u015f\u0131r \u015fekilde, kendinize yak\u0131\u015f\u0131r \u015fekilde ya\u015fay\u0131n. Korkmay\u0131n gelecekten, gelecek kayg\u0131lar\u0131ndan. Onlar hen\u00fcz gelmediler. Korkmay\u0131n ge\u00e7mi\u015ften, zaten onlar \u00e7oktan hayal alemine g\u00f6\u00e7 ettiler.<\/p>\n<p>Siz, size yak\u0131\u015f\u0131r bir \u015fekilde i\u00e7inde bulundu\u011funuz an\u0131n hakk\u0131n\u0131 verin. D\u00fcr\u00fcst bir insan gibi, sadece nefes ald\u0131\u011f\u0131n\u0131z an\u0131 ya\u015fay\u0131n, bu yeter.<\/p>\n<p>Ve bahar geldi i\u015fte\u2026<\/p>\n<p>Mevlana\u2019n\u0131n dedi\u011fi gibi bahar zaman\u0131 ekin ekmekten gafil olmay\u0131n.\u00a0Hukuki Haber<\/p>\n<p>Haberin Al\u0131nt\u0131land\u0131\u011f\u0131 Kaynak: www.hukukihaber.net<\/p>","protected":false},"excerpt":{"rendered":"<p>Sevgili \u00f6\u011frencilerim, sevgili dostlar\u0131m, Hayat dedi\u011fimiz yolculukta bir\u00e7ok s\u0131navdan ge\u00e7eriz. \u0130nsan, ge\u00e7mi\u015f ve gelecekle de s\u0131nanabilir. Bunlardan biri, ge\u00e7mi\u015fe tak\u0131l\u0131p kalmakt\u0131r. Di\u011feri ise eskilerin uzun emel (tul-i emel) diye tarif etti\u011fi durumdur, di\u011fer bir deyi\u015fle gelecek kayg\u0131s\u0131d\u0131r bu. Bazen ge\u00e7mi\u015fe tak\u0131l\u0131r\u0131z bazen de gelece\u011fe dair beklentiler g\u00f6zlerimizi kama\u015ft\u0131r\u0131r. Oysa inan\u0131n hayat sadece bir and\u0131r, o da tam nefes ald\u0131\u011f\u0131m\u0131z and\u0131r. \u0130nsanlar bazen hayatlar\u0131n\u0131 ge\u00e7mi\u015fteki ac\u0131lara tak\u0131larak ya da ge\u00e7mi\u015fteki g\u00fcnleri arayarak ya\u015far. Bazen de ge\u00e7mi\u015fteki ac\u0131lar\u0131n\u0131 ve nefretlerini hayatlar\u0131n\u0131n her an\u0131nda ya\u015fayarak karart\u0131r. Oysa ki onlar \u00e7oktan hayal olup gitmi\u015ftir. Bununla ge\u00e7mi\u015fi tamamen unutmay\u0131 da kasdetmiyorum. Ge\u00e7mi\u015fle ya\u015famak, kabirde ya\u015famak gibidir. \u00d6l\u00fclerle ya\u015far insan e\u011fer hep ge\u00e7mi\u015fte kal\u0131rsa. Hayat\u0131m\u0131z\u0131 karartan ve insanlar\u0131n ayaklar\u0131n\u0131 titreten di\u011fer bir husus ise gelece\u011fe tak\u0131lmas\u0131d\u0131r. Gelecek kayg\u0131s\u0131, gelece\u011fi teminat alt\u0131na almak gibi d\u00fc\u015f\u00fcnceler insanlar\u0131n ayaklar\u0131n\u0131 kayd\u0131rabilmektedir. Karacao\u011flan ne g\u00fczel der: \u201cBin kayg\u0131, bir bor\u00e7 \u00f6demez\u201d. Bu s\u00f6ylediklerim elbette sadece bizim meslekta\u015flar\u0131m\u0131z i\u00e7in de\u011fil. Ama \u015fan ve \u015f\u00f6hretin vaad edildi\u011fi ya da verildi\u011fi g\u00fcnlerle kand\u0131r\u0131lmak herkes gibi hukuk\u00e7ular\u0131n da tuza\u011f\u0131. Oysa gelecekle kand\u0131r\u0131lmak bir fare tuza\u011f\u0131 de\u011fil de nedir? Hen\u00fcz g\u00f6rmedi\u011fin zamana ait vaatlerle kand\u0131r\u0131lanlar ellerindeki elmaslar\u0131 \u0131\u015f\u0131lt\u0131l\u0131 cam par\u00e7alar\u0131na de\u011fi\u015fenlerden ne kadar ak\u0131ll\u0131d\u0131r? Mevlana bunu ne kadar g\u00fczel ifade eder: \u201cMazi de istikbal de seni &hellip;<\/p>","protected":false},"author":3,"featured_media":0,"comment_status":"","ping_status":"open","sticky":false,"template":"","format":"standard","meta":{"_acf_changed":false,"footnotes":""},"categories":[27],"tags":[],"class_list":["post-101491","post","type-post","status-publish","format-standard","has-post-thumbnail","hentry","category-hukukihaber"],"acf":[],"yoast_head":"<!-- This site is optimized with the Yoast SEO Premium plugin v26.6 (Yoast SEO v27.1.1) - https:\/\/yoast.com\/product\/yoast-seo-premium-wordpress\/ -->\n<title>HUZUR DERSLER\u0130: Ya\u015famak bir and\u0131r, o da nefes ald\u0131\u011f\u0131n\u0131z and\u0131r! - Av. Deniz Can K\u0131z\u0131l<\/title>\n<meta name=\"robots\" content=\"index, follow, max-snippet:-1, max-image-preview:large, max-video-preview:-1\" \/>\n<link rel=\"canonical\" href=\"http:\/\/denizcankizil.tr\/ru\/hukukihaber\/huzur-dersleri-yasamak-bir-andir-o-da-nefes-aldiginiz-andir\/\" \/>\n<meta property=\"og:locale\" content=\"ru_RU\" \/>\n<meta property=\"og:type\" content=\"article\" \/>\n<meta property=\"og:title\" content=\"HUZUR DERSLER\u0130: Ya\u015famak bir and\u0131r, o da nefes ald\u0131\u011f\u0131n\u0131z and\u0131r!\" \/>\n<meta property=\"og:description\" content=\"Sevgili \u00f6\u011frencilerim, sevgili dostlar\u0131m, Hayat dedi\u011fimiz yolculukta bir\u00e7ok s\u0131navdan ge\u00e7eriz. \u0130nsan, ge\u00e7mi\u015f ve gelecekle de s\u0131nanabilir. Bunlardan biri, ge\u00e7mi\u015fe tak\u0131l\u0131p kalmakt\u0131r. Di\u011feri ise eskilerin uzun emel (tul-i emel) diye tarif etti\u011fi durumdur, di\u011fer bir deyi\u015fle gelecek kayg\u0131s\u0131d\u0131r bu. Bazen ge\u00e7mi\u015fe tak\u0131l\u0131r\u0131z bazen de gelece\u011fe dair beklentiler g\u00f6zlerimizi kama\u015ft\u0131r\u0131r. Oysa inan\u0131n hayat sadece bir and\u0131r, o da tam nefes ald\u0131\u011f\u0131m\u0131z and\u0131r. \u0130nsanlar bazen hayatlar\u0131n\u0131 ge\u00e7mi\u015fteki ac\u0131lara tak\u0131larak ya da ge\u00e7mi\u015fteki g\u00fcnleri arayarak ya\u015far. Bazen de ge\u00e7mi\u015fteki ac\u0131lar\u0131n\u0131 ve nefretlerini hayatlar\u0131n\u0131n her an\u0131nda ya\u015fayarak karart\u0131r. Oysa ki onlar \u00e7oktan hayal olup gitmi\u015ftir. Bununla ge\u00e7mi\u015fi tamamen unutmay\u0131 da kasdetmiyorum. Ge\u00e7mi\u015fle ya\u015famak, kabirde ya\u015famak gibidir. \u00d6l\u00fclerle ya\u015far insan e\u011fer hep ge\u00e7mi\u015fte kal\u0131rsa. Hayat\u0131m\u0131z\u0131 karartan ve insanlar\u0131n ayaklar\u0131n\u0131 titreten di\u011fer bir husus ise gelece\u011fe tak\u0131lmas\u0131d\u0131r. Gelecek kayg\u0131s\u0131, gelece\u011fi teminat alt\u0131na almak gibi d\u00fc\u015f\u00fcnceler insanlar\u0131n ayaklar\u0131n\u0131 kayd\u0131rabilmektedir. Karacao\u011flan ne g\u00fczel der: \u201cBin kayg\u0131, bir bor\u00e7 \u00f6demez\u201d. Bu s\u00f6ylediklerim elbette sadece bizim meslekta\u015flar\u0131m\u0131z i\u00e7in de\u011fil. Ama \u015fan ve \u015f\u00f6hretin vaad edildi\u011fi ya da verildi\u011fi g\u00fcnlerle kand\u0131r\u0131lmak herkes gibi hukuk\u00e7ular\u0131n da tuza\u011f\u0131. Oysa gelecekle kand\u0131r\u0131lmak bir fare tuza\u011f\u0131 de\u011fil de nedir? Hen\u00fcz g\u00f6rmedi\u011fin zamana ait vaatlerle kand\u0131r\u0131lanlar ellerindeki elmaslar\u0131 \u0131\u015f\u0131lt\u0131l\u0131 cam par\u00e7alar\u0131na de\u011fi\u015fenlerden ne kadar ak\u0131ll\u0131d\u0131r? Mevlana bunu ne kadar g\u00fczel ifade eder: \u201cMazi de istikbal de seni &hellip;\" \/>\n<meta property=\"og:url\" content=\"http:\/\/denizcankizil.tr\/ru\/hukukihaber\/huzur-dersleri-yasamak-bir-andir-o-da-nefes-aldiginiz-andir\/\" \/>\n<meta property=\"og:site_name\" content=\"Av. Deniz Can K\u0131z\u0131l\" \/>\n<meta property=\"article:published_time\" content=\"2025-05-28T17:00:00+00:00\" \/>\n<meta name=\"author\" content=\"Hukuki Haber.net\" \/>\n<meta name=\"twitter:card\" content=\"summary_large_image\" \/>\n<meta name=\"twitter:label1\" content=\"\u041d\u0430\u043f\u0438\u0441\u0430\u043d\u043e \u0430\u0432\u0442\u043e\u0440\u043e\u043c\" \/>\n\t<meta name=\"twitter:data1\" content=\"Hukuki Haber.net\" \/>\n\t<meta name=\"twitter:label2\" content=\"\u041f\u0440\u0438\u043c\u0435\u0440\u043d\u043e\u0435 \u0432\u0440\u0435\u043c\u044f \u0434\u043b\u044f \u0447\u0442\u0435\u043d\u0438\u044f\" \/>\n\t<meta name=\"twitter:data2\" content=\"9 \u043c\u0438\u043d\u0443\u0442\" \/>\n<script type=\"application\/ld+json\" class=\"yoast-schema-graph\">{\"@context\":\"https:\/\/schema.org\",\"@graph\":[{\"@type\":\"Article\",\"@id\":\"http:\/\/denizcankizil.tr\/en\/hukukihaber\/huzur-dersleri-yasamak-bir-andir-o-da-nefes-aldiginiz-andir\/#article\",\"isPartOf\":{\"@id\":\"http:\/\/denizcankizil.tr\/en\/hukukihaber\/huzur-dersleri-yasamak-bir-andir-o-da-nefes-aldiginiz-andir\/\"},\"author\":{\"name\":\"Hukuki Haber.net\",\"@id\":\"https:\/\/denizcankizil.tr\/de\/#\/schema\/person\/001a271de994a0aa3f90eea084424822\"},\"headline\":\"HUZUR DERSLER\u0130: Ya\u015famak bir and\u0131r, o da nefes ald\u0131\u011f\u0131n\u0131z and\u0131r!\",\"datePublished\":\"2025-05-28T17:00:00+00:00\",\"mainEntityOfPage\":{\"@id\":\"http:\/\/denizcankizil.tr\/en\/hukukihaber\/huzur-dersleri-yasamak-bir-andir-o-da-nefes-aldiginiz-andir\/\"},\"wordCount\":1755,\"publisher\":{\"@id\":\"https:\/\/denizcankizil.tr\/de\/#organization\"},\"articleSection\":[\"Hukuki Haberler\"],\"inLanguage\":\"ru-RU\"},{\"@type\":\"WebPage\",\"@id\":\"http:\/\/denizcankizil.tr\/en\/hukukihaber\/huzur-dersleri-yasamak-bir-andir-o-da-nefes-aldiginiz-andir\/\",\"url\":\"http:\/\/denizcankizil.tr\/en\/hukukihaber\/huzur-dersleri-yasamak-bir-andir-o-da-nefes-aldiginiz-andir\/\",\"name\":\"HUZUR DERSLER\u0130: Ya\u015famak bir and\u0131r, o da nefes ald\u0131\u011f\u0131n\u0131z and\u0131r! - Av. Deniz Can K\u0131z\u0131l\",\"isPartOf\":{\"@id\":\"https:\/\/denizcankizil.tr\/de\/#website\"},\"datePublished\":\"2025-05-28T17:00:00+00:00\",\"breadcrumb\":{\"@id\":\"http:\/\/denizcankizil.tr\/en\/hukukihaber\/huzur-dersleri-yasamak-bir-andir-o-da-nefes-aldiginiz-andir\/#breadcrumb\"},\"inLanguage\":\"ru-RU\",\"potentialAction\":[{\"@type\":\"ReadAction\",\"target\":[\"http:\/\/denizcankizil.tr\/en\/hukukihaber\/huzur-dersleri-yasamak-bir-andir-o-da-nefes-aldiginiz-andir\/\"]}]},{\"@type\":\"BreadcrumbList\",\"@id\":\"http:\/\/denizcankizil.tr\/en\/hukukihaber\/huzur-dersleri-yasamak-bir-andir-o-da-nefes-aldiginiz-andir\/#breadcrumb\",\"itemListElement\":[{\"@type\":\"ListItem\",\"position\":1,\"name\":\"Home\",\"item\":\"https:\/\/denizcankizil.tr\/de\/\"},{\"@type\":\"ListItem\",\"position\":2,\"name\":\"HUZUR DERSLER\u0130: Ya\u015famak bir and\u0131r, o da nefes ald\u0131\u011f\u0131n\u0131z and\u0131r!\"}]},{\"@type\":\"WebSite\",\"@id\":\"https:\/\/denizcankizil.tr\/de\/#website\",\"url\":\"https:\/\/denizcankizil.tr\/de\/\",\"name\":\"Av. Deniz Can K\u0131z\u0131l\",\"description\":\"Avukat Deniz Can K\u0131z\u0131l Antalya Barosu\",\"publisher\":{\"@id\":\"https:\/\/denizcankizil.tr\/de\/#organization\"},\"potentialAction\":[{\"@type\":\"SearchAction\",\"target\":{\"@type\":\"EntryPoint\",\"urlTemplate\":\"https:\/\/denizcankizil.tr\/de\/?s={search_term_string}\"},\"query-input\":{\"@type\":\"PropertyValueSpecification\",\"valueRequired\":true,\"valueName\":\"search_term_string\"}}],\"inLanguage\":\"ru-RU\"},{\"@type\":\"Organization\",\"@id\":\"https:\/\/denizcankizil.tr\/de\/#organization\",\"name\":\"Av. Deniz Can K\u0131z\u0131l\",\"url\":\"https:\/\/denizcankizil.tr\/de\/\",\"logo\":{\"@type\":\"ImageObject\",\"inLanguage\":\"ru-RU\",\"@id\":\"https:\/\/denizcankizil.tr\/de\/#\/schema\/logo\/image\/\",\"url\":\"https:\/\/denizcankizil.tr\/wp-content\/uploads\/2024\/10\/siyah-logo-svg.svg\",\"contentUrl\":\"https:\/\/denizcankizil.tr\/wp-content\/uploads\/2024\/10\/siyah-logo-svg.svg\",\"width\":1080,\"height\":1080,\"caption\":\"Av. Deniz Can K\u0131z\u0131l\"},\"image\":{\"@id\":\"https:\/\/denizcankizil.tr\/de\/#\/schema\/logo\/image\/\"}},{\"@type\":\"Person\",\"@id\":\"https:\/\/denizcankizil.tr\/de\/#\/schema\/person\/001a271de994a0aa3f90eea084424822\",\"name\":\"Hukuki Haber.net\",\"image\":{\"@type\":\"ImageObject\",\"inLanguage\":\"ru-RU\",\"@id\":\"https:\/\/denizcankizil.tr\/de\/#\/schema\/person\/image\/\",\"url\":\"https:\/\/secure.gravatar.com\/avatar\/57d8a49151495586611a149d29fc42865b951dc053a84709a3172ccb5abf3118?s=96&d=mm&r=g\",\"contentUrl\":\"https:\/\/secure.gravatar.com\/avatar\/57d8a49151495586611a149d29fc42865b951dc053a84709a3172ccb5abf3118?s=96&d=mm&r=g\",\"caption\":\"Hukuki Haber.net\"},\"sameAs\":[\"http:\/\/www.hukukihaber.net\"],\"url\":\"https:\/\/www.hukukihaber.net\/huzur-dersleri-yasamak-bir-andir-o-da-nefes-aldiginiz-andir\"}]}<\/script>\n<!-- \/ Yoast SEO Premium plugin. -->","yoast_head_json":{"title":"HUZUR DERSLER\u0130: Ya\u015famak bir and\u0131r, o da nefes ald\u0131\u011f\u0131n\u0131z and\u0131r! - Av. Deniz Can K\u0131z\u0131l","robots":{"index":"index","follow":"follow","max-snippet":"max-snippet:-1","max-image-preview":"max-image-preview:large","max-video-preview":"max-video-preview:-1"},"canonical":"http:\/\/denizcankizil.tr\/ru\/hukukihaber\/huzur-dersleri-yasamak-bir-andir-o-da-nefes-aldiginiz-andir\/","og_locale":"ru_RU","og_type":"article","og_title":"HUZUR DERSLER\u0130: Ya\u015famak bir and\u0131r, o da nefes ald\u0131\u011f\u0131n\u0131z and\u0131r!","og_description":"Sevgili \u00f6\u011frencilerim, sevgili dostlar\u0131m, Hayat dedi\u011fimiz yolculukta bir\u00e7ok s\u0131navdan ge\u00e7eriz. \u0130nsan, ge\u00e7mi\u015f ve gelecekle de s\u0131nanabilir. Bunlardan biri, ge\u00e7mi\u015fe tak\u0131l\u0131p kalmakt\u0131r. Di\u011feri ise eskilerin uzun emel (tul-i emel) diye tarif etti\u011fi durumdur, di\u011fer bir deyi\u015fle gelecek kayg\u0131s\u0131d\u0131r bu. Bazen ge\u00e7mi\u015fe tak\u0131l\u0131r\u0131z bazen de gelece\u011fe dair beklentiler g\u00f6zlerimizi kama\u015ft\u0131r\u0131r. Oysa inan\u0131n hayat sadece bir and\u0131r, o da tam nefes ald\u0131\u011f\u0131m\u0131z and\u0131r. \u0130nsanlar bazen hayatlar\u0131n\u0131 ge\u00e7mi\u015fteki ac\u0131lara tak\u0131larak ya da ge\u00e7mi\u015fteki g\u00fcnleri arayarak ya\u015far. Bazen de ge\u00e7mi\u015fteki ac\u0131lar\u0131n\u0131 ve nefretlerini hayatlar\u0131n\u0131n her an\u0131nda ya\u015fayarak karart\u0131r. Oysa ki onlar \u00e7oktan hayal olup gitmi\u015ftir. Bununla ge\u00e7mi\u015fi tamamen unutmay\u0131 da kasdetmiyorum. Ge\u00e7mi\u015fle ya\u015famak, kabirde ya\u015famak gibidir. \u00d6l\u00fclerle ya\u015far insan e\u011fer hep ge\u00e7mi\u015fte kal\u0131rsa. Hayat\u0131m\u0131z\u0131 karartan ve insanlar\u0131n ayaklar\u0131n\u0131 titreten di\u011fer bir husus ise gelece\u011fe tak\u0131lmas\u0131d\u0131r. Gelecek kayg\u0131s\u0131, gelece\u011fi teminat alt\u0131na almak gibi d\u00fc\u015f\u00fcnceler insanlar\u0131n ayaklar\u0131n\u0131 kayd\u0131rabilmektedir. Karacao\u011flan ne g\u00fczel der: \u201cBin kayg\u0131, bir bor\u00e7 \u00f6demez\u201d. Bu s\u00f6ylediklerim elbette sadece bizim meslekta\u015flar\u0131m\u0131z i\u00e7in de\u011fil. Ama \u015fan ve \u015f\u00f6hretin vaad edildi\u011fi ya da verildi\u011fi g\u00fcnlerle kand\u0131r\u0131lmak herkes gibi hukuk\u00e7ular\u0131n da tuza\u011f\u0131. Oysa gelecekle kand\u0131r\u0131lmak bir fare tuza\u011f\u0131 de\u011fil de nedir? Hen\u00fcz g\u00f6rmedi\u011fin zamana ait vaatlerle kand\u0131r\u0131lanlar ellerindeki elmaslar\u0131 \u0131\u015f\u0131lt\u0131l\u0131 cam par\u00e7alar\u0131na de\u011fi\u015fenlerden ne kadar ak\u0131ll\u0131d\u0131r? Mevlana bunu ne kadar g\u00fczel ifade eder: \u201cMazi de istikbal de seni &hellip;","og_url":"http:\/\/denizcankizil.tr\/ru\/hukukihaber\/huzur-dersleri-yasamak-bir-andir-o-da-nefes-aldiginiz-andir\/","og_site_name":"Av. Deniz Can K\u0131z\u0131l","article_published_time":"2025-05-28T17:00:00+00:00","author":"Hukuki Haber.net","twitter_card":"summary_large_image","twitter_misc":{"\u041d\u0430\u043f\u0438\u0441\u0430\u043d\u043e \u0430\u0432\u0442\u043e\u0440\u043e\u043c":"Hukuki Haber.net","\u041f\u0440\u0438\u043c\u0435\u0440\u043d\u043e\u0435 \u0432\u0440\u0435\u043c\u044f \u0434\u043b\u044f \u0447\u0442\u0435\u043d\u0438\u044f":"9 \u043c\u0438\u043d\u0443\u0442"},"schema":{"@context":"https:\/\/schema.org","@graph":[{"@type":"Article","@id":"http:\/\/denizcankizil.tr\/en\/hukukihaber\/huzur-dersleri-yasamak-bir-andir-o-da-nefes-aldiginiz-andir\/#article","isPartOf":{"@id":"http:\/\/denizcankizil.tr\/en\/hukukihaber\/huzur-dersleri-yasamak-bir-andir-o-da-nefes-aldiginiz-andir\/"},"author":{"name":"Hukuki Haber.net","@id":"https:\/\/denizcankizil.tr\/de\/#\/schema\/person\/001a271de994a0aa3f90eea084424822"},"headline":"HUZUR DERSLER\u0130: Ya\u015famak bir and\u0131r, o da nefes ald\u0131\u011f\u0131n\u0131z and\u0131r!","datePublished":"2025-05-28T17:00:00+00:00","mainEntityOfPage":{"@id":"http:\/\/denizcankizil.tr\/en\/hukukihaber\/huzur-dersleri-yasamak-bir-andir-o-da-nefes-aldiginiz-andir\/"},"wordCount":1755,"publisher":{"@id":"https:\/\/denizcankizil.tr\/de\/#organization"},"articleSection":["Hukuki Haberler"],"inLanguage":"ru-RU"},{"@type":"WebPage","@id":"http:\/\/denizcankizil.tr\/en\/hukukihaber\/huzur-dersleri-yasamak-bir-andir-o-da-nefes-aldiginiz-andir\/","url":"http:\/\/denizcankizil.tr\/en\/hukukihaber\/huzur-dersleri-yasamak-bir-andir-o-da-nefes-aldiginiz-andir\/","name":"HUZUR DERSLER\u0130: Ya\u015famak bir and\u0131r, o da nefes ald\u0131\u011f\u0131n\u0131z and\u0131r! - Av. Deniz Can K\u0131z\u0131l","isPartOf":{"@id":"https:\/\/denizcankizil.tr\/de\/#website"},"datePublished":"2025-05-28T17:00:00+00:00","breadcrumb":{"@id":"http:\/\/denizcankizil.tr\/en\/hukukihaber\/huzur-dersleri-yasamak-bir-andir-o-da-nefes-aldiginiz-andir\/#breadcrumb"},"inLanguage":"ru-RU","potentialAction":[{"@type":"ReadAction","target":["http:\/\/denizcankizil.tr\/en\/hukukihaber\/huzur-dersleri-yasamak-bir-andir-o-da-nefes-aldiginiz-andir\/"]}]},{"@type":"BreadcrumbList","@id":"http:\/\/denizcankizil.tr\/en\/hukukihaber\/huzur-dersleri-yasamak-bir-andir-o-da-nefes-aldiginiz-andir\/#breadcrumb","itemListElement":[{"@type":"ListItem","position":1,"name":"Home","item":"https:\/\/denizcankizil.tr\/de\/"},{"@type":"ListItem","position":2,"name":"HUZUR DERSLER\u0130: Ya\u015famak bir and\u0131r, o da nefes ald\u0131\u011f\u0131n\u0131z and\u0131r!"}]},{"@type":"WebSite","@id":"https:\/\/denizcankizil.tr\/de\/#website","url":"https:\/\/denizcankizil.tr\/de\/","name":"Av. Deniz Can K\u0131z\u0131l","description":"Avukat Deniz Can K\u0131z\u0131l Antalya Barosu","publisher":{"@id":"https:\/\/denizcankizil.tr\/de\/#organization"},"potentialAction":[{"@type":"SearchAction","target":{"@type":"EntryPoint","urlTemplate":"https:\/\/denizcankizil.tr\/de\/?s={search_term_string}"},"query-input":{"@type":"PropertyValueSpecification","valueRequired":true,"valueName":"search_term_string"}}],"inLanguage":"ru-RU"},{"@type":"Organization","@id":"https:\/\/denizcankizil.tr\/de\/#organization","name":"Av. Deniz Can K\u0131z\u0131l","url":"https:\/\/denizcankizil.tr\/de\/","logo":{"@type":"ImageObject","inLanguage":"ru-RU","@id":"https:\/\/denizcankizil.tr\/de\/#\/schema\/logo\/image\/","url":"https:\/\/denizcankizil.tr\/wp-content\/uploads\/2024\/10\/siyah-logo-svg.svg","contentUrl":"https:\/\/denizcankizil.tr\/wp-content\/uploads\/2024\/10\/siyah-logo-svg.svg","width":1080,"height":1080,"caption":"Av. Deniz Can K\u0131z\u0131l"},"image":{"@id":"https:\/\/denizcankizil.tr\/de\/#\/schema\/logo\/image\/"}},{"@type":"Person","@id":"https:\/\/denizcankizil.tr\/de\/#\/schema\/person\/001a271de994a0aa3f90eea084424822","name":"Hukuki Haber.net","image":{"@type":"ImageObject","inLanguage":"ru-RU","@id":"https:\/\/denizcankizil.tr\/de\/#\/schema\/person\/image\/","url":"https:\/\/secure.gravatar.com\/avatar\/57d8a49151495586611a149d29fc42865b951dc053a84709a3172ccb5abf3118?s=96&d=mm&r=g","contentUrl":"https:\/\/secure.gravatar.com\/avatar\/57d8a49151495586611a149d29fc42865b951dc053a84709a3172ccb5abf3118?s=96&d=mm&r=g","caption":"Hukuki Haber.net"},"sameAs":["http:\/\/www.hukukihaber.net"],"url":"https:\/\/www.hukukihaber.net\/huzur-dersleri-yasamak-bir-andir-o-da-nefes-aldiginiz-andir"}]}},"_links":{"self":[{"href":"https:\/\/denizcankizil.tr\/ru\/wp-json\/wp\/v2\/posts\/101491","targetHints":{"allow":["GET"]}}],"collection":[{"href":"https:\/\/denizcankizil.tr\/ru\/wp-json\/wp\/v2\/posts"}],"about":[{"href":"https:\/\/denizcankizil.tr\/ru\/wp-json\/wp\/v2\/types\/post"}],"author":[{"embeddable":true,"href":"https:\/\/denizcankizil.tr\/ru\/wp-json\/wp\/v2\/users\/3"}],"replies":[{"embeddable":true,"href":"https:\/\/denizcankizil.tr\/ru\/wp-json\/wp\/v2\/comments?post=101491"}],"version-history":[{"count":0,"href":"https:\/\/denizcankizil.tr\/ru\/wp-json\/wp\/v2\/posts\/101491\/revisions"}],"wp:attachment":[{"href":"https:\/\/denizcankizil.tr\/ru\/wp-json\/wp\/v2\/media?parent=101491"}],"wp:term":[{"taxonomy":"category","embeddable":true,"href":"https:\/\/denizcankizil.tr\/ru\/wp-json\/wp\/v2\/categories?post=101491"},{"taxonomy":"post_tag","embeddable":true,"href":"https:\/\/denizcankizil.tr\/ru\/wp-json\/wp\/v2\/tags?post=101491"}],"curies":[{"name":"wp","href":"https:\/\/api.w.org\/{rel}","templated":true}]}}