{"id":10090,"date":"2024-10-29T21:41:55","date_gmt":"2024-10-29T18:41:55","guid":{"rendered":"https:\/\/denizcankizil.tr\/uncategorized-tr\/cumhurbaskani-erdogan-celik-kubbe-ile-guclenecegiz-gokbey-envantere-girdi\/"},"modified":"2024-10-29T21:41:55","modified_gmt":"2024-10-29T18:41:55","slug":"cumhurbaskani-erdogan-celik-kubbe-ile-guclenecegiz-gokbey-envantere-girdi","status":"publish","type":"post","link":"https:\/\/denizcankizil.tr\/ru\/haberler\/gundem\/cumhurbaskani-erdogan-celik-kubbe-ile-guclenecegiz-gokbey-envantere-girdi\/","title":{"rendered":"Cumhurba\u015fkan\u0131 Erdo\u011fan: \u00c7elik Kubbe ile g\u00fc\u00e7lenece\u011fiz&#8230; G\u00f6kbey envantere girdi"},"content":{"rendered":"<p>Cumhurba\u015fkan\u0131 Erdo\u011fan, T\u00fcrk Havac\u0131l\u0131k ve Uzay Sanayii Anonim \u015eirketi (TUSA\u015e) Merkez Yerle\u015fke&#8217;de T625 G\u00f6kbey Helikopteri Teslimat T\u00f6reni&#8217;ne kat\u0131ld\u0131. Erdo\u011fan, G\u00f6kbey&#8217;in g\u00f6vdesine imzas\u0131n\u0131 atarken, \u015fehit M\u00fchendis Zahide G\u00fc\u00e7l\u00fc Ekici&#8217;nin de ismini yazd\u0131. TUSA\u015e taraf\u0131ndan geli\u015ftirilip \u00fcretilen genel maksat helikopteri T625 G\u00d6KBEY&#8217;in ilk teslimat\u0131 Jandarma Genel Komutanl\u0131\u011f\u0131&#8217;na yap\u0131ld\u0131.ANKARA (\u0130GFA) &#8211; T625 G\u00f6kbey Helikopter Teslimat T\u00f6reni i\u00e7in TUSA\u015e&#8217;ta a\u00e7\u0131klamalarda bulunan Cumhurba\u015fkan\u0131 Recep Tayyip Erdo\u011fan, \u00c7elik Kubbe ile daha da g\u00fc\u00e7leneceklerinin mesaj\u0131n\u0131 verdi.<\/p>\n<p>&#8220;Art\u0131k geli\u015ftirdi\u011fimiz silahlar\u0131 kullanarak t\u00fcm sorunlar\u0131 a\u015ft\u0131k, a\u015f\u0131yoruz&#8221; diyen Cumhurba\u015fkan\u0131 Erdo\u011fan, &#8220;Katmanl\u0131 hava savunma sistemlerimizin g\u00fcvenli\u011fimiz a\u00e7\u0131s\u0131ndan ne kadar hayati \u00f6nemde oldu\u011fu bug\u00fcn \u00e7ok daha iyi anla\u015f\u0131l\u0131yor. TUSA\u015e&#8217;\u0131m\u0131z\u0131n g\u00f6\u011fs\u00fcm\u00fcz\u00fc kabartan projelerinin s\u0131rr\u0131, kurumlar\u0131m\u0131z aras\u0131nda giderek artan yak\u0131n i\u015f birli\u011fi koordinasyondur. Savunma sanayiinde tam ba\u011f\u0131ms\u0131z T\u00fcrkiye hedefine kadar durmak yok. Hainlere inat daha fazla \u00e7al\u0131\u015faca\u011f\u0131z&#8221; diye konu\u015ftu.<\/p>\n<p>2013 y\u0131l\u0131nda tasar\u0131m geli\u015ftirme ve test faaliyetleriyle ba\u015flayan &#8216;G\u00f6kbey&#8217; helikopteri ile ne kadar iftihar edilse az oldu\u011funu belirten Cumhurba\u015fkan\u0131 Erdo\u011fan, 20 G\u00f6kbey helikopterinin 2026&#8217;da teslim edilece\u011fini kaydetti.<br \/>\n&#8220;G\u00f6kbey ile \u015fehitlerin ruhlar\u0131n\u0131n \u015fad edece\u011fimize inan\u0131yorum&#8221; diyen Erdo\u011fan, &#8220;Seri \u00fcretim s\u00f6zle\u015fmesi kapsam\u0131ndaki 2 adet helikopterin de teslimatlar\u0131 y\u0131l sonuna kadar yap\u0131lacak. \u00d6n\u00fcm\u00fczdeki d\u00f6nemde 100&#8217;den fazla G\u00f6kbey ihtiyac\u0131na y\u00f6nelik tedarik planlan\u0131yor. 20 adet helikopter 2026&#8217;da teslim edilecek&#8221; diye konu\u015ftu.<\/p>\n<p>G\u00f6kbey&#8217;e imzas\u0131n\u0131 atan Cumhurba\u015fkan\u0131 Erdo\u011fan, TUSA\u015e sald\u0131r\u0131s\u0131nda \u015fehit olan M\u00fchendis Zahide G\u00fc\u00e7l\u00fc Ekici&#8217;nin de helikopterin \u00fczerine ismini yazd\u0131. Milli gurur G\u00f6kbey hakk\u0131nda yetkililerden bilgi alan Cumhurba\u015fkan\u0131 Erdo\u011fan, kokpite ge\u00e7ti.<br \/>\nM\u0130LL\u0130 GURURLAR G\u00d6KY\u00dcZ\u00dcNDE<br \/>\nU\u011furlama \u00f6ncesinde Atak, H\u00fcrjet, H\u00fcrku\u015f ve Anka-3 g\u00f6steri u\u00e7u\u015fu yapt\u0131.<\/p>\n<p>Genel maksat helikopteri G\u00f6kbey yeni g\u00f6rev yeri Jandarma Genel Komutanl\u0131\u011f\u0131&#8217;na 2 Atak helikopteriyle birlikte al\u0131narak u\u011furland\u0131.<br \/>\nYerli ve yabanc\u0131 ihtiya\u00e7 sahibi kullan\u0131c\u0131lar i\u00e7in G\u00d6KBEY helikopteri, g\u00f6revlerini en zorlu iklim ko\u015fullar\u0131 ve co\u011frafyalarda dahi y\u00fcksek irtifa ve s\u0131cakl\u0131kta, gece ve g\u00fcnd\u00fcz ko\u015fullar\u0131nda milli TS1400 turbo\u015faft motorlar\u0131yla de etkin \u015fekilde icra edebilecek. 6 ton toplam kalk\u0131\u015f a\u011f\u0131rl\u0131\u011f\u0131na, 12 yolcu kapasitesine, 306 kilometre\/saat azami s\u00fcrate, 20 bin fit servis tavan\u0131na 3,8+ saat havada kal\u0131\u015f s\u00fcresine sahip G\u00d6KBEY, harici yak\u0131t tank\u0131yla 5+ saat havada kalabiliyor ve azami 948 kilometre menzile ula\u015fabiliyor.<\/p>\n<p>\u200bCumhurba\u015fkan\u0131 Erdo\u011fan, T\u00fcrk Havac\u0131l\u0131k ve Uzay Sanayii Anonim \u015eirketi (TUSA\u015e) Merkez Yerle\u015fke&#8217;de T625 G\u00f6kbey Helikopteri Teslimat T\u00f6reni&#8217;ne kat\u0131ld\u0131  Erdo\u011fan, G\u00f6kbey&#8217;in g\u00f6vdesine imzas\u0131n\u0131 atarken, \u015fehit M\u00fchendis Zahide G\u00fc\u00e7l\u00fc Ekici&#8217;nin de ismini yazd\u0131  TUSA\u015e taraf\u0131ndan geli\u015ftirilip \u00fcretilen genel maksat helikopteri T625 G\u00d6KBEY&#8217;in ilk teslimat\u0131 Jandarma Genel Komutanl\u0131\u011f\u0131&#8217;na yap\u0131ld\u0131\u00a0<\/p>\n<p>\u200bHaberin Al\u0131nt\u0131land\u0131\u011f\u0131 Kaynak: www.iskenderun.org<\/p>","protected":false},"excerpt":{"rendered":"<p>Cumhurba\u015fkan\u0131 Erdo\u011fan, T\u00fcrk Havac\u0131l\u0131k ve Uzay Sanayii Anonim \u015eirketi (TUSA\u015e) Merkez Yerle\u015fke&#8217;de T625 G\u00f6kbey Helikopteri Teslimat T\u00f6reni&#8217;ne kat\u0131ld\u0131. Erdo\u011fan, G\u00f6kbey&#8217;in g\u00f6vdesine imzas\u0131n\u0131 atarken, \u015fehit M\u00fchendis Zahide G\u00fc\u00e7l\u00fc Ekici&#8217;nin de ismini yazd\u0131. TUSA\u015e taraf\u0131ndan geli\u015ftirilip \u00fcretilen genel maksat helikopteri T625 G\u00d6KBEY&#8217;in ilk teslimat\u0131 Jandarma Genel Komutanl\u0131\u011f\u0131&#8217;na yap\u0131ld\u0131.ANKARA (\u0130GFA) &#8211; T625 G\u00f6kbey Helikopter Teslimat T\u00f6reni i\u00e7in TUSA\u015e&#8217;ta a\u00e7\u0131klamalarda bulunan Cumhurba\u015fkan\u0131 Recep Tayyip Erdo\u011fan, \u00c7elik Kubbe ile daha da g\u00fc\u00e7leneceklerinin mesaj\u0131n\u0131 verdi. &#8220;Art\u0131k geli\u015ftirdi\u011fimiz silahlar\u0131 kullanarak t\u00fcm sorunlar\u0131 a\u015ft\u0131k, a\u015f\u0131yoruz&#8221; diyen Cumhurba\u015fkan\u0131 Erdo\u011fan, &#8220;Katmanl\u0131 hava savunma sistemlerimizin g\u00fcvenli\u011fimiz a\u00e7\u0131s\u0131ndan ne kadar hayati \u00f6nemde oldu\u011fu bug\u00fcn \u00e7ok daha iyi anla\u015f\u0131l\u0131yor. TUSA\u015e&#8217;\u0131m\u0131z\u0131n g\u00f6\u011fs\u00fcm\u00fcz\u00fc kabartan projelerinin s\u0131rr\u0131, kurumlar\u0131m\u0131z aras\u0131nda giderek artan yak\u0131n i\u015f birli\u011fi koordinasyondur. Savunma sanayiinde tam ba\u011f\u0131ms\u0131z T\u00fcrkiye hedefine kadar durmak yok. Hainlere inat daha fazla \u00e7al\u0131\u015faca\u011f\u0131z&#8221; diye konu\u015ftu. 2013 y\u0131l\u0131nda tasar\u0131m geli\u015ftirme ve test faaliyetleriyle ba\u015flayan &#8216;G\u00f6kbey&#8217; helikopteri ile ne kadar iftihar edilse az oldu\u011funu belirten Cumhurba\u015fkan\u0131 Erdo\u011fan, 20 G\u00f6kbey helikopterinin 2026&#8217;da teslim edilece\u011fini kaydetti. &#8220;G\u00f6kbey ile \u015fehitlerin ruhlar\u0131n\u0131n \u015fad edece\u011fimize inan\u0131yorum&#8221; diyen Erdo\u011fan, &#8220;Seri \u00fcretim s\u00f6zle\u015fmesi kapsam\u0131ndaki 2 adet helikopterin de teslimatlar\u0131 y\u0131l sonuna kadar yap\u0131lacak. \u00d6n\u00fcm\u00fczdeki d\u00f6nemde 100&#8217;den fazla G\u00f6kbey ihtiyac\u0131na y\u00f6nelik tedarik planlan\u0131yor. 20 adet helikopter 2026&#8217;da teslim edilecek&#8221; diye konu\u015ftu. G\u00f6kbey&#8217;e imzas\u0131n\u0131 atan Cumhurba\u015fkan\u0131 Erdo\u011fan, TUSA\u015e sald\u0131r\u0131s\u0131nda \u015fehit olan &hellip;<\/p>","protected":false},"author":0,"featured_media":0,"comment_status":"open","ping_status":"open","sticky":false,"template":"","format":"standard","meta":{"_acf_changed":false,"footnotes":""},"categories":[24,535],"tags":[],"class_list":["post-10090","post","type-post","status-publish","format-standard","has-post-thumbnail","hentry","category-gundem","category-uncategorized-tr"],"acf":[],"yoast_head":"<!-- This site is optimized with the Yoast SEO Premium plugin v26.6 (Yoast SEO v27.1.1) - https:\/\/yoast.com\/product\/yoast-seo-premium-wordpress\/ -->\n<title>Cumhurba\u015fkan\u0131 Erdo\u011fan: \u00c7elik Kubbe ile g\u00fc\u00e7lenece\u011fiz... G\u00f6kbey envantere girdi - Av. Deniz Can K\u0131z\u0131l<\/title>\n<meta name=\"robots\" content=\"index, follow, max-snippet:-1, max-image-preview:large, max-video-preview:-1\" \/>\n<link rel=\"canonical\" href=\"https:\/\/denizcankizil.tr\/ru\/haberler\/gundem\/cumhurbaskani-erdogan-celik-kubbe-ile-guclenecegiz-gokbey-envantere-girdi\/\" \/>\n<meta property=\"og:locale\" content=\"ru_RU\" \/>\n<meta property=\"og:type\" content=\"article\" \/>\n<meta property=\"og:title\" content=\"Cumhurba\u015fkan\u0131 Erdo\u011fan: \u00c7elik Kubbe ile g\u00fc\u00e7lenece\u011fiz... G\u00f6kbey envantere girdi\" \/>\n<meta property=\"og:description\" content=\"Cumhurba\u015fkan\u0131 Erdo\u011fan, T\u00fcrk Havac\u0131l\u0131k ve Uzay Sanayii Anonim \u015eirketi (TUSA\u015e) Merkez Yerle\u015fke&#8217;de T625 G\u00f6kbey Helikopteri Teslimat T\u00f6reni&#8217;ne kat\u0131ld\u0131. Erdo\u011fan, G\u00f6kbey&#8217;in g\u00f6vdesine imzas\u0131n\u0131 atarken, \u015fehit M\u00fchendis Zahide G\u00fc\u00e7l\u00fc Ekici&#8217;nin de ismini yazd\u0131. TUSA\u015e taraf\u0131ndan geli\u015ftirilip \u00fcretilen genel maksat helikopteri T625 G\u00d6KBEY&#8217;in ilk teslimat\u0131 Jandarma Genel Komutanl\u0131\u011f\u0131&#8217;na yap\u0131ld\u0131.ANKARA (\u0130GFA) &#8211; T625 G\u00f6kbey Helikopter Teslimat T\u00f6reni i\u00e7in TUSA\u015e&#8217;ta a\u00e7\u0131klamalarda bulunan Cumhurba\u015fkan\u0131 Recep Tayyip Erdo\u011fan, \u00c7elik Kubbe ile daha da g\u00fc\u00e7leneceklerinin mesaj\u0131n\u0131 verdi. &#8220;Art\u0131k geli\u015ftirdi\u011fimiz silahlar\u0131 kullanarak t\u00fcm sorunlar\u0131 a\u015ft\u0131k, a\u015f\u0131yoruz&#8221; diyen Cumhurba\u015fkan\u0131 Erdo\u011fan, &#8220;Katmanl\u0131 hava savunma sistemlerimizin g\u00fcvenli\u011fimiz a\u00e7\u0131s\u0131ndan ne kadar hayati \u00f6nemde oldu\u011fu bug\u00fcn \u00e7ok daha iyi anla\u015f\u0131l\u0131yor. TUSA\u015e&#8217;\u0131m\u0131z\u0131n g\u00f6\u011fs\u00fcm\u00fcz\u00fc kabartan projelerinin s\u0131rr\u0131, kurumlar\u0131m\u0131z aras\u0131nda giderek artan yak\u0131n i\u015f birli\u011fi koordinasyondur. Savunma sanayiinde tam ba\u011f\u0131ms\u0131z T\u00fcrkiye hedefine kadar durmak yok. Hainlere inat daha fazla \u00e7al\u0131\u015faca\u011f\u0131z&#8221; diye konu\u015ftu. 2013 y\u0131l\u0131nda tasar\u0131m geli\u015ftirme ve test faaliyetleriyle ba\u015flayan &#8216;G\u00f6kbey&#8217; helikopteri ile ne kadar iftihar edilse az oldu\u011funu belirten Cumhurba\u015fkan\u0131 Erdo\u011fan, 20 G\u00f6kbey helikopterinin 2026&#8217;da teslim edilece\u011fini kaydetti. &#8220;G\u00f6kbey ile \u015fehitlerin ruhlar\u0131n\u0131n \u015fad edece\u011fimize inan\u0131yorum&#8221; diyen Erdo\u011fan, &#8220;Seri \u00fcretim s\u00f6zle\u015fmesi kapsam\u0131ndaki 2 adet helikopterin de teslimatlar\u0131 y\u0131l sonuna kadar yap\u0131lacak. \u00d6n\u00fcm\u00fczdeki d\u00f6nemde 100&#8217;den fazla G\u00f6kbey ihtiyac\u0131na y\u00f6nelik tedarik planlan\u0131yor. 20 adet helikopter 2026&#8217;da teslim edilecek&#8221; diye konu\u015ftu. G\u00f6kbey&#8217;e imzas\u0131n\u0131 atan Cumhurba\u015fkan\u0131 Erdo\u011fan, TUSA\u015e sald\u0131r\u0131s\u0131nda \u015fehit olan &hellip;\" \/>\n<meta property=\"og:url\" content=\"https:\/\/denizcankizil.tr\/ru\/haberler\/gundem\/cumhurbaskani-erdogan-celik-kubbe-ile-guclenecegiz-gokbey-envantere-girdi\/\" \/>\n<meta property=\"og:site_name\" content=\"Av. Deniz Can K\u0131z\u0131l\" \/>\n<meta property=\"article:published_time\" content=\"2024-10-29T18:41:55+00:00\" \/>\n<meta name=\"twitter:card\" content=\"summary_large_image\" \/>\n<meta name=\"twitter:label1\" content=\"\u041f\u0440\u0438\u043c\u0435\u0440\u043d\u043e\u0435 \u0432\u0440\u0435\u043c\u044f \u0434\u043b\u044f \u0447\u0442\u0435\u043d\u0438\u044f\" \/>\n\t<meta name=\"twitter:data1\" content=\"3 \u043c\u0438\u043d\u0443\u0442\u044b\" \/>\n<script type=\"application\/ld+json\" class=\"yoast-schema-graph\">{\"@context\":\"https:\/\/schema.org\",\"@graph\":[{\"@type\":\"Article\",\"@id\":\"https:\/\/denizcankizil.tr\/ru\/haberler\/gundem\/cumhurbaskani-erdogan-celik-kubbe-ile-guclenecegiz-gokbey-envantere-girdi\/#article\",\"isPartOf\":{\"@id\":\"https:\/\/denizcankizil.tr\/ru\/haberler\/gundem\/cumhurbaskani-erdogan-celik-kubbe-ile-guclenecegiz-gokbey-envantere-girdi\/\"},\"author\":{\"name\":\"\",\"@id\":\"\"},\"headline\":\"Cumhurba\u015fkan\u0131 Erdo\u011fan: \u00c7elik Kubbe ile g\u00fc\u00e7lenece\u011fiz&#8230; G\u00f6kbey envantere girdi\",\"datePublished\":\"2024-10-29T18:41:55+00:00\",\"mainEntityOfPage\":{\"@id\":\"https:\/\/denizcankizil.tr\/ru\/haberler\/gundem\/cumhurbaskani-erdogan-celik-kubbe-ile-guclenecegiz-gokbey-envantere-girdi\/\"},\"wordCount\":558,\"commentCount\":0,\"publisher\":{\"@id\":\"https:\/\/denizcankizil.tr\/#organization\"},\"articleSection\":[\"G\u00fcndem\",\"Uncategorized\"],\"inLanguage\":\"ru-RU\",\"potentialAction\":[{\"@type\":\"CommentAction\",\"name\":\"Comment\",\"target\":[\"https:\/\/denizcankizil.tr\/ru\/haberler\/gundem\/cumhurbaskani-erdogan-celik-kubbe-ile-guclenecegiz-gokbey-envantere-girdi\/#respond\"]}]},{\"@type\":\"WebPage\",\"@id\":\"https:\/\/denizcankizil.tr\/ru\/haberler\/gundem\/cumhurbaskani-erdogan-celik-kubbe-ile-guclenecegiz-gokbey-envantere-girdi\/\",\"url\":\"https:\/\/denizcankizil.tr\/ru\/haberler\/gundem\/cumhurbaskani-erdogan-celik-kubbe-ile-guclenecegiz-gokbey-envantere-girdi\/\",\"name\":\"Cumhurba\u015fkan\u0131 Erdo\u011fan: \u00c7elik Kubbe ile g\u00fc\u00e7lenece\u011fiz... G\u00f6kbey envantere girdi - Av. Deniz Can K\u0131z\u0131l\",\"isPartOf\":{\"@id\":\"https:\/\/denizcankizil.tr\/#website\"},\"datePublished\":\"2024-10-29T18:41:55+00:00\",\"breadcrumb\":{\"@id\":\"https:\/\/denizcankizil.tr\/ru\/haberler\/gundem\/cumhurbaskani-erdogan-celik-kubbe-ile-guclenecegiz-gokbey-envantere-girdi\/#breadcrumb\"},\"inLanguage\":\"ru-RU\",\"potentialAction\":[{\"@type\":\"ReadAction\",\"target\":[\"https:\/\/denizcankizil.tr\/ru\/haberler\/gundem\/cumhurbaskani-erdogan-celik-kubbe-ile-guclenecegiz-gokbey-envantere-girdi\/\"]}]},{\"@type\":\"BreadcrumbList\",\"@id\":\"https:\/\/denizcankizil.tr\/ru\/haberler\/gundem\/cumhurbaskani-erdogan-celik-kubbe-ile-guclenecegiz-gokbey-envantere-girdi\/#breadcrumb\",\"itemListElement\":[{\"@type\":\"ListItem\",\"position\":1,\"name\":\"Home\",\"item\":\"https:\/\/denizcankizil.tr\/de\/\"},{\"@type\":\"ListItem\",\"position\":2,\"name\":\"Cumhurba\u015fkan\u0131 Erdo\u011fan: \u00c7elik Kubbe ile g\u00fc\u00e7lenece\u011fiz&#8230; G\u00f6kbey envantere girdi\"}]},{\"@type\":\"WebSite\",\"@id\":\"https:\/\/denizcankizil.tr\/#website\",\"url\":\"https:\/\/denizcankizil.tr\/\",\"name\":\"Av. Deniz Can K\u0131z\u0131l\",\"description\":\"Avukat Deniz Can K\u0131z\u0131l Antalya Barosu\",\"publisher\":{\"@id\":\"https:\/\/denizcankizil.tr\/#organization\"},\"potentialAction\":[{\"@type\":\"SearchAction\",\"target\":{\"@type\":\"EntryPoint\",\"urlTemplate\":\"https:\/\/denizcankizil.tr\/?s={search_term_string}\"},\"query-input\":{\"@type\":\"PropertyValueSpecification\",\"valueRequired\":true,\"valueName\":\"search_term_string\"}}],\"inLanguage\":\"ru-RU\"},{\"@type\":\"Organization\",\"@id\":\"https:\/\/denizcankizil.tr\/#organization\",\"name\":\"Av. Deniz Can K\u0131z\u0131l\",\"url\":\"https:\/\/denizcankizil.tr\/\",\"logo\":{\"@type\":\"ImageObject\",\"inLanguage\":\"ru-RU\",\"@id\":\"https:\/\/denizcankizil.tr\/#\/schema\/logo\/image\/\",\"url\":\"https:\/\/denizcankizil.tr\/wp-content\/uploads\/2024\/10\/siyah-logo-svg.svg\",\"contentUrl\":\"https:\/\/denizcankizil.tr\/wp-content\/uploads\/2024\/10\/siyah-logo-svg.svg\",\"width\":1080,\"height\":1080,\"caption\":\"Av. Deniz Can K\u0131z\u0131l\"},\"image\":{\"@id\":\"https:\/\/denizcankizil.tr\/#\/schema\/logo\/image\/\"}}]}<\/script>\n<!-- \/ Yoast SEO Premium plugin. -->","yoast_head_json":{"title":"Cumhurba\u015fkan\u0131 Erdo\u011fan: \u00c7elik Kubbe ile g\u00fc\u00e7lenece\u011fiz... G\u00f6kbey envantere girdi - Av. Deniz Can K\u0131z\u0131l","robots":{"index":"index","follow":"follow","max-snippet":"max-snippet:-1","max-image-preview":"max-image-preview:large","max-video-preview":"max-video-preview:-1"},"canonical":"https:\/\/denizcankizil.tr\/ru\/haberler\/gundem\/cumhurbaskani-erdogan-celik-kubbe-ile-guclenecegiz-gokbey-envantere-girdi\/","og_locale":"ru_RU","og_type":"article","og_title":"Cumhurba\u015fkan\u0131 Erdo\u011fan: \u00c7elik Kubbe ile g\u00fc\u00e7lenece\u011fiz... G\u00f6kbey envantere girdi","og_description":"Cumhurba\u015fkan\u0131 Erdo\u011fan, T\u00fcrk Havac\u0131l\u0131k ve Uzay Sanayii Anonim \u015eirketi (TUSA\u015e) Merkez Yerle\u015fke&#8217;de T625 G\u00f6kbey Helikopteri Teslimat T\u00f6reni&#8217;ne kat\u0131ld\u0131. Erdo\u011fan, G\u00f6kbey&#8217;in g\u00f6vdesine imzas\u0131n\u0131 atarken, \u015fehit M\u00fchendis Zahide G\u00fc\u00e7l\u00fc Ekici&#8217;nin de ismini yazd\u0131. TUSA\u015e taraf\u0131ndan geli\u015ftirilip \u00fcretilen genel maksat helikopteri T625 G\u00d6KBEY&#8217;in ilk teslimat\u0131 Jandarma Genel Komutanl\u0131\u011f\u0131&#8217;na yap\u0131ld\u0131.ANKARA (\u0130GFA) &#8211; T625 G\u00f6kbey Helikopter Teslimat T\u00f6reni i\u00e7in TUSA\u015e&#8217;ta a\u00e7\u0131klamalarda bulunan Cumhurba\u015fkan\u0131 Recep Tayyip Erdo\u011fan, \u00c7elik Kubbe ile daha da g\u00fc\u00e7leneceklerinin mesaj\u0131n\u0131 verdi. &#8220;Art\u0131k geli\u015ftirdi\u011fimiz silahlar\u0131 kullanarak t\u00fcm sorunlar\u0131 a\u015ft\u0131k, a\u015f\u0131yoruz&#8221; diyen Cumhurba\u015fkan\u0131 Erdo\u011fan, &#8220;Katmanl\u0131 hava savunma sistemlerimizin g\u00fcvenli\u011fimiz a\u00e7\u0131s\u0131ndan ne kadar hayati \u00f6nemde oldu\u011fu bug\u00fcn \u00e7ok daha iyi anla\u015f\u0131l\u0131yor. TUSA\u015e&#8217;\u0131m\u0131z\u0131n g\u00f6\u011fs\u00fcm\u00fcz\u00fc kabartan projelerinin s\u0131rr\u0131, kurumlar\u0131m\u0131z aras\u0131nda giderek artan yak\u0131n i\u015f birli\u011fi koordinasyondur. Savunma sanayiinde tam ba\u011f\u0131ms\u0131z T\u00fcrkiye hedefine kadar durmak yok. Hainlere inat daha fazla \u00e7al\u0131\u015faca\u011f\u0131z&#8221; diye konu\u015ftu. 2013 y\u0131l\u0131nda tasar\u0131m geli\u015ftirme ve test faaliyetleriyle ba\u015flayan &#8216;G\u00f6kbey&#8217; helikopteri ile ne kadar iftihar edilse az oldu\u011funu belirten Cumhurba\u015fkan\u0131 Erdo\u011fan, 20 G\u00f6kbey helikopterinin 2026&#8217;da teslim edilece\u011fini kaydetti. &#8220;G\u00f6kbey ile \u015fehitlerin ruhlar\u0131n\u0131n \u015fad edece\u011fimize inan\u0131yorum&#8221; diyen Erdo\u011fan, &#8220;Seri \u00fcretim s\u00f6zle\u015fmesi kapsam\u0131ndaki 2 adet helikopterin de teslimatlar\u0131 y\u0131l sonuna kadar yap\u0131lacak. \u00d6n\u00fcm\u00fczdeki d\u00f6nemde 100&#8217;den fazla G\u00f6kbey ihtiyac\u0131na y\u00f6nelik tedarik planlan\u0131yor. 20 adet helikopter 2026&#8217;da teslim edilecek&#8221; diye konu\u015ftu. G\u00f6kbey&#8217;e imzas\u0131n\u0131 atan Cumhurba\u015fkan\u0131 Erdo\u011fan, TUSA\u015e sald\u0131r\u0131s\u0131nda \u015fehit olan &hellip;","og_url":"https:\/\/denizcankizil.tr\/ru\/haberler\/gundem\/cumhurbaskani-erdogan-celik-kubbe-ile-guclenecegiz-gokbey-envantere-girdi\/","og_site_name":"Av. Deniz Can K\u0131z\u0131l","article_published_time":"2024-10-29T18:41:55+00:00","twitter_card":"summary_large_image","twitter_misc":{"\u041f\u0440\u0438\u043c\u0435\u0440\u043d\u043e\u0435 \u0432\u0440\u0435\u043c\u044f \u0434\u043b\u044f \u0447\u0442\u0435\u043d\u0438\u044f":"3 \u043c\u0438\u043d\u0443\u0442\u044b"},"schema":{"@context":"https:\/\/schema.org","@graph":[{"@type":"Article","@id":"https:\/\/denizcankizil.tr\/ru\/haberler\/gundem\/cumhurbaskani-erdogan-celik-kubbe-ile-guclenecegiz-gokbey-envantere-girdi\/#article","isPartOf":{"@id":"https:\/\/denizcankizil.tr\/ru\/haberler\/gundem\/cumhurbaskani-erdogan-celik-kubbe-ile-guclenecegiz-gokbey-envantere-girdi\/"},"author":{"name":"","@id":""},"headline":"Cumhurba\u015fkan\u0131 Erdo\u011fan: \u00c7elik Kubbe ile g\u00fc\u00e7lenece\u011fiz&#8230; G\u00f6kbey envantere girdi","datePublished":"2024-10-29T18:41:55+00:00","mainEntityOfPage":{"@id":"https:\/\/denizcankizil.tr\/ru\/haberler\/gundem\/cumhurbaskani-erdogan-celik-kubbe-ile-guclenecegiz-gokbey-envantere-girdi\/"},"wordCount":558,"commentCount":0,"publisher":{"@id":"https:\/\/denizcankizil.tr\/#organization"},"articleSection":["G\u00fcndem","Uncategorized"],"inLanguage":"ru-RU","potentialAction":[{"@type":"CommentAction","name":"Comment","target":["https:\/\/denizcankizil.tr\/ru\/haberler\/gundem\/cumhurbaskani-erdogan-celik-kubbe-ile-guclenecegiz-gokbey-envantere-girdi\/#respond"]}]},{"@type":"WebPage","@id":"https:\/\/denizcankizil.tr\/ru\/haberler\/gundem\/cumhurbaskani-erdogan-celik-kubbe-ile-guclenecegiz-gokbey-envantere-girdi\/","url":"https:\/\/denizcankizil.tr\/ru\/haberler\/gundem\/cumhurbaskani-erdogan-celik-kubbe-ile-guclenecegiz-gokbey-envantere-girdi\/","name":"Cumhurba\u015fkan\u0131 Erdo\u011fan: \u00c7elik Kubbe ile g\u00fc\u00e7lenece\u011fiz... G\u00f6kbey envantere girdi - Av. Deniz Can K\u0131z\u0131l","isPartOf":{"@id":"https:\/\/denizcankizil.tr\/#website"},"datePublished":"2024-10-29T18:41:55+00:00","breadcrumb":{"@id":"https:\/\/denizcankizil.tr\/ru\/haberler\/gundem\/cumhurbaskani-erdogan-celik-kubbe-ile-guclenecegiz-gokbey-envantere-girdi\/#breadcrumb"},"inLanguage":"ru-RU","potentialAction":[{"@type":"ReadAction","target":["https:\/\/denizcankizil.tr\/ru\/haberler\/gundem\/cumhurbaskani-erdogan-celik-kubbe-ile-guclenecegiz-gokbey-envantere-girdi\/"]}]},{"@type":"BreadcrumbList","@id":"https:\/\/denizcankizil.tr\/ru\/haberler\/gundem\/cumhurbaskani-erdogan-celik-kubbe-ile-guclenecegiz-gokbey-envantere-girdi\/#breadcrumb","itemListElement":[{"@type":"ListItem","position":1,"name":"Home","item":"https:\/\/denizcankizil.tr\/de\/"},{"@type":"ListItem","position":2,"name":"Cumhurba\u015fkan\u0131 Erdo\u011fan: \u00c7elik Kubbe ile g\u00fc\u00e7lenece\u011fiz&#8230; G\u00f6kbey envantere girdi"}]},{"@type":"WebSite","@id":"https:\/\/denizcankizil.tr\/#website","url":"https:\/\/denizcankizil.tr\/","name":"Av. Deniz Can K\u0131z\u0131l","description":"Avukat Deniz Can K\u0131z\u0131l Antalya Barosu","publisher":{"@id":"https:\/\/denizcankizil.tr\/#organization"},"potentialAction":[{"@type":"SearchAction","target":{"@type":"EntryPoint","urlTemplate":"https:\/\/denizcankizil.tr\/?s={search_term_string}"},"query-input":{"@type":"PropertyValueSpecification","valueRequired":true,"valueName":"search_term_string"}}],"inLanguage":"ru-RU"},{"@type":"Organization","@id":"https:\/\/denizcankizil.tr\/#organization","name":"Av. Deniz Can K\u0131z\u0131l","url":"https:\/\/denizcankizil.tr\/","logo":{"@type":"ImageObject","inLanguage":"ru-RU","@id":"https:\/\/denizcankizil.tr\/#\/schema\/logo\/image\/","url":"https:\/\/denizcankizil.tr\/wp-content\/uploads\/2024\/10\/siyah-logo-svg.svg","contentUrl":"https:\/\/denizcankizil.tr\/wp-content\/uploads\/2024\/10\/siyah-logo-svg.svg","width":1080,"height":1080,"caption":"Av. Deniz Can K\u0131z\u0131l"},"image":{"@id":"https:\/\/denizcankizil.tr\/#\/schema\/logo\/image\/"}}]}},"_links":{"self":[{"href":"https:\/\/denizcankizil.tr\/ru\/wp-json\/wp\/v2\/posts\/10090","targetHints":{"allow":["GET"]}}],"collection":[{"href":"https:\/\/denizcankizil.tr\/ru\/wp-json\/wp\/v2\/posts"}],"about":[{"href":"https:\/\/denizcankizil.tr\/ru\/wp-json\/wp\/v2\/types\/post"}],"replies":[{"embeddable":true,"href":"https:\/\/denizcankizil.tr\/ru\/wp-json\/wp\/v2\/comments?post=10090"}],"version-history":[{"count":0,"href":"https:\/\/denizcankizil.tr\/ru\/wp-json\/wp\/v2\/posts\/10090\/revisions"}],"wp:attachment":[{"href":"https:\/\/denizcankizil.tr\/ru\/wp-json\/wp\/v2\/media?parent=10090"}],"wp:term":[{"taxonomy":"category","embeddable":true,"href":"https:\/\/denizcankizil.tr\/ru\/wp-json\/wp\/v2\/categories?post=10090"},{"taxonomy":"post_tag","embeddable":true,"href":"https:\/\/denizcankizil.tr\/ru\/wp-json\/wp\/v2\/tags?post=10090"}],"curies":[{"name":"wp","href":"https:\/\/api.w.org\/{rel}","templated":true}]}}