{"id":100439,"date":"2025-05-29T11:41:36","date_gmt":"2025-05-29T08:41:36","guid":{"rendered":"https:\/\/denizcankizil.tr\/uncategorized-tr\/otomobille-carpisan-motosiklet-surucusu-yaralandi\/"},"modified":"2025-05-29T11:41:36","modified_gmt":"2025-05-29T08:41:36","slug":"otomobille-carpisan-motosiklet-surucusu-yaralandi","status":"publish","type":"post","link":"https:\/\/denizcankizil.tr\/ru\/haberler\/antalya\/otomobille-carpisan-motosiklet-surucusu-yaralandi\/","title":{"rendered":"Otomobille \u00e7arp\u0131\u015fan motosiklet s\u00fcr\u00fcc\u00fcs\u00fc yaraland\u0131"},"content":{"rendered":"<p>Kaza, saat 21.30 s\u0131ralar\u0131nda Muratpa\u015fa il\u00e7esi Zerdalilik Mahallesi 1385 sokak ile 1408 sokak kesi\u015fiminde meydana geldi. Edinilen bilgiye g\u00f6re Durmu\u015f \u00d6\u2019n\u00fcn kulland\u0131\u011f\u0131 07 BTR 306 plakal\u0131 motosiklet sokak kesi\u015fimine geldi\u011finde Ercan \u0130.\u2019nin idaresindeki 07 BMU 675 plakal\u0131 Opel marka ara\u00e7 ize \u00e7arp\u0131\u015ft\u0131. \u00c7arpman\u0131n \u015fiddetiyle savrularak motosikletten d\u00fc\u015fen Durmu\u015f \u00d6. yaraland\u0131. Kazay\u0131 g\u00f6ren vatanda\u015flar\u0131n 112 Acil \u00c7a\u011fr\u0131 Merkezi\u2019ne ihbar\u0131 ile olay yerine polis ve sa\u011fl\u0131k ekipleri sevk edilirken, motosiklet s\u00fcr\u00fcc\u00fcs\u00fcn\u00fcn yard\u0131m\u0131na ko\u015fan bir vatanda\u015f yaral\u0131 s\u00fcr\u00fcc\u00fc ambulansa al\u0131nana kadar ba\u015f\u0131ndan bir an olsun ayr\u0131lmad\u0131. Yaral\u0131 motosiklet s\u00fcr\u00fcc\u00fcs\u00fc Durmu\u015f \u00d6. olay yerindeki ilk m\u00fcdahalesinin ard\u0131ndan ambulansla hastaneye kald\u0131r\u0131ld\u0131.<\/p>\n<p>Kaynak: www.kanalv.com.tr Haber Sitesinden Al\u0131nm\u0131\u015ft\u0131r.<\/p>","protected":false},"excerpt":{"rendered":"<p>Kaza, saat 21.30 s\u0131ralar\u0131nda Muratpa\u015fa il\u00e7esi Zerdalilik Mahallesi 1385 sokak ile 1408 sokak kesi\u015fiminde meydana geldi. Edinilen bilgiye g\u00f6re Durmu\u015f \u00d6\u2019n\u00fcn kulland\u0131\u011f\u0131 07 BTR 306 plakal\u0131 motosiklet sokak kesi\u015fimine geldi\u011finde Ercan \u0130.\u2019nin idaresindeki 07 BMU 675 plakal\u0131 Opel marka ara\u00e7 ize \u00e7arp\u0131\u015ft\u0131. \u00c7arpman\u0131n \u015fiddetiyle savrularak motosikletten d\u00fc\u015fen Durmu\u015f \u00d6. yaraland\u0131. Kazay\u0131 g\u00f6ren vatanda\u015flar\u0131n 112 Acil \u00c7a\u011fr\u0131 Merkezi\u2019ne ihbar\u0131 ile olay yerine polis ve sa\u011fl\u0131k ekipleri sevk edilirken, motosiklet s\u00fcr\u00fcc\u00fcs\u00fcn\u00fcn yard\u0131m\u0131na ko\u015fan bir vatanda\u015f yaral\u0131 s\u00fcr\u00fcc\u00fc ambulansa al\u0131nana kadar ba\u015f\u0131ndan bir an olsun ayr\u0131lmad\u0131. Yaral\u0131 motosiklet s\u00fcr\u00fcc\u00fcs\u00fc Durmu\u015f \u00d6. olay yerindeki ilk m\u00fcdahalesinin ard\u0131ndan ambulansla hastaneye kald\u0131r\u0131ld\u0131. Kaynak: www.kanalv.com.tr Haber Sitesinden Al\u0131nm\u0131\u015ft\u0131r.<\/p>","protected":false},"author":4,"featured_media":100440,"comment_status":"","ping_status":"open","sticky":false,"template":"","format":"standard","meta":{"_acf_changed":false,"footnotes":""},"categories":[26],"tags":[],"class_list":["post-100439","post","type-post","status-publish","format-standard","has-post-thumbnail","hentry","category-antalya"],"acf":[],"yoast_head":"<!-- This site is optimized with the Yoast SEO Premium plugin v26.6 (Yoast SEO v27.1.1) - https:\/\/yoast.com\/product\/yoast-seo-premium-wordpress\/ -->\n<title>Otomobille \u00e7arp\u0131\u015fan motosiklet s\u00fcr\u00fcc\u00fcs\u00fc yaraland\u0131 - Av. Deniz Can K\u0131z\u0131l<\/title>\n<meta name=\"robots\" content=\"index, follow, max-snippet:-1, max-image-preview:large, max-video-preview:-1\" \/>\n<link rel=\"canonical\" href=\"https:\/\/denizcankizil.tr\/ru\/haberler\/antalya\/otomobille-carpisan-motosiklet-surucusu-yaralandi\/\" \/>\n<meta property=\"og:locale\" content=\"ru_RU\" \/>\n<meta property=\"og:type\" content=\"article\" \/>\n<meta property=\"og:title\" content=\"Otomobille \u00e7arp\u0131\u015fan motosiklet s\u00fcr\u00fcc\u00fcs\u00fc yaraland\u0131\" \/>\n<meta property=\"og:description\" content=\"Kaza, saat 21.30 s\u0131ralar\u0131nda Muratpa\u015fa il\u00e7esi Zerdalilik Mahallesi 1385 sokak ile 1408 sokak kesi\u015fiminde meydana geldi. Edinilen bilgiye g\u00f6re Durmu\u015f \u00d6\u2019n\u00fcn kulland\u0131\u011f\u0131 07 BTR 306 plakal\u0131 motosiklet sokak kesi\u015fimine geldi\u011finde Ercan \u0130.\u2019nin idaresindeki 07 BMU 675 plakal\u0131 Opel marka ara\u00e7 ize \u00e7arp\u0131\u015ft\u0131. \u00c7arpman\u0131n \u015fiddetiyle savrularak motosikletten d\u00fc\u015fen Durmu\u015f \u00d6. yaraland\u0131. Kazay\u0131 g\u00f6ren vatanda\u015flar\u0131n 112 Acil \u00c7a\u011fr\u0131 Merkezi\u2019ne ihbar\u0131 ile olay yerine polis ve sa\u011fl\u0131k ekipleri sevk edilirken, motosiklet s\u00fcr\u00fcc\u00fcs\u00fcn\u00fcn yard\u0131m\u0131na ko\u015fan bir vatanda\u015f yaral\u0131 s\u00fcr\u00fcc\u00fc ambulansa al\u0131nana kadar ba\u015f\u0131ndan bir an olsun ayr\u0131lmad\u0131. Yaral\u0131 motosiklet s\u00fcr\u00fcc\u00fcs\u00fc Durmu\u015f \u00d6. olay yerindeki ilk m\u00fcdahalesinin ard\u0131ndan ambulansla hastaneye kald\u0131r\u0131ld\u0131. Kaynak: www.kanalv.com.tr Haber Sitesinden Al\u0131nm\u0131\u015ft\u0131r.\" \/>\n<meta property=\"og:url\" content=\"https:\/\/denizcankizil.tr\/ru\/haberler\/antalya\/otomobille-carpisan-motosiklet-surucusu-yaralandi\/\" \/>\n<meta property=\"og:site_name\" content=\"Av. Deniz Can K\u0131z\u0131l\" \/>\n<meta property=\"article:published_time\" content=\"2025-05-29T08:41:36+00:00\" \/>\n<meta property=\"og:image\" content=\"https:\/\/denizcankizil.tr\/wp-content\/uploads\/2025\/05\/6603-01-5g0bSA.jpg\" \/>\n\t<meta property=\"og:image:width\" content=\"1280\" \/>\n\t<meta property=\"og:image:height\" content=\"720\" \/>\n\t<meta property=\"og:image:type\" content=\"image\/jpeg\" \/>\n<meta name=\"author\" content=\"Av. Deniz Can K\u0131z\u0131l\" \/>\n<meta name=\"twitter:card\" content=\"summary_large_image\" \/>\n<meta name=\"twitter:label1\" content=\"\u041d\u0430\u043f\u0438\u0441\u0430\u043d\u043e \u0430\u0432\u0442\u043e\u0440\u043e\u043c\" \/>\n\t<meta name=\"twitter:data1\" content=\"Av. Deniz Can K\u0131z\u0131l\" \/>\n\t<meta name=\"twitter:label2\" content=\"\u041f\u0440\u0438\u043c\u0435\u0440\u043d\u043e\u0435 \u0432\u0440\u0435\u043c\u044f \u0434\u043b\u044f \u0447\u0442\u0435\u043d\u0438\u044f\" \/>\n\t<meta name=\"twitter:data2\" content=\"1 \u043c\u0438\u043d\u0443\u0442\u0430\" \/>\n<script type=\"application\/ld+json\" class=\"yoast-schema-graph\">{\"@context\":\"https:\/\/schema.org\",\"@graph\":[{\"@type\":\"Article\",\"@id\":\"https:\/\/denizcankizil.tr\/ru\/haberler\/antalya\/otomobille-carpisan-motosiklet-surucusu-yaralandi\/#article\",\"isPartOf\":{\"@id\":\"https:\/\/denizcankizil.tr\/ru\/haberler\/antalya\/otomobille-carpisan-motosiklet-surucusu-yaralandi\/\"},\"author\":{\"name\":\"Av. Deniz Can K\u0131z\u0131l\",\"@id\":\"https:\/\/denizcankizil.tr\/#\/schema\/person\/5dc1b22991bd7ac833867c10afc9b0ff\"},\"headline\":\"Otomobille \u00e7arp\u0131\u015fan motosiklet s\u00fcr\u00fcc\u00fcs\u00fc yaraland\u0131\",\"datePublished\":\"2025-05-29T08:41:36+00:00\",\"mainEntityOfPage\":{\"@id\":\"https:\/\/denizcankizil.tr\/ru\/haberler\/antalya\/otomobille-carpisan-motosiklet-surucusu-yaralandi\/\"},\"wordCount\":145,\"publisher\":{\"@id\":\"https:\/\/denizcankizil.tr\/#organization\"},\"image\":{\"@id\":\"https:\/\/denizcankizil.tr\/ru\/haberler\/antalya\/otomobille-carpisan-motosiklet-surucusu-yaralandi\/#primaryimage\"},\"thumbnailUrl\":\"https:\/\/denizcankizil.tr\/wp-content\/uploads\/2025\/05\/6603-01-5g0bSA.jpg\",\"articleSection\":[\"Antalya\"],\"inLanguage\":\"ru-RU\"},{\"@type\":\"WebPage\",\"@id\":\"https:\/\/denizcankizil.tr\/ru\/haberler\/antalya\/otomobille-carpisan-motosiklet-surucusu-yaralandi\/\",\"url\":\"https:\/\/denizcankizil.tr\/ru\/haberler\/antalya\/otomobille-carpisan-motosiklet-surucusu-yaralandi\/\",\"name\":\"Otomobille \u00e7arp\u0131\u015fan motosiklet s\u00fcr\u00fcc\u00fcs\u00fc yaraland\u0131 - Av. Deniz Can K\u0131z\u0131l\",\"isPartOf\":{\"@id\":\"https:\/\/denizcankizil.tr\/#website\"},\"primaryImageOfPage\":{\"@id\":\"https:\/\/denizcankizil.tr\/ru\/haberler\/antalya\/otomobille-carpisan-motosiklet-surucusu-yaralandi\/#primaryimage\"},\"image\":{\"@id\":\"https:\/\/denizcankizil.tr\/ru\/haberler\/antalya\/otomobille-carpisan-motosiklet-surucusu-yaralandi\/#primaryimage\"},\"thumbnailUrl\":\"https:\/\/denizcankizil.tr\/wp-content\/uploads\/2025\/05\/6603-01-5g0bSA.jpg\",\"datePublished\":\"2025-05-29T08:41:36+00:00\",\"breadcrumb\":{\"@id\":\"https:\/\/denizcankizil.tr\/ru\/haberler\/antalya\/otomobille-carpisan-motosiklet-surucusu-yaralandi\/#breadcrumb\"},\"inLanguage\":\"ru-RU\",\"potentialAction\":[{\"@type\":\"ReadAction\",\"target\":[\"https:\/\/denizcankizil.tr\/ru\/haberler\/antalya\/otomobille-carpisan-motosiklet-surucusu-yaralandi\/\"]}]},{\"@type\":\"ImageObject\",\"inLanguage\":\"ru-RU\",\"@id\":\"https:\/\/denizcankizil.tr\/ru\/haberler\/antalya\/otomobille-carpisan-motosiklet-surucusu-yaralandi\/#primaryimage\",\"url\":\"https:\/\/denizcankizil.tr\/wp-content\/uploads\/2025\/05\/6603-01-5g0bSA.jpg\",\"contentUrl\":\"https:\/\/denizcankizil.tr\/wp-content\/uploads\/2025\/05\/6603-01-5g0bSA.jpg\",\"width\":1280,\"height\":720},{\"@type\":\"BreadcrumbList\",\"@id\":\"https:\/\/denizcankizil.tr\/ru\/haberler\/antalya\/otomobille-carpisan-motosiklet-surucusu-yaralandi\/#breadcrumb\",\"itemListElement\":[{\"@type\":\"ListItem\",\"position\":1,\"name\":\"Home\",\"item\":\"https:\/\/denizcankizil.tr\/uk\/\"},{\"@type\":\"ListItem\",\"position\":2,\"name\":\"Otomobille \u00e7arp\u0131\u015fan motosiklet s\u00fcr\u00fcc\u00fcs\u00fc yaraland\u0131\"}]},{\"@type\":\"WebSite\",\"@id\":\"https:\/\/denizcankizil.tr\/#website\",\"url\":\"https:\/\/denizcankizil.tr\/\",\"name\":\"Av. Deniz Can K\u0131z\u0131l\",\"description\":\"Avukat Deniz Can K\u0131z\u0131l Antalya Barosu\",\"publisher\":{\"@id\":\"https:\/\/denizcankizil.tr\/#organization\"},\"potentialAction\":[{\"@type\":\"SearchAction\",\"target\":{\"@type\":\"EntryPoint\",\"urlTemplate\":\"https:\/\/denizcankizil.tr\/?s={search_term_string}\"},\"query-input\":{\"@type\":\"PropertyValueSpecification\",\"valueRequired\":true,\"valueName\":\"search_term_string\"}}],\"inLanguage\":\"ru-RU\"},{\"@type\":\"Organization\",\"@id\":\"https:\/\/denizcankizil.tr\/#organization\",\"name\":\"Av. Deniz Can K\u0131z\u0131l\",\"url\":\"https:\/\/denizcankizil.tr\/\",\"logo\":{\"@type\":\"ImageObject\",\"inLanguage\":\"ru-RU\",\"@id\":\"https:\/\/denizcankizil.tr\/#\/schema\/logo\/image\/\",\"url\":\"https:\/\/denizcankizil.tr\/wp-content\/uploads\/2024\/10\/siyah-logo-svg.svg\",\"contentUrl\":\"https:\/\/denizcankizil.tr\/wp-content\/uploads\/2024\/10\/siyah-logo-svg.svg\",\"width\":1080,\"height\":1080,\"caption\":\"Av. Deniz Can K\u0131z\u0131l\"},\"image\":{\"@id\":\"https:\/\/denizcankizil.tr\/#\/schema\/logo\/image\/\"}},{\"@type\":\"Person\",\"@id\":\"https:\/\/denizcankizil.tr\/#\/schema\/person\/5dc1b22991bd7ac833867c10afc9b0ff\",\"name\":\"Av. Deniz Can K\u0131z\u0131l\",\"image\":{\"@type\":\"ImageObject\",\"inLanguage\":\"ru-RU\",\"@id\":\"https:\/\/denizcankizil.tr\/#\/schema\/person\/image\/\",\"url\":\"https:\/\/secure.gravatar.com\/avatar\/a0b128fb9855c79efc976d5640eedb31dc35ec297594d6016d2cf7c60e975bb6?s=96&d=mm&r=g\",\"contentUrl\":\"https:\/\/secure.gravatar.com\/avatar\/a0b128fb9855c79efc976d5640eedb31dc35ec297594d6016d2cf7c60e975bb6?s=96&d=mm&r=g\",\"caption\":\"Av. Deniz Can K\u0131z\u0131l\"},\"sameAs\":[\"http:\/\/www.denizcankizil.tr\"],\"url\":\"https:\/\/denizcankizil.tr\/ru\/author\/denizcankizil\/\"}]}<\/script>\n<!-- \/ Yoast SEO Premium plugin. -->","yoast_head_json":{"title":"Otomobille \u00e7arp\u0131\u015fan motosiklet s\u00fcr\u00fcc\u00fcs\u00fc yaraland\u0131 - Av. Deniz Can K\u0131z\u0131l","robots":{"index":"index","follow":"follow","max-snippet":"max-snippet:-1","max-image-preview":"max-image-preview:large","max-video-preview":"max-video-preview:-1"},"canonical":"https:\/\/denizcankizil.tr\/ru\/haberler\/antalya\/otomobille-carpisan-motosiklet-surucusu-yaralandi\/","og_locale":"ru_RU","og_type":"article","og_title":"Otomobille \u00e7arp\u0131\u015fan motosiklet s\u00fcr\u00fcc\u00fcs\u00fc yaraland\u0131","og_description":"Kaza, saat 21.30 s\u0131ralar\u0131nda Muratpa\u015fa il\u00e7esi Zerdalilik Mahallesi 1385 sokak ile 1408 sokak kesi\u015fiminde meydana geldi. Edinilen bilgiye g\u00f6re Durmu\u015f \u00d6\u2019n\u00fcn kulland\u0131\u011f\u0131 07 BTR 306 plakal\u0131 motosiklet sokak kesi\u015fimine geldi\u011finde Ercan \u0130.\u2019nin idaresindeki 07 BMU 675 plakal\u0131 Opel marka ara\u00e7 ize \u00e7arp\u0131\u015ft\u0131. \u00c7arpman\u0131n \u015fiddetiyle savrularak motosikletten d\u00fc\u015fen Durmu\u015f \u00d6. yaraland\u0131. Kazay\u0131 g\u00f6ren vatanda\u015flar\u0131n 112 Acil \u00c7a\u011fr\u0131 Merkezi\u2019ne ihbar\u0131 ile olay yerine polis ve sa\u011fl\u0131k ekipleri sevk edilirken, motosiklet s\u00fcr\u00fcc\u00fcs\u00fcn\u00fcn yard\u0131m\u0131na ko\u015fan bir vatanda\u015f yaral\u0131 s\u00fcr\u00fcc\u00fc ambulansa al\u0131nana kadar ba\u015f\u0131ndan bir an olsun ayr\u0131lmad\u0131. Yaral\u0131 motosiklet s\u00fcr\u00fcc\u00fcs\u00fc Durmu\u015f \u00d6. olay yerindeki ilk m\u00fcdahalesinin ard\u0131ndan ambulansla hastaneye kald\u0131r\u0131ld\u0131. Kaynak: www.kanalv.com.tr Haber Sitesinden Al\u0131nm\u0131\u015ft\u0131r.","og_url":"https:\/\/denizcankizil.tr\/ru\/haberler\/antalya\/otomobille-carpisan-motosiklet-surucusu-yaralandi\/","og_site_name":"Av. Deniz Can K\u0131z\u0131l","article_published_time":"2025-05-29T08:41:36+00:00","og_image":[{"width":1280,"height":720,"url":"https:\/\/denizcankizil.tr\/wp-content\/uploads\/2025\/05\/6603-01-5g0bSA.jpg","type":"image\/jpeg"}],"author":"Av. Deniz Can K\u0131z\u0131l","twitter_card":"summary_large_image","twitter_misc":{"\u041d\u0430\u043f\u0438\u0441\u0430\u043d\u043e \u0430\u0432\u0442\u043e\u0440\u043e\u043c":"Av. Deniz Can K\u0131z\u0131l","\u041f\u0440\u0438\u043c\u0435\u0440\u043d\u043e\u0435 \u0432\u0440\u0435\u043c\u044f \u0434\u043b\u044f \u0447\u0442\u0435\u043d\u0438\u044f":"1 \u043c\u0438\u043d\u0443\u0442\u0430"},"schema":{"@context":"https:\/\/schema.org","@graph":[{"@type":"Article","@id":"https:\/\/denizcankizil.tr\/ru\/haberler\/antalya\/otomobille-carpisan-motosiklet-surucusu-yaralandi\/#article","isPartOf":{"@id":"https:\/\/denizcankizil.tr\/ru\/haberler\/antalya\/otomobille-carpisan-motosiklet-surucusu-yaralandi\/"},"author":{"name":"Av. Deniz Can K\u0131z\u0131l","@id":"https:\/\/denizcankizil.tr\/#\/schema\/person\/5dc1b22991bd7ac833867c10afc9b0ff"},"headline":"Otomobille \u00e7arp\u0131\u015fan motosiklet s\u00fcr\u00fcc\u00fcs\u00fc yaraland\u0131","datePublished":"2025-05-29T08:41:36+00:00","mainEntityOfPage":{"@id":"https:\/\/denizcankizil.tr\/ru\/haberler\/antalya\/otomobille-carpisan-motosiklet-surucusu-yaralandi\/"},"wordCount":145,"publisher":{"@id":"https:\/\/denizcankizil.tr\/#organization"},"image":{"@id":"https:\/\/denizcankizil.tr\/ru\/haberler\/antalya\/otomobille-carpisan-motosiklet-surucusu-yaralandi\/#primaryimage"},"thumbnailUrl":"https:\/\/denizcankizil.tr\/wp-content\/uploads\/2025\/05\/6603-01-5g0bSA.jpg","articleSection":["Antalya"],"inLanguage":"ru-RU"},{"@type":"WebPage","@id":"https:\/\/denizcankizil.tr\/ru\/haberler\/antalya\/otomobille-carpisan-motosiklet-surucusu-yaralandi\/","url":"https:\/\/denizcankizil.tr\/ru\/haberler\/antalya\/otomobille-carpisan-motosiklet-surucusu-yaralandi\/","name":"Otomobille \u00e7arp\u0131\u015fan motosiklet s\u00fcr\u00fcc\u00fcs\u00fc yaraland\u0131 - Av. Deniz Can K\u0131z\u0131l","isPartOf":{"@id":"https:\/\/denizcankizil.tr\/#website"},"primaryImageOfPage":{"@id":"https:\/\/denizcankizil.tr\/ru\/haberler\/antalya\/otomobille-carpisan-motosiklet-surucusu-yaralandi\/#primaryimage"},"image":{"@id":"https:\/\/denizcankizil.tr\/ru\/haberler\/antalya\/otomobille-carpisan-motosiklet-surucusu-yaralandi\/#primaryimage"},"thumbnailUrl":"https:\/\/denizcankizil.tr\/wp-content\/uploads\/2025\/05\/6603-01-5g0bSA.jpg","datePublished":"2025-05-29T08:41:36+00:00","breadcrumb":{"@id":"https:\/\/denizcankizil.tr\/ru\/haberler\/antalya\/otomobille-carpisan-motosiklet-surucusu-yaralandi\/#breadcrumb"},"inLanguage":"ru-RU","potentialAction":[{"@type":"ReadAction","target":["https:\/\/denizcankizil.tr\/ru\/haberler\/antalya\/otomobille-carpisan-motosiklet-surucusu-yaralandi\/"]}]},{"@type":"ImageObject","inLanguage":"ru-RU","@id":"https:\/\/denizcankizil.tr\/ru\/haberler\/antalya\/otomobille-carpisan-motosiklet-surucusu-yaralandi\/#primaryimage","url":"https:\/\/denizcankizil.tr\/wp-content\/uploads\/2025\/05\/6603-01-5g0bSA.jpg","contentUrl":"https:\/\/denizcankizil.tr\/wp-content\/uploads\/2025\/05\/6603-01-5g0bSA.jpg","width":1280,"height":720},{"@type":"BreadcrumbList","@id":"https:\/\/denizcankizil.tr\/ru\/haberler\/antalya\/otomobille-carpisan-motosiklet-surucusu-yaralandi\/#breadcrumb","itemListElement":[{"@type":"ListItem","position":1,"name":"Home","item":"https:\/\/denizcankizil.tr\/uk\/"},{"@type":"ListItem","position":2,"name":"Otomobille \u00e7arp\u0131\u015fan motosiklet s\u00fcr\u00fcc\u00fcs\u00fc yaraland\u0131"}]},{"@type":"WebSite","@id":"https:\/\/denizcankizil.tr\/#website","url":"https:\/\/denizcankizil.tr\/","name":"Av. Deniz Can K\u0131z\u0131l","description":"Avukat Deniz Can K\u0131z\u0131l Antalya Barosu","publisher":{"@id":"https:\/\/denizcankizil.tr\/#organization"},"potentialAction":[{"@type":"SearchAction","target":{"@type":"EntryPoint","urlTemplate":"https:\/\/denizcankizil.tr\/?s={search_term_string}"},"query-input":{"@type":"PropertyValueSpecification","valueRequired":true,"valueName":"search_term_string"}}],"inLanguage":"ru-RU"},{"@type":"Organization","@id":"https:\/\/denizcankizil.tr\/#organization","name":"Av. Deniz Can K\u0131z\u0131l","url":"https:\/\/denizcankizil.tr\/","logo":{"@type":"ImageObject","inLanguage":"ru-RU","@id":"https:\/\/denizcankizil.tr\/#\/schema\/logo\/image\/","url":"https:\/\/denizcankizil.tr\/wp-content\/uploads\/2024\/10\/siyah-logo-svg.svg","contentUrl":"https:\/\/denizcankizil.tr\/wp-content\/uploads\/2024\/10\/siyah-logo-svg.svg","width":1080,"height":1080,"caption":"Av. Deniz Can K\u0131z\u0131l"},"image":{"@id":"https:\/\/denizcankizil.tr\/#\/schema\/logo\/image\/"}},{"@type":"Person","@id":"https:\/\/denizcankizil.tr\/#\/schema\/person\/5dc1b22991bd7ac833867c10afc9b0ff","name":"Av. Deniz Can K\u0131z\u0131l","image":{"@type":"ImageObject","inLanguage":"ru-RU","@id":"https:\/\/denizcankizil.tr\/#\/schema\/person\/image\/","url":"https:\/\/secure.gravatar.com\/avatar\/a0b128fb9855c79efc976d5640eedb31dc35ec297594d6016d2cf7c60e975bb6?s=96&d=mm&r=g","contentUrl":"https:\/\/secure.gravatar.com\/avatar\/a0b128fb9855c79efc976d5640eedb31dc35ec297594d6016d2cf7c60e975bb6?s=96&d=mm&r=g","caption":"Av. Deniz Can K\u0131z\u0131l"},"sameAs":["http:\/\/www.denizcankizil.tr"],"url":"https:\/\/denizcankizil.tr\/ru\/author\/denizcankizil\/"}]}},"_links":{"self":[{"href":"https:\/\/denizcankizil.tr\/ru\/wp-json\/wp\/v2\/posts\/100439","targetHints":{"allow":["GET"]}}],"collection":[{"href":"https:\/\/denizcankizil.tr\/ru\/wp-json\/wp\/v2\/posts"}],"about":[{"href":"https:\/\/denizcankizil.tr\/ru\/wp-json\/wp\/v2\/types\/post"}],"author":[{"embeddable":true,"href":"https:\/\/denizcankizil.tr\/ru\/wp-json\/wp\/v2\/users\/4"}],"replies":[{"embeddable":true,"href":"https:\/\/denizcankizil.tr\/ru\/wp-json\/wp\/v2\/comments?post=100439"}],"version-history":[{"count":0,"href":"https:\/\/denizcankizil.tr\/ru\/wp-json\/wp\/v2\/posts\/100439\/revisions"}],"wp:featuredmedia":[{"embeddable":true,"href":"https:\/\/denizcankizil.tr\/ru\/wp-json\/wp\/v2\/media\/100440"}],"wp:attachment":[{"href":"https:\/\/denizcankizil.tr\/ru\/wp-json\/wp\/v2\/media?parent=100439"}],"wp:term":[{"taxonomy":"category","embeddable":true,"href":"https:\/\/denizcankizil.tr\/ru\/wp-json\/wp\/v2\/categories?post=100439"},{"taxonomy":"post_tag","embeddable":true,"href":"https:\/\/denizcankizil.tr\/ru\/wp-json\/wp\/v2\/tags?post=100439"}],"curies":[{"name":"wp","href":"https:\/\/api.w.org\/{rel}","templated":true}]}}