{"id":100435,"date":"2025-05-29T11:41:13","date_gmt":"2025-05-29T08:41:13","guid":{"rendered":"https:\/\/denizcankizil.tr\/uncategorized-tr\/refuje-carpip-takla-atti\/"},"modified":"2025-05-29T11:41:13","modified_gmt":"2025-05-29T08:41:13","slug":"refuje-carpip-takla-atti","status":"publish","type":"post","link":"https:\/\/denizcankizil.tr\/ru\/haberler\/antalya\/refuje-carpip-takla-atti\/","title":{"rendered":"Ref\u00fcje \u00e7arp\u0131p takla att\u0131"},"content":{"rendered":"<p>Kaza, d\u00fcn saat 23.30 s\u0131ralar\u0131nda Muratpa\u015fa il\u00e7esine ba\u011fl\u0131 K\u0131z\u0131l\u0131rmak Caddesi \u00fczerinde meydana geldi. Cadde \u00fczerinde seyir halinde olan 07 KM 053 plakal\u0131 otomobil, s\u00fcr\u00fcc\u00fcs\u00fcn\u00fcn direksiyon hakimiyetini kaybetmesi sonras\u0131nda sa\u011f \u015feritte ilerleyen 07 BTJ 695 plakal\u0131 otomobilin \u00e7amurluk ve kap\u0131 k\u0131sm\u0131na \u00e7arpt\u0131. \u00c7arpman\u0131n ard\u0131ndan savrulan 07 KM 053 ara\u00e7, ref\u00fcje \u00e7arpt\u0131ktan sonra takla atarak ters d\u00f6nd\u00fc. \u00c7evredekilerin ihbar\u0131yla adrese ekipler sevk edildi. Kazay\u0131 g\u00f6renlerin yard\u0131m etti\u011fi s\u00fcr\u00fcc\u00fc ara\u00e7tan kendi imk\u00e2nlar\u0131yla \u00e7\u0131kt\u0131. Kazada her iki ara\u00e7takilerden yaralanan olmad\u0131. Polis ekipleri kaza yerinde g\u00fcvenlik \u00f6nlemi ald\u0131. Ara\u00e7lar\u0131n \u00e7ekici yard\u0131m\u0131yla kald\u0131r\u0131lmas\u0131n\u0131n ard\u0131ndan trafik ak\u0131\u015f\u0131 normale d\u00f6nd\u00fc. Kazayla ilgili inceleme ba\u015flat\u0131ld\u0131<\/p>\n<p>Kaynak: www.kanalv.com.tr Haber Sitesinden Al\u0131nm\u0131\u015ft\u0131r.<\/p>","protected":false},"excerpt":{"rendered":"<p>Kaza, d\u00fcn saat 23.30 s\u0131ralar\u0131nda Muratpa\u015fa il\u00e7esine ba\u011fl\u0131 K\u0131z\u0131l\u0131rmak Caddesi \u00fczerinde meydana geldi. Cadde \u00fczerinde seyir halinde olan 07 KM 053 plakal\u0131 otomobil, s\u00fcr\u00fcc\u00fcs\u00fcn\u00fcn direksiyon hakimiyetini kaybetmesi sonras\u0131nda sa\u011f \u015feritte ilerleyen 07 BTJ 695 plakal\u0131 otomobilin \u00e7amurluk ve kap\u0131 k\u0131sm\u0131na \u00e7arpt\u0131. \u00c7arpman\u0131n ard\u0131ndan savrulan 07 KM 053 ara\u00e7, ref\u00fcje \u00e7arpt\u0131ktan sonra takla atarak ters d\u00f6nd\u00fc. \u00c7evredekilerin ihbar\u0131yla adrese ekipler sevk edildi. Kazay\u0131 g\u00f6renlerin yard\u0131m etti\u011fi s\u00fcr\u00fcc\u00fc ara\u00e7tan kendi imk\u00e2nlar\u0131yla \u00e7\u0131kt\u0131. Kazada her iki ara\u00e7takilerden yaralanan olmad\u0131. Polis ekipleri kaza yerinde g\u00fcvenlik \u00f6nlemi ald\u0131. Ara\u00e7lar\u0131n \u00e7ekici yard\u0131m\u0131yla kald\u0131r\u0131lmas\u0131n\u0131n ard\u0131ndan trafik ak\u0131\u015f\u0131 normale d\u00f6nd\u00fc. Kazayla ilgili inceleme ba\u015flat\u0131ld\u0131 Kaynak: www.kanalv.com.tr Haber Sitesinden Al\u0131nm\u0131\u015ft\u0131r.<\/p>","protected":false},"author":4,"featured_media":100436,"comment_status":"","ping_status":"open","sticky":false,"template":"","format":"standard","meta":{"_acf_changed":false,"footnotes":""},"categories":[26],"tags":[],"class_list":["post-100435","post","type-post","status-publish","format-standard","has-post-thumbnail","hentry","category-antalya"],"acf":[],"yoast_head":"<!-- This site is optimized with the Yoast SEO Premium plugin v26.6 (Yoast SEO v27.1.1) - https:\/\/yoast.com\/product\/yoast-seo-premium-wordpress\/ -->\n<title>Ref\u00fcje \u00e7arp\u0131p takla att\u0131 - Av. Deniz Can K\u0131z\u0131l<\/title>\n<meta name=\"robots\" content=\"index, follow, max-snippet:-1, max-image-preview:large, max-video-preview:-1\" \/>\n<link rel=\"canonical\" href=\"https:\/\/denizcankizil.tr\/ru\/haberler\/antalya\/refuje-carpip-takla-atti\/\" \/>\n<meta property=\"og:locale\" content=\"ru_RU\" \/>\n<meta property=\"og:type\" content=\"article\" \/>\n<meta property=\"og:title\" content=\"Ref\u00fcje \u00e7arp\u0131p takla att\u0131\" \/>\n<meta property=\"og:description\" content=\"Kaza, d\u00fcn saat 23.30 s\u0131ralar\u0131nda Muratpa\u015fa il\u00e7esine ba\u011fl\u0131 K\u0131z\u0131l\u0131rmak Caddesi \u00fczerinde meydana geldi. Cadde \u00fczerinde seyir halinde olan 07 KM 053 plakal\u0131 otomobil, s\u00fcr\u00fcc\u00fcs\u00fcn\u00fcn direksiyon hakimiyetini kaybetmesi sonras\u0131nda sa\u011f \u015feritte ilerleyen 07 BTJ 695 plakal\u0131 otomobilin \u00e7amurluk ve kap\u0131 k\u0131sm\u0131na \u00e7arpt\u0131. \u00c7arpman\u0131n ard\u0131ndan savrulan 07 KM 053 ara\u00e7, ref\u00fcje \u00e7arpt\u0131ktan sonra takla atarak ters d\u00f6nd\u00fc. \u00c7evredekilerin ihbar\u0131yla adrese ekipler sevk edildi. Kazay\u0131 g\u00f6renlerin yard\u0131m etti\u011fi s\u00fcr\u00fcc\u00fc ara\u00e7tan kendi imk\u00e2nlar\u0131yla \u00e7\u0131kt\u0131. Kazada her iki ara\u00e7takilerden yaralanan olmad\u0131. Polis ekipleri kaza yerinde g\u00fcvenlik \u00f6nlemi ald\u0131. Ara\u00e7lar\u0131n \u00e7ekici yard\u0131m\u0131yla kald\u0131r\u0131lmas\u0131n\u0131n ard\u0131ndan trafik ak\u0131\u015f\u0131 normale d\u00f6nd\u00fc. Kazayla ilgili inceleme ba\u015flat\u0131ld\u0131 Kaynak: www.kanalv.com.tr Haber Sitesinden Al\u0131nm\u0131\u015ft\u0131r.\" \/>\n<meta property=\"og:url\" content=\"https:\/\/denizcankizil.tr\/ru\/haberler\/antalya\/refuje-carpip-takla-atti\/\" \/>\n<meta property=\"og:site_name\" content=\"Av. Deniz Can K\u0131z\u0131l\" \/>\n<meta property=\"article:published_time\" content=\"2025-05-29T08:41:13+00:00\" \/>\n<meta property=\"og:image\" content=\"https:\/\/denizcankizil.tr\/wp-content\/uploads\/2025\/05\/6605-01-RE2sKR.jpg\" \/>\n\t<meta property=\"og:image:width\" content=\"1280\" \/>\n\t<meta property=\"og:image:height\" content=\"720\" \/>\n\t<meta property=\"og:image:type\" content=\"image\/jpeg\" \/>\n<meta name=\"author\" content=\"Av. Deniz Can K\u0131z\u0131l\" \/>\n<meta name=\"twitter:card\" content=\"summary_large_image\" \/>\n<meta name=\"twitter:label1\" content=\"\u041d\u0430\u043f\u0438\u0441\u0430\u043d\u043e \u0430\u0432\u0442\u043e\u0440\u043e\u043c\" \/>\n\t<meta name=\"twitter:data1\" content=\"Av. Deniz Can K\u0131z\u0131l\" \/>\n\t<meta name=\"twitter:label2\" content=\"\u041f\u0440\u0438\u043c\u0435\u0440\u043d\u043e\u0435 \u0432\u0440\u0435\u043c\u044f \u0434\u043b\u044f \u0447\u0442\u0435\u043d\u0438\u044f\" \/>\n\t<meta name=\"twitter:data2\" content=\"1 \u043c\u0438\u043d\u0443\u0442\u0430\" \/>\n<script type=\"application\/ld+json\" class=\"yoast-schema-graph\">{\"@context\":\"https:\/\/schema.org\",\"@graph\":[{\"@type\":\"Article\",\"@id\":\"https:\/\/denizcankizil.tr\/ru\/haberler\/antalya\/refuje-carpip-takla-atti\/#article\",\"isPartOf\":{\"@id\":\"https:\/\/denizcankizil.tr\/ru\/haberler\/antalya\/refuje-carpip-takla-atti\/\"},\"author\":{\"name\":\"Av. Deniz Can K\u0131z\u0131l\",\"@id\":\"https:\/\/denizcankizil.tr\/#\/schema\/person\/5dc1b22991bd7ac833867c10afc9b0ff\"},\"headline\":\"Ref\u00fcje \u00e7arp\u0131p takla att\u0131\",\"datePublished\":\"2025-05-29T08:41:13+00:00\",\"mainEntityOfPage\":{\"@id\":\"https:\/\/denizcankizil.tr\/ru\/haberler\/antalya\/refuje-carpip-takla-atti\/\"},\"wordCount\":151,\"publisher\":{\"@id\":\"https:\/\/denizcankizil.tr\/#organization\"},\"image\":{\"@id\":\"https:\/\/denizcankizil.tr\/ru\/haberler\/antalya\/refuje-carpip-takla-atti\/#primaryimage\"},\"thumbnailUrl\":\"https:\/\/denizcankizil.tr\/wp-content\/uploads\/2025\/05\/6605-01-RE2sKR.jpg\",\"articleSection\":[\"Antalya\"],\"inLanguage\":\"ru-RU\"},{\"@type\":\"WebPage\",\"@id\":\"https:\/\/denizcankizil.tr\/ru\/haberler\/antalya\/refuje-carpip-takla-atti\/\",\"url\":\"https:\/\/denizcankizil.tr\/ru\/haberler\/antalya\/refuje-carpip-takla-atti\/\",\"name\":\"Ref\u00fcje \u00e7arp\u0131p takla att\u0131 - Av. Deniz Can K\u0131z\u0131l\",\"isPartOf\":{\"@id\":\"https:\/\/denizcankizil.tr\/#website\"},\"primaryImageOfPage\":{\"@id\":\"https:\/\/denizcankizil.tr\/ru\/haberler\/antalya\/refuje-carpip-takla-atti\/#primaryimage\"},\"image\":{\"@id\":\"https:\/\/denizcankizil.tr\/ru\/haberler\/antalya\/refuje-carpip-takla-atti\/#primaryimage\"},\"thumbnailUrl\":\"https:\/\/denizcankizil.tr\/wp-content\/uploads\/2025\/05\/6605-01-RE2sKR.jpg\",\"datePublished\":\"2025-05-29T08:41:13+00:00\",\"breadcrumb\":{\"@id\":\"https:\/\/denizcankizil.tr\/ru\/haberler\/antalya\/refuje-carpip-takla-atti\/#breadcrumb\"},\"inLanguage\":\"ru-RU\",\"potentialAction\":[{\"@type\":\"ReadAction\",\"target\":[\"https:\/\/denizcankizil.tr\/ru\/haberler\/antalya\/refuje-carpip-takla-atti\/\"]}]},{\"@type\":\"ImageObject\",\"inLanguage\":\"ru-RU\",\"@id\":\"https:\/\/denizcankizil.tr\/ru\/haberler\/antalya\/refuje-carpip-takla-atti\/#primaryimage\",\"url\":\"https:\/\/denizcankizil.tr\/wp-content\/uploads\/2025\/05\/6605-01-RE2sKR.jpg\",\"contentUrl\":\"https:\/\/denizcankizil.tr\/wp-content\/uploads\/2025\/05\/6605-01-RE2sKR.jpg\",\"width\":1280,\"height\":720},{\"@type\":\"BreadcrumbList\",\"@id\":\"https:\/\/denizcankizil.tr\/ru\/haberler\/antalya\/refuje-carpip-takla-atti\/#breadcrumb\",\"itemListElement\":[{\"@type\":\"ListItem\",\"position\":1,\"name\":\"Home\",\"item\":\"https:\/\/denizcankizil.tr\/uk\/\"},{\"@type\":\"ListItem\",\"position\":2,\"name\":\"Ref\u00fcje \u00e7arp\u0131p takla att\u0131\"}]},{\"@type\":\"WebSite\",\"@id\":\"https:\/\/denizcankizil.tr\/#website\",\"url\":\"https:\/\/denizcankizil.tr\/\",\"name\":\"Av. Deniz Can K\u0131z\u0131l\",\"description\":\"Avukat Deniz Can K\u0131z\u0131l Antalya Barosu\",\"publisher\":{\"@id\":\"https:\/\/denizcankizil.tr\/#organization\"},\"potentialAction\":[{\"@type\":\"SearchAction\",\"target\":{\"@type\":\"EntryPoint\",\"urlTemplate\":\"https:\/\/denizcankizil.tr\/?s={search_term_string}\"},\"query-input\":{\"@type\":\"PropertyValueSpecification\",\"valueRequired\":true,\"valueName\":\"search_term_string\"}}],\"inLanguage\":\"ru-RU\"},{\"@type\":\"Organization\",\"@id\":\"https:\/\/denizcankizil.tr\/#organization\",\"name\":\"Av. Deniz Can K\u0131z\u0131l\",\"url\":\"https:\/\/denizcankizil.tr\/\",\"logo\":{\"@type\":\"ImageObject\",\"inLanguage\":\"ru-RU\",\"@id\":\"https:\/\/denizcankizil.tr\/#\/schema\/logo\/image\/\",\"url\":\"https:\/\/denizcankizil.tr\/wp-content\/uploads\/2024\/10\/siyah-logo-svg.svg\",\"contentUrl\":\"https:\/\/denizcankizil.tr\/wp-content\/uploads\/2024\/10\/siyah-logo-svg.svg\",\"width\":1080,\"height\":1080,\"caption\":\"Av. Deniz Can K\u0131z\u0131l\"},\"image\":{\"@id\":\"https:\/\/denizcankizil.tr\/#\/schema\/logo\/image\/\"}},{\"@type\":\"Person\",\"@id\":\"https:\/\/denizcankizil.tr\/#\/schema\/person\/5dc1b22991bd7ac833867c10afc9b0ff\",\"name\":\"Av. Deniz Can K\u0131z\u0131l\",\"image\":{\"@type\":\"ImageObject\",\"inLanguage\":\"ru-RU\",\"@id\":\"https:\/\/denizcankizil.tr\/#\/schema\/person\/image\/\",\"url\":\"https:\/\/secure.gravatar.com\/avatar\/a0b128fb9855c79efc976d5640eedb31dc35ec297594d6016d2cf7c60e975bb6?s=96&d=mm&r=g\",\"contentUrl\":\"https:\/\/secure.gravatar.com\/avatar\/a0b128fb9855c79efc976d5640eedb31dc35ec297594d6016d2cf7c60e975bb6?s=96&d=mm&r=g\",\"caption\":\"Av. Deniz Can K\u0131z\u0131l\"},\"sameAs\":[\"http:\/\/www.denizcankizil.tr\"],\"url\":\"https:\/\/denizcankizil.tr\/ru\/author\/denizcankizil\/\"}]}<\/script>\n<!-- \/ Yoast SEO Premium plugin. -->","yoast_head_json":{"title":"Ref\u00fcje \u00e7arp\u0131p takla att\u0131 - Av. Deniz Can K\u0131z\u0131l","robots":{"index":"index","follow":"follow","max-snippet":"max-snippet:-1","max-image-preview":"max-image-preview:large","max-video-preview":"max-video-preview:-1"},"canonical":"https:\/\/denizcankizil.tr\/ru\/haberler\/antalya\/refuje-carpip-takla-atti\/","og_locale":"ru_RU","og_type":"article","og_title":"Ref\u00fcje \u00e7arp\u0131p takla att\u0131","og_description":"Kaza, d\u00fcn saat 23.30 s\u0131ralar\u0131nda Muratpa\u015fa il\u00e7esine ba\u011fl\u0131 K\u0131z\u0131l\u0131rmak Caddesi \u00fczerinde meydana geldi. Cadde \u00fczerinde seyir halinde olan 07 KM 053 plakal\u0131 otomobil, s\u00fcr\u00fcc\u00fcs\u00fcn\u00fcn direksiyon hakimiyetini kaybetmesi sonras\u0131nda sa\u011f \u015feritte ilerleyen 07 BTJ 695 plakal\u0131 otomobilin \u00e7amurluk ve kap\u0131 k\u0131sm\u0131na \u00e7arpt\u0131. \u00c7arpman\u0131n ard\u0131ndan savrulan 07 KM 053 ara\u00e7, ref\u00fcje \u00e7arpt\u0131ktan sonra takla atarak ters d\u00f6nd\u00fc. \u00c7evredekilerin ihbar\u0131yla adrese ekipler sevk edildi. Kazay\u0131 g\u00f6renlerin yard\u0131m etti\u011fi s\u00fcr\u00fcc\u00fc ara\u00e7tan kendi imk\u00e2nlar\u0131yla \u00e7\u0131kt\u0131. Kazada her iki ara\u00e7takilerden yaralanan olmad\u0131. Polis ekipleri kaza yerinde g\u00fcvenlik \u00f6nlemi ald\u0131. Ara\u00e7lar\u0131n \u00e7ekici yard\u0131m\u0131yla kald\u0131r\u0131lmas\u0131n\u0131n ard\u0131ndan trafik ak\u0131\u015f\u0131 normale d\u00f6nd\u00fc. Kazayla ilgili inceleme ba\u015flat\u0131ld\u0131 Kaynak: www.kanalv.com.tr Haber Sitesinden Al\u0131nm\u0131\u015ft\u0131r.","og_url":"https:\/\/denizcankizil.tr\/ru\/haberler\/antalya\/refuje-carpip-takla-atti\/","og_site_name":"Av. Deniz Can K\u0131z\u0131l","article_published_time":"2025-05-29T08:41:13+00:00","og_image":[{"width":1280,"height":720,"url":"https:\/\/denizcankizil.tr\/wp-content\/uploads\/2025\/05\/6605-01-RE2sKR.jpg","type":"image\/jpeg"}],"author":"Av. Deniz Can K\u0131z\u0131l","twitter_card":"summary_large_image","twitter_misc":{"\u041d\u0430\u043f\u0438\u0441\u0430\u043d\u043e \u0430\u0432\u0442\u043e\u0440\u043e\u043c":"Av. Deniz Can K\u0131z\u0131l","\u041f\u0440\u0438\u043c\u0435\u0440\u043d\u043e\u0435 \u0432\u0440\u0435\u043c\u044f \u0434\u043b\u044f \u0447\u0442\u0435\u043d\u0438\u044f":"1 \u043c\u0438\u043d\u0443\u0442\u0430"},"schema":{"@context":"https:\/\/schema.org","@graph":[{"@type":"Article","@id":"https:\/\/denizcankizil.tr\/ru\/haberler\/antalya\/refuje-carpip-takla-atti\/#article","isPartOf":{"@id":"https:\/\/denizcankizil.tr\/ru\/haberler\/antalya\/refuje-carpip-takla-atti\/"},"author":{"name":"Av. Deniz Can K\u0131z\u0131l","@id":"https:\/\/denizcankizil.tr\/#\/schema\/person\/5dc1b22991bd7ac833867c10afc9b0ff"},"headline":"Ref\u00fcje \u00e7arp\u0131p takla att\u0131","datePublished":"2025-05-29T08:41:13+00:00","mainEntityOfPage":{"@id":"https:\/\/denizcankizil.tr\/ru\/haberler\/antalya\/refuje-carpip-takla-atti\/"},"wordCount":151,"publisher":{"@id":"https:\/\/denizcankizil.tr\/#organization"},"image":{"@id":"https:\/\/denizcankizil.tr\/ru\/haberler\/antalya\/refuje-carpip-takla-atti\/#primaryimage"},"thumbnailUrl":"https:\/\/denizcankizil.tr\/wp-content\/uploads\/2025\/05\/6605-01-RE2sKR.jpg","articleSection":["Antalya"],"inLanguage":"ru-RU"},{"@type":"WebPage","@id":"https:\/\/denizcankizil.tr\/ru\/haberler\/antalya\/refuje-carpip-takla-atti\/","url":"https:\/\/denizcankizil.tr\/ru\/haberler\/antalya\/refuje-carpip-takla-atti\/","name":"Ref\u00fcje \u00e7arp\u0131p takla att\u0131 - Av. Deniz Can K\u0131z\u0131l","isPartOf":{"@id":"https:\/\/denizcankizil.tr\/#website"},"primaryImageOfPage":{"@id":"https:\/\/denizcankizil.tr\/ru\/haberler\/antalya\/refuje-carpip-takla-atti\/#primaryimage"},"image":{"@id":"https:\/\/denizcankizil.tr\/ru\/haberler\/antalya\/refuje-carpip-takla-atti\/#primaryimage"},"thumbnailUrl":"https:\/\/denizcankizil.tr\/wp-content\/uploads\/2025\/05\/6605-01-RE2sKR.jpg","datePublished":"2025-05-29T08:41:13+00:00","breadcrumb":{"@id":"https:\/\/denizcankizil.tr\/ru\/haberler\/antalya\/refuje-carpip-takla-atti\/#breadcrumb"},"inLanguage":"ru-RU","potentialAction":[{"@type":"ReadAction","target":["https:\/\/denizcankizil.tr\/ru\/haberler\/antalya\/refuje-carpip-takla-atti\/"]}]},{"@type":"ImageObject","inLanguage":"ru-RU","@id":"https:\/\/denizcankizil.tr\/ru\/haberler\/antalya\/refuje-carpip-takla-atti\/#primaryimage","url":"https:\/\/denizcankizil.tr\/wp-content\/uploads\/2025\/05\/6605-01-RE2sKR.jpg","contentUrl":"https:\/\/denizcankizil.tr\/wp-content\/uploads\/2025\/05\/6605-01-RE2sKR.jpg","width":1280,"height":720},{"@type":"BreadcrumbList","@id":"https:\/\/denizcankizil.tr\/ru\/haberler\/antalya\/refuje-carpip-takla-atti\/#breadcrumb","itemListElement":[{"@type":"ListItem","position":1,"name":"Home","item":"https:\/\/denizcankizil.tr\/uk\/"},{"@type":"ListItem","position":2,"name":"Ref\u00fcje \u00e7arp\u0131p takla att\u0131"}]},{"@type":"WebSite","@id":"https:\/\/denizcankizil.tr\/#website","url":"https:\/\/denizcankizil.tr\/","name":"Av. Deniz Can K\u0131z\u0131l","description":"Avukat Deniz Can K\u0131z\u0131l Antalya Barosu","publisher":{"@id":"https:\/\/denizcankizil.tr\/#organization"},"potentialAction":[{"@type":"SearchAction","target":{"@type":"EntryPoint","urlTemplate":"https:\/\/denizcankizil.tr\/?s={search_term_string}"},"query-input":{"@type":"PropertyValueSpecification","valueRequired":true,"valueName":"search_term_string"}}],"inLanguage":"ru-RU"},{"@type":"Organization","@id":"https:\/\/denizcankizil.tr\/#organization","name":"Av. Deniz Can K\u0131z\u0131l","url":"https:\/\/denizcankizil.tr\/","logo":{"@type":"ImageObject","inLanguage":"ru-RU","@id":"https:\/\/denizcankizil.tr\/#\/schema\/logo\/image\/","url":"https:\/\/denizcankizil.tr\/wp-content\/uploads\/2024\/10\/siyah-logo-svg.svg","contentUrl":"https:\/\/denizcankizil.tr\/wp-content\/uploads\/2024\/10\/siyah-logo-svg.svg","width":1080,"height":1080,"caption":"Av. Deniz Can K\u0131z\u0131l"},"image":{"@id":"https:\/\/denizcankizil.tr\/#\/schema\/logo\/image\/"}},{"@type":"Person","@id":"https:\/\/denizcankizil.tr\/#\/schema\/person\/5dc1b22991bd7ac833867c10afc9b0ff","name":"Av. Deniz Can K\u0131z\u0131l","image":{"@type":"ImageObject","inLanguage":"ru-RU","@id":"https:\/\/denizcankizil.tr\/#\/schema\/person\/image\/","url":"https:\/\/secure.gravatar.com\/avatar\/a0b128fb9855c79efc976d5640eedb31dc35ec297594d6016d2cf7c60e975bb6?s=96&d=mm&r=g","contentUrl":"https:\/\/secure.gravatar.com\/avatar\/a0b128fb9855c79efc976d5640eedb31dc35ec297594d6016d2cf7c60e975bb6?s=96&d=mm&r=g","caption":"Av. Deniz Can K\u0131z\u0131l"},"sameAs":["http:\/\/www.denizcankizil.tr"],"url":"https:\/\/denizcankizil.tr\/ru\/author\/denizcankizil\/"}]}},"_links":{"self":[{"href":"https:\/\/denizcankizil.tr\/ru\/wp-json\/wp\/v2\/posts\/100435","targetHints":{"allow":["GET"]}}],"collection":[{"href":"https:\/\/denizcankizil.tr\/ru\/wp-json\/wp\/v2\/posts"}],"about":[{"href":"https:\/\/denizcankizil.tr\/ru\/wp-json\/wp\/v2\/types\/post"}],"author":[{"embeddable":true,"href":"https:\/\/denizcankizil.tr\/ru\/wp-json\/wp\/v2\/users\/4"}],"replies":[{"embeddable":true,"href":"https:\/\/denizcankizil.tr\/ru\/wp-json\/wp\/v2\/comments?post=100435"}],"version-history":[{"count":0,"href":"https:\/\/denizcankizil.tr\/ru\/wp-json\/wp\/v2\/posts\/100435\/revisions"}],"wp:featuredmedia":[{"embeddable":true,"href":"https:\/\/denizcankizil.tr\/ru\/wp-json\/wp\/v2\/media\/100436"}],"wp:attachment":[{"href":"https:\/\/denizcankizil.tr\/ru\/wp-json\/wp\/v2\/media?parent=100435"}],"wp:term":[{"taxonomy":"category","embeddable":true,"href":"https:\/\/denizcankizil.tr\/ru\/wp-json\/wp\/v2\/categories?post=100435"},{"taxonomy":"post_tag","embeddable":true,"href":"https:\/\/denizcankizil.tr\/ru\/wp-json\/wp\/v2\/tags?post=100435"}],"curies":[{"name":"wp","href":"https:\/\/api.w.org\/{rel}","templated":true}]}}