{"id":99901,"date":"2025-05-28T22:42:40","date_gmt":"2025-05-28T19:42:40","guid":{"rendered":"https:\/\/denizcankizil.tr\/uncategorized-tr\/beylikduzu-belediyesi-dijital-kutuphanesi-acildi\/"},"modified":"2025-05-28T22:42:40","modified_gmt":"2025-05-28T19:42:40","slug":"beylikduzu-belediyesi-dijital-kutuphanesi-acildi","status":"publish","type":"post","link":"https:\/\/denizcankizil.tr\/en\/haberler\/gundem\/beylikduzu-belediyesi-dijital-kutuphanesi-acildi\/","title":{"rendered":"Beylikd\u00fcz\u00fc Belediyesi Dijital K\u00fct\u00fcphanesi A\u00e7\u0131ld\u0131"},"content":{"rendered":"<p>Beylikd\u00fcz\u00fc Belediyesi taraf\u0131ndan hizmete a\u00e7\u0131lan Dijital K\u00fct\u00fcphane, bilgiye ula\u015fman\u0131n en h\u0131zl\u0131 yolunu vatanda\u015flar\u0131n hizmetine sunuyor. Bilgiye her an, her yerde ula\u015fmak isteyen vatanda\u015flara binlerce kitab\u0131 okuma imk\u00e2n\u0131 sa\u011flayan k\u00fct\u00fcphane, podcastleri ve sesli kitaplar\u0131yla da 24 saat hizmet veriyor.<\/p>\n<p>\u200bBeylikd\u00fcz\u00fc Belediyesi taraf\u0131ndan hizmete a\u00e7\u0131lan Dijital K\u00fct\u00fcphane, bilgiye ula\u015fman\u0131n en h\u0131zl\u0131 yolunu vatanda\u015flar\u0131n hizmetine sunuyor. Bilgiye her an, her yerde ula\u015fmak isteyen vatanda\u015flara binlerce kitab\u0131 okuma imk\u00e2n\u0131 sa\u011flayan k\u00fct\u00fcphane, podcastleri ve sesli kitaplar\u0131yla da 24 saat hizmet veriyor.\u00a0<\/p>\n<p>\u200bHaberin Al\u0131nt\u0131land\u0131\u011f\u0131 Kaynak: www.iskenderun.org<\/p>","protected":false},"excerpt":{"rendered":"<p>Beylikd\u00fcz\u00fc Belediyesi taraf\u0131ndan hizmete a\u00e7\u0131lan Dijital K\u00fct\u00fcphane, bilgiye ula\u015fman\u0131n en h\u0131zl\u0131 yolunu vatanda\u015flar\u0131n hizmetine sunuyor. Bilgiye her an, her yerde ula\u015fmak isteyen vatanda\u015flara binlerce kitab\u0131 okuma imk\u00e2n\u0131 sa\u011flayan k\u00fct\u00fcphane, podcastleri ve sesli kitaplar\u0131yla da 24 saat hizmet veriyor. \u200bBeylikd\u00fcz\u00fc Belediyesi taraf\u0131ndan hizmete a\u00e7\u0131lan Dijital K\u00fct\u00fcphane, bilgiye ula\u015fman\u0131n en h\u0131zl\u0131 yolunu vatanda\u015flar\u0131n hizmetine sunuyor. Bilgiye her an, her yerde ula\u015fmak isteyen vatanda\u015flara binlerce kitab\u0131 okuma imk\u00e2n\u0131 sa\u011flayan k\u00fct\u00fcphane, podcastleri ve sesli kitaplar\u0131yla da 24 saat hizmet veriyor.\u00a0 \u200bHaberin Al\u0131nt\u0131land\u0131\u011f\u0131 Kaynak: www.iskenderun.org<\/p>","protected":false},"author":1,"featured_media":0,"comment_status":"","ping_status":"open","sticky":false,"template":"","format":"standard","meta":{"_acf_changed":false,"footnotes":""},"categories":[24],"tags":[],"class_list":["post-99901","post","type-post","status-publish","format-standard","has-post-thumbnail","hentry","category-gundem"],"acf":[],"yoast_head":"<!-- This site is optimized with the Yoast SEO Premium plugin v26.6 (Yoast SEO v27.1.1) - https:\/\/yoast.com\/product\/yoast-seo-premium-wordpress\/ -->\n<title>Beylikd\u00fcz\u00fc Belediyesi Dijital K\u00fct\u00fcphanesi A\u00e7\u0131ld\u0131 - Av. Deniz Can K\u0131z\u0131l<\/title>\n<meta name=\"robots\" content=\"index, follow, max-snippet:-1, max-image-preview:large, max-video-preview:-1\" \/>\n<link rel=\"canonical\" href=\"https:\/\/denizcankizil.tr\/en\/haberler\/gundem\/beylikduzu-belediyesi-dijital-kutuphanesi-acildi\/\" \/>\n<meta property=\"og:locale\" content=\"en_GB\" \/>\n<meta property=\"og:type\" content=\"article\" \/>\n<meta property=\"og:title\" content=\"Beylikd\u00fcz\u00fc Belediyesi Dijital K\u00fct\u00fcphanesi A\u00e7\u0131ld\u0131\" \/>\n<meta property=\"og:description\" content=\"Beylikd\u00fcz\u00fc Belediyesi taraf\u0131ndan hizmete a\u00e7\u0131lan Dijital K\u00fct\u00fcphane, bilgiye ula\u015fman\u0131n en h\u0131zl\u0131 yolunu vatanda\u015flar\u0131n hizmetine sunuyor. Bilgiye her an, her yerde ula\u015fmak isteyen vatanda\u015flara binlerce kitab\u0131 okuma imk\u00e2n\u0131 sa\u011flayan k\u00fct\u00fcphane, podcastleri ve sesli kitaplar\u0131yla da 24 saat hizmet veriyor. \u200bBeylikd\u00fcz\u00fc Belediyesi taraf\u0131ndan hizmete a\u00e7\u0131lan Dijital K\u00fct\u00fcphane, bilgiye ula\u015fman\u0131n en h\u0131zl\u0131 yolunu vatanda\u015flar\u0131n hizmetine sunuyor. Bilgiye her an, her yerde ula\u015fmak isteyen vatanda\u015flara binlerce kitab\u0131 okuma imk\u00e2n\u0131 sa\u011flayan k\u00fct\u00fcphane, podcastleri ve sesli kitaplar\u0131yla da 24 saat hizmet veriyor.\u00a0 \u200bHaberin Al\u0131nt\u0131land\u0131\u011f\u0131 Kaynak: www.iskenderun.org\" \/>\n<meta property=\"og:url\" content=\"https:\/\/denizcankizil.tr\/en\/haberler\/gundem\/beylikduzu-belediyesi-dijital-kutuphanesi-acildi\/\" \/>\n<meta property=\"og:site_name\" content=\"Av. Deniz Can K\u0131z\u0131l\" \/>\n<meta property=\"article:published_time\" content=\"2025-05-28T19:42:40+00:00\" \/>\n<meta name=\"author\" content=\"admin\" \/>\n<meta name=\"twitter:card\" content=\"summary_large_image\" \/>\n<meta name=\"twitter:label1\" content=\"Written by\" \/>\n\t<meta name=\"twitter:data1\" content=\"admin\" \/>\n\t<meta name=\"twitter:label2\" content=\"Estimated reading time\" \/>\n\t<meta name=\"twitter:data2\" content=\"1 minute\" \/>\n<script type=\"application\/ld+json\" class=\"yoast-schema-graph\">{\"@context\":\"https:\/\/schema.org\",\"@graph\":[{\"@type\":\"Article\",\"@id\":\"https:\/\/denizcankizil.tr\/de\/haberler\/gundem\/beylikduzu-belediyesi-dijital-kutuphanesi-acildi\/#article\",\"isPartOf\":{\"@id\":\"https:\/\/denizcankizil.tr\/de\/haberler\/gundem\/beylikduzu-belediyesi-dijital-kutuphanesi-acildi\/\"},\"author\":{\"name\":\"admin\",\"@id\":\"https:\/\/denizcankizil.tr\/#\/schema\/person\/be3c05fe6a12686905512445d8185489\"},\"headline\":\"Beylikd\u00fcz\u00fc Belediyesi Dijital K\u00fct\u00fcphanesi A\u00e7\u0131ld\u0131\",\"datePublished\":\"2025-05-28T19:42:40+00:00\",\"mainEntityOfPage\":{\"@id\":\"https:\/\/denizcankizil.tr\/de\/haberler\/gundem\/beylikduzu-belediyesi-dijital-kutuphanesi-acildi\/\"},\"wordCount\":125,\"publisher\":{\"@id\":\"https:\/\/denizcankizil.tr\/#organization\"},\"articleSection\":[\"G\u00fcndem\"],\"inLanguage\":\"en-GB\"},{\"@type\":\"WebPage\",\"@id\":\"https:\/\/denizcankizil.tr\/de\/haberler\/gundem\/beylikduzu-belediyesi-dijital-kutuphanesi-acildi\/\",\"url\":\"https:\/\/denizcankizil.tr\/de\/haberler\/gundem\/beylikduzu-belediyesi-dijital-kutuphanesi-acildi\/\",\"name\":\"Beylikd\u00fcz\u00fc Belediyesi Dijital K\u00fct\u00fcphanesi A\u00e7\u0131ld\u0131 - Av. Deniz Can K\u0131z\u0131l\",\"isPartOf\":{\"@id\":\"https:\/\/denizcankizil.tr\/#website\"},\"datePublished\":\"2025-05-28T19:42:40+00:00\",\"breadcrumb\":{\"@id\":\"https:\/\/denizcankizil.tr\/de\/haberler\/gundem\/beylikduzu-belediyesi-dijital-kutuphanesi-acildi\/#breadcrumb\"},\"inLanguage\":\"en-GB\",\"potentialAction\":[{\"@type\":\"ReadAction\",\"target\":[\"https:\/\/denizcankizil.tr\/de\/haberler\/gundem\/beylikduzu-belediyesi-dijital-kutuphanesi-acildi\/\"]}]},{\"@type\":\"BreadcrumbList\",\"@id\":\"https:\/\/denizcankizil.tr\/de\/haberler\/gundem\/beylikduzu-belediyesi-dijital-kutuphanesi-acildi\/#breadcrumb\",\"itemListElement\":[{\"@type\":\"ListItem\",\"position\":1,\"name\":\"Home\",\"item\":\"https:\/\/denizcankizil.tr\/de\/\"},{\"@type\":\"ListItem\",\"position\":2,\"name\":\"Beylikd\u00fcz\u00fc Belediyesi Dijital K\u00fct\u00fcphanesi A\u00e7\u0131ld\u0131\"}]},{\"@type\":\"WebSite\",\"@id\":\"https:\/\/denizcankizil.tr\/#website\",\"url\":\"https:\/\/denizcankizil.tr\/\",\"name\":\"Av. Deniz Can K\u0131z\u0131l\",\"description\":\"Avukat Deniz Can K\u0131z\u0131l Antalya Barosu\",\"publisher\":{\"@id\":\"https:\/\/denizcankizil.tr\/#organization\"},\"potentialAction\":[{\"@type\":\"SearchAction\",\"target\":{\"@type\":\"EntryPoint\",\"urlTemplate\":\"https:\/\/denizcankizil.tr\/?s={search_term_string}\"},\"query-input\":{\"@type\":\"PropertyValueSpecification\",\"valueRequired\":true,\"valueName\":\"search_term_string\"}}],\"inLanguage\":\"en-GB\"},{\"@type\":\"Organization\",\"@id\":\"https:\/\/denizcankizil.tr\/#organization\",\"name\":\"Av. Deniz Can K\u0131z\u0131l\",\"url\":\"https:\/\/denizcankizil.tr\/\",\"logo\":{\"@type\":\"ImageObject\",\"inLanguage\":\"en-GB\",\"@id\":\"https:\/\/denizcankizil.tr\/#\/schema\/logo\/image\/\",\"url\":\"https:\/\/denizcankizil.tr\/wp-content\/uploads\/2024\/10\/siyah-logo-svg.svg\",\"contentUrl\":\"https:\/\/denizcankizil.tr\/wp-content\/uploads\/2024\/10\/siyah-logo-svg.svg\",\"width\":1080,\"height\":1080,\"caption\":\"Av. Deniz Can K\u0131z\u0131l\"},\"image\":{\"@id\":\"https:\/\/denizcankizil.tr\/#\/schema\/logo\/image\/\"}},{\"@type\":\"Person\",\"@id\":\"https:\/\/denizcankizil.tr\/#\/schema\/person\/be3c05fe6a12686905512445d8185489\",\"name\":\"admin\",\"image\":{\"@type\":\"ImageObject\",\"inLanguage\":\"en-GB\",\"@id\":\"https:\/\/denizcankizil.tr\/#\/schema\/person\/image\/\",\"url\":\"https:\/\/secure.gravatar.com\/avatar\/c1fce94c830dc79107e174f890d7210541c4a63e8e5d816341794a2151c9d58c?s=96&d=mm&r=g\",\"contentUrl\":\"https:\/\/secure.gravatar.com\/avatar\/c1fce94c830dc79107e174f890d7210541c4a63e8e5d816341794a2151c9d58c?s=96&d=mm&r=g\",\"caption\":\"admin\"},\"sameAs\":[\"http:\/\/denizcankizil.tr\"],\"url\":\"https:\/\/www.iskenderun.org\/beylikduzu-belediyesi-dijital-kutuphanesi-acildi\"}]}<\/script>\n<!-- \/ Yoast SEO Premium plugin. -->","yoast_head_json":{"title":"Beylikd\u00fcz\u00fc Belediyesi Dijital K\u00fct\u00fcphanesi A\u00e7\u0131ld\u0131 - Av. Deniz Can K\u0131z\u0131l","robots":{"index":"index","follow":"follow","max-snippet":"max-snippet:-1","max-image-preview":"max-image-preview:large","max-video-preview":"max-video-preview:-1"},"canonical":"https:\/\/denizcankizil.tr\/en\/haberler\/gundem\/beylikduzu-belediyesi-dijital-kutuphanesi-acildi\/","og_locale":"en_GB","og_type":"article","og_title":"Beylikd\u00fcz\u00fc Belediyesi Dijital K\u00fct\u00fcphanesi A\u00e7\u0131ld\u0131","og_description":"Beylikd\u00fcz\u00fc Belediyesi taraf\u0131ndan hizmete a\u00e7\u0131lan Dijital K\u00fct\u00fcphane, bilgiye ula\u015fman\u0131n en h\u0131zl\u0131 yolunu vatanda\u015flar\u0131n hizmetine sunuyor. Bilgiye her an, her yerde ula\u015fmak isteyen vatanda\u015flara binlerce kitab\u0131 okuma imk\u00e2n\u0131 sa\u011flayan k\u00fct\u00fcphane, podcastleri ve sesli kitaplar\u0131yla da 24 saat hizmet veriyor. \u200bBeylikd\u00fcz\u00fc Belediyesi taraf\u0131ndan hizmete a\u00e7\u0131lan Dijital K\u00fct\u00fcphane, bilgiye ula\u015fman\u0131n en h\u0131zl\u0131 yolunu vatanda\u015flar\u0131n hizmetine sunuyor. Bilgiye her an, her yerde ula\u015fmak isteyen vatanda\u015flara binlerce kitab\u0131 okuma imk\u00e2n\u0131 sa\u011flayan k\u00fct\u00fcphane, podcastleri ve sesli kitaplar\u0131yla da 24 saat hizmet veriyor.\u00a0 \u200bHaberin Al\u0131nt\u0131land\u0131\u011f\u0131 Kaynak: www.iskenderun.org","og_url":"https:\/\/denizcankizil.tr\/en\/haberler\/gundem\/beylikduzu-belediyesi-dijital-kutuphanesi-acildi\/","og_site_name":"Av. Deniz Can K\u0131z\u0131l","article_published_time":"2025-05-28T19:42:40+00:00","author":"admin","twitter_card":"summary_large_image","twitter_misc":{"Written by":"admin","Estimated reading time":"1 minute"},"schema":{"@context":"https:\/\/schema.org","@graph":[{"@type":"Article","@id":"https:\/\/denizcankizil.tr\/de\/haberler\/gundem\/beylikduzu-belediyesi-dijital-kutuphanesi-acildi\/#article","isPartOf":{"@id":"https:\/\/denizcankizil.tr\/de\/haberler\/gundem\/beylikduzu-belediyesi-dijital-kutuphanesi-acildi\/"},"author":{"name":"admin","@id":"https:\/\/denizcankizil.tr\/#\/schema\/person\/be3c05fe6a12686905512445d8185489"},"headline":"Beylikd\u00fcz\u00fc Belediyesi Dijital K\u00fct\u00fcphanesi A\u00e7\u0131ld\u0131","datePublished":"2025-05-28T19:42:40+00:00","mainEntityOfPage":{"@id":"https:\/\/denizcankizil.tr\/de\/haberler\/gundem\/beylikduzu-belediyesi-dijital-kutuphanesi-acildi\/"},"wordCount":125,"publisher":{"@id":"https:\/\/denizcankizil.tr\/#organization"},"articleSection":["G\u00fcndem"],"inLanguage":"en-GB"},{"@type":"WebPage","@id":"https:\/\/denizcankizil.tr\/de\/haberler\/gundem\/beylikduzu-belediyesi-dijital-kutuphanesi-acildi\/","url":"https:\/\/denizcankizil.tr\/de\/haberler\/gundem\/beylikduzu-belediyesi-dijital-kutuphanesi-acildi\/","name":"Beylikd\u00fcz\u00fc Belediyesi Dijital K\u00fct\u00fcphanesi A\u00e7\u0131ld\u0131 - Av. Deniz Can K\u0131z\u0131l","isPartOf":{"@id":"https:\/\/denizcankizil.tr\/#website"},"datePublished":"2025-05-28T19:42:40+00:00","breadcrumb":{"@id":"https:\/\/denizcankizil.tr\/de\/haberler\/gundem\/beylikduzu-belediyesi-dijital-kutuphanesi-acildi\/#breadcrumb"},"inLanguage":"en-GB","potentialAction":[{"@type":"ReadAction","target":["https:\/\/denizcankizil.tr\/de\/haberler\/gundem\/beylikduzu-belediyesi-dijital-kutuphanesi-acildi\/"]}]},{"@type":"BreadcrumbList","@id":"https:\/\/denizcankizil.tr\/de\/haberler\/gundem\/beylikduzu-belediyesi-dijital-kutuphanesi-acildi\/#breadcrumb","itemListElement":[{"@type":"ListItem","position":1,"name":"Home","item":"https:\/\/denizcankizil.tr\/de\/"},{"@type":"ListItem","position":2,"name":"Beylikd\u00fcz\u00fc Belediyesi Dijital K\u00fct\u00fcphanesi A\u00e7\u0131ld\u0131"}]},{"@type":"WebSite","@id":"https:\/\/denizcankizil.tr\/#website","url":"https:\/\/denizcankizil.tr\/","name":"Av. Deniz Can K\u0131z\u0131l","description":"Avukat Deniz Can K\u0131z\u0131l Antalya Barosu","publisher":{"@id":"https:\/\/denizcankizil.tr\/#organization"},"potentialAction":[{"@type":"SearchAction","target":{"@type":"EntryPoint","urlTemplate":"https:\/\/denizcankizil.tr\/?s={search_term_string}"},"query-input":{"@type":"PropertyValueSpecification","valueRequired":true,"valueName":"search_term_string"}}],"inLanguage":"en-GB"},{"@type":"Organization","@id":"https:\/\/denizcankizil.tr\/#organization","name":"Av. Deniz Can K\u0131z\u0131l","url":"https:\/\/denizcankizil.tr\/","logo":{"@type":"ImageObject","inLanguage":"en-GB","@id":"https:\/\/denizcankizil.tr\/#\/schema\/logo\/image\/","url":"https:\/\/denizcankizil.tr\/wp-content\/uploads\/2024\/10\/siyah-logo-svg.svg","contentUrl":"https:\/\/denizcankizil.tr\/wp-content\/uploads\/2024\/10\/siyah-logo-svg.svg","width":1080,"height":1080,"caption":"Av. Deniz Can K\u0131z\u0131l"},"image":{"@id":"https:\/\/denizcankizil.tr\/#\/schema\/logo\/image\/"}},{"@type":"Person","@id":"https:\/\/denizcankizil.tr\/#\/schema\/person\/be3c05fe6a12686905512445d8185489","name":"admin","image":{"@type":"ImageObject","inLanguage":"en-GB","@id":"https:\/\/denizcankizil.tr\/#\/schema\/person\/image\/","url":"https:\/\/secure.gravatar.com\/avatar\/c1fce94c830dc79107e174f890d7210541c4a63e8e5d816341794a2151c9d58c?s=96&d=mm&r=g","contentUrl":"https:\/\/secure.gravatar.com\/avatar\/c1fce94c830dc79107e174f890d7210541c4a63e8e5d816341794a2151c9d58c?s=96&d=mm&r=g","caption":"admin"},"sameAs":["http:\/\/denizcankizil.tr"],"url":"https:\/\/www.iskenderun.org\/beylikduzu-belediyesi-dijital-kutuphanesi-acildi"}]}},"_links":{"self":[{"href":"https:\/\/denizcankizil.tr\/en\/wp-json\/wp\/v2\/posts\/99901","targetHints":{"allow":["GET"]}}],"collection":[{"href":"https:\/\/denizcankizil.tr\/en\/wp-json\/wp\/v2\/posts"}],"about":[{"href":"https:\/\/denizcankizil.tr\/en\/wp-json\/wp\/v2\/types\/post"}],"author":[{"embeddable":true,"href":"https:\/\/denizcankizil.tr\/en\/wp-json\/wp\/v2\/users\/1"}],"replies":[{"embeddable":true,"href":"https:\/\/denizcankizil.tr\/en\/wp-json\/wp\/v2\/comments?post=99901"}],"version-history":[{"count":0,"href":"https:\/\/denizcankizil.tr\/en\/wp-json\/wp\/v2\/posts\/99901\/revisions"}],"wp:attachment":[{"href":"https:\/\/denizcankizil.tr\/en\/wp-json\/wp\/v2\/media?parent=99901"}],"wp:term":[{"taxonomy":"category","embeddable":true,"href":"https:\/\/denizcankizil.tr\/en\/wp-json\/wp\/v2\/categories?post=99901"},{"taxonomy":"post_tag","embeddable":true,"href":"https:\/\/denizcankizil.tr\/en\/wp-json\/wp\/v2\/tags?post=99901"}],"curies":[{"name":"wp","href":"https:\/\/api.w.org\/{rel}","templated":true}]}}