{"id":99609,"date":"2025-05-28T16:41:47","date_gmt":"2025-05-28T13:41:47","guid":{"rendered":"https:\/\/denizcankizil.tr\/uncategorized-tr\/antalyada-ic-kesimlerde-kuvvetli-yagis-uyarisi\/"},"modified":"2025-05-28T16:41:47","modified_gmt":"2025-05-28T13:41:47","slug":"antalyada-ic-kesimlerde-kuvvetli-yagis-uyarisi","status":"publish","type":"post","link":"https:\/\/denizcankizil.tr\/en\/haberler\/gundem\/antalyada-ic-kesimlerde-kuvvetli-yagis-uyarisi\/","title":{"rendered":"Antalya&#8217;da i\u00e7 kesimlerde kuvvetli ya\u011f\u0131\u015f uyar\u0131s\u0131"},"content":{"rendered":"<p>Antalya Valili\u011fi, Meteoroloji 4. B\u00f6lge M\u00fcd\u00fcrl\u00fc\u011f\u00fc&#8217;nden al\u0131nan son tahminlere dayanarak 29 May\u0131s Per\u015fembe g\u00fcn\u00fc (yar\u0131n) kent merkezinden \u00e7ok i\u00e7 kesimlerde etkili olacak kuvvetli sa\u011fanak ve g\u00f6k g\u00fcr\u00fclt\u00fcl\u00fc sa\u011fanak ya\u011f\u0131\u015flara kar\u015f\u0131 uyar\u0131da bulundu. A\u00e7\u0131klamada, vatanda\u015flar\u0131n ve yetkililerin dikkatli ve tedbirli olmas\u0131 gerekti\u011fi vurguland\u0131.<\/p>\n<p>SEL, DOLU VE HORTUM R\u0130SK\u0130 VAR<\/p>\n<p>Valilik a\u00e7\u0131klamas\u0131na g\u00f6re, 29 May\u0131s Per\u015fembe g\u00fcn\u00fc (yar\u0131n) saat 12.00 ile 18.00 saatleri aras\u0131nda Antalya&#8217;n\u0131n i\u00e7 kesimlerinde sa\u011fanak ve g\u00f6k g\u00fcr\u00fclt\u00fcl\u00fc sa\u011fanak ya\u011f\u0131\u015flar\u0131n yerel olarak kuvvetli olmas\u0131 bekleniyor. Meteorolojik uyar\u0131da, kuvvetli ya\u011f\u0131\u015fla birlikte ani sel, su bask\u0131n\u0131, y\u0131ld\u0131r\u0131m, hortum, dolu ya\u011f\u0131\u015flara kar\u015f\u0131 dikkat \u00e7ekildi.<\/p>\n<p>\u200bAntalya Valili\u011fi, 29 May\u0131s Per\u015fembe g\u00fcn\u00fc \u00f6\u011fle saatlerinden itibaren etkili olmas\u0131 beklenen kuvvetli sa\u011fanak ya\u011f\u0131\u015flara kar\u015f\u0131 vatanda\u015f\u0131 uyard\u0131. Ya\u011f\u0131\u015flar\u0131n ani sel, dolu ve hortum gibi olumsuzluklara yol a\u00e7abilece\u011fi belirtildi.\u00a0<\/p>\n<p>\u200bHaberin Al\u0131nt\u0131land\u0131\u011f\u0131 Kaynak: www.antalyakorfez.com<\/p>","protected":false},"excerpt":{"rendered":"<p>Antalya Valili\u011fi, Meteoroloji 4. B\u00f6lge M\u00fcd\u00fcrl\u00fc\u011f\u00fc&#8217;nden al\u0131nan son tahminlere dayanarak 29 May\u0131s Per\u015fembe g\u00fcn\u00fc (yar\u0131n) kent merkezinden \u00e7ok i\u00e7 kesimlerde etkili olacak kuvvetli sa\u011fanak ve g\u00f6k g\u00fcr\u00fclt\u00fcl\u00fc sa\u011fanak ya\u011f\u0131\u015flara kar\u015f\u0131 uyar\u0131da bulundu. A\u00e7\u0131klamada, vatanda\u015flar\u0131n ve yetkililerin dikkatli ve tedbirli olmas\u0131 gerekti\u011fi vurguland\u0131. SEL, DOLU VE HORTUM R\u0130SK\u0130 VAR Valilik a\u00e7\u0131klamas\u0131na g\u00f6re, 29 May\u0131s Per\u015fembe g\u00fcn\u00fc (yar\u0131n) saat 12.00 ile 18.00 saatleri aras\u0131nda Antalya&#8217;n\u0131n i\u00e7 kesimlerinde sa\u011fanak ve g\u00f6k g\u00fcr\u00fclt\u00fcl\u00fc sa\u011fanak ya\u011f\u0131\u015flar\u0131n yerel olarak kuvvetli olmas\u0131 bekleniyor. Meteorolojik uyar\u0131da, kuvvetli ya\u011f\u0131\u015fla birlikte ani sel, su bask\u0131n\u0131, y\u0131ld\u0131r\u0131m, hortum, dolu ya\u011f\u0131\u015flara kar\u015f\u0131 dikkat \u00e7ekildi. \u200bAntalya Valili\u011fi, 29 May\u0131s Per\u015fembe g\u00fcn\u00fc \u00f6\u011fle saatlerinden itibaren etkili olmas\u0131 beklenen kuvvetli sa\u011fanak ya\u011f\u0131\u015flara kar\u015f\u0131 vatanda\u015f\u0131 uyard\u0131. Ya\u011f\u0131\u015flar\u0131n ani sel, dolu ve hortum gibi olumsuzluklara yol a\u00e7abilece\u011fi belirtildi.\u00a0 \u200bHaberin Al\u0131nt\u0131land\u0131\u011f\u0131 Kaynak: www.antalyakorfez.com<\/p>","protected":false},"author":5,"featured_media":0,"comment_status":"","ping_status":"open","sticky":false,"template":"","format":"standard","meta":{"_acf_changed":false,"footnotes":""},"categories":[24],"tags":[],"class_list":["post-99609","post","type-post","status-publish","format-standard","has-post-thumbnail","hentry","category-gundem"],"acf":[],"yoast_head":"<!-- This site is optimized with the Yoast SEO Premium plugin v26.6 (Yoast SEO v27.1.1) - https:\/\/yoast.com\/product\/yoast-seo-premium-wordpress\/ -->\n<title>Antalya&#039;da i\u00e7 kesimlerde kuvvetli ya\u011f\u0131\u015f uyar\u0131s\u0131 - Av. Deniz Can K\u0131z\u0131l<\/title>\n<meta name=\"robots\" content=\"index, follow, max-snippet:-1, max-image-preview:large, max-video-preview:-1\" \/>\n<link rel=\"canonical\" href=\"https:\/\/denizcankizil.tr\/en\/haberler\/gundem\/antalyada-ic-kesimlerde-kuvvetli-yagis-uyarisi\/\" \/>\n<meta property=\"og:locale\" content=\"en_GB\" \/>\n<meta property=\"og:type\" content=\"article\" \/>\n<meta property=\"og:title\" content=\"Antalya&#039;da i\u00e7 kesimlerde kuvvetli ya\u011f\u0131\u015f uyar\u0131s\u0131\" \/>\n<meta property=\"og:description\" content=\"Antalya Valili\u011fi, Meteoroloji 4. B\u00f6lge M\u00fcd\u00fcrl\u00fc\u011f\u00fc&#8217;nden al\u0131nan son tahminlere dayanarak 29 May\u0131s Per\u015fembe g\u00fcn\u00fc (yar\u0131n) kent merkezinden \u00e7ok i\u00e7 kesimlerde etkili olacak kuvvetli sa\u011fanak ve g\u00f6k g\u00fcr\u00fclt\u00fcl\u00fc sa\u011fanak ya\u011f\u0131\u015flara kar\u015f\u0131 uyar\u0131da bulundu. A\u00e7\u0131klamada, vatanda\u015flar\u0131n ve yetkililerin dikkatli ve tedbirli olmas\u0131 gerekti\u011fi vurguland\u0131. SEL, DOLU VE HORTUM R\u0130SK\u0130 VAR Valilik a\u00e7\u0131klamas\u0131na g\u00f6re, 29 May\u0131s Per\u015fembe g\u00fcn\u00fc (yar\u0131n) saat 12.00 ile 18.00 saatleri aras\u0131nda Antalya&#8217;n\u0131n i\u00e7 kesimlerinde sa\u011fanak ve g\u00f6k g\u00fcr\u00fclt\u00fcl\u00fc sa\u011fanak ya\u011f\u0131\u015flar\u0131n yerel olarak kuvvetli olmas\u0131 bekleniyor. Meteorolojik uyar\u0131da, kuvvetli ya\u011f\u0131\u015fla birlikte ani sel, su bask\u0131n\u0131, y\u0131ld\u0131r\u0131m, hortum, dolu ya\u011f\u0131\u015flara kar\u015f\u0131 dikkat \u00e7ekildi. \u200bAntalya Valili\u011fi, 29 May\u0131s Per\u015fembe g\u00fcn\u00fc \u00f6\u011fle saatlerinden itibaren etkili olmas\u0131 beklenen kuvvetli sa\u011fanak ya\u011f\u0131\u015flara kar\u015f\u0131 vatanda\u015f\u0131 uyard\u0131. Ya\u011f\u0131\u015flar\u0131n ani sel, dolu ve hortum gibi olumsuzluklara yol a\u00e7abilece\u011fi belirtildi.\u00a0 \u200bHaberin Al\u0131nt\u0131land\u0131\u011f\u0131 Kaynak: www.antalyakorfez.com\" \/>\n<meta property=\"og:url\" content=\"https:\/\/denizcankizil.tr\/en\/haberler\/gundem\/antalyada-ic-kesimlerde-kuvvetli-yagis-uyarisi\/\" \/>\n<meta property=\"og:site_name\" content=\"Av. Deniz Can K\u0131z\u0131l\" \/>\n<meta property=\"article:published_time\" content=\"2025-05-28T13:41:47+00:00\" \/>\n<meta name=\"author\" content=\"Antalya K\u00f6rfez\" \/>\n<meta name=\"twitter:card\" content=\"summary_large_image\" \/>\n<meta name=\"twitter:label1\" content=\"Written by\" \/>\n\t<meta name=\"twitter:data1\" content=\"Antalya K\u00f6rfez\" \/>\n\t<meta name=\"twitter:label2\" content=\"Estimated reading time\" \/>\n\t<meta name=\"twitter:data2\" content=\"1 minute\" \/>\n<script type=\"application\/ld+json\" class=\"yoast-schema-graph\">{\"@context\":\"https:\/\/schema.org\",\"@graph\":[{\"@type\":\"Article\",\"@id\":\"https:\/\/denizcankizil.tr\/de\/haberler\/gundem\/antalyada-ic-kesimlerde-kuvvetli-yagis-uyarisi\/#article\",\"isPartOf\":{\"@id\":\"https:\/\/denizcankizil.tr\/de\/haberler\/gundem\/antalyada-ic-kesimlerde-kuvvetli-yagis-uyarisi\/\"},\"author\":{\"name\":\"Antalya K\u00f6rfez\",\"@id\":\"https:\/\/denizcankizil.tr\/de\/#\/schema\/person\/e1eb71bb4dd684d46563f0af307e1234\"},\"headline\":\"Antalya&#8217;da i\u00e7 kesimlerde kuvvetli ya\u011f\u0131\u015f uyar\u0131s\u0131\",\"datePublished\":\"2025-05-28T13:41:47+00:00\",\"mainEntityOfPage\":{\"@id\":\"https:\/\/denizcankizil.tr\/de\/haberler\/gundem\/antalyada-ic-kesimlerde-kuvvetli-yagis-uyarisi\/\"},\"wordCount\":189,\"publisher\":{\"@id\":\"https:\/\/denizcankizil.tr\/de\/#organization\"},\"articleSection\":[\"G\u00fcndem\"],\"inLanguage\":\"en-GB\"},{\"@type\":\"WebPage\",\"@id\":\"https:\/\/denizcankizil.tr\/de\/haberler\/gundem\/antalyada-ic-kesimlerde-kuvvetli-yagis-uyarisi\/\",\"url\":\"https:\/\/denizcankizil.tr\/de\/haberler\/gundem\/antalyada-ic-kesimlerde-kuvvetli-yagis-uyarisi\/\",\"name\":\"Antalya'da i\u00e7 kesimlerde kuvvetli ya\u011f\u0131\u015f uyar\u0131s\u0131 - Av. Deniz Can K\u0131z\u0131l\",\"isPartOf\":{\"@id\":\"https:\/\/denizcankizil.tr\/de\/#website\"},\"datePublished\":\"2025-05-28T13:41:47+00:00\",\"breadcrumb\":{\"@id\":\"https:\/\/denizcankizil.tr\/de\/haberler\/gundem\/antalyada-ic-kesimlerde-kuvvetli-yagis-uyarisi\/#breadcrumb\"},\"inLanguage\":\"en-GB\",\"potentialAction\":[{\"@type\":\"ReadAction\",\"target\":[\"https:\/\/denizcankizil.tr\/de\/haberler\/gundem\/antalyada-ic-kesimlerde-kuvvetli-yagis-uyarisi\/\"]}]},{\"@type\":\"BreadcrumbList\",\"@id\":\"https:\/\/denizcankizil.tr\/de\/haberler\/gundem\/antalyada-ic-kesimlerde-kuvvetli-yagis-uyarisi\/#breadcrumb\",\"itemListElement\":[{\"@type\":\"ListItem\",\"position\":1,\"name\":\"Home\",\"item\":\"https:\/\/denizcankizil.tr\/de\/\"},{\"@type\":\"ListItem\",\"position\":2,\"name\":\"Antalya&#8217;da i\u00e7 kesimlerde kuvvetli ya\u011f\u0131\u015f uyar\u0131s\u0131\"}]},{\"@type\":\"WebSite\",\"@id\":\"https:\/\/denizcankizil.tr\/de\/#website\",\"url\":\"https:\/\/denizcankizil.tr\/de\/\",\"name\":\"Av. Deniz Can K\u0131z\u0131l\",\"description\":\"Avukat Deniz Can K\u0131z\u0131l Antalya Barosu\",\"publisher\":{\"@id\":\"https:\/\/denizcankizil.tr\/de\/#organization\"},\"potentialAction\":[{\"@type\":\"SearchAction\",\"target\":{\"@type\":\"EntryPoint\",\"urlTemplate\":\"https:\/\/denizcankizil.tr\/de\/?s={search_term_string}\"},\"query-input\":{\"@type\":\"PropertyValueSpecification\",\"valueRequired\":true,\"valueName\":\"search_term_string\"}}],\"inLanguage\":\"en-GB\"},{\"@type\":\"Organization\",\"@id\":\"https:\/\/denizcankizil.tr\/de\/#organization\",\"name\":\"Av. Deniz Can K\u0131z\u0131l\",\"url\":\"https:\/\/denizcankizil.tr\/de\/\",\"logo\":{\"@type\":\"ImageObject\",\"inLanguage\":\"en-GB\",\"@id\":\"https:\/\/denizcankizil.tr\/de\/#\/schema\/logo\/image\/\",\"url\":\"https:\/\/denizcankizil.tr\/wp-content\/uploads\/2024\/10\/siyah-logo-svg.svg\",\"contentUrl\":\"https:\/\/denizcankizil.tr\/wp-content\/uploads\/2024\/10\/siyah-logo-svg.svg\",\"width\":1080,\"height\":1080,\"caption\":\"Av. Deniz Can K\u0131z\u0131l\"},\"image\":{\"@id\":\"https:\/\/denizcankizil.tr\/de\/#\/schema\/logo\/image\/\"}},{\"@type\":\"Person\",\"@id\":\"https:\/\/denizcankizil.tr\/de\/#\/schema\/person\/e1eb71bb4dd684d46563f0af307e1234\",\"name\":\"Antalya K\u00f6rfez\",\"image\":{\"@type\":\"ImageObject\",\"inLanguage\":\"en-GB\",\"@id\":\"https:\/\/denizcankizil.tr\/de\/#\/schema\/person\/image\/\",\"url\":\"https:\/\/secure.gravatar.com\/avatar\/42b01982558a48a0b501fdcab6a408d3717ea5919095ee2e67b0e521799c5905?s=96&d=mm&r=g\",\"contentUrl\":\"https:\/\/secure.gravatar.com\/avatar\/42b01982558a48a0b501fdcab6a408d3717ea5919095ee2e67b0e521799c5905?s=96&d=mm&r=g\",\"caption\":\"Antalya K\u00f6rfez\"},\"sameAs\":[\"http:\/\/www.antalyakorfez.com\"],\"url\":\"https:\/\/www.antalyakorfez.com\/antalyada-ic-kesimlerde-kuvvetli-yagis-uyarisi\"}]}<\/script>\n<!-- \/ Yoast SEO Premium plugin. -->","yoast_head_json":{"title":"Antalya'da i\u00e7 kesimlerde kuvvetli ya\u011f\u0131\u015f uyar\u0131s\u0131 - Av. Deniz Can K\u0131z\u0131l","robots":{"index":"index","follow":"follow","max-snippet":"max-snippet:-1","max-image-preview":"max-image-preview:large","max-video-preview":"max-video-preview:-1"},"canonical":"https:\/\/denizcankizil.tr\/en\/haberler\/gundem\/antalyada-ic-kesimlerde-kuvvetli-yagis-uyarisi\/","og_locale":"en_GB","og_type":"article","og_title":"Antalya'da i\u00e7 kesimlerde kuvvetli ya\u011f\u0131\u015f uyar\u0131s\u0131","og_description":"Antalya Valili\u011fi, Meteoroloji 4. B\u00f6lge M\u00fcd\u00fcrl\u00fc\u011f\u00fc&#8217;nden al\u0131nan son tahminlere dayanarak 29 May\u0131s Per\u015fembe g\u00fcn\u00fc (yar\u0131n) kent merkezinden \u00e7ok i\u00e7 kesimlerde etkili olacak kuvvetli sa\u011fanak ve g\u00f6k g\u00fcr\u00fclt\u00fcl\u00fc sa\u011fanak ya\u011f\u0131\u015flara kar\u015f\u0131 uyar\u0131da bulundu. A\u00e7\u0131klamada, vatanda\u015flar\u0131n ve yetkililerin dikkatli ve tedbirli olmas\u0131 gerekti\u011fi vurguland\u0131. SEL, DOLU VE HORTUM R\u0130SK\u0130 VAR Valilik a\u00e7\u0131klamas\u0131na g\u00f6re, 29 May\u0131s Per\u015fembe g\u00fcn\u00fc (yar\u0131n) saat 12.00 ile 18.00 saatleri aras\u0131nda Antalya&#8217;n\u0131n i\u00e7 kesimlerinde sa\u011fanak ve g\u00f6k g\u00fcr\u00fclt\u00fcl\u00fc sa\u011fanak ya\u011f\u0131\u015flar\u0131n yerel olarak kuvvetli olmas\u0131 bekleniyor. Meteorolojik uyar\u0131da, kuvvetli ya\u011f\u0131\u015fla birlikte ani sel, su bask\u0131n\u0131, y\u0131ld\u0131r\u0131m, hortum, dolu ya\u011f\u0131\u015flara kar\u015f\u0131 dikkat \u00e7ekildi. \u200bAntalya Valili\u011fi, 29 May\u0131s Per\u015fembe g\u00fcn\u00fc \u00f6\u011fle saatlerinden itibaren etkili olmas\u0131 beklenen kuvvetli sa\u011fanak ya\u011f\u0131\u015flara kar\u015f\u0131 vatanda\u015f\u0131 uyard\u0131. Ya\u011f\u0131\u015flar\u0131n ani sel, dolu ve hortum gibi olumsuzluklara yol a\u00e7abilece\u011fi belirtildi.\u00a0 \u200bHaberin Al\u0131nt\u0131land\u0131\u011f\u0131 Kaynak: www.antalyakorfez.com","og_url":"https:\/\/denizcankizil.tr\/en\/haberler\/gundem\/antalyada-ic-kesimlerde-kuvvetli-yagis-uyarisi\/","og_site_name":"Av. Deniz Can K\u0131z\u0131l","article_published_time":"2025-05-28T13:41:47+00:00","author":"Antalya K\u00f6rfez","twitter_card":"summary_large_image","twitter_misc":{"Written by":"Antalya K\u00f6rfez","Estimated reading time":"1 minute"},"schema":{"@context":"https:\/\/schema.org","@graph":[{"@type":"Article","@id":"https:\/\/denizcankizil.tr\/de\/haberler\/gundem\/antalyada-ic-kesimlerde-kuvvetli-yagis-uyarisi\/#article","isPartOf":{"@id":"https:\/\/denizcankizil.tr\/de\/haberler\/gundem\/antalyada-ic-kesimlerde-kuvvetli-yagis-uyarisi\/"},"author":{"name":"Antalya K\u00f6rfez","@id":"https:\/\/denizcankizil.tr\/de\/#\/schema\/person\/e1eb71bb4dd684d46563f0af307e1234"},"headline":"Antalya&#8217;da i\u00e7 kesimlerde kuvvetli ya\u011f\u0131\u015f uyar\u0131s\u0131","datePublished":"2025-05-28T13:41:47+00:00","mainEntityOfPage":{"@id":"https:\/\/denizcankizil.tr\/de\/haberler\/gundem\/antalyada-ic-kesimlerde-kuvvetli-yagis-uyarisi\/"},"wordCount":189,"publisher":{"@id":"https:\/\/denizcankizil.tr\/de\/#organization"},"articleSection":["G\u00fcndem"],"inLanguage":"en-GB"},{"@type":"WebPage","@id":"https:\/\/denizcankizil.tr\/de\/haberler\/gundem\/antalyada-ic-kesimlerde-kuvvetli-yagis-uyarisi\/","url":"https:\/\/denizcankizil.tr\/de\/haberler\/gundem\/antalyada-ic-kesimlerde-kuvvetli-yagis-uyarisi\/","name":"Antalya'da i\u00e7 kesimlerde kuvvetli ya\u011f\u0131\u015f uyar\u0131s\u0131 - Av. Deniz Can K\u0131z\u0131l","isPartOf":{"@id":"https:\/\/denizcankizil.tr\/de\/#website"},"datePublished":"2025-05-28T13:41:47+00:00","breadcrumb":{"@id":"https:\/\/denizcankizil.tr\/de\/haberler\/gundem\/antalyada-ic-kesimlerde-kuvvetli-yagis-uyarisi\/#breadcrumb"},"inLanguage":"en-GB","potentialAction":[{"@type":"ReadAction","target":["https:\/\/denizcankizil.tr\/de\/haberler\/gundem\/antalyada-ic-kesimlerde-kuvvetli-yagis-uyarisi\/"]}]},{"@type":"BreadcrumbList","@id":"https:\/\/denizcankizil.tr\/de\/haberler\/gundem\/antalyada-ic-kesimlerde-kuvvetli-yagis-uyarisi\/#breadcrumb","itemListElement":[{"@type":"ListItem","position":1,"name":"Home","item":"https:\/\/denizcankizil.tr\/de\/"},{"@type":"ListItem","position":2,"name":"Antalya&#8217;da i\u00e7 kesimlerde kuvvetli ya\u011f\u0131\u015f uyar\u0131s\u0131"}]},{"@type":"WebSite","@id":"https:\/\/denizcankizil.tr\/de\/#website","url":"https:\/\/denizcankizil.tr\/de\/","name":"Av. Deniz Can K\u0131z\u0131l","description":"Avukat Deniz Can K\u0131z\u0131l Antalya Barosu","publisher":{"@id":"https:\/\/denizcankizil.tr\/de\/#organization"},"potentialAction":[{"@type":"SearchAction","target":{"@type":"EntryPoint","urlTemplate":"https:\/\/denizcankizil.tr\/de\/?s={search_term_string}"},"query-input":{"@type":"PropertyValueSpecification","valueRequired":true,"valueName":"search_term_string"}}],"inLanguage":"en-GB"},{"@type":"Organization","@id":"https:\/\/denizcankizil.tr\/de\/#organization","name":"Av. Deniz Can K\u0131z\u0131l","url":"https:\/\/denizcankizil.tr\/de\/","logo":{"@type":"ImageObject","inLanguage":"en-GB","@id":"https:\/\/denizcankizil.tr\/de\/#\/schema\/logo\/image\/","url":"https:\/\/denizcankizil.tr\/wp-content\/uploads\/2024\/10\/siyah-logo-svg.svg","contentUrl":"https:\/\/denizcankizil.tr\/wp-content\/uploads\/2024\/10\/siyah-logo-svg.svg","width":1080,"height":1080,"caption":"Av. Deniz Can K\u0131z\u0131l"},"image":{"@id":"https:\/\/denizcankizil.tr\/de\/#\/schema\/logo\/image\/"}},{"@type":"Person","@id":"https:\/\/denizcankizil.tr\/de\/#\/schema\/person\/e1eb71bb4dd684d46563f0af307e1234","name":"Antalya K\u00f6rfez","image":{"@type":"ImageObject","inLanguage":"en-GB","@id":"https:\/\/denizcankizil.tr\/de\/#\/schema\/person\/image\/","url":"https:\/\/secure.gravatar.com\/avatar\/42b01982558a48a0b501fdcab6a408d3717ea5919095ee2e67b0e521799c5905?s=96&d=mm&r=g","contentUrl":"https:\/\/secure.gravatar.com\/avatar\/42b01982558a48a0b501fdcab6a408d3717ea5919095ee2e67b0e521799c5905?s=96&d=mm&r=g","caption":"Antalya K\u00f6rfez"},"sameAs":["http:\/\/www.antalyakorfez.com"],"url":"https:\/\/www.antalyakorfez.com\/antalyada-ic-kesimlerde-kuvvetli-yagis-uyarisi"}]}},"_links":{"self":[{"href":"https:\/\/denizcankizil.tr\/en\/wp-json\/wp\/v2\/posts\/99609","targetHints":{"allow":["GET"]}}],"collection":[{"href":"https:\/\/denizcankizil.tr\/en\/wp-json\/wp\/v2\/posts"}],"about":[{"href":"https:\/\/denizcankizil.tr\/en\/wp-json\/wp\/v2\/types\/post"}],"author":[{"embeddable":true,"href":"https:\/\/denizcankizil.tr\/en\/wp-json\/wp\/v2\/users\/5"}],"replies":[{"embeddable":true,"href":"https:\/\/denizcankizil.tr\/en\/wp-json\/wp\/v2\/comments?post=99609"}],"version-history":[{"count":0,"href":"https:\/\/denizcankizil.tr\/en\/wp-json\/wp\/v2\/posts\/99609\/revisions"}],"wp:attachment":[{"href":"https:\/\/denizcankizil.tr\/en\/wp-json\/wp\/v2\/media?parent=99609"}],"wp:term":[{"taxonomy":"category","embeddable":true,"href":"https:\/\/denizcankizil.tr\/en\/wp-json\/wp\/v2\/categories?post=99609"},{"taxonomy":"post_tag","embeddable":true,"href":"https:\/\/denizcankizil.tr\/en\/wp-json\/wp\/v2\/tags?post=99609"}],"curies":[{"name":"wp","href":"https:\/\/api.w.org\/{rel}","templated":true}]}}