{"id":99239,"date":"2025-05-28T08:41:18","date_gmt":"2025-05-28T05:41:18","guid":{"rendered":"https:\/\/denizcankizil.tr\/uncategorized-tr\/antalyadan-ali-koca-sosyal-medya-operasyonu-sahte-hesaplar-sikayet-edildi\/"},"modified":"2025-05-28T08:41:18","modified_gmt":"2025-05-28T05:41:18","slug":"antalyadan-ali-koca-sosyal-medya-operasyonu-sahte-hesaplar-sikayet-edildi","status":"publish","type":"post","link":"https:\/\/denizcankizil.tr\/en\/haberler\/gundem\/antalyadan-ali-koca-sosyal-medya-operasyonu-sahte-hesaplar-sikayet-edildi\/","title":{"rendered":"Antalya\u2019dan Ali Ko\u00e7\u2019a sosyal medya operasyonu! Sahte hesaplar \u015fikayet edildi"},"content":{"rendered":"<p>Antalya\u2019da son g\u00fcnlerde Fenerbah\u00e7e Spor Kul\u00fcb\u00fc Ba\u015fkan\u0131 Ali Ko\u00e7\u2019a y\u00f6nelik payla\u015f\u0131mlar bir artt\u0131. \u00d6zellikle Ali Ko\u00e7\u2019un \u2018istifa etmesi\u2019 ve \u2018imza ile g\u00f6nderilmesine\u2019 y\u00f6nelik payla\u015f\u0131mlar\u0131 \u00f6ne \u00e7\u0131k\u0131yordu. Ya\u015fanan bu geli\u015fmeyle alakal\u0131 Akdeniz Fenerbah\u00e7eliler Derne\u011fi Ba\u015fkan\u0131 ve Fenerbah\u00e7e Denetim Kurulu \u00dcyesi Murat \u00dcnl\u00fc \u00f6nemli a\u00e7\u0131klamalarda bulundu.<\/p>\n<p>AL\u0130 KO\u00c7\u2019A SOSYAL MEDYA OPERASYONU <\/p>\n<p>Kendi derneklerinin ad\u0131n\u0131 kullanarak Ali Ko\u00e7\u2019a y\u00f6nelik yap\u0131lan payla\u015f\u0131mlar\u0131n sahte oldu\u011funu belirten \u00dcnl\u00fc, \u201cAntalya Fenerbah\u00e7eliler Derne\u011fi genelde bu kampanyalar\u0131 y\u00f6netiyor ama bu resmi bir hesap de\u011fil ve kul\u00fcp zaten bu olu\u015fum i\u00e7in \u015fikayette bulundu. Kul\u00fcp, hem isim hem de logo kullan\u0131m hakk\u0131n\u0131 \u00e7ekti\u011fi halde bu ki\u015filer hala kullan\u0131ma devam ediyorlar ve dolay\u0131s\u0131yla su\u00e7 i\u015fliyorlar. Bunun haricinde sosyal medyada \u00e7ok fazla fake (sahte) hesap \u00fczerinden Ali Ko\u00e7\u2019a ve Fenerbah\u00e7e\u2019ye y\u00f6nelik sahte payla\u015f\u0131mlar yap\u0131ld\u0131. Bizle de Savc\u0131l\u0131\u011fa gidip, bu payla\u015f\u0131mlar hakk\u0131nda su\u00e7 duyurusunda bulunduk\u201d dedi.<\/p>\n<p>AL\u0130 KO\u00c7\u2019A DESTEK <\/p>\n<p>Ali Ko\u00e7\u2019un Fenerbah\u00e7e\u2019ye \u00e7ok b\u00fcy\u00fck katk\u0131lar yapt\u0131\u011f\u0131na de\u011finen \u00dcnl\u00fc, \u201cBen son g\u00fcne kadar Ali Ko\u00e7\u2019un yan\u0131nday\u0131m. Yani tabi ki bizim \u00fcyelerimiz ve kongre \u00fcyelerimiz i\u00e7inde de fikir farkl\u0131\u011f\u0131nda olan insanlar var. Bizler dernek olarak \u00fcyelerimizin g\u00f6r\u00fc\u015flerine kar\u0131\u015fm\u0131yoruz. Zaten haddimize de de\u011fil bu. Ama genel olarak imza ile ba\u015fkan g\u00f6ndermek ho\u015f bir durum de\u011fil. \u00d6zellikle Ali Ko\u00e7 gibi birini\u2026 Genel kurulda kongre \u00fcyeleri karar verir. Bu \u015fekilde ba\u015fkanlar gelir, bu \u015fekilde ba\u015fkanlar gider. Ali Ko\u00e7, bug\u00fcn kul\u00fcbe 3 milyar TL\u2019nin \u00fczerinden bir nakit giri\u015fi yapm\u0131\u015f, 300-400 milyon Euro sponsorluk deste\u011fi sa\u011flam\u0131\u015f bir isim. Futbolda ba\u015far\u0131s\u0131z oldu diye b\u00f6yle bir ismin imza ile g\u00f6nderilmesini do\u011fru bulmuyorum\u201d diye konu\u015ftu.<\/p>\n<p>MOUR\u0130NHO G\u0130DECEK Mi? <\/p>\n<p>Fenerbah\u00e7e Teknik Direkt\u00f6r\u00fc Joe Mourinho\u2019nun ayr\u0131l\u0131p ayr\u0131lmayaca\u011f\u0131 konusunda de\u011ferlendirmelerde bulunana \u00dcnl\u00fc, \u201cMourinho i\u00e7in en do\u011fru karar\u0131 y\u00f6netim kurulu verecektir. Ama ilk y\u0131l baz al\u0131nd\u0131\u011f\u0131 istenen olmad\u0131. Genelde Mourinho ikinci y\u0131l\u0131nda ba\u015far\u0131l\u0131 olan bir teknik adam. Yani bilemiyorum, biraz ince bir \u00e7izgi var, Mourinho&#8217;nun iyi taraflar\u0131 da var. k\u00f6t\u00fc taraflar\u0131 da. Ama bence hoca futbol i\u00e7inde kalmal\u0131, TFF ve rakip tak\u0131mlarla ilgili konu\u015fmas\u0131na gerek yok! Onu y\u00f6netim yapmal\u0131\u201d ifadelerini kulland\u0131.<\/p>\n<p>\u201cSADECE B\u0130RAZ DAHA SABIR\u201d<\/p>\n<p>Y\u00f6netimin, Fenerbah\u00e7e i\u00e7in b\u00fcy\u00fck projeleri oldu\u011funa dikkat \u00e7eken \u00dcnl\u00fc, \u201cFenerbah\u00e7e basketbolda Avrupa \u015fampiyonu oldu. Bundan sonra bu \u015fampiyonluklar\u0131n\u0131n devam\u0131 gelecek. Art\u0131k basketbolun lokomotifi olduk. Bundan sonraki amac\u0131m\u0131z 3\u2019nc\u00fc Avrupa \u015fampiyonlu\u011fu. Sonra 4-5 hepsi olacak. Ne de olsa bu vizyon Fenerbah\u00e7e\u2019ye 10 y\u0131l \u00f6nce koyuldu. Aziz Ba\u015fkan\u0131n koydu\u011fu vizyon bug\u00fcn Ali Bey \u00e7ok \u00e7ok daha ileriye g\u00f6t\u00fcr\u00fcyor. Umar\u0131m futbolda da ba\u015far\u0131 gelecek \u00e7\u00fcnk\u00fc maddi anlamda kul\u00fcb\u00fcm\u00fcz \u00e7ok iyi yerlere geldi. \u00c7ok b\u00fcy\u00fck projelerimiz var. Bu projeler tamamland\u0131\u011f\u0131 zaman Fenerbah\u00e7e bence Avrupa\u2019n\u0131n en b\u00fcy\u00fck ilk 10 tak\u0131m\u0131ndan biri olacak. Sadece biraz dayanmam\u0131z laz\u0131m. Biraz daha sabretmemiz laz\u0131m\u201d s\u00f6zlerini kaydetti.<\/p>\n<p>\u201cB\u00dcY\u00dcK \u0130S\u0130MLER \u0130LE G\u00d6R\u00dc\u015e\u00dcL\u00dcYOR\u201d<\/p>\n<p>Sezonun sona ermesiyle beraber Fenerbah\u00e7e\u2019nin b\u00fcy\u00fck isimlere teklif g\u00f6t\u00fcrece\u011fini belirten Murat \u00dcnl\u00fc, \u201cTransfer s\u00fcreciyle alakal\u0131 hen\u00fcz bir a\u00e7\u0131klama yapmak i\u00e7in erken ama \u00e7ok b\u00fcy\u00fck oyuncular gelecek. \u00c7ok b\u00fcy\u00fck isimlerle g\u00f6r\u00fc\u015f\u00fcl\u00fcyor. \u0130simlerle ilgili \u015fu anda bir bilgi veremem ama \u00e7ok \u00f6nemli oyuncular gelecek. Tahmin sadece bildi\u011fim \u015fey de\u011fil zaten ba\u015fkan kendi de s\u00f6yledi, &#8220;Hi\u00e7 oyuncu ayr\u0131lmazsa 4&#8221; dedi ama ayr\u0131lacak olan oyuncular var. Oyuncular da ayr\u0131laca\u011f\u0131 i\u00e7in belli ki 7-8 tane transfer olur diye tahmin ediyorum\u201d dedi.<\/p>\n<p>\u200bAntalya\u2019da son g\u00fcnlerde sosyal medya \u00fczerinden Fenerbah\u00e7e Spor Kul\u00fcb\u00fc Ba\u015fkan\u0131 Ali Ko\u00e7\u2019a y\u00f6nelik payla\u015f\u0131mlar bir hayli artt\u0131. Konuya ili\u015fkin a\u00e7\u0131klamalarda bulunan Akdeniz Fenerbah\u00e7eliler Derne\u011fi Ba\u015fkan\u0131 Murat \u00dcnl\u00fc, kendi derneklerinin adlar\u0131n\u0131 kullanarak Ali Ko\u00e7\u2019a y\u00f6nelik yap\u0131lan payla\u015f\u0131mlar\u0131n sahte oldu\u011funu ve bu hesaplara y\u00f6nelik \u015fik\u00e2yette bulunduklar\u0131n\u0131 s\u00f6yledi.\u00a0<\/p>\n<p>\u200bHaberin Al\u0131nt\u0131land\u0131\u011f\u0131 Kaynak: www.antalyakorfez.com<\/p>","protected":false},"excerpt":{"rendered":"<p>Antalya\u2019da son g\u00fcnlerde Fenerbah\u00e7e Spor Kul\u00fcb\u00fc Ba\u015fkan\u0131 Ali Ko\u00e7\u2019a y\u00f6nelik payla\u015f\u0131mlar bir artt\u0131. \u00d6zellikle Ali Ko\u00e7\u2019un \u2018istifa etmesi\u2019 ve \u2018imza ile g\u00f6nderilmesine\u2019 y\u00f6nelik payla\u015f\u0131mlar\u0131 \u00f6ne \u00e7\u0131k\u0131yordu. Ya\u015fanan bu geli\u015fmeyle alakal\u0131 Akdeniz Fenerbah\u00e7eliler Derne\u011fi Ba\u015fkan\u0131 ve Fenerbah\u00e7e Denetim Kurulu \u00dcyesi Murat \u00dcnl\u00fc \u00f6nemli a\u00e7\u0131klamalarda bulundu. AL\u0130 KO\u00c7\u2019A SOSYAL MEDYA OPERASYONU Kendi derneklerinin ad\u0131n\u0131 kullanarak Ali Ko\u00e7\u2019a y\u00f6nelik yap\u0131lan payla\u015f\u0131mlar\u0131n sahte oldu\u011funu belirten \u00dcnl\u00fc, \u201cAntalya Fenerbah\u00e7eliler Derne\u011fi genelde bu kampanyalar\u0131 y\u00f6netiyor ama bu resmi bir hesap de\u011fil ve kul\u00fcp zaten bu olu\u015fum i\u00e7in \u015fikayette bulundu. Kul\u00fcp, hem isim hem de logo kullan\u0131m hakk\u0131n\u0131 \u00e7ekti\u011fi halde bu ki\u015filer hala kullan\u0131ma devam ediyorlar ve dolay\u0131s\u0131yla su\u00e7 i\u015fliyorlar. Bunun haricinde sosyal medyada \u00e7ok fazla fake (sahte) hesap \u00fczerinden Ali Ko\u00e7\u2019a ve Fenerbah\u00e7e\u2019ye y\u00f6nelik sahte payla\u015f\u0131mlar yap\u0131ld\u0131. Bizle de Savc\u0131l\u0131\u011fa gidip, bu payla\u015f\u0131mlar hakk\u0131nda su\u00e7 duyurusunda bulunduk\u201d dedi. AL\u0130 KO\u00c7\u2019A DESTEK Ali Ko\u00e7\u2019un Fenerbah\u00e7e\u2019ye \u00e7ok b\u00fcy\u00fck katk\u0131lar yapt\u0131\u011f\u0131na de\u011finen \u00dcnl\u00fc, \u201cBen son g\u00fcne kadar Ali Ko\u00e7\u2019un yan\u0131nday\u0131m. Yani tabi ki bizim \u00fcyelerimiz ve kongre \u00fcyelerimiz i\u00e7inde de fikir farkl\u0131\u011f\u0131nda olan insanlar var. Bizler dernek olarak \u00fcyelerimizin g\u00f6r\u00fc\u015flerine kar\u0131\u015fm\u0131yoruz. Zaten haddimize de de\u011fil bu. Ama genel olarak imza ile ba\u015fkan g\u00f6ndermek ho\u015f bir durum de\u011fil. \u00d6zellikle Ali Ko\u00e7 gibi birini\u2026 Genel kurulda kongre \u00fcyeleri karar verir. Bu &hellip;<\/p>","protected":false},"author":5,"featured_media":0,"comment_status":"","ping_status":"open","sticky":false,"template":"","format":"standard","meta":{"_acf_changed":false,"footnotes":""},"categories":[24],"tags":[],"class_list":["post-99239","post","type-post","status-publish","format-standard","has-post-thumbnail","hentry","category-gundem"],"acf":[],"yoast_head":"<!-- This site is optimized with the Yoast SEO Premium plugin v26.6 (Yoast SEO v27.1.1) - https:\/\/yoast.com\/product\/yoast-seo-premium-wordpress\/ -->\n<title>Antalya\u2019dan Ali Ko\u00e7\u2019a sosyal medya operasyonu! Sahte hesaplar \u015fikayet edildi - Av. Deniz Can K\u0131z\u0131l<\/title>\n<meta name=\"robots\" content=\"index, follow, max-snippet:-1, max-image-preview:large, max-video-preview:-1\" \/>\n<link rel=\"canonical\" href=\"https:\/\/denizcankizil.tr\/en\/haberler\/gundem\/antalyadan-ali-koca-sosyal-medya-operasyonu-sahte-hesaplar-sikayet-edildi\/\" \/>\n<meta property=\"og:locale\" content=\"en_GB\" \/>\n<meta property=\"og:type\" content=\"article\" \/>\n<meta property=\"og:title\" content=\"Antalya\u2019dan Ali Ko\u00e7\u2019a sosyal medya operasyonu! Sahte hesaplar \u015fikayet edildi\" \/>\n<meta property=\"og:description\" content=\"Antalya\u2019da son g\u00fcnlerde Fenerbah\u00e7e Spor Kul\u00fcb\u00fc Ba\u015fkan\u0131 Ali Ko\u00e7\u2019a y\u00f6nelik payla\u015f\u0131mlar bir artt\u0131. \u00d6zellikle Ali Ko\u00e7\u2019un \u2018istifa etmesi\u2019 ve \u2018imza ile g\u00f6nderilmesine\u2019 y\u00f6nelik payla\u015f\u0131mlar\u0131 \u00f6ne \u00e7\u0131k\u0131yordu. Ya\u015fanan bu geli\u015fmeyle alakal\u0131 Akdeniz Fenerbah\u00e7eliler Derne\u011fi Ba\u015fkan\u0131 ve Fenerbah\u00e7e Denetim Kurulu \u00dcyesi Murat \u00dcnl\u00fc \u00f6nemli a\u00e7\u0131klamalarda bulundu. AL\u0130 KO\u00c7\u2019A SOSYAL MEDYA OPERASYONU Kendi derneklerinin ad\u0131n\u0131 kullanarak Ali Ko\u00e7\u2019a y\u00f6nelik yap\u0131lan payla\u015f\u0131mlar\u0131n sahte oldu\u011funu belirten \u00dcnl\u00fc, \u201cAntalya Fenerbah\u00e7eliler Derne\u011fi genelde bu kampanyalar\u0131 y\u00f6netiyor ama bu resmi bir hesap de\u011fil ve kul\u00fcp zaten bu olu\u015fum i\u00e7in \u015fikayette bulundu. Kul\u00fcp, hem isim hem de logo kullan\u0131m hakk\u0131n\u0131 \u00e7ekti\u011fi halde bu ki\u015filer hala kullan\u0131ma devam ediyorlar ve dolay\u0131s\u0131yla su\u00e7 i\u015fliyorlar. Bunun haricinde sosyal medyada \u00e7ok fazla fake (sahte) hesap \u00fczerinden Ali Ko\u00e7\u2019a ve Fenerbah\u00e7e\u2019ye y\u00f6nelik sahte payla\u015f\u0131mlar yap\u0131ld\u0131. Bizle de Savc\u0131l\u0131\u011fa gidip, bu payla\u015f\u0131mlar hakk\u0131nda su\u00e7 duyurusunda bulunduk\u201d dedi. AL\u0130 KO\u00c7\u2019A DESTEK Ali Ko\u00e7\u2019un Fenerbah\u00e7e\u2019ye \u00e7ok b\u00fcy\u00fck katk\u0131lar yapt\u0131\u011f\u0131na de\u011finen \u00dcnl\u00fc, \u201cBen son g\u00fcne kadar Ali Ko\u00e7\u2019un yan\u0131nday\u0131m. Yani tabi ki bizim \u00fcyelerimiz ve kongre \u00fcyelerimiz i\u00e7inde de fikir farkl\u0131\u011f\u0131nda olan insanlar var. Bizler dernek olarak \u00fcyelerimizin g\u00f6r\u00fc\u015flerine kar\u0131\u015fm\u0131yoruz. Zaten haddimize de de\u011fil bu. Ama genel olarak imza ile ba\u015fkan g\u00f6ndermek ho\u015f bir durum de\u011fil. \u00d6zellikle Ali Ko\u00e7 gibi birini\u2026 Genel kurulda kongre \u00fcyeleri karar verir. Bu &hellip;\" \/>\n<meta property=\"og:url\" content=\"https:\/\/denizcankizil.tr\/en\/haberler\/gundem\/antalyadan-ali-koca-sosyal-medya-operasyonu-sahte-hesaplar-sikayet-edildi\/\" \/>\n<meta property=\"og:site_name\" content=\"Av. Deniz Can K\u0131z\u0131l\" \/>\n<meta property=\"article:published_time\" content=\"2025-05-28T05:41:18+00:00\" \/>\n<meta name=\"author\" content=\"Antalya K\u00f6rfez\" \/>\n<meta name=\"twitter:card\" content=\"summary_large_image\" \/>\n<meta name=\"twitter:label1\" content=\"Written by\" \/>\n\t<meta name=\"twitter:data1\" content=\"Antalya K\u00f6rfez\" \/>\n\t<meta name=\"twitter:label2\" content=\"Estimated reading time\" \/>\n\t<meta name=\"twitter:data2\" content=\"4 minutes\" \/>\n<script type=\"application\/ld+json\" class=\"yoast-schema-graph\">{\"@context\":\"https:\/\/schema.org\",\"@graph\":[{\"@type\":\"Article\",\"@id\":\"https:\/\/denizcankizil.tr\/ru\/haberler\/gundem\/antalyadan-ali-koca-sosyal-medya-operasyonu-sahte-hesaplar-sikayet-edildi\/#article\",\"isPartOf\":{\"@id\":\"https:\/\/denizcankizil.tr\/ru\/haberler\/gundem\/antalyadan-ali-koca-sosyal-medya-operasyonu-sahte-hesaplar-sikayet-edildi\/\"},\"author\":{\"name\":\"Antalya K\u00f6rfez\",\"@id\":\"https:\/\/denizcankizil.tr\/de\/#\/schema\/person\/e1eb71bb4dd684d46563f0af307e1234\"},\"headline\":\"Antalya\u2019dan Ali Ko\u00e7\u2019a sosyal medya operasyonu! Sahte hesaplar \u015fikayet edildi\",\"datePublished\":\"2025-05-28T05:41:18+00:00\",\"mainEntityOfPage\":{\"@id\":\"https:\/\/denizcankizil.tr\/ru\/haberler\/gundem\/antalyadan-ali-koca-sosyal-medya-operasyonu-sahte-hesaplar-sikayet-edildi\/\"},\"wordCount\":770,\"publisher\":{\"@id\":\"https:\/\/denizcankizil.tr\/de\/#organization\"},\"articleSection\":[\"G\u00fcndem\"],\"inLanguage\":\"en-GB\"},{\"@type\":\"WebPage\",\"@id\":\"https:\/\/denizcankizil.tr\/ru\/haberler\/gundem\/antalyadan-ali-koca-sosyal-medya-operasyonu-sahte-hesaplar-sikayet-edildi\/\",\"url\":\"https:\/\/denizcankizil.tr\/ru\/haberler\/gundem\/antalyadan-ali-koca-sosyal-medya-operasyonu-sahte-hesaplar-sikayet-edildi\/\",\"name\":\"Antalya\u2019dan Ali Ko\u00e7\u2019a sosyal medya operasyonu! Sahte hesaplar \u015fikayet edildi - Av. Deniz Can K\u0131z\u0131l\",\"isPartOf\":{\"@id\":\"https:\/\/denizcankizil.tr\/de\/#website\"},\"datePublished\":\"2025-05-28T05:41:18+00:00\",\"breadcrumb\":{\"@id\":\"https:\/\/denizcankizil.tr\/ru\/haberler\/gundem\/antalyadan-ali-koca-sosyal-medya-operasyonu-sahte-hesaplar-sikayet-edildi\/#breadcrumb\"},\"inLanguage\":\"en-GB\",\"potentialAction\":[{\"@type\":\"ReadAction\",\"target\":[\"https:\/\/denizcankizil.tr\/ru\/haberler\/gundem\/antalyadan-ali-koca-sosyal-medya-operasyonu-sahte-hesaplar-sikayet-edildi\/\"]}]},{\"@type\":\"BreadcrumbList\",\"@id\":\"https:\/\/denizcankizil.tr\/ru\/haberler\/gundem\/antalyadan-ali-koca-sosyal-medya-operasyonu-sahte-hesaplar-sikayet-edildi\/#breadcrumb\",\"itemListElement\":[{\"@type\":\"ListItem\",\"position\":1,\"name\":\"Home\",\"item\":\"https:\/\/denizcankizil.tr\/de\/\"},{\"@type\":\"ListItem\",\"position\":2,\"name\":\"Antalya\u2019dan Ali Ko\u00e7\u2019a sosyal medya operasyonu! Sahte hesaplar \u015fikayet edildi\"}]},{\"@type\":\"WebSite\",\"@id\":\"https:\/\/denizcankizil.tr\/de\/#website\",\"url\":\"https:\/\/denizcankizil.tr\/de\/\",\"name\":\"Av. Deniz Can K\u0131z\u0131l\",\"description\":\"Avukat Deniz Can K\u0131z\u0131l Antalya Barosu\",\"publisher\":{\"@id\":\"https:\/\/denizcankizil.tr\/de\/#organization\"},\"potentialAction\":[{\"@type\":\"SearchAction\",\"target\":{\"@type\":\"EntryPoint\",\"urlTemplate\":\"https:\/\/denizcankizil.tr\/de\/?s={search_term_string}\"},\"query-input\":{\"@type\":\"PropertyValueSpecification\",\"valueRequired\":true,\"valueName\":\"search_term_string\"}}],\"inLanguage\":\"en-GB\"},{\"@type\":\"Organization\",\"@id\":\"https:\/\/denizcankizil.tr\/de\/#organization\",\"name\":\"Av. Deniz Can K\u0131z\u0131l\",\"url\":\"https:\/\/denizcankizil.tr\/de\/\",\"logo\":{\"@type\":\"ImageObject\",\"inLanguage\":\"en-GB\",\"@id\":\"https:\/\/denizcankizil.tr\/de\/#\/schema\/logo\/image\/\",\"url\":\"https:\/\/denizcankizil.tr\/wp-content\/uploads\/2024\/10\/siyah-logo-svg.svg\",\"contentUrl\":\"https:\/\/denizcankizil.tr\/wp-content\/uploads\/2024\/10\/siyah-logo-svg.svg\",\"width\":1080,\"height\":1080,\"caption\":\"Av. Deniz Can K\u0131z\u0131l\"},\"image\":{\"@id\":\"https:\/\/denizcankizil.tr\/de\/#\/schema\/logo\/image\/\"}},{\"@type\":\"Person\",\"@id\":\"https:\/\/denizcankizil.tr\/de\/#\/schema\/person\/e1eb71bb4dd684d46563f0af307e1234\",\"name\":\"Antalya K\u00f6rfez\",\"image\":{\"@type\":\"ImageObject\",\"inLanguage\":\"en-GB\",\"@id\":\"https:\/\/denizcankizil.tr\/de\/#\/schema\/person\/image\/\",\"url\":\"https:\/\/secure.gravatar.com\/avatar\/42b01982558a48a0b501fdcab6a408d3717ea5919095ee2e67b0e521799c5905?s=96&d=mm&r=g\",\"contentUrl\":\"https:\/\/secure.gravatar.com\/avatar\/42b01982558a48a0b501fdcab6a408d3717ea5919095ee2e67b0e521799c5905?s=96&d=mm&r=g\",\"caption\":\"Antalya K\u00f6rfez\"},\"sameAs\":[\"http:\/\/www.antalyakorfez.com\"],\"url\":\"https:\/\/www.antalyakorfez.com\/antalyadan-ali-koca-sosyal-medya-operasyonu-sahte-hesaplar-sikayet-edildi\"}]}<\/script>\n<!-- \/ Yoast SEO Premium plugin. -->","yoast_head_json":{"title":"Antalya\u2019dan Ali Ko\u00e7\u2019a sosyal medya operasyonu! Sahte hesaplar \u015fikayet edildi - Av. Deniz Can K\u0131z\u0131l","robots":{"index":"index","follow":"follow","max-snippet":"max-snippet:-1","max-image-preview":"max-image-preview:large","max-video-preview":"max-video-preview:-1"},"canonical":"https:\/\/denizcankizil.tr\/en\/haberler\/gundem\/antalyadan-ali-koca-sosyal-medya-operasyonu-sahte-hesaplar-sikayet-edildi\/","og_locale":"en_GB","og_type":"article","og_title":"Antalya\u2019dan Ali Ko\u00e7\u2019a sosyal medya operasyonu! Sahte hesaplar \u015fikayet edildi","og_description":"Antalya\u2019da son g\u00fcnlerde Fenerbah\u00e7e Spor Kul\u00fcb\u00fc Ba\u015fkan\u0131 Ali Ko\u00e7\u2019a y\u00f6nelik payla\u015f\u0131mlar bir artt\u0131. \u00d6zellikle Ali Ko\u00e7\u2019un \u2018istifa etmesi\u2019 ve \u2018imza ile g\u00f6nderilmesine\u2019 y\u00f6nelik payla\u015f\u0131mlar\u0131 \u00f6ne \u00e7\u0131k\u0131yordu. Ya\u015fanan bu geli\u015fmeyle alakal\u0131 Akdeniz Fenerbah\u00e7eliler Derne\u011fi Ba\u015fkan\u0131 ve Fenerbah\u00e7e Denetim Kurulu \u00dcyesi Murat \u00dcnl\u00fc \u00f6nemli a\u00e7\u0131klamalarda bulundu. AL\u0130 KO\u00c7\u2019A SOSYAL MEDYA OPERASYONU Kendi derneklerinin ad\u0131n\u0131 kullanarak Ali Ko\u00e7\u2019a y\u00f6nelik yap\u0131lan payla\u015f\u0131mlar\u0131n sahte oldu\u011funu belirten \u00dcnl\u00fc, \u201cAntalya Fenerbah\u00e7eliler Derne\u011fi genelde bu kampanyalar\u0131 y\u00f6netiyor ama bu resmi bir hesap de\u011fil ve kul\u00fcp zaten bu olu\u015fum i\u00e7in \u015fikayette bulundu. Kul\u00fcp, hem isim hem de logo kullan\u0131m hakk\u0131n\u0131 \u00e7ekti\u011fi halde bu ki\u015filer hala kullan\u0131ma devam ediyorlar ve dolay\u0131s\u0131yla su\u00e7 i\u015fliyorlar. Bunun haricinde sosyal medyada \u00e7ok fazla fake (sahte) hesap \u00fczerinden Ali Ko\u00e7\u2019a ve Fenerbah\u00e7e\u2019ye y\u00f6nelik sahte payla\u015f\u0131mlar yap\u0131ld\u0131. Bizle de Savc\u0131l\u0131\u011fa gidip, bu payla\u015f\u0131mlar hakk\u0131nda su\u00e7 duyurusunda bulunduk\u201d dedi. AL\u0130 KO\u00c7\u2019A DESTEK Ali Ko\u00e7\u2019un Fenerbah\u00e7e\u2019ye \u00e7ok b\u00fcy\u00fck katk\u0131lar yapt\u0131\u011f\u0131na de\u011finen \u00dcnl\u00fc, \u201cBen son g\u00fcne kadar Ali Ko\u00e7\u2019un yan\u0131nday\u0131m. Yani tabi ki bizim \u00fcyelerimiz ve kongre \u00fcyelerimiz i\u00e7inde de fikir farkl\u0131\u011f\u0131nda olan insanlar var. Bizler dernek olarak \u00fcyelerimizin g\u00f6r\u00fc\u015flerine kar\u0131\u015fm\u0131yoruz. Zaten haddimize de de\u011fil bu. Ama genel olarak imza ile ba\u015fkan g\u00f6ndermek ho\u015f bir durum de\u011fil. \u00d6zellikle Ali Ko\u00e7 gibi birini\u2026 Genel kurulda kongre \u00fcyeleri karar verir. Bu &hellip;","og_url":"https:\/\/denizcankizil.tr\/en\/haberler\/gundem\/antalyadan-ali-koca-sosyal-medya-operasyonu-sahte-hesaplar-sikayet-edildi\/","og_site_name":"Av. Deniz Can K\u0131z\u0131l","article_published_time":"2025-05-28T05:41:18+00:00","author":"Antalya K\u00f6rfez","twitter_card":"summary_large_image","twitter_misc":{"Written by":"Antalya K\u00f6rfez","Estimated reading time":"4 minutes"},"schema":{"@context":"https:\/\/schema.org","@graph":[{"@type":"Article","@id":"https:\/\/denizcankizil.tr\/ru\/haberler\/gundem\/antalyadan-ali-koca-sosyal-medya-operasyonu-sahte-hesaplar-sikayet-edildi\/#article","isPartOf":{"@id":"https:\/\/denizcankizil.tr\/ru\/haberler\/gundem\/antalyadan-ali-koca-sosyal-medya-operasyonu-sahte-hesaplar-sikayet-edildi\/"},"author":{"name":"Antalya K\u00f6rfez","@id":"https:\/\/denizcankizil.tr\/de\/#\/schema\/person\/e1eb71bb4dd684d46563f0af307e1234"},"headline":"Antalya\u2019dan Ali Ko\u00e7\u2019a sosyal medya operasyonu! Sahte hesaplar \u015fikayet edildi","datePublished":"2025-05-28T05:41:18+00:00","mainEntityOfPage":{"@id":"https:\/\/denizcankizil.tr\/ru\/haberler\/gundem\/antalyadan-ali-koca-sosyal-medya-operasyonu-sahte-hesaplar-sikayet-edildi\/"},"wordCount":770,"publisher":{"@id":"https:\/\/denizcankizil.tr\/de\/#organization"},"articleSection":["G\u00fcndem"],"inLanguage":"en-GB"},{"@type":"WebPage","@id":"https:\/\/denizcankizil.tr\/ru\/haberler\/gundem\/antalyadan-ali-koca-sosyal-medya-operasyonu-sahte-hesaplar-sikayet-edildi\/","url":"https:\/\/denizcankizil.tr\/ru\/haberler\/gundem\/antalyadan-ali-koca-sosyal-medya-operasyonu-sahte-hesaplar-sikayet-edildi\/","name":"Antalya\u2019dan Ali Ko\u00e7\u2019a sosyal medya operasyonu! Sahte hesaplar \u015fikayet edildi - Av. Deniz Can K\u0131z\u0131l","isPartOf":{"@id":"https:\/\/denizcankizil.tr\/de\/#website"},"datePublished":"2025-05-28T05:41:18+00:00","breadcrumb":{"@id":"https:\/\/denizcankizil.tr\/ru\/haberler\/gundem\/antalyadan-ali-koca-sosyal-medya-operasyonu-sahte-hesaplar-sikayet-edildi\/#breadcrumb"},"inLanguage":"en-GB","potentialAction":[{"@type":"ReadAction","target":["https:\/\/denizcankizil.tr\/ru\/haberler\/gundem\/antalyadan-ali-koca-sosyal-medya-operasyonu-sahte-hesaplar-sikayet-edildi\/"]}]},{"@type":"BreadcrumbList","@id":"https:\/\/denizcankizil.tr\/ru\/haberler\/gundem\/antalyadan-ali-koca-sosyal-medya-operasyonu-sahte-hesaplar-sikayet-edildi\/#breadcrumb","itemListElement":[{"@type":"ListItem","position":1,"name":"Home","item":"https:\/\/denizcankizil.tr\/de\/"},{"@type":"ListItem","position":2,"name":"Antalya\u2019dan Ali Ko\u00e7\u2019a sosyal medya operasyonu! Sahte hesaplar \u015fikayet edildi"}]},{"@type":"WebSite","@id":"https:\/\/denizcankizil.tr\/de\/#website","url":"https:\/\/denizcankizil.tr\/de\/","name":"Av. Deniz Can K\u0131z\u0131l","description":"Avukat Deniz Can K\u0131z\u0131l Antalya Barosu","publisher":{"@id":"https:\/\/denizcankizil.tr\/de\/#organization"},"potentialAction":[{"@type":"SearchAction","target":{"@type":"EntryPoint","urlTemplate":"https:\/\/denizcankizil.tr\/de\/?s={search_term_string}"},"query-input":{"@type":"PropertyValueSpecification","valueRequired":true,"valueName":"search_term_string"}}],"inLanguage":"en-GB"},{"@type":"Organization","@id":"https:\/\/denizcankizil.tr\/de\/#organization","name":"Av. Deniz Can K\u0131z\u0131l","url":"https:\/\/denizcankizil.tr\/de\/","logo":{"@type":"ImageObject","inLanguage":"en-GB","@id":"https:\/\/denizcankizil.tr\/de\/#\/schema\/logo\/image\/","url":"https:\/\/denizcankizil.tr\/wp-content\/uploads\/2024\/10\/siyah-logo-svg.svg","contentUrl":"https:\/\/denizcankizil.tr\/wp-content\/uploads\/2024\/10\/siyah-logo-svg.svg","width":1080,"height":1080,"caption":"Av. Deniz Can K\u0131z\u0131l"},"image":{"@id":"https:\/\/denizcankizil.tr\/de\/#\/schema\/logo\/image\/"}},{"@type":"Person","@id":"https:\/\/denizcankizil.tr\/de\/#\/schema\/person\/e1eb71bb4dd684d46563f0af307e1234","name":"Antalya K\u00f6rfez","image":{"@type":"ImageObject","inLanguage":"en-GB","@id":"https:\/\/denizcankizil.tr\/de\/#\/schema\/person\/image\/","url":"https:\/\/secure.gravatar.com\/avatar\/42b01982558a48a0b501fdcab6a408d3717ea5919095ee2e67b0e521799c5905?s=96&d=mm&r=g","contentUrl":"https:\/\/secure.gravatar.com\/avatar\/42b01982558a48a0b501fdcab6a408d3717ea5919095ee2e67b0e521799c5905?s=96&d=mm&r=g","caption":"Antalya K\u00f6rfez"},"sameAs":["http:\/\/www.antalyakorfez.com"],"url":"https:\/\/www.antalyakorfez.com\/antalyadan-ali-koca-sosyal-medya-operasyonu-sahte-hesaplar-sikayet-edildi"}]}},"_links":{"self":[{"href":"https:\/\/denizcankizil.tr\/en\/wp-json\/wp\/v2\/posts\/99239","targetHints":{"allow":["GET"]}}],"collection":[{"href":"https:\/\/denizcankizil.tr\/en\/wp-json\/wp\/v2\/posts"}],"about":[{"href":"https:\/\/denizcankizil.tr\/en\/wp-json\/wp\/v2\/types\/post"}],"author":[{"embeddable":true,"href":"https:\/\/denizcankizil.tr\/en\/wp-json\/wp\/v2\/users\/5"}],"replies":[{"embeddable":true,"href":"https:\/\/denizcankizil.tr\/en\/wp-json\/wp\/v2\/comments?post=99239"}],"version-history":[{"count":0,"href":"https:\/\/denizcankizil.tr\/en\/wp-json\/wp\/v2\/posts\/99239\/revisions"}],"wp:attachment":[{"href":"https:\/\/denizcankizil.tr\/en\/wp-json\/wp\/v2\/media?parent=99239"}],"wp:term":[{"taxonomy":"category","embeddable":true,"href":"https:\/\/denizcankizil.tr\/en\/wp-json\/wp\/v2\/categories?post=99239"},{"taxonomy":"post_tag","embeddable":true,"href":"https:\/\/denizcankizil.tr\/en\/wp-json\/wp\/v2\/tags?post=99239"}],"curies":[{"name":"wp","href":"https:\/\/api.w.org\/{rel}","templated":true}]}}