{"id":9895,"date":"2024-10-29T14:41:38","date_gmt":"2024-10-29T11:41:38","guid":{"rendered":"https:\/\/denizcankizil.tr\/uncategorized-tr\/antalyada-cumhuriyet-coskusu-demir-bariyerli-kutlama\/"},"modified":"2024-10-29T14:41:38","modified_gmt":"2024-10-29T11:41:38","slug":"antalyada-cumhuriyet-coskusu-demir-bariyerli-kutlama","status":"publish","type":"post","link":"https:\/\/denizcankizil.tr\/en\/haberler\/gundem\/antalyada-cumhuriyet-coskusu-demir-bariyerli-kutlama\/","title":{"rendered":"Antalya\u2019da cumhuriyet co\u015fkusu! Demir bariyerli kutlama!"},"content":{"rendered":"<p>T\u00fcrkiye Cumhuriyeti&#8217;nin kurulu\u015funun 101\u2019inci y\u0131l d\u00f6n\u00fcm\u00fcnde etkinlikleri \u00e7er\u00e7evesinde Cumhuriyet Caddesi&#8217;nde resmi t\u00f6ren ger\u00e7ekle\u015ftirildi. Kutlamalar\u0131 takip etmek isteyen binlerce Antalyal\u0131 sabah erken saatlerde alana ko\u015ftu. Ellerinde T\u00fcrk bayraklar\u0131 ile sokaklara inen \u00e7ocuklar bayram co\u015fkusunu doyas\u0131ya ya\u015fad\u0131. \u00c7ok say\u0131da ki\u015fi de balkonlardan bayraklar\u0131n\u0131 sallayarak kutlamalara kat\u0131ld\u0131. \u00c7at\u0131larda ve balkonlarda ise \u00f6zel hareket polisleri g\u00f6rev ald\u0131. Di\u011fer taraftan yo\u011fun g\u00fcvenlik \u00f6nlemleri alt\u0131nda ger\u00e7ekle\u015ftirilen kutlama program\u0131nda vatanda\u015flar t\u00f6reni demir bariyerlerin arkas\u0131ndan takip etmek zorunda kald\u0131.\u00a0<\/p>\n<p>KENTTE BAYRAM CO\u015eKUSU\u00a0<\/p>\n<p>Antalya K\u00f6rfez Gazetesi muhabiri Ertu\u011frul G\u00fcn&#8217;\u00fcn haberine g\u00f6re; Antalya\u2019da cumhuriyetin 101. y\u0131ld\u00f6n\u00fcm\u00fc co\u015fkulu bir programla kutland\u0131. Antalya Valili\u011fi, Garnizon Komutanl\u0131\u011f\u0131 ve B\u00fcy\u00fck\u015fehir Belediye Ba\u015fkanl\u0131\u011f\u0131\u2019n\u0131n birlikte d\u00fczenledi\u011fi etkinliklerle 29 Ekim Cumhuriyet Bayram\u0131 co\u015fkusunu t\u00fcm \u015fehirde ya\u015fat\u0131ld\u0131. Program, ilk olarak cumhuriyet meydan\u0131nda \u00e7elenk sunma t\u00f6reni ile ba\u015flad\u0131. Cumhuriyet Meydan\u0131\u2019nda ba\u015flayan \u00e7elenk sunma t\u00f6reninde, Atat\u00fcrk An\u0131t\u0131\u2019na Valilik, Garnizon Komutanl\u0131\u011f\u0131 ve B\u00fcy\u00fck\u015fehir Belediye Ba\u015fkanl\u0131\u011f\u0131 taraf\u0131ndan \u00e7elenkler sunuldu. \u00a0<\/p>\n<p>DEM\u0130R BAR\u0130YERL\u0130 KUTLAMA<\/p>\n<p>Ard\u0131ndan ise cumhuriyet caddesinde resmi kutlama t\u00f6reni ger\u00e7ekle\u015ftirildi. Sayg\u0131 duru\u015fu ve \u0130stiklal Mar\u015f\u0131\u2019n\u0131n ard\u0131ndan ba\u015flayan etkinliklerle Antalya halk\u0131, Cumhuriyet\u2019in 101. y\u0131l\u0131n\u0131 co\u015fkuyla kutlad\u0131. Demir bariyerlerle \u00e7evrilen alana vatanda\u015flar \u00fczerleri aranarak girdi. Yo\u011fun g\u00fcvenlik \u00f6nlemleri alt\u0131nda ger\u00e7ekle\u015ftirilen kutlama program\u0131nda vatanda\u015flar t\u00f6reni demir bariyerlerin arkas\u0131ndan takip etmek zorunda kald\u0131. Bir\u00e7ok gazeteci ise kutlama alan\u0131na ula\u015fmakta zorluk ya\u015fad\u0131. T\u00f6rene Vali Hulusi \u015eahin, Antalya Milletvekilleri, Antalya B\u00fcy\u00fck\u015fehir Belediye Ba\u015fkan\u0131 Muhittin B\u00f6cek, Cumhuriyet Ba\u015fsavc\u0131s\u0131 Yakup Ali Kahveci, Vali Yard\u0131mc\u0131lar\u0131, \u0130l\u00e7e Kaymakamlar\u0131, Antalya \u0130l Jandarma Komutan\u0131 Tu\u011fgeneral Tar\u0131k Hekimo\u011flu, Sahil G\u00fcvenlik Antalya Grup Komutan\u0131 SG. Yarbay Tolga Co\u015fkun, Antalya \u0130l Emniyet M\u00fcd\u00fcr\u00fc \u0130lker Arslan, Siyasi Parti Temsilcileri, Sivil Toplum Kurulu\u015flar\u0131 temsilcileri ve binlerce vatanda\u015f kat\u0131ld\u0131.\u00a0<\/p>\n<p>G\u00d6VDE G\u00d6STER\u0130S\u0130<\/p>\n<p>Vali \u015eahin\u2019in konu\u015fmas\u0131n\u0131n ard\u0131ndan halk oyunlar\u0131 ekibi ve sporcular g\u00f6steriler yapt\u0131. Aksu P\u0131narl\u0131 Cumhuriyet Ortaokulu \u00f6\u011frencilerinin oynad\u0131\u011f\u0131 halk oyunlar\u0131 b\u00fcy\u00fck be\u011feni toplad\u0131. Kat\u0131l\u0131mc\u0131lar \u00f6\u011frencileri ayakta alk\u0131\u015flad\u0131. \u015eiirlerin de okundu\u011fu t\u00f6rende genci ya\u015fl\u0131s\u0131 herkes ellerinde T\u00fcrk bayraklar\u0131n\u0131 sallayarak co\u015fkuya ortak oldu. Etkinlik, okul, dernek, \u00fcniversite, \u00e7e\u015fitli kul\u00fcp, jandarma ve polis ekiplerinin ge\u00e7i\u015fiyle sona erdi. Havadan ise Sahil G\u00fcvenlik Komutanl\u0131\u011f\u0131 ve polis helikopteri y\u00fcr\u00fcyen ekiplere destek verdi. Komandolar\u0131n operasyon s\u0131ras\u0131nda kulland\u0131klar\u0131 kamuflaj k\u0131yafetleri ise t\u00f6rene damga vurdu. Binlerce Antalyal\u0131 ge\u00e7i\u015f t\u00f6renine kat\u0131lan askerlere ellerinde bulunan T\u00fcrk bayraklar\u0131n\u0131 sallayarak destek verdi.\u00a0<\/p>\n<p>BABALARIMIZIN ESER\u0130D\u0130R<\/p>\n<p>Cumhurba\u015fkan\u0131 Erdo\u011fan\u2019\u0131n mesaj\u0131n\u0131n ard\u0131ndan bir konu\u015fma ger\u00e7ekle\u015ftiren Antalya Valisi Hulusi \u015eahin, T\u00fcrkiye\u2019nin d\u00f6rt taraf\u0131 ate\u015fle kanla ve g\u00f6zya\u015f\u0131yla \u00e7epe\u00e7evre ku\u015fat\u0131lm\u0131\u015f bir co\u011frafyada 100 y\u0131ld\u0131r huzur ve g\u00fcven adas\u0131 olarak mevcudiyetini muhafaza etti\u011fine dikkat \u00e7ekti. T\u00fcrkiye\u2019nin bir as\u0131r \u00f6nce adeta bitmi\u015f ve t\u00fckenmi\u015f bir ulustan tekrar d\u00fcnyada s\u00f6z\u00fc ge\u00e7en hakk\u0131 hakikati vaaz eden zalimlerin y\u00fcz\u00fcne adaleti hayk\u0131ran h\u00fcr ve m\u00fcstakil bir devlet olarak tarih sahnesinde yerini ald\u0131\u011f\u0131n\u0131 ifade eden \u015eahin, \u201cBu b\u00fcy\u00fck ba\u015far\u0131n\u0131n s\u0131rr\u0131 cumhuriyetimizin kurucu de\u011ferlerinde T\u00fcrkiye Cumhuriyeti Devleti&#8217;nin \u00fczerinde y\u00fckseldi\u011fi temel felsefede gizlidir. Bu kurucu de\u011ferler istiklal harbini b\u00fcy\u00fck zaferle tamamlayan bu zafer \u00fczerine irfanla yeni devleti in\u015fa eden o b\u00fcy\u00fck ve \u015fanl\u0131 neslin kurucu babalar\u0131m\u0131z\u0131n eseridir. Bu de\u011ferlerin ilki millet tan\u0131m\u0131d\u0131r. 20. Y\u00fczy\u0131l\u0131n ilk yar\u0131s\u0131nda d\u00fcnyay\u0131 hakimiyeti alt\u0131na alan temel g\u00f6r\u00fc\u015f \u0131rk\u00e7\u0131, sald\u0131rgan, \u00f6tekile\u015ftirici bir millet tasavvuruydu. \u0130talya&#8217;da fa\u015fizm, Almanya&#8217;da nasyonal sosyalizm ve benzeri ideolojiler kendi \u0131rklar\u0131n\u0131 \u00fcst\u00fcn g\u00f6r\u00fcrler ve di\u011fer milletlerin kendilerine hizmet etmek \u00fczere yarat\u0131ld\u0131\u011f\u0131na inan\u0131rlar\u201d dedi.\u00a0<\/p>\n<p>HERKES T\u00dcRK\u2019T\u00dcR<\/p>\n<p>Bu d\u00fc\u015f\u00fcncelerin egemen oldu\u011fu devletlerin 20. y\u00fczy\u0131l\u0131n ilk yar\u0131s\u0131nda d\u00fcnyay\u0131 nas\u0131l felakete g\u00f6t\u00fcrd\u00fc\u011f\u00fcn\u00fc herkesin yak\u0131ndan bildi\u011fini ifade eden \u015eahin, \u201cBu ve benzeri zihniyetlerin h\u00e2kim oldu\u011fu o y\u0131llarda cumhuriyeti kuran irade ise B\u00fcy\u00fck Atat\u00fcrk&#8217;\u00fcn veciz ifadeleriyle \u015f\u00f6yle s\u00f6yl\u00fcyordu \u2018T\u00fcrkiye Cumhuriyeti&#8217;ni kuran T\u00fcrkiye halk\u0131na T\u00fcrk milleti denir.\u2019 Diyarbak\u0131rl\u0131, Vanl\u0131, Erzurumlu, Trabzonlu, \u0130stanbullu, Trakyal\u0131 ve Makedonyal\u0131 hep bir \u0131rk\u0131n evlatlar\u0131 hep ayn\u0131 cevherin damarlar\u0131d\u0131r. Bu kapsay\u0131c\u0131, kucaklay\u0131c\u0131, ortak k\u00fclt\u00fcr, ortak tarih ve ortak gelecek tasavvuru etraf\u0131nda birle\u015ftiren millet anlay\u0131\u015f\u0131 1924&#8217;ten itibaren anayasalar\u0131m\u0131zda da yerini alm\u0131\u015ft\u0131r. Halen y\u00fcr\u00fcrl\u00fckte olan ve hepimizin sadakat yemini etti\u011fimiz Anayasam\u0131z\u0131n 66. Maddesi kimlik tart\u0131\u015fmalar\u0131na son noktay\u0131 koyuyor T\u00fcrk devletine vatanda\u015fl\u0131k ba\u011f\u0131yla ba\u011fl\u0131 olan herkes T\u00fcrk\u2019t\u00fcr\u201d ifadelerine yer verdi.\u00a0<\/p>\n<p>ANAYASA VURGUSU<\/p>\n<p>T\u00fcrkiye devletinin \u00fczerine in\u015fa edildi\u011fi di\u011fer bir temel kaide ise milli irade anlay\u0131\u015f\u0131 oldu\u011funu hat\u0131rlatan \u015eahin, \u201cHat\u0131rlay\u0131n\u0131z milli m\u00fccadele \u015fu c\u00fcmle ile ba\u015flam\u0131\u015ft\u0131. \u2018Milletin istiklalini yine milletin azim ve karar\u0131 kurtaracak.\u2019 Bu anlay\u0131\u015f ile yola \u00e7\u0131kan Mustafa Kemal ve arkada\u015flar\u0131 \u00f6ncelikle Ankara&#8217;da Millet Meclisi&#8217;ni kurdular. \u0130\u015fte o Gazi Meclisi sayesinde d\u00f6rt taraf\u0131, d\u00f6rt tarafa da\u011f\u0131lm\u0131\u015f milli kuvvetler bir araya geldi. \u00d6nce d\u00fczenli ordu kuruldu, istiklal harbi kazan\u0131ld\u0131 ve ard\u0131ndan Cumhuriyet ilan edildi. Milli iradenin tecelligah\u0131 T\u00fcrkiye B\u00fcy\u00fck Millet Meclisi&#8217;dir. Hi\u00e7bir ki\u015fi ve z\u00fcmreye imtiyaz verilemez. \u0130\u015fte bu hakimiyet kay\u0131ts\u0131z \u015farts\u0131z milletindir anlay\u0131\u015f\u0131n\u0131n sonucu olarak cumhuriyetimiz kuruldu. Ve anayasada ifadesini bulan temel nitelikler ile ta\u00e7land\u0131r\u0131ld\u0131. Bu nitelikler sosyal devlet, hukuk devleti, laiklik, demokrasi, adalet toplum huzuru Atat\u00fcrk milliyet\u00e7ili\u011fi ve insan haklar\u0131 gibi Anayasam\u0131z\u0131n 2. maddesinde say\u0131lan de\u011fi\u015ftirilemez niteliklerdir\u201d dedi.\u00a0<\/p>\n<p>\u201cNE MUTLU T\u00dcRK\u00dcM D\u0130YENE\u201d<\/p>\n<p>Vali \u015eahin konu\u015fmas\u0131na \u015f\u00f6yle devam etti: \u201cSaymaya ba\u015flam\u0131\u015fken de\u011fi\u015ftirilemez ve de\u011fi\u015ftirilmesi teklif edilemez h\u00fck\u00fcmleri di\u011fer h\u00fck\u00fcmleri de belirtmeden ge\u00e7emeyece\u011fim T\u00fcrkiye devleti \u00fclkesi ve milleti ile b\u00f6l\u00fcnmez bir b\u00fct\u00fcnd\u00fcr dili T\u00fcrk\u00e7edir bayra\u011f\u0131 ay y\u0131ld\u0131zl\u0131 al bayrakt\u0131r milli mar\u015f\u0131 istiklal mar\u015f\u0131d\u0131r ba\u015fkenti Ankara&#8217;d\u0131r. De\u011ferli karde\u015flerim bu h\u00fck\u00fcmlerin koruyucusu her \u015feyden ve herkesten \u00f6nce b\u00fcy\u00fck T\u00fcrk milletidir. Milletimizin her bir ferdi bu de\u011ferlerin koruyucusu ve y\u0131lmaz savunucusudur. Nitekim 40 y\u0131ld\u0131r binlerce evlad\u0131m\u0131z\u0131 elimizden alan b\u00fcy\u00fck ekonomik ve sosyal kay\u0131plara neden olan b\u00f6l\u00fcc\u00fc ter\u00f6r bizi birbirimize d\u00fc\u015f\u00fcremediyse bunun sebebi bizim millet tasavvurumuzun sa\u011fland\u0131\u011f\u0131 milletimizin feraseti ve y\u00fcksek idrak kabiliyetidir. En son olarak \u015funu ifade etmek isterim bundan bir hafta kadar \u00f6nce hepimizin gurur kayna\u011f\u0131 bu co\u011frafyada \u00f6zg\u00fcrce ya\u015famam\u0131z\u0131n garantisi olan milli savunma sanayimizin g\u00f6z bebe\u011fi bir kurulu\u015fumuza TUSA\u015e\u2019\u0131m\u0131za b\u00f6l\u00fcc\u00fc ter\u00f6ristler taraf\u0131ndan hain bir sald\u0131r\u0131 yap\u0131ld\u0131. 5 vatan evlad\u0131n\u0131 yitirdi\u011fimiz bu al\u00e7ak sald\u0131r\u0131dan hemen sonra \u00e7al\u0131\u015fma arkada\u015flar\u0131n\u0131 \u015fehit veren m\u00fchendislerimizin d\u00fcnyaya hayk\u0131r\u0131\u015f\u0131 manidard\u0131r. Hainlere inat daha fazla \u00e7al\u0131\u015faca\u011f\u0131z, daha fazla \u00fcretece\u011fiz. Biz de buradan Antalya Cumhuriyet Meydan\u0131&#8217;ndan hayk\u0131r\u0131yoruz. T\u00fcrkiye d\u00fc\u015fmanlar\u0131na ve onlar\u0131n i\u00e7imizdeki i\u015fbirlik\u00e7ilerine inat daha \u00e7ok \u00e7al\u0131\u015faca\u011f\u0131z, daha \u00e7ok \u00fcretece\u011fiz b\u00f6l\u00fcc\u00fclere inat daha \u00e7ok birle\u015fece\u011fiz, birle\u015ftik\u00e7e g\u00fc\u00e7lenece\u011fiz. Bir ve b\u00fcy\u00fck olaca\u011f\u0131z. Gelece\u011fin T\u00fcrk Y\u00fczy\u0131l\u0131n\u0131 birlikte in\u015fa edece\u011fiz. Yar\u0131n elbet bizim elbet bizimdir g\u00fcn do\u011fmu\u015f g\u00fcn batm\u0131\u015f ebet bizimdir. Ne mutlu T\u00fcrk&#8217;\u00fcm diyene.\u201d<\/p>\n<p>FENER ALAYI \u0130LE Z\u0130RVE<\/p>\n<p>Kepez Belediyesi taraf\u0131ndan d\u00fczenlenecek olan \u201c101. Y\u0131la \u00d6zel 101 Eser Cumhuriyet Sergisi\u201d ise Dokumapark\/Kepez\u2019de saat 13.00\u2019te ziyaret\u00e7ilere a\u00e7\u0131ld\u0131. Ak\u015fam saatlerinde ise Antalya B\u00fcy\u00fck\u015fehir Belediyesi taraf\u0131ndan d\u00fczenlenen \u201cFener Alay\u0131 ve Cumhuriyetimizin 101. Y\u0131l\u0131 Konseri\u201d ile Cumhuriyet Bayram\u0131 co\u015fkusu doruk noktas\u0131na ula\u015facak. Varyantlar\u2019da ba\u015flayan y\u00fcr\u00fcy\u00fc\u015f, Cumhuriyet Meydan\u0131\u2019nda sona erecek. Kutlamalar, \u00e7ar\u015famba g\u00fcn\u00fc Akdeniz \u00dcniversitesi Edebiyat Fak\u00fcltesi Bumin Ka\u011fan Konferans Salonu\u2019nda, saat 12.00\u2019de ger\u00e7ekle\u015ftirilecek \u201cCumhuriyet Kavram\u0131n\u0131n Tarihsel \u00d6nemi ve Toplumsal Belle\u011fimizdeki Yeri\u201d ba\u015fl\u0131kl\u0131 konferans ile sona erecek.<\/p>\n<p>GURURLUYUM<\/p>\n<p>Kutlama programlar\u0131n\u0131 yak\u0131ndan takip eden Sefa \u00c7ak\u0131r, \u201cBug\u00fcnleri g\u00f6ren bir nesil olarak \u00e7ok mutluyum. Sabah erkenden bayram havas\u0131 ile uyand\u0131m. \u015eehrin her yerinde cumhuriyet co\u015fkusu var. Bu \u00fclkede ya\u015famaktan bu \u00fclkenin bir evlad\u0131 olmaktan gurur duyuyorum. 1 as\u0131r evvel kurulan cumhuriyetimiz ilelebet ya\u015fayacak. Biz her zaman onun koruyucusu olaca\u011f\u0131z\u201d dedi.<\/p>\n<p>\u00a0<\/p>\n<p>\u200bAntalya\u2019da cumhuriyetin 101. y\u0131ld\u00f6n\u00fcm\u00fc co\u015fkulu bir \u015fekilde kutlanmaya devam ediyor. Kutlamalar\u0131 takip etmek isteyen binlerce vatanda\u015f sabah erken saatlerde alana ko\u015ftu.  Yo\u011fun g\u00fcvenlik \u00f6nlemleri sebebiyle vatanda\u015flar t\u00f6reni demir bariyerlerin arkas\u0131ndan takip etmek zorunda kald\u0131\u00a0<\/p>\n<p>\u200bHaberin Al\u0131nt\u0131land\u0131\u011f\u0131 Kaynak: www.antalyakorfez.com<\/p>","protected":false},"excerpt":{"rendered":"<p>T\u00fcrkiye Cumhuriyeti&#8217;nin kurulu\u015funun 101\u2019inci y\u0131l d\u00f6n\u00fcm\u00fcnde etkinlikleri \u00e7er\u00e7evesinde Cumhuriyet Caddesi&#8217;nde resmi t\u00f6ren ger\u00e7ekle\u015ftirildi. Kutlamalar\u0131 takip etmek isteyen binlerce Antalyal\u0131 sabah erken saatlerde alana ko\u015ftu. Ellerinde T\u00fcrk bayraklar\u0131 ile sokaklara inen \u00e7ocuklar bayram co\u015fkusunu doyas\u0131ya ya\u015fad\u0131. \u00c7ok say\u0131da ki\u015fi de balkonlardan bayraklar\u0131n\u0131 sallayarak kutlamalara kat\u0131ld\u0131. \u00c7at\u0131larda ve balkonlarda ise \u00f6zel hareket polisleri g\u00f6rev ald\u0131. Di\u011fer taraftan yo\u011fun g\u00fcvenlik \u00f6nlemleri alt\u0131nda ger\u00e7ekle\u015ftirilen kutlama program\u0131nda vatanda\u015flar t\u00f6reni demir bariyerlerin arkas\u0131ndan takip etmek zorunda kald\u0131.\u00a0 KENTTE BAYRAM CO\u015eKUSU\u00a0 Antalya K\u00f6rfez Gazetesi muhabiri Ertu\u011frul G\u00fcn&#8217;\u00fcn haberine g\u00f6re; Antalya\u2019da cumhuriyetin 101. y\u0131ld\u00f6n\u00fcm\u00fc co\u015fkulu bir programla kutland\u0131. Antalya Valili\u011fi, Garnizon Komutanl\u0131\u011f\u0131 ve B\u00fcy\u00fck\u015fehir Belediye Ba\u015fkanl\u0131\u011f\u0131\u2019n\u0131n birlikte d\u00fczenledi\u011fi etkinliklerle 29 Ekim Cumhuriyet Bayram\u0131 co\u015fkusunu t\u00fcm \u015fehirde ya\u015fat\u0131ld\u0131. Program, ilk olarak cumhuriyet meydan\u0131nda \u00e7elenk sunma t\u00f6reni ile ba\u015flad\u0131. Cumhuriyet Meydan\u0131\u2019nda ba\u015flayan \u00e7elenk sunma t\u00f6reninde, Atat\u00fcrk An\u0131t\u0131\u2019na Valilik, Garnizon Komutanl\u0131\u011f\u0131 ve B\u00fcy\u00fck\u015fehir Belediye Ba\u015fkanl\u0131\u011f\u0131 taraf\u0131ndan \u00e7elenkler sunuldu. \u00a0 DEM\u0130R BAR\u0130YERL\u0130 KUTLAMA Ard\u0131ndan ise cumhuriyet caddesinde resmi kutlama t\u00f6reni ger\u00e7ekle\u015ftirildi. Sayg\u0131 duru\u015fu ve \u0130stiklal Mar\u015f\u0131\u2019n\u0131n ard\u0131ndan ba\u015flayan etkinliklerle Antalya halk\u0131, Cumhuriyet\u2019in 101. y\u0131l\u0131n\u0131 co\u015fkuyla kutlad\u0131. Demir bariyerlerle \u00e7evrilen alana vatanda\u015flar \u00fczerleri aranarak girdi. Yo\u011fun g\u00fcvenlik \u00f6nlemleri alt\u0131nda ger\u00e7ekle\u015ftirilen kutlama program\u0131nda vatanda\u015flar t\u00f6reni demir bariyerlerin arkas\u0131ndan takip etmek zorunda kald\u0131. Bir\u00e7ok gazeteci ise kutlama alan\u0131na ula\u015fmakta zorluk ya\u015fad\u0131. T\u00f6rene Vali Hulusi \u015eahin, &hellip;<\/p>","protected":false},"author":0,"featured_media":0,"comment_status":"open","ping_status":"open","sticky":false,"template":"","format":"standard","meta":{"_acf_changed":false,"footnotes":""},"categories":[24,535],"tags":[],"class_list":["post-9895","post","type-post","status-publish","format-standard","has-post-thumbnail","hentry","category-gundem","category-uncategorized-tr"],"acf":[],"yoast_head":"<!-- This site is optimized with the Yoast SEO Premium plugin v26.6 (Yoast SEO v27.1.1) - https:\/\/yoast.com\/product\/yoast-seo-premium-wordpress\/ -->\n<title>Antalya\u2019da cumhuriyet co\u015fkusu! Demir bariyerli kutlama! - Av. Deniz Can K\u0131z\u0131l<\/title>\n<meta name=\"robots\" content=\"index, follow, max-snippet:-1, max-image-preview:large, max-video-preview:-1\" \/>\n<link rel=\"canonical\" href=\"https:\/\/denizcankizil.tr\/en\/haberler\/gundem\/antalyada-cumhuriyet-coskusu-demir-bariyerli-kutlama\/\" \/>\n<meta property=\"og:locale\" content=\"en_GB\" \/>\n<meta property=\"og:type\" content=\"article\" \/>\n<meta property=\"og:title\" content=\"Antalya\u2019da cumhuriyet co\u015fkusu! Demir bariyerli kutlama!\" \/>\n<meta property=\"og:description\" content=\"T\u00fcrkiye Cumhuriyeti&#8217;nin kurulu\u015funun 101\u2019inci y\u0131l d\u00f6n\u00fcm\u00fcnde etkinlikleri \u00e7er\u00e7evesinde Cumhuriyet Caddesi&#8217;nde resmi t\u00f6ren ger\u00e7ekle\u015ftirildi. Kutlamalar\u0131 takip etmek isteyen binlerce Antalyal\u0131 sabah erken saatlerde alana ko\u015ftu. Ellerinde T\u00fcrk bayraklar\u0131 ile sokaklara inen \u00e7ocuklar bayram co\u015fkusunu doyas\u0131ya ya\u015fad\u0131. \u00c7ok say\u0131da ki\u015fi de balkonlardan bayraklar\u0131n\u0131 sallayarak kutlamalara kat\u0131ld\u0131. \u00c7at\u0131larda ve balkonlarda ise \u00f6zel hareket polisleri g\u00f6rev ald\u0131. Di\u011fer taraftan yo\u011fun g\u00fcvenlik \u00f6nlemleri alt\u0131nda ger\u00e7ekle\u015ftirilen kutlama program\u0131nda vatanda\u015flar t\u00f6reni demir bariyerlerin arkas\u0131ndan takip etmek zorunda kald\u0131.\u00a0 KENTTE BAYRAM CO\u015eKUSU\u00a0 Antalya K\u00f6rfez Gazetesi muhabiri Ertu\u011frul G\u00fcn&#8217;\u00fcn haberine g\u00f6re; Antalya\u2019da cumhuriyetin 101. y\u0131ld\u00f6n\u00fcm\u00fc co\u015fkulu bir programla kutland\u0131. Antalya Valili\u011fi, Garnizon Komutanl\u0131\u011f\u0131 ve B\u00fcy\u00fck\u015fehir Belediye Ba\u015fkanl\u0131\u011f\u0131\u2019n\u0131n birlikte d\u00fczenledi\u011fi etkinliklerle 29 Ekim Cumhuriyet Bayram\u0131 co\u015fkusunu t\u00fcm \u015fehirde ya\u015fat\u0131ld\u0131. Program, ilk olarak cumhuriyet meydan\u0131nda \u00e7elenk sunma t\u00f6reni ile ba\u015flad\u0131. Cumhuriyet Meydan\u0131\u2019nda ba\u015flayan \u00e7elenk sunma t\u00f6reninde, Atat\u00fcrk An\u0131t\u0131\u2019na Valilik, Garnizon Komutanl\u0131\u011f\u0131 ve B\u00fcy\u00fck\u015fehir Belediye Ba\u015fkanl\u0131\u011f\u0131 taraf\u0131ndan \u00e7elenkler sunuldu. \u00a0 DEM\u0130R BAR\u0130YERL\u0130 KUTLAMA Ard\u0131ndan ise cumhuriyet caddesinde resmi kutlama t\u00f6reni ger\u00e7ekle\u015ftirildi. Sayg\u0131 duru\u015fu ve \u0130stiklal Mar\u015f\u0131\u2019n\u0131n ard\u0131ndan ba\u015flayan etkinliklerle Antalya halk\u0131, Cumhuriyet\u2019in 101. y\u0131l\u0131n\u0131 co\u015fkuyla kutlad\u0131. Demir bariyerlerle \u00e7evrilen alana vatanda\u015flar \u00fczerleri aranarak girdi. Yo\u011fun g\u00fcvenlik \u00f6nlemleri alt\u0131nda ger\u00e7ekle\u015ftirilen kutlama program\u0131nda vatanda\u015flar t\u00f6reni demir bariyerlerin arkas\u0131ndan takip etmek zorunda kald\u0131. Bir\u00e7ok gazeteci ise kutlama alan\u0131na ula\u015fmakta zorluk ya\u015fad\u0131. T\u00f6rene Vali Hulusi \u015eahin, &hellip;\" \/>\n<meta property=\"og:url\" content=\"https:\/\/denizcankizil.tr\/en\/haberler\/gundem\/antalyada-cumhuriyet-coskusu-demir-bariyerli-kutlama\/\" \/>\n<meta property=\"og:site_name\" content=\"Av. Deniz Can K\u0131z\u0131l\" \/>\n<meta property=\"article:published_time\" content=\"2024-10-29T11:41:38+00:00\" \/>\n<meta name=\"twitter:card\" content=\"summary_large_image\" \/>\n<meta name=\"twitter:label1\" content=\"Estimated reading time\" \/>\n\t<meta name=\"twitter:data1\" content=\"8 minutes\" \/>\n<script type=\"application\/ld+json\" class=\"yoast-schema-graph\">{\"@context\":\"https:\/\/schema.org\",\"@graph\":[{\"@type\":\"Article\",\"@id\":\"https:\/\/denizcankizil.tr\/de\/haberler\/gundem\/antalyada-cumhuriyet-coskusu-demir-bariyerli-kutlama\/#article\",\"isPartOf\":{\"@id\":\"https:\/\/denizcankizil.tr\/de\/haberler\/gundem\/antalyada-cumhuriyet-coskusu-demir-bariyerli-kutlama\/\"},\"author\":{\"name\":\"\",\"@id\":\"\"},\"headline\":\"Antalya\u2019da cumhuriyet co\u015fkusu! Demir bariyerli kutlama!\",\"datePublished\":\"2024-10-29T11:41:38+00:00\",\"mainEntityOfPage\":{\"@id\":\"https:\/\/denizcankizil.tr\/de\/haberler\/gundem\/antalyada-cumhuriyet-coskusu-demir-bariyerli-kutlama\/\"},\"wordCount\":1642,\"commentCount\":0,\"publisher\":{\"@id\":\"https:\/\/denizcankizil.tr\/#organization\"},\"articleSection\":[\"G\u00fcndem\",\"Uncategorized\"],\"inLanguage\":\"en-GB\",\"potentialAction\":[{\"@type\":\"CommentAction\",\"name\":\"Comment\",\"target\":[\"https:\/\/denizcankizil.tr\/de\/haberler\/gundem\/antalyada-cumhuriyet-coskusu-demir-bariyerli-kutlama\/#respond\"]}]},{\"@type\":\"WebPage\",\"@id\":\"https:\/\/denizcankizil.tr\/de\/haberler\/gundem\/antalyada-cumhuriyet-coskusu-demir-bariyerli-kutlama\/\",\"url\":\"https:\/\/denizcankizil.tr\/de\/haberler\/gundem\/antalyada-cumhuriyet-coskusu-demir-bariyerli-kutlama\/\",\"name\":\"Antalya\u2019da cumhuriyet co\u015fkusu! Demir bariyerli kutlama! - Av. Deniz Can K\u0131z\u0131l\",\"isPartOf\":{\"@id\":\"https:\/\/denizcankizil.tr\/#website\"},\"datePublished\":\"2024-10-29T11:41:38+00:00\",\"breadcrumb\":{\"@id\":\"https:\/\/denizcankizil.tr\/de\/haberler\/gundem\/antalyada-cumhuriyet-coskusu-demir-bariyerli-kutlama\/#breadcrumb\"},\"inLanguage\":\"en-GB\",\"potentialAction\":[{\"@type\":\"ReadAction\",\"target\":[\"https:\/\/denizcankizil.tr\/de\/haberler\/gundem\/antalyada-cumhuriyet-coskusu-demir-bariyerli-kutlama\/\"]}]},{\"@type\":\"BreadcrumbList\",\"@id\":\"https:\/\/denizcankizil.tr\/de\/haberler\/gundem\/antalyada-cumhuriyet-coskusu-demir-bariyerli-kutlama\/#breadcrumb\",\"itemListElement\":[{\"@type\":\"ListItem\",\"position\":1,\"name\":\"Home\",\"item\":\"https:\/\/denizcankizil.tr\/de\/\"},{\"@type\":\"ListItem\",\"position\":2,\"name\":\"Antalya\u2019da cumhuriyet co\u015fkusu! Demir bariyerli kutlama!\"}]},{\"@type\":\"WebSite\",\"@id\":\"https:\/\/denizcankizil.tr\/#website\",\"url\":\"https:\/\/denizcankizil.tr\/\",\"name\":\"Av. Deniz Can K\u0131z\u0131l\",\"description\":\"Avukat Deniz Can K\u0131z\u0131l Antalya Barosu\",\"publisher\":{\"@id\":\"https:\/\/denizcankizil.tr\/#organization\"},\"potentialAction\":[{\"@type\":\"SearchAction\",\"target\":{\"@type\":\"EntryPoint\",\"urlTemplate\":\"https:\/\/denizcankizil.tr\/?s={search_term_string}\"},\"query-input\":{\"@type\":\"PropertyValueSpecification\",\"valueRequired\":true,\"valueName\":\"search_term_string\"}}],\"inLanguage\":\"en-GB\"},{\"@type\":\"Organization\",\"@id\":\"https:\/\/denizcankizil.tr\/#organization\",\"name\":\"Av. Deniz Can K\u0131z\u0131l\",\"url\":\"https:\/\/denizcankizil.tr\/\",\"logo\":{\"@type\":\"ImageObject\",\"inLanguage\":\"en-GB\",\"@id\":\"https:\/\/denizcankizil.tr\/#\/schema\/logo\/image\/\",\"url\":\"https:\/\/denizcankizil.tr\/wp-content\/uploads\/2024\/10\/siyah-logo-svg.svg\",\"contentUrl\":\"https:\/\/denizcankizil.tr\/wp-content\/uploads\/2024\/10\/siyah-logo-svg.svg\",\"width\":1080,\"height\":1080,\"caption\":\"Av. Deniz Can K\u0131z\u0131l\"},\"image\":{\"@id\":\"https:\/\/denizcankizil.tr\/#\/schema\/logo\/image\/\"}}]}<\/script>\n<!-- \/ Yoast SEO Premium plugin. -->","yoast_head_json":{"title":"Antalya\u2019da cumhuriyet co\u015fkusu! Demir bariyerli kutlama! - Av. Deniz Can K\u0131z\u0131l","robots":{"index":"index","follow":"follow","max-snippet":"max-snippet:-1","max-image-preview":"max-image-preview:large","max-video-preview":"max-video-preview:-1"},"canonical":"https:\/\/denizcankizil.tr\/en\/haberler\/gundem\/antalyada-cumhuriyet-coskusu-demir-bariyerli-kutlama\/","og_locale":"en_GB","og_type":"article","og_title":"Antalya\u2019da cumhuriyet co\u015fkusu! Demir bariyerli kutlama!","og_description":"T\u00fcrkiye Cumhuriyeti&#8217;nin kurulu\u015funun 101\u2019inci y\u0131l d\u00f6n\u00fcm\u00fcnde etkinlikleri \u00e7er\u00e7evesinde Cumhuriyet Caddesi&#8217;nde resmi t\u00f6ren ger\u00e7ekle\u015ftirildi. Kutlamalar\u0131 takip etmek isteyen binlerce Antalyal\u0131 sabah erken saatlerde alana ko\u015ftu. Ellerinde T\u00fcrk bayraklar\u0131 ile sokaklara inen \u00e7ocuklar bayram co\u015fkusunu doyas\u0131ya ya\u015fad\u0131. \u00c7ok say\u0131da ki\u015fi de balkonlardan bayraklar\u0131n\u0131 sallayarak kutlamalara kat\u0131ld\u0131. \u00c7at\u0131larda ve balkonlarda ise \u00f6zel hareket polisleri g\u00f6rev ald\u0131. Di\u011fer taraftan yo\u011fun g\u00fcvenlik \u00f6nlemleri alt\u0131nda ger\u00e7ekle\u015ftirilen kutlama program\u0131nda vatanda\u015flar t\u00f6reni demir bariyerlerin arkas\u0131ndan takip etmek zorunda kald\u0131.\u00a0 KENTTE BAYRAM CO\u015eKUSU\u00a0 Antalya K\u00f6rfez Gazetesi muhabiri Ertu\u011frul G\u00fcn&#8217;\u00fcn haberine g\u00f6re; Antalya\u2019da cumhuriyetin 101. y\u0131ld\u00f6n\u00fcm\u00fc co\u015fkulu bir programla kutland\u0131. Antalya Valili\u011fi, Garnizon Komutanl\u0131\u011f\u0131 ve B\u00fcy\u00fck\u015fehir Belediye Ba\u015fkanl\u0131\u011f\u0131\u2019n\u0131n birlikte d\u00fczenledi\u011fi etkinliklerle 29 Ekim Cumhuriyet Bayram\u0131 co\u015fkusunu t\u00fcm \u015fehirde ya\u015fat\u0131ld\u0131. Program, ilk olarak cumhuriyet meydan\u0131nda \u00e7elenk sunma t\u00f6reni ile ba\u015flad\u0131. Cumhuriyet Meydan\u0131\u2019nda ba\u015flayan \u00e7elenk sunma t\u00f6reninde, Atat\u00fcrk An\u0131t\u0131\u2019na Valilik, Garnizon Komutanl\u0131\u011f\u0131 ve B\u00fcy\u00fck\u015fehir Belediye Ba\u015fkanl\u0131\u011f\u0131 taraf\u0131ndan \u00e7elenkler sunuldu. \u00a0 DEM\u0130R BAR\u0130YERL\u0130 KUTLAMA Ard\u0131ndan ise cumhuriyet caddesinde resmi kutlama t\u00f6reni ger\u00e7ekle\u015ftirildi. Sayg\u0131 duru\u015fu ve \u0130stiklal Mar\u015f\u0131\u2019n\u0131n ard\u0131ndan ba\u015flayan etkinliklerle Antalya halk\u0131, Cumhuriyet\u2019in 101. y\u0131l\u0131n\u0131 co\u015fkuyla kutlad\u0131. Demir bariyerlerle \u00e7evrilen alana vatanda\u015flar \u00fczerleri aranarak girdi. Yo\u011fun g\u00fcvenlik \u00f6nlemleri alt\u0131nda ger\u00e7ekle\u015ftirilen kutlama program\u0131nda vatanda\u015flar t\u00f6reni demir bariyerlerin arkas\u0131ndan takip etmek zorunda kald\u0131. Bir\u00e7ok gazeteci ise kutlama alan\u0131na ula\u015fmakta zorluk ya\u015fad\u0131. T\u00f6rene Vali Hulusi \u015eahin, &hellip;","og_url":"https:\/\/denizcankizil.tr\/en\/haberler\/gundem\/antalyada-cumhuriyet-coskusu-demir-bariyerli-kutlama\/","og_site_name":"Av. Deniz Can K\u0131z\u0131l","article_published_time":"2024-10-29T11:41:38+00:00","twitter_card":"summary_large_image","twitter_misc":{"Estimated reading time":"8 minutes"},"schema":{"@context":"https:\/\/schema.org","@graph":[{"@type":"Article","@id":"https:\/\/denizcankizil.tr\/de\/haberler\/gundem\/antalyada-cumhuriyet-coskusu-demir-bariyerli-kutlama\/#article","isPartOf":{"@id":"https:\/\/denizcankizil.tr\/de\/haberler\/gundem\/antalyada-cumhuriyet-coskusu-demir-bariyerli-kutlama\/"},"author":{"name":"","@id":""},"headline":"Antalya\u2019da cumhuriyet co\u015fkusu! Demir bariyerli kutlama!","datePublished":"2024-10-29T11:41:38+00:00","mainEntityOfPage":{"@id":"https:\/\/denizcankizil.tr\/de\/haberler\/gundem\/antalyada-cumhuriyet-coskusu-demir-bariyerli-kutlama\/"},"wordCount":1642,"commentCount":0,"publisher":{"@id":"https:\/\/denizcankizil.tr\/#organization"},"articleSection":["G\u00fcndem","Uncategorized"],"inLanguage":"en-GB","potentialAction":[{"@type":"CommentAction","name":"Comment","target":["https:\/\/denizcankizil.tr\/de\/haberler\/gundem\/antalyada-cumhuriyet-coskusu-demir-bariyerli-kutlama\/#respond"]}]},{"@type":"WebPage","@id":"https:\/\/denizcankizil.tr\/de\/haberler\/gundem\/antalyada-cumhuriyet-coskusu-demir-bariyerli-kutlama\/","url":"https:\/\/denizcankizil.tr\/de\/haberler\/gundem\/antalyada-cumhuriyet-coskusu-demir-bariyerli-kutlama\/","name":"Antalya\u2019da cumhuriyet co\u015fkusu! Demir bariyerli kutlama! - Av. Deniz Can K\u0131z\u0131l","isPartOf":{"@id":"https:\/\/denizcankizil.tr\/#website"},"datePublished":"2024-10-29T11:41:38+00:00","breadcrumb":{"@id":"https:\/\/denizcankizil.tr\/de\/haberler\/gundem\/antalyada-cumhuriyet-coskusu-demir-bariyerli-kutlama\/#breadcrumb"},"inLanguage":"en-GB","potentialAction":[{"@type":"ReadAction","target":["https:\/\/denizcankizil.tr\/de\/haberler\/gundem\/antalyada-cumhuriyet-coskusu-demir-bariyerli-kutlama\/"]}]},{"@type":"BreadcrumbList","@id":"https:\/\/denizcankizil.tr\/de\/haberler\/gundem\/antalyada-cumhuriyet-coskusu-demir-bariyerli-kutlama\/#breadcrumb","itemListElement":[{"@type":"ListItem","position":1,"name":"Home","item":"https:\/\/denizcankizil.tr\/de\/"},{"@type":"ListItem","position":2,"name":"Antalya\u2019da cumhuriyet co\u015fkusu! Demir bariyerli kutlama!"}]},{"@type":"WebSite","@id":"https:\/\/denizcankizil.tr\/#website","url":"https:\/\/denizcankizil.tr\/","name":"Av. Deniz Can K\u0131z\u0131l","description":"Avukat Deniz Can K\u0131z\u0131l Antalya Barosu","publisher":{"@id":"https:\/\/denizcankizil.tr\/#organization"},"potentialAction":[{"@type":"SearchAction","target":{"@type":"EntryPoint","urlTemplate":"https:\/\/denizcankizil.tr\/?s={search_term_string}"},"query-input":{"@type":"PropertyValueSpecification","valueRequired":true,"valueName":"search_term_string"}}],"inLanguage":"en-GB"},{"@type":"Organization","@id":"https:\/\/denizcankizil.tr\/#organization","name":"Av. Deniz Can K\u0131z\u0131l","url":"https:\/\/denizcankizil.tr\/","logo":{"@type":"ImageObject","inLanguage":"en-GB","@id":"https:\/\/denizcankizil.tr\/#\/schema\/logo\/image\/","url":"https:\/\/denizcankizil.tr\/wp-content\/uploads\/2024\/10\/siyah-logo-svg.svg","contentUrl":"https:\/\/denizcankizil.tr\/wp-content\/uploads\/2024\/10\/siyah-logo-svg.svg","width":1080,"height":1080,"caption":"Av. Deniz Can K\u0131z\u0131l"},"image":{"@id":"https:\/\/denizcankizil.tr\/#\/schema\/logo\/image\/"}}]}},"_links":{"self":[{"href":"https:\/\/denizcankizil.tr\/en\/wp-json\/wp\/v2\/posts\/9895","targetHints":{"allow":["GET"]}}],"collection":[{"href":"https:\/\/denizcankizil.tr\/en\/wp-json\/wp\/v2\/posts"}],"about":[{"href":"https:\/\/denizcankizil.tr\/en\/wp-json\/wp\/v2\/types\/post"}],"replies":[{"embeddable":true,"href":"https:\/\/denizcankizil.tr\/en\/wp-json\/wp\/v2\/comments?post=9895"}],"version-history":[{"count":0,"href":"https:\/\/denizcankizil.tr\/en\/wp-json\/wp\/v2\/posts\/9895\/revisions"}],"wp:attachment":[{"href":"https:\/\/denizcankizil.tr\/en\/wp-json\/wp\/v2\/media?parent=9895"}],"wp:term":[{"taxonomy":"category","embeddable":true,"href":"https:\/\/denizcankizil.tr\/en\/wp-json\/wp\/v2\/categories?post=9895"},{"taxonomy":"post_tag","embeddable":true,"href":"https:\/\/denizcankizil.tr\/en\/wp-json\/wp\/v2\/tags?post=9895"}],"curies":[{"name":"wp","href":"https:\/\/api.w.org\/{rel}","templated":true}]}}