{"id":98606,"date":"2025-05-27T17:43:03","date_gmt":"2025-05-27T14:43:03","guid":{"rendered":"https:\/\/denizcankizil.tr\/uncategorized-tr\/manisada-halk-karari-verdi-otopark-projesi-iptal-edildi\/"},"modified":"2025-05-27T17:43:03","modified_gmt":"2025-05-27T14:43:03","slug":"manisada-halk-karari-verdi-otopark-projesi-iptal-edildi","status":"publish","type":"post","link":"https:\/\/denizcankizil.tr\/en\/haberler\/gundem\/manisada-halk-karari-verdi-otopark-projesi-iptal-edildi\/","title":{"rendered":"Manisa&#8217;da halk karar\u0131 verdi! Otopark projesi iptal edildi"},"content":{"rendered":"<p>Manisa B\u00fcy\u00fck\u015fehir Belediyesi, halk\u0131n g\u00f6r\u00fc\u015flerini dikkate alarak \u015eehit Pilot \u00dcste\u011fmen Okan Divrik Park\u0131\u2019na yap\u0131lmas\u0131 planlanan otopark projesini iptal etti.MAN\u0130SA(\u0130GFA) &#8211; Manisa B\u00fcy\u00fck\u015fehir Belediye Ba\u015fkan\u0131 Ferdi Zeyrek, \u015eehit Pilot \u00dcste\u011fmen Okan Divrik Park\u0131\u2019nda yap\u0131lmas\u0131n\u0131 planlanan otopark projesi ile ilgili g\u00f6r\u00fc\u015flerini almak i\u00e7in mahalle muhtar\u0131 ve mahalle sakinleriyle bir araya geldi. Ba\u015fkan Zeyrek\u2019e, \u015eehzadeler Belediye Ba\u015fkanvekili Onur Ceylan, B\u00fcy\u00fck\u015fehir Belediyesi Genel Sekreter Yard\u0131mc\u0131s\u0131 P\u0131nar Mine Hac\u0131alibeyo\u011flu, Ba\u015fkan Dan\u0131\u015fmanlar\u0131 ve daire ba\u015fkanlar\u0131 e\u015flik etti.<br \/>\n\u201cHer hizmette b\u00f6lgede ya\u015fayanlara sorduk\u201d<br \/>\n14 ayda yapt\u0131klar\u0131 her hizmette ortak ak\u0131l ve kat\u0131l\u0131mc\u0131 y\u00f6netim anlay\u0131\u015flar\u0131n\u0131n gere\u011fi olarak o b\u00f6lgede ya\u015fayanlara sorduklar\u0131n\u0131 vurgulayan Ba\u015fkan Ferdi Zeyrek, \u201cYapt\u0131\u011f\u0131m\u0131z her t\u00fcrl\u00fc i\u015fte, etkinlikte ortak akl\u0131 olu\u015fturduk. Se\u00e7im d\u00f6neminde de hep \u015funu s\u00f6yl\u00fcyordum; halka ra\u011fmen halk i\u00e7in bir \u015fey yap\u0131lmaz. Halk\u0131n iste\u011fiyle, onlar\u0131n ortak d\u00fc\u015f\u00fcncesiyle g\u00f6r\u00fc\u015fleriyle birlikte her \u015feyi yapabiliriz. Yapaca\u011f\u0131m\u0131z hizmetlerde harcad\u0131\u011f\u0131m\u0131z her kuru\u015f, benim param de\u011fil. Hepimizin vergileriyle toplanan parad\u0131r\u201d dedi.<\/p>\n<p>\u201cNihai karar\u0131 sizlerle birlikte vermek istiyorum\u201d<br \/>\nManisa\u2019da ciddi bir otopark s\u0131k\u0131nt\u0131s\u0131n\u0131n oldu\u011funu s\u00f6yleyen Ba\u015fkan Zeyrek, \u201c\u00c7\u00f6z\u00fcm \u00f6nerilerini geli\u015ftirmeye \u00e7al\u0131\u015f\u0131yoruz. Peker Mahallemizde de \u00e7ok ciddi bir otopark s\u0131k\u0131nt\u0131s\u0131 var. Ara\u00e7 park etmek i\u00e7in saatlerce dola\u015ft\u0131\u011f\u0131n\u0131z\u0131 biliyorum. Ben de buraya \u00e7ok yak\u0131n Utku Mahallesi\u2019nde oturdum. Ara\u015ft\u0131rd\u0131\u011f\u0131m\u0131zda bu b\u00f6lgede otopark yapabilece\u011fimiz tek alan buras\u0131yd\u0131. Bu park\u0131n t\u00fcm\u00fcn\u00fc otopark olarak d\u00fc\u015f\u00fcnmemi\u015ftik. Bir k\u0131sm\u0131n\u0131 otopark yap\u0131p di\u011fer k\u0131sm\u0131n\u0131 ye\u015fil alan olarak b\u0131rakabilece\u011fimiz, zemin kat\u0131nda kafeterya ile size hizmet edebilecek ve \u00e7ocuk oyun park\u0131n\u0131 koruyabilece\u011fimiz bir alandan bahsediyorduk. Ortak ak\u0131lla \u00e7\u00f6zmek istedi\u011fimiz i\u00e7in bir anket yapt\u0131k. Ankete 859 vatanda\u015f\u0131m\u0131z kat\u0131lm\u0131\u015f. Ankete kat\u0131lanlardan y\u00fczde 76\u2019s\u0131 \u2018Otopark sorunu var\u2019 demi\u015f. Okan Divrik Park\u0131\u2019na otopark yapal\u0131m m\u0131? dedi\u011fimizde y\u00fczde 56\u2019s\u0131n\u0131n yap\u0131lmas\u0131n\u0131 istemedi\u011fi bir anket sonucuna ula\u015ft\u0131k. Bug\u00fcn bu y\u00fczden buraya geldim. Nihai karar\u0131 sizlerle birlikte vermek istiyorum\u201d diye konu\u015ftu.<\/p>\n<p>\u201cMahalle halk\u0131m\u0131z ne derse onlar\u0131n yan\u0131nday\u0131z\u201d<br \/>\nAlan\u0131n 30 y\u0131ld\u0131r park olarak kullan\u0131ld\u0131\u011f\u0131n\u0131 s\u00f6yleyen Mahalle Muhtar\u0131 Saffet Ta\u015fk\u0131ncan ise \u201cOtopark\u0131 isteyenler de var istemeyenler de var. Ben otopark yap\u0131lmas\u0131n\u0131 istemiyorum. Ama muhtar olarak tarafs\u0131z konumday\u0131m. Mahalle halk\u0131m\u0131z bu konuda ne derse biz de onlar\u0131n yan\u0131nday\u0131z\u201d dedi.<br \/>\n\u201cManisa Lisesi i\u00e7in proje haz\u0131rlad\u0131k\u201d<br \/>\nManisa B\u00fcy\u00fck\u015fehir Belediye Ba\u015fkan\u0131 Mimar Ferdi Zeyrek, daha sonra mahalle sakinlerinin g\u00f6r\u00fc\u015flerini dinledi. Otopark yap\u0131lmas\u0131 noktas\u0131nda yeni alanlar\u0131n arand\u0131\u011f\u0131n\u0131 belirten ba\u015fkan Ferdi Zeyrek, \u201cMilli E\u011fitim\u2019e proje haz\u0131rlad\u0131k. Dedik ki Manisa Lisesi\u2019ni y\u0131kal\u0131m, hem binalar\u0131 sa\u011flamla\u015ft\u0131ray\u0131m depreme dayan\u0131kl\u0131 olsun hem de alt\u0131na otopark yapal\u0131m istedik. 857 ara\u00e7 s\u0131\u011f\u0131yor. Ama onay gelmiyor\u201d \u015feklinde konu\u015ftu.<\/p>\n<p>\u201cOtopark\u0131 yapm\u0131yoruz\u201d<br \/>\nOtopark\u0131 istemeyen ki\u015fi say\u0131s\u0131n\u0131n daha fazla oldu\u011funu belirten Ba\u015fkan Zeyrek, \u201cBelediye olarak ilk g\u00fcnk\u00fc d\u00fc\u015f\u00fcncemiz ayn\u0131d\u0131r. Halka kar\u015f\u0131 hi\u00e7bir hizmeti asla ve asla yapmayaca\u011f\u0131z. Halk i\u00e7in \u00e7al\u0131\u015fmaya devam edece\u011fiz. Sevgili kom\u015fular\u0131m. Sizin iste\u011finiz do\u011frultusunda otopark\u0131 yapm\u0131yoruz. Yeni yerler aramaya devam ediyoruz. Bulduk\u00e7a da ada i\u00e7i otopark olsun normal otomasyonlu otopark olsun \u015fehrimize otopark kazand\u0131rmaya devam edece\u011fiz. Yeni bir tane projeye ba\u015fl\u0131yoruz. Eski TEDA\u015e\u2019\u0131n oldu\u011fu yerde dereden kalan yere 7 bin ara\u00e7l\u0131k bir otopark yap\u0131lacak. Otopark sorununu \u00e7\u00f6zmek i\u00e7in \u00e7ok yo\u011fun \u00e7aba sarf ediyoruz. B\u00fct\u00fcn ekip burada. Her yere tek tek bak\u0131yorlar. Buras\u0131 hemen \u00e7\u00f6z\u00fclebilecek noktayd\u0131 o y\u00fczden \u00f6nermi\u015ftik, ama vatanda\u015flar\u0131m\u0131z istemiyor biz de bunu yapmay\u0131z\u201d ifadelerini kulland\u0131.<\/p>\n<p>\u200bManisa B\u00fcy\u00fck\u015fehir Belediyesi, halk\u0131n g\u00f6r\u00fc\u015flerini dikkate alarak \u015eehit Pilot \u00dcste\u011fmen Okan Divrik Park\u0131\u2019na yap\u0131lmas\u0131 planlanan otopark projesini iptal etti.MAN\u0130SA(\u0130GFA) &#8211; Manisa B\u00fcy\u00fck\u015fehir Belediye Ba\u015fkan\u0131 Ferdi Zeyrek, \u015eehit Pilot \u00dcste\u011fmen Okan Divrik Park\u0131\u2019nda yap\u0131lmas\u0131n\u0131 planlanan otopark projesi ile ilgili g\u00f6r\u00fc\u015flerini almak i\u00e7in mahalle muhtar\u0131 ve mahalle sakinleriyle bir araya geldi. Ba\u015fkan Zeyrek\u2019e, \u015eehzadeler Belediye Ba\u015fkanvekili Onur Ceylan, B\u00fcy\u00fck\u015fehir Belediyesi Genel Sekreter Yard\u0131mc\u0131s\u0131 P\u0131nar Mine Hac\u0131alibeyo\u011flu, Ba\u015fkan Dan\u0131\u015fmanlar\u0131 ve daire ba\u015fkanlar\u0131 e\u015flik etti.<br \/>\n\u201cHer hizmette b\u00f6lgede ya\u015fayanlara sorduk\u201d<br \/>\n14 ayda yapt\u0131klar\u0131 her hizmette ortak ak\u0131l ve kat\u0131l\u0131mc\u0131 y\u00f6netim anlay\u0131\u015flar\u0131n\u0131n gere\u011fi olarak o b\u00f6lgede ya\u015fayanlara sorduklar\u0131n\u0131 vurgulayan Ba\u015fkan Ferdi Zeyrek, \u201cYapt\u0131\u011f\u0131m\u0131z her t\u00fcrl\u00fc i\u015fte, etkinlikte ortak akl\u0131 olu\u015fturduk. Se\u00e7im d\u00f6neminde de hep \u015funu s\u00f6yl\u00fcyordum; halka ra\u011fmen halk i\u00e7in bir \u015fey yap\u0131lmaz. Halk\u0131n iste\u011fiyle, onlar\u0131n ortak d\u00fc\u015f\u00fcncesiyle g\u00f6r\u00fc\u015fleriyle birlikte her \u015feyi yapabiliriz. Yapaca\u011f\u0131m\u0131z hizmetlerde harcad\u0131\u011f\u0131m\u0131z her kuru\u015f, benim param de\u011fil. Hepimizin vergileriyle toplanan parad\u0131r\u201d dedi.<\/p>\n<p>\u201cNihai karar\u0131 sizlerle birlikte vermek istiyorum\u201d<br \/>\nManisa\u2019da ciddi bir otopark s\u0131k\u0131nt\u0131s\u0131n\u0131n oldu\u011funu s\u00f6yleyen Ba\u015fkan Zeyrek, \u201c\u00c7\u00f6z\u00fcm \u00f6nerilerini geli\u015ftirmeye \u00e7al\u0131\u015f\u0131yoruz. Peker Mahallemizde de \u00e7ok ciddi bir otopark s\u0131k\u0131nt\u0131s\u0131 var. Ara\u00e7 park etmek i\u00e7in saatlerce dola\u015ft\u0131\u011f\u0131n\u0131z\u0131 biliyorum. Ben de buraya \u00e7ok yak\u0131n Utku Mahallesi\u2019nde oturdum. Ara\u015ft\u0131rd\u0131\u011f\u0131m\u0131zda bu b\u00f6lgede otopark yapabilece\u011fimiz tek alan buras\u0131yd\u0131. Bu park\u0131n t\u00fcm\u00fcn\u00fc otopark olarak d\u00fc\u015f\u00fcnmemi\u015ftik. Bir k\u0131sm\u0131n\u0131 otopark yap\u0131p di\u011fer k\u0131sm\u0131n\u0131 ye\u015fil alan olarak b\u0131rakabilece\u011fimiz, zemin kat\u0131nda kafeterya ile size hizmet edebilecek ve \u00e7ocuk oyun park\u0131n\u0131 koruyabilece\u011fimiz bir alandan bahsediyorduk. Ortak ak\u0131lla \u00e7\u00f6zmek istedi\u011fimiz i\u00e7in bir anket yapt\u0131k. Ankete 859 vatanda\u015f\u0131m\u0131z kat\u0131lm\u0131\u015f. Ankete kat\u0131lanlardan y\u00fczde 76\u2019s\u0131 \u2018Otopark sorunu var\u2019 demi\u015f. Okan Divrik Park\u0131\u2019na otopark yapal\u0131m m\u0131? dedi\u011fimizde y\u00fczde 56\u2019s\u0131n\u0131n yap\u0131lmas\u0131n\u0131 istemedi\u011fi bir anket sonucuna ula\u015ft\u0131k. Bug\u00fcn bu y\u00fczden buraya geldim. Nihai karar\u0131 sizlerle birlikte vermek istiyorum\u201d diye konu\u015ftu.<\/p>\n<p>\u201cMahalle halk\u0131m\u0131z ne derse onlar\u0131n yan\u0131nday\u0131z\u201d<br \/>\nAlan\u0131n 30 y\u0131ld\u0131r park olarak kullan\u0131ld\u0131\u011f\u0131n\u0131 s\u00f6yleyen Mahalle Muhtar\u0131 Saffet Ta\u015fk\u0131ncan ise \u201cOtopark\u0131 isteyenler de var istemeyenler de var. Ben otopark yap\u0131lmas\u0131n\u0131 istemiyorum. Ama muhtar olarak tarafs\u0131z konumday\u0131m. Mahalle halk\u0131m\u0131z bu konuda ne derse biz de onlar\u0131n yan\u0131nday\u0131z\u201d dedi.<br \/>\n\u201cManisa Lisesi i\u00e7in proje haz\u0131rlad\u0131k\u201d<br \/>\nManisa B\u00fcy\u00fck\u015fehir Belediye Ba\u015fkan\u0131 Mimar Ferdi Zeyrek, daha sonra mahalle sakinlerinin g\u00f6r\u00fc\u015flerini dinledi. Otopark yap\u0131lmas\u0131 noktas\u0131nda yeni alanlar\u0131n arand\u0131\u011f\u0131n\u0131 belirten ba\u015fkan Ferdi Zeyrek, \u201cMilli E\u011fitim\u2019e proje haz\u0131rlad\u0131k. Dedik ki Manisa Lisesi\u2019ni y\u0131kal\u0131m, hem binalar\u0131 sa\u011flamla\u015ft\u0131ray\u0131m depreme dayan\u0131kl\u0131 olsun hem de alt\u0131na otopark yapal\u0131m istedik. 857 ara\u00e7 s\u0131\u011f\u0131yor. Ama onay gelmiyor\u201d \u015feklinde konu\u015ftu.<\/p>\n<p>\u201cOtopark\u0131 yapm\u0131yoruz\u201d<br \/>\nOtopark\u0131 istemeyen ki\u015fi say\u0131s\u0131n\u0131n daha fazla oldu\u011funu belirten Ba\u015fkan Zeyrek, \u201cBelediye olarak ilk g\u00fcnk\u00fc d\u00fc\u015f\u00fcncemiz ayn\u0131d\u0131r. Halka kar\u015f\u0131 hi\u00e7bir hizmeti asla ve asla yapmayaca\u011f\u0131z. Halk i\u00e7in \u00e7al\u0131\u015fmaya devam edece\u011fiz. Sevgili kom\u015fular\u0131m. Sizin iste\u011finiz do\u011frultusunda otopark\u0131 yapm\u0131yoruz. Yeni yerler aramaya devam ediyoruz. Bulduk\u00e7a da ada i\u00e7i otopark olsun normal otomasyonlu otopark olsun \u015fehrimize otopark kazand\u0131rmaya devam edece\u011fiz. Yeni bir tane projeye ba\u015fl\u0131yoruz. Eski TEDA\u015e\u2019\u0131n oldu\u011fu yerde dereden kalan yere 7 bin ara\u00e7l\u0131k bir otopark yap\u0131lacak. Otopark sorununu \u00e7\u00f6zmek i\u00e7in \u00e7ok yo\u011fun \u00e7aba sarf ediyoruz. B\u00fct\u00fcn ekip burada. Her yere tek tek bak\u0131yorlar. Buras\u0131 hemen \u00e7\u00f6z\u00fclebilecek noktayd\u0131 o y\u00fczden \u00f6nermi\u015ftik, ama vatanda\u015flar\u0131m\u0131z istemiyor biz de bunu yapmay\u0131z\u201d ifadelerini kulland\u0131.\u00a0<\/p>\n<p>\u200bHaberin Al\u0131nt\u0131land\u0131\u011f\u0131 Kaynak: www.iskenderun.org<\/p>","protected":false},"excerpt":{"rendered":"<p>Manisa B\u00fcy\u00fck\u015fehir Belediyesi, halk\u0131n g\u00f6r\u00fc\u015flerini dikkate alarak \u015eehit Pilot \u00dcste\u011fmen Okan Divrik Park\u0131\u2019na yap\u0131lmas\u0131 planlanan otopark projesini iptal etti.MAN\u0130SA(\u0130GFA) &#8211; Manisa B\u00fcy\u00fck\u015fehir Belediye Ba\u015fkan\u0131 Ferdi Zeyrek, \u015eehit Pilot \u00dcste\u011fmen Okan Divrik Park\u0131\u2019nda yap\u0131lmas\u0131n\u0131 planlanan otopark projesi ile ilgili g\u00f6r\u00fc\u015flerini almak i\u00e7in mahalle muhtar\u0131 ve mahalle sakinleriyle bir araya geldi. Ba\u015fkan Zeyrek\u2019e, \u015eehzadeler Belediye Ba\u015fkanvekili Onur Ceylan, B\u00fcy\u00fck\u015fehir Belediyesi Genel Sekreter Yard\u0131mc\u0131s\u0131 P\u0131nar Mine Hac\u0131alibeyo\u011flu, Ba\u015fkan Dan\u0131\u015fmanlar\u0131 ve daire ba\u015fkanlar\u0131 e\u015flik etti. \u201cHer hizmette b\u00f6lgede ya\u015fayanlara sorduk\u201d 14 ayda yapt\u0131klar\u0131 her hizmette ortak ak\u0131l ve kat\u0131l\u0131mc\u0131 y\u00f6netim anlay\u0131\u015flar\u0131n\u0131n gere\u011fi olarak o b\u00f6lgede ya\u015fayanlara sorduklar\u0131n\u0131 vurgulayan Ba\u015fkan Ferdi Zeyrek, \u201cYapt\u0131\u011f\u0131m\u0131z her t\u00fcrl\u00fc i\u015fte, etkinlikte ortak akl\u0131 olu\u015fturduk. Se\u00e7im d\u00f6neminde de hep \u015funu s\u00f6yl\u00fcyordum; halka ra\u011fmen halk i\u00e7in bir \u015fey yap\u0131lmaz. Halk\u0131n iste\u011fiyle, onlar\u0131n ortak d\u00fc\u015f\u00fcncesiyle g\u00f6r\u00fc\u015fleriyle birlikte her \u015feyi yapabiliriz. Yapaca\u011f\u0131m\u0131z hizmetlerde harcad\u0131\u011f\u0131m\u0131z her kuru\u015f, benim param de\u011fil. Hepimizin vergileriyle toplanan parad\u0131r\u201d dedi. \u201cNihai karar\u0131 sizlerle birlikte vermek istiyorum\u201d Manisa\u2019da ciddi bir otopark s\u0131k\u0131nt\u0131s\u0131n\u0131n oldu\u011funu s\u00f6yleyen Ba\u015fkan Zeyrek, \u201c\u00c7\u00f6z\u00fcm \u00f6nerilerini geli\u015ftirmeye \u00e7al\u0131\u015f\u0131yoruz. Peker Mahallemizde de \u00e7ok ciddi bir otopark s\u0131k\u0131nt\u0131s\u0131 var. Ara\u00e7 park etmek i\u00e7in saatlerce dola\u015ft\u0131\u011f\u0131n\u0131z\u0131 biliyorum. Ben de buraya \u00e7ok yak\u0131n Utku Mahallesi\u2019nde oturdum. Ara\u015ft\u0131rd\u0131\u011f\u0131m\u0131zda bu b\u00f6lgede otopark yapabilece\u011fimiz tek alan buras\u0131yd\u0131. Bu park\u0131n t\u00fcm\u00fcn\u00fc otopark olarak d\u00fc\u015f\u00fcnmemi\u015ftik. Bir k\u0131sm\u0131n\u0131 &hellip;<\/p>","protected":false},"author":1,"featured_media":0,"comment_status":"","ping_status":"open","sticky":false,"template":"","format":"standard","meta":{"_acf_changed":false,"footnotes":""},"categories":[24],"tags":[],"class_list":["post-98606","post","type-post","status-publish","format-standard","has-post-thumbnail","hentry","category-gundem"],"acf":[],"yoast_head":"<!-- This site is optimized with the Yoast SEO Premium plugin v26.6 (Yoast SEO v27.1.1) - https:\/\/yoast.com\/product\/yoast-seo-premium-wordpress\/ -->\n<title>Manisa&#039;da halk karar\u0131 verdi! Otopark projesi iptal edildi - Av. Deniz Can K\u0131z\u0131l<\/title>\n<meta name=\"robots\" content=\"index, follow, max-snippet:-1, max-image-preview:large, max-video-preview:-1\" \/>\n<link rel=\"canonical\" href=\"https:\/\/denizcankizil.tr\/en\/haberler\/gundem\/manisada-halk-karari-verdi-otopark-projesi-iptal-edildi\/\" \/>\n<meta property=\"og:locale\" content=\"en_GB\" \/>\n<meta property=\"og:type\" content=\"article\" \/>\n<meta property=\"og:title\" content=\"Manisa&#039;da halk karar\u0131 verdi! Otopark projesi iptal edildi\" \/>\n<meta property=\"og:description\" content=\"Manisa B\u00fcy\u00fck\u015fehir Belediyesi, halk\u0131n g\u00f6r\u00fc\u015flerini dikkate alarak \u015eehit Pilot \u00dcste\u011fmen Okan Divrik Park\u0131\u2019na yap\u0131lmas\u0131 planlanan otopark projesini iptal etti.MAN\u0130SA(\u0130GFA) &#8211; Manisa B\u00fcy\u00fck\u015fehir Belediye Ba\u015fkan\u0131 Ferdi Zeyrek, \u015eehit Pilot \u00dcste\u011fmen Okan Divrik Park\u0131\u2019nda yap\u0131lmas\u0131n\u0131 planlanan otopark projesi ile ilgili g\u00f6r\u00fc\u015flerini almak i\u00e7in mahalle muhtar\u0131 ve mahalle sakinleriyle bir araya geldi. Ba\u015fkan Zeyrek\u2019e, \u015eehzadeler Belediye Ba\u015fkanvekili Onur Ceylan, B\u00fcy\u00fck\u015fehir Belediyesi Genel Sekreter Yard\u0131mc\u0131s\u0131 P\u0131nar Mine Hac\u0131alibeyo\u011flu, Ba\u015fkan Dan\u0131\u015fmanlar\u0131 ve daire ba\u015fkanlar\u0131 e\u015flik etti. \u201cHer hizmette b\u00f6lgede ya\u015fayanlara sorduk\u201d 14 ayda yapt\u0131klar\u0131 her hizmette ortak ak\u0131l ve kat\u0131l\u0131mc\u0131 y\u00f6netim anlay\u0131\u015flar\u0131n\u0131n gere\u011fi olarak o b\u00f6lgede ya\u015fayanlara sorduklar\u0131n\u0131 vurgulayan Ba\u015fkan Ferdi Zeyrek, \u201cYapt\u0131\u011f\u0131m\u0131z her t\u00fcrl\u00fc i\u015fte, etkinlikte ortak akl\u0131 olu\u015fturduk. Se\u00e7im d\u00f6neminde de hep \u015funu s\u00f6yl\u00fcyordum; halka ra\u011fmen halk i\u00e7in bir \u015fey yap\u0131lmaz. Halk\u0131n iste\u011fiyle, onlar\u0131n ortak d\u00fc\u015f\u00fcncesiyle g\u00f6r\u00fc\u015fleriyle birlikte her \u015feyi yapabiliriz. Yapaca\u011f\u0131m\u0131z hizmetlerde harcad\u0131\u011f\u0131m\u0131z her kuru\u015f, benim param de\u011fil. Hepimizin vergileriyle toplanan parad\u0131r\u201d dedi. \u201cNihai karar\u0131 sizlerle birlikte vermek istiyorum\u201d Manisa\u2019da ciddi bir otopark s\u0131k\u0131nt\u0131s\u0131n\u0131n oldu\u011funu s\u00f6yleyen Ba\u015fkan Zeyrek, \u201c\u00c7\u00f6z\u00fcm \u00f6nerilerini geli\u015ftirmeye \u00e7al\u0131\u015f\u0131yoruz. Peker Mahallemizde de \u00e7ok ciddi bir otopark s\u0131k\u0131nt\u0131s\u0131 var. Ara\u00e7 park etmek i\u00e7in saatlerce dola\u015ft\u0131\u011f\u0131n\u0131z\u0131 biliyorum. Ben de buraya \u00e7ok yak\u0131n Utku Mahallesi\u2019nde oturdum. Ara\u015ft\u0131rd\u0131\u011f\u0131m\u0131zda bu b\u00f6lgede otopark yapabilece\u011fimiz tek alan buras\u0131yd\u0131. Bu park\u0131n t\u00fcm\u00fcn\u00fc otopark olarak d\u00fc\u015f\u00fcnmemi\u015ftik. Bir k\u0131sm\u0131n\u0131 &hellip;\" \/>\n<meta property=\"og:url\" content=\"https:\/\/denizcankizil.tr\/en\/haberler\/gundem\/manisada-halk-karari-verdi-otopark-projesi-iptal-edildi\/\" \/>\n<meta property=\"og:site_name\" content=\"Av. Deniz Can K\u0131z\u0131l\" \/>\n<meta property=\"article:published_time\" content=\"2025-05-27T14:43:03+00:00\" \/>\n<meta name=\"author\" content=\"admin\" \/>\n<meta name=\"twitter:card\" content=\"summary_large_image\" \/>\n<meta name=\"twitter:label1\" content=\"Written by\" \/>\n\t<meta name=\"twitter:data1\" content=\"admin\" \/>\n\t<meta name=\"twitter:label2\" content=\"Estimated reading time\" \/>\n\t<meta name=\"twitter:data2\" content=\"7 minutes\" \/>\n<script type=\"application\/ld+json\" class=\"yoast-schema-graph\">{\"@context\":\"https:\/\/schema.org\",\"@graph\":[{\"@type\":\"Article\",\"@id\":\"https:\/\/denizcankizil.tr\/en\/haberler\/gundem\/manisada-halk-karari-verdi-otopark-projesi-iptal-edildi\/#article\",\"isPartOf\":{\"@id\":\"https:\/\/denizcankizil.tr\/en\/haberler\/gundem\/manisada-halk-karari-verdi-otopark-projesi-iptal-edildi\/\"},\"author\":{\"name\":\"admin\",\"@id\":\"https:\/\/denizcankizil.tr\/#\/schema\/person\/be3c05fe6a12686905512445d8185489\"},\"headline\":\"Manisa&#8217;da halk karar\u0131 verdi! Otopark projesi iptal edildi\",\"datePublished\":\"2025-05-27T14:43:03+00:00\",\"mainEntityOfPage\":{\"@id\":\"https:\/\/denizcankizil.tr\/en\/haberler\/gundem\/manisada-halk-karari-verdi-otopark-projesi-iptal-edildi\/\"},\"wordCount\":1453,\"publisher\":{\"@id\":\"https:\/\/denizcankizil.tr\/#organization\"},\"articleSection\":[\"G\u00fcndem\"],\"inLanguage\":\"en-GB\"},{\"@type\":\"WebPage\",\"@id\":\"https:\/\/denizcankizil.tr\/en\/haberler\/gundem\/manisada-halk-karari-verdi-otopark-projesi-iptal-edildi\/\",\"url\":\"https:\/\/denizcankizil.tr\/en\/haberler\/gundem\/manisada-halk-karari-verdi-otopark-projesi-iptal-edildi\/\",\"name\":\"Manisa'da halk karar\u0131 verdi! Otopark projesi iptal edildi - Av. Deniz Can K\u0131z\u0131l\",\"isPartOf\":{\"@id\":\"https:\/\/denizcankizil.tr\/#website\"},\"datePublished\":\"2025-05-27T14:43:03+00:00\",\"breadcrumb\":{\"@id\":\"https:\/\/denizcankizil.tr\/en\/haberler\/gundem\/manisada-halk-karari-verdi-otopark-projesi-iptal-edildi\/#breadcrumb\"},\"inLanguage\":\"en-GB\",\"potentialAction\":[{\"@type\":\"ReadAction\",\"target\":[\"https:\/\/denizcankizil.tr\/en\/haberler\/gundem\/manisada-halk-karari-verdi-otopark-projesi-iptal-edildi\/\"]}]},{\"@type\":\"BreadcrumbList\",\"@id\":\"https:\/\/denizcankizil.tr\/en\/haberler\/gundem\/manisada-halk-karari-verdi-otopark-projesi-iptal-edildi\/#breadcrumb\",\"itemListElement\":[{\"@type\":\"ListItem\",\"position\":1,\"name\":\"Home\",\"item\":\"https:\/\/denizcankizil.tr\/de\/\"},{\"@type\":\"ListItem\",\"position\":2,\"name\":\"Manisa&#8217;da halk karar\u0131 verdi! Otopark projesi iptal edildi\"}]},{\"@type\":\"WebSite\",\"@id\":\"https:\/\/denizcankizil.tr\/#website\",\"url\":\"https:\/\/denizcankizil.tr\/\",\"name\":\"Av. Deniz Can K\u0131z\u0131l\",\"description\":\"Avukat Deniz Can K\u0131z\u0131l Antalya Barosu\",\"publisher\":{\"@id\":\"https:\/\/denizcankizil.tr\/#organization\"},\"potentialAction\":[{\"@type\":\"SearchAction\",\"target\":{\"@type\":\"EntryPoint\",\"urlTemplate\":\"https:\/\/denizcankizil.tr\/?s={search_term_string}\"},\"query-input\":{\"@type\":\"PropertyValueSpecification\",\"valueRequired\":true,\"valueName\":\"search_term_string\"}}],\"inLanguage\":\"en-GB\"},{\"@type\":\"Organization\",\"@id\":\"https:\/\/denizcankizil.tr\/#organization\",\"name\":\"Av. Deniz Can K\u0131z\u0131l\",\"url\":\"https:\/\/denizcankizil.tr\/\",\"logo\":{\"@type\":\"ImageObject\",\"inLanguage\":\"en-GB\",\"@id\":\"https:\/\/denizcankizil.tr\/#\/schema\/logo\/image\/\",\"url\":\"https:\/\/denizcankizil.tr\/wp-content\/uploads\/2024\/10\/siyah-logo-svg.svg\",\"contentUrl\":\"https:\/\/denizcankizil.tr\/wp-content\/uploads\/2024\/10\/siyah-logo-svg.svg\",\"width\":1080,\"height\":1080,\"caption\":\"Av. Deniz Can K\u0131z\u0131l\"},\"image\":{\"@id\":\"https:\/\/denizcankizil.tr\/#\/schema\/logo\/image\/\"}},{\"@type\":\"Person\",\"@id\":\"https:\/\/denizcankizil.tr\/#\/schema\/person\/be3c05fe6a12686905512445d8185489\",\"name\":\"admin\",\"image\":{\"@type\":\"ImageObject\",\"inLanguage\":\"en-GB\",\"@id\":\"https:\/\/denizcankizil.tr\/#\/schema\/person\/image\/\",\"url\":\"https:\/\/secure.gravatar.com\/avatar\/c1fce94c830dc79107e174f890d7210541c4a63e8e5d816341794a2151c9d58c?s=96&d=mm&r=g\",\"contentUrl\":\"https:\/\/secure.gravatar.com\/avatar\/c1fce94c830dc79107e174f890d7210541c4a63e8e5d816341794a2151c9d58c?s=96&d=mm&r=g\",\"caption\":\"admin\"},\"sameAs\":[\"http:\/\/denizcankizil.tr\"],\"url\":\"https:\/\/www.iskenderun.org\/manisada-halk-karari-verdi-otopark-projesi-iptal-edildi\"}]}<\/script>\n<!-- \/ Yoast SEO Premium plugin. -->","yoast_head_json":{"title":"Manisa'da halk karar\u0131 verdi! Otopark projesi iptal edildi - Av. Deniz Can K\u0131z\u0131l","robots":{"index":"index","follow":"follow","max-snippet":"max-snippet:-1","max-image-preview":"max-image-preview:large","max-video-preview":"max-video-preview:-1"},"canonical":"https:\/\/denizcankizil.tr\/en\/haberler\/gundem\/manisada-halk-karari-verdi-otopark-projesi-iptal-edildi\/","og_locale":"en_GB","og_type":"article","og_title":"Manisa'da halk karar\u0131 verdi! Otopark projesi iptal edildi","og_description":"Manisa B\u00fcy\u00fck\u015fehir Belediyesi, halk\u0131n g\u00f6r\u00fc\u015flerini dikkate alarak \u015eehit Pilot \u00dcste\u011fmen Okan Divrik Park\u0131\u2019na yap\u0131lmas\u0131 planlanan otopark projesini iptal etti.MAN\u0130SA(\u0130GFA) &#8211; Manisa B\u00fcy\u00fck\u015fehir Belediye Ba\u015fkan\u0131 Ferdi Zeyrek, \u015eehit Pilot \u00dcste\u011fmen Okan Divrik Park\u0131\u2019nda yap\u0131lmas\u0131n\u0131 planlanan otopark projesi ile ilgili g\u00f6r\u00fc\u015flerini almak i\u00e7in mahalle muhtar\u0131 ve mahalle sakinleriyle bir araya geldi. Ba\u015fkan Zeyrek\u2019e, \u015eehzadeler Belediye Ba\u015fkanvekili Onur Ceylan, B\u00fcy\u00fck\u015fehir Belediyesi Genel Sekreter Yard\u0131mc\u0131s\u0131 P\u0131nar Mine Hac\u0131alibeyo\u011flu, Ba\u015fkan Dan\u0131\u015fmanlar\u0131 ve daire ba\u015fkanlar\u0131 e\u015flik etti. \u201cHer hizmette b\u00f6lgede ya\u015fayanlara sorduk\u201d 14 ayda yapt\u0131klar\u0131 her hizmette ortak ak\u0131l ve kat\u0131l\u0131mc\u0131 y\u00f6netim anlay\u0131\u015flar\u0131n\u0131n gere\u011fi olarak o b\u00f6lgede ya\u015fayanlara sorduklar\u0131n\u0131 vurgulayan Ba\u015fkan Ferdi Zeyrek, \u201cYapt\u0131\u011f\u0131m\u0131z her t\u00fcrl\u00fc i\u015fte, etkinlikte ortak akl\u0131 olu\u015fturduk. Se\u00e7im d\u00f6neminde de hep \u015funu s\u00f6yl\u00fcyordum; halka ra\u011fmen halk i\u00e7in bir \u015fey yap\u0131lmaz. Halk\u0131n iste\u011fiyle, onlar\u0131n ortak d\u00fc\u015f\u00fcncesiyle g\u00f6r\u00fc\u015fleriyle birlikte her \u015feyi yapabiliriz. Yapaca\u011f\u0131m\u0131z hizmetlerde harcad\u0131\u011f\u0131m\u0131z her kuru\u015f, benim param de\u011fil. Hepimizin vergileriyle toplanan parad\u0131r\u201d dedi. \u201cNihai karar\u0131 sizlerle birlikte vermek istiyorum\u201d Manisa\u2019da ciddi bir otopark s\u0131k\u0131nt\u0131s\u0131n\u0131n oldu\u011funu s\u00f6yleyen Ba\u015fkan Zeyrek, \u201c\u00c7\u00f6z\u00fcm \u00f6nerilerini geli\u015ftirmeye \u00e7al\u0131\u015f\u0131yoruz. Peker Mahallemizde de \u00e7ok ciddi bir otopark s\u0131k\u0131nt\u0131s\u0131 var. Ara\u00e7 park etmek i\u00e7in saatlerce dola\u015ft\u0131\u011f\u0131n\u0131z\u0131 biliyorum. Ben de buraya \u00e7ok yak\u0131n Utku Mahallesi\u2019nde oturdum. Ara\u015ft\u0131rd\u0131\u011f\u0131m\u0131zda bu b\u00f6lgede otopark yapabilece\u011fimiz tek alan buras\u0131yd\u0131. Bu park\u0131n t\u00fcm\u00fcn\u00fc otopark olarak d\u00fc\u015f\u00fcnmemi\u015ftik. Bir k\u0131sm\u0131n\u0131 &hellip;","og_url":"https:\/\/denizcankizil.tr\/en\/haberler\/gundem\/manisada-halk-karari-verdi-otopark-projesi-iptal-edildi\/","og_site_name":"Av. Deniz Can K\u0131z\u0131l","article_published_time":"2025-05-27T14:43:03+00:00","author":"admin","twitter_card":"summary_large_image","twitter_misc":{"Written by":"admin","Estimated reading time":"7 minutes"},"schema":{"@context":"https:\/\/schema.org","@graph":[{"@type":"Article","@id":"https:\/\/denizcankizil.tr\/en\/haberler\/gundem\/manisada-halk-karari-verdi-otopark-projesi-iptal-edildi\/#article","isPartOf":{"@id":"https:\/\/denizcankizil.tr\/en\/haberler\/gundem\/manisada-halk-karari-verdi-otopark-projesi-iptal-edildi\/"},"author":{"name":"admin","@id":"https:\/\/denizcankizil.tr\/#\/schema\/person\/be3c05fe6a12686905512445d8185489"},"headline":"Manisa&#8217;da halk karar\u0131 verdi! Otopark projesi iptal edildi","datePublished":"2025-05-27T14:43:03+00:00","mainEntityOfPage":{"@id":"https:\/\/denizcankizil.tr\/en\/haberler\/gundem\/manisada-halk-karari-verdi-otopark-projesi-iptal-edildi\/"},"wordCount":1453,"publisher":{"@id":"https:\/\/denizcankizil.tr\/#organization"},"articleSection":["G\u00fcndem"],"inLanguage":"en-GB"},{"@type":"WebPage","@id":"https:\/\/denizcankizil.tr\/en\/haberler\/gundem\/manisada-halk-karari-verdi-otopark-projesi-iptal-edildi\/","url":"https:\/\/denizcankizil.tr\/en\/haberler\/gundem\/manisada-halk-karari-verdi-otopark-projesi-iptal-edildi\/","name":"Manisa'da halk karar\u0131 verdi! Otopark projesi iptal edildi - Av. Deniz Can K\u0131z\u0131l","isPartOf":{"@id":"https:\/\/denizcankizil.tr\/#website"},"datePublished":"2025-05-27T14:43:03+00:00","breadcrumb":{"@id":"https:\/\/denizcankizil.tr\/en\/haberler\/gundem\/manisada-halk-karari-verdi-otopark-projesi-iptal-edildi\/#breadcrumb"},"inLanguage":"en-GB","potentialAction":[{"@type":"ReadAction","target":["https:\/\/denizcankizil.tr\/en\/haberler\/gundem\/manisada-halk-karari-verdi-otopark-projesi-iptal-edildi\/"]}]},{"@type":"BreadcrumbList","@id":"https:\/\/denizcankizil.tr\/en\/haberler\/gundem\/manisada-halk-karari-verdi-otopark-projesi-iptal-edildi\/#breadcrumb","itemListElement":[{"@type":"ListItem","position":1,"name":"Home","item":"https:\/\/denizcankizil.tr\/de\/"},{"@type":"ListItem","position":2,"name":"Manisa&#8217;da halk karar\u0131 verdi! Otopark projesi iptal edildi"}]},{"@type":"WebSite","@id":"https:\/\/denizcankizil.tr\/#website","url":"https:\/\/denizcankizil.tr\/","name":"Av. Deniz Can K\u0131z\u0131l","description":"Avukat Deniz Can K\u0131z\u0131l Antalya Barosu","publisher":{"@id":"https:\/\/denizcankizil.tr\/#organization"},"potentialAction":[{"@type":"SearchAction","target":{"@type":"EntryPoint","urlTemplate":"https:\/\/denizcankizil.tr\/?s={search_term_string}"},"query-input":{"@type":"PropertyValueSpecification","valueRequired":true,"valueName":"search_term_string"}}],"inLanguage":"en-GB"},{"@type":"Organization","@id":"https:\/\/denizcankizil.tr\/#organization","name":"Av. Deniz Can K\u0131z\u0131l","url":"https:\/\/denizcankizil.tr\/","logo":{"@type":"ImageObject","inLanguage":"en-GB","@id":"https:\/\/denizcankizil.tr\/#\/schema\/logo\/image\/","url":"https:\/\/denizcankizil.tr\/wp-content\/uploads\/2024\/10\/siyah-logo-svg.svg","contentUrl":"https:\/\/denizcankizil.tr\/wp-content\/uploads\/2024\/10\/siyah-logo-svg.svg","width":1080,"height":1080,"caption":"Av. Deniz Can K\u0131z\u0131l"},"image":{"@id":"https:\/\/denizcankizil.tr\/#\/schema\/logo\/image\/"}},{"@type":"Person","@id":"https:\/\/denizcankizil.tr\/#\/schema\/person\/be3c05fe6a12686905512445d8185489","name":"admin","image":{"@type":"ImageObject","inLanguage":"en-GB","@id":"https:\/\/denizcankizil.tr\/#\/schema\/person\/image\/","url":"https:\/\/secure.gravatar.com\/avatar\/c1fce94c830dc79107e174f890d7210541c4a63e8e5d816341794a2151c9d58c?s=96&d=mm&r=g","contentUrl":"https:\/\/secure.gravatar.com\/avatar\/c1fce94c830dc79107e174f890d7210541c4a63e8e5d816341794a2151c9d58c?s=96&d=mm&r=g","caption":"admin"},"sameAs":["http:\/\/denizcankizil.tr"],"url":"https:\/\/www.iskenderun.org\/manisada-halk-karari-verdi-otopark-projesi-iptal-edildi"}]}},"_links":{"self":[{"href":"https:\/\/denizcankizil.tr\/en\/wp-json\/wp\/v2\/posts\/98606","targetHints":{"allow":["GET"]}}],"collection":[{"href":"https:\/\/denizcankizil.tr\/en\/wp-json\/wp\/v2\/posts"}],"about":[{"href":"https:\/\/denizcankizil.tr\/en\/wp-json\/wp\/v2\/types\/post"}],"author":[{"embeddable":true,"href":"https:\/\/denizcankizil.tr\/en\/wp-json\/wp\/v2\/users\/1"}],"replies":[{"embeddable":true,"href":"https:\/\/denizcankizil.tr\/en\/wp-json\/wp\/v2\/comments?post=98606"}],"version-history":[{"count":0,"href":"https:\/\/denizcankizil.tr\/en\/wp-json\/wp\/v2\/posts\/98606\/revisions"}],"wp:attachment":[{"href":"https:\/\/denizcankizil.tr\/en\/wp-json\/wp\/v2\/media?parent=98606"}],"wp:term":[{"taxonomy":"category","embeddable":true,"href":"https:\/\/denizcankizil.tr\/en\/wp-json\/wp\/v2\/categories?post=98606"},{"taxonomy":"post_tag","embeddable":true,"href":"https:\/\/denizcankizil.tr\/en\/wp-json\/wp\/v2\/tags?post=98606"}],"curies":[{"name":"wp","href":"https:\/\/api.w.org\/{rel}","templated":true}]}}