{"id":98466,"date":"2025-05-27T15:41:19","date_gmt":"2025-05-27T12:41:19","guid":{"rendered":"https:\/\/denizcankizil.tr\/uncategorized-tr\/kepezde-ogrenci-kent-lokantasi-acildi\/"},"modified":"2025-05-27T15:41:19","modified_gmt":"2025-05-27T12:41:19","slug":"kepezde-ogrenci-kent-lokantasi-acildi","status":"publish","type":"post","link":"https:\/\/denizcankizil.tr\/en\/haberler\/antalya\/kepezde-ogrenci-kent-lokantasi-acildi\/","title":{"rendered":"Kepez&#8217;de \u00d6\u011frenci Kent Lokantas\u0131 a\u00e7\u0131ld\u0131"},"content":{"rendered":"<p>\u00d6\u011frenci Kent Lokantas\u0131&#8217;n\u0131n a\u00e7\u0131l\u0131\u015f\u0131nda konu\u015fma yapan Kepez Belediye Ba\u015fkan\u0131 Mesut Kocag\u00f6z, \u00f6zellikle gen\u00e7ler ve \u00e7ocuklara y\u00f6nelik projelere verdi\u011fi \u00f6neme dikkat \u00e7ekerek, &#8220;Gen\u00e7lerimizin y\u00fck\u00fcn\u00fc hafifletmek, hayallerinin \u00f6n\u00fcndeki engelleri kald\u0131rmak i\u00e7in var\u0131z. Bir gen\u00e7 karde\u015fimizin, s\u0131cac\u0131k bir yemekle karn\u0131 doysun diye bu sofray\u0131 kurduk&#8221; dedi. G\u00fcn\u00fcm\u00fcz ekonomik \u015fartlar\u0131n\u0131n hayat\u0131 zorla\u015ft\u0131rd\u0131\u011f\u0131n\u0131 ve s\u0131cak yeme\u011fe ula\u015fman\u0131n bir\u00e7ok \u00f6\u011frenci i\u00e7in l\u00fcks haline geldi\u011fini belirten Kocag\u00f6z, bu projenin bir sosyal sorumluluk \u00f6rne\u011fi oldu\u011funu vurgulad\u0131.<\/p>\n<p>&#8220;Kimse a\u00e7 kalmayacak, kimse yaln\u0131z y\u00fcr\u00fcmeyecek&#8221; ilkesiyle yola \u00e7\u0131kt\u0131klar\u0131n\u0131 dile getiren Ba\u015fkan Kocag\u00f6z, \u00d6\u011frenci Kent Lokantas\u0131&#8217;n\u0131n &#8220;hep birlikte \u00fcreten, hep birlikte payla\u015fan bir anlay\u0131\u015f\u0131n eseri&#8221; oldu\u011funu belirtti. 126 metrekare kapal\u0131 ve 45 metrekare a\u00e7\u0131k alana sahip olan lokanta, 100 \u00f6\u011frencinin ayn\u0131 anda yemek yiyebilece\u011fi kapasiteye sahip. \u00d6\u011frenciler, burada 75 liraya sa\u011fl\u0131kl\u0131, temiz ve doyurucu bir \u00f6\u011f\u00fcn yiyebilecekler.<br \/>\nYemek servisi her g\u00fcn 12.00 &#8211; 14.00 saatleri aras\u0131nda yap\u0131lacak. Bu saatler d\u0131\u015f\u0131nda ise lokantada kahve, kek ve at\u0131\u015ft\u0131rmal\u0131klar da bulunacak. T\u00fcm \u00fcr\u00fcnlerin Kepez Vakf\u0131&#8217;nda titizlikle haz\u0131rland\u0131\u011f\u0131n\u0131 belirten Kocag\u00f6z, hijyen ve kalitenin \u00f6n planda tutuldu\u011funu s\u00f6yledi.<\/p>\n<p>Ba\u015fkan Kocag\u00f6z konu\u015fmas\u0131n\u0131, &#8220;Bu kap\u0131, bu sofra, bu emek sizin i\u00e7in, gen\u00e7lerimiz i\u00e7in. Bu kentin yar\u0131n\u0131 i\u00e7in. Birlikte \u00e7al\u0131\u015faca\u011f\u0131z, birlikte \u00fcretece\u011fiz, birlikte payla\u015faca\u011f\u0131z. Kepez&#8217;de sofralar bereketli olacak. Umutlar g\u00fc\u00e7l\u00fc olacak. Gen\u00e7lerin y\u00fcz\u00fc g\u00fclecek. Yar\u0131nlar ayd\u0131nl\u0131k olacak. Ve biz, Kepez Belediyesi olarak, her zaman yan\u0131n\u0131zda, yan\u0131 ba\u015f\u0131n\u0131zda olaca\u011f\u0131z. \u00c7\u00fcnk\u00fc bu kent gen\u00e7leriyle var, gen\u00e7leriyle b\u00fcy\u00fcyecek&#8221; s\u00f6zleriyle tamamlad\u0131.<br \/>\nT\u00fcrkiye&#8217;ye \u00f6rnek olacak projelerden biri \u00d6\u011frenci Kent Lokantas\u0131&#8217;n\u0131n a\u00e7\u0131l\u0131\u015f\u0131na CHP Kepez \u0130l\u00e7e Ba\u015fkan\u0131 G\u00f6khan \u00d6lmez, CHP Gen\u00e7lik Kollar\u0131 Ba\u015fkan\u0131 Muhammed Tanr\u0131verdi, Kepez Muhtarlar Derne\u011fi Ba\u015fkan\u0131 S\u00fcleyman Kabaa\u011fa\u00e7, muhtarlar, belediye meclis \u00fcyeleri ve \u00f6\u011frenciler kat\u0131ld\u0131.<\/p>\n<p>Kaynak: www.kanalv.com.tr Haber Sitesinden Al\u0131nm\u0131\u015ft\u0131r.<\/p>","protected":false},"excerpt":{"rendered":"<p>\u00d6\u011frenci Kent Lokantas\u0131&#8217;n\u0131n a\u00e7\u0131l\u0131\u015f\u0131nda konu\u015fma yapan Kepez Belediye Ba\u015fkan\u0131 Mesut Kocag\u00f6z, \u00f6zellikle gen\u00e7ler ve \u00e7ocuklara y\u00f6nelik projelere verdi\u011fi \u00f6neme dikkat \u00e7ekerek, &#8220;Gen\u00e7lerimizin y\u00fck\u00fcn\u00fc hafifletmek, hayallerinin \u00f6n\u00fcndeki engelleri kald\u0131rmak i\u00e7in var\u0131z. Bir gen\u00e7 karde\u015fimizin, s\u0131cac\u0131k bir yemekle karn\u0131 doysun diye bu sofray\u0131 kurduk&#8221; dedi. G\u00fcn\u00fcm\u00fcz ekonomik \u015fartlar\u0131n\u0131n hayat\u0131 zorla\u015ft\u0131rd\u0131\u011f\u0131n\u0131 ve s\u0131cak yeme\u011fe ula\u015fman\u0131n bir\u00e7ok \u00f6\u011frenci i\u00e7in l\u00fcks haline geldi\u011fini belirten Kocag\u00f6z, bu projenin bir sosyal sorumluluk \u00f6rne\u011fi oldu\u011funu vurgulad\u0131. &#8220;Kimse a\u00e7 kalmayacak, kimse yaln\u0131z y\u00fcr\u00fcmeyecek&#8221; ilkesiyle yola \u00e7\u0131kt\u0131klar\u0131n\u0131 dile getiren Ba\u015fkan Kocag\u00f6z, \u00d6\u011frenci Kent Lokantas\u0131&#8217;n\u0131n &#8220;hep birlikte \u00fcreten, hep birlikte payla\u015fan bir anlay\u0131\u015f\u0131n eseri&#8221; oldu\u011funu belirtti. 126 metrekare kapal\u0131 ve 45 metrekare a\u00e7\u0131k alana sahip olan lokanta, 100 \u00f6\u011frencinin ayn\u0131 anda yemek yiyebilece\u011fi kapasiteye sahip. \u00d6\u011frenciler, burada 75 liraya sa\u011fl\u0131kl\u0131, temiz ve doyurucu bir \u00f6\u011f\u00fcn yiyebilecekler. Yemek servisi her g\u00fcn 12.00 &#8211; 14.00 saatleri aras\u0131nda yap\u0131lacak. Bu saatler d\u0131\u015f\u0131nda ise lokantada kahve, kek ve at\u0131\u015ft\u0131rmal\u0131klar da bulunacak. T\u00fcm \u00fcr\u00fcnlerin Kepez Vakf\u0131&#8217;nda titizlikle haz\u0131rland\u0131\u011f\u0131n\u0131 belirten Kocag\u00f6z, hijyen ve kalitenin \u00f6n planda tutuldu\u011funu s\u00f6yledi. Ba\u015fkan Kocag\u00f6z konu\u015fmas\u0131n\u0131, &#8220;Bu kap\u0131, bu sofra, bu emek sizin i\u00e7in, gen\u00e7lerimiz i\u00e7in. Bu kentin yar\u0131n\u0131 i\u00e7in. Birlikte \u00e7al\u0131\u015faca\u011f\u0131z, birlikte \u00fcretece\u011fiz, birlikte payla\u015faca\u011f\u0131z. Kepez&#8217;de sofralar bereketli olacak. Umutlar g\u00fc\u00e7l\u00fc olacak. Gen\u00e7lerin y\u00fcz\u00fc g\u00fclecek. Yar\u0131nlar ayd\u0131nl\u0131k olacak. Ve biz, Kepez &hellip;<\/p>","protected":false},"author":4,"featured_media":98467,"comment_status":"","ping_status":"open","sticky":false,"template":"","format":"standard","meta":{"_acf_changed":false,"footnotes":""},"categories":[26],"tags":[],"class_list":["post-98466","post","type-post","status-publish","format-standard","has-post-thumbnail","hentry","category-antalya"],"acf":[],"yoast_head":"<!-- This site is optimized with the Yoast SEO Premium plugin v26.6 (Yoast SEO v27.1.1) - https:\/\/yoast.com\/product\/yoast-seo-premium-wordpress\/ -->\n<title>Kepez&#039;de \u00d6\u011frenci Kent Lokantas\u0131 a\u00e7\u0131ld\u0131 - Av. Deniz Can K\u0131z\u0131l<\/title>\n<meta name=\"robots\" content=\"index, follow, max-snippet:-1, max-image-preview:large, max-video-preview:-1\" \/>\n<link rel=\"canonical\" href=\"https:\/\/denizcankizil.tr\/en\/haberler\/antalya\/kepezde-ogrenci-kent-lokantasi-acildi\/\" \/>\n<meta property=\"og:locale\" content=\"en_GB\" \/>\n<meta property=\"og:type\" content=\"article\" \/>\n<meta property=\"og:title\" content=\"Kepez&#039;de \u00d6\u011frenci Kent Lokantas\u0131 a\u00e7\u0131ld\u0131\" \/>\n<meta property=\"og:description\" content=\"\u00d6\u011frenci Kent Lokantas\u0131&#8217;n\u0131n a\u00e7\u0131l\u0131\u015f\u0131nda konu\u015fma yapan Kepez Belediye Ba\u015fkan\u0131 Mesut Kocag\u00f6z, \u00f6zellikle gen\u00e7ler ve \u00e7ocuklara y\u00f6nelik projelere verdi\u011fi \u00f6neme dikkat \u00e7ekerek, &#8220;Gen\u00e7lerimizin y\u00fck\u00fcn\u00fc hafifletmek, hayallerinin \u00f6n\u00fcndeki engelleri kald\u0131rmak i\u00e7in var\u0131z. Bir gen\u00e7 karde\u015fimizin, s\u0131cac\u0131k bir yemekle karn\u0131 doysun diye bu sofray\u0131 kurduk&#8221; dedi. G\u00fcn\u00fcm\u00fcz ekonomik \u015fartlar\u0131n\u0131n hayat\u0131 zorla\u015ft\u0131rd\u0131\u011f\u0131n\u0131 ve s\u0131cak yeme\u011fe ula\u015fman\u0131n bir\u00e7ok \u00f6\u011frenci i\u00e7in l\u00fcks haline geldi\u011fini belirten Kocag\u00f6z, bu projenin bir sosyal sorumluluk \u00f6rne\u011fi oldu\u011funu vurgulad\u0131. &#8220;Kimse a\u00e7 kalmayacak, kimse yaln\u0131z y\u00fcr\u00fcmeyecek&#8221; ilkesiyle yola \u00e7\u0131kt\u0131klar\u0131n\u0131 dile getiren Ba\u015fkan Kocag\u00f6z, \u00d6\u011frenci Kent Lokantas\u0131&#8217;n\u0131n &#8220;hep birlikte \u00fcreten, hep birlikte payla\u015fan bir anlay\u0131\u015f\u0131n eseri&#8221; oldu\u011funu belirtti. 126 metrekare kapal\u0131 ve 45 metrekare a\u00e7\u0131k alana sahip olan lokanta, 100 \u00f6\u011frencinin ayn\u0131 anda yemek yiyebilece\u011fi kapasiteye sahip. \u00d6\u011frenciler, burada 75 liraya sa\u011fl\u0131kl\u0131, temiz ve doyurucu bir \u00f6\u011f\u00fcn yiyebilecekler. Yemek servisi her g\u00fcn 12.00 &#8211; 14.00 saatleri aras\u0131nda yap\u0131lacak. Bu saatler d\u0131\u015f\u0131nda ise lokantada kahve, kek ve at\u0131\u015ft\u0131rmal\u0131klar da bulunacak. T\u00fcm \u00fcr\u00fcnlerin Kepez Vakf\u0131&#8217;nda titizlikle haz\u0131rland\u0131\u011f\u0131n\u0131 belirten Kocag\u00f6z, hijyen ve kalitenin \u00f6n planda tutuldu\u011funu s\u00f6yledi. Ba\u015fkan Kocag\u00f6z konu\u015fmas\u0131n\u0131, &#8220;Bu kap\u0131, bu sofra, bu emek sizin i\u00e7in, gen\u00e7lerimiz i\u00e7in. Bu kentin yar\u0131n\u0131 i\u00e7in. Birlikte \u00e7al\u0131\u015faca\u011f\u0131z, birlikte \u00fcretece\u011fiz, birlikte payla\u015faca\u011f\u0131z. Kepez&#8217;de sofralar bereketli olacak. Umutlar g\u00fc\u00e7l\u00fc olacak. Gen\u00e7lerin y\u00fcz\u00fc g\u00fclecek. Yar\u0131nlar ayd\u0131nl\u0131k olacak. Ve biz, Kepez &hellip;\" \/>\n<meta property=\"og:url\" content=\"https:\/\/denizcankizil.tr\/en\/haberler\/antalya\/kepezde-ogrenci-kent-lokantasi-acildi\/\" \/>\n<meta property=\"og:site_name\" content=\"Av. Deniz Can K\u0131z\u0131l\" \/>\n<meta property=\"article:published_time\" content=\"2025-05-27T12:41:19+00:00\" \/>\n<meta property=\"og:image\" content=\"https:\/\/denizcankizil.tr\/wp-content\/uploads\/2025\/05\/6570-01-QCRHGU.jpg\" \/>\n\t<meta property=\"og:image:width\" content=\"1280\" \/>\n\t<meta property=\"og:image:height\" content=\"720\" \/>\n\t<meta property=\"og:image:type\" content=\"image\/jpeg\" \/>\n<meta name=\"author\" content=\"Av. Deniz Can K\u0131z\u0131l\" \/>\n<meta name=\"twitter:card\" content=\"summary_large_image\" \/>\n<meta name=\"twitter:label1\" content=\"Written by\" \/>\n\t<meta name=\"twitter:data1\" content=\"Av. Deniz Can K\u0131z\u0131l\" \/>\n\t<meta name=\"twitter:label2\" content=\"Estimated reading time\" \/>\n\t<meta name=\"twitter:data2\" content=\"2 minutes\" \/>\n<script type=\"application\/ld+json\" class=\"yoast-schema-graph\">{\"@context\":\"https:\/\/schema.org\",\"@graph\":[{\"@type\":\"Article\",\"@id\":\"https:\/\/denizcankizil.tr\/en\/haberler\/antalya\/kepezde-ogrenci-kent-lokantasi-acildi\/#article\",\"isPartOf\":{\"@id\":\"https:\/\/denizcankizil.tr\/en\/haberler\/antalya\/kepezde-ogrenci-kent-lokantasi-acildi\/\"},\"author\":{\"name\":\"Av. Deniz Can K\u0131z\u0131l\",\"@id\":\"https:\/\/denizcankizil.tr\/de\/#\/schema\/person\/5dc1b22991bd7ac833867c10afc9b0ff\"},\"headline\":\"Kepez&#8217;de \u00d6\u011frenci Kent Lokantas\u0131 a\u00e7\u0131ld\u0131\",\"datePublished\":\"2025-05-27T12:41:19+00:00\",\"mainEntityOfPage\":{\"@id\":\"https:\/\/denizcankizil.tr\/en\/haberler\/antalya\/kepezde-ogrenci-kent-lokantasi-acildi\/\"},\"wordCount\":382,\"publisher\":{\"@id\":\"https:\/\/denizcankizil.tr\/de\/#organization\"},\"image\":{\"@id\":\"https:\/\/denizcankizil.tr\/en\/haberler\/antalya\/kepezde-ogrenci-kent-lokantasi-acildi\/#primaryimage\"},\"thumbnailUrl\":\"https:\/\/denizcankizil.tr\/wp-content\/uploads\/2025\/05\/6570-01-QCRHGU.jpg\",\"articleSection\":[\"Antalya\"],\"inLanguage\":\"en-GB\"},{\"@type\":\"WebPage\",\"@id\":\"https:\/\/denizcankizil.tr\/en\/haberler\/antalya\/kepezde-ogrenci-kent-lokantasi-acildi\/\",\"url\":\"https:\/\/denizcankizil.tr\/en\/haberler\/antalya\/kepezde-ogrenci-kent-lokantasi-acildi\/\",\"name\":\"Kepez'de \u00d6\u011frenci Kent Lokantas\u0131 a\u00e7\u0131ld\u0131 - Av. Deniz Can K\u0131z\u0131l\",\"isPartOf\":{\"@id\":\"https:\/\/denizcankizil.tr\/de\/#website\"},\"primaryImageOfPage\":{\"@id\":\"https:\/\/denizcankizil.tr\/en\/haberler\/antalya\/kepezde-ogrenci-kent-lokantasi-acildi\/#primaryimage\"},\"image\":{\"@id\":\"https:\/\/denizcankizil.tr\/en\/haberler\/antalya\/kepezde-ogrenci-kent-lokantasi-acildi\/#primaryimage\"},\"thumbnailUrl\":\"https:\/\/denizcankizil.tr\/wp-content\/uploads\/2025\/05\/6570-01-QCRHGU.jpg\",\"datePublished\":\"2025-05-27T12:41:19+00:00\",\"breadcrumb\":{\"@id\":\"https:\/\/denizcankizil.tr\/en\/haberler\/antalya\/kepezde-ogrenci-kent-lokantasi-acildi\/#breadcrumb\"},\"inLanguage\":\"en-GB\",\"potentialAction\":[{\"@type\":\"ReadAction\",\"target\":[\"https:\/\/denizcankizil.tr\/en\/haberler\/antalya\/kepezde-ogrenci-kent-lokantasi-acildi\/\"]}]},{\"@type\":\"ImageObject\",\"inLanguage\":\"en-GB\",\"@id\":\"https:\/\/denizcankizil.tr\/en\/haberler\/antalya\/kepezde-ogrenci-kent-lokantasi-acildi\/#primaryimage\",\"url\":\"https:\/\/denizcankizil.tr\/wp-content\/uploads\/2025\/05\/6570-01-QCRHGU.jpg\",\"contentUrl\":\"https:\/\/denizcankizil.tr\/wp-content\/uploads\/2025\/05\/6570-01-QCRHGU.jpg\",\"width\":1280,\"height\":720},{\"@type\":\"BreadcrumbList\",\"@id\":\"https:\/\/denizcankizil.tr\/en\/haberler\/antalya\/kepezde-ogrenci-kent-lokantasi-acildi\/#breadcrumb\",\"itemListElement\":[{\"@type\":\"ListItem\",\"position\":1,\"name\":\"Home\",\"item\":\"https:\/\/denizcankizil.tr\/de\/\"},{\"@type\":\"ListItem\",\"position\":2,\"name\":\"Kepez&#8217;de \u00d6\u011frenci Kent Lokantas\u0131 a\u00e7\u0131ld\u0131\"}]},{\"@type\":\"WebSite\",\"@id\":\"https:\/\/denizcankizil.tr\/de\/#website\",\"url\":\"https:\/\/denizcankizil.tr\/de\/\",\"name\":\"Av. Deniz Can K\u0131z\u0131l\",\"description\":\"Avukat Deniz Can K\u0131z\u0131l Antalya Barosu\",\"publisher\":{\"@id\":\"https:\/\/denizcankizil.tr\/de\/#organization\"},\"potentialAction\":[{\"@type\":\"SearchAction\",\"target\":{\"@type\":\"EntryPoint\",\"urlTemplate\":\"https:\/\/denizcankizil.tr\/de\/?s={search_term_string}\"},\"query-input\":{\"@type\":\"PropertyValueSpecification\",\"valueRequired\":true,\"valueName\":\"search_term_string\"}}],\"inLanguage\":\"en-GB\"},{\"@type\":\"Organization\",\"@id\":\"https:\/\/denizcankizil.tr\/de\/#organization\",\"name\":\"Av. Deniz Can K\u0131z\u0131l\",\"url\":\"https:\/\/denizcankizil.tr\/de\/\",\"logo\":{\"@type\":\"ImageObject\",\"inLanguage\":\"en-GB\",\"@id\":\"https:\/\/denizcankizil.tr\/de\/#\/schema\/logo\/image\/\",\"url\":\"https:\/\/denizcankizil.tr\/wp-content\/uploads\/2024\/10\/siyah-logo-svg.svg\",\"contentUrl\":\"https:\/\/denizcankizil.tr\/wp-content\/uploads\/2024\/10\/siyah-logo-svg.svg\",\"width\":1080,\"height\":1080,\"caption\":\"Av. Deniz Can K\u0131z\u0131l\"},\"image\":{\"@id\":\"https:\/\/denizcankizil.tr\/de\/#\/schema\/logo\/image\/\"}},{\"@type\":\"Person\",\"@id\":\"https:\/\/denizcankizil.tr\/de\/#\/schema\/person\/5dc1b22991bd7ac833867c10afc9b0ff\",\"name\":\"Av. Deniz Can K\u0131z\u0131l\",\"image\":{\"@type\":\"ImageObject\",\"inLanguage\":\"en-GB\",\"@id\":\"https:\/\/denizcankizil.tr\/de\/#\/schema\/person\/image\/\",\"url\":\"https:\/\/secure.gravatar.com\/avatar\/a0b128fb9855c79efc976d5640eedb31dc35ec297594d6016d2cf7c60e975bb6?s=96&d=mm&r=g\",\"contentUrl\":\"https:\/\/secure.gravatar.com\/avatar\/a0b128fb9855c79efc976d5640eedb31dc35ec297594d6016d2cf7c60e975bb6?s=96&d=mm&r=g\",\"caption\":\"Av. Deniz Can K\u0131z\u0131l\"},\"sameAs\":[\"http:\/\/www.denizcankizil.tr\"],\"url\":\"https:\/\/denizcankizil.tr\/en\/author\/denizcankizil\/\"}]}<\/script>\n<!-- \/ Yoast SEO Premium plugin. -->","yoast_head_json":{"title":"Kepez'de \u00d6\u011frenci Kent Lokantas\u0131 a\u00e7\u0131ld\u0131 - Av. Deniz Can K\u0131z\u0131l","robots":{"index":"index","follow":"follow","max-snippet":"max-snippet:-1","max-image-preview":"max-image-preview:large","max-video-preview":"max-video-preview:-1"},"canonical":"https:\/\/denizcankizil.tr\/en\/haberler\/antalya\/kepezde-ogrenci-kent-lokantasi-acildi\/","og_locale":"en_GB","og_type":"article","og_title":"Kepez'de \u00d6\u011frenci Kent Lokantas\u0131 a\u00e7\u0131ld\u0131","og_description":"\u00d6\u011frenci Kent Lokantas\u0131&#8217;n\u0131n a\u00e7\u0131l\u0131\u015f\u0131nda konu\u015fma yapan Kepez Belediye Ba\u015fkan\u0131 Mesut Kocag\u00f6z, \u00f6zellikle gen\u00e7ler ve \u00e7ocuklara y\u00f6nelik projelere verdi\u011fi \u00f6neme dikkat \u00e7ekerek, &#8220;Gen\u00e7lerimizin y\u00fck\u00fcn\u00fc hafifletmek, hayallerinin \u00f6n\u00fcndeki engelleri kald\u0131rmak i\u00e7in var\u0131z. Bir gen\u00e7 karde\u015fimizin, s\u0131cac\u0131k bir yemekle karn\u0131 doysun diye bu sofray\u0131 kurduk&#8221; dedi. G\u00fcn\u00fcm\u00fcz ekonomik \u015fartlar\u0131n\u0131n hayat\u0131 zorla\u015ft\u0131rd\u0131\u011f\u0131n\u0131 ve s\u0131cak yeme\u011fe ula\u015fman\u0131n bir\u00e7ok \u00f6\u011frenci i\u00e7in l\u00fcks haline geldi\u011fini belirten Kocag\u00f6z, bu projenin bir sosyal sorumluluk \u00f6rne\u011fi oldu\u011funu vurgulad\u0131. &#8220;Kimse a\u00e7 kalmayacak, kimse yaln\u0131z y\u00fcr\u00fcmeyecek&#8221; ilkesiyle yola \u00e7\u0131kt\u0131klar\u0131n\u0131 dile getiren Ba\u015fkan Kocag\u00f6z, \u00d6\u011frenci Kent Lokantas\u0131&#8217;n\u0131n &#8220;hep birlikte \u00fcreten, hep birlikte payla\u015fan bir anlay\u0131\u015f\u0131n eseri&#8221; oldu\u011funu belirtti. 126 metrekare kapal\u0131 ve 45 metrekare a\u00e7\u0131k alana sahip olan lokanta, 100 \u00f6\u011frencinin ayn\u0131 anda yemek yiyebilece\u011fi kapasiteye sahip. \u00d6\u011frenciler, burada 75 liraya sa\u011fl\u0131kl\u0131, temiz ve doyurucu bir \u00f6\u011f\u00fcn yiyebilecekler. Yemek servisi her g\u00fcn 12.00 &#8211; 14.00 saatleri aras\u0131nda yap\u0131lacak. Bu saatler d\u0131\u015f\u0131nda ise lokantada kahve, kek ve at\u0131\u015ft\u0131rmal\u0131klar da bulunacak. T\u00fcm \u00fcr\u00fcnlerin Kepez Vakf\u0131&#8217;nda titizlikle haz\u0131rland\u0131\u011f\u0131n\u0131 belirten Kocag\u00f6z, hijyen ve kalitenin \u00f6n planda tutuldu\u011funu s\u00f6yledi. Ba\u015fkan Kocag\u00f6z konu\u015fmas\u0131n\u0131, &#8220;Bu kap\u0131, bu sofra, bu emek sizin i\u00e7in, gen\u00e7lerimiz i\u00e7in. Bu kentin yar\u0131n\u0131 i\u00e7in. Birlikte \u00e7al\u0131\u015faca\u011f\u0131z, birlikte \u00fcretece\u011fiz, birlikte payla\u015faca\u011f\u0131z. Kepez&#8217;de sofralar bereketli olacak. Umutlar g\u00fc\u00e7l\u00fc olacak. Gen\u00e7lerin y\u00fcz\u00fc g\u00fclecek. Yar\u0131nlar ayd\u0131nl\u0131k olacak. Ve biz, Kepez &hellip;","og_url":"https:\/\/denizcankizil.tr\/en\/haberler\/antalya\/kepezde-ogrenci-kent-lokantasi-acildi\/","og_site_name":"Av. Deniz Can K\u0131z\u0131l","article_published_time":"2025-05-27T12:41:19+00:00","og_image":[{"width":1280,"height":720,"url":"https:\/\/denizcankizil.tr\/wp-content\/uploads\/2025\/05\/6570-01-QCRHGU.jpg","type":"image\/jpeg"}],"author":"Av. Deniz Can K\u0131z\u0131l","twitter_card":"summary_large_image","twitter_misc":{"Written by":"Av. Deniz Can K\u0131z\u0131l","Estimated reading time":"2 minutes"},"schema":{"@context":"https:\/\/schema.org","@graph":[{"@type":"Article","@id":"https:\/\/denizcankizil.tr\/en\/haberler\/antalya\/kepezde-ogrenci-kent-lokantasi-acildi\/#article","isPartOf":{"@id":"https:\/\/denizcankizil.tr\/en\/haberler\/antalya\/kepezde-ogrenci-kent-lokantasi-acildi\/"},"author":{"name":"Av. Deniz Can K\u0131z\u0131l","@id":"https:\/\/denizcankizil.tr\/de\/#\/schema\/person\/5dc1b22991bd7ac833867c10afc9b0ff"},"headline":"Kepez&#8217;de \u00d6\u011frenci Kent Lokantas\u0131 a\u00e7\u0131ld\u0131","datePublished":"2025-05-27T12:41:19+00:00","mainEntityOfPage":{"@id":"https:\/\/denizcankizil.tr\/en\/haberler\/antalya\/kepezde-ogrenci-kent-lokantasi-acildi\/"},"wordCount":382,"publisher":{"@id":"https:\/\/denizcankizil.tr\/de\/#organization"},"image":{"@id":"https:\/\/denizcankizil.tr\/en\/haberler\/antalya\/kepezde-ogrenci-kent-lokantasi-acildi\/#primaryimage"},"thumbnailUrl":"https:\/\/denizcankizil.tr\/wp-content\/uploads\/2025\/05\/6570-01-QCRHGU.jpg","articleSection":["Antalya"],"inLanguage":"en-GB"},{"@type":"WebPage","@id":"https:\/\/denizcankizil.tr\/en\/haberler\/antalya\/kepezde-ogrenci-kent-lokantasi-acildi\/","url":"https:\/\/denizcankizil.tr\/en\/haberler\/antalya\/kepezde-ogrenci-kent-lokantasi-acildi\/","name":"Kepez'de \u00d6\u011frenci Kent Lokantas\u0131 a\u00e7\u0131ld\u0131 - Av. Deniz Can K\u0131z\u0131l","isPartOf":{"@id":"https:\/\/denizcankizil.tr\/de\/#website"},"primaryImageOfPage":{"@id":"https:\/\/denizcankizil.tr\/en\/haberler\/antalya\/kepezde-ogrenci-kent-lokantasi-acildi\/#primaryimage"},"image":{"@id":"https:\/\/denizcankizil.tr\/en\/haberler\/antalya\/kepezde-ogrenci-kent-lokantasi-acildi\/#primaryimage"},"thumbnailUrl":"https:\/\/denizcankizil.tr\/wp-content\/uploads\/2025\/05\/6570-01-QCRHGU.jpg","datePublished":"2025-05-27T12:41:19+00:00","breadcrumb":{"@id":"https:\/\/denizcankizil.tr\/en\/haberler\/antalya\/kepezde-ogrenci-kent-lokantasi-acildi\/#breadcrumb"},"inLanguage":"en-GB","potentialAction":[{"@type":"ReadAction","target":["https:\/\/denizcankizil.tr\/en\/haberler\/antalya\/kepezde-ogrenci-kent-lokantasi-acildi\/"]}]},{"@type":"ImageObject","inLanguage":"en-GB","@id":"https:\/\/denizcankizil.tr\/en\/haberler\/antalya\/kepezde-ogrenci-kent-lokantasi-acildi\/#primaryimage","url":"https:\/\/denizcankizil.tr\/wp-content\/uploads\/2025\/05\/6570-01-QCRHGU.jpg","contentUrl":"https:\/\/denizcankizil.tr\/wp-content\/uploads\/2025\/05\/6570-01-QCRHGU.jpg","width":1280,"height":720},{"@type":"BreadcrumbList","@id":"https:\/\/denizcankizil.tr\/en\/haberler\/antalya\/kepezde-ogrenci-kent-lokantasi-acildi\/#breadcrumb","itemListElement":[{"@type":"ListItem","position":1,"name":"Home","item":"https:\/\/denizcankizil.tr\/de\/"},{"@type":"ListItem","position":2,"name":"Kepez&#8217;de \u00d6\u011frenci Kent Lokantas\u0131 a\u00e7\u0131ld\u0131"}]},{"@type":"WebSite","@id":"https:\/\/denizcankizil.tr\/de\/#website","url":"https:\/\/denizcankizil.tr\/de\/","name":"Av. Deniz Can K\u0131z\u0131l","description":"Avukat Deniz Can K\u0131z\u0131l Antalya Barosu","publisher":{"@id":"https:\/\/denizcankizil.tr\/de\/#organization"},"potentialAction":[{"@type":"SearchAction","target":{"@type":"EntryPoint","urlTemplate":"https:\/\/denizcankizil.tr\/de\/?s={search_term_string}"},"query-input":{"@type":"PropertyValueSpecification","valueRequired":true,"valueName":"search_term_string"}}],"inLanguage":"en-GB"},{"@type":"Organization","@id":"https:\/\/denizcankizil.tr\/de\/#organization","name":"Av. Deniz Can K\u0131z\u0131l","url":"https:\/\/denizcankizil.tr\/de\/","logo":{"@type":"ImageObject","inLanguage":"en-GB","@id":"https:\/\/denizcankizil.tr\/de\/#\/schema\/logo\/image\/","url":"https:\/\/denizcankizil.tr\/wp-content\/uploads\/2024\/10\/siyah-logo-svg.svg","contentUrl":"https:\/\/denizcankizil.tr\/wp-content\/uploads\/2024\/10\/siyah-logo-svg.svg","width":1080,"height":1080,"caption":"Av. Deniz Can K\u0131z\u0131l"},"image":{"@id":"https:\/\/denizcankizil.tr\/de\/#\/schema\/logo\/image\/"}},{"@type":"Person","@id":"https:\/\/denizcankizil.tr\/de\/#\/schema\/person\/5dc1b22991bd7ac833867c10afc9b0ff","name":"Av. Deniz Can K\u0131z\u0131l","image":{"@type":"ImageObject","inLanguage":"en-GB","@id":"https:\/\/denizcankizil.tr\/de\/#\/schema\/person\/image\/","url":"https:\/\/secure.gravatar.com\/avatar\/a0b128fb9855c79efc976d5640eedb31dc35ec297594d6016d2cf7c60e975bb6?s=96&d=mm&r=g","contentUrl":"https:\/\/secure.gravatar.com\/avatar\/a0b128fb9855c79efc976d5640eedb31dc35ec297594d6016d2cf7c60e975bb6?s=96&d=mm&r=g","caption":"Av. Deniz Can K\u0131z\u0131l"},"sameAs":["http:\/\/www.denizcankizil.tr"],"url":"https:\/\/denizcankizil.tr\/en\/author\/denizcankizil\/"}]}},"_links":{"self":[{"href":"https:\/\/denizcankizil.tr\/en\/wp-json\/wp\/v2\/posts\/98466","targetHints":{"allow":["GET"]}}],"collection":[{"href":"https:\/\/denizcankizil.tr\/en\/wp-json\/wp\/v2\/posts"}],"about":[{"href":"https:\/\/denizcankizil.tr\/en\/wp-json\/wp\/v2\/types\/post"}],"author":[{"embeddable":true,"href":"https:\/\/denizcankizil.tr\/en\/wp-json\/wp\/v2\/users\/4"}],"replies":[{"embeddable":true,"href":"https:\/\/denizcankizil.tr\/en\/wp-json\/wp\/v2\/comments?post=98466"}],"version-history":[{"count":0,"href":"https:\/\/denizcankizil.tr\/en\/wp-json\/wp\/v2\/posts\/98466\/revisions"}],"wp:featuredmedia":[{"embeddable":true,"href":"https:\/\/denizcankizil.tr\/en\/wp-json\/wp\/v2\/media\/98467"}],"wp:attachment":[{"href":"https:\/\/denizcankizil.tr\/en\/wp-json\/wp\/v2\/media?parent=98466"}],"wp:term":[{"taxonomy":"category","embeddable":true,"href":"https:\/\/denizcankizil.tr\/en\/wp-json\/wp\/v2\/categories?post=98466"},{"taxonomy":"post_tag","embeddable":true,"href":"https:\/\/denizcankizil.tr\/en\/wp-json\/wp\/v2\/tags?post=98466"}],"curies":[{"name":"wp","href":"https:\/\/api.w.org\/{rel}","templated":true}]}}