{"id":98364,"date":"2025-05-27T12:42:29","date_gmt":"2025-05-27T09:42:29","guid":{"rendered":"https:\/\/denizcankizil.tr\/uncategorized-tr\/kiyi-ege-belediyeler-birligi-mayis-ayi-olagan-meclis-toplantisi-gerceklestirildi-2\/"},"modified":"2025-05-27T12:42:29","modified_gmt":"2025-05-27T09:42:29","slug":"kiyi-ege-belediyeler-birligi-mayis-ayi-olagan-meclis-toplantisi-gerceklestirildi-2","status":"publish","type":"post","link":"https:\/\/denizcankizil.tr\/en\/haberler\/gundem\/kiyi-ege-belediyeler-birligi-mayis-ayi-olagan-meclis-toplantisi-gerceklestirildi-2\/","title":{"rendered":"K\u0131y\u0131 Ege Belediyeler Birli\u011fi may\u0131s ay\u0131 ola\u011fan meclis toplant\u0131s\u0131 ger\u00e7ekle\u015ftirildi"},"content":{"rendered":"<p>K\u0131y\u0131 Ege Belediyeler Birli\u011fi\u2019nin May\u0131s ay\u0131 ola\u011fan meclis toplant\u0131s\u0131, \u0130zmir\u2019de K\u0131y\u0131 Ege Belediyeler Birli\u011fi ve Mu\u011fla B\u00fcy\u00fck\u015fehir Belediye Ba\u015fkan\u0131 Ahmet Aras\u2019\u0131n kat\u0131l\u0131m\u0131yla d\u00fczenlendi.MU\u011eLA (\u0130GFA) &#8211; Toplant\u0131ya birlik \u00fcyesi belediyelerin ba\u015fkanlar\u0131, temsilcileri ve belediye meclis \u00fcyeleri kat\u0131ld\u0131. Geni\u015f kat\u0131l\u0131mla ger\u00e7ekle\u015ftirilen oturumda yerel y\u00f6netimlerin kar\u015f\u0131la\u015ft\u0131\u011f\u0131 ortak sorunlar masaya yat\u0131r\u0131l\u0131rken, birlik b\u00fcnyesindeki kurumsal yap\u0131lanmalar ve yeni d\u00f6nem vizyonu da \u015fekillendirildi.<br \/>\nToplant\u0131 g\u00fcndeminde; 2024 y\u0131l\u0131 faaliyet raporunun g\u00f6r\u00fc\u015f\u00fclmesi ve oylanmas\u0131, 2024 mali y\u0131l\u0131 kesin hesab\u0131n\u0131n kabul\u00fc, birli\u011fe yeni \u00fcyelik ba\u015fvurular\u0131n\u0131n de\u011ferlendirilmesi, enc\u00fcmen \u00fcyeleri ile ihtisas komisyonlar\u0131n\u0131n belirlenmesi yer ald\u0131. Plan ve B\u00fct\u00e7e, \u0130mar, K\u00fclt\u00fcr ve Turizm, \u00c7evre ve Sa\u011fl\u0131k, Tar\u0131m, Hayvan Haklar\u0131, Cinsiyet E\u015fitli\u011fi, Mahalli \u0130dareler, D\u0131\u015f \u0130li\u015fkiler ve Hukuk Komisyonlar\u0131 yeniden yap\u0131land\u0131r\u0131larak \u00fcyeleri g\u00fcncellendi.Ayr\u0131ca T\u00fcrkiye Belediyeler Birli\u011fi ve K\u0131y\u0131 Ege Belediyeler Birli\u011fi i\u015f birli\u011fiyle d\u00fczenlenen mevzuat bilgilendirme e\u011fitimi de kat\u0131l\u0131mc\u0131lara sunuldu.<br \/>\n\u201cBELED\u0130YELER SADECE H\u0130ZMET DE\u011e\u0130L, DAYANI\u015eMA \u00dcRET\u0130R\u201d<br \/>\nToplant\u0131n\u0131n a\u00e7\u0131l\u0131\u015f konu\u015fmas\u0131n\u0131 yapan K\u0131y\u0131 Ege Belediyeler Birli\u011fi ve Mu\u011fla B\u00fcy\u00fck\u015fehir Belediye Ba\u015fkan\u0131 Ahmet Aras, birlik ve dayan\u0131\u015fman\u0131n \u00f6nemine vurgu yaparak, al\u0131nacak kararlar\u0131n belediyeler aras\u0131 i\u015f birli\u011fini daha da g\u00fc\u00e7lendirece\u011fini s\u00f6yledi.<br \/>\n\u201cBelediyeler yaln\u0131zca hizmet \u00fcretmez; bar\u0131\u015f\u0131n, \u00f6zg\u00fcrl\u00fc\u011f\u00fcn ve sosyal dayan\u0131\u015fman\u0131n v\u00fccut buldu\u011fu kurumlard\u0131r,\u201d diyenBa\u015fkan  Aras, hukukun \u00fcst\u00fcnl\u00fc\u011f\u00fcnden taviz vermeden hizmet \u00fcretmeye devam ettiklerini belirtti.<\/p>\n<p>\u201cD\u0130REN\u00c7L\u0130 VE KATILIMCI KENTLER V\u0130ZYONUMUZUN TEMEL\u0130D\u0130R\u201d<br \/>\nBirlik \u00e7at\u0131s\u0131 alt\u0131nda y\u00fcr\u00fct\u00fclen \u00e7al\u0131\u015fmalar\u0131 aktaran Ba\u015fkan Aras, \u201cKad\u0131n ve gen\u00e7lik merkezleri kurduk, ak\u0131ll\u0131 kentler ve dijital belediyecilik \u00fczerine \u00e7al\u0131\u015fmalar d\u00fczenledik. Yerel y\u00f6netimlerin mali yap\u0131s\u0131n\u0131 \u015fekillendirdik, deprem ve afet diren\u00e7li kentler konusunda \u00f6nemli ad\u0131mlar att\u0131k. \u0130klim krizine kar\u015f\u0131 susuz peyzaj uygulamas\u0131n\u0131 ba\u015flatt\u0131k,\u201d diye konu\u015ftu.<br \/>\nK\u0131y\u0131 Ege Belediyeler Birli\u011fi\u2019nin vizyonunu da payla\u015fan Ba\u015fkan Aras, bu ba\u015fl\u0131klar\u0131 \u015f\u00f6yle s\u0131ralad\u0131:Diren\u00e7li kentler, ak\u0131ll\u0131 kentler, dijital d\u00f6n\u00fc\u015f\u00fcm, sosyal dayan\u0131\u015fma ve e\u015fitlik, kapsay\u0131c\u0131 ve kat\u0131l\u0131mc\u0131 belediyecilik, kad\u0131nlar\u0131n, gen\u00e7lerin ve dezavantajl\u0131 gruplar\u0131n kent y\u00f6netimine kat\u0131l\u0131m\u0131, \u00e7evre dostu ve su kaynaklar\u0131n\u0131 koruyan kentler, yerel diplomasi ve uluslararas\u0131 i\u015f birli\u011fi.<br \/>\n\u201cBELED\u0130YELER GEL\u0130R KAYBI YA\u015eIYOR, YATIRIM YAPMAKTA ZORLANIYOR\u201d<br \/>\nBelediyelerin ciddi ekonomik sorunlarla kar\u015f\u0131 kar\u015f\u0131ya oldu\u011funa dikkat \u00e7eken Ba\u015fkan Aras, \u201cArtan maliyetler, y\u00fcksek enflasyon ve sabit kalan b\u00fct\u00e7e paylar\u0131 nedeniyle belediyeler b\u0131rak\u0131n yat\u0131r\u0131m yapmay\u0131, maa\u015f \u00f6demekte bile zorlan\u0131yor. Belediyeler hizmet \u00fcretmek yerine bor\u00e7la m\u00fccadele etmek zorunda kal\u0131yor,\u201d ifadelerini kulland\u0131.<br \/>\nTurizm b\u00f6lgelerinde n\u00fcfusun mevsimsel olarak katland\u0131\u011f\u0131n\u0131 hat\u0131rlatan Ba\u015fkan Aras, \u201cMu\u011fla\u2019n\u0131n n\u00fcfusu k\u0131\u015f\u0131n 1 milyon, yaz\u0131n ise 7 milyonu buluyor. Ancak biz merkezi b\u00fct\u00e7eden sadece 1 milyonluk n\u00fcfusa g\u00f6re pay al\u0131yoruz. Bu adil de\u011fil,\u201d dedi.<br \/>\n\u201cMU\u011eLA\u2019NIN ALTYAPI SORUNU \u0130\u00c7\u0130N F\u0130NANSMAN HAZIR, ONAY BEKL\u0130YOR\u201d<br \/>\nKonu\u015fmas\u0131nda Mu\u011fla\u2019daki altyap\u0131 sorunlar\u0131na da de\u011finen Ba\u015fkan  Aras, \u201cS\u00fcrekli patlayan su borular\u0131 i\u00e7in yurt d\u0131\u015f\u0131ndan 62 milyon Euro kredi bulduk. Biz bu krediyi geri \u00f6demeye haz\u0131r\u0131z ama yat\u0131r\u0131m plan\u0131na al\u0131nmad\u0131,\u201d diyerek yetkililerden \u00e7\u00f6z\u00fcm beklediklerini ifade etti.<\/p>\n<p>\u200bK\u0131y\u0131 Ege Belediyeler Birli\u011fi\u2019nin May\u0131s ay\u0131 ola\u011fan meclis toplant\u0131s\u0131, \u0130zmir\u2019de K\u0131y\u0131 Ege Belediyeler Birli\u011fi ve Mu\u011fla B\u00fcy\u00fck\u015fehir Belediye Ba\u015fkan\u0131 Ahmet Aras\u2019\u0131n kat\u0131l\u0131m\u0131yla d\u00fczenlendi.MU\u011eLA (\u0130GFA) &#8211; Toplant\u0131ya birlik \u00fcyesi belediyelerin ba\u015fkanlar\u0131, temsilcileri ve belediye meclis \u00fcyeleri kat\u0131ld\u0131. Geni\u015f kat\u0131l\u0131mla ger\u00e7ekle\u015ftirilen oturumda yerel y\u00f6netimlerin kar\u015f\u0131la\u015ft\u0131\u011f\u0131 ortak sorunlar masaya yat\u0131r\u0131l\u0131rken, birlik b\u00fcnyesindeki kurumsal yap\u0131lanmalar ve yeni d\u00f6nem vizyonu da \u015fekillendirildi.<br \/>\nToplant\u0131 g\u00fcndeminde; 2024 y\u0131l\u0131 faaliyet raporunun g\u00f6r\u00fc\u015f\u00fclmesi ve oylanmas\u0131, 2024 mali y\u0131l\u0131 kesin hesab\u0131n\u0131n kabul\u00fc, birli\u011fe yeni \u00fcyelik ba\u015fvurular\u0131n\u0131n de\u011ferlendirilmesi, enc\u00fcmen \u00fcyeleri ile ihtisas komisyonlar\u0131n\u0131n belirlenmesi yer ald\u0131. Plan ve B\u00fct\u00e7e, \u0130mar, K\u00fclt\u00fcr ve Turizm, \u00c7evre ve Sa\u011fl\u0131k, Tar\u0131m, Hayvan Haklar\u0131, Cinsiyet E\u015fitli\u011fi, Mahalli \u0130dareler, D\u0131\u015f \u0130li\u015fkiler ve Hukuk Komisyonlar\u0131 yeniden yap\u0131land\u0131r\u0131larak \u00fcyeleri g\u00fcncellendi.Ayr\u0131ca T\u00fcrkiye Belediyeler Birli\u011fi ve K\u0131y\u0131 Ege Belediyeler Birli\u011fi i\u015f birli\u011fiyle d\u00fczenlenen mevzuat bilgilendirme e\u011fitimi de kat\u0131l\u0131mc\u0131lara sunuldu.<br \/>\n\u201cBELED\u0130YELER SADECE H\u0130ZMET DE\u011e\u0130L, DAYANI\u015eMA \u00dcRET\u0130R\u201d<br \/>\nToplant\u0131n\u0131n a\u00e7\u0131l\u0131\u015f konu\u015fmas\u0131n\u0131 yapan K\u0131y\u0131 Ege Belediyeler Birli\u011fi ve Mu\u011fla B\u00fcy\u00fck\u015fehir Belediye Ba\u015fkan\u0131 Ahmet Aras, birlik ve dayan\u0131\u015fman\u0131n \u00f6nemine vurgu yaparak, al\u0131nacak kararlar\u0131n belediyeler aras\u0131 i\u015f birli\u011fini daha da g\u00fc\u00e7lendirece\u011fini s\u00f6yledi.<br \/>\n\u201cBelediyeler yaln\u0131zca hizmet \u00fcretmez; bar\u0131\u015f\u0131n, \u00f6zg\u00fcrl\u00fc\u011f\u00fcn ve sosyal dayan\u0131\u015fman\u0131n v\u00fccut buldu\u011fu kurumlard\u0131r,\u201d diyenBa\u015fkan  Aras, hukukun \u00fcst\u00fcnl\u00fc\u011f\u00fcnden taviz vermeden hizmet \u00fcretmeye devam ettiklerini belirtti.<\/p>\n<p>\u201cD\u0130REN\u00c7L\u0130 VE KATILIMCI KENTLER V\u0130ZYONUMUZUN TEMEL\u0130D\u0130R\u201d<br \/>\nBirlik \u00e7at\u0131s\u0131 alt\u0131nda y\u00fcr\u00fct\u00fclen \u00e7al\u0131\u015fmalar\u0131 aktaran Ba\u015fkan Aras, \u201cKad\u0131n ve gen\u00e7lik merkezleri kurduk, ak\u0131ll\u0131 kentler ve dijital belediyecilik \u00fczerine \u00e7al\u0131\u015fmalar d\u00fczenledik. Yerel y\u00f6netimlerin mali yap\u0131s\u0131n\u0131 \u015fekillendirdik, deprem ve afet diren\u00e7li kentler konusunda \u00f6nemli ad\u0131mlar att\u0131k. \u0130klim krizine kar\u015f\u0131 susuz peyzaj uygulamas\u0131n\u0131 ba\u015flatt\u0131k,\u201d diye konu\u015ftu.<br \/>\nK\u0131y\u0131 Ege Belediyeler Birli\u011fi\u2019nin vizyonunu da payla\u015fan Ba\u015fkan Aras, bu ba\u015fl\u0131klar\u0131 \u015f\u00f6yle s\u0131ralad\u0131:Diren\u00e7li kentler, ak\u0131ll\u0131 kentler, dijital d\u00f6n\u00fc\u015f\u00fcm, sosyal dayan\u0131\u015fma ve e\u015fitlik, kapsay\u0131c\u0131 ve kat\u0131l\u0131mc\u0131 belediyecilik, kad\u0131nlar\u0131n, gen\u00e7lerin ve dezavantajl\u0131 gruplar\u0131n kent y\u00f6netimine kat\u0131l\u0131m\u0131, \u00e7evre dostu ve su kaynaklar\u0131n\u0131 koruyan kentler, yerel diplomasi ve uluslararas\u0131 i\u015f birli\u011fi.<br \/>\n\u201cBELED\u0130YELER GEL\u0130R KAYBI YA\u015eIYOR, YATIRIM YAPMAKTA ZORLANIYOR\u201d<br \/>\nBelediyelerin ciddi ekonomik sorunlarla kar\u015f\u0131 kar\u015f\u0131ya oldu\u011funa dikkat \u00e7eken Ba\u015fkan Aras, \u201cArtan maliyetler, y\u00fcksek enflasyon ve sabit kalan b\u00fct\u00e7e paylar\u0131 nedeniyle belediyeler b\u0131rak\u0131n yat\u0131r\u0131m yapmay\u0131, maa\u015f \u00f6demekte bile zorlan\u0131yor. Belediyeler hizmet \u00fcretmek yerine bor\u00e7la m\u00fccadele etmek zorunda kal\u0131yor,\u201d ifadelerini kulland\u0131.<br \/>\nTurizm b\u00f6lgelerinde n\u00fcfusun mevsimsel olarak katland\u0131\u011f\u0131n\u0131 hat\u0131rlatan Ba\u015fkan Aras, \u201cMu\u011fla\u2019n\u0131n n\u00fcfusu k\u0131\u015f\u0131n 1 milyon, yaz\u0131n ise 7 milyonu buluyor. Ancak biz merkezi b\u00fct\u00e7eden sadece 1 milyonluk n\u00fcfusa g\u00f6re pay al\u0131yoruz. Bu adil de\u011fil,\u201d dedi.<br \/>\n\u201cMU\u011eLA\u2019NIN ALTYAPI SORUNU \u0130\u00c7\u0130N F\u0130NANSMAN HAZIR, ONAY BEKL\u0130YOR\u201d<br \/>\nKonu\u015fmas\u0131nda Mu\u011fla\u2019daki altyap\u0131 sorunlar\u0131na da de\u011finen Ba\u015fkan  Aras, \u201cS\u00fcrekli patlayan su borular\u0131 i\u00e7in yurt d\u0131\u015f\u0131ndan 62 milyon Euro kredi bulduk. Biz bu krediyi geri \u00f6demeye haz\u0131r\u0131z ama yat\u0131r\u0131m plan\u0131na al\u0131nmad\u0131,\u201d diyerek yetkililerden \u00e7\u00f6z\u00fcm beklediklerini ifade etti.\u00a0<\/p>\n<p>\u200bHaberin Al\u0131nt\u0131land\u0131\u011f\u0131 Kaynak: www.iskenderun.org<\/p>","protected":false},"excerpt":{"rendered":"<p>K\u0131y\u0131 Ege Belediyeler Birli\u011fi\u2019nin May\u0131s ay\u0131 ola\u011fan meclis toplant\u0131s\u0131, \u0130zmir\u2019de K\u0131y\u0131 Ege Belediyeler Birli\u011fi ve Mu\u011fla B\u00fcy\u00fck\u015fehir Belediye Ba\u015fkan\u0131 Ahmet Aras\u2019\u0131n kat\u0131l\u0131m\u0131yla d\u00fczenlendi.MU\u011eLA (\u0130GFA) &#8211; Toplant\u0131ya birlik \u00fcyesi belediyelerin ba\u015fkanlar\u0131, temsilcileri ve belediye meclis \u00fcyeleri kat\u0131ld\u0131. Geni\u015f kat\u0131l\u0131mla ger\u00e7ekle\u015ftirilen oturumda yerel y\u00f6netimlerin kar\u015f\u0131la\u015ft\u0131\u011f\u0131 ortak sorunlar masaya yat\u0131r\u0131l\u0131rken, birlik b\u00fcnyesindeki kurumsal yap\u0131lanmalar ve yeni d\u00f6nem vizyonu da \u015fekillendirildi. Toplant\u0131 g\u00fcndeminde; 2024 y\u0131l\u0131 faaliyet raporunun g\u00f6r\u00fc\u015f\u00fclmesi ve oylanmas\u0131, 2024 mali y\u0131l\u0131 kesin hesab\u0131n\u0131n kabul\u00fc, birli\u011fe yeni \u00fcyelik ba\u015fvurular\u0131n\u0131n de\u011ferlendirilmesi, enc\u00fcmen \u00fcyeleri ile ihtisas komisyonlar\u0131n\u0131n belirlenmesi yer ald\u0131. Plan ve B\u00fct\u00e7e, \u0130mar, K\u00fclt\u00fcr ve Turizm, \u00c7evre ve Sa\u011fl\u0131k, Tar\u0131m, Hayvan Haklar\u0131, Cinsiyet E\u015fitli\u011fi, Mahalli \u0130dareler, D\u0131\u015f \u0130li\u015fkiler ve Hukuk Komisyonlar\u0131 yeniden yap\u0131land\u0131r\u0131larak \u00fcyeleri g\u00fcncellendi.Ayr\u0131ca T\u00fcrkiye Belediyeler Birli\u011fi ve K\u0131y\u0131 Ege Belediyeler Birli\u011fi i\u015f birli\u011fiyle d\u00fczenlenen mevzuat bilgilendirme e\u011fitimi de kat\u0131l\u0131mc\u0131lara sunuldu. \u201cBELED\u0130YELER SADECE H\u0130ZMET DE\u011e\u0130L, DAYANI\u015eMA \u00dcRET\u0130R\u201d Toplant\u0131n\u0131n a\u00e7\u0131l\u0131\u015f konu\u015fmas\u0131n\u0131 yapan K\u0131y\u0131 Ege Belediyeler Birli\u011fi ve Mu\u011fla B\u00fcy\u00fck\u015fehir Belediye Ba\u015fkan\u0131 Ahmet Aras, birlik ve dayan\u0131\u015fman\u0131n \u00f6nemine vurgu yaparak, al\u0131nacak kararlar\u0131n belediyeler aras\u0131 i\u015f birli\u011fini daha da g\u00fc\u00e7lendirece\u011fini s\u00f6yledi. \u201cBelediyeler yaln\u0131zca hizmet \u00fcretmez; bar\u0131\u015f\u0131n, \u00f6zg\u00fcrl\u00fc\u011f\u00fcn ve sosyal dayan\u0131\u015fman\u0131n v\u00fccut buldu\u011fu kurumlard\u0131r,\u201d diyenBa\u015fkan Aras, hukukun \u00fcst\u00fcnl\u00fc\u011f\u00fcnden taviz vermeden hizmet \u00fcretmeye devam ettiklerini belirtti. \u201cD\u0130REN\u00c7L\u0130 VE KATILIMCI KENTLER V\u0130ZYONUMUZUN TEMEL\u0130D\u0130R\u201d Birlik \u00e7at\u0131s\u0131 alt\u0131nda y\u00fcr\u00fct\u00fclen \u00e7al\u0131\u015fmalar\u0131 aktaran &hellip;<\/p>","protected":false},"author":1,"featured_media":0,"comment_status":"","ping_status":"open","sticky":false,"template":"","format":"standard","meta":{"_acf_changed":false,"footnotes":""},"categories":[24],"tags":[],"class_list":["post-98364","post","type-post","status-publish","format-standard","has-post-thumbnail","hentry","category-gundem"],"acf":[],"yoast_head":"<!-- This site is optimized with the Yoast SEO Premium plugin v26.6 (Yoast SEO v27.1.1) - https:\/\/yoast.com\/product\/yoast-seo-premium-wordpress\/ -->\n<title>K\u0131y\u0131 Ege Belediyeler Birli\u011fi may\u0131s ay\u0131 ola\u011fan meclis toplant\u0131s\u0131 ger\u00e7ekle\u015ftirildi - Av. Deniz Can K\u0131z\u0131l<\/title>\n<meta name=\"robots\" content=\"index, follow, max-snippet:-1, max-image-preview:large, max-video-preview:-1\" \/>\n<link rel=\"canonical\" href=\"https:\/\/denizcankizil.tr\/en\/haberler\/gundem\/kiyi-ege-belediyeler-birligi-mayis-ayi-olagan-meclis-toplantisi-gerceklestirildi-2\/\" \/>\n<meta property=\"og:locale\" content=\"en_GB\" \/>\n<meta property=\"og:type\" content=\"article\" \/>\n<meta property=\"og:title\" content=\"K\u0131y\u0131 Ege Belediyeler Birli\u011fi may\u0131s ay\u0131 ola\u011fan meclis toplant\u0131s\u0131 ger\u00e7ekle\u015ftirildi\" \/>\n<meta property=\"og:description\" content=\"K\u0131y\u0131 Ege Belediyeler Birli\u011fi\u2019nin May\u0131s ay\u0131 ola\u011fan meclis toplant\u0131s\u0131, \u0130zmir\u2019de K\u0131y\u0131 Ege Belediyeler Birli\u011fi ve Mu\u011fla B\u00fcy\u00fck\u015fehir Belediye Ba\u015fkan\u0131 Ahmet Aras\u2019\u0131n kat\u0131l\u0131m\u0131yla d\u00fczenlendi.MU\u011eLA (\u0130GFA) &#8211; Toplant\u0131ya birlik \u00fcyesi belediyelerin ba\u015fkanlar\u0131, temsilcileri ve belediye meclis \u00fcyeleri kat\u0131ld\u0131. Geni\u015f kat\u0131l\u0131mla ger\u00e7ekle\u015ftirilen oturumda yerel y\u00f6netimlerin kar\u015f\u0131la\u015ft\u0131\u011f\u0131 ortak sorunlar masaya yat\u0131r\u0131l\u0131rken, birlik b\u00fcnyesindeki kurumsal yap\u0131lanmalar ve yeni d\u00f6nem vizyonu da \u015fekillendirildi. Toplant\u0131 g\u00fcndeminde; 2024 y\u0131l\u0131 faaliyet raporunun g\u00f6r\u00fc\u015f\u00fclmesi ve oylanmas\u0131, 2024 mali y\u0131l\u0131 kesin hesab\u0131n\u0131n kabul\u00fc, birli\u011fe yeni \u00fcyelik ba\u015fvurular\u0131n\u0131n de\u011ferlendirilmesi, enc\u00fcmen \u00fcyeleri ile ihtisas komisyonlar\u0131n\u0131n belirlenmesi yer ald\u0131. Plan ve B\u00fct\u00e7e, \u0130mar, K\u00fclt\u00fcr ve Turizm, \u00c7evre ve Sa\u011fl\u0131k, Tar\u0131m, Hayvan Haklar\u0131, Cinsiyet E\u015fitli\u011fi, Mahalli \u0130dareler, D\u0131\u015f \u0130li\u015fkiler ve Hukuk Komisyonlar\u0131 yeniden yap\u0131land\u0131r\u0131larak \u00fcyeleri g\u00fcncellendi.Ayr\u0131ca T\u00fcrkiye Belediyeler Birli\u011fi ve K\u0131y\u0131 Ege Belediyeler Birli\u011fi i\u015f birli\u011fiyle d\u00fczenlenen mevzuat bilgilendirme e\u011fitimi de kat\u0131l\u0131mc\u0131lara sunuldu. \u201cBELED\u0130YELER SADECE H\u0130ZMET DE\u011e\u0130L, DAYANI\u015eMA \u00dcRET\u0130R\u201d Toplant\u0131n\u0131n a\u00e7\u0131l\u0131\u015f konu\u015fmas\u0131n\u0131 yapan K\u0131y\u0131 Ege Belediyeler Birli\u011fi ve Mu\u011fla B\u00fcy\u00fck\u015fehir Belediye Ba\u015fkan\u0131 Ahmet Aras, birlik ve dayan\u0131\u015fman\u0131n \u00f6nemine vurgu yaparak, al\u0131nacak kararlar\u0131n belediyeler aras\u0131 i\u015f birli\u011fini daha da g\u00fc\u00e7lendirece\u011fini s\u00f6yledi. \u201cBelediyeler yaln\u0131zca hizmet \u00fcretmez; bar\u0131\u015f\u0131n, \u00f6zg\u00fcrl\u00fc\u011f\u00fcn ve sosyal dayan\u0131\u015fman\u0131n v\u00fccut buldu\u011fu kurumlard\u0131r,\u201d diyenBa\u015fkan Aras, hukukun \u00fcst\u00fcnl\u00fc\u011f\u00fcnden taviz vermeden hizmet \u00fcretmeye devam ettiklerini belirtti. \u201cD\u0130REN\u00c7L\u0130 VE KATILIMCI KENTLER V\u0130ZYONUMUZUN TEMEL\u0130D\u0130R\u201d Birlik \u00e7at\u0131s\u0131 alt\u0131nda y\u00fcr\u00fct\u00fclen \u00e7al\u0131\u015fmalar\u0131 aktaran &hellip;\" \/>\n<meta property=\"og:url\" content=\"https:\/\/denizcankizil.tr\/en\/haberler\/gundem\/kiyi-ege-belediyeler-birligi-mayis-ayi-olagan-meclis-toplantisi-gerceklestirildi-2\/\" \/>\n<meta property=\"og:site_name\" content=\"Av. Deniz Can K\u0131z\u0131l\" \/>\n<meta property=\"article:published_time\" content=\"2025-05-27T09:42:29+00:00\" \/>\n<meta name=\"author\" content=\"admin\" \/>\n<meta name=\"twitter:card\" content=\"summary_large_image\" \/>\n<meta name=\"twitter:label1\" content=\"Written by\" \/>\n\t<meta name=\"twitter:data1\" content=\"admin\" \/>\n\t<meta name=\"twitter:label2\" content=\"Estimated reading time\" \/>\n\t<meta name=\"twitter:data2\" content=\"6 minutes\" \/>\n<script type=\"application\/ld+json\" class=\"yoast-schema-graph\">{\"@context\":\"https:\/\/schema.org\",\"@graph\":[{\"@type\":\"Article\",\"@id\":\"https:\/\/denizcankizil.tr\/en\/haberler\/gundem\/kiyi-ege-belediyeler-birligi-mayis-ayi-olagan-meclis-toplantisi-gerceklestirildi-2\/#article\",\"isPartOf\":{\"@id\":\"https:\/\/denizcankizil.tr\/en\/haberler\/gundem\/kiyi-ege-belediyeler-birligi-mayis-ayi-olagan-meclis-toplantisi-gerceklestirildi-2\/\"},\"author\":{\"name\":\"admin\",\"@id\":\"https:\/\/denizcankizil.tr\/#\/schema\/person\/be3c05fe6a12686905512445d8185489\"},\"headline\":\"K\u0131y\u0131 Ege Belediyeler Birli\u011fi may\u0131s ay\u0131 ola\u011fan meclis toplant\u0131s\u0131 ger\u00e7ekle\u015ftirildi\",\"datePublished\":\"2025-05-27T09:42:29+00:00\",\"mainEntityOfPage\":{\"@id\":\"https:\/\/denizcankizil.tr\/en\/haberler\/gundem\/kiyi-ege-belediyeler-birligi-mayis-ayi-olagan-meclis-toplantisi-gerceklestirildi-2\/\"},\"wordCount\":1281,\"publisher\":{\"@id\":\"https:\/\/denizcankizil.tr\/#organization\"},\"articleSection\":[\"G\u00fcndem\"],\"inLanguage\":\"en-GB\"},{\"@type\":\"WebPage\",\"@id\":\"https:\/\/denizcankizil.tr\/en\/haberler\/gundem\/kiyi-ege-belediyeler-birligi-mayis-ayi-olagan-meclis-toplantisi-gerceklestirildi-2\/\",\"url\":\"https:\/\/denizcankizil.tr\/en\/haberler\/gundem\/kiyi-ege-belediyeler-birligi-mayis-ayi-olagan-meclis-toplantisi-gerceklestirildi-2\/\",\"name\":\"K\u0131y\u0131 Ege Belediyeler Birli\u011fi may\u0131s ay\u0131 ola\u011fan meclis toplant\u0131s\u0131 ger\u00e7ekle\u015ftirildi - Av. Deniz Can K\u0131z\u0131l\",\"isPartOf\":{\"@id\":\"https:\/\/denizcankizil.tr\/#website\"},\"datePublished\":\"2025-05-27T09:42:29+00:00\",\"breadcrumb\":{\"@id\":\"https:\/\/denizcankizil.tr\/en\/haberler\/gundem\/kiyi-ege-belediyeler-birligi-mayis-ayi-olagan-meclis-toplantisi-gerceklestirildi-2\/#breadcrumb\"},\"inLanguage\":\"en-GB\",\"potentialAction\":[{\"@type\":\"ReadAction\",\"target\":[\"https:\/\/denizcankizil.tr\/en\/haberler\/gundem\/kiyi-ege-belediyeler-birligi-mayis-ayi-olagan-meclis-toplantisi-gerceklestirildi-2\/\"]}]},{\"@type\":\"BreadcrumbList\",\"@id\":\"https:\/\/denizcankizil.tr\/en\/haberler\/gundem\/kiyi-ege-belediyeler-birligi-mayis-ayi-olagan-meclis-toplantisi-gerceklestirildi-2\/#breadcrumb\",\"itemListElement\":[{\"@type\":\"ListItem\",\"position\":1,\"name\":\"Home\",\"item\":\"https:\/\/denizcankizil.tr\/de\/\"},{\"@type\":\"ListItem\",\"position\":2,\"name\":\"K\u0131y\u0131 Ege Belediyeler Birli\u011fi may\u0131s ay\u0131 ola\u011fan meclis toplant\u0131s\u0131 ger\u00e7ekle\u015ftirildi\"}]},{\"@type\":\"WebSite\",\"@id\":\"https:\/\/denizcankizil.tr\/#website\",\"url\":\"https:\/\/denizcankizil.tr\/\",\"name\":\"Av. Deniz Can K\u0131z\u0131l\",\"description\":\"Avukat Deniz Can K\u0131z\u0131l Antalya Barosu\",\"publisher\":{\"@id\":\"https:\/\/denizcankizil.tr\/#organization\"},\"potentialAction\":[{\"@type\":\"SearchAction\",\"target\":{\"@type\":\"EntryPoint\",\"urlTemplate\":\"https:\/\/denizcankizil.tr\/?s={search_term_string}\"},\"query-input\":{\"@type\":\"PropertyValueSpecification\",\"valueRequired\":true,\"valueName\":\"search_term_string\"}}],\"inLanguage\":\"en-GB\"},{\"@type\":\"Organization\",\"@id\":\"https:\/\/denizcankizil.tr\/#organization\",\"name\":\"Av. Deniz Can K\u0131z\u0131l\",\"url\":\"https:\/\/denizcankizil.tr\/\",\"logo\":{\"@type\":\"ImageObject\",\"inLanguage\":\"en-GB\",\"@id\":\"https:\/\/denizcankizil.tr\/#\/schema\/logo\/image\/\",\"url\":\"https:\/\/denizcankizil.tr\/wp-content\/uploads\/2024\/10\/siyah-logo-svg.svg\",\"contentUrl\":\"https:\/\/denizcankizil.tr\/wp-content\/uploads\/2024\/10\/siyah-logo-svg.svg\",\"width\":1080,\"height\":1080,\"caption\":\"Av. Deniz Can K\u0131z\u0131l\"},\"image\":{\"@id\":\"https:\/\/denizcankizil.tr\/#\/schema\/logo\/image\/\"}},{\"@type\":\"Person\",\"@id\":\"https:\/\/denizcankizil.tr\/#\/schema\/person\/be3c05fe6a12686905512445d8185489\",\"name\":\"admin\",\"image\":{\"@type\":\"ImageObject\",\"inLanguage\":\"en-GB\",\"@id\":\"https:\/\/denizcankizil.tr\/#\/schema\/person\/image\/\",\"url\":\"https:\/\/secure.gravatar.com\/avatar\/c1fce94c830dc79107e174f890d7210541c4a63e8e5d816341794a2151c9d58c?s=96&d=mm&r=g\",\"contentUrl\":\"https:\/\/secure.gravatar.com\/avatar\/c1fce94c830dc79107e174f890d7210541c4a63e8e5d816341794a2151c9d58c?s=96&d=mm&r=g\",\"caption\":\"admin\"},\"sameAs\":[\"http:\/\/denizcankizil.tr\"],\"url\":\"https:\/\/www.iskenderun.org\/kiyi-ege-belediyeler-birligi-mayis-ayi-olagan-meclis-toplantisi-gerceklestirildi-1\"}]}<\/script>\n<!-- \/ Yoast SEO Premium plugin. -->","yoast_head_json":{"title":"K\u0131y\u0131 Ege Belediyeler Birli\u011fi may\u0131s ay\u0131 ola\u011fan meclis toplant\u0131s\u0131 ger\u00e7ekle\u015ftirildi - Av. Deniz Can K\u0131z\u0131l","robots":{"index":"index","follow":"follow","max-snippet":"max-snippet:-1","max-image-preview":"max-image-preview:large","max-video-preview":"max-video-preview:-1"},"canonical":"https:\/\/denizcankizil.tr\/en\/haberler\/gundem\/kiyi-ege-belediyeler-birligi-mayis-ayi-olagan-meclis-toplantisi-gerceklestirildi-2\/","og_locale":"en_GB","og_type":"article","og_title":"K\u0131y\u0131 Ege Belediyeler Birli\u011fi may\u0131s ay\u0131 ola\u011fan meclis toplant\u0131s\u0131 ger\u00e7ekle\u015ftirildi","og_description":"K\u0131y\u0131 Ege Belediyeler Birli\u011fi\u2019nin May\u0131s ay\u0131 ola\u011fan meclis toplant\u0131s\u0131, \u0130zmir\u2019de K\u0131y\u0131 Ege Belediyeler Birli\u011fi ve Mu\u011fla B\u00fcy\u00fck\u015fehir Belediye Ba\u015fkan\u0131 Ahmet Aras\u2019\u0131n kat\u0131l\u0131m\u0131yla d\u00fczenlendi.MU\u011eLA (\u0130GFA) &#8211; Toplant\u0131ya birlik \u00fcyesi belediyelerin ba\u015fkanlar\u0131, temsilcileri ve belediye meclis \u00fcyeleri kat\u0131ld\u0131. Geni\u015f kat\u0131l\u0131mla ger\u00e7ekle\u015ftirilen oturumda yerel y\u00f6netimlerin kar\u015f\u0131la\u015ft\u0131\u011f\u0131 ortak sorunlar masaya yat\u0131r\u0131l\u0131rken, birlik b\u00fcnyesindeki kurumsal yap\u0131lanmalar ve yeni d\u00f6nem vizyonu da \u015fekillendirildi. Toplant\u0131 g\u00fcndeminde; 2024 y\u0131l\u0131 faaliyet raporunun g\u00f6r\u00fc\u015f\u00fclmesi ve oylanmas\u0131, 2024 mali y\u0131l\u0131 kesin hesab\u0131n\u0131n kabul\u00fc, birli\u011fe yeni \u00fcyelik ba\u015fvurular\u0131n\u0131n de\u011ferlendirilmesi, enc\u00fcmen \u00fcyeleri ile ihtisas komisyonlar\u0131n\u0131n belirlenmesi yer ald\u0131. Plan ve B\u00fct\u00e7e, \u0130mar, K\u00fclt\u00fcr ve Turizm, \u00c7evre ve Sa\u011fl\u0131k, Tar\u0131m, Hayvan Haklar\u0131, Cinsiyet E\u015fitli\u011fi, Mahalli \u0130dareler, D\u0131\u015f \u0130li\u015fkiler ve Hukuk Komisyonlar\u0131 yeniden yap\u0131land\u0131r\u0131larak \u00fcyeleri g\u00fcncellendi.Ayr\u0131ca T\u00fcrkiye Belediyeler Birli\u011fi ve K\u0131y\u0131 Ege Belediyeler Birli\u011fi i\u015f birli\u011fiyle d\u00fczenlenen mevzuat bilgilendirme e\u011fitimi de kat\u0131l\u0131mc\u0131lara sunuldu. \u201cBELED\u0130YELER SADECE H\u0130ZMET DE\u011e\u0130L, DAYANI\u015eMA \u00dcRET\u0130R\u201d Toplant\u0131n\u0131n a\u00e7\u0131l\u0131\u015f konu\u015fmas\u0131n\u0131 yapan K\u0131y\u0131 Ege Belediyeler Birli\u011fi ve Mu\u011fla B\u00fcy\u00fck\u015fehir Belediye Ba\u015fkan\u0131 Ahmet Aras, birlik ve dayan\u0131\u015fman\u0131n \u00f6nemine vurgu yaparak, al\u0131nacak kararlar\u0131n belediyeler aras\u0131 i\u015f birli\u011fini daha da g\u00fc\u00e7lendirece\u011fini s\u00f6yledi. \u201cBelediyeler yaln\u0131zca hizmet \u00fcretmez; bar\u0131\u015f\u0131n, \u00f6zg\u00fcrl\u00fc\u011f\u00fcn ve sosyal dayan\u0131\u015fman\u0131n v\u00fccut buldu\u011fu kurumlard\u0131r,\u201d diyenBa\u015fkan Aras, hukukun \u00fcst\u00fcnl\u00fc\u011f\u00fcnden taviz vermeden hizmet \u00fcretmeye devam ettiklerini belirtti. \u201cD\u0130REN\u00c7L\u0130 VE KATILIMCI KENTLER V\u0130ZYONUMUZUN TEMEL\u0130D\u0130R\u201d Birlik \u00e7at\u0131s\u0131 alt\u0131nda y\u00fcr\u00fct\u00fclen \u00e7al\u0131\u015fmalar\u0131 aktaran &hellip;","og_url":"https:\/\/denizcankizil.tr\/en\/haberler\/gundem\/kiyi-ege-belediyeler-birligi-mayis-ayi-olagan-meclis-toplantisi-gerceklestirildi-2\/","og_site_name":"Av. Deniz Can K\u0131z\u0131l","article_published_time":"2025-05-27T09:42:29+00:00","author":"admin","twitter_card":"summary_large_image","twitter_misc":{"Written by":"admin","Estimated reading time":"6 minutes"},"schema":{"@context":"https:\/\/schema.org","@graph":[{"@type":"Article","@id":"https:\/\/denizcankizil.tr\/en\/haberler\/gundem\/kiyi-ege-belediyeler-birligi-mayis-ayi-olagan-meclis-toplantisi-gerceklestirildi-2\/#article","isPartOf":{"@id":"https:\/\/denizcankizil.tr\/en\/haberler\/gundem\/kiyi-ege-belediyeler-birligi-mayis-ayi-olagan-meclis-toplantisi-gerceklestirildi-2\/"},"author":{"name":"admin","@id":"https:\/\/denizcankizil.tr\/#\/schema\/person\/be3c05fe6a12686905512445d8185489"},"headline":"K\u0131y\u0131 Ege Belediyeler Birli\u011fi may\u0131s ay\u0131 ola\u011fan meclis toplant\u0131s\u0131 ger\u00e7ekle\u015ftirildi","datePublished":"2025-05-27T09:42:29+00:00","mainEntityOfPage":{"@id":"https:\/\/denizcankizil.tr\/en\/haberler\/gundem\/kiyi-ege-belediyeler-birligi-mayis-ayi-olagan-meclis-toplantisi-gerceklestirildi-2\/"},"wordCount":1281,"publisher":{"@id":"https:\/\/denizcankizil.tr\/#organization"},"articleSection":["G\u00fcndem"],"inLanguage":"en-GB"},{"@type":"WebPage","@id":"https:\/\/denizcankizil.tr\/en\/haberler\/gundem\/kiyi-ege-belediyeler-birligi-mayis-ayi-olagan-meclis-toplantisi-gerceklestirildi-2\/","url":"https:\/\/denizcankizil.tr\/en\/haberler\/gundem\/kiyi-ege-belediyeler-birligi-mayis-ayi-olagan-meclis-toplantisi-gerceklestirildi-2\/","name":"K\u0131y\u0131 Ege Belediyeler Birli\u011fi may\u0131s ay\u0131 ola\u011fan meclis toplant\u0131s\u0131 ger\u00e7ekle\u015ftirildi - Av. Deniz Can K\u0131z\u0131l","isPartOf":{"@id":"https:\/\/denizcankizil.tr\/#website"},"datePublished":"2025-05-27T09:42:29+00:00","breadcrumb":{"@id":"https:\/\/denizcankizil.tr\/en\/haberler\/gundem\/kiyi-ege-belediyeler-birligi-mayis-ayi-olagan-meclis-toplantisi-gerceklestirildi-2\/#breadcrumb"},"inLanguage":"en-GB","potentialAction":[{"@type":"ReadAction","target":["https:\/\/denizcankizil.tr\/en\/haberler\/gundem\/kiyi-ege-belediyeler-birligi-mayis-ayi-olagan-meclis-toplantisi-gerceklestirildi-2\/"]}]},{"@type":"BreadcrumbList","@id":"https:\/\/denizcankizil.tr\/en\/haberler\/gundem\/kiyi-ege-belediyeler-birligi-mayis-ayi-olagan-meclis-toplantisi-gerceklestirildi-2\/#breadcrumb","itemListElement":[{"@type":"ListItem","position":1,"name":"Home","item":"https:\/\/denizcankizil.tr\/de\/"},{"@type":"ListItem","position":2,"name":"K\u0131y\u0131 Ege Belediyeler Birli\u011fi may\u0131s ay\u0131 ola\u011fan meclis toplant\u0131s\u0131 ger\u00e7ekle\u015ftirildi"}]},{"@type":"WebSite","@id":"https:\/\/denizcankizil.tr\/#website","url":"https:\/\/denizcankizil.tr\/","name":"Av. Deniz Can K\u0131z\u0131l","description":"Avukat Deniz Can K\u0131z\u0131l Antalya Barosu","publisher":{"@id":"https:\/\/denizcankizil.tr\/#organization"},"potentialAction":[{"@type":"SearchAction","target":{"@type":"EntryPoint","urlTemplate":"https:\/\/denizcankizil.tr\/?s={search_term_string}"},"query-input":{"@type":"PropertyValueSpecification","valueRequired":true,"valueName":"search_term_string"}}],"inLanguage":"en-GB"},{"@type":"Organization","@id":"https:\/\/denizcankizil.tr\/#organization","name":"Av. Deniz Can K\u0131z\u0131l","url":"https:\/\/denizcankizil.tr\/","logo":{"@type":"ImageObject","inLanguage":"en-GB","@id":"https:\/\/denizcankizil.tr\/#\/schema\/logo\/image\/","url":"https:\/\/denizcankizil.tr\/wp-content\/uploads\/2024\/10\/siyah-logo-svg.svg","contentUrl":"https:\/\/denizcankizil.tr\/wp-content\/uploads\/2024\/10\/siyah-logo-svg.svg","width":1080,"height":1080,"caption":"Av. Deniz Can K\u0131z\u0131l"},"image":{"@id":"https:\/\/denizcankizil.tr\/#\/schema\/logo\/image\/"}},{"@type":"Person","@id":"https:\/\/denizcankizil.tr\/#\/schema\/person\/be3c05fe6a12686905512445d8185489","name":"admin","image":{"@type":"ImageObject","inLanguage":"en-GB","@id":"https:\/\/denizcankizil.tr\/#\/schema\/person\/image\/","url":"https:\/\/secure.gravatar.com\/avatar\/c1fce94c830dc79107e174f890d7210541c4a63e8e5d816341794a2151c9d58c?s=96&d=mm&r=g","contentUrl":"https:\/\/secure.gravatar.com\/avatar\/c1fce94c830dc79107e174f890d7210541c4a63e8e5d816341794a2151c9d58c?s=96&d=mm&r=g","caption":"admin"},"sameAs":["http:\/\/denizcankizil.tr"],"url":"https:\/\/www.iskenderun.org\/kiyi-ege-belediyeler-birligi-mayis-ayi-olagan-meclis-toplantisi-gerceklestirildi-1"}]}},"_links":{"self":[{"href":"https:\/\/denizcankizil.tr\/en\/wp-json\/wp\/v2\/posts\/98364","targetHints":{"allow":["GET"]}}],"collection":[{"href":"https:\/\/denizcankizil.tr\/en\/wp-json\/wp\/v2\/posts"}],"about":[{"href":"https:\/\/denizcankizil.tr\/en\/wp-json\/wp\/v2\/types\/post"}],"author":[{"embeddable":true,"href":"https:\/\/denizcankizil.tr\/en\/wp-json\/wp\/v2\/users\/1"}],"replies":[{"embeddable":true,"href":"https:\/\/denizcankizil.tr\/en\/wp-json\/wp\/v2\/comments?post=98364"}],"version-history":[{"count":0,"href":"https:\/\/denizcankizil.tr\/en\/wp-json\/wp\/v2\/posts\/98364\/revisions"}],"wp:attachment":[{"href":"https:\/\/denizcankizil.tr\/en\/wp-json\/wp\/v2\/media?parent=98364"}],"wp:term":[{"taxonomy":"category","embeddable":true,"href":"https:\/\/denizcankizil.tr\/en\/wp-json\/wp\/v2\/categories?post=98364"},{"taxonomy":"post_tag","embeddable":true,"href":"https:\/\/denizcankizil.tr\/en\/wp-json\/wp\/v2\/tags?post=98364"}],"curies":[{"name":"wp","href":"https:\/\/api.w.org\/{rel}","templated":true}]}}