{"id":98267,"date":"2025-05-27T10:42:27","date_gmt":"2025-05-27T07:42:27","guid":{"rendered":"https:\/\/denizcankizil.tr\/uncategorized-tr\/buca-uckuyulara-yeni-trafik-duzeni-geliyor\/"},"modified":"2025-05-27T10:42:27","modified_gmt":"2025-05-27T07:42:27","slug":"buca-uckuyulara-yeni-trafik-duzeni-geliyor","status":"publish","type":"post","link":"https:\/\/denizcankizil.tr\/en\/haberler\/gundem\/buca-uckuyulara-yeni-trafik-duzeni-geliyor\/","title":{"rendered":"Buca \u00dc\u00e7kuyular&#8217;a yeni trafik d\u00fczeni geliyor"},"content":{"rendered":"<p>\u0130zmir B\u00fcy\u00fck\u015fehir Belediyesi, Buca \u00dc\u00e7kuyular Meydan\u0131\u2019nda d\u00fczenleme \u00e7al\u0131\u015fmas\u0131na ba\u015flad\u0131. Meydanda yaya ve ta\u015f\u0131t trafi\u011fi yeniden d\u00fczenlenerek ya\u015fanan yo\u011funluk giderilecek.\u0130ZM\u0130R (\u0130GFA) &#8211; Nisan ay\u0131n\u0131n son g\u00fcnlerinde Buca Hasana\u011fa Park\u0131\u2019ndaki incelemeleri s\u0131ras\u0131nda \u00dc\u00e7kuyular Meydan\u0131\u2019ndaki trafik ak\u0131\u015f\u0131n\u0131 da g\u00f6zlemleyen \u0130zmir B\u00fcy\u00fck\u015fehir Belediye Ba\u015fkan\u0131 Dr. Cemil Tugay\u2019\u0131n talebi do\u011frultusunda b\u00f6lgede \u00e7al\u0131\u015fma ba\u015flat\u0131ld\u0131.<br \/>\nBa\u015fkan Dr. Cemil Tugay, ya\u015fanan aksakl\u0131klar\u0131 ilgili birimlere iletti. \u00d6zmen Caddesi, Gazeteci Yazar \u0130smail Sivri Bulvar\u0131, 220 Sokak, 63 Sokak ve K\u0131br\u0131s Caddesi kesi\u015fim noktas\u0131nda yer alan meydandaki trafik sorununun \u00e7\u00f6z\u00fclmesi i\u00e7in harekete ge\u00e7en \u0130zmir B\u00fcy\u00fck\u015fehir Belediyesi Ula\u015f\u0131m Dairesi Ba\u015fkanl\u0131\u011f\u0131, b\u00f6lgeyle ilgili yeni bir proje haz\u0131rlad\u0131.<br \/>\nNELER YAPILACAK?<br \/>\nBuna g\u00f6re Buca \u00dc\u00e7kuyular Meydan\u0131\u2019nda baz\u0131 istikametlerde tek y\u00f6n uygulamas\u0131na ge\u00e7ilecek. Mevcut durumda \u00e7ift y\u00f6nl\u00fc \u00e7al\u0131\u015fan Gazeteci Yazar \u0130smail Sivri Bulvar\u0131 ve paralelindeki 220 Sokak ile ba\u011flant\u0131 yollar\u0131n\u0131n kesi\u015fim noktas\u0131, trafik g\u00fcvenli\u011fi a\u00e7\u0131s\u0131ndan risk olu\u015fturdu\u011fundan bu g\u00fczergahlarda tek y\u00f6n \u00e7al\u0131\u015fmas\u0131 yap\u0131lacak. Gazeteci \u0130smail Sivri Bulvar\u0131; \u00dc\u00e7kuyular Meydan\u0131&#8217;ndan giri\u015f olacak \u015fekilde 211\/3 soka\u011fa kadar tek y\u00f6n, 211\/3 Sokak;  Gazeteci \u0130smail Sivri Bulvar\u0131&#8217;ndan giri\u015f olacak \u015fekilde 220 Sokak y\u00f6n\u00fcne do\u011fru tek y\u00f6n, 220 Sokak; 211\/3 Sokaktan \u00dc\u00e7kuyular Meydan\u0131 y\u00f6n\u00fcne do\u011fru tek y\u00f6n olarak d\u00fczenlenecek.<br \/>\nProje kapsam\u0131nda kav\u015fak i\u00e7erisinde sinyalize altyap\u0131 sistemi uygulamas\u0131 yap\u0131lacak. B\u00f6lgede \u0130ZSU Genel M\u00fcd\u00fcrl\u00fc\u011f\u00fc taraf\u0131ndan ger\u00e7ekle\u015ftirilen altyap\u0131 \u00e7al\u0131\u015fmalar\u0131 s\u0131ras\u0131nda kald\u0131r\u0131lan d\u00f6nel kav\u015fak yeniden olu\u015fturulacak. Altyap\u0131 ve kav\u015fak d\u00fczenleme \u00e7al\u0131\u015fmalar\u0131n\u0131n ard\u0131ndan yol asfaltlanacak. \u00c7al\u0131\u015fmalar haziran ay\u0131nda tamamlanacak.<\/p>\n<p>\u200b\u0130zmir B\u00fcy\u00fck\u015fehir Belediyesi, Buca \u00dc\u00e7kuyular Meydan\u0131\u2019nda d\u00fczenleme \u00e7al\u0131\u015fmas\u0131na ba\u015flad\u0131. Meydanda yaya ve ta\u015f\u0131t trafi\u011fi yeniden d\u00fczenlenerek ya\u015fanan yo\u011funluk giderilecek.\u0130ZM\u0130R (\u0130GFA) &#8211; Nisan ay\u0131n\u0131n son g\u00fcnlerinde Buca Hasana\u011fa Park\u0131\u2019ndaki incelemeleri s\u0131ras\u0131nda \u00dc\u00e7kuyular Meydan\u0131\u2019ndaki trafik ak\u0131\u015f\u0131n\u0131 da g\u00f6zlemleyen \u0130zmir B\u00fcy\u00fck\u015fehir Belediye Ba\u015fkan\u0131 Dr. Cemil Tugay\u2019\u0131n talebi do\u011frultusunda b\u00f6lgede \u00e7al\u0131\u015fma ba\u015flat\u0131ld\u0131.<br \/>\nBa\u015fkan Dr. Cemil Tugay, ya\u015fanan aksakl\u0131klar\u0131 ilgili birimlere iletti. \u00d6zmen Caddesi, Gazeteci Yazar \u0130smail Sivri Bulvar\u0131, 220 Sokak, 63 Sokak ve K\u0131br\u0131s Caddesi kesi\u015fim noktas\u0131nda yer alan meydandaki trafik sorununun \u00e7\u00f6z\u00fclmesi i\u00e7in harekete ge\u00e7en \u0130zmir B\u00fcy\u00fck\u015fehir Belediyesi Ula\u015f\u0131m Dairesi Ba\u015fkanl\u0131\u011f\u0131, b\u00f6lgeyle ilgili yeni bir proje haz\u0131rlad\u0131.<br \/>\nNELER YAPILACAK?<br \/>\nBuna g\u00f6re Buca \u00dc\u00e7kuyular Meydan\u0131\u2019nda baz\u0131 istikametlerde tek y\u00f6n uygulamas\u0131na ge\u00e7ilecek. Mevcut durumda \u00e7ift y\u00f6nl\u00fc \u00e7al\u0131\u015fan Gazeteci Yazar \u0130smail Sivri Bulvar\u0131 ve paralelindeki 220 Sokak ile ba\u011flant\u0131 yollar\u0131n\u0131n kesi\u015fim noktas\u0131, trafik g\u00fcvenli\u011fi a\u00e7\u0131s\u0131ndan risk olu\u015fturdu\u011fundan bu g\u00fczergahlarda tek y\u00f6n \u00e7al\u0131\u015fmas\u0131 yap\u0131lacak. Gazeteci \u0130smail Sivri Bulvar\u0131; \u00dc\u00e7kuyular Meydan\u0131&#8217;ndan giri\u015f olacak \u015fekilde 211\/3 soka\u011fa kadar tek y\u00f6n, 211\/3 Sokak;  Gazeteci \u0130smail Sivri Bulvar\u0131&#8217;ndan giri\u015f olacak \u015fekilde 220 Sokak y\u00f6n\u00fcne do\u011fru tek y\u00f6n, 220 Sokak; 211\/3 Sokaktan \u00dc\u00e7kuyular Meydan\u0131 y\u00f6n\u00fcne do\u011fru tek y\u00f6n olarak d\u00fczenlenecek.<br \/>\nProje kapsam\u0131nda kav\u015fak i\u00e7erisinde sinyalize altyap\u0131 sistemi uygulamas\u0131 yap\u0131lacak. B\u00f6lgede \u0130ZSU Genel M\u00fcd\u00fcrl\u00fc\u011f\u00fc taraf\u0131ndan ger\u00e7ekle\u015ftirilen altyap\u0131 \u00e7al\u0131\u015fmalar\u0131 s\u0131ras\u0131nda kald\u0131r\u0131lan d\u00f6nel kav\u015fak yeniden olu\u015fturulacak. Altyap\u0131 ve kav\u015fak d\u00fczenleme \u00e7al\u0131\u015fmalar\u0131n\u0131n ard\u0131ndan yol asfaltlanacak. \u00c7al\u0131\u015fmalar haziran ay\u0131nda tamamlanacak.\u00a0<\/p>\n<p>\u200bHaberin Al\u0131nt\u0131land\u0131\u011f\u0131 Kaynak: www.iskenderun.org<\/p>","protected":false},"excerpt":{"rendered":"<p>\u0130zmir B\u00fcy\u00fck\u015fehir Belediyesi, Buca \u00dc\u00e7kuyular Meydan\u0131\u2019nda d\u00fczenleme \u00e7al\u0131\u015fmas\u0131na ba\u015flad\u0131. Meydanda yaya ve ta\u015f\u0131t trafi\u011fi yeniden d\u00fczenlenerek ya\u015fanan yo\u011funluk giderilecek.\u0130ZM\u0130R (\u0130GFA) &#8211; Nisan ay\u0131n\u0131n son g\u00fcnlerinde Buca Hasana\u011fa Park\u0131\u2019ndaki incelemeleri s\u0131ras\u0131nda \u00dc\u00e7kuyular Meydan\u0131\u2019ndaki trafik ak\u0131\u015f\u0131n\u0131 da g\u00f6zlemleyen \u0130zmir B\u00fcy\u00fck\u015fehir Belediye Ba\u015fkan\u0131 Dr. Cemil Tugay\u2019\u0131n talebi do\u011frultusunda b\u00f6lgede \u00e7al\u0131\u015fma ba\u015flat\u0131ld\u0131. Ba\u015fkan Dr. Cemil Tugay, ya\u015fanan aksakl\u0131klar\u0131 ilgili birimlere iletti. \u00d6zmen Caddesi, Gazeteci Yazar \u0130smail Sivri Bulvar\u0131, 220 Sokak, 63 Sokak ve K\u0131br\u0131s Caddesi kesi\u015fim noktas\u0131nda yer alan meydandaki trafik sorununun \u00e7\u00f6z\u00fclmesi i\u00e7in harekete ge\u00e7en \u0130zmir B\u00fcy\u00fck\u015fehir Belediyesi Ula\u015f\u0131m Dairesi Ba\u015fkanl\u0131\u011f\u0131, b\u00f6lgeyle ilgili yeni bir proje haz\u0131rlad\u0131. NELER YAPILACAK? Buna g\u00f6re Buca \u00dc\u00e7kuyular Meydan\u0131\u2019nda baz\u0131 istikametlerde tek y\u00f6n uygulamas\u0131na ge\u00e7ilecek. Mevcut durumda \u00e7ift y\u00f6nl\u00fc \u00e7al\u0131\u015fan Gazeteci Yazar \u0130smail Sivri Bulvar\u0131 ve paralelindeki 220 Sokak ile ba\u011flant\u0131 yollar\u0131n\u0131n kesi\u015fim noktas\u0131, trafik g\u00fcvenli\u011fi a\u00e7\u0131s\u0131ndan risk olu\u015fturdu\u011fundan bu g\u00fczergahlarda tek y\u00f6n \u00e7al\u0131\u015fmas\u0131 yap\u0131lacak. Gazeteci \u0130smail Sivri Bulvar\u0131; \u00dc\u00e7kuyular Meydan\u0131&#8217;ndan giri\u015f olacak \u015fekilde 211\/3 soka\u011fa kadar tek y\u00f6n, 211\/3 Sokak; Gazeteci \u0130smail Sivri Bulvar\u0131&#8217;ndan giri\u015f olacak \u015fekilde 220 Sokak y\u00f6n\u00fcne do\u011fru tek y\u00f6n, 220 Sokak; 211\/3 Sokaktan \u00dc\u00e7kuyular Meydan\u0131 y\u00f6n\u00fcne do\u011fru tek y\u00f6n olarak d\u00fczenlenecek. Proje kapsam\u0131nda kav\u015fak i\u00e7erisinde sinyalize altyap\u0131 sistemi uygulamas\u0131 yap\u0131lacak. B\u00f6lgede \u0130ZSU Genel M\u00fcd\u00fcrl\u00fc\u011f\u00fc taraf\u0131ndan ger\u00e7ekle\u015ftirilen altyap\u0131 \u00e7al\u0131\u015fmalar\u0131 s\u0131ras\u0131nda kald\u0131r\u0131lan d\u00f6nel kav\u015fak yeniden &hellip;<\/p>","protected":false},"author":1,"featured_media":0,"comment_status":"","ping_status":"open","sticky":false,"template":"","format":"standard","meta":{"_acf_changed":false,"footnotes":""},"categories":[24],"tags":[],"class_list":["post-98267","post","type-post","status-publish","format-standard","has-post-thumbnail","hentry","category-gundem"],"acf":[],"yoast_head":"<!-- This site is optimized with the Yoast SEO Premium plugin v26.6 (Yoast SEO v27.1.1) - https:\/\/yoast.com\/product\/yoast-seo-premium-wordpress\/ -->\n<title>Buca \u00dc\u00e7kuyular&#039;a yeni trafik d\u00fczeni geliyor - Av. Deniz Can K\u0131z\u0131l<\/title>\n<meta name=\"robots\" content=\"index, follow, max-snippet:-1, max-image-preview:large, max-video-preview:-1\" \/>\n<link rel=\"canonical\" href=\"https:\/\/denizcankizil.tr\/en\/haberler\/gundem\/buca-uckuyulara-yeni-trafik-duzeni-geliyor\/\" \/>\n<meta property=\"og:locale\" content=\"en_GB\" \/>\n<meta property=\"og:type\" content=\"article\" \/>\n<meta property=\"og:title\" content=\"Buca \u00dc\u00e7kuyular&#039;a yeni trafik d\u00fczeni geliyor\" \/>\n<meta property=\"og:description\" content=\"\u0130zmir B\u00fcy\u00fck\u015fehir Belediyesi, Buca \u00dc\u00e7kuyular Meydan\u0131\u2019nda d\u00fczenleme \u00e7al\u0131\u015fmas\u0131na ba\u015flad\u0131. Meydanda yaya ve ta\u015f\u0131t trafi\u011fi yeniden d\u00fczenlenerek ya\u015fanan yo\u011funluk giderilecek.\u0130ZM\u0130R (\u0130GFA) &#8211; Nisan ay\u0131n\u0131n son g\u00fcnlerinde Buca Hasana\u011fa Park\u0131\u2019ndaki incelemeleri s\u0131ras\u0131nda \u00dc\u00e7kuyular Meydan\u0131\u2019ndaki trafik ak\u0131\u015f\u0131n\u0131 da g\u00f6zlemleyen \u0130zmir B\u00fcy\u00fck\u015fehir Belediye Ba\u015fkan\u0131 Dr. Cemil Tugay\u2019\u0131n talebi do\u011frultusunda b\u00f6lgede \u00e7al\u0131\u015fma ba\u015flat\u0131ld\u0131. Ba\u015fkan Dr. Cemil Tugay, ya\u015fanan aksakl\u0131klar\u0131 ilgili birimlere iletti. \u00d6zmen Caddesi, Gazeteci Yazar \u0130smail Sivri Bulvar\u0131, 220 Sokak, 63 Sokak ve K\u0131br\u0131s Caddesi kesi\u015fim noktas\u0131nda yer alan meydandaki trafik sorununun \u00e7\u00f6z\u00fclmesi i\u00e7in harekete ge\u00e7en \u0130zmir B\u00fcy\u00fck\u015fehir Belediyesi Ula\u015f\u0131m Dairesi Ba\u015fkanl\u0131\u011f\u0131, b\u00f6lgeyle ilgili yeni bir proje haz\u0131rlad\u0131. NELER YAPILACAK? Buna g\u00f6re Buca \u00dc\u00e7kuyular Meydan\u0131\u2019nda baz\u0131 istikametlerde tek y\u00f6n uygulamas\u0131na ge\u00e7ilecek. Mevcut durumda \u00e7ift y\u00f6nl\u00fc \u00e7al\u0131\u015fan Gazeteci Yazar \u0130smail Sivri Bulvar\u0131 ve paralelindeki 220 Sokak ile ba\u011flant\u0131 yollar\u0131n\u0131n kesi\u015fim noktas\u0131, trafik g\u00fcvenli\u011fi a\u00e7\u0131s\u0131ndan risk olu\u015fturdu\u011fundan bu g\u00fczergahlarda tek y\u00f6n \u00e7al\u0131\u015fmas\u0131 yap\u0131lacak. Gazeteci \u0130smail Sivri Bulvar\u0131; \u00dc\u00e7kuyular Meydan\u0131&#8217;ndan giri\u015f olacak \u015fekilde 211\/3 soka\u011fa kadar tek y\u00f6n, 211\/3 Sokak; Gazeteci \u0130smail Sivri Bulvar\u0131&#8217;ndan giri\u015f olacak \u015fekilde 220 Sokak y\u00f6n\u00fcne do\u011fru tek y\u00f6n, 220 Sokak; 211\/3 Sokaktan \u00dc\u00e7kuyular Meydan\u0131 y\u00f6n\u00fcne do\u011fru tek y\u00f6n olarak d\u00fczenlenecek. Proje kapsam\u0131nda kav\u015fak i\u00e7erisinde sinyalize altyap\u0131 sistemi uygulamas\u0131 yap\u0131lacak. B\u00f6lgede \u0130ZSU Genel M\u00fcd\u00fcrl\u00fc\u011f\u00fc taraf\u0131ndan ger\u00e7ekle\u015ftirilen altyap\u0131 \u00e7al\u0131\u015fmalar\u0131 s\u0131ras\u0131nda kald\u0131r\u0131lan d\u00f6nel kav\u015fak yeniden &hellip;\" \/>\n<meta property=\"og:url\" content=\"https:\/\/denizcankizil.tr\/en\/haberler\/gundem\/buca-uckuyulara-yeni-trafik-duzeni-geliyor\/\" \/>\n<meta property=\"og:site_name\" content=\"Av. Deniz Can K\u0131z\u0131l\" \/>\n<meta property=\"article:published_time\" content=\"2025-05-27T07:42:27+00:00\" \/>\n<meta name=\"author\" content=\"admin\" \/>\n<meta name=\"twitter:card\" content=\"summary_large_image\" \/>\n<meta name=\"twitter:label1\" content=\"Written by\" \/>\n\t<meta name=\"twitter:data1\" content=\"admin\" \/>\n\t<meta name=\"twitter:label2\" content=\"Estimated reading time\" \/>\n\t<meta name=\"twitter:data2\" content=\"3 minutes\" \/>\n<script type=\"application\/ld+json\" class=\"yoast-schema-graph\">{\"@context\":\"https:\/\/schema.org\",\"@graph\":[{\"@type\":\"Article\",\"@id\":\"https:\/\/denizcankizil.tr\/ru\/haberler\/gundem\/buca-uckuyulara-yeni-trafik-duzeni-geliyor\/#article\",\"isPartOf\":{\"@id\":\"https:\/\/denizcankizil.tr\/ru\/haberler\/gundem\/buca-uckuyulara-yeni-trafik-duzeni-geliyor\/\"},\"author\":{\"name\":\"admin\",\"@id\":\"https:\/\/denizcankizil.tr\/de\/#\/schema\/person\/be3c05fe6a12686905512445d8185489\"},\"headline\":\"Buca \u00dc\u00e7kuyular&#8217;a yeni trafik d\u00fczeni geliyor\",\"datePublished\":\"2025-05-27T07:42:27+00:00\",\"mainEntityOfPage\":{\"@id\":\"https:\/\/denizcankizil.tr\/ru\/haberler\/gundem\/buca-uckuyulara-yeni-trafik-duzeni-geliyor\/\"},\"wordCount\":650,\"publisher\":{\"@id\":\"https:\/\/denizcankizil.tr\/de\/#organization\"},\"articleSection\":[\"G\u00fcndem\"],\"inLanguage\":\"en-GB\"},{\"@type\":\"WebPage\",\"@id\":\"https:\/\/denizcankizil.tr\/ru\/haberler\/gundem\/buca-uckuyulara-yeni-trafik-duzeni-geliyor\/\",\"url\":\"https:\/\/denizcankizil.tr\/ru\/haberler\/gundem\/buca-uckuyulara-yeni-trafik-duzeni-geliyor\/\",\"name\":\"Buca \u00dc\u00e7kuyular'a yeni trafik d\u00fczeni geliyor - Av. Deniz Can K\u0131z\u0131l\",\"isPartOf\":{\"@id\":\"https:\/\/denizcankizil.tr\/de\/#website\"},\"datePublished\":\"2025-05-27T07:42:27+00:00\",\"breadcrumb\":{\"@id\":\"https:\/\/denizcankizil.tr\/ru\/haberler\/gundem\/buca-uckuyulara-yeni-trafik-duzeni-geliyor\/#breadcrumb\"},\"inLanguage\":\"en-GB\",\"potentialAction\":[{\"@type\":\"ReadAction\",\"target\":[\"https:\/\/denizcankizil.tr\/ru\/haberler\/gundem\/buca-uckuyulara-yeni-trafik-duzeni-geliyor\/\"]}]},{\"@type\":\"BreadcrumbList\",\"@id\":\"https:\/\/denizcankizil.tr\/ru\/haberler\/gundem\/buca-uckuyulara-yeni-trafik-duzeni-geliyor\/#breadcrumb\",\"itemListElement\":[{\"@type\":\"ListItem\",\"position\":1,\"name\":\"Home\",\"item\":\"https:\/\/denizcankizil.tr\/de\/\"},{\"@type\":\"ListItem\",\"position\":2,\"name\":\"Buca \u00dc\u00e7kuyular&#8217;a yeni trafik d\u00fczeni geliyor\"}]},{\"@type\":\"WebSite\",\"@id\":\"https:\/\/denizcankizil.tr\/de\/#website\",\"url\":\"https:\/\/denizcankizil.tr\/de\/\",\"name\":\"Av. Deniz Can K\u0131z\u0131l\",\"description\":\"Avukat Deniz Can K\u0131z\u0131l Antalya Barosu\",\"publisher\":{\"@id\":\"https:\/\/denizcankizil.tr\/de\/#organization\"},\"potentialAction\":[{\"@type\":\"SearchAction\",\"target\":{\"@type\":\"EntryPoint\",\"urlTemplate\":\"https:\/\/denizcankizil.tr\/de\/?s={search_term_string}\"},\"query-input\":{\"@type\":\"PropertyValueSpecification\",\"valueRequired\":true,\"valueName\":\"search_term_string\"}}],\"inLanguage\":\"en-GB\"},{\"@type\":\"Organization\",\"@id\":\"https:\/\/denizcankizil.tr\/de\/#organization\",\"name\":\"Av. Deniz Can K\u0131z\u0131l\",\"url\":\"https:\/\/denizcankizil.tr\/de\/\",\"logo\":{\"@type\":\"ImageObject\",\"inLanguage\":\"en-GB\",\"@id\":\"https:\/\/denizcankizil.tr\/de\/#\/schema\/logo\/image\/\",\"url\":\"https:\/\/denizcankizil.tr\/wp-content\/uploads\/2024\/10\/siyah-logo-svg.svg\",\"contentUrl\":\"https:\/\/denizcankizil.tr\/wp-content\/uploads\/2024\/10\/siyah-logo-svg.svg\",\"width\":1080,\"height\":1080,\"caption\":\"Av. Deniz Can K\u0131z\u0131l\"},\"image\":{\"@id\":\"https:\/\/denizcankizil.tr\/de\/#\/schema\/logo\/image\/\"}},{\"@type\":\"Person\",\"@id\":\"https:\/\/denizcankizil.tr\/de\/#\/schema\/person\/be3c05fe6a12686905512445d8185489\",\"name\":\"admin\",\"image\":{\"@type\":\"ImageObject\",\"inLanguage\":\"en-GB\",\"@id\":\"https:\/\/denizcankizil.tr\/de\/#\/schema\/person\/image\/\",\"url\":\"https:\/\/secure.gravatar.com\/avatar\/c1fce94c830dc79107e174f890d7210541c4a63e8e5d816341794a2151c9d58c?s=96&d=mm&r=g\",\"contentUrl\":\"https:\/\/secure.gravatar.com\/avatar\/c1fce94c830dc79107e174f890d7210541c4a63e8e5d816341794a2151c9d58c?s=96&d=mm&r=g\",\"caption\":\"admin\"},\"sameAs\":[\"http:\/\/denizcankizil.tr\"],\"url\":\"https:\/\/www.iskenderun.org\/buca-uckuyulara-yeni-trafik-duzeni-geliyor\"}]}<\/script>\n<!-- \/ Yoast SEO Premium plugin. -->","yoast_head_json":{"title":"Buca \u00dc\u00e7kuyular'a yeni trafik d\u00fczeni geliyor - Av. Deniz Can K\u0131z\u0131l","robots":{"index":"index","follow":"follow","max-snippet":"max-snippet:-1","max-image-preview":"max-image-preview:large","max-video-preview":"max-video-preview:-1"},"canonical":"https:\/\/denizcankizil.tr\/en\/haberler\/gundem\/buca-uckuyulara-yeni-trafik-duzeni-geliyor\/","og_locale":"en_GB","og_type":"article","og_title":"Buca \u00dc\u00e7kuyular'a yeni trafik d\u00fczeni geliyor","og_description":"\u0130zmir B\u00fcy\u00fck\u015fehir Belediyesi, Buca \u00dc\u00e7kuyular Meydan\u0131\u2019nda d\u00fczenleme \u00e7al\u0131\u015fmas\u0131na ba\u015flad\u0131. Meydanda yaya ve ta\u015f\u0131t trafi\u011fi yeniden d\u00fczenlenerek ya\u015fanan yo\u011funluk giderilecek.\u0130ZM\u0130R (\u0130GFA) &#8211; Nisan ay\u0131n\u0131n son g\u00fcnlerinde Buca Hasana\u011fa Park\u0131\u2019ndaki incelemeleri s\u0131ras\u0131nda \u00dc\u00e7kuyular Meydan\u0131\u2019ndaki trafik ak\u0131\u015f\u0131n\u0131 da g\u00f6zlemleyen \u0130zmir B\u00fcy\u00fck\u015fehir Belediye Ba\u015fkan\u0131 Dr. Cemil Tugay\u2019\u0131n talebi do\u011frultusunda b\u00f6lgede \u00e7al\u0131\u015fma ba\u015flat\u0131ld\u0131. Ba\u015fkan Dr. Cemil Tugay, ya\u015fanan aksakl\u0131klar\u0131 ilgili birimlere iletti. \u00d6zmen Caddesi, Gazeteci Yazar \u0130smail Sivri Bulvar\u0131, 220 Sokak, 63 Sokak ve K\u0131br\u0131s Caddesi kesi\u015fim noktas\u0131nda yer alan meydandaki trafik sorununun \u00e7\u00f6z\u00fclmesi i\u00e7in harekete ge\u00e7en \u0130zmir B\u00fcy\u00fck\u015fehir Belediyesi Ula\u015f\u0131m Dairesi Ba\u015fkanl\u0131\u011f\u0131, b\u00f6lgeyle ilgili yeni bir proje haz\u0131rlad\u0131. NELER YAPILACAK? Buna g\u00f6re Buca \u00dc\u00e7kuyular Meydan\u0131\u2019nda baz\u0131 istikametlerde tek y\u00f6n uygulamas\u0131na ge\u00e7ilecek. Mevcut durumda \u00e7ift y\u00f6nl\u00fc \u00e7al\u0131\u015fan Gazeteci Yazar \u0130smail Sivri Bulvar\u0131 ve paralelindeki 220 Sokak ile ba\u011flant\u0131 yollar\u0131n\u0131n kesi\u015fim noktas\u0131, trafik g\u00fcvenli\u011fi a\u00e7\u0131s\u0131ndan risk olu\u015fturdu\u011fundan bu g\u00fczergahlarda tek y\u00f6n \u00e7al\u0131\u015fmas\u0131 yap\u0131lacak. Gazeteci \u0130smail Sivri Bulvar\u0131; \u00dc\u00e7kuyular Meydan\u0131&#8217;ndan giri\u015f olacak \u015fekilde 211\/3 soka\u011fa kadar tek y\u00f6n, 211\/3 Sokak; Gazeteci \u0130smail Sivri Bulvar\u0131&#8217;ndan giri\u015f olacak \u015fekilde 220 Sokak y\u00f6n\u00fcne do\u011fru tek y\u00f6n, 220 Sokak; 211\/3 Sokaktan \u00dc\u00e7kuyular Meydan\u0131 y\u00f6n\u00fcne do\u011fru tek y\u00f6n olarak d\u00fczenlenecek. Proje kapsam\u0131nda kav\u015fak i\u00e7erisinde sinyalize altyap\u0131 sistemi uygulamas\u0131 yap\u0131lacak. B\u00f6lgede \u0130ZSU Genel M\u00fcd\u00fcrl\u00fc\u011f\u00fc taraf\u0131ndan ger\u00e7ekle\u015ftirilen altyap\u0131 \u00e7al\u0131\u015fmalar\u0131 s\u0131ras\u0131nda kald\u0131r\u0131lan d\u00f6nel kav\u015fak yeniden &hellip;","og_url":"https:\/\/denizcankizil.tr\/en\/haberler\/gundem\/buca-uckuyulara-yeni-trafik-duzeni-geliyor\/","og_site_name":"Av. Deniz Can K\u0131z\u0131l","article_published_time":"2025-05-27T07:42:27+00:00","author":"admin","twitter_card":"summary_large_image","twitter_misc":{"Written by":"admin","Estimated reading time":"3 minutes"},"schema":{"@context":"https:\/\/schema.org","@graph":[{"@type":"Article","@id":"https:\/\/denizcankizil.tr\/ru\/haberler\/gundem\/buca-uckuyulara-yeni-trafik-duzeni-geliyor\/#article","isPartOf":{"@id":"https:\/\/denizcankizil.tr\/ru\/haberler\/gundem\/buca-uckuyulara-yeni-trafik-duzeni-geliyor\/"},"author":{"name":"admin","@id":"https:\/\/denizcankizil.tr\/de\/#\/schema\/person\/be3c05fe6a12686905512445d8185489"},"headline":"Buca \u00dc\u00e7kuyular&#8217;a yeni trafik d\u00fczeni geliyor","datePublished":"2025-05-27T07:42:27+00:00","mainEntityOfPage":{"@id":"https:\/\/denizcankizil.tr\/ru\/haberler\/gundem\/buca-uckuyulara-yeni-trafik-duzeni-geliyor\/"},"wordCount":650,"publisher":{"@id":"https:\/\/denizcankizil.tr\/de\/#organization"},"articleSection":["G\u00fcndem"],"inLanguage":"en-GB"},{"@type":"WebPage","@id":"https:\/\/denizcankizil.tr\/ru\/haberler\/gundem\/buca-uckuyulara-yeni-trafik-duzeni-geliyor\/","url":"https:\/\/denizcankizil.tr\/ru\/haberler\/gundem\/buca-uckuyulara-yeni-trafik-duzeni-geliyor\/","name":"Buca \u00dc\u00e7kuyular'a yeni trafik d\u00fczeni geliyor - Av. Deniz Can K\u0131z\u0131l","isPartOf":{"@id":"https:\/\/denizcankizil.tr\/de\/#website"},"datePublished":"2025-05-27T07:42:27+00:00","breadcrumb":{"@id":"https:\/\/denizcankizil.tr\/ru\/haberler\/gundem\/buca-uckuyulara-yeni-trafik-duzeni-geliyor\/#breadcrumb"},"inLanguage":"en-GB","potentialAction":[{"@type":"ReadAction","target":["https:\/\/denizcankizil.tr\/ru\/haberler\/gundem\/buca-uckuyulara-yeni-trafik-duzeni-geliyor\/"]}]},{"@type":"BreadcrumbList","@id":"https:\/\/denizcankizil.tr\/ru\/haberler\/gundem\/buca-uckuyulara-yeni-trafik-duzeni-geliyor\/#breadcrumb","itemListElement":[{"@type":"ListItem","position":1,"name":"Home","item":"https:\/\/denizcankizil.tr\/de\/"},{"@type":"ListItem","position":2,"name":"Buca \u00dc\u00e7kuyular&#8217;a yeni trafik d\u00fczeni geliyor"}]},{"@type":"WebSite","@id":"https:\/\/denizcankizil.tr\/de\/#website","url":"https:\/\/denizcankizil.tr\/de\/","name":"Av. Deniz Can K\u0131z\u0131l","description":"Avukat Deniz Can K\u0131z\u0131l Antalya Barosu","publisher":{"@id":"https:\/\/denizcankizil.tr\/de\/#organization"},"potentialAction":[{"@type":"SearchAction","target":{"@type":"EntryPoint","urlTemplate":"https:\/\/denizcankizil.tr\/de\/?s={search_term_string}"},"query-input":{"@type":"PropertyValueSpecification","valueRequired":true,"valueName":"search_term_string"}}],"inLanguage":"en-GB"},{"@type":"Organization","@id":"https:\/\/denizcankizil.tr\/de\/#organization","name":"Av. Deniz Can K\u0131z\u0131l","url":"https:\/\/denizcankizil.tr\/de\/","logo":{"@type":"ImageObject","inLanguage":"en-GB","@id":"https:\/\/denizcankizil.tr\/de\/#\/schema\/logo\/image\/","url":"https:\/\/denizcankizil.tr\/wp-content\/uploads\/2024\/10\/siyah-logo-svg.svg","contentUrl":"https:\/\/denizcankizil.tr\/wp-content\/uploads\/2024\/10\/siyah-logo-svg.svg","width":1080,"height":1080,"caption":"Av. Deniz Can K\u0131z\u0131l"},"image":{"@id":"https:\/\/denizcankizil.tr\/de\/#\/schema\/logo\/image\/"}},{"@type":"Person","@id":"https:\/\/denizcankizil.tr\/de\/#\/schema\/person\/be3c05fe6a12686905512445d8185489","name":"admin","image":{"@type":"ImageObject","inLanguage":"en-GB","@id":"https:\/\/denizcankizil.tr\/de\/#\/schema\/person\/image\/","url":"https:\/\/secure.gravatar.com\/avatar\/c1fce94c830dc79107e174f890d7210541c4a63e8e5d816341794a2151c9d58c?s=96&d=mm&r=g","contentUrl":"https:\/\/secure.gravatar.com\/avatar\/c1fce94c830dc79107e174f890d7210541c4a63e8e5d816341794a2151c9d58c?s=96&d=mm&r=g","caption":"admin"},"sameAs":["http:\/\/denizcankizil.tr"],"url":"https:\/\/www.iskenderun.org\/buca-uckuyulara-yeni-trafik-duzeni-geliyor"}]}},"_links":{"self":[{"href":"https:\/\/denizcankizil.tr\/en\/wp-json\/wp\/v2\/posts\/98267","targetHints":{"allow":["GET"]}}],"collection":[{"href":"https:\/\/denizcankizil.tr\/en\/wp-json\/wp\/v2\/posts"}],"about":[{"href":"https:\/\/denizcankizil.tr\/en\/wp-json\/wp\/v2\/types\/post"}],"author":[{"embeddable":true,"href":"https:\/\/denizcankizil.tr\/en\/wp-json\/wp\/v2\/users\/1"}],"replies":[{"embeddable":true,"href":"https:\/\/denizcankizil.tr\/en\/wp-json\/wp\/v2\/comments?post=98267"}],"version-history":[{"count":0,"href":"https:\/\/denizcankizil.tr\/en\/wp-json\/wp\/v2\/posts\/98267\/revisions"}],"wp:attachment":[{"href":"https:\/\/denizcankizil.tr\/en\/wp-json\/wp\/v2\/media?parent=98267"}],"wp:term":[{"taxonomy":"category","embeddable":true,"href":"https:\/\/denizcankizil.tr\/en\/wp-json\/wp\/v2\/categories?post=98267"},{"taxonomy":"post_tag","embeddable":true,"href":"https:\/\/denizcankizil.tr\/en\/wp-json\/wp\/v2\/tags?post=98267"}],"curies":[{"name":"wp","href":"https:\/\/api.w.org\/{rel}","templated":true}]}}