{"id":98093,"date":"2025-05-27T06:42:22","date_gmt":"2025-05-27T03:42:22","guid":{"rendered":"https:\/\/denizcankizil.tr\/uncategorized-tr\/ankarada-polise-saldiran-12-kisi-gozaltina-alindi\/"},"modified":"2025-05-27T06:42:22","modified_gmt":"2025-05-27T03:42:22","slug":"ankarada-polise-saldiran-12-kisi-gozaltina-alindi","status":"publish","type":"post","link":"https:\/\/denizcankizil.tr\/en\/haberler\/gundem\/ankarada-polise-saldiran-12-kisi-gozaltina-alindi\/","title":{"rendered":"Ankara&#8217;da polise sald\u0131ran 12 ki\u015fi g\u00f6zalt\u0131na al\u0131nd\u0131"},"content":{"rendered":"<p>\u0130\u00e7i\u015fleri Bakan\u0131 Ali Yerlikaya, Ankara Ke\u00e7i\u00f6ren\u2019deki Ba\u011flum Kurban Pazar\u0131\u2019nda polise sald\u0131ran 12 ki\u015finin g\u00f6zalt\u0131na al\u0131nd\u0131\u011f\u0131n\u0131 duyurdu. Olayda 5 polis hafif yaraland\u0131.ANKARA (\u0130GFA) &#8211; \u0130\u00e7i\u015fleri Bakan\u0131 Ali Yerlikaya, Ankara\u2019n\u0131n Ke\u00e7i\u00f6ren il\u00e7esindeki Ba\u011flum Kurban Pazar\u0131\u2019nda g\u00f6revli polislere sald\u0131ran 12 ki\u015finin g\u00f6zalt\u0131na al\u0131nd\u0131\u011f\u0131n\u0131 a\u00e7\u0131klad\u0131.<br \/>\nSosyal medya hesab\u0131ndan yapt\u0131\u011f\u0131 payla\u015f\u0131mda, \u201cR.A., R.B., M.C.B., M.G., F.A., E.B., F.A., H.O., S.A., H.Y., S.S. ve \u00d6.K. isimli \u015fehir e\u015fk\u0131yalar\u0131 yakaland\u0131.<br \/>\nSald\u0131r\u0131da 5 polisimiz hafif \u015fekilde yaraland\u0131. \u015eehir e\u015fk\u0131yalar\u0131yla m\u00fccadelemizi aral\u0131ks\u0131z s\u00fcrd\u00fcrece\u011fiz\u201d dedi.<\/p>\n<p><blockquote class=\"twitter-tweet\" data-width=\"550\" data-dnt=\"true\"><p lang=\"tr\" dir=\"ltr\">GERE\u011e\u0130 YAPILDI-\u015eEH\u0130R E\u015eKIYALARI <br><br>Bug\u00fcn Ankara\u2019da, Ke\u00e7i\u00f6ren Ba\u011flum Kurban Pazar\u0131\u2019nda g\u00f6revli polislerimize sald\u0131ran 12 sald\u0131rgan\u0131n; R.A., R.B., M.C.B., M.G., F.A., E.B., F.A., H.O., S.A., H.Y., S.S. ve \u00d6.K. isimli \u015fah\u0131slar oldu\u011fu tespit edilmi\u015f ve bu \u015fehir e\u015fk\u0131yalar\u0131 g\u00f6zalt\u0131na\u2026 <a href=\"https:\/\/t.co\/tQWawQ8p6l\">pic.twitter.com\/tQWawQ8p6l<\/a><\/p>&mdash; Ali Yerlikaya (@AliYerlikaya) <a href=\"https:\/\/twitter.com\/AliYerlikaya\/status\/1927012614569107468?ref_src=twsrc%5Etfw\">May 26, 2025<\/a><\/blockquote><script async src=\"https:\/\/platform.twitter.com\/widgets.js\" charset=\"utf-8\"><\/script><\/p>\n<p>Olayla ilgili soru\u015fturma devam ederken, Bakan Yerlikaya kamu d\u00fczenini bozanlara kar\u015f\u0131 kararl\u0131 m\u00fccadele vurgusu yapt\u0131.<\/p>\n<p>\u200b\u0130\u00e7i\u015fleri Bakan\u0131 Ali Yerlikaya, Ankara Ke\u00e7i\u00f6ren\u2019deki Ba\u011flum Kurban Pazar\u0131\u2019nda polise sald\u0131ran 12 ki\u015finin g\u00f6zalt\u0131na al\u0131nd\u0131\u011f\u0131n\u0131 duyurdu. Olayda 5 polis hafif yaraland\u0131.ANKARA (\u0130GFA) &#8211; \u0130\u00e7i\u015fleri Bakan\u0131 Ali Yerlikaya, Ankara\u2019n\u0131n Ke\u00e7i\u00f6ren il\u00e7esindeki Ba\u011flum Kurban Pazar\u0131\u2019nda g\u00f6revli polislere sald\u0131ran 12 ki\u015finin g\u00f6zalt\u0131na al\u0131nd\u0131\u011f\u0131n\u0131 a\u00e7\u0131klad\u0131.<br \/>\nSosyal medya hesab\u0131ndan yapt\u0131\u011f\u0131 payla\u015f\u0131mda, \u201cR.A., R.B., M.C.B., M.G., F.A., E.B., F.A., H.O., S.A., H.Y., S.S. ve \u00d6.K. isimli \u015fehir e\u015fk\u0131yalar\u0131 yakaland\u0131.<br \/>\nSald\u0131r\u0131da 5 polisimiz hafif \u015fekilde yaraland\u0131. \u015eehir e\u015fk\u0131yalar\u0131yla m\u00fccadelemizi aral\u0131ks\u0131z s\u00fcrd\u00fcrece\u011fiz\u201d dedi.<\/p>\n<p><blockquote class=\"twitter-tweet\" data-width=\"550\" data-dnt=\"true\"><p lang=\"tr\" dir=\"ltr\">GERE\u011e\u0130 YAPILDI-\u015eEH\u0130R E\u015eKIYALARI <br><br>Bug\u00fcn Ankara\u2019da, Ke\u00e7i\u00f6ren Ba\u011flum Kurban Pazar\u0131\u2019nda g\u00f6revli polislerimize sald\u0131ran 12 sald\u0131rgan\u0131n; R.A., R.B., M.C.B., M.G., F.A., E.B., F.A., H.O., S.A., H.Y., S.S. ve \u00d6.K. isimli \u015fah\u0131slar oldu\u011fu tespit edilmi\u015f ve bu \u015fehir e\u015fk\u0131yalar\u0131 g\u00f6zalt\u0131na\u2026 <a href=\"https:\/\/t.co\/tQWawQ8p6l\">pic.twitter.com\/tQWawQ8p6l<\/a><\/p>&mdash; Ali Yerlikaya (@AliYerlikaya) <a href=\"https:\/\/twitter.com\/AliYerlikaya\/status\/1927012614569107468?ref_src=twsrc%5Etfw\">May 26, 2025<\/a><\/blockquote><script async src=\"https:\/\/platform.twitter.com\/widgets.js\" charset=\"utf-8\"><\/script><\/p>\n<p>Olayla ilgili soru\u015fturma devam ederken, Bakan Yerlikaya kamu d\u00fczenini bozanlara kar\u015f\u0131 kararl\u0131 m\u00fccadele vurgusu yapt\u0131.\u00a0<\/p>\n<p>\u200bHaberin Al\u0131nt\u0131land\u0131\u011f\u0131 Kaynak: www.iskenderun.org<\/p>","protected":false},"excerpt":{"rendered":"<p>\u0130\u00e7i\u015fleri Bakan\u0131 Ali Yerlikaya, Ankara Ke\u00e7i\u00f6ren\u2019deki Ba\u011flum Kurban Pazar\u0131\u2019nda polise sald\u0131ran 12 ki\u015finin g\u00f6zalt\u0131na al\u0131nd\u0131\u011f\u0131n\u0131 duyurdu. Olayda 5 polis hafif yaraland\u0131.ANKARA (\u0130GFA) &#8211; \u0130\u00e7i\u015fleri Bakan\u0131 Ali Yerlikaya, Ankara\u2019n\u0131n Ke\u00e7i\u00f6ren il\u00e7esindeki Ba\u011flum Kurban Pazar\u0131\u2019nda g\u00f6revli polislere sald\u0131ran 12 ki\u015finin g\u00f6zalt\u0131na al\u0131nd\u0131\u011f\u0131n\u0131 a\u00e7\u0131klad\u0131. Sosyal medya hesab\u0131ndan yapt\u0131\u011f\u0131 payla\u015f\u0131mda, \u201cR.A., R.B., M.C.B., M.G., F.A., E.B., F.A., H.O., S.A., H.Y., S.S. ve \u00d6.K. isimli \u015fehir e\u015fk\u0131yalar\u0131 yakaland\u0131. Sald\u0131r\u0131da 5 polisimiz hafif \u015fekilde yaraland\u0131. \u015eehir e\u015fk\u0131yalar\u0131yla m\u00fccadelemizi aral\u0131ks\u0131z s\u00fcrd\u00fcrece\u011fiz\u201d dedi. GERE\u011e\u0130 YAPILDI-\u015eEH\u0130R E\u015eKIYALARI Bug\u00fcn Ankara\u2019da, Ke\u00e7i\u00f6ren Ba\u011flum Kurban Pazar\u0131\u2019nda g\u00f6revli polislerimize sald\u0131ran 12 sald\u0131rgan\u0131n; R.A., R.B., M.C.B., M.G., F.A., E.B., F.A., H.O., S.A., H.Y., S.S. ve \u00d6.K. isimli \u015fah\u0131slar oldu\u011fu tespit edilmi\u015f ve bu \u015fehir e\u015fk\u0131yalar\u0131 g\u00f6zalt\u0131na\u2026 pic.twitter.com\/tQWawQ8p6l &mdash; Ali Yerlikaya (@AliYerlikaya) May 26, 2025 Olayla ilgili soru\u015fturma devam ederken, Bakan Yerlikaya kamu d\u00fczenini bozanlara kar\u015f\u0131 kararl\u0131 m\u00fccadele vurgusu yapt\u0131. \u200b\u0130\u00e7i\u015fleri Bakan\u0131 Ali Yerlikaya, Ankara Ke\u00e7i\u00f6ren\u2019deki Ba\u011flum Kurban Pazar\u0131\u2019nda polise sald\u0131ran 12 ki\u015finin g\u00f6zalt\u0131na al\u0131nd\u0131\u011f\u0131n\u0131 duyurdu. Olayda 5 polis hafif yaraland\u0131.ANKARA (\u0130GFA) &#8211; \u0130\u00e7i\u015fleri Bakan\u0131 Ali Yerlikaya, Ankara\u2019n\u0131n Ke\u00e7i\u00f6ren il\u00e7esindeki Ba\u011flum Kurban Pazar\u0131\u2019nda g\u00f6revli polislere sald\u0131ran 12 ki\u015finin g\u00f6zalt\u0131na al\u0131nd\u0131\u011f\u0131n\u0131 a\u00e7\u0131klad\u0131. Sosyal medya hesab\u0131ndan yapt\u0131\u011f\u0131 payla\u015f\u0131mda, \u201cR.A., R.B., M.C.B., M.G., F.A., E.B., F.A., H.O., S.A., H.Y., S.S. ve \u00d6.K. isimli \u015fehir e\u015fk\u0131yalar\u0131 yakaland\u0131. Sald\u0131r\u0131da 5 &hellip;<\/p>","protected":false},"author":1,"featured_media":0,"comment_status":"","ping_status":"open","sticky":false,"template":"","format":"standard","meta":{"_acf_changed":false,"footnotes":""},"categories":[24],"tags":[],"class_list":["post-98093","post","type-post","status-publish","format-standard","has-post-thumbnail","hentry","category-gundem"],"acf":[],"yoast_head":"<!-- This site is optimized with the Yoast SEO Premium plugin v26.6 (Yoast SEO v27.1.1) - https:\/\/yoast.com\/product\/yoast-seo-premium-wordpress\/ -->\n<title>Ankara&#039;da polise sald\u0131ran 12 ki\u015fi g\u00f6zalt\u0131na al\u0131nd\u0131 - Av. Deniz Can K\u0131z\u0131l<\/title>\n<meta name=\"robots\" content=\"index, follow, max-snippet:-1, max-image-preview:large, max-video-preview:-1\" \/>\n<link rel=\"canonical\" href=\"https:\/\/denizcankizil.tr\/en\/haberler\/gundem\/ankarada-polise-saldiran-12-kisi-gozaltina-alindi\/\" \/>\n<meta property=\"og:locale\" content=\"en_GB\" \/>\n<meta property=\"og:type\" content=\"article\" \/>\n<meta property=\"og:title\" content=\"Ankara&#039;da polise sald\u0131ran 12 ki\u015fi g\u00f6zalt\u0131na al\u0131nd\u0131\" \/>\n<meta property=\"og:description\" content=\"\u0130\u00e7i\u015fleri Bakan\u0131 Ali Yerlikaya, Ankara Ke\u00e7i\u00f6ren\u2019deki Ba\u011flum Kurban Pazar\u0131\u2019nda polise sald\u0131ran 12 ki\u015finin g\u00f6zalt\u0131na al\u0131nd\u0131\u011f\u0131n\u0131 duyurdu. Olayda 5 polis hafif yaraland\u0131.ANKARA (\u0130GFA) &#8211; \u0130\u00e7i\u015fleri Bakan\u0131 Ali Yerlikaya, Ankara\u2019n\u0131n Ke\u00e7i\u00f6ren il\u00e7esindeki Ba\u011flum Kurban Pazar\u0131\u2019nda g\u00f6revli polislere sald\u0131ran 12 ki\u015finin g\u00f6zalt\u0131na al\u0131nd\u0131\u011f\u0131n\u0131 a\u00e7\u0131klad\u0131. Sosyal medya hesab\u0131ndan yapt\u0131\u011f\u0131 payla\u015f\u0131mda, \u201cR.A., R.B., M.C.B., M.G., F.A., E.B., F.A., H.O., S.A., H.Y., S.S. ve \u00d6.K. isimli \u015fehir e\u015fk\u0131yalar\u0131 yakaland\u0131. Sald\u0131r\u0131da 5 polisimiz hafif \u015fekilde yaraland\u0131. \u015eehir e\u015fk\u0131yalar\u0131yla m\u00fccadelemizi aral\u0131ks\u0131z s\u00fcrd\u00fcrece\u011fiz\u201d dedi. GERE\u011e\u0130 YAPILDI-\u015eEH\u0130R E\u015eKIYALARI Bug\u00fcn Ankara\u2019da, Ke\u00e7i\u00f6ren Ba\u011flum Kurban Pazar\u0131\u2019nda g\u00f6revli polislerimize sald\u0131ran 12 sald\u0131rgan\u0131n; R.A., R.B., M.C.B., M.G., F.A., E.B., F.A., H.O., S.A., H.Y., S.S. ve \u00d6.K. isimli \u015fah\u0131slar oldu\u011fu tespit edilmi\u015f ve bu \u015fehir e\u015fk\u0131yalar\u0131 g\u00f6zalt\u0131na\u2026 pic.twitter.com\/tQWawQ8p6l &mdash; Ali Yerlikaya (@AliYerlikaya) May 26, 2025 Olayla ilgili soru\u015fturma devam ederken, Bakan Yerlikaya kamu d\u00fczenini bozanlara kar\u015f\u0131 kararl\u0131 m\u00fccadele vurgusu yapt\u0131. \u200b\u0130\u00e7i\u015fleri Bakan\u0131 Ali Yerlikaya, Ankara Ke\u00e7i\u00f6ren\u2019deki Ba\u011flum Kurban Pazar\u0131\u2019nda polise sald\u0131ran 12 ki\u015finin g\u00f6zalt\u0131na al\u0131nd\u0131\u011f\u0131n\u0131 duyurdu. Olayda 5 polis hafif yaraland\u0131.ANKARA (\u0130GFA) &#8211; \u0130\u00e7i\u015fleri Bakan\u0131 Ali Yerlikaya, Ankara\u2019n\u0131n Ke\u00e7i\u00f6ren il\u00e7esindeki Ba\u011flum Kurban Pazar\u0131\u2019nda g\u00f6revli polislere sald\u0131ran 12 ki\u015finin g\u00f6zalt\u0131na al\u0131nd\u0131\u011f\u0131n\u0131 a\u00e7\u0131klad\u0131. Sosyal medya hesab\u0131ndan yapt\u0131\u011f\u0131 payla\u015f\u0131mda, \u201cR.A., R.B., M.C.B., M.G., F.A., E.B., F.A., H.O., S.A., H.Y., S.S. ve \u00d6.K. isimli \u015fehir e\u015fk\u0131yalar\u0131 yakaland\u0131. Sald\u0131r\u0131da 5 &hellip;\" \/>\n<meta property=\"og:url\" content=\"https:\/\/denizcankizil.tr\/en\/haberler\/gundem\/ankarada-polise-saldiran-12-kisi-gozaltina-alindi\/\" \/>\n<meta property=\"og:site_name\" content=\"Av. Deniz Can K\u0131z\u0131l\" \/>\n<meta property=\"article:published_time\" content=\"2025-05-27T03:42:22+00:00\" \/>\n<meta name=\"author\" content=\"admin\" \/>\n<meta name=\"twitter:card\" content=\"summary_large_image\" \/>\n<meta name=\"twitter:label1\" content=\"Written by\" \/>\n\t<meta name=\"twitter:data1\" content=\"admin\" \/>\n\t<meta name=\"twitter:label2\" content=\"Estimated reading time\" \/>\n\t<meta name=\"twitter:data2\" content=\"2 minutes\" \/>\n<script type=\"application\/ld+json\" class=\"yoast-schema-graph\">{\"@context\":\"https:\/\/schema.org\",\"@graph\":[{\"@type\":\"Article\",\"@id\":\"https:\/\/denizcankizil.tr\/en\/haberler\/gundem\/ankarada-polise-saldiran-12-kisi-gozaltina-alindi\/#article\",\"isPartOf\":{\"@id\":\"https:\/\/denizcankizil.tr\/en\/haberler\/gundem\/ankarada-polise-saldiran-12-kisi-gozaltina-alindi\/\"},\"author\":{\"name\":\"admin\",\"@id\":\"https:\/\/denizcankizil.tr\/#\/schema\/person\/be3c05fe6a12686905512445d8185489\"},\"headline\":\"Ankara&#8217;da polise sald\u0131ran 12 ki\u015fi g\u00f6zalt\u0131na al\u0131nd\u0131\",\"datePublished\":\"2025-05-27T03:42:22+00:00\",\"mainEntityOfPage\":{\"@id\":\"https:\/\/denizcankizil.tr\/en\/haberler\/gundem\/ankarada-polise-saldiran-12-kisi-gozaltina-alindi\/\"},\"wordCount\":320,\"publisher\":{\"@id\":\"https:\/\/denizcankizil.tr\/#organization\"},\"articleSection\":[\"G\u00fcndem\"],\"inLanguage\":\"en-GB\"},{\"@type\":\"WebPage\",\"@id\":\"https:\/\/denizcankizil.tr\/en\/haberler\/gundem\/ankarada-polise-saldiran-12-kisi-gozaltina-alindi\/\",\"url\":\"https:\/\/denizcankizil.tr\/en\/haberler\/gundem\/ankarada-polise-saldiran-12-kisi-gozaltina-alindi\/\",\"name\":\"Ankara'da polise sald\u0131ran 12 ki\u015fi g\u00f6zalt\u0131na al\u0131nd\u0131 - Av. Deniz Can K\u0131z\u0131l\",\"isPartOf\":{\"@id\":\"https:\/\/denizcankizil.tr\/#website\"},\"datePublished\":\"2025-05-27T03:42:22+00:00\",\"breadcrumb\":{\"@id\":\"https:\/\/denizcankizil.tr\/en\/haberler\/gundem\/ankarada-polise-saldiran-12-kisi-gozaltina-alindi\/#breadcrumb\"},\"inLanguage\":\"en-GB\",\"potentialAction\":[{\"@type\":\"ReadAction\",\"target\":[\"https:\/\/denizcankizil.tr\/en\/haberler\/gundem\/ankarada-polise-saldiran-12-kisi-gozaltina-alindi\/\"]}]},{\"@type\":\"BreadcrumbList\",\"@id\":\"https:\/\/denizcankizil.tr\/en\/haberler\/gundem\/ankarada-polise-saldiran-12-kisi-gozaltina-alindi\/#breadcrumb\",\"itemListElement\":[{\"@type\":\"ListItem\",\"position\":1,\"name\":\"Home\",\"item\":\"https:\/\/denizcankizil.tr\/de\/\"},{\"@type\":\"ListItem\",\"position\":2,\"name\":\"Ankara&#8217;da polise sald\u0131ran 12 ki\u015fi g\u00f6zalt\u0131na al\u0131nd\u0131\"}]},{\"@type\":\"WebSite\",\"@id\":\"https:\/\/denizcankizil.tr\/#website\",\"url\":\"https:\/\/denizcankizil.tr\/\",\"name\":\"Av. Deniz Can K\u0131z\u0131l\",\"description\":\"Avukat Deniz Can K\u0131z\u0131l Antalya Barosu\",\"publisher\":{\"@id\":\"https:\/\/denizcankizil.tr\/#organization\"},\"potentialAction\":[{\"@type\":\"SearchAction\",\"target\":{\"@type\":\"EntryPoint\",\"urlTemplate\":\"https:\/\/denizcankizil.tr\/?s={search_term_string}\"},\"query-input\":{\"@type\":\"PropertyValueSpecification\",\"valueRequired\":true,\"valueName\":\"search_term_string\"}}],\"inLanguage\":\"en-GB\"},{\"@type\":\"Organization\",\"@id\":\"https:\/\/denizcankizil.tr\/#organization\",\"name\":\"Av. Deniz Can K\u0131z\u0131l\",\"url\":\"https:\/\/denizcankizil.tr\/\",\"logo\":{\"@type\":\"ImageObject\",\"inLanguage\":\"en-GB\",\"@id\":\"https:\/\/denizcankizil.tr\/#\/schema\/logo\/image\/\",\"url\":\"https:\/\/denizcankizil.tr\/wp-content\/uploads\/2024\/10\/siyah-logo-svg.svg\",\"contentUrl\":\"https:\/\/denizcankizil.tr\/wp-content\/uploads\/2024\/10\/siyah-logo-svg.svg\",\"width\":1080,\"height\":1080,\"caption\":\"Av. Deniz Can K\u0131z\u0131l\"},\"image\":{\"@id\":\"https:\/\/denizcankizil.tr\/#\/schema\/logo\/image\/\"}},{\"@type\":\"Person\",\"@id\":\"https:\/\/denizcankizil.tr\/#\/schema\/person\/be3c05fe6a12686905512445d8185489\",\"name\":\"admin\",\"image\":{\"@type\":\"ImageObject\",\"inLanguage\":\"en-GB\",\"@id\":\"https:\/\/denizcankizil.tr\/#\/schema\/person\/image\/\",\"url\":\"https:\/\/secure.gravatar.com\/avatar\/c1fce94c830dc79107e174f890d7210541c4a63e8e5d816341794a2151c9d58c?s=96&d=mm&r=g\",\"contentUrl\":\"https:\/\/secure.gravatar.com\/avatar\/c1fce94c830dc79107e174f890d7210541c4a63e8e5d816341794a2151c9d58c?s=96&d=mm&r=g\",\"caption\":\"admin\"},\"sameAs\":[\"http:\/\/denizcankizil.tr\"],\"url\":\"https:\/\/www.iskenderun.org\/ankarada-polise-saldiran-12-kisi-gozaltina-alindi\"}]}<\/script>\n<!-- \/ Yoast SEO Premium plugin. -->","yoast_head_json":{"title":"Ankara'da polise sald\u0131ran 12 ki\u015fi g\u00f6zalt\u0131na al\u0131nd\u0131 - Av. Deniz Can K\u0131z\u0131l","robots":{"index":"index","follow":"follow","max-snippet":"max-snippet:-1","max-image-preview":"max-image-preview:large","max-video-preview":"max-video-preview:-1"},"canonical":"https:\/\/denizcankizil.tr\/en\/haberler\/gundem\/ankarada-polise-saldiran-12-kisi-gozaltina-alindi\/","og_locale":"en_GB","og_type":"article","og_title":"Ankara'da polise sald\u0131ran 12 ki\u015fi g\u00f6zalt\u0131na al\u0131nd\u0131","og_description":"\u0130\u00e7i\u015fleri Bakan\u0131 Ali Yerlikaya, Ankara Ke\u00e7i\u00f6ren\u2019deki Ba\u011flum Kurban Pazar\u0131\u2019nda polise sald\u0131ran 12 ki\u015finin g\u00f6zalt\u0131na al\u0131nd\u0131\u011f\u0131n\u0131 duyurdu. Olayda 5 polis hafif yaraland\u0131.ANKARA (\u0130GFA) &#8211; \u0130\u00e7i\u015fleri Bakan\u0131 Ali Yerlikaya, Ankara\u2019n\u0131n Ke\u00e7i\u00f6ren il\u00e7esindeki Ba\u011flum Kurban Pazar\u0131\u2019nda g\u00f6revli polislere sald\u0131ran 12 ki\u015finin g\u00f6zalt\u0131na al\u0131nd\u0131\u011f\u0131n\u0131 a\u00e7\u0131klad\u0131. Sosyal medya hesab\u0131ndan yapt\u0131\u011f\u0131 payla\u015f\u0131mda, \u201cR.A., R.B., M.C.B., M.G., F.A., E.B., F.A., H.O., S.A., H.Y., S.S. ve \u00d6.K. isimli \u015fehir e\u015fk\u0131yalar\u0131 yakaland\u0131. Sald\u0131r\u0131da 5 polisimiz hafif \u015fekilde yaraland\u0131. \u015eehir e\u015fk\u0131yalar\u0131yla m\u00fccadelemizi aral\u0131ks\u0131z s\u00fcrd\u00fcrece\u011fiz\u201d dedi. GERE\u011e\u0130 YAPILDI-\u015eEH\u0130R E\u015eKIYALARI Bug\u00fcn Ankara\u2019da, Ke\u00e7i\u00f6ren Ba\u011flum Kurban Pazar\u0131\u2019nda g\u00f6revli polislerimize sald\u0131ran 12 sald\u0131rgan\u0131n; R.A., R.B., M.C.B., M.G., F.A., E.B., F.A., H.O., S.A., H.Y., S.S. ve \u00d6.K. isimli \u015fah\u0131slar oldu\u011fu tespit edilmi\u015f ve bu \u015fehir e\u015fk\u0131yalar\u0131 g\u00f6zalt\u0131na\u2026 pic.twitter.com\/tQWawQ8p6l &mdash; Ali Yerlikaya (@AliYerlikaya) May 26, 2025 Olayla ilgili soru\u015fturma devam ederken, Bakan Yerlikaya kamu d\u00fczenini bozanlara kar\u015f\u0131 kararl\u0131 m\u00fccadele vurgusu yapt\u0131. \u200b\u0130\u00e7i\u015fleri Bakan\u0131 Ali Yerlikaya, Ankara Ke\u00e7i\u00f6ren\u2019deki Ba\u011flum Kurban Pazar\u0131\u2019nda polise sald\u0131ran 12 ki\u015finin g\u00f6zalt\u0131na al\u0131nd\u0131\u011f\u0131n\u0131 duyurdu. Olayda 5 polis hafif yaraland\u0131.ANKARA (\u0130GFA) &#8211; \u0130\u00e7i\u015fleri Bakan\u0131 Ali Yerlikaya, Ankara\u2019n\u0131n Ke\u00e7i\u00f6ren il\u00e7esindeki Ba\u011flum Kurban Pazar\u0131\u2019nda g\u00f6revli polislere sald\u0131ran 12 ki\u015finin g\u00f6zalt\u0131na al\u0131nd\u0131\u011f\u0131n\u0131 a\u00e7\u0131klad\u0131. Sosyal medya hesab\u0131ndan yapt\u0131\u011f\u0131 payla\u015f\u0131mda, \u201cR.A., R.B., M.C.B., M.G., F.A., E.B., F.A., H.O., S.A., H.Y., S.S. ve \u00d6.K. isimli \u015fehir e\u015fk\u0131yalar\u0131 yakaland\u0131. Sald\u0131r\u0131da 5 &hellip;","og_url":"https:\/\/denizcankizil.tr\/en\/haberler\/gundem\/ankarada-polise-saldiran-12-kisi-gozaltina-alindi\/","og_site_name":"Av. Deniz Can K\u0131z\u0131l","article_published_time":"2025-05-27T03:42:22+00:00","author":"admin","twitter_card":"summary_large_image","twitter_misc":{"Written by":"admin","Estimated reading time":"2 minutes"},"schema":{"@context":"https:\/\/schema.org","@graph":[{"@type":"Article","@id":"https:\/\/denizcankizil.tr\/en\/haberler\/gundem\/ankarada-polise-saldiran-12-kisi-gozaltina-alindi\/#article","isPartOf":{"@id":"https:\/\/denizcankizil.tr\/en\/haberler\/gundem\/ankarada-polise-saldiran-12-kisi-gozaltina-alindi\/"},"author":{"name":"admin","@id":"https:\/\/denizcankizil.tr\/#\/schema\/person\/be3c05fe6a12686905512445d8185489"},"headline":"Ankara&#8217;da polise sald\u0131ran 12 ki\u015fi g\u00f6zalt\u0131na al\u0131nd\u0131","datePublished":"2025-05-27T03:42:22+00:00","mainEntityOfPage":{"@id":"https:\/\/denizcankizil.tr\/en\/haberler\/gundem\/ankarada-polise-saldiran-12-kisi-gozaltina-alindi\/"},"wordCount":320,"publisher":{"@id":"https:\/\/denizcankizil.tr\/#organization"},"articleSection":["G\u00fcndem"],"inLanguage":"en-GB"},{"@type":"WebPage","@id":"https:\/\/denizcankizil.tr\/en\/haberler\/gundem\/ankarada-polise-saldiran-12-kisi-gozaltina-alindi\/","url":"https:\/\/denizcankizil.tr\/en\/haberler\/gundem\/ankarada-polise-saldiran-12-kisi-gozaltina-alindi\/","name":"Ankara'da polise sald\u0131ran 12 ki\u015fi g\u00f6zalt\u0131na al\u0131nd\u0131 - Av. Deniz Can K\u0131z\u0131l","isPartOf":{"@id":"https:\/\/denizcankizil.tr\/#website"},"datePublished":"2025-05-27T03:42:22+00:00","breadcrumb":{"@id":"https:\/\/denizcankizil.tr\/en\/haberler\/gundem\/ankarada-polise-saldiran-12-kisi-gozaltina-alindi\/#breadcrumb"},"inLanguage":"en-GB","potentialAction":[{"@type":"ReadAction","target":["https:\/\/denizcankizil.tr\/en\/haberler\/gundem\/ankarada-polise-saldiran-12-kisi-gozaltina-alindi\/"]}]},{"@type":"BreadcrumbList","@id":"https:\/\/denizcankizil.tr\/en\/haberler\/gundem\/ankarada-polise-saldiran-12-kisi-gozaltina-alindi\/#breadcrumb","itemListElement":[{"@type":"ListItem","position":1,"name":"Home","item":"https:\/\/denizcankizil.tr\/de\/"},{"@type":"ListItem","position":2,"name":"Ankara&#8217;da polise sald\u0131ran 12 ki\u015fi g\u00f6zalt\u0131na al\u0131nd\u0131"}]},{"@type":"WebSite","@id":"https:\/\/denizcankizil.tr\/#website","url":"https:\/\/denizcankizil.tr\/","name":"Av. Deniz Can K\u0131z\u0131l","description":"Avukat Deniz Can K\u0131z\u0131l Antalya Barosu","publisher":{"@id":"https:\/\/denizcankizil.tr\/#organization"},"potentialAction":[{"@type":"SearchAction","target":{"@type":"EntryPoint","urlTemplate":"https:\/\/denizcankizil.tr\/?s={search_term_string}"},"query-input":{"@type":"PropertyValueSpecification","valueRequired":true,"valueName":"search_term_string"}}],"inLanguage":"en-GB"},{"@type":"Organization","@id":"https:\/\/denizcankizil.tr\/#organization","name":"Av. Deniz Can K\u0131z\u0131l","url":"https:\/\/denizcankizil.tr\/","logo":{"@type":"ImageObject","inLanguage":"en-GB","@id":"https:\/\/denizcankizil.tr\/#\/schema\/logo\/image\/","url":"https:\/\/denizcankizil.tr\/wp-content\/uploads\/2024\/10\/siyah-logo-svg.svg","contentUrl":"https:\/\/denizcankizil.tr\/wp-content\/uploads\/2024\/10\/siyah-logo-svg.svg","width":1080,"height":1080,"caption":"Av. Deniz Can K\u0131z\u0131l"},"image":{"@id":"https:\/\/denizcankizil.tr\/#\/schema\/logo\/image\/"}},{"@type":"Person","@id":"https:\/\/denizcankizil.tr\/#\/schema\/person\/be3c05fe6a12686905512445d8185489","name":"admin","image":{"@type":"ImageObject","inLanguage":"en-GB","@id":"https:\/\/denizcankizil.tr\/#\/schema\/person\/image\/","url":"https:\/\/secure.gravatar.com\/avatar\/c1fce94c830dc79107e174f890d7210541c4a63e8e5d816341794a2151c9d58c?s=96&d=mm&r=g","contentUrl":"https:\/\/secure.gravatar.com\/avatar\/c1fce94c830dc79107e174f890d7210541c4a63e8e5d816341794a2151c9d58c?s=96&d=mm&r=g","caption":"admin"},"sameAs":["http:\/\/denizcankizil.tr"],"url":"https:\/\/www.iskenderun.org\/ankarada-polise-saldiran-12-kisi-gozaltina-alindi"}]}},"_links":{"self":[{"href":"https:\/\/denizcankizil.tr\/en\/wp-json\/wp\/v2\/posts\/98093","targetHints":{"allow":["GET"]}}],"collection":[{"href":"https:\/\/denizcankizil.tr\/en\/wp-json\/wp\/v2\/posts"}],"about":[{"href":"https:\/\/denizcankizil.tr\/en\/wp-json\/wp\/v2\/types\/post"}],"author":[{"embeddable":true,"href":"https:\/\/denizcankizil.tr\/en\/wp-json\/wp\/v2\/users\/1"}],"replies":[{"embeddable":true,"href":"https:\/\/denizcankizil.tr\/en\/wp-json\/wp\/v2\/comments?post=98093"}],"version-history":[{"count":0,"href":"https:\/\/denizcankizil.tr\/en\/wp-json\/wp\/v2\/posts\/98093\/revisions"}],"wp:attachment":[{"href":"https:\/\/denizcankizil.tr\/en\/wp-json\/wp\/v2\/media?parent=98093"}],"wp:term":[{"taxonomy":"category","embeddable":true,"href":"https:\/\/denizcankizil.tr\/en\/wp-json\/wp\/v2\/categories?post=98093"},{"taxonomy":"post_tag","embeddable":true,"href":"https:\/\/denizcankizil.tr\/en\/wp-json\/wp\/v2\/tags?post=98093"}],"curies":[{"name":"wp","href":"https:\/\/api.w.org\/{rel}","templated":true}]}}