{"id":97555,"date":"2025-05-26T19:41:17","date_gmt":"2025-05-26T16:41:17","guid":{"rendered":"https:\/\/denizcankizil.tr\/uncategorized-tr\/manavgatin-finansman-altyapi-ve-ulasim-sorunlari-sura-gundeminde\/"},"modified":"2025-05-26T19:41:17","modified_gmt":"2025-05-26T16:41:17","slug":"manavgatin-finansman-altyapi-ve-ulasim-sorunlari-sura-gundeminde","status":"publish","type":"post","link":"https:\/\/denizcankizil.tr\/en\/haberler\/gundem\/manavgatin-finansman-altyapi-ve-ulasim-sorunlari-sura-gundeminde\/","title":{"rendered":"Manavgat&#8217;\u0131n finansman, altyap\u0131 ve ula\u015f\u0131m sorunlar\u0131 \u015e\u00fbra g\u00fcndeminde"},"content":{"rendered":"<p>Manavgat Ticaret ve Sanayi Odas\u0131 (MATSO) Ba\u015fkan\u0131 Seydi Tahsin G\u00fcng\u00f6r, T\u00fcrkiye Odalar ve Borsalar Birli\u011fi&#8217;nin (TOBB) taraf\u0131ndan Ankara&#8217;da d\u00fczenlenen T\u00fcrkiye Ekonomi \u015e\u00fbras\u0131&#8217;na kat\u0131larak, Manavgat i\u015f d\u00fcnyas\u0131n\u0131n sorunlar\u0131n\u0131 ve \u00e7\u00f6z\u00fcm \u00f6nerilerini h\u00fck\u00fcmet yetkililerine iletti. Cumhurba\u015fkan\u0131 Yard\u0131mc\u0131s\u0131 Cevdet Y\u0131lmaz, Hazine ve Maliye Bakan\u0131 Mehmet \u015eim\u015fek, Ticaret Bakan\u0131 Prof. Dr. \u00d6mer Bolat, Sanayi ve Teknoloji Bakan\u0131 Mehmet Fatih Kac\u0131r, Tar\u0131m ve Orman Bakan\u0131 \u0130brahim Yumakl\u0131 gibi bir\u00e7ok bakan\u0131n kat\u0131ld\u0131\u011f\u0131 toplant\u0131da G\u00fcng\u00f6r, finansmana eri\u015fimde ya\u015fanan s\u0131k\u0131nt\u0131lardan ula\u015f\u0131ma, ar\u0131tma altyap\u0131s\u0131ndan turizm sekt\u00f6r\u00fcne kadar \u00e7e\u015fitli alanlarda b\u00f6lgesel talepleri dile getirdi.<\/p>\n<p>&#8220;F\u0130NANSMAN ER\u0130\u015e\u0130M\u0130 SEKT\u00d6R\u00dc OLUMSUZ ETK\u0130L\u0130YOR&#8221;<\/p>\n<p>Toplant\u0131da konu\u015fan MATSO Ba\u015fkan\u0131 Seydi Tahsin G\u00fcng\u00f6r, Manavgat i\u015f d\u00fcnyas\u0131n\u0131n sorun, talep ve \u00e7\u00f6z\u00fcm \u00f6nerilerini payla\u015ft\u0131. \u00d6zellikle finansmana eri\u015fimde ya\u015fanan zorluklar\u0131n sekt\u00f6rleri olumsuz etkiledi\u011fini belirten G\u00fcng\u00f6r, bu konuda destek verilmesi gerekti\u011fini vurgulad\u0131. G\u00fcng\u00f6r, &#8220;Finansmana eri\u015fimde ya\u015fanan sorunlar t\u00fcm sekt\u00f6r\u00fc olumsuz etkiliyor. \u00d6zellikle ticari kredilere ula\u015f\u0131mda esneklik sa\u011flanmal\u0131 ve finansmana eri\u015fim kolayla\u015ft\u0131r\u0131lmal\u0131d\u0131r&#8221; dedi.<\/p>\n<p>EVRAK EKS\u0130KL\u0130KLER\u0130N\u0130N SEZON SONU TAMAMLANMASI \u0130STEND\u0130 <\/p>\n<p>Turizmin Manavgat ve b\u00f6lge ekonomisinin en \u00f6nemli gelir kaynaklar\u0131ndan biri oldu\u011funu vurgulayan Ba\u015fkan G\u00fcng\u00f6r, Manavgat- Side turizm destinasyonunda yer alan konaklama tesislerinin ve di\u011fer i\u015fletmelerin yang\u0131n g\u00fcvenli\u011fi konusunda son derece hassas yakla\u015ft\u0131\u011f\u0131n\u0131 vurgulad\u0131. Ba\u015fkan G\u00fcng\u00f6r, b\u00f6lgede faaliyet g\u00f6steren otellerin gerekli t\u00fcm tedbirleri ald\u0131\u011f\u0131n\u0131 ancak yang\u0131n g\u00fcvenli\u011fi ve di\u011fer denetimlere ili\u015fkin baz\u0131 eksikliklerin giderilmesi ve gerekli d\u00fczenlemelerin yap\u0131labilmesi i\u00e7in, i\u015fletmelere bu eksikleri turizm sezonunun sona ermesinin ard\u0131ndan tamamlayabilmeleri amac\u0131yla s\u00fcre tan\u0131nmas\u0131 gerekti\u011fini ifade etti.<\/p>\n<p>&#8220;TUR\u0130ZM SEZONUNDA D-400 YETERS\u0130Z KALIYOR&#8221;<\/p>\n<p>Ba\u015fkan G\u00fcng\u00f6r, yaz aylar\u0131nda turizm sezonunun ba\u015flamas\u0131yla birlikte mevcut D-400 kara yolunun yetersiz kald\u0131\u011f\u0131n\u0131 belirterek, artan trafik y\u00fck\u00fcn\u00fc ta\u015f\u0131yamad\u0131\u011f\u0131n\u0131 s\u00f6yledi. Otoyol projesinin yap\u0131m\u0131na ba\u015fland\u0131\u011f\u0131n\u0131 hat\u0131rlatan Ba\u015fkan G\u00fcng\u00f6r, proje tamamlanana kadar olu\u015fan trafik yo\u011funlu\u011funu hafifletmek i\u00e7in turizm merkezlerinde mevcut olan turizm yollar\u0131n birbirine ba\u011flanmas\u0131n\u0131n b\u00fcy\u00fck \u00f6nem ta\u015f\u0131d\u0131\u011f\u0131n\u0131 vurgulad\u0131.<\/p>\n<p>&#8220;MEVCUT ARITMA TES\u0130S\u0130 KAPAS\u0130TES\u0130 YETERS\u0130Z KALIYOR&#8221;<\/p>\n<p>Manavgat b\u00f6lgesindeki mevcut ar\u0131tma tesislerinin kapasitesinin yetersiz kald\u0131\u011f\u0131n\u0131 belirten Ba\u015fkan G\u00fcng\u00f6r, ar\u0131tma tesislerinin kapasitesinin art\u0131r\u0131lmas\u0131 ve yeni ar\u0131tma tesisi projeleri yap\u0131larak hayata ge\u00e7irilmesi gerekti\u011fini s\u00f6yledi.<\/p>\n<p>ALTIN SUSAMININ DESTEKLENMES\u0130 \u0130STEND\u0130 <\/p>\n<p>MATSO olarak Manavgat alt\u0131n susam\u0131na co\u011frafi i\u015fareti alarak tescille\u015ftirdiklerini kaydeden Ba\u015fkan G\u00fcng\u00f6r, Osmanl\u0131dan g\u00fcn\u00fcm\u00fcze uzanan Manavgat alt\u0131n susam\u0131n\u0131n da havza bazl\u0131 destekleme modelinde belirlenmi\u015f olan \u00fcr\u00fcnlerin i\u00e7erisine eklenmesi talebinde bulundu.<\/p>\n<p>\u200bMATSO Ba\u015fkan\u0131 Seydi Tahsin G\u00fcng\u00f6r, T\u00fcrkiye Odalar ve Borsalar Birli\u011fi&#8217;nin d\u00fczenledi\u011fi  T\u00fcrkiye Ekonomi \u015e\u00fbras\u0131&#8217;nda Manavgat&#8217;\u0131n finansmana eri\u015fim zorluklar\u0131, yetersiz altyap\u0131, artan trafik y\u00fck\u00fc ve turizmde ya\u015fanan denetim sorunlar\u0131n\u0131 bakanlara tek tek anlatt\u0131. Ar\u0131tma kapasitesinin art\u0131r\u0131lmas\u0131 ve alt\u0131n susam\u0131n desteklenme kapsam\u0131na al\u0131nmas\u0131 da talepler aras\u0131nda yer ald\u0131\u00a0<\/p>\n<p>\u200bHaberin Al\u0131nt\u0131land\u0131\u011f\u0131 Kaynak: www.antalyakorfez.com<\/p>","protected":false},"excerpt":{"rendered":"<p>Manavgat Ticaret ve Sanayi Odas\u0131 (MATSO) Ba\u015fkan\u0131 Seydi Tahsin G\u00fcng\u00f6r, T\u00fcrkiye Odalar ve Borsalar Birli\u011fi&#8217;nin (TOBB) taraf\u0131ndan Ankara&#8217;da d\u00fczenlenen T\u00fcrkiye Ekonomi \u015e\u00fbras\u0131&#8217;na kat\u0131larak, Manavgat i\u015f d\u00fcnyas\u0131n\u0131n sorunlar\u0131n\u0131 ve \u00e7\u00f6z\u00fcm \u00f6nerilerini h\u00fck\u00fcmet yetkililerine iletti. Cumhurba\u015fkan\u0131 Yard\u0131mc\u0131s\u0131 Cevdet Y\u0131lmaz, Hazine ve Maliye Bakan\u0131 Mehmet \u015eim\u015fek, Ticaret Bakan\u0131 Prof. Dr. \u00d6mer Bolat, Sanayi ve Teknoloji Bakan\u0131 Mehmet Fatih Kac\u0131r, Tar\u0131m ve Orman Bakan\u0131 \u0130brahim Yumakl\u0131 gibi bir\u00e7ok bakan\u0131n kat\u0131ld\u0131\u011f\u0131 toplant\u0131da G\u00fcng\u00f6r, finansmana eri\u015fimde ya\u015fanan s\u0131k\u0131nt\u0131lardan ula\u015f\u0131ma, ar\u0131tma altyap\u0131s\u0131ndan turizm sekt\u00f6r\u00fcne kadar \u00e7e\u015fitli alanlarda b\u00f6lgesel talepleri dile getirdi. &#8220;F\u0130NANSMAN ER\u0130\u015e\u0130M\u0130 SEKT\u00d6R\u00dc OLUMSUZ ETK\u0130L\u0130YOR&#8221; Toplant\u0131da konu\u015fan MATSO Ba\u015fkan\u0131 Seydi Tahsin G\u00fcng\u00f6r, Manavgat i\u015f d\u00fcnyas\u0131n\u0131n sorun, talep ve \u00e7\u00f6z\u00fcm \u00f6nerilerini payla\u015ft\u0131. \u00d6zellikle finansmana eri\u015fimde ya\u015fanan zorluklar\u0131n sekt\u00f6rleri olumsuz etkiledi\u011fini belirten G\u00fcng\u00f6r, bu konuda destek verilmesi gerekti\u011fini vurgulad\u0131. G\u00fcng\u00f6r, &#8220;Finansmana eri\u015fimde ya\u015fanan sorunlar t\u00fcm sekt\u00f6r\u00fc olumsuz etkiliyor. \u00d6zellikle ticari kredilere ula\u015f\u0131mda esneklik sa\u011flanmal\u0131 ve finansmana eri\u015fim kolayla\u015ft\u0131r\u0131lmal\u0131d\u0131r&#8221; dedi. EVRAK EKS\u0130KL\u0130KLER\u0130N\u0130N SEZON SONU TAMAMLANMASI \u0130STEND\u0130 Turizmin Manavgat ve b\u00f6lge ekonomisinin en \u00f6nemli gelir kaynaklar\u0131ndan biri oldu\u011funu vurgulayan Ba\u015fkan G\u00fcng\u00f6r, Manavgat- Side turizm destinasyonunda yer alan konaklama tesislerinin ve di\u011fer i\u015fletmelerin yang\u0131n g\u00fcvenli\u011fi konusunda son derece hassas yakla\u015ft\u0131\u011f\u0131n\u0131 vurgulad\u0131. Ba\u015fkan G\u00fcng\u00f6r, b\u00f6lgede faaliyet g\u00f6steren otellerin gerekli t\u00fcm tedbirleri ald\u0131\u011f\u0131n\u0131 ancak yang\u0131n g\u00fcvenli\u011fi ve di\u011fer denetimlere ili\u015fkin baz\u0131 eksikliklerin giderilmesi &hellip;<\/p>","protected":false},"author":5,"featured_media":0,"comment_status":"","ping_status":"open","sticky":false,"template":"","format":"standard","meta":{"_acf_changed":false,"footnotes":""},"categories":[24],"tags":[],"class_list":["post-97555","post","type-post","status-publish","format-standard","has-post-thumbnail","hentry","category-gundem"],"acf":[],"yoast_head":"<!-- This site is optimized with the Yoast SEO Premium plugin v26.6 (Yoast SEO v27.1.1) - https:\/\/yoast.com\/product\/yoast-seo-premium-wordpress\/ -->\n<title>Manavgat&#039;\u0131n finansman, altyap\u0131 ve ula\u015f\u0131m sorunlar\u0131 \u015e\u00fbra g\u00fcndeminde - Av. Deniz Can K\u0131z\u0131l<\/title>\n<meta name=\"robots\" content=\"index, follow, max-snippet:-1, max-image-preview:large, max-video-preview:-1\" \/>\n<link rel=\"canonical\" href=\"https:\/\/denizcankizil.tr\/en\/haberler\/gundem\/manavgatin-finansman-altyapi-ve-ulasim-sorunlari-sura-gundeminde\/\" \/>\n<meta property=\"og:locale\" content=\"en_GB\" \/>\n<meta property=\"og:type\" content=\"article\" \/>\n<meta property=\"og:title\" content=\"Manavgat&#039;\u0131n finansman, altyap\u0131 ve ula\u015f\u0131m sorunlar\u0131 \u015e\u00fbra g\u00fcndeminde\" \/>\n<meta property=\"og:description\" content=\"Manavgat Ticaret ve Sanayi Odas\u0131 (MATSO) Ba\u015fkan\u0131 Seydi Tahsin G\u00fcng\u00f6r, T\u00fcrkiye Odalar ve Borsalar Birli\u011fi&#8217;nin (TOBB) taraf\u0131ndan Ankara&#8217;da d\u00fczenlenen T\u00fcrkiye Ekonomi \u015e\u00fbras\u0131&#8217;na kat\u0131larak, Manavgat i\u015f d\u00fcnyas\u0131n\u0131n sorunlar\u0131n\u0131 ve \u00e7\u00f6z\u00fcm \u00f6nerilerini h\u00fck\u00fcmet yetkililerine iletti. Cumhurba\u015fkan\u0131 Yard\u0131mc\u0131s\u0131 Cevdet Y\u0131lmaz, Hazine ve Maliye Bakan\u0131 Mehmet \u015eim\u015fek, Ticaret Bakan\u0131 Prof. Dr. \u00d6mer Bolat, Sanayi ve Teknoloji Bakan\u0131 Mehmet Fatih Kac\u0131r, Tar\u0131m ve Orman Bakan\u0131 \u0130brahim Yumakl\u0131 gibi bir\u00e7ok bakan\u0131n kat\u0131ld\u0131\u011f\u0131 toplant\u0131da G\u00fcng\u00f6r, finansmana eri\u015fimde ya\u015fanan s\u0131k\u0131nt\u0131lardan ula\u015f\u0131ma, ar\u0131tma altyap\u0131s\u0131ndan turizm sekt\u00f6r\u00fcne kadar \u00e7e\u015fitli alanlarda b\u00f6lgesel talepleri dile getirdi. &#8220;F\u0130NANSMAN ER\u0130\u015e\u0130M\u0130 SEKT\u00d6R\u00dc OLUMSUZ ETK\u0130L\u0130YOR&#8221; Toplant\u0131da konu\u015fan MATSO Ba\u015fkan\u0131 Seydi Tahsin G\u00fcng\u00f6r, Manavgat i\u015f d\u00fcnyas\u0131n\u0131n sorun, talep ve \u00e7\u00f6z\u00fcm \u00f6nerilerini payla\u015ft\u0131. \u00d6zellikle finansmana eri\u015fimde ya\u015fanan zorluklar\u0131n sekt\u00f6rleri olumsuz etkiledi\u011fini belirten G\u00fcng\u00f6r, bu konuda destek verilmesi gerekti\u011fini vurgulad\u0131. G\u00fcng\u00f6r, &#8220;Finansmana eri\u015fimde ya\u015fanan sorunlar t\u00fcm sekt\u00f6r\u00fc olumsuz etkiliyor. \u00d6zellikle ticari kredilere ula\u015f\u0131mda esneklik sa\u011flanmal\u0131 ve finansmana eri\u015fim kolayla\u015ft\u0131r\u0131lmal\u0131d\u0131r&#8221; dedi. EVRAK EKS\u0130KL\u0130KLER\u0130N\u0130N SEZON SONU TAMAMLANMASI \u0130STEND\u0130 Turizmin Manavgat ve b\u00f6lge ekonomisinin en \u00f6nemli gelir kaynaklar\u0131ndan biri oldu\u011funu vurgulayan Ba\u015fkan G\u00fcng\u00f6r, Manavgat- Side turizm destinasyonunda yer alan konaklama tesislerinin ve di\u011fer i\u015fletmelerin yang\u0131n g\u00fcvenli\u011fi konusunda son derece hassas yakla\u015ft\u0131\u011f\u0131n\u0131 vurgulad\u0131. Ba\u015fkan G\u00fcng\u00f6r, b\u00f6lgede faaliyet g\u00f6steren otellerin gerekli t\u00fcm tedbirleri ald\u0131\u011f\u0131n\u0131 ancak yang\u0131n g\u00fcvenli\u011fi ve di\u011fer denetimlere ili\u015fkin baz\u0131 eksikliklerin giderilmesi &hellip;\" \/>\n<meta property=\"og:url\" content=\"https:\/\/denizcankizil.tr\/en\/haberler\/gundem\/manavgatin-finansman-altyapi-ve-ulasim-sorunlari-sura-gundeminde\/\" \/>\n<meta property=\"og:site_name\" content=\"Av. Deniz Can K\u0131z\u0131l\" \/>\n<meta property=\"article:published_time\" content=\"2025-05-26T16:41:17+00:00\" \/>\n<meta name=\"author\" content=\"Antalya K\u00f6rfez\" \/>\n<meta name=\"twitter:card\" content=\"summary_large_image\" \/>\n<meta name=\"twitter:label1\" content=\"Written by\" \/>\n\t<meta name=\"twitter:data1\" content=\"Antalya K\u00f6rfez\" \/>\n\t<meta name=\"twitter:label2\" content=\"Estimated reading time\" \/>\n\t<meta name=\"twitter:data2\" content=\"3 minutes\" \/>\n<script type=\"application\/ld+json\" class=\"yoast-schema-graph\">{\"@context\":\"https:\/\/schema.org\",\"@graph\":[{\"@type\":\"Article\",\"@id\":\"https:\/\/denizcankizil.tr\/en\/haberler\/gundem\/manavgatin-finansman-altyapi-ve-ulasim-sorunlari-sura-gundeminde\/#article\",\"isPartOf\":{\"@id\":\"https:\/\/denizcankizil.tr\/en\/haberler\/gundem\/manavgatin-finansman-altyapi-ve-ulasim-sorunlari-sura-gundeminde\/\"},\"author\":{\"name\":\"Antalya K\u00f6rfez\",\"@id\":\"https:\/\/denizcankizil.tr\/de\/#\/schema\/person\/e1eb71bb4dd684d46563f0af307e1234\"},\"headline\":\"Manavgat&#8217;\u0131n finansman, altyap\u0131 ve ula\u015f\u0131m sorunlar\u0131 \u015e\u00fbra g\u00fcndeminde\",\"datePublished\":\"2025-05-26T16:41:17+00:00\",\"mainEntityOfPage\":{\"@id\":\"https:\/\/denizcankizil.tr\/en\/haberler\/gundem\/manavgatin-finansman-altyapi-ve-ulasim-sorunlari-sura-gundeminde\/\"},\"wordCount\":613,\"publisher\":{\"@id\":\"https:\/\/denizcankizil.tr\/de\/#organization\"},\"articleSection\":[\"G\u00fcndem\"],\"inLanguage\":\"en-GB\"},{\"@type\":\"WebPage\",\"@id\":\"https:\/\/denizcankizil.tr\/en\/haberler\/gundem\/manavgatin-finansman-altyapi-ve-ulasim-sorunlari-sura-gundeminde\/\",\"url\":\"https:\/\/denizcankizil.tr\/en\/haberler\/gundem\/manavgatin-finansman-altyapi-ve-ulasim-sorunlari-sura-gundeminde\/\",\"name\":\"Manavgat'\u0131n finansman, altyap\u0131 ve ula\u015f\u0131m sorunlar\u0131 \u015e\u00fbra g\u00fcndeminde - Av. Deniz Can K\u0131z\u0131l\",\"isPartOf\":{\"@id\":\"https:\/\/denizcankizil.tr\/de\/#website\"},\"datePublished\":\"2025-05-26T16:41:17+00:00\",\"breadcrumb\":{\"@id\":\"https:\/\/denizcankizil.tr\/en\/haberler\/gundem\/manavgatin-finansman-altyapi-ve-ulasim-sorunlari-sura-gundeminde\/#breadcrumb\"},\"inLanguage\":\"en-GB\",\"potentialAction\":[{\"@type\":\"ReadAction\",\"target\":[\"https:\/\/denizcankizil.tr\/en\/haberler\/gundem\/manavgatin-finansman-altyapi-ve-ulasim-sorunlari-sura-gundeminde\/\"]}]},{\"@type\":\"BreadcrumbList\",\"@id\":\"https:\/\/denizcankizil.tr\/en\/haberler\/gundem\/manavgatin-finansman-altyapi-ve-ulasim-sorunlari-sura-gundeminde\/#breadcrumb\",\"itemListElement\":[{\"@type\":\"ListItem\",\"position\":1,\"name\":\"Home\",\"item\":\"https:\/\/denizcankizil.tr\/de\/\"},{\"@type\":\"ListItem\",\"position\":2,\"name\":\"Manavgat&#8217;\u0131n finansman, altyap\u0131 ve ula\u015f\u0131m sorunlar\u0131 \u015e\u00fbra g\u00fcndeminde\"}]},{\"@type\":\"WebSite\",\"@id\":\"https:\/\/denizcankizil.tr\/de\/#website\",\"url\":\"https:\/\/denizcankizil.tr\/de\/\",\"name\":\"Av. Deniz Can K\u0131z\u0131l\",\"description\":\"Avukat Deniz Can K\u0131z\u0131l Antalya Barosu\",\"publisher\":{\"@id\":\"https:\/\/denizcankizil.tr\/de\/#organization\"},\"potentialAction\":[{\"@type\":\"SearchAction\",\"target\":{\"@type\":\"EntryPoint\",\"urlTemplate\":\"https:\/\/denizcankizil.tr\/de\/?s={search_term_string}\"},\"query-input\":{\"@type\":\"PropertyValueSpecification\",\"valueRequired\":true,\"valueName\":\"search_term_string\"}}],\"inLanguage\":\"en-GB\"},{\"@type\":\"Organization\",\"@id\":\"https:\/\/denizcankizil.tr\/de\/#organization\",\"name\":\"Av. Deniz Can K\u0131z\u0131l\",\"url\":\"https:\/\/denizcankizil.tr\/de\/\",\"logo\":{\"@type\":\"ImageObject\",\"inLanguage\":\"en-GB\",\"@id\":\"https:\/\/denizcankizil.tr\/de\/#\/schema\/logo\/image\/\",\"url\":\"https:\/\/denizcankizil.tr\/wp-content\/uploads\/2024\/10\/siyah-logo-svg.svg\",\"contentUrl\":\"https:\/\/denizcankizil.tr\/wp-content\/uploads\/2024\/10\/siyah-logo-svg.svg\",\"width\":1080,\"height\":1080,\"caption\":\"Av. Deniz Can K\u0131z\u0131l\"},\"image\":{\"@id\":\"https:\/\/denizcankizil.tr\/de\/#\/schema\/logo\/image\/\"}},{\"@type\":\"Person\",\"@id\":\"https:\/\/denizcankizil.tr\/de\/#\/schema\/person\/e1eb71bb4dd684d46563f0af307e1234\",\"name\":\"Antalya K\u00f6rfez\",\"image\":{\"@type\":\"ImageObject\",\"inLanguage\":\"en-GB\",\"@id\":\"https:\/\/denizcankizil.tr\/de\/#\/schema\/person\/image\/\",\"url\":\"https:\/\/secure.gravatar.com\/avatar\/42b01982558a48a0b501fdcab6a408d3717ea5919095ee2e67b0e521799c5905?s=96&d=mm&r=g\",\"contentUrl\":\"https:\/\/secure.gravatar.com\/avatar\/42b01982558a48a0b501fdcab6a408d3717ea5919095ee2e67b0e521799c5905?s=96&d=mm&r=g\",\"caption\":\"Antalya K\u00f6rfez\"},\"sameAs\":[\"http:\/\/www.antalyakorfez.com\"],\"url\":\"https:\/\/www.antalyakorfez.com\/manavgatin-finansman-altyapi-ve-ulasim-sorunlari-sura-gundeminde\"}]}<\/script>\n<!-- \/ Yoast SEO Premium plugin. -->","yoast_head_json":{"title":"Manavgat'\u0131n finansman, altyap\u0131 ve ula\u015f\u0131m sorunlar\u0131 \u015e\u00fbra g\u00fcndeminde - Av. Deniz Can K\u0131z\u0131l","robots":{"index":"index","follow":"follow","max-snippet":"max-snippet:-1","max-image-preview":"max-image-preview:large","max-video-preview":"max-video-preview:-1"},"canonical":"https:\/\/denizcankizil.tr\/en\/haberler\/gundem\/manavgatin-finansman-altyapi-ve-ulasim-sorunlari-sura-gundeminde\/","og_locale":"en_GB","og_type":"article","og_title":"Manavgat'\u0131n finansman, altyap\u0131 ve ula\u015f\u0131m sorunlar\u0131 \u015e\u00fbra g\u00fcndeminde","og_description":"Manavgat Ticaret ve Sanayi Odas\u0131 (MATSO) Ba\u015fkan\u0131 Seydi Tahsin G\u00fcng\u00f6r, T\u00fcrkiye Odalar ve Borsalar Birli\u011fi&#8217;nin (TOBB) taraf\u0131ndan Ankara&#8217;da d\u00fczenlenen T\u00fcrkiye Ekonomi \u015e\u00fbras\u0131&#8217;na kat\u0131larak, Manavgat i\u015f d\u00fcnyas\u0131n\u0131n sorunlar\u0131n\u0131 ve \u00e7\u00f6z\u00fcm \u00f6nerilerini h\u00fck\u00fcmet yetkililerine iletti. Cumhurba\u015fkan\u0131 Yard\u0131mc\u0131s\u0131 Cevdet Y\u0131lmaz, Hazine ve Maliye Bakan\u0131 Mehmet \u015eim\u015fek, Ticaret Bakan\u0131 Prof. Dr. \u00d6mer Bolat, Sanayi ve Teknoloji Bakan\u0131 Mehmet Fatih Kac\u0131r, Tar\u0131m ve Orman Bakan\u0131 \u0130brahim Yumakl\u0131 gibi bir\u00e7ok bakan\u0131n kat\u0131ld\u0131\u011f\u0131 toplant\u0131da G\u00fcng\u00f6r, finansmana eri\u015fimde ya\u015fanan s\u0131k\u0131nt\u0131lardan ula\u015f\u0131ma, ar\u0131tma altyap\u0131s\u0131ndan turizm sekt\u00f6r\u00fcne kadar \u00e7e\u015fitli alanlarda b\u00f6lgesel talepleri dile getirdi. &#8220;F\u0130NANSMAN ER\u0130\u015e\u0130M\u0130 SEKT\u00d6R\u00dc OLUMSUZ ETK\u0130L\u0130YOR&#8221; Toplant\u0131da konu\u015fan MATSO Ba\u015fkan\u0131 Seydi Tahsin G\u00fcng\u00f6r, Manavgat i\u015f d\u00fcnyas\u0131n\u0131n sorun, talep ve \u00e7\u00f6z\u00fcm \u00f6nerilerini payla\u015ft\u0131. \u00d6zellikle finansmana eri\u015fimde ya\u015fanan zorluklar\u0131n sekt\u00f6rleri olumsuz etkiledi\u011fini belirten G\u00fcng\u00f6r, bu konuda destek verilmesi gerekti\u011fini vurgulad\u0131. G\u00fcng\u00f6r, &#8220;Finansmana eri\u015fimde ya\u015fanan sorunlar t\u00fcm sekt\u00f6r\u00fc olumsuz etkiliyor. \u00d6zellikle ticari kredilere ula\u015f\u0131mda esneklik sa\u011flanmal\u0131 ve finansmana eri\u015fim kolayla\u015ft\u0131r\u0131lmal\u0131d\u0131r&#8221; dedi. EVRAK EKS\u0130KL\u0130KLER\u0130N\u0130N SEZON SONU TAMAMLANMASI \u0130STEND\u0130 Turizmin Manavgat ve b\u00f6lge ekonomisinin en \u00f6nemli gelir kaynaklar\u0131ndan biri oldu\u011funu vurgulayan Ba\u015fkan G\u00fcng\u00f6r, Manavgat- Side turizm destinasyonunda yer alan konaklama tesislerinin ve di\u011fer i\u015fletmelerin yang\u0131n g\u00fcvenli\u011fi konusunda son derece hassas yakla\u015ft\u0131\u011f\u0131n\u0131 vurgulad\u0131. Ba\u015fkan G\u00fcng\u00f6r, b\u00f6lgede faaliyet g\u00f6steren otellerin gerekli t\u00fcm tedbirleri ald\u0131\u011f\u0131n\u0131 ancak yang\u0131n g\u00fcvenli\u011fi ve di\u011fer denetimlere ili\u015fkin baz\u0131 eksikliklerin giderilmesi &hellip;","og_url":"https:\/\/denizcankizil.tr\/en\/haberler\/gundem\/manavgatin-finansman-altyapi-ve-ulasim-sorunlari-sura-gundeminde\/","og_site_name":"Av. Deniz Can K\u0131z\u0131l","article_published_time":"2025-05-26T16:41:17+00:00","author":"Antalya K\u00f6rfez","twitter_card":"summary_large_image","twitter_misc":{"Written by":"Antalya K\u00f6rfez","Estimated reading time":"3 minutes"},"schema":{"@context":"https:\/\/schema.org","@graph":[{"@type":"Article","@id":"https:\/\/denizcankizil.tr\/en\/haberler\/gundem\/manavgatin-finansman-altyapi-ve-ulasim-sorunlari-sura-gundeminde\/#article","isPartOf":{"@id":"https:\/\/denizcankizil.tr\/en\/haberler\/gundem\/manavgatin-finansman-altyapi-ve-ulasim-sorunlari-sura-gundeminde\/"},"author":{"name":"Antalya K\u00f6rfez","@id":"https:\/\/denizcankizil.tr\/de\/#\/schema\/person\/e1eb71bb4dd684d46563f0af307e1234"},"headline":"Manavgat&#8217;\u0131n finansman, altyap\u0131 ve ula\u015f\u0131m sorunlar\u0131 \u015e\u00fbra g\u00fcndeminde","datePublished":"2025-05-26T16:41:17+00:00","mainEntityOfPage":{"@id":"https:\/\/denizcankizil.tr\/en\/haberler\/gundem\/manavgatin-finansman-altyapi-ve-ulasim-sorunlari-sura-gundeminde\/"},"wordCount":613,"publisher":{"@id":"https:\/\/denizcankizil.tr\/de\/#organization"},"articleSection":["G\u00fcndem"],"inLanguage":"en-GB"},{"@type":"WebPage","@id":"https:\/\/denizcankizil.tr\/en\/haberler\/gundem\/manavgatin-finansman-altyapi-ve-ulasim-sorunlari-sura-gundeminde\/","url":"https:\/\/denizcankizil.tr\/en\/haberler\/gundem\/manavgatin-finansman-altyapi-ve-ulasim-sorunlari-sura-gundeminde\/","name":"Manavgat'\u0131n finansman, altyap\u0131 ve ula\u015f\u0131m sorunlar\u0131 \u015e\u00fbra g\u00fcndeminde - Av. Deniz Can K\u0131z\u0131l","isPartOf":{"@id":"https:\/\/denizcankizil.tr\/de\/#website"},"datePublished":"2025-05-26T16:41:17+00:00","breadcrumb":{"@id":"https:\/\/denizcankizil.tr\/en\/haberler\/gundem\/manavgatin-finansman-altyapi-ve-ulasim-sorunlari-sura-gundeminde\/#breadcrumb"},"inLanguage":"en-GB","potentialAction":[{"@type":"ReadAction","target":["https:\/\/denizcankizil.tr\/en\/haberler\/gundem\/manavgatin-finansman-altyapi-ve-ulasim-sorunlari-sura-gundeminde\/"]}]},{"@type":"BreadcrumbList","@id":"https:\/\/denizcankizil.tr\/en\/haberler\/gundem\/manavgatin-finansman-altyapi-ve-ulasim-sorunlari-sura-gundeminde\/#breadcrumb","itemListElement":[{"@type":"ListItem","position":1,"name":"Home","item":"https:\/\/denizcankizil.tr\/de\/"},{"@type":"ListItem","position":2,"name":"Manavgat&#8217;\u0131n finansman, altyap\u0131 ve ula\u015f\u0131m sorunlar\u0131 \u015e\u00fbra g\u00fcndeminde"}]},{"@type":"WebSite","@id":"https:\/\/denizcankizil.tr\/de\/#website","url":"https:\/\/denizcankizil.tr\/de\/","name":"Av. Deniz Can K\u0131z\u0131l","description":"Avukat Deniz Can K\u0131z\u0131l Antalya Barosu","publisher":{"@id":"https:\/\/denizcankizil.tr\/de\/#organization"},"potentialAction":[{"@type":"SearchAction","target":{"@type":"EntryPoint","urlTemplate":"https:\/\/denizcankizil.tr\/de\/?s={search_term_string}"},"query-input":{"@type":"PropertyValueSpecification","valueRequired":true,"valueName":"search_term_string"}}],"inLanguage":"en-GB"},{"@type":"Organization","@id":"https:\/\/denizcankizil.tr\/de\/#organization","name":"Av. Deniz Can K\u0131z\u0131l","url":"https:\/\/denizcankizil.tr\/de\/","logo":{"@type":"ImageObject","inLanguage":"en-GB","@id":"https:\/\/denizcankizil.tr\/de\/#\/schema\/logo\/image\/","url":"https:\/\/denizcankizil.tr\/wp-content\/uploads\/2024\/10\/siyah-logo-svg.svg","contentUrl":"https:\/\/denizcankizil.tr\/wp-content\/uploads\/2024\/10\/siyah-logo-svg.svg","width":1080,"height":1080,"caption":"Av. Deniz Can K\u0131z\u0131l"},"image":{"@id":"https:\/\/denizcankizil.tr\/de\/#\/schema\/logo\/image\/"}},{"@type":"Person","@id":"https:\/\/denizcankizil.tr\/de\/#\/schema\/person\/e1eb71bb4dd684d46563f0af307e1234","name":"Antalya K\u00f6rfez","image":{"@type":"ImageObject","inLanguage":"en-GB","@id":"https:\/\/denizcankizil.tr\/de\/#\/schema\/person\/image\/","url":"https:\/\/secure.gravatar.com\/avatar\/42b01982558a48a0b501fdcab6a408d3717ea5919095ee2e67b0e521799c5905?s=96&d=mm&r=g","contentUrl":"https:\/\/secure.gravatar.com\/avatar\/42b01982558a48a0b501fdcab6a408d3717ea5919095ee2e67b0e521799c5905?s=96&d=mm&r=g","caption":"Antalya K\u00f6rfez"},"sameAs":["http:\/\/www.antalyakorfez.com"],"url":"https:\/\/www.antalyakorfez.com\/manavgatin-finansman-altyapi-ve-ulasim-sorunlari-sura-gundeminde"}]}},"_links":{"self":[{"href":"https:\/\/denizcankizil.tr\/en\/wp-json\/wp\/v2\/posts\/97555","targetHints":{"allow":["GET"]}}],"collection":[{"href":"https:\/\/denizcankizil.tr\/en\/wp-json\/wp\/v2\/posts"}],"about":[{"href":"https:\/\/denizcankizil.tr\/en\/wp-json\/wp\/v2\/types\/post"}],"author":[{"embeddable":true,"href":"https:\/\/denizcankizil.tr\/en\/wp-json\/wp\/v2\/users\/5"}],"replies":[{"embeddable":true,"href":"https:\/\/denizcankizil.tr\/en\/wp-json\/wp\/v2\/comments?post=97555"}],"version-history":[{"count":0,"href":"https:\/\/denizcankizil.tr\/en\/wp-json\/wp\/v2\/posts\/97555\/revisions"}],"wp:attachment":[{"href":"https:\/\/denizcankizil.tr\/en\/wp-json\/wp\/v2\/media?parent=97555"}],"wp:term":[{"taxonomy":"category","embeddable":true,"href":"https:\/\/denizcankizil.tr\/en\/wp-json\/wp\/v2\/categories?post=97555"},{"taxonomy":"post_tag","embeddable":true,"href":"https:\/\/denizcankizil.tr\/en\/wp-json\/wp\/v2\/tags?post=97555"}],"curies":[{"name":"wp","href":"https:\/\/api.w.org\/{rel}","templated":true}]}}