{"id":96510,"date":"2025-05-25T18:42:09","date_gmt":"2025-05-25T15:42:09","guid":{"rendered":"https:\/\/denizcankizil.tr\/uncategorized-tr\/ankara-buyuksehirden-kirsal-kalkinma-desteklerine-devam\/"},"modified":"2025-05-25T18:42:09","modified_gmt":"2025-05-25T15:42:09","slug":"ankara-buyuksehirden-kirsal-kalkinma-desteklerine-devam","status":"publish","type":"post","link":"https:\/\/denizcankizil.tr\/en\/haberler\/gundem\/ankara-buyuksehirden-kirsal-kalkinma-desteklerine-devam\/","title":{"rendered":"Ankara B\u00fcy\u00fck\u015fehir&#8217;den k\u0131rsal kalk\u0131nma desteklerine devam"},"content":{"rendered":"<p>Ankara B\u00fcy\u00fck\u015fehir Belediyesi, k\u0131rsal kalk\u0131nma destekleriyle tar\u0131m sekt\u00f6r\u00fcn\u00fc canland\u0131rmak i\u00e7in \u00f6nemli bir ad\u0131m att\u0131. 25 il\u00e7ede 9 bin \u00e7ift\u00e7iye 10 milyon 500 bin sebze fidesi da\u011f\u0131t\u0131ld\u0131.ANKARA (\u0130GFA) &#8211; Ankara B\u00fcy\u00fck\u015fehir Belediyesi, k\u0131rsal kalk\u0131nma destekleri kapsam\u0131nda tar\u0131m sekt\u00f6r\u00fcn\u00fc canland\u0131rmak i\u00e7in \u00f6nemli ad\u0131mlar atmaya devam ediyor. 25 il\u00e7ede sebze \u00fcreticili\u011fi yapan 9 bin \u00e7ift\u00e7iye toplamda 10 milyon 500 bin adet sebze fidesi da\u011f\u0131t\u0131ld\u0131\u011f\u0131 a\u00e7\u0131kland\u0131.<br \/>\nDa\u011f\u0131t\u0131lan fidelerle birlikte, yerli \u00fcretimin te\u015fvik edilmesi, \u00e7ift\u00e7ilerin maliyet y\u00fck\u00fcn\u00fcn azalt\u0131lmas\u0131 ve \u00fcretimin s\u00fcrd\u00fcr\u00fclebilir k\u0131l\u0131nmas\u0131 hedeflenirken, desteklerin Ankara&#8217;da tar\u0131m\u0131n yeniden canlanmas\u0131na katk\u0131 sa\u011flarken, \u00fcreticilerin de kazan\u00e7lar\u0131n\u0131 art\u0131rmay\u0131 ama\u00e7land\u0131.<br \/>\nK\u0131rsal kalk\u0131nma desteklerimiz h\u0131z kesmeden devam ediyor.25 il\u00e7ede sebze \u00fcreticili\u011fi yapan 9 bin \u00e7ift\u00e7imize, toplam 10 milyon 500 bin adet sebze fidesi da\u011f\u0131tt\u0131k.????Amac\u0131m\u0131z; yerli \u00fcretimi te\u015fvik etmek, \u00e7ift\u00e7imizin maliyet y\u00fck\u00fcn\u00fc azaltmak ve \u00fcretimi s\u00fcrd\u00fcr\u00fclebilir k\u0131lmak. \u2705\ufe0f\u2026 pic.twitter.com\/YR0SmQVPgV\u2014 Ankara B\u00fcy\u00fck\u015fehir (@ankarabbld) May 25, 2025<br \/>\nAnkara B\u00fcy\u00fck\u015fehir Belediyesi, \u00e7ift\u00e7ilerin yan\u0131nda olarak yerel \u00fcretimi g\u00fc\u00e7lendirmeye ve tar\u0131msal kalk\u0131nmay\u0131 s\u00fcrd\u00fcreceklerini belirtti.<\/p>\n<p>\u200bAnkara B\u00fcy\u00fck\u015fehir Belediyesi, k\u0131rsal kalk\u0131nma destekleriyle tar\u0131m sekt\u00f6r\u00fcn\u00fc canland\u0131rmak i\u00e7in \u00f6nemli bir ad\u0131m att\u0131. 25 il\u00e7ede 9 bin \u00e7ift\u00e7iye 10 milyon 500 bin sebze fidesi da\u011f\u0131t\u0131ld\u0131.ANKARA (\u0130GFA) &#8211; Ankara B\u00fcy\u00fck\u015fehir Belediyesi, k\u0131rsal kalk\u0131nma destekleri kapsam\u0131nda tar\u0131m sekt\u00f6r\u00fcn\u00fc canland\u0131rmak i\u00e7in \u00f6nemli ad\u0131mlar atmaya devam ediyor. 25 il\u00e7ede sebze \u00fcreticili\u011fi yapan 9 bin \u00e7ift\u00e7iye toplamda 10 milyon 500 bin adet sebze fidesi da\u011f\u0131t\u0131ld\u0131\u011f\u0131 a\u00e7\u0131kland\u0131.<br \/>\nDa\u011f\u0131t\u0131lan fidelerle birlikte, yerli \u00fcretimin te\u015fvik edilmesi, \u00e7ift\u00e7ilerin maliyet y\u00fck\u00fcn\u00fcn azalt\u0131lmas\u0131 ve \u00fcretimin s\u00fcrd\u00fcr\u00fclebilir k\u0131l\u0131nmas\u0131 hedeflenirken, desteklerin Ankara&#8217;da tar\u0131m\u0131n yeniden canlanmas\u0131na katk\u0131 sa\u011flarken, \u00fcreticilerin de kazan\u00e7lar\u0131n\u0131 art\u0131rmay\u0131 ama\u00e7land\u0131.<br \/>\nK\u0131rsal kalk\u0131nma desteklerimiz h\u0131z kesmeden devam ediyor.25 il\u00e7ede sebze \u00fcreticili\u011fi yapan 9 bin \u00e7ift\u00e7imize, toplam 10 milyon 500 bin adet sebze fidesi da\u011f\u0131tt\u0131k.????Amac\u0131m\u0131z; yerli \u00fcretimi te\u015fvik etmek, \u00e7ift\u00e7imizin maliyet y\u00fck\u00fcn\u00fc azaltmak ve \u00fcretimi s\u00fcrd\u00fcr\u00fclebilir k\u0131lmak. \u2705\ufe0f\u2026 pic.twitter.com\/YR0SmQVPgV\u2014 Ankara B\u00fcy\u00fck\u015fehir (@ankarabbld) May 25, 2025<br \/>\nAnkara B\u00fcy\u00fck\u015fehir Belediyesi, \u00e7ift\u00e7ilerin yan\u0131nda olarak yerel \u00fcretimi g\u00fc\u00e7lendirmeye ve tar\u0131msal kalk\u0131nmay\u0131 s\u00fcrd\u00fcreceklerini belirtti.\u00a0<\/p>\n<p>\u200bHaberin Al\u0131nt\u0131land\u0131\u011f\u0131 Kaynak: www.iskenderun.org<\/p>","protected":false},"excerpt":{"rendered":"<p>Ankara B\u00fcy\u00fck\u015fehir Belediyesi, k\u0131rsal kalk\u0131nma destekleriyle tar\u0131m sekt\u00f6r\u00fcn\u00fc canland\u0131rmak i\u00e7in \u00f6nemli bir ad\u0131m att\u0131. 25 il\u00e7ede 9 bin \u00e7ift\u00e7iye 10 milyon 500 bin sebze fidesi da\u011f\u0131t\u0131ld\u0131.ANKARA (\u0130GFA) &#8211; Ankara B\u00fcy\u00fck\u015fehir Belediyesi, k\u0131rsal kalk\u0131nma destekleri kapsam\u0131nda tar\u0131m sekt\u00f6r\u00fcn\u00fc canland\u0131rmak i\u00e7in \u00f6nemli ad\u0131mlar atmaya devam ediyor. 25 il\u00e7ede sebze \u00fcreticili\u011fi yapan 9 bin \u00e7ift\u00e7iye toplamda 10 milyon 500 bin adet sebze fidesi da\u011f\u0131t\u0131ld\u0131\u011f\u0131 a\u00e7\u0131kland\u0131. Da\u011f\u0131t\u0131lan fidelerle birlikte, yerli \u00fcretimin te\u015fvik edilmesi, \u00e7ift\u00e7ilerin maliyet y\u00fck\u00fcn\u00fcn azalt\u0131lmas\u0131 ve \u00fcretimin s\u00fcrd\u00fcr\u00fclebilir k\u0131l\u0131nmas\u0131 hedeflenirken, desteklerin Ankara&#8217;da tar\u0131m\u0131n yeniden canlanmas\u0131na katk\u0131 sa\u011flarken, \u00fcreticilerin de kazan\u00e7lar\u0131n\u0131 art\u0131rmay\u0131 ama\u00e7land\u0131. K\u0131rsal kalk\u0131nma desteklerimiz h\u0131z kesmeden devam ediyor.25 il\u00e7ede sebze \u00fcreticili\u011fi yapan 9 bin \u00e7ift\u00e7imize, toplam 10 milyon 500 bin adet sebze fidesi da\u011f\u0131tt\u0131k.????Amac\u0131m\u0131z; yerli \u00fcretimi te\u015fvik etmek, \u00e7ift\u00e7imizin maliyet y\u00fck\u00fcn\u00fc azaltmak ve \u00fcretimi s\u00fcrd\u00fcr\u00fclebilir k\u0131lmak. \u2705\ufe0f\u2026 pic.twitter.com\/YR0SmQVPgV\u2014 Ankara B\u00fcy\u00fck\u015fehir (@ankarabbld) May 25, 2025 Ankara B\u00fcy\u00fck\u015fehir Belediyesi, \u00e7ift\u00e7ilerin yan\u0131nda olarak yerel \u00fcretimi g\u00fc\u00e7lendirmeye ve tar\u0131msal kalk\u0131nmay\u0131 s\u00fcrd\u00fcreceklerini belirtti. \u200bAnkara B\u00fcy\u00fck\u015fehir Belediyesi, k\u0131rsal kalk\u0131nma destekleriyle tar\u0131m sekt\u00f6r\u00fcn\u00fc canland\u0131rmak i\u00e7in \u00f6nemli bir ad\u0131m att\u0131. 25 il\u00e7ede 9 bin \u00e7ift\u00e7iye 10 milyon 500 bin sebze fidesi da\u011f\u0131t\u0131ld\u0131.ANKARA (\u0130GFA) &#8211; Ankara B\u00fcy\u00fck\u015fehir Belediyesi, k\u0131rsal kalk\u0131nma destekleri kapsam\u0131nda tar\u0131m sekt\u00f6r\u00fcn\u00fc canland\u0131rmak i\u00e7in \u00f6nemli ad\u0131mlar atmaya devam ediyor. 25 il\u00e7ede sebze \u00fcreticili\u011fi yapan 9 bin \u00e7ift\u00e7iye toplamda &hellip;<\/p>","protected":false},"author":1,"featured_media":0,"comment_status":"","ping_status":"open","sticky":false,"template":"","format":"standard","meta":{"_acf_changed":false,"footnotes":""},"categories":[24],"tags":[],"class_list":["post-96510","post","type-post","status-publish","format-standard","has-post-thumbnail","hentry","category-gundem"],"acf":[],"yoast_head":"<!-- This site is optimized with the Yoast SEO Premium plugin v26.6 (Yoast SEO v27.1.1) - https:\/\/yoast.com\/product\/yoast-seo-premium-wordpress\/ -->\n<title>Ankara B\u00fcy\u00fck\u015fehir&#039;den k\u0131rsal kalk\u0131nma desteklerine devam - Av. Deniz Can K\u0131z\u0131l<\/title>\n<meta name=\"robots\" content=\"index, follow, max-snippet:-1, max-image-preview:large, max-video-preview:-1\" \/>\n<link rel=\"canonical\" href=\"https:\/\/denizcankizil.tr\/en\/haberler\/gundem\/ankara-buyuksehirden-kirsal-kalkinma-desteklerine-devam\/\" \/>\n<meta property=\"og:locale\" content=\"en_GB\" \/>\n<meta property=\"og:type\" content=\"article\" \/>\n<meta property=\"og:title\" content=\"Ankara B\u00fcy\u00fck\u015fehir&#039;den k\u0131rsal kalk\u0131nma desteklerine devam\" \/>\n<meta property=\"og:description\" content=\"Ankara B\u00fcy\u00fck\u015fehir Belediyesi, k\u0131rsal kalk\u0131nma destekleriyle tar\u0131m sekt\u00f6r\u00fcn\u00fc canland\u0131rmak i\u00e7in \u00f6nemli bir ad\u0131m att\u0131. 25 il\u00e7ede 9 bin \u00e7ift\u00e7iye 10 milyon 500 bin sebze fidesi da\u011f\u0131t\u0131ld\u0131.ANKARA (\u0130GFA) &#8211; Ankara B\u00fcy\u00fck\u015fehir Belediyesi, k\u0131rsal kalk\u0131nma destekleri kapsam\u0131nda tar\u0131m sekt\u00f6r\u00fcn\u00fc canland\u0131rmak i\u00e7in \u00f6nemli ad\u0131mlar atmaya devam ediyor. 25 il\u00e7ede sebze \u00fcreticili\u011fi yapan 9 bin \u00e7ift\u00e7iye toplamda 10 milyon 500 bin adet sebze fidesi da\u011f\u0131t\u0131ld\u0131\u011f\u0131 a\u00e7\u0131kland\u0131. Da\u011f\u0131t\u0131lan fidelerle birlikte, yerli \u00fcretimin te\u015fvik edilmesi, \u00e7ift\u00e7ilerin maliyet y\u00fck\u00fcn\u00fcn azalt\u0131lmas\u0131 ve \u00fcretimin s\u00fcrd\u00fcr\u00fclebilir k\u0131l\u0131nmas\u0131 hedeflenirken, desteklerin Ankara&#8217;da tar\u0131m\u0131n yeniden canlanmas\u0131na katk\u0131 sa\u011flarken, \u00fcreticilerin de kazan\u00e7lar\u0131n\u0131 art\u0131rmay\u0131 ama\u00e7land\u0131. K\u0131rsal kalk\u0131nma desteklerimiz h\u0131z kesmeden devam ediyor.25 il\u00e7ede sebze \u00fcreticili\u011fi yapan 9 bin \u00e7ift\u00e7imize, toplam 10 milyon 500 bin adet sebze fidesi da\u011f\u0131tt\u0131k.????Amac\u0131m\u0131z; yerli \u00fcretimi te\u015fvik etmek, \u00e7ift\u00e7imizin maliyet y\u00fck\u00fcn\u00fc azaltmak ve \u00fcretimi s\u00fcrd\u00fcr\u00fclebilir k\u0131lmak. \u2705\ufe0f\u2026 pic.twitter.com\/YR0SmQVPgV\u2014 Ankara B\u00fcy\u00fck\u015fehir (@ankarabbld) May 25, 2025 Ankara B\u00fcy\u00fck\u015fehir Belediyesi, \u00e7ift\u00e7ilerin yan\u0131nda olarak yerel \u00fcretimi g\u00fc\u00e7lendirmeye ve tar\u0131msal kalk\u0131nmay\u0131 s\u00fcrd\u00fcreceklerini belirtti. \u200bAnkara B\u00fcy\u00fck\u015fehir Belediyesi, k\u0131rsal kalk\u0131nma destekleriyle tar\u0131m sekt\u00f6r\u00fcn\u00fc canland\u0131rmak i\u00e7in \u00f6nemli bir ad\u0131m att\u0131. 25 il\u00e7ede 9 bin \u00e7ift\u00e7iye 10 milyon 500 bin sebze fidesi da\u011f\u0131t\u0131ld\u0131.ANKARA (\u0130GFA) &#8211; Ankara B\u00fcy\u00fck\u015fehir Belediyesi, k\u0131rsal kalk\u0131nma destekleri kapsam\u0131nda tar\u0131m sekt\u00f6r\u00fcn\u00fc canland\u0131rmak i\u00e7in \u00f6nemli ad\u0131mlar atmaya devam ediyor. 25 il\u00e7ede sebze \u00fcreticili\u011fi yapan 9 bin \u00e7ift\u00e7iye toplamda &hellip;\" \/>\n<meta property=\"og:url\" content=\"https:\/\/denizcankizil.tr\/en\/haberler\/gundem\/ankara-buyuksehirden-kirsal-kalkinma-desteklerine-devam\/\" \/>\n<meta property=\"og:site_name\" content=\"Av. Deniz Can K\u0131z\u0131l\" \/>\n<meta property=\"article:published_time\" content=\"2025-05-25T15:42:09+00:00\" \/>\n<meta name=\"author\" content=\"admin\" \/>\n<meta name=\"twitter:card\" content=\"summary_large_image\" \/>\n<meta name=\"twitter:label1\" content=\"Written by\" \/>\n\t<meta name=\"twitter:data1\" content=\"admin\" \/>\n\t<meta name=\"twitter:label2\" content=\"Estimated reading time\" \/>\n\t<meta name=\"twitter:data2\" content=\"2 minutes\" \/>\n<script type=\"application\/ld+json\" class=\"yoast-schema-graph\">{\"@context\":\"https:\/\/schema.org\",\"@graph\":[{\"@type\":\"Article\",\"@id\":\"https:\/\/denizcankizil.tr\/uk\/haberler\/gundem\/ankara-buyuksehirden-kirsal-kalkinma-desteklerine-devam\/#article\",\"isPartOf\":{\"@id\":\"https:\/\/denizcankizil.tr\/uk\/haberler\/gundem\/ankara-buyuksehirden-kirsal-kalkinma-desteklerine-devam\/\"},\"author\":{\"name\":\"admin\",\"@id\":\"https:\/\/denizcankizil.tr\/de\/#\/schema\/person\/be3c05fe6a12686905512445d8185489\"},\"headline\":\"Ankara B\u00fcy\u00fck\u015fehir&#8217;den k\u0131rsal kalk\u0131nma desteklerine devam\",\"datePublished\":\"2025-05-25T15:42:09+00:00\",\"mainEntityOfPage\":{\"@id\":\"https:\/\/denizcankizil.tr\/uk\/haberler\/gundem\/ankara-buyuksehirden-kirsal-kalkinma-desteklerine-devam\/\"},\"wordCount\":470,\"publisher\":{\"@id\":\"https:\/\/denizcankizil.tr\/de\/#organization\"},\"articleSection\":[\"G\u00fcndem\"],\"inLanguage\":\"en-GB\"},{\"@type\":\"WebPage\",\"@id\":\"https:\/\/denizcankizil.tr\/uk\/haberler\/gundem\/ankara-buyuksehirden-kirsal-kalkinma-desteklerine-devam\/\",\"url\":\"https:\/\/denizcankizil.tr\/uk\/haberler\/gundem\/ankara-buyuksehirden-kirsal-kalkinma-desteklerine-devam\/\",\"name\":\"Ankara B\u00fcy\u00fck\u015fehir'den k\u0131rsal kalk\u0131nma desteklerine devam - Av. Deniz Can K\u0131z\u0131l\",\"isPartOf\":{\"@id\":\"https:\/\/denizcankizil.tr\/de\/#website\"},\"datePublished\":\"2025-05-25T15:42:09+00:00\",\"breadcrumb\":{\"@id\":\"https:\/\/denizcankizil.tr\/uk\/haberler\/gundem\/ankara-buyuksehirden-kirsal-kalkinma-desteklerine-devam\/#breadcrumb\"},\"inLanguage\":\"en-GB\",\"potentialAction\":[{\"@type\":\"ReadAction\",\"target\":[\"https:\/\/denizcankizil.tr\/uk\/haberler\/gundem\/ankara-buyuksehirden-kirsal-kalkinma-desteklerine-devam\/\"]}]},{\"@type\":\"BreadcrumbList\",\"@id\":\"https:\/\/denizcankizil.tr\/uk\/haberler\/gundem\/ankara-buyuksehirden-kirsal-kalkinma-desteklerine-devam\/#breadcrumb\",\"itemListElement\":[{\"@type\":\"ListItem\",\"position\":1,\"name\":\"Home\",\"item\":\"https:\/\/denizcankizil.tr\/de\/\"},{\"@type\":\"ListItem\",\"position\":2,\"name\":\"Ankara B\u00fcy\u00fck\u015fehir&#8217;den k\u0131rsal kalk\u0131nma desteklerine devam\"}]},{\"@type\":\"WebSite\",\"@id\":\"https:\/\/denizcankizil.tr\/de\/#website\",\"url\":\"https:\/\/denizcankizil.tr\/de\/\",\"name\":\"Av. Deniz Can K\u0131z\u0131l\",\"description\":\"Avukat Deniz Can K\u0131z\u0131l Antalya Barosu\",\"publisher\":{\"@id\":\"https:\/\/denizcankizil.tr\/de\/#organization\"},\"potentialAction\":[{\"@type\":\"SearchAction\",\"target\":{\"@type\":\"EntryPoint\",\"urlTemplate\":\"https:\/\/denizcankizil.tr\/de\/?s={search_term_string}\"},\"query-input\":{\"@type\":\"PropertyValueSpecification\",\"valueRequired\":true,\"valueName\":\"search_term_string\"}}],\"inLanguage\":\"en-GB\"},{\"@type\":\"Organization\",\"@id\":\"https:\/\/denizcankizil.tr\/de\/#organization\",\"name\":\"Av. Deniz Can K\u0131z\u0131l\",\"url\":\"https:\/\/denizcankizil.tr\/de\/\",\"logo\":{\"@type\":\"ImageObject\",\"inLanguage\":\"en-GB\",\"@id\":\"https:\/\/denizcankizil.tr\/de\/#\/schema\/logo\/image\/\",\"url\":\"https:\/\/denizcankizil.tr\/wp-content\/uploads\/2024\/10\/siyah-logo-svg.svg\",\"contentUrl\":\"https:\/\/denizcankizil.tr\/wp-content\/uploads\/2024\/10\/siyah-logo-svg.svg\",\"width\":1080,\"height\":1080,\"caption\":\"Av. Deniz Can K\u0131z\u0131l\"},\"image\":{\"@id\":\"https:\/\/denizcankizil.tr\/de\/#\/schema\/logo\/image\/\"}},{\"@type\":\"Person\",\"@id\":\"https:\/\/denizcankizil.tr\/de\/#\/schema\/person\/be3c05fe6a12686905512445d8185489\",\"name\":\"admin\",\"image\":{\"@type\":\"ImageObject\",\"inLanguage\":\"en-GB\",\"@id\":\"https:\/\/denizcankizil.tr\/de\/#\/schema\/person\/image\/\",\"url\":\"https:\/\/secure.gravatar.com\/avatar\/c1fce94c830dc79107e174f890d7210541c4a63e8e5d816341794a2151c9d58c?s=96&d=mm&r=g\",\"contentUrl\":\"https:\/\/secure.gravatar.com\/avatar\/c1fce94c830dc79107e174f890d7210541c4a63e8e5d816341794a2151c9d58c?s=96&d=mm&r=g\",\"caption\":\"admin\"},\"sameAs\":[\"http:\/\/denizcankizil.tr\"],\"url\":\"https:\/\/www.iskenderun.org\/ankara-buyuksehirden-kirsal-kalkinma-desteklerine-devam\"}]}<\/script>\n<!-- \/ Yoast SEO Premium plugin. -->","yoast_head_json":{"title":"Ankara B\u00fcy\u00fck\u015fehir'den k\u0131rsal kalk\u0131nma desteklerine devam - Av. Deniz Can K\u0131z\u0131l","robots":{"index":"index","follow":"follow","max-snippet":"max-snippet:-1","max-image-preview":"max-image-preview:large","max-video-preview":"max-video-preview:-1"},"canonical":"https:\/\/denizcankizil.tr\/en\/haberler\/gundem\/ankara-buyuksehirden-kirsal-kalkinma-desteklerine-devam\/","og_locale":"en_GB","og_type":"article","og_title":"Ankara B\u00fcy\u00fck\u015fehir'den k\u0131rsal kalk\u0131nma desteklerine devam","og_description":"Ankara B\u00fcy\u00fck\u015fehir Belediyesi, k\u0131rsal kalk\u0131nma destekleriyle tar\u0131m sekt\u00f6r\u00fcn\u00fc canland\u0131rmak i\u00e7in \u00f6nemli bir ad\u0131m att\u0131. 25 il\u00e7ede 9 bin \u00e7ift\u00e7iye 10 milyon 500 bin sebze fidesi da\u011f\u0131t\u0131ld\u0131.ANKARA (\u0130GFA) &#8211; Ankara B\u00fcy\u00fck\u015fehir Belediyesi, k\u0131rsal kalk\u0131nma destekleri kapsam\u0131nda tar\u0131m sekt\u00f6r\u00fcn\u00fc canland\u0131rmak i\u00e7in \u00f6nemli ad\u0131mlar atmaya devam ediyor. 25 il\u00e7ede sebze \u00fcreticili\u011fi yapan 9 bin \u00e7ift\u00e7iye toplamda 10 milyon 500 bin adet sebze fidesi da\u011f\u0131t\u0131ld\u0131\u011f\u0131 a\u00e7\u0131kland\u0131. Da\u011f\u0131t\u0131lan fidelerle birlikte, yerli \u00fcretimin te\u015fvik edilmesi, \u00e7ift\u00e7ilerin maliyet y\u00fck\u00fcn\u00fcn azalt\u0131lmas\u0131 ve \u00fcretimin s\u00fcrd\u00fcr\u00fclebilir k\u0131l\u0131nmas\u0131 hedeflenirken, desteklerin Ankara&#8217;da tar\u0131m\u0131n yeniden canlanmas\u0131na katk\u0131 sa\u011flarken, \u00fcreticilerin de kazan\u00e7lar\u0131n\u0131 art\u0131rmay\u0131 ama\u00e7land\u0131. K\u0131rsal kalk\u0131nma desteklerimiz h\u0131z kesmeden devam ediyor.25 il\u00e7ede sebze \u00fcreticili\u011fi yapan 9 bin \u00e7ift\u00e7imize, toplam 10 milyon 500 bin adet sebze fidesi da\u011f\u0131tt\u0131k.????Amac\u0131m\u0131z; yerli \u00fcretimi te\u015fvik etmek, \u00e7ift\u00e7imizin maliyet y\u00fck\u00fcn\u00fc azaltmak ve \u00fcretimi s\u00fcrd\u00fcr\u00fclebilir k\u0131lmak. \u2705\ufe0f\u2026 pic.twitter.com\/YR0SmQVPgV\u2014 Ankara B\u00fcy\u00fck\u015fehir (@ankarabbld) May 25, 2025 Ankara B\u00fcy\u00fck\u015fehir Belediyesi, \u00e7ift\u00e7ilerin yan\u0131nda olarak yerel \u00fcretimi g\u00fc\u00e7lendirmeye ve tar\u0131msal kalk\u0131nmay\u0131 s\u00fcrd\u00fcreceklerini belirtti. \u200bAnkara B\u00fcy\u00fck\u015fehir Belediyesi, k\u0131rsal kalk\u0131nma destekleriyle tar\u0131m sekt\u00f6r\u00fcn\u00fc canland\u0131rmak i\u00e7in \u00f6nemli bir ad\u0131m att\u0131. 25 il\u00e7ede 9 bin \u00e7ift\u00e7iye 10 milyon 500 bin sebze fidesi da\u011f\u0131t\u0131ld\u0131.ANKARA (\u0130GFA) &#8211; Ankara B\u00fcy\u00fck\u015fehir Belediyesi, k\u0131rsal kalk\u0131nma destekleri kapsam\u0131nda tar\u0131m sekt\u00f6r\u00fcn\u00fc canland\u0131rmak i\u00e7in \u00f6nemli ad\u0131mlar atmaya devam ediyor. 25 il\u00e7ede sebze \u00fcreticili\u011fi yapan 9 bin \u00e7ift\u00e7iye toplamda &hellip;","og_url":"https:\/\/denizcankizil.tr\/en\/haberler\/gundem\/ankara-buyuksehirden-kirsal-kalkinma-desteklerine-devam\/","og_site_name":"Av. Deniz Can K\u0131z\u0131l","article_published_time":"2025-05-25T15:42:09+00:00","author":"admin","twitter_card":"summary_large_image","twitter_misc":{"Written by":"admin","Estimated reading time":"2 minutes"},"schema":{"@context":"https:\/\/schema.org","@graph":[{"@type":"Article","@id":"https:\/\/denizcankizil.tr\/uk\/haberler\/gundem\/ankara-buyuksehirden-kirsal-kalkinma-desteklerine-devam\/#article","isPartOf":{"@id":"https:\/\/denizcankizil.tr\/uk\/haberler\/gundem\/ankara-buyuksehirden-kirsal-kalkinma-desteklerine-devam\/"},"author":{"name":"admin","@id":"https:\/\/denizcankizil.tr\/de\/#\/schema\/person\/be3c05fe6a12686905512445d8185489"},"headline":"Ankara B\u00fcy\u00fck\u015fehir&#8217;den k\u0131rsal kalk\u0131nma desteklerine devam","datePublished":"2025-05-25T15:42:09+00:00","mainEntityOfPage":{"@id":"https:\/\/denizcankizil.tr\/uk\/haberler\/gundem\/ankara-buyuksehirden-kirsal-kalkinma-desteklerine-devam\/"},"wordCount":470,"publisher":{"@id":"https:\/\/denizcankizil.tr\/de\/#organization"},"articleSection":["G\u00fcndem"],"inLanguage":"en-GB"},{"@type":"WebPage","@id":"https:\/\/denizcankizil.tr\/uk\/haberler\/gundem\/ankara-buyuksehirden-kirsal-kalkinma-desteklerine-devam\/","url":"https:\/\/denizcankizil.tr\/uk\/haberler\/gundem\/ankara-buyuksehirden-kirsal-kalkinma-desteklerine-devam\/","name":"Ankara B\u00fcy\u00fck\u015fehir'den k\u0131rsal kalk\u0131nma desteklerine devam - Av. Deniz Can K\u0131z\u0131l","isPartOf":{"@id":"https:\/\/denizcankizil.tr\/de\/#website"},"datePublished":"2025-05-25T15:42:09+00:00","breadcrumb":{"@id":"https:\/\/denizcankizil.tr\/uk\/haberler\/gundem\/ankara-buyuksehirden-kirsal-kalkinma-desteklerine-devam\/#breadcrumb"},"inLanguage":"en-GB","potentialAction":[{"@type":"ReadAction","target":["https:\/\/denizcankizil.tr\/uk\/haberler\/gundem\/ankara-buyuksehirden-kirsal-kalkinma-desteklerine-devam\/"]}]},{"@type":"BreadcrumbList","@id":"https:\/\/denizcankizil.tr\/uk\/haberler\/gundem\/ankara-buyuksehirden-kirsal-kalkinma-desteklerine-devam\/#breadcrumb","itemListElement":[{"@type":"ListItem","position":1,"name":"Home","item":"https:\/\/denizcankizil.tr\/de\/"},{"@type":"ListItem","position":2,"name":"Ankara B\u00fcy\u00fck\u015fehir&#8217;den k\u0131rsal kalk\u0131nma desteklerine devam"}]},{"@type":"WebSite","@id":"https:\/\/denizcankizil.tr\/de\/#website","url":"https:\/\/denizcankizil.tr\/de\/","name":"Av. Deniz Can K\u0131z\u0131l","description":"Avukat Deniz Can K\u0131z\u0131l Antalya Barosu","publisher":{"@id":"https:\/\/denizcankizil.tr\/de\/#organization"},"potentialAction":[{"@type":"SearchAction","target":{"@type":"EntryPoint","urlTemplate":"https:\/\/denizcankizil.tr\/de\/?s={search_term_string}"},"query-input":{"@type":"PropertyValueSpecification","valueRequired":true,"valueName":"search_term_string"}}],"inLanguage":"en-GB"},{"@type":"Organization","@id":"https:\/\/denizcankizil.tr\/de\/#organization","name":"Av. Deniz Can K\u0131z\u0131l","url":"https:\/\/denizcankizil.tr\/de\/","logo":{"@type":"ImageObject","inLanguage":"en-GB","@id":"https:\/\/denizcankizil.tr\/de\/#\/schema\/logo\/image\/","url":"https:\/\/denizcankizil.tr\/wp-content\/uploads\/2024\/10\/siyah-logo-svg.svg","contentUrl":"https:\/\/denizcankizil.tr\/wp-content\/uploads\/2024\/10\/siyah-logo-svg.svg","width":1080,"height":1080,"caption":"Av. Deniz Can K\u0131z\u0131l"},"image":{"@id":"https:\/\/denizcankizil.tr\/de\/#\/schema\/logo\/image\/"}},{"@type":"Person","@id":"https:\/\/denizcankizil.tr\/de\/#\/schema\/person\/be3c05fe6a12686905512445d8185489","name":"admin","image":{"@type":"ImageObject","inLanguage":"en-GB","@id":"https:\/\/denizcankizil.tr\/de\/#\/schema\/person\/image\/","url":"https:\/\/secure.gravatar.com\/avatar\/c1fce94c830dc79107e174f890d7210541c4a63e8e5d816341794a2151c9d58c?s=96&d=mm&r=g","contentUrl":"https:\/\/secure.gravatar.com\/avatar\/c1fce94c830dc79107e174f890d7210541c4a63e8e5d816341794a2151c9d58c?s=96&d=mm&r=g","caption":"admin"},"sameAs":["http:\/\/denizcankizil.tr"],"url":"https:\/\/www.iskenderun.org\/ankara-buyuksehirden-kirsal-kalkinma-desteklerine-devam"}]}},"_links":{"self":[{"href":"https:\/\/denizcankizil.tr\/en\/wp-json\/wp\/v2\/posts\/96510","targetHints":{"allow":["GET"]}}],"collection":[{"href":"https:\/\/denizcankizil.tr\/en\/wp-json\/wp\/v2\/posts"}],"about":[{"href":"https:\/\/denizcankizil.tr\/en\/wp-json\/wp\/v2\/types\/post"}],"author":[{"embeddable":true,"href":"https:\/\/denizcankizil.tr\/en\/wp-json\/wp\/v2\/users\/1"}],"replies":[{"embeddable":true,"href":"https:\/\/denizcankizil.tr\/en\/wp-json\/wp\/v2\/comments?post=96510"}],"version-history":[{"count":0,"href":"https:\/\/denizcankizil.tr\/en\/wp-json\/wp\/v2\/posts\/96510\/revisions"}],"wp:attachment":[{"href":"https:\/\/denizcankizil.tr\/en\/wp-json\/wp\/v2\/media?parent=96510"}],"wp:term":[{"taxonomy":"category","embeddable":true,"href":"https:\/\/denizcankizil.tr\/en\/wp-json\/wp\/v2\/categories?post=96510"},{"taxonomy":"post_tag","embeddable":true,"href":"https:\/\/denizcankizil.tr\/en\/wp-json\/wp\/v2\/tags?post=96510"}],"curies":[{"name":"wp","href":"https:\/\/api.w.org\/{rel}","templated":true}]}}