{"id":9590,"date":"2024-10-28T20:41:31","date_gmt":"2024-10-28T17:41:31","guid":{"rendered":"https:\/\/denizcankizil.tr\/uncategorized-tr\/genc-bir-oyuncu-ve-otoriter-bir-yonetmenin-hikayesi-ikinci-perdenin-basi-seyirciyle-bulusuyor\/"},"modified":"2024-10-28T20:41:31","modified_gmt":"2024-10-28T17:41:31","slug":"genc-bir-oyuncu-ve-otoriter-bir-yonetmenin-hikayesi-ikinci-perdenin-basi-seyirciyle-bulusuyor","status":"publish","type":"post","link":"https:\/\/denizcankizil.tr\/en\/haberler\/gundem\/genc-bir-oyuncu-ve-otoriter-bir-yonetmenin-hikayesi-ikinci-perdenin-basi-seyirciyle-bulusuyor\/","title":{"rendered":"Gen\u00e7 Bir Oyuncu ve Otoriter Bir Y\u00f6netmenin Hik\u00e2yesi &#8220;\u0130kinci Perdenin Ba\u015f\u0131&#8221; Seyirciyle Bulu\u015fuyor"},"content":{"rendered":"<p>\u0130stanbul B\u00fcy\u00fck\u015fehir Belediyesi \u015eehir Tiyatrolar\u0131 Alp Tu\u011fhan Ta\u015f\u2019\u0131n yaz\u0131p y\u00f6netti\u011fi \u201c\u0130kinci Perdenin Ba\u015f\u0131\u201d oyununu seyirciyle bulu\u015fturuyor. Oyun, 30 Ekim 2024 \u00c7ar\u015famba g\u00fcn\u00fc 20.30\u2019da M\u00fcze Gazhane Meydan Sahne\u2019de ilk g\u00f6sterimini yap\u0131yor.<\/p>\n<p>\u200b\u0130stanbul B\u00fcy\u00fck\u015fehir Belediyesi \u015eehir Tiyatrolar\u0131 Alp Tu\u011fhan Ta\u015f\u2019\u0131n yaz\u0131p y\u00f6netti\u011fi \u201c\u0130kinci Perdenin Ba\u015f\u0131\u201d oyununu seyirciyle bulu\u015fturuyor. Oyun, 30 Ekim 2024 \u00c7ar\u015famba g\u00fcn\u00fc 20.30\u2019da M\u00fcze Gazhane Meydan Sahne\u2019de ilk g\u00f6sterimini yap\u0131yor.\u00a0<\/p>\n<p>\u200bHaberin Al\u0131nt\u0131land\u0131\u011f\u0131 Kaynak: www.iskenderun.org<\/p>","protected":false},"excerpt":{"rendered":"<p>\u0130stanbul B\u00fcy\u00fck\u015fehir Belediyesi \u015eehir Tiyatrolar\u0131 Alp Tu\u011fhan Ta\u015f\u2019\u0131n yaz\u0131p y\u00f6netti\u011fi \u201c\u0130kinci Perdenin Ba\u015f\u0131\u201d oyununu seyirciyle bulu\u015fturuyor. Oyun, 30 Ekim 2024 \u00c7ar\u015famba g\u00fcn\u00fc 20.30\u2019da M\u00fcze Gazhane Meydan Sahne\u2019de ilk g\u00f6sterimini yap\u0131yor. \u200b\u0130stanbul B\u00fcy\u00fck\u015fehir Belediyesi \u015eehir Tiyatrolar\u0131 Alp Tu\u011fhan Ta\u015f\u2019\u0131n yaz\u0131p y\u00f6netti\u011fi \u201c\u0130kinci Perdenin Ba\u015f\u0131\u201d oyununu seyirciyle bulu\u015fturuyor. Oyun, 30 Ekim 2024 \u00c7ar\u015famba g\u00fcn\u00fc 20.30\u2019da M\u00fcze Gazhane Meydan Sahne\u2019de ilk g\u00f6sterimini yap\u0131yor.\u00a0 \u200bHaberin Al\u0131nt\u0131land\u0131\u011f\u0131 Kaynak: www.iskenderun.org<\/p>","protected":false},"author":0,"featured_media":0,"comment_status":"open","ping_status":"open","sticky":false,"template":"","format":"standard","meta":{"_acf_changed":false,"footnotes":""},"categories":[24,535],"tags":[],"class_list":["post-9590","post","type-post","status-publish","format-standard","has-post-thumbnail","hentry","category-gundem","category-uncategorized-tr"],"acf":[],"yoast_head":"<!-- This site is optimized with the Yoast SEO Premium plugin v26.6 (Yoast SEO v27.1.1) - https:\/\/yoast.com\/product\/yoast-seo-premium-wordpress\/ -->\n<title>Gen\u00e7 Bir Oyuncu ve Otoriter Bir Y\u00f6netmenin Hik\u00e2yesi &quot;\u0130kinci Perdenin Ba\u015f\u0131&quot; Seyirciyle Bulu\u015fuyor - Av. Deniz Can K\u0131z\u0131l<\/title>\n<meta name=\"robots\" content=\"index, follow, max-snippet:-1, max-image-preview:large, max-video-preview:-1\" \/>\n<link rel=\"canonical\" href=\"https:\/\/denizcankizil.tr\/en\/haberler\/gundem\/genc-bir-oyuncu-ve-otoriter-bir-yonetmenin-hikayesi-ikinci-perdenin-basi-seyirciyle-bulusuyor\/\" \/>\n<meta property=\"og:locale\" content=\"en_GB\" \/>\n<meta property=\"og:type\" content=\"article\" \/>\n<meta property=\"og:title\" content=\"Gen\u00e7 Bir Oyuncu ve Otoriter Bir Y\u00f6netmenin Hik\u00e2yesi &quot;\u0130kinci Perdenin Ba\u015f\u0131&quot; Seyirciyle Bulu\u015fuyor\" \/>\n<meta property=\"og:description\" content=\"\u0130stanbul B\u00fcy\u00fck\u015fehir Belediyesi \u015eehir Tiyatrolar\u0131 Alp Tu\u011fhan Ta\u015f\u2019\u0131n yaz\u0131p y\u00f6netti\u011fi \u201c\u0130kinci Perdenin Ba\u015f\u0131\u201d oyununu seyirciyle bulu\u015fturuyor. Oyun, 30 Ekim 2024 \u00c7ar\u015famba g\u00fcn\u00fc 20.30\u2019da M\u00fcze Gazhane Meydan Sahne\u2019de ilk g\u00f6sterimini yap\u0131yor. \u200b\u0130stanbul B\u00fcy\u00fck\u015fehir Belediyesi \u015eehir Tiyatrolar\u0131 Alp Tu\u011fhan Ta\u015f\u2019\u0131n yaz\u0131p y\u00f6netti\u011fi \u201c\u0130kinci Perdenin Ba\u015f\u0131\u201d oyununu seyirciyle bulu\u015fturuyor. Oyun, 30 Ekim 2024 \u00c7ar\u015famba g\u00fcn\u00fc 20.30\u2019da M\u00fcze Gazhane Meydan Sahne\u2019de ilk g\u00f6sterimini yap\u0131yor.\u00a0 \u200bHaberin Al\u0131nt\u0131land\u0131\u011f\u0131 Kaynak: www.iskenderun.org\" \/>\n<meta property=\"og:url\" content=\"https:\/\/denizcankizil.tr\/en\/haberler\/gundem\/genc-bir-oyuncu-ve-otoriter-bir-yonetmenin-hikayesi-ikinci-perdenin-basi-seyirciyle-bulusuyor\/\" \/>\n<meta property=\"og:site_name\" content=\"Av. Deniz Can K\u0131z\u0131l\" \/>\n<meta property=\"article:published_time\" content=\"2024-10-28T17:41:31+00:00\" \/>\n<meta name=\"twitter:card\" content=\"summary_large_image\" \/>\n<script type=\"application\/ld+json\" class=\"yoast-schema-graph\">{\"@context\":\"https:\/\/schema.org\",\"@graph\":[{\"@type\":\"Article\",\"@id\":\"https:\/\/denizcankizil.tr\/en\/haberler\/gundem\/genc-bir-oyuncu-ve-otoriter-bir-yonetmenin-hikayesi-ikinci-perdenin-basi-seyirciyle-bulusuyor\/#article\",\"isPartOf\":{\"@id\":\"https:\/\/denizcankizil.tr\/en\/haberler\/gundem\/genc-bir-oyuncu-ve-otoriter-bir-yonetmenin-hikayesi-ikinci-perdenin-basi-seyirciyle-bulusuyor\/\"},\"author\":{\"name\":\"\",\"@id\":\"\"},\"headline\":\"Gen\u00e7 Bir Oyuncu ve Otoriter Bir Y\u00f6netmenin Hik\u00e2yesi &#8220;\u0130kinci Perdenin Ba\u015f\u0131&#8221; Seyirciyle Bulu\u015fuyor\",\"datePublished\":\"2024-10-28T17:41:31+00:00\",\"mainEntityOfPage\":{\"@id\":\"https:\/\/denizcankizil.tr\/en\/haberler\/gundem\/genc-bir-oyuncu-ve-otoriter-bir-yonetmenin-hikayesi-ikinci-perdenin-basi-seyirciyle-bulusuyor\/\"},\"wordCount\":110,\"commentCount\":0,\"publisher\":{\"@id\":\"https:\/\/denizcankizil.tr\/de\/#organization\"},\"articleSection\":[\"G\u00fcndem\",\"Uncategorized\"],\"inLanguage\":\"en-GB\",\"potentialAction\":[{\"@type\":\"CommentAction\",\"name\":\"Comment\",\"target\":[\"https:\/\/denizcankizil.tr\/en\/haberler\/gundem\/genc-bir-oyuncu-ve-otoriter-bir-yonetmenin-hikayesi-ikinci-perdenin-basi-seyirciyle-bulusuyor\/#respond\"]}]},{\"@type\":\"WebPage\",\"@id\":\"https:\/\/denizcankizil.tr\/en\/haberler\/gundem\/genc-bir-oyuncu-ve-otoriter-bir-yonetmenin-hikayesi-ikinci-perdenin-basi-seyirciyle-bulusuyor\/\",\"url\":\"https:\/\/denizcankizil.tr\/en\/haberler\/gundem\/genc-bir-oyuncu-ve-otoriter-bir-yonetmenin-hikayesi-ikinci-perdenin-basi-seyirciyle-bulusuyor\/\",\"name\":\"Gen\u00e7 Bir Oyuncu ve Otoriter Bir Y\u00f6netmenin Hik\u00e2yesi \\\"\u0130kinci Perdenin Ba\u015f\u0131\\\" Seyirciyle Bulu\u015fuyor - Av. Deniz Can K\u0131z\u0131l\",\"isPartOf\":{\"@id\":\"https:\/\/denizcankizil.tr\/de\/#website\"},\"datePublished\":\"2024-10-28T17:41:31+00:00\",\"breadcrumb\":{\"@id\":\"https:\/\/denizcankizil.tr\/en\/haberler\/gundem\/genc-bir-oyuncu-ve-otoriter-bir-yonetmenin-hikayesi-ikinci-perdenin-basi-seyirciyle-bulusuyor\/#breadcrumb\"},\"inLanguage\":\"en-GB\",\"potentialAction\":[{\"@type\":\"ReadAction\",\"target\":[\"https:\/\/denizcankizil.tr\/en\/haberler\/gundem\/genc-bir-oyuncu-ve-otoriter-bir-yonetmenin-hikayesi-ikinci-perdenin-basi-seyirciyle-bulusuyor\/\"]}]},{\"@type\":\"BreadcrumbList\",\"@id\":\"https:\/\/denizcankizil.tr\/en\/haberler\/gundem\/genc-bir-oyuncu-ve-otoriter-bir-yonetmenin-hikayesi-ikinci-perdenin-basi-seyirciyle-bulusuyor\/#breadcrumb\",\"itemListElement\":[{\"@type\":\"ListItem\",\"position\":1,\"name\":\"Home\",\"item\":\"https:\/\/denizcankizil.tr\/de\/\"},{\"@type\":\"ListItem\",\"position\":2,\"name\":\"Gen\u00e7 Bir Oyuncu ve Otoriter Bir Y\u00f6netmenin Hik\u00e2yesi &#8220;\u0130kinci Perdenin Ba\u015f\u0131&#8221; Seyirciyle Bulu\u015fuyor\"}]},{\"@type\":\"WebSite\",\"@id\":\"https:\/\/denizcankizil.tr\/de\/#website\",\"url\":\"https:\/\/denizcankizil.tr\/de\/\",\"name\":\"Av. Deniz Can K\u0131z\u0131l\",\"description\":\"Avukat Deniz Can K\u0131z\u0131l Antalya Barosu\",\"publisher\":{\"@id\":\"https:\/\/denizcankizil.tr\/de\/#organization\"},\"potentialAction\":[{\"@type\":\"SearchAction\",\"target\":{\"@type\":\"EntryPoint\",\"urlTemplate\":\"https:\/\/denizcankizil.tr\/de\/?s={search_term_string}\"},\"query-input\":{\"@type\":\"PropertyValueSpecification\",\"valueRequired\":true,\"valueName\":\"search_term_string\"}}],\"inLanguage\":\"en-GB\"},{\"@type\":\"Organization\",\"@id\":\"https:\/\/denizcankizil.tr\/de\/#organization\",\"name\":\"Av. Deniz Can K\u0131z\u0131l\",\"url\":\"https:\/\/denizcankizil.tr\/de\/\",\"logo\":{\"@type\":\"ImageObject\",\"inLanguage\":\"en-GB\",\"@id\":\"https:\/\/denizcankizil.tr\/de\/#\/schema\/logo\/image\/\",\"url\":\"https:\/\/denizcankizil.tr\/wp-content\/uploads\/2024\/10\/siyah-logo-svg.svg\",\"contentUrl\":\"https:\/\/denizcankizil.tr\/wp-content\/uploads\/2024\/10\/siyah-logo-svg.svg\",\"width\":1080,\"height\":1080,\"caption\":\"Av. Deniz Can K\u0131z\u0131l\"},\"image\":{\"@id\":\"https:\/\/denizcankizil.tr\/de\/#\/schema\/logo\/image\/\"}}]}<\/script>\n<!-- \/ Yoast SEO Premium plugin. -->","yoast_head_json":{"title":"Gen\u00e7 Bir Oyuncu ve Otoriter Bir Y\u00f6netmenin Hik\u00e2yesi \"\u0130kinci Perdenin Ba\u015f\u0131\" Seyirciyle Bulu\u015fuyor - Av. Deniz Can K\u0131z\u0131l","robots":{"index":"index","follow":"follow","max-snippet":"max-snippet:-1","max-image-preview":"max-image-preview:large","max-video-preview":"max-video-preview:-1"},"canonical":"https:\/\/denizcankizil.tr\/en\/haberler\/gundem\/genc-bir-oyuncu-ve-otoriter-bir-yonetmenin-hikayesi-ikinci-perdenin-basi-seyirciyle-bulusuyor\/","og_locale":"en_GB","og_type":"article","og_title":"Gen\u00e7 Bir Oyuncu ve Otoriter Bir Y\u00f6netmenin Hik\u00e2yesi \"\u0130kinci Perdenin Ba\u015f\u0131\" Seyirciyle Bulu\u015fuyor","og_description":"\u0130stanbul B\u00fcy\u00fck\u015fehir Belediyesi \u015eehir Tiyatrolar\u0131 Alp Tu\u011fhan Ta\u015f\u2019\u0131n yaz\u0131p y\u00f6netti\u011fi \u201c\u0130kinci Perdenin Ba\u015f\u0131\u201d oyununu seyirciyle bulu\u015fturuyor. Oyun, 30 Ekim 2024 \u00c7ar\u015famba g\u00fcn\u00fc 20.30\u2019da M\u00fcze Gazhane Meydan Sahne\u2019de ilk g\u00f6sterimini yap\u0131yor. \u200b\u0130stanbul B\u00fcy\u00fck\u015fehir Belediyesi \u015eehir Tiyatrolar\u0131 Alp Tu\u011fhan Ta\u015f\u2019\u0131n yaz\u0131p y\u00f6netti\u011fi \u201c\u0130kinci Perdenin Ba\u015f\u0131\u201d oyununu seyirciyle bulu\u015fturuyor. Oyun, 30 Ekim 2024 \u00c7ar\u015famba g\u00fcn\u00fc 20.30\u2019da M\u00fcze Gazhane Meydan Sahne\u2019de ilk g\u00f6sterimini yap\u0131yor.\u00a0 \u200bHaberin Al\u0131nt\u0131land\u0131\u011f\u0131 Kaynak: www.iskenderun.org","og_url":"https:\/\/denizcankizil.tr\/en\/haberler\/gundem\/genc-bir-oyuncu-ve-otoriter-bir-yonetmenin-hikayesi-ikinci-perdenin-basi-seyirciyle-bulusuyor\/","og_site_name":"Av. Deniz Can K\u0131z\u0131l","article_published_time":"2024-10-28T17:41:31+00:00","twitter_card":"summary_large_image","schema":{"@context":"https:\/\/schema.org","@graph":[{"@type":"Article","@id":"https:\/\/denizcankizil.tr\/en\/haberler\/gundem\/genc-bir-oyuncu-ve-otoriter-bir-yonetmenin-hikayesi-ikinci-perdenin-basi-seyirciyle-bulusuyor\/#article","isPartOf":{"@id":"https:\/\/denizcankizil.tr\/en\/haberler\/gundem\/genc-bir-oyuncu-ve-otoriter-bir-yonetmenin-hikayesi-ikinci-perdenin-basi-seyirciyle-bulusuyor\/"},"author":{"name":"","@id":""},"headline":"Gen\u00e7 Bir Oyuncu ve Otoriter Bir Y\u00f6netmenin Hik\u00e2yesi &#8220;\u0130kinci Perdenin Ba\u015f\u0131&#8221; Seyirciyle Bulu\u015fuyor","datePublished":"2024-10-28T17:41:31+00:00","mainEntityOfPage":{"@id":"https:\/\/denizcankizil.tr\/en\/haberler\/gundem\/genc-bir-oyuncu-ve-otoriter-bir-yonetmenin-hikayesi-ikinci-perdenin-basi-seyirciyle-bulusuyor\/"},"wordCount":110,"commentCount":0,"publisher":{"@id":"https:\/\/denizcankizil.tr\/de\/#organization"},"articleSection":["G\u00fcndem","Uncategorized"],"inLanguage":"en-GB","potentialAction":[{"@type":"CommentAction","name":"Comment","target":["https:\/\/denizcankizil.tr\/en\/haberler\/gundem\/genc-bir-oyuncu-ve-otoriter-bir-yonetmenin-hikayesi-ikinci-perdenin-basi-seyirciyle-bulusuyor\/#respond"]}]},{"@type":"WebPage","@id":"https:\/\/denizcankizil.tr\/en\/haberler\/gundem\/genc-bir-oyuncu-ve-otoriter-bir-yonetmenin-hikayesi-ikinci-perdenin-basi-seyirciyle-bulusuyor\/","url":"https:\/\/denizcankizil.tr\/en\/haberler\/gundem\/genc-bir-oyuncu-ve-otoriter-bir-yonetmenin-hikayesi-ikinci-perdenin-basi-seyirciyle-bulusuyor\/","name":"Gen\u00e7 Bir Oyuncu ve Otoriter Bir Y\u00f6netmenin Hik\u00e2yesi \"\u0130kinci Perdenin Ba\u015f\u0131\" Seyirciyle Bulu\u015fuyor - Av. Deniz Can K\u0131z\u0131l","isPartOf":{"@id":"https:\/\/denizcankizil.tr\/de\/#website"},"datePublished":"2024-10-28T17:41:31+00:00","breadcrumb":{"@id":"https:\/\/denizcankizil.tr\/en\/haberler\/gundem\/genc-bir-oyuncu-ve-otoriter-bir-yonetmenin-hikayesi-ikinci-perdenin-basi-seyirciyle-bulusuyor\/#breadcrumb"},"inLanguage":"en-GB","potentialAction":[{"@type":"ReadAction","target":["https:\/\/denizcankizil.tr\/en\/haberler\/gundem\/genc-bir-oyuncu-ve-otoriter-bir-yonetmenin-hikayesi-ikinci-perdenin-basi-seyirciyle-bulusuyor\/"]}]},{"@type":"BreadcrumbList","@id":"https:\/\/denizcankizil.tr\/en\/haberler\/gundem\/genc-bir-oyuncu-ve-otoriter-bir-yonetmenin-hikayesi-ikinci-perdenin-basi-seyirciyle-bulusuyor\/#breadcrumb","itemListElement":[{"@type":"ListItem","position":1,"name":"Home","item":"https:\/\/denizcankizil.tr\/de\/"},{"@type":"ListItem","position":2,"name":"Gen\u00e7 Bir Oyuncu ve Otoriter Bir Y\u00f6netmenin Hik\u00e2yesi &#8220;\u0130kinci Perdenin Ba\u015f\u0131&#8221; Seyirciyle Bulu\u015fuyor"}]},{"@type":"WebSite","@id":"https:\/\/denizcankizil.tr\/de\/#website","url":"https:\/\/denizcankizil.tr\/de\/","name":"Av. Deniz Can K\u0131z\u0131l","description":"Avukat Deniz Can K\u0131z\u0131l Antalya Barosu","publisher":{"@id":"https:\/\/denizcankizil.tr\/de\/#organization"},"potentialAction":[{"@type":"SearchAction","target":{"@type":"EntryPoint","urlTemplate":"https:\/\/denizcankizil.tr\/de\/?s={search_term_string}"},"query-input":{"@type":"PropertyValueSpecification","valueRequired":true,"valueName":"search_term_string"}}],"inLanguage":"en-GB"},{"@type":"Organization","@id":"https:\/\/denizcankizil.tr\/de\/#organization","name":"Av. Deniz Can K\u0131z\u0131l","url":"https:\/\/denizcankizil.tr\/de\/","logo":{"@type":"ImageObject","inLanguage":"en-GB","@id":"https:\/\/denizcankizil.tr\/de\/#\/schema\/logo\/image\/","url":"https:\/\/denizcankizil.tr\/wp-content\/uploads\/2024\/10\/siyah-logo-svg.svg","contentUrl":"https:\/\/denizcankizil.tr\/wp-content\/uploads\/2024\/10\/siyah-logo-svg.svg","width":1080,"height":1080,"caption":"Av. Deniz Can K\u0131z\u0131l"},"image":{"@id":"https:\/\/denizcankizil.tr\/de\/#\/schema\/logo\/image\/"}}]}},"_links":{"self":[{"href":"https:\/\/denizcankizil.tr\/en\/wp-json\/wp\/v2\/posts\/9590","targetHints":{"allow":["GET"]}}],"collection":[{"href":"https:\/\/denizcankizil.tr\/en\/wp-json\/wp\/v2\/posts"}],"about":[{"href":"https:\/\/denizcankizil.tr\/en\/wp-json\/wp\/v2\/types\/post"}],"replies":[{"embeddable":true,"href":"https:\/\/denizcankizil.tr\/en\/wp-json\/wp\/v2\/comments?post=9590"}],"version-history":[{"count":0,"href":"https:\/\/denizcankizil.tr\/en\/wp-json\/wp\/v2\/posts\/9590\/revisions"}],"wp:attachment":[{"href":"https:\/\/denizcankizil.tr\/en\/wp-json\/wp\/v2\/media?parent=9590"}],"wp:term":[{"taxonomy":"category","embeddable":true,"href":"https:\/\/denizcankizil.tr\/en\/wp-json\/wp\/v2\/categories?post=9590"},{"taxonomy":"post_tag","embeddable":true,"href":"https:\/\/denizcankizil.tr\/en\/wp-json\/wp\/v2\/tags?post=9590"}],"curies":[{"name":"wp","href":"https:\/\/api.w.org\/{rel}","templated":true}]}}